{"id":99310,"date":"2024-06-11T13:49:40","date_gmt":"2024-06-11T11:49:40","guid":{"rendered":"https:\/\/www.immo-invest.ch\/?p=99310"},"modified":"2024-06-14T09:27:36","modified_gmt":"2024-06-14T07:27:36","slug":"silas-schneider-uebernimmt-operative-leitung","status":"publish","type":"post","link":"https:\/\/www.immo-invest.ch\/it\/silas-schneider-uebernimmt-operative-leitung\/","title":{"rendered":"Silas Schneider assume la direzione operativa"},"content":{"rendered":"<p class=\"wp-block-paragraph\">Silas Schneider assumer&agrave; la sua nuova posizione il 1&deg; gennaio 2025, entrando in ABS il 1&deg; ottobre 2024. Il signor Schneider porta con s&eacute; una vasta esperienza derivante dal suo precedente ruolo di CEO di abonax, dove ha svolto un ruolo chiave nella creazione e nello sviluppo di successo dell&rsquo;azienda per un periodo di sei anni.<\/p>\n\n\n\n<p class=\"wp-block-paragraph\">&ldquo;Siamo convinti che Silas Schneider, con la sua esperienza e la sua competenza, guider&agrave; l&rsquo;azienda verso un futuro di successo e siamo ansiosi di lavorare con lui in futuro&rdquo;, ha commentato Daniel Senn, Presidente del Consiglio di Amministrazione di Abacus.<\/p>\n\n\n\n<p class=\"wp-block-paragraph\">Con il cambio al vertice, Abacus Business Solutions AG lancia un forte segnale a favore della continuit&agrave; e della crescita. La transizione sar&agrave; pianificata ed eseguita con cura, per garantire una continuazione senza problemi dell&rsquo;attivit&agrave; dell&rsquo;azienda e per affrontare con successo le sfide future.<\/p>\n","protected":false},"excerpt":{"rendered":"<p>Alla fine del 2024, la direzione operativa di Abacus Business Solutions AG passer\u00e0 a nuove mani. Marcel Kupferschmied, il CEO di lunga data, passer\u00e0 il suo ruolo a Silas Schneider. Nonostante il cambio di leadership, Kupferschmied rimarr\u00e0 con ABS e continuer\u00e0 a contribuire con la sua esperienza e competenza come delegato del consiglio di amministrazione a partire dal 2025. Il team di gestione sar\u00e0 completato da Nadine Frauenfelder-Winkler, Robin Kropf e Roman P\u00f6llinger, che continueranno a svolgere i loro compiti.<\/p>\n","protected":false},"author":2,"featured_media":99305,"comment_status":"open","ping_status":"open","sticky":false,"template":"","format":"standard","meta":{"pmpro_default_level":"","inline_featured_image":false,"_monsterinsights_skip_tracking":false,"footnotes":""},"categories":[4465],"tags":[1821,47399,11225,16964,2778],"class_list":["post-99310","post","type-post","status-publish","format-standard","has-post-thumbnail","hentry","category-persone","tag-entwicklung-it","tag-fuehrungspitze-it","tag-herausforderung-it","tag-leitung-it","tag-unternehmen-it","pmpro-has-access"],"acf":{"bild_mit_ki_erstellt_worden":[],"lead":"Alla fine del 2024, la direzione operativa di Abacus Business Solutions AG passer\u00e0 a nuove mani. Marcel Kupferschmied, il CEO di lunga data, passer\u00e0 il suo ruolo a Silas Schneider. Nonostante il cambio di leadership, Kupferschmied rimarr\u00e0 con ABS e continuer\u00e0 a contribuire con la sua esperienza e competenza come delegato del consiglio di amministrazione a partire dal 2025. Il team di gestione sar\u00e0 completato da Nadine Frauenfelder-Winkler, Robin Kropf e Roman P\u00f6llinger, che continueranno a svolgere i loro compiti.","autor":"Quelle: Abacus","ort":"","bildunterschrift":"","bild_im_grid":false,"gallerie":"","newsim":""},"aioseo_notices":[],"aioseo_head":"\n\t\t<!-- All in One SEO 5.0.0.1 - aioseo.com -->\n\t<meta name=\"description\" content=\"Alla fine del 2024, la direzione operativa di Abacus Business Solutions AG passer\u00e0 a nuove mani. Marcel Kupferschmied, il CEO di lunga data, passer\u00e0 il suo ruolo a Silas Schneider. Nonostante il cambio di leadership, Kupferschmied rimarr\u00e0 con ABS e continuer\u00e0 a contribuire con la sua esperienza e competenza come delegato del consiglio di amministrazione a partire dal 2025. Il team di gestione sar\u00e0 completato da Nadine Frauenfelder-Winkler, Robin Kropf e Roman P\u00f6llinger, che continueranno a svolgere i loro compiti.\" \/>\n\t<meta name=\"robots\" content=\"max-image-preview:large\" \/>\n\t<meta name=\"author\" content=\"immovestuser\"\/>\n\t<meta name=\"google-site-verification\" content=\"fHJKvgWpZCR2zVBHWfkQeFXC11qieUSff0HGNYfuyLA\" \/>\n\t<link rel=\"canonical\" href=\"https:\/\/www.immo-invest.ch\/it\/silas-schneider-uebernimmt-operative-leitung\/\" \/>\n\t<meta name=\"generator\" content=\"All in One SEO (AIOSEO) 5.0.0.1\" \/>\n\t\t<meta property=\"og:locale\" content=\"it_IT\" \/>\n\t\t<meta property=\"og:site_name\" content=\"immo!nvest - Die Plattform f\u00fcr Standorte und Immobilien - Die\u00a0Plattform f\u00fcr Standorte und Immobilien\" \/>\n\t\t<meta property=\"og:type\" content=\"article\" \/>\n\t\t<meta property=\"og:title\" content=\"Silas Schneider assume la direzione operativa - immo!nvest - Die Plattform f\u00fcr Standorte und Immobilien\" \/>\n\t\t<meta property=\"og:description\" content=\"Alla fine del 2024, la direzione operativa di Abacus Business Solutions AG passer\u00e0 a nuove mani. Marcel Kupferschmied, il CEO di lunga data, passer\u00e0 il suo ruolo a Silas Schneider. Nonostante il cambio di leadership, Kupferschmied rimarr\u00e0 con ABS e continuer\u00e0 a contribuire con la sua esperienza e competenza come delegato del consiglio di amministrazione a partire dal 2025. Il team di gestione sar\u00e0 completato da Nadine Frauenfelder-Winkler, Robin Kropf e Roman P\u00f6llinger, che continueranno a svolgere i loro compiti.\" \/>\n\t\t<meta property=\"og:url\" content=\"https:\/\/www.immo-invest.ch\/it\/silas-schneider-uebernimmt-operative-leitung\/\" \/>\n\t\t<meta property=\"og:image\" content=\"https:\/\/www.immo-invest.ch\/wp-content\/uploads\/2024\/06\/24-06-04_NachfolgeABS_DE.jpg\" \/>\n\t\t<meta property=\"og:image:secure_url\" content=\"https:\/\/www.immo-invest.ch\/wp-content\/uploads\/2024\/06\/24-06-04_NachfolgeABS_DE.jpg\" \/>\n\t\t<meta property=\"og:image:width\" content=\"623\" \/>\n\t\t<meta property=\"og:image:height\" content=\"414\" \/>\n\t\t<meta property=\"article:published_time\" content=\"2024-06-11T11:49:40+00:00\" \/>\n\t\t<meta property=\"article:modified_time\" content=\"2024-06-14T07:27:36+00:00\" \/>\n\t\t<meta property=\"article:publisher\" content=\"https:\/\/www.facebook.com\/people\/Immoinvest\/100077962920504\/\" \/>\n\t\t<meta name=\"twitter:card\" content=\"summary_large_image\" \/>\n\t\t<meta name=\"twitter:site\" content=\"@i\" \/>\n\t\t<meta name=\"twitter:title\" content=\"Silas Schneider assume la direzione operativa - immo!nvest - Die Plattform f\u00fcr Standorte und Immobilien\" \/>\n\t\t<meta name=\"twitter:description\" content=\"Alla fine del 2024, la direzione operativa di Abacus Business Solutions AG passer\u00e0 a nuove mani. Marcel Kupferschmied, il CEO di lunga data, passer\u00e0 il suo ruolo a Silas Schneider. Nonostante il cambio di leadership, Kupferschmied rimarr\u00e0 con ABS e continuer\u00e0 a contribuire con la sua esperienza e competenza come delegato del consiglio di amministrazione a partire dal 2025. Il team di gestione sar\u00e0 completato da Nadine Frauenfelder-Winkler, Robin Kropf e Roman P\u00f6llinger, che continueranno a svolgere i loro compiti.\" \/>\n\t\t<meta name=\"twitter:creator\" content=\"@i\" \/>\n\t\t<meta name=\"twitter:image\" content=\"https:\/\/www.immo-invest.ch\/wp-content\/uploads\/2024\/06\/24-06-04_NachfolgeABS_DE.jpg\" \/>\n\t\t<script type=\"application\/ld+json\" class=\"aioseo-schema\">\n\t\t\t{\"@context\":\"https:\\\/\\\/schema.org\",\"@graph\":[{\"@type\":\"BlogPosting\",\"@id\":\"https:\\\/\\\/www.immo-invest.ch\\\/it\\\/silas-schneider-uebernimmt-operative-leitung\\\/#blogposting\",\"name\":\"Silas Schneider assume la direzione operativa - immo!nvest - Die Plattform f\\u00fcr Standorte und Immobilien\",\"headline\":\"Silas Schneider assume la direzione operativa\",\"author\":{\"@id\":\"https:\\\/\\\/www.immo-invest.ch\\\/it\\\/author\\\/immovestuser\\\/#author\"},\"publisher\":{\"@id\":\"https:\\\/\\\/www.immo-invest.ch\\\/it\\\/#organization\"},\"image\":{\"@type\":\"ImageObject\",\"url\":\"https:\\\/\\\/www.immo-invest.ch\\\/wp-content\\\/uploads\\\/2024\\\/06\\\/24-06-04_NachfolgeABS_DE.jpg\",\"width\":623,\"height\":414},\"datePublished\":\"2024-06-11T13:49:40+02:00\",\"dateModified\":\"2024-06-14T09:27:36+02:00\",\"inLanguage\":\"it-IT\",\"mainEntityOfPage\":{\"@id\":\"https:\\\/\\\/www.immo-invest.ch\\\/it\\\/silas-schneider-uebernimmt-operative-leitung\\\/#webpage\"},\"isPartOf\":{\"@id\":\"https:\\\/\\\/www.immo-invest.ch\\\/it\\\/silas-schneider-uebernimmt-operative-leitung\\\/#webpage\"},\"articleSection\":\"Persone, Entwicklung, F\\u00fchrungspitze, Herausforderung, Leitung, Unternehmen, Optional\"},{\"@type\":\"BreadcrumbList\",\"@id\":\"https:\\\/\\\/www.immo-invest.ch\\\/it\\\/silas-schneider-uebernimmt-operative-leitung\\\/#breadcrumblist\",\"itemListElement\":[{\"@type\":\"ListItem\",\"@id\":\"https:\\\/\\\/www.immo-invest.ch\\\/it\\\/#listItem\",\"position\":1,\"name\":\"Home\",\"item\":\"https:\\\/\\\/www.immo-invest.ch\\\/it\\\/\",\"nextItem\":{\"@type\":\"ListItem\",\"@id\":\"https:\\\/\\\/www.immo-invest.ch\\\/it\\\/categoria\\\/persone-2\\\/#listItem\",\"name\":\"Persone\"}},{\"@type\":\"ListItem\",\"@id\":\"https:\\\/\\\/www.immo-invest.ch\\\/it\\\/categoria\\\/persone-2\\\/#listItem\",\"position\":2,\"name\":\"Persone\",\"item\":\"https:\\\/\\\/www.immo-invest.ch\\\/it\\\/categoria\\\/persone-2\\\/\",\"nextItem\":{\"@type\":\"ListItem\",\"@id\":\"https:\\\/\\\/www.immo-invest.ch\\\/it\\\/categoria\\\/persone-2\\\/persone\\\/#listItem\",\"name\":\"Persone\"},\"previousItem\":{\"@type\":\"ListItem\",\"@id\":\"https:\\\/\\\/www.immo-invest.ch\\\/it\\\/#listItem\",\"name\":\"Home\"}},{\"@type\":\"ListItem\",\"@id\":\"https:\\\/\\\/www.immo-invest.ch\\\/it\\\/categoria\\\/persone-2\\\/persone\\\/#listItem\",\"position\":3,\"name\":\"Persone\",\"item\":\"https:\\\/\\\/www.immo-invest.ch\\\/it\\\/categoria\\\/persone-2\\\/persone\\\/\",\"nextItem\":{\"@type\":\"ListItem\",\"@id\":\"https:\\\/\\\/www.immo-invest.ch\\\/it\\\/silas-schneider-uebernimmt-operative-leitung\\\/#listItem\",\"name\":\"Silas Schneider assume la direzione operativa\"},\"previousItem\":{\"@type\":\"ListItem\",\"@id\":\"https:\\\/\\\/www.immo-invest.ch\\\/it\\\/categoria\\\/persone-2\\\/#listItem\",\"name\":\"Persone\"}},{\"@type\":\"ListItem\",\"@id\":\"https:\\\/\\\/www.immo-invest.ch\\\/it\\\/silas-schneider-uebernimmt-operative-leitung\\\/#listItem\",\"position\":4,\"name\":\"Silas Schneider assume la direzione operativa\",\"previousItem\":{\"@type\":\"ListItem\",\"@id\":\"https:\\\/\\\/www.immo-invest.ch\\\/it\\\/categoria\\\/persone-2\\\/persone\\\/#listItem\",\"name\":\"Persone\"}}]},{\"@type\":\"Organization\",\"@id\":\"https:\\\/\\\/www.immo-invest.ch\\\/it\\\/#organization\",\"name\":\"immo!nvest - Die Plattform f\\u00fcr Standorte und Immobilien\",\"description\":\"Die\\u00a0Plattform f\\u00fcr Standorte und Immobilien\",\"url\":\"https:\\\/\\\/www.immo-invest.ch\\\/it\\\/\",\"email\":\"admin@immomedia.ag\",\"telephone\":\"+41444420002\",\"logo\":{\"@type\":\"ImageObject\",\"url\":\"https:\\\/\\\/www.immo-invest.ch\\\/wp-content\\\/uploads\\\/2024\\\/09\\\/immoinvest_sm-scaled.jpg\",\"@id\":\"https:\\\/\\\/www.immo-invest.ch\\\/it\\\/silas-schneider-uebernimmt-operative-leitung\\\/#organizationLogo\",\"width\":2560,\"height\":1340},\"image\":{\"@id\":\"https:\\\/\\\/www.immo-invest.ch\\\/it\\\/silas-schneider-uebernimmt-operative-leitung\\\/#organizationLogo\"},\"sameAs\":[\"https:\\\/\\\/www.facebook.com\\\/people\\\/Immoinvest\\\/100077962920504\\\/\",\"https:\\\/\\\/x.com\\\/i\\\/flow\\\/login?redirect_after_login=immoinvest_ch\",\"https:\\\/\\\/www.instagram.com\\\/immoinvest_ch\\\/\",\"https:\\\/\\\/www.linkedin.com\\\/company\\\/immoinvest-swiss\"]},{\"@type\":\"Person\",\"@id\":\"https:\\\/\\\/www.immo-invest.ch\\\/it\\\/author\\\/immovestuser\\\/#author\",\"url\":\"https:\\\/\\\/www.immo-invest.ch\\\/it\\\/author\\\/immovestuser\\\/\",\"name\":\"immovestuser\",\"image\":{\"@type\":\"ImageObject\",\"@id\":\"https:\\\/\\\/www.immo-invest.ch\\\/it\\\/silas-schneider-uebernimmt-operative-leitung\\\/#authorImage\",\"url\":\"https:\\\/\\\/secure.gravatar.com\\\/avatar\\\/8e01f4d99f2eeea7a362ebb93305e1172a70e9293ba250f897a65c39f54cdd1e?s=96&d=mm&r=g\",\"width\":96,\"height\":96,\"caption\":\"immovestuser\"}},{\"@type\":\"WebPage\",\"@id\":\"https:\\\/\\\/www.immo-invest.ch\\\/it\\\/silas-schneider-uebernimmt-operative-leitung\\\/#webpage\",\"url\":\"https:\\\/\\\/www.immo-invest.ch\\\/it\\\/silas-schneider-uebernimmt-operative-leitung\\\/\",\"name\":\"Silas Schneider assume la direzione operativa - immo!nvest - Die Plattform f\\u00fcr Standorte und Immobilien\",\"description\":\"Alla fine del 2024, la direzione operativa di Abacus Business Solutions AG passer\\u00e0 a nuove mani. Marcel Kupferschmied, il CEO di lunga data, passer\\u00e0 il suo ruolo a Silas Schneider. Nonostante il cambio di leadership, Kupferschmied rimarr\\u00e0 con ABS e continuer\\u00e0 a contribuire con la sua esperienza e competenza come delegato del consiglio di amministrazione a partire dal 2025. Il team di gestione sar\\u00e0 completato da Nadine Frauenfelder-Winkler, Robin Kropf e Roman P\\u00f6llinger, che continueranno a svolgere i loro compiti.\",\"inLanguage\":\"it-IT\",\"isPartOf\":{\"@id\":\"https:\\\/\\\/www.immo-invest.ch\\\/it\\\/#website\"},\"breadcrumb\":{\"@id\":\"https:\\\/\\\/www.immo-invest.ch\\\/it\\\/silas-schneider-uebernimmt-operative-leitung\\\/#breadcrumblist\"},\"author\":{\"@id\":\"https:\\\/\\\/www.immo-invest.ch\\\/it\\\/author\\\/immovestuser\\\/#author\"},\"creator\":{\"@id\":\"https:\\\/\\\/www.immo-invest.ch\\\/it\\\/author\\\/immovestuser\\\/#author\"},\"image\":{\"@type\":\"ImageObject\",\"url\":\"https:\\\/\\\/www.immo-invest.ch\\\/wp-content\\\/uploads\\\/2024\\\/06\\\/24-06-04_NachfolgeABS_DE.jpg\",\"@id\":\"https:\\\/\\\/www.immo-invest.ch\\\/it\\\/silas-schneider-uebernimmt-operative-leitung\\\/#mainImage\",\"width\":623,\"height\":414},\"primaryImageOfPage\":{\"@id\":\"https:\\\/\\\/www.immo-invest.ch\\\/it\\\/silas-schneider-uebernimmt-operative-leitung\\\/#mainImage\"},\"datePublished\":\"2024-06-11T13:49:40+02:00\",\"dateModified\":\"2024-06-14T09:27:36+02:00\"},{\"@type\":\"WebSite\",\"@id\":\"https:\\\/\\\/www.immo-invest.ch\\\/it\\\/#website\",\"url\":\"https:\\\/\\\/www.immo-invest.ch\\\/it\\\/\",\"name\":\"immo!nvest - Die Plattform f\\u00fcr Standorte und Immobilien\",\"description\":\"Die\\u00a0Plattform f\\u00fcr Standorte und Immobilien\",\"inLanguage\":\"it-IT\",\"publisher\":{\"@id\":\"https:\\\/\\\/www.immo-invest.ch\\\/it\\\/#organization\"}}]}\n\t\t<\/script>\n\t\t<!-- All in One SEO -->\n\n","aioseo_head_json":{"title":"Silas Schneider assume la direzione operativa - immo!nvest - Die Plattform f\u00fcr Standorte und Immobilien","description":"Alla fine del 2024, la direzione operativa di Abacus Business Solutions AG passer\u00e0 a nuove mani. Marcel Kupferschmied, il CEO di lunga data, passer\u00e0 il suo ruolo a Silas Schneider. Nonostante il cambio di leadership, Kupferschmied rimarr\u00e0 con ABS e continuer\u00e0 a contribuire con la sua esperienza e competenza come delegato del consiglio di amministrazione a partire dal 2025. Il team di gestione sar\u00e0 completato da Nadine Frauenfelder-Winkler, Robin Kropf e Roman P\u00f6llinger, che continueranno a svolgere i loro compiti.","canonical_url":"https:\/\/www.immo-invest.ch\/it\/silas-schneider-uebernimmt-operative-leitung\/","robots":"max-image-preview:large","keywords":"","webmasterTools":{"google-site-verification":"fHJKvgWpZCR2zVBHWfkQeFXC11qieUSff0HGNYfuyLA","miscellaneous":""},"schema":{"@context":"https:\/\/schema.org","@graph":[{"@type":"BlogPosting","@id":"https:\/\/www.immo-invest.ch\/it\/silas-schneider-uebernimmt-operative-leitung\/#blogposting","name":"Silas Schneider assume la direzione operativa - immo!nvest - Die Plattform f\u00fcr Standorte und Immobilien","headline":"Silas Schneider assume la direzione operativa","author":{"@id":"https:\/\/www.immo-invest.ch\/it\/author\/immovestuser\/#author"},"publisher":{"@id":"https:\/\/www.immo-invest.ch\/it\/#organization"},"image":{"@type":"ImageObject","url":"https:\/\/www.immo-invest.ch\/wp-content\/uploads\/2024\/06\/24-06-04_NachfolgeABS_DE.jpg","width":623,"height":414},"datePublished":"2024-06-11T13:49:40+02:00","dateModified":"2024-06-14T09:27:36+02:00","inLanguage":"it-IT","mainEntityOfPage":{"@id":"https:\/\/www.immo-invest.ch\/it\/silas-schneider-uebernimmt-operative-leitung\/#webpage"},"isPartOf":{"@id":"https:\/\/www.immo-invest.ch\/it\/silas-schneider-uebernimmt-operative-leitung\/#webpage"},"articleSection":"Persone, Entwicklung, F\u00fchrungspitze, Herausforderung, Leitung, Unternehmen, Optional"},{"@type":"BreadcrumbList","@id":"https:\/\/www.immo-invest.ch\/it\/silas-schneider-uebernimmt-operative-leitung\/#breadcrumblist","itemListElement":[{"@type":"ListItem","@id":"https:\/\/www.immo-invest.ch\/it\/#listItem","position":1,"name":"Home","item":"https:\/\/www.immo-invest.ch\/it\/","nextItem":{"@type":"ListItem","@id":"https:\/\/www.immo-invest.ch\/it\/categoria\/persone-2\/#listItem","name":"Persone"}},{"@type":"ListItem","@id":"https:\/\/www.immo-invest.ch\/it\/categoria\/persone-2\/#listItem","position":2,"name":"Persone","item":"https:\/\/www.immo-invest.ch\/it\/categoria\/persone-2\/","nextItem":{"@type":"ListItem","@id":"https:\/\/www.immo-invest.ch\/it\/categoria\/persone-2\/persone\/#listItem","name":"Persone"},"previousItem":{"@type":"ListItem","@id":"https:\/\/www.immo-invest.ch\/it\/#listItem","name":"Home"}},{"@type":"ListItem","@id":"https:\/\/www.immo-invest.ch\/it\/categoria\/persone-2\/persone\/#listItem","position":3,"name":"Persone","item":"https:\/\/www.immo-invest.ch\/it\/categoria\/persone-2\/persone\/","nextItem":{"@type":"ListItem","@id":"https:\/\/www.immo-invest.ch\/it\/silas-schneider-uebernimmt-operative-leitung\/#listItem","name":"Silas Schneider assume la direzione operativa"},"previousItem":{"@type":"ListItem","@id":"https:\/\/www.immo-invest.ch\/it\/categoria\/persone-2\/#listItem","name":"Persone"}},{"@type":"ListItem","@id":"https:\/\/www.immo-invest.ch\/it\/silas-schneider-uebernimmt-operative-leitung\/#listItem","position":4,"name":"Silas Schneider assume la direzione operativa","previousItem":{"@type":"ListItem","@id":"https:\/\/www.immo-invest.ch\/it\/categoria\/persone-2\/persone\/#listItem","name":"Persone"}}]},{"@type":"Organization","@id":"https:\/\/www.immo-invest.ch\/it\/#organization","name":"immo!nvest - Die Plattform f\u00fcr Standorte und Immobilien","description":"Die\u00a0Plattform f\u00fcr Standorte und Immobilien","url":"https:\/\/www.immo-invest.ch\/it\/","email":"admin@immomedia.ag","telephone":"+41444420002","logo":{"@type":"ImageObject","url":"https:\/\/www.immo-invest.ch\/wp-content\/uploads\/2024\/09\/immoinvest_sm-scaled.jpg","@id":"https:\/\/www.immo-invest.ch\/it\/silas-schneider-uebernimmt-operative-leitung\/#organizationLogo","width":2560,"height":1340},"image":{"@id":"https:\/\/www.immo-invest.ch\/it\/silas-schneider-uebernimmt-operative-leitung\/#organizationLogo"},"sameAs":["https:\/\/www.facebook.com\/people\/Immoinvest\/100077962920504\/","https:\/\/x.com\/i\/flow\/login?redirect_after_login=immoinvest_ch","https:\/\/www.instagram.com\/immoinvest_ch\/","https:\/\/www.linkedin.com\/company\/immoinvest-swiss"]},{"@type":"Person","@id":"https:\/\/www.immo-invest.ch\/it\/author\/immovestuser\/#author","url":"https:\/\/www.immo-invest.ch\/it\/author\/immovestuser\/","name":"immovestuser","image":{"@type":"ImageObject","@id":"https:\/\/www.immo-invest.ch\/it\/silas-schneider-uebernimmt-operative-leitung\/#authorImage","url":"https:\/\/secure.gravatar.com\/avatar\/8e01f4d99f2eeea7a362ebb93305e1172a70e9293ba250f897a65c39f54cdd1e?s=96&d=mm&r=g","width":96,"height":96,"caption":"immovestuser"}},{"@type":"WebPage","@id":"https:\/\/www.immo-invest.ch\/it\/silas-schneider-uebernimmt-operative-leitung\/#webpage","url":"https:\/\/www.immo-invest.ch\/it\/silas-schneider-uebernimmt-operative-leitung\/","name":"Silas Schneider assume la direzione operativa - immo!nvest - Die Plattform f\u00fcr Standorte und Immobilien","description":"Alla fine del 2024, la direzione operativa di Abacus Business Solutions AG passer\u00e0 a nuove mani. Marcel Kupferschmied, il CEO di lunga data, passer\u00e0 il suo ruolo a Silas Schneider. Nonostante il cambio di leadership, Kupferschmied rimarr\u00e0 con ABS e continuer\u00e0 a contribuire con la sua esperienza e competenza come delegato del consiglio di amministrazione a partire dal 2025. Il team di gestione sar\u00e0 completato da Nadine Frauenfelder-Winkler, Robin Kropf e Roman P\u00f6llinger, che continueranno a svolgere i loro compiti.","inLanguage":"it-IT","isPartOf":{"@id":"https:\/\/www.immo-invest.ch\/it\/#website"},"breadcrumb":{"@id":"https:\/\/www.immo-invest.ch\/it\/silas-schneider-uebernimmt-operative-leitung\/#breadcrumblist"},"author":{"@id":"https:\/\/www.immo-invest.ch\/it\/author\/immovestuser\/#author"},"creator":{"@id":"https:\/\/www.immo-invest.ch\/it\/author\/immovestuser\/#author"},"image":{"@type":"ImageObject","url":"https:\/\/www.immo-invest.ch\/wp-content\/uploads\/2024\/06\/24-06-04_NachfolgeABS_DE.jpg","@id":"https:\/\/www.immo-invest.ch\/it\/silas-schneider-uebernimmt-operative-leitung\/#mainImage","width":623,"height":414},"primaryImageOfPage":{"@id":"https:\/\/www.immo-invest.ch\/it\/silas-schneider-uebernimmt-operative-leitung\/#mainImage"},"datePublished":"2024-06-11T13:49:40+02:00","dateModified":"2024-06-14T09:27:36+02:00"},{"@type":"WebSite","@id":"https:\/\/www.immo-invest.ch\/it\/#website","url":"https:\/\/www.immo-invest.ch\/it\/","name":"immo!nvest - Die Plattform f\u00fcr Standorte und Immobilien","description":"Die\u00a0Plattform f\u00fcr Standorte und Immobilien","inLanguage":"it-IT","publisher":{"@id":"https:\/\/www.immo-invest.ch\/it\/#organization"}}]},"og:locale":"it_IT","og:site_name":"immo!nvest - Die Plattform f\u00fcr Standorte und Immobilien - Die\u00a0Plattform f\u00fcr Standorte und Immobilien","og:type":"article","og:title":"Silas Schneider assume la direzione operativa - immo!nvest - Die Plattform f\u00fcr Standorte und Immobilien","og:description":"Alla fine del 2024, la direzione operativa di Abacus Business Solutions AG passer\u00e0 a nuove mani. Marcel Kupferschmied, il CEO di lunga data, passer\u00e0 il suo ruolo a Silas Schneider. Nonostante il cambio di leadership, Kupferschmied rimarr\u00e0 con ABS e continuer\u00e0 a contribuire con la sua esperienza e competenza come delegato del consiglio di amministrazione a partire dal 2025. Il team di gestione sar\u00e0 completato da Nadine Frauenfelder-Winkler, Robin Kropf e Roman P\u00f6llinger, che continueranno a svolgere i loro compiti.","og:url":"https:\/\/www.immo-invest.ch\/it\/silas-schneider-uebernimmt-operative-leitung\/","og:image":"https:\/\/www.immo-invest.ch\/wp-content\/uploads\/2024\/06\/24-06-04_NachfolgeABS_DE.jpg","og:image:secure_url":"https:\/\/www.immo-invest.ch\/wp-content\/uploads\/2024\/06\/24-06-04_NachfolgeABS_DE.jpg","og:image:width":623,"og:image:height":414,"article:published_time":"2024-06-11T11:49:40+00:00","article:modified_time":"2024-06-14T07:27:36+00:00","article:publisher":"https:\/\/www.facebook.com\/people\/Immoinvest\/100077962920504\/","twitter:card":"summary_large_image","twitter:site":"@i","twitter:title":"Silas Schneider assume la direzione operativa - immo!nvest - Die Plattform f\u00fcr Standorte und Immobilien","twitter:description":"Alla fine del 2024, la direzione operativa di Abacus Business Solutions AG passer\u00e0 a nuove mani. Marcel Kupferschmied, il CEO di lunga data, passer\u00e0 il suo ruolo a Silas Schneider. Nonostante il cambio di leadership, Kupferschmied rimarr\u00e0 con ABS e continuer\u00e0 a contribuire con la sua esperienza e competenza come delegato del consiglio di amministrazione a partire dal 2025. Il team di gestione sar\u00e0 completato da Nadine Frauenfelder-Winkler, Robin Kropf e Roman P\u00f6llinger, che continueranno a svolgere i loro compiti.","twitter:creator":"@i","twitter:image":"https:\/\/www.immo-invest.ch\/wp-content\/uploads\/2024\/06\/24-06-04_NachfolgeABS_DE.jpg"},"aioseo_meta_data":{"post_id":"99310","title":null,"description":null,"keywords":null,"keyphrases":null,"primary_term":null,"canonical_url":null,"og_title":null,"og_description":null,"og_object_type":"default","og_image_type":"default","og_image_url":null,"og_image_width":null,"og_image_height":null,"og_image_custom_url":null,"og_image_custom_fields":null,"og_video":null,"og_custom_url":null,"og_article_section":null,"og_article_tags":null,"twitter_use_og":false,"twitter_card":"default","twitter_image_type":"default","twitter_image_url":null,"twitter_image_custom_url":null,"twitter_image_custom_fields":null,"twitter_title":null,"twitter_description":null,"schema":{"blockGraphs":[],"customGraphs":[],"default":{"data":{"Article":[],"Course":[],"Dataset":[],"FAQPage":[],"Movie":[],"Person":[],"Product":[],"ProductReview":[],"Car":[],"Recipe":[],"Service":[],"SoftwareApplication":[],"WebPage":[]},"graphName":"","isEnabled":true},"graphs":[]},"schema_type":"default","schema_type_options":null,"pillar_content":false,"robots_default":true,"robots_noindex":false,"robots_noarchive":false,"robots_nosnippet":false,"robots_nofollow":false,"robots_noimageindex":false,"robots_noodp":false,"robots_notranslate":false,"robots_max_snippet":null,"robots_max_videopreview":null,"robots_max_imagepreview":"large","priority":null,"frequency":null,"local_seo":null,"breadcrumb_settings":null,"limit_modified_date":false,"ai":null,"created":"2024-09-20 21:24:58","updated":"2025-10-24 03:42:11","seo_analyzer_scan_date":null,"focus_keyword":null,"additional_keywords":null,"truseo_locale":null},"aioseo_breadcrumb":"<div class=\"aioseo-breadcrumbs\"><span class=\"aioseo-breadcrumb\">\n\t\t\t<a href=\"https:\/\/www.immo-invest.ch\/it\/\" title=\"Home\">Home<\/a>\n\t\t<\/span><span class=\"aioseo-breadcrumb-separator\">&raquo;<\/span><span class=\"aioseo-breadcrumb\">\n\t\t\t<a href=\"https:\/\/www.immo-invest.ch\/it\/categoria\/persone-2\/\" title=\"Persone\">Persone<\/a>\n\t\t<\/span><span class=\"aioseo-breadcrumb-separator\">&raquo;<\/span><span class=\"aioseo-breadcrumb\">\n\t\t\t<a href=\"https:\/\/www.immo-invest.ch\/it\/categoria\/persone-2\/persone\/\" title=\"Persone\">Persone<\/a>\n\t\t<\/span><span class=\"aioseo-breadcrumb-separator\">&raquo;<\/span><span class=\"aioseo-breadcrumb\">\n\t\t\tSilas Schneider assume la direzione operativa\n\t\t<\/span><\/div>","aioseo_breadcrumb_json":[{"label":"Home","link":"https:\/\/www.immo-invest.ch\/it\/"},{"label":"Persone","link":"https:\/\/www.immo-invest.ch\/it\/categoria\/persone-2\/"},{"label":"Persone","link":"https:\/\/www.immo-invest.ch\/it\/categoria\/persone-2\/persone\/"},{"label":"Silas Schneider assume la direzione operativa","link":"https:\/\/www.immo-invest.ch\/it\/silas-schneider-uebernimmt-operative-leitung\/"}],"featured_image_src":"https:\/\/www.immo-invest.ch\/wp-content\/uploads\/2024\/06\/24-06-04_NachfolgeABS_DE-336x168.jpg","_links":{"self":[{"href":"https:\/\/www.immo-invest.ch\/it\/wp-json\/wp\/v2\/posts\/99310","targetHints":{"allow":["GET"]}}],"collection":[{"href":"https:\/\/www.immo-invest.ch\/it\/wp-json\/wp\/v2\/posts"}],"about":[{"href":"https:\/\/www.immo-invest.ch\/it\/wp-json\/wp\/v2\/types\/post"}],"author":[{"embeddable":true,"href":"https:\/\/www.immo-invest.ch\/it\/wp-json\/wp\/v2\/users\/2"}],"replies":[{"embeddable":true,"href":"https:\/\/www.immo-invest.ch\/it\/wp-json\/wp\/v2\/comments?post=99310"}],"version-history":[{"count":0,"href":"https:\/\/www.immo-invest.ch\/it\/wp-json\/wp\/v2\/posts\/99310\/revisions"}],"wp:featuredmedia":[{"embeddable":true,"href":"https:\/\/www.immo-invest.ch\/it\/wp-json\/wp\/v2\/media\/99305"}],"wp:attachment":[{"href":"https:\/\/www.immo-invest.ch\/it\/wp-json\/wp\/v2\/media?parent=99310"}],"wp:term":[{"taxonomy":"category","embeddable":true,"href":"https:\/\/www.immo-invest.ch\/it\/wp-json\/wp\/v2\/categories?post=99310"},{"taxonomy":"post_tag","embeddable":true,"href":"https:\/\/www.immo-invest.ch\/it\/wp-json\/wp\/v2\/tags?post=99310"}],"curies":[{"name":"wp","href":"https:\/\/api.w.org\/{rel}","templated":true}]}}