{"id":94212,"date":"2024-05-24T14:52:11","date_gmt":"2024-05-24T12:52:11","guid":{"rendered":"https:\/\/www.immo-invest.ch\/?p=94212"},"modified":"2024-05-24T11:55:07","modified_gmt":"2024-05-24T09:55:07","slug":"bau-eines-messmastes-zur-windmessung-und-umweltueberwachung-gestartet","status":"publish","type":"post","link":"https:\/\/www.immo-invest.ch\/it\/bau-eines-messmastes-zur-windmessung-und-umweltueberwachung-gestartet\/","title":{"rendered":"\u00c8 iniziata la costruzione di un pilone metrico per la misurazione del vento e il monitoraggio ambientale"},"content":{"rendered":"<p class=\"bodytext\">Secondo un <a href=\"https:\/\/www.ckw.ch\/ueber-ckw\/medienstelle\/medienmitteilungen\/2024\/ckw-startet-windmessungen-auf-dem-ruswilerberg\" target=\"_blank\" rel=\"noopener\">comunicato stampa<\/a>,<a href=\"https:\/\/www.ckw.ch\" target=\"_blank\" rel=\"noopener\">CKW<\/a> ha iniziato la costruzione di un albero di misurazione sul Ruswilerberg il 13 maggio. L&rsquo;albero porta anemometri a 60, 80 e 100 metri che misurano il vento. Ad altezze di 60 e 100 metri, i sensori ad ultrasuoni misurano i suoni dei pipistrelli in volo. In cima, i sensori misurano la temperatura e l&rsquo;umidit&agrave;.<\/p>\n<p class=\"bodytext\">Le misurazioni vengono raccolte per almeno un anno. Il loro scopo &egrave; quello di aiutare a verificare i dati meteo e del vento esistenti, garantendo cos&igrave; la fattibilit&agrave; economica del parco eolico pianificato. Allo stesso tempo, dovrebbero contribuire a ridurre al minimo l&rsquo;impatto sulle persone, sugli animali e sull&rsquo;ambiente.<\/p>\n<p class=\"bodytext\">CKW sta progettando un parco eolico con cinque turbine sul Ruswilerberg.<\/p>\n","protected":false},"excerpt":{"rendered":"<p>CKW ha iniziato la costruzione di un palo di misurazione sul Ruswilerberg per raccogliere dati sul vento e sul meteo per un parco eolico pianificato. Il palo monitora anche l&#8217;attivit\u00e0 dei pipistrelli, le temperature e l&#8217;umidit\u00e0. I dati mirano a garantire la fattibilit\u00e0 economica e la compatibilit\u00e0 ambientale del parco eolico.<\/p>\n","protected":false},"author":2,"featured_media":96081,"comment_status":"open","ping_status":"open","sticky":false,"template":"","format":"standard","meta":{"pmpro_default_level":"","inline_featured_image":false,"_monsterinsights_skip_tracking":false,"footnotes":""},"categories":[745,9447,741,22700],"tags":[867,3935,2006,46890,46891,3999],"class_list":["post-94212","post","type-post","status-publish","format-standard","has-post-thumbnail","hentry","category-immonews-it","category-regione-lucerna","category-progetti","category-sostenibilita","tag-immoinvest-it","tag-immonews-it","tag-news-it","tag-ruswilerberg-it","tag-umweltueberwachung-it","tag-windpark-it","pmpro-has-access"],"acf":{"bild_mit_ki_erstellt_worden":[],"lead":"CKW ha iniziato la costruzione di un palo di misurazione sul Ruswilerberg per raccogliere dati sul vento e sul meteo per un parco eolico pianificato. Il palo monitora anche l'attivit\u00e0 dei pipistrelli, le temperature e l'umidit\u00e0. I dati mirano a garantire la fattibilit\u00e0 economica e la compatibilit\u00e0 ambientale del parco eolico.","autor":"stk","ort":"Ruswil LU","bildunterschrift":"","bild_im_grid":false,"gallerie":"","newsim":""},"aioseo_notices":[],"aioseo_head":"\n\t\t<!-- All in One SEO 5.0.0.1 - aioseo.com -->\n\t<meta name=\"description\" content=\"CKW ha iniziato la costruzione di un palo di misurazione sul Ruswilerberg per raccogliere dati sul vento e sul meteo per un parco eolico pianificato. Il palo monitora anche l&#039;attivit\u00e0 dei pipistrelli, le temperature e l&#039;umidit\u00e0. I dati mirano a garantire la fattibilit\u00e0 economica e la compatibilit\u00e0 ambientale del parco eolico.\" \/>\n\t<meta name=\"robots\" content=\"max-image-preview:large\" \/>\n\t<meta name=\"author\" content=\"immovestuser\"\/>\n\t<meta name=\"google-site-verification\" content=\"fHJKvgWpZCR2zVBHWfkQeFXC11qieUSff0HGNYfuyLA\" \/>\n\t<link rel=\"canonical\" href=\"https:\/\/www.immo-invest.ch\/it\/bau-eines-messmastes-zur-windmessung-und-umweltueberwachung-gestartet\/\" \/>\n\t<meta name=\"generator\" content=\"All in One SEO (AIOSEO) 5.0.0.1\" \/>\n\t\t<meta property=\"og:locale\" content=\"it_IT\" \/>\n\t\t<meta property=\"og:site_name\" content=\"immo!nvest - Die Plattform f\u00fcr Standorte und Immobilien - Die\u00a0Plattform f\u00fcr Standorte und Immobilien\" \/>\n\t\t<meta property=\"og:type\" content=\"article\" \/>\n\t\t<meta property=\"og:title\" content=\"\u00c8 iniziata la costruzione di un pilone metrico per la misurazione del vento e il monitoraggio ambientale - immo!nvest - Die Plattform f\u00fcr Standorte und Immobilien\" \/>\n\t\t<meta property=\"og:description\" content=\"CKW ha iniziato la costruzione di un palo di misurazione sul Ruswilerberg per raccogliere dati sul vento e sul meteo per un parco eolico pianificato. Il palo monitora anche l&#039;attivit\u00e0 dei pipistrelli, le temperature e l&#039;umidit\u00e0. I dati mirano a garantire la fattibilit\u00e0 economica e la compatibilit\u00e0 ambientale del parco eolico.\" \/>\n\t\t<meta property=\"og:url\" content=\"https:\/\/www.immo-invest.ch\/it\/bau-eines-messmastes-zur-windmessung-und-umweltueberwachung-gestartet\/\" \/>\n\t\t<meta property=\"og:image\" content=\"https:\/\/www.immo-invest.ch\/wp-content\/uploads\/2024\/05\/Windmessmast_Aeberdingerhoechi.jpg\" \/>\n\t\t<meta property=\"og:image:secure_url\" content=\"https:\/\/www.immo-invest.ch\/wp-content\/uploads\/2024\/05\/Windmessmast_Aeberdingerhoechi.jpg\" \/>\n\t\t<meta property=\"og:image:width\" content=\"2321\" \/>\n\t\t<meta property=\"og:image:height\" content=\"1395\" \/>\n\t\t<meta property=\"article:published_time\" content=\"2024-05-24T12:52:11+00:00\" \/>\n\t\t<meta property=\"article:modified_time\" content=\"2024-05-24T09:55:07+00:00\" \/>\n\t\t<meta property=\"article:publisher\" content=\"https:\/\/www.facebook.com\/people\/Immoinvest\/100077962920504\/\" \/>\n\t\t<meta name=\"twitter:card\" content=\"summary_large_image\" \/>\n\t\t<meta name=\"twitter:site\" content=\"@i\" \/>\n\t\t<meta name=\"twitter:title\" content=\"\u00c8 iniziata la costruzione di un pilone metrico per la misurazione del vento e il monitoraggio ambientale - immo!nvest - Die Plattform f\u00fcr Standorte und Immobilien\" \/>\n\t\t<meta name=\"twitter:description\" content=\"CKW ha iniziato la costruzione di un palo di misurazione sul Ruswilerberg per raccogliere dati sul vento e sul meteo per un parco eolico pianificato. Il palo monitora anche l&#039;attivit\u00e0 dei pipistrelli, le temperature e l&#039;umidit\u00e0. I dati mirano a garantire la fattibilit\u00e0 economica e la compatibilit\u00e0 ambientale del parco eolico.\" \/>\n\t\t<meta name=\"twitter:creator\" content=\"@i\" \/>\n\t\t<meta name=\"twitter:image\" content=\"https:\/\/www.immo-invest.ch\/wp-content\/uploads\/2024\/05\/Windmessmast_Aeberdingerhoechi.jpg\" \/>\n\t\t<script type=\"application\/ld+json\" class=\"aioseo-schema\">\n\t\t\t{\"@context\":\"https:\\\/\\\/schema.org\",\"@graph\":[{\"@type\":\"BlogPosting\",\"@id\":\"https:\\\/\\\/www.immo-invest.ch\\\/it\\\/bau-eines-messmastes-zur-windmessung-und-umweltueberwachung-gestartet\\\/#blogposting\",\"name\":\"\\u00c8 iniziata la costruzione di un pilone metrico per la misurazione del vento e il monitoraggio ambientale - immo!nvest - Die Plattform f\\u00fcr Standorte und Immobilien\",\"headline\":\"\\u00c8 iniziata la costruzione di un pilone metrico per la misurazione del vento e il monitoraggio ambientale\",\"author\":{\"@id\":\"https:\\\/\\\/www.immo-invest.ch\\\/it\\\/author\\\/immovestuser\\\/#author\"},\"publisher\":{\"@id\":\"https:\\\/\\\/www.immo-invest.ch\\\/it\\\/#organization\"},\"image\":{\"@type\":\"ImageObject\",\"url\":\"https:\\\/\\\/www.immo-invest.ch\\\/wp-content\\\/uploads\\\/2024\\\/05\\\/Windmessmast_Aeberdingerhoechi.jpg\",\"width\":2321,\"height\":1395},\"datePublished\":\"2024-05-24T14:52:11+02:00\",\"dateModified\":\"2024-05-24T11:55:07+02:00\",\"inLanguage\":\"it-IT\",\"mainEntityOfPage\":{\"@id\":\"https:\\\/\\\/www.immo-invest.ch\\\/it\\\/bau-eines-messmastes-zur-windmessung-und-umweltueberwachung-gestartet\\\/#webpage\"},\"isPartOf\":{\"@id\":\"https:\\\/\\\/www.immo-invest.ch\\\/it\\\/bau-eines-messmastes-zur-windmessung-und-umweltueberwachung-gestartet\\\/#webpage\"},\"articleSection\":\"immoNews, Lucerna, Progetti, Sostenibilit\\u00e0, Immoinvest, immoNews, News, Ruswilerberg, Umwelt\\u00fcberwachung, Windpark, Optional\"},{\"@type\":\"BreadcrumbList\",\"@id\":\"https:\\\/\\\/www.immo-invest.ch\\\/it\\\/bau-eines-messmastes-zur-windmessung-und-umweltueberwachung-gestartet\\\/#breadcrumblist\",\"itemListElement\":[{\"@type\":\"ListItem\",\"@id\":\"https:\\\/\\\/www.immo-invest.ch\\\/it\\\/#listItem\",\"position\":1,\"name\":\"Home\",\"item\":\"https:\\\/\\\/www.immo-invest.ch\\\/it\\\/\",\"nextItem\":{\"@type\":\"ListItem\",\"@id\":\"https:\\\/\\\/www.immo-invest.ch\\\/it\\\/categoria\\\/regioni\\\/#listItem\",\"name\":\"Regioni\"}},{\"@type\":\"ListItem\",\"@id\":\"https:\\\/\\\/www.immo-invest.ch\\\/it\\\/categoria\\\/regioni\\\/#listItem\",\"position\":2,\"name\":\"Regioni\",\"item\":\"https:\\\/\\\/www.immo-invest.ch\\\/it\\\/categoria\\\/regioni\\\/\",\"nextItem\":{\"@type\":\"ListItem\",\"@id\":\"https:\\\/\\\/www.immo-invest.ch\\\/it\\\/categoria\\\/regioni\\\/svizzera\\\/#listItem\",\"name\":\"Svizzera\"},\"previousItem\":{\"@type\":\"ListItem\",\"@id\":\"https:\\\/\\\/www.immo-invest.ch\\\/it\\\/#listItem\",\"name\":\"Home\"}},{\"@type\":\"ListItem\",\"@id\":\"https:\\\/\\\/www.immo-invest.ch\\\/it\\\/categoria\\\/regioni\\\/svizzera\\\/#listItem\",\"position\":3,\"name\":\"Svizzera\",\"item\":\"https:\\\/\\\/www.immo-invest.ch\\\/it\\\/categoria\\\/regioni\\\/svizzera\\\/\",\"nextItem\":{\"@type\":\"ListItem\",\"@id\":\"https:\\\/\\\/www.immo-invest.ch\\\/it\\\/categoria\\\/regioni\\\/svizzera\\\/zentralschweiz-it\\\/#listItem\",\"name\":\"Zentralschweiz\"},\"previousItem\":{\"@type\":\"ListItem\",\"@id\":\"https:\\\/\\\/www.immo-invest.ch\\\/it\\\/categoria\\\/regioni\\\/#listItem\",\"name\":\"Regioni\"}},{\"@type\":\"ListItem\",\"@id\":\"https:\\\/\\\/www.immo-invest.ch\\\/it\\\/categoria\\\/regioni\\\/svizzera\\\/zentralschweiz-it\\\/#listItem\",\"position\":4,\"name\":\"Zentralschweiz\",\"item\":\"https:\\\/\\\/www.immo-invest.ch\\\/it\\\/categoria\\\/regioni\\\/svizzera\\\/zentralschweiz-it\\\/\",\"nextItem\":{\"@type\":\"ListItem\",\"@id\":\"https:\\\/\\\/www.immo-invest.ch\\\/it\\\/categoria\\\/regioni\\\/svizzera\\\/zentralschweiz-it\\\/regione-lucerna\\\/#listItem\",\"name\":\"Lucerna\"},\"previousItem\":{\"@type\":\"ListItem\",\"@id\":\"https:\\\/\\\/www.immo-invest.ch\\\/it\\\/categoria\\\/regioni\\\/svizzera\\\/#listItem\",\"name\":\"Svizzera\"}},{\"@type\":\"ListItem\",\"@id\":\"https:\\\/\\\/www.immo-invest.ch\\\/it\\\/categoria\\\/regioni\\\/svizzera\\\/zentralschweiz-it\\\/regione-lucerna\\\/#listItem\",\"position\":5,\"name\":\"Lucerna\",\"item\":\"https:\\\/\\\/www.immo-invest.ch\\\/it\\\/categoria\\\/regioni\\\/svizzera\\\/zentralschweiz-it\\\/regione-lucerna\\\/\",\"nextItem\":{\"@type\":\"ListItem\",\"@id\":\"https:\\\/\\\/www.immo-invest.ch\\\/it\\\/bau-eines-messmastes-zur-windmessung-und-umweltueberwachung-gestartet\\\/#listItem\",\"name\":\"\\u00c8 iniziata la costruzione di un pilone metrico per la misurazione del vento e il monitoraggio ambientale\"},\"previousItem\":{\"@type\":\"ListItem\",\"@id\":\"https:\\\/\\\/www.immo-invest.ch\\\/it\\\/categoria\\\/regioni\\\/svizzera\\\/zentralschweiz-it\\\/#listItem\",\"name\":\"Zentralschweiz\"}},{\"@type\":\"ListItem\",\"@id\":\"https:\\\/\\\/www.immo-invest.ch\\\/it\\\/bau-eines-messmastes-zur-windmessung-und-umweltueberwachung-gestartet\\\/#listItem\",\"position\":6,\"name\":\"\\u00c8 iniziata la costruzione di un pilone metrico per la misurazione del vento e il monitoraggio ambientale\",\"previousItem\":{\"@type\":\"ListItem\",\"@id\":\"https:\\\/\\\/www.immo-invest.ch\\\/it\\\/categoria\\\/regioni\\\/svizzera\\\/zentralschweiz-it\\\/regione-lucerna\\\/#listItem\",\"name\":\"Lucerna\"}}]},{\"@type\":\"Organization\",\"@id\":\"https:\\\/\\\/www.immo-invest.ch\\\/it\\\/#organization\",\"name\":\"immo!nvest - Die Plattform f\\u00fcr Standorte und Immobilien\",\"description\":\"Die\\u00a0Plattform f\\u00fcr Standorte und Immobilien\",\"url\":\"https:\\\/\\\/www.immo-invest.ch\\\/it\\\/\",\"email\":\"admin@immomedia.ag\",\"telephone\":\"+41444420002\",\"logo\":{\"@type\":\"ImageObject\",\"url\":\"https:\\\/\\\/www.immo-invest.ch\\\/wp-content\\\/uploads\\\/2024\\\/09\\\/immoinvest_sm-scaled.jpg\",\"@id\":\"https:\\\/\\\/www.immo-invest.ch\\\/it\\\/bau-eines-messmastes-zur-windmessung-und-umweltueberwachung-gestartet\\\/#organizationLogo\",\"width\":2560,\"height\":1340},\"image\":{\"@id\":\"https:\\\/\\\/www.immo-invest.ch\\\/it\\\/bau-eines-messmastes-zur-windmessung-und-umweltueberwachung-gestartet\\\/#organizationLogo\"},\"sameAs\":[\"https:\\\/\\\/www.facebook.com\\\/people\\\/Immoinvest\\\/100077962920504\\\/\",\"https:\\\/\\\/x.com\\\/i\\\/flow\\\/login?redirect_after_login=immoinvest_ch\",\"https:\\\/\\\/www.instagram.com\\\/immoinvest_ch\\\/\",\"https:\\\/\\\/www.linkedin.com\\\/company\\\/immoinvest-swiss\"]},{\"@type\":\"Person\",\"@id\":\"https:\\\/\\\/www.immo-invest.ch\\\/it\\\/author\\\/immovestuser\\\/#author\",\"url\":\"https:\\\/\\\/www.immo-invest.ch\\\/it\\\/author\\\/immovestuser\\\/\",\"name\":\"immovestuser\",\"image\":{\"@type\":\"ImageObject\",\"@id\":\"https:\\\/\\\/www.immo-invest.ch\\\/it\\\/bau-eines-messmastes-zur-windmessung-und-umweltueberwachung-gestartet\\\/#authorImage\",\"url\":\"https:\\\/\\\/secure.gravatar.com\\\/avatar\\\/8e01f4d99f2eeea7a362ebb93305e1172a70e9293ba250f897a65c39f54cdd1e?s=96&d=mm&r=g\",\"width\":96,\"height\":96,\"caption\":\"immovestuser\"}},{\"@type\":\"WebPage\",\"@id\":\"https:\\\/\\\/www.immo-invest.ch\\\/it\\\/bau-eines-messmastes-zur-windmessung-und-umweltueberwachung-gestartet\\\/#webpage\",\"url\":\"https:\\\/\\\/www.immo-invest.ch\\\/it\\\/bau-eines-messmastes-zur-windmessung-und-umweltueberwachung-gestartet\\\/\",\"name\":\"\\u00c8 iniziata la costruzione di un pilone metrico per la misurazione del vento e il monitoraggio ambientale - immo!nvest - Die Plattform f\\u00fcr Standorte und Immobilien\",\"description\":\"CKW ha iniziato la costruzione di un palo di misurazione sul Ruswilerberg per raccogliere dati sul vento e sul meteo per un parco eolico pianificato. Il palo monitora anche l'attivit\\u00e0 dei pipistrelli, le temperature e l'umidit\\u00e0. I dati mirano a garantire la fattibilit\\u00e0 economica e la compatibilit\\u00e0 ambientale del parco eolico.\",\"inLanguage\":\"it-IT\",\"isPartOf\":{\"@id\":\"https:\\\/\\\/www.immo-invest.ch\\\/it\\\/#website\"},\"breadcrumb\":{\"@id\":\"https:\\\/\\\/www.immo-invest.ch\\\/it\\\/bau-eines-messmastes-zur-windmessung-und-umweltueberwachung-gestartet\\\/#breadcrumblist\"},\"author\":{\"@id\":\"https:\\\/\\\/www.immo-invest.ch\\\/it\\\/author\\\/immovestuser\\\/#author\"},\"creator\":{\"@id\":\"https:\\\/\\\/www.immo-invest.ch\\\/it\\\/author\\\/immovestuser\\\/#author\"},\"image\":{\"@type\":\"ImageObject\",\"url\":\"https:\\\/\\\/www.immo-invest.ch\\\/wp-content\\\/uploads\\\/2024\\\/05\\\/Windmessmast_Aeberdingerhoechi.jpg\",\"@id\":\"https:\\\/\\\/www.immo-invest.ch\\\/it\\\/bau-eines-messmastes-zur-windmessung-und-umweltueberwachung-gestartet\\\/#mainImage\",\"width\":2321,\"height\":1395},\"primaryImageOfPage\":{\"@id\":\"https:\\\/\\\/www.immo-invest.ch\\\/it\\\/bau-eines-messmastes-zur-windmessung-und-umweltueberwachung-gestartet\\\/#mainImage\"},\"datePublished\":\"2024-05-24T14:52:11+02:00\",\"dateModified\":\"2024-05-24T11:55:07+02:00\"},{\"@type\":\"WebSite\",\"@id\":\"https:\\\/\\\/www.immo-invest.ch\\\/it\\\/#website\",\"url\":\"https:\\\/\\\/www.immo-invest.ch\\\/it\\\/\",\"name\":\"immo!nvest - Die Plattform f\\u00fcr Standorte und Immobilien\",\"description\":\"Die\\u00a0Plattform f\\u00fcr Standorte und Immobilien\",\"inLanguage\":\"it-IT\",\"publisher\":{\"@id\":\"https:\\\/\\\/www.immo-invest.ch\\\/it\\\/#organization\"}}]}\n\t\t<\/script>\n\t\t<!-- All in One SEO -->\n\n","aioseo_head_json":{"title":"\u00c8 iniziata la costruzione di un pilone metrico per la misurazione del vento e il monitoraggio ambientale - immo!nvest - Die Plattform f\u00fcr Standorte und Immobilien","description":"CKW ha iniziato la costruzione di un palo di misurazione sul Ruswilerberg per raccogliere dati sul vento e sul meteo per un parco eolico pianificato. Il palo monitora anche l'attivit\u00e0 dei pipistrelli, le temperature e l'umidit\u00e0. I dati mirano a garantire la fattibilit\u00e0 economica e la compatibilit\u00e0 ambientale del parco eolico.","canonical_url":"https:\/\/www.immo-invest.ch\/it\/bau-eines-messmastes-zur-windmessung-und-umweltueberwachung-gestartet\/","robots":"max-image-preview:large","keywords":"","webmasterTools":{"google-site-verification":"fHJKvgWpZCR2zVBHWfkQeFXC11qieUSff0HGNYfuyLA","miscellaneous":""},"schema":{"@context":"https:\/\/schema.org","@graph":[{"@type":"BlogPosting","@id":"https:\/\/www.immo-invest.ch\/it\/bau-eines-messmastes-zur-windmessung-und-umweltueberwachung-gestartet\/#blogposting","name":"\u00c8 iniziata la costruzione di un pilone metrico per la misurazione del vento e il monitoraggio ambientale - immo!nvest - Die Plattform f\u00fcr Standorte und Immobilien","headline":"\u00c8 iniziata la costruzione di un pilone metrico per la misurazione del vento e il monitoraggio ambientale","author":{"@id":"https:\/\/www.immo-invest.ch\/it\/author\/immovestuser\/#author"},"publisher":{"@id":"https:\/\/www.immo-invest.ch\/it\/#organization"},"image":{"@type":"ImageObject","url":"https:\/\/www.immo-invest.ch\/wp-content\/uploads\/2024\/05\/Windmessmast_Aeberdingerhoechi.jpg","width":2321,"height":1395},"datePublished":"2024-05-24T14:52:11+02:00","dateModified":"2024-05-24T11:55:07+02:00","inLanguage":"it-IT","mainEntityOfPage":{"@id":"https:\/\/www.immo-invest.ch\/it\/bau-eines-messmastes-zur-windmessung-und-umweltueberwachung-gestartet\/#webpage"},"isPartOf":{"@id":"https:\/\/www.immo-invest.ch\/it\/bau-eines-messmastes-zur-windmessung-und-umweltueberwachung-gestartet\/#webpage"},"articleSection":"immoNews, Lucerna, Progetti, Sostenibilit\u00e0, Immoinvest, immoNews, News, Ruswilerberg, Umwelt\u00fcberwachung, Windpark, Optional"},{"@type":"BreadcrumbList","@id":"https:\/\/www.immo-invest.ch\/it\/bau-eines-messmastes-zur-windmessung-und-umweltueberwachung-gestartet\/#breadcrumblist","itemListElement":[{"@type":"ListItem","@id":"https:\/\/www.immo-invest.ch\/it\/#listItem","position":1,"name":"Home","item":"https:\/\/www.immo-invest.ch\/it\/","nextItem":{"@type":"ListItem","@id":"https:\/\/www.immo-invest.ch\/it\/categoria\/regioni\/#listItem","name":"Regioni"}},{"@type":"ListItem","@id":"https:\/\/www.immo-invest.ch\/it\/categoria\/regioni\/#listItem","position":2,"name":"Regioni","item":"https:\/\/www.immo-invest.ch\/it\/categoria\/regioni\/","nextItem":{"@type":"ListItem","@id":"https:\/\/www.immo-invest.ch\/it\/categoria\/regioni\/svizzera\/#listItem","name":"Svizzera"},"previousItem":{"@type":"ListItem","@id":"https:\/\/www.immo-invest.ch\/it\/#listItem","name":"Home"}},{"@type":"ListItem","@id":"https:\/\/www.immo-invest.ch\/it\/categoria\/regioni\/svizzera\/#listItem","position":3,"name":"Svizzera","item":"https:\/\/www.immo-invest.ch\/it\/categoria\/regioni\/svizzera\/","nextItem":{"@type":"ListItem","@id":"https:\/\/www.immo-invest.ch\/it\/categoria\/regioni\/svizzera\/zentralschweiz-it\/#listItem","name":"Zentralschweiz"},"previousItem":{"@type":"ListItem","@id":"https:\/\/www.immo-invest.ch\/it\/categoria\/regioni\/#listItem","name":"Regioni"}},{"@type":"ListItem","@id":"https:\/\/www.immo-invest.ch\/it\/categoria\/regioni\/svizzera\/zentralschweiz-it\/#listItem","position":4,"name":"Zentralschweiz","item":"https:\/\/www.immo-invest.ch\/it\/categoria\/regioni\/svizzera\/zentralschweiz-it\/","nextItem":{"@type":"ListItem","@id":"https:\/\/www.immo-invest.ch\/it\/categoria\/regioni\/svizzera\/zentralschweiz-it\/regione-lucerna\/#listItem","name":"Lucerna"},"previousItem":{"@type":"ListItem","@id":"https:\/\/www.immo-invest.ch\/it\/categoria\/regioni\/svizzera\/#listItem","name":"Svizzera"}},{"@type":"ListItem","@id":"https:\/\/www.immo-invest.ch\/it\/categoria\/regioni\/svizzera\/zentralschweiz-it\/regione-lucerna\/#listItem","position":5,"name":"Lucerna","item":"https:\/\/www.immo-invest.ch\/it\/categoria\/regioni\/svizzera\/zentralschweiz-it\/regione-lucerna\/","nextItem":{"@type":"ListItem","@id":"https:\/\/www.immo-invest.ch\/it\/bau-eines-messmastes-zur-windmessung-und-umweltueberwachung-gestartet\/#listItem","name":"\u00c8 iniziata la costruzione di un pilone metrico per la misurazione del vento e il monitoraggio ambientale"},"previousItem":{"@type":"ListItem","@id":"https:\/\/www.immo-invest.ch\/it\/categoria\/regioni\/svizzera\/zentralschweiz-it\/#listItem","name":"Zentralschweiz"}},{"@type":"ListItem","@id":"https:\/\/www.immo-invest.ch\/it\/bau-eines-messmastes-zur-windmessung-und-umweltueberwachung-gestartet\/#listItem","position":6,"name":"\u00c8 iniziata la costruzione di un pilone metrico per la misurazione del vento e il monitoraggio ambientale","previousItem":{"@type":"ListItem","@id":"https:\/\/www.immo-invest.ch\/it\/categoria\/regioni\/svizzera\/zentralschweiz-it\/regione-lucerna\/#listItem","name":"Lucerna"}}]},{"@type":"Organization","@id":"https:\/\/www.immo-invest.ch\/it\/#organization","name":"immo!nvest - Die Plattform f\u00fcr Standorte und Immobilien","description":"Die\u00a0Plattform f\u00fcr Standorte und Immobilien","url":"https:\/\/www.immo-invest.ch\/it\/","email":"admin@immomedia.ag","telephone":"+41444420002","logo":{"@type":"ImageObject","url":"https:\/\/www.immo-invest.ch\/wp-content\/uploads\/2024\/09\/immoinvest_sm-scaled.jpg","@id":"https:\/\/www.immo-invest.ch\/it\/bau-eines-messmastes-zur-windmessung-und-umweltueberwachung-gestartet\/#organizationLogo","width":2560,"height":1340},"image":{"@id":"https:\/\/www.immo-invest.ch\/it\/bau-eines-messmastes-zur-windmessung-und-umweltueberwachung-gestartet\/#organizationLogo"},"sameAs":["https:\/\/www.facebook.com\/people\/Immoinvest\/100077962920504\/","https:\/\/x.com\/i\/flow\/login?redirect_after_login=immoinvest_ch","https:\/\/www.instagram.com\/immoinvest_ch\/","https:\/\/www.linkedin.com\/company\/immoinvest-swiss"]},{"@type":"Person","@id":"https:\/\/www.immo-invest.ch\/it\/author\/immovestuser\/#author","url":"https:\/\/www.immo-invest.ch\/it\/author\/immovestuser\/","name":"immovestuser","image":{"@type":"ImageObject","@id":"https:\/\/www.immo-invest.ch\/it\/bau-eines-messmastes-zur-windmessung-und-umweltueberwachung-gestartet\/#authorImage","url":"https:\/\/secure.gravatar.com\/avatar\/8e01f4d99f2eeea7a362ebb93305e1172a70e9293ba250f897a65c39f54cdd1e?s=96&d=mm&r=g","width":96,"height":96,"caption":"immovestuser"}},{"@type":"WebPage","@id":"https:\/\/www.immo-invest.ch\/it\/bau-eines-messmastes-zur-windmessung-und-umweltueberwachung-gestartet\/#webpage","url":"https:\/\/www.immo-invest.ch\/it\/bau-eines-messmastes-zur-windmessung-und-umweltueberwachung-gestartet\/","name":"\u00c8 iniziata la costruzione di un pilone metrico per la misurazione del vento e il monitoraggio ambientale - immo!nvest - Die Plattform f\u00fcr Standorte und Immobilien","description":"CKW ha iniziato la costruzione di un palo di misurazione sul Ruswilerberg per raccogliere dati sul vento e sul meteo per un parco eolico pianificato. Il palo monitora anche l'attivit\u00e0 dei pipistrelli, le temperature e l'umidit\u00e0. I dati mirano a garantire la fattibilit\u00e0 economica e la compatibilit\u00e0 ambientale del parco eolico.","inLanguage":"it-IT","isPartOf":{"@id":"https:\/\/www.immo-invest.ch\/it\/#website"},"breadcrumb":{"@id":"https:\/\/www.immo-invest.ch\/it\/bau-eines-messmastes-zur-windmessung-und-umweltueberwachung-gestartet\/#breadcrumblist"},"author":{"@id":"https:\/\/www.immo-invest.ch\/it\/author\/immovestuser\/#author"},"creator":{"@id":"https:\/\/www.immo-invest.ch\/it\/author\/immovestuser\/#author"},"image":{"@type":"ImageObject","url":"https:\/\/www.immo-invest.ch\/wp-content\/uploads\/2024\/05\/Windmessmast_Aeberdingerhoechi.jpg","@id":"https:\/\/www.immo-invest.ch\/it\/bau-eines-messmastes-zur-windmessung-und-umweltueberwachung-gestartet\/#mainImage","width":2321,"height":1395},"primaryImageOfPage":{"@id":"https:\/\/www.immo-invest.ch\/it\/bau-eines-messmastes-zur-windmessung-und-umweltueberwachung-gestartet\/#mainImage"},"datePublished":"2024-05-24T14:52:11+02:00","dateModified":"2024-05-24T11:55:07+02:00"},{"@type":"WebSite","@id":"https:\/\/www.immo-invest.ch\/it\/#website","url":"https:\/\/www.immo-invest.ch\/it\/","name":"immo!nvest - Die Plattform f\u00fcr Standorte und Immobilien","description":"Die\u00a0Plattform f\u00fcr Standorte und Immobilien","inLanguage":"it-IT","publisher":{"@id":"https:\/\/www.immo-invest.ch\/it\/#organization"}}]},"og:locale":"it_IT","og:site_name":"immo!nvest - Die Plattform f\u00fcr Standorte und Immobilien - Die\u00a0Plattform f\u00fcr Standorte und Immobilien","og:type":"article","og:title":"\u00c8 iniziata la costruzione di un pilone metrico per la misurazione del vento e il monitoraggio ambientale - immo!nvest - Die Plattform f\u00fcr Standorte und Immobilien","og:description":"CKW ha iniziato la costruzione di un palo di misurazione sul Ruswilerberg per raccogliere dati sul vento e sul meteo per un parco eolico pianificato. Il palo monitora anche l'attivit\u00e0 dei pipistrelli, le temperature e l'umidit\u00e0. I dati mirano a garantire la fattibilit\u00e0 economica e la compatibilit\u00e0 ambientale del parco eolico.","og:url":"https:\/\/www.immo-invest.ch\/it\/bau-eines-messmastes-zur-windmessung-und-umweltueberwachung-gestartet\/","og:image":"https:\/\/www.immo-invest.ch\/wp-content\/uploads\/2024\/05\/Windmessmast_Aeberdingerhoechi.jpg","og:image:secure_url":"https:\/\/www.immo-invest.ch\/wp-content\/uploads\/2024\/05\/Windmessmast_Aeberdingerhoechi.jpg","og:image:width":2321,"og:image:height":1395,"article:published_time":"2024-05-24T12:52:11+00:00","article:modified_time":"2024-05-24T09:55:07+00:00","article:publisher":"https:\/\/www.facebook.com\/people\/Immoinvest\/100077962920504\/","twitter:card":"summary_large_image","twitter:site":"@i","twitter:title":"\u00c8 iniziata la costruzione di un pilone metrico per la misurazione del vento e il monitoraggio ambientale - immo!nvest - Die Plattform f\u00fcr Standorte und Immobilien","twitter:description":"CKW ha iniziato la costruzione di un palo di misurazione sul Ruswilerberg per raccogliere dati sul vento e sul meteo per un parco eolico pianificato. Il palo monitora anche l'attivit\u00e0 dei pipistrelli, le temperature e l'umidit\u00e0. I dati mirano a garantire la fattibilit\u00e0 economica e la compatibilit\u00e0 ambientale del parco eolico.","twitter:creator":"@i","twitter:image":"https:\/\/www.immo-invest.ch\/wp-content\/uploads\/2024\/05\/Windmessmast_Aeberdingerhoechi.jpg"},"aioseo_meta_data":{"post_id":"94212","title":null,"description":null,"keywords":null,"keyphrases":null,"primary_term":null,"canonical_url":null,"og_title":null,"og_description":null,"og_object_type":"default","og_image_type":"default","og_image_url":null,"og_image_width":null,"og_image_height":null,"og_image_custom_url":null,"og_image_custom_fields":null,"og_video":null,"og_custom_url":null,"og_article_section":null,"og_article_tags":null,"twitter_use_og":false,"twitter_card":"default","twitter_image_type":"default","twitter_image_url":null,"twitter_image_custom_url":null,"twitter_image_custom_fields":null,"twitter_title":null,"twitter_description":null,"schema":{"blockGraphs":[],"customGraphs":[],"default":{"data":{"Article":[],"Course":[],"Dataset":[],"FAQPage":[],"Movie":[],"Person":[],"Product":[],"ProductReview":[],"Car":[],"Recipe":[],"Service":[],"SoftwareApplication":[],"WebPage":[]},"graphName":"","isEnabled":true},"graphs":[]},"schema_type":"default","schema_type_options":null,"pillar_content":false,"robots_default":true,"robots_noindex":false,"robots_noarchive":false,"robots_nosnippet":false,"robots_nofollow":false,"robots_noimageindex":false,"robots_noodp":false,"robots_notranslate":false,"robots_max_snippet":null,"robots_max_videopreview":null,"robots_max_imagepreview":"large","priority":null,"frequency":null,"local_seo":null,"breadcrumb_settings":null,"limit_modified_date":false,"ai":null,"created":"2024-09-20 20:24:57","updated":"2025-10-24 02:43:12","seo_analyzer_scan_date":null,"focus_keyword":null,"additional_keywords":null,"truseo_locale":null},"aioseo_breadcrumb":"<div class=\"aioseo-breadcrumbs\"><span class=\"aioseo-breadcrumb\">\n\t\t\t<a href=\"https:\/\/www.immo-invest.ch\/it\/\" title=\"Home\">Home<\/a>\n\t\t<\/span><span class=\"aioseo-breadcrumb-separator\">&raquo;<\/span><span class=\"aioseo-breadcrumb\">\n\t\t\t<a href=\"https:\/\/www.immo-invest.ch\/it\/categoria\/regioni\/\" title=\"Regioni\">Regioni<\/a>\n\t\t<\/span><span class=\"aioseo-breadcrumb-separator\">&raquo;<\/span><span class=\"aioseo-breadcrumb\">\n\t\t\t<a href=\"https:\/\/www.immo-invest.ch\/it\/categoria\/regioni\/svizzera\/\" title=\"Svizzera\">Svizzera<\/a>\n\t\t<\/span><span class=\"aioseo-breadcrumb-separator\">&raquo;<\/span><span class=\"aioseo-breadcrumb\">\n\t\t\t<a href=\"https:\/\/www.immo-invest.ch\/it\/categoria\/regioni\/svizzera\/zentralschweiz-it\/\" title=\"Zentralschweiz\">Zentralschweiz<\/a>\n\t\t<\/span><span class=\"aioseo-breadcrumb-separator\">&raquo;<\/span><span class=\"aioseo-breadcrumb\">\n\t\t\t<a href=\"https:\/\/www.immo-invest.ch\/it\/categoria\/regioni\/svizzera\/zentralschweiz-it\/regione-lucerna\/\" title=\"Lucerna\">Lucerna<\/a>\n\t\t<\/span><span class=\"aioseo-breadcrumb-separator\">&raquo;<\/span><span class=\"aioseo-breadcrumb\">\n\t\t\t\u00c8 iniziata la costruzione di un pilone metrico per la misurazione del vento e il monitoraggio ambientale\n\t\t<\/span><\/div>","aioseo_breadcrumb_json":[{"label":"Home","link":"https:\/\/www.immo-invest.ch\/it\/"},{"label":"Regioni","link":"https:\/\/www.immo-invest.ch\/it\/categoria\/regioni\/"},{"label":"Svizzera","link":"https:\/\/www.immo-invest.ch\/it\/categoria\/regioni\/svizzera\/"},{"label":"Zentralschweiz","link":"https:\/\/www.immo-invest.ch\/it\/categoria\/regioni\/svizzera\/zentralschweiz-it\/"},{"label":"Lucerna","link":"https:\/\/www.immo-invest.ch\/it\/categoria\/regioni\/svizzera\/zentralschweiz-it\/regione-lucerna\/"},{"label":"\u00c8 iniziata la costruzione di un pilone metrico per la misurazione del vento e il monitoraggio ambientale","link":"https:\/\/www.immo-invest.ch\/it\/bau-eines-messmastes-zur-windmessung-und-umweltueberwachung-gestartet\/"}],"featured_image_src":"https:\/\/www.immo-invest.ch\/wp-content\/uploads\/2024\/05\/Windmessmast_Aeberdingerhoechi-336x168.jpg","_links":{"self":[{"href":"https:\/\/www.immo-invest.ch\/it\/wp-json\/wp\/v2\/posts\/94212","targetHints":{"allow":["GET"]}}],"collection":[{"href":"https:\/\/www.immo-invest.ch\/it\/wp-json\/wp\/v2\/posts"}],"about":[{"href":"https:\/\/www.immo-invest.ch\/it\/wp-json\/wp\/v2\/types\/post"}],"author":[{"embeddable":true,"href":"https:\/\/www.immo-invest.ch\/it\/wp-json\/wp\/v2\/users\/2"}],"replies":[{"embeddable":true,"href":"https:\/\/www.immo-invest.ch\/it\/wp-json\/wp\/v2\/comments?post=94212"}],"version-history":[{"count":0,"href":"https:\/\/www.immo-invest.ch\/it\/wp-json\/wp\/v2\/posts\/94212\/revisions"}],"wp:featuredmedia":[{"embeddable":true,"href":"https:\/\/www.immo-invest.ch\/it\/wp-json\/wp\/v2\/media\/96081"}],"wp:attachment":[{"href":"https:\/\/www.immo-invest.ch\/it\/wp-json\/wp\/v2\/media?parent=94212"}],"wp:term":[{"taxonomy":"category","embeddable":true,"href":"https:\/\/www.immo-invest.ch\/it\/wp-json\/wp\/v2\/categories?post=94212"},{"taxonomy":"post_tag","embeddable":true,"href":"https:\/\/www.immo-invest.ch\/it\/wp-json\/wp\/v2\/tags?post=94212"}],"curies":[{"name":"wp","href":"https:\/\/api.w.org\/{rel}","templated":true}]}}