{"id":93267,"date":"2024-05-17T15:49:16","date_gmt":"2024-05-17T13:49:16","guid":{"rendered":"https:\/\/www.immo-invest.ch\/st-galler-regierungspraesident-stefan-koelliker-strategischer-neuzugang-im-verwaltungsrat\/"},"modified":"2024-05-17T15:56:18","modified_gmt":"2024-05-17T13:56:18","slug":"st-galler-regierungspraesident-stefan-koelliker-strategischer-neuzugang-im-verwaltungsrat","status":"publish","type":"post","link":"https:\/\/www.immo-invest.ch\/it\/st-galler-regierungspraesident-stefan-koelliker-strategischer-neuzugang-im-verwaltungsrat\/","title":{"rendered":"Stefan K\u00f6lliker, Presidente del Governo di San Gallo, \u00e8 un nuovo membro strategico del Consiglio di Amministrazione"},"content":{"rendered":"<p class=\"wp-block-paragraph\">Nell&rsquo;ambito della riorganizzazione, che &egrave; accompagnata da un focus su edilizia, capitale e pensioni, Hans Klaus, membro di lunga data del Consiglio di Amministrazione, ha annunciato il suo ritiro. Questo passo segue il successo dell&rsquo;implementazione del riallineamento strategico dell&rsquo;azienda, che Klaus ha svolto un ruolo chiave nel definire dal 2021. La sua partenza segna la fine di un&rsquo;<span class=\"glossaryLink\"  aria-describedby=\"tt\"  data-cmtooltip=\"&lt;div class=glossaryItemTitle&gt;ERA&lt;\/div&gt;&lt;div class=glossaryItemBody&gt;Electronic Realty Associates; internationales Maklernetzwerk mit Schweizer Niederlassungen&nbsp;&lt;\/div&gt;\"  data-mobile-support=\"0\"  data-gt-translate-attributes='[{\"attribute\":\"data-cmtooltip\", \"format\":\"html\"}]' tabindex='0' role='link'>era<\/span> in cui ha contribuito in modo significativo allo sviluppo e al posizionamento di Admicasa.<\/p>\n\n\n\n<p class=\"wp-block-paragraph\"><strong><br>Nuovo impulso da Stefan K&ouml;lliker<\/strong>Con la nomina di Stefan K&ouml;lliker, che ha una conoscenza approfondita della politica e dell&rsquo;economia, Admicasa si concentra su una strategia innovativa e interdisciplinare continua. L&rsquo;esperienza di K&ouml;lliker, che ha ricoperto il ruolo di Capo del Dipartimento dell&rsquo;Educazione e di Presidente del Governo di San Gallo, &egrave; particolarmente preziosa per i progetti e le sfide future, come la lotta alla carenza di alloggi.<strong><\/strong><\/p>\n\n\n\n<p class=\"wp-block-paragraph\">Lo stesso K&ouml;lliker sottolinea il potenziale innovativo dell&rsquo;azienda e l&rsquo;opportunit&agrave; di contribuire attivamente con le sue ampie conoscenze. La sua visione di affrontare problemi intersettoriali con nuovi approcci &egrave; molto apprezzata da Serge Aerne. Aerne vede K&ouml;lliker non solo come un successore, ma anche come una forza trainante che arricchir&agrave; l&rsquo;azienda con la sua vasta rete e le sue competenze politiche ed economiche.<\/p>\n\n\n\n<p class=\"wp-block-paragraph\"><strong><br>Prospettive e obiettivi strategici<\/strong>Con l&rsquo;integrazione di Stefan K&ouml;lliker nel Consiglio di Amministrazione, Admicasa persegue l&rsquo;obiettivo di espandere ulteriormente la sua posizione di leader di mercato. Il background e la mentalit&agrave; strategica di K&ouml;lliker sono fondamentali per tracciare la rotta di un futuro di successo e guidare Admicasa in una nuova fase di crescita e innovazione.<strong><\/strong><\/p>\n","protected":false},"excerpt":{"rendered":"<p>Dopo un ampio riorientamento, Admicasa d\u00e0 il benvenuto all&#8217;ex presidente del distretto di San Gallo Stefan K\u00f6lliker come nuovo membro del consiglio. K\u00f6lliker, recentemente ritiratosi dalla politica attiva, apporta una vasta esperienza alla guida strategica e all&#8217;ulteriore sviluppo del gruppo.<\/p>\n","protected":false},"author":2,"featured_media":93261,"comment_status":"open","ping_status":"open","sticky":false,"template":"","format":"standard","meta":{"pmpro_default_level":"0","inline_featured_image":false,"_monsterinsights_skip_tracking":false,"footnotes":""},"categories":[9431,745,4465,9455],"tags":[2212,852,37693,5964,46714,46715,2814,46716,6556,11305,2422],"class_list":["post-93267","post","type-post","status-publish","format-standard","has-post-thumbnail","hentry","category-business-it","category-immonews-it","category-persone","category-regione-san-gallo","tag-bauwesen-it","tag-immobilien-it","tag-immonew-it","tag-kapital-it","tag-neuformierung-it","tag-neuzuwachs-it","tag-politik-it","tag-regierungspraesident-it","tag-verwaltungsrat-it","tag-vorsorge-it","tag-wirtschaft-it","pmpro-has-access"],"acf":{"bild_mit_ki_erstellt_worden":[],"lead":"Dopo un ampio riorientamento, Admicasa d\u00e0 il benvenuto all'ex presidente del distretto di San Gallo Stefan K\u00f6lliker come nuovo membro del consiglio. K\u00f6lliker, recentemente ritiratosi dalla politica attiva, apporta una vasta esperienza alla guida strategica e all'ulteriore sviluppo del gruppo.","autor":"Quelle: Admincasa","ort":"","bildunterschrift":"","bild_im_grid":false,"gallerie":"","newsim":""},"aioseo_notices":[],"aioseo_head":"\n\t\t<!-- All in One SEO 5.0.0.1 - aioseo.com -->\n\t<meta name=\"description\" content=\"Dopo un ampio riorientamento, Admicasa d\u00e0 il benvenuto all&#039;ex presidente del distretto di San Gallo Stefan K\u00f6lliker come nuovo membro del consiglio. K\u00f6lliker, recentemente ritiratosi dalla politica attiva, apporta una vasta esperienza alla guida strategica e all&#039;ulteriore sviluppo del gruppo.\" \/>\n\t<meta name=\"robots\" content=\"max-image-preview:large\" \/>\n\t<meta name=\"author\" content=\"immovestuser\"\/>\n\t<meta name=\"google-site-verification\" content=\"fHJKvgWpZCR2zVBHWfkQeFXC11qieUSff0HGNYfuyLA\" \/>\n\t<link rel=\"canonical\" href=\"https:\/\/www.immo-invest.ch\/it\/st-galler-regierungspraesident-stefan-koelliker-strategischer-neuzugang-im-verwaltungsrat\/\" \/>\n\t<meta name=\"generator\" content=\"All in One SEO (AIOSEO) 5.0.0.1\" \/>\n\t\t<meta property=\"og:locale\" content=\"it_IT\" \/>\n\t\t<meta property=\"og:site_name\" content=\"immo!nvest - Die Plattform f\u00fcr Standorte und Immobilien - Die\u00a0Plattform f\u00fcr Standorte und Immobilien\" \/>\n\t\t<meta property=\"og:type\" content=\"article\" \/>\n\t\t<meta property=\"og:title\" content=\"Stefan K\u00f6lliker, Presidente del Governo di San Gallo, \u00e8 un nuovo membro strategico del Consiglio di Amministrazione - immo!nvest - Die Plattform f\u00fcr Standorte und Immobilien\" \/>\n\t\t<meta property=\"og:description\" content=\"Dopo un ampio riorientamento, Admicasa d\u00e0 il benvenuto all&#039;ex presidente del distretto di San Gallo Stefan K\u00f6lliker come nuovo membro del consiglio. K\u00f6lliker, recentemente ritiratosi dalla politica attiva, apporta una vasta esperienza alla guida strategica e all&#039;ulteriore sviluppo del gruppo.\" \/>\n\t\t<meta property=\"og:url\" content=\"https:\/\/www.immo-invest.ch\/it\/st-galler-regierungspraesident-stefan-koelliker-strategischer-neuzugang-im-verwaltungsrat\/\" \/>\n\t\t<meta property=\"og:image\" content=\"https:\/\/www.immo-invest.ch\/wp-content\/uploads\/2024\/05\/Stefan_Ko\u0308lliker-scaled.jpg\" \/>\n\t\t<meta property=\"og:image:secure_url\" content=\"https:\/\/www.immo-invest.ch\/wp-content\/uploads\/2024\/05\/Stefan_Ko\u0308lliker-scaled.jpg\" \/>\n\t\t<meta property=\"og:image:width\" content=\"2560\" \/>\n\t\t<meta property=\"og:image:height\" content=\"1280\" \/>\n\t\t<meta property=\"article:published_time\" content=\"2024-05-17T13:49:16+00:00\" \/>\n\t\t<meta property=\"article:modified_time\" content=\"2024-05-17T13:56:18+00:00\" \/>\n\t\t<meta property=\"article:publisher\" content=\"https:\/\/www.facebook.com\/people\/Immoinvest\/100077962920504\/\" \/>\n\t\t<meta name=\"twitter:card\" content=\"summary_large_image\" \/>\n\t\t<meta name=\"twitter:site\" content=\"@i\" \/>\n\t\t<meta name=\"twitter:title\" content=\"Stefan K\u00f6lliker, Presidente del Governo di San Gallo, \u00e8 un nuovo membro strategico del Consiglio di Amministrazione - immo!nvest - Die Plattform f\u00fcr Standorte und Immobilien\" \/>\n\t\t<meta name=\"twitter:description\" content=\"Dopo un ampio riorientamento, Admicasa d\u00e0 il benvenuto all&#039;ex presidente del distretto di San Gallo Stefan K\u00f6lliker come nuovo membro del consiglio. K\u00f6lliker, recentemente ritiratosi dalla politica attiva, apporta una vasta esperienza alla guida strategica e all&#039;ulteriore sviluppo del gruppo.\" \/>\n\t\t<meta name=\"twitter:creator\" content=\"@i\" \/>\n\t\t<meta name=\"twitter:image\" content=\"https:\/\/www.immo-invest.ch\/wp-content\/uploads\/2024\/05\/Stefan_Ko\u0308lliker-scaled.jpg\" \/>\n\t\t<script type=\"application\/ld+json\" class=\"aioseo-schema\">\n\t\t\t{\"@context\":\"https:\\\/\\\/schema.org\",\"@graph\":[{\"@type\":\"BlogPosting\",\"@id\":\"https:\\\/\\\/www.immo-invest.ch\\\/it\\\/st-galler-regierungspraesident-stefan-koelliker-strategischer-neuzugang-im-verwaltungsrat\\\/#blogposting\",\"name\":\"Stefan K\\u00f6lliker, Presidente del Governo di San Gallo, \\u00e8 un nuovo membro strategico del Consiglio di Amministrazione - immo!nvest - Die Plattform f\\u00fcr Standorte und Immobilien\",\"headline\":\"Stefan K\\u00f6lliker, Presidente del Governo di San Gallo, \\u00e8 un nuovo membro strategico del Consiglio di Amministrazione\",\"author\":{\"@id\":\"https:\\\/\\\/www.immo-invest.ch\\\/it\\\/author\\\/immovestuser\\\/#author\"},\"publisher\":{\"@id\":\"https:\\\/\\\/www.immo-invest.ch\\\/it\\\/#organization\"},\"image\":{\"@type\":\"ImageObject\",\"url\":\"https:\\\/\\\/www.immo-invest.ch\\\/wp-content\\\/uploads\\\/2024\\\/05\\\/Stefan_Ko\\u0308lliker-scaled.jpg\",\"width\":2560,\"height\":1280},\"datePublished\":\"2024-05-17T15:49:16+02:00\",\"dateModified\":\"2024-05-17T15:56:18+02:00\",\"inLanguage\":\"it-IT\",\"mainEntityOfPage\":{\"@id\":\"https:\\\/\\\/www.immo-invest.ch\\\/it\\\/st-galler-regierungspraesident-stefan-koelliker-strategischer-neuzugang-im-verwaltungsrat\\\/#webpage\"},\"isPartOf\":{\"@id\":\"https:\\\/\\\/www.immo-invest.ch\\\/it\\\/st-galler-regierungspraesident-stefan-koelliker-strategischer-neuzugang-im-verwaltungsrat\\\/#webpage\"},\"articleSection\":\"Business, immoNews, Persone, San Gallo, Bauwesen, immobilien, immoNew, Kapital, Neuformierung, Neuzuwachs, Politik, Regierungspr\\u00e4sident, Verwaltungsrat, Vorsorge, wirtschaft, Optional\"},{\"@type\":\"BreadcrumbList\",\"@id\":\"https:\\\/\\\/www.immo-invest.ch\\\/it\\\/st-galler-regierungspraesident-stefan-koelliker-strategischer-neuzugang-im-verwaltungsrat\\\/#breadcrumblist\",\"itemListElement\":[{\"@type\":\"ListItem\",\"@id\":\"https:\\\/\\\/www.immo-invest.ch\\\/it\\\/#listItem\",\"position\":1,\"name\":\"Home\",\"item\":\"https:\\\/\\\/www.immo-invest.ch\\\/it\\\/\",\"nextItem\":{\"@type\":\"ListItem\",\"@id\":\"https:\\\/\\\/www.immo-invest.ch\\\/it\\\/categoria\\\/regioni\\\/#listItem\",\"name\":\"Regioni\"}},{\"@type\":\"ListItem\",\"@id\":\"https:\\\/\\\/www.immo-invest.ch\\\/it\\\/categoria\\\/regioni\\\/#listItem\",\"position\":2,\"name\":\"Regioni\",\"item\":\"https:\\\/\\\/www.immo-invest.ch\\\/it\\\/categoria\\\/regioni\\\/\",\"nextItem\":{\"@type\":\"ListItem\",\"@id\":\"https:\\\/\\\/www.immo-invest.ch\\\/it\\\/categoria\\\/regioni\\\/svizzera\\\/#listItem\",\"name\":\"Svizzera\"},\"previousItem\":{\"@type\":\"ListItem\",\"@id\":\"https:\\\/\\\/www.immo-invest.ch\\\/it\\\/#listItem\",\"name\":\"Home\"}},{\"@type\":\"ListItem\",\"@id\":\"https:\\\/\\\/www.immo-invest.ch\\\/it\\\/categoria\\\/regioni\\\/svizzera\\\/#listItem\",\"position\":3,\"name\":\"Svizzera\",\"item\":\"https:\\\/\\\/www.immo-invest.ch\\\/it\\\/categoria\\\/regioni\\\/svizzera\\\/\",\"nextItem\":{\"@type\":\"ListItem\",\"@id\":\"https:\\\/\\\/www.immo-invest.ch\\\/it\\\/categoria\\\/regioni\\\/svizzera\\\/svizzera-orientale\\\/#listItem\",\"name\":\"Svizzera orientale\"},\"previousItem\":{\"@type\":\"ListItem\",\"@id\":\"https:\\\/\\\/www.immo-invest.ch\\\/it\\\/categoria\\\/regioni\\\/#listItem\",\"name\":\"Regioni\"}},{\"@type\":\"ListItem\",\"@id\":\"https:\\\/\\\/www.immo-invest.ch\\\/it\\\/categoria\\\/regioni\\\/svizzera\\\/svizzera-orientale\\\/#listItem\",\"position\":4,\"name\":\"Svizzera orientale\",\"item\":\"https:\\\/\\\/www.immo-invest.ch\\\/it\\\/categoria\\\/regioni\\\/svizzera\\\/svizzera-orientale\\\/\",\"nextItem\":{\"@type\":\"ListItem\",\"@id\":\"https:\\\/\\\/www.immo-invest.ch\\\/it\\\/categoria\\\/regioni\\\/svizzera\\\/svizzera-orientale\\\/regione-san-gallo\\\/#listItem\",\"name\":\"San Gallo\"},\"previousItem\":{\"@type\":\"ListItem\",\"@id\":\"https:\\\/\\\/www.immo-invest.ch\\\/it\\\/categoria\\\/regioni\\\/svizzera\\\/#listItem\",\"name\":\"Svizzera\"}},{\"@type\":\"ListItem\",\"@id\":\"https:\\\/\\\/www.immo-invest.ch\\\/it\\\/categoria\\\/regioni\\\/svizzera\\\/svizzera-orientale\\\/regione-san-gallo\\\/#listItem\",\"position\":5,\"name\":\"San Gallo\",\"item\":\"https:\\\/\\\/www.immo-invest.ch\\\/it\\\/categoria\\\/regioni\\\/svizzera\\\/svizzera-orientale\\\/regione-san-gallo\\\/\",\"nextItem\":{\"@type\":\"ListItem\",\"@id\":\"https:\\\/\\\/www.immo-invest.ch\\\/it\\\/st-galler-regierungspraesident-stefan-koelliker-strategischer-neuzugang-im-verwaltungsrat\\\/#listItem\",\"name\":\"Stefan K\\u00f6lliker, Presidente del Governo di San Gallo, \\u00e8 un nuovo membro strategico del Consiglio di Amministrazione\"},\"previousItem\":{\"@type\":\"ListItem\",\"@id\":\"https:\\\/\\\/www.immo-invest.ch\\\/it\\\/categoria\\\/regioni\\\/svizzera\\\/svizzera-orientale\\\/#listItem\",\"name\":\"Svizzera orientale\"}},{\"@type\":\"ListItem\",\"@id\":\"https:\\\/\\\/www.immo-invest.ch\\\/it\\\/st-galler-regierungspraesident-stefan-koelliker-strategischer-neuzugang-im-verwaltungsrat\\\/#listItem\",\"position\":6,\"name\":\"Stefan K\\u00f6lliker, Presidente del Governo di San Gallo, \\u00e8 un nuovo membro strategico del Consiglio di Amministrazione\",\"previousItem\":{\"@type\":\"ListItem\",\"@id\":\"https:\\\/\\\/www.immo-invest.ch\\\/it\\\/categoria\\\/regioni\\\/svizzera\\\/svizzera-orientale\\\/regione-san-gallo\\\/#listItem\",\"name\":\"San Gallo\"}}]},{\"@type\":\"Organization\",\"@id\":\"https:\\\/\\\/www.immo-invest.ch\\\/it\\\/#organization\",\"name\":\"immo!nvest - Die Plattform f\\u00fcr Standorte und Immobilien\",\"description\":\"Die\\u00a0Plattform f\\u00fcr Standorte und Immobilien\",\"url\":\"https:\\\/\\\/www.immo-invest.ch\\\/it\\\/\",\"email\":\"admin@immomedia.ag\",\"telephone\":\"+41444420002\",\"logo\":{\"@type\":\"ImageObject\",\"url\":\"https:\\\/\\\/www.immo-invest.ch\\\/wp-content\\\/uploads\\\/2024\\\/09\\\/immoinvest_sm-scaled.jpg\",\"@id\":\"https:\\\/\\\/www.immo-invest.ch\\\/it\\\/st-galler-regierungspraesident-stefan-koelliker-strategischer-neuzugang-im-verwaltungsrat\\\/#organizationLogo\",\"width\":2560,\"height\":1340},\"image\":{\"@id\":\"https:\\\/\\\/www.immo-invest.ch\\\/it\\\/st-galler-regierungspraesident-stefan-koelliker-strategischer-neuzugang-im-verwaltungsrat\\\/#organizationLogo\"},\"sameAs\":[\"https:\\\/\\\/www.facebook.com\\\/people\\\/Immoinvest\\\/100077962920504\\\/\",\"https:\\\/\\\/x.com\\\/i\\\/flow\\\/login?redirect_after_login=immoinvest_ch\",\"https:\\\/\\\/www.instagram.com\\\/immoinvest_ch\\\/\",\"https:\\\/\\\/www.linkedin.com\\\/company\\\/immoinvest-swiss\"]},{\"@type\":\"Person\",\"@id\":\"https:\\\/\\\/www.immo-invest.ch\\\/it\\\/author\\\/immovestuser\\\/#author\",\"url\":\"https:\\\/\\\/www.immo-invest.ch\\\/it\\\/author\\\/immovestuser\\\/\",\"name\":\"immovestuser\",\"image\":{\"@type\":\"ImageObject\",\"@id\":\"https:\\\/\\\/www.immo-invest.ch\\\/it\\\/st-galler-regierungspraesident-stefan-koelliker-strategischer-neuzugang-im-verwaltungsrat\\\/#authorImage\",\"url\":\"https:\\\/\\\/secure.gravatar.com\\\/avatar\\\/8e01f4d99f2eeea7a362ebb93305e1172a70e9293ba250f897a65c39f54cdd1e?s=96&d=mm&r=g\",\"width\":96,\"height\":96,\"caption\":\"immovestuser\"}},{\"@type\":\"WebPage\",\"@id\":\"https:\\\/\\\/www.immo-invest.ch\\\/it\\\/st-galler-regierungspraesident-stefan-koelliker-strategischer-neuzugang-im-verwaltungsrat\\\/#webpage\",\"url\":\"https:\\\/\\\/www.immo-invest.ch\\\/it\\\/st-galler-regierungspraesident-stefan-koelliker-strategischer-neuzugang-im-verwaltungsrat\\\/\",\"name\":\"Stefan K\\u00f6lliker, Presidente del Governo di San Gallo, \\u00e8 un nuovo membro strategico del Consiglio di Amministrazione - immo!nvest - Die Plattform f\\u00fcr Standorte und Immobilien\",\"description\":\"Dopo un ampio riorientamento, Admicasa d\\u00e0 il benvenuto all'ex presidente del distretto di San Gallo Stefan K\\u00f6lliker come nuovo membro del consiglio. K\\u00f6lliker, recentemente ritiratosi dalla politica attiva, apporta una vasta esperienza alla guida strategica e all'ulteriore sviluppo del gruppo.\",\"inLanguage\":\"it-IT\",\"isPartOf\":{\"@id\":\"https:\\\/\\\/www.immo-invest.ch\\\/it\\\/#website\"},\"breadcrumb\":{\"@id\":\"https:\\\/\\\/www.immo-invest.ch\\\/it\\\/st-galler-regierungspraesident-stefan-koelliker-strategischer-neuzugang-im-verwaltungsrat\\\/#breadcrumblist\"},\"author\":{\"@id\":\"https:\\\/\\\/www.immo-invest.ch\\\/it\\\/author\\\/immovestuser\\\/#author\"},\"creator\":{\"@id\":\"https:\\\/\\\/www.immo-invest.ch\\\/it\\\/author\\\/immovestuser\\\/#author\"},\"image\":{\"@type\":\"ImageObject\",\"url\":\"https:\\\/\\\/www.immo-invest.ch\\\/wp-content\\\/uploads\\\/2024\\\/05\\\/Stefan_Ko\\u0308lliker-scaled.jpg\",\"@id\":\"https:\\\/\\\/www.immo-invest.ch\\\/it\\\/st-galler-regierungspraesident-stefan-koelliker-strategischer-neuzugang-im-verwaltungsrat\\\/#mainImage\",\"width\":2560,\"height\":1280},\"primaryImageOfPage\":{\"@id\":\"https:\\\/\\\/www.immo-invest.ch\\\/it\\\/st-galler-regierungspraesident-stefan-koelliker-strategischer-neuzugang-im-verwaltungsrat\\\/#mainImage\"},\"datePublished\":\"2024-05-17T15:49:16+02:00\",\"dateModified\":\"2024-05-17T15:56:18+02:00\"},{\"@type\":\"WebSite\",\"@id\":\"https:\\\/\\\/www.immo-invest.ch\\\/it\\\/#website\",\"url\":\"https:\\\/\\\/www.immo-invest.ch\\\/it\\\/\",\"name\":\"immo!nvest - Die Plattform f\\u00fcr Standorte und Immobilien\",\"description\":\"Die\\u00a0Plattform f\\u00fcr Standorte und Immobilien\",\"inLanguage\":\"it-IT\",\"publisher\":{\"@id\":\"https:\\\/\\\/www.immo-invest.ch\\\/it\\\/#organization\"}}]}\n\t\t<\/script>\n\t\t<!-- All in One SEO -->\n\n","aioseo_head_json":{"title":"Stefan K\u00f6lliker, Presidente del Governo di San Gallo, \u00e8 un nuovo membro strategico del Consiglio di Amministrazione - immo!nvest - Die Plattform f\u00fcr Standorte und Immobilien","description":"Dopo un ampio riorientamento, Admicasa d\u00e0 il benvenuto all'ex presidente del distretto di San Gallo Stefan K\u00f6lliker come nuovo membro del consiglio. K\u00f6lliker, recentemente ritiratosi dalla politica attiva, apporta una vasta esperienza alla guida strategica e all'ulteriore sviluppo del gruppo.","canonical_url":"https:\/\/www.immo-invest.ch\/it\/st-galler-regierungspraesident-stefan-koelliker-strategischer-neuzugang-im-verwaltungsrat\/","robots":"max-image-preview:large","keywords":"","webmasterTools":{"google-site-verification":"fHJKvgWpZCR2zVBHWfkQeFXC11qieUSff0HGNYfuyLA","miscellaneous":""},"schema":{"@context":"https:\/\/schema.org","@graph":[{"@type":"BlogPosting","@id":"https:\/\/www.immo-invest.ch\/it\/st-galler-regierungspraesident-stefan-koelliker-strategischer-neuzugang-im-verwaltungsrat\/#blogposting","name":"Stefan K\u00f6lliker, Presidente del Governo di San Gallo, \u00e8 un nuovo membro strategico del Consiglio di Amministrazione - immo!nvest - Die Plattform f\u00fcr Standorte und Immobilien","headline":"Stefan K\u00f6lliker, Presidente del Governo di San Gallo, \u00e8 un nuovo membro strategico del Consiglio di Amministrazione","author":{"@id":"https:\/\/www.immo-invest.ch\/it\/author\/immovestuser\/#author"},"publisher":{"@id":"https:\/\/www.immo-invest.ch\/it\/#organization"},"image":{"@type":"ImageObject","url":"https:\/\/www.immo-invest.ch\/wp-content\/uploads\/2024\/05\/Stefan_Ko\u0308lliker-scaled.jpg","width":2560,"height":1280},"datePublished":"2024-05-17T15:49:16+02:00","dateModified":"2024-05-17T15:56:18+02:00","inLanguage":"it-IT","mainEntityOfPage":{"@id":"https:\/\/www.immo-invest.ch\/it\/st-galler-regierungspraesident-stefan-koelliker-strategischer-neuzugang-im-verwaltungsrat\/#webpage"},"isPartOf":{"@id":"https:\/\/www.immo-invest.ch\/it\/st-galler-regierungspraesident-stefan-koelliker-strategischer-neuzugang-im-verwaltungsrat\/#webpage"},"articleSection":"Business, immoNews, Persone, San Gallo, Bauwesen, immobilien, immoNew, Kapital, Neuformierung, Neuzuwachs, Politik, Regierungspr\u00e4sident, Verwaltungsrat, Vorsorge, wirtschaft, Optional"},{"@type":"BreadcrumbList","@id":"https:\/\/www.immo-invest.ch\/it\/st-galler-regierungspraesident-stefan-koelliker-strategischer-neuzugang-im-verwaltungsrat\/#breadcrumblist","itemListElement":[{"@type":"ListItem","@id":"https:\/\/www.immo-invest.ch\/it\/#listItem","position":1,"name":"Home","item":"https:\/\/www.immo-invest.ch\/it\/","nextItem":{"@type":"ListItem","@id":"https:\/\/www.immo-invest.ch\/it\/categoria\/regioni\/#listItem","name":"Regioni"}},{"@type":"ListItem","@id":"https:\/\/www.immo-invest.ch\/it\/categoria\/regioni\/#listItem","position":2,"name":"Regioni","item":"https:\/\/www.immo-invest.ch\/it\/categoria\/regioni\/","nextItem":{"@type":"ListItem","@id":"https:\/\/www.immo-invest.ch\/it\/categoria\/regioni\/svizzera\/#listItem","name":"Svizzera"},"previousItem":{"@type":"ListItem","@id":"https:\/\/www.immo-invest.ch\/it\/#listItem","name":"Home"}},{"@type":"ListItem","@id":"https:\/\/www.immo-invest.ch\/it\/categoria\/regioni\/svizzera\/#listItem","position":3,"name":"Svizzera","item":"https:\/\/www.immo-invest.ch\/it\/categoria\/regioni\/svizzera\/","nextItem":{"@type":"ListItem","@id":"https:\/\/www.immo-invest.ch\/it\/categoria\/regioni\/svizzera\/svizzera-orientale\/#listItem","name":"Svizzera orientale"},"previousItem":{"@type":"ListItem","@id":"https:\/\/www.immo-invest.ch\/it\/categoria\/regioni\/#listItem","name":"Regioni"}},{"@type":"ListItem","@id":"https:\/\/www.immo-invest.ch\/it\/categoria\/regioni\/svizzera\/svizzera-orientale\/#listItem","position":4,"name":"Svizzera orientale","item":"https:\/\/www.immo-invest.ch\/it\/categoria\/regioni\/svizzera\/svizzera-orientale\/","nextItem":{"@type":"ListItem","@id":"https:\/\/www.immo-invest.ch\/it\/categoria\/regioni\/svizzera\/svizzera-orientale\/regione-san-gallo\/#listItem","name":"San Gallo"},"previousItem":{"@type":"ListItem","@id":"https:\/\/www.immo-invest.ch\/it\/categoria\/regioni\/svizzera\/#listItem","name":"Svizzera"}},{"@type":"ListItem","@id":"https:\/\/www.immo-invest.ch\/it\/categoria\/regioni\/svizzera\/svizzera-orientale\/regione-san-gallo\/#listItem","position":5,"name":"San Gallo","item":"https:\/\/www.immo-invest.ch\/it\/categoria\/regioni\/svizzera\/svizzera-orientale\/regione-san-gallo\/","nextItem":{"@type":"ListItem","@id":"https:\/\/www.immo-invest.ch\/it\/st-galler-regierungspraesident-stefan-koelliker-strategischer-neuzugang-im-verwaltungsrat\/#listItem","name":"Stefan K\u00f6lliker, Presidente del Governo di San Gallo, \u00e8 un nuovo membro strategico del Consiglio di Amministrazione"},"previousItem":{"@type":"ListItem","@id":"https:\/\/www.immo-invest.ch\/it\/categoria\/regioni\/svizzera\/svizzera-orientale\/#listItem","name":"Svizzera orientale"}},{"@type":"ListItem","@id":"https:\/\/www.immo-invest.ch\/it\/st-galler-regierungspraesident-stefan-koelliker-strategischer-neuzugang-im-verwaltungsrat\/#listItem","position":6,"name":"Stefan K\u00f6lliker, Presidente del Governo di San Gallo, \u00e8 un nuovo membro strategico del Consiglio di Amministrazione","previousItem":{"@type":"ListItem","@id":"https:\/\/www.immo-invest.ch\/it\/categoria\/regioni\/svizzera\/svizzera-orientale\/regione-san-gallo\/#listItem","name":"San Gallo"}}]},{"@type":"Organization","@id":"https:\/\/www.immo-invest.ch\/it\/#organization","name":"immo!nvest - Die Plattform f\u00fcr Standorte und Immobilien","description":"Die\u00a0Plattform f\u00fcr Standorte und Immobilien","url":"https:\/\/www.immo-invest.ch\/it\/","email":"admin@immomedia.ag","telephone":"+41444420002","logo":{"@type":"ImageObject","url":"https:\/\/www.immo-invest.ch\/wp-content\/uploads\/2024\/09\/immoinvest_sm-scaled.jpg","@id":"https:\/\/www.immo-invest.ch\/it\/st-galler-regierungspraesident-stefan-koelliker-strategischer-neuzugang-im-verwaltungsrat\/#organizationLogo","width":2560,"height":1340},"image":{"@id":"https:\/\/www.immo-invest.ch\/it\/st-galler-regierungspraesident-stefan-koelliker-strategischer-neuzugang-im-verwaltungsrat\/#organizationLogo"},"sameAs":["https:\/\/www.facebook.com\/people\/Immoinvest\/100077962920504\/","https:\/\/x.com\/i\/flow\/login?redirect_after_login=immoinvest_ch","https:\/\/www.instagram.com\/immoinvest_ch\/","https:\/\/www.linkedin.com\/company\/immoinvest-swiss"]},{"@type":"Person","@id":"https:\/\/www.immo-invest.ch\/it\/author\/immovestuser\/#author","url":"https:\/\/www.immo-invest.ch\/it\/author\/immovestuser\/","name":"immovestuser","image":{"@type":"ImageObject","@id":"https:\/\/www.immo-invest.ch\/it\/st-galler-regierungspraesident-stefan-koelliker-strategischer-neuzugang-im-verwaltungsrat\/#authorImage","url":"https:\/\/secure.gravatar.com\/avatar\/8e01f4d99f2eeea7a362ebb93305e1172a70e9293ba250f897a65c39f54cdd1e?s=96&d=mm&r=g","width":96,"height":96,"caption":"immovestuser"}},{"@type":"WebPage","@id":"https:\/\/www.immo-invest.ch\/it\/st-galler-regierungspraesident-stefan-koelliker-strategischer-neuzugang-im-verwaltungsrat\/#webpage","url":"https:\/\/www.immo-invest.ch\/it\/st-galler-regierungspraesident-stefan-koelliker-strategischer-neuzugang-im-verwaltungsrat\/","name":"Stefan K\u00f6lliker, Presidente del Governo di San Gallo, \u00e8 un nuovo membro strategico del Consiglio di Amministrazione - immo!nvest - Die Plattform f\u00fcr Standorte und Immobilien","description":"Dopo un ampio riorientamento, Admicasa d\u00e0 il benvenuto all'ex presidente del distretto di San Gallo Stefan K\u00f6lliker come nuovo membro del consiglio. K\u00f6lliker, recentemente ritiratosi dalla politica attiva, apporta una vasta esperienza alla guida strategica e all'ulteriore sviluppo del gruppo.","inLanguage":"it-IT","isPartOf":{"@id":"https:\/\/www.immo-invest.ch\/it\/#website"},"breadcrumb":{"@id":"https:\/\/www.immo-invest.ch\/it\/st-galler-regierungspraesident-stefan-koelliker-strategischer-neuzugang-im-verwaltungsrat\/#breadcrumblist"},"author":{"@id":"https:\/\/www.immo-invest.ch\/it\/author\/immovestuser\/#author"},"creator":{"@id":"https:\/\/www.immo-invest.ch\/it\/author\/immovestuser\/#author"},"image":{"@type":"ImageObject","url":"https:\/\/www.immo-invest.ch\/wp-content\/uploads\/2024\/05\/Stefan_Ko\u0308lliker-scaled.jpg","@id":"https:\/\/www.immo-invest.ch\/it\/st-galler-regierungspraesident-stefan-koelliker-strategischer-neuzugang-im-verwaltungsrat\/#mainImage","width":2560,"height":1280},"primaryImageOfPage":{"@id":"https:\/\/www.immo-invest.ch\/it\/st-galler-regierungspraesident-stefan-koelliker-strategischer-neuzugang-im-verwaltungsrat\/#mainImage"},"datePublished":"2024-05-17T15:49:16+02:00","dateModified":"2024-05-17T15:56:18+02:00"},{"@type":"WebSite","@id":"https:\/\/www.immo-invest.ch\/it\/#website","url":"https:\/\/www.immo-invest.ch\/it\/","name":"immo!nvest - Die Plattform f\u00fcr Standorte und Immobilien","description":"Die\u00a0Plattform f\u00fcr Standorte und Immobilien","inLanguage":"it-IT","publisher":{"@id":"https:\/\/www.immo-invest.ch\/it\/#organization"}}]},"og:locale":"it_IT","og:site_name":"immo!nvest - Die Plattform f\u00fcr Standorte und Immobilien - Die\u00a0Plattform f\u00fcr Standorte und Immobilien","og:type":"article","og:title":"Stefan K\u00f6lliker, Presidente del Governo di San Gallo, \u00e8 un nuovo membro strategico del Consiglio di Amministrazione - immo!nvest - Die Plattform f\u00fcr Standorte und Immobilien","og:description":"Dopo un ampio riorientamento, Admicasa d\u00e0 il benvenuto all'ex presidente del distretto di San Gallo Stefan K\u00f6lliker come nuovo membro del consiglio. K\u00f6lliker, recentemente ritiratosi dalla politica attiva, apporta una vasta esperienza alla guida strategica e all'ulteriore sviluppo del gruppo.","og:url":"https:\/\/www.immo-invest.ch\/it\/st-galler-regierungspraesident-stefan-koelliker-strategischer-neuzugang-im-verwaltungsrat\/","og:image":"https:\/\/www.immo-invest.ch\/wp-content\/uploads\/2024\/05\/Stefan_Ko\u0308lliker-scaled.jpg","og:image:secure_url":"https:\/\/www.immo-invest.ch\/wp-content\/uploads\/2024\/05\/Stefan_Ko\u0308lliker-scaled.jpg","og:image:width":2560,"og:image:height":1280,"article:published_time":"2024-05-17T13:49:16+00:00","article:modified_time":"2024-05-17T13:56:18+00:00","article:publisher":"https:\/\/www.facebook.com\/people\/Immoinvest\/100077962920504\/","twitter:card":"summary_large_image","twitter:site":"@i","twitter:title":"Stefan K\u00f6lliker, Presidente del Governo di San Gallo, \u00e8 un nuovo membro strategico del Consiglio di Amministrazione - immo!nvest - Die Plattform f\u00fcr Standorte und Immobilien","twitter:description":"Dopo un ampio riorientamento, Admicasa d\u00e0 il benvenuto all'ex presidente del distretto di San Gallo Stefan K\u00f6lliker come nuovo membro del consiglio. K\u00f6lliker, recentemente ritiratosi dalla politica attiva, apporta una vasta esperienza alla guida strategica e all'ulteriore sviluppo del gruppo.","twitter:creator":"@i","twitter:image":"https:\/\/www.immo-invest.ch\/wp-content\/uploads\/2024\/05\/Stefan_Ko\u0308lliker-scaled.jpg"},"aioseo_meta_data":{"post_id":"93267","title":null,"description":null,"keywords":null,"keyphrases":null,"primary_term":null,"canonical_url":null,"og_title":null,"og_description":null,"og_object_type":"default","og_image_type":"default","og_image_url":null,"og_image_width":null,"og_image_height":null,"og_image_custom_url":null,"og_image_custom_fields":null,"og_video":null,"og_custom_url":null,"og_article_section":null,"og_article_tags":null,"twitter_use_og":false,"twitter_card":"default","twitter_image_type":"default","twitter_image_url":null,"twitter_image_custom_url":null,"twitter_image_custom_fields":null,"twitter_title":null,"twitter_description":null,"schema":{"blockGraphs":[],"customGraphs":[],"default":{"data":{"Article":[],"Course":[],"Dataset":[],"FAQPage":[],"Movie":[],"Person":[],"Product":[],"ProductReview":[],"Car":[],"Recipe":[],"Service":[],"SoftwareApplication":[],"WebPage":[]},"graphName":"","isEnabled":true},"graphs":[]},"schema_type":"default","schema_type_options":null,"pillar_content":false,"robots_default":true,"robots_noindex":false,"robots_noarchive":false,"robots_nosnippet":false,"robots_nofollow":false,"robots_noimageindex":false,"robots_noodp":false,"robots_notranslate":false,"robots_max_snippet":null,"robots_max_videopreview":null,"robots_max_imagepreview":"large","priority":null,"frequency":null,"local_seo":null,"breadcrumb_settings":null,"limit_modified_date":false,"ai":null,"created":"2024-09-20 20:05:01","updated":"2025-10-24 02:22:13","seo_analyzer_scan_date":null,"focus_keyword":null,"additional_keywords":null,"truseo_locale":null},"aioseo_breadcrumb":"<div class=\"aioseo-breadcrumbs\"><span class=\"aioseo-breadcrumb\">\n\t\t\t<a href=\"https:\/\/www.immo-invest.ch\/it\/\" title=\"Home\">Home<\/a>\n\t\t<\/span><span class=\"aioseo-breadcrumb-separator\">&raquo;<\/span><span class=\"aioseo-breadcrumb\">\n\t\t\t<a href=\"https:\/\/www.immo-invest.ch\/it\/categoria\/regioni\/\" title=\"Regioni\">Regioni<\/a>\n\t\t<\/span><span class=\"aioseo-breadcrumb-separator\">&raquo;<\/span><span class=\"aioseo-breadcrumb\">\n\t\t\t<a href=\"https:\/\/www.immo-invest.ch\/it\/categoria\/regioni\/svizzera\/\" title=\"Svizzera\">Svizzera<\/a>\n\t\t<\/span><span class=\"aioseo-breadcrumb-separator\">&raquo;<\/span><span class=\"aioseo-breadcrumb\">\n\t\t\t<a href=\"https:\/\/www.immo-invest.ch\/it\/categoria\/regioni\/svizzera\/svizzera-orientale\/\" title=\"Svizzera orientale\">Svizzera orientale<\/a>\n\t\t<\/span><span class=\"aioseo-breadcrumb-separator\">&raquo;<\/span><span class=\"aioseo-breadcrumb\">\n\t\t\t<a href=\"https:\/\/www.immo-invest.ch\/it\/categoria\/regioni\/svizzera\/svizzera-orientale\/regione-san-gallo\/\" title=\"San Gallo\">San Gallo<\/a>\n\t\t<\/span><span class=\"aioseo-breadcrumb-separator\">&raquo;<\/span><span class=\"aioseo-breadcrumb\">\n\t\t\tStefan K\u00f6lliker, Presidente del Governo di San Gallo, \u00e8 un nuovo membro strategico del Consiglio di Amministrazione\n\t\t<\/span><\/div>","aioseo_breadcrumb_json":[{"label":"Home","link":"https:\/\/www.immo-invest.ch\/it\/"},{"label":"Regioni","link":"https:\/\/www.immo-invest.ch\/it\/categoria\/regioni\/"},{"label":"Svizzera","link":"https:\/\/www.immo-invest.ch\/it\/categoria\/regioni\/svizzera\/"},{"label":"Svizzera orientale","link":"https:\/\/www.immo-invest.ch\/it\/categoria\/regioni\/svizzera\/svizzera-orientale\/"},{"label":"San Gallo","link":"https:\/\/www.immo-invest.ch\/it\/categoria\/regioni\/svizzera\/svizzera-orientale\/regione-san-gallo\/"},{"label":"Stefan K\u00f6lliker, Presidente del Governo di San Gallo, \u00e8 un nuovo membro strategico del Consiglio di Amministrazione","link":"https:\/\/www.immo-invest.ch\/it\/st-galler-regierungspraesident-stefan-koelliker-strategischer-neuzugang-im-verwaltungsrat\/"}],"featured_image_src":"https:\/\/www.immo-invest.ch\/wp-content\/uploads\/2024\/05\/Stefan_Ko\u0308lliker-336x168.jpg","_links":{"self":[{"href":"https:\/\/www.immo-invest.ch\/it\/wp-json\/wp\/v2\/posts\/93267","targetHints":{"allow":["GET"]}}],"collection":[{"href":"https:\/\/www.immo-invest.ch\/it\/wp-json\/wp\/v2\/posts"}],"about":[{"href":"https:\/\/www.immo-invest.ch\/it\/wp-json\/wp\/v2\/types\/post"}],"author":[{"embeddable":true,"href":"https:\/\/www.immo-invest.ch\/it\/wp-json\/wp\/v2\/users\/2"}],"replies":[{"embeddable":true,"href":"https:\/\/www.immo-invest.ch\/it\/wp-json\/wp\/v2\/comments?post=93267"}],"version-history":[{"count":0,"href":"https:\/\/www.immo-invest.ch\/it\/wp-json\/wp\/v2\/posts\/93267\/revisions"}],"wp:featuredmedia":[{"embeddable":true,"href":"https:\/\/www.immo-invest.ch\/it\/wp-json\/wp\/v2\/media\/93261"}],"wp:attachment":[{"href":"https:\/\/www.immo-invest.ch\/it\/wp-json\/wp\/v2\/media?parent=93267"}],"wp:term":[{"taxonomy":"category","embeddable":true,"href":"https:\/\/www.immo-invest.ch\/it\/wp-json\/wp\/v2\/categories?post=93267"},{"taxonomy":"post_tag","embeddable":true,"href":"https:\/\/www.immo-invest.ch\/it\/wp-json\/wp\/v2\/tags?post=93267"}],"curies":[{"name":"wp","href":"https:\/\/api.w.org\/{rel}","templated":true}]}}