{"id":91729,"date":"2024-05-13T12:00:00","date_gmt":"2024-05-13T10:00:00","guid":{"rendered":"https:\/\/www.immo-invest.ch\/?p=91729"},"modified":"2024-05-13T10:12:16","modified_gmt":"2024-05-13T08:12:16","slug":"marktposition-durch-unternehmensuebernahme-gestaerkt","status":"publish","type":"post","link":"https:\/\/www.immo-invest.ch\/it\/marktposition-durch-unternehmensuebernahme-gestaerkt\/","title":{"rendered":"La posizione di mercato si \u00e8 rafforzata grazie all&#8217;acquisizione di un&#8217;azienda"},"content":{"rendered":"<p class=\"bodytext\"><a href=\"https:\/\/gammarenax.ch\/\" target=\"_blank\" rel=\"noopener\">GammaRenax AG<\/a> passa sotto l&rsquo;ombrello di <a href=\"https:\/\/www.issworld.com\/de-ch\" target=\"_blank\" rel=\"noopener\">ISS Facility Services AG<\/a> a Zurigo. L&rsquo;azienda con sede a D&uuml;bendorf operer&agrave; in futuro con il marchio ISS, ha annunciato in un <a href=\"https:\/\/www.issworld.com\/de-ch\/news\/2024\/05\/03\/iss-facility-services-sa-reprend-gammarenax-sa\" target=\"_blank\" rel=\"noopener\">comunicato stampa<\/a> la filiale svizzera del <a href=\"https:\/\/www.issworld.com\/en\" target=\"_blank\" rel=\"noopener\">Gruppo ISS<\/a>, attivo a livello mondiale nella gestione immobiliare e nel facility management, con sede a Copenhagen. Nel comunicato stampa non vengono forniti dettagli sul prezzo di acquisto.<\/p>\n<p class=\"bodytext\">&ldquo;L&rsquo;acquisizione di gammaRenax AG rappresenta un&rsquo;importante espansione delle nostre competenze e un rafforzamento della nostra posizione di mercato&rdquo;, afferma Andr&eacute; Nauer, CEO di ISS Svizzera, nel comunicato stampa. &ldquo;Come ISS Svizzera, gammaRenax &egrave; sinonimo di qualit&agrave;, attenzione al cliente e professionalit&agrave;&rdquo; La nuova acquisizione &egrave; destinata ad ampliare la gamma di servizi di ISS Facility Services AG per gli hotel e la gestione dell&rsquo;igiene per le aree termali e di benessere, nonch&eacute; la formazione e l&rsquo;aggiornamento.<\/p>\n<p class=\"bodytext\">Severin Gallo, ex proprietario e Amministratore delegato di gammaRenax AG, entrer&agrave; a far parte del Consiglio di Amministrazione di ISS Facility Services AG come parte dell&rsquo;acquisizione. &ldquo;Severin Gallo &egrave; un esperto riconosciuto nel nostro settore e una delle figure di spicco che ha plasmato il settore dei servizi di facility negli ultimi 27 anni&rdquo;, spiega Nauer. &ldquo;Entrando a far parte del nostro Consiglio di Amministrazione, sar&agrave; anche strategicamente impegnato nell&rsquo;integrazione professionale e fornir&agrave; anche servizi di consulenza strategica&rdquo;<\/p>\n","protected":false},"excerpt":{"rendered":"<p>ISS Facility Services AG ha acquisito gammaRenax AG di D\u00fcbendorf. La nuova acquisizione mira a rafforzare la posizione di mercato del Gruppo ISS in Svizzera. Severin Gallo di gammaRenax entra a far parte del Consiglio di Amministrazione di ISS Facility Services.<\/p>\n","protected":false},"author":2,"featured_media":18008,"comment_status":"open","ping_status":"open","sticky":false,"template":"","format":"standard","meta":{"pmpro_default_level":"0","inline_featured_image":false,"_monsterinsights_skip_tracking":false,"footnotes":""},"categories":[745,4465,22695],"tags":[2747,46546,33659,46547,20791,46548],"class_list":["post-91729","post","type-post","status-publish","format-standard","has-post-thumbnail","hentry","category-immonews-it","category-persone","category-societa","tag-erweiterung-it","tag-facility-services-branche-it","tag-gebaeudemanagement-it","tag-liegenschaftsverwaltung-it","tag-marktposition-it","tag-unternehmensuebernahme-it","pmpro-has-access"],"acf":{"bild_mit_ki_erstellt_worden":[],"lead":"ISS Facility Services AG ha acquisito gammaRenax AG di D\u00fcbendorf. La nuova acquisizione mira a rafforzare la posizione di mercato del Gruppo ISS in Svizzera. Severin Gallo di gammaRenax entra a far parte del Consiglio di Amministrazione di ISS Facility Services.","autor":"ce\/hs","ort":"Z\u00fcrich\/D\u00fcbendorf ZH","bildunterschrift":"","bild_im_grid":false,"gallerie":"","newsim":""},"aioseo_notices":[],"aioseo_head":"\n\t\t<!-- All in One SEO 5.0.0.1 - aioseo.com -->\n\t<meta name=\"description\" content=\"ISS Facility Services AG ha acquisito gammaRenax AG di D\u00fcbendorf. La nuova acquisizione mira a rafforzare la posizione di mercato del Gruppo ISS in Svizzera. Severin Gallo di gammaRenax entra a far parte del Consiglio di Amministrazione di ISS Facility Services.\" \/>\n\t<meta name=\"robots\" content=\"max-image-preview:large\" \/>\n\t<meta name=\"author\" content=\"immovestuser\"\/>\n\t<meta name=\"google-site-verification\" content=\"fHJKvgWpZCR2zVBHWfkQeFXC11qieUSff0HGNYfuyLA\" \/>\n\t<link rel=\"canonical\" href=\"https:\/\/www.immo-invest.ch\/it\/marktposition-durch-unternehmensuebernahme-gestaerkt\/\" \/>\n\t<meta name=\"generator\" content=\"All in One SEO (AIOSEO) 5.0.0.1\" \/>\n\t\t<meta property=\"og:locale\" content=\"it_IT\" \/>\n\t\t<meta property=\"og:site_name\" content=\"immo!nvest - Die Plattform f\u00fcr Standorte und Immobilien - Die\u00a0Plattform f\u00fcr Standorte und Immobilien\" \/>\n\t\t<meta property=\"og:type\" content=\"article\" \/>\n\t\t<meta property=\"og:title\" content=\"La posizione di mercato si \u00e8 rafforzata grazie all\u2019acquisizione di un\u2019azienda - immo!nvest - Die Plattform f\u00fcr Standorte und Immobilien\" \/>\n\t\t<meta property=\"og:description\" content=\"ISS Facility Services AG ha acquisito gammaRenax AG di D\u00fcbendorf. La nuova acquisizione mira a rafforzare la posizione di mercato del Gruppo ISS in Svizzera. Severin Gallo di gammaRenax entra a far parte del Consiglio di Amministrazione di ISS Facility Services.\" \/>\n\t\t<meta property=\"og:url\" content=\"https:\/\/www.immo-invest.ch\/it\/marktposition-durch-unternehmensuebernahme-gestaerkt\/\" \/>\n\t\t<meta property=\"og:image\" content=\"https:\/\/www.immo-invest.ch\/wp-content\/uploads\/2021\/05\/business-3-e1622127876646.png\" \/>\n\t\t<meta property=\"og:image:secure_url\" content=\"https:\/\/www.immo-invest.ch\/wp-content\/uploads\/2021\/05\/business-3-e1622127876646.png\" \/>\n\t\t<meta property=\"og:image:width\" content=\"1200\" \/>\n\t\t<meta property=\"og:image:height\" content=\"600\" \/>\n\t\t<meta property=\"article:published_time\" content=\"2024-05-13T10:00:00+00:00\" \/>\n\t\t<meta property=\"article:modified_time\" content=\"2024-05-13T08:12:16+00:00\" \/>\n\t\t<meta property=\"article:publisher\" content=\"https:\/\/www.facebook.com\/people\/Immoinvest\/100077962920504\/\" \/>\n\t\t<meta name=\"twitter:card\" content=\"summary_large_image\" \/>\n\t\t<meta name=\"twitter:site\" content=\"@i\" \/>\n\t\t<meta name=\"twitter:title\" content=\"La posizione di mercato si \u00e8 rafforzata grazie all\u2019acquisizione di un\u2019azienda - immo!nvest - Die Plattform f\u00fcr Standorte und Immobilien\" \/>\n\t\t<meta name=\"twitter:description\" content=\"ISS Facility Services AG ha acquisito gammaRenax AG di D\u00fcbendorf. La nuova acquisizione mira a rafforzare la posizione di mercato del Gruppo ISS in Svizzera. Severin Gallo di gammaRenax entra a far parte del Consiglio di Amministrazione di ISS Facility Services.\" \/>\n\t\t<meta name=\"twitter:creator\" content=\"@i\" \/>\n\t\t<meta name=\"twitter:image\" content=\"https:\/\/www.immo-invest.ch\/wp-content\/uploads\/2021\/05\/business-3-e1622127876646.png\" \/>\n\t\t<script type=\"application\/ld+json\" class=\"aioseo-schema\">\n\t\t\t{\"@context\":\"https:\\\/\\\/schema.org\",\"@graph\":[{\"@type\":\"BlogPosting\",\"@id\":\"https:\\\/\\\/www.immo-invest.ch\\\/it\\\/marktposition-durch-unternehmensuebernahme-gestaerkt\\\/#blogposting\",\"name\":\"La posizione di mercato si \\u00e8 rafforzata grazie all\\u2019acquisizione di un\\u2019azienda - immo!nvest - Die Plattform f\\u00fcr Standorte und Immobilien\",\"headline\":\"La posizione di mercato si \\u00e8 rafforzata grazie all&#8217;acquisizione di un&#8217;azienda\",\"author\":{\"@id\":\"https:\\\/\\\/www.immo-invest.ch\\\/it\\\/author\\\/immovestuser\\\/#author\"},\"publisher\":{\"@id\":\"https:\\\/\\\/www.immo-invest.ch\\\/it\\\/#organization\"},\"image\":{\"@type\":\"ImageObject\",\"url\":\"https:\\\/\\\/www.immo-invest.ch\\\/wp-content\\\/uploads\\\/2021\\\/05\\\/business-3-e1622127876646.png\",\"width\":1200,\"height\":600},\"datePublished\":\"2024-05-13T12:00:00+02:00\",\"dateModified\":\"2024-05-13T10:12:16+02:00\",\"inLanguage\":\"it-IT\",\"mainEntityOfPage\":{\"@id\":\"https:\\\/\\\/www.immo-invest.ch\\\/it\\\/marktposition-durch-unternehmensuebernahme-gestaerkt\\\/#webpage\"},\"isPartOf\":{\"@id\":\"https:\\\/\\\/www.immo-invest.ch\\\/it\\\/marktposition-durch-unternehmensuebernahme-gestaerkt\\\/#webpage\"},\"articleSection\":\"immoNews, Persone, Societ\\u00e0, Erweiterung, Facility Services-Branche, Geb\\u00e4udemanagement, Liegenschaftsverwaltung, Marktposition, Unternehmens\\u00fcbernahme, Optional\"},{\"@type\":\"BreadcrumbList\",\"@id\":\"https:\\\/\\\/www.immo-invest.ch\\\/it\\\/marktposition-durch-unternehmensuebernahme-gestaerkt\\\/#breadcrumblist\",\"itemListElement\":[{\"@type\":\"ListItem\",\"@id\":\"https:\\\/\\\/www.immo-invest.ch\\\/it\\\/#listItem\",\"position\":1,\"name\":\"Home\",\"item\":\"https:\\\/\\\/www.immo-invest.ch\\\/it\\\/\",\"nextItem\":{\"@type\":\"ListItem\",\"@id\":\"https:\\\/\\\/www.immo-invest.ch\\\/it\\\/categoria\\\/persone-2\\\/#listItem\",\"name\":\"Persone\"}},{\"@type\":\"ListItem\",\"@id\":\"https:\\\/\\\/www.immo-invest.ch\\\/it\\\/categoria\\\/persone-2\\\/#listItem\",\"position\":2,\"name\":\"Persone\",\"item\":\"https:\\\/\\\/www.immo-invest.ch\\\/it\\\/categoria\\\/persone-2\\\/\",\"nextItem\":{\"@type\":\"ListItem\",\"@id\":\"https:\\\/\\\/www.immo-invest.ch\\\/it\\\/categoria\\\/persone-2\\\/persone\\\/#listItem\",\"name\":\"Persone\"},\"previousItem\":{\"@type\":\"ListItem\",\"@id\":\"https:\\\/\\\/www.immo-invest.ch\\\/it\\\/#listItem\",\"name\":\"Home\"}},{\"@type\":\"ListItem\",\"@id\":\"https:\\\/\\\/www.immo-invest.ch\\\/it\\\/categoria\\\/persone-2\\\/persone\\\/#listItem\",\"position\":3,\"name\":\"Persone\",\"item\":\"https:\\\/\\\/www.immo-invest.ch\\\/it\\\/categoria\\\/persone-2\\\/persone\\\/\",\"nextItem\":{\"@type\":\"ListItem\",\"@id\":\"https:\\\/\\\/www.immo-invest.ch\\\/it\\\/marktposition-durch-unternehmensuebernahme-gestaerkt\\\/#listItem\",\"name\":\"La posizione di mercato si \\u00e8 rafforzata grazie all&#8217;acquisizione di un&#8217;azienda\"},\"previousItem\":{\"@type\":\"ListItem\",\"@id\":\"https:\\\/\\\/www.immo-invest.ch\\\/it\\\/categoria\\\/persone-2\\\/#listItem\",\"name\":\"Persone\"}},{\"@type\":\"ListItem\",\"@id\":\"https:\\\/\\\/www.immo-invest.ch\\\/it\\\/marktposition-durch-unternehmensuebernahme-gestaerkt\\\/#listItem\",\"position\":4,\"name\":\"La posizione di mercato si \\u00e8 rafforzata grazie all&#8217;acquisizione di un&#8217;azienda\",\"previousItem\":{\"@type\":\"ListItem\",\"@id\":\"https:\\\/\\\/www.immo-invest.ch\\\/it\\\/categoria\\\/persone-2\\\/persone\\\/#listItem\",\"name\":\"Persone\"}}]},{\"@type\":\"Organization\",\"@id\":\"https:\\\/\\\/www.immo-invest.ch\\\/it\\\/#organization\",\"name\":\"immo!nvest - Die Plattform f\\u00fcr Standorte und Immobilien\",\"description\":\"Die\\u00a0Plattform f\\u00fcr Standorte und Immobilien\",\"url\":\"https:\\\/\\\/www.immo-invest.ch\\\/it\\\/\",\"email\":\"admin@immomedia.ag\",\"telephone\":\"+41444420002\",\"logo\":{\"@type\":\"ImageObject\",\"url\":\"https:\\\/\\\/www.immo-invest.ch\\\/wp-content\\\/uploads\\\/2024\\\/09\\\/immoinvest_sm-scaled.jpg\",\"@id\":\"https:\\\/\\\/www.immo-invest.ch\\\/it\\\/marktposition-durch-unternehmensuebernahme-gestaerkt\\\/#organizationLogo\",\"width\":2560,\"height\":1340},\"image\":{\"@id\":\"https:\\\/\\\/www.immo-invest.ch\\\/it\\\/marktposition-durch-unternehmensuebernahme-gestaerkt\\\/#organizationLogo\"},\"sameAs\":[\"https:\\\/\\\/www.facebook.com\\\/people\\\/Immoinvest\\\/100077962920504\\\/\",\"https:\\\/\\\/x.com\\\/i\\\/flow\\\/login?redirect_after_login=immoinvest_ch\",\"https:\\\/\\\/www.instagram.com\\\/immoinvest_ch\\\/\",\"https:\\\/\\\/www.linkedin.com\\\/company\\\/immoinvest-swiss\"]},{\"@type\":\"Person\",\"@id\":\"https:\\\/\\\/www.immo-invest.ch\\\/it\\\/author\\\/immovestuser\\\/#author\",\"url\":\"https:\\\/\\\/www.immo-invest.ch\\\/it\\\/author\\\/immovestuser\\\/\",\"name\":\"immovestuser\",\"image\":{\"@type\":\"ImageObject\",\"@id\":\"https:\\\/\\\/www.immo-invest.ch\\\/it\\\/marktposition-durch-unternehmensuebernahme-gestaerkt\\\/#authorImage\",\"url\":\"https:\\\/\\\/secure.gravatar.com\\\/avatar\\\/8e01f4d99f2eeea7a362ebb93305e1172a70e9293ba250f897a65c39f54cdd1e?s=96&d=mm&r=g\",\"width\":96,\"height\":96,\"caption\":\"immovestuser\"}},{\"@type\":\"WebPage\",\"@id\":\"https:\\\/\\\/www.immo-invest.ch\\\/it\\\/marktposition-durch-unternehmensuebernahme-gestaerkt\\\/#webpage\",\"url\":\"https:\\\/\\\/www.immo-invest.ch\\\/it\\\/marktposition-durch-unternehmensuebernahme-gestaerkt\\\/\",\"name\":\"La posizione di mercato si \\u00e8 rafforzata grazie all\\u2019acquisizione di un\\u2019azienda - immo!nvest - Die Plattform f\\u00fcr Standorte und Immobilien\",\"description\":\"ISS Facility Services AG ha acquisito gammaRenax AG di D\\u00fcbendorf. La nuova acquisizione mira a rafforzare la posizione di mercato del Gruppo ISS in Svizzera. Severin Gallo di gammaRenax entra a far parte del Consiglio di Amministrazione di ISS Facility Services.\",\"inLanguage\":\"it-IT\",\"isPartOf\":{\"@id\":\"https:\\\/\\\/www.immo-invest.ch\\\/it\\\/#website\"},\"breadcrumb\":{\"@id\":\"https:\\\/\\\/www.immo-invest.ch\\\/it\\\/marktposition-durch-unternehmensuebernahme-gestaerkt\\\/#breadcrumblist\"},\"author\":{\"@id\":\"https:\\\/\\\/www.immo-invest.ch\\\/it\\\/author\\\/immovestuser\\\/#author\"},\"creator\":{\"@id\":\"https:\\\/\\\/www.immo-invest.ch\\\/it\\\/author\\\/immovestuser\\\/#author\"},\"image\":{\"@type\":\"ImageObject\",\"url\":\"https:\\\/\\\/www.immo-invest.ch\\\/wp-content\\\/uploads\\\/2021\\\/05\\\/business-3-e1622127876646.png\",\"@id\":\"https:\\\/\\\/www.immo-invest.ch\\\/it\\\/marktposition-durch-unternehmensuebernahme-gestaerkt\\\/#mainImage\",\"width\":1200,\"height\":600},\"primaryImageOfPage\":{\"@id\":\"https:\\\/\\\/www.immo-invest.ch\\\/it\\\/marktposition-durch-unternehmensuebernahme-gestaerkt\\\/#mainImage\"},\"datePublished\":\"2024-05-13T12:00:00+02:00\",\"dateModified\":\"2024-05-13T10:12:16+02:00\"},{\"@type\":\"WebSite\",\"@id\":\"https:\\\/\\\/www.immo-invest.ch\\\/it\\\/#website\",\"url\":\"https:\\\/\\\/www.immo-invest.ch\\\/it\\\/\",\"name\":\"immo!nvest - Die Plattform f\\u00fcr Standorte und Immobilien\",\"description\":\"Die\\u00a0Plattform f\\u00fcr Standorte und Immobilien\",\"inLanguage\":\"it-IT\",\"publisher\":{\"@id\":\"https:\\\/\\\/www.immo-invest.ch\\\/it\\\/#organization\"}}]}\n\t\t<\/script>\n\t\t<!-- All in One SEO -->\n\n","aioseo_head_json":{"title":"La posizione di mercato si \u00e8 rafforzata grazie all\u2019acquisizione di un\u2019azienda - immo!nvest - Die Plattform f\u00fcr Standorte und Immobilien","description":"ISS Facility Services AG ha acquisito gammaRenax AG di D\u00fcbendorf. La nuova acquisizione mira a rafforzare la posizione di mercato del Gruppo ISS in Svizzera. Severin Gallo di gammaRenax entra a far parte del Consiglio di Amministrazione di ISS Facility Services.","canonical_url":"https:\/\/www.immo-invest.ch\/it\/marktposition-durch-unternehmensuebernahme-gestaerkt\/","robots":"max-image-preview:large","keywords":"","webmasterTools":{"google-site-verification":"fHJKvgWpZCR2zVBHWfkQeFXC11qieUSff0HGNYfuyLA","miscellaneous":""},"schema":{"@context":"https:\/\/schema.org","@graph":[{"@type":"BlogPosting","@id":"https:\/\/www.immo-invest.ch\/it\/marktposition-durch-unternehmensuebernahme-gestaerkt\/#blogposting","name":"La posizione di mercato si \u00e8 rafforzata grazie all\u2019acquisizione di un\u2019azienda - immo!nvest - Die Plattform f\u00fcr Standorte und Immobilien","headline":"La posizione di mercato si \u00e8 rafforzata grazie all&#8217;acquisizione di un&#8217;azienda","author":{"@id":"https:\/\/www.immo-invest.ch\/it\/author\/immovestuser\/#author"},"publisher":{"@id":"https:\/\/www.immo-invest.ch\/it\/#organization"},"image":{"@type":"ImageObject","url":"https:\/\/www.immo-invest.ch\/wp-content\/uploads\/2021\/05\/business-3-e1622127876646.png","width":1200,"height":600},"datePublished":"2024-05-13T12:00:00+02:00","dateModified":"2024-05-13T10:12:16+02:00","inLanguage":"it-IT","mainEntityOfPage":{"@id":"https:\/\/www.immo-invest.ch\/it\/marktposition-durch-unternehmensuebernahme-gestaerkt\/#webpage"},"isPartOf":{"@id":"https:\/\/www.immo-invest.ch\/it\/marktposition-durch-unternehmensuebernahme-gestaerkt\/#webpage"},"articleSection":"immoNews, Persone, Societ\u00e0, Erweiterung, Facility Services-Branche, Geb\u00e4udemanagement, Liegenschaftsverwaltung, Marktposition, Unternehmens\u00fcbernahme, Optional"},{"@type":"BreadcrumbList","@id":"https:\/\/www.immo-invest.ch\/it\/marktposition-durch-unternehmensuebernahme-gestaerkt\/#breadcrumblist","itemListElement":[{"@type":"ListItem","@id":"https:\/\/www.immo-invest.ch\/it\/#listItem","position":1,"name":"Home","item":"https:\/\/www.immo-invest.ch\/it\/","nextItem":{"@type":"ListItem","@id":"https:\/\/www.immo-invest.ch\/it\/categoria\/persone-2\/#listItem","name":"Persone"}},{"@type":"ListItem","@id":"https:\/\/www.immo-invest.ch\/it\/categoria\/persone-2\/#listItem","position":2,"name":"Persone","item":"https:\/\/www.immo-invest.ch\/it\/categoria\/persone-2\/","nextItem":{"@type":"ListItem","@id":"https:\/\/www.immo-invest.ch\/it\/categoria\/persone-2\/persone\/#listItem","name":"Persone"},"previousItem":{"@type":"ListItem","@id":"https:\/\/www.immo-invest.ch\/it\/#listItem","name":"Home"}},{"@type":"ListItem","@id":"https:\/\/www.immo-invest.ch\/it\/categoria\/persone-2\/persone\/#listItem","position":3,"name":"Persone","item":"https:\/\/www.immo-invest.ch\/it\/categoria\/persone-2\/persone\/","nextItem":{"@type":"ListItem","@id":"https:\/\/www.immo-invest.ch\/it\/marktposition-durch-unternehmensuebernahme-gestaerkt\/#listItem","name":"La posizione di mercato si \u00e8 rafforzata grazie all&#8217;acquisizione di un&#8217;azienda"},"previousItem":{"@type":"ListItem","@id":"https:\/\/www.immo-invest.ch\/it\/categoria\/persone-2\/#listItem","name":"Persone"}},{"@type":"ListItem","@id":"https:\/\/www.immo-invest.ch\/it\/marktposition-durch-unternehmensuebernahme-gestaerkt\/#listItem","position":4,"name":"La posizione di mercato si \u00e8 rafforzata grazie all&#8217;acquisizione di un&#8217;azienda","previousItem":{"@type":"ListItem","@id":"https:\/\/www.immo-invest.ch\/it\/categoria\/persone-2\/persone\/#listItem","name":"Persone"}}]},{"@type":"Organization","@id":"https:\/\/www.immo-invest.ch\/it\/#organization","name":"immo!nvest - Die Plattform f\u00fcr Standorte und Immobilien","description":"Die\u00a0Plattform f\u00fcr Standorte und Immobilien","url":"https:\/\/www.immo-invest.ch\/it\/","email":"admin@immomedia.ag","telephone":"+41444420002","logo":{"@type":"ImageObject","url":"https:\/\/www.immo-invest.ch\/wp-content\/uploads\/2024\/09\/immoinvest_sm-scaled.jpg","@id":"https:\/\/www.immo-invest.ch\/it\/marktposition-durch-unternehmensuebernahme-gestaerkt\/#organizationLogo","width":2560,"height":1340},"image":{"@id":"https:\/\/www.immo-invest.ch\/it\/marktposition-durch-unternehmensuebernahme-gestaerkt\/#organizationLogo"},"sameAs":["https:\/\/www.facebook.com\/people\/Immoinvest\/100077962920504\/","https:\/\/x.com\/i\/flow\/login?redirect_after_login=immoinvest_ch","https:\/\/www.instagram.com\/immoinvest_ch\/","https:\/\/www.linkedin.com\/company\/immoinvest-swiss"]},{"@type":"Person","@id":"https:\/\/www.immo-invest.ch\/it\/author\/immovestuser\/#author","url":"https:\/\/www.immo-invest.ch\/it\/author\/immovestuser\/","name":"immovestuser","image":{"@type":"ImageObject","@id":"https:\/\/www.immo-invest.ch\/it\/marktposition-durch-unternehmensuebernahme-gestaerkt\/#authorImage","url":"https:\/\/secure.gravatar.com\/avatar\/8e01f4d99f2eeea7a362ebb93305e1172a70e9293ba250f897a65c39f54cdd1e?s=96&d=mm&r=g","width":96,"height":96,"caption":"immovestuser"}},{"@type":"WebPage","@id":"https:\/\/www.immo-invest.ch\/it\/marktposition-durch-unternehmensuebernahme-gestaerkt\/#webpage","url":"https:\/\/www.immo-invest.ch\/it\/marktposition-durch-unternehmensuebernahme-gestaerkt\/","name":"La posizione di mercato si \u00e8 rafforzata grazie all\u2019acquisizione di un\u2019azienda - immo!nvest - Die Plattform f\u00fcr Standorte und Immobilien","description":"ISS Facility Services AG ha acquisito gammaRenax AG di D\u00fcbendorf. La nuova acquisizione mira a rafforzare la posizione di mercato del Gruppo ISS in Svizzera. Severin Gallo di gammaRenax entra a far parte del Consiglio di Amministrazione di ISS Facility Services.","inLanguage":"it-IT","isPartOf":{"@id":"https:\/\/www.immo-invest.ch\/it\/#website"},"breadcrumb":{"@id":"https:\/\/www.immo-invest.ch\/it\/marktposition-durch-unternehmensuebernahme-gestaerkt\/#breadcrumblist"},"author":{"@id":"https:\/\/www.immo-invest.ch\/it\/author\/immovestuser\/#author"},"creator":{"@id":"https:\/\/www.immo-invest.ch\/it\/author\/immovestuser\/#author"},"image":{"@type":"ImageObject","url":"https:\/\/www.immo-invest.ch\/wp-content\/uploads\/2021\/05\/business-3-e1622127876646.png","@id":"https:\/\/www.immo-invest.ch\/it\/marktposition-durch-unternehmensuebernahme-gestaerkt\/#mainImage","width":1200,"height":600},"primaryImageOfPage":{"@id":"https:\/\/www.immo-invest.ch\/it\/marktposition-durch-unternehmensuebernahme-gestaerkt\/#mainImage"},"datePublished":"2024-05-13T12:00:00+02:00","dateModified":"2024-05-13T10:12:16+02:00"},{"@type":"WebSite","@id":"https:\/\/www.immo-invest.ch\/it\/#website","url":"https:\/\/www.immo-invest.ch\/it\/","name":"immo!nvest - Die Plattform f\u00fcr Standorte und Immobilien","description":"Die\u00a0Plattform f\u00fcr Standorte und Immobilien","inLanguage":"it-IT","publisher":{"@id":"https:\/\/www.immo-invest.ch\/it\/#organization"}}]},"og:locale":"it_IT","og:site_name":"immo!nvest - Die Plattform f\u00fcr Standorte und Immobilien - Die\u00a0Plattform f\u00fcr Standorte und Immobilien","og:type":"article","og:title":"La posizione di mercato si \u00e8 rafforzata grazie all\u2019acquisizione di un\u2019azienda - immo!nvest - Die Plattform f\u00fcr Standorte und Immobilien","og:description":"ISS Facility Services AG ha acquisito gammaRenax AG di D\u00fcbendorf. La nuova acquisizione mira a rafforzare la posizione di mercato del Gruppo ISS in Svizzera. Severin Gallo di gammaRenax entra a far parte del Consiglio di Amministrazione di ISS Facility Services.","og:url":"https:\/\/www.immo-invest.ch\/it\/marktposition-durch-unternehmensuebernahme-gestaerkt\/","og:image":"https:\/\/www.immo-invest.ch\/wp-content\/uploads\/2021\/05\/business-3-e1622127876646.png","og:image:secure_url":"https:\/\/www.immo-invest.ch\/wp-content\/uploads\/2021\/05\/business-3-e1622127876646.png","og:image:width":1200,"og:image:height":600,"article:published_time":"2024-05-13T10:00:00+00:00","article:modified_time":"2024-05-13T08:12:16+00:00","article:publisher":"https:\/\/www.facebook.com\/people\/Immoinvest\/100077962920504\/","twitter:card":"summary_large_image","twitter:site":"@i","twitter:title":"La posizione di mercato si \u00e8 rafforzata grazie all\u2019acquisizione di un\u2019azienda - immo!nvest - Die Plattform f\u00fcr Standorte und Immobilien","twitter:description":"ISS Facility Services AG ha acquisito gammaRenax AG di D\u00fcbendorf. La nuova acquisizione mira a rafforzare la posizione di mercato del Gruppo ISS in Svizzera. Severin Gallo di gammaRenax entra a far parte del Consiglio di Amministrazione di ISS Facility Services.","twitter:creator":"@i","twitter:image":"https:\/\/www.immo-invest.ch\/wp-content\/uploads\/2021\/05\/business-3-e1622127876646.png"},"aioseo_meta_data":{"post_id":"91729","title":null,"description":null,"keywords":null,"keyphrases":null,"primary_term":null,"canonical_url":null,"og_title":null,"og_description":null,"og_object_type":"default","og_image_type":"default","og_image_url":null,"og_image_width":null,"og_image_height":null,"og_image_custom_url":null,"og_image_custom_fields":null,"og_video":null,"og_custom_url":null,"og_article_section":null,"og_article_tags":null,"twitter_use_og":false,"twitter_card":"default","twitter_image_type":"default","twitter_image_url":null,"twitter_image_custom_url":null,"twitter_image_custom_fields":null,"twitter_title":null,"twitter_description":null,"schema":{"blockGraphs":[],"customGraphs":[],"default":{"data":{"Article":[],"Course":[],"Dataset":[],"FAQPage":[],"Movie":[],"Person":[],"Product":[],"ProductReview":[],"Car":[],"Recipe":[],"Service":[],"SoftwareApplication":[],"WebPage":[]},"graphName":"","isEnabled":true},"graphs":[]},"schema_type":"default","schema_type_options":null,"pillar_content":false,"robots_default":true,"robots_noindex":false,"robots_noarchive":false,"robots_nosnippet":false,"robots_nofollow":false,"robots_noimageindex":false,"robots_noodp":false,"robots_notranslate":false,"robots_max_snippet":null,"robots_max_videopreview":null,"robots_max_imagepreview":"large","priority":null,"frequency":null,"local_seo":null,"breadcrumb_settings":null,"limit_modified_date":false,"ai":null,"created":"2024-09-20 19:47:00","updated":"2025-10-24 02:04:13","seo_analyzer_scan_date":null,"focus_keyword":null,"additional_keywords":null,"truseo_locale":null},"aioseo_breadcrumb":"<div class=\"aioseo-breadcrumbs\"><span class=\"aioseo-breadcrumb\">\n\t\t\t<a href=\"https:\/\/www.immo-invest.ch\/it\/\" title=\"Home\">Home<\/a>\n\t\t<\/span><span class=\"aioseo-breadcrumb-separator\">&raquo;<\/span><span class=\"aioseo-breadcrumb\">\n\t\t\t<a href=\"https:\/\/www.immo-invest.ch\/it\/categoria\/persone-2\/\" title=\"Persone\">Persone<\/a>\n\t\t<\/span><span class=\"aioseo-breadcrumb-separator\">&raquo;<\/span><span class=\"aioseo-breadcrumb\">\n\t\t\t<a href=\"https:\/\/www.immo-invest.ch\/it\/categoria\/persone-2\/persone\/\" title=\"Persone\">Persone<\/a>\n\t\t<\/span><span class=\"aioseo-breadcrumb-separator\">&raquo;<\/span><span class=\"aioseo-breadcrumb\">\n\t\t\tLa posizione di mercato si \u00e8 rafforzata grazie all\u2019acquisizione di un\u2019azienda\n\t\t<\/span><\/div>","aioseo_breadcrumb_json":[{"label":"Home","link":"https:\/\/www.immo-invest.ch\/it\/"},{"label":"Persone","link":"https:\/\/www.immo-invest.ch\/it\/categoria\/persone-2\/"},{"label":"Persone","link":"https:\/\/www.immo-invest.ch\/it\/categoria\/persone-2\/persone\/"},{"label":"La posizione di mercato si \u00e8 rafforzata grazie all&#8217;acquisizione di un&#8217;azienda","link":"https:\/\/www.immo-invest.ch\/it\/marktposition-durch-unternehmensuebernahme-gestaerkt\/"}],"featured_image_src":"https:\/\/www.immo-invest.ch\/wp-content\/uploads\/2021\/05\/business-3-e1622127876646-150x150.png","_links":{"self":[{"href":"https:\/\/www.immo-invest.ch\/it\/wp-json\/wp\/v2\/posts\/91729","targetHints":{"allow":["GET"]}}],"collection":[{"href":"https:\/\/www.immo-invest.ch\/it\/wp-json\/wp\/v2\/posts"}],"about":[{"href":"https:\/\/www.immo-invest.ch\/it\/wp-json\/wp\/v2\/types\/post"}],"author":[{"embeddable":true,"href":"https:\/\/www.immo-invest.ch\/it\/wp-json\/wp\/v2\/users\/2"}],"replies":[{"embeddable":true,"href":"https:\/\/www.immo-invest.ch\/it\/wp-json\/wp\/v2\/comments?post=91729"}],"version-history":[{"count":0,"href":"https:\/\/www.immo-invest.ch\/it\/wp-json\/wp\/v2\/posts\/91729\/revisions"}],"wp:featuredmedia":[{"embeddable":true,"href":"https:\/\/www.immo-invest.ch\/it\/wp-json\/wp\/v2\/media\/18008"}],"wp:attachment":[{"href":"https:\/\/www.immo-invest.ch\/it\/wp-json\/wp\/v2\/media?parent=91729"}],"wp:term":[{"taxonomy":"category","embeddable":true,"href":"https:\/\/www.immo-invest.ch\/it\/wp-json\/wp\/v2\/categories?post=91729"},{"taxonomy":"post_tag","embeddable":true,"href":"https:\/\/www.immo-invest.ch\/it\/wp-json\/wp\/v2\/tags?post=91729"}],"curies":[{"name":"wp","href":"https:\/\/api.w.org\/{rel}","templated":true}]}}