{"id":91299,"date":"2024-05-08T13:33:41","date_gmt":"2024-05-08T11:33:41","guid":{"rendered":"https:\/\/www.immo-invest.ch\/?p=91299"},"modified":"2024-06-07T15:16:56","modified_gmt":"2024-06-07T13:16:56","slug":"eroeffnung-des-neuen-innovationsparks-in-der-naehe-des-paul-scherrer-instituts","status":"publish","type":"post","link":"https:\/\/www.immo-invest.ch\/it\/eroeffnung-des-neuen-innovationsparks-in-der-naehe-des-paul-scherrer-instituts\/","title":{"rendered":"Inaugurazione del nuovo parco di innovazione vicino all&#8217;Istituto Paul Scherrer"},"content":{"rendered":"<p class=\"bodytext\">Il <a href=\"https:\/\/www.parkinnovaare.ch\" target=\"_blank\" rel=\"noopener\">parco Innovaare<\/a> &egrave; stato inaugurato il 25 aprile alla presenza del Consigliere federale Guy Parmelin e del Governatore Dieter Egli. Secondo un <a href=\"https:\/\/www.parkinnovaare.ch\/aktuelles\/news\/detailseite-news\/medienmitteilung-switzerland-innovation-park-innovaare-feiert-eroeffnung-25\" target=\"_blank\" rel=\"noopener\">comunicato stampa<\/a>, il parco di innovazione comprende 23.000 metri quadrati di camere bianche, laboratori, officine di precisione, uffici e sale riunioni. &ldquo;Ad oggi, abbiamo attirato 21 aziende, tra cui un totale di 15 spin-off del <a href=\"https:\/\/www.psi.ch\" target=\"_blank\" rel=\"noopener\">PSI<\/a>, dell&rsquo;<a href=\"https:\/\/ethz.ch\/\" target=\"_blank\" rel=\"noopener\">ETH<\/a> o della <a href=\"https:\/\/www.fhnw.ch\/\" target=\"_blank\" rel=\"noopener\">FHNW<\/a>, due centri di trasferimento tecnologico e grandi aziende internazionali&rdquo;, afferma il CEO Robert Rudolph nel comunicato stampa. &ldquo;Il tasso di occupazione complessivo &egrave; di circa l&rsquo;80% e siamo molto fiduciosi di poterlo aumentare ulteriormente nei prossimi mesi&rdquo;<\/p>\n<p class=\"bodytext\">Il nuovo parco di innovazione si trova nelle immediate vicinanze dell&rsquo;Istituto Paul Scherrer (PSI). Quest&rsquo;ultimo &egrave; un partner strategico e il maggiore inquilino del Park Innovaare. Il Parco Innovaare si concentra sulla fotonica, sulle tecnologie quantistiche, sulle scienze della vita, sulla produzione avanzata e sulle tecnologie dei semiconduttori, nonch&eacute; sull&rsquo;energia e sulla sostenibilit&agrave;.<\/p>\n<p class=\"bodytext\">&ldquo;Le nuove scoperte, i metodi e gli specialisti della ricerca devono essere resi accessibili all&rsquo;economia. Questo rafforzer&agrave; ulteriormente l&rsquo;alto livello di competitivit&agrave; della Svizzera&rdquo;, afferma Christian R&uuml;egg, Direttore del PSI, nel comunicato stampa.<\/p>\n<p class=\"bodytext\">Park Innovare &egrave; la sesta sede di <a href=\"https:\/\/www.switzerland-innovation.com\/\" target=\"_blank\" rel=\"noopener\">Switzerland <span class=\"glossaryLink\" aria-describedby=\"tt\" data-cmtooltip=\"&lt;div class=glossaryItemTitle&gt;Innovation&lt;\/div&gt;&lt;div class=glossaryItemBody&gt;Innovation in der heutigen Immobilienwelt bedeutet vor allem Digitalisierung von Prozessen. Zum Beispiel das Eliminieren von Tausenden von Excel-Bl&auml;ttern f&uuml;r Portfolio- und Asset-Manager oder das Erstellen einer Anwendung (App) f&uuml;r alle Formalit&auml;ten rund um die Beziehung zwischen Immobilieneigent&uuml;mern, - verwaltung und -mietern.&lt;\/div&gt;\" data-mobile-support=\"0\" data-gt-translate-attributes='[{\"attribute\":\"data-cmtooltip\", \"format\":\"html\"}]' tabindex=\"0\" role=\"link\">Innovation<\/span><\/a>. &ldquo;La Svizzera &egrave; da anni uno dei Paesi pi&ugrave; innovativi al mondo. Affinch&eacute; dalla nostra eccellente formazione e ricerca possano emergere prodotti e servizi commerciabili, le nostre universit&agrave; devono essere collegate all&rsquo;economia nel miglior modo possibile&rdquo;, ha dichiarato Andreas Rickenbacher, Presidente di Switzerland <span class=\"glossaryLink\" aria-describedby=\"tt\" data-cmtooltip=\"&lt;div class=glossaryItemTitle&gt;Innovation&lt;\/div&gt;&lt;div class=glossaryItemBody&gt;Innovation in der heutigen Immobilienwelt bedeutet vor allem Digitalisierung von Prozessen. Zum Beispiel das Eliminieren von Tausenden von Excel-Bl&auml;ttern f&uuml;r Portfolio- und Asset-Manager oder das Erstellen einer Anwendung (App) f&uuml;r alle Formalit&auml;ten rund um die Beziehung zwischen Immobilieneigent&uuml;mern, - verwaltung und -mietern.&lt;\/div&gt;\" data-mobile-support=\"0\" data-gt-translate-attributes='[{\"attribute\":\"data-cmtooltip\", \"format\":\"html\"}]' tabindex=\"0\" role=\"link\">Innovation<\/span>. Park Innovaare &egrave; il miglior esempio di come la ricerca all&rsquo;avanguardia possa essere collegata in modo ottimale all&rsquo;economia&rdquo;.<\/p>\n","protected":false},"excerpt":{"rendered":"<p>Alla presenza di importanti personalit\u00e0 politiche e accademiche, \u00e8 stato inaugurato il Parco dell&#8217;Innovazione Park Innovaare, che offre infrastrutture avanzate per la ricerca e lo sviluppo per una variet\u00e0 di settori high-tech.<\/p>\n","protected":false},"author":2,"featured_media":91294,"comment_status":"open","ping_status":"open","sticky":false,"template":"","format":"standard","meta":{"pmpro_default_level":"","inline_featured_image":false,"_monsterinsights_skip_tracking":false,"footnotes":""},"categories":[4840,745,741,22700],"tags":[2609,867,3935,2180,2006,2239],"class_list":["post-91299","post","type-post","status-publish","format-standard","has-post-thumbnail","hentry","category-aargau-immoregion","category-immonews-it","category-progetti","category-sostenibilita","tag-forschung-it","tag-immoinvest-it","tag-immonews-it","tag-innovation-it","tag-news-it","tag-technologie-it","pmpro-has-access"],"acf":{"bild_mit_ki_erstellt_worden":[],"lead":"Alla presenza di importanti personalit\u00e0 politiche e accademiche, \u00e8 stato inaugurato il Parco dell'Innovazione Park Innovaare, che offre infrastrutture avanzate per la ricerca e lo sviluppo per una variet\u00e0 di settori high-tech.","autor":"ce\/js","ort":"Villigen AG","bildunterschrift":"","bild_im_grid":false,"gallerie":"","newsim":""},"aioseo_notices":[],"aioseo_head":"\n\t\t<!-- All in One SEO 5.0.0.1 - aioseo.com -->\n\t<meta name=\"description\" content=\"Alla presenza di importanti personalit\u00e0 politiche e accademiche, \u00e8 stato inaugurato il Parco dell&#039;Innovazione Park Innovaare, che offre infrastrutture avanzate per la ricerca e lo sviluppo per una variet\u00e0 di settori high-tech.\" \/>\n\t<meta name=\"robots\" content=\"max-image-preview:large\" \/>\n\t<meta name=\"author\" content=\"immovestuser\"\/>\n\t<meta name=\"google-site-verification\" content=\"fHJKvgWpZCR2zVBHWfkQeFXC11qieUSff0HGNYfuyLA\" \/>\n\t<link rel=\"canonical\" href=\"https:\/\/www.immo-invest.ch\/it\/eroeffnung-des-neuen-innovationsparks-in-der-naehe-des-paul-scherrer-instituts\/\" \/>\n\t<meta name=\"generator\" content=\"All in One SEO (AIOSEO) 5.0.0.1\" \/>\n\t\t<meta property=\"og:locale\" content=\"it_IT\" \/>\n\t\t<meta property=\"og:site_name\" content=\"immo!nvest - Die Plattform f\u00fcr Standorte und Immobilien - Die\u00a0Plattform f\u00fcr Standorte und Immobilien\" \/>\n\t\t<meta property=\"og:type\" content=\"article\" \/>\n\t\t<meta property=\"og:title\" content=\"Inaugurazione del nuovo parco di innovazione vicino all\u2019Istituto Paul Scherrer - immo!nvest - Die Plattform f\u00fcr Standorte und Immobilien\" \/>\n\t\t<meta property=\"og:description\" content=\"Alla presenza di importanti personalit\u00e0 politiche e accademiche, \u00e8 stato inaugurato il Parco dell&#039;Innovazione Park Innovaare, che offre infrastrutture avanzate per la ricerca e lo sviluppo per una variet\u00e0 di settori high-tech.\" \/>\n\t\t<meta property=\"og:url\" content=\"https:\/\/www.immo-invest.ch\/it\/eroeffnung-des-neuen-innovationsparks-in-der-naehe-des-paul-scherrer-instituts\/\" \/>\n\t\t<meta property=\"og:image\" content=\"https:\/\/www.immo-invest.ch\/wp-content\/uploads\/2024\/05\/Unbenannt-9.png\" \/>\n\t\t<meta property=\"og:image:secure_url\" content=\"https:\/\/www.immo-invest.ch\/wp-content\/uploads\/2024\/05\/Unbenannt-9.png\" \/>\n\t\t<meta property=\"og:image:width\" content=\"1792\" \/>\n\t\t<meta property=\"og:image:height\" content=\"1024\" \/>\n\t\t<meta property=\"article:published_time\" content=\"2024-05-08T11:33:41+00:00\" \/>\n\t\t<meta property=\"article:modified_time\" content=\"2024-06-07T13:16:56+00:00\" \/>\n\t\t<meta property=\"article:publisher\" content=\"https:\/\/www.facebook.com\/people\/Immoinvest\/100077962920504\/\" \/>\n\t\t<meta name=\"twitter:card\" content=\"summary_large_image\" \/>\n\t\t<meta name=\"twitter:site\" content=\"@i\" \/>\n\t\t<meta name=\"twitter:title\" content=\"Inaugurazione del nuovo parco di innovazione vicino all\u2019Istituto Paul Scherrer - immo!nvest - Die Plattform f\u00fcr Standorte und Immobilien\" \/>\n\t\t<meta name=\"twitter:description\" content=\"Alla presenza di importanti personalit\u00e0 politiche e accademiche, \u00e8 stato inaugurato il Parco dell&#039;Innovazione Park Innovaare, che offre infrastrutture avanzate per la ricerca e lo sviluppo per una variet\u00e0 di settori high-tech.\" \/>\n\t\t<meta name=\"twitter:creator\" content=\"@i\" \/>\n\t\t<meta name=\"twitter:image\" content=\"https:\/\/www.immo-invest.ch\/wp-content\/uploads\/2024\/05\/Unbenannt-9.png\" \/>\n\t\t<script type=\"application\/ld+json\" class=\"aioseo-schema\">\n\t\t\t{\"@context\":\"https:\\\/\\\/schema.org\",\"@graph\":[{\"@type\":\"BlogPosting\",\"@id\":\"https:\\\/\\\/www.immo-invest.ch\\\/it\\\/eroeffnung-des-neuen-innovationsparks-in-der-naehe-des-paul-scherrer-instituts\\\/#blogposting\",\"name\":\"Inaugurazione del nuovo parco di innovazione vicino all\\u2019Istituto Paul Scherrer - immo!nvest - Die Plattform f\\u00fcr Standorte und Immobilien\",\"headline\":\"Inaugurazione del nuovo parco di innovazione vicino all&#8217;Istituto Paul Scherrer\",\"author\":{\"@id\":\"https:\\\/\\\/www.immo-invest.ch\\\/it\\\/author\\\/immovestuser\\\/#author\"},\"publisher\":{\"@id\":\"https:\\\/\\\/www.immo-invest.ch\\\/it\\\/#organization\"},\"image\":{\"@type\":\"ImageObject\",\"url\":\"https:\\\/\\\/www.immo-invest.ch\\\/wp-content\\\/uploads\\\/2024\\\/05\\\/Unbenannt-9.png\",\"width\":1792,\"height\":1024},\"datePublished\":\"2024-05-08T13:33:41+02:00\",\"dateModified\":\"2024-06-07T15:16:56+02:00\",\"inLanguage\":\"it-IT\",\"mainEntityOfPage\":{\"@id\":\"https:\\\/\\\/www.immo-invest.ch\\\/it\\\/eroeffnung-des-neuen-innovationsparks-in-der-naehe-des-paul-scherrer-instituts\\\/#webpage\"},\"isPartOf\":{\"@id\":\"https:\\\/\\\/www.immo-invest.ch\\\/it\\\/eroeffnung-des-neuen-innovationsparks-in-der-naehe-des-paul-scherrer-instituts\\\/#webpage\"},\"articleSection\":\"Aargau, immoNews, Progetti, Sostenibilit\\u00e0, Forschung, Immoinvest, immoNews, Innovation, News, Technologie, Optional\"},{\"@type\":\"BreadcrumbList\",\"@id\":\"https:\\\/\\\/www.immo-invest.ch\\\/it\\\/eroeffnung-des-neuen-innovationsparks-in-der-naehe-des-paul-scherrer-instituts\\\/#breadcrumblist\",\"itemListElement\":[{\"@type\":\"ListItem\",\"@id\":\"https:\\\/\\\/www.immo-invest.ch\\\/it\\\/#listItem\",\"position\":1,\"name\":\"Home\",\"item\":\"https:\\\/\\\/www.immo-invest.ch\\\/it\\\/\",\"nextItem\":{\"@type\":\"ListItem\",\"@id\":\"https:\\\/\\\/www.immo-invest.ch\\\/it\\\/categoria\\\/regioni\\\/#listItem\",\"name\":\"Regioni\"}},{\"@type\":\"ListItem\",\"@id\":\"https:\\\/\\\/www.immo-invest.ch\\\/it\\\/categoria\\\/regioni\\\/#listItem\",\"position\":2,\"name\":\"Regioni\",\"item\":\"https:\\\/\\\/www.immo-invest.ch\\\/it\\\/categoria\\\/regioni\\\/\",\"nextItem\":{\"@type\":\"ListItem\",\"@id\":\"https:\\\/\\\/www.immo-invest.ch\\\/it\\\/categoria\\\/regioni\\\/svizzera\\\/#listItem\",\"name\":\"Svizzera\"},\"previousItem\":{\"@type\":\"ListItem\",\"@id\":\"https:\\\/\\\/www.immo-invest.ch\\\/it\\\/#listItem\",\"name\":\"Home\"}},{\"@type\":\"ListItem\",\"@id\":\"https:\\\/\\\/www.immo-invest.ch\\\/it\\\/categoria\\\/regioni\\\/svizzera\\\/#listItem\",\"position\":3,\"name\":\"Svizzera\",\"item\":\"https:\\\/\\\/www.immo-invest.ch\\\/it\\\/categoria\\\/regioni\\\/svizzera\\\/\",\"nextItem\":{\"@type\":\"ListItem\",\"@id\":\"https:\\\/\\\/www.immo-invest.ch\\\/it\\\/categoria\\\/regioni\\\/svizzera\\\/svizzera-nord-occidentale\\\/#listItem\",\"name\":\"Svizzera nord-occidentale\"},\"previousItem\":{\"@type\":\"ListItem\",\"@id\":\"https:\\\/\\\/www.immo-invest.ch\\\/it\\\/categoria\\\/regioni\\\/#listItem\",\"name\":\"Regioni\"}},{\"@type\":\"ListItem\",\"@id\":\"https:\\\/\\\/www.immo-invest.ch\\\/it\\\/categoria\\\/regioni\\\/svizzera\\\/svizzera-nord-occidentale\\\/#listItem\",\"position\":4,\"name\":\"Svizzera nord-occidentale\",\"item\":\"https:\\\/\\\/www.immo-invest.ch\\\/it\\\/categoria\\\/regioni\\\/svizzera\\\/svizzera-nord-occidentale\\\/\",\"nextItem\":{\"@type\":\"ListItem\",\"@id\":\"https:\\\/\\\/www.immo-invest.ch\\\/it\\\/categoria\\\/regioni\\\/svizzera\\\/svizzera-nord-occidentale\\\/aargau-immoregion\\\/#listItem\",\"name\":\"Aargau\"},\"previousItem\":{\"@type\":\"ListItem\",\"@id\":\"https:\\\/\\\/www.immo-invest.ch\\\/it\\\/categoria\\\/regioni\\\/svizzera\\\/#listItem\",\"name\":\"Svizzera\"}},{\"@type\":\"ListItem\",\"@id\":\"https:\\\/\\\/www.immo-invest.ch\\\/it\\\/categoria\\\/regioni\\\/svizzera\\\/svizzera-nord-occidentale\\\/aargau-immoregion\\\/#listItem\",\"position\":5,\"name\":\"Aargau\",\"item\":\"https:\\\/\\\/www.immo-invest.ch\\\/it\\\/categoria\\\/regioni\\\/svizzera\\\/svizzera-nord-occidentale\\\/aargau-immoregion\\\/\",\"nextItem\":{\"@type\":\"ListItem\",\"@id\":\"https:\\\/\\\/www.immo-invest.ch\\\/it\\\/eroeffnung-des-neuen-innovationsparks-in-der-naehe-des-paul-scherrer-instituts\\\/#listItem\",\"name\":\"Inaugurazione del nuovo parco di innovazione vicino all&#8217;Istituto Paul Scherrer\"},\"previousItem\":{\"@type\":\"ListItem\",\"@id\":\"https:\\\/\\\/www.immo-invest.ch\\\/it\\\/categoria\\\/regioni\\\/svizzera\\\/svizzera-nord-occidentale\\\/#listItem\",\"name\":\"Svizzera nord-occidentale\"}},{\"@type\":\"ListItem\",\"@id\":\"https:\\\/\\\/www.immo-invest.ch\\\/it\\\/eroeffnung-des-neuen-innovationsparks-in-der-naehe-des-paul-scherrer-instituts\\\/#listItem\",\"position\":6,\"name\":\"Inaugurazione del nuovo parco di innovazione vicino all&#8217;Istituto Paul Scherrer\",\"previousItem\":{\"@type\":\"ListItem\",\"@id\":\"https:\\\/\\\/www.immo-invest.ch\\\/it\\\/categoria\\\/regioni\\\/svizzera\\\/svizzera-nord-occidentale\\\/aargau-immoregion\\\/#listItem\",\"name\":\"Aargau\"}}]},{\"@type\":\"Organization\",\"@id\":\"https:\\\/\\\/www.immo-invest.ch\\\/it\\\/#organization\",\"name\":\"immo!nvest - Die Plattform f\\u00fcr Standorte und Immobilien\",\"description\":\"Die\\u00a0Plattform f\\u00fcr Standorte und Immobilien\",\"url\":\"https:\\\/\\\/www.immo-invest.ch\\\/it\\\/\",\"email\":\"admin@immomedia.ag\",\"telephone\":\"+41444420002\",\"logo\":{\"@type\":\"ImageObject\",\"url\":\"https:\\\/\\\/www.immo-invest.ch\\\/wp-content\\\/uploads\\\/2024\\\/09\\\/immoinvest_sm-scaled.jpg\",\"@id\":\"https:\\\/\\\/www.immo-invest.ch\\\/it\\\/eroeffnung-des-neuen-innovationsparks-in-der-naehe-des-paul-scherrer-instituts\\\/#organizationLogo\",\"width\":2560,\"height\":1340},\"image\":{\"@id\":\"https:\\\/\\\/www.immo-invest.ch\\\/it\\\/eroeffnung-des-neuen-innovationsparks-in-der-naehe-des-paul-scherrer-instituts\\\/#organizationLogo\"},\"sameAs\":[\"https:\\\/\\\/www.facebook.com\\\/people\\\/Immoinvest\\\/100077962920504\\\/\",\"https:\\\/\\\/x.com\\\/i\\\/flow\\\/login?redirect_after_login=immoinvest_ch\",\"https:\\\/\\\/www.instagram.com\\\/immoinvest_ch\\\/\",\"https:\\\/\\\/www.linkedin.com\\\/company\\\/immoinvest-swiss\"]},{\"@type\":\"Person\",\"@id\":\"https:\\\/\\\/www.immo-invest.ch\\\/it\\\/author\\\/immovestuser\\\/#author\",\"url\":\"https:\\\/\\\/www.immo-invest.ch\\\/it\\\/author\\\/immovestuser\\\/\",\"name\":\"immovestuser\",\"image\":{\"@type\":\"ImageObject\",\"@id\":\"https:\\\/\\\/www.immo-invest.ch\\\/it\\\/eroeffnung-des-neuen-innovationsparks-in-der-naehe-des-paul-scherrer-instituts\\\/#authorImage\",\"url\":\"https:\\\/\\\/secure.gravatar.com\\\/avatar\\\/8e01f4d99f2eeea7a362ebb93305e1172a70e9293ba250f897a65c39f54cdd1e?s=96&d=mm&r=g\",\"width\":96,\"height\":96,\"caption\":\"immovestuser\"}},{\"@type\":\"WebPage\",\"@id\":\"https:\\\/\\\/www.immo-invest.ch\\\/it\\\/eroeffnung-des-neuen-innovationsparks-in-der-naehe-des-paul-scherrer-instituts\\\/#webpage\",\"url\":\"https:\\\/\\\/www.immo-invest.ch\\\/it\\\/eroeffnung-des-neuen-innovationsparks-in-der-naehe-des-paul-scherrer-instituts\\\/\",\"name\":\"Inaugurazione del nuovo parco di innovazione vicino all\\u2019Istituto Paul Scherrer - immo!nvest - Die Plattform f\\u00fcr Standorte und Immobilien\",\"description\":\"Alla presenza di importanti personalit\\u00e0 politiche e accademiche, \\u00e8 stato inaugurato il Parco dell'Innovazione Park Innovaare, che offre infrastrutture avanzate per la ricerca e lo sviluppo per una variet\\u00e0 di settori high-tech.\",\"inLanguage\":\"it-IT\",\"isPartOf\":{\"@id\":\"https:\\\/\\\/www.immo-invest.ch\\\/it\\\/#website\"},\"breadcrumb\":{\"@id\":\"https:\\\/\\\/www.immo-invest.ch\\\/it\\\/eroeffnung-des-neuen-innovationsparks-in-der-naehe-des-paul-scherrer-instituts\\\/#breadcrumblist\"},\"author\":{\"@id\":\"https:\\\/\\\/www.immo-invest.ch\\\/it\\\/author\\\/immovestuser\\\/#author\"},\"creator\":{\"@id\":\"https:\\\/\\\/www.immo-invest.ch\\\/it\\\/author\\\/immovestuser\\\/#author\"},\"image\":{\"@type\":\"ImageObject\",\"url\":\"https:\\\/\\\/www.immo-invest.ch\\\/wp-content\\\/uploads\\\/2024\\\/05\\\/Unbenannt-9.png\",\"@id\":\"https:\\\/\\\/www.immo-invest.ch\\\/it\\\/eroeffnung-des-neuen-innovationsparks-in-der-naehe-des-paul-scherrer-instituts\\\/#mainImage\",\"width\":1792,\"height\":1024},\"primaryImageOfPage\":{\"@id\":\"https:\\\/\\\/www.immo-invest.ch\\\/it\\\/eroeffnung-des-neuen-innovationsparks-in-der-naehe-des-paul-scherrer-instituts\\\/#mainImage\"},\"datePublished\":\"2024-05-08T13:33:41+02:00\",\"dateModified\":\"2024-06-07T15:16:56+02:00\"},{\"@type\":\"WebSite\",\"@id\":\"https:\\\/\\\/www.immo-invest.ch\\\/it\\\/#website\",\"url\":\"https:\\\/\\\/www.immo-invest.ch\\\/it\\\/\",\"name\":\"immo!nvest - Die Plattform f\\u00fcr Standorte und Immobilien\",\"description\":\"Die\\u00a0Plattform f\\u00fcr Standorte und Immobilien\",\"inLanguage\":\"it-IT\",\"publisher\":{\"@id\":\"https:\\\/\\\/www.immo-invest.ch\\\/it\\\/#organization\"}}]}\n\t\t<\/script>\n\t\t<!-- All in One SEO -->\n\n","aioseo_head_json":{"title":"Inaugurazione del nuovo parco di innovazione vicino all\u2019Istituto Paul Scherrer - immo!nvest - Die Plattform f\u00fcr Standorte und Immobilien","description":"Alla presenza di importanti personalit\u00e0 politiche e accademiche, \u00e8 stato inaugurato il Parco dell'Innovazione Park Innovaare, che offre infrastrutture avanzate per la ricerca e lo sviluppo per una variet\u00e0 di settori high-tech.","canonical_url":"https:\/\/www.immo-invest.ch\/it\/eroeffnung-des-neuen-innovationsparks-in-der-naehe-des-paul-scherrer-instituts\/","robots":"max-image-preview:large","keywords":"","webmasterTools":{"google-site-verification":"fHJKvgWpZCR2zVBHWfkQeFXC11qieUSff0HGNYfuyLA","miscellaneous":""},"schema":{"@context":"https:\/\/schema.org","@graph":[{"@type":"BlogPosting","@id":"https:\/\/www.immo-invest.ch\/it\/eroeffnung-des-neuen-innovationsparks-in-der-naehe-des-paul-scherrer-instituts\/#blogposting","name":"Inaugurazione del nuovo parco di innovazione vicino all\u2019Istituto Paul Scherrer - immo!nvest - Die Plattform f\u00fcr Standorte und Immobilien","headline":"Inaugurazione del nuovo parco di innovazione vicino all&#8217;Istituto Paul Scherrer","author":{"@id":"https:\/\/www.immo-invest.ch\/it\/author\/immovestuser\/#author"},"publisher":{"@id":"https:\/\/www.immo-invest.ch\/it\/#organization"},"image":{"@type":"ImageObject","url":"https:\/\/www.immo-invest.ch\/wp-content\/uploads\/2024\/05\/Unbenannt-9.png","width":1792,"height":1024},"datePublished":"2024-05-08T13:33:41+02:00","dateModified":"2024-06-07T15:16:56+02:00","inLanguage":"it-IT","mainEntityOfPage":{"@id":"https:\/\/www.immo-invest.ch\/it\/eroeffnung-des-neuen-innovationsparks-in-der-naehe-des-paul-scherrer-instituts\/#webpage"},"isPartOf":{"@id":"https:\/\/www.immo-invest.ch\/it\/eroeffnung-des-neuen-innovationsparks-in-der-naehe-des-paul-scherrer-instituts\/#webpage"},"articleSection":"Aargau, immoNews, Progetti, Sostenibilit\u00e0, Forschung, Immoinvest, immoNews, Innovation, News, Technologie, Optional"},{"@type":"BreadcrumbList","@id":"https:\/\/www.immo-invest.ch\/it\/eroeffnung-des-neuen-innovationsparks-in-der-naehe-des-paul-scherrer-instituts\/#breadcrumblist","itemListElement":[{"@type":"ListItem","@id":"https:\/\/www.immo-invest.ch\/it\/#listItem","position":1,"name":"Home","item":"https:\/\/www.immo-invest.ch\/it\/","nextItem":{"@type":"ListItem","@id":"https:\/\/www.immo-invest.ch\/it\/categoria\/regioni\/#listItem","name":"Regioni"}},{"@type":"ListItem","@id":"https:\/\/www.immo-invest.ch\/it\/categoria\/regioni\/#listItem","position":2,"name":"Regioni","item":"https:\/\/www.immo-invest.ch\/it\/categoria\/regioni\/","nextItem":{"@type":"ListItem","@id":"https:\/\/www.immo-invest.ch\/it\/categoria\/regioni\/svizzera\/#listItem","name":"Svizzera"},"previousItem":{"@type":"ListItem","@id":"https:\/\/www.immo-invest.ch\/it\/#listItem","name":"Home"}},{"@type":"ListItem","@id":"https:\/\/www.immo-invest.ch\/it\/categoria\/regioni\/svizzera\/#listItem","position":3,"name":"Svizzera","item":"https:\/\/www.immo-invest.ch\/it\/categoria\/regioni\/svizzera\/","nextItem":{"@type":"ListItem","@id":"https:\/\/www.immo-invest.ch\/it\/categoria\/regioni\/svizzera\/svizzera-nord-occidentale\/#listItem","name":"Svizzera nord-occidentale"},"previousItem":{"@type":"ListItem","@id":"https:\/\/www.immo-invest.ch\/it\/categoria\/regioni\/#listItem","name":"Regioni"}},{"@type":"ListItem","@id":"https:\/\/www.immo-invest.ch\/it\/categoria\/regioni\/svizzera\/svizzera-nord-occidentale\/#listItem","position":4,"name":"Svizzera nord-occidentale","item":"https:\/\/www.immo-invest.ch\/it\/categoria\/regioni\/svizzera\/svizzera-nord-occidentale\/","nextItem":{"@type":"ListItem","@id":"https:\/\/www.immo-invest.ch\/it\/categoria\/regioni\/svizzera\/svizzera-nord-occidentale\/aargau-immoregion\/#listItem","name":"Aargau"},"previousItem":{"@type":"ListItem","@id":"https:\/\/www.immo-invest.ch\/it\/categoria\/regioni\/svizzera\/#listItem","name":"Svizzera"}},{"@type":"ListItem","@id":"https:\/\/www.immo-invest.ch\/it\/categoria\/regioni\/svizzera\/svizzera-nord-occidentale\/aargau-immoregion\/#listItem","position":5,"name":"Aargau","item":"https:\/\/www.immo-invest.ch\/it\/categoria\/regioni\/svizzera\/svizzera-nord-occidentale\/aargau-immoregion\/","nextItem":{"@type":"ListItem","@id":"https:\/\/www.immo-invest.ch\/it\/eroeffnung-des-neuen-innovationsparks-in-der-naehe-des-paul-scherrer-instituts\/#listItem","name":"Inaugurazione del nuovo parco di innovazione vicino all&#8217;Istituto Paul Scherrer"},"previousItem":{"@type":"ListItem","@id":"https:\/\/www.immo-invest.ch\/it\/categoria\/regioni\/svizzera\/svizzera-nord-occidentale\/#listItem","name":"Svizzera nord-occidentale"}},{"@type":"ListItem","@id":"https:\/\/www.immo-invest.ch\/it\/eroeffnung-des-neuen-innovationsparks-in-der-naehe-des-paul-scherrer-instituts\/#listItem","position":6,"name":"Inaugurazione del nuovo parco di innovazione vicino all&#8217;Istituto Paul Scherrer","previousItem":{"@type":"ListItem","@id":"https:\/\/www.immo-invest.ch\/it\/categoria\/regioni\/svizzera\/svizzera-nord-occidentale\/aargau-immoregion\/#listItem","name":"Aargau"}}]},{"@type":"Organization","@id":"https:\/\/www.immo-invest.ch\/it\/#organization","name":"immo!nvest - Die Plattform f\u00fcr Standorte und Immobilien","description":"Die\u00a0Plattform f\u00fcr Standorte und Immobilien","url":"https:\/\/www.immo-invest.ch\/it\/","email":"admin@immomedia.ag","telephone":"+41444420002","logo":{"@type":"ImageObject","url":"https:\/\/www.immo-invest.ch\/wp-content\/uploads\/2024\/09\/immoinvest_sm-scaled.jpg","@id":"https:\/\/www.immo-invest.ch\/it\/eroeffnung-des-neuen-innovationsparks-in-der-naehe-des-paul-scherrer-instituts\/#organizationLogo","width":2560,"height":1340},"image":{"@id":"https:\/\/www.immo-invest.ch\/it\/eroeffnung-des-neuen-innovationsparks-in-der-naehe-des-paul-scherrer-instituts\/#organizationLogo"},"sameAs":["https:\/\/www.facebook.com\/people\/Immoinvest\/100077962920504\/","https:\/\/x.com\/i\/flow\/login?redirect_after_login=immoinvest_ch","https:\/\/www.instagram.com\/immoinvest_ch\/","https:\/\/www.linkedin.com\/company\/immoinvest-swiss"]},{"@type":"Person","@id":"https:\/\/www.immo-invest.ch\/it\/author\/immovestuser\/#author","url":"https:\/\/www.immo-invest.ch\/it\/author\/immovestuser\/","name":"immovestuser","image":{"@type":"ImageObject","@id":"https:\/\/www.immo-invest.ch\/it\/eroeffnung-des-neuen-innovationsparks-in-der-naehe-des-paul-scherrer-instituts\/#authorImage","url":"https:\/\/secure.gravatar.com\/avatar\/8e01f4d99f2eeea7a362ebb93305e1172a70e9293ba250f897a65c39f54cdd1e?s=96&d=mm&r=g","width":96,"height":96,"caption":"immovestuser"}},{"@type":"WebPage","@id":"https:\/\/www.immo-invest.ch\/it\/eroeffnung-des-neuen-innovationsparks-in-der-naehe-des-paul-scherrer-instituts\/#webpage","url":"https:\/\/www.immo-invest.ch\/it\/eroeffnung-des-neuen-innovationsparks-in-der-naehe-des-paul-scherrer-instituts\/","name":"Inaugurazione del nuovo parco di innovazione vicino all\u2019Istituto Paul Scherrer - immo!nvest - Die Plattform f\u00fcr Standorte und Immobilien","description":"Alla presenza di importanti personalit\u00e0 politiche e accademiche, \u00e8 stato inaugurato il Parco dell'Innovazione Park Innovaare, che offre infrastrutture avanzate per la ricerca e lo sviluppo per una variet\u00e0 di settori high-tech.","inLanguage":"it-IT","isPartOf":{"@id":"https:\/\/www.immo-invest.ch\/it\/#website"},"breadcrumb":{"@id":"https:\/\/www.immo-invest.ch\/it\/eroeffnung-des-neuen-innovationsparks-in-der-naehe-des-paul-scherrer-instituts\/#breadcrumblist"},"author":{"@id":"https:\/\/www.immo-invest.ch\/it\/author\/immovestuser\/#author"},"creator":{"@id":"https:\/\/www.immo-invest.ch\/it\/author\/immovestuser\/#author"},"image":{"@type":"ImageObject","url":"https:\/\/www.immo-invest.ch\/wp-content\/uploads\/2024\/05\/Unbenannt-9.png","@id":"https:\/\/www.immo-invest.ch\/it\/eroeffnung-des-neuen-innovationsparks-in-der-naehe-des-paul-scherrer-instituts\/#mainImage","width":1792,"height":1024},"primaryImageOfPage":{"@id":"https:\/\/www.immo-invest.ch\/it\/eroeffnung-des-neuen-innovationsparks-in-der-naehe-des-paul-scherrer-instituts\/#mainImage"},"datePublished":"2024-05-08T13:33:41+02:00","dateModified":"2024-06-07T15:16:56+02:00"},{"@type":"WebSite","@id":"https:\/\/www.immo-invest.ch\/it\/#website","url":"https:\/\/www.immo-invest.ch\/it\/","name":"immo!nvest - Die Plattform f\u00fcr Standorte und Immobilien","description":"Die\u00a0Plattform f\u00fcr Standorte und Immobilien","inLanguage":"it-IT","publisher":{"@id":"https:\/\/www.immo-invest.ch\/it\/#organization"}}]},"og:locale":"it_IT","og:site_name":"immo!nvest - Die Plattform f\u00fcr Standorte und Immobilien - Die\u00a0Plattform f\u00fcr Standorte und Immobilien","og:type":"article","og:title":"Inaugurazione del nuovo parco di innovazione vicino all\u2019Istituto Paul Scherrer - immo!nvest - Die Plattform f\u00fcr Standorte und Immobilien","og:description":"Alla presenza di importanti personalit\u00e0 politiche e accademiche, \u00e8 stato inaugurato il Parco dell'Innovazione Park Innovaare, che offre infrastrutture avanzate per la ricerca e lo sviluppo per una variet\u00e0 di settori high-tech.","og:url":"https:\/\/www.immo-invest.ch\/it\/eroeffnung-des-neuen-innovationsparks-in-der-naehe-des-paul-scherrer-instituts\/","og:image":"https:\/\/www.immo-invest.ch\/wp-content\/uploads\/2024\/05\/Unbenannt-9.png","og:image:secure_url":"https:\/\/www.immo-invest.ch\/wp-content\/uploads\/2024\/05\/Unbenannt-9.png","og:image:width":1792,"og:image:height":1024,"article:published_time":"2024-05-08T11:33:41+00:00","article:modified_time":"2024-06-07T13:16:56+00:00","article:publisher":"https:\/\/www.facebook.com\/people\/Immoinvest\/100077962920504\/","twitter:card":"summary_large_image","twitter:site":"@i","twitter:title":"Inaugurazione del nuovo parco di innovazione vicino all\u2019Istituto Paul Scherrer - immo!nvest - Die Plattform f\u00fcr Standorte und Immobilien","twitter:description":"Alla presenza di importanti personalit\u00e0 politiche e accademiche, \u00e8 stato inaugurato il Parco dell'Innovazione Park Innovaare, che offre infrastrutture avanzate per la ricerca e lo sviluppo per una variet\u00e0 di settori high-tech.","twitter:creator":"@i","twitter:image":"https:\/\/www.immo-invest.ch\/wp-content\/uploads\/2024\/05\/Unbenannt-9.png"},"aioseo_meta_data":{"post_id":"91299","title":null,"description":null,"keywords":null,"keyphrases":null,"primary_term":null,"canonical_url":null,"og_title":null,"og_description":null,"og_object_type":"default","og_image_type":"default","og_image_url":null,"og_image_width":null,"og_image_height":null,"og_image_custom_url":null,"og_image_custom_fields":null,"og_video":null,"og_custom_url":null,"og_article_section":null,"og_article_tags":null,"twitter_use_og":false,"twitter_card":"default","twitter_image_type":"default","twitter_image_url":null,"twitter_image_custom_url":null,"twitter_image_custom_fields":null,"twitter_title":null,"twitter_description":null,"schema":{"blockGraphs":[],"customGraphs":[],"default":{"data":{"Article":[],"Course":[],"Dataset":[],"FAQPage":[],"Movie":[],"Person":[],"Product":[],"ProductReview":[],"Car":[],"Recipe":[],"Service":[],"SoftwareApplication":[],"WebPage":[]},"graphName":"","isEnabled":true},"graphs":[]},"schema_type":"default","schema_type_options":null,"pillar_content":false,"robots_default":true,"robots_noindex":false,"robots_noarchive":false,"robots_nosnippet":false,"robots_nofollow":false,"robots_noimageindex":false,"robots_noodp":false,"robots_notranslate":false,"robots_max_snippet":null,"robots_max_videopreview":null,"robots_max_imagepreview":"large","priority":null,"frequency":null,"local_seo":null,"breadcrumb_settings":null,"limit_modified_date":false,"ai":null,"created":"2024-09-20 19:32:58","updated":"2025-10-24 01:51:12","seo_analyzer_scan_date":null,"focus_keyword":null,"additional_keywords":null,"truseo_locale":null},"aioseo_breadcrumb":"<div class=\"aioseo-breadcrumbs\"><span class=\"aioseo-breadcrumb\">\n\t\t\t<a href=\"https:\/\/www.immo-invest.ch\/it\/\" title=\"Home\">Home<\/a>\n\t\t<\/span><span class=\"aioseo-breadcrumb-separator\">&raquo;<\/span><span class=\"aioseo-breadcrumb\">\n\t\t\t<a href=\"https:\/\/www.immo-invest.ch\/it\/categoria\/regioni\/\" title=\"Regioni\">Regioni<\/a>\n\t\t<\/span><span class=\"aioseo-breadcrumb-separator\">&raquo;<\/span><span class=\"aioseo-breadcrumb\">\n\t\t\t<a href=\"https:\/\/www.immo-invest.ch\/it\/categoria\/regioni\/svizzera\/\" title=\"Svizzera\">Svizzera<\/a>\n\t\t<\/span><span class=\"aioseo-breadcrumb-separator\">&raquo;<\/span><span class=\"aioseo-breadcrumb\">\n\t\t\t<a href=\"https:\/\/www.immo-invest.ch\/it\/categoria\/regioni\/svizzera\/svizzera-nord-occidentale\/\" title=\"Svizzera nord-occidentale\">Svizzera nord-occidentale<\/a>\n\t\t<\/span><span class=\"aioseo-breadcrumb-separator\">&raquo;<\/span><span class=\"aioseo-breadcrumb\">\n\t\t\t<a href=\"https:\/\/www.immo-invest.ch\/it\/categoria\/regioni\/svizzera\/svizzera-nord-occidentale\/aargau-immoregion\/\" title=\"Aargau\">Aargau<\/a>\n\t\t<\/span><span class=\"aioseo-breadcrumb-separator\">&raquo;<\/span><span class=\"aioseo-breadcrumb\">\n\t\t\tInaugurazione del nuovo parco di innovazione vicino all\u2019Istituto Paul Scherrer\n\t\t<\/span><\/div>","aioseo_breadcrumb_json":[{"label":"Home","link":"https:\/\/www.immo-invest.ch\/it\/"},{"label":"Regioni","link":"https:\/\/www.immo-invest.ch\/it\/categoria\/regioni\/"},{"label":"Svizzera","link":"https:\/\/www.immo-invest.ch\/it\/categoria\/regioni\/svizzera\/"},{"label":"Svizzera nord-occidentale","link":"https:\/\/www.immo-invest.ch\/it\/categoria\/regioni\/svizzera\/svizzera-nord-occidentale\/"},{"label":"Aargau","link":"https:\/\/www.immo-invest.ch\/it\/categoria\/regioni\/svizzera\/svizzera-nord-occidentale\/aargau-immoregion\/"},{"label":"Inaugurazione del nuovo parco di innovazione vicino all&#8217;Istituto Paul Scherrer","link":"https:\/\/www.immo-invest.ch\/it\/eroeffnung-des-neuen-innovationsparks-in-der-naehe-des-paul-scherrer-instituts\/"}],"featured_image_src":"https:\/\/www.immo-invest.ch\/wp-content\/uploads\/2024\/05\/Unbenannt-9-336x168.png","_links":{"self":[{"href":"https:\/\/www.immo-invest.ch\/it\/wp-json\/wp\/v2\/posts\/91299","targetHints":{"allow":["GET"]}}],"collection":[{"href":"https:\/\/www.immo-invest.ch\/it\/wp-json\/wp\/v2\/posts"}],"about":[{"href":"https:\/\/www.immo-invest.ch\/it\/wp-json\/wp\/v2\/types\/post"}],"author":[{"embeddable":true,"href":"https:\/\/www.immo-invest.ch\/it\/wp-json\/wp\/v2\/users\/2"}],"replies":[{"embeddable":true,"href":"https:\/\/www.immo-invest.ch\/it\/wp-json\/wp\/v2\/comments?post=91299"}],"version-history":[{"count":0,"href":"https:\/\/www.immo-invest.ch\/it\/wp-json\/wp\/v2\/posts\/91299\/revisions"}],"wp:featuredmedia":[{"embeddable":true,"href":"https:\/\/www.immo-invest.ch\/it\/wp-json\/wp\/v2\/media\/91294"}],"wp:attachment":[{"href":"https:\/\/www.immo-invest.ch\/it\/wp-json\/wp\/v2\/media?parent=91299"}],"wp:term":[{"taxonomy":"category","embeddable":true,"href":"https:\/\/www.immo-invest.ch\/it\/wp-json\/wp\/v2\/categories?post=91299"},{"taxonomy":"post_tag","embeddable":true,"href":"https:\/\/www.immo-invest.ch\/it\/wp-json\/wp\/v2\/tags?post=91299"}],"curies":[{"name":"wp","href":"https:\/\/api.w.org\/{rel}","templated":true}]}}