{"id":88042,"date":"2024-04-22T15:56:59","date_gmt":"2024-04-22T13:56:59","guid":{"rendered":"https:\/\/www.immo-invest.ch\/milder-winter-senkt-emissionen-im-gebaeudesektor\/"},"modified":"2024-06-13T09:04:10","modified_gmt":"2024-06-13T07:04:10","slug":"milder-winter-senkt-emissionen-im-gebaeudesektor","status":"publish","type":"post","link":"https:\/\/www.immo-invest.ch\/it\/milder-winter-senkt-emissionen-im-gebaeudesektor\/","title":{"rendered":"L&#8217;inverno mite riduce le emissioni nel settore edilizio"},"content":{"rendered":"<p class=\"bodytext\">La Svizzera ha emesso un totale di 41,6 milioni di tonnellate di CO2 equivalenti di gas serra nel 2022, ha <a href=\"https:\/\/www.bafu.admin.ch\/bafu\/de\/home\/dokumentation\/medienmitteilungen\/anzeige-nsb-unter-medienmitteilungen.msg-id-100711.html\" target=\"_blank\" rel=\"noopener\">annunciato l<\/a> &lsquo;Ufficio federale dell&rsquo;ambiente<a href=\"https:\/\/www.bafu.admin.ch\/\" target=\"_blank\" rel=\"noopener\">(UFAM<\/a>) in un comunicato stampa sull&rsquo;<a href=\"https:\/\/www.bafu.admin.ch\/bafu\/de\/home\/themen\/klima\/zustand\/daten\/treibhausgasinventar.html\" target=\"_blank\" rel=\"noopener\">Inventario svizzero dei gas serra 2022<\/a>, presentato dall&rsquo;UFAM al <a href=\"https:\/\/unfccc.int\/\" target=\"_blank\" rel=\"noopener\">Segretariato delle Nazioni Unite per il cambiamento climatico<\/a> in aprile. Rispetto all&rsquo;anno precedente, la Svizzera ha emesso 3,5 milioni di tonnellate di CO2 equivalenti in meno nell&rsquo;anno di riferimento. Rispetto all&rsquo;anno di riferimento 1990, le emissioni sono diminuite del 24 percento.<\/p>\n<p class=\"bodytext\">Il settore edilizio pu&ograve; vantare la maggior parte della riduzione delle emissioni. Con 9,4 milioni di tonnellate di CO2 equivalenti, le emissioni di gas serra sono diminuite del 44 percento rispetto al 1990. &ldquo;A causa dell&rsquo;inverno eccezionalmente mite, sono stati bruciati meno gas e olio da riscaldamento per riscaldare gli edifici rispetto all&rsquo;anno precedente&rdquo;, spiega l&rsquo;UFAM. Allo stesso tempo, i suoi esperti sottolineano che la tendenza &egrave; in discesa, nonostante un forte aumento delle aree riscaldate. Ci&ograve; &egrave; dovuto ai miglioramenti dell&rsquo;efficienza energetica e all&rsquo;installazione di pompe di calore.<\/p>\n<p class=\"bodytext\">Con 9,6 milioni di tonnellate di CO2 equivalenti, il settore industriale &egrave; riuscito a ridurre le sue emissioni del 27% rispetto al 1990. Il settore dei trasporti ha prodotto 13,7 milioni di tonnellate di CO2 equivalenti, che corrisponde a una riduzione dell&rsquo;8 percento rispetto all&rsquo;anno di riferimento. Con 8,9 milioni di tonnellate, le altre emissioni sono state inferiori di quasi il 13 percento rispetto al 1990.<\/p>\n","protected":false},"excerpt":{"rendered":"<p>Le emissioni di gas serra nel 2022 sono state di 41,6 milioni di tonnellate, 3,5 milioni di tonnellate in meno rispetto al 2021. Le emissioni sono diminuite significativamente, soprattutto nel settore edilizio. Questo \u00e8 quanto emerge dai rilevamenti dell&#8217;Ufficio federale dell&#8217;ambiente. L&#8217;andamento \u00e8 attribuito al mite inverno.<\/p>\n","protected":false},"author":2,"featured_media":88037,"comment_status":"open","ping_status":"open","sticky":false,"template":"","format":"standard","meta":{"pmpro_default_level":"","inline_featured_image":false,"_monsterinsights_skip_tracking":false,"footnotes":""},"categories":[8750,745,22700,22302],"tags":[46048,32186,867,3935,2006,29215],"class_list":["post-88042","post","type-post","status-publish","format-standard","has-post-thumbnail","hentry","category-energia","category-immonews-it","category-sostenibilita","category-svizzera","tag-emissionssenkung-it","tag-gebaeudesektor-it","tag-immoinvest-it","tag-immonews-it","tag-news-it","tag-waermepumpen-it","pmpro-has-access"],"acf":{"bild_mit_ki_erstellt_worden":[],"lead":"Le emissioni di gas serra nel 2022 sono state di 41,6 milioni di tonnellate, 3,5 milioni di tonnellate in meno rispetto al 2021. Le emissioni sono diminuite significativamente, soprattutto nel settore edilizio. Questo \u00e8 quanto emerge dai rilevamenti dell'Ufficio federale dell'ambiente. L'andamento \u00e8 attribuito al mite inverno.","autor":"ce\/hs","ort":"Bern","bildunterschrift":"","bild_im_grid":false,"gallerie":"","newsim":""},"aioseo_notices":[],"aioseo_head":"\n\t\t<!-- All in One SEO 5.0.1.1 - aioseo.com -->\n\t<meta name=\"description\" content=\"Le emissioni di gas serra nel 2022 sono state di 41,6 milioni di tonnellate, 3,5 milioni di tonnellate in meno rispetto al 2021. Le emissioni sono diminuite significativamente, soprattutto nel settore edilizio. Questo \u00e8 quanto emerge dai rilevamenti dell&#039;Ufficio federale dell&#039;ambiente. L&#039;andamento \u00e8 attribuito al mite inverno.\" \/>\n\t<meta name=\"robots\" content=\"max-image-preview:large\" \/>\n\t<meta name=\"author\" content=\"immovestuser\"\/>\n\t<meta name=\"google-site-verification\" content=\"fHJKvgWpZCR2zVBHWfkQeFXC11qieUSff0HGNYfuyLA\" \/>\n\t<link rel=\"canonical\" href=\"https:\/\/www.immo-invest.ch\/it\/milder-winter-senkt-emissionen-im-gebaeudesektor\/\" \/>\n\t<meta name=\"generator\" content=\"All in One SEO (AIOSEO) 5.0.1.1\" \/>\n\t\t<meta property=\"og:locale\" content=\"it_IT\" \/>\n\t\t<meta property=\"og:site_name\" content=\"immo!nvest - Die Plattform f\u00fcr Standorte und Immobilien - Die\u00a0Plattform f\u00fcr Standorte und Immobilien\" \/>\n\t\t<meta property=\"og:type\" content=\"article\" \/>\n\t\t<meta property=\"og:title\" content=\"L\u2019inverno mite riduce le emissioni nel settore edilizio - immo!nvest - Die Plattform f\u00fcr Standorte und Immobilien\" \/>\n\t\t<meta property=\"og:description\" content=\"Le emissioni di gas serra nel 2022 sono state di 41,6 milioni di tonnellate, 3,5 milioni di tonnellate in meno rispetto al 2021. Le emissioni sono diminuite significativamente, soprattutto nel settore edilizio. Questo \u00e8 quanto emerge dai rilevamenti dell&#039;Ufficio federale dell&#039;ambiente. L&#039;andamento \u00e8 attribuito al mite inverno.\" \/>\n\t\t<meta property=\"og:url\" content=\"https:\/\/www.immo-invest.ch\/it\/milder-winter-senkt-emissionen-im-gebaeudesektor\/\" \/>\n\t\t<meta property=\"og:image\" content=\"https:\/\/www.immo-invest.ch\/wp-content\/uploads\/2024\/04\/Unbenannt-31.png\" \/>\n\t\t<meta property=\"og:image:secure_url\" content=\"https:\/\/www.immo-invest.ch\/wp-content\/uploads\/2024\/04\/Unbenannt-31.png\" \/>\n\t\t<meta property=\"og:image:width\" content=\"1024\" \/>\n\t\t<meta property=\"og:image:height\" content=\"1024\" \/>\n\t\t<meta property=\"article:published_time\" content=\"2024-04-22T13:56:59+00:00\" \/>\n\t\t<meta property=\"article:modified_time\" content=\"2024-06-13T07:04:10+00:00\" \/>\n\t\t<meta property=\"article:publisher\" content=\"https:\/\/www.facebook.com\/people\/Immoinvest\/100077962920504\/\" \/>\n\t\t<meta name=\"twitter:card\" content=\"summary_large_image\" \/>\n\t\t<meta name=\"twitter:site\" content=\"@i\" \/>\n\t\t<meta name=\"twitter:title\" content=\"L\u2019inverno mite riduce le emissioni nel settore edilizio - immo!nvest - Die Plattform f\u00fcr Standorte und Immobilien\" \/>\n\t\t<meta name=\"twitter:description\" content=\"Le emissioni di gas serra nel 2022 sono state di 41,6 milioni di tonnellate, 3,5 milioni di tonnellate in meno rispetto al 2021. Le emissioni sono diminuite significativamente, soprattutto nel settore edilizio. Questo \u00e8 quanto emerge dai rilevamenti dell&#039;Ufficio federale dell&#039;ambiente. L&#039;andamento \u00e8 attribuito al mite inverno.\" \/>\n\t\t<meta name=\"twitter:creator\" content=\"@i\" \/>\n\t\t<meta name=\"twitter:image\" content=\"https:\/\/www.immo-invest.ch\/wp-content\/uploads\/2024\/04\/Unbenannt-31.png\" \/>\n\t\t<script type=\"application\/ld+json\" class=\"aioseo-schema\">\n\t\t\t{\"@context\":\"https:\\\/\\\/schema.org\",\"@graph\":[{\"@type\":\"BlogPosting\",\"@id\":\"https:\\\/\\\/www.immo-invest.ch\\\/it\\\/milder-winter-senkt-emissionen-im-gebaeudesektor\\\/#blogposting\",\"name\":\"L\\u2019inverno mite riduce le emissioni nel settore edilizio - immo!nvest - Die Plattform f\\u00fcr Standorte und Immobilien\",\"headline\":\"L&#8217;inverno mite riduce le emissioni nel settore edilizio\",\"author\":{\"@id\":\"https:\\\/\\\/www.immo-invest.ch\\\/it\\\/author\\\/immovestuser\\\/#author\"},\"publisher\":{\"@id\":\"https:\\\/\\\/www.immo-invest.ch\\\/it\\\/#organization\"},\"image\":{\"@type\":\"ImageObject\",\"url\":\"https:\\\/\\\/www.immo-invest.ch\\\/wp-content\\\/uploads\\\/2024\\\/04\\\/Unbenannt-31.png\",\"width\":1024,\"height\":1024},\"datePublished\":\"2024-04-22T15:56:59+02:00\",\"dateModified\":\"2024-06-13T09:04:10+02:00\",\"inLanguage\":\"it-IT\",\"mainEntityOfPage\":{\"@id\":\"https:\\\/\\\/www.immo-invest.ch\\\/it\\\/milder-winter-senkt-emissionen-im-gebaeudesektor\\\/#webpage\"},\"isPartOf\":{\"@id\":\"https:\\\/\\\/www.immo-invest.ch\\\/it\\\/milder-winter-senkt-emissionen-im-gebaeudesektor\\\/#webpage\"},\"articleSection\":\"Energia, immoNews, Sostenibilit\\u00e0, Svizzera, Emissionssenkung, Geb\\u00e4udesektor, Immoinvest, immoNews, News, W\\u00e4rmepumpen, Optional\"},{\"@type\":\"BreadcrumbList\",\"@id\":\"https:\\\/\\\/www.immo-invest.ch\\\/it\\\/milder-winter-senkt-emissionen-im-gebaeudesektor\\\/#breadcrumblist\",\"itemListElement\":[{\"@type\":\"ListItem\",\"@id\":\"https:\\\/\\\/www.immo-invest.ch\\\/it\\\/#listItem\",\"position\":1,\"name\":\"Home\",\"item\":\"https:\\\/\\\/www.immo-invest.ch\\\/it\\\/\",\"nextItem\":{\"@type\":\"ListItem\",\"@id\":\"https:\\\/\\\/www.immo-invest.ch\\\/it\\\/categoria\\\/regioni\\\/#listItem\",\"name\":\"Regioni\"}},{\"@type\":\"ListItem\",\"@id\":\"https:\\\/\\\/www.immo-invest.ch\\\/it\\\/categoria\\\/regioni\\\/#listItem\",\"position\":2,\"name\":\"Regioni\",\"item\":\"https:\\\/\\\/www.immo-invest.ch\\\/it\\\/categoria\\\/regioni\\\/\",\"nextItem\":{\"@type\":\"ListItem\",\"@id\":\"https:\\\/\\\/www.immo-invest.ch\\\/it\\\/categoria\\\/regioni\\\/svizzera\\\/#listItem\",\"name\":\"Svizzera\"},\"previousItem\":{\"@type\":\"ListItem\",\"@id\":\"https:\\\/\\\/www.immo-invest.ch\\\/it\\\/#listItem\",\"name\":\"Home\"}},{\"@type\":\"ListItem\",\"@id\":\"https:\\\/\\\/www.immo-invest.ch\\\/it\\\/categoria\\\/regioni\\\/svizzera\\\/#listItem\",\"position\":3,\"name\":\"Svizzera\",\"item\":\"https:\\\/\\\/www.immo-invest.ch\\\/it\\\/categoria\\\/regioni\\\/svizzera\\\/\",\"nextItem\":{\"@type\":\"ListItem\",\"@id\":\"https:\\\/\\\/www.immo-invest.ch\\\/it\\\/milder-winter-senkt-emissionen-im-gebaeudesektor\\\/#listItem\",\"name\":\"L&#8217;inverno mite riduce le emissioni nel settore edilizio\"},\"previousItem\":{\"@type\":\"ListItem\",\"@id\":\"https:\\\/\\\/www.immo-invest.ch\\\/it\\\/categoria\\\/regioni\\\/#listItem\",\"name\":\"Regioni\"}},{\"@type\":\"ListItem\",\"@id\":\"https:\\\/\\\/www.immo-invest.ch\\\/it\\\/milder-winter-senkt-emissionen-im-gebaeudesektor\\\/#listItem\",\"position\":4,\"name\":\"L&#8217;inverno mite riduce le emissioni nel settore edilizio\",\"previousItem\":{\"@type\":\"ListItem\",\"@id\":\"https:\\\/\\\/www.immo-invest.ch\\\/it\\\/categoria\\\/regioni\\\/svizzera\\\/#listItem\",\"name\":\"Svizzera\"}}]},{\"@type\":\"Organization\",\"@id\":\"https:\\\/\\\/www.immo-invest.ch\\\/it\\\/#organization\",\"name\":\"immo!nvest - Die Plattform f\\u00fcr Standorte und Immobilien\",\"description\":\"Die\\u00a0Plattform f\\u00fcr Standorte und Immobilien\",\"url\":\"https:\\\/\\\/www.immo-invest.ch\\\/it\\\/\",\"email\":\"admin@immomedia.ag\",\"telephone\":\"+41444420002\",\"logo\":{\"@type\":\"ImageObject\",\"url\":\"https:\\\/\\\/www.immo-invest.ch\\\/wp-content\\\/uploads\\\/2024\\\/09\\\/immoinvest_sm-scaled.jpg\",\"@id\":\"https:\\\/\\\/www.immo-invest.ch\\\/it\\\/milder-winter-senkt-emissionen-im-gebaeudesektor\\\/#organizationLogo\",\"width\":2560,\"height\":1340},\"image\":{\"@id\":\"https:\\\/\\\/www.immo-invest.ch\\\/it\\\/milder-winter-senkt-emissionen-im-gebaeudesektor\\\/#organizationLogo\"},\"sameAs\":[\"https:\\\/\\\/www.facebook.com\\\/people\\\/Immoinvest\\\/100077962920504\\\/\",\"https:\\\/\\\/x.com\\\/i\\\/flow\\\/login?redirect_after_login=immoinvest_ch\",\"https:\\\/\\\/www.instagram.com\\\/immoinvest_ch\\\/\",\"https:\\\/\\\/www.linkedin.com\\\/company\\\/immoinvest-swiss\"]},{\"@type\":\"Person\",\"@id\":\"https:\\\/\\\/www.immo-invest.ch\\\/it\\\/author\\\/immovestuser\\\/#author\",\"url\":\"https:\\\/\\\/www.immo-invest.ch\\\/it\\\/author\\\/immovestuser\\\/\",\"name\":\"immovestuser\",\"image\":{\"@type\":\"ImageObject\",\"@id\":\"https:\\\/\\\/www.immo-invest.ch\\\/it\\\/milder-winter-senkt-emissionen-im-gebaeudesektor\\\/#authorImage\",\"url\":\"https:\\\/\\\/secure.gravatar.com\\\/avatar\\\/8e01f4d99f2eeea7a362ebb93305e1172a70e9293ba250f897a65c39f54cdd1e?s=96&d=mm&r=g\",\"width\":96,\"height\":96,\"caption\":\"immovestuser\"}},{\"@type\":\"WebPage\",\"@id\":\"https:\\\/\\\/www.immo-invest.ch\\\/it\\\/milder-winter-senkt-emissionen-im-gebaeudesektor\\\/#webpage\",\"url\":\"https:\\\/\\\/www.immo-invest.ch\\\/it\\\/milder-winter-senkt-emissionen-im-gebaeudesektor\\\/\",\"name\":\"L\\u2019inverno mite riduce le emissioni nel settore edilizio - immo!nvest - Die Plattform f\\u00fcr Standorte und Immobilien\",\"description\":\"Le emissioni di gas serra nel 2022 sono state di 41,6 milioni di tonnellate, 3,5 milioni di tonnellate in meno rispetto al 2021. Le emissioni sono diminuite significativamente, soprattutto nel settore edilizio. Questo \\u00e8 quanto emerge dai rilevamenti dell'Ufficio federale dell'ambiente. L'andamento \\u00e8 attribuito al mite inverno.\",\"inLanguage\":\"it-IT\",\"isPartOf\":{\"@id\":\"https:\\\/\\\/www.immo-invest.ch\\\/it\\\/#website\"},\"breadcrumb\":{\"@id\":\"https:\\\/\\\/www.immo-invest.ch\\\/it\\\/milder-winter-senkt-emissionen-im-gebaeudesektor\\\/#breadcrumblist\"},\"author\":{\"@id\":\"https:\\\/\\\/www.immo-invest.ch\\\/it\\\/author\\\/immovestuser\\\/#author\"},\"creator\":{\"@id\":\"https:\\\/\\\/www.immo-invest.ch\\\/it\\\/author\\\/immovestuser\\\/#author\"},\"image\":{\"@type\":\"ImageObject\",\"url\":\"https:\\\/\\\/www.immo-invest.ch\\\/wp-content\\\/uploads\\\/2024\\\/04\\\/Unbenannt-31.png\",\"@id\":\"https:\\\/\\\/www.immo-invest.ch\\\/it\\\/milder-winter-senkt-emissionen-im-gebaeudesektor\\\/#mainImage\",\"width\":1024,\"height\":1024},\"primaryImageOfPage\":{\"@id\":\"https:\\\/\\\/www.immo-invest.ch\\\/it\\\/milder-winter-senkt-emissionen-im-gebaeudesektor\\\/#mainImage\"},\"datePublished\":\"2024-04-22T15:56:59+02:00\",\"dateModified\":\"2024-06-13T09:04:10+02:00\"},{\"@type\":\"WebSite\",\"@id\":\"https:\\\/\\\/www.immo-invest.ch\\\/it\\\/#website\",\"url\":\"https:\\\/\\\/www.immo-invest.ch\\\/it\\\/\",\"name\":\"immo!nvest - Die Plattform f\\u00fcr Standorte und Immobilien\",\"description\":\"Die\\u00a0Plattform f\\u00fcr Standorte und Immobilien\",\"inLanguage\":\"it-IT\",\"publisher\":{\"@id\":\"https:\\\/\\\/www.immo-invest.ch\\\/it\\\/#organization\"}}]}\n\t\t<\/script>\n\t\t<!-- All in One SEO -->\n\n","aioseo_head_json":{"title":"L\u2019inverno mite riduce le emissioni nel settore edilizio - immo!nvest - Die Plattform f\u00fcr Standorte und Immobilien","description":"Le emissioni di gas serra nel 2022 sono state di 41,6 milioni di tonnellate, 3,5 milioni di tonnellate in meno rispetto al 2021. Le emissioni sono diminuite significativamente, soprattutto nel settore edilizio. Questo \u00e8 quanto emerge dai rilevamenti dell'Ufficio federale dell'ambiente. L'andamento \u00e8 attribuito al mite inverno.","canonical_url":"https:\/\/www.immo-invest.ch\/it\/milder-winter-senkt-emissionen-im-gebaeudesektor\/","robots":"max-image-preview:large","keywords":"","webmasterTools":{"google-site-verification":"fHJKvgWpZCR2zVBHWfkQeFXC11qieUSff0HGNYfuyLA","miscellaneous":""},"schema":{"@context":"https:\/\/schema.org","@graph":[{"@type":"BlogPosting","@id":"https:\/\/www.immo-invest.ch\/it\/milder-winter-senkt-emissionen-im-gebaeudesektor\/#blogposting","name":"L\u2019inverno mite riduce le emissioni nel settore edilizio - immo!nvest - Die Plattform f\u00fcr Standorte und Immobilien","headline":"L&#8217;inverno mite riduce le emissioni nel settore edilizio","author":{"@id":"https:\/\/www.immo-invest.ch\/it\/author\/immovestuser\/#author"},"publisher":{"@id":"https:\/\/www.immo-invest.ch\/it\/#organization"},"image":{"@type":"ImageObject","url":"https:\/\/www.immo-invest.ch\/wp-content\/uploads\/2024\/04\/Unbenannt-31.png","width":1024,"height":1024},"datePublished":"2024-04-22T15:56:59+02:00","dateModified":"2024-06-13T09:04:10+02:00","inLanguage":"it-IT","mainEntityOfPage":{"@id":"https:\/\/www.immo-invest.ch\/it\/milder-winter-senkt-emissionen-im-gebaeudesektor\/#webpage"},"isPartOf":{"@id":"https:\/\/www.immo-invest.ch\/it\/milder-winter-senkt-emissionen-im-gebaeudesektor\/#webpage"},"articleSection":"Energia, immoNews, Sostenibilit\u00e0, Svizzera, Emissionssenkung, Geb\u00e4udesektor, Immoinvest, immoNews, News, W\u00e4rmepumpen, Optional"},{"@type":"BreadcrumbList","@id":"https:\/\/www.immo-invest.ch\/it\/milder-winter-senkt-emissionen-im-gebaeudesektor\/#breadcrumblist","itemListElement":[{"@type":"ListItem","@id":"https:\/\/www.immo-invest.ch\/it\/#listItem","position":1,"name":"Home","item":"https:\/\/www.immo-invest.ch\/it\/","nextItem":{"@type":"ListItem","@id":"https:\/\/www.immo-invest.ch\/it\/categoria\/regioni\/#listItem","name":"Regioni"}},{"@type":"ListItem","@id":"https:\/\/www.immo-invest.ch\/it\/categoria\/regioni\/#listItem","position":2,"name":"Regioni","item":"https:\/\/www.immo-invest.ch\/it\/categoria\/regioni\/","nextItem":{"@type":"ListItem","@id":"https:\/\/www.immo-invest.ch\/it\/categoria\/regioni\/svizzera\/#listItem","name":"Svizzera"},"previousItem":{"@type":"ListItem","@id":"https:\/\/www.immo-invest.ch\/it\/#listItem","name":"Home"}},{"@type":"ListItem","@id":"https:\/\/www.immo-invest.ch\/it\/categoria\/regioni\/svizzera\/#listItem","position":3,"name":"Svizzera","item":"https:\/\/www.immo-invest.ch\/it\/categoria\/regioni\/svizzera\/","nextItem":{"@type":"ListItem","@id":"https:\/\/www.immo-invest.ch\/it\/milder-winter-senkt-emissionen-im-gebaeudesektor\/#listItem","name":"L&#8217;inverno mite riduce le emissioni nel settore edilizio"},"previousItem":{"@type":"ListItem","@id":"https:\/\/www.immo-invest.ch\/it\/categoria\/regioni\/#listItem","name":"Regioni"}},{"@type":"ListItem","@id":"https:\/\/www.immo-invest.ch\/it\/milder-winter-senkt-emissionen-im-gebaeudesektor\/#listItem","position":4,"name":"L&#8217;inverno mite riduce le emissioni nel settore edilizio","previousItem":{"@type":"ListItem","@id":"https:\/\/www.immo-invest.ch\/it\/categoria\/regioni\/svizzera\/#listItem","name":"Svizzera"}}]},{"@type":"Organization","@id":"https:\/\/www.immo-invest.ch\/it\/#organization","name":"immo!nvest - Die Plattform f\u00fcr Standorte und Immobilien","description":"Die\u00a0Plattform f\u00fcr Standorte und Immobilien","url":"https:\/\/www.immo-invest.ch\/it\/","email":"admin@immomedia.ag","telephone":"+41444420002","logo":{"@type":"ImageObject","url":"https:\/\/www.immo-invest.ch\/wp-content\/uploads\/2024\/09\/immoinvest_sm-scaled.jpg","@id":"https:\/\/www.immo-invest.ch\/it\/milder-winter-senkt-emissionen-im-gebaeudesektor\/#organizationLogo","width":2560,"height":1340},"image":{"@id":"https:\/\/www.immo-invest.ch\/it\/milder-winter-senkt-emissionen-im-gebaeudesektor\/#organizationLogo"},"sameAs":["https:\/\/www.facebook.com\/people\/Immoinvest\/100077962920504\/","https:\/\/x.com\/i\/flow\/login?redirect_after_login=immoinvest_ch","https:\/\/www.instagram.com\/immoinvest_ch\/","https:\/\/www.linkedin.com\/company\/immoinvest-swiss"]},{"@type":"Person","@id":"https:\/\/www.immo-invest.ch\/it\/author\/immovestuser\/#author","url":"https:\/\/www.immo-invest.ch\/it\/author\/immovestuser\/","name":"immovestuser","image":{"@type":"ImageObject","@id":"https:\/\/www.immo-invest.ch\/it\/milder-winter-senkt-emissionen-im-gebaeudesektor\/#authorImage","url":"https:\/\/secure.gravatar.com\/avatar\/8e01f4d99f2eeea7a362ebb93305e1172a70e9293ba250f897a65c39f54cdd1e?s=96&d=mm&r=g","width":96,"height":96,"caption":"immovestuser"}},{"@type":"WebPage","@id":"https:\/\/www.immo-invest.ch\/it\/milder-winter-senkt-emissionen-im-gebaeudesektor\/#webpage","url":"https:\/\/www.immo-invest.ch\/it\/milder-winter-senkt-emissionen-im-gebaeudesektor\/","name":"L\u2019inverno mite riduce le emissioni nel settore edilizio - immo!nvest - Die Plattform f\u00fcr Standorte und Immobilien","description":"Le emissioni di gas serra nel 2022 sono state di 41,6 milioni di tonnellate, 3,5 milioni di tonnellate in meno rispetto al 2021. Le emissioni sono diminuite significativamente, soprattutto nel settore edilizio. Questo \u00e8 quanto emerge dai rilevamenti dell'Ufficio federale dell'ambiente. L'andamento \u00e8 attribuito al mite inverno.","inLanguage":"it-IT","isPartOf":{"@id":"https:\/\/www.immo-invest.ch\/it\/#website"},"breadcrumb":{"@id":"https:\/\/www.immo-invest.ch\/it\/milder-winter-senkt-emissionen-im-gebaeudesektor\/#breadcrumblist"},"author":{"@id":"https:\/\/www.immo-invest.ch\/it\/author\/immovestuser\/#author"},"creator":{"@id":"https:\/\/www.immo-invest.ch\/it\/author\/immovestuser\/#author"},"image":{"@type":"ImageObject","url":"https:\/\/www.immo-invest.ch\/wp-content\/uploads\/2024\/04\/Unbenannt-31.png","@id":"https:\/\/www.immo-invest.ch\/it\/milder-winter-senkt-emissionen-im-gebaeudesektor\/#mainImage","width":1024,"height":1024},"primaryImageOfPage":{"@id":"https:\/\/www.immo-invest.ch\/it\/milder-winter-senkt-emissionen-im-gebaeudesektor\/#mainImage"},"datePublished":"2024-04-22T15:56:59+02:00","dateModified":"2024-06-13T09:04:10+02:00"},{"@type":"WebSite","@id":"https:\/\/www.immo-invest.ch\/it\/#website","url":"https:\/\/www.immo-invest.ch\/it\/","name":"immo!nvest - Die Plattform f\u00fcr Standorte und Immobilien","description":"Die\u00a0Plattform f\u00fcr Standorte und Immobilien","inLanguage":"it-IT","publisher":{"@id":"https:\/\/www.immo-invest.ch\/it\/#organization"}}]},"og:locale":"it_IT","og:site_name":"immo!nvest - Die Plattform f\u00fcr Standorte und Immobilien - Die\u00a0Plattform f\u00fcr Standorte und Immobilien","og:type":"article","og:title":"L\u2019inverno mite riduce le emissioni nel settore edilizio - immo!nvest - Die Plattform f\u00fcr Standorte und Immobilien","og:description":"Le emissioni di gas serra nel 2022 sono state di 41,6 milioni di tonnellate, 3,5 milioni di tonnellate in meno rispetto al 2021. Le emissioni sono diminuite significativamente, soprattutto nel settore edilizio. Questo \u00e8 quanto emerge dai rilevamenti dell'Ufficio federale dell'ambiente. L'andamento \u00e8 attribuito al mite inverno.","og:url":"https:\/\/www.immo-invest.ch\/it\/milder-winter-senkt-emissionen-im-gebaeudesektor\/","og:image":"https:\/\/www.immo-invest.ch\/wp-content\/uploads\/2024\/04\/Unbenannt-31.png","og:image:secure_url":"https:\/\/www.immo-invest.ch\/wp-content\/uploads\/2024\/04\/Unbenannt-31.png","og:image:width":1024,"og:image:height":1024,"article:published_time":"2024-04-22T13:56:59+00:00","article:modified_time":"2024-06-13T07:04:10+00:00","article:publisher":"https:\/\/www.facebook.com\/people\/Immoinvest\/100077962920504\/","twitter:card":"summary_large_image","twitter:site":"@i","twitter:title":"L\u2019inverno mite riduce le emissioni nel settore edilizio - immo!nvest - Die Plattform f\u00fcr Standorte und Immobilien","twitter:description":"Le emissioni di gas serra nel 2022 sono state di 41,6 milioni di tonnellate, 3,5 milioni di tonnellate in meno rispetto al 2021. Le emissioni sono diminuite significativamente, soprattutto nel settore edilizio. Questo \u00e8 quanto emerge dai rilevamenti dell'Ufficio federale dell'ambiente. L'andamento \u00e8 attribuito al mite inverno.","twitter:creator":"@i","twitter:image":"https:\/\/www.immo-invest.ch\/wp-content\/uploads\/2024\/04\/Unbenannt-31.png"},"aioseo_meta_data":{"post_id":"88042","title":null,"description":null,"keywords":null,"keyphrases":null,"primary_term":null,"canonical_url":null,"og_title":null,"og_description":null,"og_object_type":"default","og_image_type":"default","og_image_url":null,"og_image_width":null,"og_image_height":null,"og_image_custom_url":null,"og_image_custom_fields":null,"og_video":null,"og_custom_url":null,"og_article_section":null,"og_article_tags":null,"twitter_use_og":false,"twitter_card":"default","twitter_image_type":"default","twitter_image_url":null,"twitter_image_custom_url":null,"twitter_image_custom_fields":null,"twitter_title":null,"twitter_description":null,"schema":{"blockGraphs":[],"customGraphs":[],"default":{"data":{"Article":[],"Course":[],"Dataset":[],"FAQPage":[],"Movie":[],"Person":[],"Product":[],"ProductReview":[],"Car":[],"Recipe":[],"Service":[],"SoftwareApplication":[],"WebPage":[]},"graphName":"","isEnabled":true},"graphs":[]},"schema_type":"default","schema_type_options":null,"pillar_content":false,"robots_default":true,"robots_noindex":false,"robots_noarchive":false,"robots_nosnippet":false,"robots_nofollow":false,"robots_noimageindex":false,"robots_noodp":false,"robots_notranslate":false,"robots_max_snippet":null,"robots_max_videopreview":null,"robots_max_imagepreview":"large","priority":null,"frequency":null,"local_seo":null,"breadcrumb_settings":null,"limit_modified_date":false,"ai":null,"created":"2024-09-20 18:42:58","updated":"2025-10-24 01:01:12","seo_analyzer_scan_date":null,"focus_keyword":null,"additional_keywords":null,"truseo_locale":null},"aioseo_breadcrumb":"<div class=\"aioseo-breadcrumbs\"><span class=\"aioseo-breadcrumb\">\n\t\t\t<a href=\"https:\/\/www.immo-invest.ch\/it\/\" title=\"Home\">Home<\/a>\n\t\t<\/span><span class=\"aioseo-breadcrumb-separator\">&raquo;<\/span><span class=\"aioseo-breadcrumb\">\n\t\t\t<a href=\"https:\/\/www.immo-invest.ch\/it\/categoria\/regioni\/\" title=\"Regioni\">Regioni<\/a>\n\t\t<\/span><span class=\"aioseo-breadcrumb-separator\">&raquo;<\/span><span class=\"aioseo-breadcrumb\">\n\t\t\t<a href=\"https:\/\/www.immo-invest.ch\/it\/categoria\/regioni\/svizzera\/\" title=\"Svizzera\">Svizzera<\/a>\n\t\t<\/span><span class=\"aioseo-breadcrumb-separator\">&raquo;<\/span><span class=\"aioseo-breadcrumb\">\n\t\t\tL\u2019inverno mite riduce le emissioni nel settore edilizio\n\t\t<\/span><\/div>","aioseo_breadcrumb_json":[{"label":"Home","link":"https:\/\/www.immo-invest.ch\/it\/"},{"label":"Regioni","link":"https:\/\/www.immo-invest.ch\/it\/categoria\/regioni\/"},{"label":"Svizzera","link":"https:\/\/www.immo-invest.ch\/it\/categoria\/regioni\/svizzera\/"},{"label":"L&#8217;inverno mite riduce le emissioni nel settore edilizio","link":"https:\/\/www.immo-invest.ch\/it\/milder-winter-senkt-emissionen-im-gebaeudesektor\/"}],"featured_image_src":"https:\/\/www.immo-invest.ch\/wp-content\/uploads\/2024\/04\/Unbenannt-31-336x168.png","_links":{"self":[{"href":"https:\/\/www.immo-invest.ch\/it\/wp-json\/wp\/v2\/posts\/88042","targetHints":{"allow":["GET"]}}],"collection":[{"href":"https:\/\/www.immo-invest.ch\/it\/wp-json\/wp\/v2\/posts"}],"about":[{"href":"https:\/\/www.immo-invest.ch\/it\/wp-json\/wp\/v2\/types\/post"}],"author":[{"embeddable":true,"href":"https:\/\/www.immo-invest.ch\/it\/wp-json\/wp\/v2\/users\/2"}],"replies":[{"embeddable":true,"href":"https:\/\/www.immo-invest.ch\/it\/wp-json\/wp\/v2\/comments?post=88042"}],"version-history":[{"count":0,"href":"https:\/\/www.immo-invest.ch\/it\/wp-json\/wp\/v2\/posts\/88042\/revisions"}],"wp:featuredmedia":[{"embeddable":true,"href":"https:\/\/www.immo-invest.ch\/it\/wp-json\/wp\/v2\/media\/88037"}],"wp:attachment":[{"href":"https:\/\/www.immo-invest.ch\/it\/wp-json\/wp\/v2\/media?parent=88042"}],"wp:term":[{"taxonomy":"category","embeddable":true,"href":"https:\/\/www.immo-invest.ch\/it\/wp-json\/wp\/v2\/categories?post=88042"},{"taxonomy":"post_tag","embeddable":true,"href":"https:\/\/www.immo-invest.ch\/it\/wp-json\/wp\/v2\/tags?post=88042"}],"curies":[{"name":"wp","href":"https:\/\/api.w.org\/{rel}","templated":true}]}}