{"id":87383,"date":"2024-04-16T11:15:41","date_gmt":"2024-04-16T09:15:41","guid":{"rendered":"https:\/\/www.immo-invest.ch\/spatenstich-fuer-berns-erstes-plusenergie-quartier\/"},"modified":"2024-04-16T13:53:14","modified_gmt":"2024-04-16T11:53:14","slug":"spatenstich-fuer-berns-erstes-plusenergie-quartier","status":"publish","type":"post","link":"https:\/\/www.immo-invest.ch\/it\/spatenstich-fuer-berns-erstes-plusenergie-quartier\/","title":{"rendered":"Cerimonia di inaugurazione del primo quartiere PlusEnergy di Berna"},"content":{"rendered":"<p class=\"wp-block-paragraph\">La cerimonia odierna della rottura del terreno ha segnato simbolicamente l&rsquo;inizio del quartiere PlusEnergy Aarerain a Worblaufen. Dopo un&rsquo;ampia fase di sviluppo, i preparativi per il cantiere sono iniziati nel settembre 2023.<\/p>\n\n\n\n<p class=\"wp-block-paragraph\">Il nuovo sviluppo offrir&agrave; 189 appartamenti per un massimo di 400 residenti. Oltre agli appartamenti, sono previsti anche un asilo nido e spazi per studi al piano terra, che animeranno la piazza del quartiere. Il percorso in pendenza del progetto fornir&agrave; un accesso senza barriere all&rsquo;area di Aare e al nuovo centro per il tempo libero e gli sport acquatici del Comune di Ittigen. &ldquo;Le cose belle arrivano a chi aspetta&rdquo;, dice un noto proverbio&rdquo;, afferma un entusiasta Marco Rupp, Presidente del Comune. &ldquo;Il progetto Aarerain completa la riorganizzazione dell&rsquo;area Aare a Worblaufen e si inserisce perfettamente nelle nostre idee di base sostenibili di sviluppo urbano&rdquo;<\/p>\n\n\n\n<p class=\"wp-block-paragraph\">Il<strong>quartiere PlusEnergy produce un surplus energetico<br><\/strong>Nel corso dell&rsquo;anno, il nuovo complesso residenziale produrr&agrave; pi&ugrave; energia di quanta ne consuma, secondo lo standard energetico del quartiere PlusEnergy, basato su criteri ponderati. Questo risultato sar&agrave; ottenuto grazie all&rsquo;uso coerente del fotovoltaico sui tetti e sulle facciate degli edifici di sei-otto piani. I pannelli fotovoltaici sulle facciate saranno realizzati in un colore verde-blu e rifletteranno il gioco di colori dell&rsquo;Aare e dell&rsquo;area circostante. Il calore viene generato tramite sonde geotermiche; le sonde geotermiche vengono rigenerate in estate raffreddando gli appartamenti tramite il riscaldamento a pavimento.<\/p>\n\n\n\n<p class=\"wp-block-paragraph\">Lo standard energetico &ldquo;PlusEnergy neighbourhood&rdquo; lanciato dalla Regione della capitale svizzera promuove lo sviluppo sostenibile nel settore edilizio con una definizione semplice e chiara, contribuendo cos&igrave; all&rsquo;attuazione della Strategia energetica 2050 del Governo svizzero. I Cantoni e i Comuni collaborano con rinomate aziende di infrastrutture e investitori. Il Consigliere cantonale Christoph Ammann aggiunge: &ldquo;I quartieri PlusEnergy consentono uno sviluppo sostenibile, senza compromettere il comfort abitativo. Sono lieto quando questi progetti faro brillano al di l&agrave; della regione della capitale&rdquo;<\/p>\n\n\n\n<p class=\"wp-block-paragraph\"><strong>Vicino alla natura e sostenibile<br><\/strong>Tuttavia, lo sviluppo non si limiter&agrave; a guadagnare punti in termini di bilancio energetico positivo. Il progetto sostenibile &egrave; caratterizzato da un&rsquo;attraente disposizione degli appartamenti, da un ambiente di vita naturale con vista sull&rsquo;Aar e dalla massima conservazione possibile degli spazi verdi sulle rive dell&rsquo;Aar. Il mantenimento degli spazi verdi &egrave; reso possibile dalla costruzione compatta del sito nella parte orientale del lotto. Grazie a questa abile pianificazione urbana nel senso di un uso economico del terreno, una buona met&agrave; del lotto rimane non sviluppata e naturale. La piazza di quartiere senza auto tra gli edifici offre un&rsquo;elevata qualit&agrave; di soggiorno e contrasta il surriscaldamento estivo grazie alla pavimentazione differenziata e al verde.<\/p>\n\n\n\n<p class=\"wp-block-paragraph\">La cerimonia simbolica della posa della prima pietra il 9 aprile 2024 ha segnato l&rsquo;inizio ufficiale dello sviluppo del quartiere Aarerain PlusEnergy a Worblaufen, un progetto di Losinger Marazzi in collaborazione con il fondo pensione CPV\/CAP Coop e il Comune di Ittigen. L&rsquo;architettura &egrave; stata progettata da Fischer Architekten AG. Questo sviluppo residenziale ultramoderno sar&agrave; completato alla fine del 2026 e non offrir&agrave; solo 189 appartamenti, ma anche strutture comuni come un asilo nido e studi per animare il quartiere.<\/p>\n","protected":false},"excerpt":{"rendered":"<p>Dopo un&#8217;ampia fase di sviluppo, la cerimonia odierna di apertura della terra<br \/>\nha segnato simbolicamente l&#8217;inizio della costruzione del complesso residenziale di alta qualit\u00e0 e sostenibilit\u00e0 Aarerain a Ittigen-Worblaufen. La consegna all&#8217;investitore \u00e8 prevista per la fine del 2026.<\/p>\n","protected":false},"author":2,"featured_media":87875,"comment_status":"open","ping_status":"open","sticky":false,"template":"","format":"standard","meta":{"pmpro_default_level":"0","inline_featured_image":false,"_monsterinsights_skip_tracking":false,"footnotes":""},"categories":[9446,22359,9650,22695],"tags":[21141,1821,3584,46018,2778,4131,9070],"class_list":["post-87383","post","type-post","status-publish","format-standard","has-post-thumbnail","hentry","category-regione-berna","category-costruzione","category-nuove-costruzioni","category-societa","tag-baustart-it","tag-entwicklung-it","tag-investition-it","tag-uebergabe-it","tag-unternehmen-it","tag-wohnsiedlung-it","tag-wohnung-it","pmpro-has-access"],"acf":{"bild_mit_ki_erstellt_worden":[],"lead":"Dopo un'ampia fase di sviluppo, la cerimonia odierna di apertura della terra\r\nha segnato simbolicamente l'inizio della costruzione del complesso residenziale di alta qualit\u00e0 e sostenibilit\u00e0 Aarerain a Ittigen-Worblaufen. La consegna all'investitore \u00e8 prevista per la fine del 2026.","autor":"Quelle: Losinger Marazzi","ort":"","bildunterschrift":"","bild_im_grid":false,"gallerie":"","newsim":""},"aioseo_notices":[],"aioseo_head":"\n\t\t<!-- All in One SEO 5.0.0.1 - aioseo.com -->\n\t<meta name=\"description\" content=\"Dopo un&#039;ampia fase di sviluppo, la cerimonia odierna di apertura della terra ha segnato simbolicamente l&#039;inizio della costruzione del complesso residenziale di alta qualit\u00e0 e sostenibilit\u00e0 Aarerain a Ittigen-Worblaufen. La consegna all&#039;investitore \u00e8 prevista per la fine del 2026.\" \/>\n\t<meta name=\"robots\" content=\"max-image-preview:large\" \/>\n\t<meta name=\"author\" content=\"immovestuser\"\/>\n\t<meta name=\"google-site-verification\" content=\"fHJKvgWpZCR2zVBHWfkQeFXC11qieUSff0HGNYfuyLA\" \/>\n\t<link rel=\"canonical\" href=\"https:\/\/www.immo-invest.ch\/it\/spatenstich-fuer-berns-erstes-plusenergie-quartier\/\" \/>\n\t<meta name=\"generator\" content=\"All in One SEO (AIOSEO) 5.0.0.1\" \/>\n\t\t<meta property=\"og:locale\" content=\"it_IT\" \/>\n\t\t<meta property=\"og:site_name\" content=\"immo!nvest - Die Plattform f\u00fcr Standorte und Immobilien - Die\u00a0Plattform f\u00fcr Standorte und Immobilien\" \/>\n\t\t<meta property=\"og:type\" content=\"article\" \/>\n\t\t<meta property=\"og:title\" content=\"Cerimonia di inaugurazione del primo quartiere PlusEnergy di Berna - immo!nvest - Die Plattform f\u00fcr Standorte und Immobilien\" \/>\n\t\t<meta property=\"og:description\" content=\"Dopo un&#039;ampia fase di sviluppo, la cerimonia odierna di apertura della terra ha segnato simbolicamente l&#039;inizio della costruzione del complesso residenziale di alta qualit\u00e0 e sostenibilit\u00e0 Aarerain a Ittigen-Worblaufen. La consegna all&#039;investitore \u00e8 prevista per la fine del 2026.\" \/>\n\t\t<meta property=\"og:url\" content=\"https:\/\/www.immo-invest.ch\/it\/spatenstich-fuer-berns-erstes-plusenergie-quartier\/\" \/>\n\t\t<meta property=\"og:image\" content=\"https:\/\/www.immo-invest.ch\/wp-content\/uploads\/2024\/04\/2024-04-16-13_27_56-3xtOHHd-4B196JvY0nr8i0.jpg-1024\u00d7768-4-e1713268151350.png\" \/>\n\t\t<meta property=\"og:image:secure_url\" content=\"https:\/\/www.immo-invest.ch\/wp-content\/uploads\/2024\/04\/2024-04-16-13_27_56-3xtOHHd-4B196JvY0nr8i0.jpg-1024\u00d7768-4-e1713268151350.png\" \/>\n\t\t<meta property=\"og:image:width\" content=\"1019\" \/>\n\t\t<meta property=\"og:image:height\" content=\"509\" \/>\n\t\t<meta property=\"article:published_time\" content=\"2024-04-16T09:15:41+00:00\" \/>\n\t\t<meta property=\"article:modified_time\" content=\"2024-04-16T11:53:14+00:00\" \/>\n\t\t<meta property=\"article:publisher\" content=\"https:\/\/www.facebook.com\/people\/Immoinvest\/100077962920504\/\" \/>\n\t\t<meta name=\"twitter:card\" content=\"summary_large_image\" \/>\n\t\t<meta name=\"twitter:site\" content=\"@i\" \/>\n\t\t<meta name=\"twitter:title\" content=\"Cerimonia di inaugurazione del primo quartiere PlusEnergy di Berna - immo!nvest - Die Plattform f\u00fcr Standorte und Immobilien\" \/>\n\t\t<meta name=\"twitter:description\" content=\"Dopo un&#039;ampia fase di sviluppo, la cerimonia odierna di apertura della terra ha segnato simbolicamente l&#039;inizio della costruzione del complesso residenziale di alta qualit\u00e0 e sostenibilit\u00e0 Aarerain a Ittigen-Worblaufen. La consegna all&#039;investitore \u00e8 prevista per la fine del 2026.\" \/>\n\t\t<meta name=\"twitter:creator\" content=\"@i\" \/>\n\t\t<meta name=\"twitter:image\" content=\"https:\/\/www.immo-invest.ch\/wp-content\/uploads\/2024\/04\/2024-04-16-13_27_56-3xtOHHd-4B196JvY0nr8i0.jpg-1024\u00d7768-4-e1713268151350.png\" \/>\n\t\t<script type=\"application\/ld+json\" class=\"aioseo-schema\">\n\t\t\t{\"@context\":\"https:\\\/\\\/schema.org\",\"@graph\":[{\"@type\":\"BlogPosting\",\"@id\":\"https:\\\/\\\/www.immo-invest.ch\\\/it\\\/spatenstich-fuer-berns-erstes-plusenergie-quartier\\\/#blogposting\",\"name\":\"Cerimonia di inaugurazione del primo quartiere PlusEnergy di Berna - immo!nvest - Die Plattform f\\u00fcr Standorte und Immobilien\",\"headline\":\"Cerimonia di inaugurazione del primo quartiere PlusEnergy di Berna\",\"author\":{\"@id\":\"https:\\\/\\\/www.immo-invest.ch\\\/it\\\/author\\\/immovestuser\\\/#author\"},\"publisher\":{\"@id\":\"https:\\\/\\\/www.immo-invest.ch\\\/it\\\/#organization\"},\"image\":{\"@type\":\"ImageObject\",\"url\":\"https:\\\/\\\/www.immo-invest.ch\\\/wp-content\\\/uploads\\\/2024\\\/04\\\/2024-04-16-13_27_56-3xtOHHd-4B196JvY0nr8i0.jpg-1024\\u00d7768-4-e1713268151350.png\",\"width\":1019,\"height\":509},\"datePublished\":\"2024-04-16T11:15:41+02:00\",\"dateModified\":\"2024-04-16T13:53:14+02:00\",\"inLanguage\":\"it-IT\",\"mainEntityOfPage\":{\"@id\":\"https:\\\/\\\/www.immo-invest.ch\\\/it\\\/spatenstich-fuer-berns-erstes-plusenergie-quartier\\\/#webpage\"},\"isPartOf\":{\"@id\":\"https:\\\/\\\/www.immo-invest.ch\\\/it\\\/spatenstich-fuer-berns-erstes-plusenergie-quartier\\\/#webpage\"},\"articleSection\":\"Berna, Costruzione, Nuove costruzioni, Societ\\u00e0, Baustart, Entwicklung, Investition, \\u00dcbergabe, Unternehmen, Wohnsiedlung, Wohnung, Optional\"},{\"@type\":\"BreadcrumbList\",\"@id\":\"https:\\\/\\\/www.immo-invest.ch\\\/it\\\/spatenstich-fuer-berns-erstes-plusenergie-quartier\\\/#breadcrumblist\",\"itemListElement\":[{\"@type\":\"ListItem\",\"@id\":\"https:\\\/\\\/www.immo-invest.ch\\\/it\\\/#listItem\",\"position\":1,\"name\":\"Home\",\"item\":\"https:\\\/\\\/www.immo-invest.ch\\\/it\\\/\",\"nextItem\":{\"@type\":\"ListItem\",\"@id\":\"https:\\\/\\\/www.immo-invest.ch\\\/it\\\/categoria\\\/regioni\\\/#listItem\",\"name\":\"Regioni\"}},{\"@type\":\"ListItem\",\"@id\":\"https:\\\/\\\/www.immo-invest.ch\\\/it\\\/categoria\\\/regioni\\\/#listItem\",\"position\":2,\"name\":\"Regioni\",\"item\":\"https:\\\/\\\/www.immo-invest.ch\\\/it\\\/categoria\\\/regioni\\\/\",\"nextItem\":{\"@type\":\"ListItem\",\"@id\":\"https:\\\/\\\/www.immo-invest.ch\\\/it\\\/categoria\\\/regioni\\\/svizzera\\\/#listItem\",\"name\":\"Svizzera\"},\"previousItem\":{\"@type\":\"ListItem\",\"@id\":\"https:\\\/\\\/www.immo-invest.ch\\\/it\\\/#listItem\",\"name\":\"Home\"}},{\"@type\":\"ListItem\",\"@id\":\"https:\\\/\\\/www.immo-invest.ch\\\/it\\\/categoria\\\/regioni\\\/svizzera\\\/#listItem\",\"position\":3,\"name\":\"Svizzera\",\"item\":\"https:\\\/\\\/www.immo-invest.ch\\\/it\\\/categoria\\\/regioni\\\/svizzera\\\/\",\"nextItem\":{\"@type\":\"ListItem\",\"@id\":\"https:\\\/\\\/www.immo-invest.ch\\\/it\\\/categoria\\\/regioni\\\/svizzera\\\/espace-mittelland\\\/#listItem\",\"name\":\"Espace Mittelland\"},\"previousItem\":{\"@type\":\"ListItem\",\"@id\":\"https:\\\/\\\/www.immo-invest.ch\\\/it\\\/categoria\\\/regioni\\\/#listItem\",\"name\":\"Regioni\"}},{\"@type\":\"ListItem\",\"@id\":\"https:\\\/\\\/www.immo-invest.ch\\\/it\\\/categoria\\\/regioni\\\/svizzera\\\/espace-mittelland\\\/#listItem\",\"position\":4,\"name\":\"Espace Mittelland\",\"item\":\"https:\\\/\\\/www.immo-invest.ch\\\/it\\\/categoria\\\/regioni\\\/svizzera\\\/espace-mittelland\\\/\",\"nextItem\":{\"@type\":\"ListItem\",\"@id\":\"https:\\\/\\\/www.immo-invest.ch\\\/it\\\/categoria\\\/regioni\\\/svizzera\\\/espace-mittelland\\\/regione-berna\\\/#listItem\",\"name\":\"Berna\"},\"previousItem\":{\"@type\":\"ListItem\",\"@id\":\"https:\\\/\\\/www.immo-invest.ch\\\/it\\\/categoria\\\/regioni\\\/svizzera\\\/#listItem\",\"name\":\"Svizzera\"}},{\"@type\":\"ListItem\",\"@id\":\"https:\\\/\\\/www.immo-invest.ch\\\/it\\\/categoria\\\/regioni\\\/svizzera\\\/espace-mittelland\\\/regione-berna\\\/#listItem\",\"position\":5,\"name\":\"Berna\",\"item\":\"https:\\\/\\\/www.immo-invest.ch\\\/it\\\/categoria\\\/regioni\\\/svizzera\\\/espace-mittelland\\\/regione-berna\\\/\",\"nextItem\":{\"@type\":\"ListItem\",\"@id\":\"https:\\\/\\\/www.immo-invest.ch\\\/it\\\/spatenstich-fuer-berns-erstes-plusenergie-quartier\\\/#listItem\",\"name\":\"Cerimonia di inaugurazione del primo quartiere PlusEnergy di Berna\"},\"previousItem\":{\"@type\":\"ListItem\",\"@id\":\"https:\\\/\\\/www.immo-invest.ch\\\/it\\\/categoria\\\/regioni\\\/svizzera\\\/espace-mittelland\\\/#listItem\",\"name\":\"Espace Mittelland\"}},{\"@type\":\"ListItem\",\"@id\":\"https:\\\/\\\/www.immo-invest.ch\\\/it\\\/spatenstich-fuer-berns-erstes-plusenergie-quartier\\\/#listItem\",\"position\":6,\"name\":\"Cerimonia di inaugurazione del primo quartiere PlusEnergy di Berna\",\"previousItem\":{\"@type\":\"ListItem\",\"@id\":\"https:\\\/\\\/www.immo-invest.ch\\\/it\\\/categoria\\\/regioni\\\/svizzera\\\/espace-mittelland\\\/regione-berna\\\/#listItem\",\"name\":\"Berna\"}}]},{\"@type\":\"Organization\",\"@id\":\"https:\\\/\\\/www.immo-invest.ch\\\/it\\\/#organization\",\"name\":\"immo!nvest - Die Plattform f\\u00fcr Standorte und Immobilien\",\"description\":\"Die\\u00a0Plattform f\\u00fcr Standorte und Immobilien\",\"url\":\"https:\\\/\\\/www.immo-invest.ch\\\/it\\\/\",\"email\":\"admin@immomedia.ag\",\"telephone\":\"+41444420002\",\"logo\":{\"@type\":\"ImageObject\",\"url\":\"https:\\\/\\\/www.immo-invest.ch\\\/wp-content\\\/uploads\\\/2024\\\/09\\\/immoinvest_sm-scaled.jpg\",\"@id\":\"https:\\\/\\\/www.immo-invest.ch\\\/it\\\/spatenstich-fuer-berns-erstes-plusenergie-quartier\\\/#organizationLogo\",\"width\":2560,\"height\":1340},\"image\":{\"@id\":\"https:\\\/\\\/www.immo-invest.ch\\\/it\\\/spatenstich-fuer-berns-erstes-plusenergie-quartier\\\/#organizationLogo\"},\"sameAs\":[\"https:\\\/\\\/www.facebook.com\\\/people\\\/Immoinvest\\\/100077962920504\\\/\",\"https:\\\/\\\/x.com\\\/i\\\/flow\\\/login?redirect_after_login=immoinvest_ch\",\"https:\\\/\\\/www.instagram.com\\\/immoinvest_ch\\\/\",\"https:\\\/\\\/www.linkedin.com\\\/company\\\/immoinvest-swiss\"]},{\"@type\":\"Person\",\"@id\":\"https:\\\/\\\/www.immo-invest.ch\\\/it\\\/author\\\/immovestuser\\\/#author\",\"url\":\"https:\\\/\\\/www.immo-invest.ch\\\/it\\\/author\\\/immovestuser\\\/\",\"name\":\"immovestuser\",\"image\":{\"@type\":\"ImageObject\",\"@id\":\"https:\\\/\\\/www.immo-invest.ch\\\/it\\\/spatenstich-fuer-berns-erstes-plusenergie-quartier\\\/#authorImage\",\"url\":\"https:\\\/\\\/secure.gravatar.com\\\/avatar\\\/8e01f4d99f2eeea7a362ebb93305e1172a70e9293ba250f897a65c39f54cdd1e?s=96&d=mm&r=g\",\"width\":96,\"height\":96,\"caption\":\"immovestuser\"}},{\"@type\":\"WebPage\",\"@id\":\"https:\\\/\\\/www.immo-invest.ch\\\/it\\\/spatenstich-fuer-berns-erstes-plusenergie-quartier\\\/#webpage\",\"url\":\"https:\\\/\\\/www.immo-invest.ch\\\/it\\\/spatenstich-fuer-berns-erstes-plusenergie-quartier\\\/\",\"name\":\"Cerimonia di inaugurazione del primo quartiere PlusEnergy di Berna - immo!nvest - Die Plattform f\\u00fcr Standorte und Immobilien\",\"description\":\"Dopo un'ampia fase di sviluppo, la cerimonia odierna di apertura della terra ha segnato simbolicamente l'inizio della costruzione del complesso residenziale di alta qualit\\u00e0 e sostenibilit\\u00e0 Aarerain a Ittigen-Worblaufen. La consegna all'investitore \\u00e8 prevista per la fine del 2026.\",\"inLanguage\":\"it-IT\",\"isPartOf\":{\"@id\":\"https:\\\/\\\/www.immo-invest.ch\\\/it\\\/#website\"},\"breadcrumb\":{\"@id\":\"https:\\\/\\\/www.immo-invest.ch\\\/it\\\/spatenstich-fuer-berns-erstes-plusenergie-quartier\\\/#breadcrumblist\"},\"author\":{\"@id\":\"https:\\\/\\\/www.immo-invest.ch\\\/it\\\/author\\\/immovestuser\\\/#author\"},\"creator\":{\"@id\":\"https:\\\/\\\/www.immo-invest.ch\\\/it\\\/author\\\/immovestuser\\\/#author\"},\"image\":{\"@type\":\"ImageObject\",\"url\":\"https:\\\/\\\/www.immo-invest.ch\\\/wp-content\\\/uploads\\\/2024\\\/04\\\/2024-04-16-13_27_56-3xtOHHd-4B196JvY0nr8i0.jpg-1024\\u00d7768-4-e1713268151350.png\",\"@id\":\"https:\\\/\\\/www.immo-invest.ch\\\/it\\\/spatenstich-fuer-berns-erstes-plusenergie-quartier\\\/#mainImage\",\"width\":1019,\"height\":509},\"primaryImageOfPage\":{\"@id\":\"https:\\\/\\\/www.immo-invest.ch\\\/it\\\/spatenstich-fuer-berns-erstes-plusenergie-quartier\\\/#mainImage\"},\"datePublished\":\"2024-04-16T11:15:41+02:00\",\"dateModified\":\"2024-04-16T13:53:14+02:00\"},{\"@type\":\"WebSite\",\"@id\":\"https:\\\/\\\/www.immo-invest.ch\\\/it\\\/#website\",\"url\":\"https:\\\/\\\/www.immo-invest.ch\\\/it\\\/\",\"name\":\"immo!nvest - Die Plattform f\\u00fcr Standorte und Immobilien\",\"description\":\"Die\\u00a0Plattform f\\u00fcr Standorte und Immobilien\",\"inLanguage\":\"it-IT\",\"publisher\":{\"@id\":\"https:\\\/\\\/www.immo-invest.ch\\\/it\\\/#organization\"}}]}\n\t\t<\/script>\n\t\t<!-- All in One SEO -->\n\n","aioseo_head_json":{"title":"Cerimonia di inaugurazione del primo quartiere PlusEnergy di Berna - immo!nvest - Die Plattform f\u00fcr Standorte und Immobilien","description":"Dopo un'ampia fase di sviluppo, la cerimonia odierna di apertura della terra ha segnato simbolicamente l'inizio della costruzione del complesso residenziale di alta qualit\u00e0 e sostenibilit\u00e0 Aarerain a Ittigen-Worblaufen. La consegna all'investitore \u00e8 prevista per la fine del 2026.","canonical_url":"https:\/\/www.immo-invest.ch\/it\/spatenstich-fuer-berns-erstes-plusenergie-quartier\/","robots":"max-image-preview:large","keywords":"","webmasterTools":{"google-site-verification":"fHJKvgWpZCR2zVBHWfkQeFXC11qieUSff0HGNYfuyLA","miscellaneous":""},"schema":{"@context":"https:\/\/schema.org","@graph":[{"@type":"BlogPosting","@id":"https:\/\/www.immo-invest.ch\/it\/spatenstich-fuer-berns-erstes-plusenergie-quartier\/#blogposting","name":"Cerimonia di inaugurazione del primo quartiere PlusEnergy di Berna - immo!nvest - Die Plattform f\u00fcr Standorte und Immobilien","headline":"Cerimonia di inaugurazione del primo quartiere PlusEnergy di Berna","author":{"@id":"https:\/\/www.immo-invest.ch\/it\/author\/immovestuser\/#author"},"publisher":{"@id":"https:\/\/www.immo-invest.ch\/it\/#organization"},"image":{"@type":"ImageObject","url":"https:\/\/www.immo-invest.ch\/wp-content\/uploads\/2024\/04\/2024-04-16-13_27_56-3xtOHHd-4B196JvY0nr8i0.jpg-1024\u00d7768-4-e1713268151350.png","width":1019,"height":509},"datePublished":"2024-04-16T11:15:41+02:00","dateModified":"2024-04-16T13:53:14+02:00","inLanguage":"it-IT","mainEntityOfPage":{"@id":"https:\/\/www.immo-invest.ch\/it\/spatenstich-fuer-berns-erstes-plusenergie-quartier\/#webpage"},"isPartOf":{"@id":"https:\/\/www.immo-invest.ch\/it\/spatenstich-fuer-berns-erstes-plusenergie-quartier\/#webpage"},"articleSection":"Berna, Costruzione, Nuove costruzioni, Societ\u00e0, Baustart, Entwicklung, Investition, \u00dcbergabe, Unternehmen, Wohnsiedlung, Wohnung, Optional"},{"@type":"BreadcrumbList","@id":"https:\/\/www.immo-invest.ch\/it\/spatenstich-fuer-berns-erstes-plusenergie-quartier\/#breadcrumblist","itemListElement":[{"@type":"ListItem","@id":"https:\/\/www.immo-invest.ch\/it\/#listItem","position":1,"name":"Home","item":"https:\/\/www.immo-invest.ch\/it\/","nextItem":{"@type":"ListItem","@id":"https:\/\/www.immo-invest.ch\/it\/categoria\/regioni\/#listItem","name":"Regioni"}},{"@type":"ListItem","@id":"https:\/\/www.immo-invest.ch\/it\/categoria\/regioni\/#listItem","position":2,"name":"Regioni","item":"https:\/\/www.immo-invest.ch\/it\/categoria\/regioni\/","nextItem":{"@type":"ListItem","@id":"https:\/\/www.immo-invest.ch\/it\/categoria\/regioni\/svizzera\/#listItem","name":"Svizzera"},"previousItem":{"@type":"ListItem","@id":"https:\/\/www.immo-invest.ch\/it\/#listItem","name":"Home"}},{"@type":"ListItem","@id":"https:\/\/www.immo-invest.ch\/it\/categoria\/regioni\/svizzera\/#listItem","position":3,"name":"Svizzera","item":"https:\/\/www.immo-invest.ch\/it\/categoria\/regioni\/svizzera\/","nextItem":{"@type":"ListItem","@id":"https:\/\/www.immo-invest.ch\/it\/categoria\/regioni\/svizzera\/espace-mittelland\/#listItem","name":"Espace Mittelland"},"previousItem":{"@type":"ListItem","@id":"https:\/\/www.immo-invest.ch\/it\/categoria\/regioni\/#listItem","name":"Regioni"}},{"@type":"ListItem","@id":"https:\/\/www.immo-invest.ch\/it\/categoria\/regioni\/svizzera\/espace-mittelland\/#listItem","position":4,"name":"Espace Mittelland","item":"https:\/\/www.immo-invest.ch\/it\/categoria\/regioni\/svizzera\/espace-mittelland\/","nextItem":{"@type":"ListItem","@id":"https:\/\/www.immo-invest.ch\/it\/categoria\/regioni\/svizzera\/espace-mittelland\/regione-berna\/#listItem","name":"Berna"},"previousItem":{"@type":"ListItem","@id":"https:\/\/www.immo-invest.ch\/it\/categoria\/regioni\/svizzera\/#listItem","name":"Svizzera"}},{"@type":"ListItem","@id":"https:\/\/www.immo-invest.ch\/it\/categoria\/regioni\/svizzera\/espace-mittelland\/regione-berna\/#listItem","position":5,"name":"Berna","item":"https:\/\/www.immo-invest.ch\/it\/categoria\/regioni\/svizzera\/espace-mittelland\/regione-berna\/","nextItem":{"@type":"ListItem","@id":"https:\/\/www.immo-invest.ch\/it\/spatenstich-fuer-berns-erstes-plusenergie-quartier\/#listItem","name":"Cerimonia di inaugurazione del primo quartiere PlusEnergy di Berna"},"previousItem":{"@type":"ListItem","@id":"https:\/\/www.immo-invest.ch\/it\/categoria\/regioni\/svizzera\/espace-mittelland\/#listItem","name":"Espace Mittelland"}},{"@type":"ListItem","@id":"https:\/\/www.immo-invest.ch\/it\/spatenstich-fuer-berns-erstes-plusenergie-quartier\/#listItem","position":6,"name":"Cerimonia di inaugurazione del primo quartiere PlusEnergy di Berna","previousItem":{"@type":"ListItem","@id":"https:\/\/www.immo-invest.ch\/it\/categoria\/regioni\/svizzera\/espace-mittelland\/regione-berna\/#listItem","name":"Berna"}}]},{"@type":"Organization","@id":"https:\/\/www.immo-invest.ch\/it\/#organization","name":"immo!nvest - Die Plattform f\u00fcr Standorte und Immobilien","description":"Die\u00a0Plattform f\u00fcr Standorte und Immobilien","url":"https:\/\/www.immo-invest.ch\/it\/","email":"admin@immomedia.ag","telephone":"+41444420002","logo":{"@type":"ImageObject","url":"https:\/\/www.immo-invest.ch\/wp-content\/uploads\/2024\/09\/immoinvest_sm-scaled.jpg","@id":"https:\/\/www.immo-invest.ch\/it\/spatenstich-fuer-berns-erstes-plusenergie-quartier\/#organizationLogo","width":2560,"height":1340},"image":{"@id":"https:\/\/www.immo-invest.ch\/it\/spatenstich-fuer-berns-erstes-plusenergie-quartier\/#organizationLogo"},"sameAs":["https:\/\/www.facebook.com\/people\/Immoinvest\/100077962920504\/","https:\/\/x.com\/i\/flow\/login?redirect_after_login=immoinvest_ch","https:\/\/www.instagram.com\/immoinvest_ch\/","https:\/\/www.linkedin.com\/company\/immoinvest-swiss"]},{"@type":"Person","@id":"https:\/\/www.immo-invest.ch\/it\/author\/immovestuser\/#author","url":"https:\/\/www.immo-invest.ch\/it\/author\/immovestuser\/","name":"immovestuser","image":{"@type":"ImageObject","@id":"https:\/\/www.immo-invest.ch\/it\/spatenstich-fuer-berns-erstes-plusenergie-quartier\/#authorImage","url":"https:\/\/secure.gravatar.com\/avatar\/8e01f4d99f2eeea7a362ebb93305e1172a70e9293ba250f897a65c39f54cdd1e?s=96&d=mm&r=g","width":96,"height":96,"caption":"immovestuser"}},{"@type":"WebPage","@id":"https:\/\/www.immo-invest.ch\/it\/spatenstich-fuer-berns-erstes-plusenergie-quartier\/#webpage","url":"https:\/\/www.immo-invest.ch\/it\/spatenstich-fuer-berns-erstes-plusenergie-quartier\/","name":"Cerimonia di inaugurazione del primo quartiere PlusEnergy di Berna - immo!nvest - Die Plattform f\u00fcr Standorte und Immobilien","description":"Dopo un'ampia fase di sviluppo, la cerimonia odierna di apertura della terra ha segnato simbolicamente l'inizio della costruzione del complesso residenziale di alta qualit\u00e0 e sostenibilit\u00e0 Aarerain a Ittigen-Worblaufen. La consegna all'investitore \u00e8 prevista per la fine del 2026.","inLanguage":"it-IT","isPartOf":{"@id":"https:\/\/www.immo-invest.ch\/it\/#website"},"breadcrumb":{"@id":"https:\/\/www.immo-invest.ch\/it\/spatenstich-fuer-berns-erstes-plusenergie-quartier\/#breadcrumblist"},"author":{"@id":"https:\/\/www.immo-invest.ch\/it\/author\/immovestuser\/#author"},"creator":{"@id":"https:\/\/www.immo-invest.ch\/it\/author\/immovestuser\/#author"},"image":{"@type":"ImageObject","url":"https:\/\/www.immo-invest.ch\/wp-content\/uploads\/2024\/04\/2024-04-16-13_27_56-3xtOHHd-4B196JvY0nr8i0.jpg-1024\u00d7768-4-e1713268151350.png","@id":"https:\/\/www.immo-invest.ch\/it\/spatenstich-fuer-berns-erstes-plusenergie-quartier\/#mainImage","width":1019,"height":509},"primaryImageOfPage":{"@id":"https:\/\/www.immo-invest.ch\/it\/spatenstich-fuer-berns-erstes-plusenergie-quartier\/#mainImage"},"datePublished":"2024-04-16T11:15:41+02:00","dateModified":"2024-04-16T13:53:14+02:00"},{"@type":"WebSite","@id":"https:\/\/www.immo-invest.ch\/it\/#website","url":"https:\/\/www.immo-invest.ch\/it\/","name":"immo!nvest - Die Plattform f\u00fcr Standorte und Immobilien","description":"Die\u00a0Plattform f\u00fcr Standorte und Immobilien","inLanguage":"it-IT","publisher":{"@id":"https:\/\/www.immo-invest.ch\/it\/#organization"}}]},"og:locale":"it_IT","og:site_name":"immo!nvest - Die Plattform f\u00fcr Standorte und Immobilien - Die\u00a0Plattform f\u00fcr Standorte und Immobilien","og:type":"article","og:title":"Cerimonia di inaugurazione del primo quartiere PlusEnergy di Berna - immo!nvest - Die Plattform f\u00fcr Standorte und Immobilien","og:description":"Dopo un'ampia fase di sviluppo, la cerimonia odierna di apertura della terra ha segnato simbolicamente l'inizio della costruzione del complesso residenziale di alta qualit\u00e0 e sostenibilit\u00e0 Aarerain a Ittigen-Worblaufen. La consegna all'investitore \u00e8 prevista per la fine del 2026.","og:url":"https:\/\/www.immo-invest.ch\/it\/spatenstich-fuer-berns-erstes-plusenergie-quartier\/","og:image":"https:\/\/www.immo-invest.ch\/wp-content\/uploads\/2024\/04\/2024-04-16-13_27_56-3xtOHHd-4B196JvY0nr8i0.jpg-1024\u00d7768-4-e1713268151350.png","og:image:secure_url":"https:\/\/www.immo-invest.ch\/wp-content\/uploads\/2024\/04\/2024-04-16-13_27_56-3xtOHHd-4B196JvY0nr8i0.jpg-1024\u00d7768-4-e1713268151350.png","og:image:width":1019,"og:image:height":509,"article:published_time":"2024-04-16T09:15:41+00:00","article:modified_time":"2024-04-16T11:53:14+00:00","article:publisher":"https:\/\/www.facebook.com\/people\/Immoinvest\/100077962920504\/","twitter:card":"summary_large_image","twitter:site":"@i","twitter:title":"Cerimonia di inaugurazione del primo quartiere PlusEnergy di Berna - immo!nvest - Die Plattform f\u00fcr Standorte und Immobilien","twitter:description":"Dopo un'ampia fase di sviluppo, la cerimonia odierna di apertura della terra ha segnato simbolicamente l'inizio della costruzione del complesso residenziale di alta qualit\u00e0 e sostenibilit\u00e0 Aarerain a Ittigen-Worblaufen. La consegna all'investitore \u00e8 prevista per la fine del 2026.","twitter:creator":"@i","twitter:image":"https:\/\/www.immo-invest.ch\/wp-content\/uploads\/2024\/04\/2024-04-16-13_27_56-3xtOHHd-4B196JvY0nr8i0.jpg-1024\u00d7768-4-e1713268151350.png"},"aioseo_meta_data":{"post_id":"87383","title":null,"description":null,"keywords":null,"keyphrases":null,"primary_term":null,"canonical_url":null,"og_title":null,"og_description":null,"og_object_type":"default","og_image_type":"default","og_image_url":null,"og_image_width":null,"og_image_height":null,"og_image_custom_url":null,"og_image_custom_fields":null,"og_video":null,"og_custom_url":null,"og_article_section":null,"og_article_tags":null,"twitter_use_og":false,"twitter_card":"default","twitter_image_type":"default","twitter_image_url":null,"twitter_image_custom_url":null,"twitter_image_custom_fields":null,"twitter_title":null,"twitter_description":null,"schema":{"blockGraphs":[],"customGraphs":[],"default":{"data":{"Article":[],"Course":[],"Dataset":[],"FAQPage":[],"Movie":[],"Person":[],"Product":[],"ProductReview":[],"Car":[],"Recipe":[],"Service":[],"SoftwareApplication":[],"WebPage":[]},"graphName":"","isEnabled":true},"graphs":[]},"schema_type":"default","schema_type_options":null,"pillar_content":false,"robots_default":true,"robots_noindex":false,"robots_noarchive":false,"robots_nosnippet":false,"robots_nofollow":false,"robots_noimageindex":false,"robots_noodp":false,"robots_notranslate":false,"robots_max_snippet":null,"robots_max_videopreview":null,"robots_max_imagepreview":"large","priority":null,"frequency":null,"local_seo":null,"breadcrumb_settings":null,"limit_modified_date":false,"ai":null,"created":"2024-09-20 18:32:57","updated":"2025-10-24 00:50:12","seo_analyzer_scan_date":null,"focus_keyword":null,"additional_keywords":null,"truseo_locale":null},"aioseo_breadcrumb":"<div class=\"aioseo-breadcrumbs\"><span class=\"aioseo-breadcrumb\">\n\t\t\t<a href=\"https:\/\/www.immo-invest.ch\/it\/\" title=\"Home\">Home<\/a>\n\t\t<\/span><span class=\"aioseo-breadcrumb-separator\">&raquo;<\/span><span class=\"aioseo-breadcrumb\">\n\t\t\t<a href=\"https:\/\/www.immo-invest.ch\/it\/categoria\/regioni\/\" title=\"Regioni\">Regioni<\/a>\n\t\t<\/span><span class=\"aioseo-breadcrumb-separator\">&raquo;<\/span><span class=\"aioseo-breadcrumb\">\n\t\t\t<a href=\"https:\/\/www.immo-invest.ch\/it\/categoria\/regioni\/svizzera\/\" title=\"Svizzera\">Svizzera<\/a>\n\t\t<\/span><span class=\"aioseo-breadcrumb-separator\">&raquo;<\/span><span class=\"aioseo-breadcrumb\">\n\t\t\t<a href=\"https:\/\/www.immo-invest.ch\/it\/categoria\/regioni\/svizzera\/espace-mittelland\/\" title=\"Espace Mittelland\">Espace Mittelland<\/a>\n\t\t<\/span><span class=\"aioseo-breadcrumb-separator\">&raquo;<\/span><span class=\"aioseo-breadcrumb\">\n\t\t\t<a href=\"https:\/\/www.immo-invest.ch\/it\/categoria\/regioni\/svizzera\/espace-mittelland\/regione-berna\/\" title=\"Berna\">Berna<\/a>\n\t\t<\/span><span class=\"aioseo-breadcrumb-separator\">&raquo;<\/span><span class=\"aioseo-breadcrumb\">\n\t\t\tCerimonia di inaugurazione del primo quartiere PlusEnergy di Berna\n\t\t<\/span><\/div>","aioseo_breadcrumb_json":[{"label":"Home","link":"https:\/\/www.immo-invest.ch\/it\/"},{"label":"Regioni","link":"https:\/\/www.immo-invest.ch\/it\/categoria\/regioni\/"},{"label":"Svizzera","link":"https:\/\/www.immo-invest.ch\/it\/categoria\/regioni\/svizzera\/"},{"label":"Espace Mittelland","link":"https:\/\/www.immo-invest.ch\/it\/categoria\/regioni\/svizzera\/espace-mittelland\/"},{"label":"Berna","link":"https:\/\/www.immo-invest.ch\/it\/categoria\/regioni\/svizzera\/espace-mittelland\/regione-berna\/"},{"label":"Cerimonia di inaugurazione del primo quartiere PlusEnergy di Berna","link":"https:\/\/www.immo-invest.ch\/it\/spatenstich-fuer-berns-erstes-plusenergie-quartier\/"}],"featured_image_src":"https:\/\/www.immo-invest.ch\/wp-content\/uploads\/2024\/04\/2024-04-16-13_27_56-3xtOHHd-4B196JvY0nr8i0.jpg-1024\u00d7768-4-336x168.png","_links":{"self":[{"href":"https:\/\/www.immo-invest.ch\/it\/wp-json\/wp\/v2\/posts\/87383","targetHints":{"allow":["GET"]}}],"collection":[{"href":"https:\/\/www.immo-invest.ch\/it\/wp-json\/wp\/v2\/posts"}],"about":[{"href":"https:\/\/www.immo-invest.ch\/it\/wp-json\/wp\/v2\/types\/post"}],"author":[{"embeddable":true,"href":"https:\/\/www.immo-invest.ch\/it\/wp-json\/wp\/v2\/users\/2"}],"replies":[{"embeddable":true,"href":"https:\/\/www.immo-invest.ch\/it\/wp-json\/wp\/v2\/comments?post=87383"}],"version-history":[{"count":0,"href":"https:\/\/www.immo-invest.ch\/it\/wp-json\/wp\/v2\/posts\/87383\/revisions"}],"wp:featuredmedia":[{"embeddable":true,"href":"https:\/\/www.immo-invest.ch\/it\/wp-json\/wp\/v2\/media\/87875"}],"wp:attachment":[{"href":"https:\/\/www.immo-invest.ch\/it\/wp-json\/wp\/v2\/media?parent=87383"}],"wp:term":[{"taxonomy":"category","embeddable":true,"href":"https:\/\/www.immo-invest.ch\/it\/wp-json\/wp\/v2\/categories?post=87383"},{"taxonomy":"post_tag","embeddable":true,"href":"https:\/\/www.immo-invest.ch\/it\/wp-json\/wp\/v2\/tags?post=87383"}],"curies":[{"name":"wp","href":"https:\/\/api.w.org\/{rel}","templated":true}]}}