{"id":78778,"date":"2024-03-01T15:55:33","date_gmt":"2024-03-01T14:55:33","guid":{"rendered":"https:\/\/www.immo-invest.ch\/accelleron-holt-in-baden-strom-vom-dach\/"},"modified":"2024-03-01T16:04:58","modified_gmt":"2024-03-01T15:04:58","slug":"accelleron-holt-in-baden-strom-vom-dach","status":"publish","type":"post","link":"https:\/\/www.immo-invest.ch\/it\/accelleron-holt-in-baden-strom-vom-dach\/","title":{"rendered":"Accelleron prende l&#8217;elettricit\u00e0 dal tetto a Baden"},"content":{"rendered":"<p class=\"bodytext\">Secondo un <a href=\"https:\/\/www.linkedin.com\/company\/accelleron-industries\/posts\/?feedView=all\" target=\"_blank\" rel=\"noopener\">comunicato stampa<\/a>, <a href=\"https:\/\/accelleron-industries.com\/\" target=\"_blank\" rel=\"noopener\">Accelleron Industries AG<\/a> ha inaugurato il pi&ugrave; grande impianto fotovoltaico della citt&agrave; presso la sua sede di Baden, alla presenza del sindaco Markus Schneider. Il sistema &egrave; stato messo in funzione a dicembre. &Egrave; distribuito su quattro tetti di edifici aziendali con 2533 moduli e una capacit&agrave; di 1 megawatt di picco e si prevede che produrr&agrave; circa 1 gigawattora all&rsquo;anno. Secondo l&rsquo;azienda, ci&ograve; corrisponde al fabbisogno energetico annuale di 400 famiglie o di 150 viaggi intorno al mondo con un&rsquo;auto elettrica. Accelleron copre ora il 10 percento del suo fabbisogno annuale di energia elettrica a Baden con energia verde, prosegue la dichiarazione.<\/p>\n<p class=\"bodytext\">&ldquo;In qualit&agrave; di azienda leader nel settore dei turbocompressori, Accelleron &egrave; impegnata nella decarbonizzazione e sta dando un contributo positivo alla sostenibilit&agrave;&rdquo;, ha dichiarato Herbert M&uuml;ller, Presidente della Divisione Alta Velocit&agrave; di Accelleron e Co-Direttore Generale della filiale Turbo Systems Svizzera. Con questo progetto, Accelleron Svizzera sta svolgendo un ruolo pionieristico nell&rsquo;uso delle energie rinnovabili, ha proseguito M&uuml;ller. Markus Schneider &egrave; stato l&rsquo;ospite d&rsquo;onore della cerimonia di inaugurazione. &ldquo;Desidero ringraziare Accelleron come importante azienda di Baden per questo impegno nelle energie rinnovabili. Questo &egrave; esattamente il tipo di progetto di cui abbiamo bisogno sui tetti delle aziende di Baden&rdquo;, ha dichiarato Schneider.<\/p>\n<p class=\"bodytext\">Secondo il comunicato stampa dell&rsquo;azienda, ci sono voluti meno di otto mesi dall&rsquo;approvazione interna del progetto alla messa in funzione dell&rsquo;impianto nel dicembre 2023. Sebbene il progetto <span class=\"glossaryLink\"  aria-describedby=\"tt\"  data-cmtooltip=\"&lt;div class=glossaryItemTitle&gt;SIA&lt;\/div&gt;&lt;div class=glossaryItemBody&gt;Schweizerischer Ingenieur- und Architektenverein; massgebender Berufsverband f&uuml;r qualifizierte Fachleute der Bereiche Bau, Technik und Umwelt mit rund f&uuml;nfzehntausend Mitgliedern&lt;\/div&gt;\"  data-mobile-support=\"0\"  data-gt-translate-attributes='[{\"attribute\":\"data-cmtooltip\", \"format\":\"html\"}]' tabindex='0' role='link'>sia<\/span> ancora in una fase operativa iniziale, sono gi&agrave; state acquisite importanti conoscenze, come ad esempio gli effetti delle condizioni di neve sulla produzione di elettricit&agrave; con le installazioni solari, secondo Accelleron.<\/p>\n","protected":false},"excerpt":{"rendered":"<p>Turboladerspezialist Accelleron hat seine neue Photovoltaikanlage auf den D\u00e4chern der Firmengeb\u00e4ude eingeweiht. Sie ist die gr\u00f6sste in Baden und verteilt sich mit 2533 Modulen und einer Kapazit\u00e4t von 1 Megawatt auf vier D\u00e4cher.<\/p>\n","protected":false},"author":2,"featured_media":78757,"comment_status":"open","ping_status":"open","sticky":false,"template":"","format":"standard","meta":{"pmpro_default_level":"","inline_featured_image":false,"_monsterinsights_skip_tracking":false,"footnotes":""},"categories":[8750,745,22700],"tags":[40246,2158,867,3935,12383,2006,1952],"class_list":["post-78778","post","type-post","status-publish","format-standard","has-post-thumbnail","hentry","category-energia","category-immonews-it","category-sostenibilita","tag-erneuerbare-energien-it","tag-erneuerbareenergien-it","tag-immoinvest-it","tag-immonews-it","tag-innovative-technologie-it","tag-news-it","tag-umweltschutz-it","pmpro-has-access"],"acf":{"bild_mit_ki_erstellt_worden":[],"lead":"Turboladerspezialist Accelleron hat seine neue Photovoltaikanlage auf den D\u00e4chern der Firmengeb\u00e4ude eingeweiht. Sie ist die gr\u00f6sste in Baden und verteilt sich mit 2533 Modulen und einer Kapazit\u00e4t von 1 Megawatt auf vier D\u00e4cher.","autor":"ce\/gba","ort":"Baden AG","bildunterschrift":"","bild_im_grid":false,"gallerie":"","newsim":""},"aioseo_notices":[],"aioseo_head":"\n\t\t<!-- All in One SEO 5.0.1.1 - aioseo.com -->\n\t<meta name=\"description\" content=\"Turboladerspezialist Accelleron hat seine neue Photovoltaikanlage auf den D\u00e4chern der Firmengeb\u00e4ude eingeweiht. Sie ist die gr\u00f6sste in Baden und verteilt sich mit 2533 Modulen und einer Kapazit\u00e4t von 1 Megawatt auf vier D\u00e4cher.\" \/>\n\t<meta name=\"robots\" content=\"max-image-preview:large\" \/>\n\t<meta name=\"author\" content=\"immovestuser\"\/>\n\t<meta name=\"google-site-verification\" content=\"fHJKvgWpZCR2zVBHWfkQeFXC11qieUSff0HGNYfuyLA\" \/>\n\t<link rel=\"canonical\" href=\"https:\/\/www.immo-invest.ch\/it\/accelleron-holt-in-baden-strom-vom-dach\/\" \/>\n\t<meta name=\"generator\" content=\"All in One SEO (AIOSEO) 5.0.1.1\" \/>\n\t\t<meta property=\"og:locale\" content=\"it_IT\" \/>\n\t\t<meta property=\"og:site_name\" content=\"immo!nvest - Die Plattform f\u00fcr Standorte und Immobilien - Die\u00a0Plattform f\u00fcr Standorte und Immobilien\" \/>\n\t\t<meta property=\"og:type\" content=\"article\" \/>\n\t\t<meta property=\"og:title\" content=\"Accelleron prende l\u2019elettricit\u00e0 dal tetto a Baden - immo!nvest - Die Plattform f\u00fcr Standorte und Immobilien\" \/>\n\t\t<meta property=\"og:description\" content=\"Turboladerspezialist Accelleron hat seine neue Photovoltaikanlage auf den D\u00e4chern der Firmengeb\u00e4ude eingeweiht. Sie ist die gr\u00f6sste in Baden und verteilt sich mit 2533 Modulen und einer Kapazit\u00e4t von 1 Megawatt auf vier D\u00e4cher.\" \/>\n\t\t<meta property=\"og:url\" content=\"https:\/\/www.immo-invest.ch\/it\/accelleron-holt-in-baden-strom-vom-dach\/\" \/>\n\t\t<meta property=\"og:image\" content=\"https:\/\/www.immo-invest.ch\/wp-content\/uploads\/2024\/03\/Unbenannt-2.png\" \/>\n\t\t<meta property=\"og:image:secure_url\" content=\"https:\/\/www.immo-invest.ch\/wp-content\/uploads\/2024\/03\/Unbenannt-2.png\" \/>\n\t\t<meta property=\"og:image:width\" content=\"1024\" \/>\n\t\t<meta property=\"og:image:height\" content=\"1024\" \/>\n\t\t<meta property=\"article:published_time\" content=\"2024-03-01T14:55:33+00:00\" \/>\n\t\t<meta property=\"article:modified_time\" content=\"2024-03-01T15:04:58+00:00\" \/>\n\t\t<meta property=\"article:publisher\" content=\"https:\/\/www.facebook.com\/people\/Immoinvest\/100077962920504\/\" \/>\n\t\t<meta name=\"twitter:card\" content=\"summary_large_image\" \/>\n\t\t<meta name=\"twitter:site\" content=\"@i\" \/>\n\t\t<meta name=\"twitter:title\" content=\"Accelleron prende l\u2019elettricit\u00e0 dal tetto a Baden - immo!nvest - Die Plattform f\u00fcr Standorte und Immobilien\" \/>\n\t\t<meta name=\"twitter:description\" content=\"Turboladerspezialist Accelleron hat seine neue Photovoltaikanlage auf den D\u00e4chern der Firmengeb\u00e4ude eingeweiht. Sie ist die gr\u00f6sste in Baden und verteilt sich mit 2533 Modulen und einer Kapazit\u00e4t von 1 Megawatt auf vier D\u00e4cher.\" \/>\n\t\t<meta name=\"twitter:creator\" content=\"@i\" \/>\n\t\t<meta name=\"twitter:image\" content=\"https:\/\/www.immo-invest.ch\/wp-content\/uploads\/2024\/03\/Unbenannt-2.png\" \/>\n\t\t<script type=\"application\/ld+json\" class=\"aioseo-schema\">\n\t\t\t{\"@context\":\"https:\\\/\\\/schema.org\",\"@graph\":[{\"@type\":\"BlogPosting\",\"@id\":\"https:\\\/\\\/www.immo-invest.ch\\\/it\\\/accelleron-holt-in-baden-strom-vom-dach\\\/#blogposting\",\"name\":\"Accelleron prende l\\u2019elettricit\\u00e0 dal tetto a Baden - immo!nvest - Die Plattform f\\u00fcr Standorte und Immobilien\",\"headline\":\"Accelleron prende l&#8217;elettricit\\u00e0 dal tetto a Baden\",\"author\":{\"@id\":\"https:\\\/\\\/www.immo-invest.ch\\\/it\\\/author\\\/immovestuser\\\/#author\"},\"publisher\":{\"@id\":\"https:\\\/\\\/www.immo-invest.ch\\\/it\\\/#organization\"},\"image\":{\"@type\":\"ImageObject\",\"url\":\"https:\\\/\\\/www.immo-invest.ch\\\/wp-content\\\/uploads\\\/2024\\\/03\\\/Unbenannt-2.png\",\"width\":1024,\"height\":1024},\"datePublished\":\"2024-03-01T15:55:33+01:00\",\"dateModified\":\"2024-03-01T16:04:58+01:00\",\"inLanguage\":\"it-IT\",\"mainEntityOfPage\":{\"@id\":\"https:\\\/\\\/www.immo-invest.ch\\\/it\\\/accelleron-holt-in-baden-strom-vom-dach\\\/#webpage\"},\"isPartOf\":{\"@id\":\"https:\\\/\\\/www.immo-invest.ch\\\/it\\\/accelleron-holt-in-baden-strom-vom-dach\\\/#webpage\"},\"articleSection\":\"Energia, immoNews, Sostenibilit\\u00e0, Erneuerbare Energien, ErneuerbareEnergien, Immoinvest, immoNews, innovative Technologie, News, Umweltschutz, Optional\"},{\"@type\":\"BreadcrumbList\",\"@id\":\"https:\\\/\\\/www.immo-invest.ch\\\/it\\\/accelleron-holt-in-baden-strom-vom-dach\\\/#breadcrumblist\",\"itemListElement\":[{\"@type\":\"ListItem\",\"@id\":\"https:\\\/\\\/www.immo-invest.ch\\\/it\\\/#listItem\",\"position\":1,\"name\":\"Home\",\"item\":\"https:\\\/\\\/www.immo-invest.ch\\\/it\\\/\",\"nextItem\":{\"@type\":\"ListItem\",\"@id\":\"https:\\\/\\\/www.immo-invest.ch\\\/it\\\/categoria\\\/trends-it\\\/#listItem\",\"name\":\"Trends\"}},{\"@type\":\"ListItem\",\"@id\":\"https:\\\/\\\/www.immo-invest.ch\\\/it\\\/categoria\\\/trends-it\\\/#listItem\",\"position\":2,\"name\":\"Trends\",\"item\":\"https:\\\/\\\/www.immo-invest.ch\\\/it\\\/categoria\\\/trends-it\\\/\",\"nextItem\":{\"@type\":\"ListItem\",\"@id\":\"https:\\\/\\\/www.immo-invest.ch\\\/it\\\/categoria\\\/trends-it\\\/sostenibilita\\\/#listItem\",\"name\":\"Sostenibilit\\u00e0\"},\"previousItem\":{\"@type\":\"ListItem\",\"@id\":\"https:\\\/\\\/www.immo-invest.ch\\\/it\\\/#listItem\",\"name\":\"Home\"}},{\"@type\":\"ListItem\",\"@id\":\"https:\\\/\\\/www.immo-invest.ch\\\/it\\\/categoria\\\/trends-it\\\/sostenibilita\\\/#listItem\",\"position\":3,\"name\":\"Sostenibilit\\u00e0\",\"item\":\"https:\\\/\\\/www.immo-invest.ch\\\/it\\\/categoria\\\/trends-it\\\/sostenibilita\\\/\",\"nextItem\":{\"@type\":\"ListItem\",\"@id\":\"https:\\\/\\\/www.immo-invest.ch\\\/it\\\/accelleron-holt-in-baden-strom-vom-dach\\\/#listItem\",\"name\":\"Accelleron prende l&#8217;elettricit\\u00e0 dal tetto a Baden\"},\"previousItem\":{\"@type\":\"ListItem\",\"@id\":\"https:\\\/\\\/www.immo-invest.ch\\\/it\\\/categoria\\\/trends-it\\\/#listItem\",\"name\":\"Trends\"}},{\"@type\":\"ListItem\",\"@id\":\"https:\\\/\\\/www.immo-invest.ch\\\/it\\\/accelleron-holt-in-baden-strom-vom-dach\\\/#listItem\",\"position\":4,\"name\":\"Accelleron prende l&#8217;elettricit\\u00e0 dal tetto a Baden\",\"previousItem\":{\"@type\":\"ListItem\",\"@id\":\"https:\\\/\\\/www.immo-invest.ch\\\/it\\\/categoria\\\/trends-it\\\/sostenibilita\\\/#listItem\",\"name\":\"Sostenibilit\\u00e0\"}}]},{\"@type\":\"Organization\",\"@id\":\"https:\\\/\\\/www.immo-invest.ch\\\/it\\\/#organization\",\"name\":\"immo!nvest - Die Plattform f\\u00fcr Standorte und Immobilien\",\"description\":\"Die\\u00a0Plattform f\\u00fcr Standorte und Immobilien\",\"url\":\"https:\\\/\\\/www.immo-invest.ch\\\/it\\\/\",\"email\":\"admin@immomedia.ag\",\"telephone\":\"+41444420002\",\"logo\":{\"@type\":\"ImageObject\",\"url\":\"https:\\\/\\\/www.immo-invest.ch\\\/wp-content\\\/uploads\\\/2024\\\/09\\\/immoinvest_sm-scaled.jpg\",\"@id\":\"https:\\\/\\\/www.immo-invest.ch\\\/it\\\/accelleron-holt-in-baden-strom-vom-dach\\\/#organizationLogo\",\"width\":2560,\"height\":1340},\"image\":{\"@id\":\"https:\\\/\\\/www.immo-invest.ch\\\/it\\\/accelleron-holt-in-baden-strom-vom-dach\\\/#organizationLogo\"},\"sameAs\":[\"https:\\\/\\\/www.facebook.com\\\/people\\\/Immoinvest\\\/100077962920504\\\/\",\"https:\\\/\\\/x.com\\\/i\\\/flow\\\/login?redirect_after_login=immoinvest_ch\",\"https:\\\/\\\/www.instagram.com\\\/immoinvest_ch\\\/\",\"https:\\\/\\\/www.linkedin.com\\\/company\\\/immoinvest-swiss\"]},{\"@type\":\"Person\",\"@id\":\"https:\\\/\\\/www.immo-invest.ch\\\/it\\\/author\\\/immovestuser\\\/#author\",\"url\":\"https:\\\/\\\/www.immo-invest.ch\\\/it\\\/author\\\/immovestuser\\\/\",\"name\":\"immovestuser\",\"image\":{\"@type\":\"ImageObject\",\"@id\":\"https:\\\/\\\/www.immo-invest.ch\\\/it\\\/accelleron-holt-in-baden-strom-vom-dach\\\/#authorImage\",\"url\":\"https:\\\/\\\/secure.gravatar.com\\\/avatar\\\/8e01f4d99f2eeea7a362ebb93305e1172a70e9293ba250f897a65c39f54cdd1e?s=96&d=mm&r=g\",\"width\":96,\"height\":96,\"caption\":\"immovestuser\"}},{\"@type\":\"WebPage\",\"@id\":\"https:\\\/\\\/www.immo-invest.ch\\\/it\\\/accelleron-holt-in-baden-strom-vom-dach\\\/#webpage\",\"url\":\"https:\\\/\\\/www.immo-invest.ch\\\/it\\\/accelleron-holt-in-baden-strom-vom-dach\\\/\",\"name\":\"Accelleron prende l\\u2019elettricit\\u00e0 dal tetto a Baden - immo!nvest - Die Plattform f\\u00fcr Standorte und Immobilien\",\"description\":\"Turboladerspezialist Accelleron hat seine neue Photovoltaikanlage auf den D\\u00e4chern der Firmengeb\\u00e4ude eingeweiht. Sie ist die gr\\u00f6sste in Baden und verteilt sich mit 2533 Modulen und einer Kapazit\\u00e4t von 1 Megawatt auf vier D\\u00e4cher.\",\"inLanguage\":\"it-IT\",\"isPartOf\":{\"@id\":\"https:\\\/\\\/www.immo-invest.ch\\\/it\\\/#website\"},\"breadcrumb\":{\"@id\":\"https:\\\/\\\/www.immo-invest.ch\\\/it\\\/accelleron-holt-in-baden-strom-vom-dach\\\/#breadcrumblist\"},\"author\":{\"@id\":\"https:\\\/\\\/www.immo-invest.ch\\\/it\\\/author\\\/immovestuser\\\/#author\"},\"creator\":{\"@id\":\"https:\\\/\\\/www.immo-invest.ch\\\/it\\\/author\\\/immovestuser\\\/#author\"},\"image\":{\"@type\":\"ImageObject\",\"url\":\"https:\\\/\\\/www.immo-invest.ch\\\/wp-content\\\/uploads\\\/2024\\\/03\\\/Unbenannt-2.png\",\"@id\":\"https:\\\/\\\/www.immo-invest.ch\\\/it\\\/accelleron-holt-in-baden-strom-vom-dach\\\/#mainImage\",\"width\":1024,\"height\":1024},\"primaryImageOfPage\":{\"@id\":\"https:\\\/\\\/www.immo-invest.ch\\\/it\\\/accelleron-holt-in-baden-strom-vom-dach\\\/#mainImage\"},\"datePublished\":\"2024-03-01T15:55:33+01:00\",\"dateModified\":\"2024-03-01T16:04:58+01:00\"},{\"@type\":\"WebSite\",\"@id\":\"https:\\\/\\\/www.immo-invest.ch\\\/it\\\/#website\",\"url\":\"https:\\\/\\\/www.immo-invest.ch\\\/it\\\/\",\"name\":\"immo!nvest - Die Plattform f\\u00fcr Standorte und Immobilien\",\"description\":\"Die\\u00a0Plattform f\\u00fcr Standorte und Immobilien\",\"inLanguage\":\"it-IT\",\"publisher\":{\"@id\":\"https:\\\/\\\/www.immo-invest.ch\\\/it\\\/#organization\"}}]}\n\t\t<\/script>\n\t\t<!-- All in One SEO -->\n\n","aioseo_head_json":{"title":"Accelleron prende l\u2019elettricit\u00e0 dal tetto a Baden - immo!nvest - Die Plattform f\u00fcr Standorte und Immobilien","description":"Turboladerspezialist Accelleron hat seine neue Photovoltaikanlage auf den D\u00e4chern der Firmengeb\u00e4ude eingeweiht. Sie ist die gr\u00f6sste in Baden und verteilt sich mit 2533 Modulen und einer Kapazit\u00e4t von 1 Megawatt auf vier D\u00e4cher.","canonical_url":"https:\/\/www.immo-invest.ch\/it\/accelleron-holt-in-baden-strom-vom-dach\/","robots":"max-image-preview:large","keywords":"","webmasterTools":{"google-site-verification":"fHJKvgWpZCR2zVBHWfkQeFXC11qieUSff0HGNYfuyLA","miscellaneous":""},"schema":{"@context":"https:\/\/schema.org","@graph":[{"@type":"BlogPosting","@id":"https:\/\/www.immo-invest.ch\/it\/accelleron-holt-in-baden-strom-vom-dach\/#blogposting","name":"Accelleron prende l\u2019elettricit\u00e0 dal tetto a Baden - immo!nvest - Die Plattform f\u00fcr Standorte und Immobilien","headline":"Accelleron prende l&#8217;elettricit\u00e0 dal tetto a Baden","author":{"@id":"https:\/\/www.immo-invest.ch\/it\/author\/immovestuser\/#author"},"publisher":{"@id":"https:\/\/www.immo-invest.ch\/it\/#organization"},"image":{"@type":"ImageObject","url":"https:\/\/www.immo-invest.ch\/wp-content\/uploads\/2024\/03\/Unbenannt-2.png","width":1024,"height":1024},"datePublished":"2024-03-01T15:55:33+01:00","dateModified":"2024-03-01T16:04:58+01:00","inLanguage":"it-IT","mainEntityOfPage":{"@id":"https:\/\/www.immo-invest.ch\/it\/accelleron-holt-in-baden-strom-vom-dach\/#webpage"},"isPartOf":{"@id":"https:\/\/www.immo-invest.ch\/it\/accelleron-holt-in-baden-strom-vom-dach\/#webpage"},"articleSection":"Energia, immoNews, Sostenibilit\u00e0, Erneuerbare Energien, ErneuerbareEnergien, Immoinvest, immoNews, innovative Technologie, News, Umweltschutz, Optional"},{"@type":"BreadcrumbList","@id":"https:\/\/www.immo-invest.ch\/it\/accelleron-holt-in-baden-strom-vom-dach\/#breadcrumblist","itemListElement":[{"@type":"ListItem","@id":"https:\/\/www.immo-invest.ch\/it\/#listItem","position":1,"name":"Home","item":"https:\/\/www.immo-invest.ch\/it\/","nextItem":{"@type":"ListItem","@id":"https:\/\/www.immo-invest.ch\/it\/categoria\/trends-it\/#listItem","name":"Trends"}},{"@type":"ListItem","@id":"https:\/\/www.immo-invest.ch\/it\/categoria\/trends-it\/#listItem","position":2,"name":"Trends","item":"https:\/\/www.immo-invest.ch\/it\/categoria\/trends-it\/","nextItem":{"@type":"ListItem","@id":"https:\/\/www.immo-invest.ch\/it\/categoria\/trends-it\/sostenibilita\/#listItem","name":"Sostenibilit\u00e0"},"previousItem":{"@type":"ListItem","@id":"https:\/\/www.immo-invest.ch\/it\/#listItem","name":"Home"}},{"@type":"ListItem","@id":"https:\/\/www.immo-invest.ch\/it\/categoria\/trends-it\/sostenibilita\/#listItem","position":3,"name":"Sostenibilit\u00e0","item":"https:\/\/www.immo-invest.ch\/it\/categoria\/trends-it\/sostenibilita\/","nextItem":{"@type":"ListItem","@id":"https:\/\/www.immo-invest.ch\/it\/accelleron-holt-in-baden-strom-vom-dach\/#listItem","name":"Accelleron prende l&#8217;elettricit\u00e0 dal tetto a Baden"},"previousItem":{"@type":"ListItem","@id":"https:\/\/www.immo-invest.ch\/it\/categoria\/trends-it\/#listItem","name":"Trends"}},{"@type":"ListItem","@id":"https:\/\/www.immo-invest.ch\/it\/accelleron-holt-in-baden-strom-vom-dach\/#listItem","position":4,"name":"Accelleron prende l&#8217;elettricit\u00e0 dal tetto a Baden","previousItem":{"@type":"ListItem","@id":"https:\/\/www.immo-invest.ch\/it\/categoria\/trends-it\/sostenibilita\/#listItem","name":"Sostenibilit\u00e0"}}]},{"@type":"Organization","@id":"https:\/\/www.immo-invest.ch\/it\/#organization","name":"immo!nvest - Die Plattform f\u00fcr Standorte und Immobilien","description":"Die\u00a0Plattform f\u00fcr Standorte und Immobilien","url":"https:\/\/www.immo-invest.ch\/it\/","email":"admin@immomedia.ag","telephone":"+41444420002","logo":{"@type":"ImageObject","url":"https:\/\/www.immo-invest.ch\/wp-content\/uploads\/2024\/09\/immoinvest_sm-scaled.jpg","@id":"https:\/\/www.immo-invest.ch\/it\/accelleron-holt-in-baden-strom-vom-dach\/#organizationLogo","width":2560,"height":1340},"image":{"@id":"https:\/\/www.immo-invest.ch\/it\/accelleron-holt-in-baden-strom-vom-dach\/#organizationLogo"},"sameAs":["https:\/\/www.facebook.com\/people\/Immoinvest\/100077962920504\/","https:\/\/x.com\/i\/flow\/login?redirect_after_login=immoinvest_ch","https:\/\/www.instagram.com\/immoinvest_ch\/","https:\/\/www.linkedin.com\/company\/immoinvest-swiss"]},{"@type":"Person","@id":"https:\/\/www.immo-invest.ch\/it\/author\/immovestuser\/#author","url":"https:\/\/www.immo-invest.ch\/it\/author\/immovestuser\/","name":"immovestuser","image":{"@type":"ImageObject","@id":"https:\/\/www.immo-invest.ch\/it\/accelleron-holt-in-baden-strom-vom-dach\/#authorImage","url":"https:\/\/secure.gravatar.com\/avatar\/8e01f4d99f2eeea7a362ebb93305e1172a70e9293ba250f897a65c39f54cdd1e?s=96&d=mm&r=g","width":96,"height":96,"caption":"immovestuser"}},{"@type":"WebPage","@id":"https:\/\/www.immo-invest.ch\/it\/accelleron-holt-in-baden-strom-vom-dach\/#webpage","url":"https:\/\/www.immo-invest.ch\/it\/accelleron-holt-in-baden-strom-vom-dach\/","name":"Accelleron prende l\u2019elettricit\u00e0 dal tetto a Baden - immo!nvest - Die Plattform f\u00fcr Standorte und Immobilien","description":"Turboladerspezialist Accelleron hat seine neue Photovoltaikanlage auf den D\u00e4chern der Firmengeb\u00e4ude eingeweiht. Sie ist die gr\u00f6sste in Baden und verteilt sich mit 2533 Modulen und einer Kapazit\u00e4t von 1 Megawatt auf vier D\u00e4cher.","inLanguage":"it-IT","isPartOf":{"@id":"https:\/\/www.immo-invest.ch\/it\/#website"},"breadcrumb":{"@id":"https:\/\/www.immo-invest.ch\/it\/accelleron-holt-in-baden-strom-vom-dach\/#breadcrumblist"},"author":{"@id":"https:\/\/www.immo-invest.ch\/it\/author\/immovestuser\/#author"},"creator":{"@id":"https:\/\/www.immo-invest.ch\/it\/author\/immovestuser\/#author"},"image":{"@type":"ImageObject","url":"https:\/\/www.immo-invest.ch\/wp-content\/uploads\/2024\/03\/Unbenannt-2.png","@id":"https:\/\/www.immo-invest.ch\/it\/accelleron-holt-in-baden-strom-vom-dach\/#mainImage","width":1024,"height":1024},"primaryImageOfPage":{"@id":"https:\/\/www.immo-invest.ch\/it\/accelleron-holt-in-baden-strom-vom-dach\/#mainImage"},"datePublished":"2024-03-01T15:55:33+01:00","dateModified":"2024-03-01T16:04:58+01:00"},{"@type":"WebSite","@id":"https:\/\/www.immo-invest.ch\/it\/#website","url":"https:\/\/www.immo-invest.ch\/it\/","name":"immo!nvest - Die Plattform f\u00fcr Standorte und Immobilien","description":"Die\u00a0Plattform f\u00fcr Standorte und Immobilien","inLanguage":"it-IT","publisher":{"@id":"https:\/\/www.immo-invest.ch\/it\/#organization"}}]},"og:locale":"it_IT","og:site_name":"immo!nvest - Die Plattform f\u00fcr Standorte und Immobilien - Die\u00a0Plattform f\u00fcr Standorte und Immobilien","og:type":"article","og:title":"Accelleron prende l\u2019elettricit\u00e0 dal tetto a Baden - immo!nvest - Die Plattform f\u00fcr Standorte und Immobilien","og:description":"Turboladerspezialist Accelleron hat seine neue Photovoltaikanlage auf den D\u00e4chern der Firmengeb\u00e4ude eingeweiht. Sie ist die gr\u00f6sste in Baden und verteilt sich mit 2533 Modulen und einer Kapazit\u00e4t von 1 Megawatt auf vier D\u00e4cher.","og:url":"https:\/\/www.immo-invest.ch\/it\/accelleron-holt-in-baden-strom-vom-dach\/","og:image":"https:\/\/www.immo-invest.ch\/wp-content\/uploads\/2024\/03\/Unbenannt-2.png","og:image:secure_url":"https:\/\/www.immo-invest.ch\/wp-content\/uploads\/2024\/03\/Unbenannt-2.png","og:image:width":1024,"og:image:height":1024,"article:published_time":"2024-03-01T14:55:33+00:00","article:modified_time":"2024-03-01T15:04:58+00:00","article:publisher":"https:\/\/www.facebook.com\/people\/Immoinvest\/100077962920504\/","twitter:card":"summary_large_image","twitter:site":"@i","twitter:title":"Accelleron prende l\u2019elettricit\u00e0 dal tetto a Baden - immo!nvest - Die Plattform f\u00fcr Standorte und Immobilien","twitter:description":"Turboladerspezialist Accelleron hat seine neue Photovoltaikanlage auf den D\u00e4chern der Firmengeb\u00e4ude eingeweiht. Sie ist die gr\u00f6sste in Baden und verteilt sich mit 2533 Modulen und einer Kapazit\u00e4t von 1 Megawatt auf vier D\u00e4cher.","twitter:creator":"@i","twitter:image":"https:\/\/www.immo-invest.ch\/wp-content\/uploads\/2024\/03\/Unbenannt-2.png"},"aioseo_meta_data":{"post_id":"78778","title":null,"description":null,"keywords":null,"keyphrases":null,"primary_term":null,"canonical_url":null,"og_title":null,"og_description":null,"og_object_type":"default","og_image_type":"default","og_image_url":null,"og_image_width":null,"og_image_height":null,"og_image_custom_url":null,"og_image_custom_fields":null,"og_video":null,"og_custom_url":null,"og_article_section":null,"og_article_tags":null,"twitter_use_og":false,"twitter_card":"default","twitter_image_type":"default","twitter_image_url":null,"twitter_image_custom_url":null,"twitter_image_custom_fields":null,"twitter_title":null,"twitter_description":null,"schema":{"blockGraphs":[],"customGraphs":[],"default":{"data":{"Article":[],"Course":[],"Dataset":[],"FAQPage":[],"Movie":[],"Person":[],"Product":[],"ProductReview":[],"Car":[],"Recipe":[],"Service":[],"SoftwareApplication":[],"WebPage":[]},"graphName":"","isEnabled":true},"graphs":[]},"schema_type":"default","schema_type_options":null,"pillar_content":false,"robots_default":true,"robots_noindex":false,"robots_noarchive":false,"robots_nosnippet":false,"robots_nofollow":false,"robots_noimageindex":false,"robots_noodp":false,"robots_notranslate":false,"robots_max_snippet":null,"robots_max_videopreview":null,"robots_max_imagepreview":"large","priority":null,"frequency":null,"local_seo":null,"breadcrumb_settings":null,"limit_modified_date":false,"ai":null,"created":"2024-09-20 16:27:05","updated":"2025-10-23 22:45:11","seo_analyzer_scan_date":null,"focus_keyword":null,"additional_keywords":null,"truseo_locale":null},"aioseo_breadcrumb":"<div class=\"aioseo-breadcrumbs\"><span class=\"aioseo-breadcrumb\">\n\t\t\t<a href=\"https:\/\/www.immo-invest.ch\/it\/\" title=\"Home\">Home<\/a>\n\t\t<\/span><span class=\"aioseo-breadcrumb-separator\">&raquo;<\/span><span class=\"aioseo-breadcrumb\">\n\t\t\t<a href=\"https:\/\/www.immo-invest.ch\/it\/categoria\/trends-it\/\" title=\"Trends\">Trends<\/a>\n\t\t<\/span><span class=\"aioseo-breadcrumb-separator\">&raquo;<\/span><span class=\"aioseo-breadcrumb\">\n\t\t\t<a href=\"https:\/\/www.immo-invest.ch\/it\/categoria\/trends-it\/sostenibilita\/\" title=\"Sostenibilit\u00e0\">Sostenibilit\u00e0<\/a>\n\t\t<\/span><span class=\"aioseo-breadcrumb-separator\">&raquo;<\/span><span class=\"aioseo-breadcrumb\">\n\t\t\tAccelleron prende l\u2019elettricit\u00e0 dal tetto a Baden\n\t\t<\/span><\/div>","aioseo_breadcrumb_json":[{"label":"Home","link":"https:\/\/www.immo-invest.ch\/it\/"},{"label":"Trends","link":"https:\/\/www.immo-invest.ch\/it\/categoria\/trends-it\/"},{"label":"Sostenibilit\u00e0","link":"https:\/\/www.immo-invest.ch\/it\/categoria\/trends-it\/sostenibilita\/"},{"label":"Accelleron prende l&#8217;elettricit\u00e0 dal tetto a Baden","link":"https:\/\/www.immo-invest.ch\/it\/accelleron-holt-in-baden-strom-vom-dach\/"}],"featured_image_src":"https:\/\/www.immo-invest.ch\/wp-content\/uploads\/2024\/03\/Unbenannt-2-336x168.png","_links":{"self":[{"href":"https:\/\/www.immo-invest.ch\/it\/wp-json\/wp\/v2\/posts\/78778","targetHints":{"allow":["GET"]}}],"collection":[{"href":"https:\/\/www.immo-invest.ch\/it\/wp-json\/wp\/v2\/posts"}],"about":[{"href":"https:\/\/www.immo-invest.ch\/it\/wp-json\/wp\/v2\/types\/post"}],"author":[{"embeddable":true,"href":"https:\/\/www.immo-invest.ch\/it\/wp-json\/wp\/v2\/users\/2"}],"replies":[{"embeddable":true,"href":"https:\/\/www.immo-invest.ch\/it\/wp-json\/wp\/v2\/comments?post=78778"}],"version-history":[{"count":0,"href":"https:\/\/www.immo-invest.ch\/it\/wp-json\/wp\/v2\/posts\/78778\/revisions"}],"wp:featuredmedia":[{"embeddable":true,"href":"https:\/\/www.immo-invest.ch\/it\/wp-json\/wp\/v2\/media\/78757"}],"wp:attachment":[{"href":"https:\/\/www.immo-invest.ch\/it\/wp-json\/wp\/v2\/media?parent=78778"}],"wp:term":[{"taxonomy":"category","embeddable":true,"href":"https:\/\/www.immo-invest.ch\/it\/wp-json\/wp\/v2\/categories?post=78778"},{"taxonomy":"post_tag","embeddable":true,"href":"https:\/\/www.immo-invest.ch\/it\/wp-json\/wp\/v2\/tags?post=78778"}],"curies":[{"name":"wp","href":"https:\/\/api.w.org\/{rel}","templated":true}]}}