{"id":78586,"date":"2024-02-28T14:08:28","date_gmt":"2024-02-28T13:08:28","guid":{"rendered":"https:\/\/www.immo-invest.ch\/kanton-luzern-will-ausbau-von-erneuerbaren-beschleunigen\/"},"modified":"2024-02-28T14:13:53","modified_gmt":"2024-02-28T13:13:53","slug":"kanton-luzern-will-ausbau-von-erneuerbaren-beschleunigen","status":"publish","type":"post","link":"https:\/\/www.immo-invest.ch\/it\/kanton-luzern-will-ausbau-von-erneuerbaren-beschleunigen\/","title":{"rendered":"Il Cantone di Lucerna vuole accelerare l&#8217;espansione delle energie rinnovabili"},"content":{"rendered":"<p class=\"bodytext\">Il Governo cantonale di <a href=\"https:\/\/www.lu.ch\/verwaltung\" target=\"_blank\" rel=\"noopener\">Lucerna<\/a> ha presentato il suo progetto di legge sull&rsquo;espansione della produzione di elettricit&agrave; da energie rinnovabili. L&rsquo;emendamento alla Legge cantonale sull&rsquo;energia prevede un migliore utilizzo delle superfici dei tetti per generare energia solare.<\/p>\n<p class=\"bodytext\">Secondo un <a href=\"https:\/\/news.lu.ch\/html_mail.jsp?id=0&amp;email=news.lu.ch&amp;mailref=000jgj00000ti000000000000bpewu0y\" target=\"_blank\" rel=\"noopener\">comunicato stampa<\/a>, i nuovi edifici non saranno pi&ugrave; tenuti a generare da soli solo una parte dell&rsquo;elettricit&agrave; necessaria, ma dovranno &ldquo;sfruttare adeguatamente&rdquo; il potenziale di generazione di elettricit&agrave; della superficie del tetto. I requisiti di generazione di energia elettrica sono proposti anche per gli edifici esistenti, in quanto questi hanno un &ldquo;immenso potenziale di generazione di energia elettrica&rdquo;.<\/p>\n<p class=\"bodytext\">Questo &egrave; nell&rsquo;interesse di una rapida espansione dell&rsquo;energia rinnovabile prodotta localmente, secondo il Presidente del Distretto Fabian Peter: Questo &ldquo;non solo ci permetter&agrave; di raggiungere i nostri obiettivi climatici, ma aumenter&agrave; anche la nostra sicurezza di approvvigionamento energetico&rdquo;. Dopo tutto, gli impianti fotovoltaici sui tetti del Cantone potrebbero generare un totale di 2,4 terawattora di energia solare. Secondo i dati, si tratta di pi&ugrave; del doppio dell&rsquo;attuale consumo di elettricit&agrave; di tutte le famiglie.<\/p>\n<p class=\"bodytext\">Gli impianti fotovoltaici potranno ora essere installati anche su un altro tetto all&rsquo;interno di un determinato gruppo di edifici, ad esempio su stalle, fienili, edifici commerciali o aree scolastiche. Questa &egrave; la risposta del Consiglio di Governo a una preoccupazione spesso espressa durante la consultazione pubblica. Questa si &egrave; svolta dal 15 dicembre al 6 aprile 2023.<\/p>\n<p class=\"bodytext\">La maggioranza si &egrave; dichiarata d&rsquo;accordo con l&rsquo;orientamento generale, gli obiettivi e i principi della nuova normativa. Questo emendamento alla Legge cantonale sull&rsquo;energia dovrebbe essere all&rsquo;ordine del giorno della prossima sessione di maggio del Consiglio cantonale.<\/p>\n","protected":false},"excerpt":{"rendered":"<p>Der Kanton Luzern will mit der \u00c4nderung des Kantonalen Energiegesetzes das Potenzial von Solaranlagen auf Geb\u00e4uden besser aussch\u00f6pfen. Der Gesetzentwurf sieht bei Neubauten eine angemess\u00adene Ausnutzung der Dachfl\u00e4che vor. Dasselbe gilt bei Dachsanierungen von bestehenden H\u00e4usern.<\/p>\n","protected":false},"author":2,"featured_media":78581,"comment_status":"open","ping_status":"open","sticky":false,"template":"","format":"standard","meta":{"pmpro_default_level":"","inline_featured_image":false,"_monsterinsights_skip_tracking":false,"footnotes":""},"categories":[8750,745,22700],"tags":[40246,2158,867,3935,2006,2125,45036],"class_list":["post-78586","post","type-post","status-publish","format-standard","has-post-thumbnail","hentry","category-energia","category-immonews-it","category-sostenibilita","tag-erneuerbare-energien-it","tag-erneuerbareenergien-it","tag-immoinvest-it","tag-immonews-it","tag-news-it","tag-solarenergie-it","tag-umweltgesetzgebung-it","pmpro-has-access"],"acf":{"bild_mit_ki_erstellt_worden":[],"lead":"Der Kanton Luzern will mit der \u00c4nderung des Kantonalen Energiegesetzes das Potenzial von Solaranlagen auf Geb\u00e4uden besser aussch\u00f6pfen. Der Gesetzentwurf sieht bei Neubauten eine angemess\u00adene Ausnutzung der Dachfl\u00e4che vor. Dasselbe gilt bei Dachsanierungen von bestehenden H\u00e4usern.","autor":"ce\/mm","ort":"Luzern","bildunterschrift":"","bild_im_grid":false,"gallerie":"","newsim":""},"aioseo_notices":[],"aioseo_head":"\n\t\t<!-- All in One SEO 5.0.1.1 - aioseo.com -->\n\t<meta name=\"description\" content=\"Der Kanton Luzern will mit der \u00c4nderung des Kantonalen Energiegesetzes das Potenzial von Solaranlagen auf Geb\u00e4uden besser aussch\u00f6pfen. Der Gesetzentwurf sieht bei Neubauten eine angemess\u00adene Ausnutzung der Dachfl\u00e4che vor. Dasselbe gilt bei Dachsanierungen von bestehenden H\u00e4usern.\" \/>\n\t<meta name=\"robots\" content=\"max-image-preview:large\" \/>\n\t<meta name=\"author\" content=\"immovestuser\"\/>\n\t<meta name=\"google-site-verification\" content=\"fHJKvgWpZCR2zVBHWfkQeFXC11qieUSff0HGNYfuyLA\" \/>\n\t<link rel=\"canonical\" href=\"https:\/\/www.immo-invest.ch\/it\/kanton-luzern-will-ausbau-von-erneuerbaren-beschleunigen\/\" \/>\n\t<meta name=\"generator\" content=\"All in One SEO (AIOSEO) 5.0.1.1\" \/>\n\t\t<meta property=\"og:locale\" content=\"it_IT\" \/>\n\t\t<meta property=\"og:site_name\" content=\"immo!nvest - Die Plattform f\u00fcr Standorte und Immobilien - Die\u00a0Plattform f\u00fcr Standorte und Immobilien\" \/>\n\t\t<meta property=\"og:type\" content=\"article\" \/>\n\t\t<meta property=\"og:title\" content=\"Il Cantone di Lucerna vuole accelerare l\u2019espansione delle energie rinnovabili - immo!nvest - Die Plattform f\u00fcr Standorte und Immobilien\" \/>\n\t\t<meta property=\"og:description\" content=\"Der Kanton Luzern will mit der \u00c4nderung des Kantonalen Energiegesetzes das Potenzial von Solaranlagen auf Geb\u00e4uden besser aussch\u00f6pfen. Der Gesetzentwurf sieht bei Neubauten eine angemess\u00adene Ausnutzung der Dachfl\u00e4che vor. Dasselbe gilt bei Dachsanierungen von bestehenden H\u00e4usern.\" \/>\n\t\t<meta property=\"og:url\" content=\"https:\/\/www.immo-invest.ch\/it\/kanton-luzern-will-ausbau-von-erneuerbaren-beschleunigen\/\" \/>\n\t\t<meta property=\"og:image\" content=\"https:\/\/www.immo-invest.ch\/wp-content\/uploads\/2024\/02\/Unbenannt-26.png\" \/>\n\t\t<meta property=\"og:image:secure_url\" content=\"https:\/\/www.immo-invest.ch\/wp-content\/uploads\/2024\/02\/Unbenannt-26.png\" \/>\n\t\t<meta property=\"og:image:width\" content=\"1024\" \/>\n\t\t<meta property=\"og:image:height\" content=\"1024\" \/>\n\t\t<meta property=\"article:published_time\" content=\"2024-02-28T13:08:28+00:00\" \/>\n\t\t<meta property=\"article:modified_time\" content=\"2024-02-28T13:13:53+00:00\" \/>\n\t\t<meta property=\"article:publisher\" content=\"https:\/\/www.facebook.com\/people\/Immoinvest\/100077962920504\/\" \/>\n\t\t<meta name=\"twitter:card\" content=\"summary_large_image\" \/>\n\t\t<meta name=\"twitter:site\" content=\"@i\" \/>\n\t\t<meta name=\"twitter:title\" content=\"Il Cantone di Lucerna vuole accelerare l\u2019espansione delle energie rinnovabili - immo!nvest - Die Plattform f\u00fcr Standorte und Immobilien\" \/>\n\t\t<meta name=\"twitter:description\" content=\"Der Kanton Luzern will mit der \u00c4nderung des Kantonalen Energiegesetzes das Potenzial von Solaranlagen auf Geb\u00e4uden besser aussch\u00f6pfen. Der Gesetzentwurf sieht bei Neubauten eine angemess\u00adene Ausnutzung der Dachfl\u00e4che vor. Dasselbe gilt bei Dachsanierungen von bestehenden H\u00e4usern.\" \/>\n\t\t<meta name=\"twitter:creator\" content=\"@i\" \/>\n\t\t<meta name=\"twitter:image\" content=\"https:\/\/www.immo-invest.ch\/wp-content\/uploads\/2024\/02\/Unbenannt-26.png\" \/>\n\t\t<script type=\"application\/ld+json\" class=\"aioseo-schema\">\n\t\t\t{\"@context\":\"https:\\\/\\\/schema.org\",\"@graph\":[{\"@type\":\"BlogPosting\",\"@id\":\"https:\\\/\\\/www.immo-invest.ch\\\/it\\\/kanton-luzern-will-ausbau-von-erneuerbaren-beschleunigen\\\/#blogposting\",\"name\":\"Il Cantone di Lucerna vuole accelerare l\\u2019espansione delle energie rinnovabili - immo!nvest - Die Plattform f\\u00fcr Standorte und Immobilien\",\"headline\":\"Il Cantone di Lucerna vuole accelerare l&#8217;espansione delle energie rinnovabili\",\"author\":{\"@id\":\"https:\\\/\\\/www.immo-invest.ch\\\/it\\\/author\\\/immovestuser\\\/#author\"},\"publisher\":{\"@id\":\"https:\\\/\\\/www.immo-invest.ch\\\/it\\\/#organization\"},\"image\":{\"@type\":\"ImageObject\",\"url\":\"https:\\\/\\\/www.immo-invest.ch\\\/wp-content\\\/uploads\\\/2024\\\/02\\\/Unbenannt-26.png\",\"width\":1024,\"height\":1024},\"datePublished\":\"2024-02-28T14:08:28+01:00\",\"dateModified\":\"2024-02-28T14:13:53+01:00\",\"inLanguage\":\"it-IT\",\"mainEntityOfPage\":{\"@id\":\"https:\\\/\\\/www.immo-invest.ch\\\/it\\\/kanton-luzern-will-ausbau-von-erneuerbaren-beschleunigen\\\/#webpage\"},\"isPartOf\":{\"@id\":\"https:\\\/\\\/www.immo-invest.ch\\\/it\\\/kanton-luzern-will-ausbau-von-erneuerbaren-beschleunigen\\\/#webpage\"},\"articleSection\":\"Energia, immoNews, Sostenibilit\\u00e0, Erneuerbare Energien, ErneuerbareEnergien, Immoinvest, immoNews, News, Solarenergie, Umweltgesetzgebung, Optional\"},{\"@type\":\"BreadcrumbList\",\"@id\":\"https:\\\/\\\/www.immo-invest.ch\\\/it\\\/kanton-luzern-will-ausbau-von-erneuerbaren-beschleunigen\\\/#breadcrumblist\",\"itemListElement\":[{\"@type\":\"ListItem\",\"@id\":\"https:\\\/\\\/www.immo-invest.ch\\\/it\\\/#listItem\",\"position\":1,\"name\":\"Home\",\"item\":\"https:\\\/\\\/www.immo-invest.ch\\\/it\\\/\",\"nextItem\":{\"@type\":\"ListItem\",\"@id\":\"https:\\\/\\\/www.immo-invest.ch\\\/it\\\/categoria\\\/trends-it\\\/#listItem\",\"name\":\"Trends\"}},{\"@type\":\"ListItem\",\"@id\":\"https:\\\/\\\/www.immo-invest.ch\\\/it\\\/categoria\\\/trends-it\\\/#listItem\",\"position\":2,\"name\":\"Trends\",\"item\":\"https:\\\/\\\/www.immo-invest.ch\\\/it\\\/categoria\\\/trends-it\\\/\",\"nextItem\":{\"@type\":\"ListItem\",\"@id\":\"https:\\\/\\\/www.immo-invest.ch\\\/it\\\/categoria\\\/trends-it\\\/sostenibilita\\\/#listItem\",\"name\":\"Sostenibilit\\u00e0\"},\"previousItem\":{\"@type\":\"ListItem\",\"@id\":\"https:\\\/\\\/www.immo-invest.ch\\\/it\\\/#listItem\",\"name\":\"Home\"}},{\"@type\":\"ListItem\",\"@id\":\"https:\\\/\\\/www.immo-invest.ch\\\/it\\\/categoria\\\/trends-it\\\/sostenibilita\\\/#listItem\",\"position\":3,\"name\":\"Sostenibilit\\u00e0\",\"item\":\"https:\\\/\\\/www.immo-invest.ch\\\/it\\\/categoria\\\/trends-it\\\/sostenibilita\\\/\",\"nextItem\":{\"@type\":\"ListItem\",\"@id\":\"https:\\\/\\\/www.immo-invest.ch\\\/it\\\/kanton-luzern-will-ausbau-von-erneuerbaren-beschleunigen\\\/#listItem\",\"name\":\"Il Cantone di Lucerna vuole accelerare l&#8217;espansione delle energie rinnovabili\"},\"previousItem\":{\"@type\":\"ListItem\",\"@id\":\"https:\\\/\\\/www.immo-invest.ch\\\/it\\\/categoria\\\/trends-it\\\/#listItem\",\"name\":\"Trends\"}},{\"@type\":\"ListItem\",\"@id\":\"https:\\\/\\\/www.immo-invest.ch\\\/it\\\/kanton-luzern-will-ausbau-von-erneuerbaren-beschleunigen\\\/#listItem\",\"position\":4,\"name\":\"Il Cantone di Lucerna vuole accelerare l&#8217;espansione delle energie rinnovabili\",\"previousItem\":{\"@type\":\"ListItem\",\"@id\":\"https:\\\/\\\/www.immo-invest.ch\\\/it\\\/categoria\\\/trends-it\\\/sostenibilita\\\/#listItem\",\"name\":\"Sostenibilit\\u00e0\"}}]},{\"@type\":\"Organization\",\"@id\":\"https:\\\/\\\/www.immo-invest.ch\\\/it\\\/#organization\",\"name\":\"immo!nvest - Die Plattform f\\u00fcr Standorte und Immobilien\",\"description\":\"Die\\u00a0Plattform f\\u00fcr Standorte und Immobilien\",\"url\":\"https:\\\/\\\/www.immo-invest.ch\\\/it\\\/\",\"email\":\"admin@immomedia.ag\",\"telephone\":\"+41444420002\",\"logo\":{\"@type\":\"ImageObject\",\"url\":\"https:\\\/\\\/www.immo-invest.ch\\\/wp-content\\\/uploads\\\/2024\\\/09\\\/immoinvest_sm-scaled.jpg\",\"@id\":\"https:\\\/\\\/www.immo-invest.ch\\\/it\\\/kanton-luzern-will-ausbau-von-erneuerbaren-beschleunigen\\\/#organizationLogo\",\"width\":2560,\"height\":1340},\"image\":{\"@id\":\"https:\\\/\\\/www.immo-invest.ch\\\/it\\\/kanton-luzern-will-ausbau-von-erneuerbaren-beschleunigen\\\/#organizationLogo\"},\"sameAs\":[\"https:\\\/\\\/www.facebook.com\\\/people\\\/Immoinvest\\\/100077962920504\\\/\",\"https:\\\/\\\/x.com\\\/i\\\/flow\\\/login?redirect_after_login=immoinvest_ch\",\"https:\\\/\\\/www.instagram.com\\\/immoinvest_ch\\\/\",\"https:\\\/\\\/www.linkedin.com\\\/company\\\/immoinvest-swiss\"]},{\"@type\":\"Person\",\"@id\":\"https:\\\/\\\/www.immo-invest.ch\\\/it\\\/author\\\/immovestuser\\\/#author\",\"url\":\"https:\\\/\\\/www.immo-invest.ch\\\/it\\\/author\\\/immovestuser\\\/\",\"name\":\"immovestuser\",\"image\":{\"@type\":\"ImageObject\",\"@id\":\"https:\\\/\\\/www.immo-invest.ch\\\/it\\\/kanton-luzern-will-ausbau-von-erneuerbaren-beschleunigen\\\/#authorImage\",\"url\":\"https:\\\/\\\/secure.gravatar.com\\\/avatar\\\/8e01f4d99f2eeea7a362ebb93305e1172a70e9293ba250f897a65c39f54cdd1e?s=96&d=mm&r=g\",\"width\":96,\"height\":96,\"caption\":\"immovestuser\"}},{\"@type\":\"WebPage\",\"@id\":\"https:\\\/\\\/www.immo-invest.ch\\\/it\\\/kanton-luzern-will-ausbau-von-erneuerbaren-beschleunigen\\\/#webpage\",\"url\":\"https:\\\/\\\/www.immo-invest.ch\\\/it\\\/kanton-luzern-will-ausbau-von-erneuerbaren-beschleunigen\\\/\",\"name\":\"Il Cantone di Lucerna vuole accelerare l\\u2019espansione delle energie rinnovabili - immo!nvest - Die Plattform f\\u00fcr Standorte und Immobilien\",\"description\":\"Der Kanton Luzern will mit der \\u00c4nderung des Kantonalen Energiegesetzes das Potenzial von Solaranlagen auf Geb\\u00e4uden besser aussch\\u00f6pfen. Der Gesetzentwurf sieht bei Neubauten eine angemess\\u00adene Ausnutzung der Dachfl\\u00e4che vor. Dasselbe gilt bei Dachsanierungen von bestehenden H\\u00e4usern.\",\"inLanguage\":\"it-IT\",\"isPartOf\":{\"@id\":\"https:\\\/\\\/www.immo-invest.ch\\\/it\\\/#website\"},\"breadcrumb\":{\"@id\":\"https:\\\/\\\/www.immo-invest.ch\\\/it\\\/kanton-luzern-will-ausbau-von-erneuerbaren-beschleunigen\\\/#breadcrumblist\"},\"author\":{\"@id\":\"https:\\\/\\\/www.immo-invest.ch\\\/it\\\/author\\\/immovestuser\\\/#author\"},\"creator\":{\"@id\":\"https:\\\/\\\/www.immo-invest.ch\\\/it\\\/author\\\/immovestuser\\\/#author\"},\"image\":{\"@type\":\"ImageObject\",\"url\":\"https:\\\/\\\/www.immo-invest.ch\\\/wp-content\\\/uploads\\\/2024\\\/02\\\/Unbenannt-26.png\",\"@id\":\"https:\\\/\\\/www.immo-invest.ch\\\/it\\\/kanton-luzern-will-ausbau-von-erneuerbaren-beschleunigen\\\/#mainImage\",\"width\":1024,\"height\":1024},\"primaryImageOfPage\":{\"@id\":\"https:\\\/\\\/www.immo-invest.ch\\\/it\\\/kanton-luzern-will-ausbau-von-erneuerbaren-beschleunigen\\\/#mainImage\"},\"datePublished\":\"2024-02-28T14:08:28+01:00\",\"dateModified\":\"2024-02-28T14:13:53+01:00\"},{\"@type\":\"WebSite\",\"@id\":\"https:\\\/\\\/www.immo-invest.ch\\\/it\\\/#website\",\"url\":\"https:\\\/\\\/www.immo-invest.ch\\\/it\\\/\",\"name\":\"immo!nvest - Die Plattform f\\u00fcr Standorte und Immobilien\",\"description\":\"Die\\u00a0Plattform f\\u00fcr Standorte und Immobilien\",\"inLanguage\":\"it-IT\",\"publisher\":{\"@id\":\"https:\\\/\\\/www.immo-invest.ch\\\/it\\\/#organization\"}}]}\n\t\t<\/script>\n\t\t<!-- All in One SEO -->\n\n","aioseo_head_json":{"title":"Il Cantone di Lucerna vuole accelerare l\u2019espansione delle energie rinnovabili - immo!nvest - Die Plattform f\u00fcr Standorte und Immobilien","description":"Der Kanton Luzern will mit der \u00c4nderung des Kantonalen Energiegesetzes das Potenzial von Solaranlagen auf Geb\u00e4uden besser aussch\u00f6pfen. Der Gesetzentwurf sieht bei Neubauten eine angemess\u00adene Ausnutzung der Dachfl\u00e4che vor. Dasselbe gilt bei Dachsanierungen von bestehenden H\u00e4usern.","canonical_url":"https:\/\/www.immo-invest.ch\/it\/kanton-luzern-will-ausbau-von-erneuerbaren-beschleunigen\/","robots":"max-image-preview:large","keywords":"","webmasterTools":{"google-site-verification":"fHJKvgWpZCR2zVBHWfkQeFXC11qieUSff0HGNYfuyLA","miscellaneous":""},"schema":{"@context":"https:\/\/schema.org","@graph":[{"@type":"BlogPosting","@id":"https:\/\/www.immo-invest.ch\/it\/kanton-luzern-will-ausbau-von-erneuerbaren-beschleunigen\/#blogposting","name":"Il Cantone di Lucerna vuole accelerare l\u2019espansione delle energie rinnovabili - immo!nvest - Die Plattform f\u00fcr Standorte und Immobilien","headline":"Il Cantone di Lucerna vuole accelerare l&#8217;espansione delle energie rinnovabili","author":{"@id":"https:\/\/www.immo-invest.ch\/it\/author\/immovestuser\/#author"},"publisher":{"@id":"https:\/\/www.immo-invest.ch\/it\/#organization"},"image":{"@type":"ImageObject","url":"https:\/\/www.immo-invest.ch\/wp-content\/uploads\/2024\/02\/Unbenannt-26.png","width":1024,"height":1024},"datePublished":"2024-02-28T14:08:28+01:00","dateModified":"2024-02-28T14:13:53+01:00","inLanguage":"it-IT","mainEntityOfPage":{"@id":"https:\/\/www.immo-invest.ch\/it\/kanton-luzern-will-ausbau-von-erneuerbaren-beschleunigen\/#webpage"},"isPartOf":{"@id":"https:\/\/www.immo-invest.ch\/it\/kanton-luzern-will-ausbau-von-erneuerbaren-beschleunigen\/#webpage"},"articleSection":"Energia, immoNews, Sostenibilit\u00e0, Erneuerbare Energien, ErneuerbareEnergien, Immoinvest, immoNews, News, Solarenergie, Umweltgesetzgebung, Optional"},{"@type":"BreadcrumbList","@id":"https:\/\/www.immo-invest.ch\/it\/kanton-luzern-will-ausbau-von-erneuerbaren-beschleunigen\/#breadcrumblist","itemListElement":[{"@type":"ListItem","@id":"https:\/\/www.immo-invest.ch\/it\/#listItem","position":1,"name":"Home","item":"https:\/\/www.immo-invest.ch\/it\/","nextItem":{"@type":"ListItem","@id":"https:\/\/www.immo-invest.ch\/it\/categoria\/trends-it\/#listItem","name":"Trends"}},{"@type":"ListItem","@id":"https:\/\/www.immo-invest.ch\/it\/categoria\/trends-it\/#listItem","position":2,"name":"Trends","item":"https:\/\/www.immo-invest.ch\/it\/categoria\/trends-it\/","nextItem":{"@type":"ListItem","@id":"https:\/\/www.immo-invest.ch\/it\/categoria\/trends-it\/sostenibilita\/#listItem","name":"Sostenibilit\u00e0"},"previousItem":{"@type":"ListItem","@id":"https:\/\/www.immo-invest.ch\/it\/#listItem","name":"Home"}},{"@type":"ListItem","@id":"https:\/\/www.immo-invest.ch\/it\/categoria\/trends-it\/sostenibilita\/#listItem","position":3,"name":"Sostenibilit\u00e0","item":"https:\/\/www.immo-invest.ch\/it\/categoria\/trends-it\/sostenibilita\/","nextItem":{"@type":"ListItem","@id":"https:\/\/www.immo-invest.ch\/it\/kanton-luzern-will-ausbau-von-erneuerbaren-beschleunigen\/#listItem","name":"Il Cantone di Lucerna vuole accelerare l&#8217;espansione delle energie rinnovabili"},"previousItem":{"@type":"ListItem","@id":"https:\/\/www.immo-invest.ch\/it\/categoria\/trends-it\/#listItem","name":"Trends"}},{"@type":"ListItem","@id":"https:\/\/www.immo-invest.ch\/it\/kanton-luzern-will-ausbau-von-erneuerbaren-beschleunigen\/#listItem","position":4,"name":"Il Cantone di Lucerna vuole accelerare l&#8217;espansione delle energie rinnovabili","previousItem":{"@type":"ListItem","@id":"https:\/\/www.immo-invest.ch\/it\/categoria\/trends-it\/sostenibilita\/#listItem","name":"Sostenibilit\u00e0"}}]},{"@type":"Organization","@id":"https:\/\/www.immo-invest.ch\/it\/#organization","name":"immo!nvest - Die Plattform f\u00fcr Standorte und Immobilien","description":"Die\u00a0Plattform f\u00fcr Standorte und Immobilien","url":"https:\/\/www.immo-invest.ch\/it\/","email":"admin@immomedia.ag","telephone":"+41444420002","logo":{"@type":"ImageObject","url":"https:\/\/www.immo-invest.ch\/wp-content\/uploads\/2024\/09\/immoinvest_sm-scaled.jpg","@id":"https:\/\/www.immo-invest.ch\/it\/kanton-luzern-will-ausbau-von-erneuerbaren-beschleunigen\/#organizationLogo","width":2560,"height":1340},"image":{"@id":"https:\/\/www.immo-invest.ch\/it\/kanton-luzern-will-ausbau-von-erneuerbaren-beschleunigen\/#organizationLogo"},"sameAs":["https:\/\/www.facebook.com\/people\/Immoinvest\/100077962920504\/","https:\/\/x.com\/i\/flow\/login?redirect_after_login=immoinvest_ch","https:\/\/www.instagram.com\/immoinvest_ch\/","https:\/\/www.linkedin.com\/company\/immoinvest-swiss"]},{"@type":"Person","@id":"https:\/\/www.immo-invest.ch\/it\/author\/immovestuser\/#author","url":"https:\/\/www.immo-invest.ch\/it\/author\/immovestuser\/","name":"immovestuser","image":{"@type":"ImageObject","@id":"https:\/\/www.immo-invest.ch\/it\/kanton-luzern-will-ausbau-von-erneuerbaren-beschleunigen\/#authorImage","url":"https:\/\/secure.gravatar.com\/avatar\/8e01f4d99f2eeea7a362ebb93305e1172a70e9293ba250f897a65c39f54cdd1e?s=96&d=mm&r=g","width":96,"height":96,"caption":"immovestuser"}},{"@type":"WebPage","@id":"https:\/\/www.immo-invest.ch\/it\/kanton-luzern-will-ausbau-von-erneuerbaren-beschleunigen\/#webpage","url":"https:\/\/www.immo-invest.ch\/it\/kanton-luzern-will-ausbau-von-erneuerbaren-beschleunigen\/","name":"Il Cantone di Lucerna vuole accelerare l\u2019espansione delle energie rinnovabili - immo!nvest - Die Plattform f\u00fcr Standorte und Immobilien","description":"Der Kanton Luzern will mit der \u00c4nderung des Kantonalen Energiegesetzes das Potenzial von Solaranlagen auf Geb\u00e4uden besser aussch\u00f6pfen. Der Gesetzentwurf sieht bei Neubauten eine angemess\u00adene Ausnutzung der Dachfl\u00e4che vor. Dasselbe gilt bei Dachsanierungen von bestehenden H\u00e4usern.","inLanguage":"it-IT","isPartOf":{"@id":"https:\/\/www.immo-invest.ch\/it\/#website"},"breadcrumb":{"@id":"https:\/\/www.immo-invest.ch\/it\/kanton-luzern-will-ausbau-von-erneuerbaren-beschleunigen\/#breadcrumblist"},"author":{"@id":"https:\/\/www.immo-invest.ch\/it\/author\/immovestuser\/#author"},"creator":{"@id":"https:\/\/www.immo-invest.ch\/it\/author\/immovestuser\/#author"},"image":{"@type":"ImageObject","url":"https:\/\/www.immo-invest.ch\/wp-content\/uploads\/2024\/02\/Unbenannt-26.png","@id":"https:\/\/www.immo-invest.ch\/it\/kanton-luzern-will-ausbau-von-erneuerbaren-beschleunigen\/#mainImage","width":1024,"height":1024},"primaryImageOfPage":{"@id":"https:\/\/www.immo-invest.ch\/it\/kanton-luzern-will-ausbau-von-erneuerbaren-beschleunigen\/#mainImage"},"datePublished":"2024-02-28T14:08:28+01:00","dateModified":"2024-02-28T14:13:53+01:00"},{"@type":"WebSite","@id":"https:\/\/www.immo-invest.ch\/it\/#website","url":"https:\/\/www.immo-invest.ch\/it\/","name":"immo!nvest - Die Plattform f\u00fcr Standorte und Immobilien","description":"Die\u00a0Plattform f\u00fcr Standorte und Immobilien","inLanguage":"it-IT","publisher":{"@id":"https:\/\/www.immo-invest.ch\/it\/#organization"}}]},"og:locale":"it_IT","og:site_name":"immo!nvest - Die Plattform f\u00fcr Standorte und Immobilien - Die\u00a0Plattform f\u00fcr Standorte und Immobilien","og:type":"article","og:title":"Il Cantone di Lucerna vuole accelerare l\u2019espansione delle energie rinnovabili - immo!nvest - Die Plattform f\u00fcr Standorte und Immobilien","og:description":"Der Kanton Luzern will mit der \u00c4nderung des Kantonalen Energiegesetzes das Potenzial von Solaranlagen auf Geb\u00e4uden besser aussch\u00f6pfen. Der Gesetzentwurf sieht bei Neubauten eine angemess\u00adene Ausnutzung der Dachfl\u00e4che vor. Dasselbe gilt bei Dachsanierungen von bestehenden H\u00e4usern.","og:url":"https:\/\/www.immo-invest.ch\/it\/kanton-luzern-will-ausbau-von-erneuerbaren-beschleunigen\/","og:image":"https:\/\/www.immo-invest.ch\/wp-content\/uploads\/2024\/02\/Unbenannt-26.png","og:image:secure_url":"https:\/\/www.immo-invest.ch\/wp-content\/uploads\/2024\/02\/Unbenannt-26.png","og:image:width":1024,"og:image:height":1024,"article:published_time":"2024-02-28T13:08:28+00:00","article:modified_time":"2024-02-28T13:13:53+00:00","article:publisher":"https:\/\/www.facebook.com\/people\/Immoinvest\/100077962920504\/","twitter:card":"summary_large_image","twitter:site":"@i","twitter:title":"Il Cantone di Lucerna vuole accelerare l\u2019espansione delle energie rinnovabili - immo!nvest - Die Plattform f\u00fcr Standorte und Immobilien","twitter:description":"Der Kanton Luzern will mit der \u00c4nderung des Kantonalen Energiegesetzes das Potenzial von Solaranlagen auf Geb\u00e4uden besser aussch\u00f6pfen. Der Gesetzentwurf sieht bei Neubauten eine angemess\u00adene Ausnutzung der Dachfl\u00e4che vor. Dasselbe gilt bei Dachsanierungen von bestehenden H\u00e4usern.","twitter:creator":"@i","twitter:image":"https:\/\/www.immo-invest.ch\/wp-content\/uploads\/2024\/02\/Unbenannt-26.png"},"aioseo_meta_data":{"post_id":"78586","title":null,"description":null,"keywords":null,"keyphrases":null,"primary_term":null,"canonical_url":null,"og_title":null,"og_description":null,"og_object_type":"default","og_image_type":"default","og_image_url":null,"og_image_width":null,"og_image_height":null,"og_image_custom_url":null,"og_image_custom_fields":null,"og_video":null,"og_custom_url":null,"og_article_section":null,"og_article_tags":null,"twitter_use_og":false,"twitter_card":"default","twitter_image_type":"default","twitter_image_url":null,"twitter_image_custom_url":null,"twitter_image_custom_fields":null,"twitter_title":null,"twitter_description":null,"schema":{"blockGraphs":[],"customGraphs":[],"default":{"data":{"Article":[],"Course":[],"Dataset":[],"FAQPage":[],"Movie":[],"Person":[],"Product":[],"ProductReview":[],"Car":[],"Recipe":[],"Service":[],"SoftwareApplication":[],"WebPage":[]},"graphName":"","isEnabled":true},"graphs":[]},"schema_type":"default","schema_type_options":null,"pillar_content":false,"robots_default":true,"robots_noindex":false,"robots_noarchive":false,"robots_nosnippet":false,"robots_nofollow":false,"robots_noimageindex":false,"robots_noodp":false,"robots_notranslate":false,"robots_max_snippet":null,"robots_max_videopreview":null,"robots_max_imagepreview":"large","priority":null,"frequency":null,"local_seo":null,"breadcrumb_settings":null,"limit_modified_date":false,"ai":null,"created":"2024-09-20 16:20:58","updated":"2025-10-23 22:39:12","seo_analyzer_scan_date":null,"focus_keyword":null,"additional_keywords":null,"truseo_locale":null},"aioseo_breadcrumb":"<div class=\"aioseo-breadcrumbs\"><span class=\"aioseo-breadcrumb\">\n\t\t\t<a href=\"https:\/\/www.immo-invest.ch\/it\/\" title=\"Home\">Home<\/a>\n\t\t<\/span><span class=\"aioseo-breadcrumb-separator\">&raquo;<\/span><span class=\"aioseo-breadcrumb\">\n\t\t\t<a href=\"https:\/\/www.immo-invest.ch\/it\/categoria\/trends-it\/\" title=\"Trends\">Trends<\/a>\n\t\t<\/span><span class=\"aioseo-breadcrumb-separator\">&raquo;<\/span><span class=\"aioseo-breadcrumb\">\n\t\t\t<a href=\"https:\/\/www.immo-invest.ch\/it\/categoria\/trends-it\/sostenibilita\/\" title=\"Sostenibilit\u00e0\">Sostenibilit\u00e0<\/a>\n\t\t<\/span><span class=\"aioseo-breadcrumb-separator\">&raquo;<\/span><span class=\"aioseo-breadcrumb\">\n\t\t\tIl Cantone di Lucerna vuole accelerare l\u2019espansione delle energie rinnovabili\n\t\t<\/span><\/div>","aioseo_breadcrumb_json":[{"label":"Home","link":"https:\/\/www.immo-invest.ch\/it\/"},{"label":"Trends","link":"https:\/\/www.immo-invest.ch\/it\/categoria\/trends-it\/"},{"label":"Sostenibilit\u00e0","link":"https:\/\/www.immo-invest.ch\/it\/categoria\/trends-it\/sostenibilita\/"},{"label":"Il Cantone di Lucerna vuole accelerare l&#8217;espansione delle energie rinnovabili","link":"https:\/\/www.immo-invest.ch\/it\/kanton-luzern-will-ausbau-von-erneuerbaren-beschleunigen\/"}],"featured_image_src":"https:\/\/www.immo-invest.ch\/wp-content\/uploads\/2024\/02\/Unbenannt-26-336x168.png","_links":{"self":[{"href":"https:\/\/www.immo-invest.ch\/it\/wp-json\/wp\/v2\/posts\/78586","targetHints":{"allow":["GET"]}}],"collection":[{"href":"https:\/\/www.immo-invest.ch\/it\/wp-json\/wp\/v2\/posts"}],"about":[{"href":"https:\/\/www.immo-invest.ch\/it\/wp-json\/wp\/v2\/types\/post"}],"author":[{"embeddable":true,"href":"https:\/\/www.immo-invest.ch\/it\/wp-json\/wp\/v2\/users\/2"}],"replies":[{"embeddable":true,"href":"https:\/\/www.immo-invest.ch\/it\/wp-json\/wp\/v2\/comments?post=78586"}],"version-history":[{"count":0,"href":"https:\/\/www.immo-invest.ch\/it\/wp-json\/wp\/v2\/posts\/78586\/revisions"}],"wp:featuredmedia":[{"embeddable":true,"href":"https:\/\/www.immo-invest.ch\/it\/wp-json\/wp\/v2\/media\/78581"}],"wp:attachment":[{"href":"https:\/\/www.immo-invest.ch\/it\/wp-json\/wp\/v2\/media?parent=78586"}],"wp:term":[{"taxonomy":"category","embeddable":true,"href":"https:\/\/www.immo-invest.ch\/it\/wp-json\/wp\/v2\/categories?post=78586"},{"taxonomy":"post_tag","embeddable":true,"href":"https:\/\/www.immo-invest.ch\/it\/wp-json\/wp\/v2\/tags?post=78586"}],"curies":[{"name":"wp","href":"https:\/\/api.w.org\/{rel}","templated":true}]}}