{"id":78045,"date":"2024-02-27T09:55:55","date_gmt":"2024-02-27T08:55:55","guid":{"rendered":"https:\/\/www.immo-invest.ch\/gesamtverkehrskonzept-fuer-den-raum-baden-und-umgebung\/"},"modified":"2024-02-27T11:12:36","modified_gmt":"2024-02-27T10:12:36","slug":"gesamtverkehrskonzept-fuer-den-raum-baden-und-umgebung","status":"publish","type":"post","link":"https:\/\/www.immo-invest.ch\/it\/gesamtverkehrskonzept-fuer-den-raum-baden-und-umgebung\/","title":{"rendered":"Concetto generale di trasporto per Baden e dintorni"},"content":{"rendered":"<p class=\"wp-block-paragraph\">Nell&rsquo;ambito dell&rsquo;ambizioso concetto generale di trasporto per l&rsquo;area di Baden, dieci Comuni partecipanti hanno compiuto un passo decisivo. Questi obiettivi, rivolti all&rsquo;anno 2040, mirano a rendere la mobilit&agrave; nell&rsquo;area di Baden pi&ugrave; efficiente, ecologica e sostenibile. I punti chiave includono la promozione della mobilit&agrave; che risparmia il territorio, la creazione di condizioni attraenti per il trasporto lavorativo e scolastico e la garanzia di un&rsquo;accessibilit&agrave; stabile per il traffico automobilistico. I piani sostengono anche lo sviluppo residenziale in aree ben servite dal trasporto pubblico.<\/p>\n\n\n\n<p class=\"wp-block-paragraph\">Un&rsquo;attenzione particolare &egrave; rivolta al traffico di transito pesante, per il quale sono stati aggiunti criteri di successo specifici al fine di proteggere le aree residenziali. Questo fa seguito a una richiesta del Comune di Obersiggenthal, che vuole evitare un aumento del traffico di transito pesante.<\/p>\n\n\n\n<p class=\"wp-block-paragraph\">Con il completamento delle prime due fasi di pianificazione, la delega delle autorit&agrave; ha creato una solida base per la successiva pianificazione specializzata. Infine, l&rsquo;obiettivo del Cantone di Argovia &egrave; quello di sviluppare un programma di mobilit&agrave; lungimirante e integrato in collaborazione con gli stakeholder locali. I risultati della pianificazione GVK devono essere incorporati nel piano strutturale cantonale entro il 2025, al fine di definire per tempo la rotta per le future esigenze di mobilit&agrave;.<\/p>\n","protected":false},"excerpt":{"rendered":"<p>Lo sviluppo del concetto generale di trasporto (GVK) per la regione di Baden e i comuni limitrofi sta prendendo forma: una valutazione completa della situazione e la definizione degli obiettivi segnano un progresso significativo nella pianificazione del trasporto regionale.<\/p>\n","protected":false},"author":2,"featured_media":77944,"comment_status":"open","ping_status":"open","sticky":false,"template":"","format":"standard","meta":{"pmpro_default_level":"0","inline_featured_image":false,"_monsterinsights_skip_tracking":false,"footnotes":""},"categories":[22704],"tags":[16983,6928,2411,44996,44998,1133],"class_list":["post-78045","post","type-post","status-publish","format-standard","has-post-thumbnail","hentry","category-mobilita","tag-behoerden-it","tag-gesamtverkehrskonzept-it","tag-mobilitaet-it","tag-mobilitaetsangebot-it","tag-planungsschritte-it","tag-verkehr-it","pmpro-has-access"],"acf":{"bild_mit_ki_erstellt_worden":[],"lead":"Lo sviluppo del concetto generale di trasporto (GVK) per la regione di Baden e i comuni limitrofi sta prendendo forma: una valutazione completa della situazione e la definizione degli obiettivi segnano un progresso significativo nella pianificazione del trasporto regionale.","autor":"Quelle: AG, Bild: badenertagblatt.ch","ort":"","bildunterschrift":"","bild_im_grid":false,"gallerie":"","newsim":""},"aioseo_notices":[],"aioseo_head":"\n\t\t<!-- All in One SEO 5.0.1.1 - aioseo.com -->\n\t<meta name=\"description\" content=\"Lo sviluppo del concetto generale di trasporto (GVK) per la regione di Baden e i comuni limitrofi sta prendendo forma: una valutazione completa della situazione e la definizione degli obiettivi segnano un progresso significativo nella pianificazione del trasporto regionale.\" \/>\n\t<meta name=\"robots\" content=\"max-image-preview:large\" \/>\n\t<meta name=\"author\" content=\"immovestuser\"\/>\n\t<meta name=\"google-site-verification\" content=\"fHJKvgWpZCR2zVBHWfkQeFXC11qieUSff0HGNYfuyLA\" \/>\n\t<link rel=\"canonical\" href=\"https:\/\/www.immo-invest.ch\/it\/gesamtverkehrskonzept-fuer-den-raum-baden-und-umgebung\/\" \/>\n\t<meta name=\"generator\" content=\"All in One SEO (AIOSEO) 5.0.1.1\" \/>\n\t\t<meta property=\"og:locale\" content=\"it_IT\" \/>\n\t\t<meta property=\"og:site_name\" content=\"immo!nvest - Die Plattform f\u00fcr Standorte und Immobilien - Die\u00a0Plattform f\u00fcr Standorte und Immobilien\" \/>\n\t\t<meta property=\"og:type\" content=\"article\" \/>\n\t\t<meta property=\"og:title\" content=\"Concetto generale di trasporto per Baden e dintorni - immo!nvest - Die Plattform f\u00fcr Standorte und Immobilien\" \/>\n\t\t<meta property=\"og:description\" content=\"Lo sviluppo del concetto generale di trasporto (GVK) per la regione di Baden e i comuni limitrofi sta prendendo forma: una valutazione completa della situazione e la definizione degli obiettivi segnano un progresso significativo nella pianificazione del trasporto regionale.\" \/>\n\t\t<meta property=\"og:url\" content=\"https:\/\/www.immo-invest.ch\/it\/gesamtverkehrskonzept-fuer-den-raum-baden-und-umgebung\/\" \/>\n\t\t<meta property=\"og:image\" content=\"https:\/\/www.immo-invest.ch\/wp-content\/uploads\/2024\/02\/2024-02-27-09_52_57-Radarfalle-Nach-herber-Schlappe-im-Blitzer-Streit_-Stadtrat-Baden-prueft-rechtl.png\" \/>\n\t\t<meta property=\"og:image:secure_url\" content=\"https:\/\/www.immo-invest.ch\/wp-content\/uploads\/2024\/02\/2024-02-27-09_52_57-Radarfalle-Nach-herber-Schlappe-im-Blitzer-Streit_-Stadtrat-Baden-prueft-rechtl.png\" \/>\n\t\t<meta property=\"og:image:width\" content=\"1916\" \/>\n\t\t<meta property=\"og:image:height\" content=\"1079\" \/>\n\t\t<meta property=\"article:published_time\" content=\"2024-02-27T08:55:55+00:00\" \/>\n\t\t<meta property=\"article:modified_time\" content=\"2024-02-27T10:12:36+00:00\" \/>\n\t\t<meta property=\"article:publisher\" content=\"https:\/\/www.facebook.com\/people\/Immoinvest\/100077962920504\/\" \/>\n\t\t<meta name=\"twitter:card\" content=\"summary_large_image\" \/>\n\t\t<meta name=\"twitter:site\" content=\"@i\" \/>\n\t\t<meta name=\"twitter:title\" content=\"Concetto generale di trasporto per Baden e dintorni - immo!nvest - Die Plattform f\u00fcr Standorte und Immobilien\" \/>\n\t\t<meta name=\"twitter:description\" content=\"Lo sviluppo del concetto generale di trasporto (GVK) per la regione di Baden e i comuni limitrofi sta prendendo forma: una valutazione completa della situazione e la definizione degli obiettivi segnano un progresso significativo nella pianificazione del trasporto regionale.\" \/>\n\t\t<meta name=\"twitter:creator\" content=\"@i\" \/>\n\t\t<meta name=\"twitter:image\" content=\"https:\/\/www.immo-invest.ch\/wp-content\/uploads\/2024\/02\/2024-02-27-09_52_57-Radarfalle-Nach-herber-Schlappe-im-Blitzer-Streit_-Stadtrat-Baden-prueft-rechtl.png\" \/>\n\t\t<script type=\"application\/ld+json\" class=\"aioseo-schema\">\n\t\t\t{\"@context\":\"https:\\\/\\\/schema.org\",\"@graph\":[{\"@type\":\"BlogPosting\",\"@id\":\"https:\\\/\\\/www.immo-invest.ch\\\/it\\\/gesamtverkehrskonzept-fuer-den-raum-baden-und-umgebung\\\/#blogposting\",\"name\":\"Concetto generale di trasporto per Baden e dintorni - immo!nvest - Die Plattform f\\u00fcr Standorte und Immobilien\",\"headline\":\"Concetto generale di trasporto per Baden e dintorni\",\"author\":{\"@id\":\"https:\\\/\\\/www.immo-invest.ch\\\/it\\\/author\\\/immovestuser\\\/#author\"},\"publisher\":{\"@id\":\"https:\\\/\\\/www.immo-invest.ch\\\/it\\\/#organization\"},\"image\":{\"@type\":\"ImageObject\",\"url\":\"https:\\\/\\\/www.immo-invest.ch\\\/wp-content\\\/uploads\\\/2024\\\/02\\\/2024-02-27-09_52_57-Radarfalle-Nach-herber-Schlappe-im-Blitzer-Streit_-Stadtrat-Baden-prueft-rechtl.png\",\"width\":1916,\"height\":1079},\"datePublished\":\"2024-02-27T09:55:55+01:00\",\"dateModified\":\"2024-02-27T11:12:36+01:00\",\"inLanguage\":\"it-IT\",\"mainEntityOfPage\":{\"@id\":\"https:\\\/\\\/www.immo-invest.ch\\\/it\\\/gesamtverkehrskonzept-fuer-den-raum-baden-und-umgebung\\\/#webpage\"},\"isPartOf\":{\"@id\":\"https:\\\/\\\/www.immo-invest.ch\\\/it\\\/gesamtverkehrskonzept-fuer-den-raum-baden-und-umgebung\\\/#webpage\"},\"articleSection\":\"Mobilit\\u00e0, Beh\\u00f6rden, Gesamtverkehrskonzept, Mobilit\\u00e4t, Mobilit\\u00e4tsangebot, planungsschritte, Verkehr, Optional\"},{\"@type\":\"BreadcrumbList\",\"@id\":\"https:\\\/\\\/www.immo-invest.ch\\\/it\\\/gesamtverkehrskonzept-fuer-den-raum-baden-und-umgebung\\\/#breadcrumblist\",\"itemListElement\":[{\"@type\":\"ListItem\",\"@id\":\"https:\\\/\\\/www.immo-invest.ch\\\/it\\\/#listItem\",\"position\":1,\"name\":\"Home\",\"item\":\"https:\\\/\\\/www.immo-invest.ch\\\/it\\\/\",\"nextItem\":{\"@type\":\"ListItem\",\"@id\":\"https:\\\/\\\/www.immo-invest.ch\\\/it\\\/categoria\\\/trends-it\\\/#listItem\",\"name\":\"Trends\"}},{\"@type\":\"ListItem\",\"@id\":\"https:\\\/\\\/www.immo-invest.ch\\\/it\\\/categoria\\\/trends-it\\\/#listItem\",\"position\":2,\"name\":\"Trends\",\"item\":\"https:\\\/\\\/www.immo-invest.ch\\\/it\\\/categoria\\\/trends-it\\\/\",\"nextItem\":{\"@type\":\"ListItem\",\"@id\":\"https:\\\/\\\/www.immo-invest.ch\\\/it\\\/categoria\\\/trends-it\\\/mobilita\\\/#listItem\",\"name\":\"Mobilit\\u00e0\"},\"previousItem\":{\"@type\":\"ListItem\",\"@id\":\"https:\\\/\\\/www.immo-invest.ch\\\/it\\\/#listItem\",\"name\":\"Home\"}},{\"@type\":\"ListItem\",\"@id\":\"https:\\\/\\\/www.immo-invest.ch\\\/it\\\/categoria\\\/trends-it\\\/mobilita\\\/#listItem\",\"position\":3,\"name\":\"Mobilit\\u00e0\",\"item\":\"https:\\\/\\\/www.immo-invest.ch\\\/it\\\/categoria\\\/trends-it\\\/mobilita\\\/\",\"nextItem\":{\"@type\":\"ListItem\",\"@id\":\"https:\\\/\\\/www.immo-invest.ch\\\/it\\\/gesamtverkehrskonzept-fuer-den-raum-baden-und-umgebung\\\/#listItem\",\"name\":\"Concetto generale di trasporto per Baden e dintorni\"},\"previousItem\":{\"@type\":\"ListItem\",\"@id\":\"https:\\\/\\\/www.immo-invest.ch\\\/it\\\/categoria\\\/trends-it\\\/#listItem\",\"name\":\"Trends\"}},{\"@type\":\"ListItem\",\"@id\":\"https:\\\/\\\/www.immo-invest.ch\\\/it\\\/gesamtverkehrskonzept-fuer-den-raum-baden-und-umgebung\\\/#listItem\",\"position\":4,\"name\":\"Concetto generale di trasporto per Baden e dintorni\",\"previousItem\":{\"@type\":\"ListItem\",\"@id\":\"https:\\\/\\\/www.immo-invest.ch\\\/it\\\/categoria\\\/trends-it\\\/mobilita\\\/#listItem\",\"name\":\"Mobilit\\u00e0\"}}]},{\"@type\":\"Organization\",\"@id\":\"https:\\\/\\\/www.immo-invest.ch\\\/it\\\/#organization\",\"name\":\"immo!nvest - Die Plattform f\\u00fcr Standorte und Immobilien\",\"description\":\"Die\\u00a0Plattform f\\u00fcr Standorte und Immobilien\",\"url\":\"https:\\\/\\\/www.immo-invest.ch\\\/it\\\/\",\"email\":\"admin@immomedia.ag\",\"telephone\":\"+41444420002\",\"logo\":{\"@type\":\"ImageObject\",\"url\":\"https:\\\/\\\/www.immo-invest.ch\\\/wp-content\\\/uploads\\\/2024\\\/09\\\/immoinvest_sm-scaled.jpg\",\"@id\":\"https:\\\/\\\/www.immo-invest.ch\\\/it\\\/gesamtverkehrskonzept-fuer-den-raum-baden-und-umgebung\\\/#organizationLogo\",\"width\":2560,\"height\":1340},\"image\":{\"@id\":\"https:\\\/\\\/www.immo-invest.ch\\\/it\\\/gesamtverkehrskonzept-fuer-den-raum-baden-und-umgebung\\\/#organizationLogo\"},\"sameAs\":[\"https:\\\/\\\/www.facebook.com\\\/people\\\/Immoinvest\\\/100077962920504\\\/\",\"https:\\\/\\\/x.com\\\/i\\\/flow\\\/login?redirect_after_login=immoinvest_ch\",\"https:\\\/\\\/www.instagram.com\\\/immoinvest_ch\\\/\",\"https:\\\/\\\/www.linkedin.com\\\/company\\\/immoinvest-swiss\"]},{\"@type\":\"Person\",\"@id\":\"https:\\\/\\\/www.immo-invest.ch\\\/it\\\/author\\\/immovestuser\\\/#author\",\"url\":\"https:\\\/\\\/www.immo-invest.ch\\\/it\\\/author\\\/immovestuser\\\/\",\"name\":\"immovestuser\",\"image\":{\"@type\":\"ImageObject\",\"@id\":\"https:\\\/\\\/www.immo-invest.ch\\\/it\\\/gesamtverkehrskonzept-fuer-den-raum-baden-und-umgebung\\\/#authorImage\",\"url\":\"https:\\\/\\\/secure.gravatar.com\\\/avatar\\\/8e01f4d99f2eeea7a362ebb93305e1172a70e9293ba250f897a65c39f54cdd1e?s=96&d=mm&r=g\",\"width\":96,\"height\":96,\"caption\":\"immovestuser\"}},{\"@type\":\"WebPage\",\"@id\":\"https:\\\/\\\/www.immo-invest.ch\\\/it\\\/gesamtverkehrskonzept-fuer-den-raum-baden-und-umgebung\\\/#webpage\",\"url\":\"https:\\\/\\\/www.immo-invest.ch\\\/it\\\/gesamtverkehrskonzept-fuer-den-raum-baden-und-umgebung\\\/\",\"name\":\"Concetto generale di trasporto per Baden e dintorni - immo!nvest - Die Plattform f\\u00fcr Standorte und Immobilien\",\"description\":\"Lo sviluppo del concetto generale di trasporto (GVK) per la regione di Baden e i comuni limitrofi sta prendendo forma: una valutazione completa della situazione e la definizione degli obiettivi segnano un progresso significativo nella pianificazione del trasporto regionale.\",\"inLanguage\":\"it-IT\",\"isPartOf\":{\"@id\":\"https:\\\/\\\/www.immo-invest.ch\\\/it\\\/#website\"},\"breadcrumb\":{\"@id\":\"https:\\\/\\\/www.immo-invest.ch\\\/it\\\/gesamtverkehrskonzept-fuer-den-raum-baden-und-umgebung\\\/#breadcrumblist\"},\"author\":{\"@id\":\"https:\\\/\\\/www.immo-invest.ch\\\/it\\\/author\\\/immovestuser\\\/#author\"},\"creator\":{\"@id\":\"https:\\\/\\\/www.immo-invest.ch\\\/it\\\/author\\\/immovestuser\\\/#author\"},\"image\":{\"@type\":\"ImageObject\",\"url\":\"https:\\\/\\\/www.immo-invest.ch\\\/wp-content\\\/uploads\\\/2024\\\/02\\\/2024-02-27-09_52_57-Radarfalle-Nach-herber-Schlappe-im-Blitzer-Streit_-Stadtrat-Baden-prueft-rechtl.png\",\"@id\":\"https:\\\/\\\/www.immo-invest.ch\\\/it\\\/gesamtverkehrskonzept-fuer-den-raum-baden-und-umgebung\\\/#mainImage\",\"width\":1916,\"height\":1079},\"primaryImageOfPage\":{\"@id\":\"https:\\\/\\\/www.immo-invest.ch\\\/it\\\/gesamtverkehrskonzept-fuer-den-raum-baden-und-umgebung\\\/#mainImage\"},\"datePublished\":\"2024-02-27T09:55:55+01:00\",\"dateModified\":\"2024-02-27T11:12:36+01:00\"},{\"@type\":\"WebSite\",\"@id\":\"https:\\\/\\\/www.immo-invest.ch\\\/it\\\/#website\",\"url\":\"https:\\\/\\\/www.immo-invest.ch\\\/it\\\/\",\"name\":\"immo!nvest - Die Plattform f\\u00fcr Standorte und Immobilien\",\"description\":\"Die\\u00a0Plattform f\\u00fcr Standorte und Immobilien\",\"inLanguage\":\"it-IT\",\"publisher\":{\"@id\":\"https:\\\/\\\/www.immo-invest.ch\\\/it\\\/#organization\"}}]}\n\t\t<\/script>\n\t\t<!-- All in One SEO -->\n\n","aioseo_head_json":{"title":"Concetto generale di trasporto per Baden e dintorni - immo!nvest - Die Plattform f\u00fcr Standorte und Immobilien","description":"Lo sviluppo del concetto generale di trasporto (GVK) per la regione di Baden e i comuni limitrofi sta prendendo forma: una valutazione completa della situazione e la definizione degli obiettivi segnano un progresso significativo nella pianificazione del trasporto regionale.","canonical_url":"https:\/\/www.immo-invest.ch\/it\/gesamtverkehrskonzept-fuer-den-raum-baden-und-umgebung\/","robots":"max-image-preview:large","keywords":"","webmasterTools":{"google-site-verification":"fHJKvgWpZCR2zVBHWfkQeFXC11qieUSff0HGNYfuyLA","miscellaneous":""},"schema":{"@context":"https:\/\/schema.org","@graph":[{"@type":"BlogPosting","@id":"https:\/\/www.immo-invest.ch\/it\/gesamtverkehrskonzept-fuer-den-raum-baden-und-umgebung\/#blogposting","name":"Concetto generale di trasporto per Baden e dintorni - immo!nvest - Die Plattform f\u00fcr Standorte und Immobilien","headline":"Concetto generale di trasporto per Baden e dintorni","author":{"@id":"https:\/\/www.immo-invest.ch\/it\/author\/immovestuser\/#author"},"publisher":{"@id":"https:\/\/www.immo-invest.ch\/it\/#organization"},"image":{"@type":"ImageObject","url":"https:\/\/www.immo-invest.ch\/wp-content\/uploads\/2024\/02\/2024-02-27-09_52_57-Radarfalle-Nach-herber-Schlappe-im-Blitzer-Streit_-Stadtrat-Baden-prueft-rechtl.png","width":1916,"height":1079},"datePublished":"2024-02-27T09:55:55+01:00","dateModified":"2024-02-27T11:12:36+01:00","inLanguage":"it-IT","mainEntityOfPage":{"@id":"https:\/\/www.immo-invest.ch\/it\/gesamtverkehrskonzept-fuer-den-raum-baden-und-umgebung\/#webpage"},"isPartOf":{"@id":"https:\/\/www.immo-invest.ch\/it\/gesamtverkehrskonzept-fuer-den-raum-baden-und-umgebung\/#webpage"},"articleSection":"Mobilit\u00e0, Beh\u00f6rden, Gesamtverkehrskonzept, Mobilit\u00e4t, Mobilit\u00e4tsangebot, planungsschritte, Verkehr, Optional"},{"@type":"BreadcrumbList","@id":"https:\/\/www.immo-invest.ch\/it\/gesamtverkehrskonzept-fuer-den-raum-baden-und-umgebung\/#breadcrumblist","itemListElement":[{"@type":"ListItem","@id":"https:\/\/www.immo-invest.ch\/it\/#listItem","position":1,"name":"Home","item":"https:\/\/www.immo-invest.ch\/it\/","nextItem":{"@type":"ListItem","@id":"https:\/\/www.immo-invest.ch\/it\/categoria\/trends-it\/#listItem","name":"Trends"}},{"@type":"ListItem","@id":"https:\/\/www.immo-invest.ch\/it\/categoria\/trends-it\/#listItem","position":2,"name":"Trends","item":"https:\/\/www.immo-invest.ch\/it\/categoria\/trends-it\/","nextItem":{"@type":"ListItem","@id":"https:\/\/www.immo-invest.ch\/it\/categoria\/trends-it\/mobilita\/#listItem","name":"Mobilit\u00e0"},"previousItem":{"@type":"ListItem","@id":"https:\/\/www.immo-invest.ch\/it\/#listItem","name":"Home"}},{"@type":"ListItem","@id":"https:\/\/www.immo-invest.ch\/it\/categoria\/trends-it\/mobilita\/#listItem","position":3,"name":"Mobilit\u00e0","item":"https:\/\/www.immo-invest.ch\/it\/categoria\/trends-it\/mobilita\/","nextItem":{"@type":"ListItem","@id":"https:\/\/www.immo-invest.ch\/it\/gesamtverkehrskonzept-fuer-den-raum-baden-und-umgebung\/#listItem","name":"Concetto generale di trasporto per Baden e dintorni"},"previousItem":{"@type":"ListItem","@id":"https:\/\/www.immo-invest.ch\/it\/categoria\/trends-it\/#listItem","name":"Trends"}},{"@type":"ListItem","@id":"https:\/\/www.immo-invest.ch\/it\/gesamtverkehrskonzept-fuer-den-raum-baden-und-umgebung\/#listItem","position":4,"name":"Concetto generale di trasporto per Baden e dintorni","previousItem":{"@type":"ListItem","@id":"https:\/\/www.immo-invest.ch\/it\/categoria\/trends-it\/mobilita\/#listItem","name":"Mobilit\u00e0"}}]},{"@type":"Organization","@id":"https:\/\/www.immo-invest.ch\/it\/#organization","name":"immo!nvest - Die Plattform f\u00fcr Standorte und Immobilien","description":"Die\u00a0Plattform f\u00fcr Standorte und Immobilien","url":"https:\/\/www.immo-invest.ch\/it\/","email":"admin@immomedia.ag","telephone":"+41444420002","logo":{"@type":"ImageObject","url":"https:\/\/www.immo-invest.ch\/wp-content\/uploads\/2024\/09\/immoinvest_sm-scaled.jpg","@id":"https:\/\/www.immo-invest.ch\/it\/gesamtverkehrskonzept-fuer-den-raum-baden-und-umgebung\/#organizationLogo","width":2560,"height":1340},"image":{"@id":"https:\/\/www.immo-invest.ch\/it\/gesamtverkehrskonzept-fuer-den-raum-baden-und-umgebung\/#organizationLogo"},"sameAs":["https:\/\/www.facebook.com\/people\/Immoinvest\/100077962920504\/","https:\/\/x.com\/i\/flow\/login?redirect_after_login=immoinvest_ch","https:\/\/www.instagram.com\/immoinvest_ch\/","https:\/\/www.linkedin.com\/company\/immoinvest-swiss"]},{"@type":"Person","@id":"https:\/\/www.immo-invest.ch\/it\/author\/immovestuser\/#author","url":"https:\/\/www.immo-invest.ch\/it\/author\/immovestuser\/","name":"immovestuser","image":{"@type":"ImageObject","@id":"https:\/\/www.immo-invest.ch\/it\/gesamtverkehrskonzept-fuer-den-raum-baden-und-umgebung\/#authorImage","url":"https:\/\/secure.gravatar.com\/avatar\/8e01f4d99f2eeea7a362ebb93305e1172a70e9293ba250f897a65c39f54cdd1e?s=96&d=mm&r=g","width":96,"height":96,"caption":"immovestuser"}},{"@type":"WebPage","@id":"https:\/\/www.immo-invest.ch\/it\/gesamtverkehrskonzept-fuer-den-raum-baden-und-umgebung\/#webpage","url":"https:\/\/www.immo-invest.ch\/it\/gesamtverkehrskonzept-fuer-den-raum-baden-und-umgebung\/","name":"Concetto generale di trasporto per Baden e dintorni - immo!nvest - Die Plattform f\u00fcr Standorte und Immobilien","description":"Lo sviluppo del concetto generale di trasporto (GVK) per la regione di Baden e i comuni limitrofi sta prendendo forma: una valutazione completa della situazione e la definizione degli obiettivi segnano un progresso significativo nella pianificazione del trasporto regionale.","inLanguage":"it-IT","isPartOf":{"@id":"https:\/\/www.immo-invest.ch\/it\/#website"},"breadcrumb":{"@id":"https:\/\/www.immo-invest.ch\/it\/gesamtverkehrskonzept-fuer-den-raum-baden-und-umgebung\/#breadcrumblist"},"author":{"@id":"https:\/\/www.immo-invest.ch\/it\/author\/immovestuser\/#author"},"creator":{"@id":"https:\/\/www.immo-invest.ch\/it\/author\/immovestuser\/#author"},"image":{"@type":"ImageObject","url":"https:\/\/www.immo-invest.ch\/wp-content\/uploads\/2024\/02\/2024-02-27-09_52_57-Radarfalle-Nach-herber-Schlappe-im-Blitzer-Streit_-Stadtrat-Baden-prueft-rechtl.png","@id":"https:\/\/www.immo-invest.ch\/it\/gesamtverkehrskonzept-fuer-den-raum-baden-und-umgebung\/#mainImage","width":1916,"height":1079},"primaryImageOfPage":{"@id":"https:\/\/www.immo-invest.ch\/it\/gesamtverkehrskonzept-fuer-den-raum-baden-und-umgebung\/#mainImage"},"datePublished":"2024-02-27T09:55:55+01:00","dateModified":"2024-02-27T11:12:36+01:00"},{"@type":"WebSite","@id":"https:\/\/www.immo-invest.ch\/it\/#website","url":"https:\/\/www.immo-invest.ch\/it\/","name":"immo!nvest - Die Plattform f\u00fcr Standorte und Immobilien","description":"Die\u00a0Plattform f\u00fcr Standorte und Immobilien","inLanguage":"it-IT","publisher":{"@id":"https:\/\/www.immo-invest.ch\/it\/#organization"}}]},"og:locale":"it_IT","og:site_name":"immo!nvest - Die Plattform f\u00fcr Standorte und Immobilien - Die\u00a0Plattform f\u00fcr Standorte und Immobilien","og:type":"article","og:title":"Concetto generale di trasporto per Baden e dintorni - immo!nvest - Die Plattform f\u00fcr Standorte und Immobilien","og:description":"Lo sviluppo del concetto generale di trasporto (GVK) per la regione di Baden e i comuni limitrofi sta prendendo forma: una valutazione completa della situazione e la definizione degli obiettivi segnano un progresso significativo nella pianificazione del trasporto regionale.","og:url":"https:\/\/www.immo-invest.ch\/it\/gesamtverkehrskonzept-fuer-den-raum-baden-und-umgebung\/","og:image":"https:\/\/www.immo-invest.ch\/wp-content\/uploads\/2024\/02\/2024-02-27-09_52_57-Radarfalle-Nach-herber-Schlappe-im-Blitzer-Streit_-Stadtrat-Baden-prueft-rechtl.png","og:image:secure_url":"https:\/\/www.immo-invest.ch\/wp-content\/uploads\/2024\/02\/2024-02-27-09_52_57-Radarfalle-Nach-herber-Schlappe-im-Blitzer-Streit_-Stadtrat-Baden-prueft-rechtl.png","og:image:width":1916,"og:image:height":1079,"article:published_time":"2024-02-27T08:55:55+00:00","article:modified_time":"2024-02-27T10:12:36+00:00","article:publisher":"https:\/\/www.facebook.com\/people\/Immoinvest\/100077962920504\/","twitter:card":"summary_large_image","twitter:site":"@i","twitter:title":"Concetto generale di trasporto per Baden e dintorni - immo!nvest - Die Plattform f\u00fcr Standorte und Immobilien","twitter:description":"Lo sviluppo del concetto generale di trasporto (GVK) per la regione di Baden e i comuni limitrofi sta prendendo forma: una valutazione completa della situazione e la definizione degli obiettivi segnano un progresso significativo nella pianificazione del trasporto regionale.","twitter:creator":"@i","twitter:image":"https:\/\/www.immo-invest.ch\/wp-content\/uploads\/2024\/02\/2024-02-27-09_52_57-Radarfalle-Nach-herber-Schlappe-im-Blitzer-Streit_-Stadtrat-Baden-prueft-rechtl.png"},"aioseo_meta_data":{"post_id":"78045","title":null,"description":null,"keywords":null,"keyphrases":null,"primary_term":null,"canonical_url":null,"og_title":null,"og_description":null,"og_object_type":"default","og_image_type":"default","og_image_url":null,"og_image_width":null,"og_image_height":null,"og_image_custom_url":null,"og_image_custom_fields":null,"og_video":null,"og_custom_url":null,"og_article_section":null,"og_article_tags":null,"twitter_use_og":false,"twitter_card":"default","twitter_image_type":"default","twitter_image_url":null,"twitter_image_custom_url":null,"twitter_image_custom_fields":null,"twitter_title":null,"twitter_description":null,"schema":{"blockGraphs":[],"customGraphs":[],"default":{"data":{"Article":[],"Course":[],"Dataset":[],"FAQPage":[],"Movie":[],"Person":[],"Product":[],"ProductReview":[],"Car":[],"Recipe":[],"Service":[],"SoftwareApplication":[],"WebPage":[]},"graphName":"","isEnabled":true},"graphs":[]},"schema_type":"default","schema_type_options":null,"pillar_content":false,"robots_default":true,"robots_noindex":false,"robots_noarchive":false,"robots_nosnippet":false,"robots_nofollow":false,"robots_noimageindex":false,"robots_noodp":false,"robots_notranslate":false,"robots_max_snippet":null,"robots_max_videopreview":null,"robots_max_imagepreview":"large","priority":null,"frequency":null,"local_seo":null,"breadcrumb_settings":null,"limit_modified_date":false,"ai":null,"created":"2024-09-20 16:14:58","updated":"2025-10-23 22:33:12","seo_analyzer_scan_date":null,"focus_keyword":null,"additional_keywords":null,"truseo_locale":null},"aioseo_breadcrumb":"<div class=\"aioseo-breadcrumbs\"><span class=\"aioseo-breadcrumb\">\n\t\t\t<a href=\"https:\/\/www.immo-invest.ch\/it\/\" title=\"Home\">Home<\/a>\n\t\t<\/span><span class=\"aioseo-breadcrumb-separator\">&raquo;<\/span><span class=\"aioseo-breadcrumb\">\n\t\t\t<a href=\"https:\/\/www.immo-invest.ch\/it\/categoria\/trends-it\/\" title=\"Trends\">Trends<\/a>\n\t\t<\/span><span class=\"aioseo-breadcrumb-separator\">&raquo;<\/span><span class=\"aioseo-breadcrumb\">\n\t\t\t<a href=\"https:\/\/www.immo-invest.ch\/it\/categoria\/trends-it\/mobilita\/\" title=\"Mobilit\u00e0\">Mobilit\u00e0<\/a>\n\t\t<\/span><span class=\"aioseo-breadcrumb-separator\">&raquo;<\/span><span class=\"aioseo-breadcrumb\">\n\t\t\tConcetto generale di trasporto per Baden e dintorni\n\t\t<\/span><\/div>","aioseo_breadcrumb_json":[{"label":"Home","link":"https:\/\/www.immo-invest.ch\/it\/"},{"label":"Trends","link":"https:\/\/www.immo-invest.ch\/it\/categoria\/trends-it\/"},{"label":"Mobilit\u00e0","link":"https:\/\/www.immo-invest.ch\/it\/categoria\/trends-it\/mobilita\/"},{"label":"Concetto generale di trasporto per Baden e dintorni","link":"https:\/\/www.immo-invest.ch\/it\/gesamtverkehrskonzept-fuer-den-raum-baden-und-umgebung\/"}],"featured_image_src":"https:\/\/www.immo-invest.ch\/wp-content\/uploads\/2024\/02\/2024-02-27-09_52_57-Radarfalle-Nach-herber-Schlappe-im-Blitzer-Streit_-Stadtrat-Baden-prueft-rechtl-336x168.png","_links":{"self":[{"href":"https:\/\/www.immo-invest.ch\/it\/wp-json\/wp\/v2\/posts\/78045","targetHints":{"allow":["GET"]}}],"collection":[{"href":"https:\/\/www.immo-invest.ch\/it\/wp-json\/wp\/v2\/posts"}],"about":[{"href":"https:\/\/www.immo-invest.ch\/it\/wp-json\/wp\/v2\/types\/post"}],"author":[{"embeddable":true,"href":"https:\/\/www.immo-invest.ch\/it\/wp-json\/wp\/v2\/users\/2"}],"replies":[{"embeddable":true,"href":"https:\/\/www.immo-invest.ch\/it\/wp-json\/wp\/v2\/comments?post=78045"}],"version-history":[{"count":0,"href":"https:\/\/www.immo-invest.ch\/it\/wp-json\/wp\/v2\/posts\/78045\/revisions"}],"wp:featuredmedia":[{"embeddable":true,"href":"https:\/\/www.immo-invest.ch\/it\/wp-json\/wp\/v2\/media\/77944"}],"wp:attachment":[{"href":"https:\/\/www.immo-invest.ch\/it\/wp-json\/wp\/v2\/media?parent=78045"}],"wp:term":[{"taxonomy":"category","embeddable":true,"href":"https:\/\/www.immo-invest.ch\/it\/wp-json\/wp\/v2\/categories?post=78045"},{"taxonomy":"post_tag","embeddable":true,"href":"https:\/\/www.immo-invest.ch\/it\/wp-json\/wp\/v2\/tags?post=78045"}],"curies":[{"name":"wp","href":"https:\/\/api.w.org\/{rel}","templated":true}]}}