{"id":77135,"date":"2024-02-16T14:37:35","date_gmt":"2024-02-16T13:37:35","guid":{"rendered":"https:\/\/www.immo-invest.ch\/primeo-energie-unterzeichnet-vertrag-fuer-waermeverbund-aesch\/"},"modified":"2024-02-16T14:42:35","modified_gmt":"2024-02-16T13:42:35","slug":"primeo-energie-unterzeichnet-vertrag-fuer-waermeverbund-aesch","status":"publish","type":"post","link":"https:\/\/www.immo-invest.ch\/it\/primeo-energie-unterzeichnet-vertrag-fuer-waermeverbund-aesch\/","title":{"rendered":"Primeo Energie firma un contratto per la rete di riscaldamento di Aesch"},"content":{"rendered":"<p class=\"bodytext\">Secondo un <a href=\"https:\/\/www.primeo-energie.ch\/ueber-uns\/news\/Vertraege-Holzfernwaermeverbund-Aesch.html\" target=\"_blank\" rel=\"noopener\">comunicato stampa<\/a>, il fornitore di energia <a href=\"https:\/\/www.primeo-energie.ch\/privatkunden.html\" target=\"_blank\" rel=\"noopener\">Primeo Energie<\/a> di M&uuml;nchenstein ha firmato i contratti necessari per la costruzione e la gestione della nuova rete di riscaldamento con il Comune di <a href=\"https:\/\/www.aesch.bl.ch\/\" target=\"_blank\" rel=\"noopener\">Aesch<\/a> venerd&igrave; 9 febbraio. Aesch e Primeo Energie sostengono la Strategia Energetica 2050 del Governo federale e hanno l&rsquo;obiettivo comune di decarbonizzare l&rsquo;energia per il riscaldamento, prosegue il comunicato stampa. La futura rete di riscaldamento di Aesch, con il suo nuovo centro di riscaldamento a legna, &egrave; una misura per raggiungere questo obiettivo.<\/p>\n<p class=\"bodytext\">&ldquo;Siamo lieti di aver compiuto un altro passo importante verso la decarbonizzazione della nostra fornitura di calore nella regione e nel comune di Aesch in particolare, firmando questo contratto&rdquo;, ha dichiarato C&eacute;dric Christmann, CEO di Primeo Energie.<\/p>\n<p class=\"bodytext\">La futura rete di riscaldamento sar&agrave; alimentata dal nuovo centro di riscaldamento di Aesch. Il cippato proverr&agrave; dal distretto forestale del comune e dalla regione. Il breve percorso di trasporto dovrebbe comportare basse emissioni di CO2.<\/p>\n<p class=\"bodytext\">Secondo il comunicato stampa, la costruzione del centro dovrebbe iniziare in primavera. Dovrebbe essere completata entro l&rsquo;autunno del 2025. I lavori per le nuove tubature di riscaldamento sono gi&agrave; iniziati. Secondo Primeo, le prime forniture di calore sono previste a partire dall&rsquo;autunno 2025.<\/p>\n<p class=\"bodytext\">In una prima fase, la nuova rete di riscaldamento alimenter&agrave; i nuovi edifici nella zona nord di Aesch. Si prevede poi di estendere la rete al resto del comune in diverse fasi. Le reti di riscaldamento esistenti saranno poi collegate alla nuova rete di teleriscaldamento.<\/p>\n","protected":false},"excerpt":{"rendered":"<p>Primeo Energie hat die Vertr\u00e4ge f\u00fcr den Bau und Betrieb des neuen W\u00e4rmeverbunds in Aesch unterzeichnet. Dort entsteht eine neue Holzheizzentrale. Baubeginn ist im Fr\u00fchjahr, mit dem Ziel der Fertigstellung 2025.<\/p>\n","protected":false},"author":2,"featured_media":77130,"comment_status":"open","ping_status":"open","sticky":false,"template":"","format":"standard","meta":{"pmpro_default_level":"","inline_featured_image":false,"_monsterinsights_skip_tracking":false,"footnotes":""},"categories":[8750,745,22700],"tags":[44739,2158,44740,867,3935,2006,44741],"class_list":["post-77135","post","type-post","status-publish","format-standard","has-post-thumbnail","hentry","category-energia","category-immonews-it","category-sostenibilita","tag-dekarbonisierung-waermeversorgung-it","tag-erneuerbareenergien-it","tag-holzheizzentrale-erneuerbare-energie-it","tag-immoinvest-it","tag-immonews-it","tag-news-it","tag-primeo-energie-waermeverbund-aesch-it","pmpro-has-access"],"acf":{"bild_mit_ki_erstellt_worden":[],"lead":"Primeo Energie hat die Vertr\u00e4ge f\u00fcr den Bau und Betrieb des neuen W\u00e4rmeverbunds in Aesch unterzeichnet. Dort entsteht eine neue Holzheizzentrale. Baubeginn ist im Fr\u00fchjahr, mit dem Ziel der Fertigstellung 2025. \u00a0","autor":"ce\/gba","ort":"M\u00fcnchenstein\/Aesch BL","bildunterschrift":"","bild_im_grid":false,"gallerie":"","newsim":""},"aioseo_notices":[],"aioseo_head":"\n\t\t<!-- All in One SEO 5.0.1.1 - aioseo.com -->\n\t<meta name=\"description\" content=\"Primeo Energie hat die Vertr\u00e4ge f\u00fcr den Bau und Betrieb des neuen W\u00e4rmeverbunds in Aesch unterzeichnet. Dort entsteht eine neue Holzheizzentrale. Baubeginn ist im Fr\u00fchjahr, mit dem Ziel der Fertigstellung 2025.\" \/>\n\t<meta name=\"robots\" content=\"max-image-preview:large\" \/>\n\t<meta name=\"author\" content=\"immovestuser\"\/>\n\t<meta name=\"google-site-verification\" content=\"fHJKvgWpZCR2zVBHWfkQeFXC11qieUSff0HGNYfuyLA\" \/>\n\t<link rel=\"canonical\" href=\"https:\/\/www.immo-invest.ch\/it\/primeo-energie-unterzeichnet-vertrag-fuer-waermeverbund-aesch\/\" \/>\n\t<meta name=\"generator\" content=\"All in One SEO (AIOSEO) 5.0.1.1\" \/>\n\t\t<meta property=\"og:locale\" content=\"it_IT\" \/>\n\t\t<meta property=\"og:site_name\" content=\"immo!nvest - Die Plattform f\u00fcr Standorte und Immobilien - Die\u00a0Plattform f\u00fcr Standorte und Immobilien\" \/>\n\t\t<meta property=\"og:type\" content=\"article\" \/>\n\t\t<meta property=\"og:title\" content=\"Primeo Energie firma un contratto per la rete di riscaldamento di Aesch - immo!nvest - Die Plattform f\u00fcr Standorte und Immobilien\" \/>\n\t\t<meta property=\"og:description\" content=\"Primeo Energie hat die Vertr\u00e4ge f\u00fcr den Bau und Betrieb des neuen W\u00e4rmeverbunds in Aesch unterzeichnet. Dort entsteht eine neue Holzheizzentrale. Baubeginn ist im Fr\u00fchjahr, mit dem Ziel der Fertigstellung 2025.\" \/>\n\t\t<meta property=\"og:url\" content=\"https:\/\/www.immo-invest.ch\/it\/primeo-energie-unterzeichnet-vertrag-fuer-waermeverbund-aesch\/\" \/>\n\t\t<meta property=\"og:image\" content=\"https:\/\/www.immo-invest.ch\/wp-content\/uploads\/2024\/02\/Unbenannt-13.png\" \/>\n\t\t<meta property=\"og:image:secure_url\" content=\"https:\/\/www.immo-invest.ch\/wp-content\/uploads\/2024\/02\/Unbenannt-13.png\" \/>\n\t\t<meta property=\"og:image:width\" content=\"1024\" \/>\n\t\t<meta property=\"og:image:height\" content=\"1024\" \/>\n\t\t<meta property=\"article:published_time\" content=\"2024-02-16T13:37:35+00:00\" \/>\n\t\t<meta property=\"article:modified_time\" content=\"2024-02-16T13:42:35+00:00\" \/>\n\t\t<meta property=\"article:publisher\" content=\"https:\/\/www.facebook.com\/people\/Immoinvest\/100077962920504\/\" \/>\n\t\t<meta name=\"twitter:card\" content=\"summary_large_image\" \/>\n\t\t<meta name=\"twitter:site\" content=\"@i\" \/>\n\t\t<meta name=\"twitter:title\" content=\"Primeo Energie firma un contratto per la rete di riscaldamento di Aesch - immo!nvest - Die Plattform f\u00fcr Standorte und Immobilien\" \/>\n\t\t<meta name=\"twitter:description\" content=\"Primeo Energie hat die Vertr\u00e4ge f\u00fcr den Bau und Betrieb des neuen W\u00e4rmeverbunds in Aesch unterzeichnet. Dort entsteht eine neue Holzheizzentrale. Baubeginn ist im Fr\u00fchjahr, mit dem Ziel der Fertigstellung 2025.\" \/>\n\t\t<meta name=\"twitter:creator\" content=\"@i\" \/>\n\t\t<meta name=\"twitter:image\" content=\"https:\/\/www.immo-invest.ch\/wp-content\/uploads\/2024\/02\/Unbenannt-13.png\" \/>\n\t\t<script type=\"application\/ld+json\" class=\"aioseo-schema\">\n\t\t\t{\"@context\":\"https:\\\/\\\/schema.org\",\"@graph\":[{\"@type\":\"BlogPosting\",\"@id\":\"https:\\\/\\\/www.immo-invest.ch\\\/it\\\/primeo-energie-unterzeichnet-vertrag-fuer-waermeverbund-aesch\\\/#blogposting\",\"name\":\"Primeo Energie firma un contratto per la rete di riscaldamento di Aesch - immo!nvest - Die Plattform f\\u00fcr Standorte und Immobilien\",\"headline\":\"Primeo Energie firma un contratto per la rete di riscaldamento di Aesch\",\"author\":{\"@id\":\"https:\\\/\\\/www.immo-invest.ch\\\/it\\\/author\\\/immovestuser\\\/#author\"},\"publisher\":{\"@id\":\"https:\\\/\\\/www.immo-invest.ch\\\/it\\\/#organization\"},\"image\":{\"@type\":\"ImageObject\",\"url\":\"https:\\\/\\\/www.immo-invest.ch\\\/wp-content\\\/uploads\\\/2024\\\/02\\\/Unbenannt-13.png\",\"width\":1024,\"height\":1024},\"datePublished\":\"2024-02-16T14:37:35+01:00\",\"dateModified\":\"2024-02-16T14:42:35+01:00\",\"inLanguage\":\"it-IT\",\"mainEntityOfPage\":{\"@id\":\"https:\\\/\\\/www.immo-invest.ch\\\/it\\\/primeo-energie-unterzeichnet-vertrag-fuer-waermeverbund-aesch\\\/#webpage\"},\"isPartOf\":{\"@id\":\"https:\\\/\\\/www.immo-invest.ch\\\/it\\\/primeo-energie-unterzeichnet-vertrag-fuer-waermeverbund-aesch\\\/#webpage\"},\"articleSection\":\"Energia, immoNews, Sostenibilit\\u00e0, Dekarbonisierung W\\u00e4rmeversorgung, ErneuerbareEnergien, Holzheizzentrale erneuerbare Energie, Immoinvest, immoNews, News, Primeo Energie W\\u00e4rmeverbund Aesch, Optional\"},{\"@type\":\"BreadcrumbList\",\"@id\":\"https:\\\/\\\/www.immo-invest.ch\\\/it\\\/primeo-energie-unterzeichnet-vertrag-fuer-waermeverbund-aesch\\\/#breadcrumblist\",\"itemListElement\":[{\"@type\":\"ListItem\",\"@id\":\"https:\\\/\\\/www.immo-invest.ch\\\/it\\\/#listItem\",\"position\":1,\"name\":\"Home\",\"item\":\"https:\\\/\\\/www.immo-invest.ch\\\/it\\\/\",\"nextItem\":{\"@type\":\"ListItem\",\"@id\":\"https:\\\/\\\/www.immo-invest.ch\\\/it\\\/categoria\\\/trends-it\\\/#listItem\",\"name\":\"Trends\"}},{\"@type\":\"ListItem\",\"@id\":\"https:\\\/\\\/www.immo-invest.ch\\\/it\\\/categoria\\\/trends-it\\\/#listItem\",\"position\":2,\"name\":\"Trends\",\"item\":\"https:\\\/\\\/www.immo-invest.ch\\\/it\\\/categoria\\\/trends-it\\\/\",\"nextItem\":{\"@type\":\"ListItem\",\"@id\":\"https:\\\/\\\/www.immo-invest.ch\\\/it\\\/categoria\\\/trends-it\\\/sostenibilita\\\/#listItem\",\"name\":\"Sostenibilit\\u00e0\"},\"previousItem\":{\"@type\":\"ListItem\",\"@id\":\"https:\\\/\\\/www.immo-invest.ch\\\/it\\\/#listItem\",\"name\":\"Home\"}},{\"@type\":\"ListItem\",\"@id\":\"https:\\\/\\\/www.immo-invest.ch\\\/it\\\/categoria\\\/trends-it\\\/sostenibilita\\\/#listItem\",\"position\":3,\"name\":\"Sostenibilit\\u00e0\",\"item\":\"https:\\\/\\\/www.immo-invest.ch\\\/it\\\/categoria\\\/trends-it\\\/sostenibilita\\\/\",\"nextItem\":{\"@type\":\"ListItem\",\"@id\":\"https:\\\/\\\/www.immo-invest.ch\\\/it\\\/primeo-energie-unterzeichnet-vertrag-fuer-waermeverbund-aesch\\\/#listItem\",\"name\":\"Primeo Energie firma un contratto per la rete di riscaldamento di Aesch\"},\"previousItem\":{\"@type\":\"ListItem\",\"@id\":\"https:\\\/\\\/www.immo-invest.ch\\\/it\\\/categoria\\\/trends-it\\\/#listItem\",\"name\":\"Trends\"}},{\"@type\":\"ListItem\",\"@id\":\"https:\\\/\\\/www.immo-invest.ch\\\/it\\\/primeo-energie-unterzeichnet-vertrag-fuer-waermeverbund-aesch\\\/#listItem\",\"position\":4,\"name\":\"Primeo Energie firma un contratto per la rete di riscaldamento di Aesch\",\"previousItem\":{\"@type\":\"ListItem\",\"@id\":\"https:\\\/\\\/www.immo-invest.ch\\\/it\\\/categoria\\\/trends-it\\\/sostenibilita\\\/#listItem\",\"name\":\"Sostenibilit\\u00e0\"}}]},{\"@type\":\"Organization\",\"@id\":\"https:\\\/\\\/www.immo-invest.ch\\\/it\\\/#organization\",\"name\":\"immo!nvest - Die Plattform f\\u00fcr Standorte und Immobilien\",\"description\":\"Die\\u00a0Plattform f\\u00fcr Standorte und Immobilien\",\"url\":\"https:\\\/\\\/www.immo-invest.ch\\\/it\\\/\",\"email\":\"admin@immomedia.ag\",\"telephone\":\"+41444420002\",\"logo\":{\"@type\":\"ImageObject\",\"url\":\"https:\\\/\\\/www.immo-invest.ch\\\/wp-content\\\/uploads\\\/2024\\\/09\\\/immoinvest_sm-scaled.jpg\",\"@id\":\"https:\\\/\\\/www.immo-invest.ch\\\/it\\\/primeo-energie-unterzeichnet-vertrag-fuer-waermeverbund-aesch\\\/#organizationLogo\",\"width\":2560,\"height\":1340},\"image\":{\"@id\":\"https:\\\/\\\/www.immo-invest.ch\\\/it\\\/primeo-energie-unterzeichnet-vertrag-fuer-waermeverbund-aesch\\\/#organizationLogo\"},\"sameAs\":[\"https:\\\/\\\/www.facebook.com\\\/people\\\/Immoinvest\\\/100077962920504\\\/\",\"https:\\\/\\\/x.com\\\/i\\\/flow\\\/login?redirect_after_login=immoinvest_ch\",\"https:\\\/\\\/www.instagram.com\\\/immoinvest_ch\\\/\",\"https:\\\/\\\/www.linkedin.com\\\/company\\\/immoinvest-swiss\"]},{\"@type\":\"Person\",\"@id\":\"https:\\\/\\\/www.immo-invest.ch\\\/it\\\/author\\\/immovestuser\\\/#author\",\"url\":\"https:\\\/\\\/www.immo-invest.ch\\\/it\\\/author\\\/immovestuser\\\/\",\"name\":\"immovestuser\",\"image\":{\"@type\":\"ImageObject\",\"@id\":\"https:\\\/\\\/www.immo-invest.ch\\\/it\\\/primeo-energie-unterzeichnet-vertrag-fuer-waermeverbund-aesch\\\/#authorImage\",\"url\":\"https:\\\/\\\/secure.gravatar.com\\\/avatar\\\/8e01f4d99f2eeea7a362ebb93305e1172a70e9293ba250f897a65c39f54cdd1e?s=96&d=mm&r=g\",\"width\":96,\"height\":96,\"caption\":\"immovestuser\"}},{\"@type\":\"WebPage\",\"@id\":\"https:\\\/\\\/www.immo-invest.ch\\\/it\\\/primeo-energie-unterzeichnet-vertrag-fuer-waermeverbund-aesch\\\/#webpage\",\"url\":\"https:\\\/\\\/www.immo-invest.ch\\\/it\\\/primeo-energie-unterzeichnet-vertrag-fuer-waermeverbund-aesch\\\/\",\"name\":\"Primeo Energie firma un contratto per la rete di riscaldamento di Aesch - immo!nvest - Die Plattform f\\u00fcr Standorte und Immobilien\",\"description\":\"Primeo Energie hat die Vertr\\u00e4ge f\\u00fcr den Bau und Betrieb des neuen W\\u00e4rmeverbunds in Aesch unterzeichnet. Dort entsteht eine neue Holzheizzentrale. Baubeginn ist im Fr\\u00fchjahr, mit dem Ziel der Fertigstellung 2025.\",\"inLanguage\":\"it-IT\",\"isPartOf\":{\"@id\":\"https:\\\/\\\/www.immo-invest.ch\\\/it\\\/#website\"},\"breadcrumb\":{\"@id\":\"https:\\\/\\\/www.immo-invest.ch\\\/it\\\/primeo-energie-unterzeichnet-vertrag-fuer-waermeverbund-aesch\\\/#breadcrumblist\"},\"author\":{\"@id\":\"https:\\\/\\\/www.immo-invest.ch\\\/it\\\/author\\\/immovestuser\\\/#author\"},\"creator\":{\"@id\":\"https:\\\/\\\/www.immo-invest.ch\\\/it\\\/author\\\/immovestuser\\\/#author\"},\"image\":{\"@type\":\"ImageObject\",\"url\":\"https:\\\/\\\/www.immo-invest.ch\\\/wp-content\\\/uploads\\\/2024\\\/02\\\/Unbenannt-13.png\",\"@id\":\"https:\\\/\\\/www.immo-invest.ch\\\/it\\\/primeo-energie-unterzeichnet-vertrag-fuer-waermeverbund-aesch\\\/#mainImage\",\"width\":1024,\"height\":1024},\"primaryImageOfPage\":{\"@id\":\"https:\\\/\\\/www.immo-invest.ch\\\/it\\\/primeo-energie-unterzeichnet-vertrag-fuer-waermeverbund-aesch\\\/#mainImage\"},\"datePublished\":\"2024-02-16T14:37:35+01:00\",\"dateModified\":\"2024-02-16T14:42:35+01:00\"},{\"@type\":\"WebSite\",\"@id\":\"https:\\\/\\\/www.immo-invest.ch\\\/it\\\/#website\",\"url\":\"https:\\\/\\\/www.immo-invest.ch\\\/it\\\/\",\"name\":\"immo!nvest - Die Plattform f\\u00fcr Standorte und Immobilien\",\"description\":\"Die\\u00a0Plattform f\\u00fcr Standorte und Immobilien\",\"inLanguage\":\"it-IT\",\"publisher\":{\"@id\":\"https:\\\/\\\/www.immo-invest.ch\\\/it\\\/#organization\"}}]}\n\t\t<\/script>\n\t\t<!-- All in One SEO -->\n\n","aioseo_head_json":{"title":"Primeo Energie firma un contratto per la rete di riscaldamento di Aesch - immo!nvest - Die Plattform f\u00fcr Standorte und Immobilien","description":"Primeo Energie hat die Vertr\u00e4ge f\u00fcr den Bau und Betrieb des neuen W\u00e4rmeverbunds in Aesch unterzeichnet. Dort entsteht eine neue Holzheizzentrale. Baubeginn ist im Fr\u00fchjahr, mit dem Ziel der Fertigstellung 2025.","canonical_url":"https:\/\/www.immo-invest.ch\/it\/primeo-energie-unterzeichnet-vertrag-fuer-waermeverbund-aesch\/","robots":"max-image-preview:large","keywords":"","webmasterTools":{"google-site-verification":"fHJKvgWpZCR2zVBHWfkQeFXC11qieUSff0HGNYfuyLA","miscellaneous":""},"schema":{"@context":"https:\/\/schema.org","@graph":[{"@type":"BlogPosting","@id":"https:\/\/www.immo-invest.ch\/it\/primeo-energie-unterzeichnet-vertrag-fuer-waermeverbund-aesch\/#blogposting","name":"Primeo Energie firma un contratto per la rete di riscaldamento di Aesch - immo!nvest - Die Plattform f\u00fcr Standorte und Immobilien","headline":"Primeo Energie firma un contratto per la rete di riscaldamento di Aesch","author":{"@id":"https:\/\/www.immo-invest.ch\/it\/author\/immovestuser\/#author"},"publisher":{"@id":"https:\/\/www.immo-invest.ch\/it\/#organization"},"image":{"@type":"ImageObject","url":"https:\/\/www.immo-invest.ch\/wp-content\/uploads\/2024\/02\/Unbenannt-13.png","width":1024,"height":1024},"datePublished":"2024-02-16T14:37:35+01:00","dateModified":"2024-02-16T14:42:35+01:00","inLanguage":"it-IT","mainEntityOfPage":{"@id":"https:\/\/www.immo-invest.ch\/it\/primeo-energie-unterzeichnet-vertrag-fuer-waermeverbund-aesch\/#webpage"},"isPartOf":{"@id":"https:\/\/www.immo-invest.ch\/it\/primeo-energie-unterzeichnet-vertrag-fuer-waermeverbund-aesch\/#webpage"},"articleSection":"Energia, immoNews, Sostenibilit\u00e0, Dekarbonisierung W\u00e4rmeversorgung, ErneuerbareEnergien, Holzheizzentrale erneuerbare Energie, Immoinvest, immoNews, News, Primeo Energie W\u00e4rmeverbund Aesch, Optional"},{"@type":"BreadcrumbList","@id":"https:\/\/www.immo-invest.ch\/it\/primeo-energie-unterzeichnet-vertrag-fuer-waermeverbund-aesch\/#breadcrumblist","itemListElement":[{"@type":"ListItem","@id":"https:\/\/www.immo-invest.ch\/it\/#listItem","position":1,"name":"Home","item":"https:\/\/www.immo-invest.ch\/it\/","nextItem":{"@type":"ListItem","@id":"https:\/\/www.immo-invest.ch\/it\/categoria\/trends-it\/#listItem","name":"Trends"}},{"@type":"ListItem","@id":"https:\/\/www.immo-invest.ch\/it\/categoria\/trends-it\/#listItem","position":2,"name":"Trends","item":"https:\/\/www.immo-invest.ch\/it\/categoria\/trends-it\/","nextItem":{"@type":"ListItem","@id":"https:\/\/www.immo-invest.ch\/it\/categoria\/trends-it\/sostenibilita\/#listItem","name":"Sostenibilit\u00e0"},"previousItem":{"@type":"ListItem","@id":"https:\/\/www.immo-invest.ch\/it\/#listItem","name":"Home"}},{"@type":"ListItem","@id":"https:\/\/www.immo-invest.ch\/it\/categoria\/trends-it\/sostenibilita\/#listItem","position":3,"name":"Sostenibilit\u00e0","item":"https:\/\/www.immo-invest.ch\/it\/categoria\/trends-it\/sostenibilita\/","nextItem":{"@type":"ListItem","@id":"https:\/\/www.immo-invest.ch\/it\/primeo-energie-unterzeichnet-vertrag-fuer-waermeverbund-aesch\/#listItem","name":"Primeo Energie firma un contratto per la rete di riscaldamento di Aesch"},"previousItem":{"@type":"ListItem","@id":"https:\/\/www.immo-invest.ch\/it\/categoria\/trends-it\/#listItem","name":"Trends"}},{"@type":"ListItem","@id":"https:\/\/www.immo-invest.ch\/it\/primeo-energie-unterzeichnet-vertrag-fuer-waermeverbund-aesch\/#listItem","position":4,"name":"Primeo Energie firma un contratto per la rete di riscaldamento di Aesch","previousItem":{"@type":"ListItem","@id":"https:\/\/www.immo-invest.ch\/it\/categoria\/trends-it\/sostenibilita\/#listItem","name":"Sostenibilit\u00e0"}}]},{"@type":"Organization","@id":"https:\/\/www.immo-invest.ch\/it\/#organization","name":"immo!nvest - Die Plattform f\u00fcr Standorte und Immobilien","description":"Die\u00a0Plattform f\u00fcr Standorte und Immobilien","url":"https:\/\/www.immo-invest.ch\/it\/","email":"admin@immomedia.ag","telephone":"+41444420002","logo":{"@type":"ImageObject","url":"https:\/\/www.immo-invest.ch\/wp-content\/uploads\/2024\/09\/immoinvest_sm-scaled.jpg","@id":"https:\/\/www.immo-invest.ch\/it\/primeo-energie-unterzeichnet-vertrag-fuer-waermeverbund-aesch\/#organizationLogo","width":2560,"height":1340},"image":{"@id":"https:\/\/www.immo-invest.ch\/it\/primeo-energie-unterzeichnet-vertrag-fuer-waermeverbund-aesch\/#organizationLogo"},"sameAs":["https:\/\/www.facebook.com\/people\/Immoinvest\/100077962920504\/","https:\/\/x.com\/i\/flow\/login?redirect_after_login=immoinvest_ch","https:\/\/www.instagram.com\/immoinvest_ch\/","https:\/\/www.linkedin.com\/company\/immoinvest-swiss"]},{"@type":"Person","@id":"https:\/\/www.immo-invest.ch\/it\/author\/immovestuser\/#author","url":"https:\/\/www.immo-invest.ch\/it\/author\/immovestuser\/","name":"immovestuser","image":{"@type":"ImageObject","@id":"https:\/\/www.immo-invest.ch\/it\/primeo-energie-unterzeichnet-vertrag-fuer-waermeverbund-aesch\/#authorImage","url":"https:\/\/secure.gravatar.com\/avatar\/8e01f4d99f2eeea7a362ebb93305e1172a70e9293ba250f897a65c39f54cdd1e?s=96&d=mm&r=g","width":96,"height":96,"caption":"immovestuser"}},{"@type":"WebPage","@id":"https:\/\/www.immo-invest.ch\/it\/primeo-energie-unterzeichnet-vertrag-fuer-waermeverbund-aesch\/#webpage","url":"https:\/\/www.immo-invest.ch\/it\/primeo-energie-unterzeichnet-vertrag-fuer-waermeverbund-aesch\/","name":"Primeo Energie firma un contratto per la rete di riscaldamento di Aesch - immo!nvest - Die Plattform f\u00fcr Standorte und Immobilien","description":"Primeo Energie hat die Vertr\u00e4ge f\u00fcr den Bau und Betrieb des neuen W\u00e4rmeverbunds in Aesch unterzeichnet. Dort entsteht eine neue Holzheizzentrale. Baubeginn ist im Fr\u00fchjahr, mit dem Ziel der Fertigstellung 2025.","inLanguage":"it-IT","isPartOf":{"@id":"https:\/\/www.immo-invest.ch\/it\/#website"},"breadcrumb":{"@id":"https:\/\/www.immo-invest.ch\/it\/primeo-energie-unterzeichnet-vertrag-fuer-waermeverbund-aesch\/#breadcrumblist"},"author":{"@id":"https:\/\/www.immo-invest.ch\/it\/author\/immovestuser\/#author"},"creator":{"@id":"https:\/\/www.immo-invest.ch\/it\/author\/immovestuser\/#author"},"image":{"@type":"ImageObject","url":"https:\/\/www.immo-invest.ch\/wp-content\/uploads\/2024\/02\/Unbenannt-13.png","@id":"https:\/\/www.immo-invest.ch\/it\/primeo-energie-unterzeichnet-vertrag-fuer-waermeverbund-aesch\/#mainImage","width":1024,"height":1024},"primaryImageOfPage":{"@id":"https:\/\/www.immo-invest.ch\/it\/primeo-energie-unterzeichnet-vertrag-fuer-waermeverbund-aesch\/#mainImage"},"datePublished":"2024-02-16T14:37:35+01:00","dateModified":"2024-02-16T14:42:35+01:00"},{"@type":"WebSite","@id":"https:\/\/www.immo-invest.ch\/it\/#website","url":"https:\/\/www.immo-invest.ch\/it\/","name":"immo!nvest - Die Plattform f\u00fcr Standorte und Immobilien","description":"Die\u00a0Plattform f\u00fcr Standorte und Immobilien","inLanguage":"it-IT","publisher":{"@id":"https:\/\/www.immo-invest.ch\/it\/#organization"}}]},"og:locale":"it_IT","og:site_name":"immo!nvest - Die Plattform f\u00fcr Standorte und Immobilien - Die\u00a0Plattform f\u00fcr Standorte und Immobilien","og:type":"article","og:title":"Primeo Energie firma un contratto per la rete di riscaldamento di Aesch - immo!nvest - Die Plattform f\u00fcr Standorte und Immobilien","og:description":"Primeo Energie hat die Vertr\u00e4ge f\u00fcr den Bau und Betrieb des neuen W\u00e4rmeverbunds in Aesch unterzeichnet. Dort entsteht eine neue Holzheizzentrale. Baubeginn ist im Fr\u00fchjahr, mit dem Ziel der Fertigstellung 2025.","og:url":"https:\/\/www.immo-invest.ch\/it\/primeo-energie-unterzeichnet-vertrag-fuer-waermeverbund-aesch\/","og:image":"https:\/\/www.immo-invest.ch\/wp-content\/uploads\/2024\/02\/Unbenannt-13.png","og:image:secure_url":"https:\/\/www.immo-invest.ch\/wp-content\/uploads\/2024\/02\/Unbenannt-13.png","og:image:width":1024,"og:image:height":1024,"article:published_time":"2024-02-16T13:37:35+00:00","article:modified_time":"2024-02-16T13:42:35+00:00","article:publisher":"https:\/\/www.facebook.com\/people\/Immoinvest\/100077962920504\/","twitter:card":"summary_large_image","twitter:site":"@i","twitter:title":"Primeo Energie firma un contratto per la rete di riscaldamento di Aesch - immo!nvest - Die Plattform f\u00fcr Standorte und Immobilien","twitter:description":"Primeo Energie hat die Vertr\u00e4ge f\u00fcr den Bau und Betrieb des neuen W\u00e4rmeverbunds in Aesch unterzeichnet. Dort entsteht eine neue Holzheizzentrale. Baubeginn ist im Fr\u00fchjahr, mit dem Ziel der Fertigstellung 2025.","twitter:creator":"@i","twitter:image":"https:\/\/www.immo-invest.ch\/wp-content\/uploads\/2024\/02\/Unbenannt-13.png"},"aioseo_meta_data":{"post_id":"77135","title":null,"description":null,"keywords":null,"keyphrases":null,"primary_term":null,"canonical_url":null,"og_title":null,"og_description":null,"og_object_type":"default","og_image_type":"default","og_image_url":null,"og_image_width":null,"og_image_height":null,"og_image_custom_url":null,"og_image_custom_fields":null,"og_video":null,"og_custom_url":null,"og_article_section":null,"og_article_tags":null,"twitter_use_og":false,"twitter_card":"default","twitter_image_type":"default","twitter_image_url":null,"twitter_image_custom_url":null,"twitter_image_custom_fields":null,"twitter_title":null,"twitter_description":null,"schema":{"blockGraphs":[],"customGraphs":[],"default":{"data":{"Article":[],"Course":[],"Dataset":[],"FAQPage":[],"Movie":[],"Person":[],"Product":[],"ProductReview":[],"Car":[],"Recipe":[],"Service":[],"SoftwareApplication":[],"WebPage":[]},"graphName":"","isEnabled":true},"graphs":[]},"schema_type":"default","schema_type_options":null,"pillar_content":false,"robots_default":true,"robots_noindex":false,"robots_noarchive":false,"robots_nosnippet":false,"robots_nofollow":false,"robots_noimageindex":false,"robots_noodp":false,"robots_notranslate":false,"robots_max_snippet":null,"robots_max_videopreview":null,"robots_max_imagepreview":"large","priority":null,"frequency":null,"local_seo":null,"breadcrumb_settings":null,"limit_modified_date":false,"ai":null,"created":"2024-09-20 15:51:04","updated":"2025-10-23 21:59:12","seo_analyzer_scan_date":null,"focus_keyword":null,"additional_keywords":null,"truseo_locale":null},"aioseo_breadcrumb":"<div class=\"aioseo-breadcrumbs\"><span class=\"aioseo-breadcrumb\">\n\t\t\t<a href=\"https:\/\/www.immo-invest.ch\/it\/\" title=\"Home\">Home<\/a>\n\t\t<\/span><span class=\"aioseo-breadcrumb-separator\">&raquo;<\/span><span class=\"aioseo-breadcrumb\">\n\t\t\t<a href=\"https:\/\/www.immo-invest.ch\/it\/categoria\/trends-it\/\" title=\"Trends\">Trends<\/a>\n\t\t<\/span><span class=\"aioseo-breadcrumb-separator\">&raquo;<\/span><span class=\"aioseo-breadcrumb\">\n\t\t\t<a href=\"https:\/\/www.immo-invest.ch\/it\/categoria\/trends-it\/sostenibilita\/\" title=\"Sostenibilit\u00e0\">Sostenibilit\u00e0<\/a>\n\t\t<\/span><span class=\"aioseo-breadcrumb-separator\">&raquo;<\/span><span class=\"aioseo-breadcrumb\">\n\t\t\tPrimeo Energie firma un contratto per la rete di riscaldamento di Aesch\n\t\t<\/span><\/div>","aioseo_breadcrumb_json":[{"label":"Home","link":"https:\/\/www.immo-invest.ch\/it\/"},{"label":"Trends","link":"https:\/\/www.immo-invest.ch\/it\/categoria\/trends-it\/"},{"label":"Sostenibilit\u00e0","link":"https:\/\/www.immo-invest.ch\/it\/categoria\/trends-it\/sostenibilita\/"},{"label":"Primeo Energie firma un contratto per la rete di riscaldamento di Aesch","link":"https:\/\/www.immo-invest.ch\/it\/primeo-energie-unterzeichnet-vertrag-fuer-waermeverbund-aesch\/"}],"featured_image_src":"https:\/\/www.immo-invest.ch\/wp-content\/uploads\/2024\/02\/Unbenannt-13-336x168.png","_links":{"self":[{"href":"https:\/\/www.immo-invest.ch\/it\/wp-json\/wp\/v2\/posts\/77135","targetHints":{"allow":["GET"]}}],"collection":[{"href":"https:\/\/www.immo-invest.ch\/it\/wp-json\/wp\/v2\/posts"}],"about":[{"href":"https:\/\/www.immo-invest.ch\/it\/wp-json\/wp\/v2\/types\/post"}],"author":[{"embeddable":true,"href":"https:\/\/www.immo-invest.ch\/it\/wp-json\/wp\/v2\/users\/2"}],"replies":[{"embeddable":true,"href":"https:\/\/www.immo-invest.ch\/it\/wp-json\/wp\/v2\/comments?post=77135"}],"version-history":[{"count":0,"href":"https:\/\/www.immo-invest.ch\/it\/wp-json\/wp\/v2\/posts\/77135\/revisions"}],"wp:featuredmedia":[{"embeddable":true,"href":"https:\/\/www.immo-invest.ch\/it\/wp-json\/wp\/v2\/media\/77130"}],"wp:attachment":[{"href":"https:\/\/www.immo-invest.ch\/it\/wp-json\/wp\/v2\/media?parent=77135"}],"wp:term":[{"taxonomy":"category","embeddable":true,"href":"https:\/\/www.immo-invest.ch\/it\/wp-json\/wp\/v2\/categories?post=77135"},{"taxonomy":"post_tag","embeddable":true,"href":"https:\/\/www.immo-invest.ch\/it\/wp-json\/wp\/v2\/tags?post=77135"}],"curies":[{"name":"wp","href":"https:\/\/api.w.org\/{rel}","templated":true}]}}