{"id":74315,"date":"2024-02-05T08:39:43","date_gmt":"2024-02-05T07:39:43","guid":{"rendered":"https:\/\/www.immo-invest.ch\/aarauer-klimapreis-geht-an-aew-energie-ag\/"},"modified":"2024-02-05T08:50:52","modified_gmt":"2024-02-05T07:50:52","slug":"aarauer-klimapreis-geht-an-aew-energie-ag","status":"publish","type":"post","link":"https:\/\/www.immo-invest.ch\/it\/aarauer-klimapreis-geht-an-aew-energie-ag\/","title":{"rendered":"Il Premio Aarau per il clima va a AEW Energie AG"},"content":{"rendered":"<p class=\"bodytext\"><a href=\"https:\/\/www.aew.ch\/\" target=\"_blank\" rel=\"noopener\">AEW Energie AG<\/a> ha vinto il Premio Aarau per il Clima 2023. Il premio viene assegnato annualmente dal <a href=\"https:\/\/www.aarau.ch\/politik-verwaltung\/politik\/stadtrat.html\/1582\" target=\"_blank\" rel=\"noopener\">consiglio comunale<\/a> di <a href=\"https:\/\/www.aarau.ch\/\" target=\"_blank\" rel=\"noopener\">Aarau<\/a> per risultati particolarmente innovativi, per l&rsquo;impegno eccezionale o per progetti di ampio respiro che contribuiscono alla sostenibilit&agrave;, ha spiegato AEW Energie in un <a href=\"https:\/\/www.aew.ch\/news\/aew-energie-ag-gewinnt-klimapreis-der-stadt-aarau\" target=\"_blank\" rel=\"noopener\">comunicato stampa<\/a>. Il fornitore di servizi energetici con sede ad Argovia &egrave; stato premiato per le sue misure di gestione progressiva e sostenibile della mobilit&agrave; all&rsquo;interno della propria azienda.<\/p>\n<p class=\"bodytext\">AEW Energie si &egrave; posta l&rsquo;obiettivo di diventare neutrale dal punto di vista delle emissioni di CO2 al pi&ugrave; tardi entro il 2040. Per raggiungere questo obiettivo, il fornitore di servizi energetici si sta concentrando sulla produzione di energia elettrica neutrale dal punto di vista delle emissioni di CO2, grazie all&rsquo;energia idroelettrica, fotovoltaica ed eolica. Tuttavia, una parte considerevole delle emissioni &egrave; attualmente generata dalla mobilit&agrave; dei dipendenti dell&rsquo;azienda.<\/p>\n<p class=\"bodytext\">AEW Energie ha anche sviluppato e implementato una serie di misure in quest&rsquo;area, nell&rsquo;ambito del trasferimento dal grattacielo di Obere Vorstadt al quartiere di Aeschbach. Da un lato, il lavoro da casa &egrave; stato reso pi&ugrave; flessibile. Dall&rsquo;altro lato, &egrave; stata sostenuta la mobilit&agrave; sostenibile dei dipendenti, ad esempio attraverso la fornitura di biciclette condivise, parcheggi per biciclette e auto elettriche. Le varie iniziative sono state in gran parte guidate da Nicola Ruch, Responsabile dello Sviluppo Aziendale di AEW e Mobility Management Project Manager.<\/p>\n<p class=\"bodytext\">&ldquo;Siamo lieti di ricevere il premio per il clima dalla citt&agrave; di Aarau&rdquo;, ha dichiarato il CEO di AEW Marc Ritter nel comunicato stampa. &ldquo;Anche se non abbiamo ancora implementato tutto ci&ograve; che abbiamo pianificato con la gestione della mobilit&agrave;, il premio riconosce ci&ograve; che abbiamo raggiunto finora e vediamo il premio per il clima ricevuto come una grande motivazione per continuare a perseguire con coerenza i nostri obiettivi di CO2&rdquo;<\/p>\n","protected":false},"excerpt":{"rendered":"<p>AEW Energie ha vinto il Premio per il clima della citt\u00e0 di Aarau di quest&#8217;anno. Il fornitore di servizi energetici \u00e8 stato premiato per le sue misure di gestione sostenibile della mobilit\u00e0.<\/p>\n","protected":false},"author":2,"featured_media":32872,"comment_status":"open","ping_status":"open","sticky":false,"template":"","format":"standard","meta":{"pmpro_default_level":"0","inline_featured_image":false,"_monsterinsights_skip_tracking":false,"footnotes":""},"categories":[8750,745],"tags":[12428,843,36564,2204,44341,44342,2778],"class_list":["post-74315","post","type-post","status-publish","format-standard","has-post-thumbnail","hentry","category-energia","category-immonews-it","tag-auszeichnung-it","tag-energie-it","tag-energiedienstleistung-it","tag-klima-it","tag-klimapreis-it","tag-mobilitaetsmanagement-it","tag-unternehmen-it","pmpro-has-access"],"acf":{"bild_mit_ki_erstellt_worden":[],"lead":"AEW Energie ha vinto il Premio per il clima della citt\u00e0 di Aarau di quest'anno. Il fornitore di servizi energetici \u00e8 stato premiato per le sue misure di gestione sostenibile della mobilit\u00e0.","autor":"ce\/hs\u00a0","ort":"Aarau ","bildunterschrift":"","bild_im_grid":false,"gallerie":"","newsim":""},"aioseo_notices":[],"aioseo_head":"\n\t\t<!-- All in One SEO 5.0.1.1 - aioseo.com -->\n\t<meta name=\"description\" content=\"AEW Energie ha vinto il Premio per il clima della citt\u00e0 di Aarau di quest&#039;anno. Il fornitore di servizi energetici \u00e8 stato premiato per le sue misure di gestione sostenibile della mobilit\u00e0.\" \/>\n\t<meta name=\"robots\" content=\"max-image-preview:large\" \/>\n\t<meta name=\"author\" content=\"immovestuser\"\/>\n\t<meta name=\"google-site-verification\" content=\"fHJKvgWpZCR2zVBHWfkQeFXC11qieUSff0HGNYfuyLA\" \/>\n\t<link rel=\"canonical\" href=\"https:\/\/www.immo-invest.ch\/it\/aarauer-klimapreis-geht-an-aew-energie-ag\/\" \/>\n\t<meta name=\"generator\" content=\"All in One SEO (AIOSEO) 5.0.1.1\" \/>\n\t\t<meta property=\"og:locale\" content=\"it_IT\" \/>\n\t\t<meta property=\"og:site_name\" content=\"immo!nvest - Die Plattform f\u00fcr Standorte und Immobilien - Die\u00a0Plattform f\u00fcr Standorte und Immobilien\" \/>\n\t\t<meta property=\"og:type\" content=\"article\" \/>\n\t\t<meta property=\"og:title\" content=\"Il Premio Aarau per il clima va a AEW Energie AG - immo!nvest - Die Plattform f\u00fcr Standorte und Immobilien\" \/>\n\t\t<meta property=\"og:description\" content=\"AEW Energie ha vinto il Premio per il clima della citt\u00e0 di Aarau di quest&#039;anno. Il fornitore di servizi energetici \u00e8 stato premiato per le sue misure di gestione sostenibile della mobilit\u00e0.\" \/>\n\t\t<meta property=\"og:url\" content=\"https:\/\/www.immo-invest.ch\/it\/aarauer-klimapreis-geht-an-aew-energie-ag\/\" \/>\n\t\t<meta property=\"og:image\" content=\"https:\/\/www.immo-invest.ch\/wp-content\/uploads\/2022\/02\/Klima_3.jpg\" \/>\n\t\t<meta property=\"og:image:secure_url\" content=\"https:\/\/www.immo-invest.ch\/wp-content\/uploads\/2022\/02\/Klima_3.jpg\" \/>\n\t\t<meta property=\"og:image:width\" content=\"1200\" \/>\n\t\t<meta property=\"og:image:height\" content=\"720\" \/>\n\t\t<meta property=\"article:published_time\" content=\"2024-02-05T07:39:43+00:00\" \/>\n\t\t<meta property=\"article:modified_time\" content=\"2024-02-05T07:50:52+00:00\" \/>\n\t\t<meta property=\"article:publisher\" content=\"https:\/\/www.facebook.com\/people\/Immoinvest\/100077962920504\/\" \/>\n\t\t<meta name=\"twitter:card\" content=\"summary_large_image\" \/>\n\t\t<meta name=\"twitter:site\" content=\"@i\" \/>\n\t\t<meta name=\"twitter:title\" content=\"Il Premio Aarau per il clima va a AEW Energie AG - immo!nvest - Die Plattform f\u00fcr Standorte und Immobilien\" \/>\n\t\t<meta name=\"twitter:description\" content=\"AEW Energie ha vinto il Premio per il clima della citt\u00e0 di Aarau di quest&#039;anno. Il fornitore di servizi energetici \u00e8 stato premiato per le sue misure di gestione sostenibile della mobilit\u00e0.\" \/>\n\t\t<meta name=\"twitter:creator\" content=\"@i\" \/>\n\t\t<meta name=\"twitter:image\" content=\"https:\/\/www.immo-invest.ch\/wp-content\/uploads\/2022\/02\/Klima_3.jpg\" \/>\n\t\t<script type=\"application\/ld+json\" class=\"aioseo-schema\">\n\t\t\t{\"@context\":\"https:\\\/\\\/schema.org\",\"@graph\":[{\"@type\":\"BlogPosting\",\"@id\":\"https:\\\/\\\/www.immo-invest.ch\\\/it\\\/aarauer-klimapreis-geht-an-aew-energie-ag\\\/#blogposting\",\"name\":\"Il Premio Aarau per il clima va a AEW Energie AG - immo!nvest - Die Plattform f\\u00fcr Standorte und Immobilien\",\"headline\":\"Il Premio Aarau per il clima va a AEW Energie AG\",\"author\":{\"@id\":\"https:\\\/\\\/www.immo-invest.ch\\\/it\\\/author\\\/immovestuser\\\/#author\"},\"publisher\":{\"@id\":\"https:\\\/\\\/www.immo-invest.ch\\\/it\\\/#organization\"},\"image\":{\"@type\":\"ImageObject\",\"url\":\"https:\\\/\\\/www.immo-invest.ch\\\/wp-content\\\/uploads\\\/2022\\\/02\\\/Klima_3.jpg\",\"width\":1200,\"height\":720},\"datePublished\":\"2024-02-05T08:39:43+01:00\",\"dateModified\":\"2024-02-05T08:50:52+01:00\",\"inLanguage\":\"it-IT\",\"mainEntityOfPage\":{\"@id\":\"https:\\\/\\\/www.immo-invest.ch\\\/it\\\/aarauer-klimapreis-geht-an-aew-energie-ag\\\/#webpage\"},\"isPartOf\":{\"@id\":\"https:\\\/\\\/www.immo-invest.ch\\\/it\\\/aarauer-klimapreis-geht-an-aew-energie-ag\\\/#webpage\"},\"articleSection\":\"Energia, immoNews, Auszeichnung, Energie, energiedienstleistung, klima, Klimapreis, Mobilit\\u00e4tsmanagement, Unternehmen, Optional\"},{\"@type\":\"BreadcrumbList\",\"@id\":\"https:\\\/\\\/www.immo-invest.ch\\\/it\\\/aarauer-klimapreis-geht-an-aew-energie-ag\\\/#breadcrumblist\",\"itemListElement\":[{\"@type\":\"ListItem\",\"@id\":\"https:\\\/\\\/www.immo-invest.ch\\\/it\\\/#listItem\",\"position\":1,\"name\":\"Home\",\"item\":\"https:\\\/\\\/www.immo-invest.ch\\\/it\\\/\",\"nextItem\":{\"@type\":\"ListItem\",\"@id\":\"https:\\\/\\\/www.immo-invest.ch\\\/it\\\/categoria\\\/immonews-it\\\/#listItem\",\"name\":\"immoNews\"}},{\"@type\":\"ListItem\",\"@id\":\"https:\\\/\\\/www.immo-invest.ch\\\/it\\\/categoria\\\/immonews-it\\\/#listItem\",\"position\":2,\"name\":\"immoNews\",\"item\":\"https:\\\/\\\/www.immo-invest.ch\\\/it\\\/categoria\\\/immonews-it\\\/\",\"nextItem\":{\"@type\":\"ListItem\",\"@id\":\"https:\\\/\\\/www.immo-invest.ch\\\/it\\\/aarauer-klimapreis-geht-an-aew-energie-ag\\\/#listItem\",\"name\":\"Il Premio Aarau per il clima va a AEW Energie AG\"},\"previousItem\":{\"@type\":\"ListItem\",\"@id\":\"https:\\\/\\\/www.immo-invest.ch\\\/it\\\/#listItem\",\"name\":\"Home\"}},{\"@type\":\"ListItem\",\"@id\":\"https:\\\/\\\/www.immo-invest.ch\\\/it\\\/aarauer-klimapreis-geht-an-aew-energie-ag\\\/#listItem\",\"position\":3,\"name\":\"Il Premio Aarau per il clima va a AEW Energie AG\",\"previousItem\":{\"@type\":\"ListItem\",\"@id\":\"https:\\\/\\\/www.immo-invest.ch\\\/it\\\/categoria\\\/immonews-it\\\/#listItem\",\"name\":\"immoNews\"}}]},{\"@type\":\"Organization\",\"@id\":\"https:\\\/\\\/www.immo-invest.ch\\\/it\\\/#organization\",\"name\":\"immo!nvest - Die Plattform f\\u00fcr Standorte und Immobilien\",\"description\":\"Die\\u00a0Plattform f\\u00fcr Standorte und Immobilien\",\"url\":\"https:\\\/\\\/www.immo-invest.ch\\\/it\\\/\",\"email\":\"admin@immomedia.ag\",\"telephone\":\"+41444420002\",\"logo\":{\"@type\":\"ImageObject\",\"url\":\"https:\\\/\\\/www.immo-invest.ch\\\/wp-content\\\/uploads\\\/2024\\\/09\\\/immoinvest_sm-scaled.jpg\",\"@id\":\"https:\\\/\\\/www.immo-invest.ch\\\/it\\\/aarauer-klimapreis-geht-an-aew-energie-ag\\\/#organizationLogo\",\"width\":2560,\"height\":1340},\"image\":{\"@id\":\"https:\\\/\\\/www.immo-invest.ch\\\/it\\\/aarauer-klimapreis-geht-an-aew-energie-ag\\\/#organizationLogo\"},\"sameAs\":[\"https:\\\/\\\/www.facebook.com\\\/people\\\/Immoinvest\\\/100077962920504\\\/\",\"https:\\\/\\\/x.com\\\/i\\\/flow\\\/login?redirect_after_login=immoinvest_ch\",\"https:\\\/\\\/www.instagram.com\\\/immoinvest_ch\\\/\",\"https:\\\/\\\/www.linkedin.com\\\/company\\\/immoinvest-swiss\"]},{\"@type\":\"Person\",\"@id\":\"https:\\\/\\\/www.immo-invest.ch\\\/it\\\/author\\\/immovestuser\\\/#author\",\"url\":\"https:\\\/\\\/www.immo-invest.ch\\\/it\\\/author\\\/immovestuser\\\/\",\"name\":\"immovestuser\",\"image\":{\"@type\":\"ImageObject\",\"@id\":\"https:\\\/\\\/www.immo-invest.ch\\\/it\\\/aarauer-klimapreis-geht-an-aew-energie-ag\\\/#authorImage\",\"url\":\"https:\\\/\\\/secure.gravatar.com\\\/avatar\\\/8e01f4d99f2eeea7a362ebb93305e1172a70e9293ba250f897a65c39f54cdd1e?s=96&d=mm&r=g\",\"width\":96,\"height\":96,\"caption\":\"immovestuser\"}},{\"@type\":\"WebPage\",\"@id\":\"https:\\\/\\\/www.immo-invest.ch\\\/it\\\/aarauer-klimapreis-geht-an-aew-energie-ag\\\/#webpage\",\"url\":\"https:\\\/\\\/www.immo-invest.ch\\\/it\\\/aarauer-klimapreis-geht-an-aew-energie-ag\\\/\",\"name\":\"Il Premio Aarau per il clima va a AEW Energie AG - immo!nvest - Die Plattform f\\u00fcr Standorte und Immobilien\",\"description\":\"AEW Energie ha vinto il Premio per il clima della citt\\u00e0 di Aarau di quest'anno. Il fornitore di servizi energetici \\u00e8 stato premiato per le sue misure di gestione sostenibile della mobilit\\u00e0.\",\"inLanguage\":\"it-IT\",\"isPartOf\":{\"@id\":\"https:\\\/\\\/www.immo-invest.ch\\\/it\\\/#website\"},\"breadcrumb\":{\"@id\":\"https:\\\/\\\/www.immo-invest.ch\\\/it\\\/aarauer-klimapreis-geht-an-aew-energie-ag\\\/#breadcrumblist\"},\"author\":{\"@id\":\"https:\\\/\\\/www.immo-invest.ch\\\/it\\\/author\\\/immovestuser\\\/#author\"},\"creator\":{\"@id\":\"https:\\\/\\\/www.immo-invest.ch\\\/it\\\/author\\\/immovestuser\\\/#author\"},\"image\":{\"@type\":\"ImageObject\",\"url\":\"https:\\\/\\\/www.immo-invest.ch\\\/wp-content\\\/uploads\\\/2022\\\/02\\\/Klima_3.jpg\",\"@id\":\"https:\\\/\\\/www.immo-invest.ch\\\/it\\\/aarauer-klimapreis-geht-an-aew-energie-ag\\\/#mainImage\",\"width\":1200,\"height\":720},\"primaryImageOfPage\":{\"@id\":\"https:\\\/\\\/www.immo-invest.ch\\\/it\\\/aarauer-klimapreis-geht-an-aew-energie-ag\\\/#mainImage\"},\"datePublished\":\"2024-02-05T08:39:43+01:00\",\"dateModified\":\"2024-02-05T08:50:52+01:00\"},{\"@type\":\"WebSite\",\"@id\":\"https:\\\/\\\/www.immo-invest.ch\\\/it\\\/#website\",\"url\":\"https:\\\/\\\/www.immo-invest.ch\\\/it\\\/\",\"name\":\"immo!nvest - Die Plattform f\\u00fcr Standorte und Immobilien\",\"description\":\"Die\\u00a0Plattform f\\u00fcr Standorte und Immobilien\",\"inLanguage\":\"it-IT\",\"publisher\":{\"@id\":\"https:\\\/\\\/www.immo-invest.ch\\\/it\\\/#organization\"}}]}\n\t\t<\/script>\n\t\t<!-- All in One SEO -->\n\n","aioseo_head_json":{"title":"Il Premio Aarau per il clima va a AEW Energie AG - immo!nvest - Die Plattform f\u00fcr Standorte und Immobilien","description":"AEW Energie ha vinto il Premio per il clima della citt\u00e0 di Aarau di quest'anno. Il fornitore di servizi energetici \u00e8 stato premiato per le sue misure di gestione sostenibile della mobilit\u00e0.","canonical_url":"https:\/\/www.immo-invest.ch\/it\/aarauer-klimapreis-geht-an-aew-energie-ag\/","robots":"max-image-preview:large","keywords":"","webmasterTools":{"google-site-verification":"fHJKvgWpZCR2zVBHWfkQeFXC11qieUSff0HGNYfuyLA","miscellaneous":""},"schema":{"@context":"https:\/\/schema.org","@graph":[{"@type":"BlogPosting","@id":"https:\/\/www.immo-invest.ch\/it\/aarauer-klimapreis-geht-an-aew-energie-ag\/#blogposting","name":"Il Premio Aarau per il clima va a AEW Energie AG - immo!nvest - Die Plattform f\u00fcr Standorte und Immobilien","headline":"Il Premio Aarau per il clima va a AEW Energie AG","author":{"@id":"https:\/\/www.immo-invest.ch\/it\/author\/immovestuser\/#author"},"publisher":{"@id":"https:\/\/www.immo-invest.ch\/it\/#organization"},"image":{"@type":"ImageObject","url":"https:\/\/www.immo-invest.ch\/wp-content\/uploads\/2022\/02\/Klima_3.jpg","width":1200,"height":720},"datePublished":"2024-02-05T08:39:43+01:00","dateModified":"2024-02-05T08:50:52+01:00","inLanguage":"it-IT","mainEntityOfPage":{"@id":"https:\/\/www.immo-invest.ch\/it\/aarauer-klimapreis-geht-an-aew-energie-ag\/#webpage"},"isPartOf":{"@id":"https:\/\/www.immo-invest.ch\/it\/aarauer-klimapreis-geht-an-aew-energie-ag\/#webpage"},"articleSection":"Energia, immoNews, Auszeichnung, Energie, energiedienstleistung, klima, Klimapreis, Mobilit\u00e4tsmanagement, Unternehmen, Optional"},{"@type":"BreadcrumbList","@id":"https:\/\/www.immo-invest.ch\/it\/aarauer-klimapreis-geht-an-aew-energie-ag\/#breadcrumblist","itemListElement":[{"@type":"ListItem","@id":"https:\/\/www.immo-invest.ch\/it\/#listItem","position":1,"name":"Home","item":"https:\/\/www.immo-invest.ch\/it\/","nextItem":{"@type":"ListItem","@id":"https:\/\/www.immo-invest.ch\/it\/categoria\/immonews-it\/#listItem","name":"immoNews"}},{"@type":"ListItem","@id":"https:\/\/www.immo-invest.ch\/it\/categoria\/immonews-it\/#listItem","position":2,"name":"immoNews","item":"https:\/\/www.immo-invest.ch\/it\/categoria\/immonews-it\/","nextItem":{"@type":"ListItem","@id":"https:\/\/www.immo-invest.ch\/it\/aarauer-klimapreis-geht-an-aew-energie-ag\/#listItem","name":"Il Premio Aarau per il clima va a AEW Energie AG"},"previousItem":{"@type":"ListItem","@id":"https:\/\/www.immo-invest.ch\/it\/#listItem","name":"Home"}},{"@type":"ListItem","@id":"https:\/\/www.immo-invest.ch\/it\/aarauer-klimapreis-geht-an-aew-energie-ag\/#listItem","position":3,"name":"Il Premio Aarau per il clima va a AEW Energie AG","previousItem":{"@type":"ListItem","@id":"https:\/\/www.immo-invest.ch\/it\/categoria\/immonews-it\/#listItem","name":"immoNews"}}]},{"@type":"Organization","@id":"https:\/\/www.immo-invest.ch\/it\/#organization","name":"immo!nvest - Die Plattform f\u00fcr Standorte und Immobilien","description":"Die\u00a0Plattform f\u00fcr Standorte und Immobilien","url":"https:\/\/www.immo-invest.ch\/it\/","email":"admin@immomedia.ag","telephone":"+41444420002","logo":{"@type":"ImageObject","url":"https:\/\/www.immo-invest.ch\/wp-content\/uploads\/2024\/09\/immoinvest_sm-scaled.jpg","@id":"https:\/\/www.immo-invest.ch\/it\/aarauer-klimapreis-geht-an-aew-energie-ag\/#organizationLogo","width":2560,"height":1340},"image":{"@id":"https:\/\/www.immo-invest.ch\/it\/aarauer-klimapreis-geht-an-aew-energie-ag\/#organizationLogo"},"sameAs":["https:\/\/www.facebook.com\/people\/Immoinvest\/100077962920504\/","https:\/\/x.com\/i\/flow\/login?redirect_after_login=immoinvest_ch","https:\/\/www.instagram.com\/immoinvest_ch\/","https:\/\/www.linkedin.com\/company\/immoinvest-swiss"]},{"@type":"Person","@id":"https:\/\/www.immo-invest.ch\/it\/author\/immovestuser\/#author","url":"https:\/\/www.immo-invest.ch\/it\/author\/immovestuser\/","name":"immovestuser","image":{"@type":"ImageObject","@id":"https:\/\/www.immo-invest.ch\/it\/aarauer-klimapreis-geht-an-aew-energie-ag\/#authorImage","url":"https:\/\/secure.gravatar.com\/avatar\/8e01f4d99f2eeea7a362ebb93305e1172a70e9293ba250f897a65c39f54cdd1e?s=96&d=mm&r=g","width":96,"height":96,"caption":"immovestuser"}},{"@type":"WebPage","@id":"https:\/\/www.immo-invest.ch\/it\/aarauer-klimapreis-geht-an-aew-energie-ag\/#webpage","url":"https:\/\/www.immo-invest.ch\/it\/aarauer-klimapreis-geht-an-aew-energie-ag\/","name":"Il Premio Aarau per il clima va a AEW Energie AG - immo!nvest - Die Plattform f\u00fcr Standorte und Immobilien","description":"AEW Energie ha vinto il Premio per il clima della citt\u00e0 di Aarau di quest'anno. Il fornitore di servizi energetici \u00e8 stato premiato per le sue misure di gestione sostenibile della mobilit\u00e0.","inLanguage":"it-IT","isPartOf":{"@id":"https:\/\/www.immo-invest.ch\/it\/#website"},"breadcrumb":{"@id":"https:\/\/www.immo-invest.ch\/it\/aarauer-klimapreis-geht-an-aew-energie-ag\/#breadcrumblist"},"author":{"@id":"https:\/\/www.immo-invest.ch\/it\/author\/immovestuser\/#author"},"creator":{"@id":"https:\/\/www.immo-invest.ch\/it\/author\/immovestuser\/#author"},"image":{"@type":"ImageObject","url":"https:\/\/www.immo-invest.ch\/wp-content\/uploads\/2022\/02\/Klima_3.jpg","@id":"https:\/\/www.immo-invest.ch\/it\/aarauer-klimapreis-geht-an-aew-energie-ag\/#mainImage","width":1200,"height":720},"primaryImageOfPage":{"@id":"https:\/\/www.immo-invest.ch\/it\/aarauer-klimapreis-geht-an-aew-energie-ag\/#mainImage"},"datePublished":"2024-02-05T08:39:43+01:00","dateModified":"2024-02-05T08:50:52+01:00"},{"@type":"WebSite","@id":"https:\/\/www.immo-invest.ch\/it\/#website","url":"https:\/\/www.immo-invest.ch\/it\/","name":"immo!nvest - Die Plattform f\u00fcr Standorte und Immobilien","description":"Die\u00a0Plattform f\u00fcr Standorte und Immobilien","inLanguage":"it-IT","publisher":{"@id":"https:\/\/www.immo-invest.ch\/it\/#organization"}}]},"og:locale":"it_IT","og:site_name":"immo!nvest - Die Plattform f\u00fcr Standorte und Immobilien - Die\u00a0Plattform f\u00fcr Standorte und Immobilien","og:type":"article","og:title":"Il Premio Aarau per il clima va a AEW Energie AG - immo!nvest - Die Plattform f\u00fcr Standorte und Immobilien","og:description":"AEW Energie ha vinto il Premio per il clima della citt\u00e0 di Aarau di quest'anno. Il fornitore di servizi energetici \u00e8 stato premiato per le sue misure di gestione sostenibile della mobilit\u00e0.","og:url":"https:\/\/www.immo-invest.ch\/it\/aarauer-klimapreis-geht-an-aew-energie-ag\/","og:image":"https:\/\/www.immo-invest.ch\/wp-content\/uploads\/2022\/02\/Klima_3.jpg","og:image:secure_url":"https:\/\/www.immo-invest.ch\/wp-content\/uploads\/2022\/02\/Klima_3.jpg","og:image:width":1200,"og:image:height":720,"article:published_time":"2024-02-05T07:39:43+00:00","article:modified_time":"2024-02-05T07:50:52+00:00","article:publisher":"https:\/\/www.facebook.com\/people\/Immoinvest\/100077962920504\/","twitter:card":"summary_large_image","twitter:site":"@i","twitter:title":"Il Premio Aarau per il clima va a AEW Energie AG - immo!nvest - Die Plattform f\u00fcr Standorte und Immobilien","twitter:description":"AEW Energie ha vinto il Premio per il clima della citt\u00e0 di Aarau di quest'anno. Il fornitore di servizi energetici \u00e8 stato premiato per le sue misure di gestione sostenibile della mobilit\u00e0.","twitter:creator":"@i","twitter:image":"https:\/\/www.immo-invest.ch\/wp-content\/uploads\/2022\/02\/Klima_3.jpg"},"aioseo_meta_data":{"post_id":"74315","title":null,"description":null,"keywords":null,"keyphrases":null,"primary_term":null,"canonical_url":null,"og_title":null,"og_description":null,"og_object_type":"default","og_image_type":"default","og_image_url":null,"og_image_width":null,"og_image_height":null,"og_image_custom_url":null,"og_image_custom_fields":null,"og_video":null,"og_custom_url":null,"og_article_section":null,"og_article_tags":null,"twitter_use_og":false,"twitter_card":"default","twitter_image_type":"default","twitter_image_url":null,"twitter_image_custom_url":null,"twitter_image_custom_fields":null,"twitter_title":null,"twitter_description":null,"schema":{"blockGraphs":[],"customGraphs":[],"default":{"data":{"Article":[],"Course":[],"Dataset":[],"FAQPage":[],"Movie":[],"Person":[],"Product":[],"ProductReview":[],"Car":[],"Recipe":[],"Service":[],"SoftwareApplication":[],"WebPage":[]},"graphName":"","isEnabled":true},"graphs":[]},"schema_type":"default","schema_type_options":null,"pillar_content":false,"robots_default":true,"robots_noindex":false,"robots_noarchive":false,"robots_nosnippet":false,"robots_nofollow":false,"robots_noimageindex":false,"robots_noodp":false,"robots_notranslate":false,"robots_max_snippet":null,"robots_max_videopreview":null,"robots_max_imagepreview":"large","priority":null,"frequency":null,"local_seo":null,"breadcrumb_settings":null,"limit_modified_date":false,"ai":null,"created":"2024-09-20 15:15:57","updated":"2025-10-23 21:13:14","seo_analyzer_scan_date":null,"focus_keyword":null,"additional_keywords":null,"truseo_locale":null},"aioseo_breadcrumb":"<div class=\"aioseo-breadcrumbs\"><span class=\"aioseo-breadcrumb\">\n\t\t\t<a href=\"https:\/\/www.immo-invest.ch\/it\/\" title=\"Home\">Home<\/a>\n\t\t<\/span><span class=\"aioseo-breadcrumb-separator\">&raquo;<\/span><span class=\"aioseo-breadcrumb\">\n\t\t\t<a href=\"https:\/\/www.immo-invest.ch\/it\/categoria\/immonews-it\/\" title=\"immoNews\">immoNews<\/a>\n\t\t<\/span><span class=\"aioseo-breadcrumb-separator\">&raquo;<\/span><span class=\"aioseo-breadcrumb\">\n\t\t\tIl Premio Aarau per il clima va a AEW Energie AG\n\t\t<\/span><\/div>","aioseo_breadcrumb_json":[{"label":"Home","link":"https:\/\/www.immo-invest.ch\/it\/"},{"label":"immoNews","link":"https:\/\/www.immo-invest.ch\/it\/categoria\/immonews-it\/"},{"label":"Il Premio Aarau per il clima va a AEW Energie AG","link":"https:\/\/www.immo-invest.ch\/it\/aarauer-klimapreis-geht-an-aew-energie-ag\/"}],"featured_image_src":"https:\/\/www.immo-invest.ch\/wp-content\/uploads\/2022\/02\/Klima_3-336x168.jpg","_links":{"self":[{"href":"https:\/\/www.immo-invest.ch\/it\/wp-json\/wp\/v2\/posts\/74315","targetHints":{"allow":["GET"]}}],"collection":[{"href":"https:\/\/www.immo-invest.ch\/it\/wp-json\/wp\/v2\/posts"}],"about":[{"href":"https:\/\/www.immo-invest.ch\/it\/wp-json\/wp\/v2\/types\/post"}],"author":[{"embeddable":true,"href":"https:\/\/www.immo-invest.ch\/it\/wp-json\/wp\/v2\/users\/2"}],"replies":[{"embeddable":true,"href":"https:\/\/www.immo-invest.ch\/it\/wp-json\/wp\/v2\/comments?post=74315"}],"version-history":[{"count":0,"href":"https:\/\/www.immo-invest.ch\/it\/wp-json\/wp\/v2\/posts\/74315\/revisions"}],"wp:featuredmedia":[{"embeddable":true,"href":"https:\/\/www.immo-invest.ch\/it\/wp-json\/wp\/v2\/media\/32872"}],"wp:attachment":[{"href":"https:\/\/www.immo-invest.ch\/it\/wp-json\/wp\/v2\/media?parent=74315"}],"wp:term":[{"taxonomy":"category","embeddable":true,"href":"https:\/\/www.immo-invest.ch\/it\/wp-json\/wp\/v2\/categories?post=74315"},{"taxonomy":"post_tag","embeddable":true,"href":"https:\/\/www.immo-invest.ch\/it\/wp-json\/wp\/v2\/tags?post=74315"}],"curies":[{"name":"wp","href":"https:\/\/api.w.org\/{rel}","templated":true}]}}