{"id":66419,"date":"2023-10-27T15:07:00","date_gmt":"2023-10-27T13:07:00","guid":{"rendered":"https:\/\/www.immo-invest.ch\/?p=66419"},"modified":"2023-10-27T15:07:06","modified_gmt":"2023-10-27T13:07:06","slug":"schweizer-technologiefonds-nimmt-emost-ag-auf","status":"publish","type":"post","link":"https:\/\/www.immo-invest.ch\/it\/schweizer-technologiefonds-nimmt-emost-ag-auf\/","title":{"rendered":"Schweizer Technologiefonds nimmt emost AG auf"},"content":{"rendered":"<p class=\"bodytext\">Die auf mobile Batteriespeicher spezialisierte <a href=\"https:\/\/emost.com\/\" target=\"_blank\" rel=\"noopener\">emost AG<\/a> ist laut einer&nbsp;<a href=\"https:\/\/emost.com\/aufnahme-ins-buergschaftsprogramm-des-schweizer-technologiefonds\/\" target=\"_blank\" rel=\"noopener\">Medienmitteilung<\/a> in das B&uuml;rgschaftsprogramm des <a href=\"https:\/\/www.technologiefonds.ch\/\" target=\"_blank\" rel=\"noopener\">Schweizer Technologiefonds<\/a> aufgenommen worden. Der Schweizer Technologiefonds ist beim Bundesamt f&uuml;r Umwelt (<a href=\"https:\/\/www.bafu.admin.ch\/bafu\/de\/home.html\" target=\"_blank\" rel=\"noopener\">BAFU<\/a>), Abteilung Klima, angesiedelt und unterst&uuml;tzt innovative Unternehmen, die wegweisende Technologien zur Reduktion von CO2-Emissionen entwickeln und zur F&ouml;rderung der Schweizer Wirtschaft beitragen.<\/p>\n<p class=\"bodytext\">Die emost AG ist ein Anbieterin von mobilen Batteriespeichern, die insbesondere in der Bau-, Veranstaltungs-&nbsp;und Filmbranche&nbsp;zur Anwendung kommen &bdquo;Diese Anerkennung zeigt, dass unser Engagement f&uuml;r &ouml;konomisch und &ouml;kologisch sinnvolle Alternativen zu Dieselgeneratoren anerkannt und gesch&auml;tzt wird&ldquo;, wird Benedikt Domke zitiert, CEO der emost AG mit Sitz in Dietikon. &bdquo;Mit der Unterst&uuml;tzung des Technologiefonds k&ouml;nnen wir unsere Skalierung nebst unserer Forschung und Entwicklung schneller vorantreiben und unser europaweites Vertriebsnetzwerk f&uuml;r mobile Energiespeicher f&uuml;r die Bau-, <span class=\"glossaryLink\"  aria-describedby=\"tt\"  data-cmtooltip=\"&lt;div class=glossaryItemTitle&gt;Event&lt;\/div&gt;&lt;div class=glossaryItemBody&gt;Erlebnisorientierte Veranstaltung zwecks Inszenierung von Produkten, Unternehmen oder Dienstleistungen&lt;\/div&gt;\"  data-mobile-support=\"0\"  data-gt-translate-attributes='[{\"attribute\":\"data-cmtooltip\", \"format\":\"html\"}]' tabindex='0' role='link'>Event<\/span>, und Filmindustrie ausbauen&ldquo;, so Domke weiter. &bdquo;Durch den direkten Ersatz von Dieselgeneratoren werden durch die Produkte von emost grosse&nbsp;Mengen des Treibhausgases CO2 eingespart&ldquo;, wird Simone Riedel Riley zitiert, Leiterin der Gesch&auml;ftsstelle Technologiefonds.<\/p>\n<p class=\"bodytext\">Die emost AG ist entstanden aus der Axpo. Ein Team von Axpo hatte in mehrj&auml;hriger Arbeit einen batteriebetriebenen Generator f&uuml;r Baustellen entwickelt. Die Technologie wurde im November 2022 laut einer&nbsp;<a href=\"https:\/\/www.axpo.com\/ch\/de\/ueber-uns\/medien-und-politik\/medienmitteilungen.detail.html\/medienmitteilungen\/2022\/axpo-verkauft-batterie-spin-off-emost.html\" target=\"_blank\" rel=\"noopener\">Mitteilung<\/a> an ein <span class=\"glossaryLink\" aria-describedby=\"tt\" data-cmtooltip=\"&lt;div class=glossaryItemTitle&gt;Konsortium&lt;\/div&gt;&lt;div class=glossaryItemBody&gt;Arbeitsgemeinschaft (Arge) von Unternehmen, die sich im gleichen Werkvertrag zur Ausf&uuml;hrung von Bauarbeiten verpflichten&lt;\/div&gt;\" data-mobile-support=\"0\" data-gt-translate-attributes='[{\"attribute\":\"data-cmtooltip\", \"format\":\"html\"}]' tabindex=\"0\" role=\"link\">Konsortium<\/span> aus dem Management und Unternehmern verkauft, das die emost AG gr&uuml;ndete.<\/p>\n","protected":false},"excerpt":{"rendered":"<p>Die emost AG ist in das B\u00fcrgschaftsprogramm des Schweizer Technologiefonds aufgenommen worden. Der Fonds des Bundes verb\u00fcrgt Darlehen f\u00fcr Firmen, deren Produkte eine Verminderung von CO2-Emissionen erm\u00f6glichen.<\/p>\n","protected":false},"author":2,"featured_media":66411,"comment_status":"open","ping_status":"open","sticky":false,"template":"","format":"standard","meta":{"pmpro_default_level":"","inline_featured_image":false,"_monsterinsights_skip_tracking":false,"footnotes":""},"categories":[8750,745],"tags":[2212,38451,867,3935,2006],"class_list":["post-66419","post","type-post","status-publish","format-standard","has-post-thumbnail","hentry","category-energia","category-immonews-it","tag-bauwesen-it","tag-emost-ag-it","tag-immoinvest-it","tag-immonews-it","tag-news-it","pmpro-has-access"],"acf":{"bild_mit_ki_erstellt_worden":[],"lead":"Dietikon ZH - Die emost AG ist in das B\u00fcrgschaftsprogramm des Schweizer Technologiefonds aufgenommen worden. Der Fonds des Bundes verb\u00fcrgt Darlehen f\u00fcr Firmen, deren Produkte eine Verminderung von CO2-Emissionen erm\u00f6glichen.","autor":"ce\/gba","ort":"Dietikon ZH","bildunterschrift":"","bild_im_grid":false,"gallerie":"","newsim":""},"aioseo_notices":[],"aioseo_head":"\n\t\t<!-- All in One SEO 5.0.1.1 - aioseo.com -->\n\t<meta name=\"description\" content=\"Die emost AG ist in das B\u00fcrgschaftsprogramm des Schweizer Technologiefonds aufgenommen worden. Der Fonds des Bundes verb\u00fcrgt Darlehen f\u00fcr Firmen, deren Produkte eine Verminderung von CO2-Emissionen erm\u00f6glichen.\" \/>\n\t<meta name=\"robots\" content=\"max-image-preview:large\" \/>\n\t<meta name=\"author\" content=\"immovestuser\"\/>\n\t<meta name=\"google-site-verification\" content=\"fHJKvgWpZCR2zVBHWfkQeFXC11qieUSff0HGNYfuyLA\" \/>\n\t<link rel=\"canonical\" href=\"https:\/\/www.immo-invest.ch\/it\/schweizer-technologiefonds-nimmt-emost-ag-auf\/\" \/>\n\t<meta name=\"generator\" content=\"All in One SEO (AIOSEO) 5.0.1.1\" \/>\n\t\t<meta property=\"og:locale\" content=\"it_IT\" \/>\n\t\t<meta property=\"og:site_name\" content=\"immo!nvest - Die Plattform f\u00fcr Standorte und Immobilien - Die\u00a0Plattform f\u00fcr Standorte und Immobilien\" \/>\n\t\t<meta property=\"og:type\" content=\"article\" \/>\n\t\t<meta property=\"og:title\" content=\"Schweizer Technologiefonds nimmt emost AG auf - immo!nvest - Die Plattform f\u00fcr Standorte und Immobilien\" \/>\n\t\t<meta property=\"og:description\" content=\"Die emost AG ist in das B\u00fcrgschaftsprogramm des Schweizer Technologiefonds aufgenommen worden. Der Fonds des Bundes verb\u00fcrgt Darlehen f\u00fcr Firmen, deren Produkte eine Verminderung von CO2-Emissionen erm\u00f6glichen.\" \/>\n\t\t<meta property=\"og:url\" content=\"https:\/\/www.immo-invest.ch\/it\/schweizer-technologiefonds-nimmt-emost-ag-auf\/\" \/>\n\t\t<meta property=\"og:image\" content=\"https:\/\/www.immo-invest.ch\/wp-content\/uploads\/2023\/10\/jumper-cables-926308_1280.jpg\" \/>\n\t\t<meta property=\"og:image:secure_url\" content=\"https:\/\/www.immo-invest.ch\/wp-content\/uploads\/2023\/10\/jumper-cables-926308_1280.jpg\" \/>\n\t\t<meta property=\"og:image:width\" content=\"1280\" \/>\n\t\t<meta property=\"og:image:height\" content=\"960\" \/>\n\t\t<meta property=\"article:published_time\" content=\"2023-10-27T13:07:00+00:00\" \/>\n\t\t<meta property=\"article:modified_time\" content=\"2023-10-27T13:07:06+00:00\" \/>\n\t\t<meta property=\"article:publisher\" content=\"https:\/\/www.facebook.com\/people\/Immoinvest\/100077962920504\/\" \/>\n\t\t<meta name=\"twitter:card\" content=\"summary_large_image\" \/>\n\t\t<meta name=\"twitter:site\" content=\"@i\" \/>\n\t\t<meta name=\"twitter:title\" content=\"Schweizer Technologiefonds nimmt emost AG auf - immo!nvest - Die Plattform f\u00fcr Standorte und Immobilien\" \/>\n\t\t<meta name=\"twitter:description\" content=\"Die emost AG ist in das B\u00fcrgschaftsprogramm des Schweizer Technologiefonds aufgenommen worden. Der Fonds des Bundes verb\u00fcrgt Darlehen f\u00fcr Firmen, deren Produkte eine Verminderung von CO2-Emissionen erm\u00f6glichen.\" \/>\n\t\t<meta name=\"twitter:creator\" content=\"@i\" \/>\n\t\t<meta name=\"twitter:image\" content=\"https:\/\/www.immo-invest.ch\/wp-content\/uploads\/2023\/10\/jumper-cables-926308_1280.jpg\" \/>\n\t\t<script type=\"application\/ld+json\" class=\"aioseo-schema\">\n\t\t\t{\"@context\":\"https:\\\/\\\/schema.org\",\"@graph\":[{\"@type\":\"BlogPosting\",\"@id\":\"https:\\\/\\\/www.immo-invest.ch\\\/it\\\/schweizer-technologiefonds-nimmt-emost-ag-auf\\\/#blogposting\",\"name\":\"Schweizer Technologiefonds nimmt emost AG auf - immo!nvest - Die Plattform f\\u00fcr Standorte und Immobilien\",\"headline\":\"Schweizer Technologiefonds nimmt emost AG auf\",\"author\":{\"@id\":\"https:\\\/\\\/www.immo-invest.ch\\\/it\\\/author\\\/immovestuser\\\/#author\"},\"publisher\":{\"@id\":\"https:\\\/\\\/www.immo-invest.ch\\\/it\\\/#organization\"},\"image\":{\"@type\":\"ImageObject\",\"url\":\"https:\\\/\\\/www.immo-invest.ch\\\/wp-content\\\/uploads\\\/2023\\\/10\\\/jumper-cables-926308_1280.jpg\",\"width\":1280,\"height\":960},\"datePublished\":\"2023-10-27T15:07:00+02:00\",\"dateModified\":\"2023-10-27T15:07:06+02:00\",\"inLanguage\":\"it-IT\",\"mainEntityOfPage\":{\"@id\":\"https:\\\/\\\/www.immo-invest.ch\\\/it\\\/schweizer-technologiefonds-nimmt-emost-ag-auf\\\/#webpage\"},\"isPartOf\":{\"@id\":\"https:\\\/\\\/www.immo-invest.ch\\\/it\\\/schweizer-technologiefonds-nimmt-emost-ag-auf\\\/#webpage\"},\"articleSection\":\"Energia, immoNews, Bauwesen, emost AG, Immoinvest, immoNews, News, Optional\"},{\"@type\":\"BreadcrumbList\",\"@id\":\"https:\\\/\\\/www.immo-invest.ch\\\/it\\\/schweizer-technologiefonds-nimmt-emost-ag-auf\\\/#breadcrumblist\",\"itemListElement\":[{\"@type\":\"ListItem\",\"@id\":\"https:\\\/\\\/www.immo-invest.ch\\\/it\\\/#listItem\",\"position\":1,\"name\":\"Home\",\"item\":\"https:\\\/\\\/www.immo-invest.ch\\\/it\\\/\",\"nextItem\":{\"@type\":\"ListItem\",\"@id\":\"https:\\\/\\\/www.immo-invest.ch\\\/it\\\/categoria\\\/immonews-it\\\/#listItem\",\"name\":\"immoNews\"}},{\"@type\":\"ListItem\",\"@id\":\"https:\\\/\\\/www.immo-invest.ch\\\/it\\\/categoria\\\/immonews-it\\\/#listItem\",\"position\":2,\"name\":\"immoNews\",\"item\":\"https:\\\/\\\/www.immo-invest.ch\\\/it\\\/categoria\\\/immonews-it\\\/\",\"nextItem\":{\"@type\":\"ListItem\",\"@id\":\"https:\\\/\\\/www.immo-invest.ch\\\/it\\\/schweizer-technologiefonds-nimmt-emost-ag-auf\\\/#listItem\",\"name\":\"Schweizer Technologiefonds nimmt emost AG auf\"},\"previousItem\":{\"@type\":\"ListItem\",\"@id\":\"https:\\\/\\\/www.immo-invest.ch\\\/it\\\/#listItem\",\"name\":\"Home\"}},{\"@type\":\"ListItem\",\"@id\":\"https:\\\/\\\/www.immo-invest.ch\\\/it\\\/schweizer-technologiefonds-nimmt-emost-ag-auf\\\/#listItem\",\"position\":3,\"name\":\"Schweizer Technologiefonds nimmt emost AG auf\",\"previousItem\":{\"@type\":\"ListItem\",\"@id\":\"https:\\\/\\\/www.immo-invest.ch\\\/it\\\/categoria\\\/immonews-it\\\/#listItem\",\"name\":\"immoNews\"}}]},{\"@type\":\"Organization\",\"@id\":\"https:\\\/\\\/www.immo-invest.ch\\\/it\\\/#organization\",\"name\":\"immo!nvest - Die Plattform f\\u00fcr Standorte und Immobilien\",\"description\":\"Die\\u00a0Plattform f\\u00fcr Standorte und Immobilien\",\"url\":\"https:\\\/\\\/www.immo-invest.ch\\\/it\\\/\",\"email\":\"admin@immomedia.ag\",\"telephone\":\"+41444420002\",\"logo\":{\"@type\":\"ImageObject\",\"url\":\"https:\\\/\\\/www.immo-invest.ch\\\/wp-content\\\/uploads\\\/2024\\\/09\\\/immoinvest_sm-scaled.jpg\",\"@id\":\"https:\\\/\\\/www.immo-invest.ch\\\/it\\\/schweizer-technologiefonds-nimmt-emost-ag-auf\\\/#organizationLogo\",\"width\":2560,\"height\":1340},\"image\":{\"@id\":\"https:\\\/\\\/www.immo-invest.ch\\\/it\\\/schweizer-technologiefonds-nimmt-emost-ag-auf\\\/#organizationLogo\"},\"sameAs\":[\"https:\\\/\\\/www.facebook.com\\\/people\\\/Immoinvest\\\/100077962920504\\\/\",\"https:\\\/\\\/x.com\\\/i\\\/flow\\\/login?redirect_after_login=immoinvest_ch\",\"https:\\\/\\\/www.instagram.com\\\/immoinvest_ch\\\/\",\"https:\\\/\\\/www.linkedin.com\\\/company\\\/immoinvest-swiss\"]},{\"@type\":\"Person\",\"@id\":\"https:\\\/\\\/www.immo-invest.ch\\\/it\\\/author\\\/immovestuser\\\/#author\",\"url\":\"https:\\\/\\\/www.immo-invest.ch\\\/it\\\/author\\\/immovestuser\\\/\",\"name\":\"immovestuser\",\"image\":{\"@type\":\"ImageObject\",\"@id\":\"https:\\\/\\\/www.immo-invest.ch\\\/it\\\/schweizer-technologiefonds-nimmt-emost-ag-auf\\\/#authorImage\",\"url\":\"https:\\\/\\\/secure.gravatar.com\\\/avatar\\\/8e01f4d99f2eeea7a362ebb93305e1172a70e9293ba250f897a65c39f54cdd1e?s=96&d=mm&r=g\",\"width\":96,\"height\":96,\"caption\":\"immovestuser\"}},{\"@type\":\"WebPage\",\"@id\":\"https:\\\/\\\/www.immo-invest.ch\\\/it\\\/schweizer-technologiefonds-nimmt-emost-ag-auf\\\/#webpage\",\"url\":\"https:\\\/\\\/www.immo-invest.ch\\\/it\\\/schweizer-technologiefonds-nimmt-emost-ag-auf\\\/\",\"name\":\"Schweizer Technologiefonds nimmt emost AG auf - immo!nvest - Die Plattform f\\u00fcr Standorte und Immobilien\",\"description\":\"Die emost AG ist in das B\\u00fcrgschaftsprogramm des Schweizer Technologiefonds aufgenommen worden. Der Fonds des Bundes verb\\u00fcrgt Darlehen f\\u00fcr Firmen, deren Produkte eine Verminderung von CO2-Emissionen erm\\u00f6glichen.\",\"inLanguage\":\"it-IT\",\"isPartOf\":{\"@id\":\"https:\\\/\\\/www.immo-invest.ch\\\/it\\\/#website\"},\"breadcrumb\":{\"@id\":\"https:\\\/\\\/www.immo-invest.ch\\\/it\\\/schweizer-technologiefonds-nimmt-emost-ag-auf\\\/#breadcrumblist\"},\"author\":{\"@id\":\"https:\\\/\\\/www.immo-invest.ch\\\/it\\\/author\\\/immovestuser\\\/#author\"},\"creator\":{\"@id\":\"https:\\\/\\\/www.immo-invest.ch\\\/it\\\/author\\\/immovestuser\\\/#author\"},\"image\":{\"@type\":\"ImageObject\",\"url\":\"https:\\\/\\\/www.immo-invest.ch\\\/wp-content\\\/uploads\\\/2023\\\/10\\\/jumper-cables-926308_1280.jpg\",\"@id\":\"https:\\\/\\\/www.immo-invest.ch\\\/it\\\/schweizer-technologiefonds-nimmt-emost-ag-auf\\\/#mainImage\",\"width\":1280,\"height\":960},\"primaryImageOfPage\":{\"@id\":\"https:\\\/\\\/www.immo-invest.ch\\\/it\\\/schweizer-technologiefonds-nimmt-emost-ag-auf\\\/#mainImage\"},\"datePublished\":\"2023-10-27T15:07:00+02:00\",\"dateModified\":\"2023-10-27T15:07:06+02:00\"},{\"@type\":\"WebSite\",\"@id\":\"https:\\\/\\\/www.immo-invest.ch\\\/it\\\/#website\",\"url\":\"https:\\\/\\\/www.immo-invest.ch\\\/it\\\/\",\"name\":\"immo!nvest - Die Plattform f\\u00fcr Standorte und Immobilien\",\"description\":\"Die\\u00a0Plattform f\\u00fcr Standorte und Immobilien\",\"inLanguage\":\"it-IT\",\"publisher\":{\"@id\":\"https:\\\/\\\/www.immo-invest.ch\\\/it\\\/#organization\"}}]}\n\t\t<\/script>\n\t\t<!-- All in One SEO -->\n\n","aioseo_head_json":{"title":"Schweizer Technologiefonds nimmt emost AG auf - immo!nvest - Die Plattform f\u00fcr Standorte und Immobilien","description":"Die emost AG ist in das B\u00fcrgschaftsprogramm des Schweizer Technologiefonds aufgenommen worden. Der Fonds des Bundes verb\u00fcrgt Darlehen f\u00fcr Firmen, deren Produkte eine Verminderung von CO2-Emissionen erm\u00f6glichen.","canonical_url":"https:\/\/www.immo-invest.ch\/it\/schweizer-technologiefonds-nimmt-emost-ag-auf\/","robots":"max-image-preview:large","keywords":"","webmasterTools":{"google-site-verification":"fHJKvgWpZCR2zVBHWfkQeFXC11qieUSff0HGNYfuyLA","miscellaneous":""},"schema":{"@context":"https:\/\/schema.org","@graph":[{"@type":"BlogPosting","@id":"https:\/\/www.immo-invest.ch\/it\/schweizer-technologiefonds-nimmt-emost-ag-auf\/#blogposting","name":"Schweizer Technologiefonds nimmt emost AG auf - immo!nvest - Die Plattform f\u00fcr Standorte und Immobilien","headline":"Schweizer Technologiefonds nimmt emost AG auf","author":{"@id":"https:\/\/www.immo-invest.ch\/it\/author\/immovestuser\/#author"},"publisher":{"@id":"https:\/\/www.immo-invest.ch\/it\/#organization"},"image":{"@type":"ImageObject","url":"https:\/\/www.immo-invest.ch\/wp-content\/uploads\/2023\/10\/jumper-cables-926308_1280.jpg","width":1280,"height":960},"datePublished":"2023-10-27T15:07:00+02:00","dateModified":"2023-10-27T15:07:06+02:00","inLanguage":"it-IT","mainEntityOfPage":{"@id":"https:\/\/www.immo-invest.ch\/it\/schweizer-technologiefonds-nimmt-emost-ag-auf\/#webpage"},"isPartOf":{"@id":"https:\/\/www.immo-invest.ch\/it\/schweizer-technologiefonds-nimmt-emost-ag-auf\/#webpage"},"articleSection":"Energia, immoNews, Bauwesen, emost AG, Immoinvest, immoNews, News, Optional"},{"@type":"BreadcrumbList","@id":"https:\/\/www.immo-invest.ch\/it\/schweizer-technologiefonds-nimmt-emost-ag-auf\/#breadcrumblist","itemListElement":[{"@type":"ListItem","@id":"https:\/\/www.immo-invest.ch\/it\/#listItem","position":1,"name":"Home","item":"https:\/\/www.immo-invest.ch\/it\/","nextItem":{"@type":"ListItem","@id":"https:\/\/www.immo-invest.ch\/it\/categoria\/immonews-it\/#listItem","name":"immoNews"}},{"@type":"ListItem","@id":"https:\/\/www.immo-invest.ch\/it\/categoria\/immonews-it\/#listItem","position":2,"name":"immoNews","item":"https:\/\/www.immo-invest.ch\/it\/categoria\/immonews-it\/","nextItem":{"@type":"ListItem","@id":"https:\/\/www.immo-invest.ch\/it\/schweizer-technologiefonds-nimmt-emost-ag-auf\/#listItem","name":"Schweizer Technologiefonds nimmt emost AG auf"},"previousItem":{"@type":"ListItem","@id":"https:\/\/www.immo-invest.ch\/it\/#listItem","name":"Home"}},{"@type":"ListItem","@id":"https:\/\/www.immo-invest.ch\/it\/schweizer-technologiefonds-nimmt-emost-ag-auf\/#listItem","position":3,"name":"Schweizer Technologiefonds nimmt emost AG auf","previousItem":{"@type":"ListItem","@id":"https:\/\/www.immo-invest.ch\/it\/categoria\/immonews-it\/#listItem","name":"immoNews"}}]},{"@type":"Organization","@id":"https:\/\/www.immo-invest.ch\/it\/#organization","name":"immo!nvest - Die Plattform f\u00fcr Standorte und Immobilien","description":"Die\u00a0Plattform f\u00fcr Standorte und Immobilien","url":"https:\/\/www.immo-invest.ch\/it\/","email":"admin@immomedia.ag","telephone":"+41444420002","logo":{"@type":"ImageObject","url":"https:\/\/www.immo-invest.ch\/wp-content\/uploads\/2024\/09\/immoinvest_sm-scaled.jpg","@id":"https:\/\/www.immo-invest.ch\/it\/schweizer-technologiefonds-nimmt-emost-ag-auf\/#organizationLogo","width":2560,"height":1340},"image":{"@id":"https:\/\/www.immo-invest.ch\/it\/schweizer-technologiefonds-nimmt-emost-ag-auf\/#organizationLogo"},"sameAs":["https:\/\/www.facebook.com\/people\/Immoinvest\/100077962920504\/","https:\/\/x.com\/i\/flow\/login?redirect_after_login=immoinvest_ch","https:\/\/www.instagram.com\/immoinvest_ch\/","https:\/\/www.linkedin.com\/company\/immoinvest-swiss"]},{"@type":"Person","@id":"https:\/\/www.immo-invest.ch\/it\/author\/immovestuser\/#author","url":"https:\/\/www.immo-invest.ch\/it\/author\/immovestuser\/","name":"immovestuser","image":{"@type":"ImageObject","@id":"https:\/\/www.immo-invest.ch\/it\/schweizer-technologiefonds-nimmt-emost-ag-auf\/#authorImage","url":"https:\/\/secure.gravatar.com\/avatar\/8e01f4d99f2eeea7a362ebb93305e1172a70e9293ba250f897a65c39f54cdd1e?s=96&d=mm&r=g","width":96,"height":96,"caption":"immovestuser"}},{"@type":"WebPage","@id":"https:\/\/www.immo-invest.ch\/it\/schweizer-technologiefonds-nimmt-emost-ag-auf\/#webpage","url":"https:\/\/www.immo-invest.ch\/it\/schweizer-technologiefonds-nimmt-emost-ag-auf\/","name":"Schweizer Technologiefonds nimmt emost AG auf - immo!nvest - Die Plattform f\u00fcr Standorte und Immobilien","description":"Die emost AG ist in das B\u00fcrgschaftsprogramm des Schweizer Technologiefonds aufgenommen worden. Der Fonds des Bundes verb\u00fcrgt Darlehen f\u00fcr Firmen, deren Produkte eine Verminderung von CO2-Emissionen erm\u00f6glichen.","inLanguage":"it-IT","isPartOf":{"@id":"https:\/\/www.immo-invest.ch\/it\/#website"},"breadcrumb":{"@id":"https:\/\/www.immo-invest.ch\/it\/schweizer-technologiefonds-nimmt-emost-ag-auf\/#breadcrumblist"},"author":{"@id":"https:\/\/www.immo-invest.ch\/it\/author\/immovestuser\/#author"},"creator":{"@id":"https:\/\/www.immo-invest.ch\/it\/author\/immovestuser\/#author"},"image":{"@type":"ImageObject","url":"https:\/\/www.immo-invest.ch\/wp-content\/uploads\/2023\/10\/jumper-cables-926308_1280.jpg","@id":"https:\/\/www.immo-invest.ch\/it\/schweizer-technologiefonds-nimmt-emost-ag-auf\/#mainImage","width":1280,"height":960},"primaryImageOfPage":{"@id":"https:\/\/www.immo-invest.ch\/it\/schweizer-technologiefonds-nimmt-emost-ag-auf\/#mainImage"},"datePublished":"2023-10-27T15:07:00+02:00","dateModified":"2023-10-27T15:07:06+02:00"},{"@type":"WebSite","@id":"https:\/\/www.immo-invest.ch\/it\/#website","url":"https:\/\/www.immo-invest.ch\/it\/","name":"immo!nvest - Die Plattform f\u00fcr Standorte und Immobilien","description":"Die\u00a0Plattform f\u00fcr Standorte und Immobilien","inLanguage":"it-IT","publisher":{"@id":"https:\/\/www.immo-invest.ch\/it\/#organization"}}]},"og:locale":"it_IT","og:site_name":"immo!nvest - Die Plattform f\u00fcr Standorte und Immobilien - Die\u00a0Plattform f\u00fcr Standorte und Immobilien","og:type":"article","og:title":"Schweizer Technologiefonds nimmt emost AG auf - immo!nvest - Die Plattform f\u00fcr Standorte und Immobilien","og:description":"Die emost AG ist in das B\u00fcrgschaftsprogramm des Schweizer Technologiefonds aufgenommen worden. Der Fonds des Bundes verb\u00fcrgt Darlehen f\u00fcr Firmen, deren Produkte eine Verminderung von CO2-Emissionen erm\u00f6glichen.","og:url":"https:\/\/www.immo-invest.ch\/it\/schweizer-technologiefonds-nimmt-emost-ag-auf\/","og:image":"https:\/\/www.immo-invest.ch\/wp-content\/uploads\/2023\/10\/jumper-cables-926308_1280.jpg","og:image:secure_url":"https:\/\/www.immo-invest.ch\/wp-content\/uploads\/2023\/10\/jumper-cables-926308_1280.jpg","og:image:width":1280,"og:image:height":960,"article:published_time":"2023-10-27T13:07:00+00:00","article:modified_time":"2023-10-27T13:07:06+00:00","article:publisher":"https:\/\/www.facebook.com\/people\/Immoinvest\/100077962920504\/","twitter:card":"summary_large_image","twitter:site":"@i","twitter:title":"Schweizer Technologiefonds nimmt emost AG auf - immo!nvest - Die Plattform f\u00fcr Standorte und Immobilien","twitter:description":"Die emost AG ist in das B\u00fcrgschaftsprogramm des Schweizer Technologiefonds aufgenommen worden. Der Fonds des Bundes verb\u00fcrgt Darlehen f\u00fcr Firmen, deren Produkte eine Verminderung von CO2-Emissionen erm\u00f6glichen.","twitter:creator":"@i","twitter:image":"https:\/\/www.immo-invest.ch\/wp-content\/uploads\/2023\/10\/jumper-cables-926308_1280.jpg"},"aioseo_meta_data":{"post_id":"66419","title":null,"description":null,"keywords":null,"keyphrases":null,"primary_term":null,"canonical_url":null,"og_title":null,"og_description":null,"og_object_type":"default","og_image_type":"default","og_image_url":null,"og_image_width":null,"og_image_height":null,"og_image_custom_url":null,"og_image_custom_fields":null,"og_video":null,"og_custom_url":null,"og_article_section":null,"og_article_tags":null,"twitter_use_og":false,"twitter_card":"default","twitter_image_type":"default","twitter_image_url":null,"twitter_image_custom_url":null,"twitter_image_custom_fields":null,"twitter_title":null,"twitter_description":null,"schema":{"blockGraphs":[],"customGraphs":[],"default":{"data":{"Article":[],"Course":[],"Dataset":[],"FAQPage":[],"Movie":[],"Person":[],"Product":[],"ProductReview":[],"Car":[],"Recipe":[],"Service":[],"SoftwareApplication":[],"WebPage":[]},"graphName":"","isEnabled":true},"graphs":[]},"schema_type":"default","schema_type_options":null,"pillar_content":false,"robots_default":true,"robots_noindex":false,"robots_noarchive":false,"robots_nosnippet":false,"robots_nofollow":false,"robots_noimageindex":false,"robots_noodp":false,"robots_notranslate":false,"robots_max_snippet":null,"robots_max_videopreview":null,"robots_max_imagepreview":"large","priority":null,"frequency":null,"local_seo":null,"breadcrumb_settings":null,"limit_modified_date":false,"ai":null,"created":"2024-09-20 11:17:00","updated":"2025-10-23 17:12:15","seo_analyzer_scan_date":null,"focus_keyword":null,"additional_keywords":null,"truseo_locale":null},"aioseo_breadcrumb":"<div class=\"aioseo-breadcrumbs\"><span class=\"aioseo-breadcrumb\">\n\t\t\t<a href=\"https:\/\/www.immo-invest.ch\/it\/\" title=\"Home\">Home<\/a>\n\t\t<\/span><span class=\"aioseo-breadcrumb-separator\">&raquo;<\/span><span class=\"aioseo-breadcrumb\">\n\t\t\t<a href=\"https:\/\/www.immo-invest.ch\/it\/categoria\/immonews-it\/\" title=\"immoNews\">immoNews<\/a>\n\t\t<\/span><span class=\"aioseo-breadcrumb-separator\">&raquo;<\/span><span class=\"aioseo-breadcrumb\">\n\t\t\tSchweizer Technologiefonds nimmt emost AG auf\n\t\t<\/span><\/div>","aioseo_breadcrumb_json":[{"label":"Home","link":"https:\/\/www.immo-invest.ch\/it\/"},{"label":"immoNews","link":"https:\/\/www.immo-invest.ch\/it\/categoria\/immonews-it\/"},{"label":"Schweizer Technologiefonds nimmt emost AG auf","link":"https:\/\/www.immo-invest.ch\/it\/schweizer-technologiefonds-nimmt-emost-ag-auf\/"}],"featured_image_src":"https:\/\/www.immo-invest.ch\/wp-content\/uploads\/2023\/10\/jumper-cables-926308_1280-336x168.jpg","_links":{"self":[{"href":"https:\/\/www.immo-invest.ch\/it\/wp-json\/wp\/v2\/posts\/66419","targetHints":{"allow":["GET"]}}],"collection":[{"href":"https:\/\/www.immo-invest.ch\/it\/wp-json\/wp\/v2\/posts"}],"about":[{"href":"https:\/\/www.immo-invest.ch\/it\/wp-json\/wp\/v2\/types\/post"}],"author":[{"embeddable":true,"href":"https:\/\/www.immo-invest.ch\/it\/wp-json\/wp\/v2\/users\/2"}],"replies":[{"embeddable":true,"href":"https:\/\/www.immo-invest.ch\/it\/wp-json\/wp\/v2\/comments?post=66419"}],"version-history":[{"count":0,"href":"https:\/\/www.immo-invest.ch\/it\/wp-json\/wp\/v2\/posts\/66419\/revisions"}],"wp:featuredmedia":[{"embeddable":true,"href":"https:\/\/www.immo-invest.ch\/it\/wp-json\/wp\/v2\/media\/66411"}],"wp:attachment":[{"href":"https:\/\/www.immo-invest.ch\/it\/wp-json\/wp\/v2\/media?parent=66419"}],"wp:term":[{"taxonomy":"category","embeddable":true,"href":"https:\/\/www.immo-invest.ch\/it\/wp-json\/wp\/v2\/categories?post=66419"},{"taxonomy":"post_tag","embeddable":true,"href":"https:\/\/www.immo-invest.ch\/it\/wp-json\/wp\/v2\/tags?post=66419"}],"curies":[{"name":"wp","href":"https:\/\/api.w.org\/{rel}","templated":true}]}}