{"id":65621,"date":"2023-10-11T08:36:41","date_gmt":"2023-10-11T06:36:41","guid":{"rendered":"https:\/\/www.immo-invest.ch\/neustark-expandiert-in-die-eu\/"},"modified":"2023-10-11T08:41:03","modified_gmt":"2023-10-11T06:41:03","slug":"neustark-expandiert-in-die-eu","status":"publish","type":"post","link":"https:\/\/www.immo-invest.ch\/it\/neustark-expandiert-in-die-eu\/","title":{"rendered":"Neustark si espande nell&#8217;UE"},"content":{"rendered":"<p class=\"bodytext\"><a href=\"https:\/\/www.neustark.com\/de\/\" target=\"_blank\" rel=\"noopener\">Neustark<\/a> ha aperto un impianto commerciale per lo stoccaggio permanente di CO2 nel calcestruzzo da demolizione, insieme all&rsquo;<a href=\"https:\/\/heim-gruppe.de\/\" target=\"_blank\" rel=\"noopener\">azienda di costruzione e riciclaggio Heim<\/a>. Nell&rsquo;impianto, pi&ugrave; di 1000 tonnellate di CO2 biogenica possono essere rimosse dall&rsquo;atmosfera e legate ogni anno, informa l&rsquo;azienda ClimateTech di Berna in un comunicato. La CO2 mineralizzata nel calcestruzzo da demolizione proviene principalmente dall&rsquo;<a href=\"https:\/\/www.mvv.de\/ueber-uns\/unternehmensgruppe\/mvv-umwelt\/erneuerbare-energien\/bioabfallvergaerung\/bioabfallvergaerung-dresden\" target=\"_blank\" rel=\"noopener\">impianto di fermentazione dei rifiuti biologici di MVV a Dresda-Klotzsche<\/a>.<\/p>\n<p class=\"bodytext\">&ldquo;Secondo il Gruppo Intergovernativo sul Cambiamento Climatico, le emissioni negative sono indispensabili per raggiungere i nostri obiettivi netti zero&rdquo;, afferma Johannes Tiefenthaler, fondatore e co-CEO di neustark, nel comunicato stampa. La giovane azienda bernese ha sviluppato un metodo a tal fine, in cui il calcestruzzo di demolizione viene trasformato in un corrispondente pozzo per le emissioni di CO2. &ldquo;Una novit&agrave; anche in Germania, che rappresenta un grande passo per neustark, ma soprattutto per l&rsquo;intero mercato della rimozione di CO2&rdquo;, afferma Tiefenthaler.<\/p>\n<p class=\"bodytext\">Nella tecnologia di neustark, la CO2 viene convertita in calcare, che si lega ai pori e alla superficie del granulato di cemento. Il granulato cos&igrave; carbonato pu&ograve; essere utilizzato nella costruzione di strade o per la produzione di calcestruzzo riciclato. Nei dodici impianti di grandi dimensioni attualmente gestiti da neustark in Svizzera e Germania, ogni anno vengono legate circa 5000 tonnellate di CO2.<\/p>\n<p class=\"bodytext\">Neustark si &egrave; posta l&rsquo;obiettivo di espandere la sua capacit&agrave; annuale a 1 milione di tonnellate di CO2 entro il 2030. A tal fine, sono previsti altri 15 impianti nella regione DACH e in Francia. Un altro passo importante &egrave; l&rsquo;adozione della tecnologia negli impianti di riciclaggio di <a href=\"https:\/\/www.holcim.com\/\" target=\"_blank\" rel=\"noopener\">Holcim<\/a>.<\/p>\n","protected":false},"excerpt":{"rendered":"<p>Bern\/Berlin &#8211; Neustark hat mit der Recyclingfirma Heim seine erste Speicheranlage f\u00fcr CO2 in Deutschland er\u00f6ffnet. In der Anlage in Berlin-Marzahn werden j\u00e4hrlich rund 1000 Tonnen biogenes CO2 in Abbruchbeton gespeichert. In den n\u00e4chsten Jahren will neustark weitere 15 Projekte in der EU realisieren.<\/p>\n","protected":false},"author":2,"featured_media":65617,"comment_status":"open","ping_status":"open","sticky":false,"template":"","format":"standard","meta":{"pmpro_default_level":"","inline_featured_image":false,"_monsterinsights_skip_tracking":false,"footnotes":""},"categories":[9446,9431,745,22695],"tags":[2212,1672,867,3935,2006],"class_list":["post-65621","post","type-post","status-publish","format-standard","has-post-thumbnail","hentry","category-regione-berna","category-business-it","category-immonews-it","category-societa","tag-bauwesen-it","tag-europa-it","tag-immoinvest-it","tag-immonews-it","tag-news-it","pmpro-has-access"],"acf":{"bild_mit_ki_erstellt_worden":[],"lead":"Bern\/Berlin - Neustark hat mit der Recyclingfirma Heim seine erste Speicheranlage f\u00fcr CO2 in Deutschland er\u00f6ffnet. In der Anlage in Berlin-Marzahn werden j\u00e4hrlich rund 1000 Tonnen biogenes CO2 in Abbruchbeton gespeichert. In den n\u00e4chsten Jahren will neustark weitere 15 Projekte in der EU realisieren.","autor":"ce\/hs","ort":"Bern\/Berlin","bildunterschrift":"","bild_im_grid":false,"gallerie":"","newsim":""},"aioseo_notices":[],"aioseo_head":"\n\t\t<!-- All in One SEO 5.0.0.1 - aioseo.com -->\n\t<meta name=\"description\" content=\"Bern\/Berlin \u2013 Neustark hat mit der Recyclingfirma Heim seine erste Speicheranlage f\u00fcr CO2 in Deutschland er\u00f6ffnet. In der Anlage in Berlin-Marzahn werden j\u00e4hrlich rund 1000 Tonnen biogenes CO2 in Abbruchbeton gespeichert. In den n\u00e4chsten Jahren will neustark weitere 15 Projekte in der EU realisieren.\" \/>\n\t<meta name=\"robots\" content=\"max-image-preview:large\" \/>\n\t<meta name=\"author\" content=\"immovestuser\"\/>\n\t<meta name=\"google-site-verification\" content=\"fHJKvgWpZCR2zVBHWfkQeFXC11qieUSff0HGNYfuyLA\" \/>\n\t<link rel=\"canonical\" href=\"https:\/\/www.immo-invest.ch\/it\/neustark-expandiert-in-die-eu\/\" \/>\n\t<meta name=\"generator\" content=\"All in One SEO (AIOSEO) 5.0.0.1\" \/>\n\t\t<meta property=\"og:locale\" content=\"it_IT\" \/>\n\t\t<meta property=\"og:site_name\" content=\"immo!nvest - Die Plattform f\u00fcr Standorte und Immobilien - Die\u00a0Plattform f\u00fcr Standorte und Immobilien\" \/>\n\t\t<meta property=\"og:type\" content=\"article\" \/>\n\t\t<meta property=\"og:title\" content=\"Neustark si espande nell\u2019UE - immo!nvest - Die Plattform f\u00fcr Standorte und Immobilien\" \/>\n\t\t<meta property=\"og:description\" content=\"Bern\/Berlin \u2013 Neustark hat mit der Recyclingfirma Heim seine erste Speicheranlage f\u00fcr CO2 in Deutschland er\u00f6ffnet. In der Anlage in Berlin-Marzahn werden j\u00e4hrlich rund 1000 Tonnen biogenes CO2 in Abbruchbeton gespeichert. In den n\u00e4chsten Jahren will neustark weitere 15 Projekte in der EU realisieren.\" \/>\n\t\t<meta property=\"og:url\" content=\"https:\/\/www.immo-invest.ch\/it\/neustark-expandiert-in-die-eu\/\" \/>\n\t\t<meta property=\"og:image\" content=\"https:\/\/www.immo-invest.ch\/wp-content\/uploads\/2023\/10\/tree-3097419_1280.jpg\" \/>\n\t\t<meta property=\"og:image:secure_url\" content=\"https:\/\/www.immo-invest.ch\/wp-content\/uploads\/2023\/10\/tree-3097419_1280.jpg\" \/>\n\t\t<meta property=\"og:image:width\" content=\"1280\" \/>\n\t\t<meta property=\"og:image:height\" content=\"720\" \/>\n\t\t<meta property=\"article:published_time\" content=\"2023-10-11T06:36:41+00:00\" \/>\n\t\t<meta property=\"article:modified_time\" content=\"2023-10-11T06:41:03+00:00\" \/>\n\t\t<meta property=\"article:publisher\" content=\"https:\/\/www.facebook.com\/people\/Immoinvest\/100077962920504\/\" \/>\n\t\t<meta name=\"twitter:card\" content=\"summary_large_image\" \/>\n\t\t<meta name=\"twitter:site\" content=\"@i\" \/>\n\t\t<meta name=\"twitter:title\" content=\"Neustark si espande nell\u2019UE - immo!nvest - Die Plattform f\u00fcr Standorte und Immobilien\" \/>\n\t\t<meta name=\"twitter:description\" content=\"Bern\/Berlin \u2013 Neustark hat mit der Recyclingfirma Heim seine erste Speicheranlage f\u00fcr CO2 in Deutschland er\u00f6ffnet. In der Anlage in Berlin-Marzahn werden j\u00e4hrlich rund 1000 Tonnen biogenes CO2 in Abbruchbeton gespeichert. In den n\u00e4chsten Jahren will neustark weitere 15 Projekte in der EU realisieren.\" \/>\n\t\t<meta name=\"twitter:creator\" content=\"@i\" \/>\n\t\t<meta name=\"twitter:image\" content=\"https:\/\/www.immo-invest.ch\/wp-content\/uploads\/2023\/10\/tree-3097419_1280.jpg\" \/>\n\t\t<script type=\"application\/ld+json\" class=\"aioseo-schema\">\n\t\t\t{\"@context\":\"https:\\\/\\\/schema.org\",\"@graph\":[{\"@type\":\"BlogPosting\",\"@id\":\"https:\\\/\\\/www.immo-invest.ch\\\/it\\\/neustark-expandiert-in-die-eu\\\/#blogposting\",\"name\":\"Neustark si espande nell\\u2019UE - immo!nvest - Die Plattform f\\u00fcr Standorte und Immobilien\",\"headline\":\"Neustark si espande nell&#8217;UE\",\"author\":{\"@id\":\"https:\\\/\\\/www.immo-invest.ch\\\/it\\\/author\\\/immovestuser\\\/#author\"},\"publisher\":{\"@id\":\"https:\\\/\\\/www.immo-invest.ch\\\/it\\\/#organization\"},\"image\":{\"@type\":\"ImageObject\",\"url\":\"https:\\\/\\\/www.immo-invest.ch\\\/wp-content\\\/uploads\\\/2023\\\/10\\\/tree-3097419_1280.jpg\",\"width\":1280,\"height\":720},\"datePublished\":\"2023-10-11T08:36:41+02:00\",\"dateModified\":\"2023-10-11T08:41:03+02:00\",\"inLanguage\":\"it-IT\",\"mainEntityOfPage\":{\"@id\":\"https:\\\/\\\/www.immo-invest.ch\\\/it\\\/neustark-expandiert-in-die-eu\\\/#webpage\"},\"isPartOf\":{\"@id\":\"https:\\\/\\\/www.immo-invest.ch\\\/it\\\/neustark-expandiert-in-die-eu\\\/#webpage\"},\"articleSection\":\"Berna, Business, immoNews, Societ\\u00e0, Bauwesen, Europa, Immoinvest, immoNews, News, Optional\"},{\"@type\":\"BreadcrumbList\",\"@id\":\"https:\\\/\\\/www.immo-invest.ch\\\/it\\\/neustark-expandiert-in-die-eu\\\/#breadcrumblist\",\"itemListElement\":[{\"@type\":\"ListItem\",\"@id\":\"https:\\\/\\\/www.immo-invest.ch\\\/it\\\/#listItem\",\"position\":1,\"name\":\"Home\",\"item\":\"https:\\\/\\\/www.immo-invest.ch\\\/it\\\/\",\"nextItem\":{\"@type\":\"ListItem\",\"@id\":\"https:\\\/\\\/www.immo-invest.ch\\\/it\\\/categoria\\\/regioni\\\/#listItem\",\"name\":\"Regioni\"}},{\"@type\":\"ListItem\",\"@id\":\"https:\\\/\\\/www.immo-invest.ch\\\/it\\\/categoria\\\/regioni\\\/#listItem\",\"position\":2,\"name\":\"Regioni\",\"item\":\"https:\\\/\\\/www.immo-invest.ch\\\/it\\\/categoria\\\/regioni\\\/\",\"nextItem\":{\"@type\":\"ListItem\",\"@id\":\"https:\\\/\\\/www.immo-invest.ch\\\/it\\\/categoria\\\/regioni\\\/svizzera\\\/#listItem\",\"name\":\"Svizzera\"},\"previousItem\":{\"@type\":\"ListItem\",\"@id\":\"https:\\\/\\\/www.immo-invest.ch\\\/it\\\/#listItem\",\"name\":\"Home\"}},{\"@type\":\"ListItem\",\"@id\":\"https:\\\/\\\/www.immo-invest.ch\\\/it\\\/categoria\\\/regioni\\\/svizzera\\\/#listItem\",\"position\":3,\"name\":\"Svizzera\",\"item\":\"https:\\\/\\\/www.immo-invest.ch\\\/it\\\/categoria\\\/regioni\\\/svizzera\\\/\",\"nextItem\":{\"@type\":\"ListItem\",\"@id\":\"https:\\\/\\\/www.immo-invest.ch\\\/it\\\/categoria\\\/regioni\\\/svizzera\\\/espace-mittelland\\\/#listItem\",\"name\":\"Espace Mittelland\"},\"previousItem\":{\"@type\":\"ListItem\",\"@id\":\"https:\\\/\\\/www.immo-invest.ch\\\/it\\\/categoria\\\/regioni\\\/#listItem\",\"name\":\"Regioni\"}},{\"@type\":\"ListItem\",\"@id\":\"https:\\\/\\\/www.immo-invest.ch\\\/it\\\/categoria\\\/regioni\\\/svizzera\\\/espace-mittelland\\\/#listItem\",\"position\":4,\"name\":\"Espace Mittelland\",\"item\":\"https:\\\/\\\/www.immo-invest.ch\\\/it\\\/categoria\\\/regioni\\\/svizzera\\\/espace-mittelland\\\/\",\"nextItem\":{\"@type\":\"ListItem\",\"@id\":\"https:\\\/\\\/www.immo-invest.ch\\\/it\\\/categoria\\\/regioni\\\/svizzera\\\/espace-mittelland\\\/regione-berna\\\/#listItem\",\"name\":\"Berna\"},\"previousItem\":{\"@type\":\"ListItem\",\"@id\":\"https:\\\/\\\/www.immo-invest.ch\\\/it\\\/categoria\\\/regioni\\\/svizzera\\\/#listItem\",\"name\":\"Svizzera\"}},{\"@type\":\"ListItem\",\"@id\":\"https:\\\/\\\/www.immo-invest.ch\\\/it\\\/categoria\\\/regioni\\\/svizzera\\\/espace-mittelland\\\/regione-berna\\\/#listItem\",\"position\":5,\"name\":\"Berna\",\"item\":\"https:\\\/\\\/www.immo-invest.ch\\\/it\\\/categoria\\\/regioni\\\/svizzera\\\/espace-mittelland\\\/regione-berna\\\/\",\"nextItem\":{\"@type\":\"ListItem\",\"@id\":\"https:\\\/\\\/www.immo-invest.ch\\\/it\\\/neustark-expandiert-in-die-eu\\\/#listItem\",\"name\":\"Neustark si espande nell&#8217;UE\"},\"previousItem\":{\"@type\":\"ListItem\",\"@id\":\"https:\\\/\\\/www.immo-invest.ch\\\/it\\\/categoria\\\/regioni\\\/svizzera\\\/espace-mittelland\\\/#listItem\",\"name\":\"Espace Mittelland\"}},{\"@type\":\"ListItem\",\"@id\":\"https:\\\/\\\/www.immo-invest.ch\\\/it\\\/neustark-expandiert-in-die-eu\\\/#listItem\",\"position\":6,\"name\":\"Neustark si espande nell&#8217;UE\",\"previousItem\":{\"@type\":\"ListItem\",\"@id\":\"https:\\\/\\\/www.immo-invest.ch\\\/it\\\/categoria\\\/regioni\\\/svizzera\\\/espace-mittelland\\\/regione-berna\\\/#listItem\",\"name\":\"Berna\"}}]},{\"@type\":\"Organization\",\"@id\":\"https:\\\/\\\/www.immo-invest.ch\\\/it\\\/#organization\",\"name\":\"immo!nvest - Die Plattform f\\u00fcr Standorte und Immobilien\",\"description\":\"Die\\u00a0Plattform f\\u00fcr Standorte und Immobilien\",\"url\":\"https:\\\/\\\/www.immo-invest.ch\\\/it\\\/\",\"email\":\"admin@immomedia.ag\",\"telephone\":\"+41444420002\",\"logo\":{\"@type\":\"ImageObject\",\"url\":\"https:\\\/\\\/www.immo-invest.ch\\\/wp-content\\\/uploads\\\/2024\\\/09\\\/immoinvest_sm-scaled.jpg\",\"@id\":\"https:\\\/\\\/www.immo-invest.ch\\\/it\\\/neustark-expandiert-in-die-eu\\\/#organizationLogo\",\"width\":2560,\"height\":1340},\"image\":{\"@id\":\"https:\\\/\\\/www.immo-invest.ch\\\/it\\\/neustark-expandiert-in-die-eu\\\/#organizationLogo\"},\"sameAs\":[\"https:\\\/\\\/www.facebook.com\\\/people\\\/Immoinvest\\\/100077962920504\\\/\",\"https:\\\/\\\/x.com\\\/i\\\/flow\\\/login?redirect_after_login=immoinvest_ch\",\"https:\\\/\\\/www.instagram.com\\\/immoinvest_ch\\\/\",\"https:\\\/\\\/www.linkedin.com\\\/company\\\/immoinvest-swiss\"]},{\"@type\":\"Person\",\"@id\":\"https:\\\/\\\/www.immo-invest.ch\\\/it\\\/author\\\/immovestuser\\\/#author\",\"url\":\"https:\\\/\\\/www.immo-invest.ch\\\/it\\\/author\\\/immovestuser\\\/\",\"name\":\"immovestuser\",\"image\":{\"@type\":\"ImageObject\",\"@id\":\"https:\\\/\\\/www.immo-invest.ch\\\/it\\\/neustark-expandiert-in-die-eu\\\/#authorImage\",\"url\":\"https:\\\/\\\/secure.gravatar.com\\\/avatar\\\/8e01f4d99f2eeea7a362ebb93305e1172a70e9293ba250f897a65c39f54cdd1e?s=96&d=mm&r=g\",\"width\":96,\"height\":96,\"caption\":\"immovestuser\"}},{\"@type\":\"WebPage\",\"@id\":\"https:\\\/\\\/www.immo-invest.ch\\\/it\\\/neustark-expandiert-in-die-eu\\\/#webpage\",\"url\":\"https:\\\/\\\/www.immo-invest.ch\\\/it\\\/neustark-expandiert-in-die-eu\\\/\",\"name\":\"Neustark si espande nell\\u2019UE - immo!nvest - Die Plattform f\\u00fcr Standorte und Immobilien\",\"description\":\"Bern\\\/Berlin \\u2013 Neustark hat mit der Recyclingfirma Heim seine erste Speicheranlage f\\u00fcr CO2 in Deutschland er\\u00f6ffnet. In der Anlage in Berlin-Marzahn werden j\\u00e4hrlich rund 1000 Tonnen biogenes CO2 in Abbruchbeton gespeichert. In den n\\u00e4chsten Jahren will neustark weitere 15 Projekte in der EU realisieren.\",\"inLanguage\":\"it-IT\",\"isPartOf\":{\"@id\":\"https:\\\/\\\/www.immo-invest.ch\\\/it\\\/#website\"},\"breadcrumb\":{\"@id\":\"https:\\\/\\\/www.immo-invest.ch\\\/it\\\/neustark-expandiert-in-die-eu\\\/#breadcrumblist\"},\"author\":{\"@id\":\"https:\\\/\\\/www.immo-invest.ch\\\/it\\\/author\\\/immovestuser\\\/#author\"},\"creator\":{\"@id\":\"https:\\\/\\\/www.immo-invest.ch\\\/it\\\/author\\\/immovestuser\\\/#author\"},\"image\":{\"@type\":\"ImageObject\",\"url\":\"https:\\\/\\\/www.immo-invest.ch\\\/wp-content\\\/uploads\\\/2023\\\/10\\\/tree-3097419_1280.jpg\",\"@id\":\"https:\\\/\\\/www.immo-invest.ch\\\/it\\\/neustark-expandiert-in-die-eu\\\/#mainImage\",\"width\":1280,\"height\":720},\"primaryImageOfPage\":{\"@id\":\"https:\\\/\\\/www.immo-invest.ch\\\/it\\\/neustark-expandiert-in-die-eu\\\/#mainImage\"},\"datePublished\":\"2023-10-11T08:36:41+02:00\",\"dateModified\":\"2023-10-11T08:41:03+02:00\"},{\"@type\":\"WebSite\",\"@id\":\"https:\\\/\\\/www.immo-invest.ch\\\/it\\\/#website\",\"url\":\"https:\\\/\\\/www.immo-invest.ch\\\/it\\\/\",\"name\":\"immo!nvest - Die Plattform f\\u00fcr Standorte und Immobilien\",\"description\":\"Die\\u00a0Plattform f\\u00fcr Standorte und Immobilien\",\"inLanguage\":\"it-IT\",\"publisher\":{\"@id\":\"https:\\\/\\\/www.immo-invest.ch\\\/it\\\/#organization\"}}]}\n\t\t<\/script>\n\t\t<!-- All in One SEO -->\n\n","aioseo_head_json":{"title":"Neustark si espande nell\u2019UE - immo!nvest - Die Plattform f\u00fcr Standorte und Immobilien","description":"Bern\/Berlin \u2013 Neustark hat mit der Recyclingfirma Heim seine erste Speicheranlage f\u00fcr CO2 in Deutschland er\u00f6ffnet. In der Anlage in Berlin-Marzahn werden j\u00e4hrlich rund 1000 Tonnen biogenes CO2 in Abbruchbeton gespeichert. In den n\u00e4chsten Jahren will neustark weitere 15 Projekte in der EU realisieren.","canonical_url":"https:\/\/www.immo-invest.ch\/it\/neustark-expandiert-in-die-eu\/","robots":"max-image-preview:large","keywords":"","webmasterTools":{"google-site-verification":"fHJKvgWpZCR2zVBHWfkQeFXC11qieUSff0HGNYfuyLA","miscellaneous":""},"schema":{"@context":"https:\/\/schema.org","@graph":[{"@type":"BlogPosting","@id":"https:\/\/www.immo-invest.ch\/it\/neustark-expandiert-in-die-eu\/#blogposting","name":"Neustark si espande nell\u2019UE - immo!nvest - Die Plattform f\u00fcr Standorte und Immobilien","headline":"Neustark si espande nell&#8217;UE","author":{"@id":"https:\/\/www.immo-invest.ch\/it\/author\/immovestuser\/#author"},"publisher":{"@id":"https:\/\/www.immo-invest.ch\/it\/#organization"},"image":{"@type":"ImageObject","url":"https:\/\/www.immo-invest.ch\/wp-content\/uploads\/2023\/10\/tree-3097419_1280.jpg","width":1280,"height":720},"datePublished":"2023-10-11T08:36:41+02:00","dateModified":"2023-10-11T08:41:03+02:00","inLanguage":"it-IT","mainEntityOfPage":{"@id":"https:\/\/www.immo-invest.ch\/it\/neustark-expandiert-in-die-eu\/#webpage"},"isPartOf":{"@id":"https:\/\/www.immo-invest.ch\/it\/neustark-expandiert-in-die-eu\/#webpage"},"articleSection":"Berna, Business, immoNews, Societ\u00e0, Bauwesen, Europa, Immoinvest, immoNews, News, Optional"},{"@type":"BreadcrumbList","@id":"https:\/\/www.immo-invest.ch\/it\/neustark-expandiert-in-die-eu\/#breadcrumblist","itemListElement":[{"@type":"ListItem","@id":"https:\/\/www.immo-invest.ch\/it\/#listItem","position":1,"name":"Home","item":"https:\/\/www.immo-invest.ch\/it\/","nextItem":{"@type":"ListItem","@id":"https:\/\/www.immo-invest.ch\/it\/categoria\/regioni\/#listItem","name":"Regioni"}},{"@type":"ListItem","@id":"https:\/\/www.immo-invest.ch\/it\/categoria\/regioni\/#listItem","position":2,"name":"Regioni","item":"https:\/\/www.immo-invest.ch\/it\/categoria\/regioni\/","nextItem":{"@type":"ListItem","@id":"https:\/\/www.immo-invest.ch\/it\/categoria\/regioni\/svizzera\/#listItem","name":"Svizzera"},"previousItem":{"@type":"ListItem","@id":"https:\/\/www.immo-invest.ch\/it\/#listItem","name":"Home"}},{"@type":"ListItem","@id":"https:\/\/www.immo-invest.ch\/it\/categoria\/regioni\/svizzera\/#listItem","position":3,"name":"Svizzera","item":"https:\/\/www.immo-invest.ch\/it\/categoria\/regioni\/svizzera\/","nextItem":{"@type":"ListItem","@id":"https:\/\/www.immo-invest.ch\/it\/categoria\/regioni\/svizzera\/espace-mittelland\/#listItem","name":"Espace Mittelland"},"previousItem":{"@type":"ListItem","@id":"https:\/\/www.immo-invest.ch\/it\/categoria\/regioni\/#listItem","name":"Regioni"}},{"@type":"ListItem","@id":"https:\/\/www.immo-invest.ch\/it\/categoria\/regioni\/svizzera\/espace-mittelland\/#listItem","position":4,"name":"Espace Mittelland","item":"https:\/\/www.immo-invest.ch\/it\/categoria\/regioni\/svizzera\/espace-mittelland\/","nextItem":{"@type":"ListItem","@id":"https:\/\/www.immo-invest.ch\/it\/categoria\/regioni\/svizzera\/espace-mittelland\/regione-berna\/#listItem","name":"Berna"},"previousItem":{"@type":"ListItem","@id":"https:\/\/www.immo-invest.ch\/it\/categoria\/regioni\/svizzera\/#listItem","name":"Svizzera"}},{"@type":"ListItem","@id":"https:\/\/www.immo-invest.ch\/it\/categoria\/regioni\/svizzera\/espace-mittelland\/regione-berna\/#listItem","position":5,"name":"Berna","item":"https:\/\/www.immo-invest.ch\/it\/categoria\/regioni\/svizzera\/espace-mittelland\/regione-berna\/","nextItem":{"@type":"ListItem","@id":"https:\/\/www.immo-invest.ch\/it\/neustark-expandiert-in-die-eu\/#listItem","name":"Neustark si espande nell&#8217;UE"},"previousItem":{"@type":"ListItem","@id":"https:\/\/www.immo-invest.ch\/it\/categoria\/regioni\/svizzera\/espace-mittelland\/#listItem","name":"Espace Mittelland"}},{"@type":"ListItem","@id":"https:\/\/www.immo-invest.ch\/it\/neustark-expandiert-in-die-eu\/#listItem","position":6,"name":"Neustark si espande nell&#8217;UE","previousItem":{"@type":"ListItem","@id":"https:\/\/www.immo-invest.ch\/it\/categoria\/regioni\/svizzera\/espace-mittelland\/regione-berna\/#listItem","name":"Berna"}}]},{"@type":"Organization","@id":"https:\/\/www.immo-invest.ch\/it\/#organization","name":"immo!nvest - Die Plattform f\u00fcr Standorte und Immobilien","description":"Die\u00a0Plattform f\u00fcr Standorte und Immobilien","url":"https:\/\/www.immo-invest.ch\/it\/","email":"admin@immomedia.ag","telephone":"+41444420002","logo":{"@type":"ImageObject","url":"https:\/\/www.immo-invest.ch\/wp-content\/uploads\/2024\/09\/immoinvest_sm-scaled.jpg","@id":"https:\/\/www.immo-invest.ch\/it\/neustark-expandiert-in-die-eu\/#organizationLogo","width":2560,"height":1340},"image":{"@id":"https:\/\/www.immo-invest.ch\/it\/neustark-expandiert-in-die-eu\/#organizationLogo"},"sameAs":["https:\/\/www.facebook.com\/people\/Immoinvest\/100077962920504\/","https:\/\/x.com\/i\/flow\/login?redirect_after_login=immoinvest_ch","https:\/\/www.instagram.com\/immoinvest_ch\/","https:\/\/www.linkedin.com\/company\/immoinvest-swiss"]},{"@type":"Person","@id":"https:\/\/www.immo-invest.ch\/it\/author\/immovestuser\/#author","url":"https:\/\/www.immo-invest.ch\/it\/author\/immovestuser\/","name":"immovestuser","image":{"@type":"ImageObject","@id":"https:\/\/www.immo-invest.ch\/it\/neustark-expandiert-in-die-eu\/#authorImage","url":"https:\/\/secure.gravatar.com\/avatar\/8e01f4d99f2eeea7a362ebb93305e1172a70e9293ba250f897a65c39f54cdd1e?s=96&d=mm&r=g","width":96,"height":96,"caption":"immovestuser"}},{"@type":"WebPage","@id":"https:\/\/www.immo-invest.ch\/it\/neustark-expandiert-in-die-eu\/#webpage","url":"https:\/\/www.immo-invest.ch\/it\/neustark-expandiert-in-die-eu\/","name":"Neustark si espande nell\u2019UE - immo!nvest - Die Plattform f\u00fcr Standorte und Immobilien","description":"Bern\/Berlin \u2013 Neustark hat mit der Recyclingfirma Heim seine erste Speicheranlage f\u00fcr CO2 in Deutschland er\u00f6ffnet. In der Anlage in Berlin-Marzahn werden j\u00e4hrlich rund 1000 Tonnen biogenes CO2 in Abbruchbeton gespeichert. In den n\u00e4chsten Jahren will neustark weitere 15 Projekte in der EU realisieren.","inLanguage":"it-IT","isPartOf":{"@id":"https:\/\/www.immo-invest.ch\/it\/#website"},"breadcrumb":{"@id":"https:\/\/www.immo-invest.ch\/it\/neustark-expandiert-in-die-eu\/#breadcrumblist"},"author":{"@id":"https:\/\/www.immo-invest.ch\/it\/author\/immovestuser\/#author"},"creator":{"@id":"https:\/\/www.immo-invest.ch\/it\/author\/immovestuser\/#author"},"image":{"@type":"ImageObject","url":"https:\/\/www.immo-invest.ch\/wp-content\/uploads\/2023\/10\/tree-3097419_1280.jpg","@id":"https:\/\/www.immo-invest.ch\/it\/neustark-expandiert-in-die-eu\/#mainImage","width":1280,"height":720},"primaryImageOfPage":{"@id":"https:\/\/www.immo-invest.ch\/it\/neustark-expandiert-in-die-eu\/#mainImage"},"datePublished":"2023-10-11T08:36:41+02:00","dateModified":"2023-10-11T08:41:03+02:00"},{"@type":"WebSite","@id":"https:\/\/www.immo-invest.ch\/it\/#website","url":"https:\/\/www.immo-invest.ch\/it\/","name":"immo!nvest - Die Plattform f\u00fcr Standorte und Immobilien","description":"Die\u00a0Plattform f\u00fcr Standorte und Immobilien","inLanguage":"it-IT","publisher":{"@id":"https:\/\/www.immo-invest.ch\/it\/#organization"}}]},"og:locale":"it_IT","og:site_name":"immo!nvest - Die Plattform f\u00fcr Standorte und Immobilien - Die\u00a0Plattform f\u00fcr Standorte und Immobilien","og:type":"article","og:title":"Neustark si espande nell\u2019UE - immo!nvest - Die Plattform f\u00fcr Standorte und Immobilien","og:description":"Bern\/Berlin \u2013 Neustark hat mit der Recyclingfirma Heim seine erste Speicheranlage f\u00fcr CO2 in Deutschland er\u00f6ffnet. In der Anlage in Berlin-Marzahn werden j\u00e4hrlich rund 1000 Tonnen biogenes CO2 in Abbruchbeton gespeichert. In den n\u00e4chsten Jahren will neustark weitere 15 Projekte in der EU realisieren.","og:url":"https:\/\/www.immo-invest.ch\/it\/neustark-expandiert-in-die-eu\/","og:image":"https:\/\/www.immo-invest.ch\/wp-content\/uploads\/2023\/10\/tree-3097419_1280.jpg","og:image:secure_url":"https:\/\/www.immo-invest.ch\/wp-content\/uploads\/2023\/10\/tree-3097419_1280.jpg","og:image:width":1280,"og:image:height":720,"article:published_time":"2023-10-11T06:36:41+00:00","article:modified_time":"2023-10-11T06:41:03+00:00","article:publisher":"https:\/\/www.facebook.com\/people\/Immoinvest\/100077962920504\/","twitter:card":"summary_large_image","twitter:site":"@i","twitter:title":"Neustark si espande nell\u2019UE - immo!nvest - Die Plattform f\u00fcr Standorte und Immobilien","twitter:description":"Bern\/Berlin \u2013 Neustark hat mit der Recyclingfirma Heim seine erste Speicheranlage f\u00fcr CO2 in Deutschland er\u00f6ffnet. In der Anlage in Berlin-Marzahn werden j\u00e4hrlich rund 1000 Tonnen biogenes CO2 in Abbruchbeton gespeichert. In den n\u00e4chsten Jahren will neustark weitere 15 Projekte in der EU realisieren.","twitter:creator":"@i","twitter:image":"https:\/\/www.immo-invest.ch\/wp-content\/uploads\/2023\/10\/tree-3097419_1280.jpg"},"aioseo_meta_data":{"post_id":"65621","title":null,"description":null,"keywords":null,"keyphrases":null,"primary_term":null,"canonical_url":null,"og_title":null,"og_description":null,"og_object_type":"default","og_image_type":"default","og_image_url":null,"og_image_width":null,"og_image_height":null,"og_image_custom_url":null,"og_image_custom_fields":null,"og_video":null,"og_custom_url":null,"og_article_section":null,"og_article_tags":null,"twitter_use_og":false,"twitter_card":"default","twitter_image_type":"default","twitter_image_url":null,"twitter_image_custom_url":null,"twitter_image_custom_fields":null,"twitter_title":null,"twitter_description":null,"schema":{"blockGraphs":[],"customGraphs":[],"default":{"data":{"Article":[],"Course":[],"Dataset":[],"FAQPage":[],"Movie":[],"Person":[],"Product":[],"ProductReview":[],"Car":[],"Recipe":[],"Service":[],"SoftwareApplication":[],"WebPage":[]},"graphName":"","isEnabled":true},"graphs":[]},"schema_type":"default","schema_type_options":null,"pillar_content":false,"robots_default":true,"robots_noindex":false,"robots_noarchive":false,"robots_nosnippet":false,"robots_nofollow":false,"robots_noimageindex":false,"robots_noodp":false,"robots_notranslate":false,"robots_max_snippet":null,"robots_max_videopreview":null,"robots_max_imagepreview":"large","priority":null,"frequency":null,"local_seo":null,"breadcrumb_settings":null,"limit_modified_date":false,"ai":null,"created":"2024-09-20 10:47:58","updated":"2025-10-23 16:41:12","seo_analyzer_scan_date":null,"focus_keyword":null,"additional_keywords":null,"truseo_locale":null},"aioseo_breadcrumb":"<div class=\"aioseo-breadcrumbs\"><span class=\"aioseo-breadcrumb\">\n\t\t\t<a href=\"https:\/\/www.immo-invest.ch\/it\/\" title=\"Home\">Home<\/a>\n\t\t<\/span><span class=\"aioseo-breadcrumb-separator\">&raquo;<\/span><span class=\"aioseo-breadcrumb\">\n\t\t\t<a href=\"https:\/\/www.immo-invest.ch\/it\/categoria\/regioni\/\" title=\"Regioni\">Regioni<\/a>\n\t\t<\/span><span class=\"aioseo-breadcrumb-separator\">&raquo;<\/span><span class=\"aioseo-breadcrumb\">\n\t\t\t<a href=\"https:\/\/www.immo-invest.ch\/it\/categoria\/regioni\/svizzera\/\" title=\"Svizzera\">Svizzera<\/a>\n\t\t<\/span><span class=\"aioseo-breadcrumb-separator\">&raquo;<\/span><span class=\"aioseo-breadcrumb\">\n\t\t\t<a href=\"https:\/\/www.immo-invest.ch\/it\/categoria\/regioni\/svizzera\/espace-mittelland\/\" title=\"Espace Mittelland\">Espace Mittelland<\/a>\n\t\t<\/span><span class=\"aioseo-breadcrumb-separator\">&raquo;<\/span><span class=\"aioseo-breadcrumb\">\n\t\t\t<a href=\"https:\/\/www.immo-invest.ch\/it\/categoria\/regioni\/svizzera\/espace-mittelland\/regione-berna\/\" title=\"Berna\">Berna<\/a>\n\t\t<\/span><span class=\"aioseo-breadcrumb-separator\">&raquo;<\/span><span class=\"aioseo-breadcrumb\">\n\t\t\tNeustark si espande nell\u2019UE\n\t\t<\/span><\/div>","aioseo_breadcrumb_json":[{"label":"Home","link":"https:\/\/www.immo-invest.ch\/it\/"},{"label":"Regioni","link":"https:\/\/www.immo-invest.ch\/it\/categoria\/regioni\/"},{"label":"Svizzera","link":"https:\/\/www.immo-invest.ch\/it\/categoria\/regioni\/svizzera\/"},{"label":"Espace Mittelland","link":"https:\/\/www.immo-invest.ch\/it\/categoria\/regioni\/svizzera\/espace-mittelland\/"},{"label":"Berna","link":"https:\/\/www.immo-invest.ch\/it\/categoria\/regioni\/svizzera\/espace-mittelland\/regione-berna\/"},{"label":"Neustark si espande nell&#8217;UE","link":"https:\/\/www.immo-invest.ch\/it\/neustark-expandiert-in-die-eu\/"}],"featured_image_src":"https:\/\/www.immo-invest.ch\/wp-content\/uploads\/2023\/10\/tree-3097419_1280-336x168.jpg","_links":{"self":[{"href":"https:\/\/www.immo-invest.ch\/it\/wp-json\/wp\/v2\/posts\/65621","targetHints":{"allow":["GET"]}}],"collection":[{"href":"https:\/\/www.immo-invest.ch\/it\/wp-json\/wp\/v2\/posts"}],"about":[{"href":"https:\/\/www.immo-invest.ch\/it\/wp-json\/wp\/v2\/types\/post"}],"author":[{"embeddable":true,"href":"https:\/\/www.immo-invest.ch\/it\/wp-json\/wp\/v2\/users\/2"}],"replies":[{"embeddable":true,"href":"https:\/\/www.immo-invest.ch\/it\/wp-json\/wp\/v2\/comments?post=65621"}],"version-history":[{"count":0,"href":"https:\/\/www.immo-invest.ch\/it\/wp-json\/wp\/v2\/posts\/65621\/revisions"}],"wp:featuredmedia":[{"embeddable":true,"href":"https:\/\/www.immo-invest.ch\/it\/wp-json\/wp\/v2\/media\/65617"}],"wp:attachment":[{"href":"https:\/\/www.immo-invest.ch\/it\/wp-json\/wp\/v2\/media?parent=65621"}],"wp:term":[{"taxonomy":"category","embeddable":true,"href":"https:\/\/www.immo-invest.ch\/it\/wp-json\/wp\/v2\/categories?post=65621"},{"taxonomy":"post_tag","embeddable":true,"href":"https:\/\/www.immo-invest.ch\/it\/wp-json\/wp\/v2\/tags?post=65621"}],"curies":[{"name":"wp","href":"https:\/\/api.w.org\/{rel}","templated":true}]}}