{"id":63952,"date":"2023-09-15T10:11:40","date_gmt":"2023-09-15T08:11:40","guid":{"rendered":"https:\/\/www.immo-invest.ch\/siemens-nimmt-klimaneutralen-campus-in-betrieb\/"},"modified":"2023-09-15T10:18:06","modified_gmt":"2023-09-15T08:18:06","slug":"siemens-nimmt-klimaneutralen-campus-in-betrieb","status":"publish","type":"post","link":"https:\/\/www.immo-invest.ch\/it\/siemens-nimmt-klimaneutralen-campus-in-betrieb\/","title":{"rendered":"Siemens mette in funzione un campus climaticamente neutrale"},"content":{"rendered":"<p class=\"bodytext\"><a href=\"https:\/\/www.siemens.com\/ch\/de.html\" target=\"_blank\" rel=\"noopener\">Siemens<\/a> ha inaugurato ufficialmente il nuovo edificio di ricerca e sviluppo presso la sede globale della Divisione <a href=\"https:\/\/www.siemens.com\/de\/de\/unternehmen\/themenfelder\/smart-infrastructure.html\" target=\"_blank\" rel=\"noopener\">Siemens Smart Infrastructure<\/a> a Zug. Il campus a clima neutro per 1700 dipendenti &egrave; stato completato dopo sette anni di costruzione, secondo un <a href=\"https:\/\/press.siemens.com\/ch\/de\/pressemitteilung\/klimaneutraler-siemens-campus-zug-steht-fuer-investitionen-spitzentechnologie-und\" target=\"_blank\" rel=\"noopener\">comunicato stampa<\/a>. Il gruppo tecnologico tedesco ha investito circa 250 milioni di franchi svizzeri in tecnologie all&rsquo;avanguardia e in Svizzera.<\/p>\n<p class=\"bodytext\">Zug &egrave; una localit&agrave; importante per lo sviluppo delle tecnologie edilizie. Ogni anno, vengono registrati circa 80 nuovi brevetti. L&rsquo;azienda tecnologica vede il campus, composto da tre edifici, come un modello per la sua nuova piattaforma commerciale digitale <a href=\"https:\/\/www.siemens.com\/ch\/de\/produkte\/xcelerator.html\" target=\"_blank\" rel=\"noopener\">Siemens Xcelerator<\/a> per le tecnologie edilizie sostenibili. Una parte di questa &egrave; l&rsquo;<a href=\"https:\/\/www.siemens.com\/de\/de\/produkte\/gebaeudetechnik\/building-x.html\" target=\"_blank\" rel=\"noopener\">Edificio X<\/a>. Alla cerimonia di apertura, i partecipanti hanno avuto anche l&rsquo;opportunit&agrave; di sperimentare l&rsquo;Edificio X durante un tour. La piattaforma digitale scalabile per gli edifici di Siemens aiuta a digitalizzare, gestire e ottimizzare le operazioni degli edifici.<\/p>\n<p class=\"bodytext\">&ldquo;Siemens collega in modo unico il mondo reale e quello digitale&rdquo;, ha dichiarato Matthias Rebellius, CEO di Smart Infrastructure e Membro del Consiglio di Amministrazione di Siemens AG, nel comunicato stampa. &ldquo;Il nuovo Campus Siemens di Zug ne &egrave; un esempio eccellente. Utilizzando le ultime tecnologie del nostro portafoglio per migliorare le operazioni degli edifici e raggiungere la massima efficienza, il campus sar&agrave; gestito in modo completamente neutrale dal punto di vista climatico&rdquo; Ci&ograve; significa che l&rsquo;azienda sta gi&agrave; raggiungendo l&rsquo;obiettivo per il quale si &egrave; impegnata due anni fa.<\/p>\n","protected":false},"excerpt":{"rendered":"<p>Siemens Smart Infrastructure hat an seinem globalen Hauptsitz in der Greater Zurich Area ein modernisiertes Geb\u00e4ude f\u00fcr Forschung und Entwicklung eingeweiht. Damit ist nach siebenj\u00e4hriger Bauzeit und einer Investition von 250 Millionen Franken der klimaneutrale Campus offiziell fertiggestellt.<\/p>\n","protected":false},"author":2,"featured_media":63947,"comment_status":"open","ping_status":"open","sticky":false,"template":"","format":"standard","meta":{"pmpro_default_level":"","inline_featured_image":false,"_monsterinsights_skip_tracking":false,"footnotes":""},"categories":[745,8742],"tags":[2212,852,867,3935,2662,2006,2987],"class_list":["post-63952","post","type-post","status-publish","format-standard","has-post-thumbnail","hentry","category-immonews-it","category-zug-immoregionen-it","tag-bauwesen-it","tag-immobilien-it","tag-immoinvest-it","tag-immonews-it","tag-klimaneutral-it","tag-news-it","tag-siemens-it","pmpro-has-access"],"acf":{"bild_mit_ki_erstellt_worden":[],"lead":"Zug - Siemens Smart Infrastructure hat an seinem globalen Hauptsitz in der Greater Zurich Area ein modernisiertes Geb\u00e4ude f\u00fcr Forschung und Entwicklung eingeweiht. Damit ist nach siebenj\u00e4hriger Bauzeit und einer Investition von 250 Millionen Franken der klimaneutrale Campus offiziell fertiggestellt.","autor":"ce\/mm","ort":"Zug","bildunterschrift":"","bild_im_grid":false,"gallerie":"","newsim":""},"aioseo_notices":[],"aioseo_head":"\n\t\t<!-- All in One SEO 5.0.0.1 - aioseo.com -->\n\t<meta name=\"description\" content=\"Siemens Smart Infrastructure hat an seinem globalen Hauptsitz in der Greater Zurich Area ein modernisiertes Geb\u00e4ude f\u00fcr Forschung und Entwicklung eingeweiht. Damit ist nach siebenj\u00e4hriger Bauzeit und einer Investition von 250 Millionen Franken der klimaneutrale Campus offiziell fertiggestellt.\" \/>\n\t<meta name=\"robots\" content=\"max-image-preview:large\" \/>\n\t<meta name=\"author\" content=\"immovestuser\"\/>\n\t<meta name=\"google-site-verification\" content=\"fHJKvgWpZCR2zVBHWfkQeFXC11qieUSff0HGNYfuyLA\" \/>\n\t<link rel=\"canonical\" href=\"https:\/\/www.immo-invest.ch\/it\/siemens-nimmt-klimaneutralen-campus-in-betrieb\/\" \/>\n\t<meta name=\"generator\" content=\"All in One SEO (AIOSEO) 5.0.0.1\" \/>\n\t\t<meta property=\"og:locale\" content=\"it_IT\" \/>\n\t\t<meta property=\"og:site_name\" content=\"immo!nvest - Die Plattform f\u00fcr Standorte und Immobilien - Die\u00a0Plattform f\u00fcr Standorte und Immobilien\" \/>\n\t\t<meta property=\"og:type\" content=\"article\" \/>\n\t\t<meta property=\"og:title\" content=\"Siemens mette in funzione un campus climaticamente neutrale - immo!nvest - Die Plattform f\u00fcr Standorte und Immobilien\" \/>\n\t\t<meta property=\"og:description\" content=\"Siemens Smart Infrastructure hat an seinem globalen Hauptsitz in der Greater Zurich Area ein modernisiertes Geb\u00e4ude f\u00fcr Forschung und Entwicklung eingeweiht. Damit ist nach siebenj\u00e4hriger Bauzeit und einer Investition von 250 Millionen Franken der klimaneutrale Campus offiziell fertiggestellt.\" \/>\n\t\t<meta property=\"og:url\" content=\"https:\/\/www.immo-invest.ch\/it\/siemens-nimmt-klimaneutralen-campus-in-betrieb\/\" \/>\n\t\t<meta property=\"og:image\" content=\"https:\/\/www.immo-invest.ch\/wp-content\/uploads\/2023\/09\/city-8080609_1280.jpg\" \/>\n\t\t<meta property=\"og:image:secure_url\" content=\"https:\/\/www.immo-invest.ch\/wp-content\/uploads\/2023\/09\/city-8080609_1280.jpg\" \/>\n\t\t<meta property=\"og:image:width\" content=\"1280\" \/>\n\t\t<meta property=\"og:image:height\" content=\"853\" \/>\n\t\t<meta property=\"article:published_time\" content=\"2023-09-15T08:11:40+00:00\" \/>\n\t\t<meta property=\"article:modified_time\" content=\"2023-09-15T08:18:06+00:00\" \/>\n\t\t<meta property=\"article:publisher\" content=\"https:\/\/www.facebook.com\/people\/Immoinvest\/100077962920504\/\" \/>\n\t\t<meta name=\"twitter:card\" content=\"summary_large_image\" \/>\n\t\t<meta name=\"twitter:site\" content=\"@i\" \/>\n\t\t<meta name=\"twitter:title\" content=\"Siemens mette in funzione un campus climaticamente neutrale - immo!nvest - Die Plattform f\u00fcr Standorte und Immobilien\" \/>\n\t\t<meta name=\"twitter:description\" content=\"Siemens Smart Infrastructure hat an seinem globalen Hauptsitz in der Greater Zurich Area ein modernisiertes Geb\u00e4ude f\u00fcr Forschung und Entwicklung eingeweiht. Damit ist nach siebenj\u00e4hriger Bauzeit und einer Investition von 250 Millionen Franken der klimaneutrale Campus offiziell fertiggestellt.\" \/>\n\t\t<meta name=\"twitter:creator\" content=\"@i\" \/>\n\t\t<meta name=\"twitter:image\" content=\"https:\/\/www.immo-invest.ch\/wp-content\/uploads\/2023\/09\/city-8080609_1280.jpg\" \/>\n\t\t<script type=\"application\/ld+json\" class=\"aioseo-schema\">\n\t\t\t{\"@context\":\"https:\\\/\\\/schema.org\",\"@graph\":[{\"@type\":\"BlogPosting\",\"@id\":\"https:\\\/\\\/www.immo-invest.ch\\\/it\\\/siemens-nimmt-klimaneutralen-campus-in-betrieb\\\/#blogposting\",\"name\":\"Siemens mette in funzione un campus climaticamente neutrale - immo!nvest - Die Plattform f\\u00fcr Standorte und Immobilien\",\"headline\":\"Siemens mette in funzione un campus climaticamente neutrale\",\"author\":{\"@id\":\"https:\\\/\\\/www.immo-invest.ch\\\/it\\\/author\\\/immovestuser\\\/#author\"},\"publisher\":{\"@id\":\"https:\\\/\\\/www.immo-invest.ch\\\/it\\\/#organization\"},\"image\":{\"@type\":\"ImageObject\",\"url\":\"https:\\\/\\\/www.immo-invest.ch\\\/wp-content\\\/uploads\\\/2023\\\/09\\\/city-8080609_1280.jpg\",\"width\":1280,\"height\":853},\"datePublished\":\"2023-09-15T10:11:40+02:00\",\"dateModified\":\"2023-09-15T10:18:06+02:00\",\"inLanguage\":\"it-IT\",\"mainEntityOfPage\":{\"@id\":\"https:\\\/\\\/www.immo-invest.ch\\\/it\\\/siemens-nimmt-klimaneutralen-campus-in-betrieb\\\/#webpage\"},\"isPartOf\":{\"@id\":\"https:\\\/\\\/www.immo-invest.ch\\\/it\\\/siemens-nimmt-klimaneutralen-campus-in-betrieb\\\/#webpage\"},\"articleSection\":\"immoNews, Zug, Bauwesen, immobilien, Immoinvest, immoNews, klimaneutral, News, Siemens, Optional\"},{\"@type\":\"BreadcrumbList\",\"@id\":\"https:\\\/\\\/www.immo-invest.ch\\\/it\\\/siemens-nimmt-klimaneutralen-campus-in-betrieb\\\/#breadcrumblist\",\"itemListElement\":[{\"@type\":\"ListItem\",\"@id\":\"https:\\\/\\\/www.immo-invest.ch\\\/it\\\/#listItem\",\"position\":1,\"name\":\"Home\",\"item\":\"https:\\\/\\\/www.immo-invest.ch\\\/it\\\/\",\"nextItem\":{\"@type\":\"ListItem\",\"@id\":\"https:\\\/\\\/www.immo-invest.ch\\\/it\\\/categoria\\\/regioni\\\/#listItem\",\"name\":\"Regioni\"}},{\"@type\":\"ListItem\",\"@id\":\"https:\\\/\\\/www.immo-invest.ch\\\/it\\\/categoria\\\/regioni\\\/#listItem\",\"position\":2,\"name\":\"Regioni\",\"item\":\"https:\\\/\\\/www.immo-invest.ch\\\/it\\\/categoria\\\/regioni\\\/\",\"nextItem\":{\"@type\":\"ListItem\",\"@id\":\"https:\\\/\\\/www.immo-invest.ch\\\/it\\\/categoria\\\/regioni\\\/svizzera\\\/#listItem\",\"name\":\"Svizzera\"},\"previousItem\":{\"@type\":\"ListItem\",\"@id\":\"https:\\\/\\\/www.immo-invest.ch\\\/it\\\/#listItem\",\"name\":\"Home\"}},{\"@type\":\"ListItem\",\"@id\":\"https:\\\/\\\/www.immo-invest.ch\\\/it\\\/categoria\\\/regioni\\\/svizzera\\\/#listItem\",\"position\":3,\"name\":\"Svizzera\",\"item\":\"https:\\\/\\\/www.immo-invest.ch\\\/it\\\/categoria\\\/regioni\\\/svizzera\\\/\",\"nextItem\":{\"@type\":\"ListItem\",\"@id\":\"https:\\\/\\\/www.immo-invest.ch\\\/it\\\/categoria\\\/regioni\\\/svizzera\\\/zentralschweiz-it\\\/#listItem\",\"name\":\"Zentralschweiz\"},\"previousItem\":{\"@type\":\"ListItem\",\"@id\":\"https:\\\/\\\/www.immo-invest.ch\\\/it\\\/categoria\\\/regioni\\\/#listItem\",\"name\":\"Regioni\"}},{\"@type\":\"ListItem\",\"@id\":\"https:\\\/\\\/www.immo-invest.ch\\\/it\\\/categoria\\\/regioni\\\/svizzera\\\/zentralschweiz-it\\\/#listItem\",\"position\":4,\"name\":\"Zentralschweiz\",\"item\":\"https:\\\/\\\/www.immo-invest.ch\\\/it\\\/categoria\\\/regioni\\\/svizzera\\\/zentralschweiz-it\\\/\",\"nextItem\":{\"@type\":\"ListItem\",\"@id\":\"https:\\\/\\\/www.immo-invest.ch\\\/it\\\/categoria\\\/regioni\\\/svizzera\\\/zentralschweiz-it\\\/zug-immoregionen-it\\\/#listItem\",\"name\":\"Zug\"},\"previousItem\":{\"@type\":\"ListItem\",\"@id\":\"https:\\\/\\\/www.immo-invest.ch\\\/it\\\/categoria\\\/regioni\\\/svizzera\\\/#listItem\",\"name\":\"Svizzera\"}},{\"@type\":\"ListItem\",\"@id\":\"https:\\\/\\\/www.immo-invest.ch\\\/it\\\/categoria\\\/regioni\\\/svizzera\\\/zentralschweiz-it\\\/zug-immoregionen-it\\\/#listItem\",\"position\":5,\"name\":\"Zug\",\"item\":\"https:\\\/\\\/www.immo-invest.ch\\\/it\\\/categoria\\\/regioni\\\/svizzera\\\/zentralschweiz-it\\\/zug-immoregionen-it\\\/\",\"nextItem\":{\"@type\":\"ListItem\",\"@id\":\"https:\\\/\\\/www.immo-invest.ch\\\/it\\\/siemens-nimmt-klimaneutralen-campus-in-betrieb\\\/#listItem\",\"name\":\"Siemens mette in funzione un campus climaticamente neutrale\"},\"previousItem\":{\"@type\":\"ListItem\",\"@id\":\"https:\\\/\\\/www.immo-invest.ch\\\/it\\\/categoria\\\/regioni\\\/svizzera\\\/zentralschweiz-it\\\/#listItem\",\"name\":\"Zentralschweiz\"}},{\"@type\":\"ListItem\",\"@id\":\"https:\\\/\\\/www.immo-invest.ch\\\/it\\\/siemens-nimmt-klimaneutralen-campus-in-betrieb\\\/#listItem\",\"position\":6,\"name\":\"Siemens mette in funzione un campus climaticamente neutrale\",\"previousItem\":{\"@type\":\"ListItem\",\"@id\":\"https:\\\/\\\/www.immo-invest.ch\\\/it\\\/categoria\\\/regioni\\\/svizzera\\\/zentralschweiz-it\\\/zug-immoregionen-it\\\/#listItem\",\"name\":\"Zug\"}}]},{\"@type\":\"Organization\",\"@id\":\"https:\\\/\\\/www.immo-invest.ch\\\/it\\\/#organization\",\"name\":\"immo!nvest - Die Plattform f\\u00fcr Standorte und Immobilien\",\"description\":\"Die\\u00a0Plattform f\\u00fcr Standorte und Immobilien\",\"url\":\"https:\\\/\\\/www.immo-invest.ch\\\/it\\\/\",\"email\":\"admin@immomedia.ag\",\"telephone\":\"+41444420002\",\"logo\":{\"@type\":\"ImageObject\",\"url\":\"https:\\\/\\\/www.immo-invest.ch\\\/wp-content\\\/uploads\\\/2024\\\/09\\\/immoinvest_sm-scaled.jpg\",\"@id\":\"https:\\\/\\\/www.immo-invest.ch\\\/it\\\/siemens-nimmt-klimaneutralen-campus-in-betrieb\\\/#organizationLogo\",\"width\":2560,\"height\":1340},\"image\":{\"@id\":\"https:\\\/\\\/www.immo-invest.ch\\\/it\\\/siemens-nimmt-klimaneutralen-campus-in-betrieb\\\/#organizationLogo\"},\"sameAs\":[\"https:\\\/\\\/www.facebook.com\\\/people\\\/Immoinvest\\\/100077962920504\\\/\",\"https:\\\/\\\/x.com\\\/i\\\/flow\\\/login?redirect_after_login=immoinvest_ch\",\"https:\\\/\\\/www.instagram.com\\\/immoinvest_ch\\\/\",\"https:\\\/\\\/www.linkedin.com\\\/company\\\/immoinvest-swiss\"]},{\"@type\":\"Person\",\"@id\":\"https:\\\/\\\/www.immo-invest.ch\\\/it\\\/author\\\/immovestuser\\\/#author\",\"url\":\"https:\\\/\\\/www.immo-invest.ch\\\/it\\\/author\\\/immovestuser\\\/\",\"name\":\"immovestuser\",\"image\":{\"@type\":\"ImageObject\",\"@id\":\"https:\\\/\\\/www.immo-invest.ch\\\/it\\\/siemens-nimmt-klimaneutralen-campus-in-betrieb\\\/#authorImage\",\"url\":\"https:\\\/\\\/secure.gravatar.com\\\/avatar\\\/8e01f4d99f2eeea7a362ebb93305e1172a70e9293ba250f897a65c39f54cdd1e?s=96&d=mm&r=g\",\"width\":96,\"height\":96,\"caption\":\"immovestuser\"}},{\"@type\":\"WebPage\",\"@id\":\"https:\\\/\\\/www.immo-invest.ch\\\/it\\\/siemens-nimmt-klimaneutralen-campus-in-betrieb\\\/#webpage\",\"url\":\"https:\\\/\\\/www.immo-invest.ch\\\/it\\\/siemens-nimmt-klimaneutralen-campus-in-betrieb\\\/\",\"name\":\"Siemens mette in funzione un campus climaticamente neutrale - immo!nvest - Die Plattform f\\u00fcr Standorte und Immobilien\",\"description\":\"Siemens Smart Infrastructure hat an seinem globalen Hauptsitz in der Greater Zurich Area ein modernisiertes Geb\\u00e4ude f\\u00fcr Forschung und Entwicklung eingeweiht. Damit ist nach siebenj\\u00e4hriger Bauzeit und einer Investition von 250 Millionen Franken der klimaneutrale Campus offiziell fertiggestellt.\",\"inLanguage\":\"it-IT\",\"isPartOf\":{\"@id\":\"https:\\\/\\\/www.immo-invest.ch\\\/it\\\/#website\"},\"breadcrumb\":{\"@id\":\"https:\\\/\\\/www.immo-invest.ch\\\/it\\\/siemens-nimmt-klimaneutralen-campus-in-betrieb\\\/#breadcrumblist\"},\"author\":{\"@id\":\"https:\\\/\\\/www.immo-invest.ch\\\/it\\\/author\\\/immovestuser\\\/#author\"},\"creator\":{\"@id\":\"https:\\\/\\\/www.immo-invest.ch\\\/it\\\/author\\\/immovestuser\\\/#author\"},\"image\":{\"@type\":\"ImageObject\",\"url\":\"https:\\\/\\\/www.immo-invest.ch\\\/wp-content\\\/uploads\\\/2023\\\/09\\\/city-8080609_1280.jpg\",\"@id\":\"https:\\\/\\\/www.immo-invest.ch\\\/it\\\/siemens-nimmt-klimaneutralen-campus-in-betrieb\\\/#mainImage\",\"width\":1280,\"height\":853},\"primaryImageOfPage\":{\"@id\":\"https:\\\/\\\/www.immo-invest.ch\\\/it\\\/siemens-nimmt-klimaneutralen-campus-in-betrieb\\\/#mainImage\"},\"datePublished\":\"2023-09-15T10:11:40+02:00\",\"dateModified\":\"2023-09-15T10:18:06+02:00\"},{\"@type\":\"WebSite\",\"@id\":\"https:\\\/\\\/www.immo-invest.ch\\\/it\\\/#website\",\"url\":\"https:\\\/\\\/www.immo-invest.ch\\\/it\\\/\",\"name\":\"immo!nvest - Die Plattform f\\u00fcr Standorte und Immobilien\",\"description\":\"Die\\u00a0Plattform f\\u00fcr Standorte und Immobilien\",\"inLanguage\":\"it-IT\",\"publisher\":{\"@id\":\"https:\\\/\\\/www.immo-invest.ch\\\/it\\\/#organization\"}}]}\n\t\t<\/script>\n\t\t<!-- All in One SEO -->\n\n","aioseo_head_json":{"title":"Siemens mette in funzione un campus climaticamente neutrale - immo!nvest - Die Plattform f\u00fcr Standorte und Immobilien","description":"Siemens Smart Infrastructure hat an seinem globalen Hauptsitz in der Greater Zurich Area ein modernisiertes Geb\u00e4ude f\u00fcr Forschung und Entwicklung eingeweiht. Damit ist nach siebenj\u00e4hriger Bauzeit und einer Investition von 250 Millionen Franken der klimaneutrale Campus offiziell fertiggestellt.","canonical_url":"https:\/\/www.immo-invest.ch\/it\/siemens-nimmt-klimaneutralen-campus-in-betrieb\/","robots":"max-image-preview:large","keywords":"","webmasterTools":{"google-site-verification":"fHJKvgWpZCR2zVBHWfkQeFXC11qieUSff0HGNYfuyLA","miscellaneous":""},"schema":{"@context":"https:\/\/schema.org","@graph":[{"@type":"BlogPosting","@id":"https:\/\/www.immo-invest.ch\/it\/siemens-nimmt-klimaneutralen-campus-in-betrieb\/#blogposting","name":"Siemens mette in funzione un campus climaticamente neutrale - immo!nvest - Die Plattform f\u00fcr Standorte und Immobilien","headline":"Siemens mette in funzione un campus climaticamente neutrale","author":{"@id":"https:\/\/www.immo-invest.ch\/it\/author\/immovestuser\/#author"},"publisher":{"@id":"https:\/\/www.immo-invest.ch\/it\/#organization"},"image":{"@type":"ImageObject","url":"https:\/\/www.immo-invest.ch\/wp-content\/uploads\/2023\/09\/city-8080609_1280.jpg","width":1280,"height":853},"datePublished":"2023-09-15T10:11:40+02:00","dateModified":"2023-09-15T10:18:06+02:00","inLanguage":"it-IT","mainEntityOfPage":{"@id":"https:\/\/www.immo-invest.ch\/it\/siemens-nimmt-klimaneutralen-campus-in-betrieb\/#webpage"},"isPartOf":{"@id":"https:\/\/www.immo-invest.ch\/it\/siemens-nimmt-klimaneutralen-campus-in-betrieb\/#webpage"},"articleSection":"immoNews, Zug, Bauwesen, immobilien, Immoinvest, immoNews, klimaneutral, News, Siemens, Optional"},{"@type":"BreadcrumbList","@id":"https:\/\/www.immo-invest.ch\/it\/siemens-nimmt-klimaneutralen-campus-in-betrieb\/#breadcrumblist","itemListElement":[{"@type":"ListItem","@id":"https:\/\/www.immo-invest.ch\/it\/#listItem","position":1,"name":"Home","item":"https:\/\/www.immo-invest.ch\/it\/","nextItem":{"@type":"ListItem","@id":"https:\/\/www.immo-invest.ch\/it\/categoria\/regioni\/#listItem","name":"Regioni"}},{"@type":"ListItem","@id":"https:\/\/www.immo-invest.ch\/it\/categoria\/regioni\/#listItem","position":2,"name":"Regioni","item":"https:\/\/www.immo-invest.ch\/it\/categoria\/regioni\/","nextItem":{"@type":"ListItem","@id":"https:\/\/www.immo-invest.ch\/it\/categoria\/regioni\/svizzera\/#listItem","name":"Svizzera"},"previousItem":{"@type":"ListItem","@id":"https:\/\/www.immo-invest.ch\/it\/#listItem","name":"Home"}},{"@type":"ListItem","@id":"https:\/\/www.immo-invest.ch\/it\/categoria\/regioni\/svizzera\/#listItem","position":3,"name":"Svizzera","item":"https:\/\/www.immo-invest.ch\/it\/categoria\/regioni\/svizzera\/","nextItem":{"@type":"ListItem","@id":"https:\/\/www.immo-invest.ch\/it\/categoria\/regioni\/svizzera\/zentralschweiz-it\/#listItem","name":"Zentralschweiz"},"previousItem":{"@type":"ListItem","@id":"https:\/\/www.immo-invest.ch\/it\/categoria\/regioni\/#listItem","name":"Regioni"}},{"@type":"ListItem","@id":"https:\/\/www.immo-invest.ch\/it\/categoria\/regioni\/svizzera\/zentralschweiz-it\/#listItem","position":4,"name":"Zentralschweiz","item":"https:\/\/www.immo-invest.ch\/it\/categoria\/regioni\/svizzera\/zentralschweiz-it\/","nextItem":{"@type":"ListItem","@id":"https:\/\/www.immo-invest.ch\/it\/categoria\/regioni\/svizzera\/zentralschweiz-it\/zug-immoregionen-it\/#listItem","name":"Zug"},"previousItem":{"@type":"ListItem","@id":"https:\/\/www.immo-invest.ch\/it\/categoria\/regioni\/svizzera\/#listItem","name":"Svizzera"}},{"@type":"ListItem","@id":"https:\/\/www.immo-invest.ch\/it\/categoria\/regioni\/svizzera\/zentralschweiz-it\/zug-immoregionen-it\/#listItem","position":5,"name":"Zug","item":"https:\/\/www.immo-invest.ch\/it\/categoria\/regioni\/svizzera\/zentralschweiz-it\/zug-immoregionen-it\/","nextItem":{"@type":"ListItem","@id":"https:\/\/www.immo-invest.ch\/it\/siemens-nimmt-klimaneutralen-campus-in-betrieb\/#listItem","name":"Siemens mette in funzione un campus climaticamente neutrale"},"previousItem":{"@type":"ListItem","@id":"https:\/\/www.immo-invest.ch\/it\/categoria\/regioni\/svizzera\/zentralschweiz-it\/#listItem","name":"Zentralschweiz"}},{"@type":"ListItem","@id":"https:\/\/www.immo-invest.ch\/it\/siemens-nimmt-klimaneutralen-campus-in-betrieb\/#listItem","position":6,"name":"Siemens mette in funzione un campus climaticamente neutrale","previousItem":{"@type":"ListItem","@id":"https:\/\/www.immo-invest.ch\/it\/categoria\/regioni\/svizzera\/zentralschweiz-it\/zug-immoregionen-it\/#listItem","name":"Zug"}}]},{"@type":"Organization","@id":"https:\/\/www.immo-invest.ch\/it\/#organization","name":"immo!nvest - Die Plattform f\u00fcr Standorte und Immobilien","description":"Die\u00a0Plattform f\u00fcr Standorte und Immobilien","url":"https:\/\/www.immo-invest.ch\/it\/","email":"admin@immomedia.ag","telephone":"+41444420002","logo":{"@type":"ImageObject","url":"https:\/\/www.immo-invest.ch\/wp-content\/uploads\/2024\/09\/immoinvest_sm-scaled.jpg","@id":"https:\/\/www.immo-invest.ch\/it\/siemens-nimmt-klimaneutralen-campus-in-betrieb\/#organizationLogo","width":2560,"height":1340},"image":{"@id":"https:\/\/www.immo-invest.ch\/it\/siemens-nimmt-klimaneutralen-campus-in-betrieb\/#organizationLogo"},"sameAs":["https:\/\/www.facebook.com\/people\/Immoinvest\/100077962920504\/","https:\/\/x.com\/i\/flow\/login?redirect_after_login=immoinvest_ch","https:\/\/www.instagram.com\/immoinvest_ch\/","https:\/\/www.linkedin.com\/company\/immoinvest-swiss"]},{"@type":"Person","@id":"https:\/\/www.immo-invest.ch\/it\/author\/immovestuser\/#author","url":"https:\/\/www.immo-invest.ch\/it\/author\/immovestuser\/","name":"immovestuser","image":{"@type":"ImageObject","@id":"https:\/\/www.immo-invest.ch\/it\/siemens-nimmt-klimaneutralen-campus-in-betrieb\/#authorImage","url":"https:\/\/secure.gravatar.com\/avatar\/8e01f4d99f2eeea7a362ebb93305e1172a70e9293ba250f897a65c39f54cdd1e?s=96&d=mm&r=g","width":96,"height":96,"caption":"immovestuser"}},{"@type":"WebPage","@id":"https:\/\/www.immo-invest.ch\/it\/siemens-nimmt-klimaneutralen-campus-in-betrieb\/#webpage","url":"https:\/\/www.immo-invest.ch\/it\/siemens-nimmt-klimaneutralen-campus-in-betrieb\/","name":"Siemens mette in funzione un campus climaticamente neutrale - immo!nvest - Die Plattform f\u00fcr Standorte und Immobilien","description":"Siemens Smart Infrastructure hat an seinem globalen Hauptsitz in der Greater Zurich Area ein modernisiertes Geb\u00e4ude f\u00fcr Forschung und Entwicklung eingeweiht. Damit ist nach siebenj\u00e4hriger Bauzeit und einer Investition von 250 Millionen Franken der klimaneutrale Campus offiziell fertiggestellt.","inLanguage":"it-IT","isPartOf":{"@id":"https:\/\/www.immo-invest.ch\/it\/#website"},"breadcrumb":{"@id":"https:\/\/www.immo-invest.ch\/it\/siemens-nimmt-klimaneutralen-campus-in-betrieb\/#breadcrumblist"},"author":{"@id":"https:\/\/www.immo-invest.ch\/it\/author\/immovestuser\/#author"},"creator":{"@id":"https:\/\/www.immo-invest.ch\/it\/author\/immovestuser\/#author"},"image":{"@type":"ImageObject","url":"https:\/\/www.immo-invest.ch\/wp-content\/uploads\/2023\/09\/city-8080609_1280.jpg","@id":"https:\/\/www.immo-invest.ch\/it\/siemens-nimmt-klimaneutralen-campus-in-betrieb\/#mainImage","width":1280,"height":853},"primaryImageOfPage":{"@id":"https:\/\/www.immo-invest.ch\/it\/siemens-nimmt-klimaneutralen-campus-in-betrieb\/#mainImage"},"datePublished":"2023-09-15T10:11:40+02:00","dateModified":"2023-09-15T10:18:06+02:00"},{"@type":"WebSite","@id":"https:\/\/www.immo-invest.ch\/it\/#website","url":"https:\/\/www.immo-invest.ch\/it\/","name":"immo!nvest - Die Plattform f\u00fcr Standorte und Immobilien","description":"Die\u00a0Plattform f\u00fcr Standorte und Immobilien","inLanguage":"it-IT","publisher":{"@id":"https:\/\/www.immo-invest.ch\/it\/#organization"}}]},"og:locale":"it_IT","og:site_name":"immo!nvest - Die Plattform f\u00fcr Standorte und Immobilien - Die\u00a0Plattform f\u00fcr Standorte und Immobilien","og:type":"article","og:title":"Siemens mette in funzione un campus climaticamente neutrale - immo!nvest - Die Plattform f\u00fcr Standorte und Immobilien","og:description":"Siemens Smart Infrastructure hat an seinem globalen Hauptsitz in der Greater Zurich Area ein modernisiertes Geb\u00e4ude f\u00fcr Forschung und Entwicklung eingeweiht. Damit ist nach siebenj\u00e4hriger Bauzeit und einer Investition von 250 Millionen Franken der klimaneutrale Campus offiziell fertiggestellt.","og:url":"https:\/\/www.immo-invest.ch\/it\/siemens-nimmt-klimaneutralen-campus-in-betrieb\/","og:image":"https:\/\/www.immo-invest.ch\/wp-content\/uploads\/2023\/09\/city-8080609_1280.jpg","og:image:secure_url":"https:\/\/www.immo-invest.ch\/wp-content\/uploads\/2023\/09\/city-8080609_1280.jpg","og:image:width":1280,"og:image:height":853,"article:published_time":"2023-09-15T08:11:40+00:00","article:modified_time":"2023-09-15T08:18:06+00:00","article:publisher":"https:\/\/www.facebook.com\/people\/Immoinvest\/100077962920504\/","twitter:card":"summary_large_image","twitter:site":"@i","twitter:title":"Siemens mette in funzione un campus climaticamente neutrale - immo!nvest - Die Plattform f\u00fcr Standorte und Immobilien","twitter:description":"Siemens Smart Infrastructure hat an seinem globalen Hauptsitz in der Greater Zurich Area ein modernisiertes Geb\u00e4ude f\u00fcr Forschung und Entwicklung eingeweiht. Damit ist nach siebenj\u00e4hriger Bauzeit und einer Investition von 250 Millionen Franken der klimaneutrale Campus offiziell fertiggestellt.","twitter:creator":"@i","twitter:image":"https:\/\/www.immo-invest.ch\/wp-content\/uploads\/2023\/09\/city-8080609_1280.jpg"},"aioseo_meta_data":{"post_id":"63952","title":null,"description":null,"keywords":null,"keyphrases":null,"primary_term":null,"canonical_url":null,"og_title":null,"og_description":null,"og_object_type":"default","og_image_type":"default","og_image_url":null,"og_image_width":null,"og_image_height":null,"og_image_custom_url":null,"og_image_custom_fields":null,"og_video":null,"og_custom_url":null,"og_article_section":null,"og_article_tags":null,"twitter_use_og":false,"twitter_card":"default","twitter_image_type":"default","twitter_image_url":null,"twitter_image_custom_url":null,"twitter_image_custom_fields":null,"twitter_title":null,"twitter_description":null,"schema":{"blockGraphs":[],"customGraphs":[],"default":{"data":{"Article":[],"Course":[],"Dataset":[],"FAQPage":[],"Movie":[],"Person":[],"Product":[],"ProductReview":[],"Car":[],"Recipe":[],"Service":[],"SoftwareApplication":[],"WebPage":[]},"graphName":"","isEnabled":true},"graphs":[]},"schema_type":"default","schema_type_options":null,"pillar_content":false,"robots_default":true,"robots_noindex":false,"robots_noarchive":false,"robots_nosnippet":false,"robots_nofollow":false,"robots_noimageindex":false,"robots_noodp":false,"robots_notranslate":false,"robots_max_snippet":null,"robots_max_videopreview":null,"robots_max_imagepreview":"large","priority":null,"frequency":null,"local_seo":null,"breadcrumb_settings":null,"limit_modified_date":false,"ai":null,"created":"2024-09-20 09:25:52","updated":"2025-10-23 15:17:12","seo_analyzer_scan_date":null,"focus_keyword":null,"additional_keywords":null,"truseo_locale":null},"aioseo_breadcrumb":"<div class=\"aioseo-breadcrumbs\"><span class=\"aioseo-breadcrumb\">\n\t\t\t<a href=\"https:\/\/www.immo-invest.ch\/it\/\" title=\"Home\">Home<\/a>\n\t\t<\/span><span class=\"aioseo-breadcrumb-separator\">&raquo;<\/span><span class=\"aioseo-breadcrumb\">\n\t\t\t<a href=\"https:\/\/www.immo-invest.ch\/it\/categoria\/regioni\/\" title=\"Regioni\">Regioni<\/a>\n\t\t<\/span><span class=\"aioseo-breadcrumb-separator\">&raquo;<\/span><span class=\"aioseo-breadcrumb\">\n\t\t\t<a href=\"https:\/\/www.immo-invest.ch\/it\/categoria\/regioni\/svizzera\/\" title=\"Svizzera\">Svizzera<\/a>\n\t\t<\/span><span class=\"aioseo-breadcrumb-separator\">&raquo;<\/span><span class=\"aioseo-breadcrumb\">\n\t\t\t<a href=\"https:\/\/www.immo-invest.ch\/it\/categoria\/regioni\/svizzera\/zentralschweiz-it\/\" title=\"Zentralschweiz\">Zentralschweiz<\/a>\n\t\t<\/span><span class=\"aioseo-breadcrumb-separator\">&raquo;<\/span><span class=\"aioseo-breadcrumb\">\n\t\t\t<a href=\"https:\/\/www.immo-invest.ch\/it\/categoria\/regioni\/svizzera\/zentralschweiz-it\/zug-immoregionen-it\/\" title=\"Zug\">Zug<\/a>\n\t\t<\/span><span class=\"aioseo-breadcrumb-separator\">&raquo;<\/span><span class=\"aioseo-breadcrumb\">\n\t\t\tSiemens mette in funzione un campus climaticamente neutrale\n\t\t<\/span><\/div>","aioseo_breadcrumb_json":[{"label":"Home","link":"https:\/\/www.immo-invest.ch\/it\/"},{"label":"Regioni","link":"https:\/\/www.immo-invest.ch\/it\/categoria\/regioni\/"},{"label":"Svizzera","link":"https:\/\/www.immo-invest.ch\/it\/categoria\/regioni\/svizzera\/"},{"label":"Zentralschweiz","link":"https:\/\/www.immo-invest.ch\/it\/categoria\/regioni\/svizzera\/zentralschweiz-it\/"},{"label":"Zug","link":"https:\/\/www.immo-invest.ch\/it\/categoria\/regioni\/svizzera\/zentralschweiz-it\/zug-immoregionen-it\/"},{"label":"Siemens mette in funzione un campus climaticamente neutrale","link":"https:\/\/www.immo-invest.ch\/it\/siemens-nimmt-klimaneutralen-campus-in-betrieb\/"}],"featured_image_src":"https:\/\/www.immo-invest.ch\/wp-content\/uploads\/2023\/09\/city-8080609_1280-336x168.jpg","_links":{"self":[{"href":"https:\/\/www.immo-invest.ch\/it\/wp-json\/wp\/v2\/posts\/63952","targetHints":{"allow":["GET"]}}],"collection":[{"href":"https:\/\/www.immo-invest.ch\/it\/wp-json\/wp\/v2\/posts"}],"about":[{"href":"https:\/\/www.immo-invest.ch\/it\/wp-json\/wp\/v2\/types\/post"}],"author":[{"embeddable":true,"href":"https:\/\/www.immo-invest.ch\/it\/wp-json\/wp\/v2\/users\/2"}],"replies":[{"embeddable":true,"href":"https:\/\/www.immo-invest.ch\/it\/wp-json\/wp\/v2\/comments?post=63952"}],"version-history":[{"count":0,"href":"https:\/\/www.immo-invest.ch\/it\/wp-json\/wp\/v2\/posts\/63952\/revisions"}],"wp:featuredmedia":[{"embeddable":true,"href":"https:\/\/www.immo-invest.ch\/it\/wp-json\/wp\/v2\/media\/63947"}],"wp:attachment":[{"href":"https:\/\/www.immo-invest.ch\/it\/wp-json\/wp\/v2\/media?parent=63952"}],"wp:term":[{"taxonomy":"category","embeddable":true,"href":"https:\/\/www.immo-invest.ch\/it\/wp-json\/wp\/v2\/categories?post=63952"},{"taxonomy":"post_tag","embeddable":true,"href":"https:\/\/www.immo-invest.ch\/it\/wp-json\/wp\/v2\/tags?post=63952"}],"curies":[{"name":"wp","href":"https:\/\/api.w.org\/{rel}","templated":true}]}}