{"id":63833,"date":"2023-09-13T15:39:00","date_gmt":"2023-09-13T13:39:00","guid":{"rendered":"https:\/\/www.immo-invest.ch\/?p=63833"},"modified":"2023-09-13T09:04:07","modified_gmt":"2023-09-13T07:04:07","slug":"kalkfabrik-netstal-prasentiert-projekt-zur-co2-abscheidung","status":"publish","type":"post","link":"https:\/\/www.immo-invest.ch\/it\/kalkfabrik-netstal-prasentiert-projekt-zur-co2-abscheidung\/","title":{"rendered":"La fabbrica di calce Netstal presenta il progetto di cattura di CO2"},"content":{"rendered":"<p class=\"bodytext\">La fabbrica di calce Netstal<a href=\"https:\/\/www.kfn.ch\/\" target=\"_blank\" rel=\"noopener\">(KFN<\/a>) vuole liquefare circa tre quarti delle sue emissioni giornaliere di CO2 dalla produzione di calce, invece di emetterle nell&rsquo;atmosfera. A tal fine, KFN sta progettando di installare un sistema di cottura ossicombustibile con ricircolo dei gas di scarico nel forno del pozzo della calce. L&rsquo;azienda ha ora presentato il corrispondente <a href=\"https:\/\/www.kfn.ch\/fileadmin\/user_upload\/KFN-Medienmitteilung-Innovation-Klimapositive-Kalkgewinnung_2.pdf\" target=\"_blank\" rel=\"noopener\">progetto di cattura di CO2 nella fabbrica di calce<\/a>.<\/p>\n<p class=\"bodytext\">Anche il Consigliere federale Albert R&ouml;sti ha partecipato alla presentazione, ha annunciato KFN in un <a href=\"https:\/\/www.kfn.ch\/news\/artikel\/kfn-innovation-weckt-neugier-des-bundesrats\/\" target=\"_blank\" rel=\"noopener\">comunicato stampa<\/a>. Il capo del <a href=\"https:\/\/www.uvek.admin.ch\/uvek\/de\/home.html\" target=\"_blank\" rel=\"noopener\">Dipartimento federale dell&rsquo;Ambiente, dei Trasporti, dell&rsquo;Energia e delle Comunicazioni<\/a> ha descritto il progetto come un importante contributo alla protezione del clima e ha attestato l&rsquo;alto potenziale della tecnologia a livello mondiale.<\/p>\n<p class=\"bodytext\">Con l&rsquo;aiuto del sistema di cottura ossicombustibile con ricircolo dei gas di scarico e varie innovazioni nella costruzione del forno a calce, la concentrazione di CO2 nei gas di scarico sar&agrave; aumentata a pi&ugrave; del 75 percento in volume. Questo rende possibile la successiva liquefazione della CO2 in modo efficiente dal punto di vista energetico, spiega KFN. La CO2 liquefatta pu&ograve; poi essere immessa in un&rsquo;ulteriore lavorazione o in uno stoccaggio permanente.<\/p>\n<p class=\"bodytext\">Simulazioni e test hanno gi&agrave; confermato il potenziale dell&rsquo;ossicombustione sulla scala prevista. Attualmente, KFN e il partner tecnologico <a href=\"https:\/\/www.maerz.com\/de\/kalkoefen\" target=\"_blank\" rel=\"noopener\">Maerz Ofenbau<\/a> sono impegnati nei lavori preparatori per l&rsquo;implementazione a Netstal. Ci sono ancora questioni relative al finanziamento, scrive KFN. Tuttavia, Konrad H. Marti, Responsabile dello Sviluppo Aziendale di KFN, prevede che il progetto possa essere realizzato in modo economicamente soddisfacente nel prossimo futuro.<\/p>\n","protected":false},"excerpt":{"rendered":"<p>Die Kalkfabrik Netstal hat ihr Projekt zur Abscheidung von CO2 aus der Kalkproduktion vorgestellt. Dabei soll das CO2 im Abgas hoch konzentriert und dann verfl\u00fcssigt werden. An der Pr\u00e4sentation bescheinigte Bundesrat Albert R\u00f6sti der Technologie auch weltweit ein hohes Potenzial.<\/p>\n","protected":false},"author":2,"featured_media":63828,"comment_status":"open","ping_status":"open","sticky":false,"template":"","format":"standard","meta":{"pmpro_default_level":"","inline_featured_image":false,"_monsterinsights_skip_tracking":false,"footnotes":""},"categories":[8750,745],"tags":[42085,852,867,3935,42084,42086,2006],"class_list":["post-63833","post","type-post","status-publish","format-standard","has-post-thumbnail","hentry","category-energia","category-immonews-it","tag-co2-abscheidung-2","tag-immobilien-it","tag-immoinvest-it","tag-immonews-it","tag-kalkfabrik","tag-netstal","tag-news-it","pmpro-has-access"],"acf":{"bild_mit_ki_erstellt_worden":[],"lead":"Netstal GL - Die Kalkfabrik Netstal hat ihr Projekt zur Abscheidung von CO2 aus der Kalkproduktion vorgestellt. Dabei soll das CO2 im Abgas hoch konzentriert und dann verfl\u00fcssigt werden. An der Pr\u00e4sentation bescheinigte Bundesrat Albert R\u00f6sti der Technologie auch weltweit ein hohes Potenzial.","autor":"ce\/hs","ort":"Netstal GL","bildunterschrift":"","bild_im_grid":false,"gallerie":"","newsim":""},"aioseo_notices":[],"aioseo_head":"\n\t\t<!-- All in One SEO 5.0.1.1 - aioseo.com -->\n\t<meta name=\"description\" content=\"Die Kalkfabrik Netstal hat ihr Projekt zur Abscheidung von CO2 aus der Kalkproduktion vorgestellt. Dabei soll das CO2 im Abgas hoch konzentriert und dann verfl\u00fcssigt werden. An der Pr\u00e4sentation bescheinigte Bundesrat Albert R\u00f6sti der Technologie auch weltweit ein hohes Potenzial.\" \/>\n\t<meta name=\"robots\" content=\"max-image-preview:large\" \/>\n\t<meta name=\"author\" content=\"immovestuser\"\/>\n\t<meta name=\"google-site-verification\" content=\"fHJKvgWpZCR2zVBHWfkQeFXC11qieUSff0HGNYfuyLA\" \/>\n\t<link rel=\"canonical\" href=\"https:\/\/www.immo-invest.ch\/it\/kalkfabrik-netstal-prasentiert-projekt-zur-co2-abscheidung\/\" \/>\n\t<meta name=\"generator\" content=\"All in One SEO (AIOSEO) 5.0.1.1\" \/>\n\t\t<meta property=\"og:locale\" content=\"it_IT\" \/>\n\t\t<meta property=\"og:site_name\" content=\"immo!nvest - Die Plattform f\u00fcr Standorte und Immobilien - Die\u00a0Plattform f\u00fcr Standorte und Immobilien\" \/>\n\t\t<meta property=\"og:type\" content=\"article\" \/>\n\t\t<meta property=\"og:title\" content=\"La fabbrica di calce Netstal presenta il progetto di cattura di CO2 - immo!nvest - Die Plattform f\u00fcr Standorte und Immobilien\" \/>\n\t\t<meta property=\"og:description\" content=\"Die Kalkfabrik Netstal hat ihr Projekt zur Abscheidung von CO2 aus der Kalkproduktion vorgestellt. Dabei soll das CO2 im Abgas hoch konzentriert und dann verfl\u00fcssigt werden. An der Pr\u00e4sentation bescheinigte Bundesrat Albert R\u00f6sti der Technologie auch weltweit ein hohes Potenzial.\" \/>\n\t\t<meta property=\"og:url\" content=\"https:\/\/www.immo-invest.ch\/it\/kalkfabrik-netstal-prasentiert-projekt-zur-co2-abscheidung\/\" \/>\n\t\t<meta property=\"og:image\" content=\"https:\/\/www.immo-invest.ch\/wp-content\/uploads\/2023\/09\/co2-3139225_1280.jpg\" \/>\n\t\t<meta property=\"og:image:secure_url\" content=\"https:\/\/www.immo-invest.ch\/wp-content\/uploads\/2023\/09\/co2-3139225_1280.jpg\" \/>\n\t\t<meta property=\"og:image:width\" content=\"1280\" \/>\n\t\t<meta property=\"og:image:height\" content=\"672\" \/>\n\t\t<meta property=\"article:published_time\" content=\"2023-09-13T13:39:00+00:00\" \/>\n\t\t<meta property=\"article:modified_time\" content=\"2023-09-13T07:04:07+00:00\" \/>\n\t\t<meta property=\"article:publisher\" content=\"https:\/\/www.facebook.com\/people\/Immoinvest\/100077962920504\/\" \/>\n\t\t<meta name=\"twitter:card\" content=\"summary_large_image\" \/>\n\t\t<meta name=\"twitter:site\" content=\"@i\" \/>\n\t\t<meta name=\"twitter:title\" content=\"La fabbrica di calce Netstal presenta il progetto di cattura di CO2 - immo!nvest - Die Plattform f\u00fcr Standorte und Immobilien\" \/>\n\t\t<meta name=\"twitter:description\" content=\"Die Kalkfabrik Netstal hat ihr Projekt zur Abscheidung von CO2 aus der Kalkproduktion vorgestellt. Dabei soll das CO2 im Abgas hoch konzentriert und dann verfl\u00fcssigt werden. An der Pr\u00e4sentation bescheinigte Bundesrat Albert R\u00f6sti der Technologie auch weltweit ein hohes Potenzial.\" \/>\n\t\t<meta name=\"twitter:creator\" content=\"@i\" \/>\n\t\t<meta name=\"twitter:image\" content=\"https:\/\/www.immo-invest.ch\/wp-content\/uploads\/2023\/09\/co2-3139225_1280.jpg\" \/>\n\t\t<script type=\"application\/ld+json\" class=\"aioseo-schema\">\n\t\t\t{\"@context\":\"https:\\\/\\\/schema.org\",\"@graph\":[{\"@type\":\"BlogPosting\",\"@id\":\"https:\\\/\\\/www.immo-invest.ch\\\/it\\\/kalkfabrik-netstal-prasentiert-projekt-zur-co2-abscheidung\\\/#blogposting\",\"name\":\"La fabbrica di calce Netstal presenta il progetto di cattura di CO2 - immo!nvest - Die Plattform f\\u00fcr Standorte und Immobilien\",\"headline\":\"La fabbrica di calce Netstal presenta il progetto di cattura di CO2\",\"author\":{\"@id\":\"https:\\\/\\\/www.immo-invest.ch\\\/it\\\/author\\\/immovestuser\\\/#author\"},\"publisher\":{\"@id\":\"https:\\\/\\\/www.immo-invest.ch\\\/it\\\/#organization\"},\"image\":{\"@type\":\"ImageObject\",\"url\":\"https:\\\/\\\/www.immo-invest.ch\\\/wp-content\\\/uploads\\\/2023\\\/09\\\/co2-3139225_1280.jpg\",\"width\":1280,\"height\":672},\"datePublished\":\"2023-09-13T15:39:00+02:00\",\"dateModified\":\"2023-09-13T09:04:07+02:00\",\"inLanguage\":\"it-IT\",\"mainEntityOfPage\":{\"@id\":\"https:\\\/\\\/www.immo-invest.ch\\\/it\\\/kalkfabrik-netstal-prasentiert-projekt-zur-co2-abscheidung\\\/#webpage\"},\"isPartOf\":{\"@id\":\"https:\\\/\\\/www.immo-invest.ch\\\/it\\\/kalkfabrik-netstal-prasentiert-projekt-zur-co2-abscheidung\\\/#webpage\"},\"articleSection\":\"Energia, immoNews, CO2-Abscheidung, immobilien, Immoinvest, immoNews, Kalkfabrik, Netstal, News, Optional\"},{\"@type\":\"BreadcrumbList\",\"@id\":\"https:\\\/\\\/www.immo-invest.ch\\\/it\\\/kalkfabrik-netstal-prasentiert-projekt-zur-co2-abscheidung\\\/#breadcrumblist\",\"itemListElement\":[{\"@type\":\"ListItem\",\"@id\":\"https:\\\/\\\/www.immo-invest.ch\\\/it\\\/#listItem\",\"position\":1,\"name\":\"Home\",\"item\":\"https:\\\/\\\/www.immo-invest.ch\\\/it\\\/\",\"nextItem\":{\"@type\":\"ListItem\",\"@id\":\"https:\\\/\\\/www.immo-invest.ch\\\/it\\\/categoria\\\/immonews-it\\\/#listItem\",\"name\":\"immoNews\"}},{\"@type\":\"ListItem\",\"@id\":\"https:\\\/\\\/www.immo-invest.ch\\\/it\\\/categoria\\\/immonews-it\\\/#listItem\",\"position\":2,\"name\":\"immoNews\",\"item\":\"https:\\\/\\\/www.immo-invest.ch\\\/it\\\/categoria\\\/immonews-it\\\/\",\"nextItem\":{\"@type\":\"ListItem\",\"@id\":\"https:\\\/\\\/www.immo-invest.ch\\\/it\\\/kalkfabrik-netstal-prasentiert-projekt-zur-co2-abscheidung\\\/#listItem\",\"name\":\"La fabbrica di calce Netstal presenta il progetto di cattura di CO2\"},\"previousItem\":{\"@type\":\"ListItem\",\"@id\":\"https:\\\/\\\/www.immo-invest.ch\\\/it\\\/#listItem\",\"name\":\"Home\"}},{\"@type\":\"ListItem\",\"@id\":\"https:\\\/\\\/www.immo-invest.ch\\\/it\\\/kalkfabrik-netstal-prasentiert-projekt-zur-co2-abscheidung\\\/#listItem\",\"position\":3,\"name\":\"La fabbrica di calce Netstal presenta il progetto di cattura di CO2\",\"previousItem\":{\"@type\":\"ListItem\",\"@id\":\"https:\\\/\\\/www.immo-invest.ch\\\/it\\\/categoria\\\/immonews-it\\\/#listItem\",\"name\":\"immoNews\"}}]},{\"@type\":\"Organization\",\"@id\":\"https:\\\/\\\/www.immo-invest.ch\\\/it\\\/#organization\",\"name\":\"immo!nvest - Die Plattform f\\u00fcr Standorte und Immobilien\",\"description\":\"Die\\u00a0Plattform f\\u00fcr Standorte und Immobilien\",\"url\":\"https:\\\/\\\/www.immo-invest.ch\\\/it\\\/\",\"email\":\"admin@immomedia.ag\",\"telephone\":\"+41444420002\",\"logo\":{\"@type\":\"ImageObject\",\"url\":\"https:\\\/\\\/www.immo-invest.ch\\\/wp-content\\\/uploads\\\/2024\\\/09\\\/immoinvest_sm-scaled.jpg\",\"@id\":\"https:\\\/\\\/www.immo-invest.ch\\\/it\\\/kalkfabrik-netstal-prasentiert-projekt-zur-co2-abscheidung\\\/#organizationLogo\",\"width\":2560,\"height\":1340},\"image\":{\"@id\":\"https:\\\/\\\/www.immo-invest.ch\\\/it\\\/kalkfabrik-netstal-prasentiert-projekt-zur-co2-abscheidung\\\/#organizationLogo\"},\"sameAs\":[\"https:\\\/\\\/www.facebook.com\\\/people\\\/Immoinvest\\\/100077962920504\\\/\",\"https:\\\/\\\/x.com\\\/i\\\/flow\\\/login?redirect_after_login=immoinvest_ch\",\"https:\\\/\\\/www.instagram.com\\\/immoinvest_ch\\\/\",\"https:\\\/\\\/www.linkedin.com\\\/company\\\/immoinvest-swiss\"]},{\"@type\":\"Person\",\"@id\":\"https:\\\/\\\/www.immo-invest.ch\\\/it\\\/author\\\/immovestuser\\\/#author\",\"url\":\"https:\\\/\\\/www.immo-invest.ch\\\/it\\\/author\\\/immovestuser\\\/\",\"name\":\"immovestuser\",\"image\":{\"@type\":\"ImageObject\",\"@id\":\"https:\\\/\\\/www.immo-invest.ch\\\/it\\\/kalkfabrik-netstal-prasentiert-projekt-zur-co2-abscheidung\\\/#authorImage\",\"url\":\"https:\\\/\\\/secure.gravatar.com\\\/avatar\\\/8e01f4d99f2eeea7a362ebb93305e1172a70e9293ba250f897a65c39f54cdd1e?s=96&d=mm&r=g\",\"width\":96,\"height\":96,\"caption\":\"immovestuser\"}},{\"@type\":\"WebPage\",\"@id\":\"https:\\\/\\\/www.immo-invest.ch\\\/it\\\/kalkfabrik-netstal-prasentiert-projekt-zur-co2-abscheidung\\\/#webpage\",\"url\":\"https:\\\/\\\/www.immo-invest.ch\\\/it\\\/kalkfabrik-netstal-prasentiert-projekt-zur-co2-abscheidung\\\/\",\"name\":\"La fabbrica di calce Netstal presenta il progetto di cattura di CO2 - immo!nvest - Die Plattform f\\u00fcr Standorte und Immobilien\",\"description\":\"Die Kalkfabrik Netstal hat ihr Projekt zur Abscheidung von CO2 aus der Kalkproduktion vorgestellt. Dabei soll das CO2 im Abgas hoch konzentriert und dann verfl\\u00fcssigt werden. An der Pr\\u00e4sentation bescheinigte Bundesrat Albert R\\u00f6sti der Technologie auch weltweit ein hohes Potenzial.\",\"inLanguage\":\"it-IT\",\"isPartOf\":{\"@id\":\"https:\\\/\\\/www.immo-invest.ch\\\/it\\\/#website\"},\"breadcrumb\":{\"@id\":\"https:\\\/\\\/www.immo-invest.ch\\\/it\\\/kalkfabrik-netstal-prasentiert-projekt-zur-co2-abscheidung\\\/#breadcrumblist\"},\"author\":{\"@id\":\"https:\\\/\\\/www.immo-invest.ch\\\/it\\\/author\\\/immovestuser\\\/#author\"},\"creator\":{\"@id\":\"https:\\\/\\\/www.immo-invest.ch\\\/it\\\/author\\\/immovestuser\\\/#author\"},\"image\":{\"@type\":\"ImageObject\",\"url\":\"https:\\\/\\\/www.immo-invest.ch\\\/wp-content\\\/uploads\\\/2023\\\/09\\\/co2-3139225_1280.jpg\",\"@id\":\"https:\\\/\\\/www.immo-invest.ch\\\/it\\\/kalkfabrik-netstal-prasentiert-projekt-zur-co2-abscheidung\\\/#mainImage\",\"width\":1280,\"height\":672},\"primaryImageOfPage\":{\"@id\":\"https:\\\/\\\/www.immo-invest.ch\\\/it\\\/kalkfabrik-netstal-prasentiert-projekt-zur-co2-abscheidung\\\/#mainImage\"},\"datePublished\":\"2023-09-13T15:39:00+02:00\",\"dateModified\":\"2023-09-13T09:04:07+02:00\"},{\"@type\":\"WebSite\",\"@id\":\"https:\\\/\\\/www.immo-invest.ch\\\/it\\\/#website\",\"url\":\"https:\\\/\\\/www.immo-invest.ch\\\/it\\\/\",\"name\":\"immo!nvest - Die Plattform f\\u00fcr Standorte und Immobilien\",\"description\":\"Die\\u00a0Plattform f\\u00fcr Standorte und Immobilien\",\"inLanguage\":\"it-IT\",\"publisher\":{\"@id\":\"https:\\\/\\\/www.immo-invest.ch\\\/it\\\/#organization\"}}]}\n\t\t<\/script>\n\t\t<!-- All in One SEO -->\n\n","aioseo_head_json":{"title":"La fabbrica di calce Netstal presenta il progetto di cattura di CO2 - immo!nvest - Die Plattform f\u00fcr Standorte und Immobilien","description":"Die Kalkfabrik Netstal hat ihr Projekt zur Abscheidung von CO2 aus der Kalkproduktion vorgestellt. Dabei soll das CO2 im Abgas hoch konzentriert und dann verfl\u00fcssigt werden. An der Pr\u00e4sentation bescheinigte Bundesrat Albert R\u00f6sti der Technologie auch weltweit ein hohes Potenzial.","canonical_url":"https:\/\/www.immo-invest.ch\/it\/kalkfabrik-netstal-prasentiert-projekt-zur-co2-abscheidung\/","robots":"max-image-preview:large","keywords":"","webmasterTools":{"google-site-verification":"fHJKvgWpZCR2zVBHWfkQeFXC11qieUSff0HGNYfuyLA","miscellaneous":""},"schema":{"@context":"https:\/\/schema.org","@graph":[{"@type":"BlogPosting","@id":"https:\/\/www.immo-invest.ch\/it\/kalkfabrik-netstal-prasentiert-projekt-zur-co2-abscheidung\/#blogposting","name":"La fabbrica di calce Netstal presenta il progetto di cattura di CO2 - immo!nvest - Die Plattform f\u00fcr Standorte und Immobilien","headline":"La fabbrica di calce Netstal presenta il progetto di cattura di CO2","author":{"@id":"https:\/\/www.immo-invest.ch\/it\/author\/immovestuser\/#author"},"publisher":{"@id":"https:\/\/www.immo-invest.ch\/it\/#organization"},"image":{"@type":"ImageObject","url":"https:\/\/www.immo-invest.ch\/wp-content\/uploads\/2023\/09\/co2-3139225_1280.jpg","width":1280,"height":672},"datePublished":"2023-09-13T15:39:00+02:00","dateModified":"2023-09-13T09:04:07+02:00","inLanguage":"it-IT","mainEntityOfPage":{"@id":"https:\/\/www.immo-invest.ch\/it\/kalkfabrik-netstal-prasentiert-projekt-zur-co2-abscheidung\/#webpage"},"isPartOf":{"@id":"https:\/\/www.immo-invest.ch\/it\/kalkfabrik-netstal-prasentiert-projekt-zur-co2-abscheidung\/#webpage"},"articleSection":"Energia, immoNews, CO2-Abscheidung, immobilien, Immoinvest, immoNews, Kalkfabrik, Netstal, News, Optional"},{"@type":"BreadcrumbList","@id":"https:\/\/www.immo-invest.ch\/it\/kalkfabrik-netstal-prasentiert-projekt-zur-co2-abscheidung\/#breadcrumblist","itemListElement":[{"@type":"ListItem","@id":"https:\/\/www.immo-invest.ch\/it\/#listItem","position":1,"name":"Home","item":"https:\/\/www.immo-invest.ch\/it\/","nextItem":{"@type":"ListItem","@id":"https:\/\/www.immo-invest.ch\/it\/categoria\/immonews-it\/#listItem","name":"immoNews"}},{"@type":"ListItem","@id":"https:\/\/www.immo-invest.ch\/it\/categoria\/immonews-it\/#listItem","position":2,"name":"immoNews","item":"https:\/\/www.immo-invest.ch\/it\/categoria\/immonews-it\/","nextItem":{"@type":"ListItem","@id":"https:\/\/www.immo-invest.ch\/it\/kalkfabrik-netstal-prasentiert-projekt-zur-co2-abscheidung\/#listItem","name":"La fabbrica di calce Netstal presenta il progetto di cattura di CO2"},"previousItem":{"@type":"ListItem","@id":"https:\/\/www.immo-invest.ch\/it\/#listItem","name":"Home"}},{"@type":"ListItem","@id":"https:\/\/www.immo-invest.ch\/it\/kalkfabrik-netstal-prasentiert-projekt-zur-co2-abscheidung\/#listItem","position":3,"name":"La fabbrica di calce Netstal presenta il progetto di cattura di CO2","previousItem":{"@type":"ListItem","@id":"https:\/\/www.immo-invest.ch\/it\/categoria\/immonews-it\/#listItem","name":"immoNews"}}]},{"@type":"Organization","@id":"https:\/\/www.immo-invest.ch\/it\/#organization","name":"immo!nvest - Die Plattform f\u00fcr Standorte und Immobilien","description":"Die\u00a0Plattform f\u00fcr Standorte und Immobilien","url":"https:\/\/www.immo-invest.ch\/it\/","email":"admin@immomedia.ag","telephone":"+41444420002","logo":{"@type":"ImageObject","url":"https:\/\/www.immo-invest.ch\/wp-content\/uploads\/2024\/09\/immoinvest_sm-scaled.jpg","@id":"https:\/\/www.immo-invest.ch\/it\/kalkfabrik-netstal-prasentiert-projekt-zur-co2-abscheidung\/#organizationLogo","width":2560,"height":1340},"image":{"@id":"https:\/\/www.immo-invest.ch\/it\/kalkfabrik-netstal-prasentiert-projekt-zur-co2-abscheidung\/#organizationLogo"},"sameAs":["https:\/\/www.facebook.com\/people\/Immoinvest\/100077962920504\/","https:\/\/x.com\/i\/flow\/login?redirect_after_login=immoinvest_ch","https:\/\/www.instagram.com\/immoinvest_ch\/","https:\/\/www.linkedin.com\/company\/immoinvest-swiss"]},{"@type":"Person","@id":"https:\/\/www.immo-invest.ch\/it\/author\/immovestuser\/#author","url":"https:\/\/www.immo-invest.ch\/it\/author\/immovestuser\/","name":"immovestuser","image":{"@type":"ImageObject","@id":"https:\/\/www.immo-invest.ch\/it\/kalkfabrik-netstal-prasentiert-projekt-zur-co2-abscheidung\/#authorImage","url":"https:\/\/secure.gravatar.com\/avatar\/8e01f4d99f2eeea7a362ebb93305e1172a70e9293ba250f897a65c39f54cdd1e?s=96&d=mm&r=g","width":96,"height":96,"caption":"immovestuser"}},{"@type":"WebPage","@id":"https:\/\/www.immo-invest.ch\/it\/kalkfabrik-netstal-prasentiert-projekt-zur-co2-abscheidung\/#webpage","url":"https:\/\/www.immo-invest.ch\/it\/kalkfabrik-netstal-prasentiert-projekt-zur-co2-abscheidung\/","name":"La fabbrica di calce Netstal presenta il progetto di cattura di CO2 - immo!nvest - Die Plattform f\u00fcr Standorte und Immobilien","description":"Die Kalkfabrik Netstal hat ihr Projekt zur Abscheidung von CO2 aus der Kalkproduktion vorgestellt. Dabei soll das CO2 im Abgas hoch konzentriert und dann verfl\u00fcssigt werden. An der Pr\u00e4sentation bescheinigte Bundesrat Albert R\u00f6sti der Technologie auch weltweit ein hohes Potenzial.","inLanguage":"it-IT","isPartOf":{"@id":"https:\/\/www.immo-invest.ch\/it\/#website"},"breadcrumb":{"@id":"https:\/\/www.immo-invest.ch\/it\/kalkfabrik-netstal-prasentiert-projekt-zur-co2-abscheidung\/#breadcrumblist"},"author":{"@id":"https:\/\/www.immo-invest.ch\/it\/author\/immovestuser\/#author"},"creator":{"@id":"https:\/\/www.immo-invest.ch\/it\/author\/immovestuser\/#author"},"image":{"@type":"ImageObject","url":"https:\/\/www.immo-invest.ch\/wp-content\/uploads\/2023\/09\/co2-3139225_1280.jpg","@id":"https:\/\/www.immo-invest.ch\/it\/kalkfabrik-netstal-prasentiert-projekt-zur-co2-abscheidung\/#mainImage","width":1280,"height":672},"primaryImageOfPage":{"@id":"https:\/\/www.immo-invest.ch\/it\/kalkfabrik-netstal-prasentiert-projekt-zur-co2-abscheidung\/#mainImage"},"datePublished":"2023-09-13T15:39:00+02:00","dateModified":"2023-09-13T09:04:07+02:00"},{"@type":"WebSite","@id":"https:\/\/www.immo-invest.ch\/it\/#website","url":"https:\/\/www.immo-invest.ch\/it\/","name":"immo!nvest - Die Plattform f\u00fcr Standorte und Immobilien","description":"Die\u00a0Plattform f\u00fcr Standorte und Immobilien","inLanguage":"it-IT","publisher":{"@id":"https:\/\/www.immo-invest.ch\/it\/#organization"}}]},"og:locale":"it_IT","og:site_name":"immo!nvest - Die Plattform f\u00fcr Standorte und Immobilien - Die\u00a0Plattform f\u00fcr Standorte und Immobilien","og:type":"article","og:title":"La fabbrica di calce Netstal presenta il progetto di cattura di CO2 - immo!nvest - Die Plattform f\u00fcr Standorte und Immobilien","og:description":"Die Kalkfabrik Netstal hat ihr Projekt zur Abscheidung von CO2 aus der Kalkproduktion vorgestellt. Dabei soll das CO2 im Abgas hoch konzentriert und dann verfl\u00fcssigt werden. An der Pr\u00e4sentation bescheinigte Bundesrat Albert R\u00f6sti der Technologie auch weltweit ein hohes Potenzial.","og:url":"https:\/\/www.immo-invest.ch\/it\/kalkfabrik-netstal-prasentiert-projekt-zur-co2-abscheidung\/","og:image":"https:\/\/www.immo-invest.ch\/wp-content\/uploads\/2023\/09\/co2-3139225_1280.jpg","og:image:secure_url":"https:\/\/www.immo-invest.ch\/wp-content\/uploads\/2023\/09\/co2-3139225_1280.jpg","og:image:width":1280,"og:image:height":672,"article:published_time":"2023-09-13T13:39:00+00:00","article:modified_time":"2023-09-13T07:04:07+00:00","article:publisher":"https:\/\/www.facebook.com\/people\/Immoinvest\/100077962920504\/","twitter:card":"summary_large_image","twitter:site":"@i","twitter:title":"La fabbrica di calce Netstal presenta il progetto di cattura di CO2 - immo!nvest - Die Plattform f\u00fcr Standorte und Immobilien","twitter:description":"Die Kalkfabrik Netstal hat ihr Projekt zur Abscheidung von CO2 aus der Kalkproduktion vorgestellt. Dabei soll das CO2 im Abgas hoch konzentriert und dann verfl\u00fcssigt werden. An der Pr\u00e4sentation bescheinigte Bundesrat Albert R\u00f6sti der Technologie auch weltweit ein hohes Potenzial.","twitter:creator":"@i","twitter:image":"https:\/\/www.immo-invest.ch\/wp-content\/uploads\/2023\/09\/co2-3139225_1280.jpg"},"aioseo_meta_data":{"post_id":"63833","title":null,"description":null,"keywords":null,"keyphrases":null,"primary_term":null,"canonical_url":null,"og_title":null,"og_description":null,"og_object_type":"default","og_image_type":"default","og_image_url":null,"og_image_width":null,"og_image_height":null,"og_image_custom_url":null,"og_image_custom_fields":null,"og_video":null,"og_custom_url":null,"og_article_section":null,"og_article_tags":null,"twitter_use_og":false,"twitter_card":"default","twitter_image_type":"default","twitter_image_url":null,"twitter_image_custom_url":null,"twitter_image_custom_fields":null,"twitter_title":null,"twitter_description":null,"schema":{"blockGraphs":[],"customGraphs":[],"default":{"data":{"Article":[],"Course":[],"Dataset":[],"FAQPage":[],"Movie":[],"Person":[],"Product":[],"ProductReview":[],"Car":[],"Recipe":[],"Service":[],"SoftwareApplication":[],"WebPage":[]},"graphName":"","isEnabled":true},"graphs":[]},"schema_type":"default","schema_type_options":null,"pillar_content":false,"robots_default":true,"robots_noindex":false,"robots_noarchive":false,"robots_nosnippet":false,"robots_nofollow":false,"robots_noimageindex":false,"robots_noodp":false,"robots_notranslate":false,"robots_max_snippet":null,"robots_max_videopreview":null,"robots_max_imagepreview":"large","priority":null,"frequency":null,"local_seo":null,"breadcrumb_settings":null,"limit_modified_date":false,"ai":null,"created":"2024-09-20 09:20:57","updated":"2025-10-23 15:13:12","seo_analyzer_scan_date":null,"focus_keyword":null,"additional_keywords":null,"truseo_locale":null},"aioseo_breadcrumb":"<div class=\"aioseo-breadcrumbs\"><span class=\"aioseo-breadcrumb\">\n\t\t\t<a href=\"https:\/\/www.immo-invest.ch\/it\/\" title=\"Home\">Home<\/a>\n\t\t<\/span><span class=\"aioseo-breadcrumb-separator\">&raquo;<\/span><span class=\"aioseo-breadcrumb\">\n\t\t\t<a href=\"https:\/\/www.immo-invest.ch\/it\/categoria\/immonews-it\/\" title=\"immoNews\">immoNews<\/a>\n\t\t<\/span><span class=\"aioseo-breadcrumb-separator\">&raquo;<\/span><span class=\"aioseo-breadcrumb\">\n\t\t\tLa fabbrica di calce Netstal presenta il progetto di cattura di CO2\n\t\t<\/span><\/div>","aioseo_breadcrumb_json":[{"label":"Home","link":"https:\/\/www.immo-invest.ch\/it\/"},{"label":"immoNews","link":"https:\/\/www.immo-invest.ch\/it\/categoria\/immonews-it\/"},{"label":"La fabbrica di calce Netstal presenta il progetto di cattura di CO2","link":"https:\/\/www.immo-invest.ch\/it\/kalkfabrik-netstal-prasentiert-projekt-zur-co2-abscheidung\/"}],"featured_image_src":"https:\/\/www.immo-invest.ch\/wp-content\/uploads\/2023\/09\/co2-3139225_1280-336x168.jpg","_links":{"self":[{"href":"https:\/\/www.immo-invest.ch\/it\/wp-json\/wp\/v2\/posts\/63833","targetHints":{"allow":["GET"]}}],"collection":[{"href":"https:\/\/www.immo-invest.ch\/it\/wp-json\/wp\/v2\/posts"}],"about":[{"href":"https:\/\/www.immo-invest.ch\/it\/wp-json\/wp\/v2\/types\/post"}],"author":[{"embeddable":true,"href":"https:\/\/www.immo-invest.ch\/it\/wp-json\/wp\/v2\/users\/2"}],"replies":[{"embeddable":true,"href":"https:\/\/www.immo-invest.ch\/it\/wp-json\/wp\/v2\/comments?post=63833"}],"version-history":[{"count":0,"href":"https:\/\/www.immo-invest.ch\/it\/wp-json\/wp\/v2\/posts\/63833\/revisions"}],"wp:featuredmedia":[{"embeddable":true,"href":"https:\/\/www.immo-invest.ch\/it\/wp-json\/wp\/v2\/media\/63828"}],"wp:attachment":[{"href":"https:\/\/www.immo-invest.ch\/it\/wp-json\/wp\/v2\/media?parent=63833"}],"wp:term":[{"taxonomy":"category","embeddable":true,"href":"https:\/\/www.immo-invest.ch\/it\/wp-json\/wp\/v2\/categories?post=63833"},{"taxonomy":"post_tag","embeddable":true,"href":"https:\/\/www.immo-invest.ch\/it\/wp-json\/wp\/v2\/tags?post=63833"}],"curies":[{"name":"wp","href":"https:\/\/api.w.org\/{rel}","templated":true}]}}