{"id":63698,"date":"2023-09-12T14:07:12","date_gmt":"2023-09-12T12:07:12","guid":{"rendered":"https:\/\/www.immo-invest.ch\/parlament-einigt-sich-bei-solarpflicht-fuer-gebaeude\/"},"modified":"2023-09-12T14:07:12","modified_gmt":"2023-09-12T12:07:12","slug":"parlament-einigt-sich-bei-solarpflicht-fuer-gebaeude","status":"publish","type":"post","link":"https:\/\/www.immo-invest.ch\/it\/parlament-einigt-sich-bei-solarpflicht-fuer-gebaeude\/","title":{"rendered":"Parlament einigt sich bei Solarpflicht f\u00fcr Geb\u00e4ude"},"content":{"rendered":"<p class=\"wp-block-paragraph\">Der Nationalrat entschied am Montag wie der St&auml;nderat, auf Antrag einer Minderheit bei der Bereinigung des Energie-Mantelerlasses. Die Mehrheit der Kommission f&uuml;r Umwelt, Raumplanung und Energie (Urek-N) hatte indes auf der generellen Solarpflicht f&uuml;r D&auml;cher und Fassaden bestanden, unterlag aber knapp.<\/p>\n\n\n\n<p class=\"wp-block-paragraph\">Energieminister Albert R&ouml;sti hatte vor dieser Formulierung gewarnt und gemahnt, die Vorlage mehrheitsf&auml;hig zu halten. Noch nicht einig sind sich die R&auml;te bei der Solarpflicht f&uuml;r Parkpl&auml;tze. Der Nationalrat will sie f&uuml;r grosse Fl&auml;chen, der St&auml;nderat nicht. Er hat nun wieder das Wort zur Vorlage.<\/p>\n","protected":false},"excerpt":{"rendered":"<p>Auf grossen D\u00e4chern und Fassaden m\u00fcssen k\u00fcnftig Solarpanels angebracht werden. So will es das Parlament. Diese Solarpflicht gilt f\u00fcr Neubauten und auch f\u00fcr Umbauten in erheblichem Ausmass. <\/p>\n","protected":false},"author":2,"featured_media":63667,"comment_status":"open","ping_status":"open","sticky":false,"template":"","format":"standard","meta":{"pmpro_default_level":"","inline_featured_image":false,"_monsterinsights_skip_tracking":false,"footnotes":""},"categories":[8750],"tags":[32518,843,13004,28174,42064,1679,1831],"class_list":["post-63698","post","type-post","status-publish","format-standard","has-post-thumbnail","hentry","category-energia","tag-dach-it","tag-energie-it","tag-fassade-it","tag-nationalrat-it","tag-pflicht-it","tag-solar-it","tag-umwelt-it","pmpro-has-access"],"acf":{"bild_mit_ki_erstellt_worden":[],"lead":"Auf grossen D\u00e4chern und Fassaden m\u00fcssen k\u00fcnftig Solarpanels angebracht werden. So will es das Parlament. Diese Solarpflicht gilt f\u00fcr Neubauten und auch f\u00fcr Umbauten in erheblichem Ausmass. ","autor":"Quelle: Parlament.ch","ort":"","bildunterschrift":"","bild_im_grid":false,"gallerie":"","newsim":""},"aioseo_notices":[],"aioseo_head":"\n\t\t<!-- All in One SEO 5.0.1.1 - aioseo.com -->\n\t<meta name=\"description\" content=\"Auf grossen D\u00e4chern und Fassaden m\u00fcssen k\u00fcnftig Solarpanels angebracht werden. So will es das Parlament. Diese Solarpflicht gilt f\u00fcr Neubauten und auch f\u00fcr Umbauten in erheblichem Ausmass.\" \/>\n\t<meta name=\"robots\" content=\"max-image-preview:large\" \/>\n\t<meta name=\"author\" content=\"immovestuser\"\/>\n\t<meta name=\"google-site-verification\" content=\"fHJKvgWpZCR2zVBHWfkQeFXC11qieUSff0HGNYfuyLA\" \/>\n\t<link rel=\"canonical\" href=\"https:\/\/www.immo-invest.ch\/it\/parlament-einigt-sich-bei-solarpflicht-fuer-gebaeude\/\" \/>\n\t<meta name=\"generator\" content=\"All in One SEO (AIOSEO) 5.0.1.1\" \/>\n\t\t<meta property=\"og:locale\" content=\"it_IT\" \/>\n\t\t<meta property=\"og:site_name\" content=\"immo!nvest - Die Plattform f\u00fcr Standorte und Immobilien - Die\u00a0Plattform f\u00fcr Standorte und Immobilien\" \/>\n\t\t<meta property=\"og:type\" content=\"article\" \/>\n\t\t<meta property=\"og:title\" content=\"Parlament einigt sich bei Solarpflicht f\u00fcr Geb\u00e4ude - immo!nvest - Die Plattform f\u00fcr Standorte und Immobilien\" \/>\n\t\t<meta property=\"og:description\" content=\"Auf grossen D\u00e4chern und Fassaden m\u00fcssen k\u00fcnftig Solarpanels angebracht werden. So will es das Parlament. Diese Solarpflicht gilt f\u00fcr Neubauten und auch f\u00fcr Umbauten in erheblichem Ausmass.\" \/>\n\t\t<meta property=\"og:url\" content=\"https:\/\/www.immo-invest.ch\/it\/parlament-einigt-sich-bei-solarpflicht-fuer-gebaeude\/\" \/>\n\t\t<meta property=\"og:image\" content=\"https:\/\/www.immo-invest.ch\/wp-content\/uploads\/2023\/09\/nuno-marques-0GbrjL3vZF4-unsplash-scaled.jpg\" \/>\n\t\t<meta property=\"og:image:secure_url\" content=\"https:\/\/www.immo-invest.ch\/wp-content\/uploads\/2023\/09\/nuno-marques-0GbrjL3vZF4-unsplash-scaled.jpg\" \/>\n\t\t<meta property=\"og:image:width\" content=\"2560\" \/>\n\t\t<meta property=\"og:image:height\" content=\"1732\" \/>\n\t\t<meta property=\"article:published_time\" content=\"2023-09-12T12:07:12+00:00\" \/>\n\t\t<meta property=\"article:modified_time\" content=\"2023-09-12T12:07:12+00:00\" \/>\n\t\t<meta property=\"article:publisher\" content=\"https:\/\/www.facebook.com\/people\/Immoinvest\/100077962920504\/\" \/>\n\t\t<meta name=\"twitter:card\" content=\"summary_large_image\" \/>\n\t\t<meta name=\"twitter:site\" content=\"@i\" \/>\n\t\t<meta name=\"twitter:title\" content=\"Parlament einigt sich bei Solarpflicht f\u00fcr Geb\u00e4ude - immo!nvest - Die Plattform f\u00fcr Standorte und Immobilien\" \/>\n\t\t<meta name=\"twitter:description\" content=\"Auf grossen D\u00e4chern und Fassaden m\u00fcssen k\u00fcnftig Solarpanels angebracht werden. So will es das Parlament. Diese Solarpflicht gilt f\u00fcr Neubauten und auch f\u00fcr Umbauten in erheblichem Ausmass.\" \/>\n\t\t<meta name=\"twitter:creator\" content=\"@i\" \/>\n\t\t<meta name=\"twitter:image\" content=\"https:\/\/www.immo-invest.ch\/wp-content\/uploads\/2023\/09\/nuno-marques-0GbrjL3vZF4-unsplash-scaled.jpg\" \/>\n\t\t<script type=\"application\/ld+json\" class=\"aioseo-schema\">\n\t\t\t{\"@context\":\"https:\\\/\\\/schema.org\",\"@graph\":[{\"@type\":\"BlogPosting\",\"@id\":\"https:\\\/\\\/www.immo-invest.ch\\\/it\\\/parlament-einigt-sich-bei-solarpflicht-fuer-gebaeude\\\/#blogposting\",\"name\":\"Parlament einigt sich bei Solarpflicht f\\u00fcr Geb\\u00e4ude - immo!nvest - Die Plattform f\\u00fcr Standorte und Immobilien\",\"headline\":\"Parlament einigt sich bei Solarpflicht f\\u00fcr Geb\\u00e4ude\",\"author\":{\"@id\":\"https:\\\/\\\/www.immo-invest.ch\\\/it\\\/author\\\/immovestuser\\\/#author\"},\"publisher\":{\"@id\":\"https:\\\/\\\/www.immo-invest.ch\\\/it\\\/#organization\"},\"image\":{\"@type\":\"ImageObject\",\"url\":\"https:\\\/\\\/www.immo-invest.ch\\\/wp-content\\\/uploads\\\/2023\\\/09\\\/nuno-marques-0GbrjL3vZF4-unsplash-scaled.jpg\",\"width\":2560,\"height\":1732},\"datePublished\":\"2023-09-12T14:07:12+02:00\",\"dateModified\":\"2023-09-12T14:07:12+02:00\",\"inLanguage\":\"it-IT\",\"mainEntityOfPage\":{\"@id\":\"https:\\\/\\\/www.immo-invest.ch\\\/it\\\/parlament-einigt-sich-bei-solarpflicht-fuer-gebaeude\\\/#webpage\"},\"isPartOf\":{\"@id\":\"https:\\\/\\\/www.immo-invest.ch\\\/it\\\/parlament-einigt-sich-bei-solarpflicht-fuer-gebaeude\\\/#webpage\"},\"articleSection\":\"Energia, Dach, Energie, Fassade, Nationalrat, Pflicht, Solar, umwelt, Optional\"},{\"@type\":\"BreadcrumbList\",\"@id\":\"https:\\\/\\\/www.immo-invest.ch\\\/it\\\/parlament-einigt-sich-bei-solarpflicht-fuer-gebaeude\\\/#breadcrumblist\",\"itemListElement\":[{\"@type\":\"ListItem\",\"@id\":\"https:\\\/\\\/www.immo-invest.ch\\\/it\\\/#listItem\",\"position\":1,\"name\":\"Home\",\"item\":\"https:\\\/\\\/www.immo-invest.ch\\\/it\\\/\",\"nextItem\":{\"@type\":\"ListItem\",\"@id\":\"https:\\\/\\\/www.immo-invest.ch\\\/it\\\/categoria\\\/energia\\\/#listItem\",\"name\":\"Energia\"}},{\"@type\":\"ListItem\",\"@id\":\"https:\\\/\\\/www.immo-invest.ch\\\/it\\\/categoria\\\/energia\\\/#listItem\",\"position\":2,\"name\":\"Energia\",\"item\":\"https:\\\/\\\/www.immo-invest.ch\\\/it\\\/categoria\\\/energia\\\/\",\"nextItem\":{\"@type\":\"ListItem\",\"@id\":\"https:\\\/\\\/www.immo-invest.ch\\\/it\\\/parlament-einigt-sich-bei-solarpflicht-fuer-gebaeude\\\/#listItem\",\"name\":\"Parlament einigt sich bei Solarpflicht f\\u00fcr Geb\\u00e4ude\"},\"previousItem\":{\"@type\":\"ListItem\",\"@id\":\"https:\\\/\\\/www.immo-invest.ch\\\/it\\\/#listItem\",\"name\":\"Home\"}},{\"@type\":\"ListItem\",\"@id\":\"https:\\\/\\\/www.immo-invest.ch\\\/it\\\/parlament-einigt-sich-bei-solarpflicht-fuer-gebaeude\\\/#listItem\",\"position\":3,\"name\":\"Parlament einigt sich bei Solarpflicht f\\u00fcr Geb\\u00e4ude\",\"previousItem\":{\"@type\":\"ListItem\",\"@id\":\"https:\\\/\\\/www.immo-invest.ch\\\/it\\\/categoria\\\/energia\\\/#listItem\",\"name\":\"Energia\"}}]},{\"@type\":\"Organization\",\"@id\":\"https:\\\/\\\/www.immo-invest.ch\\\/it\\\/#organization\",\"name\":\"immo!nvest - Die Plattform f\\u00fcr Standorte und Immobilien\",\"description\":\"Die\\u00a0Plattform f\\u00fcr Standorte und Immobilien\",\"url\":\"https:\\\/\\\/www.immo-invest.ch\\\/it\\\/\",\"email\":\"admin@immomedia.ag\",\"telephone\":\"+41444420002\",\"logo\":{\"@type\":\"ImageObject\",\"url\":\"https:\\\/\\\/www.immo-invest.ch\\\/wp-content\\\/uploads\\\/2024\\\/09\\\/immoinvest_sm-scaled.jpg\",\"@id\":\"https:\\\/\\\/www.immo-invest.ch\\\/it\\\/parlament-einigt-sich-bei-solarpflicht-fuer-gebaeude\\\/#organizationLogo\",\"width\":2560,\"height\":1340},\"image\":{\"@id\":\"https:\\\/\\\/www.immo-invest.ch\\\/it\\\/parlament-einigt-sich-bei-solarpflicht-fuer-gebaeude\\\/#organizationLogo\"},\"sameAs\":[\"https:\\\/\\\/www.facebook.com\\\/people\\\/Immoinvest\\\/100077962920504\\\/\",\"https:\\\/\\\/x.com\\\/i\\\/flow\\\/login?redirect_after_login=immoinvest_ch\",\"https:\\\/\\\/www.instagram.com\\\/immoinvest_ch\\\/\",\"https:\\\/\\\/www.linkedin.com\\\/company\\\/immoinvest-swiss\"]},{\"@type\":\"Person\",\"@id\":\"https:\\\/\\\/www.immo-invest.ch\\\/it\\\/author\\\/immovestuser\\\/#author\",\"url\":\"https:\\\/\\\/www.immo-invest.ch\\\/it\\\/author\\\/immovestuser\\\/\",\"name\":\"immovestuser\",\"image\":{\"@type\":\"ImageObject\",\"@id\":\"https:\\\/\\\/www.immo-invest.ch\\\/it\\\/parlament-einigt-sich-bei-solarpflicht-fuer-gebaeude\\\/#authorImage\",\"url\":\"https:\\\/\\\/secure.gravatar.com\\\/avatar\\\/8e01f4d99f2eeea7a362ebb93305e1172a70e9293ba250f897a65c39f54cdd1e?s=96&d=mm&r=g\",\"width\":96,\"height\":96,\"caption\":\"immovestuser\"}},{\"@type\":\"WebPage\",\"@id\":\"https:\\\/\\\/www.immo-invest.ch\\\/it\\\/parlament-einigt-sich-bei-solarpflicht-fuer-gebaeude\\\/#webpage\",\"url\":\"https:\\\/\\\/www.immo-invest.ch\\\/it\\\/parlament-einigt-sich-bei-solarpflicht-fuer-gebaeude\\\/\",\"name\":\"Parlament einigt sich bei Solarpflicht f\\u00fcr Geb\\u00e4ude - immo!nvest - Die Plattform f\\u00fcr Standorte und Immobilien\",\"description\":\"Auf grossen D\\u00e4chern und Fassaden m\\u00fcssen k\\u00fcnftig Solarpanels angebracht werden. So will es das Parlament. Diese Solarpflicht gilt f\\u00fcr Neubauten und auch f\\u00fcr Umbauten in erheblichem Ausmass.\",\"inLanguage\":\"it-IT\",\"isPartOf\":{\"@id\":\"https:\\\/\\\/www.immo-invest.ch\\\/it\\\/#website\"},\"breadcrumb\":{\"@id\":\"https:\\\/\\\/www.immo-invest.ch\\\/it\\\/parlament-einigt-sich-bei-solarpflicht-fuer-gebaeude\\\/#breadcrumblist\"},\"author\":{\"@id\":\"https:\\\/\\\/www.immo-invest.ch\\\/it\\\/author\\\/immovestuser\\\/#author\"},\"creator\":{\"@id\":\"https:\\\/\\\/www.immo-invest.ch\\\/it\\\/author\\\/immovestuser\\\/#author\"},\"image\":{\"@type\":\"ImageObject\",\"url\":\"https:\\\/\\\/www.immo-invest.ch\\\/wp-content\\\/uploads\\\/2023\\\/09\\\/nuno-marques-0GbrjL3vZF4-unsplash-scaled.jpg\",\"@id\":\"https:\\\/\\\/www.immo-invest.ch\\\/it\\\/parlament-einigt-sich-bei-solarpflicht-fuer-gebaeude\\\/#mainImage\",\"width\":2560,\"height\":1732},\"primaryImageOfPage\":{\"@id\":\"https:\\\/\\\/www.immo-invest.ch\\\/it\\\/parlament-einigt-sich-bei-solarpflicht-fuer-gebaeude\\\/#mainImage\"},\"datePublished\":\"2023-09-12T14:07:12+02:00\",\"dateModified\":\"2023-09-12T14:07:12+02:00\"},{\"@type\":\"WebSite\",\"@id\":\"https:\\\/\\\/www.immo-invest.ch\\\/it\\\/#website\",\"url\":\"https:\\\/\\\/www.immo-invest.ch\\\/it\\\/\",\"name\":\"immo!nvest - Die Plattform f\\u00fcr Standorte und Immobilien\",\"description\":\"Die\\u00a0Plattform f\\u00fcr Standorte und Immobilien\",\"inLanguage\":\"it-IT\",\"publisher\":{\"@id\":\"https:\\\/\\\/www.immo-invest.ch\\\/it\\\/#organization\"}}]}\n\t\t<\/script>\n\t\t<!-- All in One SEO -->\n\n","aioseo_head_json":{"title":"Parlament einigt sich bei Solarpflicht f\u00fcr Geb\u00e4ude - immo!nvest - Die Plattform f\u00fcr Standorte und Immobilien","description":"Auf grossen D\u00e4chern und Fassaden m\u00fcssen k\u00fcnftig Solarpanels angebracht werden. So will es das Parlament. Diese Solarpflicht gilt f\u00fcr Neubauten und auch f\u00fcr Umbauten in erheblichem Ausmass.","canonical_url":"https:\/\/www.immo-invest.ch\/it\/parlament-einigt-sich-bei-solarpflicht-fuer-gebaeude\/","robots":"max-image-preview:large","keywords":"","webmasterTools":{"google-site-verification":"fHJKvgWpZCR2zVBHWfkQeFXC11qieUSff0HGNYfuyLA","miscellaneous":""},"schema":{"@context":"https:\/\/schema.org","@graph":[{"@type":"BlogPosting","@id":"https:\/\/www.immo-invest.ch\/it\/parlament-einigt-sich-bei-solarpflicht-fuer-gebaeude\/#blogposting","name":"Parlament einigt sich bei Solarpflicht f\u00fcr Geb\u00e4ude - immo!nvest - Die Plattform f\u00fcr Standorte und Immobilien","headline":"Parlament einigt sich bei Solarpflicht f\u00fcr Geb\u00e4ude","author":{"@id":"https:\/\/www.immo-invest.ch\/it\/author\/immovestuser\/#author"},"publisher":{"@id":"https:\/\/www.immo-invest.ch\/it\/#organization"},"image":{"@type":"ImageObject","url":"https:\/\/www.immo-invest.ch\/wp-content\/uploads\/2023\/09\/nuno-marques-0GbrjL3vZF4-unsplash-scaled.jpg","width":2560,"height":1732},"datePublished":"2023-09-12T14:07:12+02:00","dateModified":"2023-09-12T14:07:12+02:00","inLanguage":"it-IT","mainEntityOfPage":{"@id":"https:\/\/www.immo-invest.ch\/it\/parlament-einigt-sich-bei-solarpflicht-fuer-gebaeude\/#webpage"},"isPartOf":{"@id":"https:\/\/www.immo-invest.ch\/it\/parlament-einigt-sich-bei-solarpflicht-fuer-gebaeude\/#webpage"},"articleSection":"Energia, Dach, Energie, Fassade, Nationalrat, Pflicht, Solar, umwelt, Optional"},{"@type":"BreadcrumbList","@id":"https:\/\/www.immo-invest.ch\/it\/parlament-einigt-sich-bei-solarpflicht-fuer-gebaeude\/#breadcrumblist","itemListElement":[{"@type":"ListItem","@id":"https:\/\/www.immo-invest.ch\/it\/#listItem","position":1,"name":"Home","item":"https:\/\/www.immo-invest.ch\/it\/","nextItem":{"@type":"ListItem","@id":"https:\/\/www.immo-invest.ch\/it\/categoria\/energia\/#listItem","name":"Energia"}},{"@type":"ListItem","@id":"https:\/\/www.immo-invest.ch\/it\/categoria\/energia\/#listItem","position":2,"name":"Energia","item":"https:\/\/www.immo-invest.ch\/it\/categoria\/energia\/","nextItem":{"@type":"ListItem","@id":"https:\/\/www.immo-invest.ch\/it\/parlament-einigt-sich-bei-solarpflicht-fuer-gebaeude\/#listItem","name":"Parlament einigt sich bei Solarpflicht f\u00fcr Geb\u00e4ude"},"previousItem":{"@type":"ListItem","@id":"https:\/\/www.immo-invest.ch\/it\/#listItem","name":"Home"}},{"@type":"ListItem","@id":"https:\/\/www.immo-invest.ch\/it\/parlament-einigt-sich-bei-solarpflicht-fuer-gebaeude\/#listItem","position":3,"name":"Parlament einigt sich bei Solarpflicht f\u00fcr Geb\u00e4ude","previousItem":{"@type":"ListItem","@id":"https:\/\/www.immo-invest.ch\/it\/categoria\/energia\/#listItem","name":"Energia"}}]},{"@type":"Organization","@id":"https:\/\/www.immo-invest.ch\/it\/#organization","name":"immo!nvest - Die Plattform f\u00fcr Standorte und Immobilien","description":"Die\u00a0Plattform f\u00fcr Standorte und Immobilien","url":"https:\/\/www.immo-invest.ch\/it\/","email":"admin@immomedia.ag","telephone":"+41444420002","logo":{"@type":"ImageObject","url":"https:\/\/www.immo-invest.ch\/wp-content\/uploads\/2024\/09\/immoinvest_sm-scaled.jpg","@id":"https:\/\/www.immo-invest.ch\/it\/parlament-einigt-sich-bei-solarpflicht-fuer-gebaeude\/#organizationLogo","width":2560,"height":1340},"image":{"@id":"https:\/\/www.immo-invest.ch\/it\/parlament-einigt-sich-bei-solarpflicht-fuer-gebaeude\/#organizationLogo"},"sameAs":["https:\/\/www.facebook.com\/people\/Immoinvest\/100077962920504\/","https:\/\/x.com\/i\/flow\/login?redirect_after_login=immoinvest_ch","https:\/\/www.instagram.com\/immoinvest_ch\/","https:\/\/www.linkedin.com\/company\/immoinvest-swiss"]},{"@type":"Person","@id":"https:\/\/www.immo-invest.ch\/it\/author\/immovestuser\/#author","url":"https:\/\/www.immo-invest.ch\/it\/author\/immovestuser\/","name":"immovestuser","image":{"@type":"ImageObject","@id":"https:\/\/www.immo-invest.ch\/it\/parlament-einigt-sich-bei-solarpflicht-fuer-gebaeude\/#authorImage","url":"https:\/\/secure.gravatar.com\/avatar\/8e01f4d99f2eeea7a362ebb93305e1172a70e9293ba250f897a65c39f54cdd1e?s=96&d=mm&r=g","width":96,"height":96,"caption":"immovestuser"}},{"@type":"WebPage","@id":"https:\/\/www.immo-invest.ch\/it\/parlament-einigt-sich-bei-solarpflicht-fuer-gebaeude\/#webpage","url":"https:\/\/www.immo-invest.ch\/it\/parlament-einigt-sich-bei-solarpflicht-fuer-gebaeude\/","name":"Parlament einigt sich bei Solarpflicht f\u00fcr Geb\u00e4ude - immo!nvest - Die Plattform f\u00fcr Standorte und Immobilien","description":"Auf grossen D\u00e4chern und Fassaden m\u00fcssen k\u00fcnftig Solarpanels angebracht werden. So will es das Parlament. Diese Solarpflicht gilt f\u00fcr Neubauten und auch f\u00fcr Umbauten in erheblichem Ausmass.","inLanguage":"it-IT","isPartOf":{"@id":"https:\/\/www.immo-invest.ch\/it\/#website"},"breadcrumb":{"@id":"https:\/\/www.immo-invest.ch\/it\/parlament-einigt-sich-bei-solarpflicht-fuer-gebaeude\/#breadcrumblist"},"author":{"@id":"https:\/\/www.immo-invest.ch\/it\/author\/immovestuser\/#author"},"creator":{"@id":"https:\/\/www.immo-invest.ch\/it\/author\/immovestuser\/#author"},"image":{"@type":"ImageObject","url":"https:\/\/www.immo-invest.ch\/wp-content\/uploads\/2023\/09\/nuno-marques-0GbrjL3vZF4-unsplash-scaled.jpg","@id":"https:\/\/www.immo-invest.ch\/it\/parlament-einigt-sich-bei-solarpflicht-fuer-gebaeude\/#mainImage","width":2560,"height":1732},"primaryImageOfPage":{"@id":"https:\/\/www.immo-invest.ch\/it\/parlament-einigt-sich-bei-solarpflicht-fuer-gebaeude\/#mainImage"},"datePublished":"2023-09-12T14:07:12+02:00","dateModified":"2023-09-12T14:07:12+02:00"},{"@type":"WebSite","@id":"https:\/\/www.immo-invest.ch\/it\/#website","url":"https:\/\/www.immo-invest.ch\/it\/","name":"immo!nvest - Die Plattform f\u00fcr Standorte und Immobilien","description":"Die\u00a0Plattform f\u00fcr Standorte und Immobilien","inLanguage":"it-IT","publisher":{"@id":"https:\/\/www.immo-invest.ch\/it\/#organization"}}]},"og:locale":"it_IT","og:site_name":"immo!nvest - Die Plattform f\u00fcr Standorte und Immobilien - Die\u00a0Plattform f\u00fcr Standorte und Immobilien","og:type":"article","og:title":"Parlament einigt sich bei Solarpflicht f\u00fcr Geb\u00e4ude - immo!nvest - Die Plattform f\u00fcr Standorte und Immobilien","og:description":"Auf grossen D\u00e4chern und Fassaden m\u00fcssen k\u00fcnftig Solarpanels angebracht werden. So will es das Parlament. Diese Solarpflicht gilt f\u00fcr Neubauten und auch f\u00fcr Umbauten in erheblichem Ausmass.","og:url":"https:\/\/www.immo-invest.ch\/it\/parlament-einigt-sich-bei-solarpflicht-fuer-gebaeude\/","og:image":"https:\/\/www.immo-invest.ch\/wp-content\/uploads\/2023\/09\/nuno-marques-0GbrjL3vZF4-unsplash-scaled.jpg","og:image:secure_url":"https:\/\/www.immo-invest.ch\/wp-content\/uploads\/2023\/09\/nuno-marques-0GbrjL3vZF4-unsplash-scaled.jpg","og:image:width":2560,"og:image:height":1732,"article:published_time":"2023-09-12T12:07:12+00:00","article:modified_time":"2023-09-12T12:07:12+00:00","article:publisher":"https:\/\/www.facebook.com\/people\/Immoinvest\/100077962920504\/","twitter:card":"summary_large_image","twitter:site":"@i","twitter:title":"Parlament einigt sich bei Solarpflicht f\u00fcr Geb\u00e4ude - immo!nvest - Die Plattform f\u00fcr Standorte und Immobilien","twitter:description":"Auf grossen D\u00e4chern und Fassaden m\u00fcssen k\u00fcnftig Solarpanels angebracht werden. So will es das Parlament. Diese Solarpflicht gilt f\u00fcr Neubauten und auch f\u00fcr Umbauten in erheblichem Ausmass.","twitter:creator":"@i","twitter:image":"https:\/\/www.immo-invest.ch\/wp-content\/uploads\/2023\/09\/nuno-marques-0GbrjL3vZF4-unsplash-scaled.jpg"},"aioseo_meta_data":{"post_id":"63698","title":null,"description":null,"keywords":null,"keyphrases":null,"primary_term":null,"canonical_url":null,"og_title":null,"og_description":null,"og_object_type":"default","og_image_type":"default","og_image_url":null,"og_image_width":null,"og_image_height":null,"og_image_custom_url":null,"og_image_custom_fields":null,"og_video":null,"og_custom_url":null,"og_article_section":null,"og_article_tags":null,"twitter_use_og":false,"twitter_card":"default","twitter_image_type":"default","twitter_image_url":null,"twitter_image_custom_url":null,"twitter_image_custom_fields":null,"twitter_title":null,"twitter_description":null,"schema":{"blockGraphs":[],"customGraphs":[],"default":{"data":{"Article":[],"Course":[],"Dataset":[],"FAQPage":[],"Movie":[],"Person":[],"Product":[],"ProductReview":[],"Car":[],"Recipe":[],"Service":[],"SoftwareApplication":[],"WebPage":[]},"graphName":"","isEnabled":true},"graphs":[]},"schema_type":"default","schema_type_options":null,"pillar_content":false,"robots_default":true,"robots_noindex":false,"robots_noarchive":false,"robots_nosnippet":false,"robots_nofollow":false,"robots_noimageindex":false,"robots_noodp":false,"robots_notranslate":false,"robots_max_snippet":null,"robots_max_videopreview":null,"robots_max_imagepreview":"large","priority":null,"frequency":null,"local_seo":null,"breadcrumb_settings":null,"limit_modified_date":false,"ai":null,"created":"2024-09-20 09:15:01","updated":"2025-10-23 15:07:12","seo_analyzer_scan_date":null,"focus_keyword":null,"additional_keywords":null,"truseo_locale":null},"aioseo_breadcrumb":"<div class=\"aioseo-breadcrumbs\"><span class=\"aioseo-breadcrumb\">\n\t\t\t<a href=\"https:\/\/www.immo-invest.ch\/it\/\" title=\"Home\">Home<\/a>\n\t\t<\/span><span class=\"aioseo-breadcrumb-separator\">&raquo;<\/span><span class=\"aioseo-breadcrumb\">\n\t\t\t<a href=\"https:\/\/www.immo-invest.ch\/it\/categoria\/energia\/\" title=\"Energia\">Energia<\/a>\n\t\t<\/span><span class=\"aioseo-breadcrumb-separator\">&raquo;<\/span><span class=\"aioseo-breadcrumb\">\n\t\t\tParlament einigt sich bei Solarpflicht f\u00fcr Geb\u00e4ude\n\t\t<\/span><\/div>","aioseo_breadcrumb_json":[{"label":"Home","link":"https:\/\/www.immo-invest.ch\/it\/"},{"label":"Energia","link":"https:\/\/www.immo-invest.ch\/it\/categoria\/energia\/"},{"label":"Parlament einigt sich bei Solarpflicht f\u00fcr Geb\u00e4ude","link":"https:\/\/www.immo-invest.ch\/it\/parlament-einigt-sich-bei-solarpflicht-fuer-gebaeude\/"}],"featured_image_src":"https:\/\/www.immo-invest.ch\/wp-content\/uploads\/2023\/09\/nuno-marques-0GbrjL3vZF4-unsplash-336x168.jpg","_links":{"self":[{"href":"https:\/\/www.immo-invest.ch\/it\/wp-json\/wp\/v2\/posts\/63698","targetHints":{"allow":["GET"]}}],"collection":[{"href":"https:\/\/www.immo-invest.ch\/it\/wp-json\/wp\/v2\/posts"}],"about":[{"href":"https:\/\/www.immo-invest.ch\/it\/wp-json\/wp\/v2\/types\/post"}],"author":[{"embeddable":true,"href":"https:\/\/www.immo-invest.ch\/it\/wp-json\/wp\/v2\/users\/2"}],"replies":[{"embeddable":true,"href":"https:\/\/www.immo-invest.ch\/it\/wp-json\/wp\/v2\/comments?post=63698"}],"version-history":[{"count":0,"href":"https:\/\/www.immo-invest.ch\/it\/wp-json\/wp\/v2\/posts\/63698\/revisions"}],"wp:featuredmedia":[{"embeddable":true,"href":"https:\/\/www.immo-invest.ch\/it\/wp-json\/wp\/v2\/media\/63667"}],"wp:attachment":[{"href":"https:\/\/www.immo-invest.ch\/it\/wp-json\/wp\/v2\/media?parent=63698"}],"wp:term":[{"taxonomy":"category","embeddable":true,"href":"https:\/\/www.immo-invest.ch\/it\/wp-json\/wp\/v2\/categories?post=63698"},{"taxonomy":"post_tag","embeddable":true,"href":"https:\/\/www.immo-invest.ch\/it\/wp-json\/wp\/v2\/tags?post=63698"}],"curies":[{"name":"wp","href":"https:\/\/api.w.org\/{rel}","templated":true}]}}