{"id":63160,"date":"2023-09-05T09:00:45","date_gmt":"2023-09-05T07:00:45","guid":{"rendered":"https:\/\/www.immo-invest.ch\/zuercher-kantonsparlament-stimmt-pistenverlaengerung-zu\/"},"modified":"2023-09-05T09:14:11","modified_gmt":"2023-09-05T07:14:11","slug":"zuercher-kantonsparlament-stimmt-pistenverlaengerung-zu","status":"publish","type":"post","link":"https:\/\/www.immo-invest.ch\/it\/zuercher-kantonsparlament-stimmt-pistenverlaengerung-zu\/","title":{"rendered":"Il parlamento cantonale di Zurigo approva l&#8217;estensione delle piste"},"content":{"rendered":"<p class=\"bodytext\"><a href=\"https:\/\/www.flughafen-zuerich.ch\/\" target=\"_blank\" rel=\"noopener\">Flughafen Z&uuml;rich AG<\/a> vuole allungare la pista 28 di 400 metri verso ovest e la pista 32 di 280 metri verso nord. Con questo <a href=\"https:\/\/www.flughafen-zuerich.ch\/de\/unternehmen\/flughafen-zuerich\/flughafen-entwicklung\/aktuelle-bauprojekte\/pistenverlaengerungen-28-und-32\" target=\"_blank\" rel=\"noopener\">progetto<\/a>, l&rsquo;aeroporto vuole attuare le conclusioni della revisione della sicurezza dell&rsquo;aeroporto di Zurigo<a href=\"https:\/\/www.admin.ch\/gov\/de\/start\/dokumentation\/medienmitteilungen.msg-id-47862.html\" target=\"_blank\" rel=\"noopener\">(S&Uuml;FZ<\/a>) del 2012 da parte dell&rsquo;<a href=\"https:\/\/www.admin.ch\/gov\/de\/start\/dokumentation\/medienmitteilungen.msg-id-47862.html\" target=\"_blank\" rel=\"noopener\">Ufficio federale dell&rsquo;aviazione civile<\/a>. L&rsquo;ampliamento delle piste aumenter&agrave; la stabilit&agrave; del traffico aereo in tutte le condizioni meteorologiche e per tutti i tipi di aerei.<\/p>\n<p class=\"bodytext\">Secondo una <a href=\"https:\/\/www.kantonsrat.zh.ch\/\" target=\"_blank\" rel=\"noopener\">dichiarazione<\/a> del 28 agosto, il Consiglio cantonale di Zurigo ha approvato l&rsquo;ampliamento con una stretta maggioranza di 87 voti contro 83, con due astensioni. SVP, FDP, Centro ed EVP hanno votato a favore della proposta, mentre gli altri partiti l&rsquo;hanno respinta.<\/p>\n<p class=\"bodytext\">L&rsquo;aeroporto di Zurigo &egrave; soddisfatto della decisione, secondo una <a href=\"https:\/\/www.flughafen-zuerich.ch\/newsroom\/ja-zu-den-pistenverlaengerungen--wichtiges-signal-aus-dem-kantonsrat\/\" target=\"_blank\" rel=\"noopener\">dichiarazione<\/a>. Le piste pi&ugrave; lunghe aumenterebbero le distanze di frenata e ridurrebbero il numero di intersezioni a terra e in aria. Un&rsquo;operazione pi&ugrave; stabile ridurrebbe il numero di ritardi e il numero di persone colpite dal rumore degli aerei. &ldquo;Non esistono misure alternative nelle operazioni di volo che porterebbero gli stessi miglioramenti in termini di sicurezza e riduzione dei ritardi&rdquo;, si legge nella dichiarazione. Il numero di movimenti di volo, invece, rimarrebbe invariato.<\/p>\n<p class=\"bodytext\">Anche la Camera di Commercio di Zurigo<a href=\"https:\/\/www.zhk.ch\/\" target=\"_blank\" rel=\"noopener\">(ZHK<\/a>) accoglie con favore la decisione del Consiglio cantonale. &ldquo;L&rsquo;aeroporto di Zurigo &egrave; di grande importanza economica per l&rsquo;area di Zurigo e per l&rsquo;intero Paese&rdquo;, scrive in un <a href=\"https:\/\/www.zhk.ch\/de\/wirtschaft-und-politik\/news\/der-zuercher-kantonsrat-anerkennt-die-wichtigkeit-der-pistenverlaengerungen-am-flughafen-zuerich.html\" target=\"_blank\" rel=\"noopener\">comunicato<\/a>. &ldquo;Per garantire la rete internazionale di Zurigo con il mondo a lungo termine, l&rsquo;aeroporto deve essere in grado di adattarsi alle condizioni mutevoli&rdquo; La direttrice della ZHK, Regine Sauter, si <span class=\"glossaryLink\"  aria-describedby=\"tt\"  data-cmtooltip=\"&lt;div class=glossaryItemTitle&gt;ERA&lt;\/div&gt;&lt;div class=glossaryItemBody&gt;Electronic Realty Associates; internationales Maklernetzwerk mit Schweizer Niederlassungen&nbsp;&lt;\/div&gt;\"  data-mobile-support=\"0\"  data-gt-translate-attributes='[{\"attribute\":\"data-cmtooltip\", \"format\":\"html\"}]' tabindex='0' role='link'>era<\/span> gi&agrave; <a href=\"https:\/\/youtu.be\/DMXVQAjSlw8\" target=\"_blank\" rel=\"noopener\">espressa<\/a> a favore dell&rsquo;approvazione da parte del Parlamento cantonale. &ldquo;L&rsquo;ampliamento della pista porter&agrave; molteplici vantaggi: i residenti locali beneficeranno di una maggiore tranquillit&agrave; notturna e Zurigo, in quanto sede di affari, potr&agrave; contare su un aeroporto puntuale e su un collegamento affidabile con il mondo a lungo termine&rdquo;, si legge nel comunicato stampa della ZHK.<\/p>\n<p class=\"bodytext\">La decisione del Consiglio cantonale &egrave; soggetta a un referendum facoltativo, quindi l&rsquo;elettorato avr&agrave; probabilmente l&rsquo;ultima parola. Solo a quel punto l&rsquo;aeroporto potr&agrave; presentare una richiesta di permesso di costruzione al Governo federale.<\/p>\n","protected":false},"excerpt":{"rendered":"<p>Il Parlamento cantonale di Zurigo ha approvato l&#8217;ampliamento delle piste dell&#8217;aeroporto di Zurigo con una risicata maggioranza conservatrice. L&#8217;aeroporto intende cos\u00ec aumentare la sicurezza del traffico aereo. La Camera di Commercio di Zurigo accoglie con favore la decisione. L&#8217;ultima parola spetter\u00e0 probabilmente agli elettori.<\/p>\n","protected":false},"author":2,"featured_media":11109,"comment_status":"open","ping_status":"open","sticky":false,"template":"","format":"standard","meta":{"pmpro_default_level":"","inline_featured_image":false,"_monsterinsights_skip_tracking":false,"footnotes":""},"categories":[745,22704],"tags":[3490,1191,41920,37077,3160,2972,4521,37562,1998,1133],"class_list":["post-63160","post","type-post","status-publish","format-standard","has-post-thumbnail","hentry","category-immonews-it","category-mobilita","tag-abstimmung-it","tag-flughafen-it","tag-fluglaerm-it","tag-flugzeug-it","tag-infrastruktur-it","tag-luft-it","tag-oeffentlicher-verkehr-it","tag-pistenverlaengerung-it","tag-sicherheit-it","tag-verkehr-it","pmpro-has-access"],"acf":{"bild_mit_ki_erstellt_worden":[],"lead":"Il Parlamento cantonale di Zurigo ha approvato l'ampliamento delle piste dell'aeroporto di Zurigo con una risicata maggioranza conservatrice. L'aeroporto intende cos\u00ec aumentare la sicurezza del traffico aereo. La Camera di Commercio di Zurigo accoglie con favore la decisione. L'ultima parola spetter\u00e0 probabilmente agli elettori.","autor":"ce\/stk","ort":"Z\u00fcrich ","bildunterschrift":"","bild_im_grid":false,"gallerie":"","newsim":""},"aioseo_notices":[],"aioseo_head":"\n\t\t<!-- All in One SEO 5.0.1.1 - aioseo.com -->\n\t<meta name=\"description\" content=\"Il Parlamento cantonale di Zurigo ha approvato l&#039;ampliamento delle piste dell&#039;aeroporto di Zurigo con una risicata maggioranza conservatrice. L&#039;aeroporto intende cos\u00ec aumentare la sicurezza del traffico aereo. La Camera di Commercio di Zurigo accoglie con favore la decisione. L&#039;ultima parola spetter\u00e0 probabilmente agli elettori.\" \/>\n\t<meta name=\"robots\" content=\"max-image-preview:large\" \/>\n\t<meta name=\"author\" content=\"immovestuser\"\/>\n\t<meta name=\"google-site-verification\" content=\"fHJKvgWpZCR2zVBHWfkQeFXC11qieUSff0HGNYfuyLA\" \/>\n\t<link rel=\"canonical\" href=\"https:\/\/www.immo-invest.ch\/it\/zuercher-kantonsparlament-stimmt-pistenverlaengerung-zu\/\" \/>\n\t<meta name=\"generator\" content=\"All in One SEO (AIOSEO) 5.0.1.1\" \/>\n\t\t<meta property=\"og:locale\" content=\"it_IT\" \/>\n\t\t<meta property=\"og:site_name\" content=\"immo!nvest - Die Plattform f\u00fcr Standorte und Immobilien - Die\u00a0Plattform f\u00fcr Standorte und Immobilien\" \/>\n\t\t<meta property=\"og:type\" content=\"article\" \/>\n\t\t<meta property=\"og:title\" content=\"Il parlamento cantonale di Zurigo approva l\u2019estensione delle piste - immo!nvest - Die Plattform f\u00fcr Standorte und Immobilien\" \/>\n\t\t<meta property=\"og:description\" content=\"Il Parlamento cantonale di Zurigo ha approvato l&#039;ampliamento delle piste dell&#039;aeroporto di Zurigo con una risicata maggioranza conservatrice. L&#039;aeroporto intende cos\u00ec aumentare la sicurezza del traffico aereo. La Camera di Commercio di Zurigo accoglie con favore la decisione. L&#039;ultima parola spetter\u00e0 probabilmente agli elettori.\" \/>\n\t\t<meta property=\"og:url\" content=\"https:\/\/www.immo-invest.ch\/it\/zuercher-kantonsparlament-stimmt-pistenverlaengerung-zu\/\" \/>\n\t\t<meta property=\"og:image\" content=\"https:\/\/www.immo-invest.ch\/wp-content\/uploads\/2020\/12\/reisen.png\" \/>\n\t\t<meta property=\"og:image:secure_url\" content=\"https:\/\/www.immo-invest.ch\/wp-content\/uploads\/2020\/12\/reisen.png\" \/>\n\t\t<meta property=\"og:image:width\" content=\"1200\" \/>\n\t\t<meta property=\"og:image:height\" content=\"628\" \/>\n\t\t<meta property=\"article:published_time\" content=\"2023-09-05T07:00:45+00:00\" \/>\n\t\t<meta property=\"article:modified_time\" content=\"2023-09-05T07:14:11+00:00\" \/>\n\t\t<meta property=\"article:publisher\" content=\"https:\/\/www.facebook.com\/people\/Immoinvest\/100077962920504\/\" \/>\n\t\t<meta name=\"twitter:card\" content=\"summary_large_image\" \/>\n\t\t<meta name=\"twitter:site\" content=\"@i\" \/>\n\t\t<meta name=\"twitter:title\" content=\"Il parlamento cantonale di Zurigo approva l\u2019estensione delle piste - immo!nvest - Die Plattform f\u00fcr Standorte und Immobilien\" \/>\n\t\t<meta name=\"twitter:description\" content=\"Il Parlamento cantonale di Zurigo ha approvato l&#039;ampliamento delle piste dell&#039;aeroporto di Zurigo con una risicata maggioranza conservatrice. L&#039;aeroporto intende cos\u00ec aumentare la sicurezza del traffico aereo. La Camera di Commercio di Zurigo accoglie con favore la decisione. L&#039;ultima parola spetter\u00e0 probabilmente agli elettori.\" \/>\n\t\t<meta name=\"twitter:creator\" content=\"@i\" \/>\n\t\t<meta name=\"twitter:image\" content=\"https:\/\/www.immo-invest.ch\/wp-content\/uploads\/2020\/12\/reisen.png\" \/>\n\t\t<script type=\"application\/ld+json\" class=\"aioseo-schema\">\n\t\t\t{\"@context\":\"https:\\\/\\\/schema.org\",\"@graph\":[{\"@type\":\"BlogPosting\",\"@id\":\"https:\\\/\\\/www.immo-invest.ch\\\/it\\\/zuercher-kantonsparlament-stimmt-pistenverlaengerung-zu\\\/#blogposting\",\"name\":\"Il parlamento cantonale di Zurigo approva l\\u2019estensione delle piste - immo!nvest - Die Plattform f\\u00fcr Standorte und Immobilien\",\"headline\":\"Il parlamento cantonale di Zurigo approva l&#8217;estensione delle piste\",\"author\":{\"@id\":\"https:\\\/\\\/www.immo-invest.ch\\\/it\\\/author\\\/immovestuser\\\/#author\"},\"publisher\":{\"@id\":\"https:\\\/\\\/www.immo-invest.ch\\\/it\\\/#organization\"},\"image\":{\"@type\":\"ImageObject\",\"url\":\"https:\\\/\\\/www.immo-invest.ch\\\/wp-content\\\/uploads\\\/2020\\\/12\\\/reisen.png\",\"width\":1200,\"height\":628},\"datePublished\":\"2023-09-05T09:00:45+02:00\",\"dateModified\":\"2023-09-05T09:14:11+02:00\",\"inLanguage\":\"it-IT\",\"mainEntityOfPage\":{\"@id\":\"https:\\\/\\\/www.immo-invest.ch\\\/it\\\/zuercher-kantonsparlament-stimmt-pistenverlaengerung-zu\\\/#webpage\"},\"isPartOf\":{\"@id\":\"https:\\\/\\\/www.immo-invest.ch\\\/it\\\/zuercher-kantonsparlament-stimmt-pistenverlaengerung-zu\\\/#webpage\"},\"articleSection\":\"immoNews, Mobilit\\u00e0, Abstimmung, Flughafen, Flugl\\u00e4rm, Flugzeug, Infrastruktur, Luft, \\u00d6ffentlicher Verkehr, Pistenverl\\u00e4ngerung, Sicherheit, Verkehr, Optional\"},{\"@type\":\"BreadcrumbList\",\"@id\":\"https:\\\/\\\/www.immo-invest.ch\\\/it\\\/zuercher-kantonsparlament-stimmt-pistenverlaengerung-zu\\\/#breadcrumblist\",\"itemListElement\":[{\"@type\":\"ListItem\",\"@id\":\"https:\\\/\\\/www.immo-invest.ch\\\/it\\\/#listItem\",\"position\":1,\"name\":\"Home\",\"item\":\"https:\\\/\\\/www.immo-invest.ch\\\/it\\\/\",\"nextItem\":{\"@type\":\"ListItem\",\"@id\":\"https:\\\/\\\/www.immo-invest.ch\\\/it\\\/categoria\\\/trends-it\\\/#listItem\",\"name\":\"Trends\"}},{\"@type\":\"ListItem\",\"@id\":\"https:\\\/\\\/www.immo-invest.ch\\\/it\\\/categoria\\\/trends-it\\\/#listItem\",\"position\":2,\"name\":\"Trends\",\"item\":\"https:\\\/\\\/www.immo-invest.ch\\\/it\\\/categoria\\\/trends-it\\\/\",\"nextItem\":{\"@type\":\"ListItem\",\"@id\":\"https:\\\/\\\/www.immo-invest.ch\\\/it\\\/categoria\\\/trends-it\\\/mobilita\\\/#listItem\",\"name\":\"Mobilit\\u00e0\"},\"previousItem\":{\"@type\":\"ListItem\",\"@id\":\"https:\\\/\\\/www.immo-invest.ch\\\/it\\\/#listItem\",\"name\":\"Home\"}},{\"@type\":\"ListItem\",\"@id\":\"https:\\\/\\\/www.immo-invest.ch\\\/it\\\/categoria\\\/trends-it\\\/mobilita\\\/#listItem\",\"position\":3,\"name\":\"Mobilit\\u00e0\",\"item\":\"https:\\\/\\\/www.immo-invest.ch\\\/it\\\/categoria\\\/trends-it\\\/mobilita\\\/\",\"nextItem\":{\"@type\":\"ListItem\",\"@id\":\"https:\\\/\\\/www.immo-invest.ch\\\/it\\\/zuercher-kantonsparlament-stimmt-pistenverlaengerung-zu\\\/#listItem\",\"name\":\"Il parlamento cantonale di Zurigo approva l&#8217;estensione delle piste\"},\"previousItem\":{\"@type\":\"ListItem\",\"@id\":\"https:\\\/\\\/www.immo-invest.ch\\\/it\\\/categoria\\\/trends-it\\\/#listItem\",\"name\":\"Trends\"}},{\"@type\":\"ListItem\",\"@id\":\"https:\\\/\\\/www.immo-invest.ch\\\/it\\\/zuercher-kantonsparlament-stimmt-pistenverlaengerung-zu\\\/#listItem\",\"position\":4,\"name\":\"Il parlamento cantonale di Zurigo approva l&#8217;estensione delle piste\",\"previousItem\":{\"@type\":\"ListItem\",\"@id\":\"https:\\\/\\\/www.immo-invest.ch\\\/it\\\/categoria\\\/trends-it\\\/mobilita\\\/#listItem\",\"name\":\"Mobilit\\u00e0\"}}]},{\"@type\":\"Organization\",\"@id\":\"https:\\\/\\\/www.immo-invest.ch\\\/it\\\/#organization\",\"name\":\"immo!nvest - Die Plattform f\\u00fcr Standorte und Immobilien\",\"description\":\"Die\\u00a0Plattform f\\u00fcr Standorte und Immobilien\",\"url\":\"https:\\\/\\\/www.immo-invest.ch\\\/it\\\/\",\"email\":\"admin@immomedia.ag\",\"telephone\":\"+41444420002\",\"logo\":{\"@type\":\"ImageObject\",\"url\":\"https:\\\/\\\/www.immo-invest.ch\\\/wp-content\\\/uploads\\\/2024\\\/09\\\/immoinvest_sm-scaled.jpg\",\"@id\":\"https:\\\/\\\/www.immo-invest.ch\\\/it\\\/zuercher-kantonsparlament-stimmt-pistenverlaengerung-zu\\\/#organizationLogo\",\"width\":2560,\"height\":1340},\"image\":{\"@id\":\"https:\\\/\\\/www.immo-invest.ch\\\/it\\\/zuercher-kantonsparlament-stimmt-pistenverlaengerung-zu\\\/#organizationLogo\"},\"sameAs\":[\"https:\\\/\\\/www.facebook.com\\\/people\\\/Immoinvest\\\/100077962920504\\\/\",\"https:\\\/\\\/x.com\\\/i\\\/flow\\\/login?redirect_after_login=immoinvest_ch\",\"https:\\\/\\\/www.instagram.com\\\/immoinvest_ch\\\/\",\"https:\\\/\\\/www.linkedin.com\\\/company\\\/immoinvest-swiss\"]},{\"@type\":\"Person\",\"@id\":\"https:\\\/\\\/www.immo-invest.ch\\\/it\\\/author\\\/immovestuser\\\/#author\",\"url\":\"https:\\\/\\\/www.immo-invest.ch\\\/it\\\/author\\\/immovestuser\\\/\",\"name\":\"immovestuser\",\"image\":{\"@type\":\"ImageObject\",\"@id\":\"https:\\\/\\\/www.immo-invest.ch\\\/it\\\/zuercher-kantonsparlament-stimmt-pistenverlaengerung-zu\\\/#authorImage\",\"url\":\"https:\\\/\\\/secure.gravatar.com\\\/avatar\\\/8e01f4d99f2eeea7a362ebb93305e1172a70e9293ba250f897a65c39f54cdd1e?s=96&d=mm&r=g\",\"width\":96,\"height\":96,\"caption\":\"immovestuser\"}},{\"@type\":\"WebPage\",\"@id\":\"https:\\\/\\\/www.immo-invest.ch\\\/it\\\/zuercher-kantonsparlament-stimmt-pistenverlaengerung-zu\\\/#webpage\",\"url\":\"https:\\\/\\\/www.immo-invest.ch\\\/it\\\/zuercher-kantonsparlament-stimmt-pistenverlaengerung-zu\\\/\",\"name\":\"Il parlamento cantonale di Zurigo approva l\\u2019estensione delle piste - immo!nvest - Die Plattform f\\u00fcr Standorte und Immobilien\",\"description\":\"Il Parlamento cantonale di Zurigo ha approvato l'ampliamento delle piste dell'aeroporto di Zurigo con una risicata maggioranza conservatrice. L'aeroporto intende cos\\u00ec aumentare la sicurezza del traffico aereo. La Camera di Commercio di Zurigo accoglie con favore la decisione. L'ultima parola spetter\\u00e0 probabilmente agli elettori.\",\"inLanguage\":\"it-IT\",\"isPartOf\":{\"@id\":\"https:\\\/\\\/www.immo-invest.ch\\\/it\\\/#website\"},\"breadcrumb\":{\"@id\":\"https:\\\/\\\/www.immo-invest.ch\\\/it\\\/zuercher-kantonsparlament-stimmt-pistenverlaengerung-zu\\\/#breadcrumblist\"},\"author\":{\"@id\":\"https:\\\/\\\/www.immo-invest.ch\\\/it\\\/author\\\/immovestuser\\\/#author\"},\"creator\":{\"@id\":\"https:\\\/\\\/www.immo-invest.ch\\\/it\\\/author\\\/immovestuser\\\/#author\"},\"image\":{\"@type\":\"ImageObject\",\"url\":\"https:\\\/\\\/www.immo-invest.ch\\\/wp-content\\\/uploads\\\/2020\\\/12\\\/reisen.png\",\"@id\":\"https:\\\/\\\/www.immo-invest.ch\\\/it\\\/zuercher-kantonsparlament-stimmt-pistenverlaengerung-zu\\\/#mainImage\",\"width\":1200,\"height\":628},\"primaryImageOfPage\":{\"@id\":\"https:\\\/\\\/www.immo-invest.ch\\\/it\\\/zuercher-kantonsparlament-stimmt-pistenverlaengerung-zu\\\/#mainImage\"},\"datePublished\":\"2023-09-05T09:00:45+02:00\",\"dateModified\":\"2023-09-05T09:14:11+02:00\"},{\"@type\":\"WebSite\",\"@id\":\"https:\\\/\\\/www.immo-invest.ch\\\/it\\\/#website\",\"url\":\"https:\\\/\\\/www.immo-invest.ch\\\/it\\\/\",\"name\":\"immo!nvest - Die Plattform f\\u00fcr Standorte und Immobilien\",\"description\":\"Die\\u00a0Plattform f\\u00fcr Standorte und Immobilien\",\"inLanguage\":\"it-IT\",\"publisher\":{\"@id\":\"https:\\\/\\\/www.immo-invest.ch\\\/it\\\/#organization\"}}]}\n\t\t<\/script>\n\t\t<!-- All in One SEO -->\n\n","aioseo_head_json":{"title":"Il parlamento cantonale di Zurigo approva l\u2019estensione delle piste - immo!nvest - Die Plattform f\u00fcr Standorte und Immobilien","description":"Il Parlamento cantonale di Zurigo ha approvato l'ampliamento delle piste dell'aeroporto di Zurigo con una risicata maggioranza conservatrice. L'aeroporto intende cos\u00ec aumentare la sicurezza del traffico aereo. La Camera di Commercio di Zurigo accoglie con favore la decisione. L'ultima parola spetter\u00e0 probabilmente agli elettori.","canonical_url":"https:\/\/www.immo-invest.ch\/it\/zuercher-kantonsparlament-stimmt-pistenverlaengerung-zu\/","robots":"max-image-preview:large","keywords":"","webmasterTools":{"google-site-verification":"fHJKvgWpZCR2zVBHWfkQeFXC11qieUSff0HGNYfuyLA","miscellaneous":""},"schema":{"@context":"https:\/\/schema.org","@graph":[{"@type":"BlogPosting","@id":"https:\/\/www.immo-invest.ch\/it\/zuercher-kantonsparlament-stimmt-pistenverlaengerung-zu\/#blogposting","name":"Il parlamento cantonale di Zurigo approva l\u2019estensione delle piste - immo!nvest - Die Plattform f\u00fcr Standorte und Immobilien","headline":"Il parlamento cantonale di Zurigo approva l&#8217;estensione delle piste","author":{"@id":"https:\/\/www.immo-invest.ch\/it\/author\/immovestuser\/#author"},"publisher":{"@id":"https:\/\/www.immo-invest.ch\/it\/#organization"},"image":{"@type":"ImageObject","url":"https:\/\/www.immo-invest.ch\/wp-content\/uploads\/2020\/12\/reisen.png","width":1200,"height":628},"datePublished":"2023-09-05T09:00:45+02:00","dateModified":"2023-09-05T09:14:11+02:00","inLanguage":"it-IT","mainEntityOfPage":{"@id":"https:\/\/www.immo-invest.ch\/it\/zuercher-kantonsparlament-stimmt-pistenverlaengerung-zu\/#webpage"},"isPartOf":{"@id":"https:\/\/www.immo-invest.ch\/it\/zuercher-kantonsparlament-stimmt-pistenverlaengerung-zu\/#webpage"},"articleSection":"immoNews, Mobilit\u00e0, Abstimmung, Flughafen, Flugl\u00e4rm, Flugzeug, Infrastruktur, Luft, \u00d6ffentlicher Verkehr, Pistenverl\u00e4ngerung, Sicherheit, Verkehr, Optional"},{"@type":"BreadcrumbList","@id":"https:\/\/www.immo-invest.ch\/it\/zuercher-kantonsparlament-stimmt-pistenverlaengerung-zu\/#breadcrumblist","itemListElement":[{"@type":"ListItem","@id":"https:\/\/www.immo-invest.ch\/it\/#listItem","position":1,"name":"Home","item":"https:\/\/www.immo-invest.ch\/it\/","nextItem":{"@type":"ListItem","@id":"https:\/\/www.immo-invest.ch\/it\/categoria\/trends-it\/#listItem","name":"Trends"}},{"@type":"ListItem","@id":"https:\/\/www.immo-invest.ch\/it\/categoria\/trends-it\/#listItem","position":2,"name":"Trends","item":"https:\/\/www.immo-invest.ch\/it\/categoria\/trends-it\/","nextItem":{"@type":"ListItem","@id":"https:\/\/www.immo-invest.ch\/it\/categoria\/trends-it\/mobilita\/#listItem","name":"Mobilit\u00e0"},"previousItem":{"@type":"ListItem","@id":"https:\/\/www.immo-invest.ch\/it\/#listItem","name":"Home"}},{"@type":"ListItem","@id":"https:\/\/www.immo-invest.ch\/it\/categoria\/trends-it\/mobilita\/#listItem","position":3,"name":"Mobilit\u00e0","item":"https:\/\/www.immo-invest.ch\/it\/categoria\/trends-it\/mobilita\/","nextItem":{"@type":"ListItem","@id":"https:\/\/www.immo-invest.ch\/it\/zuercher-kantonsparlament-stimmt-pistenverlaengerung-zu\/#listItem","name":"Il parlamento cantonale di Zurigo approva l&#8217;estensione delle piste"},"previousItem":{"@type":"ListItem","@id":"https:\/\/www.immo-invest.ch\/it\/categoria\/trends-it\/#listItem","name":"Trends"}},{"@type":"ListItem","@id":"https:\/\/www.immo-invest.ch\/it\/zuercher-kantonsparlament-stimmt-pistenverlaengerung-zu\/#listItem","position":4,"name":"Il parlamento cantonale di Zurigo approva l&#8217;estensione delle piste","previousItem":{"@type":"ListItem","@id":"https:\/\/www.immo-invest.ch\/it\/categoria\/trends-it\/mobilita\/#listItem","name":"Mobilit\u00e0"}}]},{"@type":"Organization","@id":"https:\/\/www.immo-invest.ch\/it\/#organization","name":"immo!nvest - Die Plattform f\u00fcr Standorte und Immobilien","description":"Die\u00a0Plattform f\u00fcr Standorte und Immobilien","url":"https:\/\/www.immo-invest.ch\/it\/","email":"admin@immomedia.ag","telephone":"+41444420002","logo":{"@type":"ImageObject","url":"https:\/\/www.immo-invest.ch\/wp-content\/uploads\/2024\/09\/immoinvest_sm-scaled.jpg","@id":"https:\/\/www.immo-invest.ch\/it\/zuercher-kantonsparlament-stimmt-pistenverlaengerung-zu\/#organizationLogo","width":2560,"height":1340},"image":{"@id":"https:\/\/www.immo-invest.ch\/it\/zuercher-kantonsparlament-stimmt-pistenverlaengerung-zu\/#organizationLogo"},"sameAs":["https:\/\/www.facebook.com\/people\/Immoinvest\/100077962920504\/","https:\/\/x.com\/i\/flow\/login?redirect_after_login=immoinvest_ch","https:\/\/www.instagram.com\/immoinvest_ch\/","https:\/\/www.linkedin.com\/company\/immoinvest-swiss"]},{"@type":"Person","@id":"https:\/\/www.immo-invest.ch\/it\/author\/immovestuser\/#author","url":"https:\/\/www.immo-invest.ch\/it\/author\/immovestuser\/","name":"immovestuser","image":{"@type":"ImageObject","@id":"https:\/\/www.immo-invest.ch\/it\/zuercher-kantonsparlament-stimmt-pistenverlaengerung-zu\/#authorImage","url":"https:\/\/secure.gravatar.com\/avatar\/8e01f4d99f2eeea7a362ebb93305e1172a70e9293ba250f897a65c39f54cdd1e?s=96&d=mm&r=g","width":96,"height":96,"caption":"immovestuser"}},{"@type":"WebPage","@id":"https:\/\/www.immo-invest.ch\/it\/zuercher-kantonsparlament-stimmt-pistenverlaengerung-zu\/#webpage","url":"https:\/\/www.immo-invest.ch\/it\/zuercher-kantonsparlament-stimmt-pistenverlaengerung-zu\/","name":"Il parlamento cantonale di Zurigo approva l\u2019estensione delle piste - immo!nvest - Die Plattform f\u00fcr Standorte und Immobilien","description":"Il Parlamento cantonale di Zurigo ha approvato l'ampliamento delle piste dell'aeroporto di Zurigo con una risicata maggioranza conservatrice. L'aeroporto intende cos\u00ec aumentare la sicurezza del traffico aereo. La Camera di Commercio di Zurigo accoglie con favore la decisione. L'ultima parola spetter\u00e0 probabilmente agli elettori.","inLanguage":"it-IT","isPartOf":{"@id":"https:\/\/www.immo-invest.ch\/it\/#website"},"breadcrumb":{"@id":"https:\/\/www.immo-invest.ch\/it\/zuercher-kantonsparlament-stimmt-pistenverlaengerung-zu\/#breadcrumblist"},"author":{"@id":"https:\/\/www.immo-invest.ch\/it\/author\/immovestuser\/#author"},"creator":{"@id":"https:\/\/www.immo-invest.ch\/it\/author\/immovestuser\/#author"},"image":{"@type":"ImageObject","url":"https:\/\/www.immo-invest.ch\/wp-content\/uploads\/2020\/12\/reisen.png","@id":"https:\/\/www.immo-invest.ch\/it\/zuercher-kantonsparlament-stimmt-pistenverlaengerung-zu\/#mainImage","width":1200,"height":628},"primaryImageOfPage":{"@id":"https:\/\/www.immo-invest.ch\/it\/zuercher-kantonsparlament-stimmt-pistenverlaengerung-zu\/#mainImage"},"datePublished":"2023-09-05T09:00:45+02:00","dateModified":"2023-09-05T09:14:11+02:00"},{"@type":"WebSite","@id":"https:\/\/www.immo-invest.ch\/it\/#website","url":"https:\/\/www.immo-invest.ch\/it\/","name":"immo!nvest - Die Plattform f\u00fcr Standorte und Immobilien","description":"Die\u00a0Plattform f\u00fcr Standorte und Immobilien","inLanguage":"it-IT","publisher":{"@id":"https:\/\/www.immo-invest.ch\/it\/#organization"}}]},"og:locale":"it_IT","og:site_name":"immo!nvest - Die Plattform f\u00fcr Standorte und Immobilien - Die\u00a0Plattform f\u00fcr Standorte und Immobilien","og:type":"article","og:title":"Il parlamento cantonale di Zurigo approva l\u2019estensione delle piste - immo!nvest - Die Plattform f\u00fcr Standorte und Immobilien","og:description":"Il Parlamento cantonale di Zurigo ha approvato l'ampliamento delle piste dell'aeroporto di Zurigo con una risicata maggioranza conservatrice. L'aeroporto intende cos\u00ec aumentare la sicurezza del traffico aereo. La Camera di Commercio di Zurigo accoglie con favore la decisione. L'ultima parola spetter\u00e0 probabilmente agli elettori.","og:url":"https:\/\/www.immo-invest.ch\/it\/zuercher-kantonsparlament-stimmt-pistenverlaengerung-zu\/","og:image":"https:\/\/www.immo-invest.ch\/wp-content\/uploads\/2020\/12\/reisen.png","og:image:secure_url":"https:\/\/www.immo-invest.ch\/wp-content\/uploads\/2020\/12\/reisen.png","og:image:width":1200,"og:image:height":628,"article:published_time":"2023-09-05T07:00:45+00:00","article:modified_time":"2023-09-05T07:14:11+00:00","article:publisher":"https:\/\/www.facebook.com\/people\/Immoinvest\/100077962920504\/","twitter:card":"summary_large_image","twitter:site":"@i","twitter:title":"Il parlamento cantonale di Zurigo approva l\u2019estensione delle piste - immo!nvest - Die Plattform f\u00fcr Standorte und Immobilien","twitter:description":"Il Parlamento cantonale di Zurigo ha approvato l'ampliamento delle piste dell'aeroporto di Zurigo con una risicata maggioranza conservatrice. L'aeroporto intende cos\u00ec aumentare la sicurezza del traffico aereo. La Camera di Commercio di Zurigo accoglie con favore la decisione. L'ultima parola spetter\u00e0 probabilmente agli elettori.","twitter:creator":"@i","twitter:image":"https:\/\/www.immo-invest.ch\/wp-content\/uploads\/2020\/12\/reisen.png"},"aioseo_meta_data":{"post_id":"63160","title":null,"description":null,"keywords":null,"keyphrases":null,"primary_term":null,"canonical_url":null,"og_title":null,"og_description":null,"og_object_type":"default","og_image_type":"default","og_image_url":null,"og_image_width":null,"og_image_height":null,"og_image_custom_url":null,"og_image_custom_fields":null,"og_video":null,"og_custom_url":null,"og_article_section":null,"og_article_tags":null,"twitter_use_og":false,"twitter_card":"default","twitter_image_type":"default","twitter_image_url":null,"twitter_image_custom_url":null,"twitter_image_custom_fields":null,"twitter_title":null,"twitter_description":null,"schema":{"blockGraphs":[],"customGraphs":[],"default":{"data":{"Article":[],"Course":[],"Dataset":[],"FAQPage":[],"Movie":[],"Person":[],"Product":[],"ProductReview":[],"Car":[],"Recipe":[],"Service":[],"SoftwareApplication":[],"WebPage":[]},"graphName":"","isEnabled":true},"graphs":[]},"schema_type":"default","schema_type_options":null,"pillar_content":false,"robots_default":true,"robots_noindex":false,"robots_noarchive":false,"robots_nosnippet":false,"robots_nofollow":false,"robots_noimageindex":false,"robots_noodp":false,"robots_notranslate":false,"robots_max_snippet":null,"robots_max_videopreview":null,"robots_max_imagepreview":"large","priority":null,"frequency":null,"local_seo":null,"breadcrumb_settings":null,"limit_modified_date":false,"ai":null,"created":"2024-09-20 09:00:06","updated":"2025-10-23 14:51:13","seo_analyzer_scan_date":null,"focus_keyword":null,"additional_keywords":null,"truseo_locale":null},"aioseo_breadcrumb":"<div class=\"aioseo-breadcrumbs\"><span class=\"aioseo-breadcrumb\">\n\t\t\t<a href=\"https:\/\/www.immo-invest.ch\/it\/\" title=\"Home\">Home<\/a>\n\t\t<\/span><span class=\"aioseo-breadcrumb-separator\">&raquo;<\/span><span class=\"aioseo-breadcrumb\">\n\t\t\t<a href=\"https:\/\/www.immo-invest.ch\/it\/categoria\/trends-it\/\" title=\"Trends\">Trends<\/a>\n\t\t<\/span><span class=\"aioseo-breadcrumb-separator\">&raquo;<\/span><span class=\"aioseo-breadcrumb\">\n\t\t\t<a href=\"https:\/\/www.immo-invest.ch\/it\/categoria\/trends-it\/mobilita\/\" title=\"Mobilit\u00e0\">Mobilit\u00e0<\/a>\n\t\t<\/span><span class=\"aioseo-breadcrumb-separator\">&raquo;<\/span><span class=\"aioseo-breadcrumb\">\n\t\t\tIl parlamento cantonale di Zurigo approva l\u2019estensione delle piste\n\t\t<\/span><\/div>","aioseo_breadcrumb_json":[{"label":"Home","link":"https:\/\/www.immo-invest.ch\/it\/"},{"label":"Trends","link":"https:\/\/www.immo-invest.ch\/it\/categoria\/trends-it\/"},{"label":"Mobilit\u00e0","link":"https:\/\/www.immo-invest.ch\/it\/categoria\/trends-it\/mobilita\/"},{"label":"Il parlamento cantonale di Zurigo approva l&#8217;estensione delle piste","link":"https:\/\/www.immo-invest.ch\/it\/zuercher-kantonsparlament-stimmt-pistenverlaengerung-zu\/"}],"featured_image_src":"https:\/\/www.immo-invest.ch\/wp-content\/uploads\/2020\/12\/reisen-150x150.png","_links":{"self":[{"href":"https:\/\/www.immo-invest.ch\/it\/wp-json\/wp\/v2\/posts\/63160","targetHints":{"allow":["GET"]}}],"collection":[{"href":"https:\/\/www.immo-invest.ch\/it\/wp-json\/wp\/v2\/posts"}],"about":[{"href":"https:\/\/www.immo-invest.ch\/it\/wp-json\/wp\/v2\/types\/post"}],"author":[{"embeddable":true,"href":"https:\/\/www.immo-invest.ch\/it\/wp-json\/wp\/v2\/users\/2"}],"replies":[{"embeddable":true,"href":"https:\/\/www.immo-invest.ch\/it\/wp-json\/wp\/v2\/comments?post=63160"}],"version-history":[{"count":0,"href":"https:\/\/www.immo-invest.ch\/it\/wp-json\/wp\/v2\/posts\/63160\/revisions"}],"wp:featuredmedia":[{"embeddable":true,"href":"https:\/\/www.immo-invest.ch\/it\/wp-json\/wp\/v2\/media\/11109"}],"wp:attachment":[{"href":"https:\/\/www.immo-invest.ch\/it\/wp-json\/wp\/v2\/media?parent=63160"}],"wp:term":[{"taxonomy":"category","embeddable":true,"href":"https:\/\/www.immo-invest.ch\/it\/wp-json\/wp\/v2\/categories?post=63160"},{"taxonomy":"post_tag","embeddable":true,"href":"https:\/\/www.immo-invest.ch\/it\/wp-json\/wp\/v2\/tags?post=63160"}],"curies":[{"name":"wp","href":"https:\/\/api.w.org\/{rel}","templated":true}]}}