{"id":62947,"date":"2023-08-29T14:53:30","date_gmt":"2023-08-29T12:53:30","guid":{"rendered":"https:\/\/www.immo-invest.ch\/beatrice-bichsel-wird-neue-leiterin-sbb-immobilien\/"},"modified":"2023-08-29T14:58:28","modified_gmt":"2023-08-29T12:58:28","slug":"beatrice-bichsel-wird-neue-leiterin-sbb-immobilien","status":"publish","type":"post","link":"https:\/\/www.immo-invest.ch\/it\/beatrice-bichsel-wird-neue-leiterin-sbb-immobilien\/","title":{"rendered":"Beatrice Bichsel diventa la nuova responsabile di FFS Immobili"},"content":{"rendered":"<p class=\"wp-block-paragraph\">Beatrice Bichsel ha lavorato in diverse funzioni presso FFS Immobili per dodici anni. Durante questo periodo, ha acquisito familiarit&agrave; con le varie sfaccettature dell&rsquo;attivit&agrave; e ha svolto un ruolo decisivo nel dare forma alla divisione. Beatrice Bichsel &egrave; responsabile del Facility Management come membro del Consiglio di amministrazione da giugno 2020 ed &egrave; stata responsabile ad interim di FFS Immobili da quando Alexander Muhm ha assunto la direzione di FFS Traffico merci. In qualit&agrave; di Responsabile del Facility Management, ha riallineato strategicamente il reparto, ha standardizzato l&rsquo;offerta di servizi in tutta la Svizzera e ha sviluppato ulteriormente i processi aziendali e l&rsquo;organizzazione.<\/p>\n\n\n\n<p class=\"wp-block-paragraph\">Beatrice Bichsel assumer&agrave; la carica di Responsabile di FFS Immobili il 1&deg; settembre 2023. Beatrice Bichsel ha conseguito una laurea e un master in legge presso l&rsquo;Universit&agrave; di Berna ed &egrave; stata ammessa all&rsquo;albo degli avvocati del Cantone di Berna nel 2008. Recentemente ha completato un Executive MBA presso l&rsquo;Universit&agrave; di San Gallo. Ha 41 anni e vive a G&uuml;mligen.<\/p>\n\n\n\n<p class=\"wp-block-paragraph\">&ldquo;Sono lieto che con Beatrice Bichsel siamo riusciti ad attrarre una leader dinamica, impegnata e competente, nell&rsquo;ambito della nostra pianificazione interna della successione. Conosce molto bene le FFS, il settore immobiliare e le nostre sfide attuali&rdquo;, ha dichiarato il CEO delle FFS Vincent Ducrot.<\/p>\n\n\n\n<p class=\"wp-block-paragraph\">Il Consiglio di amministrazione e la Direzione aziendale augurano a Beatrice Bichsel molto piacere e successo nei suoi nuovi compiti<\/p>\n","protected":false},"excerpt":{"rendered":"<p>Beatrice Bichsel assumer\u00e0 la direzione di FFS Immobili e diventer\u00e0 membro della Direzione generale il 1\u00b0 settembre 2023. Succede ad Alexander Muhm, gi\u00e0 membro della Direzione di FFS Immobili. Alexander Muhm ha assunto la carica di responsabile di FFS Traffico merci a fine giugno 2023.<\/p>\n","protected":false},"author":2,"featured_media":62912,"comment_status":"open","ping_status":"open","sticky":false,"template":"","format":"standard","meta":{"pmpro_default_level":"","inline_featured_image":false,"_monsterinsights_skip_tracking":false,"footnotes":""},"categories":[745,4465,22695],"tags":[1604,41858,852,41857,16964,41856,36651,2006],"class_list":["post-62947","post","type-post","status-publish","format-standard","has-post-thumbnail","hentry","category-immonews-it","category-persone","category-societa","tag-geschaeftsleitung-it","tag-guterverkehrs","tag-immobilien-it","tag-konzernleitung","tag-leitung-it","tag-mitglied-2","tag-nachfolge-2-it","tag-news-it","pmpro-has-access"],"acf":{"bild_mit_ki_erstellt_worden":[],"lead":"Beatrice Bichsel assumer\u00e0 la direzione di FFS Immobili e diventer\u00e0 membro della Direzione generale il 1\u00b0 settembre 2023. Succede ad Alexander Muhm, gi\u00e0 membro della Direzione di FFS Immobili. Alexander Muhm ha assunto la carica di responsabile di FFS Traffico merci a fine giugno 2023.","autor":"Quelle: www.sbb.ch","ort":"","bildunterschrift":"","bild_im_grid":false,"gallerie":"","newsim":""},"aioseo_notices":[],"aioseo_head":"\n\t\t<!-- All in One SEO 5.0.0.1 - aioseo.com -->\n\t<meta name=\"description\" content=\"Beatrice Bichsel assumer\u00e0 la direzione di FFS Immobili e diventer\u00e0 membro della Direzione generale il 1\u00b0 settembre 2023. Succede ad Alexander Muhm, gi\u00e0 membro della Direzione di FFS Immobili. Alexander Muhm ha assunto la carica di responsabile di FFS Traffico merci a fine giugno 2023.\" \/>\n\t<meta name=\"robots\" content=\"max-image-preview:large\" \/>\n\t<meta name=\"author\" content=\"immovestuser\"\/>\n\t<meta name=\"google-site-verification\" content=\"fHJKvgWpZCR2zVBHWfkQeFXC11qieUSff0HGNYfuyLA\" \/>\n\t<link rel=\"canonical\" href=\"https:\/\/www.immo-invest.ch\/it\/beatrice-bichsel-wird-neue-leiterin-sbb-immobilien\/\" \/>\n\t<meta name=\"generator\" content=\"All in One SEO (AIOSEO) 5.0.0.1\" \/>\n\t\t<meta property=\"og:locale\" content=\"it_IT\" \/>\n\t\t<meta property=\"og:site_name\" content=\"immo!nvest - Die Plattform f\u00fcr Standorte und Immobilien - Die\u00a0Plattform f\u00fcr Standorte und Immobilien\" \/>\n\t\t<meta property=\"og:type\" content=\"article\" \/>\n\t\t<meta property=\"og:title\" content=\"Beatrice Bichsel diventa la nuova responsabile di FFS Immobili - immo!nvest - Die Plattform f\u00fcr Standorte und Immobilien\" \/>\n\t\t<meta property=\"og:description\" content=\"Beatrice Bichsel assumer\u00e0 la direzione di FFS Immobili e diventer\u00e0 membro della Direzione generale il 1\u00b0 settembre 2023. Succede ad Alexander Muhm, gi\u00e0 membro della Direzione di FFS Immobili. Alexander Muhm ha assunto la carica di responsabile di FFS Traffico merci a fine giugno 2023.\" \/>\n\t\t<meta property=\"og:url\" content=\"https:\/\/www.immo-invest.ch\/it\/beatrice-bichsel-wird-neue-leiterin-sbb-immobilien\/\" \/>\n\t\t<meta property=\"og:image\" content=\"https:\/\/www.immo-invest.ch\/wp-content\/uploads\/2023\/08\/eyJwYXRoIjoic2JiLWFnXC9maWxlXC8xNjlyVG9KUkJQNUxUS0dKV2VONi5qcGcifQ-sbb-ag-kvsJhJu0yAdVq-a6SEFWPzNvTDDJfDEEmj40fJ31NiY-scaled-e1693312588760.jpg\" \/>\n\t\t<meta property=\"og:image:secure_url\" content=\"https:\/\/www.immo-invest.ch\/wp-content\/uploads\/2023\/08\/eyJwYXRoIjoic2JiLWFnXC9maWxlXC8xNjlyVG9KUkJQNUxUS0dKV2VONi5qcGcifQ-sbb-ag-kvsJhJu0yAdVq-a6SEFWPzNvTDDJfDEEmj40fJ31NiY-scaled-e1693312588760.jpg\" \/>\n\t\t<meta property=\"og:image:width\" content=\"1380\" \/>\n\t\t<meta property=\"og:image:height\" content=\"692\" \/>\n\t\t<meta property=\"article:published_time\" content=\"2023-08-29T12:53:30+00:00\" \/>\n\t\t<meta property=\"article:modified_time\" content=\"2023-08-29T12:58:28+00:00\" \/>\n\t\t<meta property=\"article:publisher\" content=\"https:\/\/www.facebook.com\/people\/Immoinvest\/100077962920504\/\" \/>\n\t\t<meta name=\"twitter:card\" content=\"summary_large_image\" \/>\n\t\t<meta name=\"twitter:site\" content=\"@i\" \/>\n\t\t<meta name=\"twitter:title\" content=\"Beatrice Bichsel diventa la nuova responsabile di FFS Immobili - immo!nvest - Die Plattform f\u00fcr Standorte und Immobilien\" \/>\n\t\t<meta name=\"twitter:description\" content=\"Beatrice Bichsel assumer\u00e0 la direzione di FFS Immobili e diventer\u00e0 membro della Direzione generale il 1\u00b0 settembre 2023. Succede ad Alexander Muhm, gi\u00e0 membro della Direzione di FFS Immobili. Alexander Muhm ha assunto la carica di responsabile di FFS Traffico merci a fine giugno 2023.\" \/>\n\t\t<meta name=\"twitter:creator\" content=\"@i\" \/>\n\t\t<meta name=\"twitter:image\" content=\"https:\/\/www.immo-invest.ch\/wp-content\/uploads\/2023\/08\/eyJwYXRoIjoic2JiLWFnXC9maWxlXC8xNjlyVG9KUkJQNUxUS0dKV2VONi5qcGcifQ-sbb-ag-kvsJhJu0yAdVq-a6SEFWPzNvTDDJfDEEmj40fJ31NiY-scaled-e1693312588760.jpg\" \/>\n\t\t<script type=\"application\/ld+json\" class=\"aioseo-schema\">\n\t\t\t{\"@context\":\"https:\\\/\\\/schema.org\",\"@graph\":[{\"@type\":\"BlogPosting\",\"@id\":\"https:\\\/\\\/www.immo-invest.ch\\\/it\\\/beatrice-bichsel-wird-neue-leiterin-sbb-immobilien\\\/#blogposting\",\"name\":\"Beatrice Bichsel diventa la nuova responsabile di FFS Immobili - immo!nvest - Die Plattform f\\u00fcr Standorte und Immobilien\",\"headline\":\"Beatrice Bichsel diventa la nuova responsabile di FFS Immobili\",\"author\":{\"@id\":\"https:\\\/\\\/www.immo-invest.ch\\\/it\\\/author\\\/immovestuser\\\/#author\"},\"publisher\":{\"@id\":\"https:\\\/\\\/www.immo-invest.ch\\\/it\\\/#organization\"},\"image\":{\"@type\":\"ImageObject\",\"url\":\"https:\\\/\\\/www.immo-invest.ch\\\/wp-content\\\/uploads\\\/2023\\\/08\\\/eyJwYXRoIjoic2JiLWFnXC9maWxlXC8xNjlyVG9KUkJQNUxUS0dKV2VONi5qcGcifQ-sbb-ag-kvsJhJu0yAdVq-a6SEFWPzNvTDDJfDEEmj40fJ31NiY-scaled-e1693312588760.jpg\",\"width\":1380,\"height\":692},\"datePublished\":\"2023-08-29T14:53:30+02:00\",\"dateModified\":\"2023-08-29T14:58:28+02:00\",\"inLanguage\":\"it-IT\",\"mainEntityOfPage\":{\"@id\":\"https:\\\/\\\/www.immo-invest.ch\\\/it\\\/beatrice-bichsel-wird-neue-leiterin-sbb-immobilien\\\/#webpage\"},\"isPartOf\":{\"@id\":\"https:\\\/\\\/www.immo-invest.ch\\\/it\\\/beatrice-bichsel-wird-neue-leiterin-sbb-immobilien\\\/#webpage\"},\"articleSection\":\"immoNews, Persone, Societ\\u00e0, Gesch\\u00e4ftsleitung, G\\u00fcterverkehrs, immobilien, Konzernleitung, Leitung, Mitglied, Nachfolge, News, Optional\"},{\"@type\":\"BreadcrumbList\",\"@id\":\"https:\\\/\\\/www.immo-invest.ch\\\/it\\\/beatrice-bichsel-wird-neue-leiterin-sbb-immobilien\\\/#breadcrumblist\",\"itemListElement\":[{\"@type\":\"ListItem\",\"@id\":\"https:\\\/\\\/www.immo-invest.ch\\\/it\\\/#listItem\",\"position\":1,\"name\":\"Home\",\"item\":\"https:\\\/\\\/www.immo-invest.ch\\\/it\\\/\",\"nextItem\":{\"@type\":\"ListItem\",\"@id\":\"https:\\\/\\\/www.immo-invest.ch\\\/it\\\/categoria\\\/persone-2\\\/#listItem\",\"name\":\"Persone\"}},{\"@type\":\"ListItem\",\"@id\":\"https:\\\/\\\/www.immo-invest.ch\\\/it\\\/categoria\\\/persone-2\\\/#listItem\",\"position\":2,\"name\":\"Persone\",\"item\":\"https:\\\/\\\/www.immo-invest.ch\\\/it\\\/categoria\\\/persone-2\\\/\",\"nextItem\":{\"@type\":\"ListItem\",\"@id\":\"https:\\\/\\\/www.immo-invest.ch\\\/it\\\/categoria\\\/persone-2\\\/persone\\\/#listItem\",\"name\":\"Persone\"},\"previousItem\":{\"@type\":\"ListItem\",\"@id\":\"https:\\\/\\\/www.immo-invest.ch\\\/it\\\/#listItem\",\"name\":\"Home\"}},{\"@type\":\"ListItem\",\"@id\":\"https:\\\/\\\/www.immo-invest.ch\\\/it\\\/categoria\\\/persone-2\\\/persone\\\/#listItem\",\"position\":3,\"name\":\"Persone\",\"item\":\"https:\\\/\\\/www.immo-invest.ch\\\/it\\\/categoria\\\/persone-2\\\/persone\\\/\",\"nextItem\":{\"@type\":\"ListItem\",\"@id\":\"https:\\\/\\\/www.immo-invest.ch\\\/it\\\/beatrice-bichsel-wird-neue-leiterin-sbb-immobilien\\\/#listItem\",\"name\":\"Beatrice Bichsel diventa la nuova responsabile di FFS Immobili\"},\"previousItem\":{\"@type\":\"ListItem\",\"@id\":\"https:\\\/\\\/www.immo-invest.ch\\\/it\\\/categoria\\\/persone-2\\\/#listItem\",\"name\":\"Persone\"}},{\"@type\":\"ListItem\",\"@id\":\"https:\\\/\\\/www.immo-invest.ch\\\/it\\\/beatrice-bichsel-wird-neue-leiterin-sbb-immobilien\\\/#listItem\",\"position\":4,\"name\":\"Beatrice Bichsel diventa la nuova responsabile di FFS Immobili\",\"previousItem\":{\"@type\":\"ListItem\",\"@id\":\"https:\\\/\\\/www.immo-invest.ch\\\/it\\\/categoria\\\/persone-2\\\/persone\\\/#listItem\",\"name\":\"Persone\"}}]},{\"@type\":\"Organization\",\"@id\":\"https:\\\/\\\/www.immo-invest.ch\\\/it\\\/#organization\",\"name\":\"immo!nvest - Die Plattform f\\u00fcr Standorte und Immobilien\",\"description\":\"Die\\u00a0Plattform f\\u00fcr Standorte und Immobilien\",\"url\":\"https:\\\/\\\/www.immo-invest.ch\\\/it\\\/\",\"email\":\"admin@immomedia.ag\",\"telephone\":\"+41444420002\",\"logo\":{\"@type\":\"ImageObject\",\"url\":\"https:\\\/\\\/www.immo-invest.ch\\\/wp-content\\\/uploads\\\/2024\\\/09\\\/immoinvest_sm-scaled.jpg\",\"@id\":\"https:\\\/\\\/www.immo-invest.ch\\\/it\\\/beatrice-bichsel-wird-neue-leiterin-sbb-immobilien\\\/#organizationLogo\",\"width\":2560,\"height\":1340},\"image\":{\"@id\":\"https:\\\/\\\/www.immo-invest.ch\\\/it\\\/beatrice-bichsel-wird-neue-leiterin-sbb-immobilien\\\/#organizationLogo\"},\"sameAs\":[\"https:\\\/\\\/www.facebook.com\\\/people\\\/Immoinvest\\\/100077962920504\\\/\",\"https:\\\/\\\/x.com\\\/i\\\/flow\\\/login?redirect_after_login=immoinvest_ch\",\"https:\\\/\\\/www.instagram.com\\\/immoinvest_ch\\\/\",\"https:\\\/\\\/www.linkedin.com\\\/company\\\/immoinvest-swiss\"]},{\"@type\":\"Person\",\"@id\":\"https:\\\/\\\/www.immo-invest.ch\\\/it\\\/author\\\/immovestuser\\\/#author\",\"url\":\"https:\\\/\\\/www.immo-invest.ch\\\/it\\\/author\\\/immovestuser\\\/\",\"name\":\"immovestuser\",\"image\":{\"@type\":\"ImageObject\",\"@id\":\"https:\\\/\\\/www.immo-invest.ch\\\/it\\\/beatrice-bichsel-wird-neue-leiterin-sbb-immobilien\\\/#authorImage\",\"url\":\"https:\\\/\\\/secure.gravatar.com\\\/avatar\\\/8e01f4d99f2eeea7a362ebb93305e1172a70e9293ba250f897a65c39f54cdd1e?s=96&d=mm&r=g\",\"width\":96,\"height\":96,\"caption\":\"immovestuser\"}},{\"@type\":\"WebPage\",\"@id\":\"https:\\\/\\\/www.immo-invest.ch\\\/it\\\/beatrice-bichsel-wird-neue-leiterin-sbb-immobilien\\\/#webpage\",\"url\":\"https:\\\/\\\/www.immo-invest.ch\\\/it\\\/beatrice-bichsel-wird-neue-leiterin-sbb-immobilien\\\/\",\"name\":\"Beatrice Bichsel diventa la nuova responsabile di FFS Immobili - immo!nvest - Die Plattform f\\u00fcr Standorte und Immobilien\",\"description\":\"Beatrice Bichsel assumer\\u00e0 la direzione di FFS Immobili e diventer\\u00e0 membro della Direzione generale il 1\\u00b0 settembre 2023. Succede ad Alexander Muhm, gi\\u00e0 membro della Direzione di FFS Immobili. Alexander Muhm ha assunto la carica di responsabile di FFS Traffico merci a fine giugno 2023.\",\"inLanguage\":\"it-IT\",\"isPartOf\":{\"@id\":\"https:\\\/\\\/www.immo-invest.ch\\\/it\\\/#website\"},\"breadcrumb\":{\"@id\":\"https:\\\/\\\/www.immo-invest.ch\\\/it\\\/beatrice-bichsel-wird-neue-leiterin-sbb-immobilien\\\/#breadcrumblist\"},\"author\":{\"@id\":\"https:\\\/\\\/www.immo-invest.ch\\\/it\\\/author\\\/immovestuser\\\/#author\"},\"creator\":{\"@id\":\"https:\\\/\\\/www.immo-invest.ch\\\/it\\\/author\\\/immovestuser\\\/#author\"},\"image\":{\"@type\":\"ImageObject\",\"url\":\"https:\\\/\\\/www.immo-invest.ch\\\/wp-content\\\/uploads\\\/2023\\\/08\\\/eyJwYXRoIjoic2JiLWFnXC9maWxlXC8xNjlyVG9KUkJQNUxUS0dKV2VONi5qcGcifQ-sbb-ag-kvsJhJu0yAdVq-a6SEFWPzNvTDDJfDEEmj40fJ31NiY-scaled-e1693312588760.jpg\",\"@id\":\"https:\\\/\\\/www.immo-invest.ch\\\/it\\\/beatrice-bichsel-wird-neue-leiterin-sbb-immobilien\\\/#mainImage\",\"width\":1380,\"height\":692},\"primaryImageOfPage\":{\"@id\":\"https:\\\/\\\/www.immo-invest.ch\\\/it\\\/beatrice-bichsel-wird-neue-leiterin-sbb-immobilien\\\/#mainImage\"},\"datePublished\":\"2023-08-29T14:53:30+02:00\",\"dateModified\":\"2023-08-29T14:58:28+02:00\"},{\"@type\":\"WebSite\",\"@id\":\"https:\\\/\\\/www.immo-invest.ch\\\/it\\\/#website\",\"url\":\"https:\\\/\\\/www.immo-invest.ch\\\/it\\\/\",\"name\":\"immo!nvest - Die Plattform f\\u00fcr Standorte und Immobilien\",\"description\":\"Die\\u00a0Plattform f\\u00fcr Standorte und Immobilien\",\"inLanguage\":\"it-IT\",\"publisher\":{\"@id\":\"https:\\\/\\\/www.immo-invest.ch\\\/it\\\/#organization\"}}]}\n\t\t<\/script>\n\t\t<!-- All in One SEO -->\n\n","aioseo_head_json":{"title":"Beatrice Bichsel diventa la nuova responsabile di FFS Immobili - immo!nvest - Die Plattform f\u00fcr Standorte und Immobilien","description":"Beatrice Bichsel assumer\u00e0 la direzione di FFS Immobili e diventer\u00e0 membro della Direzione generale il 1\u00b0 settembre 2023. Succede ad Alexander Muhm, gi\u00e0 membro della Direzione di FFS Immobili. Alexander Muhm ha assunto la carica di responsabile di FFS Traffico merci a fine giugno 2023.","canonical_url":"https:\/\/www.immo-invest.ch\/it\/beatrice-bichsel-wird-neue-leiterin-sbb-immobilien\/","robots":"max-image-preview:large","keywords":"","webmasterTools":{"google-site-verification":"fHJKvgWpZCR2zVBHWfkQeFXC11qieUSff0HGNYfuyLA","miscellaneous":""},"schema":{"@context":"https:\/\/schema.org","@graph":[{"@type":"BlogPosting","@id":"https:\/\/www.immo-invest.ch\/it\/beatrice-bichsel-wird-neue-leiterin-sbb-immobilien\/#blogposting","name":"Beatrice Bichsel diventa la nuova responsabile di FFS Immobili - immo!nvest - Die Plattform f\u00fcr Standorte und Immobilien","headline":"Beatrice Bichsel diventa la nuova responsabile di FFS Immobili","author":{"@id":"https:\/\/www.immo-invest.ch\/it\/author\/immovestuser\/#author"},"publisher":{"@id":"https:\/\/www.immo-invest.ch\/it\/#organization"},"image":{"@type":"ImageObject","url":"https:\/\/www.immo-invest.ch\/wp-content\/uploads\/2023\/08\/eyJwYXRoIjoic2JiLWFnXC9maWxlXC8xNjlyVG9KUkJQNUxUS0dKV2VONi5qcGcifQ-sbb-ag-kvsJhJu0yAdVq-a6SEFWPzNvTDDJfDEEmj40fJ31NiY-scaled-e1693312588760.jpg","width":1380,"height":692},"datePublished":"2023-08-29T14:53:30+02:00","dateModified":"2023-08-29T14:58:28+02:00","inLanguage":"it-IT","mainEntityOfPage":{"@id":"https:\/\/www.immo-invest.ch\/it\/beatrice-bichsel-wird-neue-leiterin-sbb-immobilien\/#webpage"},"isPartOf":{"@id":"https:\/\/www.immo-invest.ch\/it\/beatrice-bichsel-wird-neue-leiterin-sbb-immobilien\/#webpage"},"articleSection":"immoNews, Persone, Societ\u00e0, Gesch\u00e4ftsleitung, G\u00fcterverkehrs, immobilien, Konzernleitung, Leitung, Mitglied, Nachfolge, News, Optional"},{"@type":"BreadcrumbList","@id":"https:\/\/www.immo-invest.ch\/it\/beatrice-bichsel-wird-neue-leiterin-sbb-immobilien\/#breadcrumblist","itemListElement":[{"@type":"ListItem","@id":"https:\/\/www.immo-invest.ch\/it\/#listItem","position":1,"name":"Home","item":"https:\/\/www.immo-invest.ch\/it\/","nextItem":{"@type":"ListItem","@id":"https:\/\/www.immo-invest.ch\/it\/categoria\/persone-2\/#listItem","name":"Persone"}},{"@type":"ListItem","@id":"https:\/\/www.immo-invest.ch\/it\/categoria\/persone-2\/#listItem","position":2,"name":"Persone","item":"https:\/\/www.immo-invest.ch\/it\/categoria\/persone-2\/","nextItem":{"@type":"ListItem","@id":"https:\/\/www.immo-invest.ch\/it\/categoria\/persone-2\/persone\/#listItem","name":"Persone"},"previousItem":{"@type":"ListItem","@id":"https:\/\/www.immo-invest.ch\/it\/#listItem","name":"Home"}},{"@type":"ListItem","@id":"https:\/\/www.immo-invest.ch\/it\/categoria\/persone-2\/persone\/#listItem","position":3,"name":"Persone","item":"https:\/\/www.immo-invest.ch\/it\/categoria\/persone-2\/persone\/","nextItem":{"@type":"ListItem","@id":"https:\/\/www.immo-invest.ch\/it\/beatrice-bichsel-wird-neue-leiterin-sbb-immobilien\/#listItem","name":"Beatrice Bichsel diventa la nuova responsabile di FFS Immobili"},"previousItem":{"@type":"ListItem","@id":"https:\/\/www.immo-invest.ch\/it\/categoria\/persone-2\/#listItem","name":"Persone"}},{"@type":"ListItem","@id":"https:\/\/www.immo-invest.ch\/it\/beatrice-bichsel-wird-neue-leiterin-sbb-immobilien\/#listItem","position":4,"name":"Beatrice Bichsel diventa la nuova responsabile di FFS Immobili","previousItem":{"@type":"ListItem","@id":"https:\/\/www.immo-invest.ch\/it\/categoria\/persone-2\/persone\/#listItem","name":"Persone"}}]},{"@type":"Organization","@id":"https:\/\/www.immo-invest.ch\/it\/#organization","name":"immo!nvest - Die Plattform f\u00fcr Standorte und Immobilien","description":"Die\u00a0Plattform f\u00fcr Standorte und Immobilien","url":"https:\/\/www.immo-invest.ch\/it\/","email":"admin@immomedia.ag","telephone":"+41444420002","logo":{"@type":"ImageObject","url":"https:\/\/www.immo-invest.ch\/wp-content\/uploads\/2024\/09\/immoinvest_sm-scaled.jpg","@id":"https:\/\/www.immo-invest.ch\/it\/beatrice-bichsel-wird-neue-leiterin-sbb-immobilien\/#organizationLogo","width":2560,"height":1340},"image":{"@id":"https:\/\/www.immo-invest.ch\/it\/beatrice-bichsel-wird-neue-leiterin-sbb-immobilien\/#organizationLogo"},"sameAs":["https:\/\/www.facebook.com\/people\/Immoinvest\/100077962920504\/","https:\/\/x.com\/i\/flow\/login?redirect_after_login=immoinvest_ch","https:\/\/www.instagram.com\/immoinvest_ch\/","https:\/\/www.linkedin.com\/company\/immoinvest-swiss"]},{"@type":"Person","@id":"https:\/\/www.immo-invest.ch\/it\/author\/immovestuser\/#author","url":"https:\/\/www.immo-invest.ch\/it\/author\/immovestuser\/","name":"immovestuser","image":{"@type":"ImageObject","@id":"https:\/\/www.immo-invest.ch\/it\/beatrice-bichsel-wird-neue-leiterin-sbb-immobilien\/#authorImage","url":"https:\/\/secure.gravatar.com\/avatar\/8e01f4d99f2eeea7a362ebb93305e1172a70e9293ba250f897a65c39f54cdd1e?s=96&d=mm&r=g","width":96,"height":96,"caption":"immovestuser"}},{"@type":"WebPage","@id":"https:\/\/www.immo-invest.ch\/it\/beatrice-bichsel-wird-neue-leiterin-sbb-immobilien\/#webpage","url":"https:\/\/www.immo-invest.ch\/it\/beatrice-bichsel-wird-neue-leiterin-sbb-immobilien\/","name":"Beatrice Bichsel diventa la nuova responsabile di FFS Immobili - immo!nvest - Die Plattform f\u00fcr Standorte und Immobilien","description":"Beatrice Bichsel assumer\u00e0 la direzione di FFS Immobili e diventer\u00e0 membro della Direzione generale il 1\u00b0 settembre 2023. Succede ad Alexander Muhm, gi\u00e0 membro della Direzione di FFS Immobili. Alexander Muhm ha assunto la carica di responsabile di FFS Traffico merci a fine giugno 2023.","inLanguage":"it-IT","isPartOf":{"@id":"https:\/\/www.immo-invest.ch\/it\/#website"},"breadcrumb":{"@id":"https:\/\/www.immo-invest.ch\/it\/beatrice-bichsel-wird-neue-leiterin-sbb-immobilien\/#breadcrumblist"},"author":{"@id":"https:\/\/www.immo-invest.ch\/it\/author\/immovestuser\/#author"},"creator":{"@id":"https:\/\/www.immo-invest.ch\/it\/author\/immovestuser\/#author"},"image":{"@type":"ImageObject","url":"https:\/\/www.immo-invest.ch\/wp-content\/uploads\/2023\/08\/eyJwYXRoIjoic2JiLWFnXC9maWxlXC8xNjlyVG9KUkJQNUxUS0dKV2VONi5qcGcifQ-sbb-ag-kvsJhJu0yAdVq-a6SEFWPzNvTDDJfDEEmj40fJ31NiY-scaled-e1693312588760.jpg","@id":"https:\/\/www.immo-invest.ch\/it\/beatrice-bichsel-wird-neue-leiterin-sbb-immobilien\/#mainImage","width":1380,"height":692},"primaryImageOfPage":{"@id":"https:\/\/www.immo-invest.ch\/it\/beatrice-bichsel-wird-neue-leiterin-sbb-immobilien\/#mainImage"},"datePublished":"2023-08-29T14:53:30+02:00","dateModified":"2023-08-29T14:58:28+02:00"},{"@type":"WebSite","@id":"https:\/\/www.immo-invest.ch\/it\/#website","url":"https:\/\/www.immo-invest.ch\/it\/","name":"immo!nvest - Die Plattform f\u00fcr Standorte und Immobilien","description":"Die\u00a0Plattform f\u00fcr Standorte und Immobilien","inLanguage":"it-IT","publisher":{"@id":"https:\/\/www.immo-invest.ch\/it\/#organization"}}]},"og:locale":"it_IT","og:site_name":"immo!nvest - Die Plattform f\u00fcr Standorte und Immobilien - Die\u00a0Plattform f\u00fcr Standorte und Immobilien","og:type":"article","og:title":"Beatrice Bichsel diventa la nuova responsabile di FFS Immobili - immo!nvest - Die Plattform f\u00fcr Standorte und Immobilien","og:description":"Beatrice Bichsel assumer\u00e0 la direzione di FFS Immobili e diventer\u00e0 membro della Direzione generale il 1\u00b0 settembre 2023. Succede ad Alexander Muhm, gi\u00e0 membro della Direzione di FFS Immobili. Alexander Muhm ha assunto la carica di responsabile di FFS Traffico merci a fine giugno 2023.","og:url":"https:\/\/www.immo-invest.ch\/it\/beatrice-bichsel-wird-neue-leiterin-sbb-immobilien\/","og:image":"https:\/\/www.immo-invest.ch\/wp-content\/uploads\/2023\/08\/eyJwYXRoIjoic2JiLWFnXC9maWxlXC8xNjlyVG9KUkJQNUxUS0dKV2VONi5qcGcifQ-sbb-ag-kvsJhJu0yAdVq-a6SEFWPzNvTDDJfDEEmj40fJ31NiY-scaled-e1693312588760.jpg","og:image:secure_url":"https:\/\/www.immo-invest.ch\/wp-content\/uploads\/2023\/08\/eyJwYXRoIjoic2JiLWFnXC9maWxlXC8xNjlyVG9KUkJQNUxUS0dKV2VONi5qcGcifQ-sbb-ag-kvsJhJu0yAdVq-a6SEFWPzNvTDDJfDEEmj40fJ31NiY-scaled-e1693312588760.jpg","og:image:width":1380,"og:image:height":692,"article:published_time":"2023-08-29T12:53:30+00:00","article:modified_time":"2023-08-29T12:58:28+00:00","article:publisher":"https:\/\/www.facebook.com\/people\/Immoinvest\/100077962920504\/","twitter:card":"summary_large_image","twitter:site":"@i","twitter:title":"Beatrice Bichsel diventa la nuova responsabile di FFS Immobili - immo!nvest - Die Plattform f\u00fcr Standorte und Immobilien","twitter:description":"Beatrice Bichsel assumer\u00e0 la direzione di FFS Immobili e diventer\u00e0 membro della Direzione generale il 1\u00b0 settembre 2023. Succede ad Alexander Muhm, gi\u00e0 membro della Direzione di FFS Immobili. Alexander Muhm ha assunto la carica di responsabile di FFS Traffico merci a fine giugno 2023.","twitter:creator":"@i","twitter:image":"https:\/\/www.immo-invest.ch\/wp-content\/uploads\/2023\/08\/eyJwYXRoIjoic2JiLWFnXC9maWxlXC8xNjlyVG9KUkJQNUxUS0dKV2VONi5qcGcifQ-sbb-ag-kvsJhJu0yAdVq-a6SEFWPzNvTDDJfDEEmj40fJ31NiY-scaled-e1693312588760.jpg"},"aioseo_meta_data":{"post_id":"62947","title":null,"description":null,"keywords":null,"keyphrases":null,"primary_term":null,"canonical_url":null,"og_title":null,"og_description":null,"og_object_type":"default","og_image_type":"default","og_image_url":null,"og_image_width":null,"og_image_height":null,"og_image_custom_url":null,"og_image_custom_fields":null,"og_video":null,"og_custom_url":null,"og_article_section":null,"og_article_tags":null,"twitter_use_og":false,"twitter_card":"default","twitter_image_type":"default","twitter_image_url":null,"twitter_image_custom_url":null,"twitter_image_custom_fields":null,"twitter_title":null,"twitter_description":null,"schema":{"blockGraphs":[],"customGraphs":[],"default":{"data":{"Article":[],"Course":[],"Dataset":[],"FAQPage":[],"Movie":[],"Person":[],"Product":[],"ProductReview":[],"Car":[],"Recipe":[],"Service":[],"SoftwareApplication":[],"WebPage":[]},"graphName":"","isEnabled":true},"graphs":[]},"schema_type":"default","schema_type_options":null,"pillar_content":false,"robots_default":true,"robots_noindex":false,"robots_noarchive":false,"robots_nosnippet":false,"robots_nofollow":false,"robots_noimageindex":false,"robots_noodp":false,"robots_notranslate":false,"robots_max_snippet":null,"robots_max_videopreview":null,"robots_max_imagepreview":"large","priority":null,"frequency":null,"local_seo":null,"breadcrumb_settings":null,"limit_modified_date":false,"ai":null,"created":"2024-09-20 08:53:01","updated":"2025-10-23 14:45:12","seo_analyzer_scan_date":null,"focus_keyword":null,"additional_keywords":null,"truseo_locale":null},"aioseo_breadcrumb":"<div class=\"aioseo-breadcrumbs\"><span class=\"aioseo-breadcrumb\">\n\t\t\t<a href=\"https:\/\/www.immo-invest.ch\/it\/\" title=\"Home\">Home<\/a>\n\t\t<\/span><span class=\"aioseo-breadcrumb-separator\">&raquo;<\/span><span class=\"aioseo-breadcrumb\">\n\t\t\t<a href=\"https:\/\/www.immo-invest.ch\/it\/categoria\/persone-2\/\" title=\"Persone\">Persone<\/a>\n\t\t<\/span><span class=\"aioseo-breadcrumb-separator\">&raquo;<\/span><span class=\"aioseo-breadcrumb\">\n\t\t\t<a href=\"https:\/\/www.immo-invest.ch\/it\/categoria\/persone-2\/persone\/\" title=\"Persone\">Persone<\/a>\n\t\t<\/span><span class=\"aioseo-breadcrumb-separator\">&raquo;<\/span><span class=\"aioseo-breadcrumb\">\n\t\t\tBeatrice Bichsel diventa la nuova responsabile di FFS Immobili\n\t\t<\/span><\/div>","aioseo_breadcrumb_json":[{"label":"Home","link":"https:\/\/www.immo-invest.ch\/it\/"},{"label":"Persone","link":"https:\/\/www.immo-invest.ch\/it\/categoria\/persone-2\/"},{"label":"Persone","link":"https:\/\/www.immo-invest.ch\/it\/categoria\/persone-2\/persone\/"},{"label":"Beatrice Bichsel diventa la nuova responsabile di FFS Immobili","link":"https:\/\/www.immo-invest.ch\/it\/beatrice-bichsel-wird-neue-leiterin-sbb-immobilien\/"}],"featured_image_src":"https:\/\/www.immo-invest.ch\/wp-content\/uploads\/2023\/08\/eyJwYXRoIjoic2JiLWFnXC9maWxlXC8xNjlyVG9KUkJQNUxUS0dKV2VONi5qcGcifQ-sbb-ag-kvsJhJu0yAdVq-a6SEFWPzNvTDDJfDEEmj40fJ31NiY-336x168.jpg","_links":{"self":[{"href":"https:\/\/www.immo-invest.ch\/it\/wp-json\/wp\/v2\/posts\/62947","targetHints":{"allow":["GET"]}}],"collection":[{"href":"https:\/\/www.immo-invest.ch\/it\/wp-json\/wp\/v2\/posts"}],"about":[{"href":"https:\/\/www.immo-invest.ch\/it\/wp-json\/wp\/v2\/types\/post"}],"author":[{"embeddable":true,"href":"https:\/\/www.immo-invest.ch\/it\/wp-json\/wp\/v2\/users\/2"}],"replies":[{"embeddable":true,"href":"https:\/\/www.immo-invest.ch\/it\/wp-json\/wp\/v2\/comments?post=62947"}],"version-history":[{"count":0,"href":"https:\/\/www.immo-invest.ch\/it\/wp-json\/wp\/v2\/posts\/62947\/revisions"}],"wp:featuredmedia":[{"embeddable":true,"href":"https:\/\/www.immo-invest.ch\/it\/wp-json\/wp\/v2\/media\/62912"}],"wp:attachment":[{"href":"https:\/\/www.immo-invest.ch\/it\/wp-json\/wp\/v2\/media?parent=62947"}],"wp:term":[{"taxonomy":"category","embeddable":true,"href":"https:\/\/www.immo-invest.ch\/it\/wp-json\/wp\/v2\/categories?post=62947"},{"taxonomy":"post_tag","embeddable":true,"href":"https:\/\/www.immo-invest.ch\/it\/wp-json\/wp\/v2\/tags?post=62947"}],"curies":[{"name":"wp","href":"https:\/\/api.w.org\/{rel}","templated":true}]}}