{"id":62233,"date":"2023-08-23T08:00:00","date_gmt":"2023-08-23T06:00:00","guid":{"rendered":"https:\/\/www.immo-invest.ch\/?p=62233"},"modified":"2023-08-22T07:59:30","modified_gmt":"2023-08-22T05:59:30","slug":"illnau-effretikon-und-energie-360-vereinbaren-energieverbund","status":"publish","type":"post","link":"https:\/\/www.immo-invest.ch\/it\/illnau-effretikon-und-energie-360-vereinbaren-energieverbund\/","title":{"rendered":"Illnau-Effretikon ed Energie 360\u00b0 si accordano per una rete energetica"},"content":{"rendered":"<p class=\"bodytext\">Con una rete energetica su larga scala, la <a href=\"https:\/\/www.ilef.ch\/\" target=\"_blank\" rel=\"noopener\">citt&agrave; di Illnau-Effretikon<\/a> vuole far avanzare rapidamente la trasformazione dai sistemi di riscaldamento a combustibile fossile alle energie rinnovabili, secondo un <a href=\"https:\/\/www.ilef.ch\/aktuellesinformationen\/1929397\" target=\"_blank\" rel=\"noopener\">comunicato stampa<\/a>. Per l&rsquo;attuazione dei piani e il successivo funzionamento, la citt&agrave; si affida alla collaborazione con <a href=\"https:\/\/www.energie360.ch\/de\/unternehmen\/\" target=\"_blank\" rel=\"noopener\">Energie 360&deg;<\/a>. Il 1&deg; luglio, la citt&agrave; e il fornitore di energia hanno firmato un accordo di cooperazione a tal fine, come informa la citt&agrave;.<\/p>\n<p class=\"bodytext\">Il progetto preliminare &egrave; stato pianificato e sviluppato con alta priorit&agrave; dall&rsquo;inizio dell&rsquo;anno. Le prime forniture di calore dovrebbero avvenire tra qualche anno. Fino ad allora, Energie 360&deg; sar&agrave; in grado di fornire ai proprietari di immobili soluzioni provvisorie nel caso in cui il sistema di riscaldamento si rompa prematuramente.<\/p>\n<p class=\"bodytext\">Per le aree di Vogelbuck e Watt, Energie 360&deg; intende gestire la rete energetica da fonti di energia disponibili a livello regionale. Secondo il comunicato stampa, il Comune prevede anche di collegare alla rete energetica singole propriet&agrave; pi&ugrave; grandi nell&rsquo;area di fornitura estesa. Vengono citati come esempi il centro anziani e di assistenza Bruggwiesen e il municipio. In linea di principio, questa opzione &egrave; aperta anche ai consumatori privati di calore nell&rsquo;area di fornitura estesa.<\/p>\n<p class=\"bodytext\">I proprietari di immobili e le imprese commerciali che si trovano nel bacino d&rsquo;utenza della rete energetica pianificata dovrebbero ottenere al pi&ugrave; presto la sicurezza di pianificazione per l&rsquo;allacciamento al teleriscaldamento. Secondo la citt&agrave;, quindi, fornir&agrave; sempre informazioni sui risultati del progetto preliminare non appena saranno disponibili.<\/p>\n","protected":false},"excerpt":{"rendered":"<p>La citt\u00e0 di Illnau-Effretikon e il fornitore di energia Energie 360\u00b0 hanno firmato un contratto di collaborazione per lo sviluppo di una grande rete energetica. Al posto dei sistemi di riscaldamento a combustibile fossile, il calore sar\u00e0 generato da energie rinnovabili.<\/p>\n","protected":false},"author":2,"featured_media":17106,"comment_status":"open","ping_status":"open","sticky":false,"template":"","format":"standard","meta":{"pmpro_default_level":"","inline_featured_image":false,"_monsterinsights_skip_tracking":false,"footnotes":""},"categories":[8750,745],"tags":[1913,2158,41612,41613,38711,41614,3213,41615,41616],"class_list":["post-62233","post","type-post","status-publish","format-standard","has-post-thumbnail","hentry","category-energia","category-immonews-it","tag-energieverbund-it","tag-erneuerbareenergien-it","tag-fernwarmeanschluss-it","tag-fossilien-it","tag-gewerbebetriebe-it","tag-grundeigentuemer-it","tag-heizung-it","tag-ubergangslosung-it","tag-warmelieferung-it","pmpro-has-access"],"acf":{"bild_mit_ki_erstellt_worden":[],"lead":"La citt\u00e0 di Illnau-Effretikon e il fornitore di energia Energie 360\u00b0 hanno firmato un contratto di collaborazione per lo sviluppo di una grande rete energetica. Al posto dei sistemi di riscaldamento a combustibile fossile, il calore sar\u00e0 generato da energie rinnovabili.","autor":"ce\/gba\u00a0","ort":"Illnau-Effretikon ZH","bildunterschrift":"","bild_im_grid":false,"gallerie":"","newsim":""},"aioseo_notices":[],"aioseo_head":"\n\t\t<!-- All in One SEO 5.0.1.1 - aioseo.com -->\n\t<meta name=\"description\" content=\"La citt\u00e0 di Illnau-Effretikon e il fornitore di energia Energie 360\u00b0 hanno firmato un contratto di collaborazione per lo sviluppo di una grande rete energetica. Al posto dei sistemi di riscaldamento a combustibile fossile, il calore sar\u00e0 generato da energie rinnovabili.\" \/>\n\t<meta name=\"robots\" content=\"max-image-preview:large\" \/>\n\t<meta name=\"author\" content=\"immovestuser\"\/>\n\t<meta name=\"google-site-verification\" content=\"fHJKvgWpZCR2zVBHWfkQeFXC11qieUSff0HGNYfuyLA\" \/>\n\t<link rel=\"canonical\" href=\"https:\/\/www.immo-invest.ch\/it\/illnau-effretikon-und-energie-360-vereinbaren-energieverbund\/\" \/>\n\t<meta name=\"generator\" content=\"All in One SEO (AIOSEO) 5.0.1.1\" \/>\n\t\t<meta property=\"og:locale\" content=\"it_IT\" \/>\n\t\t<meta property=\"og:site_name\" content=\"immo!nvest - Die Plattform f\u00fcr Standorte und Immobilien - Die\u00a0Plattform f\u00fcr Standorte und Immobilien\" \/>\n\t\t<meta property=\"og:type\" content=\"article\" \/>\n\t\t<meta property=\"og:title\" content=\"Illnau-Effretikon ed Energie 360\u00b0 si accordano per una rete energetica - immo!nvest - Die Plattform f\u00fcr Standorte und Immobilien\" \/>\n\t\t<meta property=\"og:description\" content=\"La citt\u00e0 di Illnau-Effretikon e il fornitore di energia Energie 360\u00b0 hanno firmato un contratto di collaborazione per lo sviluppo di una grande rete energetica. Al posto dei sistemi di riscaldamento a combustibile fossile, il calore sar\u00e0 generato da energie rinnovabili.\" \/>\n\t\t<meta property=\"og:url\" content=\"https:\/\/www.immo-invest.ch\/it\/illnau-effretikon-und-energie-360-vereinbaren-energieverbund\/\" \/>\n\t\t<meta property=\"og:image\" content=\"https:\/\/www.immo-invest.ch\/wp-content\/uploads\/2021\/04\/energie-24.jpg\" \/>\n\t\t<meta property=\"og:image:secure_url\" content=\"https:\/\/www.immo-invest.ch\/wp-content\/uploads\/2021\/04\/energie-24.jpg\" \/>\n\t\t<meta property=\"og:image:width\" content=\"1200\" \/>\n\t\t<meta property=\"og:image:height\" content=\"628\" \/>\n\t\t<meta property=\"article:published_time\" content=\"2023-08-23T06:00:00+00:00\" \/>\n\t\t<meta property=\"article:modified_time\" content=\"2023-08-22T05:59:30+00:00\" \/>\n\t\t<meta property=\"article:publisher\" content=\"https:\/\/www.facebook.com\/people\/Immoinvest\/100077962920504\/\" \/>\n\t\t<meta name=\"twitter:card\" content=\"summary_large_image\" \/>\n\t\t<meta name=\"twitter:site\" content=\"@i\" \/>\n\t\t<meta name=\"twitter:title\" content=\"Illnau-Effretikon ed Energie 360\u00b0 si accordano per una rete energetica - immo!nvest - Die Plattform f\u00fcr Standorte und Immobilien\" \/>\n\t\t<meta name=\"twitter:description\" content=\"La citt\u00e0 di Illnau-Effretikon e il fornitore di energia Energie 360\u00b0 hanno firmato un contratto di collaborazione per lo sviluppo di una grande rete energetica. Al posto dei sistemi di riscaldamento a combustibile fossile, il calore sar\u00e0 generato da energie rinnovabili.\" \/>\n\t\t<meta name=\"twitter:creator\" content=\"@i\" \/>\n\t\t<meta name=\"twitter:image\" content=\"https:\/\/www.immo-invest.ch\/wp-content\/uploads\/2021\/04\/energie-24.jpg\" \/>\n\t\t<script type=\"application\/ld+json\" class=\"aioseo-schema\">\n\t\t\t{\"@context\":\"https:\\\/\\\/schema.org\",\"@graph\":[{\"@type\":\"BlogPosting\",\"@id\":\"https:\\\/\\\/www.immo-invest.ch\\\/it\\\/illnau-effretikon-und-energie-360-vereinbaren-energieverbund\\\/#blogposting\",\"name\":\"Illnau-Effretikon ed Energie 360\\u00b0 si accordano per una rete energetica - immo!nvest - Die Plattform f\\u00fcr Standorte und Immobilien\",\"headline\":\"Illnau-Effretikon ed Energie 360\\u00b0 si accordano per una rete energetica\",\"author\":{\"@id\":\"https:\\\/\\\/www.immo-invest.ch\\\/it\\\/author\\\/immovestuser\\\/#author\"},\"publisher\":{\"@id\":\"https:\\\/\\\/www.immo-invest.ch\\\/it\\\/#organization\"},\"image\":{\"@type\":\"ImageObject\",\"url\":\"https:\\\/\\\/www.immo-invest.ch\\\/wp-content\\\/uploads\\\/2021\\\/04\\\/energie-24.jpg\",\"width\":1200,\"height\":628},\"datePublished\":\"2023-08-23T08:00:00+02:00\",\"dateModified\":\"2023-08-22T07:59:30+02:00\",\"inLanguage\":\"it-IT\",\"mainEntityOfPage\":{\"@id\":\"https:\\\/\\\/www.immo-invest.ch\\\/it\\\/illnau-effretikon-und-energie-360-vereinbaren-energieverbund\\\/#webpage\"},\"isPartOf\":{\"@id\":\"https:\\\/\\\/www.immo-invest.ch\\\/it\\\/illnau-effretikon-und-energie-360-vereinbaren-energieverbund\\\/#webpage\"},\"articleSection\":\"Energia, immoNews, Energieverbund, ErneuerbareEnergien, Fernw\\u00e4rmeanschluss, fossilien, Gewerbebetriebe, Grundeigent\\u00fcmer, Heizung, \\u00dcbergangsl\\u00f6sung, W\\u00e4rmelieferung, Optional\"},{\"@type\":\"BreadcrumbList\",\"@id\":\"https:\\\/\\\/www.immo-invest.ch\\\/it\\\/illnau-effretikon-und-energie-360-vereinbaren-energieverbund\\\/#breadcrumblist\",\"itemListElement\":[{\"@type\":\"ListItem\",\"@id\":\"https:\\\/\\\/www.immo-invest.ch\\\/it\\\/#listItem\",\"position\":1,\"name\":\"Home\",\"item\":\"https:\\\/\\\/www.immo-invest.ch\\\/it\\\/\",\"nextItem\":{\"@type\":\"ListItem\",\"@id\":\"https:\\\/\\\/www.immo-invest.ch\\\/it\\\/categoria\\\/immonews-it\\\/#listItem\",\"name\":\"immoNews\"}},{\"@type\":\"ListItem\",\"@id\":\"https:\\\/\\\/www.immo-invest.ch\\\/it\\\/categoria\\\/immonews-it\\\/#listItem\",\"position\":2,\"name\":\"immoNews\",\"item\":\"https:\\\/\\\/www.immo-invest.ch\\\/it\\\/categoria\\\/immonews-it\\\/\",\"nextItem\":{\"@type\":\"ListItem\",\"@id\":\"https:\\\/\\\/www.immo-invest.ch\\\/it\\\/illnau-effretikon-und-energie-360-vereinbaren-energieverbund\\\/#listItem\",\"name\":\"Illnau-Effretikon ed Energie 360\\u00b0 si accordano per una rete energetica\"},\"previousItem\":{\"@type\":\"ListItem\",\"@id\":\"https:\\\/\\\/www.immo-invest.ch\\\/it\\\/#listItem\",\"name\":\"Home\"}},{\"@type\":\"ListItem\",\"@id\":\"https:\\\/\\\/www.immo-invest.ch\\\/it\\\/illnau-effretikon-und-energie-360-vereinbaren-energieverbund\\\/#listItem\",\"position\":3,\"name\":\"Illnau-Effretikon ed Energie 360\\u00b0 si accordano per una rete energetica\",\"previousItem\":{\"@type\":\"ListItem\",\"@id\":\"https:\\\/\\\/www.immo-invest.ch\\\/it\\\/categoria\\\/immonews-it\\\/#listItem\",\"name\":\"immoNews\"}}]},{\"@type\":\"Organization\",\"@id\":\"https:\\\/\\\/www.immo-invest.ch\\\/it\\\/#organization\",\"name\":\"immo!nvest - Die Plattform f\\u00fcr Standorte und Immobilien\",\"description\":\"Die\\u00a0Plattform f\\u00fcr Standorte und Immobilien\",\"url\":\"https:\\\/\\\/www.immo-invest.ch\\\/it\\\/\",\"email\":\"admin@immomedia.ag\",\"telephone\":\"+41444420002\",\"logo\":{\"@type\":\"ImageObject\",\"url\":\"https:\\\/\\\/www.immo-invest.ch\\\/wp-content\\\/uploads\\\/2024\\\/09\\\/immoinvest_sm-scaled.jpg\",\"@id\":\"https:\\\/\\\/www.immo-invest.ch\\\/it\\\/illnau-effretikon-und-energie-360-vereinbaren-energieverbund\\\/#organizationLogo\",\"width\":2560,\"height\":1340},\"image\":{\"@id\":\"https:\\\/\\\/www.immo-invest.ch\\\/it\\\/illnau-effretikon-und-energie-360-vereinbaren-energieverbund\\\/#organizationLogo\"},\"sameAs\":[\"https:\\\/\\\/www.facebook.com\\\/people\\\/Immoinvest\\\/100077962920504\\\/\",\"https:\\\/\\\/x.com\\\/i\\\/flow\\\/login?redirect_after_login=immoinvest_ch\",\"https:\\\/\\\/www.instagram.com\\\/immoinvest_ch\\\/\",\"https:\\\/\\\/www.linkedin.com\\\/company\\\/immoinvest-swiss\"]},{\"@type\":\"Person\",\"@id\":\"https:\\\/\\\/www.immo-invest.ch\\\/it\\\/author\\\/immovestuser\\\/#author\",\"url\":\"https:\\\/\\\/www.immo-invest.ch\\\/it\\\/author\\\/immovestuser\\\/\",\"name\":\"immovestuser\",\"image\":{\"@type\":\"ImageObject\",\"@id\":\"https:\\\/\\\/www.immo-invest.ch\\\/it\\\/illnau-effretikon-und-energie-360-vereinbaren-energieverbund\\\/#authorImage\",\"url\":\"https:\\\/\\\/secure.gravatar.com\\\/avatar\\\/8e01f4d99f2eeea7a362ebb93305e1172a70e9293ba250f897a65c39f54cdd1e?s=96&d=mm&r=g\",\"width\":96,\"height\":96,\"caption\":\"immovestuser\"}},{\"@type\":\"WebPage\",\"@id\":\"https:\\\/\\\/www.immo-invest.ch\\\/it\\\/illnau-effretikon-und-energie-360-vereinbaren-energieverbund\\\/#webpage\",\"url\":\"https:\\\/\\\/www.immo-invest.ch\\\/it\\\/illnau-effretikon-und-energie-360-vereinbaren-energieverbund\\\/\",\"name\":\"Illnau-Effretikon ed Energie 360\\u00b0 si accordano per una rete energetica - immo!nvest - Die Plattform f\\u00fcr Standorte und Immobilien\",\"description\":\"La citt\\u00e0 di Illnau-Effretikon e il fornitore di energia Energie 360\\u00b0 hanno firmato un contratto di collaborazione per lo sviluppo di una grande rete energetica. Al posto dei sistemi di riscaldamento a combustibile fossile, il calore sar\\u00e0 generato da energie rinnovabili.\",\"inLanguage\":\"it-IT\",\"isPartOf\":{\"@id\":\"https:\\\/\\\/www.immo-invest.ch\\\/it\\\/#website\"},\"breadcrumb\":{\"@id\":\"https:\\\/\\\/www.immo-invest.ch\\\/it\\\/illnau-effretikon-und-energie-360-vereinbaren-energieverbund\\\/#breadcrumblist\"},\"author\":{\"@id\":\"https:\\\/\\\/www.immo-invest.ch\\\/it\\\/author\\\/immovestuser\\\/#author\"},\"creator\":{\"@id\":\"https:\\\/\\\/www.immo-invest.ch\\\/it\\\/author\\\/immovestuser\\\/#author\"},\"image\":{\"@type\":\"ImageObject\",\"url\":\"https:\\\/\\\/www.immo-invest.ch\\\/wp-content\\\/uploads\\\/2021\\\/04\\\/energie-24.jpg\",\"@id\":\"https:\\\/\\\/www.immo-invest.ch\\\/it\\\/illnau-effretikon-und-energie-360-vereinbaren-energieverbund\\\/#mainImage\",\"width\":1200,\"height\":628},\"primaryImageOfPage\":{\"@id\":\"https:\\\/\\\/www.immo-invest.ch\\\/it\\\/illnau-effretikon-und-energie-360-vereinbaren-energieverbund\\\/#mainImage\"},\"datePublished\":\"2023-08-23T08:00:00+02:00\",\"dateModified\":\"2023-08-22T07:59:30+02:00\"},{\"@type\":\"WebSite\",\"@id\":\"https:\\\/\\\/www.immo-invest.ch\\\/it\\\/#website\",\"url\":\"https:\\\/\\\/www.immo-invest.ch\\\/it\\\/\",\"name\":\"immo!nvest - Die Plattform f\\u00fcr Standorte und Immobilien\",\"description\":\"Die\\u00a0Plattform f\\u00fcr Standorte und Immobilien\",\"inLanguage\":\"it-IT\",\"publisher\":{\"@id\":\"https:\\\/\\\/www.immo-invest.ch\\\/it\\\/#organization\"}}]}\n\t\t<\/script>\n\t\t<!-- All in One SEO -->\n\n","aioseo_head_json":{"title":"Illnau-Effretikon ed Energie 360\u00b0 si accordano per una rete energetica - immo!nvest - Die Plattform f\u00fcr Standorte und Immobilien","description":"La citt\u00e0 di Illnau-Effretikon e il fornitore di energia Energie 360\u00b0 hanno firmato un contratto di collaborazione per lo sviluppo di una grande rete energetica. Al posto dei sistemi di riscaldamento a combustibile fossile, il calore sar\u00e0 generato da energie rinnovabili.","canonical_url":"https:\/\/www.immo-invest.ch\/it\/illnau-effretikon-und-energie-360-vereinbaren-energieverbund\/","robots":"max-image-preview:large","keywords":"","webmasterTools":{"google-site-verification":"fHJKvgWpZCR2zVBHWfkQeFXC11qieUSff0HGNYfuyLA","miscellaneous":""},"schema":{"@context":"https:\/\/schema.org","@graph":[{"@type":"BlogPosting","@id":"https:\/\/www.immo-invest.ch\/it\/illnau-effretikon-und-energie-360-vereinbaren-energieverbund\/#blogposting","name":"Illnau-Effretikon ed Energie 360\u00b0 si accordano per una rete energetica - immo!nvest - Die Plattform f\u00fcr Standorte und Immobilien","headline":"Illnau-Effretikon ed Energie 360\u00b0 si accordano per una rete energetica","author":{"@id":"https:\/\/www.immo-invest.ch\/it\/author\/immovestuser\/#author"},"publisher":{"@id":"https:\/\/www.immo-invest.ch\/it\/#organization"},"image":{"@type":"ImageObject","url":"https:\/\/www.immo-invest.ch\/wp-content\/uploads\/2021\/04\/energie-24.jpg","width":1200,"height":628},"datePublished":"2023-08-23T08:00:00+02:00","dateModified":"2023-08-22T07:59:30+02:00","inLanguage":"it-IT","mainEntityOfPage":{"@id":"https:\/\/www.immo-invest.ch\/it\/illnau-effretikon-und-energie-360-vereinbaren-energieverbund\/#webpage"},"isPartOf":{"@id":"https:\/\/www.immo-invest.ch\/it\/illnau-effretikon-und-energie-360-vereinbaren-energieverbund\/#webpage"},"articleSection":"Energia, immoNews, Energieverbund, ErneuerbareEnergien, Fernw\u00e4rmeanschluss, fossilien, Gewerbebetriebe, Grundeigent\u00fcmer, Heizung, \u00dcbergangsl\u00f6sung, W\u00e4rmelieferung, Optional"},{"@type":"BreadcrumbList","@id":"https:\/\/www.immo-invest.ch\/it\/illnau-effretikon-und-energie-360-vereinbaren-energieverbund\/#breadcrumblist","itemListElement":[{"@type":"ListItem","@id":"https:\/\/www.immo-invest.ch\/it\/#listItem","position":1,"name":"Home","item":"https:\/\/www.immo-invest.ch\/it\/","nextItem":{"@type":"ListItem","@id":"https:\/\/www.immo-invest.ch\/it\/categoria\/immonews-it\/#listItem","name":"immoNews"}},{"@type":"ListItem","@id":"https:\/\/www.immo-invest.ch\/it\/categoria\/immonews-it\/#listItem","position":2,"name":"immoNews","item":"https:\/\/www.immo-invest.ch\/it\/categoria\/immonews-it\/","nextItem":{"@type":"ListItem","@id":"https:\/\/www.immo-invest.ch\/it\/illnau-effretikon-und-energie-360-vereinbaren-energieverbund\/#listItem","name":"Illnau-Effretikon ed Energie 360\u00b0 si accordano per una rete energetica"},"previousItem":{"@type":"ListItem","@id":"https:\/\/www.immo-invest.ch\/it\/#listItem","name":"Home"}},{"@type":"ListItem","@id":"https:\/\/www.immo-invest.ch\/it\/illnau-effretikon-und-energie-360-vereinbaren-energieverbund\/#listItem","position":3,"name":"Illnau-Effretikon ed Energie 360\u00b0 si accordano per una rete energetica","previousItem":{"@type":"ListItem","@id":"https:\/\/www.immo-invest.ch\/it\/categoria\/immonews-it\/#listItem","name":"immoNews"}}]},{"@type":"Organization","@id":"https:\/\/www.immo-invest.ch\/it\/#organization","name":"immo!nvest - Die Plattform f\u00fcr Standorte und Immobilien","description":"Die\u00a0Plattform f\u00fcr Standorte und Immobilien","url":"https:\/\/www.immo-invest.ch\/it\/","email":"admin@immomedia.ag","telephone":"+41444420002","logo":{"@type":"ImageObject","url":"https:\/\/www.immo-invest.ch\/wp-content\/uploads\/2024\/09\/immoinvest_sm-scaled.jpg","@id":"https:\/\/www.immo-invest.ch\/it\/illnau-effretikon-und-energie-360-vereinbaren-energieverbund\/#organizationLogo","width":2560,"height":1340},"image":{"@id":"https:\/\/www.immo-invest.ch\/it\/illnau-effretikon-und-energie-360-vereinbaren-energieverbund\/#organizationLogo"},"sameAs":["https:\/\/www.facebook.com\/people\/Immoinvest\/100077962920504\/","https:\/\/x.com\/i\/flow\/login?redirect_after_login=immoinvest_ch","https:\/\/www.instagram.com\/immoinvest_ch\/","https:\/\/www.linkedin.com\/company\/immoinvest-swiss"]},{"@type":"Person","@id":"https:\/\/www.immo-invest.ch\/it\/author\/immovestuser\/#author","url":"https:\/\/www.immo-invest.ch\/it\/author\/immovestuser\/","name":"immovestuser","image":{"@type":"ImageObject","@id":"https:\/\/www.immo-invest.ch\/it\/illnau-effretikon-und-energie-360-vereinbaren-energieverbund\/#authorImage","url":"https:\/\/secure.gravatar.com\/avatar\/8e01f4d99f2eeea7a362ebb93305e1172a70e9293ba250f897a65c39f54cdd1e?s=96&d=mm&r=g","width":96,"height":96,"caption":"immovestuser"}},{"@type":"WebPage","@id":"https:\/\/www.immo-invest.ch\/it\/illnau-effretikon-und-energie-360-vereinbaren-energieverbund\/#webpage","url":"https:\/\/www.immo-invest.ch\/it\/illnau-effretikon-und-energie-360-vereinbaren-energieverbund\/","name":"Illnau-Effretikon ed Energie 360\u00b0 si accordano per una rete energetica - immo!nvest - Die Plattform f\u00fcr Standorte und Immobilien","description":"La citt\u00e0 di Illnau-Effretikon e il fornitore di energia Energie 360\u00b0 hanno firmato un contratto di collaborazione per lo sviluppo di una grande rete energetica. Al posto dei sistemi di riscaldamento a combustibile fossile, il calore sar\u00e0 generato da energie rinnovabili.","inLanguage":"it-IT","isPartOf":{"@id":"https:\/\/www.immo-invest.ch\/it\/#website"},"breadcrumb":{"@id":"https:\/\/www.immo-invest.ch\/it\/illnau-effretikon-und-energie-360-vereinbaren-energieverbund\/#breadcrumblist"},"author":{"@id":"https:\/\/www.immo-invest.ch\/it\/author\/immovestuser\/#author"},"creator":{"@id":"https:\/\/www.immo-invest.ch\/it\/author\/immovestuser\/#author"},"image":{"@type":"ImageObject","url":"https:\/\/www.immo-invest.ch\/wp-content\/uploads\/2021\/04\/energie-24.jpg","@id":"https:\/\/www.immo-invest.ch\/it\/illnau-effretikon-und-energie-360-vereinbaren-energieverbund\/#mainImage","width":1200,"height":628},"primaryImageOfPage":{"@id":"https:\/\/www.immo-invest.ch\/it\/illnau-effretikon-und-energie-360-vereinbaren-energieverbund\/#mainImage"},"datePublished":"2023-08-23T08:00:00+02:00","dateModified":"2023-08-22T07:59:30+02:00"},{"@type":"WebSite","@id":"https:\/\/www.immo-invest.ch\/it\/#website","url":"https:\/\/www.immo-invest.ch\/it\/","name":"immo!nvest - Die Plattform f\u00fcr Standorte und Immobilien","description":"Die\u00a0Plattform f\u00fcr Standorte und Immobilien","inLanguage":"it-IT","publisher":{"@id":"https:\/\/www.immo-invest.ch\/it\/#organization"}}]},"og:locale":"it_IT","og:site_name":"immo!nvest - Die Plattform f\u00fcr Standorte und Immobilien - Die\u00a0Plattform f\u00fcr Standorte und Immobilien","og:type":"article","og:title":"Illnau-Effretikon ed Energie 360\u00b0 si accordano per una rete energetica - immo!nvest - Die Plattform f\u00fcr Standorte und Immobilien","og:description":"La citt\u00e0 di Illnau-Effretikon e il fornitore di energia Energie 360\u00b0 hanno firmato un contratto di collaborazione per lo sviluppo di una grande rete energetica. Al posto dei sistemi di riscaldamento a combustibile fossile, il calore sar\u00e0 generato da energie rinnovabili.","og:url":"https:\/\/www.immo-invest.ch\/it\/illnau-effretikon-und-energie-360-vereinbaren-energieverbund\/","og:image":"https:\/\/www.immo-invest.ch\/wp-content\/uploads\/2021\/04\/energie-24.jpg","og:image:secure_url":"https:\/\/www.immo-invest.ch\/wp-content\/uploads\/2021\/04\/energie-24.jpg","og:image:width":1200,"og:image:height":628,"article:published_time":"2023-08-23T06:00:00+00:00","article:modified_time":"2023-08-22T05:59:30+00:00","article:publisher":"https:\/\/www.facebook.com\/people\/Immoinvest\/100077962920504\/","twitter:card":"summary_large_image","twitter:site":"@i","twitter:title":"Illnau-Effretikon ed Energie 360\u00b0 si accordano per una rete energetica - immo!nvest - Die Plattform f\u00fcr Standorte und Immobilien","twitter:description":"La citt\u00e0 di Illnau-Effretikon e il fornitore di energia Energie 360\u00b0 hanno firmato un contratto di collaborazione per lo sviluppo di una grande rete energetica. Al posto dei sistemi di riscaldamento a combustibile fossile, il calore sar\u00e0 generato da energie rinnovabili.","twitter:creator":"@i","twitter:image":"https:\/\/www.immo-invest.ch\/wp-content\/uploads\/2021\/04\/energie-24.jpg"},"aioseo_meta_data":{"post_id":"62233","title":null,"description":null,"keywords":null,"keyphrases":null,"primary_term":null,"canonical_url":null,"og_title":null,"og_description":null,"og_object_type":"default","og_image_type":"default","og_image_url":null,"og_image_width":null,"og_image_height":null,"og_image_custom_url":null,"og_image_custom_fields":null,"og_video":null,"og_custom_url":null,"og_article_section":null,"og_article_tags":null,"twitter_use_og":false,"twitter_card":"default","twitter_image_type":"default","twitter_image_url":null,"twitter_image_custom_url":null,"twitter_image_custom_fields":null,"twitter_title":null,"twitter_description":null,"schema":{"blockGraphs":[],"customGraphs":[],"default":{"data":{"Article":[],"Course":[],"Dataset":[],"FAQPage":[],"Movie":[],"Person":[],"Product":[],"ProductReview":[],"Car":[],"Recipe":[],"Service":[],"SoftwareApplication":[],"WebPage":[]},"graphName":"","isEnabled":true},"graphs":[]},"schema_type":"default","schema_type_options":null,"pillar_content":false,"robots_default":true,"robots_noindex":false,"robots_noarchive":false,"robots_nosnippet":false,"robots_nofollow":false,"robots_noimageindex":false,"robots_noodp":false,"robots_notranslate":false,"robots_max_snippet":null,"robots_max_videopreview":null,"robots_max_imagepreview":"large","priority":null,"frequency":null,"local_seo":null,"breadcrumb_settings":null,"limit_modified_date":false,"ai":null,"created":"2024-09-20 08:36:06","updated":"2025-10-23 14:27:13","seo_analyzer_scan_date":null,"focus_keyword":null,"additional_keywords":null,"truseo_locale":null},"aioseo_breadcrumb":"<div class=\"aioseo-breadcrumbs\"><span class=\"aioseo-breadcrumb\">\n\t\t\t<a href=\"https:\/\/www.immo-invest.ch\/it\/\" title=\"Home\">Home<\/a>\n\t\t<\/span><span class=\"aioseo-breadcrumb-separator\">&raquo;<\/span><span class=\"aioseo-breadcrumb\">\n\t\t\t<a href=\"https:\/\/www.immo-invest.ch\/it\/categoria\/immonews-it\/\" title=\"immoNews\">immoNews<\/a>\n\t\t<\/span><span class=\"aioseo-breadcrumb-separator\">&raquo;<\/span><span class=\"aioseo-breadcrumb\">\n\t\t\tIllnau-Effretikon ed Energie 360\u00b0 si accordano per una rete energetica\n\t\t<\/span><\/div>","aioseo_breadcrumb_json":[{"label":"Home","link":"https:\/\/www.immo-invest.ch\/it\/"},{"label":"immoNews","link":"https:\/\/www.immo-invest.ch\/it\/categoria\/immonews-it\/"},{"label":"Illnau-Effretikon ed Energie 360\u00b0 si accordano per una rete energetica","link":"https:\/\/www.immo-invest.ch\/it\/illnau-effretikon-und-energie-360-vereinbaren-energieverbund\/"}],"featured_image_src":"https:\/\/www.immo-invest.ch\/wp-content\/uploads\/2021\/04\/energie-24-150x150.jpg","_links":{"self":[{"href":"https:\/\/www.immo-invest.ch\/it\/wp-json\/wp\/v2\/posts\/62233","targetHints":{"allow":["GET"]}}],"collection":[{"href":"https:\/\/www.immo-invest.ch\/it\/wp-json\/wp\/v2\/posts"}],"about":[{"href":"https:\/\/www.immo-invest.ch\/it\/wp-json\/wp\/v2\/types\/post"}],"author":[{"embeddable":true,"href":"https:\/\/www.immo-invest.ch\/it\/wp-json\/wp\/v2\/users\/2"}],"replies":[{"embeddable":true,"href":"https:\/\/www.immo-invest.ch\/it\/wp-json\/wp\/v2\/comments?post=62233"}],"version-history":[{"count":0,"href":"https:\/\/www.immo-invest.ch\/it\/wp-json\/wp\/v2\/posts\/62233\/revisions"}],"wp:featuredmedia":[{"embeddable":true,"href":"https:\/\/www.immo-invest.ch\/it\/wp-json\/wp\/v2\/media\/17106"}],"wp:attachment":[{"href":"https:\/\/www.immo-invest.ch\/it\/wp-json\/wp\/v2\/media?parent=62233"}],"wp:term":[{"taxonomy":"category","embeddable":true,"href":"https:\/\/www.immo-invest.ch\/it\/wp-json\/wp\/v2\/categories?post=62233"},{"taxonomy":"post_tag","embeddable":true,"href":"https:\/\/www.immo-invest.ch\/it\/wp-json\/wp\/v2\/tags?post=62233"}],"curies":[{"name":"wp","href":"https:\/\/api.w.org\/{rel}","templated":true}]}}