{"id":62139,"date":"2023-08-21T09:21:27","date_gmt":"2023-08-21T07:21:27","guid":{"rendered":"https:\/\/www.immo-invest.ch\/schlieren-geht-beim-solarausbau-weiter-voran\/"},"modified":"2023-08-21T09:27:05","modified_gmt":"2023-08-21T07:27:05","slug":"schlieren-geht-beim-solarausbau-weiter-voran","status":"publish","type":"post","link":"https:\/\/www.immo-invest.ch\/it\/schlieren-geht-beim-solarausbau-weiter-voran\/","title":{"rendered":"Schlieren continua a fare progressi con l&#8217;espansione solare"},"content":{"rendered":"<p class=\"bodytext\">Secondo il suo <a href=\"https:\/\/m.schlieren.ch\/index.php?ref=search&amp;refid=4712294&amp;apid=294667063&amp;jsr=1\" target=\"_blank\" rel=\"noopener\">comunicato stampa<\/a>, la <a href=\"https:\/\/m.schlieren.ch\/index.php?apid=7126247\" target=\"_blank\" rel=\"noopener\">citt&agrave; di Schlieren<\/a> sta compiendo un altro passo verso l&rsquo;approvvigionamento energetico e la mobilit&agrave; sostenibili: entro la fine di agosto, metter&agrave; in funzione sei nuove stazioni di ricarica per veicoli elettrici, oltre al pi&ugrave; grande impianto fotovoltaico comunale presso il Centro di Innovazione e Giovani Imprenditori <a href=\"https:\/\/www.ijz-schlieren.ch\" target=\"_blank\" rel=\"noopener\">IJZ<\/a> nella R&uuml;tistrasse.<\/p>\n<p class=\"bodytext\">Ognuno dei suoi 1278 moduli di ultima generazione ha una potenza di 425 watt di picco. L&rsquo;energia solare generata non solo viene immessa nella rete, ma viene anche utilizzata per l&rsquo;autoconsumo: &ldquo;Il progetto presso l&rsquo;IJZ esemplifica i progressi nella svolta energetica, a cui attribuiamo grande importanza in questo e in molti altri progetti&rdquo;, ha dichiarato il Dr. Martin Nicklas, responsabile dei contratti energetici presso l&rsquo;ente elettrico del Cantone di Zurigo<a href=\"https:\/\/www.ekz.ch\/de\/privatkunden.html\" target=\"_blank\" rel=\"noopener\">(EKZ<\/a>). Questo perch&eacute; l&rsquo;energia solare prodotta viene utilizzata per rifornire l&rsquo;IJZ e le attivit&agrave; commerciali che vi si trovano, nonch&eacute; gli appartamenti circostanti. &ldquo;Questo significa che l&rsquo;elettricit&agrave; fotovoltaica viene prodotta e utilizzata nello stesso luogo &ndash; non si pu&ograve; essere pi&ugrave; locali di cos&igrave;&rdquo;<\/p>\n<p class=\"bodytext\">Schlieren vuole dare un esempio positivo, soprattutto in vista degli obiettivi solari che finora sono stati mancati nel Cantone. La citt&agrave; sta spingendo l&rsquo;espansione dell&rsquo;energia solare sulle proprie propriet&agrave; comunali, soprattutto sui tetti piani, afferma Albert Schweizer, responsabile del settore immobiliare e della promozione della posizione presso la Citt&agrave; di Schlieren. &ldquo;Le nostre autorit&agrave; comunali, cos&igrave; come la protezione dei monumenti storici e il nostro fornitore di rete EKZ, ci forniscono un supporto significativo nella promozione dell&rsquo;energia solare<\/p>\n","protected":false},"excerpt":{"rendered":"<p>Alla fine di agosto, la citt\u00e0 di Schlieren metter\u00e0 in funzione il pi\u00f9 grande impianto solare comunale presso il Centro per l&#8217;innovazione e i giovani imprenditori. L&#8217;elettricit\u00e0 generata sar\u00e0 utilizzata nello stesso luogo. Inoltre, da questo mese saranno disponibili sei nuove stazioni di ricarica per auto elettriche.<\/p>\n","protected":false},"author":2,"featured_media":61027,"comment_status":"open","ping_status":"open","sticky":false,"template":"","format":"standard","meta":{"pmpro_default_level":"","inline_featured_image":false,"_monsterinsights_skip_tracking":false,"footnotes":""},"categories":[8750,745],"tags":[41575,18779,2158,2180,5452,22989,1680],"class_list":["post-62139","post","type-post","status-publish","format-standard","has-post-thumbnail","hentry","category-energia","category-immonews-it","tag-e-auto-it","tag-eigenverbrauch-it","tag-erneuerbareenergien-it","tag-innovation-it","tag-ladestation-it","tag-photovoltaikanlage-it","tag-solaranlage-it","pmpro-has-access"],"acf":{"bild_mit_ki_erstellt_worden":[],"lead":"Alla fine di agosto, la citt\u00e0 di Schlieren metter\u00e0 in funzione il pi\u00f9 grande impianto solare comunale presso il Centro per l'innovazione e i giovani imprenditori. L'elettricit\u00e0 generata sar\u00e0 utilizzata nello stesso luogo. Inoltre, da questo mese saranno disponibili sei nuove stazioni di ricarica per auto elettriche.","autor":"ce\/mm","ort":"Schlieren ZH","bildunterschrift":"","bild_im_grid":false,"gallerie":"","newsim":""},"aioseo_notices":[],"aioseo_head":"\n\t\t<!-- All in One SEO 5.0.1.1 - aioseo.com -->\n\t<meta name=\"description\" content=\"Alla fine di agosto, la citt\u00e0 di Schlieren metter\u00e0 in funzione il pi\u00f9 grande impianto solare comunale presso il Centro per l&#039;innovazione e i giovani imprenditori. L&#039;elettricit\u00e0 generata sar\u00e0 utilizzata nello stesso luogo. Inoltre, da questo mese saranno disponibili sei nuove stazioni di ricarica per auto elettriche.\" \/>\n\t<meta name=\"robots\" content=\"max-image-preview:large\" \/>\n\t<meta name=\"author\" content=\"immovestuser\"\/>\n\t<meta name=\"google-site-verification\" content=\"fHJKvgWpZCR2zVBHWfkQeFXC11qieUSff0HGNYfuyLA\" \/>\n\t<link rel=\"canonical\" href=\"https:\/\/www.immo-invest.ch\/it\/schlieren-geht-beim-solarausbau-weiter-voran\/\" \/>\n\t<meta name=\"generator\" content=\"All in One SEO (AIOSEO) 5.0.1.1\" \/>\n\t\t<meta property=\"og:locale\" content=\"it_IT\" \/>\n\t\t<meta property=\"og:site_name\" content=\"immo!nvest - Die Plattform f\u00fcr Standorte und Immobilien - Die\u00a0Plattform f\u00fcr Standorte und Immobilien\" \/>\n\t\t<meta property=\"og:type\" content=\"article\" \/>\n\t\t<meta property=\"og:title\" content=\"Schlieren continua a fare progressi con l\u2019espansione solare - immo!nvest - Die Plattform f\u00fcr Standorte und Immobilien\" \/>\n\t\t<meta property=\"og:description\" content=\"Alla fine di agosto, la citt\u00e0 di Schlieren metter\u00e0 in funzione il pi\u00f9 grande impianto solare comunale presso il Centro per l&#039;innovazione e i giovani imprenditori. L&#039;elettricit\u00e0 generata sar\u00e0 utilizzata nello stesso luogo. Inoltre, da questo mese saranno disponibili sei nuove stazioni di ricarica per auto elettriche.\" \/>\n\t\t<meta property=\"og:url\" content=\"https:\/\/www.immo-invest.ch\/it\/schlieren-geht-beim-solarausbau-weiter-voran\/\" \/>\n\t\t<meta property=\"og:image\" content=\"https:\/\/www.immo-invest.ch\/wp-content\/uploads\/2023\/08\/Solar_2-scaled.jpg\" \/>\n\t\t<meta property=\"og:image:secure_url\" content=\"https:\/\/www.immo-invest.ch\/wp-content\/uploads\/2023\/08\/Solar_2-scaled.jpg\" \/>\n\t\t<meta property=\"og:image:width\" content=\"2560\" \/>\n\t\t<meta property=\"og:image:height\" content=\"1705\" \/>\n\t\t<meta property=\"article:published_time\" content=\"2023-08-21T07:21:27+00:00\" \/>\n\t\t<meta property=\"article:modified_time\" content=\"2023-08-21T07:27:05+00:00\" \/>\n\t\t<meta property=\"article:publisher\" content=\"https:\/\/www.facebook.com\/people\/Immoinvest\/100077962920504\/\" \/>\n\t\t<meta name=\"twitter:card\" content=\"summary_large_image\" \/>\n\t\t<meta name=\"twitter:site\" content=\"@i\" \/>\n\t\t<meta name=\"twitter:title\" content=\"Schlieren continua a fare progressi con l\u2019espansione solare - immo!nvest - Die Plattform f\u00fcr Standorte und Immobilien\" \/>\n\t\t<meta name=\"twitter:description\" content=\"Alla fine di agosto, la citt\u00e0 di Schlieren metter\u00e0 in funzione il pi\u00f9 grande impianto solare comunale presso il Centro per l&#039;innovazione e i giovani imprenditori. L&#039;elettricit\u00e0 generata sar\u00e0 utilizzata nello stesso luogo. Inoltre, da questo mese saranno disponibili sei nuove stazioni di ricarica per auto elettriche.\" \/>\n\t\t<meta name=\"twitter:creator\" content=\"@i\" \/>\n\t\t<meta name=\"twitter:image\" content=\"https:\/\/www.immo-invest.ch\/wp-content\/uploads\/2023\/08\/Solar_2-scaled.jpg\" \/>\n\t\t<script type=\"application\/ld+json\" class=\"aioseo-schema\">\n\t\t\t{\"@context\":\"https:\\\/\\\/schema.org\",\"@graph\":[{\"@type\":\"BlogPosting\",\"@id\":\"https:\\\/\\\/www.immo-invest.ch\\\/it\\\/schlieren-geht-beim-solarausbau-weiter-voran\\\/#blogposting\",\"name\":\"Schlieren continua a fare progressi con l\\u2019espansione solare - immo!nvest - Die Plattform f\\u00fcr Standorte und Immobilien\",\"headline\":\"Schlieren continua a fare progressi con l&#8217;espansione solare\",\"author\":{\"@id\":\"https:\\\/\\\/www.immo-invest.ch\\\/it\\\/author\\\/immovestuser\\\/#author\"},\"publisher\":{\"@id\":\"https:\\\/\\\/www.immo-invest.ch\\\/it\\\/#organization\"},\"image\":{\"@type\":\"ImageObject\",\"url\":\"https:\\\/\\\/www.immo-invest.ch\\\/wp-content\\\/uploads\\\/2023\\\/08\\\/Solar_2-scaled.jpg\",\"width\":2560,\"height\":1705},\"datePublished\":\"2023-08-21T09:21:27+02:00\",\"dateModified\":\"2023-08-21T09:27:05+02:00\",\"inLanguage\":\"it-IT\",\"mainEntityOfPage\":{\"@id\":\"https:\\\/\\\/www.immo-invest.ch\\\/it\\\/schlieren-geht-beim-solarausbau-weiter-voran\\\/#webpage\"},\"isPartOf\":{\"@id\":\"https:\\\/\\\/www.immo-invest.ch\\\/it\\\/schlieren-geht-beim-solarausbau-weiter-voran\\\/#webpage\"},\"articleSection\":\"Energia, immoNews, E-Auto, Eigenverbrauch, ErneuerbareEnergien, Innovation, ladestation, Photovoltaikanlage, Solaranlage, Optional\"},{\"@type\":\"BreadcrumbList\",\"@id\":\"https:\\\/\\\/www.immo-invest.ch\\\/it\\\/schlieren-geht-beim-solarausbau-weiter-voran\\\/#breadcrumblist\",\"itemListElement\":[{\"@type\":\"ListItem\",\"@id\":\"https:\\\/\\\/www.immo-invest.ch\\\/it\\\/#listItem\",\"position\":1,\"name\":\"Home\",\"item\":\"https:\\\/\\\/www.immo-invest.ch\\\/it\\\/\",\"nextItem\":{\"@type\":\"ListItem\",\"@id\":\"https:\\\/\\\/www.immo-invest.ch\\\/it\\\/categoria\\\/immonews-it\\\/#listItem\",\"name\":\"immoNews\"}},{\"@type\":\"ListItem\",\"@id\":\"https:\\\/\\\/www.immo-invest.ch\\\/it\\\/categoria\\\/immonews-it\\\/#listItem\",\"position\":2,\"name\":\"immoNews\",\"item\":\"https:\\\/\\\/www.immo-invest.ch\\\/it\\\/categoria\\\/immonews-it\\\/\",\"nextItem\":{\"@type\":\"ListItem\",\"@id\":\"https:\\\/\\\/www.immo-invest.ch\\\/it\\\/schlieren-geht-beim-solarausbau-weiter-voran\\\/#listItem\",\"name\":\"Schlieren continua a fare progressi con l&#8217;espansione solare\"},\"previousItem\":{\"@type\":\"ListItem\",\"@id\":\"https:\\\/\\\/www.immo-invest.ch\\\/it\\\/#listItem\",\"name\":\"Home\"}},{\"@type\":\"ListItem\",\"@id\":\"https:\\\/\\\/www.immo-invest.ch\\\/it\\\/schlieren-geht-beim-solarausbau-weiter-voran\\\/#listItem\",\"position\":3,\"name\":\"Schlieren continua a fare progressi con l&#8217;espansione solare\",\"previousItem\":{\"@type\":\"ListItem\",\"@id\":\"https:\\\/\\\/www.immo-invest.ch\\\/it\\\/categoria\\\/immonews-it\\\/#listItem\",\"name\":\"immoNews\"}}]},{\"@type\":\"Organization\",\"@id\":\"https:\\\/\\\/www.immo-invest.ch\\\/it\\\/#organization\",\"name\":\"immo!nvest - Die Plattform f\\u00fcr Standorte und Immobilien\",\"description\":\"Die\\u00a0Plattform f\\u00fcr Standorte und Immobilien\",\"url\":\"https:\\\/\\\/www.immo-invest.ch\\\/it\\\/\",\"email\":\"admin@immomedia.ag\",\"telephone\":\"+41444420002\",\"logo\":{\"@type\":\"ImageObject\",\"url\":\"https:\\\/\\\/www.immo-invest.ch\\\/wp-content\\\/uploads\\\/2024\\\/09\\\/immoinvest_sm-scaled.jpg\",\"@id\":\"https:\\\/\\\/www.immo-invest.ch\\\/it\\\/schlieren-geht-beim-solarausbau-weiter-voran\\\/#organizationLogo\",\"width\":2560,\"height\":1340},\"image\":{\"@id\":\"https:\\\/\\\/www.immo-invest.ch\\\/it\\\/schlieren-geht-beim-solarausbau-weiter-voran\\\/#organizationLogo\"},\"sameAs\":[\"https:\\\/\\\/www.facebook.com\\\/people\\\/Immoinvest\\\/100077962920504\\\/\",\"https:\\\/\\\/x.com\\\/i\\\/flow\\\/login?redirect_after_login=immoinvest_ch\",\"https:\\\/\\\/www.instagram.com\\\/immoinvest_ch\\\/\",\"https:\\\/\\\/www.linkedin.com\\\/company\\\/immoinvest-swiss\"]},{\"@type\":\"Person\",\"@id\":\"https:\\\/\\\/www.immo-invest.ch\\\/it\\\/author\\\/immovestuser\\\/#author\",\"url\":\"https:\\\/\\\/www.immo-invest.ch\\\/it\\\/author\\\/immovestuser\\\/\",\"name\":\"immovestuser\",\"image\":{\"@type\":\"ImageObject\",\"@id\":\"https:\\\/\\\/www.immo-invest.ch\\\/it\\\/schlieren-geht-beim-solarausbau-weiter-voran\\\/#authorImage\",\"url\":\"https:\\\/\\\/secure.gravatar.com\\\/avatar\\\/8e01f4d99f2eeea7a362ebb93305e1172a70e9293ba250f897a65c39f54cdd1e?s=96&d=mm&r=g\",\"width\":96,\"height\":96,\"caption\":\"immovestuser\"}},{\"@type\":\"WebPage\",\"@id\":\"https:\\\/\\\/www.immo-invest.ch\\\/it\\\/schlieren-geht-beim-solarausbau-weiter-voran\\\/#webpage\",\"url\":\"https:\\\/\\\/www.immo-invest.ch\\\/it\\\/schlieren-geht-beim-solarausbau-weiter-voran\\\/\",\"name\":\"Schlieren continua a fare progressi con l\\u2019espansione solare - immo!nvest - Die Plattform f\\u00fcr Standorte und Immobilien\",\"description\":\"Alla fine di agosto, la citt\\u00e0 di Schlieren metter\\u00e0 in funzione il pi\\u00f9 grande impianto solare comunale presso il Centro per l'innovazione e i giovani imprenditori. L'elettricit\\u00e0 generata sar\\u00e0 utilizzata nello stesso luogo. Inoltre, da questo mese saranno disponibili sei nuove stazioni di ricarica per auto elettriche.\",\"inLanguage\":\"it-IT\",\"isPartOf\":{\"@id\":\"https:\\\/\\\/www.immo-invest.ch\\\/it\\\/#website\"},\"breadcrumb\":{\"@id\":\"https:\\\/\\\/www.immo-invest.ch\\\/it\\\/schlieren-geht-beim-solarausbau-weiter-voran\\\/#breadcrumblist\"},\"author\":{\"@id\":\"https:\\\/\\\/www.immo-invest.ch\\\/it\\\/author\\\/immovestuser\\\/#author\"},\"creator\":{\"@id\":\"https:\\\/\\\/www.immo-invest.ch\\\/it\\\/author\\\/immovestuser\\\/#author\"},\"image\":{\"@type\":\"ImageObject\",\"url\":\"https:\\\/\\\/www.immo-invest.ch\\\/wp-content\\\/uploads\\\/2023\\\/08\\\/Solar_2-scaled.jpg\",\"@id\":\"https:\\\/\\\/www.immo-invest.ch\\\/it\\\/schlieren-geht-beim-solarausbau-weiter-voran\\\/#mainImage\",\"width\":2560,\"height\":1705},\"primaryImageOfPage\":{\"@id\":\"https:\\\/\\\/www.immo-invest.ch\\\/it\\\/schlieren-geht-beim-solarausbau-weiter-voran\\\/#mainImage\"},\"datePublished\":\"2023-08-21T09:21:27+02:00\",\"dateModified\":\"2023-08-21T09:27:05+02:00\"},{\"@type\":\"WebSite\",\"@id\":\"https:\\\/\\\/www.immo-invest.ch\\\/it\\\/#website\",\"url\":\"https:\\\/\\\/www.immo-invest.ch\\\/it\\\/\",\"name\":\"immo!nvest - Die Plattform f\\u00fcr Standorte und Immobilien\",\"description\":\"Die\\u00a0Plattform f\\u00fcr Standorte und Immobilien\",\"inLanguage\":\"it-IT\",\"publisher\":{\"@id\":\"https:\\\/\\\/www.immo-invest.ch\\\/it\\\/#organization\"}}]}\n\t\t<\/script>\n\t\t<!-- All in One SEO -->\n\n","aioseo_head_json":{"title":"Schlieren continua a fare progressi con l\u2019espansione solare - immo!nvest - Die Plattform f\u00fcr Standorte und Immobilien","description":"Alla fine di agosto, la citt\u00e0 di Schlieren metter\u00e0 in funzione il pi\u00f9 grande impianto solare comunale presso il Centro per l'innovazione e i giovani imprenditori. L'elettricit\u00e0 generata sar\u00e0 utilizzata nello stesso luogo. Inoltre, da questo mese saranno disponibili sei nuove stazioni di ricarica per auto elettriche.","canonical_url":"https:\/\/www.immo-invest.ch\/it\/schlieren-geht-beim-solarausbau-weiter-voran\/","robots":"max-image-preview:large","keywords":"","webmasterTools":{"google-site-verification":"fHJKvgWpZCR2zVBHWfkQeFXC11qieUSff0HGNYfuyLA","miscellaneous":""},"schema":{"@context":"https:\/\/schema.org","@graph":[{"@type":"BlogPosting","@id":"https:\/\/www.immo-invest.ch\/it\/schlieren-geht-beim-solarausbau-weiter-voran\/#blogposting","name":"Schlieren continua a fare progressi con l\u2019espansione solare - immo!nvest - Die Plattform f\u00fcr Standorte und Immobilien","headline":"Schlieren continua a fare progressi con l&#8217;espansione solare","author":{"@id":"https:\/\/www.immo-invest.ch\/it\/author\/immovestuser\/#author"},"publisher":{"@id":"https:\/\/www.immo-invest.ch\/it\/#organization"},"image":{"@type":"ImageObject","url":"https:\/\/www.immo-invest.ch\/wp-content\/uploads\/2023\/08\/Solar_2-scaled.jpg","width":2560,"height":1705},"datePublished":"2023-08-21T09:21:27+02:00","dateModified":"2023-08-21T09:27:05+02:00","inLanguage":"it-IT","mainEntityOfPage":{"@id":"https:\/\/www.immo-invest.ch\/it\/schlieren-geht-beim-solarausbau-weiter-voran\/#webpage"},"isPartOf":{"@id":"https:\/\/www.immo-invest.ch\/it\/schlieren-geht-beim-solarausbau-weiter-voran\/#webpage"},"articleSection":"Energia, immoNews, E-Auto, Eigenverbrauch, ErneuerbareEnergien, Innovation, ladestation, Photovoltaikanlage, Solaranlage, Optional"},{"@type":"BreadcrumbList","@id":"https:\/\/www.immo-invest.ch\/it\/schlieren-geht-beim-solarausbau-weiter-voran\/#breadcrumblist","itemListElement":[{"@type":"ListItem","@id":"https:\/\/www.immo-invest.ch\/it\/#listItem","position":1,"name":"Home","item":"https:\/\/www.immo-invest.ch\/it\/","nextItem":{"@type":"ListItem","@id":"https:\/\/www.immo-invest.ch\/it\/categoria\/immonews-it\/#listItem","name":"immoNews"}},{"@type":"ListItem","@id":"https:\/\/www.immo-invest.ch\/it\/categoria\/immonews-it\/#listItem","position":2,"name":"immoNews","item":"https:\/\/www.immo-invest.ch\/it\/categoria\/immonews-it\/","nextItem":{"@type":"ListItem","@id":"https:\/\/www.immo-invest.ch\/it\/schlieren-geht-beim-solarausbau-weiter-voran\/#listItem","name":"Schlieren continua a fare progressi con l&#8217;espansione solare"},"previousItem":{"@type":"ListItem","@id":"https:\/\/www.immo-invest.ch\/it\/#listItem","name":"Home"}},{"@type":"ListItem","@id":"https:\/\/www.immo-invest.ch\/it\/schlieren-geht-beim-solarausbau-weiter-voran\/#listItem","position":3,"name":"Schlieren continua a fare progressi con l&#8217;espansione solare","previousItem":{"@type":"ListItem","@id":"https:\/\/www.immo-invest.ch\/it\/categoria\/immonews-it\/#listItem","name":"immoNews"}}]},{"@type":"Organization","@id":"https:\/\/www.immo-invest.ch\/it\/#organization","name":"immo!nvest - Die Plattform f\u00fcr Standorte und Immobilien","description":"Die\u00a0Plattform f\u00fcr Standorte und Immobilien","url":"https:\/\/www.immo-invest.ch\/it\/","email":"admin@immomedia.ag","telephone":"+41444420002","logo":{"@type":"ImageObject","url":"https:\/\/www.immo-invest.ch\/wp-content\/uploads\/2024\/09\/immoinvest_sm-scaled.jpg","@id":"https:\/\/www.immo-invest.ch\/it\/schlieren-geht-beim-solarausbau-weiter-voran\/#organizationLogo","width":2560,"height":1340},"image":{"@id":"https:\/\/www.immo-invest.ch\/it\/schlieren-geht-beim-solarausbau-weiter-voran\/#organizationLogo"},"sameAs":["https:\/\/www.facebook.com\/people\/Immoinvest\/100077962920504\/","https:\/\/x.com\/i\/flow\/login?redirect_after_login=immoinvest_ch","https:\/\/www.instagram.com\/immoinvest_ch\/","https:\/\/www.linkedin.com\/company\/immoinvest-swiss"]},{"@type":"Person","@id":"https:\/\/www.immo-invest.ch\/it\/author\/immovestuser\/#author","url":"https:\/\/www.immo-invest.ch\/it\/author\/immovestuser\/","name":"immovestuser","image":{"@type":"ImageObject","@id":"https:\/\/www.immo-invest.ch\/it\/schlieren-geht-beim-solarausbau-weiter-voran\/#authorImage","url":"https:\/\/secure.gravatar.com\/avatar\/8e01f4d99f2eeea7a362ebb93305e1172a70e9293ba250f897a65c39f54cdd1e?s=96&d=mm&r=g","width":96,"height":96,"caption":"immovestuser"}},{"@type":"WebPage","@id":"https:\/\/www.immo-invest.ch\/it\/schlieren-geht-beim-solarausbau-weiter-voran\/#webpage","url":"https:\/\/www.immo-invest.ch\/it\/schlieren-geht-beim-solarausbau-weiter-voran\/","name":"Schlieren continua a fare progressi con l\u2019espansione solare - immo!nvest - Die Plattform f\u00fcr Standorte und Immobilien","description":"Alla fine di agosto, la citt\u00e0 di Schlieren metter\u00e0 in funzione il pi\u00f9 grande impianto solare comunale presso il Centro per l'innovazione e i giovani imprenditori. L'elettricit\u00e0 generata sar\u00e0 utilizzata nello stesso luogo. Inoltre, da questo mese saranno disponibili sei nuove stazioni di ricarica per auto elettriche.","inLanguage":"it-IT","isPartOf":{"@id":"https:\/\/www.immo-invest.ch\/it\/#website"},"breadcrumb":{"@id":"https:\/\/www.immo-invest.ch\/it\/schlieren-geht-beim-solarausbau-weiter-voran\/#breadcrumblist"},"author":{"@id":"https:\/\/www.immo-invest.ch\/it\/author\/immovestuser\/#author"},"creator":{"@id":"https:\/\/www.immo-invest.ch\/it\/author\/immovestuser\/#author"},"image":{"@type":"ImageObject","url":"https:\/\/www.immo-invest.ch\/wp-content\/uploads\/2023\/08\/Solar_2-scaled.jpg","@id":"https:\/\/www.immo-invest.ch\/it\/schlieren-geht-beim-solarausbau-weiter-voran\/#mainImage","width":2560,"height":1705},"primaryImageOfPage":{"@id":"https:\/\/www.immo-invest.ch\/it\/schlieren-geht-beim-solarausbau-weiter-voran\/#mainImage"},"datePublished":"2023-08-21T09:21:27+02:00","dateModified":"2023-08-21T09:27:05+02:00"},{"@type":"WebSite","@id":"https:\/\/www.immo-invest.ch\/it\/#website","url":"https:\/\/www.immo-invest.ch\/it\/","name":"immo!nvest - Die Plattform f\u00fcr Standorte und Immobilien","description":"Die\u00a0Plattform f\u00fcr Standorte und Immobilien","inLanguage":"it-IT","publisher":{"@id":"https:\/\/www.immo-invest.ch\/it\/#organization"}}]},"og:locale":"it_IT","og:site_name":"immo!nvest - Die Plattform f\u00fcr Standorte und Immobilien - Die\u00a0Plattform f\u00fcr Standorte und Immobilien","og:type":"article","og:title":"Schlieren continua a fare progressi con l\u2019espansione solare - immo!nvest - Die Plattform f\u00fcr Standorte und Immobilien","og:description":"Alla fine di agosto, la citt\u00e0 di Schlieren metter\u00e0 in funzione il pi\u00f9 grande impianto solare comunale presso il Centro per l'innovazione e i giovani imprenditori. L'elettricit\u00e0 generata sar\u00e0 utilizzata nello stesso luogo. Inoltre, da questo mese saranno disponibili sei nuove stazioni di ricarica per auto elettriche.","og:url":"https:\/\/www.immo-invest.ch\/it\/schlieren-geht-beim-solarausbau-weiter-voran\/","og:image":"https:\/\/www.immo-invest.ch\/wp-content\/uploads\/2023\/08\/Solar_2-scaled.jpg","og:image:secure_url":"https:\/\/www.immo-invest.ch\/wp-content\/uploads\/2023\/08\/Solar_2-scaled.jpg","og:image:width":2560,"og:image:height":1705,"article:published_time":"2023-08-21T07:21:27+00:00","article:modified_time":"2023-08-21T07:27:05+00:00","article:publisher":"https:\/\/www.facebook.com\/people\/Immoinvest\/100077962920504\/","twitter:card":"summary_large_image","twitter:site":"@i","twitter:title":"Schlieren continua a fare progressi con l\u2019espansione solare - immo!nvest - Die Plattform f\u00fcr Standorte und Immobilien","twitter:description":"Alla fine di agosto, la citt\u00e0 di Schlieren metter\u00e0 in funzione il pi\u00f9 grande impianto solare comunale presso il Centro per l'innovazione e i giovani imprenditori. L'elettricit\u00e0 generata sar\u00e0 utilizzata nello stesso luogo. Inoltre, da questo mese saranno disponibili sei nuove stazioni di ricarica per auto elettriche.","twitter:creator":"@i","twitter:image":"https:\/\/www.immo-invest.ch\/wp-content\/uploads\/2023\/08\/Solar_2-scaled.jpg"},"aioseo_meta_data":{"post_id":"62139","title":null,"description":null,"keywords":null,"keyphrases":null,"primary_term":null,"canonical_url":null,"og_title":null,"og_description":null,"og_object_type":"default","og_image_type":"default","og_image_url":null,"og_image_width":null,"og_image_height":null,"og_image_custom_url":null,"og_image_custom_fields":null,"og_video":null,"og_custom_url":null,"og_article_section":null,"og_article_tags":null,"twitter_use_og":false,"twitter_card":"default","twitter_image_type":"default","twitter_image_url":null,"twitter_image_custom_url":null,"twitter_image_custom_fields":null,"twitter_title":null,"twitter_description":null,"schema":{"blockGraphs":[],"customGraphs":[],"default":{"data":{"Article":[],"Course":[],"Dataset":[],"FAQPage":[],"Movie":[],"Person":[],"Product":[],"ProductReview":[],"Car":[],"Recipe":[],"Service":[],"SoftwareApplication":[],"WebPage":[]},"graphName":"","isEnabled":true},"graphs":[]},"schema_type":"default","schema_type_options":null,"pillar_content":false,"robots_default":true,"robots_noindex":false,"robots_noarchive":false,"robots_nosnippet":false,"robots_nofollow":false,"robots_noimageindex":false,"robots_noodp":false,"robots_notranslate":false,"robots_max_snippet":null,"robots_max_videopreview":null,"robots_max_imagepreview":"large","priority":null,"frequency":null,"local_seo":null,"breadcrumb_settings":null,"limit_modified_date":false,"ai":null,"created":"2024-09-20 08:34:05","updated":"2025-10-23 14:26:13","seo_analyzer_scan_date":null,"focus_keyword":null,"additional_keywords":null,"truseo_locale":null},"aioseo_breadcrumb":"<div class=\"aioseo-breadcrumbs\"><span class=\"aioseo-breadcrumb\">\n\t\t\t<a href=\"https:\/\/www.immo-invest.ch\/it\/\" title=\"Home\">Home<\/a>\n\t\t<\/span><span class=\"aioseo-breadcrumb-separator\">&raquo;<\/span><span class=\"aioseo-breadcrumb\">\n\t\t\t<a href=\"https:\/\/www.immo-invest.ch\/it\/categoria\/immonews-it\/\" title=\"immoNews\">immoNews<\/a>\n\t\t<\/span><span class=\"aioseo-breadcrumb-separator\">&raquo;<\/span><span class=\"aioseo-breadcrumb\">\n\t\t\tSchlieren continua a fare progressi con l\u2019espansione solare\n\t\t<\/span><\/div>","aioseo_breadcrumb_json":[{"label":"Home","link":"https:\/\/www.immo-invest.ch\/it\/"},{"label":"immoNews","link":"https:\/\/www.immo-invest.ch\/it\/categoria\/immonews-it\/"},{"label":"Schlieren continua a fare progressi con l&#8217;espansione solare","link":"https:\/\/www.immo-invest.ch\/it\/schlieren-geht-beim-solarausbau-weiter-voran\/"}],"featured_image_src":"https:\/\/www.immo-invest.ch\/wp-content\/uploads\/2023\/08\/Solar_2-336x168.jpg","_links":{"self":[{"href":"https:\/\/www.immo-invest.ch\/it\/wp-json\/wp\/v2\/posts\/62139","targetHints":{"allow":["GET"]}}],"collection":[{"href":"https:\/\/www.immo-invest.ch\/it\/wp-json\/wp\/v2\/posts"}],"about":[{"href":"https:\/\/www.immo-invest.ch\/it\/wp-json\/wp\/v2\/types\/post"}],"author":[{"embeddable":true,"href":"https:\/\/www.immo-invest.ch\/it\/wp-json\/wp\/v2\/users\/2"}],"replies":[{"embeddable":true,"href":"https:\/\/www.immo-invest.ch\/it\/wp-json\/wp\/v2\/comments?post=62139"}],"version-history":[{"count":0,"href":"https:\/\/www.immo-invest.ch\/it\/wp-json\/wp\/v2\/posts\/62139\/revisions"}],"wp:featuredmedia":[{"embeddable":true,"href":"https:\/\/www.immo-invest.ch\/it\/wp-json\/wp\/v2\/media\/61027"}],"wp:attachment":[{"href":"https:\/\/www.immo-invest.ch\/it\/wp-json\/wp\/v2\/media?parent=62139"}],"wp:term":[{"taxonomy":"category","embeddable":true,"href":"https:\/\/www.immo-invest.ch\/it\/wp-json\/wp\/v2\/categories?post=62139"},{"taxonomy":"post_tag","embeddable":true,"href":"https:\/\/www.immo-invest.ch\/it\/wp-json\/wp\/v2\/tags?post=62139"}],"curies":[{"name":"wp","href":"https:\/\/api.w.org\/{rel}","templated":true}]}}