{"id":61547,"date":"2023-08-08T09:43:00","date_gmt":"2023-08-08T07:43:00","guid":{"rendered":"https:\/\/www.immo-invest.ch\/amag-nimmt-zweite-photovoltaikanlage-in-cham-in-betrieb\/"},"modified":"2023-08-09T10:02:46","modified_gmt":"2023-08-09T08:02:46","slug":"amag-nimmt-zweite-photovoltaikanlage-in-cham-in-betrieb","status":"publish","type":"post","link":"https:\/\/www.immo-invest.ch\/it\/amag-nimmt-zweite-photovoltaikanlage-in-cham-in-betrieb\/","title":{"rendered":"AMAG avvia il secondo impianto fotovoltaico a Cham"},"content":{"rendered":"<p class=\"bodytext\"><a href=\"http:\/\/www.amag.ch\" target=\"_blank\" rel=\"noopener\">AMAG<\/a> ha collegato alla rete elettrica locale il secondo impianto solare sul tetto del proprio parcheggio in Alte Steinhauserstrasse 5 a Cham. Secondo un <a href=\"http:\/\/www.amagpress.ch\/press\/photovoltaikanlage-auf-dem-parkhaus-amag-cham-betrieb-genommen\" target=\"_blank\" rel=\"noopener\">comunicato stampa<\/a> della concessionaria, sono stati installati oltre 786 moduli solari su una superficie di 1599 metri quadrati. Questo potrebbe generare 320.000 chilowattora di elettricit&agrave; all&rsquo;anno.<\/p>\n<p class=\"bodytext\">Il parcheggio pubblico &egrave; gestito da <a href=\"http:\/\/www.parking.amag.ch\/de.html\" target=\"_blank\" rel=\"noopener\">AMAG Parking AG<\/a>. Con l&rsquo;attivazione della struttura, il Gruppo AMAG continua a lavorare sull&rsquo;implementazione della sua strategia di sostenibilit&agrave; e clima. Nel giugno 2023, la concessionaria aveva commissionato un impianto fotovoltaico sul tetto di AMAG Zug. In questo caso, l&rsquo;elettricit&agrave; &egrave; destinata a coprire il fabbisogno di AMAG. L&rsquo;eventuale produzione in eccesso sar&agrave; immessa nella rete elettrica pubblica.<\/p>\n<p class=\"bodytext\">Entro il 2025, 75.000 metri quadrati dei tetti degli stabilimenti AMAG saranno dotati di pannelli solari. Negli ultimi anni, il Gruppo AMAG ha gradualmente ampliato le sue capacit&agrave; solari. Questo ha portato all&rsquo;installazione di sistemi corrispondenti sui tetti di numerosi stabilimenti.<\/p>\n","protected":false},"excerpt":{"rendered":"<p>AMAG ha installato il secondo impianto fotovoltaico a Cham sul tetto del parcheggio pubblico AMAG. Come per il sito AMAG di Zugo, che sar\u00e0 inaugurato nel giugno 2023, l&#8217;elettricit\u00e0 sar\u00e0 prodotta per uso proprio o immessa nella rete pubblica.<\/p>\n","protected":false},"author":2,"featured_media":60087,"comment_status":"open","ping_status":"open","sticky":false,"template":"","format":"standard","meta":{"pmpro_default_level":"0","inline_featured_image":false,"_monsterinsights_skip_tracking":false,"footnotes":""},"categories":[8750,745,22700],"tags":[7042,33935,41330,2158,868,1680,884,4986],"class_list":["post-61547","post","type-post","status-publish","format-standard","has-post-thumbnail","hentry","category-energia","category-immonews-it","category-sostenibilita","tag-amag-it","tag-autohaendler-it","tag-daecher-it","tag-erneuerbareenergien-it","tag-photovoltaik-it","tag-solaranlage-it","tag-strom-it","tag-stromnetz-it","pmpro-has-access"],"acf":{"bild_mit_ki_erstellt_worden":[],"lead":"AMAG ha installato il secondo impianto fotovoltaico a Cham sul tetto del parcheggio pubblico AMAG. Come per il sito AMAG di Zugo, che sar\u00e0 inaugurato nel giugno 2023, l'elettricit\u00e0 sar\u00e0 prodotta per uso proprio o immessa nella rete pubblica.","autor":"ce\/heg","ort":"Cham ZG","bildunterschrift":"","bild_im_grid":false,"gallerie":"","newsim":""},"aioseo_notices":[],"aioseo_head":"\n\t\t<!-- All in One SEO 5.0.1.1 - aioseo.com -->\n\t<meta name=\"description\" content=\"AMAG ha installato il secondo impianto fotovoltaico a Cham sul tetto del parcheggio pubblico AMAG. Come per il sito AMAG di Zugo, che sar\u00e0 inaugurato nel giugno 2023, l&#039;elettricit\u00e0 sar\u00e0 prodotta per uso proprio o immessa nella rete pubblica.\" \/>\n\t<meta name=\"robots\" content=\"max-image-preview:large\" \/>\n\t<meta name=\"author\" content=\"immovestuser\"\/>\n\t<meta name=\"google-site-verification\" content=\"fHJKvgWpZCR2zVBHWfkQeFXC11qieUSff0HGNYfuyLA\" \/>\n\t<link rel=\"canonical\" href=\"https:\/\/www.immo-invest.ch\/it\/amag-nimmt-zweite-photovoltaikanlage-in-cham-in-betrieb\/\" \/>\n\t<meta name=\"generator\" content=\"All in One SEO (AIOSEO) 5.0.1.1\" \/>\n\t\t<meta property=\"og:locale\" content=\"it_IT\" \/>\n\t\t<meta property=\"og:site_name\" content=\"immo!nvest - Die Plattform f\u00fcr Standorte und Immobilien - Die\u00a0Plattform f\u00fcr Standorte und Immobilien\" \/>\n\t\t<meta property=\"og:type\" content=\"article\" \/>\n\t\t<meta property=\"og:title\" content=\"AMAG avvia il secondo impianto fotovoltaico a Cham - immo!nvest - Die Plattform f\u00fcr Standorte und Immobilien\" \/>\n\t\t<meta property=\"og:description\" content=\"AMAG ha installato il secondo impianto fotovoltaico a Cham sul tetto del parcheggio pubblico AMAG. Come per il sito AMAG di Zugo, che sar\u00e0 inaugurato nel giugno 2023, l&#039;elettricit\u00e0 sar\u00e0 prodotta per uso proprio o immessa nella rete pubblica.\" \/>\n\t\t<meta property=\"og:url\" content=\"https:\/\/www.immo-invest.ch\/it\/amag-nimmt-zweite-photovoltaikanlage-in-cham-in-betrieb\/\" \/>\n\t\t<meta property=\"og:image\" content=\"https:\/\/www.immo-invest.ch\/wp-content\/uploads\/2023\/07\/immo-invest_Photovoltaics_up_on_previous_year_statistics_curve_up.png\" \/>\n\t\t<meta property=\"og:image:secure_url\" content=\"https:\/\/www.immo-invest.ch\/wp-content\/uploads\/2023\/07\/immo-invest_Photovoltaics_up_on_previous_year_statistics_curve_up.png\" \/>\n\t\t<meta property=\"og:image:width\" content=\"1536\" \/>\n\t\t<meta property=\"og:image:height\" content=\"768\" \/>\n\t\t<meta property=\"article:published_time\" content=\"2023-08-08T07:43:00+00:00\" \/>\n\t\t<meta property=\"article:modified_time\" content=\"2023-08-09T08:02:46+00:00\" \/>\n\t\t<meta property=\"article:publisher\" content=\"https:\/\/www.facebook.com\/people\/Immoinvest\/100077962920504\/\" \/>\n\t\t<meta name=\"twitter:card\" content=\"summary_large_image\" \/>\n\t\t<meta name=\"twitter:site\" content=\"@i\" \/>\n\t\t<meta name=\"twitter:title\" content=\"AMAG avvia il secondo impianto fotovoltaico a Cham - immo!nvest - Die Plattform f\u00fcr Standorte und Immobilien\" \/>\n\t\t<meta name=\"twitter:description\" content=\"AMAG ha installato il secondo impianto fotovoltaico a Cham sul tetto del parcheggio pubblico AMAG. Come per il sito AMAG di Zugo, che sar\u00e0 inaugurato nel giugno 2023, l&#039;elettricit\u00e0 sar\u00e0 prodotta per uso proprio o immessa nella rete pubblica.\" \/>\n\t\t<meta name=\"twitter:creator\" content=\"@i\" \/>\n\t\t<meta name=\"twitter:image\" content=\"https:\/\/www.immo-invest.ch\/wp-content\/uploads\/2023\/07\/immo-invest_Photovoltaics_up_on_previous_year_statistics_curve_up.png\" \/>\n\t\t<script type=\"application\/ld+json\" class=\"aioseo-schema\">\n\t\t\t{\"@context\":\"https:\\\/\\\/schema.org\",\"@graph\":[{\"@type\":\"BlogPosting\",\"@id\":\"https:\\\/\\\/www.immo-invest.ch\\\/it\\\/amag-nimmt-zweite-photovoltaikanlage-in-cham-in-betrieb\\\/#blogposting\",\"name\":\"AMAG avvia il secondo impianto fotovoltaico a Cham - immo!nvest - Die Plattform f\\u00fcr Standorte und Immobilien\",\"headline\":\"AMAG avvia il secondo impianto fotovoltaico a Cham\",\"author\":{\"@id\":\"https:\\\/\\\/www.immo-invest.ch\\\/it\\\/author\\\/immovestuser\\\/#author\"},\"publisher\":{\"@id\":\"https:\\\/\\\/www.immo-invest.ch\\\/it\\\/#organization\"},\"image\":{\"@type\":\"ImageObject\",\"url\":\"https:\\\/\\\/www.immo-invest.ch\\\/wp-content\\\/uploads\\\/2023\\\/07\\\/immo-invest_Photovoltaics_up_on_previous_year_statistics_curve_up.png\",\"width\":1536,\"height\":768},\"datePublished\":\"2023-08-08T09:43:00+02:00\",\"dateModified\":\"2023-08-09T10:02:46+02:00\",\"inLanguage\":\"it-IT\",\"mainEntityOfPage\":{\"@id\":\"https:\\\/\\\/www.immo-invest.ch\\\/it\\\/amag-nimmt-zweite-photovoltaikanlage-in-cham-in-betrieb\\\/#webpage\"},\"isPartOf\":{\"@id\":\"https:\\\/\\\/www.immo-invest.ch\\\/it\\\/amag-nimmt-zweite-photovoltaikanlage-in-cham-in-betrieb\\\/#webpage\"},\"articleSection\":\"Energia, immoNews, Sostenibilit\\u00e0, AMAG, Autoh\\u00e4ndler, D\\u00e4cher, ErneuerbareEnergien, Photovoltaik, Solaranlage, Strom, Stromnetz, Optional\"},{\"@type\":\"BreadcrumbList\",\"@id\":\"https:\\\/\\\/www.immo-invest.ch\\\/it\\\/amag-nimmt-zweite-photovoltaikanlage-in-cham-in-betrieb\\\/#breadcrumblist\",\"itemListElement\":[{\"@type\":\"ListItem\",\"@id\":\"https:\\\/\\\/www.immo-invest.ch\\\/it\\\/#listItem\",\"position\":1,\"name\":\"Home\",\"item\":\"https:\\\/\\\/www.immo-invest.ch\\\/it\\\/\",\"nextItem\":{\"@type\":\"ListItem\",\"@id\":\"https:\\\/\\\/www.immo-invest.ch\\\/it\\\/categoria\\\/trends-it\\\/#listItem\",\"name\":\"Trends\"}},{\"@type\":\"ListItem\",\"@id\":\"https:\\\/\\\/www.immo-invest.ch\\\/it\\\/categoria\\\/trends-it\\\/#listItem\",\"position\":2,\"name\":\"Trends\",\"item\":\"https:\\\/\\\/www.immo-invest.ch\\\/it\\\/categoria\\\/trends-it\\\/\",\"nextItem\":{\"@type\":\"ListItem\",\"@id\":\"https:\\\/\\\/www.immo-invest.ch\\\/it\\\/categoria\\\/trends-it\\\/sostenibilita\\\/#listItem\",\"name\":\"Sostenibilit\\u00e0\"},\"previousItem\":{\"@type\":\"ListItem\",\"@id\":\"https:\\\/\\\/www.immo-invest.ch\\\/it\\\/#listItem\",\"name\":\"Home\"}},{\"@type\":\"ListItem\",\"@id\":\"https:\\\/\\\/www.immo-invest.ch\\\/it\\\/categoria\\\/trends-it\\\/sostenibilita\\\/#listItem\",\"position\":3,\"name\":\"Sostenibilit\\u00e0\",\"item\":\"https:\\\/\\\/www.immo-invest.ch\\\/it\\\/categoria\\\/trends-it\\\/sostenibilita\\\/\",\"nextItem\":{\"@type\":\"ListItem\",\"@id\":\"https:\\\/\\\/www.immo-invest.ch\\\/it\\\/amag-nimmt-zweite-photovoltaikanlage-in-cham-in-betrieb\\\/#listItem\",\"name\":\"AMAG avvia il secondo impianto fotovoltaico a Cham\"},\"previousItem\":{\"@type\":\"ListItem\",\"@id\":\"https:\\\/\\\/www.immo-invest.ch\\\/it\\\/categoria\\\/trends-it\\\/#listItem\",\"name\":\"Trends\"}},{\"@type\":\"ListItem\",\"@id\":\"https:\\\/\\\/www.immo-invest.ch\\\/it\\\/amag-nimmt-zweite-photovoltaikanlage-in-cham-in-betrieb\\\/#listItem\",\"position\":4,\"name\":\"AMAG avvia il secondo impianto fotovoltaico a Cham\",\"previousItem\":{\"@type\":\"ListItem\",\"@id\":\"https:\\\/\\\/www.immo-invest.ch\\\/it\\\/categoria\\\/trends-it\\\/sostenibilita\\\/#listItem\",\"name\":\"Sostenibilit\\u00e0\"}}]},{\"@type\":\"Organization\",\"@id\":\"https:\\\/\\\/www.immo-invest.ch\\\/it\\\/#organization\",\"name\":\"immo!nvest - Die Plattform f\\u00fcr Standorte und Immobilien\",\"description\":\"Die\\u00a0Plattform f\\u00fcr Standorte und Immobilien\",\"url\":\"https:\\\/\\\/www.immo-invest.ch\\\/it\\\/\",\"email\":\"admin@immomedia.ag\",\"telephone\":\"+41444420002\",\"logo\":{\"@type\":\"ImageObject\",\"url\":\"https:\\\/\\\/www.immo-invest.ch\\\/wp-content\\\/uploads\\\/2024\\\/09\\\/immoinvest_sm-scaled.jpg\",\"@id\":\"https:\\\/\\\/www.immo-invest.ch\\\/it\\\/amag-nimmt-zweite-photovoltaikanlage-in-cham-in-betrieb\\\/#organizationLogo\",\"width\":2560,\"height\":1340},\"image\":{\"@id\":\"https:\\\/\\\/www.immo-invest.ch\\\/it\\\/amag-nimmt-zweite-photovoltaikanlage-in-cham-in-betrieb\\\/#organizationLogo\"},\"sameAs\":[\"https:\\\/\\\/www.facebook.com\\\/people\\\/Immoinvest\\\/100077962920504\\\/\",\"https:\\\/\\\/x.com\\\/i\\\/flow\\\/login?redirect_after_login=immoinvest_ch\",\"https:\\\/\\\/www.instagram.com\\\/immoinvest_ch\\\/\",\"https:\\\/\\\/www.linkedin.com\\\/company\\\/immoinvest-swiss\"]},{\"@type\":\"Person\",\"@id\":\"https:\\\/\\\/www.immo-invest.ch\\\/it\\\/author\\\/immovestuser\\\/#author\",\"url\":\"https:\\\/\\\/www.immo-invest.ch\\\/it\\\/author\\\/immovestuser\\\/\",\"name\":\"immovestuser\",\"image\":{\"@type\":\"ImageObject\",\"@id\":\"https:\\\/\\\/www.immo-invest.ch\\\/it\\\/amag-nimmt-zweite-photovoltaikanlage-in-cham-in-betrieb\\\/#authorImage\",\"url\":\"https:\\\/\\\/secure.gravatar.com\\\/avatar\\\/8e01f4d99f2eeea7a362ebb93305e1172a70e9293ba250f897a65c39f54cdd1e?s=96&d=mm&r=g\",\"width\":96,\"height\":96,\"caption\":\"immovestuser\"}},{\"@type\":\"WebPage\",\"@id\":\"https:\\\/\\\/www.immo-invest.ch\\\/it\\\/amag-nimmt-zweite-photovoltaikanlage-in-cham-in-betrieb\\\/#webpage\",\"url\":\"https:\\\/\\\/www.immo-invest.ch\\\/it\\\/amag-nimmt-zweite-photovoltaikanlage-in-cham-in-betrieb\\\/\",\"name\":\"AMAG avvia il secondo impianto fotovoltaico a Cham - immo!nvest - Die Plattform f\\u00fcr Standorte und Immobilien\",\"description\":\"AMAG ha installato il secondo impianto fotovoltaico a Cham sul tetto del parcheggio pubblico AMAG. Come per il sito AMAG di Zugo, che sar\\u00e0 inaugurato nel giugno 2023, l'elettricit\\u00e0 sar\\u00e0 prodotta per uso proprio o immessa nella rete pubblica.\",\"inLanguage\":\"it-IT\",\"isPartOf\":{\"@id\":\"https:\\\/\\\/www.immo-invest.ch\\\/it\\\/#website\"},\"breadcrumb\":{\"@id\":\"https:\\\/\\\/www.immo-invest.ch\\\/it\\\/amag-nimmt-zweite-photovoltaikanlage-in-cham-in-betrieb\\\/#breadcrumblist\"},\"author\":{\"@id\":\"https:\\\/\\\/www.immo-invest.ch\\\/it\\\/author\\\/immovestuser\\\/#author\"},\"creator\":{\"@id\":\"https:\\\/\\\/www.immo-invest.ch\\\/it\\\/author\\\/immovestuser\\\/#author\"},\"image\":{\"@type\":\"ImageObject\",\"url\":\"https:\\\/\\\/www.immo-invest.ch\\\/wp-content\\\/uploads\\\/2023\\\/07\\\/immo-invest_Photovoltaics_up_on_previous_year_statistics_curve_up.png\",\"@id\":\"https:\\\/\\\/www.immo-invest.ch\\\/it\\\/amag-nimmt-zweite-photovoltaikanlage-in-cham-in-betrieb\\\/#mainImage\",\"width\":1536,\"height\":768},\"primaryImageOfPage\":{\"@id\":\"https:\\\/\\\/www.immo-invest.ch\\\/it\\\/amag-nimmt-zweite-photovoltaikanlage-in-cham-in-betrieb\\\/#mainImage\"},\"datePublished\":\"2023-08-08T09:43:00+02:00\",\"dateModified\":\"2023-08-09T10:02:46+02:00\"},{\"@type\":\"WebSite\",\"@id\":\"https:\\\/\\\/www.immo-invest.ch\\\/it\\\/#website\",\"url\":\"https:\\\/\\\/www.immo-invest.ch\\\/it\\\/\",\"name\":\"immo!nvest - Die Plattform f\\u00fcr Standorte und Immobilien\",\"description\":\"Die\\u00a0Plattform f\\u00fcr Standorte und Immobilien\",\"inLanguage\":\"it-IT\",\"publisher\":{\"@id\":\"https:\\\/\\\/www.immo-invest.ch\\\/it\\\/#organization\"}}]}\n\t\t<\/script>\n\t\t<!-- All in One SEO -->\n\n","aioseo_head_json":{"title":"AMAG avvia il secondo impianto fotovoltaico a Cham - immo!nvest - Die Plattform f\u00fcr Standorte und Immobilien","description":"AMAG ha installato il secondo impianto fotovoltaico a Cham sul tetto del parcheggio pubblico AMAG. Come per il sito AMAG di Zugo, che sar\u00e0 inaugurato nel giugno 2023, l'elettricit\u00e0 sar\u00e0 prodotta per uso proprio o immessa nella rete pubblica.","canonical_url":"https:\/\/www.immo-invest.ch\/it\/amag-nimmt-zweite-photovoltaikanlage-in-cham-in-betrieb\/","robots":"max-image-preview:large","keywords":"","webmasterTools":{"google-site-verification":"fHJKvgWpZCR2zVBHWfkQeFXC11qieUSff0HGNYfuyLA","miscellaneous":""},"schema":{"@context":"https:\/\/schema.org","@graph":[{"@type":"BlogPosting","@id":"https:\/\/www.immo-invest.ch\/it\/amag-nimmt-zweite-photovoltaikanlage-in-cham-in-betrieb\/#blogposting","name":"AMAG avvia il secondo impianto fotovoltaico a Cham - immo!nvest - Die Plattform f\u00fcr Standorte und Immobilien","headline":"AMAG avvia il secondo impianto fotovoltaico a Cham","author":{"@id":"https:\/\/www.immo-invest.ch\/it\/author\/immovestuser\/#author"},"publisher":{"@id":"https:\/\/www.immo-invest.ch\/it\/#organization"},"image":{"@type":"ImageObject","url":"https:\/\/www.immo-invest.ch\/wp-content\/uploads\/2023\/07\/immo-invest_Photovoltaics_up_on_previous_year_statistics_curve_up.png","width":1536,"height":768},"datePublished":"2023-08-08T09:43:00+02:00","dateModified":"2023-08-09T10:02:46+02:00","inLanguage":"it-IT","mainEntityOfPage":{"@id":"https:\/\/www.immo-invest.ch\/it\/amag-nimmt-zweite-photovoltaikanlage-in-cham-in-betrieb\/#webpage"},"isPartOf":{"@id":"https:\/\/www.immo-invest.ch\/it\/amag-nimmt-zweite-photovoltaikanlage-in-cham-in-betrieb\/#webpage"},"articleSection":"Energia, immoNews, Sostenibilit\u00e0, AMAG, Autoh\u00e4ndler, D\u00e4cher, ErneuerbareEnergien, Photovoltaik, Solaranlage, Strom, Stromnetz, Optional"},{"@type":"BreadcrumbList","@id":"https:\/\/www.immo-invest.ch\/it\/amag-nimmt-zweite-photovoltaikanlage-in-cham-in-betrieb\/#breadcrumblist","itemListElement":[{"@type":"ListItem","@id":"https:\/\/www.immo-invest.ch\/it\/#listItem","position":1,"name":"Home","item":"https:\/\/www.immo-invest.ch\/it\/","nextItem":{"@type":"ListItem","@id":"https:\/\/www.immo-invest.ch\/it\/categoria\/trends-it\/#listItem","name":"Trends"}},{"@type":"ListItem","@id":"https:\/\/www.immo-invest.ch\/it\/categoria\/trends-it\/#listItem","position":2,"name":"Trends","item":"https:\/\/www.immo-invest.ch\/it\/categoria\/trends-it\/","nextItem":{"@type":"ListItem","@id":"https:\/\/www.immo-invest.ch\/it\/categoria\/trends-it\/sostenibilita\/#listItem","name":"Sostenibilit\u00e0"},"previousItem":{"@type":"ListItem","@id":"https:\/\/www.immo-invest.ch\/it\/#listItem","name":"Home"}},{"@type":"ListItem","@id":"https:\/\/www.immo-invest.ch\/it\/categoria\/trends-it\/sostenibilita\/#listItem","position":3,"name":"Sostenibilit\u00e0","item":"https:\/\/www.immo-invest.ch\/it\/categoria\/trends-it\/sostenibilita\/","nextItem":{"@type":"ListItem","@id":"https:\/\/www.immo-invest.ch\/it\/amag-nimmt-zweite-photovoltaikanlage-in-cham-in-betrieb\/#listItem","name":"AMAG avvia il secondo impianto fotovoltaico a Cham"},"previousItem":{"@type":"ListItem","@id":"https:\/\/www.immo-invest.ch\/it\/categoria\/trends-it\/#listItem","name":"Trends"}},{"@type":"ListItem","@id":"https:\/\/www.immo-invest.ch\/it\/amag-nimmt-zweite-photovoltaikanlage-in-cham-in-betrieb\/#listItem","position":4,"name":"AMAG avvia il secondo impianto fotovoltaico a Cham","previousItem":{"@type":"ListItem","@id":"https:\/\/www.immo-invest.ch\/it\/categoria\/trends-it\/sostenibilita\/#listItem","name":"Sostenibilit\u00e0"}}]},{"@type":"Organization","@id":"https:\/\/www.immo-invest.ch\/it\/#organization","name":"immo!nvest - Die Plattform f\u00fcr Standorte und Immobilien","description":"Die\u00a0Plattform f\u00fcr Standorte und Immobilien","url":"https:\/\/www.immo-invest.ch\/it\/","email":"admin@immomedia.ag","telephone":"+41444420002","logo":{"@type":"ImageObject","url":"https:\/\/www.immo-invest.ch\/wp-content\/uploads\/2024\/09\/immoinvest_sm-scaled.jpg","@id":"https:\/\/www.immo-invest.ch\/it\/amag-nimmt-zweite-photovoltaikanlage-in-cham-in-betrieb\/#organizationLogo","width":2560,"height":1340},"image":{"@id":"https:\/\/www.immo-invest.ch\/it\/amag-nimmt-zweite-photovoltaikanlage-in-cham-in-betrieb\/#organizationLogo"},"sameAs":["https:\/\/www.facebook.com\/people\/Immoinvest\/100077962920504\/","https:\/\/x.com\/i\/flow\/login?redirect_after_login=immoinvest_ch","https:\/\/www.instagram.com\/immoinvest_ch\/","https:\/\/www.linkedin.com\/company\/immoinvest-swiss"]},{"@type":"Person","@id":"https:\/\/www.immo-invest.ch\/it\/author\/immovestuser\/#author","url":"https:\/\/www.immo-invest.ch\/it\/author\/immovestuser\/","name":"immovestuser","image":{"@type":"ImageObject","@id":"https:\/\/www.immo-invest.ch\/it\/amag-nimmt-zweite-photovoltaikanlage-in-cham-in-betrieb\/#authorImage","url":"https:\/\/secure.gravatar.com\/avatar\/8e01f4d99f2eeea7a362ebb93305e1172a70e9293ba250f897a65c39f54cdd1e?s=96&d=mm&r=g","width":96,"height":96,"caption":"immovestuser"}},{"@type":"WebPage","@id":"https:\/\/www.immo-invest.ch\/it\/amag-nimmt-zweite-photovoltaikanlage-in-cham-in-betrieb\/#webpage","url":"https:\/\/www.immo-invest.ch\/it\/amag-nimmt-zweite-photovoltaikanlage-in-cham-in-betrieb\/","name":"AMAG avvia il secondo impianto fotovoltaico a Cham - immo!nvest - Die Plattform f\u00fcr Standorte und Immobilien","description":"AMAG ha installato il secondo impianto fotovoltaico a Cham sul tetto del parcheggio pubblico AMAG. Come per il sito AMAG di Zugo, che sar\u00e0 inaugurato nel giugno 2023, l'elettricit\u00e0 sar\u00e0 prodotta per uso proprio o immessa nella rete pubblica.","inLanguage":"it-IT","isPartOf":{"@id":"https:\/\/www.immo-invest.ch\/it\/#website"},"breadcrumb":{"@id":"https:\/\/www.immo-invest.ch\/it\/amag-nimmt-zweite-photovoltaikanlage-in-cham-in-betrieb\/#breadcrumblist"},"author":{"@id":"https:\/\/www.immo-invest.ch\/it\/author\/immovestuser\/#author"},"creator":{"@id":"https:\/\/www.immo-invest.ch\/it\/author\/immovestuser\/#author"},"image":{"@type":"ImageObject","url":"https:\/\/www.immo-invest.ch\/wp-content\/uploads\/2023\/07\/immo-invest_Photovoltaics_up_on_previous_year_statistics_curve_up.png","@id":"https:\/\/www.immo-invest.ch\/it\/amag-nimmt-zweite-photovoltaikanlage-in-cham-in-betrieb\/#mainImage","width":1536,"height":768},"primaryImageOfPage":{"@id":"https:\/\/www.immo-invest.ch\/it\/amag-nimmt-zweite-photovoltaikanlage-in-cham-in-betrieb\/#mainImage"},"datePublished":"2023-08-08T09:43:00+02:00","dateModified":"2023-08-09T10:02:46+02:00"},{"@type":"WebSite","@id":"https:\/\/www.immo-invest.ch\/it\/#website","url":"https:\/\/www.immo-invest.ch\/it\/","name":"immo!nvest - Die Plattform f\u00fcr Standorte und Immobilien","description":"Die\u00a0Plattform f\u00fcr Standorte und Immobilien","inLanguage":"it-IT","publisher":{"@id":"https:\/\/www.immo-invest.ch\/it\/#organization"}}]},"og:locale":"it_IT","og:site_name":"immo!nvest - Die Plattform f\u00fcr Standorte und Immobilien - Die\u00a0Plattform f\u00fcr Standorte und Immobilien","og:type":"article","og:title":"AMAG avvia il secondo impianto fotovoltaico a Cham - immo!nvest - Die Plattform f\u00fcr Standorte und Immobilien","og:description":"AMAG ha installato il secondo impianto fotovoltaico a Cham sul tetto del parcheggio pubblico AMAG. Come per il sito AMAG di Zugo, che sar\u00e0 inaugurato nel giugno 2023, l'elettricit\u00e0 sar\u00e0 prodotta per uso proprio o immessa nella rete pubblica.","og:url":"https:\/\/www.immo-invest.ch\/it\/amag-nimmt-zweite-photovoltaikanlage-in-cham-in-betrieb\/","og:image":"https:\/\/www.immo-invest.ch\/wp-content\/uploads\/2023\/07\/immo-invest_Photovoltaics_up_on_previous_year_statistics_curve_up.png","og:image:secure_url":"https:\/\/www.immo-invest.ch\/wp-content\/uploads\/2023\/07\/immo-invest_Photovoltaics_up_on_previous_year_statistics_curve_up.png","og:image:width":1536,"og:image:height":768,"article:published_time":"2023-08-08T07:43:00+00:00","article:modified_time":"2023-08-09T08:02:46+00:00","article:publisher":"https:\/\/www.facebook.com\/people\/Immoinvest\/100077962920504\/","twitter:card":"summary_large_image","twitter:site":"@i","twitter:title":"AMAG avvia il secondo impianto fotovoltaico a Cham - immo!nvest - Die Plattform f\u00fcr Standorte und Immobilien","twitter:description":"AMAG ha installato il secondo impianto fotovoltaico a Cham sul tetto del parcheggio pubblico AMAG. Come per il sito AMAG di Zugo, che sar\u00e0 inaugurato nel giugno 2023, l'elettricit\u00e0 sar\u00e0 prodotta per uso proprio o immessa nella rete pubblica.","twitter:creator":"@i","twitter:image":"https:\/\/www.immo-invest.ch\/wp-content\/uploads\/2023\/07\/immo-invest_Photovoltaics_up_on_previous_year_statistics_curve_up.png"},"aioseo_meta_data":{"post_id":"61547","title":null,"description":null,"keywords":null,"keyphrases":null,"primary_term":null,"canonical_url":null,"og_title":null,"og_description":null,"og_object_type":"default","og_image_type":"default","og_image_url":null,"og_image_width":null,"og_image_height":null,"og_image_custom_url":null,"og_image_custom_fields":null,"og_video":null,"og_custom_url":null,"og_article_section":null,"og_article_tags":null,"twitter_use_og":false,"twitter_card":"default","twitter_image_type":"default","twitter_image_url":null,"twitter_image_custom_url":null,"twitter_image_custom_fields":null,"twitter_title":null,"twitter_description":null,"schema":{"blockGraphs":[],"customGraphs":[],"default":{"data":{"Article":[],"Course":[],"Dataset":[],"FAQPage":[],"Movie":[],"Person":[],"Product":[],"ProductReview":[],"Car":[],"Recipe":[],"Service":[],"SoftwareApplication":[],"WebPage":[]},"graphName":"","isEnabled":true},"graphs":[]},"schema_type":"default","schema_type_options":null,"pillar_content":false,"robots_default":true,"robots_noindex":false,"robots_noarchive":false,"robots_nosnippet":false,"robots_nofollow":false,"robots_noimageindex":false,"robots_noodp":false,"robots_notranslate":false,"robots_max_snippet":null,"robots_max_videopreview":null,"robots_max_imagepreview":"large","priority":null,"frequency":null,"local_seo":null,"breadcrumb_settings":null,"limit_modified_date":false,"ai":null,"created":"2024-09-20 08:16:59","updated":"2025-10-23 14:08:14","seo_analyzer_scan_date":null,"focus_keyword":null,"additional_keywords":null,"truseo_locale":null},"aioseo_breadcrumb":"<div class=\"aioseo-breadcrumbs\"><span class=\"aioseo-breadcrumb\">\n\t\t\t<a href=\"https:\/\/www.immo-invest.ch\/it\/\" title=\"Home\">Home<\/a>\n\t\t<\/span><span class=\"aioseo-breadcrumb-separator\">&raquo;<\/span><span class=\"aioseo-breadcrumb\">\n\t\t\t<a href=\"https:\/\/www.immo-invest.ch\/it\/categoria\/trends-it\/\" title=\"Trends\">Trends<\/a>\n\t\t<\/span><span class=\"aioseo-breadcrumb-separator\">&raquo;<\/span><span class=\"aioseo-breadcrumb\">\n\t\t\t<a href=\"https:\/\/www.immo-invest.ch\/it\/categoria\/trends-it\/sostenibilita\/\" title=\"Sostenibilit\u00e0\">Sostenibilit\u00e0<\/a>\n\t\t<\/span><span class=\"aioseo-breadcrumb-separator\">&raquo;<\/span><span class=\"aioseo-breadcrumb\">\n\t\t\tAMAG avvia il secondo impianto fotovoltaico a Cham\n\t\t<\/span><\/div>","aioseo_breadcrumb_json":[{"label":"Home","link":"https:\/\/www.immo-invest.ch\/it\/"},{"label":"Trends","link":"https:\/\/www.immo-invest.ch\/it\/categoria\/trends-it\/"},{"label":"Sostenibilit\u00e0","link":"https:\/\/www.immo-invest.ch\/it\/categoria\/trends-it\/sostenibilita\/"},{"label":"AMAG avvia il secondo impianto fotovoltaico a Cham","link":"https:\/\/www.immo-invest.ch\/it\/amag-nimmt-zweite-photovoltaikanlage-in-cham-in-betrieb\/"}],"featured_image_src":"https:\/\/www.immo-invest.ch\/wp-content\/uploads\/2023\/07\/immo-invest_Photovoltaics_up_on_previous_year_statistics_curve_up-336x168.png","_links":{"self":[{"href":"https:\/\/www.immo-invest.ch\/it\/wp-json\/wp\/v2\/posts\/61547","targetHints":{"allow":["GET"]}}],"collection":[{"href":"https:\/\/www.immo-invest.ch\/it\/wp-json\/wp\/v2\/posts"}],"about":[{"href":"https:\/\/www.immo-invest.ch\/it\/wp-json\/wp\/v2\/types\/post"}],"author":[{"embeddable":true,"href":"https:\/\/www.immo-invest.ch\/it\/wp-json\/wp\/v2\/users\/2"}],"replies":[{"embeddable":true,"href":"https:\/\/www.immo-invest.ch\/it\/wp-json\/wp\/v2\/comments?post=61547"}],"version-history":[{"count":0,"href":"https:\/\/www.immo-invest.ch\/it\/wp-json\/wp\/v2\/posts\/61547\/revisions"}],"wp:featuredmedia":[{"embeddable":true,"href":"https:\/\/www.immo-invest.ch\/it\/wp-json\/wp\/v2\/media\/60087"}],"wp:attachment":[{"href":"https:\/\/www.immo-invest.ch\/it\/wp-json\/wp\/v2\/media?parent=61547"}],"wp:term":[{"taxonomy":"category","embeddable":true,"href":"https:\/\/www.immo-invest.ch\/it\/wp-json\/wp\/v2\/categories?post=61547"},{"taxonomy":"post_tag","embeddable":true,"href":"https:\/\/www.immo-invest.ch\/it\/wp-json\/wp\/v2\/tags?post=61547"}],"curies":[{"name":"wp","href":"https:\/\/api.w.org\/{rel}","templated":true}]}}