{"id":58001,"date":"2023-06-14T13:37:07","date_gmt":"2023-06-14T11:37:07","guid":{"rendered":"https:\/\/www.immo-invest.ch\/winterthur-setzt-schwerpunkte-fuer-ein-attraktives-zusammenspiel-von-wohnen-und-arbeiten\/"},"modified":"2023-06-14T13:44:07","modified_gmt":"2023-06-14T11:44:07","slug":"winterthur-setzt-schwerpunkte-fuer-ein-attraktives-zusammenspiel-von-wohnen-und-arbeiten","status":"publish","type":"post","link":"https:\/\/www.immo-invest.ch\/it\/winterthur-setzt-schwerpunkte-fuer-ein-attraktives-zusammenspiel-von-wohnen-und-arbeiten\/","title":{"rendered":"Winterthur stabilisce le priorit\u00e0 per un&#8217;attraente interazione tra vita e lavoro"},"content":{"rendered":"<p class=\"wp-block-paragraph\">Si &egrave; diffusa la voce dell&rsquo;alta qualit&agrave; di vita della citt&agrave; di Winterthur. Sempre pi&ugrave; persone vivono, lavorano e studiano qui. La citt&agrave; della regione economica di Zurigo conta attualmente oltre 120.000 abitanti, circa 75.000 dipendenti, quasi 11.000 studenti universitari e circa 11.000 studenti delle scuole professionali. Le previsioni comunali prevedono una crescita della popolazione fino a circa 135.000 persone entro il 2040. Winterthur vuole sfruttare questa crescita come un&rsquo;opportunit&agrave; per sviluppare le qualit&agrave; urbane esistenti, stabilendo delle priorit&agrave; spaziali.<\/p>\n\n\n\n<p class=\"wp-block-paragraph\">La maggior parte di questo sviluppo deve essere guidato e indirizzato all&rsquo;interno della spina dorsale urbana di Winterthur, gi&agrave; molto dinamica (vedere il diagramma), integrando la struttura insediativa esistente. La citt&agrave; deve essere densificata lungo i principali assi di traffico, da T&ouml;ss a sud-ovest a Oberwinterthur a nord-est, e la diversit&agrave; degli usi deve essere aumentata.<br><br><strong>Densificazione lungo la<\/strong> spina dorsale urbana<br>Dal punto di vista della pianificazione urbana, ci sono sei aree con un enorme potenziale di crescita e densificazione. La citt&agrave; si concentra su sei aree prioritarie lungo la spina dorsale urbana (cfr. diagramma): Winterthur Sud, Z&uuml;rcherstrasse, Area Urbana della Stazione Centrale, Quartiere della Conoscenza, Gr&uuml;ze Plus e i dintorni della stazione ferroviaria di Oberwinterthur. Qui verranno creati pi&ugrave; spazi abitativi, nuovi posti di lavoro e ulteriori spazi ricreativi e culturali. Si prester&agrave; attenzione a un&rsquo;elevata qualit&agrave; dell&rsquo;offerta che consenta di percorrere brevi distanze e che quindi contribuisca anche al raggiungimento della rete zero entro il 2040.<br><br><strong>Sviluppo attento dei quartieri<\/strong><br>I quartieri esistenti non saranno dimenticati, anzi. Il focus spaziale sullo sviluppo interno di alta qualit&agrave; lungo la spina dorsale urbana li solleva dalla pressione della densificazione. La densificazione selettiva rimane possibile in luoghi adatti, in modo che l&rsquo;offerta residenziale possa essere sviluppata in modo diversificato e le qualit&agrave; degli spazi esterni possano essere migliorate. L&rsquo;obiettivo stabilito nello &ldquo;Schema di sviluppo territoriale Winterthur 2040&rdquo; di promuovere i cosiddetti &ldquo;quartieri da 5 minuti&rdquo; &egrave; un&rsquo;importante preoccupazione della citt&agrave; e contribuisce a un&rsquo;interazione sostenibile tra vita, lavoro e spazi aperti, e quindi a mantenere l&rsquo;alta qualit&agrave; di vita tanto apprezzata oggi.<\/p>\n\n\n\n<figure class=\"wp-block-image size-large\"><img loading=\"lazy\" decoding=\"async\" width=\"569\" height=\"480\" src=\"https:\/\/www.immo-invest.ch\/wp-content\/uploads\/2023\/06\/Immonvest_2_2023_Winterthur_230523-569x480.png\" alt=\"\" class=\"wp-image-57993\" srcset=\"https:\/\/www.immo-invest.ch\/wp-content\/uploads\/2023\/06\/Immonvest_2_2023_Winterthur_230523-569x480.png 569w, https:\/\/www.immo-invest.ch\/wp-content\/uploads\/2023\/06\/Immonvest_2_2023_Winterthur_230523-600x506.png 600w, https:\/\/www.immo-invest.ch\/wp-content\/uploads\/2023\/06\/Immonvest_2_2023_Winterthur_230523-410x346.png 410w, https:\/\/www.immo-invest.ch\/wp-content\/uploads\/2023\/06\/Immonvest_2_2023_Winterthur_230523-768x647.png 768w, https:\/\/www.immo-invest.ch\/wp-content\/uploads\/2023\/06\/Immonvest_2_2023_Winterthur_230523.png 1026w\" sizes=\"auto, (max-width: 569px) 100vw, 569px\"\/><figcaption>Ufficio per lo Sviluppo Urbano, Winterthur<\/figcaption><\/figure>\n","protected":false},"excerpt":{"rendered":"<p>Winterthur sta crescendo, Winterthur ha un potenziale. La citt\u00e0 si \u00e8 posta l&#8217;obiettivo di utilizzarlo con saggezza e di renderlo adatto alle generazioni future. Come si assicura a lungo termine l&#8217;alta qualit\u00e0 di una citt\u00e0 moderna? Con lo sviluppo e la trasformazione in aree specifiche.<\/p>\n","protected":false},"author":2,"featured_media":57992,"comment_status":"open","ping_status":"open","sticky":false,"template":"","format":"standard","meta":{"pmpro_default_level":"","inline_featured_image":false,"_monsterinsights_skip_tracking":false,"footnotes":""},"categories":[39693],"tags":[1821,39713,16669,4763,39714,36511],"class_list":["post-58001","post","type-post","status-publish","format-standard","has-post-thumbnail","hentry","category-standorte-it","tag-entwicklung-it","tag-generationen-it","tag-potenzial-it","tag-qualitaet-it","tag-schwerpunktgebieten-it","tag-transformation-it","pmpro-has-access"],"acf":{"bild_mit_ki_erstellt_worden":[],"lead":"Winterthur sta crescendo, Winterthur ha un potenziale. La citt\u00e0 si \u00e8 posta l'obiettivo di utilizzarlo con saggezza e di renderlo adatto alle generazioni future. Come si assicura a lungo termine l'alta qualit\u00e0 di una citt\u00e0 moderna? Con lo sviluppo e la trasformazione in aree specifiche.","autor":"Text: Amt f\u00fcr Stadtentwicklung Winterthur, Bilder: J\u00f6rg Vieli, Ivo Scholz, Quelle: R\u00e4umliche Entwicklungsperspektive Winterthur 2040","ort":"","bildunterschrift":"","bild_im_grid":false,"gallerie":"","newsim":""},"aioseo_notices":[],"aioseo_head":"\n\t\t<!-- All in One SEO 5.0.0.1 - aioseo.com -->\n\t<meta name=\"description\" content=\"Winterthur sta crescendo, Winterthur ha un potenziale. La citt\u00e0 si \u00e8 posta l&#039;obiettivo di utilizzarlo con saggezza e di renderlo adatto alle generazioni future. Come si assicura a lungo termine l&#039;alta qualit\u00e0 di una citt\u00e0 moderna? Con lo sviluppo e la trasformazione in aree specifiche.\" \/>\n\t<meta name=\"robots\" content=\"max-image-preview:large\" \/>\n\t<meta name=\"author\" content=\"immovestuser\"\/>\n\t<meta name=\"google-site-verification\" content=\"fHJKvgWpZCR2zVBHWfkQeFXC11qieUSff0HGNYfuyLA\" \/>\n\t<link rel=\"canonical\" href=\"https:\/\/www.immo-invest.ch\/it\/winterthur-setzt-schwerpunkte-fuer-ein-attraktives-zusammenspiel-von-wohnen-und-arbeiten\/\" \/>\n\t<meta name=\"generator\" content=\"All in One SEO (AIOSEO) 5.0.0.1\" \/>\n\t\t<meta property=\"og:locale\" content=\"it_IT\" \/>\n\t\t<meta property=\"og:site_name\" content=\"immo!nvest - Die Plattform f\u00fcr Standorte und Immobilien - Die\u00a0Plattform f\u00fcr Standorte und Immobilien\" \/>\n\t\t<meta property=\"og:type\" content=\"article\" \/>\n\t\t<meta property=\"og:title\" content=\"Winterthur stabilisce le priorit\u00e0 per un\u2019attraente interazione tra vita e lavoro - immo!nvest - Die Plattform f\u00fcr Standorte und Immobilien\" \/>\n\t\t<meta property=\"og:description\" content=\"Winterthur sta crescendo, Winterthur ha un potenziale. La citt\u00e0 si \u00e8 posta l&#039;obiettivo di utilizzarlo con saggezza e di renderlo adatto alle generazioni future. Come si assicura a lungo termine l&#039;alta qualit\u00e0 di una citt\u00e0 moderna? Con lo sviluppo e la trasformazione in aree specifiche.\" \/>\n\t\t<meta property=\"og:url\" content=\"https:\/\/www.immo-invest.ch\/it\/winterthur-setzt-schwerpunkte-fuer-ein-attraktives-zusammenspiel-von-wohnen-und-arbeiten\/\" \/>\n\t\t<meta property=\"og:image\" content=\"https:\/\/www.immo-invest.ch\/wp-content\/uploads\/2023\/06\/Einstiegsbild_JoergVieli-scaled-e1686742337629.jpg\" \/>\n\t\t<meta property=\"og:image:secure_url\" content=\"https:\/\/www.immo-invest.ch\/wp-content\/uploads\/2023\/06\/Einstiegsbild_JoergVieli-scaled-e1686742337629.jpg\" \/>\n\t\t<meta property=\"og:image:width\" content=\"2560\" \/>\n\t\t<meta property=\"og:image:height\" content=\"1280\" \/>\n\t\t<meta property=\"article:published_time\" content=\"2023-06-14T11:37:07+00:00\" \/>\n\t\t<meta property=\"article:modified_time\" content=\"2023-06-14T11:44:07+00:00\" \/>\n\t\t<meta property=\"article:publisher\" content=\"https:\/\/www.facebook.com\/people\/Immoinvest\/100077962920504\/\" \/>\n\t\t<meta name=\"twitter:card\" content=\"summary_large_image\" \/>\n\t\t<meta name=\"twitter:site\" content=\"@i\" \/>\n\t\t<meta name=\"twitter:title\" content=\"Winterthur stabilisce le priorit\u00e0 per un\u2019attraente interazione tra vita e lavoro - immo!nvest - Die Plattform f\u00fcr Standorte und Immobilien\" \/>\n\t\t<meta name=\"twitter:description\" content=\"Winterthur sta crescendo, Winterthur ha un potenziale. La citt\u00e0 si \u00e8 posta l&#039;obiettivo di utilizzarlo con saggezza e di renderlo adatto alle generazioni future. Come si assicura a lungo termine l&#039;alta qualit\u00e0 di una citt\u00e0 moderna? Con lo sviluppo e la trasformazione in aree specifiche.\" \/>\n\t\t<meta name=\"twitter:creator\" content=\"@i\" \/>\n\t\t<meta name=\"twitter:image\" content=\"https:\/\/www.immo-invest.ch\/wp-content\/uploads\/2023\/06\/Einstiegsbild_JoergVieli-scaled-e1686742337629.jpg\" \/>\n\t\t<script type=\"application\/ld+json\" class=\"aioseo-schema\">\n\t\t\t{\"@context\":\"https:\\\/\\\/schema.org\",\"@graph\":[{\"@type\":\"BlogPosting\",\"@id\":\"https:\\\/\\\/www.immo-invest.ch\\\/it\\\/winterthur-setzt-schwerpunkte-fuer-ein-attraktives-zusammenspiel-von-wohnen-und-arbeiten\\\/#blogposting\",\"name\":\"Winterthur stabilisce le priorit\\u00e0 per un\\u2019attraente interazione tra vita e lavoro - immo!nvest - Die Plattform f\\u00fcr Standorte und Immobilien\",\"headline\":\"Winterthur stabilisce le priorit\\u00e0 per un&#8217;attraente interazione tra vita e lavoro\",\"author\":{\"@id\":\"https:\\\/\\\/www.immo-invest.ch\\\/it\\\/author\\\/immovestuser\\\/#author\"},\"publisher\":{\"@id\":\"https:\\\/\\\/www.immo-invest.ch\\\/it\\\/#organization\"},\"image\":{\"@type\":\"ImageObject\",\"url\":\"https:\\\/\\\/www.immo-invest.ch\\\/wp-content\\\/uploads\\\/2023\\\/06\\\/Einstiegsbild_JoergVieli-scaled-e1686742337629.jpg\",\"width\":2560,\"height\":1280},\"datePublished\":\"2023-06-14T13:37:07+02:00\",\"dateModified\":\"2023-06-14T13:44:07+02:00\",\"inLanguage\":\"it-IT\",\"mainEntityOfPage\":{\"@id\":\"https:\\\/\\\/www.immo-invest.ch\\\/it\\\/winterthur-setzt-schwerpunkte-fuer-ein-attraktives-zusammenspiel-von-wohnen-und-arbeiten\\\/#webpage\"},\"isPartOf\":{\"@id\":\"https:\\\/\\\/www.immo-invest.ch\\\/it\\\/winterthur-setzt-schwerpunkte-fuer-ein-attraktives-zusammenspiel-von-wohnen-und-arbeiten\\\/#webpage\"},\"articleSection\":\"Standorte, Entwicklung, Generationen, Potenzial, Qualit\\u00e4t, Schwerpunktgebieten, Transformation, Optional\"},{\"@type\":\"BreadcrumbList\",\"@id\":\"https:\\\/\\\/www.immo-invest.ch\\\/it\\\/winterthur-setzt-schwerpunkte-fuer-ein-attraktives-zusammenspiel-von-wohnen-und-arbeiten\\\/#breadcrumblist\",\"itemListElement\":[{\"@type\":\"ListItem\",\"@id\":\"https:\\\/\\\/www.immo-invest.ch\\\/it\\\/#listItem\",\"position\":1,\"name\":\"Home\",\"item\":\"https:\\\/\\\/www.immo-invest.ch\\\/it\\\/\",\"nextItem\":{\"@type\":\"ListItem\",\"@id\":\"https:\\\/\\\/www.immo-invest.ch\\\/it\\\/categoria\\\/standorte-it\\\/#listItem\",\"name\":\"Standorte\"}},{\"@type\":\"ListItem\",\"@id\":\"https:\\\/\\\/www.immo-invest.ch\\\/it\\\/categoria\\\/standorte-it\\\/#listItem\",\"position\":2,\"name\":\"Standorte\",\"item\":\"https:\\\/\\\/www.immo-invest.ch\\\/it\\\/categoria\\\/standorte-it\\\/\",\"nextItem\":{\"@type\":\"ListItem\",\"@id\":\"https:\\\/\\\/www.immo-invest.ch\\\/it\\\/winterthur-setzt-schwerpunkte-fuer-ein-attraktives-zusammenspiel-von-wohnen-und-arbeiten\\\/#listItem\",\"name\":\"Winterthur stabilisce le priorit\\u00e0 per un&#8217;attraente interazione tra vita e lavoro\"},\"previousItem\":{\"@type\":\"ListItem\",\"@id\":\"https:\\\/\\\/www.immo-invest.ch\\\/it\\\/#listItem\",\"name\":\"Home\"}},{\"@type\":\"ListItem\",\"@id\":\"https:\\\/\\\/www.immo-invest.ch\\\/it\\\/winterthur-setzt-schwerpunkte-fuer-ein-attraktives-zusammenspiel-von-wohnen-und-arbeiten\\\/#listItem\",\"position\":3,\"name\":\"Winterthur stabilisce le priorit\\u00e0 per un&#8217;attraente interazione tra vita e lavoro\",\"previousItem\":{\"@type\":\"ListItem\",\"@id\":\"https:\\\/\\\/www.immo-invest.ch\\\/it\\\/categoria\\\/standorte-it\\\/#listItem\",\"name\":\"Standorte\"}}]},{\"@type\":\"Organization\",\"@id\":\"https:\\\/\\\/www.immo-invest.ch\\\/it\\\/#organization\",\"name\":\"immo!nvest - Die Plattform f\\u00fcr Standorte und Immobilien\",\"description\":\"Die\\u00a0Plattform f\\u00fcr Standorte und Immobilien\",\"url\":\"https:\\\/\\\/www.immo-invest.ch\\\/it\\\/\",\"email\":\"admin@immomedia.ag\",\"telephone\":\"+41444420002\",\"logo\":{\"@type\":\"ImageObject\",\"url\":\"https:\\\/\\\/www.immo-invest.ch\\\/wp-content\\\/uploads\\\/2024\\\/09\\\/immoinvest_sm-scaled.jpg\",\"@id\":\"https:\\\/\\\/www.immo-invest.ch\\\/it\\\/winterthur-setzt-schwerpunkte-fuer-ein-attraktives-zusammenspiel-von-wohnen-und-arbeiten\\\/#organizationLogo\",\"width\":2560,\"height\":1340},\"image\":{\"@id\":\"https:\\\/\\\/www.immo-invest.ch\\\/it\\\/winterthur-setzt-schwerpunkte-fuer-ein-attraktives-zusammenspiel-von-wohnen-und-arbeiten\\\/#organizationLogo\"},\"sameAs\":[\"https:\\\/\\\/www.facebook.com\\\/people\\\/Immoinvest\\\/100077962920504\\\/\",\"https:\\\/\\\/x.com\\\/i\\\/flow\\\/login?redirect_after_login=immoinvest_ch\",\"https:\\\/\\\/www.instagram.com\\\/immoinvest_ch\\\/\",\"https:\\\/\\\/www.linkedin.com\\\/company\\\/immoinvest-swiss\"]},{\"@type\":\"Person\",\"@id\":\"https:\\\/\\\/www.immo-invest.ch\\\/it\\\/author\\\/immovestuser\\\/#author\",\"url\":\"https:\\\/\\\/www.immo-invest.ch\\\/it\\\/author\\\/immovestuser\\\/\",\"name\":\"immovestuser\",\"image\":{\"@type\":\"ImageObject\",\"@id\":\"https:\\\/\\\/www.immo-invest.ch\\\/it\\\/winterthur-setzt-schwerpunkte-fuer-ein-attraktives-zusammenspiel-von-wohnen-und-arbeiten\\\/#authorImage\",\"url\":\"https:\\\/\\\/secure.gravatar.com\\\/avatar\\\/8e01f4d99f2eeea7a362ebb93305e1172a70e9293ba250f897a65c39f54cdd1e?s=96&d=mm&r=g\",\"width\":96,\"height\":96,\"caption\":\"immovestuser\"}},{\"@type\":\"WebPage\",\"@id\":\"https:\\\/\\\/www.immo-invest.ch\\\/it\\\/winterthur-setzt-schwerpunkte-fuer-ein-attraktives-zusammenspiel-von-wohnen-und-arbeiten\\\/#webpage\",\"url\":\"https:\\\/\\\/www.immo-invest.ch\\\/it\\\/winterthur-setzt-schwerpunkte-fuer-ein-attraktives-zusammenspiel-von-wohnen-und-arbeiten\\\/\",\"name\":\"Winterthur stabilisce le priorit\\u00e0 per un\\u2019attraente interazione tra vita e lavoro - immo!nvest - Die Plattform f\\u00fcr Standorte und Immobilien\",\"description\":\"Winterthur sta crescendo, Winterthur ha un potenziale. La citt\\u00e0 si \\u00e8 posta l'obiettivo di utilizzarlo con saggezza e di renderlo adatto alle generazioni future. Come si assicura a lungo termine l'alta qualit\\u00e0 di una citt\\u00e0 moderna? Con lo sviluppo e la trasformazione in aree specifiche.\",\"inLanguage\":\"it-IT\",\"isPartOf\":{\"@id\":\"https:\\\/\\\/www.immo-invest.ch\\\/it\\\/#website\"},\"breadcrumb\":{\"@id\":\"https:\\\/\\\/www.immo-invest.ch\\\/it\\\/winterthur-setzt-schwerpunkte-fuer-ein-attraktives-zusammenspiel-von-wohnen-und-arbeiten\\\/#breadcrumblist\"},\"author\":{\"@id\":\"https:\\\/\\\/www.immo-invest.ch\\\/it\\\/author\\\/immovestuser\\\/#author\"},\"creator\":{\"@id\":\"https:\\\/\\\/www.immo-invest.ch\\\/it\\\/author\\\/immovestuser\\\/#author\"},\"image\":{\"@type\":\"ImageObject\",\"url\":\"https:\\\/\\\/www.immo-invest.ch\\\/wp-content\\\/uploads\\\/2023\\\/06\\\/Einstiegsbild_JoergVieli-scaled-e1686742337629.jpg\",\"@id\":\"https:\\\/\\\/www.immo-invest.ch\\\/it\\\/winterthur-setzt-schwerpunkte-fuer-ein-attraktives-zusammenspiel-von-wohnen-und-arbeiten\\\/#mainImage\",\"width\":2560,\"height\":1280},\"primaryImageOfPage\":{\"@id\":\"https:\\\/\\\/www.immo-invest.ch\\\/it\\\/winterthur-setzt-schwerpunkte-fuer-ein-attraktives-zusammenspiel-von-wohnen-und-arbeiten\\\/#mainImage\"},\"datePublished\":\"2023-06-14T13:37:07+02:00\",\"dateModified\":\"2023-06-14T13:44:07+02:00\"},{\"@type\":\"WebSite\",\"@id\":\"https:\\\/\\\/www.immo-invest.ch\\\/it\\\/#website\",\"url\":\"https:\\\/\\\/www.immo-invest.ch\\\/it\\\/\",\"name\":\"immo!nvest - Die Plattform f\\u00fcr Standorte und Immobilien\",\"description\":\"Die\\u00a0Plattform f\\u00fcr Standorte und Immobilien\",\"inLanguage\":\"it-IT\",\"publisher\":{\"@id\":\"https:\\\/\\\/www.immo-invest.ch\\\/it\\\/#organization\"}}]}\n\t\t<\/script>\n\t\t<!-- All in One SEO -->\n\n","aioseo_head_json":{"title":"Winterthur stabilisce le priorit\u00e0 per un\u2019attraente interazione tra vita e lavoro - immo!nvest - Die Plattform f\u00fcr Standorte und Immobilien","description":"Winterthur sta crescendo, Winterthur ha un potenziale. La citt\u00e0 si \u00e8 posta l'obiettivo di utilizzarlo con saggezza e di renderlo adatto alle generazioni future. Come si assicura a lungo termine l'alta qualit\u00e0 di una citt\u00e0 moderna? Con lo sviluppo e la trasformazione in aree specifiche.","canonical_url":"https:\/\/www.immo-invest.ch\/it\/winterthur-setzt-schwerpunkte-fuer-ein-attraktives-zusammenspiel-von-wohnen-und-arbeiten\/","robots":"max-image-preview:large","keywords":"","webmasterTools":{"google-site-verification":"fHJKvgWpZCR2zVBHWfkQeFXC11qieUSff0HGNYfuyLA","miscellaneous":""},"schema":{"@context":"https:\/\/schema.org","@graph":[{"@type":"BlogPosting","@id":"https:\/\/www.immo-invest.ch\/it\/winterthur-setzt-schwerpunkte-fuer-ein-attraktives-zusammenspiel-von-wohnen-und-arbeiten\/#blogposting","name":"Winterthur stabilisce le priorit\u00e0 per un\u2019attraente interazione tra vita e lavoro - immo!nvest - Die Plattform f\u00fcr Standorte und Immobilien","headline":"Winterthur stabilisce le priorit\u00e0 per un&#8217;attraente interazione tra vita e lavoro","author":{"@id":"https:\/\/www.immo-invest.ch\/it\/author\/immovestuser\/#author"},"publisher":{"@id":"https:\/\/www.immo-invest.ch\/it\/#organization"},"image":{"@type":"ImageObject","url":"https:\/\/www.immo-invest.ch\/wp-content\/uploads\/2023\/06\/Einstiegsbild_JoergVieli-scaled-e1686742337629.jpg","width":2560,"height":1280},"datePublished":"2023-06-14T13:37:07+02:00","dateModified":"2023-06-14T13:44:07+02:00","inLanguage":"it-IT","mainEntityOfPage":{"@id":"https:\/\/www.immo-invest.ch\/it\/winterthur-setzt-schwerpunkte-fuer-ein-attraktives-zusammenspiel-von-wohnen-und-arbeiten\/#webpage"},"isPartOf":{"@id":"https:\/\/www.immo-invest.ch\/it\/winterthur-setzt-schwerpunkte-fuer-ein-attraktives-zusammenspiel-von-wohnen-und-arbeiten\/#webpage"},"articleSection":"Standorte, Entwicklung, Generationen, Potenzial, Qualit\u00e4t, Schwerpunktgebieten, Transformation, Optional"},{"@type":"BreadcrumbList","@id":"https:\/\/www.immo-invest.ch\/it\/winterthur-setzt-schwerpunkte-fuer-ein-attraktives-zusammenspiel-von-wohnen-und-arbeiten\/#breadcrumblist","itemListElement":[{"@type":"ListItem","@id":"https:\/\/www.immo-invest.ch\/it\/#listItem","position":1,"name":"Home","item":"https:\/\/www.immo-invest.ch\/it\/","nextItem":{"@type":"ListItem","@id":"https:\/\/www.immo-invest.ch\/it\/categoria\/standorte-it\/#listItem","name":"Standorte"}},{"@type":"ListItem","@id":"https:\/\/www.immo-invest.ch\/it\/categoria\/standorte-it\/#listItem","position":2,"name":"Standorte","item":"https:\/\/www.immo-invest.ch\/it\/categoria\/standorte-it\/","nextItem":{"@type":"ListItem","@id":"https:\/\/www.immo-invest.ch\/it\/winterthur-setzt-schwerpunkte-fuer-ein-attraktives-zusammenspiel-von-wohnen-und-arbeiten\/#listItem","name":"Winterthur stabilisce le priorit\u00e0 per un&#8217;attraente interazione tra vita e lavoro"},"previousItem":{"@type":"ListItem","@id":"https:\/\/www.immo-invest.ch\/it\/#listItem","name":"Home"}},{"@type":"ListItem","@id":"https:\/\/www.immo-invest.ch\/it\/winterthur-setzt-schwerpunkte-fuer-ein-attraktives-zusammenspiel-von-wohnen-und-arbeiten\/#listItem","position":3,"name":"Winterthur stabilisce le priorit\u00e0 per un&#8217;attraente interazione tra vita e lavoro","previousItem":{"@type":"ListItem","@id":"https:\/\/www.immo-invest.ch\/it\/categoria\/standorte-it\/#listItem","name":"Standorte"}}]},{"@type":"Organization","@id":"https:\/\/www.immo-invest.ch\/it\/#organization","name":"immo!nvest - Die Plattform f\u00fcr Standorte und Immobilien","description":"Die\u00a0Plattform f\u00fcr Standorte und Immobilien","url":"https:\/\/www.immo-invest.ch\/it\/","email":"admin@immomedia.ag","telephone":"+41444420002","logo":{"@type":"ImageObject","url":"https:\/\/www.immo-invest.ch\/wp-content\/uploads\/2024\/09\/immoinvest_sm-scaled.jpg","@id":"https:\/\/www.immo-invest.ch\/it\/winterthur-setzt-schwerpunkte-fuer-ein-attraktives-zusammenspiel-von-wohnen-und-arbeiten\/#organizationLogo","width":2560,"height":1340},"image":{"@id":"https:\/\/www.immo-invest.ch\/it\/winterthur-setzt-schwerpunkte-fuer-ein-attraktives-zusammenspiel-von-wohnen-und-arbeiten\/#organizationLogo"},"sameAs":["https:\/\/www.facebook.com\/people\/Immoinvest\/100077962920504\/","https:\/\/x.com\/i\/flow\/login?redirect_after_login=immoinvest_ch","https:\/\/www.instagram.com\/immoinvest_ch\/","https:\/\/www.linkedin.com\/company\/immoinvest-swiss"]},{"@type":"Person","@id":"https:\/\/www.immo-invest.ch\/it\/author\/immovestuser\/#author","url":"https:\/\/www.immo-invest.ch\/it\/author\/immovestuser\/","name":"immovestuser","image":{"@type":"ImageObject","@id":"https:\/\/www.immo-invest.ch\/it\/winterthur-setzt-schwerpunkte-fuer-ein-attraktives-zusammenspiel-von-wohnen-und-arbeiten\/#authorImage","url":"https:\/\/secure.gravatar.com\/avatar\/8e01f4d99f2eeea7a362ebb93305e1172a70e9293ba250f897a65c39f54cdd1e?s=96&d=mm&r=g","width":96,"height":96,"caption":"immovestuser"}},{"@type":"WebPage","@id":"https:\/\/www.immo-invest.ch\/it\/winterthur-setzt-schwerpunkte-fuer-ein-attraktives-zusammenspiel-von-wohnen-und-arbeiten\/#webpage","url":"https:\/\/www.immo-invest.ch\/it\/winterthur-setzt-schwerpunkte-fuer-ein-attraktives-zusammenspiel-von-wohnen-und-arbeiten\/","name":"Winterthur stabilisce le priorit\u00e0 per un\u2019attraente interazione tra vita e lavoro - immo!nvest - Die Plattform f\u00fcr Standorte und Immobilien","description":"Winterthur sta crescendo, Winterthur ha un potenziale. La citt\u00e0 si \u00e8 posta l'obiettivo di utilizzarlo con saggezza e di renderlo adatto alle generazioni future. Come si assicura a lungo termine l'alta qualit\u00e0 di una citt\u00e0 moderna? Con lo sviluppo e la trasformazione in aree specifiche.","inLanguage":"it-IT","isPartOf":{"@id":"https:\/\/www.immo-invest.ch\/it\/#website"},"breadcrumb":{"@id":"https:\/\/www.immo-invest.ch\/it\/winterthur-setzt-schwerpunkte-fuer-ein-attraktives-zusammenspiel-von-wohnen-und-arbeiten\/#breadcrumblist"},"author":{"@id":"https:\/\/www.immo-invest.ch\/it\/author\/immovestuser\/#author"},"creator":{"@id":"https:\/\/www.immo-invest.ch\/it\/author\/immovestuser\/#author"},"image":{"@type":"ImageObject","url":"https:\/\/www.immo-invest.ch\/wp-content\/uploads\/2023\/06\/Einstiegsbild_JoergVieli-scaled-e1686742337629.jpg","@id":"https:\/\/www.immo-invest.ch\/it\/winterthur-setzt-schwerpunkte-fuer-ein-attraktives-zusammenspiel-von-wohnen-und-arbeiten\/#mainImage","width":2560,"height":1280},"primaryImageOfPage":{"@id":"https:\/\/www.immo-invest.ch\/it\/winterthur-setzt-schwerpunkte-fuer-ein-attraktives-zusammenspiel-von-wohnen-und-arbeiten\/#mainImage"},"datePublished":"2023-06-14T13:37:07+02:00","dateModified":"2023-06-14T13:44:07+02:00"},{"@type":"WebSite","@id":"https:\/\/www.immo-invest.ch\/it\/#website","url":"https:\/\/www.immo-invest.ch\/it\/","name":"immo!nvest - Die Plattform f\u00fcr Standorte und Immobilien","description":"Die\u00a0Plattform f\u00fcr Standorte und Immobilien","inLanguage":"it-IT","publisher":{"@id":"https:\/\/www.immo-invest.ch\/it\/#organization"}}]},"og:locale":"it_IT","og:site_name":"immo!nvest - Die Plattform f\u00fcr Standorte und Immobilien - Die\u00a0Plattform f\u00fcr Standorte und Immobilien","og:type":"article","og:title":"Winterthur stabilisce le priorit\u00e0 per un\u2019attraente interazione tra vita e lavoro - immo!nvest - Die Plattform f\u00fcr Standorte und Immobilien","og:description":"Winterthur sta crescendo, Winterthur ha un potenziale. La citt\u00e0 si \u00e8 posta l'obiettivo di utilizzarlo con saggezza e di renderlo adatto alle generazioni future. Come si assicura a lungo termine l'alta qualit\u00e0 di una citt\u00e0 moderna? Con lo sviluppo e la trasformazione in aree specifiche.","og:url":"https:\/\/www.immo-invest.ch\/it\/winterthur-setzt-schwerpunkte-fuer-ein-attraktives-zusammenspiel-von-wohnen-und-arbeiten\/","og:image":"https:\/\/www.immo-invest.ch\/wp-content\/uploads\/2023\/06\/Einstiegsbild_JoergVieli-scaled-e1686742337629.jpg","og:image:secure_url":"https:\/\/www.immo-invest.ch\/wp-content\/uploads\/2023\/06\/Einstiegsbild_JoergVieli-scaled-e1686742337629.jpg","og:image:width":2560,"og:image:height":1280,"article:published_time":"2023-06-14T11:37:07+00:00","article:modified_time":"2023-06-14T11:44:07+00:00","article:publisher":"https:\/\/www.facebook.com\/people\/Immoinvest\/100077962920504\/","twitter:card":"summary_large_image","twitter:site":"@i","twitter:title":"Winterthur stabilisce le priorit\u00e0 per un\u2019attraente interazione tra vita e lavoro - immo!nvest - Die Plattform f\u00fcr Standorte und Immobilien","twitter:description":"Winterthur sta crescendo, Winterthur ha un potenziale. La citt\u00e0 si \u00e8 posta l'obiettivo di utilizzarlo con saggezza e di renderlo adatto alle generazioni future. Come si assicura a lungo termine l'alta qualit\u00e0 di una citt\u00e0 moderna? Con lo sviluppo e la trasformazione in aree specifiche.","twitter:creator":"@i","twitter:image":"https:\/\/www.immo-invest.ch\/wp-content\/uploads\/2023\/06\/Einstiegsbild_JoergVieli-scaled-e1686742337629.jpg"},"aioseo_meta_data":{"post_id":"58001","title":null,"description":null,"keywords":null,"keyphrases":null,"primary_term":null,"canonical_url":null,"og_title":null,"og_description":null,"og_object_type":"default","og_image_type":"default","og_image_url":null,"og_image_width":null,"og_image_height":null,"og_image_custom_url":null,"og_image_custom_fields":null,"og_video":null,"og_custom_url":null,"og_article_section":null,"og_article_tags":null,"twitter_use_og":false,"twitter_card":"default","twitter_image_type":"default","twitter_image_url":null,"twitter_image_custom_url":null,"twitter_image_custom_fields":null,"twitter_title":null,"twitter_description":null,"schema":{"blockGraphs":[],"customGraphs":[],"default":{"data":{"Article":[],"Course":[],"Dataset":[],"FAQPage":[],"Movie":[],"Person":[],"Product":[],"ProductReview":[],"Car":[],"Recipe":[],"Service":[],"SoftwareApplication":[],"WebPage":[]},"graphName":"","isEnabled":true},"graphs":[]},"schema_type":"default","schema_type_options":null,"pillar_content":false,"robots_default":true,"robots_noindex":false,"robots_noarchive":false,"robots_nosnippet":false,"robots_nofollow":false,"robots_noimageindex":false,"robots_noodp":false,"robots_notranslate":false,"robots_max_snippet":null,"robots_max_videopreview":null,"robots_max_imagepreview":"large","priority":null,"frequency":null,"local_seo":null,"breadcrumb_settings":null,"limit_modified_date":false,"ai":null,"created":"2024-09-20 06:25:46","updated":"2025-10-23 12:17:12","seo_analyzer_scan_date":null,"focus_keyword":null,"additional_keywords":null,"truseo_locale":null},"aioseo_breadcrumb":"<div class=\"aioseo-breadcrumbs\"><span class=\"aioseo-breadcrumb\">\n\t\t\t<a href=\"https:\/\/www.immo-invest.ch\/it\/\" title=\"Home\">Home<\/a>\n\t\t<\/span><span class=\"aioseo-breadcrumb-separator\">&raquo;<\/span><span class=\"aioseo-breadcrumb\">\n\t\t\t<a href=\"https:\/\/www.immo-invest.ch\/it\/categoria\/standorte-it\/\" title=\"Standorte\">Standorte<\/a>\n\t\t<\/span><span class=\"aioseo-breadcrumb-separator\">&raquo;<\/span><span class=\"aioseo-breadcrumb\">\n\t\t\tWinterthur stabilisce le priorit\u00e0 per un\u2019attraente interazione tra vita e lavoro\n\t\t<\/span><\/div>","aioseo_breadcrumb_json":[{"label":"Home","link":"https:\/\/www.immo-invest.ch\/it\/"},{"label":"Standorte","link":"https:\/\/www.immo-invest.ch\/it\/categoria\/standorte-it\/"},{"label":"Winterthur stabilisce le priorit\u00e0 per un&#8217;attraente interazione tra vita e lavoro","link":"https:\/\/www.immo-invest.ch\/it\/winterthur-setzt-schwerpunkte-fuer-ein-attraktives-zusammenspiel-von-wohnen-und-arbeiten\/"}],"featured_image_src":"https:\/\/www.immo-invest.ch\/wp-content\/uploads\/2023\/06\/Einstiegsbild_JoergVieli-336x168.jpg","_links":{"self":[{"href":"https:\/\/www.immo-invest.ch\/it\/wp-json\/wp\/v2\/posts\/58001","targetHints":{"allow":["GET"]}}],"collection":[{"href":"https:\/\/www.immo-invest.ch\/it\/wp-json\/wp\/v2\/posts"}],"about":[{"href":"https:\/\/www.immo-invest.ch\/it\/wp-json\/wp\/v2\/types\/post"}],"author":[{"embeddable":true,"href":"https:\/\/www.immo-invest.ch\/it\/wp-json\/wp\/v2\/users\/2"}],"replies":[{"embeddable":true,"href":"https:\/\/www.immo-invest.ch\/it\/wp-json\/wp\/v2\/comments?post=58001"}],"version-history":[{"count":0,"href":"https:\/\/www.immo-invest.ch\/it\/wp-json\/wp\/v2\/posts\/58001\/revisions"}],"wp:featuredmedia":[{"embeddable":true,"href":"https:\/\/www.immo-invest.ch\/it\/wp-json\/wp\/v2\/media\/57992"}],"wp:attachment":[{"href":"https:\/\/www.immo-invest.ch\/it\/wp-json\/wp\/v2\/media?parent=58001"}],"wp:term":[{"taxonomy":"category","embeddable":true,"href":"https:\/\/www.immo-invest.ch\/it\/wp-json\/wp\/v2\/categories?post=58001"},{"taxonomy":"post_tag","embeddable":true,"href":"https:\/\/www.immo-invest.ch\/it\/wp-json\/wp\/v2\/tags?post=58001"}],"curies":[{"name":"wp","href":"https:\/\/api.w.org\/{rel}","templated":true}]}}