{"id":48630,"date":"2023-01-03T16:02:00","date_gmt":"2023-01-03T15:02:00","guid":{"rendered":"https:\/\/www.immo-invest.ch\/cote-de-gare\/"},"modified":"2023-02-20T10:06:58","modified_gmt":"2023-02-20T09:06:58","slug":"cote-de-gare","status":"publish","type":"post","link":"https:\/\/www.immo-invest.ch\/it\/cote-de-gare\/","title":{"rendered":"Lato stazione"},"content":{"rendered":"<p class=\"wp-block-paragraph\"><strong>Signor Simonot, i proprietari del progetto C&ocirc;t&eacute;Gare hanno pensato fin dall&rsquo;inizio all&rsquo;ottimizzazione dell&rsquo;attivit&agrave;: perch&eacute;?<\/strong><\/p>\n\n\n\n<p class=\"wp-block-paragraph\"><strong>Simonot:<\/strong> La costruzione pone le basi per un funzionamento efficiente. Se si considera che il periodo operativo &egrave; da 20 a 50 volte pi&ugrave; lungo del periodo di costruzione, si pu&ograve; capire l&rsquo;importanza di concentrarsi sull&rsquo;ambiente operativo pi&ugrave; efficiente possibile in una fase iniziale. Ci&ograve; &egrave; ancora pi&ugrave; evidente con l&rsquo;aumento delle installazioni tecnologiche sugli edifici, come quelle legate all&rsquo;implementazione di nuovi concetti di utilizzo e ai requisiti di sostenibilit&agrave;, tra gli altri.<\/p>\n\n\n\n<figure class=\"wp-block-image size-large\"><img loading=\"lazy\" decoding=\"async\" width=\"960\" height=\"480\" src=\"https:\/\/www.immo-invest.ch\/wp-content\/uploads\/2022\/10\/006_bussigny-cote-gare-lausanne-restaurant_2048-960x480.jpg\" alt=\"\" class=\"wp-image-45088\" srcset=\"https:\/\/www.immo-invest.ch\/wp-content\/uploads\/2022\/10\/006_bussigny-cote-gare-lausanne-restaurant_2048-960x480.jpg 960w, https:\/\/www.immo-invest.ch\/wp-content\/uploads\/2022\/10\/006_bussigny-cote-gare-lausanne-restaurant_2048-600x300.jpg 600w, https:\/\/www.immo-invest.ch\/wp-content\/uploads\/2022\/10\/006_bussigny-cote-gare-lausanne-restaurant_2048-692x346.jpg 692w, https:\/\/www.immo-invest.ch\/wp-content\/uploads\/2022\/10\/006_bussigny-cote-gare-lausanne-restaurant_2048-336x168.jpg 336w, https:\/\/www.immo-invest.ch\/wp-content\/uploads\/2022\/10\/006_bussigny-cote-gare-lausanne-restaurant_2048-768x384.jpg 768w, https:\/\/www.immo-invest.ch\/wp-content\/uploads\/2022\/10\/006_bussigny-cote-gare-lausanne-restaurant_2048.jpg 1000w\" sizes=\"auto, (max-width: 960px) 100vw, 960px\"\/><\/figure>\n\n\n\n<p class=\"wp-block-paragraph\"><strong>Moser e St&auml;uble: pom+ e Allthings erano responsabili del supporto al progetto nelle fasi di pianificazione e costruzione. Quali obiettivi hanno perseguito?<\/strong><\/p>\n\n\n\n<p class=\"wp-block-paragraph\"><strong>St&auml;uble:<\/strong> pom+ <span class=\"glossaryLink\"  aria-describedby=\"tt\"  data-cmtooltip=\"&lt;div class=glossaryItemTitle&gt;ERA&lt;\/div&gt;&lt;div class=glossaryItemBody&gt;Electronic Realty Associates; internationales Maklernetzwerk mit Schweizer Niederlassungen&nbsp;&lt;\/div&gt;\"  data-mobile-support=\"0\"  data-gt-translate-attributes='[{\"attribute\":\"data-cmtooltip\", \"format\":\"html\"}]' tabindex='0' role='link'>era<\/span> responsabile della pianificazione generale del funzionamento del sito durante tutte le fasi del ciclo di vita dell&rsquo;edificio. Il nostro obiettivo &egrave; progettare un funzionamento sostenibile ed economico. Oltre al concetto operativo, che comprende tutti i processi rilevanti, le condizioni e i requisiti operativi generali, sono stati realizzati anche lo sviluppo organizzativo, il calcolo dei costi del ciclo di vita e l&rsquo;approvvigionamento delle risorse necessarie per il funzionamento. Nel contesto della digitalizzazione e in collaborazione con Allthings, abbiamo fatto in modo che i requisiti delle singole soluzioni fossero armonizzati con il proprietario e il futuro operatore, sulla base dei vari casi d&rsquo;uso e processi operativi.<br><br><strong>Moser:<\/strong> I grandi cantieri oggi sono caratterizzati dall&rsquo;integrazione di un gran numero di componenti digitali e intelligenti. A C&ocirc;t&eacute;Gare, vengono utilizzate 13 soluzioni tecniche, ad esempio una soluzione digitale per la gestione dei parcheggi, cassette per i pacchi accessibili digitalmente o un sistema di prenotazione per le aree comuni con un adeguato sistema di accesso e pagamento digitale. La sfida per il proprietario e il futuro operatore sta nel numero di soluzioni implementate. Devono lavorare insieme senza soluzione di continuit&agrave; nel lungo periodo. Se questi sistemi non sono collegati, l&rsquo;operatore dovrebbe apportare modifiche a 13 sistemi diversi ogni volta che c&rsquo;&egrave; un cambio di inquilino o, peggio ancora, regolare manualmente l&rsquo;hardware pertinente in loco. Allthings &egrave; stata responsabile di garantire, durante la fase di pianificazione, che tutti i gruppi tecnologici lavorassero insieme senza problemi e non come soluzioni isolate e indipendenti.<br><br><strong>Signor Simonot, quali sono stati i risultati pi&ugrave; importanti di questo lavoro per il progetto C&ocirc;t&eacute;Gare?<\/strong><br><br><strong>Simonot:<\/strong> Il contributo di pom+ &egrave; stato necessario per implementare in modo proattivo il concetto di FM del progetto: se non si investe in una FM anticipata adattata alla progettazione e alla costruzione (FM-A), si finisce per essere costretti ad apportare correzioni durante la messa in funzione e l&rsquo;esercizio, con costi x volte superiori a quelli di progettazione. Inoltre, la piattaforma Allthings integrer&agrave; anche numerosi componenti tecnici, come cassette per i pacchi, barriere di parcheggio, sistemi di chiusura o sistemi di generazione di energia. Ci&ograve; consentir&agrave; a residenti, aziende e utenti di accedere facilmente a tutti i servizi e le infrastrutture del nuovo quartiere, semplificando notevolmente le operazioni di gestione. Allthings ha anche accompagnato l&rsquo;appaltatore totale, fornendo il necessario supporto alla pianificazione e all&rsquo;implementazione: questo &egrave; stato molto utile. Le gare d&rsquo;appalto pertinenti possono essere indirizzate verso un&rsquo;interazione senza soluzione di continuit&agrave; fin dall&rsquo;inizio. La comunicazione frequente tra pom+, Allthings, HRS e i proprietari dell&rsquo;edificio si &egrave; rivelata di grande successo per C&ocirc;t&eacute;Gare.<br><br><strong>Moser e St&auml;uble: Pu&ograve; quantificare il vantaggio finanziario del supporto ai progetti edilizi durante la pianificazione e la costruzione, dal punto di vista FM e digitale?<\/strong><br><br><strong>Moser \/ Allthings:<\/strong> In generale, stimiamo che circa il 30% dei costi possa essere risparmiato se i sistemi sono collegati senza soluzione di continuit&agrave;. Ma questo &egrave; possibile solo se l&rsquo;interoperabilit&agrave; &egrave; un requisito della gara d&rsquo;appalto. Il guadagno si traduce in una reale efficienza operativa nell&rsquo;arco di 20-50 anni, in quanto non &egrave; necessario, ad esempio, inserire o cancellare i dati anagrafici in ogni sistema ogni volta che c&rsquo;&egrave; un cambio di inquilino, o cercare e raccogliere manualmente i dati di utilizzo tramite Excel. Ma ci&ograve; che &egrave; almeno altrettanto importante &egrave; la significativa riduzione dei disagi e del rischio di burnout causati da sistemi che funzionano perfettamente insieme fin dall&rsquo;inizio e per tutta l&rsquo;operazione.<br><br><strong>St&auml;uble \/ pom+:<\/strong> La considerazione precoce dei requisiti operativi come parte dei requisiti dell&rsquo;utente (idealmente gi&agrave; all&rsquo;inizio del <span class=\"glossaryLink\"  aria-describedby=\"tt\"  data-cmtooltip=\"&lt;div class=glossaryItemTitle&gt;SIA&lt;\/div&gt;&lt;div class=glossaryItemBody&gt;Schweizerischer Ingenieur- und Architektenverein; massgebender Berufsverband f&uuml;r qualifizierte Fachleute der Bereiche Bau, Technik und Umwelt mit rund f&uuml;nfzehntausend Mitgliedern&lt;\/div&gt;\"  data-mobile-support=\"0\"  data-gt-translate-attributes='[{\"attribute\":\"data-cmtooltip\", \"format\":\"html\"}]' tabindex='0' role='link'>SIA<\/span> 32) sulla base del successivo utilizzo, dell&rsquo;organizzazione dell&rsquo;operazione e dei suoi processi assicura, ad esempio, che il coordinamento spaziale (ad esempio per i percorsi logistici) non solo <span class=\"glossaryLink\"  aria-describedby=\"tt\"  data-cmtooltip=\"&lt;div class=glossaryItemTitle&gt;SIA&lt;\/div&gt;&lt;div class=glossaryItemBody&gt;Schweizerischer Ingenieur- und Architektenverein; massgebender Berufsverband f&uuml;r qualifizierte Fachleute der Bereiche Bau, Technik und Umwelt mit rund f&uuml;nfzehntausend Mitgliedern&lt;\/div&gt;\"  data-mobile-support=\"0\"  data-gt-translate-attributes='[{\"attribute\":\"data-cmtooltip\", \"format\":\"html\"}]' tabindex='0' role='link'>sia<\/span> possibile, ma anche che <span class=\"glossaryLink\"  aria-describedby=\"tt\"  data-cmtooltip=\"&lt;div class=glossaryItemTitle&gt;SIA&lt;\/div&gt;&lt;div class=glossaryItemBody&gt;Schweizerischer Ingenieur- und Architektenverein; massgebender Berufsverband f&uuml;r qualifizierte Fachleute der Bereiche Bau, Technik und Umwelt mit rund f&uuml;nfzehntausend Mitgliedern&lt;\/div&gt;\"  data-mobile-support=\"0\"  data-gt-translate-attributes='[{\"attribute\":\"data-cmtooltip\", \"format\":\"html\"}]' tabindex='0' role='link'>sia<\/span> possibile raggiungere un elevato livello di efficienza. ci&ograve; garantisce, ad esempio, che il coordinamento spaziale (ad esempio per i percorsi logistici brevi), la materializzazione (ad esempio, bassa manutenzione, facile da mantenere) e le installazioni tecniche (ad esempio, il sistema di circolazione delle facciate) siano pianificate e controllate in modo ottimale, per essere il pi&ugrave; possibile efficienti dal punto di vista dei costi durante l&rsquo;intero ciclo di vita. Oltre ai requisiti FM-A convenzionali, i requisiti orientati al futuro per un funzionamento supportato dal sistema stanno diventando sempre pi&ugrave; importanti. a seconda dell&rsquo;obiettivo (ad esempio, processi operativi efficienti, maggiore comfort per l&rsquo;utente, accesso a nuovi servizi), i requisiti devono essere basati su casi d&rsquo;uso o processi operativi, i vari mestieri devono essere coordinati per soddisfare i requisiti e deve essere garantita la massima interoperabilit&agrave; possibile tra i sistemi, al fine di ottenere guadagni di efficienza sostenibili.<br><br><strong>Signor Simonot, cosa accadr&agrave; in seguito?<\/strong><\/p>\n\n\n\n<p class=\"wp-block-paragraph\"><strong>Simonot:<\/strong> Siamo in attesa dell&rsquo;apertura del nostro nuovo distretto nel 2024. A C&ocirc;t&eacute;Gare, offriremo ai nostri inquilini una casa moderna dove potranno beneficiare della digitalizzazione in modo semplice ed efficiente. Il prossimo passo importante per noi &egrave; l&rsquo;implementazione graduale dei processi e della piattaforma Allthings, nonch&eacute; la messa in funzione del sito, per la quale ci siamo preparati bene con HRS, pom+ e Allthings.<\/p>\n\n\n\n<figure class=\"wp-block-image size-large is-resized\"><img loading=\"lazy\" decoding=\"async\" src=\"https:\/\/www.immo-invest.ch\/wp-content\/uploads\/2022\/10\/Portrait_Brigitte_Moser-1-480x480.jpg\" alt=\"\" class=\"wp-image-45080\" width=\"322\" height=\"322\" srcset=\"https:\/\/www.immo-invest.ch\/wp-content\/uploads\/2022\/10\/Portrait_Brigitte_Moser-1-480x480.jpg 480w, https:\/\/www.immo-invest.ch\/wp-content\/uploads\/2022\/10\/Portrait_Brigitte_Moser-1-300x300.jpg 300w, https:\/\/www.immo-invest.ch\/wp-content\/uploads\/2022\/10\/Portrait_Brigitte_Moser-1-100x100.jpg 100w, https:\/\/www.immo-invest.ch\/wp-content\/uploads\/2022\/10\/Portrait_Brigitte_Moser-1-600x600.jpg 600w, https:\/\/www.immo-invest.ch\/wp-content\/uploads\/2022\/10\/Portrait_Brigitte_Moser-1-346x346.jpg 346w, https:\/\/www.immo-invest.ch\/wp-content\/uploads\/2022\/10\/Portrait_Brigitte_Moser-1.jpg 750w\" sizes=\"auto, (max-width: 322px) 100vw, 322px\"\/><\/figure>\n\n\n\n<p class=\"wp-block-paragraph\"><strong>Informazioni sulla persona <\/strong><br><strong>Brigitte Moser<\/strong> &egrave; entrata in Allthings alla sua nascita. Oggi dirige tutti i team che aiutano i clienti a utilizzare la piattaforma di orchestrazione Allthings in base alle loro esigenze e ai loro <span class=\"glossaryLink\" aria-describedby=\"tt\" data-cmtooltip=\"&lt;div class=glossaryItemTitle&gt;Asset&lt;\/div&gt;&lt;div class=glossaryItemBody&gt;Verm&ouml;genswert&lt;\/div&gt;\" data-mobile-support=\"0\" data-gt-translate-attributes='[{\"attribute\":\"data-cmtooltip\", \"format\":\"html\"}]' tabindex=\"0\" role=\"link\">asset<\/span>: questi team riuniscono esperti di trasformazione digitale, un team di successo clienti e specialisti di implementazione. &Egrave; anche responsabile dell&rsquo;intera area di prodotto da una prospettiva di business. Brigitte Moser ha studiato Sinologia, che le consente tuttora di tradurre le esigenze dei clienti in un software adeguato e viceversa.<\/p>\n\n\n\n<figure class=\"wp-block-image size-large is-resized\"><img loading=\"lazy\" decoding=\"async\" src=\"https:\/\/www.immo-invest.ch\/wp-content\/uploads\/2022\/10\/Portrait_Florent_Simonot-480x480.jpg\" alt=\"\" class=\"wp-image-45084\" width=\"327\" height=\"327\" srcset=\"https:\/\/www.immo-invest.ch\/wp-content\/uploads\/2022\/10\/Portrait_Florent_Simonot-480x480.jpg 480w, https:\/\/www.immo-invest.ch\/wp-content\/uploads\/2022\/10\/Portrait_Florent_Simonot-300x300.jpg 300w, https:\/\/www.immo-invest.ch\/wp-content\/uploads\/2022\/10\/Portrait_Florent_Simonot-100x100.jpg 100w, https:\/\/www.immo-invest.ch\/wp-content\/uploads\/2022\/10\/Portrait_Florent_Simonot-600x600.jpg 600w, https:\/\/www.immo-invest.ch\/wp-content\/uploads\/2022\/10\/Portrait_Florent_Simonot-346x346.jpg 346w, https:\/\/www.immo-invest.ch\/wp-content\/uploads\/2022\/10\/Portrait_Florent_Simonot-768x768.jpg 768w, https:\/\/www.immo-invest.ch\/wp-content\/uploads\/2022\/10\/Portrait_Florent_Simonot.jpg 1024w\" sizes=\"auto, (max-width: 327px) 100vw, 327px\"\/><\/figure>\n\n\n\n<p class=\"wp-block-paragraph\"><strong>Informazioni sulla persona<\/strong>:<br><strong>Florent Simonot <\/strong>lavora nel dipartimento Development &amp; Construction Management di Pensimo Management AG come project manager\/rappresentante clienti per la Svizzera francese. Ha studiato ingegneria a Parigi e a Dresda e ha conseguito un Master of Advanced Studies in <span class=\"glossaryLink\" aria-describedby=\"tt\" data-cmtooltip=\"&lt;div class=glossaryItemTitle&gt;Real Estate&lt;\/div&gt;&lt;div class=glossaryItemBody&gt;Engl. f&uuml;r Immobilien&lt;\/div&gt;\" data-mobile-support=\"0\" data-gt-translate-attributes='[{\"attribute\":\"data-cmtooltip\", \"format\":\"html\"}]' tabindex=\"0\" role=\"link\">Real Estate<\/span> (<span class=\"glossaryLink\"  aria-describedby=\"tt\"  data-cmtooltip=\"&lt;div class=glossaryItemTitle&gt;CUREM&lt;\/div&gt;&lt;div class=glossaryItemBody&gt;Center for Urban &amp;amp; Real Estate Management; privatwirtschaftlich organisierte Immobilien-Business-Schule auf universit&auml;rem Niveau in Z&uuml;rich&lt;\/div&gt;\"  data-mobile-support=\"0\"  data-gt-translate-attributes='[{\"attribute\":\"data-cmtooltip\", \"format\":\"html\"}]' tabindex='0' role='link'>CUREM<\/span>) presso l&rsquo;Universit&agrave; di Zurigo. Ha lavorato per 10 anni presso imprese totali e generali come project manager generale, per poi specializzarsi nella gestione delle varie fasi di grandi progetti immobiliari dal punto di vista del proprietario.<\/p>\n\n\n\n<figure class=\"wp-block-image size-large is-resized\"><img loading=\"lazy\" decoding=\"async\" src=\"https:\/\/www.immo-invest.ch\/wp-content\/uploads\/2022\/10\/Portrait_Marco_Stauble-480x480.jpg\" alt=\"\" class=\"wp-image-45092\" width=\"331\" height=\"331\" srcset=\"https:\/\/www.immo-invest.ch\/wp-content\/uploads\/2022\/10\/Portrait_Marco_Stauble-480x480.jpg 480w, https:\/\/www.immo-invest.ch\/wp-content\/uploads\/2022\/10\/Portrait_Marco_Stauble-300x300.jpg 300w, https:\/\/www.immo-invest.ch\/wp-content\/uploads\/2022\/10\/Portrait_Marco_Stauble-100x100.jpg 100w, https:\/\/www.immo-invest.ch\/wp-content\/uploads\/2022\/10\/Portrait_Marco_Stauble-600x600.jpg 600w, https:\/\/www.immo-invest.ch\/wp-content\/uploads\/2022\/10\/Portrait_Marco_Stauble-346x346.jpg 346w, https:\/\/www.immo-invest.ch\/wp-content\/uploads\/2022\/10\/Portrait_Marco_Stauble-768x768.jpg 768w, https:\/\/www.immo-invest.ch\/wp-content\/uploads\/2022\/10\/Portrait_Marco_Stauble.jpg 1024w\" sizes=\"auto, (max-width: 331px) 100vw, 331px\"\/><\/figure>\n\n\n\n<p class=\"wp-block-paragraph\"><strong>Informazioni sulla persona<\/strong>:<br><strong>Marco St&auml;uble<\/strong> &egrave; Head of Service Unit Facility Management di pom+ ed &egrave; responsabile per la Svizzera francese. In qualit&agrave; di architetto qualificato, ha accompagnato numerosi progetti edilizi complessi e apporta una prospettiva multiruolo alla sua attivit&agrave; di consulenza. Oltre alle sue qualifiche specializzate nel settore immobiliare, l&rsquo;esperienza degli studi teologici e la carriera di fumettista gli conferiscono una visione globale e un senso visivo. Questo background gli permette di orchestrare e accompagnare la pianificazione e la realizzazione di progetti impegnativi attraverso tutte le fasi <span class=\"glossaryLink\"  aria-describedby=\"tt\"  data-cmtooltip=\"&lt;div class=glossaryItemTitle&gt;SIA&lt;\/div&gt;&lt;div class=glossaryItemBody&gt;Schweizerischer Ingenieur- und Architektenverein; massgebender Berufsverband f&uuml;r qualifizierte Fachleute der Bereiche Bau, Technik und Umwelt mit rund f&uuml;nfzehntausend Mitgliedern&lt;\/div&gt;\"  data-mobile-support=\"0\"  data-gt-translate-attributes='[{\"attribute\":\"data-cmtooltip\", \"format\":\"html\"}]' tabindex='0' role='link'>SIA<\/span>.<\/p>\n","protected":false},"excerpt":{"rendered":"<p>Fruit d\u2019une r\u00e9flexion conjointe entre sp\u00e9cialistes de l\u2019architecture, du paysage et de l\u2019ing\u00e9nierie, C\u00f4t\u00e9Gare est pens\u00e9 comme un espace de vie r\u00e9solument urbain et social. Id\u00e9alement situ\u00e9 au c\u0153ur de Bussigny, ce nouveau quartier int\u00e8gre les tendances les plus actuelles avec ses logements, commerces et espaces de co-working r\u00e9unis dans un ensemble harmonieux, favorisant les \u00e9changes.<\/p>\n","protected":false},"author":2,"featured_media":45079,"comment_status":"open","ping_status":"open","sticky":false,"template":"","format":"standard","meta":{"pmpro_default_level":"","inline_featured_image":false,"_monsterinsights_skip_tracking":false,"footnotes":""},"categories":[745,9453],"tags":[36035,36036,36037,36038,36039],"class_list":["post-48630","post","type-post","status-publish","format-standard","has-post-thumbnail","hentry","category-immonews-it","category-region-romandie-it","tag-larchitecture-it","tag-lingenierie-it","tag-paysage-it","tag-social-it","tag-urbain-it","pmpro-has-access"],"acf":{"bild_mit_ki_erstellt_worden":[],"lead":"C\u00f4t\u00e9Gare \u00e8 il risultato di una riflessione congiunta tra specialisti dell'architettura, del paesaggio e dell'ingegneria ed \u00e8 concepito come uno spazio di vita decisamente urbano e sociale. Situato in posizione ideale nel cuore di Bussigny, questo nuovo quartiere integra le tendenze pi\u00f9 attuali con abitazioni, negozi e spazi di co-working riuniti in un insieme armonioso che favorisce gli scambi.","autor":"Texte : Jessica Bill, Visualisation : Architron GmbH","ort":"","bildunterschrift":"","bild_im_grid":false,"gallerie":"","newsim":""},"aioseo_notices":[],"aioseo_head":"\n\t\t<!-- All in One SEO 5.0.0.1 - aioseo.com -->\n\t<meta name=\"description\" content=\"Fruit d\u2019une r\u00e9flexion conjointe entre sp\u00e9cialistes de l\u2019architecture, du paysage et de l\u2019ing\u00e9nierie, C\u00f4t\u00e9Gare est pens\u00e9 comme un espace de vie r\u00e9solument urbain et social. Id\u00e9alement situ\u00e9 au c\u0153ur de Bussigny, ce nouveau quartier int\u00e8gre les tendances les plus actuelles avec ses logements, commerces et espaces de co-working r\u00e9unis dans un ensemble harmonieux, favorisant les \u00e9changes.\" \/>\n\t<meta name=\"robots\" content=\"max-image-preview:large\" \/>\n\t<meta name=\"author\" content=\"immovestuser\"\/>\n\t<meta name=\"google-site-verification\" content=\"fHJKvgWpZCR2zVBHWfkQeFXC11qieUSff0HGNYfuyLA\" \/>\n\t<link rel=\"canonical\" href=\"https:\/\/www.immo-invest.ch\/it\/cote-de-gare\/\" \/>\n\t<meta name=\"generator\" content=\"All in One SEO (AIOSEO) 5.0.0.1\" \/>\n\t\t<meta property=\"og:locale\" content=\"it_IT\" \/>\n\t\t<meta property=\"og:site_name\" content=\"immo!nvest - Die Plattform f\u00fcr Standorte und Immobilien - Die\u00a0Plattform f\u00fcr Standorte und Immobilien\" \/>\n\t\t<meta property=\"og:type\" content=\"article\" \/>\n\t\t<meta property=\"og:title\" content=\"Lato stazione - immo!nvest - Die Plattform f\u00fcr Standorte und Immobilien\" \/>\n\t\t<meta property=\"og:description\" content=\"Fruit d\u2019une r\u00e9flexion conjointe entre sp\u00e9cialistes de l\u2019architecture, du paysage et de l\u2019ing\u00e9nierie, C\u00f4t\u00e9Gare est pens\u00e9 comme un espace de vie r\u00e9solument urbain et social. Id\u00e9alement situ\u00e9 au c\u0153ur de Bussigny, ce nouveau quartier int\u00e8gre les tendances les plus actuelles avec ses logements, commerces et espaces de co-working r\u00e9unis dans un ensemble harmonieux, favorisant les \u00e9changes.\" \/>\n\t\t<meta property=\"og:url\" content=\"https:\/\/www.immo-invest.ch\/it\/cote-de-gare\/\" \/>\n\t\t<meta property=\"og:image\" content=\"https:\/\/www.immo-invest.ch\/wp-content\/uploads\/2022\/10\/004_bussigny-cote-gare-lausanne-placefontaine_2048.jpg\" \/>\n\t\t<meta property=\"og:image:secure_url\" content=\"https:\/\/www.immo-invest.ch\/wp-content\/uploads\/2022\/10\/004_bussigny-cote-gare-lausanne-placefontaine_2048.jpg\" \/>\n\t\t<meta property=\"og:image:width\" content=\"1000\" \/>\n\t\t<meta property=\"og:image:height\" content=\"500\" \/>\n\t\t<meta property=\"article:published_time\" content=\"2023-01-03T15:02:00+00:00\" \/>\n\t\t<meta property=\"article:modified_time\" content=\"2023-02-20T09:06:58+00:00\" \/>\n\t\t<meta property=\"article:publisher\" content=\"https:\/\/www.facebook.com\/people\/Immoinvest\/100077962920504\/\" \/>\n\t\t<meta name=\"twitter:card\" content=\"summary_large_image\" \/>\n\t\t<meta name=\"twitter:site\" content=\"@i\" \/>\n\t\t<meta name=\"twitter:title\" content=\"Lato stazione - immo!nvest - Die Plattform f\u00fcr Standorte und Immobilien\" \/>\n\t\t<meta name=\"twitter:description\" content=\"Fruit d\u2019une r\u00e9flexion conjointe entre sp\u00e9cialistes de l\u2019architecture, du paysage et de l\u2019ing\u00e9nierie, C\u00f4t\u00e9Gare est pens\u00e9 comme un espace de vie r\u00e9solument urbain et social. Id\u00e9alement situ\u00e9 au c\u0153ur de Bussigny, ce nouveau quartier int\u00e8gre les tendances les plus actuelles avec ses logements, commerces et espaces de co-working r\u00e9unis dans un ensemble harmonieux, favorisant les \u00e9changes.\" \/>\n\t\t<meta name=\"twitter:creator\" content=\"@i\" \/>\n\t\t<meta name=\"twitter:image\" content=\"https:\/\/www.immo-invest.ch\/wp-content\/uploads\/2022\/10\/004_bussigny-cote-gare-lausanne-placefontaine_2048.jpg\" \/>\n\t\t<script type=\"application\/ld+json\" class=\"aioseo-schema\">\n\t\t\t{\"@context\":\"https:\\\/\\\/schema.org\",\"@graph\":[{\"@type\":\"BlogPosting\",\"@id\":\"https:\\\/\\\/www.immo-invest.ch\\\/it\\\/cote-de-gare\\\/#blogposting\",\"name\":\"Lato stazione - immo!nvest - Die Plattform f\\u00fcr Standorte und Immobilien\",\"headline\":\"Lato stazione\",\"author\":{\"@id\":\"https:\\\/\\\/www.immo-invest.ch\\\/it\\\/author\\\/immovestuser\\\/#author\"},\"publisher\":{\"@id\":\"https:\\\/\\\/www.immo-invest.ch\\\/it\\\/#organization\"},\"image\":{\"@type\":\"ImageObject\",\"url\":\"https:\\\/\\\/www.immo-invest.ch\\\/wp-content\\\/uploads\\\/2022\\\/10\\\/004_bussigny-cote-gare-lausanne-placefontaine_2048.jpg\",\"width\":1000,\"height\":500},\"datePublished\":\"2023-01-03T16:02:00+01:00\",\"dateModified\":\"2023-02-20T10:06:58+01:00\",\"inLanguage\":\"it-IT\",\"mainEntityOfPage\":{\"@id\":\"https:\\\/\\\/www.immo-invest.ch\\\/it\\\/cote-de-gare\\\/#webpage\"},\"isPartOf\":{\"@id\":\"https:\\\/\\\/www.immo-invest.ch\\\/it\\\/cote-de-gare\\\/#webpage\"},\"articleSection\":\"immoNews, Romandie, l\\u2019architecture, l\\u2019ing\\u00e9nierie, paysage, social, urbain, Optional\"},{\"@type\":\"BreadcrumbList\",\"@id\":\"https:\\\/\\\/www.immo-invest.ch\\\/it\\\/cote-de-gare\\\/#breadcrumblist\",\"itemListElement\":[{\"@type\":\"ListItem\",\"@id\":\"https:\\\/\\\/www.immo-invest.ch\\\/it\\\/#listItem\",\"position\":1,\"name\":\"Home\",\"item\":\"https:\\\/\\\/www.immo-invest.ch\\\/it\\\/\",\"nextItem\":{\"@type\":\"ListItem\",\"@id\":\"https:\\\/\\\/www.immo-invest.ch\\\/it\\\/categoria\\\/regioni\\\/#listItem\",\"name\":\"Regioni\"}},{\"@type\":\"ListItem\",\"@id\":\"https:\\\/\\\/www.immo-invest.ch\\\/it\\\/categoria\\\/regioni\\\/#listItem\",\"position\":2,\"name\":\"Regioni\",\"item\":\"https:\\\/\\\/www.immo-invest.ch\\\/it\\\/categoria\\\/regioni\\\/\",\"nextItem\":{\"@type\":\"ListItem\",\"@id\":\"https:\\\/\\\/www.immo-invest.ch\\\/it\\\/categoria\\\/regioni\\\/region-romandie-it\\\/#listItem\",\"name\":\"Romandie\"},\"previousItem\":{\"@type\":\"ListItem\",\"@id\":\"https:\\\/\\\/www.immo-invest.ch\\\/it\\\/#listItem\",\"name\":\"Home\"}},{\"@type\":\"ListItem\",\"@id\":\"https:\\\/\\\/www.immo-invest.ch\\\/it\\\/categoria\\\/regioni\\\/region-romandie-it\\\/#listItem\",\"position\":3,\"name\":\"Romandie\",\"item\":\"https:\\\/\\\/www.immo-invest.ch\\\/it\\\/categoria\\\/regioni\\\/region-romandie-it\\\/\",\"nextItem\":{\"@type\":\"ListItem\",\"@id\":\"https:\\\/\\\/www.immo-invest.ch\\\/it\\\/cote-de-gare\\\/#listItem\",\"name\":\"Lato stazione\"},\"previousItem\":{\"@type\":\"ListItem\",\"@id\":\"https:\\\/\\\/www.immo-invest.ch\\\/it\\\/categoria\\\/regioni\\\/#listItem\",\"name\":\"Regioni\"}},{\"@type\":\"ListItem\",\"@id\":\"https:\\\/\\\/www.immo-invest.ch\\\/it\\\/cote-de-gare\\\/#listItem\",\"position\":4,\"name\":\"Lato stazione\",\"previousItem\":{\"@type\":\"ListItem\",\"@id\":\"https:\\\/\\\/www.immo-invest.ch\\\/it\\\/categoria\\\/regioni\\\/region-romandie-it\\\/#listItem\",\"name\":\"Romandie\"}}]},{\"@type\":\"Organization\",\"@id\":\"https:\\\/\\\/www.immo-invest.ch\\\/it\\\/#organization\",\"name\":\"immo!nvest - Die Plattform f\\u00fcr Standorte und Immobilien\",\"description\":\"Die\\u00a0Plattform f\\u00fcr Standorte und Immobilien\",\"url\":\"https:\\\/\\\/www.immo-invest.ch\\\/it\\\/\",\"email\":\"admin@immomedia.ag\",\"telephone\":\"+41444420002\",\"logo\":{\"@type\":\"ImageObject\",\"url\":\"https:\\\/\\\/www.immo-invest.ch\\\/wp-content\\\/uploads\\\/2024\\\/09\\\/immoinvest_sm-scaled.jpg\",\"@id\":\"https:\\\/\\\/www.immo-invest.ch\\\/it\\\/cote-de-gare\\\/#organizationLogo\",\"width\":2560,\"height\":1340},\"image\":{\"@id\":\"https:\\\/\\\/www.immo-invest.ch\\\/it\\\/cote-de-gare\\\/#organizationLogo\"},\"sameAs\":[\"https:\\\/\\\/www.facebook.com\\\/people\\\/Immoinvest\\\/100077962920504\\\/\",\"https:\\\/\\\/x.com\\\/i\\\/flow\\\/login?redirect_after_login=immoinvest_ch\",\"https:\\\/\\\/www.instagram.com\\\/immoinvest_ch\\\/\",\"https:\\\/\\\/www.linkedin.com\\\/company\\\/immoinvest-swiss\"]},{\"@type\":\"Person\",\"@id\":\"https:\\\/\\\/www.immo-invest.ch\\\/it\\\/author\\\/immovestuser\\\/#author\",\"url\":\"https:\\\/\\\/www.immo-invest.ch\\\/it\\\/author\\\/immovestuser\\\/\",\"name\":\"immovestuser\",\"image\":{\"@type\":\"ImageObject\",\"@id\":\"https:\\\/\\\/www.immo-invest.ch\\\/it\\\/cote-de-gare\\\/#authorImage\",\"url\":\"https:\\\/\\\/secure.gravatar.com\\\/avatar\\\/8e01f4d99f2eeea7a362ebb93305e1172a70e9293ba250f897a65c39f54cdd1e?s=96&d=mm&r=g\",\"width\":96,\"height\":96,\"caption\":\"immovestuser\"}},{\"@type\":\"WebPage\",\"@id\":\"https:\\\/\\\/www.immo-invest.ch\\\/it\\\/cote-de-gare\\\/#webpage\",\"url\":\"https:\\\/\\\/www.immo-invest.ch\\\/it\\\/cote-de-gare\\\/\",\"name\":\"Lato stazione - immo!nvest - Die Plattform f\\u00fcr Standorte und Immobilien\",\"description\":\"Fruit d\\u2019une r\\u00e9flexion conjointe entre sp\\u00e9cialistes de l\\u2019architecture, du paysage et de l\\u2019ing\\u00e9nierie, C\\u00f4t\\u00e9Gare est pens\\u00e9 comme un espace de vie r\\u00e9solument urbain et social. Id\\u00e9alement situ\\u00e9 au c\\u0153ur de Bussigny, ce nouveau quartier int\\u00e8gre les tendances les plus actuelles avec ses logements, commerces et espaces de co-working r\\u00e9unis dans un ensemble harmonieux, favorisant les \\u00e9changes.\",\"inLanguage\":\"it-IT\",\"isPartOf\":{\"@id\":\"https:\\\/\\\/www.immo-invest.ch\\\/it\\\/#website\"},\"breadcrumb\":{\"@id\":\"https:\\\/\\\/www.immo-invest.ch\\\/it\\\/cote-de-gare\\\/#breadcrumblist\"},\"author\":{\"@id\":\"https:\\\/\\\/www.immo-invest.ch\\\/it\\\/author\\\/immovestuser\\\/#author\"},\"creator\":{\"@id\":\"https:\\\/\\\/www.immo-invest.ch\\\/it\\\/author\\\/immovestuser\\\/#author\"},\"image\":{\"@type\":\"ImageObject\",\"url\":\"https:\\\/\\\/www.immo-invest.ch\\\/wp-content\\\/uploads\\\/2022\\\/10\\\/004_bussigny-cote-gare-lausanne-placefontaine_2048.jpg\",\"@id\":\"https:\\\/\\\/www.immo-invest.ch\\\/it\\\/cote-de-gare\\\/#mainImage\",\"width\":1000,\"height\":500},\"primaryImageOfPage\":{\"@id\":\"https:\\\/\\\/www.immo-invest.ch\\\/it\\\/cote-de-gare\\\/#mainImage\"},\"datePublished\":\"2023-01-03T16:02:00+01:00\",\"dateModified\":\"2023-02-20T10:06:58+01:00\"},{\"@type\":\"WebSite\",\"@id\":\"https:\\\/\\\/www.immo-invest.ch\\\/it\\\/#website\",\"url\":\"https:\\\/\\\/www.immo-invest.ch\\\/it\\\/\",\"name\":\"immo!nvest - Die Plattform f\\u00fcr Standorte und Immobilien\",\"description\":\"Die\\u00a0Plattform f\\u00fcr Standorte und Immobilien\",\"inLanguage\":\"it-IT\",\"publisher\":{\"@id\":\"https:\\\/\\\/www.immo-invest.ch\\\/it\\\/#organization\"}}]}\n\t\t<\/script>\n\t\t<!-- All in One SEO -->\n\n","aioseo_head_json":{"title":"Lato stazione - immo!nvest - Die Plattform f\u00fcr Standorte und Immobilien","description":"Fruit d\u2019une r\u00e9flexion conjointe entre sp\u00e9cialistes de l\u2019architecture, du paysage et de l\u2019ing\u00e9nierie, C\u00f4t\u00e9Gare est pens\u00e9 comme un espace de vie r\u00e9solument urbain et social. Id\u00e9alement situ\u00e9 au c\u0153ur de Bussigny, ce nouveau quartier int\u00e8gre les tendances les plus actuelles avec ses logements, commerces et espaces de co-working r\u00e9unis dans un ensemble harmonieux, favorisant les \u00e9changes.","canonical_url":"https:\/\/www.immo-invest.ch\/it\/cote-de-gare\/","robots":"max-image-preview:large","keywords":"","webmasterTools":{"google-site-verification":"fHJKvgWpZCR2zVBHWfkQeFXC11qieUSff0HGNYfuyLA","miscellaneous":""},"schema":{"@context":"https:\/\/schema.org","@graph":[{"@type":"BlogPosting","@id":"https:\/\/www.immo-invest.ch\/it\/cote-de-gare\/#blogposting","name":"Lato stazione - immo!nvest - Die Plattform f\u00fcr Standorte und Immobilien","headline":"Lato stazione","author":{"@id":"https:\/\/www.immo-invest.ch\/it\/author\/immovestuser\/#author"},"publisher":{"@id":"https:\/\/www.immo-invest.ch\/it\/#organization"},"image":{"@type":"ImageObject","url":"https:\/\/www.immo-invest.ch\/wp-content\/uploads\/2022\/10\/004_bussigny-cote-gare-lausanne-placefontaine_2048.jpg","width":1000,"height":500},"datePublished":"2023-01-03T16:02:00+01:00","dateModified":"2023-02-20T10:06:58+01:00","inLanguage":"it-IT","mainEntityOfPage":{"@id":"https:\/\/www.immo-invest.ch\/it\/cote-de-gare\/#webpage"},"isPartOf":{"@id":"https:\/\/www.immo-invest.ch\/it\/cote-de-gare\/#webpage"},"articleSection":"immoNews, Romandie, l\u2019architecture, l\u2019ing\u00e9nierie, paysage, social, urbain, Optional"},{"@type":"BreadcrumbList","@id":"https:\/\/www.immo-invest.ch\/it\/cote-de-gare\/#breadcrumblist","itemListElement":[{"@type":"ListItem","@id":"https:\/\/www.immo-invest.ch\/it\/#listItem","position":1,"name":"Home","item":"https:\/\/www.immo-invest.ch\/it\/","nextItem":{"@type":"ListItem","@id":"https:\/\/www.immo-invest.ch\/it\/categoria\/regioni\/#listItem","name":"Regioni"}},{"@type":"ListItem","@id":"https:\/\/www.immo-invest.ch\/it\/categoria\/regioni\/#listItem","position":2,"name":"Regioni","item":"https:\/\/www.immo-invest.ch\/it\/categoria\/regioni\/","nextItem":{"@type":"ListItem","@id":"https:\/\/www.immo-invest.ch\/it\/categoria\/regioni\/region-romandie-it\/#listItem","name":"Romandie"},"previousItem":{"@type":"ListItem","@id":"https:\/\/www.immo-invest.ch\/it\/#listItem","name":"Home"}},{"@type":"ListItem","@id":"https:\/\/www.immo-invest.ch\/it\/categoria\/regioni\/region-romandie-it\/#listItem","position":3,"name":"Romandie","item":"https:\/\/www.immo-invest.ch\/it\/categoria\/regioni\/region-romandie-it\/","nextItem":{"@type":"ListItem","@id":"https:\/\/www.immo-invest.ch\/it\/cote-de-gare\/#listItem","name":"Lato stazione"},"previousItem":{"@type":"ListItem","@id":"https:\/\/www.immo-invest.ch\/it\/categoria\/regioni\/#listItem","name":"Regioni"}},{"@type":"ListItem","@id":"https:\/\/www.immo-invest.ch\/it\/cote-de-gare\/#listItem","position":4,"name":"Lato stazione","previousItem":{"@type":"ListItem","@id":"https:\/\/www.immo-invest.ch\/it\/categoria\/regioni\/region-romandie-it\/#listItem","name":"Romandie"}}]},{"@type":"Organization","@id":"https:\/\/www.immo-invest.ch\/it\/#organization","name":"immo!nvest - Die Plattform f\u00fcr Standorte und Immobilien","description":"Die\u00a0Plattform f\u00fcr Standorte und Immobilien","url":"https:\/\/www.immo-invest.ch\/it\/","email":"admin@immomedia.ag","telephone":"+41444420002","logo":{"@type":"ImageObject","url":"https:\/\/www.immo-invest.ch\/wp-content\/uploads\/2024\/09\/immoinvest_sm-scaled.jpg","@id":"https:\/\/www.immo-invest.ch\/it\/cote-de-gare\/#organizationLogo","width":2560,"height":1340},"image":{"@id":"https:\/\/www.immo-invest.ch\/it\/cote-de-gare\/#organizationLogo"},"sameAs":["https:\/\/www.facebook.com\/people\/Immoinvest\/100077962920504\/","https:\/\/x.com\/i\/flow\/login?redirect_after_login=immoinvest_ch","https:\/\/www.instagram.com\/immoinvest_ch\/","https:\/\/www.linkedin.com\/company\/immoinvest-swiss"]},{"@type":"Person","@id":"https:\/\/www.immo-invest.ch\/it\/author\/immovestuser\/#author","url":"https:\/\/www.immo-invest.ch\/it\/author\/immovestuser\/","name":"immovestuser","image":{"@type":"ImageObject","@id":"https:\/\/www.immo-invest.ch\/it\/cote-de-gare\/#authorImage","url":"https:\/\/secure.gravatar.com\/avatar\/8e01f4d99f2eeea7a362ebb93305e1172a70e9293ba250f897a65c39f54cdd1e?s=96&d=mm&r=g","width":96,"height":96,"caption":"immovestuser"}},{"@type":"WebPage","@id":"https:\/\/www.immo-invest.ch\/it\/cote-de-gare\/#webpage","url":"https:\/\/www.immo-invest.ch\/it\/cote-de-gare\/","name":"Lato stazione - immo!nvest - Die Plattform f\u00fcr Standorte und Immobilien","description":"Fruit d\u2019une r\u00e9flexion conjointe entre sp\u00e9cialistes de l\u2019architecture, du paysage et de l\u2019ing\u00e9nierie, C\u00f4t\u00e9Gare est pens\u00e9 comme un espace de vie r\u00e9solument urbain et social. Id\u00e9alement situ\u00e9 au c\u0153ur de Bussigny, ce nouveau quartier int\u00e8gre les tendances les plus actuelles avec ses logements, commerces et espaces de co-working r\u00e9unis dans un ensemble harmonieux, favorisant les \u00e9changes.","inLanguage":"it-IT","isPartOf":{"@id":"https:\/\/www.immo-invest.ch\/it\/#website"},"breadcrumb":{"@id":"https:\/\/www.immo-invest.ch\/it\/cote-de-gare\/#breadcrumblist"},"author":{"@id":"https:\/\/www.immo-invest.ch\/it\/author\/immovestuser\/#author"},"creator":{"@id":"https:\/\/www.immo-invest.ch\/it\/author\/immovestuser\/#author"},"image":{"@type":"ImageObject","url":"https:\/\/www.immo-invest.ch\/wp-content\/uploads\/2022\/10\/004_bussigny-cote-gare-lausanne-placefontaine_2048.jpg","@id":"https:\/\/www.immo-invest.ch\/it\/cote-de-gare\/#mainImage","width":1000,"height":500},"primaryImageOfPage":{"@id":"https:\/\/www.immo-invest.ch\/it\/cote-de-gare\/#mainImage"},"datePublished":"2023-01-03T16:02:00+01:00","dateModified":"2023-02-20T10:06:58+01:00"},{"@type":"WebSite","@id":"https:\/\/www.immo-invest.ch\/it\/#website","url":"https:\/\/www.immo-invest.ch\/it\/","name":"immo!nvest - Die Plattform f\u00fcr Standorte und Immobilien","description":"Die\u00a0Plattform f\u00fcr Standorte und Immobilien","inLanguage":"it-IT","publisher":{"@id":"https:\/\/www.immo-invest.ch\/it\/#organization"}}]},"og:locale":"it_IT","og:site_name":"immo!nvest - Die Plattform f\u00fcr Standorte und Immobilien - Die\u00a0Plattform f\u00fcr Standorte und Immobilien","og:type":"article","og:title":"Lato stazione - immo!nvest - Die Plattform f\u00fcr Standorte und Immobilien","og:description":"Fruit d\u2019une r\u00e9flexion conjointe entre sp\u00e9cialistes de l\u2019architecture, du paysage et de l\u2019ing\u00e9nierie, C\u00f4t\u00e9Gare est pens\u00e9 comme un espace de vie r\u00e9solument urbain et social. Id\u00e9alement situ\u00e9 au c\u0153ur de Bussigny, ce nouveau quartier int\u00e8gre les tendances les plus actuelles avec ses logements, commerces et espaces de co-working r\u00e9unis dans un ensemble harmonieux, favorisant les \u00e9changes.","og:url":"https:\/\/www.immo-invest.ch\/it\/cote-de-gare\/","og:image":"https:\/\/www.immo-invest.ch\/wp-content\/uploads\/2022\/10\/004_bussigny-cote-gare-lausanne-placefontaine_2048.jpg","og:image:secure_url":"https:\/\/www.immo-invest.ch\/wp-content\/uploads\/2022\/10\/004_bussigny-cote-gare-lausanne-placefontaine_2048.jpg","og:image:width":1000,"og:image:height":500,"article:published_time":"2023-01-03T15:02:00+00:00","article:modified_time":"2023-02-20T09:06:58+00:00","article:publisher":"https:\/\/www.facebook.com\/people\/Immoinvest\/100077962920504\/","twitter:card":"summary_large_image","twitter:site":"@i","twitter:title":"Lato stazione - immo!nvest - Die Plattform f\u00fcr Standorte und Immobilien","twitter:description":"Fruit d\u2019une r\u00e9flexion conjointe entre sp\u00e9cialistes de l\u2019architecture, du paysage et de l\u2019ing\u00e9nierie, C\u00f4t\u00e9Gare est pens\u00e9 comme un espace de vie r\u00e9solument urbain et social. Id\u00e9alement situ\u00e9 au c\u0153ur de Bussigny, ce nouveau quartier int\u00e8gre les tendances les plus actuelles avec ses logements, commerces et espaces de co-working r\u00e9unis dans un ensemble harmonieux, favorisant les \u00e9changes.","twitter:creator":"@i","twitter:image":"https:\/\/www.immo-invest.ch\/wp-content\/uploads\/2022\/10\/004_bussigny-cote-gare-lausanne-placefontaine_2048.jpg"},"aioseo_meta_data":{"post_id":"48630","title":null,"description":null,"keywords":null,"keyphrases":null,"primary_term":null,"canonical_url":null,"og_title":null,"og_description":null,"og_object_type":"default","og_image_type":"default","og_image_url":null,"og_image_width":null,"og_image_height":null,"og_image_custom_url":null,"og_image_custom_fields":null,"og_video":null,"og_custom_url":null,"og_article_section":null,"og_article_tags":null,"twitter_use_og":false,"twitter_card":"default","twitter_image_type":"default","twitter_image_url":null,"twitter_image_custom_url":null,"twitter_image_custom_fields":null,"twitter_title":null,"twitter_description":null,"schema":{"blockGraphs":[],"customGraphs":[],"default":{"data":{"Article":[],"Course":[],"Dataset":[],"FAQPage":[],"Movie":[],"Person":[],"Product":[],"ProductReview":[],"Car":[],"Recipe":[],"Service":[],"SoftwareApplication":[],"WebPage":[]},"graphName":"","isEnabled":true},"graphs":[]},"schema_type":"default","schema_type_options":null,"pillar_content":false,"robots_default":true,"robots_noindex":false,"robots_noarchive":false,"robots_nosnippet":false,"robots_nofollow":false,"robots_noimageindex":false,"robots_noodp":false,"robots_notranslate":false,"robots_max_snippet":null,"robots_max_videopreview":null,"robots_max_imagepreview":"large","priority":null,"frequency":null,"local_seo":null,"breadcrumb_settings":null,"limit_modified_date":false,"ai":null,"created":"2024-09-20 00:52:56","updated":"2025-10-23 06:37:11","seo_analyzer_scan_date":null,"focus_keyword":null,"additional_keywords":null,"truseo_locale":null},"aioseo_breadcrumb":"<div class=\"aioseo-breadcrumbs\"><span class=\"aioseo-breadcrumb\">\n\t\t\t<a href=\"https:\/\/www.immo-invest.ch\/it\/\" title=\"Home\">Home<\/a>\n\t\t<\/span><span class=\"aioseo-breadcrumb-separator\">&raquo;<\/span><span class=\"aioseo-breadcrumb\">\n\t\t\t<a href=\"https:\/\/www.immo-invest.ch\/it\/categoria\/regioni\/\" title=\"Regioni\">Regioni<\/a>\n\t\t<\/span><span class=\"aioseo-breadcrumb-separator\">&raquo;<\/span><span class=\"aioseo-breadcrumb\">\n\t\t\t<a href=\"https:\/\/www.immo-invest.ch\/it\/categoria\/regioni\/region-romandie-it\/\" title=\"Romandie\">Romandie<\/a>\n\t\t<\/span><span class=\"aioseo-breadcrumb-separator\">&raquo;<\/span><span class=\"aioseo-breadcrumb\">\n\t\t\tLato stazione\n\t\t<\/span><\/div>","aioseo_breadcrumb_json":[{"label":"Home","link":"https:\/\/www.immo-invest.ch\/it\/"},{"label":"Regioni","link":"https:\/\/www.immo-invest.ch\/it\/categoria\/regioni\/"},{"label":"Romandie","link":"https:\/\/www.immo-invest.ch\/it\/categoria\/regioni\/region-romandie-it\/"},{"label":"Lato stazione","link":"https:\/\/www.immo-invest.ch\/it\/cote-de-gare\/"}],"featured_image_src":"https:\/\/www.immo-invest.ch\/wp-content\/uploads\/2022\/10\/004_bussigny-cote-gare-lausanne-placefontaine_2048-336x168.jpg","_links":{"self":[{"href":"https:\/\/www.immo-invest.ch\/it\/wp-json\/wp\/v2\/posts\/48630","targetHints":{"allow":["GET"]}}],"collection":[{"href":"https:\/\/www.immo-invest.ch\/it\/wp-json\/wp\/v2\/posts"}],"about":[{"href":"https:\/\/www.immo-invest.ch\/it\/wp-json\/wp\/v2\/types\/post"}],"author":[{"embeddable":true,"href":"https:\/\/www.immo-invest.ch\/it\/wp-json\/wp\/v2\/users\/2"}],"replies":[{"embeddable":true,"href":"https:\/\/www.immo-invest.ch\/it\/wp-json\/wp\/v2\/comments?post=48630"}],"version-history":[{"count":0,"href":"https:\/\/www.immo-invest.ch\/it\/wp-json\/wp\/v2\/posts\/48630\/revisions"}],"wp:featuredmedia":[{"embeddable":true,"href":"https:\/\/www.immo-invest.ch\/it\/wp-json\/wp\/v2\/media\/45079"}],"wp:attachment":[{"href":"https:\/\/www.immo-invest.ch\/it\/wp-json\/wp\/v2\/media?parent=48630"}],"wp:term":[{"taxonomy":"category","embeddable":true,"href":"https:\/\/www.immo-invest.ch\/it\/wp-json\/wp\/v2\/categories?post=48630"},{"taxonomy":"post_tag","embeddable":true,"href":"https:\/\/www.immo-invest.ch\/it\/wp-json\/wp\/v2\/tags?post=48630"}],"curies":[{"name":"wp","href":"https:\/\/api.w.org\/{rel}","templated":true}]}}