{"id":29196,"date":"2021-12-20T13:00:00","date_gmt":"2021-12-20T12:00:00","guid":{"rendered":"https:\/\/www.immo-invest.ch\/?p=29196"},"modified":"2022-02-14T10:28:18","modified_gmt":"2022-02-14T09:28:18","slug":"verstaerkung-der-privera-geschaeftsleitung","status":"publish","type":"post","link":"https:\/\/www.immo-invest.ch\/it\/verstaerkung-der-privera-geschaeftsleitung\/","title":{"rendered":"Verst\u00e4rkung der PRIVERA-Gesch\u00e4ftsleitung"},"content":{"rendered":"<p class=\"wp-block-paragraph\"><strong>Per 1. Januar 2022 verst&auml;rkt PRIVERA ihre Gesch&auml;ftsleitung. Andreas Wegm&uuml;ller, wird neu Leiter <span class=\"glossaryLink\" aria-describedby=\"tt\" data-cmtooltip=\"&lt;div class=glossaryItemTitle&gt;Bewirtschaftung&lt;\/div&gt;&lt;div class=glossaryItemBody&gt;Ganzheitliche Betreuung von Liegenschaften unter Ber&uuml;cksichtigung der Ziele der Eigent&uuml;mer und der Anforderungen des Marktes. In der Regel stehen dabei die Optimierung des Wertes f&uuml;r die Nutzer, die Erhaltung der Bausubstanz sowie die Verzinsung der Investition im Vordergrund&lt;\/div&gt;\" data-mobile-support=\"0\" data-gt-translate-attributes='[{\"attribute\":\"data-cmtooltip\", \"format\":\"html\"}]' tabindex=\"0\" role=\"link\">Bewirtschaftung<\/span> Schweiz und Mitglied der Gesch&auml;ftsleitung der PRIVERA.<\/strong><\/p>\n\n\n\n<p class=\"wp-block-paragraph\">Andrea Wegm&uuml;ller ist eidgen&ouml;ssisch diplomierter Immobilientreuh&auml;nder. Er verf&uuml;gt &uuml;ber einen Masterabschluss in <span class=\"glossaryLink\" aria-describedby=\"tt\" data-cmtooltip=\"&lt;div class=glossaryItemTitle&gt;Real Estate Management&lt;\/div&gt;&lt;div class=glossaryItemBody&gt;Engl. f&uuml;r Immobilien-Management&lt;\/div&gt;\" data-mobile-support=\"0\" data-gt-translate-attributes='[{\"attribute\":\"data-cmtooltip\", \"format\":\"html\"}]' tabindex=\"0\" role=\"link\">Real Estate Management<\/span> und verst&auml;rkt das PRIVERA Team seit 5 Jahren. Zur Zeit ist er Regionenleiter <span class=\"glossaryLink\" aria-describedby=\"tt\" data-cmtooltip=\"&lt;div class=glossaryItemTitle&gt;Bewirtschaftung&lt;\/div&gt;&lt;div class=glossaryItemBody&gt;Ganzheitliche Betreuung von Liegenschaften unter Ber&uuml;cksichtigung der Ziele der Eigent&uuml;mer und der Anforderungen des Marktes. In der Regel stehen dabei die Optimierung des Wertes f&uuml;r die Nutzer, die Erhaltung der Bausubstanz sowie die Verzinsung der Investition im Vordergrund&lt;\/div&gt;\" data-mobile-support=\"0\" data-gt-translate-attributes='[{\"attribute\":\"data-cmtooltip\", \"format\":\"html\"}]' tabindex=\"0\" role=\"link\">Bewirtschaftung<\/span> Ost.<\/p>\n\n\n\n<p class=\"wp-block-paragraph\">Andrea Wegm&uuml;ller wird die Bewirtschaftungsregion Ost wie bis anhin direkt leiten und zudem ad interim die Region West verantworten. Die Region Mitte wird weiterhin von Nicole Kuhn geleitet. Die Niederlassungsleitung Wallisellen wird ab 1. Januar 2022 neu von Nadja Abdelrahim wahrgenommen. Frau Abdelrahim ist Immobilienbewirtschafterin mit eidgen&ouml;ssischem Fachausweis und bei der PRIVERA Wallisellen seit knapp drei Jahren als Teamleiterin t&auml;tig.<\/p>\n\n\n\n<p class=\"wp-block-paragraph\"><strong>&Uuml;ber PRIVERA AG<\/strong><br>Ein Unternehmen der Investis Gruppe &ndash; hat ihren Hauptsitz in G&uuml;mligen. Sie ist die f&uuml;hrende unabh&auml;ngige Schweizer Immobiliendienstleisterin. PRIVERA AG deckt alle Immobiliendienstleistungen entlang dem <span class=\"glossaryLink\" aria-describedby=\"tt\" data-cmtooltip=\"&lt;div class=glossaryItemTitle&gt;Lebenszyklus&lt;\/div&gt;&lt;div class=glossaryItemBody&gt;Sich wiederholende Abfolge zeitlicher Abschnitte (Lebenszyklusphasen) bei Produkten&lt;\/div&gt;\" data-mobile-support=\"0\" data-gt-translate-attributes='[{\"attribute\":\"data-cmtooltip\", \"format\":\"html\"}]' tabindex=\"0\" role=\"link\">Lebenszyklus<\/span> einer <span class=\"glossaryLink\" aria-describedby=\"tt\" data-cmtooltip=\"&lt;div class=glossaryItemTitle&gt;Immobilie&lt;\/div&gt;&lt;div class=glossaryItemBody&gt;Lat. f&uuml;r eine nicht bewegliche Sache; Liegenschaft, Grundst&uuml;ck, Bauwerk&lt;\/div&gt;\" data-mobile-support=\"0\" data-gt-translate-attributes='[{\"attribute\":\"data-cmtooltip\", \"format\":\"html\"}]' tabindex=\"0\" role=\"link\">Immobilie<\/span> ab und bietet ihren Kunden dadurch den entscheidenden Mehrwert. Dank dem national weitgespannten Niederlassungsnetz verf&uuml;gt PRIVERA AG &uuml;ber hohe regionale Marktkompetenz sowie hervorragende lokale Beziehungen.<\/p>\n\n\n\n<p class=\"wp-block-paragraph\"><strong>Medienkontakt PRIVERA AG<\/strong><br>Alisha Held<br>Fachspezialistin Kommunikation<br>T: 058 715 63 32<br>alisha.held@privera.ch<br>www.privera.ch<\/p>\n","protected":false},"excerpt":{"rendered":"<p>Per 1. Januar 2022 verst\u00e4rkt PRIVERA ihre Gesch\u00e4ftsleitung. Andreas Wegm\u00fcller, wird neu Leiter Bewirtschaftung Schweiz und Mitglied der Gesch\u00e4ftsleitung der PRIVERA.<\/p>\n","protected":false},"author":2,"featured_media":32514,"comment_status":"open","ping_status":"open","sticky":false,"template":"","format":"standard","meta":{"pmpro_default_level":"","inline_featured_image":false,"_monsterinsights_skip_tracking":false,"footnotes":""},"categories":[4465],"tags":[19586,1920,1604,852,867,3935,2006,1764],"class_list":["post-29196","post","type-post","status-publish","format-standard","has-post-thumbnail","hentry","category-persone","tag-andreas-wegmueller-it","tag-bewirtschaftung-it","tag-geschaeftsleitung-it","tag-immobilien-it","tag-immoinvest-it","tag-immonews-it","tag-news-it","tag-privera-it","pmpro-has-access"],"acf":{"bild_mit_ki_erstellt_worden":[],"lead":"Per 1. Januar 2022 verst\u00e4rkt PRIVERA ihre Gesch\u00e4ftsleitung. Andreas Wegm\u00fcller, wird neu Leiter Bewirtschaftung Schweiz und Mitglied der Gesch\u00e4ftsleitung der PRIVERA.","autor":"Alisha Held","ort":"","bildunterschrift":"Andrea Wegm\u00fcller, ab 01.01.2022 Mitglied der PRIVERA-Gesch\u00e4ftsleitung","bild_im_grid":false,"gallerie":null,"newsim":""},"aioseo_notices":[],"aioseo_head":"\n\t\t<!-- All in One SEO 5.0.0.1 - aioseo.com -->\n\t<meta name=\"description\" content=\"Per 1. Januar 2022 verst\u00e4rkt PRIVERA ihre Gesch\u00e4ftsleitung. Andreas Wegm\u00fcller, wird neu Leiter Bewirtschaftung Schweiz und Mitglied der Gesch\u00e4ftsleitung der PRIVERA.\" \/>\n\t<meta name=\"robots\" content=\"max-image-preview:large\" \/>\n\t<meta name=\"author\" content=\"immovestuser\"\/>\n\t<meta name=\"google-site-verification\" content=\"fHJKvgWpZCR2zVBHWfkQeFXC11qieUSff0HGNYfuyLA\" \/>\n\t<link rel=\"canonical\" href=\"https:\/\/www.immo-invest.ch\/it\/verstaerkung-der-privera-geschaeftsleitung\/\" \/>\n\t<meta name=\"generator\" content=\"All in One SEO (AIOSEO) 5.0.0.1\" \/>\n\t\t<meta property=\"og:locale\" content=\"it_IT\" \/>\n\t\t<meta property=\"og:site_name\" content=\"immo!nvest - Die Plattform f\u00fcr Standorte und Immobilien - Die\u00a0Plattform f\u00fcr Standorte und Immobilien\" \/>\n\t\t<meta property=\"og:type\" content=\"article\" \/>\n\t\t<meta property=\"og:title\" content=\"Verst\u00e4rkung der PRIVERA-Gesch\u00e4ftsleitung - immo!nvest - Die Plattform f\u00fcr Standorte und Immobilien\" \/>\n\t\t<meta property=\"og:description\" content=\"Per 1. Januar 2022 verst\u00e4rkt PRIVERA ihre Gesch\u00e4ftsleitung. Andreas Wegm\u00fcller, wird neu Leiter Bewirtschaftung Schweiz und Mitglied der Gesch\u00e4ftsleitung der PRIVERA.\" \/>\n\t\t<meta property=\"og:url\" content=\"https:\/\/www.immo-invest.ch\/it\/verstaerkung-der-privera-geschaeftsleitung\/\" \/>\n\t\t<meta property=\"og:image\" content=\"https:\/\/www.immo-invest.ch\/wp-content\/uploads\/2022\/02\/wegmueller.jpg\" \/>\n\t\t<meta property=\"og:image:secure_url\" content=\"https:\/\/www.immo-invest.ch\/wp-content\/uploads\/2022\/02\/wegmueller.jpg\" \/>\n\t\t<meta property=\"og:image:width\" content=\"740\" \/>\n\t\t<meta property=\"og:image:height\" content=\"370\" \/>\n\t\t<meta property=\"article:published_time\" content=\"2021-12-20T12:00:00+00:00\" \/>\n\t\t<meta property=\"article:modified_time\" content=\"2022-02-14T09:28:18+00:00\" \/>\n\t\t<meta property=\"article:publisher\" content=\"https:\/\/www.facebook.com\/people\/Immoinvest\/100077962920504\/\" \/>\n\t\t<meta name=\"twitter:card\" content=\"summary_large_image\" \/>\n\t\t<meta name=\"twitter:site\" content=\"@i\" \/>\n\t\t<meta name=\"twitter:title\" content=\"Verst\u00e4rkung der PRIVERA-Gesch\u00e4ftsleitung - immo!nvest - Die Plattform f\u00fcr Standorte und Immobilien\" \/>\n\t\t<meta name=\"twitter:description\" content=\"Per 1. Januar 2022 verst\u00e4rkt PRIVERA ihre Gesch\u00e4ftsleitung. Andreas Wegm\u00fcller, wird neu Leiter Bewirtschaftung Schweiz und Mitglied der Gesch\u00e4ftsleitung der PRIVERA.\" \/>\n\t\t<meta name=\"twitter:creator\" content=\"@i\" \/>\n\t\t<meta name=\"twitter:image\" content=\"https:\/\/www.immo-invest.ch\/wp-content\/uploads\/2022\/02\/wegmueller.jpg\" \/>\n\t\t<script type=\"application\/ld+json\" class=\"aioseo-schema\">\n\t\t\t{\"@context\":\"https:\\\/\\\/schema.org\",\"@graph\":[{\"@type\":\"BlogPosting\",\"@id\":\"https:\\\/\\\/www.immo-invest.ch\\\/it\\\/verstaerkung-der-privera-geschaeftsleitung\\\/#blogposting\",\"name\":\"Verst\\u00e4rkung der PRIVERA-Gesch\\u00e4ftsleitung - immo!nvest - Die Plattform f\\u00fcr Standorte und Immobilien\",\"headline\":\"Verst\\u00e4rkung der PRIVERA-Gesch\\u00e4ftsleitung\",\"author\":{\"@id\":\"https:\\\/\\\/www.immo-invest.ch\\\/it\\\/author\\\/immovestuser\\\/#author\"},\"publisher\":{\"@id\":\"https:\\\/\\\/www.immo-invest.ch\\\/it\\\/#organization\"},\"image\":{\"@type\":\"ImageObject\",\"url\":\"https:\\\/\\\/www.immo-invest.ch\\\/wp-content\\\/uploads\\\/2022\\\/02\\\/wegmueller.jpg\",\"width\":740,\"height\":370},\"datePublished\":\"2021-12-20T13:00:00+01:00\",\"dateModified\":\"2022-02-14T10:28:18+01:00\",\"inLanguage\":\"it-IT\",\"mainEntityOfPage\":{\"@id\":\"https:\\\/\\\/www.immo-invest.ch\\\/it\\\/verstaerkung-der-privera-geschaeftsleitung\\\/#webpage\"},\"isPartOf\":{\"@id\":\"https:\\\/\\\/www.immo-invest.ch\\\/it\\\/verstaerkung-der-privera-geschaeftsleitung\\\/#webpage\"},\"articleSection\":\"Persone, Andreas Wegm\\u00fcller, Bewirtschaftung, Gesch\\u00e4ftsleitung, immobilien, Immoinvest, immoNews, News, Privera, Optional\"},{\"@type\":\"BreadcrumbList\",\"@id\":\"https:\\\/\\\/www.immo-invest.ch\\\/it\\\/verstaerkung-der-privera-geschaeftsleitung\\\/#breadcrumblist\",\"itemListElement\":[{\"@type\":\"ListItem\",\"@id\":\"https:\\\/\\\/www.immo-invest.ch\\\/it\\\/#listItem\",\"position\":1,\"name\":\"Home\",\"item\":\"https:\\\/\\\/www.immo-invest.ch\\\/it\\\/\",\"nextItem\":{\"@type\":\"ListItem\",\"@id\":\"https:\\\/\\\/www.immo-invest.ch\\\/it\\\/categoria\\\/persone-2\\\/#listItem\",\"name\":\"Persone\"}},{\"@type\":\"ListItem\",\"@id\":\"https:\\\/\\\/www.immo-invest.ch\\\/it\\\/categoria\\\/persone-2\\\/#listItem\",\"position\":2,\"name\":\"Persone\",\"item\":\"https:\\\/\\\/www.immo-invest.ch\\\/it\\\/categoria\\\/persone-2\\\/\",\"nextItem\":{\"@type\":\"ListItem\",\"@id\":\"https:\\\/\\\/www.immo-invest.ch\\\/it\\\/categoria\\\/persone-2\\\/persone\\\/#listItem\",\"name\":\"Persone\"},\"previousItem\":{\"@type\":\"ListItem\",\"@id\":\"https:\\\/\\\/www.immo-invest.ch\\\/it\\\/#listItem\",\"name\":\"Home\"}},{\"@type\":\"ListItem\",\"@id\":\"https:\\\/\\\/www.immo-invest.ch\\\/it\\\/categoria\\\/persone-2\\\/persone\\\/#listItem\",\"position\":3,\"name\":\"Persone\",\"item\":\"https:\\\/\\\/www.immo-invest.ch\\\/it\\\/categoria\\\/persone-2\\\/persone\\\/\",\"nextItem\":{\"@type\":\"ListItem\",\"@id\":\"https:\\\/\\\/www.immo-invest.ch\\\/it\\\/verstaerkung-der-privera-geschaeftsleitung\\\/#listItem\",\"name\":\"Verst\\u00e4rkung der PRIVERA-Gesch\\u00e4ftsleitung\"},\"previousItem\":{\"@type\":\"ListItem\",\"@id\":\"https:\\\/\\\/www.immo-invest.ch\\\/it\\\/categoria\\\/persone-2\\\/#listItem\",\"name\":\"Persone\"}},{\"@type\":\"ListItem\",\"@id\":\"https:\\\/\\\/www.immo-invest.ch\\\/it\\\/verstaerkung-der-privera-geschaeftsleitung\\\/#listItem\",\"position\":4,\"name\":\"Verst\\u00e4rkung der PRIVERA-Gesch\\u00e4ftsleitung\",\"previousItem\":{\"@type\":\"ListItem\",\"@id\":\"https:\\\/\\\/www.immo-invest.ch\\\/it\\\/categoria\\\/persone-2\\\/persone\\\/#listItem\",\"name\":\"Persone\"}}]},{\"@type\":\"Organization\",\"@id\":\"https:\\\/\\\/www.immo-invest.ch\\\/it\\\/#organization\",\"name\":\"immo!nvest - Die Plattform f\\u00fcr Standorte und Immobilien\",\"description\":\"Die\\u00a0Plattform f\\u00fcr Standorte und Immobilien\",\"url\":\"https:\\\/\\\/www.immo-invest.ch\\\/it\\\/\",\"email\":\"admin@immomedia.ag\",\"telephone\":\"+41444420002\",\"logo\":{\"@type\":\"ImageObject\",\"url\":\"https:\\\/\\\/www.immo-invest.ch\\\/wp-content\\\/uploads\\\/2024\\\/09\\\/immoinvest_sm-scaled.jpg\",\"@id\":\"https:\\\/\\\/www.immo-invest.ch\\\/it\\\/verstaerkung-der-privera-geschaeftsleitung\\\/#organizationLogo\",\"width\":2560,\"height\":1340},\"image\":{\"@id\":\"https:\\\/\\\/www.immo-invest.ch\\\/it\\\/verstaerkung-der-privera-geschaeftsleitung\\\/#organizationLogo\"},\"sameAs\":[\"https:\\\/\\\/www.facebook.com\\\/people\\\/Immoinvest\\\/100077962920504\\\/\",\"https:\\\/\\\/x.com\\\/i\\\/flow\\\/login?redirect_after_login=immoinvest_ch\",\"https:\\\/\\\/www.instagram.com\\\/immoinvest_ch\\\/\",\"https:\\\/\\\/www.linkedin.com\\\/company\\\/immoinvest-swiss\"]},{\"@type\":\"Person\",\"@id\":\"https:\\\/\\\/www.immo-invest.ch\\\/it\\\/author\\\/immovestuser\\\/#author\",\"url\":\"https:\\\/\\\/www.immo-invest.ch\\\/it\\\/author\\\/immovestuser\\\/\",\"name\":\"immovestuser\",\"image\":{\"@type\":\"ImageObject\",\"@id\":\"https:\\\/\\\/www.immo-invest.ch\\\/it\\\/verstaerkung-der-privera-geschaeftsleitung\\\/#authorImage\",\"url\":\"https:\\\/\\\/secure.gravatar.com\\\/avatar\\\/8e01f4d99f2eeea7a362ebb93305e1172a70e9293ba250f897a65c39f54cdd1e?s=96&d=mm&r=g\",\"width\":96,\"height\":96,\"caption\":\"immovestuser\"}},{\"@type\":\"WebPage\",\"@id\":\"https:\\\/\\\/www.immo-invest.ch\\\/it\\\/verstaerkung-der-privera-geschaeftsleitung\\\/#webpage\",\"url\":\"https:\\\/\\\/www.immo-invest.ch\\\/it\\\/verstaerkung-der-privera-geschaeftsleitung\\\/\",\"name\":\"Verst\\u00e4rkung der PRIVERA-Gesch\\u00e4ftsleitung - immo!nvest - Die Plattform f\\u00fcr Standorte und Immobilien\",\"description\":\"Per 1. Januar 2022 verst\\u00e4rkt PRIVERA ihre Gesch\\u00e4ftsleitung. Andreas Wegm\\u00fcller, wird neu Leiter Bewirtschaftung Schweiz und Mitglied der Gesch\\u00e4ftsleitung der PRIVERA.\",\"inLanguage\":\"it-IT\",\"isPartOf\":{\"@id\":\"https:\\\/\\\/www.immo-invest.ch\\\/it\\\/#website\"},\"breadcrumb\":{\"@id\":\"https:\\\/\\\/www.immo-invest.ch\\\/it\\\/verstaerkung-der-privera-geschaeftsleitung\\\/#breadcrumblist\"},\"author\":{\"@id\":\"https:\\\/\\\/www.immo-invest.ch\\\/it\\\/author\\\/immovestuser\\\/#author\"},\"creator\":{\"@id\":\"https:\\\/\\\/www.immo-invest.ch\\\/it\\\/author\\\/immovestuser\\\/#author\"},\"image\":{\"@type\":\"ImageObject\",\"url\":\"https:\\\/\\\/www.immo-invest.ch\\\/wp-content\\\/uploads\\\/2022\\\/02\\\/wegmueller.jpg\",\"@id\":\"https:\\\/\\\/www.immo-invest.ch\\\/it\\\/verstaerkung-der-privera-geschaeftsleitung\\\/#mainImage\",\"width\":740,\"height\":370},\"primaryImageOfPage\":{\"@id\":\"https:\\\/\\\/www.immo-invest.ch\\\/it\\\/verstaerkung-der-privera-geschaeftsleitung\\\/#mainImage\"},\"datePublished\":\"2021-12-20T13:00:00+01:00\",\"dateModified\":\"2022-02-14T10:28:18+01:00\"},{\"@type\":\"WebSite\",\"@id\":\"https:\\\/\\\/www.immo-invest.ch\\\/it\\\/#website\",\"url\":\"https:\\\/\\\/www.immo-invest.ch\\\/it\\\/\",\"name\":\"immo!nvest - Die Plattform f\\u00fcr Standorte und Immobilien\",\"description\":\"Die\\u00a0Plattform f\\u00fcr Standorte und Immobilien\",\"inLanguage\":\"it-IT\",\"publisher\":{\"@id\":\"https:\\\/\\\/www.immo-invest.ch\\\/it\\\/#organization\"}}]}\n\t\t<\/script>\n\t\t<!-- All in One SEO -->\n\n","aioseo_head_json":{"title":"Verst\u00e4rkung der PRIVERA-Gesch\u00e4ftsleitung - immo!nvest - Die Plattform f\u00fcr Standorte und Immobilien","description":"Per 1. Januar 2022 verst\u00e4rkt PRIVERA ihre Gesch\u00e4ftsleitung. Andreas Wegm\u00fcller, wird neu Leiter Bewirtschaftung Schweiz und Mitglied der Gesch\u00e4ftsleitung der PRIVERA.","canonical_url":"https:\/\/www.immo-invest.ch\/it\/verstaerkung-der-privera-geschaeftsleitung\/","robots":"max-image-preview:large","keywords":"","webmasterTools":{"google-site-verification":"fHJKvgWpZCR2zVBHWfkQeFXC11qieUSff0HGNYfuyLA","miscellaneous":""},"schema":{"@context":"https:\/\/schema.org","@graph":[{"@type":"BlogPosting","@id":"https:\/\/www.immo-invest.ch\/it\/verstaerkung-der-privera-geschaeftsleitung\/#blogposting","name":"Verst\u00e4rkung der PRIVERA-Gesch\u00e4ftsleitung - immo!nvest - Die Plattform f\u00fcr Standorte und Immobilien","headline":"Verst\u00e4rkung der PRIVERA-Gesch\u00e4ftsleitung","author":{"@id":"https:\/\/www.immo-invest.ch\/it\/author\/immovestuser\/#author"},"publisher":{"@id":"https:\/\/www.immo-invest.ch\/it\/#organization"},"image":{"@type":"ImageObject","url":"https:\/\/www.immo-invest.ch\/wp-content\/uploads\/2022\/02\/wegmueller.jpg","width":740,"height":370},"datePublished":"2021-12-20T13:00:00+01:00","dateModified":"2022-02-14T10:28:18+01:00","inLanguage":"it-IT","mainEntityOfPage":{"@id":"https:\/\/www.immo-invest.ch\/it\/verstaerkung-der-privera-geschaeftsleitung\/#webpage"},"isPartOf":{"@id":"https:\/\/www.immo-invest.ch\/it\/verstaerkung-der-privera-geschaeftsleitung\/#webpage"},"articleSection":"Persone, Andreas Wegm\u00fcller, Bewirtschaftung, Gesch\u00e4ftsleitung, immobilien, Immoinvest, immoNews, News, Privera, Optional"},{"@type":"BreadcrumbList","@id":"https:\/\/www.immo-invest.ch\/it\/verstaerkung-der-privera-geschaeftsleitung\/#breadcrumblist","itemListElement":[{"@type":"ListItem","@id":"https:\/\/www.immo-invest.ch\/it\/#listItem","position":1,"name":"Home","item":"https:\/\/www.immo-invest.ch\/it\/","nextItem":{"@type":"ListItem","@id":"https:\/\/www.immo-invest.ch\/it\/categoria\/persone-2\/#listItem","name":"Persone"}},{"@type":"ListItem","@id":"https:\/\/www.immo-invest.ch\/it\/categoria\/persone-2\/#listItem","position":2,"name":"Persone","item":"https:\/\/www.immo-invest.ch\/it\/categoria\/persone-2\/","nextItem":{"@type":"ListItem","@id":"https:\/\/www.immo-invest.ch\/it\/categoria\/persone-2\/persone\/#listItem","name":"Persone"},"previousItem":{"@type":"ListItem","@id":"https:\/\/www.immo-invest.ch\/it\/#listItem","name":"Home"}},{"@type":"ListItem","@id":"https:\/\/www.immo-invest.ch\/it\/categoria\/persone-2\/persone\/#listItem","position":3,"name":"Persone","item":"https:\/\/www.immo-invest.ch\/it\/categoria\/persone-2\/persone\/","nextItem":{"@type":"ListItem","@id":"https:\/\/www.immo-invest.ch\/it\/verstaerkung-der-privera-geschaeftsleitung\/#listItem","name":"Verst\u00e4rkung der PRIVERA-Gesch\u00e4ftsleitung"},"previousItem":{"@type":"ListItem","@id":"https:\/\/www.immo-invest.ch\/it\/categoria\/persone-2\/#listItem","name":"Persone"}},{"@type":"ListItem","@id":"https:\/\/www.immo-invest.ch\/it\/verstaerkung-der-privera-geschaeftsleitung\/#listItem","position":4,"name":"Verst\u00e4rkung der PRIVERA-Gesch\u00e4ftsleitung","previousItem":{"@type":"ListItem","@id":"https:\/\/www.immo-invest.ch\/it\/categoria\/persone-2\/persone\/#listItem","name":"Persone"}}]},{"@type":"Organization","@id":"https:\/\/www.immo-invest.ch\/it\/#organization","name":"immo!nvest - Die Plattform f\u00fcr Standorte und Immobilien","description":"Die\u00a0Plattform f\u00fcr Standorte und Immobilien","url":"https:\/\/www.immo-invest.ch\/it\/","email":"admin@immomedia.ag","telephone":"+41444420002","logo":{"@type":"ImageObject","url":"https:\/\/www.immo-invest.ch\/wp-content\/uploads\/2024\/09\/immoinvest_sm-scaled.jpg","@id":"https:\/\/www.immo-invest.ch\/it\/verstaerkung-der-privera-geschaeftsleitung\/#organizationLogo","width":2560,"height":1340},"image":{"@id":"https:\/\/www.immo-invest.ch\/it\/verstaerkung-der-privera-geschaeftsleitung\/#organizationLogo"},"sameAs":["https:\/\/www.facebook.com\/people\/Immoinvest\/100077962920504\/","https:\/\/x.com\/i\/flow\/login?redirect_after_login=immoinvest_ch","https:\/\/www.instagram.com\/immoinvest_ch\/","https:\/\/www.linkedin.com\/company\/immoinvest-swiss"]},{"@type":"Person","@id":"https:\/\/www.immo-invest.ch\/it\/author\/immovestuser\/#author","url":"https:\/\/www.immo-invest.ch\/it\/author\/immovestuser\/","name":"immovestuser","image":{"@type":"ImageObject","@id":"https:\/\/www.immo-invest.ch\/it\/verstaerkung-der-privera-geschaeftsleitung\/#authorImage","url":"https:\/\/secure.gravatar.com\/avatar\/8e01f4d99f2eeea7a362ebb93305e1172a70e9293ba250f897a65c39f54cdd1e?s=96&d=mm&r=g","width":96,"height":96,"caption":"immovestuser"}},{"@type":"WebPage","@id":"https:\/\/www.immo-invest.ch\/it\/verstaerkung-der-privera-geschaeftsleitung\/#webpage","url":"https:\/\/www.immo-invest.ch\/it\/verstaerkung-der-privera-geschaeftsleitung\/","name":"Verst\u00e4rkung der PRIVERA-Gesch\u00e4ftsleitung - immo!nvest - Die Plattform f\u00fcr Standorte und Immobilien","description":"Per 1. Januar 2022 verst\u00e4rkt PRIVERA ihre Gesch\u00e4ftsleitung. Andreas Wegm\u00fcller, wird neu Leiter Bewirtschaftung Schweiz und Mitglied der Gesch\u00e4ftsleitung der PRIVERA.","inLanguage":"it-IT","isPartOf":{"@id":"https:\/\/www.immo-invest.ch\/it\/#website"},"breadcrumb":{"@id":"https:\/\/www.immo-invest.ch\/it\/verstaerkung-der-privera-geschaeftsleitung\/#breadcrumblist"},"author":{"@id":"https:\/\/www.immo-invest.ch\/it\/author\/immovestuser\/#author"},"creator":{"@id":"https:\/\/www.immo-invest.ch\/it\/author\/immovestuser\/#author"},"image":{"@type":"ImageObject","url":"https:\/\/www.immo-invest.ch\/wp-content\/uploads\/2022\/02\/wegmueller.jpg","@id":"https:\/\/www.immo-invest.ch\/it\/verstaerkung-der-privera-geschaeftsleitung\/#mainImage","width":740,"height":370},"primaryImageOfPage":{"@id":"https:\/\/www.immo-invest.ch\/it\/verstaerkung-der-privera-geschaeftsleitung\/#mainImage"},"datePublished":"2021-12-20T13:00:00+01:00","dateModified":"2022-02-14T10:28:18+01:00"},{"@type":"WebSite","@id":"https:\/\/www.immo-invest.ch\/it\/#website","url":"https:\/\/www.immo-invest.ch\/it\/","name":"immo!nvest - Die Plattform f\u00fcr Standorte und Immobilien","description":"Die\u00a0Plattform f\u00fcr Standorte und Immobilien","inLanguage":"it-IT","publisher":{"@id":"https:\/\/www.immo-invest.ch\/it\/#organization"}}]},"og:locale":"it_IT","og:site_name":"immo!nvest - Die Plattform f\u00fcr Standorte und Immobilien - Die\u00a0Plattform f\u00fcr Standorte und Immobilien","og:type":"article","og:title":"Verst\u00e4rkung der PRIVERA-Gesch\u00e4ftsleitung - immo!nvest - Die Plattform f\u00fcr Standorte und Immobilien","og:description":"Per 1. Januar 2022 verst\u00e4rkt PRIVERA ihre Gesch\u00e4ftsleitung. Andreas Wegm\u00fcller, wird neu Leiter Bewirtschaftung Schweiz und Mitglied der Gesch\u00e4ftsleitung der PRIVERA.","og:url":"https:\/\/www.immo-invest.ch\/it\/verstaerkung-der-privera-geschaeftsleitung\/","og:image":"https:\/\/www.immo-invest.ch\/wp-content\/uploads\/2022\/02\/wegmueller.jpg","og:image:secure_url":"https:\/\/www.immo-invest.ch\/wp-content\/uploads\/2022\/02\/wegmueller.jpg","og:image:width":740,"og:image:height":370,"article:published_time":"2021-12-20T12:00:00+00:00","article:modified_time":"2022-02-14T09:28:18+00:00","article:publisher":"https:\/\/www.facebook.com\/people\/Immoinvest\/100077962920504\/","twitter:card":"summary_large_image","twitter:site":"@i","twitter:title":"Verst\u00e4rkung der PRIVERA-Gesch\u00e4ftsleitung - immo!nvest - Die Plattform f\u00fcr Standorte und Immobilien","twitter:description":"Per 1. Januar 2022 verst\u00e4rkt PRIVERA ihre Gesch\u00e4ftsleitung. Andreas Wegm\u00fcller, wird neu Leiter Bewirtschaftung Schweiz und Mitglied der Gesch\u00e4ftsleitung der PRIVERA.","twitter:creator":"@i","twitter:image":"https:\/\/www.immo-invest.ch\/wp-content\/uploads\/2022\/02\/wegmueller.jpg"},"aioseo_meta_data":{"post_id":"29196","title":null,"description":null,"keywords":null,"keyphrases":null,"primary_term":null,"canonical_url":null,"og_title":null,"og_description":null,"og_object_type":"default","og_image_type":"default","og_image_url":null,"og_image_width":null,"og_image_height":null,"og_image_custom_url":null,"og_image_custom_fields":null,"og_video":null,"og_custom_url":null,"og_article_section":null,"og_article_tags":null,"twitter_use_og":false,"twitter_card":"default","twitter_image_type":"default","twitter_image_url":null,"twitter_image_custom_url":null,"twitter_image_custom_fields":null,"twitter_title":null,"twitter_description":null,"schema":{"blockGraphs":[],"customGraphs":[],"default":{"data":{"Article":[],"Course":[],"Dataset":[],"FAQPage":[],"Movie":[],"Person":[],"Product":[],"ProductReview":[],"Car":[],"Recipe":[],"Service":[],"SoftwareApplication":[],"WebPage":[]},"graphName":"","isEnabled":true},"graphs":[]},"schema_type":"default","schema_type_options":null,"pillar_content":false,"robots_default":true,"robots_noindex":false,"robots_noarchive":false,"robots_nosnippet":false,"robots_nofollow":false,"robots_noimageindex":false,"robots_noodp":false,"robots_notranslate":false,"robots_max_snippet":null,"robots_max_videopreview":null,"robots_max_imagepreview":"large","priority":null,"frequency":null,"local_seo":null,"breadcrumb_settings":null,"limit_modified_date":false,"ai":null,"created":"2024-09-19 10:19:46","updated":"2025-10-22 15:53:12","seo_analyzer_scan_date":null,"focus_keyword":null,"additional_keywords":null,"truseo_locale":null},"aioseo_breadcrumb":"<div class=\"aioseo-breadcrumbs\"><span class=\"aioseo-breadcrumb\">\n\t\t\t<a href=\"https:\/\/www.immo-invest.ch\/it\/\" title=\"Home\">Home<\/a>\n\t\t<\/span><span class=\"aioseo-breadcrumb-separator\">&raquo;<\/span><span class=\"aioseo-breadcrumb\">\n\t\t\t<a href=\"https:\/\/www.immo-invest.ch\/it\/categoria\/persone-2\/\" title=\"Persone\">Persone<\/a>\n\t\t<\/span><span class=\"aioseo-breadcrumb-separator\">&raquo;<\/span><span class=\"aioseo-breadcrumb\">\n\t\t\t<a href=\"https:\/\/www.immo-invest.ch\/it\/categoria\/persone-2\/persone\/\" title=\"Persone\">Persone<\/a>\n\t\t<\/span><span class=\"aioseo-breadcrumb-separator\">&raquo;<\/span><span class=\"aioseo-breadcrumb\">\n\t\t\tVerst\u00e4rkung der PRIVERA-Gesch\u00e4ftsleitung\n\t\t<\/span><\/div>","aioseo_breadcrumb_json":[{"label":"Home","link":"https:\/\/www.immo-invest.ch\/it\/"},{"label":"Persone","link":"https:\/\/www.immo-invest.ch\/it\/categoria\/persone-2\/"},{"label":"Persone","link":"https:\/\/www.immo-invest.ch\/it\/categoria\/persone-2\/persone\/"},{"label":"Verst\u00e4rkung der PRIVERA-Gesch\u00e4ftsleitung","link":"https:\/\/www.immo-invest.ch\/it\/verstaerkung-der-privera-geschaeftsleitung\/"}],"featured_image_src":"https:\/\/www.immo-invest.ch\/wp-content\/uploads\/2022\/02\/wegmueller-336x168.jpg","_links":{"self":[{"href":"https:\/\/www.immo-invest.ch\/it\/wp-json\/wp\/v2\/posts\/29196","targetHints":{"allow":["GET"]}}],"collection":[{"href":"https:\/\/www.immo-invest.ch\/it\/wp-json\/wp\/v2\/posts"}],"about":[{"href":"https:\/\/www.immo-invest.ch\/it\/wp-json\/wp\/v2\/types\/post"}],"author":[{"embeddable":true,"href":"https:\/\/www.immo-invest.ch\/it\/wp-json\/wp\/v2\/users\/2"}],"replies":[{"embeddable":true,"href":"https:\/\/www.immo-invest.ch\/it\/wp-json\/wp\/v2\/comments?post=29196"}],"version-history":[{"count":0,"href":"https:\/\/www.immo-invest.ch\/it\/wp-json\/wp\/v2\/posts\/29196\/revisions"}],"wp:featuredmedia":[{"embeddable":true,"href":"https:\/\/www.immo-invest.ch\/it\/wp-json\/wp\/v2\/media\/32514"}],"wp:attachment":[{"href":"https:\/\/www.immo-invest.ch\/it\/wp-json\/wp\/v2\/media?parent=29196"}],"wp:term":[{"taxonomy":"category","embeddable":true,"href":"https:\/\/www.immo-invest.ch\/it\/wp-json\/wp\/v2\/categories?post=29196"},{"taxonomy":"post_tag","embeddable":true,"href":"https:\/\/www.immo-invest.ch\/it\/wp-json\/wp\/v2\/tags?post=29196"}],"curies":[{"name":"wp","href":"https:\/\/api.w.org\/{rel}","templated":true}]}}