{"id":164382,"date":"2026-09-04T16:00:00","date_gmt":"2026-09-04T14:00:00","guid":{"rendered":"https:\/\/www.immo-invest.ch\/?p=164382"},"modified":"2026-09-02T13:53:23","modified_gmt":"2026-09-02T11:53:23","slug":"mehr-tempo-reicht-nicht-gegen-den-wohnungsmangel","status":"publish","type":"post","link":"https:\/\/www.immo-invest.ch\/it\/mehr-tempo-reicht-nicht-gegen-den-wohnungsmangel\/","title":{"rendered":"Una maggiore rapidit\u00e0 non basta a risolvere la carenza di alloggi"},"content":{"rendered":"<p>Il 2 aprile 2026 il Consiglio federale ha presentato il proprio rapporto sull&rsquo;accelerazione delle procedure nel diritto urbanistico e edilizio. Da esso emerge soprattutto una cosa: Berna pu&ograve; intervenire solo in misura limitata, poich&eacute; la pianificazione del territorio e il diritto edilizio sono in gran parte di competenza cantonale. Chi ne deduce una rapida soluzione alla crisi abitativa non va fino in fondo.<\/p>\n<p>La produzione di alloggi &egrave; in calo da anni. Secondo l&rsquo;Ufficio federale per l&rsquo;edilizia abitativa, nel 2018 sono stati costruiti ancora ben 53&rsquo;000 nuovi alloggi. Fino al 2023 il numero &egrave; sceso a circa 46&rsquo;700, seguito nel 2024 da un crollo a poco meno di 40&rsquo;000 unit&agrave;. Per il 2025 &egrave; prevista solo una leggera ripresa, che, a fronte di una domanda che rimane elevata, non sar&agrave; sufficiente a garantire l&rsquo;offerta di alloggi.<\/p>\n<p><strong>La Confederazione si scontra con i limiti costituzionali<br><\/strong>Il rapporto di Berna affronta s&igrave; strumenti quali una legittimazione pi&ugrave; restrittiva al ricorso o una maggiore ponderazione dell&rsquo;edilizia abitativa, ma chiarisce al contempo che molte proposte interferirebbero direttamente con la sovranit&agrave; procedurale dei Cantoni o con i diritti fondamentali. &Egrave; proprio l&igrave; che si trova il limite. La Confederazione pu&ograve; stabilire i principi, ma sono soprattutto i Cantoni e i Comuni a gestire l&rsquo;attuazione.<\/p>\n<p>Questo spiega anche perch&eacute; i grandi progetti rimangono in stallo anche quando alla fine si parla solo di accelerazione. A Zurigo, dopo anni di discussioni sulla tutela dei monumenti e sul piano di sistemazione, il progetto dei Seebahn-H&ouml;fe &egrave; stato sottoposto al voto popolare. Il prospetto informativo della citt&agrave; quantifica il progetto in circa 350 appartamenti per circa 1&rsquo;000 persone, invece dei precedenti 269 appartamenti per circa 500 residenti. Il referendum contro il piano di sistemazione <span class=\"glossaryLink\"  aria-describedby=\"tt\"  data-cmtooltip=\"&lt;div class=glossaryItemTitle&gt;ERA&lt;\/div&gt;&lt;div class=glossaryItemBody&gt;Electronic Realty Associates; internationales Maklernetzwerk mit Schweizer Niederlassungen&nbsp;&lt;\/div&gt;\"  data-mobile-support=\"0\"  data-gt-translate-attributes='[{\"attribute\":\"data-cmtooltip\", \"format\":\"html\"}]' tabindex='0' role='link'>era<\/span> stato presentato nel luglio 2025; la votazione si &egrave; tenuta il 30 novembre 2025.<\/p>\n<p><strong>Zug sperimenta la leva pi&ugrave; rischiosa<br><\/strong>Il dibattito si fa interessante laddove vengono messi in discussione non solo i procedimenti, ma le norme stesse. Nel Cantone di Zug, il modello delle &laquo;zone bianche&raquo; &egrave; all&rsquo;ordine del giorno a livello politico. Il 23 settembre 2025 il Consiglio di Stato ha espresso il proprio sostegno all&rsquo;ulteriore elaborazione di questo strumento e alla sua eventuale integrazione nella legge sulla pianificazione e sull&rsquo;edilizia. Nel bilancio 2026 del Cantone &egrave; inoltre stabilito che le possibilit&agrave; offerte da nuovi strumenti come la &laquo;zona bianca&raquo; vengano approfondite e valutate come base per un procedimento legislativo.<\/p>\n<p>Per la pratica immobiliare, questa rappresenta la leva pi&ugrave; difficile, ma anche la pi&ugrave; decisiva. Se le distanze, le altezze o altre prescrizioni tecniche vengono ridotte, diminuiscono l&rsquo;onere di progettazione, le verifiche e le perdite di efficienza tra i vari uffici competenti. Proprio questo fitto corpus normativo si &egrave; ulteriormente ampliato negli ultimi anni, mentre la produzione di nuovi alloggi ha subito un calo. Moduli pi&ugrave; snelli e scadenze pi&ugrave; brevi aiutano solo marginalmente.<\/p>\n<p>Resta da vedere se ci&ograve; porter&agrave; rapidamente a una maggiore disponibilit&agrave; di alloggi. Proprio un vero e proprio snellimento normativo solleva nuove questioni in materia di responsabilit&agrave; e delimitazione e richiede un lavoro legislativo a livello cantonale anzich&eacute; un semplice aggiustamento amministrativo. Per i committenti, i promotori immobiliari e i comuni, tuttavia, la direzione da seguire &egrave; chiara. Si torner&agrave; a costruire un numero maggiore di alloggi solo quando ci saranno meno norme da rispettare e non semplicemente le stesse norme da rispettare pi&ugrave; rapidamente.<\/p>\n","protected":false},"excerpt":{"rendered":"<p>In Svizzera mancano ogni anno migliaia di alloggi, nonostante Berna stia valutando procedure pi\u00f9 rapide. Il problema \u00e8 pi\u00f9 profondo. Non \u00e8 solo la lentezza a frenare l\u2019edilizia residenziale, ma una rete sempre pi\u00f9 fitta di norme che spetterebbe soprattutto ai cantoni e ai comuni snellire.<\/p>\n","protected":false},"author":2,"featured_media":164383,"comment_status":"open","ping_status":"open","sticky":false,"template":"","format":"standard","meta":{"pmpro_default_level":"","inline_featured_image":false,"_monsterinsights_skip_tracking":false,"footnotes":""},"categories":[22359,56028,56004,8742,4817],"tags":[56999,867,3935,50089,2006,61739,61740,61741,21689],"class_list":["post-164382","post","type-post","status-publish","format-standard","has-post-thumbnail","hentry","category-costruzione","category-pianificazione-sviluppo","category-residenziale","category-zug-immoregionen-it","category-regione-zurigo","tag-baurecht","tag-immoinvest-it","tag-immonews-it","tag-kanton-zug-it","tag-news-it","tag-normenabbau","tag-seebahn-hofe","tag-verfahrensbeschleunigung","tag-wohnungsbau-it","pmpro-has-access"],"acf":{"bild_mit_ki_erstellt_worden":["Ja"],"lead":"In Svizzera mancano ogni anno migliaia di alloggi, nonostante Berna stia valutando procedure pi\u00f9 rapide. Il problema \u00e8 pi\u00f9 profondo. Non \u00e8 solo la lentezza a frenare l\u2019edilizia residenziale, ma una rete sempre pi\u00f9 fitta di norme che spetterebbe soprattutto ai cantoni e ai comuni snellire.","autor":"","ort":"","bildunterschrift":"","bild_im_grid":false,"gallerie":"","newsim":"3944"},"aioseo_notices":[],"aioseo_head":"\n\t\t<!-- All in One SEO 5.0.1.1 - aioseo.com -->\n\t<meta name=\"description\" content=\"In Svizzera mancano ogni anno migliaia di alloggi, nonostante Berna stia valutando procedure pi\u00f9 rapide. Il problema \u00e8 pi\u00f9 profondo. Non \u00e8 solo la lentezza a frenare l\u2019edilizia residenziale, ma una rete sempre pi\u00f9 fitta di norme che spetterebbe soprattutto ai cantoni e ai comuni snellire.\" \/>\n\t<meta name=\"robots\" content=\"max-image-preview:large\" \/>\n\t<meta name=\"author\" content=\"immovestuser\"\/>\n\t<meta name=\"google-site-verification\" content=\"fHJKvgWpZCR2zVBHWfkQeFXC11qieUSff0HGNYfuyLA\" \/>\n\t<link rel=\"canonical\" href=\"https:\/\/www.immo-invest.ch\/it\/mehr-tempo-reicht-nicht-gegen-den-wohnungsmangel\/\" \/>\n\t<meta name=\"generator\" content=\"All in One SEO (AIOSEO) 5.0.1.1\" \/>\n\t\t<meta property=\"og:locale\" content=\"it_IT\" \/>\n\t\t<meta property=\"og:site_name\" content=\"immo!nvest - Die Plattform f\u00fcr Standorte und Immobilien - Die\u00a0Plattform f\u00fcr Standorte und Immobilien\" \/>\n\t\t<meta property=\"og:type\" content=\"article\" \/>\n\t\t<meta property=\"og:title\" content=\"Una maggiore rapidit\u00e0 non basta a risolvere la carenza di alloggi - immo!nvest - Die Plattform f\u00fcr Standorte und Immobilien\" \/>\n\t\t<meta property=\"og:description\" content=\"In Svizzera mancano ogni anno migliaia di alloggi, nonostante Berna stia valutando procedure pi\u00f9 rapide. Il problema \u00e8 pi\u00f9 profondo. Non \u00e8 solo la lentezza a frenare l\u2019edilizia residenziale, ma una rete sempre pi\u00f9 fitta di norme che spetterebbe soprattutto ai cantoni e ai comuni snellire.\" \/>\n\t\t<meta property=\"og:url\" content=\"https:\/\/www.immo-invest.ch\/it\/mehr-tempo-reicht-nicht-gegen-den-wohnungsmangel\/\" \/>\n\t\t<meta property=\"og:image\" content=\"https:\/\/www.immo-invest.ch\/wp-content\/uploads\/2026\/09\/Mehr-Tempo-reicht-nicht-gegen-den-Wohnungsmangel-immo-invest.png\" \/>\n\t\t<meta property=\"og:image:secure_url\" content=\"https:\/\/www.immo-invest.ch\/wp-content\/uploads\/2026\/09\/Mehr-Tempo-reicht-nicht-gegen-den-Wohnungsmangel-immo-invest.png\" \/>\n\t\t<meta property=\"og:image:width\" content=\"1536\" \/>\n\t\t<meta property=\"og:image:height\" content=\"768\" \/>\n\t\t<meta property=\"article:published_time\" content=\"2026-09-04T14:00:00+00:00\" \/>\n\t\t<meta property=\"article:modified_time\" content=\"2026-09-02T11:53:23+00:00\" \/>\n\t\t<meta property=\"article:publisher\" content=\"https:\/\/www.facebook.com\/people\/Immoinvest\/100077962920504\/\" \/>\n\t\t<meta name=\"twitter:card\" content=\"summary_large_image\" \/>\n\t\t<meta name=\"twitter:site\" content=\"@i\" \/>\n\t\t<meta name=\"twitter:title\" content=\"Una maggiore rapidit\u00e0 non basta a risolvere la carenza di alloggi - immo!nvest - Die Plattform f\u00fcr Standorte und Immobilien\" \/>\n\t\t<meta name=\"twitter:description\" content=\"In Svizzera mancano ogni anno migliaia di alloggi, nonostante Berna stia valutando procedure pi\u00f9 rapide. Il problema \u00e8 pi\u00f9 profondo. Non \u00e8 solo la lentezza a frenare l\u2019edilizia residenziale, ma una rete sempre pi\u00f9 fitta di norme che spetterebbe soprattutto ai cantoni e ai comuni snellire.\" \/>\n\t\t<meta name=\"twitter:creator\" content=\"@i\" \/>\n\t\t<meta name=\"twitter:image\" content=\"https:\/\/www.immo-invest.ch\/wp-content\/uploads\/2026\/09\/Mehr-Tempo-reicht-nicht-gegen-den-Wohnungsmangel-immo-invest.png\" \/>\n\t\t<script type=\"application\/ld+json\" class=\"aioseo-schema\">\n\t\t\t{\"@context\":\"https:\\\/\\\/schema.org\",\"@graph\":[{\"@type\":\"BlogPosting\",\"@id\":\"https:\\\/\\\/www.immo-invest.ch\\\/it\\\/mehr-tempo-reicht-nicht-gegen-den-wohnungsmangel\\\/#blogposting\",\"name\":\"Una maggiore rapidit\\u00e0 non basta a risolvere la carenza di alloggi - immo!nvest - Die Plattform f\\u00fcr Standorte und Immobilien\",\"headline\":\"Una maggiore rapidit\\u00e0 non basta a risolvere la carenza di alloggi\",\"author\":{\"@id\":\"https:\\\/\\\/www.immo-invest.ch\\\/it\\\/author\\\/immovestuser\\\/#author\"},\"publisher\":{\"@id\":\"https:\\\/\\\/www.immo-invest.ch\\\/it\\\/#organization\"},\"image\":{\"@type\":\"ImageObject\",\"url\":\"https:\\\/\\\/www.immo-invest.ch\\\/wp-content\\\/uploads\\\/2026\\\/09\\\/Mehr-Tempo-reicht-nicht-gegen-den-Wohnungsmangel-immo-invest.png\",\"width\":1536,\"height\":768},\"datePublished\":\"2026-09-04T16:00:00+02:00\",\"dateModified\":\"2026-09-02T13:53:23+02:00\",\"inLanguage\":\"it-IT\",\"mainEntityOfPage\":{\"@id\":\"https:\\\/\\\/www.immo-invest.ch\\\/it\\\/mehr-tempo-reicht-nicht-gegen-den-wohnungsmangel\\\/#webpage\"},\"isPartOf\":{\"@id\":\"https:\\\/\\\/www.immo-invest.ch\\\/it\\\/mehr-tempo-reicht-nicht-gegen-den-wohnungsmangel\\\/#webpage\"},\"articleSection\":\"Costruzione, Pianificazione \\\/ Sviluppo, Residenziale, Zug, Zurigo, Baurecht, Immoinvest, immoNews, Kanton Zug, News, Normenabbau, Seebahn-H\\u00f6fe, Verfahrensbeschleunigung, Wohnungsbau, Optional\"},{\"@type\":\"BreadcrumbList\",\"@id\":\"https:\\\/\\\/www.immo-invest.ch\\\/it\\\/mehr-tempo-reicht-nicht-gegen-den-wohnungsmangel\\\/#breadcrumblist\",\"itemListElement\":[{\"@type\":\"ListItem\",\"@id\":\"https:\\\/\\\/www.immo-invest.ch\\\/it\\\/#listItem\",\"position\":1,\"name\":\"Home\",\"item\":\"https:\\\/\\\/www.immo-invest.ch\\\/it\\\/\",\"nextItem\":{\"@type\":\"ListItem\",\"@id\":\"https:\\\/\\\/www.immo-invest.ch\\\/it\\\/categoria\\\/regioni\\\/#listItem\",\"name\":\"Regioni\"}},{\"@type\":\"ListItem\",\"@id\":\"https:\\\/\\\/www.immo-invest.ch\\\/it\\\/categoria\\\/regioni\\\/#listItem\",\"position\":2,\"name\":\"Regioni\",\"item\":\"https:\\\/\\\/www.immo-invest.ch\\\/it\\\/categoria\\\/regioni\\\/\",\"nextItem\":{\"@type\":\"ListItem\",\"@id\":\"https:\\\/\\\/www.immo-invest.ch\\\/it\\\/categoria\\\/regioni\\\/svizzera\\\/#listItem\",\"name\":\"Svizzera\"},\"previousItem\":{\"@type\":\"ListItem\",\"@id\":\"https:\\\/\\\/www.immo-invest.ch\\\/it\\\/#listItem\",\"name\":\"Home\"}},{\"@type\":\"ListItem\",\"@id\":\"https:\\\/\\\/www.immo-invest.ch\\\/it\\\/categoria\\\/regioni\\\/svizzera\\\/#listItem\",\"position\":3,\"name\":\"Svizzera\",\"item\":\"https:\\\/\\\/www.immo-invest.ch\\\/it\\\/categoria\\\/regioni\\\/svizzera\\\/\",\"nextItem\":{\"@type\":\"ListItem\",\"@id\":\"https:\\\/\\\/www.immo-invest.ch\\\/it\\\/categoria\\\/regioni\\\/svizzera\\\/zentralschweiz-it\\\/#listItem\",\"name\":\"Zentralschweiz\"},\"previousItem\":{\"@type\":\"ListItem\",\"@id\":\"https:\\\/\\\/www.immo-invest.ch\\\/it\\\/categoria\\\/regioni\\\/#listItem\",\"name\":\"Regioni\"}},{\"@type\":\"ListItem\",\"@id\":\"https:\\\/\\\/www.immo-invest.ch\\\/it\\\/categoria\\\/regioni\\\/svizzera\\\/zentralschweiz-it\\\/#listItem\",\"position\":4,\"name\":\"Zentralschweiz\",\"item\":\"https:\\\/\\\/www.immo-invest.ch\\\/it\\\/categoria\\\/regioni\\\/svizzera\\\/zentralschweiz-it\\\/\",\"nextItem\":{\"@type\":\"ListItem\",\"@id\":\"https:\\\/\\\/www.immo-invest.ch\\\/it\\\/categoria\\\/regioni\\\/svizzera\\\/zentralschweiz-it\\\/zug-immoregionen-it\\\/#listItem\",\"name\":\"Zug\"},\"previousItem\":{\"@type\":\"ListItem\",\"@id\":\"https:\\\/\\\/www.immo-invest.ch\\\/it\\\/categoria\\\/regioni\\\/svizzera\\\/#listItem\",\"name\":\"Svizzera\"}},{\"@type\":\"ListItem\",\"@id\":\"https:\\\/\\\/www.immo-invest.ch\\\/it\\\/categoria\\\/regioni\\\/svizzera\\\/zentralschweiz-it\\\/zug-immoregionen-it\\\/#listItem\",\"position\":5,\"name\":\"Zug\",\"item\":\"https:\\\/\\\/www.immo-invest.ch\\\/it\\\/categoria\\\/regioni\\\/svizzera\\\/zentralschweiz-it\\\/zug-immoregionen-it\\\/\",\"nextItem\":{\"@type\":\"ListItem\",\"@id\":\"https:\\\/\\\/www.immo-invest.ch\\\/it\\\/mehr-tempo-reicht-nicht-gegen-den-wohnungsmangel\\\/#listItem\",\"name\":\"Una maggiore rapidit\\u00e0 non basta a risolvere la carenza di alloggi\"},\"previousItem\":{\"@type\":\"ListItem\",\"@id\":\"https:\\\/\\\/www.immo-invest.ch\\\/it\\\/categoria\\\/regioni\\\/svizzera\\\/zentralschweiz-it\\\/#listItem\",\"name\":\"Zentralschweiz\"}},{\"@type\":\"ListItem\",\"@id\":\"https:\\\/\\\/www.immo-invest.ch\\\/it\\\/mehr-tempo-reicht-nicht-gegen-den-wohnungsmangel\\\/#listItem\",\"position\":6,\"name\":\"Una maggiore rapidit\\u00e0 non basta a risolvere la carenza di alloggi\",\"previousItem\":{\"@type\":\"ListItem\",\"@id\":\"https:\\\/\\\/www.immo-invest.ch\\\/it\\\/categoria\\\/regioni\\\/svizzera\\\/zentralschweiz-it\\\/zug-immoregionen-it\\\/#listItem\",\"name\":\"Zug\"}}]},{\"@type\":\"Organization\",\"@id\":\"https:\\\/\\\/www.immo-invest.ch\\\/it\\\/#organization\",\"name\":\"immo!nvest - Die Plattform f\\u00fcr Standorte und Immobilien\",\"description\":\"Die\\u00a0Plattform f\\u00fcr Standorte und Immobilien\",\"url\":\"https:\\\/\\\/www.immo-invest.ch\\\/it\\\/\",\"email\":\"admin@immomedia.ag\",\"telephone\":\"+41444420002\",\"logo\":{\"@type\":\"ImageObject\",\"url\":\"https:\\\/\\\/www.immo-invest.ch\\\/wp-content\\\/uploads\\\/2024\\\/09\\\/immoinvest_sm-scaled.jpg\",\"@id\":\"https:\\\/\\\/www.immo-invest.ch\\\/it\\\/mehr-tempo-reicht-nicht-gegen-den-wohnungsmangel\\\/#organizationLogo\",\"width\":2560,\"height\":1340},\"image\":{\"@id\":\"https:\\\/\\\/www.immo-invest.ch\\\/it\\\/mehr-tempo-reicht-nicht-gegen-den-wohnungsmangel\\\/#organizationLogo\"},\"sameAs\":[\"https:\\\/\\\/www.facebook.com\\\/people\\\/Immoinvest\\\/100077962920504\\\/\",\"https:\\\/\\\/x.com\\\/i\\\/flow\\\/login?redirect_after_login=immoinvest_ch\",\"https:\\\/\\\/www.instagram.com\\\/immoinvest_ch\\\/\",\"https:\\\/\\\/www.linkedin.com\\\/company\\\/immoinvest-swiss\"]},{\"@type\":\"Person\",\"@id\":\"https:\\\/\\\/www.immo-invest.ch\\\/it\\\/author\\\/immovestuser\\\/#author\",\"url\":\"https:\\\/\\\/www.immo-invest.ch\\\/it\\\/author\\\/immovestuser\\\/\",\"name\":\"immovestuser\",\"image\":{\"@type\":\"ImageObject\",\"@id\":\"https:\\\/\\\/www.immo-invest.ch\\\/it\\\/mehr-tempo-reicht-nicht-gegen-den-wohnungsmangel\\\/#authorImage\",\"url\":\"https:\\\/\\\/secure.gravatar.com\\\/avatar\\\/8e01f4d99f2eeea7a362ebb93305e1172a70e9293ba250f897a65c39f54cdd1e?s=96&d=mm&r=g\",\"width\":96,\"height\":96,\"caption\":\"immovestuser\"}},{\"@type\":\"WebPage\",\"@id\":\"https:\\\/\\\/www.immo-invest.ch\\\/it\\\/mehr-tempo-reicht-nicht-gegen-den-wohnungsmangel\\\/#webpage\",\"url\":\"https:\\\/\\\/www.immo-invest.ch\\\/it\\\/mehr-tempo-reicht-nicht-gegen-den-wohnungsmangel\\\/\",\"name\":\"Una maggiore rapidit\\u00e0 non basta a risolvere la carenza di alloggi - immo!nvest - Die Plattform f\\u00fcr Standorte und Immobilien\",\"description\":\"In Svizzera mancano ogni anno migliaia di alloggi, nonostante Berna stia valutando procedure pi\\u00f9 rapide. Il problema \\u00e8 pi\\u00f9 profondo. Non \\u00e8 solo la lentezza a frenare l\\u2019edilizia residenziale, ma una rete sempre pi\\u00f9 fitta di norme che spetterebbe soprattutto ai cantoni e ai comuni snellire.\",\"inLanguage\":\"it-IT\",\"isPartOf\":{\"@id\":\"https:\\\/\\\/www.immo-invest.ch\\\/it\\\/#website\"},\"breadcrumb\":{\"@id\":\"https:\\\/\\\/www.immo-invest.ch\\\/it\\\/mehr-tempo-reicht-nicht-gegen-den-wohnungsmangel\\\/#breadcrumblist\"},\"author\":{\"@id\":\"https:\\\/\\\/www.immo-invest.ch\\\/it\\\/author\\\/immovestuser\\\/#author\"},\"creator\":{\"@id\":\"https:\\\/\\\/www.immo-invest.ch\\\/it\\\/author\\\/immovestuser\\\/#author\"},\"image\":{\"@type\":\"ImageObject\",\"url\":\"https:\\\/\\\/www.immo-invest.ch\\\/wp-content\\\/uploads\\\/2026\\\/09\\\/Mehr-Tempo-reicht-nicht-gegen-den-Wohnungsmangel-immo-invest.png\",\"@id\":\"https:\\\/\\\/www.immo-invest.ch\\\/it\\\/mehr-tempo-reicht-nicht-gegen-den-wohnungsmangel\\\/#mainImage\",\"width\":1536,\"height\":768},\"primaryImageOfPage\":{\"@id\":\"https:\\\/\\\/www.immo-invest.ch\\\/it\\\/mehr-tempo-reicht-nicht-gegen-den-wohnungsmangel\\\/#mainImage\"},\"datePublished\":\"2026-09-04T16:00:00+02:00\",\"dateModified\":\"2026-09-02T13:53:23+02:00\"},{\"@type\":\"WebSite\",\"@id\":\"https:\\\/\\\/www.immo-invest.ch\\\/it\\\/#website\",\"url\":\"https:\\\/\\\/www.immo-invest.ch\\\/it\\\/\",\"name\":\"immo!nvest - Die Plattform f\\u00fcr Standorte und Immobilien\",\"description\":\"Die\\u00a0Plattform f\\u00fcr Standorte und Immobilien\",\"inLanguage\":\"it-IT\",\"publisher\":{\"@id\":\"https:\\\/\\\/www.immo-invest.ch\\\/it\\\/#organization\"}}]}\n\t\t<\/script>\n\t\t<!-- All in One SEO -->\n\n","aioseo_head_json":{"title":"Una maggiore rapidit\u00e0 non basta a risolvere la carenza di alloggi - immo!nvest - Die Plattform f\u00fcr Standorte und Immobilien","description":"In Svizzera mancano ogni anno migliaia di alloggi, nonostante Berna stia valutando procedure pi\u00f9 rapide. Il problema \u00e8 pi\u00f9 profondo. Non \u00e8 solo la lentezza a frenare l\u2019edilizia residenziale, ma una rete sempre pi\u00f9 fitta di norme che spetterebbe soprattutto ai cantoni e ai comuni snellire.","canonical_url":"https:\/\/www.immo-invest.ch\/it\/mehr-tempo-reicht-nicht-gegen-den-wohnungsmangel\/","robots":"max-image-preview:large","keywords":"","webmasterTools":{"google-site-verification":"fHJKvgWpZCR2zVBHWfkQeFXC11qieUSff0HGNYfuyLA","miscellaneous":""},"schema":{"@context":"https:\/\/schema.org","@graph":[{"@type":"BlogPosting","@id":"https:\/\/www.immo-invest.ch\/it\/mehr-tempo-reicht-nicht-gegen-den-wohnungsmangel\/#blogposting","name":"Una maggiore rapidit\u00e0 non basta a risolvere la carenza di alloggi - immo!nvest - Die Plattform f\u00fcr Standorte und Immobilien","headline":"Una maggiore rapidit\u00e0 non basta a risolvere la carenza di alloggi","author":{"@id":"https:\/\/www.immo-invest.ch\/it\/author\/immovestuser\/#author"},"publisher":{"@id":"https:\/\/www.immo-invest.ch\/it\/#organization"},"image":{"@type":"ImageObject","url":"https:\/\/www.immo-invest.ch\/wp-content\/uploads\/2026\/09\/Mehr-Tempo-reicht-nicht-gegen-den-Wohnungsmangel-immo-invest.png","width":1536,"height":768},"datePublished":"2026-09-04T16:00:00+02:00","dateModified":"2026-09-02T13:53:23+02:00","inLanguage":"it-IT","mainEntityOfPage":{"@id":"https:\/\/www.immo-invest.ch\/it\/mehr-tempo-reicht-nicht-gegen-den-wohnungsmangel\/#webpage"},"isPartOf":{"@id":"https:\/\/www.immo-invest.ch\/it\/mehr-tempo-reicht-nicht-gegen-den-wohnungsmangel\/#webpage"},"articleSection":"Costruzione, Pianificazione \/ Sviluppo, Residenziale, Zug, Zurigo, Baurecht, Immoinvest, immoNews, Kanton Zug, News, Normenabbau, Seebahn-H\u00f6fe, Verfahrensbeschleunigung, Wohnungsbau, Optional"},{"@type":"BreadcrumbList","@id":"https:\/\/www.immo-invest.ch\/it\/mehr-tempo-reicht-nicht-gegen-den-wohnungsmangel\/#breadcrumblist","itemListElement":[{"@type":"ListItem","@id":"https:\/\/www.immo-invest.ch\/it\/#listItem","position":1,"name":"Home","item":"https:\/\/www.immo-invest.ch\/it\/","nextItem":{"@type":"ListItem","@id":"https:\/\/www.immo-invest.ch\/it\/categoria\/regioni\/#listItem","name":"Regioni"}},{"@type":"ListItem","@id":"https:\/\/www.immo-invest.ch\/it\/categoria\/regioni\/#listItem","position":2,"name":"Regioni","item":"https:\/\/www.immo-invest.ch\/it\/categoria\/regioni\/","nextItem":{"@type":"ListItem","@id":"https:\/\/www.immo-invest.ch\/it\/categoria\/regioni\/svizzera\/#listItem","name":"Svizzera"},"previousItem":{"@type":"ListItem","@id":"https:\/\/www.immo-invest.ch\/it\/#listItem","name":"Home"}},{"@type":"ListItem","@id":"https:\/\/www.immo-invest.ch\/it\/categoria\/regioni\/svizzera\/#listItem","position":3,"name":"Svizzera","item":"https:\/\/www.immo-invest.ch\/it\/categoria\/regioni\/svizzera\/","nextItem":{"@type":"ListItem","@id":"https:\/\/www.immo-invest.ch\/it\/categoria\/regioni\/svizzera\/zentralschweiz-it\/#listItem","name":"Zentralschweiz"},"previousItem":{"@type":"ListItem","@id":"https:\/\/www.immo-invest.ch\/it\/categoria\/regioni\/#listItem","name":"Regioni"}},{"@type":"ListItem","@id":"https:\/\/www.immo-invest.ch\/it\/categoria\/regioni\/svizzera\/zentralschweiz-it\/#listItem","position":4,"name":"Zentralschweiz","item":"https:\/\/www.immo-invest.ch\/it\/categoria\/regioni\/svizzera\/zentralschweiz-it\/","nextItem":{"@type":"ListItem","@id":"https:\/\/www.immo-invest.ch\/it\/categoria\/regioni\/svizzera\/zentralschweiz-it\/zug-immoregionen-it\/#listItem","name":"Zug"},"previousItem":{"@type":"ListItem","@id":"https:\/\/www.immo-invest.ch\/it\/categoria\/regioni\/svizzera\/#listItem","name":"Svizzera"}},{"@type":"ListItem","@id":"https:\/\/www.immo-invest.ch\/it\/categoria\/regioni\/svizzera\/zentralschweiz-it\/zug-immoregionen-it\/#listItem","position":5,"name":"Zug","item":"https:\/\/www.immo-invest.ch\/it\/categoria\/regioni\/svizzera\/zentralschweiz-it\/zug-immoregionen-it\/","nextItem":{"@type":"ListItem","@id":"https:\/\/www.immo-invest.ch\/it\/mehr-tempo-reicht-nicht-gegen-den-wohnungsmangel\/#listItem","name":"Una maggiore rapidit\u00e0 non basta a risolvere la carenza di alloggi"},"previousItem":{"@type":"ListItem","@id":"https:\/\/www.immo-invest.ch\/it\/categoria\/regioni\/svizzera\/zentralschweiz-it\/#listItem","name":"Zentralschweiz"}},{"@type":"ListItem","@id":"https:\/\/www.immo-invest.ch\/it\/mehr-tempo-reicht-nicht-gegen-den-wohnungsmangel\/#listItem","position":6,"name":"Una maggiore rapidit\u00e0 non basta a risolvere la carenza di alloggi","previousItem":{"@type":"ListItem","@id":"https:\/\/www.immo-invest.ch\/it\/categoria\/regioni\/svizzera\/zentralschweiz-it\/zug-immoregionen-it\/#listItem","name":"Zug"}}]},{"@type":"Organization","@id":"https:\/\/www.immo-invest.ch\/it\/#organization","name":"immo!nvest - Die Plattform f\u00fcr Standorte und Immobilien","description":"Die\u00a0Plattform f\u00fcr Standorte und Immobilien","url":"https:\/\/www.immo-invest.ch\/it\/","email":"admin@immomedia.ag","telephone":"+41444420002","logo":{"@type":"ImageObject","url":"https:\/\/www.immo-invest.ch\/wp-content\/uploads\/2024\/09\/immoinvest_sm-scaled.jpg","@id":"https:\/\/www.immo-invest.ch\/it\/mehr-tempo-reicht-nicht-gegen-den-wohnungsmangel\/#organizationLogo","width":2560,"height":1340},"image":{"@id":"https:\/\/www.immo-invest.ch\/it\/mehr-tempo-reicht-nicht-gegen-den-wohnungsmangel\/#organizationLogo"},"sameAs":["https:\/\/www.facebook.com\/people\/Immoinvest\/100077962920504\/","https:\/\/x.com\/i\/flow\/login?redirect_after_login=immoinvest_ch","https:\/\/www.instagram.com\/immoinvest_ch\/","https:\/\/www.linkedin.com\/company\/immoinvest-swiss"]},{"@type":"Person","@id":"https:\/\/www.immo-invest.ch\/it\/author\/immovestuser\/#author","url":"https:\/\/www.immo-invest.ch\/it\/author\/immovestuser\/","name":"immovestuser","image":{"@type":"ImageObject","@id":"https:\/\/www.immo-invest.ch\/it\/mehr-tempo-reicht-nicht-gegen-den-wohnungsmangel\/#authorImage","url":"https:\/\/secure.gravatar.com\/avatar\/8e01f4d99f2eeea7a362ebb93305e1172a70e9293ba250f897a65c39f54cdd1e?s=96&d=mm&r=g","width":96,"height":96,"caption":"immovestuser"}},{"@type":"WebPage","@id":"https:\/\/www.immo-invest.ch\/it\/mehr-tempo-reicht-nicht-gegen-den-wohnungsmangel\/#webpage","url":"https:\/\/www.immo-invest.ch\/it\/mehr-tempo-reicht-nicht-gegen-den-wohnungsmangel\/","name":"Una maggiore rapidit\u00e0 non basta a risolvere la carenza di alloggi - immo!nvest - Die Plattform f\u00fcr Standorte und Immobilien","description":"In Svizzera mancano ogni anno migliaia di alloggi, nonostante Berna stia valutando procedure pi\u00f9 rapide. Il problema \u00e8 pi\u00f9 profondo. Non \u00e8 solo la lentezza a frenare l\u2019edilizia residenziale, ma una rete sempre pi\u00f9 fitta di norme che spetterebbe soprattutto ai cantoni e ai comuni snellire.","inLanguage":"it-IT","isPartOf":{"@id":"https:\/\/www.immo-invest.ch\/it\/#website"},"breadcrumb":{"@id":"https:\/\/www.immo-invest.ch\/it\/mehr-tempo-reicht-nicht-gegen-den-wohnungsmangel\/#breadcrumblist"},"author":{"@id":"https:\/\/www.immo-invest.ch\/it\/author\/immovestuser\/#author"},"creator":{"@id":"https:\/\/www.immo-invest.ch\/it\/author\/immovestuser\/#author"},"image":{"@type":"ImageObject","url":"https:\/\/www.immo-invest.ch\/wp-content\/uploads\/2026\/09\/Mehr-Tempo-reicht-nicht-gegen-den-Wohnungsmangel-immo-invest.png","@id":"https:\/\/www.immo-invest.ch\/it\/mehr-tempo-reicht-nicht-gegen-den-wohnungsmangel\/#mainImage","width":1536,"height":768},"primaryImageOfPage":{"@id":"https:\/\/www.immo-invest.ch\/it\/mehr-tempo-reicht-nicht-gegen-den-wohnungsmangel\/#mainImage"},"datePublished":"2026-09-04T16:00:00+02:00","dateModified":"2026-09-02T13:53:23+02:00"},{"@type":"WebSite","@id":"https:\/\/www.immo-invest.ch\/it\/#website","url":"https:\/\/www.immo-invest.ch\/it\/","name":"immo!nvest - Die Plattform f\u00fcr Standorte und Immobilien","description":"Die\u00a0Plattform f\u00fcr Standorte und Immobilien","inLanguage":"it-IT","publisher":{"@id":"https:\/\/www.immo-invest.ch\/it\/#organization"}}]},"og:locale":"it_IT","og:site_name":"immo!nvest - Die Plattform f\u00fcr Standorte und Immobilien - Die\u00a0Plattform f\u00fcr Standorte und Immobilien","og:type":"article","og:title":"Una maggiore rapidit\u00e0 non basta a risolvere la carenza di alloggi - immo!nvest - Die Plattform f\u00fcr Standorte und Immobilien","og:description":"In Svizzera mancano ogni anno migliaia di alloggi, nonostante Berna stia valutando procedure pi\u00f9 rapide. Il problema \u00e8 pi\u00f9 profondo. Non \u00e8 solo la lentezza a frenare l\u2019edilizia residenziale, ma una rete sempre pi\u00f9 fitta di norme che spetterebbe soprattutto ai cantoni e ai comuni snellire.","og:url":"https:\/\/www.immo-invest.ch\/it\/mehr-tempo-reicht-nicht-gegen-den-wohnungsmangel\/","og:image":"https:\/\/www.immo-invest.ch\/wp-content\/uploads\/2026\/09\/Mehr-Tempo-reicht-nicht-gegen-den-Wohnungsmangel-immo-invest.png","og:image:secure_url":"https:\/\/www.immo-invest.ch\/wp-content\/uploads\/2026\/09\/Mehr-Tempo-reicht-nicht-gegen-den-Wohnungsmangel-immo-invest.png","og:image:width":1536,"og:image:height":768,"article:published_time":"2026-09-04T14:00:00+00:00","article:modified_time":"2026-09-02T11:53:23+00:00","article:publisher":"https:\/\/www.facebook.com\/people\/Immoinvest\/100077962920504\/","twitter:card":"summary_large_image","twitter:site":"@i","twitter:title":"Una maggiore rapidit\u00e0 non basta a risolvere la carenza di alloggi - immo!nvest - Die Plattform f\u00fcr Standorte und Immobilien","twitter:description":"In Svizzera mancano ogni anno migliaia di alloggi, nonostante Berna stia valutando procedure pi\u00f9 rapide. Il problema \u00e8 pi\u00f9 profondo. Non \u00e8 solo la lentezza a frenare l\u2019edilizia residenziale, ma una rete sempre pi\u00f9 fitta di norme che spetterebbe soprattutto ai cantoni e ai comuni snellire.","twitter:creator":"@i","twitter:image":"https:\/\/www.immo-invest.ch\/wp-content\/uploads\/2026\/09\/Mehr-Tempo-reicht-nicht-gegen-den-Wohnungsmangel-immo-invest.png"},"aioseo_meta_data":{"post_id":"164382","title":null,"description":null,"keywords":null,"keyphrases":{"focus":{"keyphrase":"","score":0,"analysis":{"keyphraseInTitle":{"score":0,"maxScore":9,"error":1}}},"additional":[]},"primary_term":null,"canonical_url":null,"og_title":null,"og_description":null,"og_object_type":"default","og_image_type":"default","og_image_url":null,"og_image_width":null,"og_image_height":null,"og_image_custom_url":null,"og_image_custom_fields":null,"og_video":"","og_custom_url":null,"og_article_section":null,"og_article_tags":null,"twitter_use_og":false,"twitter_card":"default","twitter_image_type":"default","twitter_image_url":null,"twitter_image_custom_url":null,"twitter_image_custom_fields":null,"twitter_title":null,"twitter_description":null,"schema":{"blockGraphs":[],"customGraphs":[],"default":{"data":{"Article":[],"Course":[],"Dataset":[],"FAQPage":[],"Movie":[],"Person":[],"Product":[],"ProductReview":[],"Car":[],"Recipe":[],"Service":[],"SoftwareApplication":[],"WebPage":[]},"graphName":"BlogPosting","isEnabled":true},"graphs":[]},"schema_type":"default","schema_type_options":null,"pillar_content":false,"robots_default":true,"robots_noindex":false,"robots_noarchive":false,"robots_nosnippet":false,"robots_nofollow":false,"robots_noimageindex":false,"robots_noodp":false,"robots_notranslate":false,"robots_max_snippet":"-1","robots_max_videopreview":"-1","robots_max_imagepreview":"large","priority":null,"frequency":"default","local_seo":null,"breadcrumb_settings":null,"limit_modified_date":false,"ai":{"faqs":[],"keyPoints":[],"schemas":[],"titles":[],"descriptions":[],"socialPosts":{"email":{"subject":"","preview":"","content":""},"linkedin":[],"twitter":[],"facebook":[],"instagram":[]}},"created":"2026-09-02 11:53:24","updated":"2026-09-04 15:01:34","seo_analyzer_scan_date":null,"focus_keyword":null,"additional_keywords":null,"truseo_locale":null},"aioseo_breadcrumb":"<div class=\"aioseo-breadcrumbs\"><span class=\"aioseo-breadcrumb\">\n\t\t\t<a href=\"https:\/\/www.immo-invest.ch\/it\/\" title=\"Home\">Home<\/a>\n\t\t<\/span><span class=\"aioseo-breadcrumb-separator\">&raquo;<\/span><span class=\"aioseo-breadcrumb\">\n\t\t\t<a href=\"https:\/\/www.immo-invest.ch\/it\/categoria\/regioni\/\" title=\"Regioni\">Regioni<\/a>\n\t\t<\/span><span class=\"aioseo-breadcrumb-separator\">&raquo;<\/span><span class=\"aioseo-breadcrumb\">\n\t\t\t<a href=\"https:\/\/www.immo-invest.ch\/it\/categoria\/regioni\/svizzera\/\" title=\"Svizzera\">Svizzera<\/a>\n\t\t<\/span><span class=\"aioseo-breadcrumb-separator\">&raquo;<\/span><span class=\"aioseo-breadcrumb\">\n\t\t\t<a href=\"https:\/\/www.immo-invest.ch\/it\/categoria\/regioni\/svizzera\/zentralschweiz-it\/\" title=\"Zentralschweiz\">Zentralschweiz<\/a>\n\t\t<\/span><span class=\"aioseo-breadcrumb-separator\">&raquo;<\/span><span class=\"aioseo-breadcrumb\">\n\t\t\t<a href=\"https:\/\/www.immo-invest.ch\/it\/categoria\/regioni\/svizzera\/zentralschweiz-it\/zug-immoregionen-it\/\" title=\"Zug\">Zug<\/a>\n\t\t<\/span><span class=\"aioseo-breadcrumb-separator\">&raquo;<\/span><span class=\"aioseo-breadcrumb\">\n\t\t\tUna maggiore rapidit\u00e0 non basta a risolvere la carenza di alloggi\n\t\t<\/span><\/div>","aioseo_breadcrumb_json":[{"label":"Home","link":"https:\/\/www.immo-invest.ch\/it\/"},{"label":"Regioni","link":"https:\/\/www.immo-invest.ch\/it\/categoria\/regioni\/"},{"label":"Svizzera","link":"https:\/\/www.immo-invest.ch\/it\/categoria\/regioni\/svizzera\/"},{"label":"Zentralschweiz","link":"https:\/\/www.immo-invest.ch\/it\/categoria\/regioni\/svizzera\/zentralschweiz-it\/"},{"label":"Zug","link":"https:\/\/www.immo-invest.ch\/it\/categoria\/regioni\/svizzera\/zentralschweiz-it\/zug-immoregionen-it\/"},{"label":"Una maggiore rapidit\u00e0 non basta a risolvere la carenza di alloggi","link":"https:\/\/www.immo-invest.ch\/it\/mehr-tempo-reicht-nicht-gegen-den-wohnungsmangel\/"}],"featured_image_src":"https:\/\/www.immo-invest.ch\/wp-content\/uploads\/2026\/09\/Mehr-Tempo-reicht-nicht-gegen-den-Wohnungsmangel-immo-invest-336x168.png","_links":{"self":[{"href":"https:\/\/www.immo-invest.ch\/it\/wp-json\/wp\/v2\/posts\/164382","targetHints":{"allow":["GET"]}}],"collection":[{"href":"https:\/\/www.immo-invest.ch\/it\/wp-json\/wp\/v2\/posts"}],"about":[{"href":"https:\/\/www.immo-invest.ch\/it\/wp-json\/wp\/v2\/types\/post"}],"author":[{"embeddable":true,"href":"https:\/\/www.immo-invest.ch\/it\/wp-json\/wp\/v2\/users\/2"}],"replies":[{"embeddable":true,"href":"https:\/\/www.immo-invest.ch\/it\/wp-json\/wp\/v2\/comments?post=164382"}],"version-history":[{"count":2,"href":"https:\/\/www.immo-invest.ch\/it\/wp-json\/wp\/v2\/posts\/164382\/revisions"}],"predecessor-version":[{"id":164391,"href":"https:\/\/www.immo-invest.ch\/it\/wp-json\/wp\/v2\/posts\/164382\/revisions\/164391"}],"wp:featuredmedia":[{"embeddable":true,"href":"https:\/\/www.immo-invest.ch\/it\/wp-json\/wp\/v2\/media\/164383"}],"wp:attachment":[{"href":"https:\/\/www.immo-invest.ch\/it\/wp-json\/wp\/v2\/media?parent=164382"}],"wp:term":[{"taxonomy":"category","embeddable":true,"href":"https:\/\/www.immo-invest.ch\/it\/wp-json\/wp\/v2\/categories?post=164382"},{"taxonomy":"post_tag","embeddable":true,"href":"https:\/\/www.immo-invest.ch\/it\/wp-json\/wp\/v2\/tags?post=164382"}],"curies":[{"name":"wp","href":"https:\/\/api.w.org\/{rel}","templated":true}]}}