{"id":163927,"date":"2026-08-31T17:30:00","date_gmt":"2026-08-31T15:30:00","guid":{"rendered":"https:\/\/www.immo-invest.ch\/?p=163927"},"modified":"2026-08-31T09:30:43","modified_gmt":"2026-08-31T07:30:43","slug":"smg-ordnet-die-fuehrung-neu","status":"publish","type":"post","link":"https:\/\/www.immo-invest.ch\/it\/smg-ordnet-die-fuehrung-neu\/","title":{"rendered":"SMG riorganizza la propria leadership"},"content":{"rendered":"<p>A partire dal 1&deg; gennaio 2027, Alberto Sanz de Lama assumer&agrave; la direzione operativa di SMG. L&rsquo;attuale CEO Christoph Tonini si dimetter&agrave; il 31 dicembre 2026 e dovrebbe essere eletto presidente del Consiglio di amministrazione in occasione dell&rsquo;Assemblea generale dell&rsquo;aprile 2027.<\/p>\n<p>Per le piattaforme immobiliari del Gruppo, questa riorganizzazione va ben oltre un semplice cambio di personale. SMG riunisce sotto il proprio tetto, tra gli altri, <span class=\"glossaryLink\" aria-describedby=\"tt\" data-cmtooltip=\"&lt;div class=glossaryItemTitle&gt;Homegate&lt;\/div&gt;&lt;div class=glossaryItemBody&gt;Online-Immobilien-Marktplatz&lt;\/div&gt;\" data-mobile-support=\"0\" data-gt-translate-attributes='[{\"attribute\":\"data-cmtooltip\", \"format\":\"html\"}]' tabindex=\"0\" role=\"link\">Homegate<\/span>, <span class=\"glossaryLink\" aria-describedby=\"tt\" data-cmtooltip=\"&lt;div class=glossaryItemTitle&gt;ImmoScout24&lt;\/div&gt;&lt;div class=glossaryItemBody&gt;Online-Immobilien-Marktplatz&lt;\/div&gt;\" data-mobile-support=\"0\" data-gt-translate-attributes='[{\"attribute\":\"data-cmtooltip\", \"format\":\"html\"}]' tabindex=\"0\" role=\"link\">ImmoScout24<\/span>, Flatfox, CASASOFT e IAZI, gestendo cos&igrave; gran parte della commercializzazione digitale, della valutazione e dell&rsquo;infrastruttura dati nel mercato immobiliare svizzero.<\/p>\n<p><strong>Una transizione con una linea chiara<br>\n<\/strong>Fino all&rsquo;assemblea generale di aprile 2027, Pietro Supino assumer&agrave; ad interim la presidenza del Consiglio di amministrazione. L&rsquo;attuale presidente J&ouml;rn Nikolay si dimette dalla carica, ma rimarr&agrave; semplice membro del Consiglio di amministrazione fino all&rsquo;Assemblea generale. SMG parla di un processo di successione strutturato e punta su Sanz de Lama, un candidato interno proveniente dalla direzione aziendale.<\/p>\n<p>Sanz de Lama fa parte del team dirigenziale dal 2023 e finora ha guidato il settore automobilistico. Secondo quanto riferito dall&rsquo;azienda, vanta oltre 20 anni di esperienza nel campo della tecnologia e dei mercati digitali, maturata tra l&rsquo;altro in ruoli ricoperti presso eBay e AutoScout24 in Germania.<\/p>\n<p><strong>Anche il mercato immobiliare &egrave; interessato<br>\n<\/strong>Il cambio al vertice &egrave; rilevante per il settore immobiliare, poich&eacute; SMG &egrave; uno dei principali gestori di canali digitali di annunci e transazioni in Svizzera. Secondo i dati forniti dall&rsquo;azienda, nel 2025 il gruppo ha realizzato un fatturato di 332 milioni di franchi, impiega circa 1&rsquo;000 collaboratori e ha sede a Zurigo. Dal 19 settembre 2025 la holding &egrave; quotata alla SIX.<\/p>\n<p>Tonini aveva assunto la guida operativa all&rsquo;inizio del 2023 e ha guidato SMG fino alla quotazione in borsa. Il cambio di leadership avviene quindi poco dopo la quotazione in borsa e in una fase in cui l&rsquo;azienda intende consolidare ulteriormente la propria posizione di gruppo quotato operante nei settori immobiliare, automobilistico, degli annunci economici e dei comparatori finanziari e assicurativi.<\/p>\n","protected":false},"excerpt":{"rendered":"<p>In SMG, il cambio al vertice \u00e8 gi\u00e0 stato collegato al prossimo avvicendamento al seno del Consiglio di amministrazione. Christoph Tonini lascer\u00e0 la carica di CEO il 31 dicembre 2026, ma dovrebbe assumere la presidenza del Consiglio di amministrazione nell\u2019aprile 2027. Per i portali immobiliari del Gruppo si prospetta quindi una riorganizzazione della dirigenza all\u2019insegna di una stretta continuit\u00e0.<\/p>\n","protected":false},"author":2,"featured_media":163928,"comment_status":"open","ping_status":"open","sticky":false,"template":"","format":"standard","meta":{"pmpro_default_level":"","inline_featured_image":false,"_monsterinsights_skip_tracking":false,"footnotes":""},"categories":[4465,8741,22695,56031,4817],"tags":[61410,61411,61528,1838,867,3935,10699,2006,25368],"class_list":["post-163927","post","type-post","status-publish","format-standard","has-post-thumbnail","hentry","category-persone","category-proptech-it","category-societa","category-vendita-mediazione","category-regione-zurigo","tag-alberto-sanz-de-lama","tag-christoph-tonini","tag-digitale-marktplatze","tag-homegate-it","tag-immoinvest-it","tag-immonews-it","tag-immoscout24-it","tag-news-it","tag-smg-swiss-marketplace-group-it","pmpro-has-access"],"acf":{"bild_mit_ki_erstellt_worden":["Ja"],"lead":"In SMG, il cambio al vertice \u00e8 gi\u00e0 stato collegato al prossimo avvicendamento al seno del Consiglio di amministrazione. Christoph Tonini lascer\u00e0 la carica di CEO il 31 dicembre 2026, ma dovrebbe assumere la presidenza del Consiglio di amministrazione nell\u2019aprile 2027. Per i portali immobiliari del Gruppo si prospetta quindi una riorganizzazione della dirigenza all\u2019insegna di una stretta continuit\u00e0.","autor":"","ort":"","bildunterschrift":"","bild_im_grid":false,"gallerie":"","newsim":"3840"},"aioseo_notices":[],"aioseo_head":"\n\t\t<!-- All in One SEO 5.0.0.1 - aioseo.com -->\n\t<meta name=\"description\" content=\"In SMG, il cambio al vertice \u00e8 gi\u00e0 stato collegato al prossimo avvicendamento al seno del Consiglio di amministrazione. Christoph Tonini lascer\u00e0 la carica di CEO il 31 dicembre 2026, ma dovrebbe assumere la presidenza del Consiglio di amministrazione nell\u2019aprile 2027. Per i portali immobiliari del Gruppo si prospetta quindi una riorganizzazione della dirigenza all\u2019insegna di una stretta continuit\u00e0.\" \/>\n\t<meta name=\"robots\" content=\"max-image-preview:large\" \/>\n\t<meta name=\"author\" content=\"immovestuser\"\/>\n\t<meta name=\"google-site-verification\" content=\"fHJKvgWpZCR2zVBHWfkQeFXC11qieUSff0HGNYfuyLA\" \/>\n\t<link rel=\"canonical\" href=\"https:\/\/www.immo-invest.ch\/it\/smg-ordnet-die-fuehrung-neu\/\" \/>\n\t<meta name=\"generator\" content=\"All in One SEO (AIOSEO) 5.0.0.1\" \/>\n\t\t<meta property=\"og:locale\" content=\"it_IT\" \/>\n\t\t<meta property=\"og:site_name\" content=\"immo!nvest - Die Plattform f\u00fcr Standorte und Immobilien - Die\u00a0Plattform f\u00fcr Standorte und Immobilien\" \/>\n\t\t<meta property=\"og:type\" content=\"article\" \/>\n\t\t<meta property=\"og:title\" content=\"SMG riorganizza la propria leadership - immo!nvest - Die Plattform f\u00fcr Standorte und Immobilien\" \/>\n\t\t<meta property=\"og:description\" content=\"In SMG, il cambio al vertice \u00e8 gi\u00e0 stato collegato al prossimo avvicendamento al seno del Consiglio di amministrazione. Christoph Tonini lascer\u00e0 la carica di CEO il 31 dicembre 2026, ma dovrebbe assumere la presidenza del Consiglio di amministrazione nell\u2019aprile 2027. Per i portali immobiliari del Gruppo si prospetta quindi una riorganizzazione della dirigenza all\u2019insegna di una stretta continuit\u00e0.\" \/>\n\t\t<meta property=\"og:url\" content=\"https:\/\/www.immo-invest.ch\/it\/smg-ordnet-die-fuehrung-neu\/\" \/>\n\t\t<meta property=\"og:image\" content=\"https:\/\/www.immo-invest.ch\/wp-content\/uploads\/2026\/08\/SMG-ordnet-die-Fuehrung-neu-immo-invest.png\" \/>\n\t\t<meta property=\"og:image:secure_url\" content=\"https:\/\/www.immo-invest.ch\/wp-content\/uploads\/2026\/08\/SMG-ordnet-die-Fuehrung-neu-immo-invest.png\" \/>\n\t\t<meta property=\"og:image:width\" content=\"1536\" \/>\n\t\t<meta property=\"og:image:height\" content=\"768\" \/>\n\t\t<meta property=\"article:published_time\" content=\"2026-08-31T15:30:00+00:00\" \/>\n\t\t<meta property=\"article:modified_time\" content=\"2026-08-31T07:30:43+00:00\" \/>\n\t\t<meta property=\"article:publisher\" content=\"https:\/\/www.facebook.com\/people\/Immoinvest\/100077962920504\/\" \/>\n\t\t<meta name=\"twitter:card\" content=\"summary_large_image\" \/>\n\t\t<meta name=\"twitter:site\" content=\"@i\" \/>\n\t\t<meta name=\"twitter:title\" content=\"SMG riorganizza la propria leadership - immo!nvest - Die Plattform f\u00fcr Standorte und Immobilien\" \/>\n\t\t<meta name=\"twitter:description\" content=\"In SMG, il cambio al vertice \u00e8 gi\u00e0 stato collegato al prossimo avvicendamento al seno del Consiglio di amministrazione. Christoph Tonini lascer\u00e0 la carica di CEO il 31 dicembre 2026, ma dovrebbe assumere la presidenza del Consiglio di amministrazione nell\u2019aprile 2027. Per i portali immobiliari del Gruppo si prospetta quindi una riorganizzazione della dirigenza all\u2019insegna di una stretta continuit\u00e0.\" \/>\n\t\t<meta name=\"twitter:creator\" content=\"@i\" \/>\n\t\t<meta name=\"twitter:image\" content=\"https:\/\/www.immo-invest.ch\/wp-content\/uploads\/2026\/08\/SMG-ordnet-die-Fuehrung-neu-immo-invest.png\" \/>\n\t\t<script type=\"application\/ld+json\" class=\"aioseo-schema\">\n\t\t\t{\"@context\":\"https:\\\/\\\/schema.org\",\"@graph\":[{\"@type\":\"BlogPosting\",\"@id\":\"https:\\\/\\\/www.immo-invest.ch\\\/it\\\/smg-ordnet-die-fuehrung-neu\\\/#blogposting\",\"name\":\"SMG riorganizza la propria leadership - immo!nvest - Die Plattform f\\u00fcr Standorte und Immobilien\",\"headline\":\"SMG riorganizza la propria leadership\",\"author\":{\"@id\":\"https:\\\/\\\/www.immo-invest.ch\\\/it\\\/author\\\/immovestuser\\\/#author\"},\"publisher\":{\"@id\":\"https:\\\/\\\/www.immo-invest.ch\\\/it\\\/#organization\"},\"image\":{\"@type\":\"ImageObject\",\"url\":\"https:\\\/\\\/www.immo-invest.ch\\\/wp-content\\\/uploads\\\/2026\\\/08\\\/SMG-ordnet-die-Fuehrung-neu-immo-invest.png\",\"width\":1536,\"height\":768},\"datePublished\":\"2026-08-31T17:30:00+02:00\",\"dateModified\":\"2026-08-31T09:30:43+02:00\",\"inLanguage\":\"it-IT\",\"mainEntityOfPage\":{\"@id\":\"https:\\\/\\\/www.immo-invest.ch\\\/it\\\/smg-ordnet-die-fuehrung-neu\\\/#webpage\"},\"isPartOf\":{\"@id\":\"https:\\\/\\\/www.immo-invest.ch\\\/it\\\/smg-ordnet-die-fuehrung-neu\\\/#webpage\"},\"articleSection\":\"Persone, propTech, Societ\\u00e0, Vendita \\\/ Mediazione, Zurigo, Alberto Sanz de Lama, Christoph Tonini, digitale Marktpl\\u00e4tze, homegate, Immoinvest, immoNews, ImmoScout24, News, SMG Swiss Marketplace Group, Optional\"},{\"@type\":\"BreadcrumbList\",\"@id\":\"https:\\\/\\\/www.immo-invest.ch\\\/it\\\/smg-ordnet-die-fuehrung-neu\\\/#breadcrumblist\",\"itemListElement\":[{\"@type\":\"ListItem\",\"@id\":\"https:\\\/\\\/www.immo-invest.ch\\\/it\\\/#listItem\",\"position\":1,\"name\":\"Home\",\"item\":\"https:\\\/\\\/www.immo-invest.ch\\\/it\\\/\",\"nextItem\":{\"@type\":\"ListItem\",\"@id\":\"https:\\\/\\\/www.immo-invest.ch\\\/it\\\/categoria\\\/regioni\\\/#listItem\",\"name\":\"Regioni\"}},{\"@type\":\"ListItem\",\"@id\":\"https:\\\/\\\/www.immo-invest.ch\\\/it\\\/categoria\\\/regioni\\\/#listItem\",\"position\":2,\"name\":\"Regioni\",\"item\":\"https:\\\/\\\/www.immo-invest.ch\\\/it\\\/categoria\\\/regioni\\\/\",\"nextItem\":{\"@type\":\"ListItem\",\"@id\":\"https:\\\/\\\/www.immo-invest.ch\\\/it\\\/categoria\\\/regioni\\\/svizzera\\\/#listItem\",\"name\":\"Svizzera\"},\"previousItem\":{\"@type\":\"ListItem\",\"@id\":\"https:\\\/\\\/www.immo-invest.ch\\\/it\\\/#listItem\",\"name\":\"Home\"}},{\"@type\":\"ListItem\",\"@id\":\"https:\\\/\\\/www.immo-invest.ch\\\/it\\\/categoria\\\/regioni\\\/svizzera\\\/#listItem\",\"position\":3,\"name\":\"Svizzera\",\"item\":\"https:\\\/\\\/www.immo-invest.ch\\\/it\\\/categoria\\\/regioni\\\/svizzera\\\/\",\"nextItem\":{\"@type\":\"ListItem\",\"@id\":\"https:\\\/\\\/www.immo-invest.ch\\\/it\\\/categoria\\\/regioni\\\/svizzera\\\/regione-zurigo\\\/#listItem\",\"name\":\"Zurigo\"},\"previousItem\":{\"@type\":\"ListItem\",\"@id\":\"https:\\\/\\\/www.immo-invest.ch\\\/it\\\/categoria\\\/regioni\\\/#listItem\",\"name\":\"Regioni\"}},{\"@type\":\"ListItem\",\"@id\":\"https:\\\/\\\/www.immo-invest.ch\\\/it\\\/categoria\\\/regioni\\\/svizzera\\\/regione-zurigo\\\/#listItem\",\"position\":4,\"name\":\"Zurigo\",\"item\":\"https:\\\/\\\/www.immo-invest.ch\\\/it\\\/categoria\\\/regioni\\\/svizzera\\\/regione-zurigo\\\/\",\"nextItem\":{\"@type\":\"ListItem\",\"@id\":\"https:\\\/\\\/www.immo-invest.ch\\\/it\\\/smg-ordnet-die-fuehrung-neu\\\/#listItem\",\"name\":\"SMG riorganizza la propria leadership\"},\"previousItem\":{\"@type\":\"ListItem\",\"@id\":\"https:\\\/\\\/www.immo-invest.ch\\\/it\\\/categoria\\\/regioni\\\/svizzera\\\/#listItem\",\"name\":\"Svizzera\"}},{\"@type\":\"ListItem\",\"@id\":\"https:\\\/\\\/www.immo-invest.ch\\\/it\\\/smg-ordnet-die-fuehrung-neu\\\/#listItem\",\"position\":5,\"name\":\"SMG riorganizza la propria leadership\",\"previousItem\":{\"@type\":\"ListItem\",\"@id\":\"https:\\\/\\\/www.immo-invest.ch\\\/it\\\/categoria\\\/regioni\\\/svizzera\\\/regione-zurigo\\\/#listItem\",\"name\":\"Zurigo\"}}]},{\"@type\":\"Organization\",\"@id\":\"https:\\\/\\\/www.immo-invest.ch\\\/it\\\/#organization\",\"name\":\"immo!nvest - Die Plattform f\\u00fcr Standorte und Immobilien\",\"description\":\"Die\\u00a0Plattform f\\u00fcr Standorte und Immobilien\",\"url\":\"https:\\\/\\\/www.immo-invest.ch\\\/it\\\/\",\"email\":\"admin@immomedia.ag\",\"telephone\":\"+41444420002\",\"logo\":{\"@type\":\"ImageObject\",\"url\":\"https:\\\/\\\/www.immo-invest.ch\\\/wp-content\\\/uploads\\\/2024\\\/09\\\/immoinvest_sm-scaled.jpg\",\"@id\":\"https:\\\/\\\/www.immo-invest.ch\\\/it\\\/smg-ordnet-die-fuehrung-neu\\\/#organizationLogo\",\"width\":2560,\"height\":1340},\"image\":{\"@id\":\"https:\\\/\\\/www.immo-invest.ch\\\/it\\\/smg-ordnet-die-fuehrung-neu\\\/#organizationLogo\"},\"sameAs\":[\"https:\\\/\\\/www.facebook.com\\\/people\\\/Immoinvest\\\/100077962920504\\\/\",\"https:\\\/\\\/x.com\\\/i\\\/flow\\\/login?redirect_after_login=immoinvest_ch\",\"https:\\\/\\\/www.instagram.com\\\/immoinvest_ch\\\/\",\"https:\\\/\\\/www.linkedin.com\\\/company\\\/immoinvest-swiss\"]},{\"@type\":\"Person\",\"@id\":\"https:\\\/\\\/www.immo-invest.ch\\\/it\\\/author\\\/immovestuser\\\/#author\",\"url\":\"https:\\\/\\\/www.immo-invest.ch\\\/it\\\/author\\\/immovestuser\\\/\",\"name\":\"immovestuser\",\"image\":{\"@type\":\"ImageObject\",\"@id\":\"https:\\\/\\\/www.immo-invest.ch\\\/it\\\/smg-ordnet-die-fuehrung-neu\\\/#authorImage\",\"url\":\"https:\\\/\\\/secure.gravatar.com\\\/avatar\\\/8e01f4d99f2eeea7a362ebb93305e1172a70e9293ba250f897a65c39f54cdd1e?s=96&d=mm&r=g\",\"width\":96,\"height\":96,\"caption\":\"immovestuser\"}},{\"@type\":\"WebPage\",\"@id\":\"https:\\\/\\\/www.immo-invest.ch\\\/it\\\/smg-ordnet-die-fuehrung-neu\\\/#webpage\",\"url\":\"https:\\\/\\\/www.immo-invest.ch\\\/it\\\/smg-ordnet-die-fuehrung-neu\\\/\",\"name\":\"SMG riorganizza la propria leadership - immo!nvest - Die Plattform f\\u00fcr Standorte und Immobilien\",\"description\":\"In SMG, il cambio al vertice \\u00e8 gi\\u00e0 stato collegato al prossimo avvicendamento al seno del Consiglio di amministrazione. Christoph Tonini lascer\\u00e0 la carica di CEO il 31 dicembre 2026, ma dovrebbe assumere la presidenza del Consiglio di amministrazione nell\\u2019aprile 2027. Per i portali immobiliari del Gruppo si prospetta quindi una riorganizzazione della dirigenza all\\u2019insegna di una stretta continuit\\u00e0.\",\"inLanguage\":\"it-IT\",\"isPartOf\":{\"@id\":\"https:\\\/\\\/www.immo-invest.ch\\\/it\\\/#website\"},\"breadcrumb\":{\"@id\":\"https:\\\/\\\/www.immo-invest.ch\\\/it\\\/smg-ordnet-die-fuehrung-neu\\\/#breadcrumblist\"},\"author\":{\"@id\":\"https:\\\/\\\/www.immo-invest.ch\\\/it\\\/author\\\/immovestuser\\\/#author\"},\"creator\":{\"@id\":\"https:\\\/\\\/www.immo-invest.ch\\\/it\\\/author\\\/immovestuser\\\/#author\"},\"image\":{\"@type\":\"ImageObject\",\"url\":\"https:\\\/\\\/www.immo-invest.ch\\\/wp-content\\\/uploads\\\/2026\\\/08\\\/SMG-ordnet-die-Fuehrung-neu-immo-invest.png\",\"@id\":\"https:\\\/\\\/www.immo-invest.ch\\\/it\\\/smg-ordnet-die-fuehrung-neu\\\/#mainImage\",\"width\":1536,\"height\":768},\"primaryImageOfPage\":{\"@id\":\"https:\\\/\\\/www.immo-invest.ch\\\/it\\\/smg-ordnet-die-fuehrung-neu\\\/#mainImage\"},\"datePublished\":\"2026-08-31T17:30:00+02:00\",\"dateModified\":\"2026-08-31T09:30:43+02:00\"},{\"@type\":\"WebSite\",\"@id\":\"https:\\\/\\\/www.immo-invest.ch\\\/it\\\/#website\",\"url\":\"https:\\\/\\\/www.immo-invest.ch\\\/it\\\/\",\"name\":\"immo!nvest - Die Plattform f\\u00fcr Standorte und Immobilien\",\"description\":\"Die\\u00a0Plattform f\\u00fcr Standorte und Immobilien\",\"inLanguage\":\"it-IT\",\"publisher\":{\"@id\":\"https:\\\/\\\/www.immo-invest.ch\\\/it\\\/#organization\"}}]}\n\t\t<\/script>\n\t\t<!-- All in One SEO -->\n\n","aioseo_head_json":{"title":"SMG riorganizza la propria leadership - immo!nvest - Die Plattform f\u00fcr Standorte und Immobilien","description":"In SMG, il cambio al vertice \u00e8 gi\u00e0 stato collegato al prossimo avvicendamento al seno del Consiglio di amministrazione. Christoph Tonini lascer\u00e0 la carica di CEO il 31 dicembre 2026, ma dovrebbe assumere la presidenza del Consiglio di amministrazione nell\u2019aprile 2027. Per i portali immobiliari del Gruppo si prospetta quindi una riorganizzazione della dirigenza all\u2019insegna di una stretta continuit\u00e0.","canonical_url":"https:\/\/www.immo-invest.ch\/it\/smg-ordnet-die-fuehrung-neu\/","robots":"max-image-preview:large","keywords":"","webmasterTools":{"google-site-verification":"fHJKvgWpZCR2zVBHWfkQeFXC11qieUSff0HGNYfuyLA","miscellaneous":""},"schema":{"@context":"https:\/\/schema.org","@graph":[{"@type":"BlogPosting","@id":"https:\/\/www.immo-invest.ch\/it\/smg-ordnet-die-fuehrung-neu\/#blogposting","name":"SMG riorganizza la propria leadership - immo!nvest - Die Plattform f\u00fcr Standorte und Immobilien","headline":"SMG riorganizza la propria leadership","author":{"@id":"https:\/\/www.immo-invest.ch\/it\/author\/immovestuser\/#author"},"publisher":{"@id":"https:\/\/www.immo-invest.ch\/it\/#organization"},"image":{"@type":"ImageObject","url":"https:\/\/www.immo-invest.ch\/wp-content\/uploads\/2026\/08\/SMG-ordnet-die-Fuehrung-neu-immo-invest.png","width":1536,"height":768},"datePublished":"2026-08-31T17:30:00+02:00","dateModified":"2026-08-31T09:30:43+02:00","inLanguage":"it-IT","mainEntityOfPage":{"@id":"https:\/\/www.immo-invest.ch\/it\/smg-ordnet-die-fuehrung-neu\/#webpage"},"isPartOf":{"@id":"https:\/\/www.immo-invest.ch\/it\/smg-ordnet-die-fuehrung-neu\/#webpage"},"articleSection":"Persone, propTech, Societ\u00e0, Vendita \/ Mediazione, Zurigo, Alberto Sanz de Lama, Christoph Tonini, digitale Marktpl\u00e4tze, homegate, Immoinvest, immoNews, ImmoScout24, News, SMG Swiss Marketplace Group, Optional"},{"@type":"BreadcrumbList","@id":"https:\/\/www.immo-invest.ch\/it\/smg-ordnet-die-fuehrung-neu\/#breadcrumblist","itemListElement":[{"@type":"ListItem","@id":"https:\/\/www.immo-invest.ch\/it\/#listItem","position":1,"name":"Home","item":"https:\/\/www.immo-invest.ch\/it\/","nextItem":{"@type":"ListItem","@id":"https:\/\/www.immo-invest.ch\/it\/categoria\/regioni\/#listItem","name":"Regioni"}},{"@type":"ListItem","@id":"https:\/\/www.immo-invest.ch\/it\/categoria\/regioni\/#listItem","position":2,"name":"Regioni","item":"https:\/\/www.immo-invest.ch\/it\/categoria\/regioni\/","nextItem":{"@type":"ListItem","@id":"https:\/\/www.immo-invest.ch\/it\/categoria\/regioni\/svizzera\/#listItem","name":"Svizzera"},"previousItem":{"@type":"ListItem","@id":"https:\/\/www.immo-invest.ch\/it\/#listItem","name":"Home"}},{"@type":"ListItem","@id":"https:\/\/www.immo-invest.ch\/it\/categoria\/regioni\/svizzera\/#listItem","position":3,"name":"Svizzera","item":"https:\/\/www.immo-invest.ch\/it\/categoria\/regioni\/svizzera\/","nextItem":{"@type":"ListItem","@id":"https:\/\/www.immo-invest.ch\/it\/categoria\/regioni\/svizzera\/regione-zurigo\/#listItem","name":"Zurigo"},"previousItem":{"@type":"ListItem","@id":"https:\/\/www.immo-invest.ch\/it\/categoria\/regioni\/#listItem","name":"Regioni"}},{"@type":"ListItem","@id":"https:\/\/www.immo-invest.ch\/it\/categoria\/regioni\/svizzera\/regione-zurigo\/#listItem","position":4,"name":"Zurigo","item":"https:\/\/www.immo-invest.ch\/it\/categoria\/regioni\/svizzera\/regione-zurigo\/","nextItem":{"@type":"ListItem","@id":"https:\/\/www.immo-invest.ch\/it\/smg-ordnet-die-fuehrung-neu\/#listItem","name":"SMG riorganizza la propria leadership"},"previousItem":{"@type":"ListItem","@id":"https:\/\/www.immo-invest.ch\/it\/categoria\/regioni\/svizzera\/#listItem","name":"Svizzera"}},{"@type":"ListItem","@id":"https:\/\/www.immo-invest.ch\/it\/smg-ordnet-die-fuehrung-neu\/#listItem","position":5,"name":"SMG riorganizza la propria leadership","previousItem":{"@type":"ListItem","@id":"https:\/\/www.immo-invest.ch\/it\/categoria\/regioni\/svizzera\/regione-zurigo\/#listItem","name":"Zurigo"}}]},{"@type":"Organization","@id":"https:\/\/www.immo-invest.ch\/it\/#organization","name":"immo!nvest - Die Plattform f\u00fcr Standorte und Immobilien","description":"Die\u00a0Plattform f\u00fcr Standorte und Immobilien","url":"https:\/\/www.immo-invest.ch\/it\/","email":"admin@immomedia.ag","telephone":"+41444420002","logo":{"@type":"ImageObject","url":"https:\/\/www.immo-invest.ch\/wp-content\/uploads\/2024\/09\/immoinvest_sm-scaled.jpg","@id":"https:\/\/www.immo-invest.ch\/it\/smg-ordnet-die-fuehrung-neu\/#organizationLogo","width":2560,"height":1340},"image":{"@id":"https:\/\/www.immo-invest.ch\/it\/smg-ordnet-die-fuehrung-neu\/#organizationLogo"},"sameAs":["https:\/\/www.facebook.com\/people\/Immoinvest\/100077962920504\/","https:\/\/x.com\/i\/flow\/login?redirect_after_login=immoinvest_ch","https:\/\/www.instagram.com\/immoinvest_ch\/","https:\/\/www.linkedin.com\/company\/immoinvest-swiss"]},{"@type":"Person","@id":"https:\/\/www.immo-invest.ch\/it\/author\/immovestuser\/#author","url":"https:\/\/www.immo-invest.ch\/it\/author\/immovestuser\/","name":"immovestuser","image":{"@type":"ImageObject","@id":"https:\/\/www.immo-invest.ch\/it\/smg-ordnet-die-fuehrung-neu\/#authorImage","url":"https:\/\/secure.gravatar.com\/avatar\/8e01f4d99f2eeea7a362ebb93305e1172a70e9293ba250f897a65c39f54cdd1e?s=96&d=mm&r=g","width":96,"height":96,"caption":"immovestuser"}},{"@type":"WebPage","@id":"https:\/\/www.immo-invest.ch\/it\/smg-ordnet-die-fuehrung-neu\/#webpage","url":"https:\/\/www.immo-invest.ch\/it\/smg-ordnet-die-fuehrung-neu\/","name":"SMG riorganizza la propria leadership - immo!nvest - Die Plattform f\u00fcr Standorte und Immobilien","description":"In SMG, il cambio al vertice \u00e8 gi\u00e0 stato collegato al prossimo avvicendamento al seno del Consiglio di amministrazione. Christoph Tonini lascer\u00e0 la carica di CEO il 31 dicembre 2026, ma dovrebbe assumere la presidenza del Consiglio di amministrazione nell\u2019aprile 2027. Per i portali immobiliari del Gruppo si prospetta quindi una riorganizzazione della dirigenza all\u2019insegna di una stretta continuit\u00e0.","inLanguage":"it-IT","isPartOf":{"@id":"https:\/\/www.immo-invest.ch\/it\/#website"},"breadcrumb":{"@id":"https:\/\/www.immo-invest.ch\/it\/smg-ordnet-die-fuehrung-neu\/#breadcrumblist"},"author":{"@id":"https:\/\/www.immo-invest.ch\/it\/author\/immovestuser\/#author"},"creator":{"@id":"https:\/\/www.immo-invest.ch\/it\/author\/immovestuser\/#author"},"image":{"@type":"ImageObject","url":"https:\/\/www.immo-invest.ch\/wp-content\/uploads\/2026\/08\/SMG-ordnet-die-Fuehrung-neu-immo-invest.png","@id":"https:\/\/www.immo-invest.ch\/it\/smg-ordnet-die-fuehrung-neu\/#mainImage","width":1536,"height":768},"primaryImageOfPage":{"@id":"https:\/\/www.immo-invest.ch\/it\/smg-ordnet-die-fuehrung-neu\/#mainImage"},"datePublished":"2026-08-31T17:30:00+02:00","dateModified":"2026-08-31T09:30:43+02:00"},{"@type":"WebSite","@id":"https:\/\/www.immo-invest.ch\/it\/#website","url":"https:\/\/www.immo-invest.ch\/it\/","name":"immo!nvest - Die Plattform f\u00fcr Standorte und Immobilien","description":"Die\u00a0Plattform f\u00fcr Standorte und Immobilien","inLanguage":"it-IT","publisher":{"@id":"https:\/\/www.immo-invest.ch\/it\/#organization"}}]},"og:locale":"it_IT","og:site_name":"immo!nvest - Die Plattform f\u00fcr Standorte und Immobilien - Die\u00a0Plattform f\u00fcr Standorte und Immobilien","og:type":"article","og:title":"SMG riorganizza la propria leadership - immo!nvest - Die Plattform f\u00fcr Standorte und Immobilien","og:description":"In SMG, il cambio al vertice \u00e8 gi\u00e0 stato collegato al prossimo avvicendamento al seno del Consiglio di amministrazione. Christoph Tonini lascer\u00e0 la carica di CEO il 31 dicembre 2026, ma dovrebbe assumere la presidenza del Consiglio di amministrazione nell\u2019aprile 2027. Per i portali immobiliari del Gruppo si prospetta quindi una riorganizzazione della dirigenza all\u2019insegna di una stretta continuit\u00e0.","og:url":"https:\/\/www.immo-invest.ch\/it\/smg-ordnet-die-fuehrung-neu\/","og:image":"https:\/\/www.immo-invest.ch\/wp-content\/uploads\/2026\/08\/SMG-ordnet-die-Fuehrung-neu-immo-invest.png","og:image:secure_url":"https:\/\/www.immo-invest.ch\/wp-content\/uploads\/2026\/08\/SMG-ordnet-die-Fuehrung-neu-immo-invest.png","og:image:width":1536,"og:image:height":768,"article:published_time":"2026-08-31T15:30:00+00:00","article:modified_time":"2026-08-31T07:30:43+00:00","article:publisher":"https:\/\/www.facebook.com\/people\/Immoinvest\/100077962920504\/","twitter:card":"summary_large_image","twitter:site":"@i","twitter:title":"SMG riorganizza la propria leadership - immo!nvest - Die Plattform f\u00fcr Standorte und Immobilien","twitter:description":"In SMG, il cambio al vertice \u00e8 gi\u00e0 stato collegato al prossimo avvicendamento al seno del Consiglio di amministrazione. Christoph Tonini lascer\u00e0 la carica di CEO il 31 dicembre 2026, ma dovrebbe assumere la presidenza del Consiglio di amministrazione nell\u2019aprile 2027. Per i portali immobiliari del Gruppo si prospetta quindi una riorganizzazione della dirigenza all\u2019insegna di una stretta continuit\u00e0.","twitter:creator":"@i","twitter:image":"https:\/\/www.immo-invest.ch\/wp-content\/uploads\/2026\/08\/SMG-ordnet-die-Fuehrung-neu-immo-invest.png"},"aioseo_meta_data":{"post_id":"163927","title":null,"description":null,"keywords":null,"keyphrases":{"focus":{"keyphrase":"","score":0,"analysis":{"keyphraseInTitle":{"score":0,"maxScore":9,"error":1}}},"additional":[]},"primary_term":null,"canonical_url":null,"og_title":null,"og_description":null,"og_object_type":"default","og_image_type":"default","og_image_url":null,"og_image_width":null,"og_image_height":null,"og_image_custom_url":null,"og_image_custom_fields":null,"og_video":"","og_custom_url":null,"og_article_section":null,"og_article_tags":null,"twitter_use_og":false,"twitter_card":"default","twitter_image_type":"default","twitter_image_url":null,"twitter_image_custom_url":null,"twitter_image_custom_fields":null,"twitter_title":null,"twitter_description":null,"schema":{"blockGraphs":[],"customGraphs":[],"default":{"data":{"Article":[],"Course":[],"Dataset":[],"FAQPage":[],"Movie":[],"Person":[],"Product":[],"ProductReview":[],"Car":[],"Recipe":[],"Service":[],"SoftwareApplication":[],"WebPage":[]},"graphName":"BlogPosting","isEnabled":true},"graphs":[]},"schema_type":"default","schema_type_options":null,"pillar_content":false,"robots_default":true,"robots_noindex":false,"robots_noarchive":false,"robots_nosnippet":false,"robots_nofollow":false,"robots_noimageindex":false,"robots_noodp":false,"robots_notranslate":false,"robots_max_snippet":"-1","robots_max_videopreview":"-1","robots_max_imagepreview":"large","priority":null,"frequency":"default","local_seo":null,"breadcrumb_settings":null,"limit_modified_date":false,"ai":{"faqs":[],"keyPoints":[],"schemas":[],"titles":[],"descriptions":[],"socialPosts":{"email":{"subject":"","preview":"","content":""},"linkedin":[],"twitter":[],"facebook":[],"instagram":[]}},"created":"2026-08-31 07:30:46","updated":"2026-08-31 15:43:28","seo_analyzer_scan_date":null,"focus_keyword":null,"additional_keywords":null,"truseo_locale":null},"aioseo_breadcrumb":"<div class=\"aioseo-breadcrumbs\"><span class=\"aioseo-breadcrumb\">\n\t\t\t<a href=\"https:\/\/www.immo-invest.ch\/it\/\" title=\"Home\">Home<\/a>\n\t\t<\/span><span class=\"aioseo-breadcrumb-separator\">&raquo;<\/span><span class=\"aioseo-breadcrumb\">\n\t\t\t<a href=\"https:\/\/www.immo-invest.ch\/it\/categoria\/regioni\/\" title=\"Regioni\">Regioni<\/a>\n\t\t<\/span><span class=\"aioseo-breadcrumb-separator\">&raquo;<\/span><span class=\"aioseo-breadcrumb\">\n\t\t\t<a href=\"https:\/\/www.immo-invest.ch\/it\/categoria\/regioni\/svizzera\/\" title=\"Svizzera\">Svizzera<\/a>\n\t\t<\/span><span class=\"aioseo-breadcrumb-separator\">&raquo;<\/span><span class=\"aioseo-breadcrumb\">\n\t\t\t<a href=\"https:\/\/www.immo-invest.ch\/it\/categoria\/regioni\/svizzera\/regione-zurigo\/\" title=\"Zurigo\">Zurigo<\/a>\n\t\t<\/span><span class=\"aioseo-breadcrumb-separator\">&raquo;<\/span><span class=\"aioseo-breadcrumb\">\n\t\t\tSMG riorganizza la propria leadership\n\t\t<\/span><\/div>","aioseo_breadcrumb_json":[{"label":"Home","link":"https:\/\/www.immo-invest.ch\/it\/"},{"label":"Regioni","link":"https:\/\/www.immo-invest.ch\/it\/categoria\/regioni\/"},{"label":"Svizzera","link":"https:\/\/www.immo-invest.ch\/it\/categoria\/regioni\/svizzera\/"},{"label":"Zurigo","link":"https:\/\/www.immo-invest.ch\/it\/categoria\/regioni\/svizzera\/regione-zurigo\/"},{"label":"SMG riorganizza la propria leadership","link":"https:\/\/www.immo-invest.ch\/it\/smg-ordnet-die-fuehrung-neu\/"}],"featured_image_src":"https:\/\/www.immo-invest.ch\/wp-content\/uploads\/2026\/08\/SMG-ordnet-die-Fuehrung-neu-immo-invest-336x168.png","_links":{"self":[{"href":"https:\/\/www.immo-invest.ch\/it\/wp-json\/wp\/v2\/posts\/163927","targetHints":{"allow":["GET"]}}],"collection":[{"href":"https:\/\/www.immo-invest.ch\/it\/wp-json\/wp\/v2\/posts"}],"about":[{"href":"https:\/\/www.immo-invest.ch\/it\/wp-json\/wp\/v2\/types\/post"}],"author":[{"embeddable":true,"href":"https:\/\/www.immo-invest.ch\/it\/wp-json\/wp\/v2\/users\/2"}],"replies":[{"embeddable":true,"href":"https:\/\/www.immo-invest.ch\/it\/wp-json\/wp\/v2\/comments?post=163927"}],"version-history":[{"count":2,"href":"https:\/\/www.immo-invest.ch\/it\/wp-json\/wp\/v2\/posts\/163927\/revisions"}],"predecessor-version":[{"id":163934,"href":"https:\/\/www.immo-invest.ch\/it\/wp-json\/wp\/v2\/posts\/163927\/revisions\/163934"}],"wp:featuredmedia":[{"embeddable":true,"href":"https:\/\/www.immo-invest.ch\/it\/wp-json\/wp\/v2\/media\/163928"}],"wp:attachment":[{"href":"https:\/\/www.immo-invest.ch\/it\/wp-json\/wp\/v2\/media?parent=163927"}],"wp:term":[{"taxonomy":"category","embeddable":true,"href":"https:\/\/www.immo-invest.ch\/it\/wp-json\/wp\/v2\/categories?post=163927"},{"taxonomy":"post_tag","embeddable":true,"href":"https:\/\/www.immo-invest.ch\/it\/wp-json\/wp\/v2\/tags?post=163927"}],"curies":[{"name":"wp","href":"https:\/\/api.w.org\/{rel}","templated":true}]}}