{"id":161429,"date":"2026-07-18T11:00:00","date_gmt":"2026-07-18T09:00:00","guid":{"rendered":"https:\/\/www.immo-invest.ch\/?p=161429"},"modified":"2026-07-16T11:19:56","modified_gmt":"2026-07-16T09:19:56","slug":"lex-koller-entzweit-wohnpolitik-und-kapitalmarkt","status":"publish","type":"post","link":"https:\/\/www.immo-invest.ch\/it\/lex-koller-entzweit-wohnpolitik-und-kapitalmarkt\/","title":{"rendered":"La legge Lex Koller crea divisioni tra la politica abitativa e il mercato dei capitali"},"content":{"rendered":"<p class=\"wp-block-paragraph\">La consultazione relativa a una revisione parziale, con la quale il Consiglio federale intende restringere nuovamente in diversi ambiti l&rsquo;acquisto di terreni da parte di soggetti residenti all&rsquo;estero, si &egrave; conclusa il 15 luglio 2026. L&rsquo;iniziativa &egrave; concepita come misura di accompagnamento in materia di politica abitativa e fa seguito alla decisione del 15 aprile 2026 di sottoporre ufficialmente il progetto a consultazione.<\/p>\n\n\n\n\n\n<p class=\"wp-block-paragraph\">Al centro vi sono quattro interventi con un impatto diretto sul settore immobiliare. In futuro, i cittadini di Stati terzi dovranno nuovamente richiedere un&rsquo;autorizzazione per l&rsquo;acquisto di un&rsquo;abitazione principale in Svizzera. Chi in seguito rinuncia alla residenza dovr&agrave; vendere l&rsquo;immobile entro due anni. Inoltre, il Consiglio federale intende limitare maggiormente gli acquisti di abitazioni di vacanza e di unit&agrave; in aparthotel da parte di soggetti residenti all&rsquo;estero, porre fine all&rsquo;acquisto senza autorizzazione di immobili commerciali a scopo di puro investimento di capitale e riportare sotto l&rsquo;ambito di applicazione della Lex Koller anche le societ&agrave; immobiliari residenziali quotate in borsa, nonch&eacute; i fondi immobiliari e le SICAV immobiliari negoziati regolarmente.<\/p>\n\n\n\n\n\n<p class=\"wp-block-paragraph\"><strong>Controversia sullo strumento giusto<br><\/strong>Dal punto di vista politico, il progetto attraversa trasversalmente i consueti schieramenti. Il PS sostiene soprattutto la chiusura della scappatoia borsistica e sostiene che finora il capitale straniero potesse affluire nel mercato immobiliare svizzero senza autorizzazione tramite veicoli quotati. Anche l&rsquo;UDC appoggia l&rsquo;inasprimento e, nel suo parere del 14 luglio 2026, chiede addirittura norme pi&ugrave; estese, fino a includere i cittadini dell&rsquo;UE e i frontalieri.<\/p>\n\n\n\n\n\n<p class=\"wp-block-paragraph\">Le critiche provengono invece dalle regioni montane e turistiche, nonch&eacute; dal settore immobiliare. La SAB, nella sua presa di posizione del 2 luglio 2026, respinge in linea di principio l&rsquo;inasprimento e mette in guardia dagli svantaggi per le zone montane e rurali. Particolarmente controverse sono le restrizioni previste per le case vacanza e gli aparthotel, poich&eacute; potrebbero frenare gli investimenti nei comuni a vocazione turistica senza risolvere direttamente la carenza di alloggi nei centri urbani.<\/p>\n\n\n\n\n\n<p class=\"wp-block-paragraph\"><strong>Il mercato dei capitali diventa il punto nevralgico<br><\/strong>Per le societ&agrave; immobiliari e i fondi quotati in borsa, &egrave; particolarmente delicato il previsto intervento sulle partecipazioni negoziabili. In tal modo, la revisione non riguarderebbe solo le transazioni relative a singoli immobili, ma anche il finanziamento sul mercato dei capitali delle societ&agrave; immobiliari residenziali. Dal punto di vista del settore, &egrave; proprio questo il principale strappo al sistema del progetto, poich&eacute; la negoziabilit&agrave;, la cerchia degli investitori e il rifinanziamento sarebbero soggetti a una regolamentazione pi&ugrave; stringente.<\/p>\n\n\n\n\n\n<p class=\"wp-block-paragraph\">A ricevere ampio consenso &egrave;, paradossalmente, proprio la parte del progetto di legge che prevede un allentamento delle norme. Parallelamente all&rsquo;inasprimento, il Consiglio federale intende attuare la mozione Schmid 22.4413 e agevolare l&rsquo;acquisto di alloggi per il personale da parte di alberghi a controllo straniero. Nei comuni turistici questa deroga mira ad affrontare un grave problema operativo, poich&eacute; in molti luoghi mancano alloggi a prezzi accessibili per i collaboratori e gli alloggi per il personale stanno acquisendo sempre pi&ugrave; importanza come fattore di localizzazione.<\/p>\n\n","protected":false},"excerpt":{"rendered":"<p>Il 15 aprile 2026 il Consiglio federale ha avviato la consultazione sull\u2019inasprimento della Lex Koller. Il progetto interviene in materia di abitazioni principali di cittadini di paesi terzi, abitazioni di vacanza, immobili commerciali e societ\u00e0 immobiliari residenziali quotate in borsa, scatenando cos\u00ec polemiche in merito alla tutela degli alloggi, al finanziamento del turismo e alla quotabilit\u00e0 in borsa.<\/p>\n","protected":false},"author":2,"featured_media":161430,"comment_status":"open","ping_status":"open","sticky":false,"template":"","format":"standard","meta":{"pmpro_default_level":"","inline_featured_image":false,"_monsterinsights_skip_tracking":false,"footnotes":""},"categories":[55966,55998,56028,56004,22302],"tags":[18017,5378,867,3935,58622,2006,60578,60579,3543],"class_list":["post-161429","post","type-post","status-publish","format-standard","has-post-thumbnail","hentry","category-fondi-immobiliari-reit-fondi-pensione","category-hotel-turismo","category-pianificazione-sviluppo","category-residenziale","category-svizzera","tag-ferienwohnungen-it","tag-immobilienfonds-it","tag-immoinvest-it","tag-immonews-it","tag-lex-koller","tag-news-it","tag-tourismusgemeinden","tag-vernehmlassung","tag-wohnungsmarkt-it","pmpro-has-access"],"acf":{"bild_mit_ki_erstellt_worden":["Ja"],"lead":"Il 15 aprile 2026 il Consiglio federale ha avviato la consultazione sull\u2019inasprimento della Lex Koller. Il progetto interviene in materia di abitazioni principali di cittadini di paesi terzi, abitazioni di vacanza, immobili commerciali e societ\u00e0 immobiliari residenziali quotate in borsa, scatenando cos\u00ec polemiche in merito alla tutela degli alloggi, al finanziamento del turismo e alla quotabilit\u00e0 in borsa.","autor":"","ort":"","bildunterschrift":"","bild_im_grid":false,"gallerie":"","newsim":"3375"},"aioseo_notices":[],"aioseo_head":"\n\t\t<!-- All in One SEO 5.0.0.1 - aioseo.com -->\n\t<meta name=\"description\" content=\"Il 15 aprile 2026 il Consiglio federale ha avviato la consultazione sull\u2019inasprimento della Lex Koller. Il progetto interviene in materia di abitazioni principali di cittadini di paesi terzi, abitazioni di vacanza, immobili commerciali e societ\u00e0 immobiliari residenziali quotate in borsa, scatenando cos\u00ec polemiche in merito alla tutela degli alloggi, al finanziamento del turismo e alla quotabilit\u00e0 in borsa.\" \/>\n\t<meta name=\"robots\" content=\"max-image-preview:large\" \/>\n\t<meta name=\"author\" content=\"immovestuser\"\/>\n\t<meta name=\"google-site-verification\" content=\"fHJKvgWpZCR2zVBHWfkQeFXC11qieUSff0HGNYfuyLA\" \/>\n\t<link rel=\"canonical\" href=\"https:\/\/www.immo-invest.ch\/it\/lex-koller-entzweit-wohnpolitik-und-kapitalmarkt\/\" \/>\n\t<meta name=\"generator\" content=\"All in One SEO (AIOSEO) 5.0.0.1\" \/>\n\t\t<meta property=\"og:locale\" content=\"it_IT\" \/>\n\t\t<meta property=\"og:site_name\" content=\"immo!nvest - Die Plattform f\u00fcr Standorte und Immobilien - Die\u00a0Plattform f\u00fcr Standorte und Immobilien\" \/>\n\t\t<meta property=\"og:type\" content=\"article\" \/>\n\t\t<meta property=\"og:title\" content=\"La legge Lex Koller crea divisioni tra la politica abitativa e il mercato dei capitali - immo!nvest - Die Plattform f\u00fcr Standorte und Immobilien\" \/>\n\t\t<meta property=\"og:description\" content=\"Il 15 aprile 2026 il Consiglio federale ha avviato la consultazione sull\u2019inasprimento della Lex Koller. Il progetto interviene in materia di abitazioni principali di cittadini di paesi terzi, abitazioni di vacanza, immobili commerciali e societ\u00e0 immobiliari residenziali quotate in borsa, scatenando cos\u00ec polemiche in merito alla tutela degli alloggi, al finanziamento del turismo e alla quotabilit\u00e0 in borsa.\" \/>\n\t\t<meta property=\"og:url\" content=\"https:\/\/www.immo-invest.ch\/it\/lex-koller-entzweit-wohnpolitik-und-kapitalmarkt\/\" \/>\n\t\t<meta property=\"og:image\" content=\"https:\/\/www.immo-invest.ch\/wp-content\/uploads\/2026\/07\/Lex-Koller-entzweit-Wohnpolitik-und-Kapitalmarkt-immo-invest.png\" \/>\n\t\t<meta property=\"og:image:secure_url\" content=\"https:\/\/www.immo-invest.ch\/wp-content\/uploads\/2026\/07\/Lex-Koller-entzweit-Wohnpolitik-und-Kapitalmarkt-immo-invest.png\" \/>\n\t\t<meta property=\"og:image:width\" content=\"1536\" \/>\n\t\t<meta property=\"og:image:height\" content=\"768\" \/>\n\t\t<meta property=\"article:published_time\" content=\"2026-07-18T09:00:00+00:00\" \/>\n\t\t<meta property=\"article:modified_time\" content=\"2026-07-16T09:19:56+00:00\" \/>\n\t\t<meta property=\"article:publisher\" content=\"https:\/\/www.facebook.com\/people\/Immoinvest\/100077962920504\/\" \/>\n\t\t<meta name=\"twitter:card\" content=\"summary_large_image\" \/>\n\t\t<meta name=\"twitter:site\" content=\"@i\" \/>\n\t\t<meta name=\"twitter:title\" content=\"La legge Lex Koller crea divisioni tra la politica abitativa e il mercato dei capitali - immo!nvest - Die Plattform f\u00fcr Standorte und Immobilien\" \/>\n\t\t<meta name=\"twitter:description\" content=\"Il 15 aprile 2026 il Consiglio federale ha avviato la consultazione sull\u2019inasprimento della Lex Koller. Il progetto interviene in materia di abitazioni principali di cittadini di paesi terzi, abitazioni di vacanza, immobili commerciali e societ\u00e0 immobiliari residenziali quotate in borsa, scatenando cos\u00ec polemiche in merito alla tutela degli alloggi, al finanziamento del turismo e alla quotabilit\u00e0 in borsa.\" \/>\n\t\t<meta name=\"twitter:creator\" content=\"@i\" \/>\n\t\t<meta name=\"twitter:image\" content=\"https:\/\/www.immo-invest.ch\/wp-content\/uploads\/2026\/07\/Lex-Koller-entzweit-Wohnpolitik-und-Kapitalmarkt-immo-invest.png\" \/>\n\t\t<script type=\"application\/ld+json\" class=\"aioseo-schema\">\n\t\t\t{\"@context\":\"https:\\\/\\\/schema.org\",\"@graph\":[{\"@type\":\"BlogPosting\",\"@id\":\"https:\\\/\\\/www.immo-invest.ch\\\/it\\\/lex-koller-entzweit-wohnpolitik-und-kapitalmarkt\\\/#blogposting\",\"name\":\"La legge Lex Koller crea divisioni tra la politica abitativa e il mercato dei capitali - immo!nvest - Die Plattform f\\u00fcr Standorte und Immobilien\",\"headline\":\"La legge Lex Koller crea divisioni tra la politica abitativa e il mercato dei capitali\",\"author\":{\"@id\":\"https:\\\/\\\/www.immo-invest.ch\\\/it\\\/author\\\/immovestuser\\\/#author\"},\"publisher\":{\"@id\":\"https:\\\/\\\/www.immo-invest.ch\\\/it\\\/#organization\"},\"image\":{\"@type\":\"ImageObject\",\"url\":\"https:\\\/\\\/www.immo-invest.ch\\\/wp-content\\\/uploads\\\/2026\\\/07\\\/Lex-Koller-entzweit-Wohnpolitik-und-Kapitalmarkt-immo-invest.png\",\"width\":1536,\"height\":768},\"datePublished\":\"2026-07-18T11:00:00+02:00\",\"dateModified\":\"2026-07-16T11:19:56+02:00\",\"inLanguage\":\"it-IT\",\"mainEntityOfPage\":{\"@id\":\"https:\\\/\\\/www.immo-invest.ch\\\/it\\\/lex-koller-entzweit-wohnpolitik-und-kapitalmarkt\\\/#webpage\"},\"isPartOf\":{\"@id\":\"https:\\\/\\\/www.immo-invest.ch\\\/it\\\/lex-koller-entzweit-wohnpolitik-und-kapitalmarkt\\\/#webpage\"},\"articleSection\":\"Fondi immobiliari \\\/ REIT \\\/ Fondi pensione, Hotel \\\/ Turismo, Pianificazione \\\/ Sviluppo, Residenziale, Svizzera, Ferienwohnungen, Immobilienfonds, Immoinvest, immoNews, Lex Koller, News, Tourismusgemeinden, Vernehmlassung, Wohnungsmarkt, Optional\"},{\"@type\":\"BreadcrumbList\",\"@id\":\"https:\\\/\\\/www.immo-invest.ch\\\/it\\\/lex-koller-entzweit-wohnpolitik-und-kapitalmarkt\\\/#breadcrumblist\",\"itemListElement\":[{\"@type\":\"ListItem\",\"@id\":\"https:\\\/\\\/www.immo-invest.ch\\\/it\\\/#listItem\",\"position\":1,\"name\":\"Home\",\"item\":\"https:\\\/\\\/www.immo-invest.ch\\\/it\\\/\",\"nextItem\":{\"@type\":\"ListItem\",\"@id\":\"https:\\\/\\\/www.immo-invest.ch\\\/it\\\/categoria\\\/regioni\\\/#listItem\",\"name\":\"Regioni\"}},{\"@type\":\"ListItem\",\"@id\":\"https:\\\/\\\/www.immo-invest.ch\\\/it\\\/categoria\\\/regioni\\\/#listItem\",\"position\":2,\"name\":\"Regioni\",\"item\":\"https:\\\/\\\/www.immo-invest.ch\\\/it\\\/categoria\\\/regioni\\\/\",\"nextItem\":{\"@type\":\"ListItem\",\"@id\":\"https:\\\/\\\/www.immo-invest.ch\\\/it\\\/categoria\\\/regioni\\\/svizzera\\\/#listItem\",\"name\":\"Svizzera\"},\"previousItem\":{\"@type\":\"ListItem\",\"@id\":\"https:\\\/\\\/www.immo-invest.ch\\\/it\\\/#listItem\",\"name\":\"Home\"}},{\"@type\":\"ListItem\",\"@id\":\"https:\\\/\\\/www.immo-invest.ch\\\/it\\\/categoria\\\/regioni\\\/svizzera\\\/#listItem\",\"position\":3,\"name\":\"Svizzera\",\"item\":\"https:\\\/\\\/www.immo-invest.ch\\\/it\\\/categoria\\\/regioni\\\/svizzera\\\/\",\"nextItem\":{\"@type\":\"ListItem\",\"@id\":\"https:\\\/\\\/www.immo-invest.ch\\\/it\\\/lex-koller-entzweit-wohnpolitik-und-kapitalmarkt\\\/#listItem\",\"name\":\"La legge Lex Koller crea divisioni tra la politica abitativa e il mercato dei capitali\"},\"previousItem\":{\"@type\":\"ListItem\",\"@id\":\"https:\\\/\\\/www.immo-invest.ch\\\/it\\\/categoria\\\/regioni\\\/#listItem\",\"name\":\"Regioni\"}},{\"@type\":\"ListItem\",\"@id\":\"https:\\\/\\\/www.immo-invest.ch\\\/it\\\/lex-koller-entzweit-wohnpolitik-und-kapitalmarkt\\\/#listItem\",\"position\":4,\"name\":\"La legge Lex Koller crea divisioni tra la politica abitativa e il mercato dei capitali\",\"previousItem\":{\"@type\":\"ListItem\",\"@id\":\"https:\\\/\\\/www.immo-invest.ch\\\/it\\\/categoria\\\/regioni\\\/svizzera\\\/#listItem\",\"name\":\"Svizzera\"}}]},{\"@type\":\"Organization\",\"@id\":\"https:\\\/\\\/www.immo-invest.ch\\\/it\\\/#organization\",\"name\":\"immo!nvest - Die Plattform f\\u00fcr Standorte und Immobilien\",\"description\":\"Die\\u00a0Plattform f\\u00fcr Standorte und Immobilien\",\"url\":\"https:\\\/\\\/www.immo-invest.ch\\\/it\\\/\",\"email\":\"admin@immomedia.ag\",\"telephone\":\"+41444420002\",\"logo\":{\"@type\":\"ImageObject\",\"url\":\"https:\\\/\\\/www.immo-invest.ch\\\/wp-content\\\/uploads\\\/2024\\\/09\\\/immoinvest_sm-scaled.jpg\",\"@id\":\"https:\\\/\\\/www.immo-invest.ch\\\/it\\\/lex-koller-entzweit-wohnpolitik-und-kapitalmarkt\\\/#organizationLogo\",\"width\":2560,\"height\":1340},\"image\":{\"@id\":\"https:\\\/\\\/www.immo-invest.ch\\\/it\\\/lex-koller-entzweit-wohnpolitik-und-kapitalmarkt\\\/#organizationLogo\"},\"sameAs\":[\"https:\\\/\\\/www.facebook.com\\\/people\\\/Immoinvest\\\/100077962920504\\\/\",\"https:\\\/\\\/x.com\\\/i\\\/flow\\\/login?redirect_after_login=immoinvest_ch\",\"https:\\\/\\\/www.instagram.com\\\/immoinvest_ch\\\/\",\"https:\\\/\\\/www.linkedin.com\\\/company\\\/immoinvest-swiss\"]},{\"@type\":\"Person\",\"@id\":\"https:\\\/\\\/www.immo-invest.ch\\\/it\\\/author\\\/immovestuser\\\/#author\",\"url\":\"https:\\\/\\\/www.immo-invest.ch\\\/it\\\/author\\\/immovestuser\\\/\",\"name\":\"immovestuser\",\"image\":{\"@type\":\"ImageObject\",\"@id\":\"https:\\\/\\\/www.immo-invest.ch\\\/it\\\/lex-koller-entzweit-wohnpolitik-und-kapitalmarkt\\\/#authorImage\",\"url\":\"https:\\\/\\\/secure.gravatar.com\\\/avatar\\\/8e01f4d99f2eeea7a362ebb93305e1172a70e9293ba250f897a65c39f54cdd1e?s=96&d=mm&r=g\",\"width\":96,\"height\":96,\"caption\":\"immovestuser\"}},{\"@type\":\"WebPage\",\"@id\":\"https:\\\/\\\/www.immo-invest.ch\\\/it\\\/lex-koller-entzweit-wohnpolitik-und-kapitalmarkt\\\/#webpage\",\"url\":\"https:\\\/\\\/www.immo-invest.ch\\\/it\\\/lex-koller-entzweit-wohnpolitik-und-kapitalmarkt\\\/\",\"name\":\"La legge Lex Koller crea divisioni tra la politica abitativa e il mercato dei capitali - immo!nvest - Die Plattform f\\u00fcr Standorte und Immobilien\",\"description\":\"Il 15 aprile 2026 il Consiglio federale ha avviato la consultazione sull\\u2019inasprimento della Lex Koller. Il progetto interviene in materia di abitazioni principali di cittadini di paesi terzi, abitazioni di vacanza, immobili commerciali e societ\\u00e0 immobiliari residenziali quotate in borsa, scatenando cos\\u00ec polemiche in merito alla tutela degli alloggi, al finanziamento del turismo e alla quotabilit\\u00e0 in borsa.\",\"inLanguage\":\"it-IT\",\"isPartOf\":{\"@id\":\"https:\\\/\\\/www.immo-invest.ch\\\/it\\\/#website\"},\"breadcrumb\":{\"@id\":\"https:\\\/\\\/www.immo-invest.ch\\\/it\\\/lex-koller-entzweit-wohnpolitik-und-kapitalmarkt\\\/#breadcrumblist\"},\"author\":{\"@id\":\"https:\\\/\\\/www.immo-invest.ch\\\/it\\\/author\\\/immovestuser\\\/#author\"},\"creator\":{\"@id\":\"https:\\\/\\\/www.immo-invest.ch\\\/it\\\/author\\\/immovestuser\\\/#author\"},\"image\":{\"@type\":\"ImageObject\",\"url\":\"https:\\\/\\\/www.immo-invest.ch\\\/wp-content\\\/uploads\\\/2026\\\/07\\\/Lex-Koller-entzweit-Wohnpolitik-und-Kapitalmarkt-immo-invest.png\",\"@id\":\"https:\\\/\\\/www.immo-invest.ch\\\/it\\\/lex-koller-entzweit-wohnpolitik-und-kapitalmarkt\\\/#mainImage\",\"width\":1536,\"height\":768},\"primaryImageOfPage\":{\"@id\":\"https:\\\/\\\/www.immo-invest.ch\\\/it\\\/lex-koller-entzweit-wohnpolitik-und-kapitalmarkt\\\/#mainImage\"},\"datePublished\":\"2026-07-18T11:00:00+02:00\",\"dateModified\":\"2026-07-16T11:19:56+02:00\"},{\"@type\":\"WebSite\",\"@id\":\"https:\\\/\\\/www.immo-invest.ch\\\/it\\\/#website\",\"url\":\"https:\\\/\\\/www.immo-invest.ch\\\/it\\\/\",\"name\":\"immo!nvest - Die Plattform f\\u00fcr Standorte und Immobilien\",\"description\":\"Die\\u00a0Plattform f\\u00fcr Standorte und Immobilien\",\"inLanguage\":\"it-IT\",\"publisher\":{\"@id\":\"https:\\\/\\\/www.immo-invest.ch\\\/it\\\/#organization\"}}]}\n\t\t<\/script>\n\t\t<!-- All in One SEO -->\n\n","aioseo_head_json":{"title":"La legge Lex Koller crea divisioni tra la politica abitativa e il mercato dei capitali - immo!nvest - Die Plattform f\u00fcr Standorte und Immobilien","description":"Il 15 aprile 2026 il Consiglio federale ha avviato la consultazione sull\u2019inasprimento della Lex Koller. Il progetto interviene in materia di abitazioni principali di cittadini di paesi terzi, abitazioni di vacanza, immobili commerciali e societ\u00e0 immobiliari residenziali quotate in borsa, scatenando cos\u00ec polemiche in merito alla tutela degli alloggi, al finanziamento del turismo e alla quotabilit\u00e0 in borsa.","canonical_url":"https:\/\/www.immo-invest.ch\/it\/lex-koller-entzweit-wohnpolitik-und-kapitalmarkt\/","robots":"max-image-preview:large","keywords":"","webmasterTools":{"google-site-verification":"fHJKvgWpZCR2zVBHWfkQeFXC11qieUSff0HGNYfuyLA","miscellaneous":""},"schema":{"@context":"https:\/\/schema.org","@graph":[{"@type":"BlogPosting","@id":"https:\/\/www.immo-invest.ch\/it\/lex-koller-entzweit-wohnpolitik-und-kapitalmarkt\/#blogposting","name":"La legge Lex Koller crea divisioni tra la politica abitativa e il mercato dei capitali - immo!nvest - Die Plattform f\u00fcr Standorte und Immobilien","headline":"La legge Lex Koller crea divisioni tra la politica abitativa e il mercato dei capitali","author":{"@id":"https:\/\/www.immo-invest.ch\/it\/author\/immovestuser\/#author"},"publisher":{"@id":"https:\/\/www.immo-invest.ch\/it\/#organization"},"image":{"@type":"ImageObject","url":"https:\/\/www.immo-invest.ch\/wp-content\/uploads\/2026\/07\/Lex-Koller-entzweit-Wohnpolitik-und-Kapitalmarkt-immo-invest.png","width":1536,"height":768},"datePublished":"2026-07-18T11:00:00+02:00","dateModified":"2026-07-16T11:19:56+02:00","inLanguage":"it-IT","mainEntityOfPage":{"@id":"https:\/\/www.immo-invest.ch\/it\/lex-koller-entzweit-wohnpolitik-und-kapitalmarkt\/#webpage"},"isPartOf":{"@id":"https:\/\/www.immo-invest.ch\/it\/lex-koller-entzweit-wohnpolitik-und-kapitalmarkt\/#webpage"},"articleSection":"Fondi immobiliari \/ REIT \/ Fondi pensione, Hotel \/ Turismo, Pianificazione \/ Sviluppo, Residenziale, Svizzera, Ferienwohnungen, Immobilienfonds, Immoinvest, immoNews, Lex Koller, News, Tourismusgemeinden, Vernehmlassung, Wohnungsmarkt, Optional"},{"@type":"BreadcrumbList","@id":"https:\/\/www.immo-invest.ch\/it\/lex-koller-entzweit-wohnpolitik-und-kapitalmarkt\/#breadcrumblist","itemListElement":[{"@type":"ListItem","@id":"https:\/\/www.immo-invest.ch\/it\/#listItem","position":1,"name":"Home","item":"https:\/\/www.immo-invest.ch\/it\/","nextItem":{"@type":"ListItem","@id":"https:\/\/www.immo-invest.ch\/it\/categoria\/regioni\/#listItem","name":"Regioni"}},{"@type":"ListItem","@id":"https:\/\/www.immo-invest.ch\/it\/categoria\/regioni\/#listItem","position":2,"name":"Regioni","item":"https:\/\/www.immo-invest.ch\/it\/categoria\/regioni\/","nextItem":{"@type":"ListItem","@id":"https:\/\/www.immo-invest.ch\/it\/categoria\/regioni\/svizzera\/#listItem","name":"Svizzera"},"previousItem":{"@type":"ListItem","@id":"https:\/\/www.immo-invest.ch\/it\/#listItem","name":"Home"}},{"@type":"ListItem","@id":"https:\/\/www.immo-invest.ch\/it\/categoria\/regioni\/svizzera\/#listItem","position":3,"name":"Svizzera","item":"https:\/\/www.immo-invest.ch\/it\/categoria\/regioni\/svizzera\/","nextItem":{"@type":"ListItem","@id":"https:\/\/www.immo-invest.ch\/it\/lex-koller-entzweit-wohnpolitik-und-kapitalmarkt\/#listItem","name":"La legge Lex Koller crea divisioni tra la politica abitativa e il mercato dei capitali"},"previousItem":{"@type":"ListItem","@id":"https:\/\/www.immo-invest.ch\/it\/categoria\/regioni\/#listItem","name":"Regioni"}},{"@type":"ListItem","@id":"https:\/\/www.immo-invest.ch\/it\/lex-koller-entzweit-wohnpolitik-und-kapitalmarkt\/#listItem","position":4,"name":"La legge Lex Koller crea divisioni tra la politica abitativa e il mercato dei capitali","previousItem":{"@type":"ListItem","@id":"https:\/\/www.immo-invest.ch\/it\/categoria\/regioni\/svizzera\/#listItem","name":"Svizzera"}}]},{"@type":"Organization","@id":"https:\/\/www.immo-invest.ch\/it\/#organization","name":"immo!nvest - Die Plattform f\u00fcr Standorte und Immobilien","description":"Die\u00a0Plattform f\u00fcr Standorte und Immobilien","url":"https:\/\/www.immo-invest.ch\/it\/","email":"admin@immomedia.ag","telephone":"+41444420002","logo":{"@type":"ImageObject","url":"https:\/\/www.immo-invest.ch\/wp-content\/uploads\/2024\/09\/immoinvest_sm-scaled.jpg","@id":"https:\/\/www.immo-invest.ch\/it\/lex-koller-entzweit-wohnpolitik-und-kapitalmarkt\/#organizationLogo","width":2560,"height":1340},"image":{"@id":"https:\/\/www.immo-invest.ch\/it\/lex-koller-entzweit-wohnpolitik-und-kapitalmarkt\/#organizationLogo"},"sameAs":["https:\/\/www.facebook.com\/people\/Immoinvest\/100077962920504\/","https:\/\/x.com\/i\/flow\/login?redirect_after_login=immoinvest_ch","https:\/\/www.instagram.com\/immoinvest_ch\/","https:\/\/www.linkedin.com\/company\/immoinvest-swiss"]},{"@type":"Person","@id":"https:\/\/www.immo-invest.ch\/it\/author\/immovestuser\/#author","url":"https:\/\/www.immo-invest.ch\/it\/author\/immovestuser\/","name":"immovestuser","image":{"@type":"ImageObject","@id":"https:\/\/www.immo-invest.ch\/it\/lex-koller-entzweit-wohnpolitik-und-kapitalmarkt\/#authorImage","url":"https:\/\/secure.gravatar.com\/avatar\/8e01f4d99f2eeea7a362ebb93305e1172a70e9293ba250f897a65c39f54cdd1e?s=96&d=mm&r=g","width":96,"height":96,"caption":"immovestuser"}},{"@type":"WebPage","@id":"https:\/\/www.immo-invest.ch\/it\/lex-koller-entzweit-wohnpolitik-und-kapitalmarkt\/#webpage","url":"https:\/\/www.immo-invest.ch\/it\/lex-koller-entzweit-wohnpolitik-und-kapitalmarkt\/","name":"La legge Lex Koller crea divisioni tra la politica abitativa e il mercato dei capitali - immo!nvest - Die Plattform f\u00fcr Standorte und Immobilien","description":"Il 15 aprile 2026 il Consiglio federale ha avviato la consultazione sull\u2019inasprimento della Lex Koller. Il progetto interviene in materia di abitazioni principali di cittadini di paesi terzi, abitazioni di vacanza, immobili commerciali e societ\u00e0 immobiliari residenziali quotate in borsa, scatenando cos\u00ec polemiche in merito alla tutela degli alloggi, al finanziamento del turismo e alla quotabilit\u00e0 in borsa.","inLanguage":"it-IT","isPartOf":{"@id":"https:\/\/www.immo-invest.ch\/it\/#website"},"breadcrumb":{"@id":"https:\/\/www.immo-invest.ch\/it\/lex-koller-entzweit-wohnpolitik-und-kapitalmarkt\/#breadcrumblist"},"author":{"@id":"https:\/\/www.immo-invest.ch\/it\/author\/immovestuser\/#author"},"creator":{"@id":"https:\/\/www.immo-invest.ch\/it\/author\/immovestuser\/#author"},"image":{"@type":"ImageObject","url":"https:\/\/www.immo-invest.ch\/wp-content\/uploads\/2026\/07\/Lex-Koller-entzweit-Wohnpolitik-und-Kapitalmarkt-immo-invest.png","@id":"https:\/\/www.immo-invest.ch\/it\/lex-koller-entzweit-wohnpolitik-und-kapitalmarkt\/#mainImage","width":1536,"height":768},"primaryImageOfPage":{"@id":"https:\/\/www.immo-invest.ch\/it\/lex-koller-entzweit-wohnpolitik-und-kapitalmarkt\/#mainImage"},"datePublished":"2026-07-18T11:00:00+02:00","dateModified":"2026-07-16T11:19:56+02:00"},{"@type":"WebSite","@id":"https:\/\/www.immo-invest.ch\/it\/#website","url":"https:\/\/www.immo-invest.ch\/it\/","name":"immo!nvest - Die Plattform f\u00fcr Standorte und Immobilien","description":"Die\u00a0Plattform f\u00fcr Standorte und Immobilien","inLanguage":"it-IT","publisher":{"@id":"https:\/\/www.immo-invest.ch\/it\/#organization"}}]},"og:locale":"it_IT","og:site_name":"immo!nvest - Die Plattform f\u00fcr Standorte und Immobilien - Die\u00a0Plattform f\u00fcr Standorte und Immobilien","og:type":"article","og:title":"La legge Lex Koller crea divisioni tra la politica abitativa e il mercato dei capitali - immo!nvest - Die Plattform f\u00fcr Standorte und Immobilien","og:description":"Il 15 aprile 2026 il Consiglio federale ha avviato la consultazione sull\u2019inasprimento della Lex Koller. Il progetto interviene in materia di abitazioni principali di cittadini di paesi terzi, abitazioni di vacanza, immobili commerciali e societ\u00e0 immobiliari residenziali quotate in borsa, scatenando cos\u00ec polemiche in merito alla tutela degli alloggi, al finanziamento del turismo e alla quotabilit\u00e0 in borsa.","og:url":"https:\/\/www.immo-invest.ch\/it\/lex-koller-entzweit-wohnpolitik-und-kapitalmarkt\/","og:image":"https:\/\/www.immo-invest.ch\/wp-content\/uploads\/2026\/07\/Lex-Koller-entzweit-Wohnpolitik-und-Kapitalmarkt-immo-invest.png","og:image:secure_url":"https:\/\/www.immo-invest.ch\/wp-content\/uploads\/2026\/07\/Lex-Koller-entzweit-Wohnpolitik-und-Kapitalmarkt-immo-invest.png","og:image:width":1536,"og:image:height":768,"article:published_time":"2026-07-18T09:00:00+00:00","article:modified_time":"2026-07-16T09:19:56+00:00","article:publisher":"https:\/\/www.facebook.com\/people\/Immoinvest\/100077962920504\/","twitter:card":"summary_large_image","twitter:site":"@i","twitter:title":"La legge Lex Koller crea divisioni tra la politica abitativa e il mercato dei capitali - immo!nvest - Die Plattform f\u00fcr Standorte und Immobilien","twitter:description":"Il 15 aprile 2026 il Consiglio federale ha avviato la consultazione sull\u2019inasprimento della Lex Koller. Il progetto interviene in materia di abitazioni principali di cittadini di paesi terzi, abitazioni di vacanza, immobili commerciali e societ\u00e0 immobiliari residenziali quotate in borsa, scatenando cos\u00ec polemiche in merito alla tutela degli alloggi, al finanziamento del turismo e alla quotabilit\u00e0 in borsa.","twitter:creator":"@i","twitter:image":"https:\/\/www.immo-invest.ch\/wp-content\/uploads\/2026\/07\/Lex-Koller-entzweit-Wohnpolitik-und-Kapitalmarkt-immo-invest.png"},"aioseo_meta_data":{"post_id":"161429","title":null,"description":null,"keywords":null,"keyphrases":{"focus":{"keyphrase":"","score":0,"analysis":{"keyphraseInTitle":{"score":0,"maxScore":9,"error":1}}},"additional":[]},"primary_term":null,"canonical_url":null,"og_title":null,"og_description":null,"og_object_type":"default","og_image_type":"default","og_image_url":null,"og_image_width":null,"og_image_height":null,"og_image_custom_url":null,"og_image_custom_fields":null,"og_video":"","og_custom_url":null,"og_article_section":null,"og_article_tags":null,"twitter_use_og":false,"twitter_card":"default","twitter_image_type":"default","twitter_image_url":null,"twitter_image_custom_url":null,"twitter_image_custom_fields":null,"twitter_title":null,"twitter_description":null,"schema":{"blockGraphs":[],"customGraphs":[],"default":{"data":{"Article":[],"Course":[],"Dataset":[],"FAQPage":[],"Movie":[],"Person":[],"Product":[],"ProductReview":[],"Car":[],"Recipe":[],"Service":[],"SoftwareApplication":[],"WebPage":[]},"graphName":"BlogPosting","isEnabled":true},"graphs":[]},"schema_type":"default","schema_type_options":null,"pillar_content":false,"robots_default":true,"robots_noindex":false,"robots_noarchive":false,"robots_nosnippet":false,"robots_nofollow":false,"robots_noimageindex":false,"robots_noodp":false,"robots_notranslate":false,"robots_max_snippet":"-1","robots_max_videopreview":"-1","robots_max_imagepreview":"large","priority":null,"frequency":"default","local_seo":null,"breadcrumb_settings":null,"limit_modified_date":false,"ai":{"faqs":[],"keyPoints":[],"schemas":[],"titles":[],"descriptions":[],"socialPosts":{"email":{"subject":"","preview":"","content":""},"linkedin":[],"twitter":[],"facebook":[],"instagram":[]}},"created":"2026-07-16 09:19:56","updated":"2026-07-18 14:49:04","seo_analyzer_scan_date":null,"focus_keyword":null,"additional_keywords":null,"truseo_locale":null},"aioseo_breadcrumb":"<div class=\"aioseo-breadcrumbs\"><span class=\"aioseo-breadcrumb\">\n\t\t\t<a href=\"https:\/\/www.immo-invest.ch\/it\/\" title=\"Home\">Home<\/a>\n\t\t<\/span><span class=\"aioseo-breadcrumb-separator\">&raquo;<\/span><span class=\"aioseo-breadcrumb\">\n\t\t\t<a href=\"https:\/\/www.immo-invest.ch\/it\/categoria\/regioni\/\" title=\"Regioni\">Regioni<\/a>\n\t\t<\/span><span class=\"aioseo-breadcrumb-separator\">&raquo;<\/span><span class=\"aioseo-breadcrumb\">\n\t\t\t<a href=\"https:\/\/www.immo-invest.ch\/it\/categoria\/regioni\/svizzera\/\" title=\"Svizzera\">Svizzera<\/a>\n\t\t<\/span><span class=\"aioseo-breadcrumb-separator\">&raquo;<\/span><span class=\"aioseo-breadcrumb\">\n\t\t\tLa legge Lex Koller crea divisioni tra la politica abitativa e il mercato dei capitali\n\t\t<\/span><\/div>","aioseo_breadcrumb_json":[{"label":"Home","link":"https:\/\/www.immo-invest.ch\/it\/"},{"label":"Regioni","link":"https:\/\/www.immo-invest.ch\/it\/categoria\/regioni\/"},{"label":"Svizzera","link":"https:\/\/www.immo-invest.ch\/it\/categoria\/regioni\/svizzera\/"},{"label":"La legge Lex Koller crea divisioni tra la politica abitativa e il mercato dei capitali","link":"https:\/\/www.immo-invest.ch\/it\/lex-koller-entzweit-wohnpolitik-und-kapitalmarkt\/"}],"featured_image_src":"https:\/\/www.immo-invest.ch\/wp-content\/uploads\/2026\/07\/Lex-Koller-entzweit-Wohnpolitik-und-Kapitalmarkt-immo-invest-336x168.png","_links":{"self":[{"href":"https:\/\/www.immo-invest.ch\/it\/wp-json\/wp\/v2\/posts\/161429","targetHints":{"allow":["GET"]}}],"collection":[{"href":"https:\/\/www.immo-invest.ch\/it\/wp-json\/wp\/v2\/posts"}],"about":[{"href":"https:\/\/www.immo-invest.ch\/it\/wp-json\/wp\/v2\/types\/post"}],"author":[{"embeddable":true,"href":"https:\/\/www.immo-invest.ch\/it\/wp-json\/wp\/v2\/users\/2"}],"replies":[{"embeddable":true,"href":"https:\/\/www.immo-invest.ch\/it\/wp-json\/wp\/v2\/comments?post=161429"}],"version-history":[{"count":2,"href":"https:\/\/www.immo-invest.ch\/it\/wp-json\/wp\/v2\/posts\/161429\/revisions"}],"predecessor-version":[{"id":161436,"href":"https:\/\/www.immo-invest.ch\/it\/wp-json\/wp\/v2\/posts\/161429\/revisions\/161436"}],"wp:featuredmedia":[{"embeddable":true,"href":"https:\/\/www.immo-invest.ch\/it\/wp-json\/wp\/v2\/media\/161430"}],"wp:attachment":[{"href":"https:\/\/www.immo-invest.ch\/it\/wp-json\/wp\/v2\/media?parent=161429"}],"wp:term":[{"taxonomy":"category","embeddable":true,"href":"https:\/\/www.immo-invest.ch\/it\/wp-json\/wp\/v2\/categories?post=161429"},{"taxonomy":"post_tag","embeddable":true,"href":"https:\/\/www.immo-invest.ch\/it\/wp-json\/wp\/v2\/tags?post=161429"}],"curies":[{"name":"wp","href":"https:\/\/api.w.org\/{rel}","templated":true}]}}