{"id":161242,"date":"2026-07-14T10:46:05","date_gmt":"2026-07-14T08:46:05","guid":{"rendered":"https:\/\/www.immo-invest.ch\/winterthur-wehrt-sich-gegen-den-richtplan-2040\/"},"modified":"2026-07-14T11:29:52","modified_gmt":"2026-07-14T09:29:52","slug":"winterthur-wehrt-sich-gegen-den-richtplan-2040","status":"publish","type":"post","link":"https:\/\/www.immo-invest.ch\/it\/winterthur-wehrt-sich-gegen-den-richtplan-2040\/","title":{"rendered":"Winterthur si oppone al piano direttore 2040"},"content":{"rendered":"<p class=\"wp-block-paragraph\">Il piano direttore &egrave; gi&agrave; stato sottoposto a un intenso processo di consultazione. Tra il 2023 e il 2024 sono pervenute circa 90 obiezioni con 800 richieste specifiche, di cui il Comune ha accolto quasi una su due. Il fatto che il comitato referendario non <span class=\"glossaryLink\"  aria-describedby=\"tt\"  data-cmtooltip=\"&lt;div class=glossaryItemTitle&gt;SIA&lt;\/div&gt;&lt;div class=glossaryItemBody&gt;Schweizerischer Ingenieur- und Architektenverein; massgebender Berufsverband f&uuml;r qualifizierte Fachleute der Bereiche Bau, Technik und Umwelt mit rund f&uuml;nfzehntausend Mitgliedern&lt;\/div&gt;\"  data-mobile-support=\"0\"  data-gt-translate-attributes='[{\"attribute\":\"data-cmtooltip\", \"format\":\"html\"}]' tabindex='0' role='link'>sia<\/span> comunque riuscito a smorzare in modo sostanziale il piano dimostra quanto <span class=\"glossaryLink\"  aria-describedby=\"tt\"  data-cmtooltip=\"&lt;div class=glossaryItemTitle&gt;SIA&lt;\/div&gt;&lt;div class=glossaryItemBody&gt;Schweizerischer Ingenieur- und Architektenverein; massgebender Berufsverband f&uuml;r qualifizierte Fachleute der Bereiche Bau, Technik und Umwelt mit rund f&uuml;nfzehntausend Mitgliedern&lt;\/div&gt;\"  data-mobile-support=\"0\"  data-gt-translate-attributes='[{\"attribute\":\"data-cmtooltip\", \"format\":\"html\"}]' tabindex='0' role='link'>sia<\/span> profondo il conflitto tra le forze borghesi e la maggioranza parlamentare di sinistra e dei Verdi.<\/p>\n\n\n\n\n\n<p class=\"wp-block-paragraph\"><strong>Uno strumento che va<\/strong>ben<strong>oltre i propri limiti<br><\/strong>Un piano direttore comunale dovrebbe coordinare lo sviluppo territoriale, n&eacute; pi&ugrave; n&eacute; meno. Il presente progetto va ben oltre. L&rsquo;UDC del Cantone di Zurigo parla di un documento gonfiato di cinque volte rispetto alla versione precedente. Christian Hartmann, del comitato referendario, avverte che il piano priverebbe di potere il Parlamento e la popolazione, indipendentemente dalla loro composizione politica.<\/p>\n\n\n\n\n\n<p class=\"wp-block-paragraph\"><strong>Regole dettagliate anzich&eacute; linee guida<br><\/strong>Un esempio illustra chiaramente il problema. In futuro, i piani terra dovranno obbligatoriamente ospitare luoghi di incontro non commerciali, una prescrizione minuziosa che esula di gran lunga dai compiti classici di un piano direttore. A ci&ograve; si aggiungono procedure obbligatorie come progetti di prova e perizie prima dell&rsquo;inizio di ogni costruzione. Dani Romay, del comitato, va dritto al punto: un piano direttore dovrebbe fissare linee guida, non cristallizzare programmi politici dettagliati per 15 anni.<\/p>\n\n\n\n\n\n<p class=\"wp-block-paragraph\"><strong>Il voto contrario del Consiglio comunale<br><\/strong>Non tutti vedono un problema nel carattere politico del piano direttore. La consigliera comunale Christa Meier difende proprio questa posizione. Il piano direttore &egrave; altamente politico e deve esserlo, dopotutto spetta al Parlamento stabilirlo. Questa posizione mostra quanto siano interpretati in modo diverso i ruoli del piano direttore e della politica a Winterthur.<\/p>\n\n\n\n\n\n<p class=\"wp-block-paragraph\"><strong>Mobilit&agrave; concepita in modo unilaterale<br><\/strong>Il piano regolatore mira a dimezzare la quota del traffico stradale motorizzato dal 42 al 20 per cento. Mancano per&ograve; completamente i progetti di decongestionamento necessari, come il tunnel dell&rsquo;Heiligberg. Anche per quanto riguarda il &laquo;Stadtrandpark&raquo;, le decisioni relative all&rsquo;utilizzo vengono fissate a lungo termine, sebbene le preziose superfici destinate alla rotazione delle colture rimangano importanti per l&rsquo;agricoltura e la sicurezza dell&rsquo;approvvigionamento regionale.<\/p>\n\n\n\n\n\n<p class=\"wp-block-paragraph\"><strong>Dubbi sulla redditivit&agrave;<br><\/strong>L&rsquo;Associazione dei proprietari immobiliari di Winterthur critica inoltre la mancanza di una valutazione d&rsquo;impatto finanziario nel piano direttore. In particolare, l&rsquo;obiettivo di 30&rsquo;000 nuovi posti di lavoro entro il 2040 &egrave; considerato dall&rsquo;associazione poco realistico. Ci&ograve; pone al centro dell&rsquo;attenzione, oltre al dibattito politico, anche la sostenibilit&agrave; economica del piano.<\/p>\n\n\n\n\n\n<p class=\"wp-block-paragraph\"><strong>Non contro lo sviluppo, ma a favore degli spazi liberi<br><\/strong>Il comitato referendario chiarisce che non rifiuta la crescita. Winterthur ha bisogno di pi&ugrave; alloggi, di aziende solide e di quartieri attraenti, nessuno lo nega. Proprio per questo occorre un piano direttore che lasci spazio alla libert&agrave;, invece di impedire gi&agrave; oggi future decisioni politiche. Nei prossimi mesi il comitato cercher&agrave; il dialogo con la popolazione e raccomanda di votare con un chiaro &laquo;no&raquo; il 29 novembre 2026.<\/p>\n\n","protected":false},"excerpt":{"rendered":"<p>Uno strumento di pianificazione che sancisce oltre 100 obiettivi politici. Un comitato referendario che parla di \u00abvincoli politici\u00bb. Il 29 novembre 2026 Winterthur decider\u00e0 alle urne quanto margine di manovra dovr\u00e0 mantenere lo sviluppo urbano nei prossimi 15 anni. Il referendum contro il piano direttore comunale 2040 \u00e8 stato presentato: ora spetta alla popolazione avere l\u2019ultima parola.<\/p>\n","protected":false},"author":2,"featured_media":161243,"comment_status":"open","ping_status":"open","sticky":false,"template":"","format":"standard","meta":{"pmpro_default_level":"","inline_featured_image":false,"_monsterinsights_skip_tracking":false,"footnotes":""},"categories":[55983,55966,22704,56028,39694],"tags":[21403,867,3935,2006,60512,60513,40139,39705,1151],"class_list":["post-161242","post","type-post","status-publish","format-standard","has-post-thumbnail","hentry","category-associazioni","category-fondi-immobiliari-reit-fondi-pensione","category-mobilita","category-pianificazione-sviluppo","category-winterthur-it","tag-hauseigentumerverband-it","tag-immoinvest-it","tag-immonews-it","tag-news-it","tag-raumliche-entwicklung","tag-referendum","tag-richtplan-it","tag-stadtentwicklung-it","tag-winterthur-it","pmpro-has-access"],"acf":{"bild_mit_ki_erstellt_worden":"","lead":"Uno strumento di pianificazione che sancisce oltre 100 obiettivi politici. Un comitato referendario che parla di \u00abvincoli politici\u00bb. Il 29 novembre 2026 Winterthur decider\u00e0 alle urne quanto margine di manovra dovr\u00e0 mantenere lo sviluppo urbano nei prossimi 15 anni. Il referendum contro il piano direttore comunale 2040 \u00e8 stato presentato: ora spetta alla popolazione avere l\u2019ultima parola.","autor":"","ort":"","bildunterschrift":"Il piano regolatore comunale di Winterthur in sintesi. Mappe e illustrazioni: Metron AG, Brugg; fonte: Citt\u00e0 di Winterthur.","bild_im_grid":false,"gallerie":"","newsim":"3334"},"aioseo_notices":[],"aioseo_head":"\n\t\t<!-- All in One SEO 5.0.0.1 - aioseo.com -->\n\t<meta name=\"description\" content=\"Uno strumento di pianificazione che sancisce oltre 100 obiettivi politici. Un comitato referendario che parla di \u00abvincoli politici\u00bb. Il 29 novembre 2026 Winterthur decider\u00e0 alle urne quanto margine di manovra dovr\u00e0 mantenere lo sviluppo urbano nei prossimi 15 anni. Il referendum contro il piano direttore comunale 2040 \u00e8 stato presentato: ora spetta alla popolazione avere l\u2019ultima parola.\" \/>\n\t<meta name=\"robots\" content=\"max-image-preview:large\" \/>\n\t<meta name=\"author\" content=\"immovestuser\"\/>\n\t<meta name=\"google-site-verification\" content=\"fHJKvgWpZCR2zVBHWfkQeFXC11qieUSff0HGNYfuyLA\" \/>\n\t<link rel=\"canonical\" href=\"https:\/\/www.immo-invest.ch\/it\/winterthur-wehrt-sich-gegen-den-richtplan-2040\/\" \/>\n\t<meta name=\"generator\" content=\"All in One SEO (AIOSEO) 5.0.0.1\" \/>\n\t\t<meta property=\"og:locale\" content=\"it_IT\" \/>\n\t\t<meta property=\"og:site_name\" content=\"immo!nvest - Die Plattform f\u00fcr Standorte und Immobilien - Die\u00a0Plattform f\u00fcr Standorte und Immobilien\" \/>\n\t\t<meta property=\"og:type\" content=\"article\" \/>\n\t\t<meta property=\"og:title\" content=\"Winterthur si oppone al piano direttore 2040 - immo!nvest - Die Plattform f\u00fcr Standorte und Immobilien\" \/>\n\t\t<meta property=\"og:description\" content=\"Uno strumento di pianificazione che sancisce oltre 100 obiettivi politici. Un comitato referendario che parla di \u00abvincoli politici\u00bb. Il 29 novembre 2026 Winterthur decider\u00e0 alle urne quanto margine di manovra dovr\u00e0 mantenere lo sviluppo urbano nei prossimi 15 anni. Il referendum contro il piano direttore comunale 2040 \u00e8 stato presentato: ora spetta alla popolazione avere l\u2019ultima parola.\" \/>\n\t\t<meta property=\"og:url\" content=\"https:\/\/www.immo-invest.ch\/it\/winterthur-wehrt-sich-gegen-den-richtplan-2040\/\" \/>\n\t\t<meta property=\"og:image\" content=\"https:\/\/www.immo-invest.ch\/wp-content\/uploads\/2026\/07\/2023-09-Richtplan.jpg\" \/>\n\t\t<meta property=\"og:image:secure_url\" content=\"https:\/\/www.immo-invest.ch\/wp-content\/uploads\/2026\/07\/2023-09-Richtplan.jpg\" \/>\n\t\t<meta property=\"og:image:width\" content=\"2000\" \/>\n\t\t<meta property=\"og:image:height\" content=\"1375\" \/>\n\t\t<meta property=\"article:published_time\" content=\"2026-07-14T08:46:05+00:00\" \/>\n\t\t<meta property=\"article:modified_time\" content=\"2026-07-14T09:29:52+00:00\" \/>\n\t\t<meta property=\"article:publisher\" content=\"https:\/\/www.facebook.com\/people\/Immoinvest\/100077962920504\/\" \/>\n\t\t<meta name=\"twitter:card\" content=\"summary_large_image\" \/>\n\t\t<meta name=\"twitter:site\" content=\"@i\" \/>\n\t\t<meta name=\"twitter:title\" content=\"Winterthur si oppone al piano direttore 2040 - immo!nvest - Die Plattform f\u00fcr Standorte und Immobilien\" \/>\n\t\t<meta name=\"twitter:description\" content=\"Uno strumento di pianificazione che sancisce oltre 100 obiettivi politici. Un comitato referendario che parla di \u00abvincoli politici\u00bb. Il 29 novembre 2026 Winterthur decider\u00e0 alle urne quanto margine di manovra dovr\u00e0 mantenere lo sviluppo urbano nei prossimi 15 anni. Il referendum contro il piano direttore comunale 2040 \u00e8 stato presentato: ora spetta alla popolazione avere l\u2019ultima parola.\" \/>\n\t\t<meta name=\"twitter:creator\" content=\"@i\" \/>\n\t\t<meta name=\"twitter:image\" content=\"https:\/\/www.immo-invest.ch\/wp-content\/uploads\/2026\/07\/2023-09-Richtplan.jpg\" \/>\n\t\t<script type=\"application\/ld+json\" class=\"aioseo-schema\">\n\t\t\t{\"@context\":\"https:\\\/\\\/schema.org\",\"@graph\":[{\"@type\":\"BlogPosting\",\"@id\":\"https:\\\/\\\/www.immo-invest.ch\\\/it\\\/winterthur-wehrt-sich-gegen-den-richtplan-2040\\\/#blogposting\",\"name\":\"Winterthur si oppone al piano direttore 2040 - immo!nvest - Die Plattform f\\u00fcr Standorte und Immobilien\",\"headline\":\"Winterthur si oppone al piano direttore 2040\",\"author\":{\"@id\":\"https:\\\/\\\/www.immo-invest.ch\\\/it\\\/author\\\/immovestuser\\\/#author\"},\"publisher\":{\"@id\":\"https:\\\/\\\/www.immo-invest.ch\\\/it\\\/#organization\"},\"image\":{\"@type\":\"ImageObject\",\"url\":\"https:\\\/\\\/www.immo-invest.ch\\\/wp-content\\\/uploads\\\/2026\\\/07\\\/2023-09-Richtplan.jpg\",\"width\":2000,\"height\":1375},\"datePublished\":\"2026-07-14T10:46:05+02:00\",\"dateModified\":\"2026-07-14T11:29:52+02:00\",\"inLanguage\":\"it-IT\",\"mainEntityOfPage\":{\"@id\":\"https:\\\/\\\/www.immo-invest.ch\\\/it\\\/winterthur-wehrt-sich-gegen-den-richtplan-2040\\\/#webpage\"},\"isPartOf\":{\"@id\":\"https:\\\/\\\/www.immo-invest.ch\\\/it\\\/winterthur-wehrt-sich-gegen-den-richtplan-2040\\\/#webpage\"},\"articleSection\":\"Associazioni, Fondi immobiliari \\\/ REIT \\\/ Fondi pensione, Mobilit\\u00e0, Pianificazione \\\/ Sviluppo, Winterthur, Hauseigent\\u00fcmerverband, Immoinvest, immoNews, News, R\\u00e4umliche Entwicklung, Referendum, Richtplan, Stadtentwicklung, Winterthur, Optional\"},{\"@type\":\"BreadcrumbList\",\"@id\":\"https:\\\/\\\/www.immo-invest.ch\\\/it\\\/winterthur-wehrt-sich-gegen-den-richtplan-2040\\\/#breadcrumblist\",\"itemListElement\":[{\"@type\":\"ListItem\",\"@id\":\"https:\\\/\\\/www.immo-invest.ch\\\/it\\\/#listItem\",\"position\":1,\"name\":\"Home\",\"item\":\"https:\\\/\\\/www.immo-invest.ch\\\/it\\\/\",\"nextItem\":{\"@type\":\"ListItem\",\"@id\":\"https:\\\/\\\/www.immo-invest.ch\\\/it\\\/categoria\\\/regioni\\\/#listItem\",\"name\":\"Regioni\"}},{\"@type\":\"ListItem\",\"@id\":\"https:\\\/\\\/www.immo-invest.ch\\\/it\\\/categoria\\\/regioni\\\/#listItem\",\"position\":2,\"name\":\"Regioni\",\"item\":\"https:\\\/\\\/www.immo-invest.ch\\\/it\\\/categoria\\\/regioni\\\/\",\"nextItem\":{\"@type\":\"ListItem\",\"@id\":\"https:\\\/\\\/www.immo-invest.ch\\\/it\\\/categoria\\\/regioni\\\/svizzera\\\/#listItem\",\"name\":\"Svizzera\"},\"previousItem\":{\"@type\":\"ListItem\",\"@id\":\"https:\\\/\\\/www.immo-invest.ch\\\/it\\\/#listItem\",\"name\":\"Home\"}},{\"@type\":\"ListItem\",\"@id\":\"https:\\\/\\\/www.immo-invest.ch\\\/it\\\/categoria\\\/regioni\\\/svizzera\\\/#listItem\",\"position\":3,\"name\":\"Svizzera\",\"item\":\"https:\\\/\\\/www.immo-invest.ch\\\/it\\\/categoria\\\/regioni\\\/svizzera\\\/\",\"nextItem\":{\"@type\":\"ListItem\",\"@id\":\"https:\\\/\\\/www.immo-invest.ch\\\/it\\\/categoria\\\/regioni\\\/svizzera\\\/regione-zurigo\\\/#listItem\",\"name\":\"Zurigo\"},\"previousItem\":{\"@type\":\"ListItem\",\"@id\":\"https:\\\/\\\/www.immo-invest.ch\\\/it\\\/categoria\\\/regioni\\\/#listItem\",\"name\":\"Regioni\"}},{\"@type\":\"ListItem\",\"@id\":\"https:\\\/\\\/www.immo-invest.ch\\\/it\\\/categoria\\\/regioni\\\/svizzera\\\/regione-zurigo\\\/#listItem\",\"position\":4,\"name\":\"Zurigo\",\"item\":\"https:\\\/\\\/www.immo-invest.ch\\\/it\\\/categoria\\\/regioni\\\/svizzera\\\/regione-zurigo\\\/\",\"nextItem\":{\"@type\":\"ListItem\",\"@id\":\"https:\\\/\\\/www.immo-invest.ch\\\/it\\\/categoria\\\/regioni\\\/svizzera\\\/regione-zurigo\\\/winterthur-it\\\/#listItem\",\"name\":\"Winterthur\"},\"previousItem\":{\"@type\":\"ListItem\",\"@id\":\"https:\\\/\\\/www.immo-invest.ch\\\/it\\\/categoria\\\/regioni\\\/svizzera\\\/#listItem\",\"name\":\"Svizzera\"}},{\"@type\":\"ListItem\",\"@id\":\"https:\\\/\\\/www.immo-invest.ch\\\/it\\\/categoria\\\/regioni\\\/svizzera\\\/regione-zurigo\\\/winterthur-it\\\/#listItem\",\"position\":5,\"name\":\"Winterthur\",\"item\":\"https:\\\/\\\/www.immo-invest.ch\\\/it\\\/categoria\\\/regioni\\\/svizzera\\\/regione-zurigo\\\/winterthur-it\\\/\",\"nextItem\":{\"@type\":\"ListItem\",\"@id\":\"https:\\\/\\\/www.immo-invest.ch\\\/it\\\/winterthur-wehrt-sich-gegen-den-richtplan-2040\\\/#listItem\",\"name\":\"Winterthur si oppone al piano direttore 2040\"},\"previousItem\":{\"@type\":\"ListItem\",\"@id\":\"https:\\\/\\\/www.immo-invest.ch\\\/it\\\/categoria\\\/regioni\\\/svizzera\\\/regione-zurigo\\\/#listItem\",\"name\":\"Zurigo\"}},{\"@type\":\"ListItem\",\"@id\":\"https:\\\/\\\/www.immo-invest.ch\\\/it\\\/winterthur-wehrt-sich-gegen-den-richtplan-2040\\\/#listItem\",\"position\":6,\"name\":\"Winterthur si oppone al piano direttore 2040\",\"previousItem\":{\"@type\":\"ListItem\",\"@id\":\"https:\\\/\\\/www.immo-invest.ch\\\/it\\\/categoria\\\/regioni\\\/svizzera\\\/regione-zurigo\\\/winterthur-it\\\/#listItem\",\"name\":\"Winterthur\"}}]},{\"@type\":\"Organization\",\"@id\":\"https:\\\/\\\/www.immo-invest.ch\\\/it\\\/#organization\",\"name\":\"immo!nvest - Die Plattform f\\u00fcr Standorte und Immobilien\",\"description\":\"Die\\u00a0Plattform f\\u00fcr Standorte und Immobilien\",\"url\":\"https:\\\/\\\/www.immo-invest.ch\\\/it\\\/\",\"email\":\"admin@immomedia.ag\",\"telephone\":\"+41444420002\",\"logo\":{\"@type\":\"ImageObject\",\"url\":\"https:\\\/\\\/www.immo-invest.ch\\\/wp-content\\\/uploads\\\/2024\\\/09\\\/immoinvest_sm-scaled.jpg\",\"@id\":\"https:\\\/\\\/www.immo-invest.ch\\\/it\\\/winterthur-wehrt-sich-gegen-den-richtplan-2040\\\/#organizationLogo\",\"width\":2560,\"height\":1340},\"image\":{\"@id\":\"https:\\\/\\\/www.immo-invest.ch\\\/it\\\/winterthur-wehrt-sich-gegen-den-richtplan-2040\\\/#organizationLogo\"},\"sameAs\":[\"https:\\\/\\\/www.facebook.com\\\/people\\\/Immoinvest\\\/100077962920504\\\/\",\"https:\\\/\\\/x.com\\\/i\\\/flow\\\/login?redirect_after_login=immoinvest_ch\",\"https:\\\/\\\/www.instagram.com\\\/immoinvest_ch\\\/\",\"https:\\\/\\\/www.linkedin.com\\\/company\\\/immoinvest-swiss\"]},{\"@type\":\"Person\",\"@id\":\"https:\\\/\\\/www.immo-invest.ch\\\/it\\\/author\\\/immovestuser\\\/#author\",\"url\":\"https:\\\/\\\/www.immo-invest.ch\\\/it\\\/author\\\/immovestuser\\\/\",\"name\":\"immovestuser\",\"image\":{\"@type\":\"ImageObject\",\"@id\":\"https:\\\/\\\/www.immo-invest.ch\\\/it\\\/winterthur-wehrt-sich-gegen-den-richtplan-2040\\\/#authorImage\",\"url\":\"https:\\\/\\\/secure.gravatar.com\\\/avatar\\\/8e01f4d99f2eeea7a362ebb93305e1172a70e9293ba250f897a65c39f54cdd1e?s=96&d=mm&r=g\",\"width\":96,\"height\":96,\"caption\":\"immovestuser\"}},{\"@type\":\"WebPage\",\"@id\":\"https:\\\/\\\/www.immo-invest.ch\\\/it\\\/winterthur-wehrt-sich-gegen-den-richtplan-2040\\\/#webpage\",\"url\":\"https:\\\/\\\/www.immo-invest.ch\\\/it\\\/winterthur-wehrt-sich-gegen-den-richtplan-2040\\\/\",\"name\":\"Winterthur si oppone al piano direttore 2040 - immo!nvest - Die Plattform f\\u00fcr Standorte und Immobilien\",\"description\":\"Uno strumento di pianificazione che sancisce oltre 100 obiettivi politici. Un comitato referendario che parla di \\u00abvincoli politici\\u00bb. Il 29 novembre 2026 Winterthur decider\\u00e0 alle urne quanto margine di manovra dovr\\u00e0 mantenere lo sviluppo urbano nei prossimi 15 anni. Il referendum contro il piano direttore comunale 2040 \\u00e8 stato presentato: ora spetta alla popolazione avere l\\u2019ultima parola.\",\"inLanguage\":\"it-IT\",\"isPartOf\":{\"@id\":\"https:\\\/\\\/www.immo-invest.ch\\\/it\\\/#website\"},\"breadcrumb\":{\"@id\":\"https:\\\/\\\/www.immo-invest.ch\\\/it\\\/winterthur-wehrt-sich-gegen-den-richtplan-2040\\\/#breadcrumblist\"},\"author\":{\"@id\":\"https:\\\/\\\/www.immo-invest.ch\\\/it\\\/author\\\/immovestuser\\\/#author\"},\"creator\":{\"@id\":\"https:\\\/\\\/www.immo-invest.ch\\\/it\\\/author\\\/immovestuser\\\/#author\"},\"image\":{\"@type\":\"ImageObject\",\"url\":\"https:\\\/\\\/www.immo-invest.ch\\\/wp-content\\\/uploads\\\/2026\\\/07\\\/2023-09-Richtplan.jpg\",\"@id\":\"https:\\\/\\\/www.immo-invest.ch\\\/it\\\/winterthur-wehrt-sich-gegen-den-richtplan-2040\\\/#mainImage\",\"width\":2000,\"height\":1375},\"primaryImageOfPage\":{\"@id\":\"https:\\\/\\\/www.immo-invest.ch\\\/it\\\/winterthur-wehrt-sich-gegen-den-richtplan-2040\\\/#mainImage\"},\"datePublished\":\"2026-07-14T10:46:05+02:00\",\"dateModified\":\"2026-07-14T11:29:52+02:00\"},{\"@type\":\"WebSite\",\"@id\":\"https:\\\/\\\/www.immo-invest.ch\\\/it\\\/#website\",\"url\":\"https:\\\/\\\/www.immo-invest.ch\\\/it\\\/\",\"name\":\"immo!nvest - Die Plattform f\\u00fcr Standorte und Immobilien\",\"description\":\"Die\\u00a0Plattform f\\u00fcr Standorte und Immobilien\",\"inLanguage\":\"it-IT\",\"publisher\":{\"@id\":\"https:\\\/\\\/www.immo-invest.ch\\\/it\\\/#organization\"}}]}\n\t\t<\/script>\n\t\t<!-- All in One SEO -->\n\n","aioseo_head_json":{"title":"Winterthur si oppone al piano direttore 2040 - immo!nvest - Die Plattform f\u00fcr Standorte und Immobilien","description":"Uno strumento di pianificazione che sancisce oltre 100 obiettivi politici. Un comitato referendario che parla di \u00abvincoli politici\u00bb. Il 29 novembre 2026 Winterthur decider\u00e0 alle urne quanto margine di manovra dovr\u00e0 mantenere lo sviluppo urbano nei prossimi 15 anni. Il referendum contro il piano direttore comunale 2040 \u00e8 stato presentato: ora spetta alla popolazione avere l\u2019ultima parola.","canonical_url":"https:\/\/www.immo-invest.ch\/it\/winterthur-wehrt-sich-gegen-den-richtplan-2040\/","robots":"max-image-preview:large","keywords":"","webmasterTools":{"google-site-verification":"fHJKvgWpZCR2zVBHWfkQeFXC11qieUSff0HGNYfuyLA","miscellaneous":""},"schema":{"@context":"https:\/\/schema.org","@graph":[{"@type":"BlogPosting","@id":"https:\/\/www.immo-invest.ch\/it\/winterthur-wehrt-sich-gegen-den-richtplan-2040\/#blogposting","name":"Winterthur si oppone al piano direttore 2040 - immo!nvest - Die Plattform f\u00fcr Standorte und Immobilien","headline":"Winterthur si oppone al piano direttore 2040","author":{"@id":"https:\/\/www.immo-invest.ch\/it\/author\/immovestuser\/#author"},"publisher":{"@id":"https:\/\/www.immo-invest.ch\/it\/#organization"},"image":{"@type":"ImageObject","url":"https:\/\/www.immo-invest.ch\/wp-content\/uploads\/2026\/07\/2023-09-Richtplan.jpg","width":2000,"height":1375},"datePublished":"2026-07-14T10:46:05+02:00","dateModified":"2026-07-14T11:29:52+02:00","inLanguage":"it-IT","mainEntityOfPage":{"@id":"https:\/\/www.immo-invest.ch\/it\/winterthur-wehrt-sich-gegen-den-richtplan-2040\/#webpage"},"isPartOf":{"@id":"https:\/\/www.immo-invest.ch\/it\/winterthur-wehrt-sich-gegen-den-richtplan-2040\/#webpage"},"articleSection":"Associazioni, Fondi immobiliari \/ REIT \/ Fondi pensione, Mobilit\u00e0, Pianificazione \/ Sviluppo, Winterthur, Hauseigent\u00fcmerverband, Immoinvest, immoNews, News, R\u00e4umliche Entwicklung, Referendum, Richtplan, Stadtentwicklung, Winterthur, Optional"},{"@type":"BreadcrumbList","@id":"https:\/\/www.immo-invest.ch\/it\/winterthur-wehrt-sich-gegen-den-richtplan-2040\/#breadcrumblist","itemListElement":[{"@type":"ListItem","@id":"https:\/\/www.immo-invest.ch\/it\/#listItem","position":1,"name":"Home","item":"https:\/\/www.immo-invest.ch\/it\/","nextItem":{"@type":"ListItem","@id":"https:\/\/www.immo-invest.ch\/it\/categoria\/regioni\/#listItem","name":"Regioni"}},{"@type":"ListItem","@id":"https:\/\/www.immo-invest.ch\/it\/categoria\/regioni\/#listItem","position":2,"name":"Regioni","item":"https:\/\/www.immo-invest.ch\/it\/categoria\/regioni\/","nextItem":{"@type":"ListItem","@id":"https:\/\/www.immo-invest.ch\/it\/categoria\/regioni\/svizzera\/#listItem","name":"Svizzera"},"previousItem":{"@type":"ListItem","@id":"https:\/\/www.immo-invest.ch\/it\/#listItem","name":"Home"}},{"@type":"ListItem","@id":"https:\/\/www.immo-invest.ch\/it\/categoria\/regioni\/svizzera\/#listItem","position":3,"name":"Svizzera","item":"https:\/\/www.immo-invest.ch\/it\/categoria\/regioni\/svizzera\/","nextItem":{"@type":"ListItem","@id":"https:\/\/www.immo-invest.ch\/it\/categoria\/regioni\/svizzera\/regione-zurigo\/#listItem","name":"Zurigo"},"previousItem":{"@type":"ListItem","@id":"https:\/\/www.immo-invest.ch\/it\/categoria\/regioni\/#listItem","name":"Regioni"}},{"@type":"ListItem","@id":"https:\/\/www.immo-invest.ch\/it\/categoria\/regioni\/svizzera\/regione-zurigo\/#listItem","position":4,"name":"Zurigo","item":"https:\/\/www.immo-invest.ch\/it\/categoria\/regioni\/svizzera\/regione-zurigo\/","nextItem":{"@type":"ListItem","@id":"https:\/\/www.immo-invest.ch\/it\/categoria\/regioni\/svizzera\/regione-zurigo\/winterthur-it\/#listItem","name":"Winterthur"},"previousItem":{"@type":"ListItem","@id":"https:\/\/www.immo-invest.ch\/it\/categoria\/regioni\/svizzera\/#listItem","name":"Svizzera"}},{"@type":"ListItem","@id":"https:\/\/www.immo-invest.ch\/it\/categoria\/regioni\/svizzera\/regione-zurigo\/winterthur-it\/#listItem","position":5,"name":"Winterthur","item":"https:\/\/www.immo-invest.ch\/it\/categoria\/regioni\/svizzera\/regione-zurigo\/winterthur-it\/","nextItem":{"@type":"ListItem","@id":"https:\/\/www.immo-invest.ch\/it\/winterthur-wehrt-sich-gegen-den-richtplan-2040\/#listItem","name":"Winterthur si oppone al piano direttore 2040"},"previousItem":{"@type":"ListItem","@id":"https:\/\/www.immo-invest.ch\/it\/categoria\/regioni\/svizzera\/regione-zurigo\/#listItem","name":"Zurigo"}},{"@type":"ListItem","@id":"https:\/\/www.immo-invest.ch\/it\/winterthur-wehrt-sich-gegen-den-richtplan-2040\/#listItem","position":6,"name":"Winterthur si oppone al piano direttore 2040","previousItem":{"@type":"ListItem","@id":"https:\/\/www.immo-invest.ch\/it\/categoria\/regioni\/svizzera\/regione-zurigo\/winterthur-it\/#listItem","name":"Winterthur"}}]},{"@type":"Organization","@id":"https:\/\/www.immo-invest.ch\/it\/#organization","name":"immo!nvest - Die Plattform f\u00fcr Standorte und Immobilien","description":"Die\u00a0Plattform f\u00fcr Standorte und Immobilien","url":"https:\/\/www.immo-invest.ch\/it\/","email":"admin@immomedia.ag","telephone":"+41444420002","logo":{"@type":"ImageObject","url":"https:\/\/www.immo-invest.ch\/wp-content\/uploads\/2024\/09\/immoinvest_sm-scaled.jpg","@id":"https:\/\/www.immo-invest.ch\/it\/winterthur-wehrt-sich-gegen-den-richtplan-2040\/#organizationLogo","width":2560,"height":1340},"image":{"@id":"https:\/\/www.immo-invest.ch\/it\/winterthur-wehrt-sich-gegen-den-richtplan-2040\/#organizationLogo"},"sameAs":["https:\/\/www.facebook.com\/people\/Immoinvest\/100077962920504\/","https:\/\/x.com\/i\/flow\/login?redirect_after_login=immoinvest_ch","https:\/\/www.instagram.com\/immoinvest_ch\/","https:\/\/www.linkedin.com\/company\/immoinvest-swiss"]},{"@type":"Person","@id":"https:\/\/www.immo-invest.ch\/it\/author\/immovestuser\/#author","url":"https:\/\/www.immo-invest.ch\/it\/author\/immovestuser\/","name":"immovestuser","image":{"@type":"ImageObject","@id":"https:\/\/www.immo-invest.ch\/it\/winterthur-wehrt-sich-gegen-den-richtplan-2040\/#authorImage","url":"https:\/\/secure.gravatar.com\/avatar\/8e01f4d99f2eeea7a362ebb93305e1172a70e9293ba250f897a65c39f54cdd1e?s=96&d=mm&r=g","width":96,"height":96,"caption":"immovestuser"}},{"@type":"WebPage","@id":"https:\/\/www.immo-invest.ch\/it\/winterthur-wehrt-sich-gegen-den-richtplan-2040\/#webpage","url":"https:\/\/www.immo-invest.ch\/it\/winterthur-wehrt-sich-gegen-den-richtplan-2040\/","name":"Winterthur si oppone al piano direttore 2040 - immo!nvest - Die Plattform f\u00fcr Standorte und Immobilien","description":"Uno strumento di pianificazione che sancisce oltre 100 obiettivi politici. Un comitato referendario che parla di \u00abvincoli politici\u00bb. Il 29 novembre 2026 Winterthur decider\u00e0 alle urne quanto margine di manovra dovr\u00e0 mantenere lo sviluppo urbano nei prossimi 15 anni. Il referendum contro il piano direttore comunale 2040 \u00e8 stato presentato: ora spetta alla popolazione avere l\u2019ultima parola.","inLanguage":"it-IT","isPartOf":{"@id":"https:\/\/www.immo-invest.ch\/it\/#website"},"breadcrumb":{"@id":"https:\/\/www.immo-invest.ch\/it\/winterthur-wehrt-sich-gegen-den-richtplan-2040\/#breadcrumblist"},"author":{"@id":"https:\/\/www.immo-invest.ch\/it\/author\/immovestuser\/#author"},"creator":{"@id":"https:\/\/www.immo-invest.ch\/it\/author\/immovestuser\/#author"},"image":{"@type":"ImageObject","url":"https:\/\/www.immo-invest.ch\/wp-content\/uploads\/2026\/07\/2023-09-Richtplan.jpg","@id":"https:\/\/www.immo-invest.ch\/it\/winterthur-wehrt-sich-gegen-den-richtplan-2040\/#mainImage","width":2000,"height":1375},"primaryImageOfPage":{"@id":"https:\/\/www.immo-invest.ch\/it\/winterthur-wehrt-sich-gegen-den-richtplan-2040\/#mainImage"},"datePublished":"2026-07-14T10:46:05+02:00","dateModified":"2026-07-14T11:29:52+02:00"},{"@type":"WebSite","@id":"https:\/\/www.immo-invest.ch\/it\/#website","url":"https:\/\/www.immo-invest.ch\/it\/","name":"immo!nvest - Die Plattform f\u00fcr Standorte und Immobilien","description":"Die\u00a0Plattform f\u00fcr Standorte und Immobilien","inLanguage":"it-IT","publisher":{"@id":"https:\/\/www.immo-invest.ch\/it\/#organization"}}]},"og:locale":"it_IT","og:site_name":"immo!nvest - Die Plattform f\u00fcr Standorte und Immobilien - Die\u00a0Plattform f\u00fcr Standorte und Immobilien","og:type":"article","og:title":"Winterthur si oppone al piano direttore 2040 - immo!nvest - Die Plattform f\u00fcr Standorte und Immobilien","og:description":"Uno strumento di pianificazione che sancisce oltre 100 obiettivi politici. Un comitato referendario che parla di \u00abvincoli politici\u00bb. Il 29 novembre 2026 Winterthur decider\u00e0 alle urne quanto margine di manovra dovr\u00e0 mantenere lo sviluppo urbano nei prossimi 15 anni. Il referendum contro il piano direttore comunale 2040 \u00e8 stato presentato: ora spetta alla popolazione avere l\u2019ultima parola.","og:url":"https:\/\/www.immo-invest.ch\/it\/winterthur-wehrt-sich-gegen-den-richtplan-2040\/","og:image":"https:\/\/www.immo-invest.ch\/wp-content\/uploads\/2026\/07\/2023-09-Richtplan.jpg","og:image:secure_url":"https:\/\/www.immo-invest.ch\/wp-content\/uploads\/2026\/07\/2023-09-Richtplan.jpg","og:image:width":2000,"og:image:height":1375,"article:published_time":"2026-07-14T08:46:05+00:00","article:modified_time":"2026-07-14T09:29:52+00:00","article:publisher":"https:\/\/www.facebook.com\/people\/Immoinvest\/100077962920504\/","twitter:card":"summary_large_image","twitter:site":"@i","twitter:title":"Winterthur si oppone al piano direttore 2040 - immo!nvest - Die Plattform f\u00fcr Standorte und Immobilien","twitter:description":"Uno strumento di pianificazione che sancisce oltre 100 obiettivi politici. Un comitato referendario che parla di \u00abvincoli politici\u00bb. Il 29 novembre 2026 Winterthur decider\u00e0 alle urne quanto margine di manovra dovr\u00e0 mantenere lo sviluppo urbano nei prossimi 15 anni. Il referendum contro il piano direttore comunale 2040 \u00e8 stato presentato: ora spetta alla popolazione avere l\u2019ultima parola.","twitter:creator":"@i","twitter:image":"https:\/\/www.immo-invest.ch\/wp-content\/uploads\/2026\/07\/2023-09-Richtplan.jpg"},"aioseo_meta_data":{"post_id":"161242","title":null,"description":null,"keywords":null,"keyphrases":{"focus":{"keyphrase":"","score":0,"analysis":{"keyphraseInTitle":{"score":0,"maxScore":9,"error":1}}},"additional":[]},"primary_term":null,"canonical_url":null,"og_title":null,"og_description":null,"og_object_type":"default","og_image_type":"default","og_image_url":null,"og_image_width":null,"og_image_height":null,"og_image_custom_url":null,"og_image_custom_fields":null,"og_video":"","og_custom_url":null,"og_article_section":null,"og_article_tags":null,"twitter_use_og":false,"twitter_card":"default","twitter_image_type":"default","twitter_image_url":null,"twitter_image_custom_url":null,"twitter_image_custom_fields":null,"twitter_title":null,"twitter_description":null,"schema":{"blockGraphs":[],"customGraphs":[],"default":{"data":{"Article":[],"Course":[],"Dataset":[],"FAQPage":[],"Movie":[],"Person":[],"Product":[],"ProductReview":[],"Car":[],"Recipe":[],"Service":[],"SoftwareApplication":[],"WebPage":[]},"graphName":"BlogPosting","isEnabled":true},"graphs":[]},"schema_type":"default","schema_type_options":null,"pillar_content":false,"robots_default":true,"robots_noindex":false,"robots_noarchive":false,"robots_nosnippet":false,"robots_nofollow":false,"robots_noimageindex":false,"robots_noodp":false,"robots_notranslate":false,"robots_max_snippet":"-1","robots_max_videopreview":"-1","robots_max_imagepreview":"large","priority":null,"frequency":"default","local_seo":null,"breadcrumb_settings":null,"limit_modified_date":false,"ai":{"faqs":[],"keyPoints":[],"schemas":[],"titles":[],"descriptions":[],"socialPosts":{"email":{"subject":"","preview":"","content":""},"linkedin":[],"twitter":[],"facebook":[],"instagram":[]}},"created":"2026-07-14 09:29:22","updated":"2026-07-14 09:34:54","seo_analyzer_scan_date":null,"focus_keyword":null,"additional_keywords":null,"truseo_locale":null},"aioseo_breadcrumb":"<div class=\"aioseo-breadcrumbs\"><span class=\"aioseo-breadcrumb\">\n\t\t\t<a href=\"https:\/\/www.immo-invest.ch\/it\/\" title=\"Home\">Home<\/a>\n\t\t<\/span><span class=\"aioseo-breadcrumb-separator\">&raquo;<\/span><span class=\"aioseo-breadcrumb\">\n\t\t\t<a href=\"https:\/\/www.immo-invest.ch\/it\/categoria\/regioni\/\" title=\"Regioni\">Regioni<\/a>\n\t\t<\/span><span class=\"aioseo-breadcrumb-separator\">&raquo;<\/span><span class=\"aioseo-breadcrumb\">\n\t\t\t<a href=\"https:\/\/www.immo-invest.ch\/it\/categoria\/regioni\/svizzera\/\" title=\"Svizzera\">Svizzera<\/a>\n\t\t<\/span><span class=\"aioseo-breadcrumb-separator\">&raquo;<\/span><span class=\"aioseo-breadcrumb\">\n\t\t\t<a href=\"https:\/\/www.immo-invest.ch\/it\/categoria\/regioni\/svizzera\/regione-zurigo\/\" title=\"Zurigo\">Zurigo<\/a>\n\t\t<\/span><span class=\"aioseo-breadcrumb-separator\">&raquo;<\/span><span class=\"aioseo-breadcrumb\">\n\t\t\t<a href=\"https:\/\/www.immo-invest.ch\/it\/categoria\/regioni\/svizzera\/regione-zurigo\/winterthur-it\/\" title=\"Winterthur\">Winterthur<\/a>\n\t\t<\/span><span class=\"aioseo-breadcrumb-separator\">&raquo;<\/span><span class=\"aioseo-breadcrumb\">\n\t\t\tWinterthur si oppone al piano direttore 2040\n\t\t<\/span><\/div>","aioseo_breadcrumb_json":[{"label":"Home","link":"https:\/\/www.immo-invest.ch\/it\/"},{"label":"Regioni","link":"https:\/\/www.immo-invest.ch\/it\/categoria\/regioni\/"},{"label":"Svizzera","link":"https:\/\/www.immo-invest.ch\/it\/categoria\/regioni\/svizzera\/"},{"label":"Zurigo","link":"https:\/\/www.immo-invest.ch\/it\/categoria\/regioni\/svizzera\/regione-zurigo\/"},{"label":"Winterthur","link":"https:\/\/www.immo-invest.ch\/it\/categoria\/regioni\/svizzera\/regione-zurigo\/winterthur-it\/"},{"label":"Winterthur si oppone al piano direttore 2040","link":"https:\/\/www.immo-invest.ch\/it\/winterthur-wehrt-sich-gegen-den-richtplan-2040\/"}],"featured_image_src":"https:\/\/www.immo-invest.ch\/wp-content\/uploads\/2026\/07\/2023-09-Richtplan-336x168.jpg","_links":{"self":[{"href":"https:\/\/www.immo-invest.ch\/it\/wp-json\/wp\/v2\/posts\/161242","targetHints":{"allow":["GET"]}}],"collection":[{"href":"https:\/\/www.immo-invest.ch\/it\/wp-json\/wp\/v2\/posts"}],"about":[{"href":"https:\/\/www.immo-invest.ch\/it\/wp-json\/wp\/v2\/types\/post"}],"author":[{"embeddable":true,"href":"https:\/\/www.immo-invest.ch\/it\/wp-json\/wp\/v2\/users\/2"}],"replies":[{"embeddable":true,"href":"https:\/\/www.immo-invest.ch\/it\/wp-json\/wp\/v2\/comments?post=161242"}],"version-history":[{"count":2,"href":"https:\/\/www.immo-invest.ch\/it\/wp-json\/wp\/v2\/posts\/161242\/revisions"}],"predecessor-version":[{"id":161252,"href":"https:\/\/www.immo-invest.ch\/it\/wp-json\/wp\/v2\/posts\/161242\/revisions\/161252"}],"wp:featuredmedia":[{"embeddable":true,"href":"https:\/\/www.immo-invest.ch\/it\/wp-json\/wp\/v2\/media\/161243"}],"wp:attachment":[{"href":"https:\/\/www.immo-invest.ch\/it\/wp-json\/wp\/v2\/media?parent=161242"}],"wp:term":[{"taxonomy":"category","embeddable":true,"href":"https:\/\/www.immo-invest.ch\/it\/wp-json\/wp\/v2\/categories?post=161242"},{"taxonomy":"post_tag","embeddable":true,"href":"https:\/\/www.immo-invest.ch\/it\/wp-json\/wp\/v2\/tags?post=161242"}],"curies":[{"name":"wp","href":"https:\/\/api.w.org\/{rel}","templated":true}]}}