{"id":161050,"date":"2026-07-13T09:00:00","date_gmt":"2026-07-13T07:00:00","guid":{"rendered":"https:\/\/www.immo-invest.ch\/?p=161050"},"modified":"2026-07-14T14:17:54","modified_gmt":"2026-07-14T12:17:54","slug":"emmen-setzt-ruussegg-ab-herbst-um","status":"publish","type":"post","link":"https:\/\/www.immo-invest.ch\/it\/emmen-setzt-ruussegg-ab-herbst-um\/","title":{"rendered":"Emmen attuer\u00e0 il progetto R\u00fc\u00fcssegg a partire dall&#8217;autunno"},"content":{"rendered":"<p class=\"wp-block-paragraph\">Inizialmente l&rsquo;inizio dei lavori <span class=\"glossaryLink\"  aria-describedby=\"tt\"  data-cmtooltip=\"&lt;div class=glossaryItemTitle&gt;ERA&lt;\/div&gt;&lt;div class=glossaryItemBody&gt;Electronic Realty Associates; internationales Maklernetzwerk mit Schweizer Niederlassungen&nbsp;&lt;\/div&gt;\"  data-mobile-support=\"0\"  data-gt-translate-attributes='[{\"attribute\":\"data-cmtooltip\", \"format\":\"html\"}]' tabindex='0' role='link'>era<\/span> previsto gi&agrave; nella primavera del 2025, ma ha subito ripetuti ritardi. Uno dei motivi &egrave; stato il permesso di costruzione, che, pur essendo stato concesso, non &egrave; stato per molto tempo definitivo. Il progetto vincitore nasce da un incarico di studio del 2022, aggiudicato al team Westpol <span class=\"glossaryLink\" aria-describedby=\"tt\" data-cmtooltip=\"&lt;div class=glossaryItemTitle&gt;Landschaftsarchitektur&lt;\/div&gt;&lt;div class=glossaryItemBody&gt;Landschaftsarchitekten entwerfen und planen Frei-, Verkehrs- und Zwischen-r&auml;ume und leisten damit einen wesentlichen Beitrag zur Gestaltung von &ouml;ffentlichen und privaten Freir&auml;umen und zur Entwicklung der Landschaft&lt;\/div&gt;\" data-mobile-support=\"0\" data-gt-translate-attributes='[{\"attribute\":\"data-cmtooltip\", \"format\":\"html\"}]' tabindex=\"0\" role=\"link\">Landschaftsarchitektur<\/span> di Basilea in collaborazione con Dreier Frenzel di Losanna. Il concorso <span class=\"glossaryLink\"  aria-describedby=\"tt\"  data-cmtooltip=\"&lt;div class=glossaryItemTitle&gt;ERA&lt;\/div&gt;&lt;div class=glossaryItemBody&gt;Electronic Realty Associates; internationales Maklernetzwerk mit Schweizer Niederlassungen&nbsp;&lt;\/div&gt;\"  data-mobile-support=\"0\"  data-gt-translate-attributes='[{\"attribute\":\"data-cmtooltip\", \"format\":\"html\"}]' tabindex='0' role='link'>era<\/span> stato indetto dalla stessa cooperativa edilizia R&uuml;&uuml;ssegg.<\/p>\n\n\n\n<p class=\"wp-block-paragraph\"><strong>Un quartiere in un colpo<br><\/strong>Ora la data &egrave; stata fissata, come comunica ufficialmente la Halter AG. Sono previsti 186 appartamenti in affitto, 58 alloggi di utilit&agrave; pubblica e 100 appartamenti di propriet&agrave;, integrati da spazi comuni e locali per gli hobby. Halter funge da appaltatore generale, gli alloggi in affitto sono a carico di La Fonci&egrave;re Urban Development SA, le unit&agrave; di utilit&agrave; pubblica sono gestite da una fondazione di investimento, mentre la propriet&agrave; per piani viene sviluppata e venduta dalla stessa Halter.<\/p>\n\n\n\n<p class=\"wp-block-paragraph\"><strong>Tre enti promotori, una sfida<br><\/strong>Il mix di progetti &egrave; insolito per Lucerna Nord, poich&eacute; in un unico progetto si riuniscono diversi enti promotori. Ci&ograve; crea opzioni di utilizzo pi&ugrave; ampie e aumenta il lavoro di coordinamento tra sviluppo, commercializzazione e fase di costruzione. Il fatto che l&rsquo;avvio avvenga ora in modo concentrato anzich&eacute; scaglionato indica una riorganizzazione consapevole dell&rsquo;attuazione, non una riduzione del programma.<\/p>\n\n\n\n<p class=\"wp-block-paragraph\"><strong>Domanda ancora contenuta<br><\/strong>Nonostante l&rsquo;avvio dei lavori <span class=\"glossaryLink\"  aria-describedby=\"tt\"  data-cmtooltip=\"&lt;div class=glossaryItemTitle&gt;SIA&lt;\/div&gt;&lt;div class=glossaryItemBody&gt;Schweizerischer Ingenieur- und Architektenverein; massgebender Berufsverband f&uuml;r qualifizierte Fachleute der Bereiche Bau, Technik und Umwelt mit rund f&uuml;nfzehntausend Mitgliedern&lt;\/div&gt;\"  data-mobile-support=\"0\"  data-gt-translate-attributes='[{\"attribute\":\"data-cmtooltip\", \"format\":\"html\"}]' tabindex='0' role='link'>sia<\/span> stato fissato, la commercializzazione rimane un punto in sospeso. I resoconti locali parlano di un &laquo;interesse ancora scarso&raquo; per gli appartamenti, a ridosso dell&rsquo;effettivo inizio dei lavori. La situazione potrebbe cambiare con l&rsquo;avvio visibile dei lavori, ma &egrave; comunque un segnale che la localit&agrave;, nonostante la sua posizione strategica, non &egrave; un successo garantito.<\/p>\n\n\n\n<p class=\"wp-block-paragraph\"><strong>Seetalplatz rimane il fulcro dello sviluppo<br><\/strong>R&uuml;&uuml;ssegg si trova al centro di un&rsquo;area che il Cantone e il Comune stanno sviluppando come nuovo centro urbano di Lucerna Nord sin dall&rsquo;alluvione del 2005. Accanto sorger&agrave; il palazzo amministrativo cantonale, del valore di 177 milioni di franchi, che riunir&agrave; sotto lo stesso tetto circa 1&rsquo;450 collaboratori e dovrebbe essere pronto per l&rsquo;occupazione nel 2026. R&uuml;&uuml;ssegg si inserisce cos&igrave; in una trasformazione pi&ugrave; ampia, in cui un semplice nodo di traffico si sta gradualmente trasformando in un quartiere urbano denso e a uso misto.<\/p>\n","protected":false},"excerpt":{"rendered":"<p>Anni di progettazione, scadenze pi\u00f9 volte rinviate: ora il progetto sta prendendo forma. In autunno 2026, presso la Seetalplatz di Emmen, inizieranno i lavori di costruzione del quartiere R\u00fc\u00fcssegg, uno dei pi\u00f9 grandi progetti residenziali nella zona nord di Lucerna. Entro la fine del 2029 dovrebbero sorgere 344 appartamenti e circa 1&#8217;733 metri quadrati di spazi adibiti a uffici e attivit\u00e0 commerciali. \u00c8 degno di nota il percorso che ha portato a questo risultato.<\/p>\n","protected":false},"author":2,"featured_media":161051,"comment_status":"open","ping_status":"open","sticky":false,"template":"","format":"standard","meta":{"pmpro_default_level":"","inline_featured_image":false,"_monsterinsights_skip_tracking":false,"footnotes":""},"categories":[9447,9650,56028,55992,56004],"tags":[1111,5251,867,3935,38028,2006,60463,49176,21689],"class_list":["post-161050","post","type-post","status-publish","format-standard","has-post-thumbnail","hentry","category-regione-lucerna","category-nuove-costruzioni","category-pianificazione-sviluppo","category-quartieri-aree","category-residenziale","tag-emmen-it","tag-halter-ag-it","tag-immoinvest-it","tag-immonews-it","tag-luzern-nord-it","tag-news-it","tag-ruussegg","tag-seetalplatz-it","tag-wohnungsbau-it","pmpro-has-access"],"acf":{"bild_mit_ki_erstellt_worden":["Ja"],"lead":"Anni di progettazione, scadenze pi\u00f9 volte rinviate: ora il progetto sta prendendo forma. In autunno 2026, presso la Seetalplatz di Emmen, inizieranno i lavori di costruzione del quartiere R\u00fc\u00fcssegg, uno dei pi\u00f9 grandi progetti residenziali nella zona nord di Lucerna. Entro la fine del 2029 dovrebbero sorgere 344 appartamenti e circa 1'733 metri quadrati di spazi adibiti a uffici e attivit\u00e0 commerciali. \u00c8 degno di nota il percorso che ha portato a questo risultato.","autor":"","ort":"","bildunterschrift":"","bild_im_grid":false,"gallerie":"","newsim":"3288"},"aioseo_notices":[],"aioseo_head":"\n\t\t<!-- All in One SEO 5.0.0.1 - aioseo.com -->\n\t<meta name=\"description\" content=\"Anni di progettazione, scadenze pi\u00f9 volte rinviate: ora il progetto sta prendendo forma. In autunno 2026, presso la Seetalplatz di Emmen, inizieranno i lavori di costruzione del quartiere R\u00fc\u00fcssegg, uno dei pi\u00f9 grandi progetti residenziali nella zona nord di Lucerna. Entro la fine del 2029 dovrebbero sorgere 344 appartamenti e circa 1&#039;733 metri quadrati di spazi adibiti a uffici e attivit\u00e0 commerciali. \u00c8 degno di nota il percorso che ha portato a questo risultato.\" \/>\n\t<meta name=\"robots\" content=\"max-image-preview:large\" \/>\n\t<meta name=\"author\" content=\"immovestuser\"\/>\n\t<meta name=\"google-site-verification\" content=\"fHJKvgWpZCR2zVBHWfkQeFXC11qieUSff0HGNYfuyLA\" \/>\n\t<link rel=\"canonical\" href=\"https:\/\/www.immo-invest.ch\/it\/emmen-setzt-ruussegg-ab-herbst-um\/\" \/>\n\t<meta name=\"generator\" content=\"All in One SEO (AIOSEO) 5.0.0.1\" \/>\n\t\t<meta property=\"og:locale\" content=\"it_IT\" \/>\n\t\t<meta property=\"og:site_name\" content=\"immo!nvest - Die Plattform f\u00fcr Standorte und Immobilien - Die\u00a0Plattform f\u00fcr Standorte und Immobilien\" \/>\n\t\t<meta property=\"og:type\" content=\"article\" \/>\n\t\t<meta property=\"og:title\" content=\"Emmen attuer\u00e0 il progetto R\u00fc\u00fcssegg a partire dall\u2019autunno - immo!nvest - Die Plattform f\u00fcr Standorte und Immobilien\" \/>\n\t\t<meta property=\"og:description\" content=\"Anni di progettazione, scadenze pi\u00f9 volte rinviate: ora il progetto sta prendendo forma. In autunno 2026, presso la Seetalplatz di Emmen, inizieranno i lavori di costruzione del quartiere R\u00fc\u00fcssegg, uno dei pi\u00f9 grandi progetti residenziali nella zona nord di Lucerna. Entro la fine del 2029 dovrebbero sorgere 344 appartamenti e circa 1&#039;733 metri quadrati di spazi adibiti a uffici e attivit\u00e0 commerciali. \u00c8 degno di nota il percorso che ha portato a questo risultato.\" \/>\n\t\t<meta property=\"og:url\" content=\"https:\/\/www.immo-invest.ch\/it\/emmen-setzt-ruussegg-ab-herbst-um\/\" \/>\n\t\t<meta property=\"og:image\" content=\"https:\/\/www.immo-invest.ch\/wp-content\/uploads\/2026\/07\/Emmen-setzt-Rueuessegg-ab-Herbst-um-immo-invest.png\" \/>\n\t\t<meta property=\"og:image:secure_url\" content=\"https:\/\/www.immo-invest.ch\/wp-content\/uploads\/2026\/07\/Emmen-setzt-Rueuessegg-ab-Herbst-um-immo-invest.png\" \/>\n\t\t<meta property=\"og:image:width\" content=\"1536\" \/>\n\t\t<meta property=\"og:image:height\" content=\"768\" \/>\n\t\t<meta property=\"article:published_time\" content=\"2026-07-13T07:00:00+00:00\" \/>\n\t\t<meta property=\"article:modified_time\" content=\"2026-07-14T12:17:54+00:00\" \/>\n\t\t<meta property=\"article:publisher\" content=\"https:\/\/www.facebook.com\/people\/Immoinvest\/100077962920504\/\" \/>\n\t\t<meta name=\"twitter:card\" content=\"summary_large_image\" \/>\n\t\t<meta name=\"twitter:site\" content=\"@i\" \/>\n\t\t<meta name=\"twitter:title\" content=\"Emmen attuer\u00e0 il progetto R\u00fc\u00fcssegg a partire dall\u2019autunno - immo!nvest - Die Plattform f\u00fcr Standorte und Immobilien\" \/>\n\t\t<meta name=\"twitter:description\" content=\"Anni di progettazione, scadenze pi\u00f9 volte rinviate: ora il progetto sta prendendo forma. In autunno 2026, presso la Seetalplatz di Emmen, inizieranno i lavori di costruzione del quartiere R\u00fc\u00fcssegg, uno dei pi\u00f9 grandi progetti residenziali nella zona nord di Lucerna. Entro la fine del 2029 dovrebbero sorgere 344 appartamenti e circa 1&#039;733 metri quadrati di spazi adibiti a uffici e attivit\u00e0 commerciali. \u00c8 degno di nota il percorso che ha portato a questo risultato.\" \/>\n\t\t<meta name=\"twitter:creator\" content=\"@i\" \/>\n\t\t<meta name=\"twitter:image\" content=\"https:\/\/www.immo-invest.ch\/wp-content\/uploads\/2026\/07\/Emmen-setzt-Rueuessegg-ab-Herbst-um-immo-invest.png\" \/>\n\t\t<script type=\"application\/ld+json\" class=\"aioseo-schema\">\n\t\t\t{\"@context\":\"https:\\\/\\\/schema.org\",\"@graph\":[{\"@type\":\"BlogPosting\",\"@id\":\"https:\\\/\\\/www.immo-invest.ch\\\/it\\\/emmen-setzt-ruussegg-ab-herbst-um\\\/#blogposting\",\"name\":\"Emmen attuer\\u00e0 il progetto R\\u00fc\\u00fcssegg a partire dall\\u2019autunno - immo!nvest - Die Plattform f\\u00fcr Standorte und Immobilien\",\"headline\":\"Emmen attuer\\u00e0 il progetto R\\u00fc\\u00fcssegg a partire dall&#8217;autunno\",\"author\":{\"@id\":\"https:\\\/\\\/www.immo-invest.ch\\\/it\\\/author\\\/immovestuser\\\/#author\"},\"publisher\":{\"@id\":\"https:\\\/\\\/www.immo-invest.ch\\\/it\\\/#organization\"},\"image\":{\"@type\":\"ImageObject\",\"url\":\"https:\\\/\\\/www.immo-invest.ch\\\/wp-content\\\/uploads\\\/2026\\\/07\\\/Emmen-setzt-Rueuessegg-ab-Herbst-um-immo-invest.png\",\"width\":1536,\"height\":768},\"datePublished\":\"2026-07-13T09:00:00+02:00\",\"dateModified\":\"2026-07-14T14:17:54+02:00\",\"inLanguage\":\"it-IT\",\"mainEntityOfPage\":{\"@id\":\"https:\\\/\\\/www.immo-invest.ch\\\/it\\\/emmen-setzt-ruussegg-ab-herbst-um\\\/#webpage\"},\"isPartOf\":{\"@id\":\"https:\\\/\\\/www.immo-invest.ch\\\/it\\\/emmen-setzt-ruussegg-ab-herbst-um\\\/#webpage\"},\"articleSection\":\"Lucerna, Nuove costruzioni, Pianificazione \\\/ Sviluppo, Quartieri \\\/ Aree, Residenziale, Emmen, Halter AG, Immoinvest, immoNews, Luzern Nord, News, R\\u00fc\\u00fcssegg, Seetalplatz, Wohnungsbau, Optional\"},{\"@type\":\"BreadcrumbList\",\"@id\":\"https:\\\/\\\/www.immo-invest.ch\\\/it\\\/emmen-setzt-ruussegg-ab-herbst-um\\\/#breadcrumblist\",\"itemListElement\":[{\"@type\":\"ListItem\",\"@id\":\"https:\\\/\\\/www.immo-invest.ch\\\/it\\\/#listItem\",\"position\":1,\"name\":\"Home\",\"item\":\"https:\\\/\\\/www.immo-invest.ch\\\/it\\\/\",\"nextItem\":{\"@type\":\"ListItem\",\"@id\":\"https:\\\/\\\/www.immo-invest.ch\\\/it\\\/categoria\\\/regioni\\\/#listItem\",\"name\":\"Regioni\"}},{\"@type\":\"ListItem\",\"@id\":\"https:\\\/\\\/www.immo-invest.ch\\\/it\\\/categoria\\\/regioni\\\/#listItem\",\"position\":2,\"name\":\"Regioni\",\"item\":\"https:\\\/\\\/www.immo-invest.ch\\\/it\\\/categoria\\\/regioni\\\/\",\"nextItem\":{\"@type\":\"ListItem\",\"@id\":\"https:\\\/\\\/www.immo-invest.ch\\\/it\\\/categoria\\\/regioni\\\/svizzera\\\/#listItem\",\"name\":\"Svizzera\"},\"previousItem\":{\"@type\":\"ListItem\",\"@id\":\"https:\\\/\\\/www.immo-invest.ch\\\/it\\\/#listItem\",\"name\":\"Home\"}},{\"@type\":\"ListItem\",\"@id\":\"https:\\\/\\\/www.immo-invest.ch\\\/it\\\/categoria\\\/regioni\\\/svizzera\\\/#listItem\",\"position\":3,\"name\":\"Svizzera\",\"item\":\"https:\\\/\\\/www.immo-invest.ch\\\/it\\\/categoria\\\/regioni\\\/svizzera\\\/\",\"nextItem\":{\"@type\":\"ListItem\",\"@id\":\"https:\\\/\\\/www.immo-invest.ch\\\/it\\\/categoria\\\/regioni\\\/svizzera\\\/zentralschweiz-it\\\/#listItem\",\"name\":\"Zentralschweiz\"},\"previousItem\":{\"@type\":\"ListItem\",\"@id\":\"https:\\\/\\\/www.immo-invest.ch\\\/it\\\/categoria\\\/regioni\\\/#listItem\",\"name\":\"Regioni\"}},{\"@type\":\"ListItem\",\"@id\":\"https:\\\/\\\/www.immo-invest.ch\\\/it\\\/categoria\\\/regioni\\\/svizzera\\\/zentralschweiz-it\\\/#listItem\",\"position\":4,\"name\":\"Zentralschweiz\",\"item\":\"https:\\\/\\\/www.immo-invest.ch\\\/it\\\/categoria\\\/regioni\\\/svizzera\\\/zentralschweiz-it\\\/\",\"nextItem\":{\"@type\":\"ListItem\",\"@id\":\"https:\\\/\\\/www.immo-invest.ch\\\/it\\\/categoria\\\/regioni\\\/svizzera\\\/zentralschweiz-it\\\/regione-lucerna\\\/#listItem\",\"name\":\"Lucerna\"},\"previousItem\":{\"@type\":\"ListItem\",\"@id\":\"https:\\\/\\\/www.immo-invest.ch\\\/it\\\/categoria\\\/regioni\\\/svizzera\\\/#listItem\",\"name\":\"Svizzera\"}},{\"@type\":\"ListItem\",\"@id\":\"https:\\\/\\\/www.immo-invest.ch\\\/it\\\/categoria\\\/regioni\\\/svizzera\\\/zentralschweiz-it\\\/regione-lucerna\\\/#listItem\",\"position\":5,\"name\":\"Lucerna\",\"item\":\"https:\\\/\\\/www.immo-invest.ch\\\/it\\\/categoria\\\/regioni\\\/svizzera\\\/zentralschweiz-it\\\/regione-lucerna\\\/\",\"nextItem\":{\"@type\":\"ListItem\",\"@id\":\"https:\\\/\\\/www.immo-invest.ch\\\/it\\\/emmen-setzt-ruussegg-ab-herbst-um\\\/#listItem\",\"name\":\"Emmen attuer\\u00e0 il progetto R\\u00fc\\u00fcssegg a partire dall&#8217;autunno\"},\"previousItem\":{\"@type\":\"ListItem\",\"@id\":\"https:\\\/\\\/www.immo-invest.ch\\\/it\\\/categoria\\\/regioni\\\/svizzera\\\/zentralschweiz-it\\\/#listItem\",\"name\":\"Zentralschweiz\"}},{\"@type\":\"ListItem\",\"@id\":\"https:\\\/\\\/www.immo-invest.ch\\\/it\\\/emmen-setzt-ruussegg-ab-herbst-um\\\/#listItem\",\"position\":6,\"name\":\"Emmen attuer\\u00e0 il progetto R\\u00fc\\u00fcssegg a partire dall&#8217;autunno\",\"previousItem\":{\"@type\":\"ListItem\",\"@id\":\"https:\\\/\\\/www.immo-invest.ch\\\/it\\\/categoria\\\/regioni\\\/svizzera\\\/zentralschweiz-it\\\/regione-lucerna\\\/#listItem\",\"name\":\"Lucerna\"}}]},{\"@type\":\"Organization\",\"@id\":\"https:\\\/\\\/www.immo-invest.ch\\\/it\\\/#organization\",\"name\":\"immo!nvest - Die Plattform f\\u00fcr Standorte und Immobilien\",\"description\":\"Die\\u00a0Plattform f\\u00fcr Standorte und Immobilien\",\"url\":\"https:\\\/\\\/www.immo-invest.ch\\\/it\\\/\",\"email\":\"admin@immomedia.ag\",\"telephone\":\"+41444420002\",\"logo\":{\"@type\":\"ImageObject\",\"url\":\"https:\\\/\\\/www.immo-invest.ch\\\/wp-content\\\/uploads\\\/2024\\\/09\\\/immoinvest_sm-scaled.jpg\",\"@id\":\"https:\\\/\\\/www.immo-invest.ch\\\/it\\\/emmen-setzt-ruussegg-ab-herbst-um\\\/#organizationLogo\",\"width\":2560,\"height\":1340},\"image\":{\"@id\":\"https:\\\/\\\/www.immo-invest.ch\\\/it\\\/emmen-setzt-ruussegg-ab-herbst-um\\\/#organizationLogo\"},\"sameAs\":[\"https:\\\/\\\/www.facebook.com\\\/people\\\/Immoinvest\\\/100077962920504\\\/\",\"https:\\\/\\\/x.com\\\/i\\\/flow\\\/login?redirect_after_login=immoinvest_ch\",\"https:\\\/\\\/www.instagram.com\\\/immoinvest_ch\\\/\",\"https:\\\/\\\/www.linkedin.com\\\/company\\\/immoinvest-swiss\"]},{\"@type\":\"Person\",\"@id\":\"https:\\\/\\\/www.immo-invest.ch\\\/it\\\/author\\\/immovestuser\\\/#author\",\"url\":\"https:\\\/\\\/www.immo-invest.ch\\\/it\\\/author\\\/immovestuser\\\/\",\"name\":\"immovestuser\",\"image\":{\"@type\":\"ImageObject\",\"@id\":\"https:\\\/\\\/www.immo-invest.ch\\\/it\\\/emmen-setzt-ruussegg-ab-herbst-um\\\/#authorImage\",\"url\":\"https:\\\/\\\/secure.gravatar.com\\\/avatar\\\/8e01f4d99f2eeea7a362ebb93305e1172a70e9293ba250f897a65c39f54cdd1e?s=96&d=mm&r=g\",\"width\":96,\"height\":96,\"caption\":\"immovestuser\"}},{\"@type\":\"WebPage\",\"@id\":\"https:\\\/\\\/www.immo-invest.ch\\\/it\\\/emmen-setzt-ruussegg-ab-herbst-um\\\/#webpage\",\"url\":\"https:\\\/\\\/www.immo-invest.ch\\\/it\\\/emmen-setzt-ruussegg-ab-herbst-um\\\/\",\"name\":\"Emmen attuer\\u00e0 il progetto R\\u00fc\\u00fcssegg a partire dall\\u2019autunno - immo!nvest - Die Plattform f\\u00fcr Standorte und Immobilien\",\"description\":\"Anni di progettazione, scadenze pi\\u00f9 volte rinviate: ora il progetto sta prendendo forma. In autunno 2026, presso la Seetalplatz di Emmen, inizieranno i lavori di costruzione del quartiere R\\u00fc\\u00fcssegg, uno dei pi\\u00f9 grandi progetti residenziali nella zona nord di Lucerna. Entro la fine del 2029 dovrebbero sorgere 344 appartamenti e circa 1'733 metri quadrati di spazi adibiti a uffici e attivit\\u00e0 commerciali. \\u00c8 degno di nota il percorso che ha portato a questo risultato.\",\"inLanguage\":\"it-IT\",\"isPartOf\":{\"@id\":\"https:\\\/\\\/www.immo-invest.ch\\\/it\\\/#website\"},\"breadcrumb\":{\"@id\":\"https:\\\/\\\/www.immo-invest.ch\\\/it\\\/emmen-setzt-ruussegg-ab-herbst-um\\\/#breadcrumblist\"},\"author\":{\"@id\":\"https:\\\/\\\/www.immo-invest.ch\\\/it\\\/author\\\/immovestuser\\\/#author\"},\"creator\":{\"@id\":\"https:\\\/\\\/www.immo-invest.ch\\\/it\\\/author\\\/immovestuser\\\/#author\"},\"image\":{\"@type\":\"ImageObject\",\"url\":\"https:\\\/\\\/www.immo-invest.ch\\\/wp-content\\\/uploads\\\/2026\\\/07\\\/Emmen-setzt-Rueuessegg-ab-Herbst-um-immo-invest.png\",\"@id\":\"https:\\\/\\\/www.immo-invest.ch\\\/it\\\/emmen-setzt-ruussegg-ab-herbst-um\\\/#mainImage\",\"width\":1536,\"height\":768},\"primaryImageOfPage\":{\"@id\":\"https:\\\/\\\/www.immo-invest.ch\\\/it\\\/emmen-setzt-ruussegg-ab-herbst-um\\\/#mainImage\"},\"datePublished\":\"2026-07-13T09:00:00+02:00\",\"dateModified\":\"2026-07-14T14:17:54+02:00\"},{\"@type\":\"WebSite\",\"@id\":\"https:\\\/\\\/www.immo-invest.ch\\\/it\\\/#website\",\"url\":\"https:\\\/\\\/www.immo-invest.ch\\\/it\\\/\",\"name\":\"immo!nvest - Die Plattform f\\u00fcr Standorte und Immobilien\",\"description\":\"Die\\u00a0Plattform f\\u00fcr Standorte und Immobilien\",\"inLanguage\":\"it-IT\",\"publisher\":{\"@id\":\"https:\\\/\\\/www.immo-invest.ch\\\/it\\\/#organization\"}}]}\n\t\t<\/script>\n\t\t<!-- All in One SEO -->\n\n","aioseo_head_json":{"title":"Emmen attuer\u00e0 il progetto R\u00fc\u00fcssegg a partire dall\u2019autunno - immo!nvest - Die Plattform f\u00fcr Standorte und Immobilien","description":"Anni di progettazione, scadenze pi\u00f9 volte rinviate: ora il progetto sta prendendo forma. In autunno 2026, presso la Seetalplatz di Emmen, inizieranno i lavori di costruzione del quartiere R\u00fc\u00fcssegg, uno dei pi\u00f9 grandi progetti residenziali nella zona nord di Lucerna. Entro la fine del 2029 dovrebbero sorgere 344 appartamenti e circa 1'733 metri quadrati di spazi adibiti a uffici e attivit\u00e0 commerciali. \u00c8 degno di nota il percorso che ha portato a questo risultato.","canonical_url":"https:\/\/www.immo-invest.ch\/it\/emmen-setzt-ruussegg-ab-herbst-um\/","robots":"max-image-preview:large","keywords":"","webmasterTools":{"google-site-verification":"fHJKvgWpZCR2zVBHWfkQeFXC11qieUSff0HGNYfuyLA","miscellaneous":""},"schema":{"@context":"https:\/\/schema.org","@graph":[{"@type":"BlogPosting","@id":"https:\/\/www.immo-invest.ch\/it\/emmen-setzt-ruussegg-ab-herbst-um\/#blogposting","name":"Emmen attuer\u00e0 il progetto R\u00fc\u00fcssegg a partire dall\u2019autunno - immo!nvest - Die Plattform f\u00fcr Standorte und Immobilien","headline":"Emmen attuer\u00e0 il progetto R\u00fc\u00fcssegg a partire dall&#8217;autunno","author":{"@id":"https:\/\/www.immo-invest.ch\/it\/author\/immovestuser\/#author"},"publisher":{"@id":"https:\/\/www.immo-invest.ch\/it\/#organization"},"image":{"@type":"ImageObject","url":"https:\/\/www.immo-invest.ch\/wp-content\/uploads\/2026\/07\/Emmen-setzt-Rueuessegg-ab-Herbst-um-immo-invest.png","width":1536,"height":768},"datePublished":"2026-07-13T09:00:00+02:00","dateModified":"2026-07-14T14:17:54+02:00","inLanguage":"it-IT","mainEntityOfPage":{"@id":"https:\/\/www.immo-invest.ch\/it\/emmen-setzt-ruussegg-ab-herbst-um\/#webpage"},"isPartOf":{"@id":"https:\/\/www.immo-invest.ch\/it\/emmen-setzt-ruussegg-ab-herbst-um\/#webpage"},"articleSection":"Lucerna, Nuove costruzioni, Pianificazione \/ Sviluppo, Quartieri \/ Aree, Residenziale, Emmen, Halter AG, Immoinvest, immoNews, Luzern Nord, News, R\u00fc\u00fcssegg, Seetalplatz, Wohnungsbau, Optional"},{"@type":"BreadcrumbList","@id":"https:\/\/www.immo-invest.ch\/it\/emmen-setzt-ruussegg-ab-herbst-um\/#breadcrumblist","itemListElement":[{"@type":"ListItem","@id":"https:\/\/www.immo-invest.ch\/it\/#listItem","position":1,"name":"Home","item":"https:\/\/www.immo-invest.ch\/it\/","nextItem":{"@type":"ListItem","@id":"https:\/\/www.immo-invest.ch\/it\/categoria\/regioni\/#listItem","name":"Regioni"}},{"@type":"ListItem","@id":"https:\/\/www.immo-invest.ch\/it\/categoria\/regioni\/#listItem","position":2,"name":"Regioni","item":"https:\/\/www.immo-invest.ch\/it\/categoria\/regioni\/","nextItem":{"@type":"ListItem","@id":"https:\/\/www.immo-invest.ch\/it\/categoria\/regioni\/svizzera\/#listItem","name":"Svizzera"},"previousItem":{"@type":"ListItem","@id":"https:\/\/www.immo-invest.ch\/it\/#listItem","name":"Home"}},{"@type":"ListItem","@id":"https:\/\/www.immo-invest.ch\/it\/categoria\/regioni\/svizzera\/#listItem","position":3,"name":"Svizzera","item":"https:\/\/www.immo-invest.ch\/it\/categoria\/regioni\/svizzera\/","nextItem":{"@type":"ListItem","@id":"https:\/\/www.immo-invest.ch\/it\/categoria\/regioni\/svizzera\/zentralschweiz-it\/#listItem","name":"Zentralschweiz"},"previousItem":{"@type":"ListItem","@id":"https:\/\/www.immo-invest.ch\/it\/categoria\/regioni\/#listItem","name":"Regioni"}},{"@type":"ListItem","@id":"https:\/\/www.immo-invest.ch\/it\/categoria\/regioni\/svizzera\/zentralschweiz-it\/#listItem","position":4,"name":"Zentralschweiz","item":"https:\/\/www.immo-invest.ch\/it\/categoria\/regioni\/svizzera\/zentralschweiz-it\/","nextItem":{"@type":"ListItem","@id":"https:\/\/www.immo-invest.ch\/it\/categoria\/regioni\/svizzera\/zentralschweiz-it\/regione-lucerna\/#listItem","name":"Lucerna"},"previousItem":{"@type":"ListItem","@id":"https:\/\/www.immo-invest.ch\/it\/categoria\/regioni\/svizzera\/#listItem","name":"Svizzera"}},{"@type":"ListItem","@id":"https:\/\/www.immo-invest.ch\/it\/categoria\/regioni\/svizzera\/zentralschweiz-it\/regione-lucerna\/#listItem","position":5,"name":"Lucerna","item":"https:\/\/www.immo-invest.ch\/it\/categoria\/regioni\/svizzera\/zentralschweiz-it\/regione-lucerna\/","nextItem":{"@type":"ListItem","@id":"https:\/\/www.immo-invest.ch\/it\/emmen-setzt-ruussegg-ab-herbst-um\/#listItem","name":"Emmen attuer\u00e0 il progetto R\u00fc\u00fcssegg a partire dall&#8217;autunno"},"previousItem":{"@type":"ListItem","@id":"https:\/\/www.immo-invest.ch\/it\/categoria\/regioni\/svizzera\/zentralschweiz-it\/#listItem","name":"Zentralschweiz"}},{"@type":"ListItem","@id":"https:\/\/www.immo-invest.ch\/it\/emmen-setzt-ruussegg-ab-herbst-um\/#listItem","position":6,"name":"Emmen attuer\u00e0 il progetto R\u00fc\u00fcssegg a partire dall&#8217;autunno","previousItem":{"@type":"ListItem","@id":"https:\/\/www.immo-invest.ch\/it\/categoria\/regioni\/svizzera\/zentralschweiz-it\/regione-lucerna\/#listItem","name":"Lucerna"}}]},{"@type":"Organization","@id":"https:\/\/www.immo-invest.ch\/it\/#organization","name":"immo!nvest - Die Plattform f\u00fcr Standorte und Immobilien","description":"Die\u00a0Plattform f\u00fcr Standorte und Immobilien","url":"https:\/\/www.immo-invest.ch\/it\/","email":"admin@immomedia.ag","telephone":"+41444420002","logo":{"@type":"ImageObject","url":"https:\/\/www.immo-invest.ch\/wp-content\/uploads\/2024\/09\/immoinvest_sm-scaled.jpg","@id":"https:\/\/www.immo-invest.ch\/it\/emmen-setzt-ruussegg-ab-herbst-um\/#organizationLogo","width":2560,"height":1340},"image":{"@id":"https:\/\/www.immo-invest.ch\/it\/emmen-setzt-ruussegg-ab-herbst-um\/#organizationLogo"},"sameAs":["https:\/\/www.facebook.com\/people\/Immoinvest\/100077962920504\/","https:\/\/x.com\/i\/flow\/login?redirect_after_login=immoinvest_ch","https:\/\/www.instagram.com\/immoinvest_ch\/","https:\/\/www.linkedin.com\/company\/immoinvest-swiss"]},{"@type":"Person","@id":"https:\/\/www.immo-invest.ch\/it\/author\/immovestuser\/#author","url":"https:\/\/www.immo-invest.ch\/it\/author\/immovestuser\/","name":"immovestuser","image":{"@type":"ImageObject","@id":"https:\/\/www.immo-invest.ch\/it\/emmen-setzt-ruussegg-ab-herbst-um\/#authorImage","url":"https:\/\/secure.gravatar.com\/avatar\/8e01f4d99f2eeea7a362ebb93305e1172a70e9293ba250f897a65c39f54cdd1e?s=96&d=mm&r=g","width":96,"height":96,"caption":"immovestuser"}},{"@type":"WebPage","@id":"https:\/\/www.immo-invest.ch\/it\/emmen-setzt-ruussegg-ab-herbst-um\/#webpage","url":"https:\/\/www.immo-invest.ch\/it\/emmen-setzt-ruussegg-ab-herbst-um\/","name":"Emmen attuer\u00e0 il progetto R\u00fc\u00fcssegg a partire dall\u2019autunno - immo!nvest - Die Plattform f\u00fcr Standorte und Immobilien","description":"Anni di progettazione, scadenze pi\u00f9 volte rinviate: ora il progetto sta prendendo forma. In autunno 2026, presso la Seetalplatz di Emmen, inizieranno i lavori di costruzione del quartiere R\u00fc\u00fcssegg, uno dei pi\u00f9 grandi progetti residenziali nella zona nord di Lucerna. Entro la fine del 2029 dovrebbero sorgere 344 appartamenti e circa 1'733 metri quadrati di spazi adibiti a uffici e attivit\u00e0 commerciali. \u00c8 degno di nota il percorso che ha portato a questo risultato.","inLanguage":"it-IT","isPartOf":{"@id":"https:\/\/www.immo-invest.ch\/it\/#website"},"breadcrumb":{"@id":"https:\/\/www.immo-invest.ch\/it\/emmen-setzt-ruussegg-ab-herbst-um\/#breadcrumblist"},"author":{"@id":"https:\/\/www.immo-invest.ch\/it\/author\/immovestuser\/#author"},"creator":{"@id":"https:\/\/www.immo-invest.ch\/it\/author\/immovestuser\/#author"},"image":{"@type":"ImageObject","url":"https:\/\/www.immo-invest.ch\/wp-content\/uploads\/2026\/07\/Emmen-setzt-Rueuessegg-ab-Herbst-um-immo-invest.png","@id":"https:\/\/www.immo-invest.ch\/it\/emmen-setzt-ruussegg-ab-herbst-um\/#mainImage","width":1536,"height":768},"primaryImageOfPage":{"@id":"https:\/\/www.immo-invest.ch\/it\/emmen-setzt-ruussegg-ab-herbst-um\/#mainImage"},"datePublished":"2026-07-13T09:00:00+02:00","dateModified":"2026-07-14T14:17:54+02:00"},{"@type":"WebSite","@id":"https:\/\/www.immo-invest.ch\/it\/#website","url":"https:\/\/www.immo-invest.ch\/it\/","name":"immo!nvest - Die Plattform f\u00fcr Standorte und Immobilien","description":"Die\u00a0Plattform f\u00fcr Standorte und Immobilien","inLanguage":"it-IT","publisher":{"@id":"https:\/\/www.immo-invest.ch\/it\/#organization"}}]},"og:locale":"it_IT","og:site_name":"immo!nvest - Die Plattform f\u00fcr Standorte und Immobilien - Die\u00a0Plattform f\u00fcr Standorte und Immobilien","og:type":"article","og:title":"Emmen attuer\u00e0 il progetto R\u00fc\u00fcssegg a partire dall\u2019autunno - immo!nvest - Die Plattform f\u00fcr Standorte und Immobilien","og:description":"Anni di progettazione, scadenze pi\u00f9 volte rinviate: ora il progetto sta prendendo forma. In autunno 2026, presso la Seetalplatz di Emmen, inizieranno i lavori di costruzione del quartiere R\u00fc\u00fcssegg, uno dei pi\u00f9 grandi progetti residenziali nella zona nord di Lucerna. Entro la fine del 2029 dovrebbero sorgere 344 appartamenti e circa 1'733 metri quadrati di spazi adibiti a uffici e attivit\u00e0 commerciali. \u00c8 degno di nota il percorso che ha portato a questo risultato.","og:url":"https:\/\/www.immo-invest.ch\/it\/emmen-setzt-ruussegg-ab-herbst-um\/","og:image":"https:\/\/www.immo-invest.ch\/wp-content\/uploads\/2026\/07\/Emmen-setzt-Rueuessegg-ab-Herbst-um-immo-invest.png","og:image:secure_url":"https:\/\/www.immo-invest.ch\/wp-content\/uploads\/2026\/07\/Emmen-setzt-Rueuessegg-ab-Herbst-um-immo-invest.png","og:image:width":1536,"og:image:height":768,"article:published_time":"2026-07-13T07:00:00+00:00","article:modified_time":"2026-07-14T12:17:54+00:00","article:publisher":"https:\/\/www.facebook.com\/people\/Immoinvest\/100077962920504\/","twitter:card":"summary_large_image","twitter:site":"@i","twitter:title":"Emmen attuer\u00e0 il progetto R\u00fc\u00fcssegg a partire dall\u2019autunno - immo!nvest - Die Plattform f\u00fcr Standorte und Immobilien","twitter:description":"Anni di progettazione, scadenze pi\u00f9 volte rinviate: ora il progetto sta prendendo forma. In autunno 2026, presso la Seetalplatz di Emmen, inizieranno i lavori di costruzione del quartiere R\u00fc\u00fcssegg, uno dei pi\u00f9 grandi progetti residenziali nella zona nord di Lucerna. Entro la fine del 2029 dovrebbero sorgere 344 appartamenti e circa 1'733 metri quadrati di spazi adibiti a uffici e attivit\u00e0 commerciali. \u00c8 degno di nota il percorso che ha portato a questo risultato.","twitter:creator":"@i","twitter:image":"https:\/\/www.immo-invest.ch\/wp-content\/uploads\/2026\/07\/Emmen-setzt-Rueuessegg-ab-Herbst-um-immo-invest.png"},"aioseo_meta_data":{"post_id":"161050","title":null,"description":null,"keywords":null,"keyphrases":{"focus":{"keyphrase":"","score":0,"analysis":{"keyphraseInTitle":{"score":0,"maxScore":9,"error":1}}},"additional":[]},"primary_term":null,"canonical_url":null,"og_title":null,"og_description":null,"og_object_type":"default","og_image_type":"default","og_image_url":null,"og_image_width":null,"og_image_height":null,"og_image_custom_url":null,"og_image_custom_fields":null,"og_video":"","og_custom_url":null,"og_article_section":null,"og_article_tags":null,"twitter_use_og":false,"twitter_card":"default","twitter_image_type":"default","twitter_image_url":null,"twitter_image_custom_url":null,"twitter_image_custom_fields":null,"twitter_title":null,"twitter_description":null,"schema":{"blockGraphs":[],"customGraphs":[],"default":{"data":{"Article":[],"Course":[],"Dataset":[],"FAQPage":[],"Movie":[],"Person":[],"Product":[],"ProductReview":[],"Car":[],"Recipe":[],"Service":[],"SoftwareApplication":[],"WebPage":[]},"graphName":"BlogPosting","isEnabled":true},"graphs":[]},"schema_type":"default","schema_type_options":null,"pillar_content":false,"robots_default":true,"robots_noindex":false,"robots_noarchive":false,"robots_nosnippet":false,"robots_nofollow":false,"robots_noimageindex":false,"robots_noodp":false,"robots_notranslate":false,"robots_max_snippet":"-1","robots_max_videopreview":"-1","robots_max_imagepreview":"large","priority":null,"frequency":"default","local_seo":null,"breadcrumb_settings":null,"limit_modified_date":false,"ai":{"faqs":[],"keyPoints":[],"schemas":[],"titles":[],"descriptions":[],"socialPosts":{"email":{"subject":"","preview":"","content":""},"linkedin":[],"twitter":[],"facebook":[],"instagram":[]}},"created":"2026-07-09 13:39:44","updated":"2026-07-14 13:16:07","seo_analyzer_scan_date":null,"focus_keyword":null,"additional_keywords":null,"truseo_locale":null},"aioseo_breadcrumb":"<div class=\"aioseo-breadcrumbs\"><span class=\"aioseo-breadcrumb\">\n\t\t\t<a href=\"https:\/\/www.immo-invest.ch\/it\/\" title=\"Home\">Home<\/a>\n\t\t<\/span><span class=\"aioseo-breadcrumb-separator\">&raquo;<\/span><span class=\"aioseo-breadcrumb\">\n\t\t\t<a href=\"https:\/\/www.immo-invest.ch\/it\/categoria\/regioni\/\" title=\"Regioni\">Regioni<\/a>\n\t\t<\/span><span class=\"aioseo-breadcrumb-separator\">&raquo;<\/span><span class=\"aioseo-breadcrumb\">\n\t\t\t<a href=\"https:\/\/www.immo-invest.ch\/it\/categoria\/regioni\/svizzera\/\" title=\"Svizzera\">Svizzera<\/a>\n\t\t<\/span><span class=\"aioseo-breadcrumb-separator\">&raquo;<\/span><span class=\"aioseo-breadcrumb\">\n\t\t\t<a href=\"https:\/\/www.immo-invest.ch\/it\/categoria\/regioni\/svizzera\/zentralschweiz-it\/\" title=\"Zentralschweiz\">Zentralschweiz<\/a>\n\t\t<\/span><span class=\"aioseo-breadcrumb-separator\">&raquo;<\/span><span class=\"aioseo-breadcrumb\">\n\t\t\t<a href=\"https:\/\/www.immo-invest.ch\/it\/categoria\/regioni\/svizzera\/zentralschweiz-it\/regione-lucerna\/\" title=\"Lucerna\">Lucerna<\/a>\n\t\t<\/span><span class=\"aioseo-breadcrumb-separator\">&raquo;<\/span><span class=\"aioseo-breadcrumb\">\n\t\t\tEmmen attuer\u00e0 il progetto R\u00fc\u00fcssegg a partire dall\u2019autunno\n\t\t<\/span><\/div>","aioseo_breadcrumb_json":[{"label":"Home","link":"https:\/\/www.immo-invest.ch\/it\/"},{"label":"Regioni","link":"https:\/\/www.immo-invest.ch\/it\/categoria\/regioni\/"},{"label":"Svizzera","link":"https:\/\/www.immo-invest.ch\/it\/categoria\/regioni\/svizzera\/"},{"label":"Zentralschweiz","link":"https:\/\/www.immo-invest.ch\/it\/categoria\/regioni\/svizzera\/zentralschweiz-it\/"},{"label":"Lucerna","link":"https:\/\/www.immo-invest.ch\/it\/categoria\/regioni\/svizzera\/zentralschweiz-it\/regione-lucerna\/"},{"label":"Emmen attuer\u00e0 il progetto R\u00fc\u00fcssegg a partire dall&#8217;autunno","link":"https:\/\/www.immo-invest.ch\/it\/emmen-setzt-ruussegg-ab-herbst-um\/"}],"featured_image_src":"https:\/\/www.immo-invest.ch\/wp-content\/uploads\/2026\/07\/Emmen-setzt-Rueuessegg-ab-Herbst-um-immo-invest-336x168.png","_links":{"self":[{"href":"https:\/\/www.immo-invest.ch\/it\/wp-json\/wp\/v2\/posts\/161050","targetHints":{"allow":["GET"]}}],"collection":[{"href":"https:\/\/www.immo-invest.ch\/it\/wp-json\/wp\/v2\/posts"}],"about":[{"href":"https:\/\/www.immo-invest.ch\/it\/wp-json\/wp\/v2\/types\/post"}],"author":[{"embeddable":true,"href":"https:\/\/www.immo-invest.ch\/it\/wp-json\/wp\/v2\/users\/2"}],"replies":[{"embeddable":true,"href":"https:\/\/www.immo-invest.ch\/it\/wp-json\/wp\/v2\/comments?post=161050"}],"version-history":[{"count":4,"href":"https:\/\/www.immo-invest.ch\/it\/wp-json\/wp\/v2\/posts\/161050\/revisions"}],"predecessor-version":[{"id":161318,"href":"https:\/\/www.immo-invest.ch\/it\/wp-json\/wp\/v2\/posts\/161050\/revisions\/161318"}],"wp:featuredmedia":[{"embeddable":true,"href":"https:\/\/www.immo-invest.ch\/it\/wp-json\/wp\/v2\/media\/161051"}],"wp:attachment":[{"href":"https:\/\/www.immo-invest.ch\/it\/wp-json\/wp\/v2\/media?parent=161050"}],"wp:term":[{"taxonomy":"category","embeddable":true,"href":"https:\/\/www.immo-invest.ch\/it\/wp-json\/wp\/v2\/categories?post=161050"},{"taxonomy":"post_tag","embeddable":true,"href":"https:\/\/www.immo-invest.ch\/it\/wp-json\/wp\/v2\/tags?post=161050"}],"curies":[{"name":"wp","href":"https:\/\/api.w.org\/{rel}","templated":true}]}}