{"id":160315,"date":"2026-07-02T19:00:00","date_gmt":"2026-07-02T17:00:00","guid":{"rendered":"https:\/\/www.immo-invest.ch\/?p=160315"},"modified":"2026-07-01T10:22:28","modified_gmt":"2026-07-01T08:22:28","slug":"stadelhofen-ordnet-den-verkehr-neu","status":"publish","type":"post","link":"https:\/\/www.immo-invest.ch\/it\/stadelhofen-ordnet-den-verkehr-neu\/","title":{"rendered":"Stadelhofen riorganizza il traffico"},"content":{"rendered":"<p>Il Consiglio cantonale di Zurigo ha approvato la modifica del piano direttore relativa all&rsquo;area circostante la stazione di Stadelhofen. Ci&ograve; avvicina la realizzazione della separazione del traffico nella zona anteriore di Seefeld: la Falkenstrasse diventer&agrave; una pista ciclabile prioritaria, mentre il traffico di transito sar&agrave; deviato sulla Kreuzstrasse.<\/p>\n<div class=\"pmpro\">\n<div class=\"pmpro_card pmpro_content_message\">\n<h2 class=\"pmpro_card_title pmpro_font-large\"><svg xmlns=\"http:\/\/www.w3.org\/2000\/svg\" width=\"24\" height=\"24\" viewbox=\"0 0 24 24\" fill=\"none\" stroke=\"var(--pmpro--color--accent)\" stroke-width=\"2\" stroke-linecap=\"round\" stroke-linejoin=\"round\" class=\"feather feather-lock\"><rect x=\"3\" y=\"11\" width=\"18\" height=\"11\" rx=\"2\" ry=\"2\"><\/rect><path d=\"M7 11V7a5 5 0 0 1 10 0v4\"><\/path><\/svg>Iscrizione richiesta<\/h2>\n<div class=\"pmpro_card_content\">Con l&rsquo;abbonamento si beneficia dell&rsquo;accesso esclusivo a tutti gli articoli.\n<div class=\"buttons\"><a href=\"https:\/\/www.immo-invest.ch\/it\/login\/\">Accedi<\/a> <a href=\"https:\/\/www.immo-invest.ch\/it\/abo-bestellen\/\">Iscriviti ora<\/a><\/div>\n<\/div>\n<div class=\"pmpro_card_actions pmpro_font-medium\">Sei gi&agrave; membro? <a href=\"https:\/\/www.immo-invest.ch\/it\/login-2\/?redirect_to=https%3A%2F%2Fwww.immo-invest.ch%2Fit%2Fstadelhofen-ordnet-den-verkehr-neu%2F\">Accedi<\/a><\/div>\n<\/div>\n<\/div>\n","protected":false},"excerpt":{"rendered":"<p>Il Consiglio cantonale di Zurigo ha approvato la modifica del piano direttore relativa all\u2019area circostante la stazione di Stadelhofen. Ci\u00f2 avvicina la realizzazione della separazione del traffico nella zona anteriore di Seefeld: la Falkenstrasse diventer\u00e0 una pista ciclabile prioritaria, mentre il traffico di transito sar\u00e0 deviato sulla Kreuzstrasse.<\/p>\n<div class=\"pmpro\"><div class=\"pmpro_card pmpro_content_message\"><h2 class=\"pmpro_card_title pmpro_font-large\"><svg xmlns=\"http:\/\/www.w3.org\/2000\/svg\" width=\"24\" height=\"24\" viewBox=\"0 0 24 24\" fill=\"none\" stroke=\"var(--pmpro--color--accent)\" stroke-width=\"2\" stroke-linecap=\"round\" stroke-linejoin=\"round\" class=\"feather feather-lock\"><rect x=\"3\" y=\"11\" width=\"18\" height=\"11\" rx=\"2\" ry=\"2\"><\/rect><path d=\"M7 11V7a5 5 0 0 1 10 0v4\"><\/path><\/svg>Iscrizione richiesta<\/h2><div class=\"pmpro_card_content\">Con l'abbonamento si beneficia dell'accesso esclusivo a tutti gli articoli.<br \/><div class=\"buttons\"><a href=\"https:\/\/www.immo-invest.ch\/it\/login\/\">Accedi<\/a> <a href=\"https:\/\/www.immo-invest.ch\/it\/abo-bestellen\/\">Iscriviti ora<\/a><\/div> <\/div><div class=\"pmpro_card_actions pmpro_font-medium\">Sei gi\u00e0 membro? <a href=\"https:\/\/www.immo-invest.ch\/it\/login-2\/?redirect_to=https%3A%2F%2Fwww.immo-invest.ch%2Fit%2Fstadelhofen-ordnet-den-verkehr-neu%2F\">Accedi<\/a><\/div><\/div><\/div>","protected":false},"author":2,"featured_media":160316,"comment_status":"open","ping_status":"open","sticky":false,"template":"","format":"standard","meta":{"pmpro_default_level":"","inline_featured_image":false,"_monsterinsights_skip_tracking":false,"footnotes":""},"categories":[22307,22704,56028,55992,4817],"tags":[60131,60132,867,3935,60133,2006,60134,16865,60135],"class_list":["post-160315","post","type-post","status-publish","format-standard","has-post-thumbnail","hentry","category-immo-invest-plus","category-mobilita","category-pianificazione-sviluppo","category-quartieri-aree","category-regione-zurigo","tag-bahnhof-stadelhofen","tag-falkenstrasse","tag-immoinvest-it","tag-immonews-it","tag-kreuzstrasse","tag-news-it","tag-richtplan-zurich","tag-seefeld-it","tag-velovorzugsroute","pmpro-level-required","pmpro-level-2","pmpro-level-4","pmpro-level-5","pmpro-level-6","pmpro-level-7","pmpro-level-8","pmpro-no-access"],"acf":{"bild_mit_ki_erstellt_worden":["Ja"],"lead":"Il Consiglio cantonale di Zurigo ha approvato la modifica del piano direttore relativa all\u2019area circostante la stazione di Stadelhofen. Ci\u00f2 avvicina la realizzazione della separazione del traffico nella zona anteriore di Seefeld: la Falkenstrasse diventer\u00e0 una pista ciclabile prioritaria, mentre il traffico di transito sar\u00e0 deviato sulla Kreuzstrasse.","autor":"","ort":"","bildunterschrift":"","bild_im_grid":false,"gallerie":"","newsim":"3120"},"aioseo_notices":[],"aioseo_head":"\n\t\t<!-- All in One SEO 5.0.0.1 - aioseo.com -->\n\t<meta name=\"description\" content=\"Il Consiglio cantonale di Zurigo ha approvato la modifica del piano direttore relativa all\u2019area circostante la stazione di Stadelhofen. Ci\u00f2 avvicina la realizzazione della separazione del traffico nella zona anteriore di Seefeld: la Falkenstrasse diventer\u00e0 una pista ciclabile prioritaria, mentre il traffico di transito sar\u00e0 deviato sulla Kreuzstrasse.\" \/>\n\t<meta name=\"robots\" content=\"max-image-preview:large\" \/>\n\t<meta name=\"author\" content=\"immovestuser\"\/>\n\t<meta name=\"google-site-verification\" content=\"fHJKvgWpZCR2zVBHWfkQeFXC11qieUSff0HGNYfuyLA\" \/>\n\t<link rel=\"canonical\" href=\"https:\/\/www.immo-invest.ch\/it\/stadelhofen-ordnet-den-verkehr-neu\/\" \/>\n\t<meta name=\"generator\" content=\"All in One SEO (AIOSEO) 5.0.0.1\" \/>\n\t\t<meta property=\"og:locale\" content=\"it_IT\" \/>\n\t\t<meta property=\"og:site_name\" content=\"immo!nvest - Die Plattform f\u00fcr Standorte und Immobilien - Die\u00a0Plattform f\u00fcr Standorte und Immobilien\" \/>\n\t\t<meta property=\"og:type\" content=\"article\" \/>\n\t\t<meta property=\"og:title\" content=\"Stadelhofen riorganizza il traffico - immo!nvest - Die Plattform f\u00fcr Standorte und Immobilien\" \/>\n\t\t<meta property=\"og:description\" content=\"Il Consiglio cantonale di Zurigo ha approvato la modifica del piano direttore relativa all\u2019area circostante la stazione di Stadelhofen. Ci\u00f2 avvicina la realizzazione della separazione del traffico nella zona anteriore di Seefeld: la Falkenstrasse diventer\u00e0 una pista ciclabile prioritaria, mentre il traffico di transito sar\u00e0 deviato sulla Kreuzstrasse.\" \/>\n\t\t<meta property=\"og:url\" content=\"https:\/\/www.immo-invest.ch\/it\/stadelhofen-ordnet-den-verkehr-neu\/\" \/>\n\t\t<meta property=\"og:image\" content=\"https:\/\/www.immo-invest.ch\/wp-content\/uploads\/2026\/07\/Stadelhofen-ordnet-den-Verkehr-neu-immo-invest.png\" \/>\n\t\t<meta property=\"og:image:secure_url\" content=\"https:\/\/www.immo-invest.ch\/wp-content\/uploads\/2026\/07\/Stadelhofen-ordnet-den-Verkehr-neu-immo-invest.png\" \/>\n\t\t<meta property=\"og:image:width\" content=\"1536\" \/>\n\t\t<meta property=\"og:image:height\" content=\"768\" \/>\n\t\t<meta property=\"article:published_time\" content=\"2026-07-02T17:00:00+00:00\" \/>\n\t\t<meta property=\"article:modified_time\" content=\"2026-07-01T08:22:28+00:00\" \/>\n\t\t<meta property=\"article:publisher\" content=\"https:\/\/www.facebook.com\/people\/Immoinvest\/100077962920504\/\" \/>\n\t\t<meta name=\"twitter:card\" content=\"summary_large_image\" \/>\n\t\t<meta name=\"twitter:site\" content=\"@i\" \/>\n\t\t<meta name=\"twitter:title\" content=\"Stadelhofen riorganizza il traffico - immo!nvest - Die Plattform f\u00fcr Standorte und Immobilien\" \/>\n\t\t<meta name=\"twitter:description\" content=\"Il Consiglio cantonale di Zurigo ha approvato la modifica del piano direttore relativa all\u2019area circostante la stazione di Stadelhofen. Ci\u00f2 avvicina la realizzazione della separazione del traffico nella zona anteriore di Seefeld: la Falkenstrasse diventer\u00e0 una pista ciclabile prioritaria, mentre il traffico di transito sar\u00e0 deviato sulla Kreuzstrasse.\" \/>\n\t\t<meta name=\"twitter:creator\" content=\"@i\" \/>\n\t\t<meta name=\"twitter:image\" content=\"https:\/\/www.immo-invest.ch\/wp-content\/uploads\/2026\/07\/Stadelhofen-ordnet-den-Verkehr-neu-immo-invest.png\" \/>\n\t\t<script type=\"application\/ld+json\" class=\"aioseo-schema\">\n\t\t\t{\"@context\":\"https:\\\/\\\/schema.org\",\"@graph\":[{\"@type\":\"BlogPosting\",\"@id\":\"https:\\\/\\\/www.immo-invest.ch\\\/it\\\/stadelhofen-ordnet-den-verkehr-neu\\\/#blogposting\",\"name\":\"Stadelhofen riorganizza il traffico - immo!nvest - Die Plattform f\\u00fcr Standorte und Immobilien\",\"headline\":\"Stadelhofen riorganizza il traffico\",\"author\":{\"@id\":\"https:\\\/\\\/www.immo-invest.ch\\\/it\\\/author\\\/immovestuser\\\/#author\"},\"publisher\":{\"@id\":\"https:\\\/\\\/www.immo-invest.ch\\\/it\\\/#organization\"},\"image\":{\"@type\":\"ImageObject\",\"url\":\"https:\\\/\\\/www.immo-invest.ch\\\/wp-content\\\/uploads\\\/2026\\\/07\\\/Stadelhofen-ordnet-den-Verkehr-neu-immo-invest.png\",\"width\":1536,\"height\":768},\"datePublished\":\"2026-07-02T19:00:00+02:00\",\"dateModified\":\"2026-07-01T10:22:28+02:00\",\"inLanguage\":\"it-IT\",\"mainEntityOfPage\":{\"@id\":\"https:\\\/\\\/www.immo-invest.ch\\\/it\\\/stadelhofen-ordnet-den-verkehr-neu\\\/#webpage\"},\"isPartOf\":{\"@id\":\"https:\\\/\\\/www.immo-invest.ch\\\/it\\\/stadelhofen-ordnet-den-verkehr-neu\\\/#webpage\"},\"articleSection\":\"immo!nvest+, Mobilit\\u00e0, Pianificazione \\\/ Sviluppo, Quartieri \\\/ Aree, Zurigo, Bahnhof Stadelhofen, Falkenstrasse, Immoinvest, immoNews, Kreuzstrasse, News, Richtplan Z\\u00fcrich, Seefeld, Velovorzugsroute, Optional\"},{\"@type\":\"BreadcrumbList\",\"@id\":\"https:\\\/\\\/www.immo-invest.ch\\\/it\\\/stadelhofen-ordnet-den-verkehr-neu\\\/#breadcrumblist\",\"itemListElement\":[{\"@type\":\"ListItem\",\"@id\":\"https:\\\/\\\/www.immo-invest.ch\\\/it\\\/#listItem\",\"position\":1,\"name\":\"Home\",\"item\":\"https:\\\/\\\/www.immo-invest.ch\\\/it\\\/\",\"nextItem\":{\"@type\":\"ListItem\",\"@id\":\"https:\\\/\\\/www.immo-invest.ch\\\/it\\\/categoria\\\/regioni\\\/#listItem\",\"name\":\"Regioni\"}},{\"@type\":\"ListItem\",\"@id\":\"https:\\\/\\\/www.immo-invest.ch\\\/it\\\/categoria\\\/regioni\\\/#listItem\",\"position\":2,\"name\":\"Regioni\",\"item\":\"https:\\\/\\\/www.immo-invest.ch\\\/it\\\/categoria\\\/regioni\\\/\",\"nextItem\":{\"@type\":\"ListItem\",\"@id\":\"https:\\\/\\\/www.immo-invest.ch\\\/it\\\/categoria\\\/regioni\\\/svizzera\\\/#listItem\",\"name\":\"Svizzera\"},\"previousItem\":{\"@type\":\"ListItem\",\"@id\":\"https:\\\/\\\/www.immo-invest.ch\\\/it\\\/#listItem\",\"name\":\"Home\"}},{\"@type\":\"ListItem\",\"@id\":\"https:\\\/\\\/www.immo-invest.ch\\\/it\\\/categoria\\\/regioni\\\/svizzera\\\/#listItem\",\"position\":3,\"name\":\"Svizzera\",\"item\":\"https:\\\/\\\/www.immo-invest.ch\\\/it\\\/categoria\\\/regioni\\\/svizzera\\\/\",\"nextItem\":{\"@type\":\"ListItem\",\"@id\":\"https:\\\/\\\/www.immo-invest.ch\\\/it\\\/categoria\\\/regioni\\\/svizzera\\\/regione-zurigo\\\/#listItem\",\"name\":\"Zurigo\"},\"previousItem\":{\"@type\":\"ListItem\",\"@id\":\"https:\\\/\\\/www.immo-invest.ch\\\/it\\\/categoria\\\/regioni\\\/#listItem\",\"name\":\"Regioni\"}},{\"@type\":\"ListItem\",\"@id\":\"https:\\\/\\\/www.immo-invest.ch\\\/it\\\/categoria\\\/regioni\\\/svizzera\\\/regione-zurigo\\\/#listItem\",\"position\":4,\"name\":\"Zurigo\",\"item\":\"https:\\\/\\\/www.immo-invest.ch\\\/it\\\/categoria\\\/regioni\\\/svizzera\\\/regione-zurigo\\\/\",\"nextItem\":{\"@type\":\"ListItem\",\"@id\":\"https:\\\/\\\/www.immo-invest.ch\\\/it\\\/stadelhofen-ordnet-den-verkehr-neu\\\/#listItem\",\"name\":\"Stadelhofen riorganizza il traffico\"},\"previousItem\":{\"@type\":\"ListItem\",\"@id\":\"https:\\\/\\\/www.immo-invest.ch\\\/it\\\/categoria\\\/regioni\\\/svizzera\\\/#listItem\",\"name\":\"Svizzera\"}},{\"@type\":\"ListItem\",\"@id\":\"https:\\\/\\\/www.immo-invest.ch\\\/it\\\/stadelhofen-ordnet-den-verkehr-neu\\\/#listItem\",\"position\":5,\"name\":\"Stadelhofen riorganizza il traffico\",\"previousItem\":{\"@type\":\"ListItem\",\"@id\":\"https:\\\/\\\/www.immo-invest.ch\\\/it\\\/categoria\\\/regioni\\\/svizzera\\\/regione-zurigo\\\/#listItem\",\"name\":\"Zurigo\"}}]},{\"@type\":\"Organization\",\"@id\":\"https:\\\/\\\/www.immo-invest.ch\\\/it\\\/#organization\",\"name\":\"immo!nvest - Die Plattform f\\u00fcr Standorte und Immobilien\",\"description\":\"Die\\u00a0Plattform f\\u00fcr Standorte und Immobilien\",\"url\":\"https:\\\/\\\/www.immo-invest.ch\\\/it\\\/\",\"email\":\"admin@immomedia.ag\",\"telephone\":\"+41444420002\",\"logo\":{\"@type\":\"ImageObject\",\"url\":\"https:\\\/\\\/www.immo-invest.ch\\\/wp-content\\\/uploads\\\/2024\\\/09\\\/immoinvest_sm-scaled.jpg\",\"@id\":\"https:\\\/\\\/www.immo-invest.ch\\\/it\\\/stadelhofen-ordnet-den-verkehr-neu\\\/#organizationLogo\",\"width\":2560,\"height\":1340},\"image\":{\"@id\":\"https:\\\/\\\/www.immo-invest.ch\\\/it\\\/stadelhofen-ordnet-den-verkehr-neu\\\/#organizationLogo\"},\"sameAs\":[\"https:\\\/\\\/www.facebook.com\\\/people\\\/Immoinvest\\\/100077962920504\\\/\",\"https:\\\/\\\/x.com\\\/i\\\/flow\\\/login?redirect_after_login=immoinvest_ch\",\"https:\\\/\\\/www.instagram.com\\\/immoinvest_ch\\\/\",\"https:\\\/\\\/www.linkedin.com\\\/company\\\/immoinvest-swiss\"]},{\"@type\":\"Person\",\"@id\":\"https:\\\/\\\/www.immo-invest.ch\\\/it\\\/author\\\/immovestuser\\\/#author\",\"url\":\"https:\\\/\\\/www.immo-invest.ch\\\/it\\\/author\\\/immovestuser\\\/\",\"name\":\"immovestuser\",\"image\":{\"@type\":\"ImageObject\",\"@id\":\"https:\\\/\\\/www.immo-invest.ch\\\/it\\\/stadelhofen-ordnet-den-verkehr-neu\\\/#authorImage\",\"url\":\"https:\\\/\\\/secure.gravatar.com\\\/avatar\\\/8e01f4d99f2eeea7a362ebb93305e1172a70e9293ba250f897a65c39f54cdd1e?s=96&d=mm&r=g\",\"width\":96,\"height\":96,\"caption\":\"immovestuser\"}},{\"@type\":\"WebPage\",\"@id\":\"https:\\\/\\\/www.immo-invest.ch\\\/it\\\/stadelhofen-ordnet-den-verkehr-neu\\\/#webpage\",\"url\":\"https:\\\/\\\/www.immo-invest.ch\\\/it\\\/stadelhofen-ordnet-den-verkehr-neu\\\/\",\"name\":\"Stadelhofen riorganizza il traffico - immo!nvest - Die Plattform f\\u00fcr Standorte und Immobilien\",\"description\":\"Il Consiglio cantonale di Zurigo ha approvato la modifica del piano direttore relativa all\\u2019area circostante la stazione di Stadelhofen. Ci\\u00f2 avvicina la realizzazione della separazione del traffico nella zona anteriore di Seefeld: la Falkenstrasse diventer\\u00e0 una pista ciclabile prioritaria, mentre il traffico di transito sar\\u00e0 deviato sulla Kreuzstrasse.\",\"inLanguage\":\"it-IT\",\"isPartOf\":{\"@id\":\"https:\\\/\\\/www.immo-invest.ch\\\/it\\\/#website\"},\"breadcrumb\":{\"@id\":\"https:\\\/\\\/www.immo-invest.ch\\\/it\\\/stadelhofen-ordnet-den-verkehr-neu\\\/#breadcrumblist\"},\"author\":{\"@id\":\"https:\\\/\\\/www.immo-invest.ch\\\/it\\\/author\\\/immovestuser\\\/#author\"},\"creator\":{\"@id\":\"https:\\\/\\\/www.immo-invest.ch\\\/it\\\/author\\\/immovestuser\\\/#author\"},\"image\":{\"@type\":\"ImageObject\",\"url\":\"https:\\\/\\\/www.immo-invest.ch\\\/wp-content\\\/uploads\\\/2026\\\/07\\\/Stadelhofen-ordnet-den-Verkehr-neu-immo-invest.png\",\"@id\":\"https:\\\/\\\/www.immo-invest.ch\\\/it\\\/stadelhofen-ordnet-den-verkehr-neu\\\/#mainImage\",\"width\":1536,\"height\":768},\"primaryImageOfPage\":{\"@id\":\"https:\\\/\\\/www.immo-invest.ch\\\/it\\\/stadelhofen-ordnet-den-verkehr-neu\\\/#mainImage\"},\"datePublished\":\"2026-07-02T19:00:00+02:00\",\"dateModified\":\"2026-07-01T10:22:28+02:00\"},{\"@type\":\"WebSite\",\"@id\":\"https:\\\/\\\/www.immo-invest.ch\\\/it\\\/#website\",\"url\":\"https:\\\/\\\/www.immo-invest.ch\\\/it\\\/\",\"name\":\"immo!nvest - Die Plattform f\\u00fcr Standorte und Immobilien\",\"description\":\"Die\\u00a0Plattform f\\u00fcr Standorte und Immobilien\",\"inLanguage\":\"it-IT\",\"publisher\":{\"@id\":\"https:\\\/\\\/www.immo-invest.ch\\\/it\\\/#organization\"}}]}\n\t\t<\/script>\n\t\t<!-- All in One SEO -->\n\n","aioseo_head_json":{"title":"Stadelhofen riorganizza il traffico - immo!nvest - Die Plattform f\u00fcr Standorte und Immobilien","description":"Il Consiglio cantonale di Zurigo ha approvato la modifica del piano direttore relativa all\u2019area circostante la stazione di Stadelhofen. Ci\u00f2 avvicina la realizzazione della separazione del traffico nella zona anteriore di Seefeld: la Falkenstrasse diventer\u00e0 una pista ciclabile prioritaria, mentre il traffico di transito sar\u00e0 deviato sulla Kreuzstrasse.","canonical_url":"https:\/\/www.immo-invest.ch\/it\/stadelhofen-ordnet-den-verkehr-neu\/","robots":"max-image-preview:large","keywords":"","webmasterTools":{"google-site-verification":"fHJKvgWpZCR2zVBHWfkQeFXC11qieUSff0HGNYfuyLA","miscellaneous":""},"schema":{"@context":"https:\/\/schema.org","@graph":[{"@type":"BlogPosting","@id":"https:\/\/www.immo-invest.ch\/it\/stadelhofen-ordnet-den-verkehr-neu\/#blogposting","name":"Stadelhofen riorganizza il traffico - immo!nvest - Die Plattform f\u00fcr Standorte und Immobilien","headline":"Stadelhofen riorganizza il traffico","author":{"@id":"https:\/\/www.immo-invest.ch\/it\/author\/immovestuser\/#author"},"publisher":{"@id":"https:\/\/www.immo-invest.ch\/it\/#organization"},"image":{"@type":"ImageObject","url":"https:\/\/www.immo-invest.ch\/wp-content\/uploads\/2026\/07\/Stadelhofen-ordnet-den-Verkehr-neu-immo-invest.png","width":1536,"height":768},"datePublished":"2026-07-02T19:00:00+02:00","dateModified":"2026-07-01T10:22:28+02:00","inLanguage":"it-IT","mainEntityOfPage":{"@id":"https:\/\/www.immo-invest.ch\/it\/stadelhofen-ordnet-den-verkehr-neu\/#webpage"},"isPartOf":{"@id":"https:\/\/www.immo-invest.ch\/it\/stadelhofen-ordnet-den-verkehr-neu\/#webpage"},"articleSection":"immo!nvest+, Mobilit\u00e0, Pianificazione \/ Sviluppo, Quartieri \/ Aree, Zurigo, Bahnhof Stadelhofen, Falkenstrasse, Immoinvest, immoNews, Kreuzstrasse, News, Richtplan Z\u00fcrich, Seefeld, Velovorzugsroute, Optional"},{"@type":"BreadcrumbList","@id":"https:\/\/www.immo-invest.ch\/it\/stadelhofen-ordnet-den-verkehr-neu\/#breadcrumblist","itemListElement":[{"@type":"ListItem","@id":"https:\/\/www.immo-invest.ch\/it\/#listItem","position":1,"name":"Home","item":"https:\/\/www.immo-invest.ch\/it\/","nextItem":{"@type":"ListItem","@id":"https:\/\/www.immo-invest.ch\/it\/categoria\/regioni\/#listItem","name":"Regioni"}},{"@type":"ListItem","@id":"https:\/\/www.immo-invest.ch\/it\/categoria\/regioni\/#listItem","position":2,"name":"Regioni","item":"https:\/\/www.immo-invest.ch\/it\/categoria\/regioni\/","nextItem":{"@type":"ListItem","@id":"https:\/\/www.immo-invest.ch\/it\/categoria\/regioni\/svizzera\/#listItem","name":"Svizzera"},"previousItem":{"@type":"ListItem","@id":"https:\/\/www.immo-invest.ch\/it\/#listItem","name":"Home"}},{"@type":"ListItem","@id":"https:\/\/www.immo-invest.ch\/it\/categoria\/regioni\/svizzera\/#listItem","position":3,"name":"Svizzera","item":"https:\/\/www.immo-invest.ch\/it\/categoria\/regioni\/svizzera\/","nextItem":{"@type":"ListItem","@id":"https:\/\/www.immo-invest.ch\/it\/categoria\/regioni\/svizzera\/regione-zurigo\/#listItem","name":"Zurigo"},"previousItem":{"@type":"ListItem","@id":"https:\/\/www.immo-invest.ch\/it\/categoria\/regioni\/#listItem","name":"Regioni"}},{"@type":"ListItem","@id":"https:\/\/www.immo-invest.ch\/it\/categoria\/regioni\/svizzera\/regione-zurigo\/#listItem","position":4,"name":"Zurigo","item":"https:\/\/www.immo-invest.ch\/it\/categoria\/regioni\/svizzera\/regione-zurigo\/","nextItem":{"@type":"ListItem","@id":"https:\/\/www.immo-invest.ch\/it\/stadelhofen-ordnet-den-verkehr-neu\/#listItem","name":"Stadelhofen riorganizza il traffico"},"previousItem":{"@type":"ListItem","@id":"https:\/\/www.immo-invest.ch\/it\/categoria\/regioni\/svizzera\/#listItem","name":"Svizzera"}},{"@type":"ListItem","@id":"https:\/\/www.immo-invest.ch\/it\/stadelhofen-ordnet-den-verkehr-neu\/#listItem","position":5,"name":"Stadelhofen riorganizza il traffico","previousItem":{"@type":"ListItem","@id":"https:\/\/www.immo-invest.ch\/it\/categoria\/regioni\/svizzera\/regione-zurigo\/#listItem","name":"Zurigo"}}]},{"@type":"Organization","@id":"https:\/\/www.immo-invest.ch\/it\/#organization","name":"immo!nvest - Die Plattform f\u00fcr Standorte und Immobilien","description":"Die\u00a0Plattform f\u00fcr Standorte und Immobilien","url":"https:\/\/www.immo-invest.ch\/it\/","email":"admin@immomedia.ag","telephone":"+41444420002","logo":{"@type":"ImageObject","url":"https:\/\/www.immo-invest.ch\/wp-content\/uploads\/2024\/09\/immoinvest_sm-scaled.jpg","@id":"https:\/\/www.immo-invest.ch\/it\/stadelhofen-ordnet-den-verkehr-neu\/#organizationLogo","width":2560,"height":1340},"image":{"@id":"https:\/\/www.immo-invest.ch\/it\/stadelhofen-ordnet-den-verkehr-neu\/#organizationLogo"},"sameAs":["https:\/\/www.facebook.com\/people\/Immoinvest\/100077962920504\/","https:\/\/x.com\/i\/flow\/login?redirect_after_login=immoinvest_ch","https:\/\/www.instagram.com\/immoinvest_ch\/","https:\/\/www.linkedin.com\/company\/immoinvest-swiss"]},{"@type":"Person","@id":"https:\/\/www.immo-invest.ch\/it\/author\/immovestuser\/#author","url":"https:\/\/www.immo-invest.ch\/it\/author\/immovestuser\/","name":"immovestuser","image":{"@type":"ImageObject","@id":"https:\/\/www.immo-invest.ch\/it\/stadelhofen-ordnet-den-verkehr-neu\/#authorImage","url":"https:\/\/secure.gravatar.com\/avatar\/8e01f4d99f2eeea7a362ebb93305e1172a70e9293ba250f897a65c39f54cdd1e?s=96&d=mm&r=g","width":96,"height":96,"caption":"immovestuser"}},{"@type":"WebPage","@id":"https:\/\/www.immo-invest.ch\/it\/stadelhofen-ordnet-den-verkehr-neu\/#webpage","url":"https:\/\/www.immo-invest.ch\/it\/stadelhofen-ordnet-den-verkehr-neu\/","name":"Stadelhofen riorganizza il traffico - immo!nvest - Die Plattform f\u00fcr Standorte und Immobilien","description":"Il Consiglio cantonale di Zurigo ha approvato la modifica del piano direttore relativa all\u2019area circostante la stazione di Stadelhofen. Ci\u00f2 avvicina la realizzazione della separazione del traffico nella zona anteriore di Seefeld: la Falkenstrasse diventer\u00e0 una pista ciclabile prioritaria, mentre il traffico di transito sar\u00e0 deviato sulla Kreuzstrasse.","inLanguage":"it-IT","isPartOf":{"@id":"https:\/\/www.immo-invest.ch\/it\/#website"},"breadcrumb":{"@id":"https:\/\/www.immo-invest.ch\/it\/stadelhofen-ordnet-den-verkehr-neu\/#breadcrumblist"},"author":{"@id":"https:\/\/www.immo-invest.ch\/it\/author\/immovestuser\/#author"},"creator":{"@id":"https:\/\/www.immo-invest.ch\/it\/author\/immovestuser\/#author"},"image":{"@type":"ImageObject","url":"https:\/\/www.immo-invest.ch\/wp-content\/uploads\/2026\/07\/Stadelhofen-ordnet-den-Verkehr-neu-immo-invest.png","@id":"https:\/\/www.immo-invest.ch\/it\/stadelhofen-ordnet-den-verkehr-neu\/#mainImage","width":1536,"height":768},"primaryImageOfPage":{"@id":"https:\/\/www.immo-invest.ch\/it\/stadelhofen-ordnet-den-verkehr-neu\/#mainImage"},"datePublished":"2026-07-02T19:00:00+02:00","dateModified":"2026-07-01T10:22:28+02:00"},{"@type":"WebSite","@id":"https:\/\/www.immo-invest.ch\/it\/#website","url":"https:\/\/www.immo-invest.ch\/it\/","name":"immo!nvest - Die Plattform f\u00fcr Standorte und Immobilien","description":"Die\u00a0Plattform f\u00fcr Standorte und Immobilien","inLanguage":"it-IT","publisher":{"@id":"https:\/\/www.immo-invest.ch\/it\/#organization"}}]},"og:locale":"it_IT","og:site_name":"immo!nvest - Die Plattform f\u00fcr Standorte und Immobilien - Die\u00a0Plattform f\u00fcr Standorte und Immobilien","og:type":"article","og:title":"Stadelhofen riorganizza il traffico - immo!nvest - Die Plattform f\u00fcr Standorte und Immobilien","og:description":"Il Consiglio cantonale di Zurigo ha approvato la modifica del piano direttore relativa all\u2019area circostante la stazione di Stadelhofen. Ci\u00f2 avvicina la realizzazione della separazione del traffico nella zona anteriore di Seefeld: la Falkenstrasse diventer\u00e0 una pista ciclabile prioritaria, mentre il traffico di transito sar\u00e0 deviato sulla Kreuzstrasse.","og:url":"https:\/\/www.immo-invest.ch\/it\/stadelhofen-ordnet-den-verkehr-neu\/","og:image":"https:\/\/www.immo-invest.ch\/wp-content\/uploads\/2026\/07\/Stadelhofen-ordnet-den-Verkehr-neu-immo-invest.png","og:image:secure_url":"https:\/\/www.immo-invest.ch\/wp-content\/uploads\/2026\/07\/Stadelhofen-ordnet-den-Verkehr-neu-immo-invest.png","og:image:width":1536,"og:image:height":768,"article:published_time":"2026-07-02T17:00:00+00:00","article:modified_time":"2026-07-01T08:22:28+00:00","article:publisher":"https:\/\/www.facebook.com\/people\/Immoinvest\/100077962920504\/","twitter:card":"summary_large_image","twitter:site":"@i","twitter:title":"Stadelhofen riorganizza il traffico - immo!nvest - Die Plattform f\u00fcr Standorte und Immobilien","twitter:description":"Il Consiglio cantonale di Zurigo ha approvato la modifica del piano direttore relativa all\u2019area circostante la stazione di Stadelhofen. Ci\u00f2 avvicina la realizzazione della separazione del traffico nella zona anteriore di Seefeld: la Falkenstrasse diventer\u00e0 una pista ciclabile prioritaria, mentre il traffico di transito sar\u00e0 deviato sulla Kreuzstrasse.","twitter:creator":"@i","twitter:image":"https:\/\/www.immo-invest.ch\/wp-content\/uploads\/2026\/07\/Stadelhofen-ordnet-den-Verkehr-neu-immo-invest.png"},"aioseo_meta_data":{"post_id":"160315","title":null,"description":null,"keywords":null,"keyphrases":{"focus":{"keyphrase":"","score":0,"analysis":{"keyphraseInTitle":{"score":0,"maxScore":9,"error":1}}},"additional":[]},"primary_term":null,"canonical_url":null,"og_title":null,"og_description":null,"og_object_type":"default","og_image_type":"default","og_image_url":null,"og_image_width":null,"og_image_height":null,"og_image_custom_url":null,"og_image_custom_fields":null,"og_video":"","og_custom_url":null,"og_article_section":null,"og_article_tags":null,"twitter_use_og":false,"twitter_card":"default","twitter_image_type":"default","twitter_image_url":null,"twitter_image_custom_url":null,"twitter_image_custom_fields":null,"twitter_title":null,"twitter_description":null,"schema":{"blockGraphs":[],"customGraphs":[],"default":{"data":{"Article":[],"Course":[],"Dataset":[],"FAQPage":[],"Movie":[],"Person":[],"Product":[],"ProductReview":[],"Car":[],"Recipe":[],"Service":[],"SoftwareApplication":[],"WebPage":[]},"graphName":"BlogPosting","isEnabled":true},"graphs":[]},"schema_type":"default","schema_type_options":null,"pillar_content":false,"robots_default":true,"robots_noindex":false,"robots_noarchive":false,"robots_nosnippet":false,"robots_nofollow":false,"robots_noimageindex":false,"robots_noodp":false,"robots_notranslate":false,"robots_max_snippet":"-1","robots_max_videopreview":"-1","robots_max_imagepreview":"large","priority":null,"frequency":"default","local_seo":null,"breadcrumb_settings":null,"limit_modified_date":false,"ai":{"faqs":[],"keyPoints":[],"schemas":[],"titles":[],"descriptions":[],"socialPosts":{"email":{"subject":"","preview":"","content":""},"linkedin":[],"twitter":[],"facebook":[],"instagram":[]}},"created":"2026-07-01 08:22:29","updated":"2026-07-03 04:24:26","seo_analyzer_scan_date":null,"focus_keyword":null,"additional_keywords":null,"truseo_locale":null},"aioseo_breadcrumb":"<div class=\"aioseo-breadcrumbs\"><span class=\"aioseo-breadcrumb\">\n\t\t\t<a href=\"https:\/\/www.immo-invest.ch\/it\/\" title=\"Home\">Home<\/a>\n\t\t<\/span><span class=\"aioseo-breadcrumb-separator\">&raquo;<\/span><span class=\"aioseo-breadcrumb\">\n\t\t\t<a href=\"https:\/\/www.immo-invest.ch\/it\/categoria\/regioni\/\" title=\"Regioni\">Regioni<\/a>\n\t\t<\/span><span class=\"aioseo-breadcrumb-separator\">&raquo;<\/span><span class=\"aioseo-breadcrumb\">\n\t\t\t<a href=\"https:\/\/www.immo-invest.ch\/it\/categoria\/regioni\/svizzera\/\" title=\"Svizzera\">Svizzera<\/a>\n\t\t<\/span><span class=\"aioseo-breadcrumb-separator\">&raquo;<\/span><span class=\"aioseo-breadcrumb\">\n\t\t\t<a href=\"https:\/\/www.immo-invest.ch\/it\/categoria\/regioni\/svizzera\/regione-zurigo\/\" title=\"Zurigo\">Zurigo<\/a>\n\t\t<\/span><span class=\"aioseo-breadcrumb-separator\">&raquo;<\/span><span class=\"aioseo-breadcrumb\">\n\t\t\tStadelhofen riorganizza il traffico\n\t\t<\/span><\/div>","aioseo_breadcrumb_json":[{"label":"Home","link":"https:\/\/www.immo-invest.ch\/it\/"},{"label":"Regioni","link":"https:\/\/www.immo-invest.ch\/it\/categoria\/regioni\/"},{"label":"Svizzera","link":"https:\/\/www.immo-invest.ch\/it\/categoria\/regioni\/svizzera\/"},{"label":"Zurigo","link":"https:\/\/www.immo-invest.ch\/it\/categoria\/regioni\/svizzera\/regione-zurigo\/"},{"label":"Stadelhofen riorganizza il traffico","link":"https:\/\/www.immo-invest.ch\/it\/stadelhofen-ordnet-den-verkehr-neu\/"}],"featured_image_src":"https:\/\/www.immo-invest.ch\/wp-content\/uploads\/2026\/07\/Stadelhofen-ordnet-den-Verkehr-neu-immo-invest-336x168.png","_links":{"self":[{"href":"https:\/\/www.immo-invest.ch\/it\/wp-json\/wp\/v2\/posts\/160315","targetHints":{"allow":["GET"]}}],"collection":[{"href":"https:\/\/www.immo-invest.ch\/it\/wp-json\/wp\/v2\/posts"}],"about":[{"href":"https:\/\/www.immo-invest.ch\/it\/wp-json\/wp\/v2\/types\/post"}],"author":[{"embeddable":true,"href":"https:\/\/www.immo-invest.ch\/it\/wp-json\/wp\/v2\/users\/2"}],"replies":[{"embeddable":true,"href":"https:\/\/www.immo-invest.ch\/it\/wp-json\/wp\/v2\/comments?post=160315"}],"version-history":[{"count":2,"href":"https:\/\/www.immo-invest.ch\/it\/wp-json\/wp\/v2\/posts\/160315\/revisions"}],"predecessor-version":[{"id":160322,"href":"https:\/\/www.immo-invest.ch\/it\/wp-json\/wp\/v2\/posts\/160315\/revisions\/160322"}],"wp:featuredmedia":[{"embeddable":true,"href":"https:\/\/www.immo-invest.ch\/it\/wp-json\/wp\/v2\/media\/160316"}],"wp:attachment":[{"href":"https:\/\/www.immo-invest.ch\/it\/wp-json\/wp\/v2\/media?parent=160315"}],"wp:term":[{"taxonomy":"category","embeddable":true,"href":"https:\/\/www.immo-invest.ch\/it\/wp-json\/wp\/v2\/categories?post=160315"},{"taxonomy":"post_tag","embeddable":true,"href":"https:\/\/www.immo-invest.ch\/it\/wp-json\/wp\/v2\/tags?post=160315"}],"curies":[{"name":"wp","href":"https:\/\/api.w.org\/{rel}","templated":true}]}}