{"id":160269,"date":"2026-07-02T11:00:00","date_gmt":"2026-07-02T09:00:00","guid":{"rendered":"https:\/\/www.immo-invest.ch\/?p=160269"},"modified":"2026-07-01T09:16:45","modified_gmt":"2026-07-01T07:16:45","slug":"niederlenz-stellt-die-bauzonen-neu-schaerfer-ein","status":"publish","type":"post","link":"https:\/\/www.immo-invest.ch\/it\/niederlenz-stellt-die-bauzonen-neu-schaerfer-ein\/","title":{"rendered":"Niederlenz ridefinisce le zone edificabili in modo pi\u00f9 rigoroso"},"content":{"rendered":"<p>Niederlenz ha ridefinito i propri limiti territoriali. L&rsquo;assemblea comunale del 25 giugno 2026 ha approvato il regolamento edilizio e urbanistico rivisto, ponendo cos&igrave; lo sviluppo interno al centro delle future attivit&agrave; edilizie. Per i proprietari, i promotori immobiliari e i progettisti, ci&ograve; significa che l&rsquo;attenzione &egrave; rivolta non tanto all&rsquo;espansione dell&rsquo;area urbanizzata, quanto piuttosto a un utilizzo pi&ugrave; mirato del patrimonio edilizio gi&agrave; soggetto a zonizzazione.<\/p>\n<p>Per il mercato immobiliare locale, questa decisione rappresenta ben pi&ugrave; di un semplice passo formale in materia di pianificazione. La documentazione relativa alla revisione completa dimostra che Niederlenz non solo intende consentire la densificazione, ma anche gestirla in modo qualitativo. Le linee guida collegano lo sviluppo insediativo verso l&rsquo;interno alla qualit&agrave; degli spazi aperti, a modalit&agrave; di costruzione adattate al clima, alla qualit&agrave; della viabilit&agrave; e a un&rsquo;attenta progettazione del centro abitato e della periferia.<\/p>\n<p><strong>Densificazione con regole<br><\/strong>Il nuovo regolamento parte dai principi di pianificazione. L&rsquo;edilizia ad alta densit&agrave; deve essere promossa soprattutto in localit&agrave; ben collegate con i mezzi pubblici. Allo stesso tempo, il Comune richiede una valutazione progettuale pi&ugrave; approfondita per gli insediamenti su aree, i piani di destinazione d&rsquo;uso speciale e i progetti rilevanti per il paesaggio urbano. Ci&ograve; aumenta la prevedibilit&agrave;, ma anche i requisiti per i progetti che devono essere sviluppati nell&rsquo;ambito del patrimonio edilizio esistente o in zone di transizione sensibili.<\/p>\n<p>Questo approccio &egrave; particolarmente evidente nell&rsquo;area di sviluppo del centro storico est. L&igrave; lo sviluppo edilizio dovr&agrave; avvenire in modo moderno e adattato al clima, senza compromettere lo spazio stradale caratteristico e il bordo del pendio. Per gli investitori e i committenti ci&ograve; significa che le potenzialit&agrave; rimangono, ma la qualit&agrave; dell&rsquo;integrazione diventa il vero e proprio criterio di autorizzazione.<\/p>\n<p><strong>La viabilit&agrave; rimane parte integrante dello sviluppo interno<\/strong>&laquo;<strong><br> &raquo; Oltre al BNO, secondo le informazioni disponibili l&rsquo;Assemblea ha approvato anche un credito di 1,01 milioni di franchi per la viabilit&agrave; di &laquo;Unterer Steinler&raquo;, compreso il risanamento di R&ouml;merweg, Thujaweg e Langeichen. Ci&ograve; sottolinea che, nella pratica, lo sviluppo interno non funziona solo attraverso la normativa urbanistica. Ha bisogno di spazio stradale, condutture e infrastrutture di quartiere funzionanti affinch&eacute; un utilizzo aggiuntivo diventi effettivamente sostenibile.<\/strong><\/p>\n<p>Altre delibere, come l&rsquo;allegato integrato al regolamento sui parcheggi o il credito per l&rsquo;illuminazione stradale lungo la pista ciclabile, avvalorano questa interpretazione. Il Comune coniuga la densificazione edilizia con le questioni relative all&rsquo;accessibilit&agrave;, alla mobilit&agrave; e alla qualit&agrave; della vita. In questo modo, l&rsquo;attenzione si sposta dal mero sfruttamento dei singoli appezzamenti all&rsquo;efficienza dell&rsquo;intero tessuto insediativo.<\/p>\n<p><strong>Conseguenze per i progetti nell&rsquo;area esistente<br><\/strong>Per il settore &egrave; soprattutto la direzione a essere determinante. Niederlenz sfrutta la revisione per sfruttare meglio le zone edificabili esistenti e, al contempo, per inasprire gli ostacoli per i progetti deboli dal punto di vista progettuale o insufficientemente integrati dal punto di vista dei trasporti. Chi intende sviluppare il territorio all&rsquo;interno del comune dovr&agrave; quindi, in futuro, reagire con maggiore tempestivit&agrave; alle esigenze relative agli spazi aperti, alla mobilit&agrave;, all&rsquo;immagine del luogo e alla compatibilit&agrave; con il contesto di vicinato. &Egrave; proprio in questo ambito che si decide se lo sviluppo interno verr&agrave; accelerato o frenato nel corso della procedura.<\/p>\n","protected":false},"excerpt":{"rendered":"<p>Il 25 giugno 2026 il Comune di Niederlenz ha approvato il regolamento edilizio e urbanistico rivisto. Il principio fondamentale \u00e8 chiaro: maggiore sviluppo interno, un\u2019occupazione pi\u00f9 densa in aree idonee e requisiti di qualit\u00e0 pi\u00f9 rigorosi per il tessuto urbano, gli spazi aperti e la mobilit\u00e0.<\/p>\n","protected":false},"author":2,"featured_media":160270,"comment_status":"open","ping_status":"open","sticky":false,"template":"","format":"standard","meta":{"pmpro_default_level":"","inline_featured_image":false,"_monsterinsights_skip_tracking":false,"footnotes":""},"categories":[22704,56028,56004],"tags":[60099,47641,60100,867,3935,16984,2006,60101,60102],"class_list":["post-160269","post","type-post","status-publish","format-standard","has-post-thumbnail","hentry","category-mobilita","category-pianificazione-sviluppo","category-residenziale","tag-bau-und-nutzungsordnung","tag-bauzonen-it","tag-erschliessung","tag-immoinvest-it","tag-immonews-it","tag-innenentwicklung-it","tag-news-it","tag-niederlenz","tag-ortskern-ost","pmpro-has-access"],"acf":{"bild_mit_ki_erstellt_worden":["Ja"],"lead":"Il 25 giugno 2026 il Comune di Niederlenz ha approvato il regolamento edilizio e urbanistico rivisto. Il principio fondamentale \u00e8 chiaro: maggiore sviluppo interno, un\u2019occupazione pi\u00f9 densa in aree idonee e requisiti di qualit\u00e0 pi\u00f9 rigorosi per il tessuto urbano, gli spazi aperti e la mobilit\u00e0.","autor":"","ort":"","bildunterschrift":"","bild_im_grid":false,"gallerie":"","newsim":"3095"},"aioseo_notices":[],"aioseo_head":"\n\t\t<!-- All in One SEO 5.0.0.1 - aioseo.com -->\n\t<meta name=\"description\" content=\"Il 25 giugno 2026 il Comune di Niederlenz ha approvato il regolamento edilizio e urbanistico rivisto. Il principio fondamentale \u00e8 chiaro: maggiore sviluppo interno, un\u2019occupazione pi\u00f9 densa in aree idonee e requisiti di qualit\u00e0 pi\u00f9 rigorosi per il tessuto urbano, gli spazi aperti e la mobilit\u00e0.\" \/>\n\t<meta name=\"robots\" content=\"max-image-preview:large\" \/>\n\t<meta name=\"author\" content=\"immovestuser\"\/>\n\t<meta name=\"google-site-verification\" content=\"fHJKvgWpZCR2zVBHWfkQeFXC11qieUSff0HGNYfuyLA\" \/>\n\t<link rel=\"canonical\" href=\"https:\/\/www.immo-invest.ch\/it\/niederlenz-stellt-die-bauzonen-neu-schaerfer-ein\/\" \/>\n\t<meta name=\"generator\" content=\"All in One SEO (AIOSEO) 5.0.0.1\" \/>\n\t\t<meta property=\"og:locale\" content=\"it_IT\" \/>\n\t\t<meta property=\"og:site_name\" content=\"immo!nvest - Die Plattform f\u00fcr Standorte und Immobilien - Die\u00a0Plattform f\u00fcr Standorte und Immobilien\" \/>\n\t\t<meta property=\"og:type\" content=\"article\" \/>\n\t\t<meta property=\"og:title\" content=\"Niederlenz ridefinisce le zone edificabili in modo pi\u00f9 rigoroso - immo!nvest - Die Plattform f\u00fcr Standorte und Immobilien\" \/>\n\t\t<meta property=\"og:description\" content=\"Il 25 giugno 2026 il Comune di Niederlenz ha approvato il regolamento edilizio e urbanistico rivisto. Il principio fondamentale \u00e8 chiaro: maggiore sviluppo interno, un\u2019occupazione pi\u00f9 densa in aree idonee e requisiti di qualit\u00e0 pi\u00f9 rigorosi per il tessuto urbano, gli spazi aperti e la mobilit\u00e0.\" \/>\n\t\t<meta property=\"og:url\" content=\"https:\/\/www.immo-invest.ch\/it\/niederlenz-stellt-die-bauzonen-neu-schaerfer-ein\/\" \/>\n\t\t<meta property=\"og:image\" content=\"https:\/\/www.immo-invest.ch\/wp-content\/uploads\/2026\/07\/Niederlenz-stellt-die-Bauzonen-neu-schaerfer-ein-immo-invest.png\" \/>\n\t\t<meta property=\"og:image:secure_url\" content=\"https:\/\/www.immo-invest.ch\/wp-content\/uploads\/2026\/07\/Niederlenz-stellt-die-Bauzonen-neu-schaerfer-ein-immo-invest.png\" \/>\n\t\t<meta property=\"og:image:width\" content=\"1536\" \/>\n\t\t<meta property=\"og:image:height\" content=\"768\" \/>\n\t\t<meta property=\"article:published_time\" content=\"2026-07-02T09:00:00+00:00\" \/>\n\t\t<meta property=\"article:modified_time\" content=\"2026-07-01T07:16:45+00:00\" \/>\n\t\t<meta property=\"article:publisher\" content=\"https:\/\/www.facebook.com\/people\/Immoinvest\/100077962920504\/\" \/>\n\t\t<meta name=\"twitter:card\" content=\"summary_large_image\" \/>\n\t\t<meta name=\"twitter:site\" content=\"@i\" \/>\n\t\t<meta name=\"twitter:title\" content=\"Niederlenz ridefinisce le zone edificabili in modo pi\u00f9 rigoroso - immo!nvest - Die Plattform f\u00fcr Standorte und Immobilien\" \/>\n\t\t<meta name=\"twitter:description\" content=\"Il 25 giugno 2026 il Comune di Niederlenz ha approvato il regolamento edilizio e urbanistico rivisto. Il principio fondamentale \u00e8 chiaro: maggiore sviluppo interno, un\u2019occupazione pi\u00f9 densa in aree idonee e requisiti di qualit\u00e0 pi\u00f9 rigorosi per il tessuto urbano, gli spazi aperti e la mobilit\u00e0.\" \/>\n\t\t<meta name=\"twitter:creator\" content=\"@i\" \/>\n\t\t<meta name=\"twitter:image\" content=\"https:\/\/www.immo-invest.ch\/wp-content\/uploads\/2026\/07\/Niederlenz-stellt-die-Bauzonen-neu-schaerfer-ein-immo-invest.png\" \/>\n\t\t<script type=\"application\/ld+json\" class=\"aioseo-schema\">\n\t\t\t{\"@context\":\"https:\\\/\\\/schema.org\",\"@graph\":[{\"@type\":\"BlogPosting\",\"@id\":\"https:\\\/\\\/www.immo-invest.ch\\\/it\\\/niederlenz-stellt-die-bauzonen-neu-schaerfer-ein\\\/#blogposting\",\"name\":\"Niederlenz ridefinisce le zone edificabili in modo pi\\u00f9 rigoroso - immo!nvest - Die Plattform f\\u00fcr Standorte und Immobilien\",\"headline\":\"Niederlenz ridefinisce le zone edificabili in modo pi\\u00f9 rigoroso\",\"author\":{\"@id\":\"https:\\\/\\\/www.immo-invest.ch\\\/it\\\/author\\\/immovestuser\\\/#author\"},\"publisher\":{\"@id\":\"https:\\\/\\\/www.immo-invest.ch\\\/it\\\/#organization\"},\"image\":{\"@type\":\"ImageObject\",\"url\":\"https:\\\/\\\/www.immo-invest.ch\\\/wp-content\\\/uploads\\\/2026\\\/07\\\/Niederlenz-stellt-die-Bauzonen-neu-schaerfer-ein-immo-invest.png\",\"width\":1536,\"height\":768},\"datePublished\":\"2026-07-02T11:00:00+02:00\",\"dateModified\":\"2026-07-01T09:16:45+02:00\",\"inLanguage\":\"it-IT\",\"mainEntityOfPage\":{\"@id\":\"https:\\\/\\\/www.immo-invest.ch\\\/it\\\/niederlenz-stellt-die-bauzonen-neu-schaerfer-ein\\\/#webpage\"},\"isPartOf\":{\"@id\":\"https:\\\/\\\/www.immo-invest.ch\\\/it\\\/niederlenz-stellt-die-bauzonen-neu-schaerfer-ein\\\/#webpage\"},\"articleSection\":\"Mobilit\\u00e0, Pianificazione \\\/ Sviluppo, Residenziale, Bau- und Nutzungsordnung, Bauzonen, Erschliessung, Immoinvest, immoNews, Innenentwicklung, News, Niederlenz, Ortskern Ost, Optional\"},{\"@type\":\"BreadcrumbList\",\"@id\":\"https:\\\/\\\/www.immo-invest.ch\\\/it\\\/niederlenz-stellt-die-bauzonen-neu-schaerfer-ein\\\/#breadcrumblist\",\"itemListElement\":[{\"@type\":\"ListItem\",\"@id\":\"https:\\\/\\\/www.immo-invest.ch\\\/it\\\/#listItem\",\"position\":1,\"name\":\"Home\",\"item\":\"https:\\\/\\\/www.immo-invest.ch\\\/it\\\/\",\"nextItem\":{\"@type\":\"ListItem\",\"@id\":\"https:\\\/\\\/www.immo-invest.ch\\\/it\\\/categoria\\\/trends-it\\\/#listItem\",\"name\":\"Trends\"}},{\"@type\":\"ListItem\",\"@id\":\"https:\\\/\\\/www.immo-invest.ch\\\/it\\\/categoria\\\/trends-it\\\/#listItem\",\"position\":2,\"name\":\"Trends\",\"item\":\"https:\\\/\\\/www.immo-invest.ch\\\/it\\\/categoria\\\/trends-it\\\/\",\"nextItem\":{\"@type\":\"ListItem\",\"@id\":\"https:\\\/\\\/www.immo-invest.ch\\\/it\\\/categoria\\\/trends-it\\\/mobilita\\\/#listItem\",\"name\":\"Mobilit\\u00e0\"},\"previousItem\":{\"@type\":\"ListItem\",\"@id\":\"https:\\\/\\\/www.immo-invest.ch\\\/it\\\/#listItem\",\"name\":\"Home\"}},{\"@type\":\"ListItem\",\"@id\":\"https:\\\/\\\/www.immo-invest.ch\\\/it\\\/categoria\\\/trends-it\\\/mobilita\\\/#listItem\",\"position\":3,\"name\":\"Mobilit\\u00e0\",\"item\":\"https:\\\/\\\/www.immo-invest.ch\\\/it\\\/categoria\\\/trends-it\\\/mobilita\\\/\",\"nextItem\":{\"@type\":\"ListItem\",\"@id\":\"https:\\\/\\\/www.immo-invest.ch\\\/it\\\/niederlenz-stellt-die-bauzonen-neu-schaerfer-ein\\\/#listItem\",\"name\":\"Niederlenz ridefinisce le zone edificabili in modo pi\\u00f9 rigoroso\"},\"previousItem\":{\"@type\":\"ListItem\",\"@id\":\"https:\\\/\\\/www.immo-invest.ch\\\/it\\\/categoria\\\/trends-it\\\/#listItem\",\"name\":\"Trends\"}},{\"@type\":\"ListItem\",\"@id\":\"https:\\\/\\\/www.immo-invest.ch\\\/it\\\/niederlenz-stellt-die-bauzonen-neu-schaerfer-ein\\\/#listItem\",\"position\":4,\"name\":\"Niederlenz ridefinisce le zone edificabili in modo pi\\u00f9 rigoroso\",\"previousItem\":{\"@type\":\"ListItem\",\"@id\":\"https:\\\/\\\/www.immo-invest.ch\\\/it\\\/categoria\\\/trends-it\\\/mobilita\\\/#listItem\",\"name\":\"Mobilit\\u00e0\"}}]},{\"@type\":\"Organization\",\"@id\":\"https:\\\/\\\/www.immo-invest.ch\\\/it\\\/#organization\",\"name\":\"immo!nvest - Die Plattform f\\u00fcr Standorte und Immobilien\",\"description\":\"Die\\u00a0Plattform f\\u00fcr Standorte und Immobilien\",\"url\":\"https:\\\/\\\/www.immo-invest.ch\\\/it\\\/\",\"email\":\"admin@immomedia.ag\",\"telephone\":\"+41444420002\",\"logo\":{\"@type\":\"ImageObject\",\"url\":\"https:\\\/\\\/www.immo-invest.ch\\\/wp-content\\\/uploads\\\/2024\\\/09\\\/immoinvest_sm-scaled.jpg\",\"@id\":\"https:\\\/\\\/www.immo-invest.ch\\\/it\\\/niederlenz-stellt-die-bauzonen-neu-schaerfer-ein\\\/#organizationLogo\",\"width\":2560,\"height\":1340},\"image\":{\"@id\":\"https:\\\/\\\/www.immo-invest.ch\\\/it\\\/niederlenz-stellt-die-bauzonen-neu-schaerfer-ein\\\/#organizationLogo\"},\"sameAs\":[\"https:\\\/\\\/www.facebook.com\\\/people\\\/Immoinvest\\\/100077962920504\\\/\",\"https:\\\/\\\/x.com\\\/i\\\/flow\\\/login?redirect_after_login=immoinvest_ch\",\"https:\\\/\\\/www.instagram.com\\\/immoinvest_ch\\\/\",\"https:\\\/\\\/www.linkedin.com\\\/company\\\/immoinvest-swiss\"]},{\"@type\":\"Person\",\"@id\":\"https:\\\/\\\/www.immo-invest.ch\\\/it\\\/author\\\/immovestuser\\\/#author\",\"url\":\"https:\\\/\\\/www.immo-invest.ch\\\/it\\\/author\\\/immovestuser\\\/\",\"name\":\"immovestuser\",\"image\":{\"@type\":\"ImageObject\",\"@id\":\"https:\\\/\\\/www.immo-invest.ch\\\/it\\\/niederlenz-stellt-die-bauzonen-neu-schaerfer-ein\\\/#authorImage\",\"url\":\"https:\\\/\\\/secure.gravatar.com\\\/avatar\\\/8e01f4d99f2eeea7a362ebb93305e1172a70e9293ba250f897a65c39f54cdd1e?s=96&d=mm&r=g\",\"width\":96,\"height\":96,\"caption\":\"immovestuser\"}},{\"@type\":\"WebPage\",\"@id\":\"https:\\\/\\\/www.immo-invest.ch\\\/it\\\/niederlenz-stellt-die-bauzonen-neu-schaerfer-ein\\\/#webpage\",\"url\":\"https:\\\/\\\/www.immo-invest.ch\\\/it\\\/niederlenz-stellt-die-bauzonen-neu-schaerfer-ein\\\/\",\"name\":\"Niederlenz ridefinisce le zone edificabili in modo pi\\u00f9 rigoroso - immo!nvest - Die Plattform f\\u00fcr Standorte und Immobilien\",\"description\":\"Il 25 giugno 2026 il Comune di Niederlenz ha approvato il regolamento edilizio e urbanistico rivisto. Il principio fondamentale \\u00e8 chiaro: maggiore sviluppo interno, un\\u2019occupazione pi\\u00f9 densa in aree idonee e requisiti di qualit\\u00e0 pi\\u00f9 rigorosi per il tessuto urbano, gli spazi aperti e la mobilit\\u00e0.\",\"inLanguage\":\"it-IT\",\"isPartOf\":{\"@id\":\"https:\\\/\\\/www.immo-invest.ch\\\/it\\\/#website\"},\"breadcrumb\":{\"@id\":\"https:\\\/\\\/www.immo-invest.ch\\\/it\\\/niederlenz-stellt-die-bauzonen-neu-schaerfer-ein\\\/#breadcrumblist\"},\"author\":{\"@id\":\"https:\\\/\\\/www.immo-invest.ch\\\/it\\\/author\\\/immovestuser\\\/#author\"},\"creator\":{\"@id\":\"https:\\\/\\\/www.immo-invest.ch\\\/it\\\/author\\\/immovestuser\\\/#author\"},\"image\":{\"@type\":\"ImageObject\",\"url\":\"https:\\\/\\\/www.immo-invest.ch\\\/wp-content\\\/uploads\\\/2026\\\/07\\\/Niederlenz-stellt-die-Bauzonen-neu-schaerfer-ein-immo-invest.png\",\"@id\":\"https:\\\/\\\/www.immo-invest.ch\\\/it\\\/niederlenz-stellt-die-bauzonen-neu-schaerfer-ein\\\/#mainImage\",\"width\":1536,\"height\":768},\"primaryImageOfPage\":{\"@id\":\"https:\\\/\\\/www.immo-invest.ch\\\/it\\\/niederlenz-stellt-die-bauzonen-neu-schaerfer-ein\\\/#mainImage\"},\"datePublished\":\"2026-07-02T11:00:00+02:00\",\"dateModified\":\"2026-07-01T09:16:45+02:00\"},{\"@type\":\"WebSite\",\"@id\":\"https:\\\/\\\/www.immo-invest.ch\\\/it\\\/#website\",\"url\":\"https:\\\/\\\/www.immo-invest.ch\\\/it\\\/\",\"name\":\"immo!nvest - Die Plattform f\\u00fcr Standorte und Immobilien\",\"description\":\"Die\\u00a0Plattform f\\u00fcr Standorte und Immobilien\",\"inLanguage\":\"it-IT\",\"publisher\":{\"@id\":\"https:\\\/\\\/www.immo-invest.ch\\\/it\\\/#organization\"}}]}\n\t\t<\/script>\n\t\t<!-- All in One SEO -->\n\n","aioseo_head_json":{"title":"Niederlenz ridefinisce le zone edificabili in modo pi\u00f9 rigoroso - immo!nvest - Die Plattform f\u00fcr Standorte und Immobilien","description":"Il 25 giugno 2026 il Comune di Niederlenz ha approvato il regolamento edilizio e urbanistico rivisto. Il principio fondamentale \u00e8 chiaro: maggiore sviluppo interno, un\u2019occupazione pi\u00f9 densa in aree idonee e requisiti di qualit\u00e0 pi\u00f9 rigorosi per il tessuto urbano, gli spazi aperti e la mobilit\u00e0.","canonical_url":"https:\/\/www.immo-invest.ch\/it\/niederlenz-stellt-die-bauzonen-neu-schaerfer-ein\/","robots":"max-image-preview:large","keywords":"","webmasterTools":{"google-site-verification":"fHJKvgWpZCR2zVBHWfkQeFXC11qieUSff0HGNYfuyLA","miscellaneous":""},"schema":{"@context":"https:\/\/schema.org","@graph":[{"@type":"BlogPosting","@id":"https:\/\/www.immo-invest.ch\/it\/niederlenz-stellt-die-bauzonen-neu-schaerfer-ein\/#blogposting","name":"Niederlenz ridefinisce le zone edificabili in modo pi\u00f9 rigoroso - immo!nvest - Die Plattform f\u00fcr Standorte und Immobilien","headline":"Niederlenz ridefinisce le zone edificabili in modo pi\u00f9 rigoroso","author":{"@id":"https:\/\/www.immo-invest.ch\/it\/author\/immovestuser\/#author"},"publisher":{"@id":"https:\/\/www.immo-invest.ch\/it\/#organization"},"image":{"@type":"ImageObject","url":"https:\/\/www.immo-invest.ch\/wp-content\/uploads\/2026\/07\/Niederlenz-stellt-die-Bauzonen-neu-schaerfer-ein-immo-invest.png","width":1536,"height":768},"datePublished":"2026-07-02T11:00:00+02:00","dateModified":"2026-07-01T09:16:45+02:00","inLanguage":"it-IT","mainEntityOfPage":{"@id":"https:\/\/www.immo-invest.ch\/it\/niederlenz-stellt-die-bauzonen-neu-schaerfer-ein\/#webpage"},"isPartOf":{"@id":"https:\/\/www.immo-invest.ch\/it\/niederlenz-stellt-die-bauzonen-neu-schaerfer-ein\/#webpage"},"articleSection":"Mobilit\u00e0, Pianificazione \/ Sviluppo, Residenziale, Bau- und Nutzungsordnung, Bauzonen, Erschliessung, Immoinvest, immoNews, Innenentwicklung, News, Niederlenz, Ortskern Ost, Optional"},{"@type":"BreadcrumbList","@id":"https:\/\/www.immo-invest.ch\/it\/niederlenz-stellt-die-bauzonen-neu-schaerfer-ein\/#breadcrumblist","itemListElement":[{"@type":"ListItem","@id":"https:\/\/www.immo-invest.ch\/it\/#listItem","position":1,"name":"Home","item":"https:\/\/www.immo-invest.ch\/it\/","nextItem":{"@type":"ListItem","@id":"https:\/\/www.immo-invest.ch\/it\/categoria\/trends-it\/#listItem","name":"Trends"}},{"@type":"ListItem","@id":"https:\/\/www.immo-invest.ch\/it\/categoria\/trends-it\/#listItem","position":2,"name":"Trends","item":"https:\/\/www.immo-invest.ch\/it\/categoria\/trends-it\/","nextItem":{"@type":"ListItem","@id":"https:\/\/www.immo-invest.ch\/it\/categoria\/trends-it\/mobilita\/#listItem","name":"Mobilit\u00e0"},"previousItem":{"@type":"ListItem","@id":"https:\/\/www.immo-invest.ch\/it\/#listItem","name":"Home"}},{"@type":"ListItem","@id":"https:\/\/www.immo-invest.ch\/it\/categoria\/trends-it\/mobilita\/#listItem","position":3,"name":"Mobilit\u00e0","item":"https:\/\/www.immo-invest.ch\/it\/categoria\/trends-it\/mobilita\/","nextItem":{"@type":"ListItem","@id":"https:\/\/www.immo-invest.ch\/it\/niederlenz-stellt-die-bauzonen-neu-schaerfer-ein\/#listItem","name":"Niederlenz ridefinisce le zone edificabili in modo pi\u00f9 rigoroso"},"previousItem":{"@type":"ListItem","@id":"https:\/\/www.immo-invest.ch\/it\/categoria\/trends-it\/#listItem","name":"Trends"}},{"@type":"ListItem","@id":"https:\/\/www.immo-invest.ch\/it\/niederlenz-stellt-die-bauzonen-neu-schaerfer-ein\/#listItem","position":4,"name":"Niederlenz ridefinisce le zone edificabili in modo pi\u00f9 rigoroso","previousItem":{"@type":"ListItem","@id":"https:\/\/www.immo-invest.ch\/it\/categoria\/trends-it\/mobilita\/#listItem","name":"Mobilit\u00e0"}}]},{"@type":"Organization","@id":"https:\/\/www.immo-invest.ch\/it\/#organization","name":"immo!nvest - Die Plattform f\u00fcr Standorte und Immobilien","description":"Die\u00a0Plattform f\u00fcr Standorte und Immobilien","url":"https:\/\/www.immo-invest.ch\/it\/","email":"admin@immomedia.ag","telephone":"+41444420002","logo":{"@type":"ImageObject","url":"https:\/\/www.immo-invest.ch\/wp-content\/uploads\/2024\/09\/immoinvest_sm-scaled.jpg","@id":"https:\/\/www.immo-invest.ch\/it\/niederlenz-stellt-die-bauzonen-neu-schaerfer-ein\/#organizationLogo","width":2560,"height":1340},"image":{"@id":"https:\/\/www.immo-invest.ch\/it\/niederlenz-stellt-die-bauzonen-neu-schaerfer-ein\/#organizationLogo"},"sameAs":["https:\/\/www.facebook.com\/people\/Immoinvest\/100077962920504\/","https:\/\/x.com\/i\/flow\/login?redirect_after_login=immoinvest_ch","https:\/\/www.instagram.com\/immoinvest_ch\/","https:\/\/www.linkedin.com\/company\/immoinvest-swiss"]},{"@type":"Person","@id":"https:\/\/www.immo-invest.ch\/it\/author\/immovestuser\/#author","url":"https:\/\/www.immo-invest.ch\/it\/author\/immovestuser\/","name":"immovestuser","image":{"@type":"ImageObject","@id":"https:\/\/www.immo-invest.ch\/it\/niederlenz-stellt-die-bauzonen-neu-schaerfer-ein\/#authorImage","url":"https:\/\/secure.gravatar.com\/avatar\/8e01f4d99f2eeea7a362ebb93305e1172a70e9293ba250f897a65c39f54cdd1e?s=96&d=mm&r=g","width":96,"height":96,"caption":"immovestuser"}},{"@type":"WebPage","@id":"https:\/\/www.immo-invest.ch\/it\/niederlenz-stellt-die-bauzonen-neu-schaerfer-ein\/#webpage","url":"https:\/\/www.immo-invest.ch\/it\/niederlenz-stellt-die-bauzonen-neu-schaerfer-ein\/","name":"Niederlenz ridefinisce le zone edificabili in modo pi\u00f9 rigoroso - immo!nvest - Die Plattform f\u00fcr Standorte und Immobilien","description":"Il 25 giugno 2026 il Comune di Niederlenz ha approvato il regolamento edilizio e urbanistico rivisto. Il principio fondamentale \u00e8 chiaro: maggiore sviluppo interno, un\u2019occupazione pi\u00f9 densa in aree idonee e requisiti di qualit\u00e0 pi\u00f9 rigorosi per il tessuto urbano, gli spazi aperti e la mobilit\u00e0.","inLanguage":"it-IT","isPartOf":{"@id":"https:\/\/www.immo-invest.ch\/it\/#website"},"breadcrumb":{"@id":"https:\/\/www.immo-invest.ch\/it\/niederlenz-stellt-die-bauzonen-neu-schaerfer-ein\/#breadcrumblist"},"author":{"@id":"https:\/\/www.immo-invest.ch\/it\/author\/immovestuser\/#author"},"creator":{"@id":"https:\/\/www.immo-invest.ch\/it\/author\/immovestuser\/#author"},"image":{"@type":"ImageObject","url":"https:\/\/www.immo-invest.ch\/wp-content\/uploads\/2026\/07\/Niederlenz-stellt-die-Bauzonen-neu-schaerfer-ein-immo-invest.png","@id":"https:\/\/www.immo-invest.ch\/it\/niederlenz-stellt-die-bauzonen-neu-schaerfer-ein\/#mainImage","width":1536,"height":768},"primaryImageOfPage":{"@id":"https:\/\/www.immo-invest.ch\/it\/niederlenz-stellt-die-bauzonen-neu-schaerfer-ein\/#mainImage"},"datePublished":"2026-07-02T11:00:00+02:00","dateModified":"2026-07-01T09:16:45+02:00"},{"@type":"WebSite","@id":"https:\/\/www.immo-invest.ch\/it\/#website","url":"https:\/\/www.immo-invest.ch\/it\/","name":"immo!nvest - Die Plattform f\u00fcr Standorte und Immobilien","description":"Die\u00a0Plattform f\u00fcr Standorte und Immobilien","inLanguage":"it-IT","publisher":{"@id":"https:\/\/www.immo-invest.ch\/it\/#organization"}}]},"og:locale":"it_IT","og:site_name":"immo!nvest - Die Plattform f\u00fcr Standorte und Immobilien - Die\u00a0Plattform f\u00fcr Standorte und Immobilien","og:type":"article","og:title":"Niederlenz ridefinisce le zone edificabili in modo pi\u00f9 rigoroso - immo!nvest - Die Plattform f\u00fcr Standorte und Immobilien","og:description":"Il 25 giugno 2026 il Comune di Niederlenz ha approvato il regolamento edilizio e urbanistico rivisto. Il principio fondamentale \u00e8 chiaro: maggiore sviluppo interno, un\u2019occupazione pi\u00f9 densa in aree idonee e requisiti di qualit\u00e0 pi\u00f9 rigorosi per il tessuto urbano, gli spazi aperti e la mobilit\u00e0.","og:url":"https:\/\/www.immo-invest.ch\/it\/niederlenz-stellt-die-bauzonen-neu-schaerfer-ein\/","og:image":"https:\/\/www.immo-invest.ch\/wp-content\/uploads\/2026\/07\/Niederlenz-stellt-die-Bauzonen-neu-schaerfer-ein-immo-invest.png","og:image:secure_url":"https:\/\/www.immo-invest.ch\/wp-content\/uploads\/2026\/07\/Niederlenz-stellt-die-Bauzonen-neu-schaerfer-ein-immo-invest.png","og:image:width":1536,"og:image:height":768,"article:published_time":"2026-07-02T09:00:00+00:00","article:modified_time":"2026-07-01T07:16:45+00:00","article:publisher":"https:\/\/www.facebook.com\/people\/Immoinvest\/100077962920504\/","twitter:card":"summary_large_image","twitter:site":"@i","twitter:title":"Niederlenz ridefinisce le zone edificabili in modo pi\u00f9 rigoroso - immo!nvest - Die Plattform f\u00fcr Standorte und Immobilien","twitter:description":"Il 25 giugno 2026 il Comune di Niederlenz ha approvato il regolamento edilizio e urbanistico rivisto. Il principio fondamentale \u00e8 chiaro: maggiore sviluppo interno, un\u2019occupazione pi\u00f9 densa in aree idonee e requisiti di qualit\u00e0 pi\u00f9 rigorosi per il tessuto urbano, gli spazi aperti e la mobilit\u00e0.","twitter:creator":"@i","twitter:image":"https:\/\/www.immo-invest.ch\/wp-content\/uploads\/2026\/07\/Niederlenz-stellt-die-Bauzonen-neu-schaerfer-ein-immo-invest.png"},"aioseo_meta_data":{"post_id":"160269","title":null,"description":null,"keywords":null,"keyphrases":{"focus":{"keyphrase":"","score":0,"analysis":{"keyphraseInTitle":{"score":0,"maxScore":9,"error":1}}},"additional":[]},"primary_term":null,"canonical_url":null,"og_title":null,"og_description":null,"og_object_type":"default","og_image_type":"default","og_image_url":null,"og_image_width":null,"og_image_height":null,"og_image_custom_url":null,"og_image_custom_fields":null,"og_video":"","og_custom_url":null,"og_article_section":null,"og_article_tags":null,"twitter_use_og":false,"twitter_card":"default","twitter_image_type":"default","twitter_image_url":null,"twitter_image_custom_url":null,"twitter_image_custom_fields":null,"twitter_title":null,"twitter_description":null,"schema":{"blockGraphs":[],"customGraphs":[],"default":{"data":{"Article":[],"Course":[],"Dataset":[],"FAQPage":[],"Movie":[],"Person":[],"Product":[],"ProductReview":[],"Car":[],"Recipe":[],"Service":[],"SoftwareApplication":[],"WebPage":[]},"graphName":"BlogPosting","isEnabled":true},"graphs":[]},"schema_type":"default","schema_type_options":null,"pillar_content":false,"robots_default":true,"robots_noindex":false,"robots_noarchive":false,"robots_nosnippet":false,"robots_nofollow":false,"robots_noimageindex":false,"robots_noodp":false,"robots_notranslate":false,"robots_max_snippet":"-1","robots_max_videopreview":"-1","robots_max_imagepreview":"large","priority":null,"frequency":"default","local_seo":null,"breadcrumb_settings":null,"limit_modified_date":false,"ai":{"faqs":[],"keyPoints":[],"schemas":[],"titles":[],"descriptions":[],"socialPosts":{"email":{"subject":"","preview":"","content":""},"linkedin":[],"twitter":[],"facebook":[],"instagram":[]}},"created":"2026-07-01 07:16:00","updated":"2026-07-02 12:44:02","seo_analyzer_scan_date":null,"focus_keyword":null,"additional_keywords":null,"truseo_locale":null},"aioseo_breadcrumb":"<div class=\"aioseo-breadcrumbs\"><span class=\"aioseo-breadcrumb\">\n\t\t\t<a href=\"https:\/\/www.immo-invest.ch\/it\/\" title=\"Home\">Home<\/a>\n\t\t<\/span><span class=\"aioseo-breadcrumb-separator\">&raquo;<\/span><span class=\"aioseo-breadcrumb\">\n\t\t\t<a href=\"https:\/\/www.immo-invest.ch\/it\/categoria\/trends-it\/\" title=\"Trends\">Trends<\/a>\n\t\t<\/span><span class=\"aioseo-breadcrumb-separator\">&raquo;<\/span><span class=\"aioseo-breadcrumb\">\n\t\t\t<a href=\"https:\/\/www.immo-invest.ch\/it\/categoria\/trends-it\/mobilita\/\" title=\"Mobilit\u00e0\">Mobilit\u00e0<\/a>\n\t\t<\/span><span class=\"aioseo-breadcrumb-separator\">&raquo;<\/span><span class=\"aioseo-breadcrumb\">\n\t\t\tNiederlenz ridefinisce le zone edificabili in modo pi\u00f9 rigoroso\n\t\t<\/span><\/div>","aioseo_breadcrumb_json":[{"label":"Home","link":"https:\/\/www.immo-invest.ch\/it\/"},{"label":"Trends","link":"https:\/\/www.immo-invest.ch\/it\/categoria\/trends-it\/"},{"label":"Mobilit\u00e0","link":"https:\/\/www.immo-invest.ch\/it\/categoria\/trends-it\/mobilita\/"},{"label":"Niederlenz ridefinisce le zone edificabili in modo pi\u00f9 rigoroso","link":"https:\/\/www.immo-invest.ch\/it\/niederlenz-stellt-die-bauzonen-neu-schaerfer-ein\/"}],"featured_image_src":"https:\/\/www.immo-invest.ch\/wp-content\/uploads\/2026\/07\/Niederlenz-stellt-die-Bauzonen-neu-schaerfer-ein-immo-invest-336x168.png","_links":{"self":[{"href":"https:\/\/www.immo-invest.ch\/it\/wp-json\/wp\/v2\/posts\/160269","targetHints":{"allow":["GET"]}}],"collection":[{"href":"https:\/\/www.immo-invest.ch\/it\/wp-json\/wp\/v2\/posts"}],"about":[{"href":"https:\/\/www.immo-invest.ch\/it\/wp-json\/wp\/v2\/types\/post"}],"author":[{"embeddable":true,"href":"https:\/\/www.immo-invest.ch\/it\/wp-json\/wp\/v2\/users\/2"}],"replies":[{"embeddable":true,"href":"https:\/\/www.immo-invest.ch\/it\/wp-json\/wp\/v2\/comments?post=160269"}],"version-history":[{"count":3,"href":"https:\/\/www.immo-invest.ch\/it\/wp-json\/wp\/v2\/posts\/160269\/revisions"}],"predecessor-version":[{"id":160277,"href":"https:\/\/www.immo-invest.ch\/it\/wp-json\/wp\/v2\/posts\/160269\/revisions\/160277"}],"wp:featuredmedia":[{"embeddable":true,"href":"https:\/\/www.immo-invest.ch\/it\/wp-json\/wp\/v2\/media\/160270"}],"wp:attachment":[{"href":"https:\/\/www.immo-invest.ch\/it\/wp-json\/wp\/v2\/media?parent=160269"}],"wp:term":[{"taxonomy":"category","embeddable":true,"href":"https:\/\/www.immo-invest.ch\/it\/wp-json\/wp\/v2\/categories?post=160269"},{"taxonomy":"post_tag","embeddable":true,"href":"https:\/\/www.immo-invest.ch\/it\/wp-json\/wp\/v2\/tags?post=160269"}],"curies":[{"name":"wp","href":"https:\/\/api.w.org\/{rel}","templated":true}]}}