{"id":159989,"date":"2026-06-29T19:00:00","date_gmt":"2026-06-29T17:00:00","guid":{"rendered":"https:\/\/www.immo-invest.ch\/?p=159989"},"modified":"2026-06-26T16:37:57","modified_gmt":"2026-06-26T14:37:57","slug":"st-gallen-schaerft-das-zukunftsbild-fuer-lerchenfeld","status":"publish","type":"post","link":"https:\/\/www.immo-invest.ch\/it\/st-gallen-schaerft-das-zukunftsbild-fuer-lerchenfeld\/","title":{"rendered":"San Gallo definisce con maggiore precisione la visione futura per Lerchenfeld"},"content":{"rendered":"<p>Nella zona occidentale di San Gallo, il quartiere di Lerchenfeld non dovr&agrave; essere semplicemente densificato, ma riorganizzato. Il piano di sviluppo ora presentato integra ulteriori spazi lavorativi e residenziali con una rete di spazi pubblici costituita da corridoi verdi, sentieri e collegamenti simili a piazze. Ci&ograve; &egrave; particolarmente rilevante per lo sviluppo immobiliare, poich&eacute; in questo modo la citt&agrave; definisce tempestivamente un quadro di riferimento per le modifiche alla destinazione d&rsquo;uso, i piani di zona parziali e i successivi sviluppi dell&rsquo;area.<\/p>\n<p>L&rsquo;obiettivo principale rimane chiaro: anche in futuro il Lerchenfeld dovr&agrave; essere innanzitutto un&rsquo;area lavorativa, ma allo stesso tempo dovr&agrave; accogliere una quota significativamente maggiore di destinazioni residenziali. Partendo dalle superfici indicate nel documento di riferimento &ndash; attualmente circa 5&rsquo;000 metri quadrati destinati all&rsquo;edilizia residenziale e 60&rsquo;000 metri quadrati a quelli lavorativi &ndash; la citt&agrave; prospetta per l&rsquo;area, che si estende su circa dieci ettari, un potenziale notevolmente superiore. Maggiori densit&agrave; e altezze degli edifici sono espressamente parte integrante della strategia.<\/p>\n<p><strong>La stazione come motore<br><\/strong>Secondo i dati disponibili, il Comune considera la futura doppia stazione di Bruggen-Haggen come una leva infrastrutturale per l&rsquo;area. Il piano di sviluppo pubblicato nel 2025 per l&rsquo;area circostante la stazione parla di un potenziale aggiuntivo di superficie edificabile di circa 80&rsquo;000 metri quadrati e descrive l&rsquo;accorpamento delle stazioni come impulso per un&rsquo;area urbana dedicata al lavoro e all&rsquo;abitazione. Per il 2026 &egrave; previsto l&rsquo;avvio delle procedure per la riclassificazione in zone prioritarie, mentre il credito d&rsquo;esecuzione per la stazione dovr&agrave; essere presentato al Consiglio comunale entro la fine del 2026.<\/p>\n<p>Lerchenfeld entra cos&igrave; in una fase preliminare alla progettazione vera e propria, spesso determinante per proprietari e sviluppatori. Chi possiede terreni in questo corridoio ottiene una maggiore sicurezza nella pianificazione, ma deve al contempo prepararsi a un coordinamento tra i vari lotti. Il Comune non promuove singoli edifici isolati, bens&igrave; un quadro di sviluppo coordinato.<\/p>\n<p><strong>Maggiore densit&agrave;, ma non solo in termini di altezza<br><\/strong>Nel documento preliminare si parla di possibili altezze degli edifici fino a 45 metri e, in casi eccezionali, anche superiori. Ci&ograve; &egrave; in linea con l&rsquo;orientamento del modello ufficiale, che prevede quote abitative, densit&agrave; e altezze diverse a seconda della zona. Allo stesso tempo, il valore aggiunto urbanistico non risiede esclusivamente nell&rsquo;aggiunta di piani supplementari. Sono determinanti il collegamento con la nuova stazione, uno spazio pubblico multifunzionale tra gli edifici e uno spazio verde continuo lungo i corsi d&rsquo;acqua.<\/p>\n<p>Proprio questa combinazione &egrave; fondamentale per lo sviluppo dell&rsquo;area. L&rsquo;area non deve solo ospitare una maggiore superficie utile, ma deve anche essere percepita come un quartiere e uno spazio lavorativo coerente. Per gli investimenti futuri ci&ograve; significa che la qualit&agrave; dei piani terra, i collegamenti viari e la gestione degli spazi aperti dovrebbero diventare importanti tanto quanto gli indici di sfruttamento e le altezze degli edifici.<\/p>\n<p><strong>La pianificazione locale si concretizza<br><\/strong>Secondo informazioni di dominio pubblico, la linea guida confluisce nell&rsquo;attuale revisione del piano locale. Allo stesso tempo, la citt&agrave; sta accelerando alcune procedure di riclassificazione. Cresce cos&igrave; la pressione per tradurre rapidamente gli obiettivi spaziali in strumenti giuridicamente validi dal punto di vista urbanistico. Il rispetto di questa ambiziosa tabella di marcia dipende tuttavia ancora dalle decisioni politiche e da eventuali ricorsi. Per il mercato, tuttavia, la direzione &egrave; ormai tracciata: Lerchenfeld viene preparato come area di sviluppo a uso misto nella zona occidentale di San Gallo, con la stazione ferroviaria come motore trainante e con requisiti nettamente pi&ugrave; elevati in termini di densit&agrave;, spazi aperti e cooperazione.<\/p>\n","protected":false},"excerpt":{"rendered":"<p>Nella zona occidentale di San Gallo, nei prossimi due decenni Lerchenfeld \u00e8 destinata a diventare pi\u00f9 densamente popolata, pi\u00f9 alta e pi\u00f9 eterogenea. Il nuovo piano di sviluppo prevede la creazione di ulteriori spazi residenziali e lavorativi collegati alla futura stazione doppia di Bruggen-Haggen e a nuovi spazi verdi e percorsi pedonali.<\/p>\n","protected":false},"author":2,"featured_media":159991,"comment_status":"open","ping_status":"open","sticky":false,"template":"","format":"standard","meta":{"pmpro_default_level":"","inline_featured_image":false,"_monsterinsights_skip_tracking":false,"footnotes":""},"categories":[22704,56028,55992,56004,9455],"tags":[1246,59930,867,3935,59931,2006,59272,2569,53125],"class_list":["post-159989","post","type-post","status-publish","format-standard","has-post-thumbnail","hentry","category-mobilita","category-pianificazione-sviluppo","category-quartieri-aree","category-residenziale","category-regione-san-gallo","tag-arealentwicklung-it","tag-doppelbahnhof-bruggen-haggen","tag-immoinvest-it","tag-immonews-it","tag-lerchenfeld","tag-news-it","tag-ortsplanungsrevision","tag-stgallen-it","tag-umzonung-it","pmpro-has-access"],"acf":{"bild_mit_ki_erstellt_worden":["Ja"],"lead":"Nella zona occidentale di San Gallo, nei prossimi due decenni Lerchenfeld \u00e8 destinata a diventare pi\u00f9 densamente popolata, pi\u00f9 alta e pi\u00f9 eterogenea. Il nuovo piano di sviluppo prevede la creazione di ulteriori spazi residenziali e lavorativi collegati alla futura stazione doppia di Bruggen-Haggen e a nuovi spazi verdi e percorsi pedonali.","autor":"","ort":"","bildunterschrift":"","bild_im_grid":false,"gallerie":"","newsim":"3072"},"aioseo_notices":[],"aioseo_head":"\n\t\t<!-- All in One SEO 5.0.0.1 - aioseo.com -->\n\t<meta name=\"description\" content=\"Nella zona occidentale di San Gallo, nei prossimi due decenni Lerchenfeld \u00e8 destinata a diventare pi\u00f9 densamente popolata, pi\u00f9 alta e pi\u00f9 eterogenea. Il nuovo piano di sviluppo prevede la creazione di ulteriori spazi residenziali e lavorativi collegati alla futura stazione doppia di Bruggen-Haggen e a nuovi spazi verdi e percorsi pedonali.\" \/>\n\t<meta name=\"robots\" content=\"max-image-preview:large\" \/>\n\t<meta name=\"author\" content=\"immovestuser\"\/>\n\t<meta name=\"google-site-verification\" content=\"fHJKvgWpZCR2zVBHWfkQeFXC11qieUSff0HGNYfuyLA\" \/>\n\t<link rel=\"canonical\" href=\"https:\/\/www.immo-invest.ch\/it\/st-gallen-schaerft-das-zukunftsbild-fuer-lerchenfeld\/\" \/>\n\t<meta name=\"generator\" content=\"All in One SEO (AIOSEO) 5.0.0.1\" \/>\n\t\t<meta property=\"og:locale\" content=\"it_IT\" \/>\n\t\t<meta property=\"og:site_name\" content=\"immo!nvest - Die Plattform f\u00fcr Standorte und Immobilien - Die\u00a0Plattform f\u00fcr Standorte und Immobilien\" \/>\n\t\t<meta property=\"og:type\" content=\"article\" \/>\n\t\t<meta property=\"og:title\" content=\"San Gallo definisce con maggiore precisione la visione futura per Lerchenfeld - immo!nvest - Die Plattform f\u00fcr Standorte und Immobilien\" \/>\n\t\t<meta property=\"og:description\" content=\"Nella zona occidentale di San Gallo, nei prossimi due decenni Lerchenfeld \u00e8 destinata a diventare pi\u00f9 densamente popolata, pi\u00f9 alta e pi\u00f9 eterogenea. Il nuovo piano di sviluppo prevede la creazione di ulteriori spazi residenziali e lavorativi collegati alla futura stazione doppia di Bruggen-Haggen e a nuovi spazi verdi e percorsi pedonali.\" \/>\n\t\t<meta property=\"og:url\" content=\"https:\/\/www.immo-invest.ch\/it\/st-gallen-schaerft-das-zukunftsbild-fuer-lerchenfeld\/\" \/>\n\t\t<meta property=\"og:image\" content=\"https:\/\/www.immo-invest.ch\/wp-content\/uploads\/2026\/06\/St.Gallen-schaerft-das-Zukunftsbild-fuer-Lerchenfeld-immo-invest.png\" \/>\n\t\t<meta property=\"og:image:secure_url\" content=\"https:\/\/www.immo-invest.ch\/wp-content\/uploads\/2026\/06\/St.Gallen-schaerft-das-Zukunftsbild-fuer-Lerchenfeld-immo-invest.png\" \/>\n\t\t<meta property=\"og:image:width\" content=\"1536\" \/>\n\t\t<meta property=\"og:image:height\" content=\"768\" \/>\n\t\t<meta property=\"article:published_time\" content=\"2026-06-29T17:00:00+00:00\" \/>\n\t\t<meta property=\"article:modified_time\" content=\"2026-06-26T14:37:57+00:00\" \/>\n\t\t<meta property=\"article:publisher\" content=\"https:\/\/www.facebook.com\/people\/Immoinvest\/100077962920504\/\" \/>\n\t\t<meta name=\"twitter:card\" content=\"summary_large_image\" \/>\n\t\t<meta name=\"twitter:site\" content=\"@i\" \/>\n\t\t<meta name=\"twitter:title\" content=\"San Gallo definisce con maggiore precisione la visione futura per Lerchenfeld - immo!nvest - Die Plattform f\u00fcr Standorte und Immobilien\" \/>\n\t\t<meta name=\"twitter:description\" content=\"Nella zona occidentale di San Gallo, nei prossimi due decenni Lerchenfeld \u00e8 destinata a diventare pi\u00f9 densamente popolata, pi\u00f9 alta e pi\u00f9 eterogenea. Il nuovo piano di sviluppo prevede la creazione di ulteriori spazi residenziali e lavorativi collegati alla futura stazione doppia di Bruggen-Haggen e a nuovi spazi verdi e percorsi pedonali.\" \/>\n\t\t<meta name=\"twitter:creator\" content=\"@i\" \/>\n\t\t<meta name=\"twitter:image\" content=\"https:\/\/www.immo-invest.ch\/wp-content\/uploads\/2026\/06\/St.Gallen-schaerft-das-Zukunftsbild-fuer-Lerchenfeld-immo-invest.png\" \/>\n\t\t<script type=\"application\/ld+json\" class=\"aioseo-schema\">\n\t\t\t{\"@context\":\"https:\\\/\\\/schema.org\",\"@graph\":[{\"@type\":\"BlogPosting\",\"@id\":\"https:\\\/\\\/www.immo-invest.ch\\\/it\\\/st-gallen-schaerft-das-zukunftsbild-fuer-lerchenfeld\\\/#blogposting\",\"name\":\"San Gallo definisce con maggiore precisione la visione futura per Lerchenfeld - immo!nvest - Die Plattform f\\u00fcr Standorte und Immobilien\",\"headline\":\"San Gallo definisce con maggiore precisione la visione futura per Lerchenfeld\",\"author\":{\"@id\":\"https:\\\/\\\/www.immo-invest.ch\\\/it\\\/author\\\/immovestuser\\\/#author\"},\"publisher\":{\"@id\":\"https:\\\/\\\/www.immo-invest.ch\\\/it\\\/#organization\"},\"image\":{\"@type\":\"ImageObject\",\"url\":\"https:\\\/\\\/www.immo-invest.ch\\\/wp-content\\\/uploads\\\/2026\\\/06\\\/St.Gallen-schaerft-das-Zukunftsbild-fuer-Lerchenfeld-immo-invest.png\",\"width\":1536,\"height\":768},\"datePublished\":\"2026-06-29T19:00:00+02:00\",\"dateModified\":\"2026-06-26T16:37:57+02:00\",\"inLanguage\":\"it-IT\",\"mainEntityOfPage\":{\"@id\":\"https:\\\/\\\/www.immo-invest.ch\\\/it\\\/st-gallen-schaerft-das-zukunftsbild-fuer-lerchenfeld\\\/#webpage\"},\"isPartOf\":{\"@id\":\"https:\\\/\\\/www.immo-invest.ch\\\/it\\\/st-gallen-schaerft-das-zukunftsbild-fuer-lerchenfeld\\\/#webpage\"},\"articleSection\":\"Mobilit\\u00e0, Pianificazione \\\/ Sviluppo, Quartieri \\\/ Aree, Residenziale, San Gallo, Arealentwicklung, Doppelbahnhof Bruggen-Haggen, Immoinvest, immoNews, Lerchenfeld, News, Ortsplanungsrevision, StGallen, Umzonung, Optional\"},{\"@type\":\"BreadcrumbList\",\"@id\":\"https:\\\/\\\/www.immo-invest.ch\\\/it\\\/st-gallen-schaerft-das-zukunftsbild-fuer-lerchenfeld\\\/#breadcrumblist\",\"itemListElement\":[{\"@type\":\"ListItem\",\"@id\":\"https:\\\/\\\/www.immo-invest.ch\\\/it\\\/#listItem\",\"position\":1,\"name\":\"Home\",\"item\":\"https:\\\/\\\/www.immo-invest.ch\\\/it\\\/\",\"nextItem\":{\"@type\":\"ListItem\",\"@id\":\"https:\\\/\\\/www.immo-invest.ch\\\/it\\\/categoria\\\/regioni\\\/#listItem\",\"name\":\"Regioni\"}},{\"@type\":\"ListItem\",\"@id\":\"https:\\\/\\\/www.immo-invest.ch\\\/it\\\/categoria\\\/regioni\\\/#listItem\",\"position\":2,\"name\":\"Regioni\",\"item\":\"https:\\\/\\\/www.immo-invest.ch\\\/it\\\/categoria\\\/regioni\\\/\",\"nextItem\":{\"@type\":\"ListItem\",\"@id\":\"https:\\\/\\\/www.immo-invest.ch\\\/it\\\/categoria\\\/regioni\\\/svizzera\\\/#listItem\",\"name\":\"Svizzera\"},\"previousItem\":{\"@type\":\"ListItem\",\"@id\":\"https:\\\/\\\/www.immo-invest.ch\\\/it\\\/#listItem\",\"name\":\"Home\"}},{\"@type\":\"ListItem\",\"@id\":\"https:\\\/\\\/www.immo-invest.ch\\\/it\\\/categoria\\\/regioni\\\/svizzera\\\/#listItem\",\"position\":3,\"name\":\"Svizzera\",\"item\":\"https:\\\/\\\/www.immo-invest.ch\\\/it\\\/categoria\\\/regioni\\\/svizzera\\\/\",\"nextItem\":{\"@type\":\"ListItem\",\"@id\":\"https:\\\/\\\/www.immo-invest.ch\\\/it\\\/categoria\\\/regioni\\\/svizzera\\\/svizzera-orientale\\\/#listItem\",\"name\":\"Svizzera orientale\"},\"previousItem\":{\"@type\":\"ListItem\",\"@id\":\"https:\\\/\\\/www.immo-invest.ch\\\/it\\\/categoria\\\/regioni\\\/#listItem\",\"name\":\"Regioni\"}},{\"@type\":\"ListItem\",\"@id\":\"https:\\\/\\\/www.immo-invest.ch\\\/it\\\/categoria\\\/regioni\\\/svizzera\\\/svizzera-orientale\\\/#listItem\",\"position\":4,\"name\":\"Svizzera orientale\",\"item\":\"https:\\\/\\\/www.immo-invest.ch\\\/it\\\/categoria\\\/regioni\\\/svizzera\\\/svizzera-orientale\\\/\",\"nextItem\":{\"@type\":\"ListItem\",\"@id\":\"https:\\\/\\\/www.immo-invest.ch\\\/it\\\/categoria\\\/regioni\\\/svizzera\\\/svizzera-orientale\\\/regione-san-gallo\\\/#listItem\",\"name\":\"San Gallo\"},\"previousItem\":{\"@type\":\"ListItem\",\"@id\":\"https:\\\/\\\/www.immo-invest.ch\\\/it\\\/categoria\\\/regioni\\\/svizzera\\\/#listItem\",\"name\":\"Svizzera\"}},{\"@type\":\"ListItem\",\"@id\":\"https:\\\/\\\/www.immo-invest.ch\\\/it\\\/categoria\\\/regioni\\\/svizzera\\\/svizzera-orientale\\\/regione-san-gallo\\\/#listItem\",\"position\":5,\"name\":\"San Gallo\",\"item\":\"https:\\\/\\\/www.immo-invest.ch\\\/it\\\/categoria\\\/regioni\\\/svizzera\\\/svizzera-orientale\\\/regione-san-gallo\\\/\",\"nextItem\":{\"@type\":\"ListItem\",\"@id\":\"https:\\\/\\\/www.immo-invest.ch\\\/it\\\/st-gallen-schaerft-das-zukunftsbild-fuer-lerchenfeld\\\/#listItem\",\"name\":\"San Gallo definisce con maggiore precisione la visione futura per Lerchenfeld\"},\"previousItem\":{\"@type\":\"ListItem\",\"@id\":\"https:\\\/\\\/www.immo-invest.ch\\\/it\\\/categoria\\\/regioni\\\/svizzera\\\/svizzera-orientale\\\/#listItem\",\"name\":\"Svizzera orientale\"}},{\"@type\":\"ListItem\",\"@id\":\"https:\\\/\\\/www.immo-invest.ch\\\/it\\\/st-gallen-schaerft-das-zukunftsbild-fuer-lerchenfeld\\\/#listItem\",\"position\":6,\"name\":\"San Gallo definisce con maggiore precisione la visione futura per Lerchenfeld\",\"previousItem\":{\"@type\":\"ListItem\",\"@id\":\"https:\\\/\\\/www.immo-invest.ch\\\/it\\\/categoria\\\/regioni\\\/svizzera\\\/svizzera-orientale\\\/regione-san-gallo\\\/#listItem\",\"name\":\"San Gallo\"}}]},{\"@type\":\"Organization\",\"@id\":\"https:\\\/\\\/www.immo-invest.ch\\\/it\\\/#organization\",\"name\":\"immo!nvest - Die Plattform f\\u00fcr Standorte und Immobilien\",\"description\":\"Die\\u00a0Plattform f\\u00fcr Standorte und Immobilien\",\"url\":\"https:\\\/\\\/www.immo-invest.ch\\\/it\\\/\",\"email\":\"admin@immomedia.ag\",\"telephone\":\"+41444420002\",\"logo\":{\"@type\":\"ImageObject\",\"url\":\"https:\\\/\\\/www.immo-invest.ch\\\/wp-content\\\/uploads\\\/2024\\\/09\\\/immoinvest_sm-scaled.jpg\",\"@id\":\"https:\\\/\\\/www.immo-invest.ch\\\/it\\\/st-gallen-schaerft-das-zukunftsbild-fuer-lerchenfeld\\\/#organizationLogo\",\"width\":2560,\"height\":1340},\"image\":{\"@id\":\"https:\\\/\\\/www.immo-invest.ch\\\/it\\\/st-gallen-schaerft-das-zukunftsbild-fuer-lerchenfeld\\\/#organizationLogo\"},\"sameAs\":[\"https:\\\/\\\/www.facebook.com\\\/people\\\/Immoinvest\\\/100077962920504\\\/\",\"https:\\\/\\\/x.com\\\/i\\\/flow\\\/login?redirect_after_login=immoinvest_ch\",\"https:\\\/\\\/www.instagram.com\\\/immoinvest_ch\\\/\",\"https:\\\/\\\/www.linkedin.com\\\/company\\\/immoinvest-swiss\"]},{\"@type\":\"Person\",\"@id\":\"https:\\\/\\\/www.immo-invest.ch\\\/it\\\/author\\\/immovestuser\\\/#author\",\"url\":\"https:\\\/\\\/www.immo-invest.ch\\\/it\\\/author\\\/immovestuser\\\/\",\"name\":\"immovestuser\",\"image\":{\"@type\":\"ImageObject\",\"@id\":\"https:\\\/\\\/www.immo-invest.ch\\\/it\\\/st-gallen-schaerft-das-zukunftsbild-fuer-lerchenfeld\\\/#authorImage\",\"url\":\"https:\\\/\\\/secure.gravatar.com\\\/avatar\\\/8e01f4d99f2eeea7a362ebb93305e1172a70e9293ba250f897a65c39f54cdd1e?s=96&d=mm&r=g\",\"width\":96,\"height\":96,\"caption\":\"immovestuser\"}},{\"@type\":\"WebPage\",\"@id\":\"https:\\\/\\\/www.immo-invest.ch\\\/it\\\/st-gallen-schaerft-das-zukunftsbild-fuer-lerchenfeld\\\/#webpage\",\"url\":\"https:\\\/\\\/www.immo-invest.ch\\\/it\\\/st-gallen-schaerft-das-zukunftsbild-fuer-lerchenfeld\\\/\",\"name\":\"San Gallo definisce con maggiore precisione la visione futura per Lerchenfeld - immo!nvest - Die Plattform f\\u00fcr Standorte und Immobilien\",\"description\":\"Nella zona occidentale di San Gallo, nei prossimi due decenni Lerchenfeld \\u00e8 destinata a diventare pi\\u00f9 densamente popolata, pi\\u00f9 alta e pi\\u00f9 eterogenea. Il nuovo piano di sviluppo prevede la creazione di ulteriori spazi residenziali e lavorativi collegati alla futura stazione doppia di Bruggen-Haggen e a nuovi spazi verdi e percorsi pedonali.\",\"inLanguage\":\"it-IT\",\"isPartOf\":{\"@id\":\"https:\\\/\\\/www.immo-invest.ch\\\/it\\\/#website\"},\"breadcrumb\":{\"@id\":\"https:\\\/\\\/www.immo-invest.ch\\\/it\\\/st-gallen-schaerft-das-zukunftsbild-fuer-lerchenfeld\\\/#breadcrumblist\"},\"author\":{\"@id\":\"https:\\\/\\\/www.immo-invest.ch\\\/it\\\/author\\\/immovestuser\\\/#author\"},\"creator\":{\"@id\":\"https:\\\/\\\/www.immo-invest.ch\\\/it\\\/author\\\/immovestuser\\\/#author\"},\"image\":{\"@type\":\"ImageObject\",\"url\":\"https:\\\/\\\/www.immo-invest.ch\\\/wp-content\\\/uploads\\\/2026\\\/06\\\/St.Gallen-schaerft-das-Zukunftsbild-fuer-Lerchenfeld-immo-invest.png\",\"@id\":\"https:\\\/\\\/www.immo-invest.ch\\\/it\\\/st-gallen-schaerft-das-zukunftsbild-fuer-lerchenfeld\\\/#mainImage\",\"width\":1536,\"height\":768},\"primaryImageOfPage\":{\"@id\":\"https:\\\/\\\/www.immo-invest.ch\\\/it\\\/st-gallen-schaerft-das-zukunftsbild-fuer-lerchenfeld\\\/#mainImage\"},\"datePublished\":\"2026-06-29T19:00:00+02:00\",\"dateModified\":\"2026-06-26T16:37:57+02:00\"},{\"@type\":\"WebSite\",\"@id\":\"https:\\\/\\\/www.immo-invest.ch\\\/it\\\/#website\",\"url\":\"https:\\\/\\\/www.immo-invest.ch\\\/it\\\/\",\"name\":\"immo!nvest - Die Plattform f\\u00fcr Standorte und Immobilien\",\"description\":\"Die\\u00a0Plattform f\\u00fcr Standorte und Immobilien\",\"inLanguage\":\"it-IT\",\"publisher\":{\"@id\":\"https:\\\/\\\/www.immo-invest.ch\\\/it\\\/#organization\"}}]}\n\t\t<\/script>\n\t\t<!-- All in One SEO -->\n\n","aioseo_head_json":{"title":"San Gallo definisce con maggiore precisione la visione futura per Lerchenfeld - immo!nvest - Die Plattform f\u00fcr Standorte und Immobilien","description":"Nella zona occidentale di San Gallo, nei prossimi due decenni Lerchenfeld \u00e8 destinata a diventare pi\u00f9 densamente popolata, pi\u00f9 alta e pi\u00f9 eterogenea. Il nuovo piano di sviluppo prevede la creazione di ulteriori spazi residenziali e lavorativi collegati alla futura stazione doppia di Bruggen-Haggen e a nuovi spazi verdi e percorsi pedonali.","canonical_url":"https:\/\/www.immo-invest.ch\/it\/st-gallen-schaerft-das-zukunftsbild-fuer-lerchenfeld\/","robots":"max-image-preview:large","keywords":"","webmasterTools":{"google-site-verification":"fHJKvgWpZCR2zVBHWfkQeFXC11qieUSff0HGNYfuyLA","miscellaneous":""},"schema":{"@context":"https:\/\/schema.org","@graph":[{"@type":"BlogPosting","@id":"https:\/\/www.immo-invest.ch\/it\/st-gallen-schaerft-das-zukunftsbild-fuer-lerchenfeld\/#blogposting","name":"San Gallo definisce con maggiore precisione la visione futura per Lerchenfeld - immo!nvest - Die Plattform f\u00fcr Standorte und Immobilien","headline":"San Gallo definisce con maggiore precisione la visione futura per Lerchenfeld","author":{"@id":"https:\/\/www.immo-invest.ch\/it\/author\/immovestuser\/#author"},"publisher":{"@id":"https:\/\/www.immo-invest.ch\/it\/#organization"},"image":{"@type":"ImageObject","url":"https:\/\/www.immo-invest.ch\/wp-content\/uploads\/2026\/06\/St.Gallen-schaerft-das-Zukunftsbild-fuer-Lerchenfeld-immo-invest.png","width":1536,"height":768},"datePublished":"2026-06-29T19:00:00+02:00","dateModified":"2026-06-26T16:37:57+02:00","inLanguage":"it-IT","mainEntityOfPage":{"@id":"https:\/\/www.immo-invest.ch\/it\/st-gallen-schaerft-das-zukunftsbild-fuer-lerchenfeld\/#webpage"},"isPartOf":{"@id":"https:\/\/www.immo-invest.ch\/it\/st-gallen-schaerft-das-zukunftsbild-fuer-lerchenfeld\/#webpage"},"articleSection":"Mobilit\u00e0, Pianificazione \/ Sviluppo, Quartieri \/ Aree, Residenziale, San Gallo, Arealentwicklung, Doppelbahnhof Bruggen-Haggen, Immoinvest, immoNews, Lerchenfeld, News, Ortsplanungsrevision, StGallen, Umzonung, Optional"},{"@type":"BreadcrumbList","@id":"https:\/\/www.immo-invest.ch\/it\/st-gallen-schaerft-das-zukunftsbild-fuer-lerchenfeld\/#breadcrumblist","itemListElement":[{"@type":"ListItem","@id":"https:\/\/www.immo-invest.ch\/it\/#listItem","position":1,"name":"Home","item":"https:\/\/www.immo-invest.ch\/it\/","nextItem":{"@type":"ListItem","@id":"https:\/\/www.immo-invest.ch\/it\/categoria\/regioni\/#listItem","name":"Regioni"}},{"@type":"ListItem","@id":"https:\/\/www.immo-invest.ch\/it\/categoria\/regioni\/#listItem","position":2,"name":"Regioni","item":"https:\/\/www.immo-invest.ch\/it\/categoria\/regioni\/","nextItem":{"@type":"ListItem","@id":"https:\/\/www.immo-invest.ch\/it\/categoria\/regioni\/svizzera\/#listItem","name":"Svizzera"},"previousItem":{"@type":"ListItem","@id":"https:\/\/www.immo-invest.ch\/it\/#listItem","name":"Home"}},{"@type":"ListItem","@id":"https:\/\/www.immo-invest.ch\/it\/categoria\/regioni\/svizzera\/#listItem","position":3,"name":"Svizzera","item":"https:\/\/www.immo-invest.ch\/it\/categoria\/regioni\/svizzera\/","nextItem":{"@type":"ListItem","@id":"https:\/\/www.immo-invest.ch\/it\/categoria\/regioni\/svizzera\/svizzera-orientale\/#listItem","name":"Svizzera orientale"},"previousItem":{"@type":"ListItem","@id":"https:\/\/www.immo-invest.ch\/it\/categoria\/regioni\/#listItem","name":"Regioni"}},{"@type":"ListItem","@id":"https:\/\/www.immo-invest.ch\/it\/categoria\/regioni\/svizzera\/svizzera-orientale\/#listItem","position":4,"name":"Svizzera orientale","item":"https:\/\/www.immo-invest.ch\/it\/categoria\/regioni\/svizzera\/svizzera-orientale\/","nextItem":{"@type":"ListItem","@id":"https:\/\/www.immo-invest.ch\/it\/categoria\/regioni\/svizzera\/svizzera-orientale\/regione-san-gallo\/#listItem","name":"San Gallo"},"previousItem":{"@type":"ListItem","@id":"https:\/\/www.immo-invest.ch\/it\/categoria\/regioni\/svizzera\/#listItem","name":"Svizzera"}},{"@type":"ListItem","@id":"https:\/\/www.immo-invest.ch\/it\/categoria\/regioni\/svizzera\/svizzera-orientale\/regione-san-gallo\/#listItem","position":5,"name":"San Gallo","item":"https:\/\/www.immo-invest.ch\/it\/categoria\/regioni\/svizzera\/svizzera-orientale\/regione-san-gallo\/","nextItem":{"@type":"ListItem","@id":"https:\/\/www.immo-invest.ch\/it\/st-gallen-schaerft-das-zukunftsbild-fuer-lerchenfeld\/#listItem","name":"San Gallo definisce con maggiore precisione la visione futura per Lerchenfeld"},"previousItem":{"@type":"ListItem","@id":"https:\/\/www.immo-invest.ch\/it\/categoria\/regioni\/svizzera\/svizzera-orientale\/#listItem","name":"Svizzera orientale"}},{"@type":"ListItem","@id":"https:\/\/www.immo-invest.ch\/it\/st-gallen-schaerft-das-zukunftsbild-fuer-lerchenfeld\/#listItem","position":6,"name":"San Gallo definisce con maggiore precisione la visione futura per Lerchenfeld","previousItem":{"@type":"ListItem","@id":"https:\/\/www.immo-invest.ch\/it\/categoria\/regioni\/svizzera\/svizzera-orientale\/regione-san-gallo\/#listItem","name":"San Gallo"}}]},{"@type":"Organization","@id":"https:\/\/www.immo-invest.ch\/it\/#organization","name":"immo!nvest - Die Plattform f\u00fcr Standorte und Immobilien","description":"Die\u00a0Plattform f\u00fcr Standorte und Immobilien","url":"https:\/\/www.immo-invest.ch\/it\/","email":"admin@immomedia.ag","telephone":"+41444420002","logo":{"@type":"ImageObject","url":"https:\/\/www.immo-invest.ch\/wp-content\/uploads\/2024\/09\/immoinvest_sm-scaled.jpg","@id":"https:\/\/www.immo-invest.ch\/it\/st-gallen-schaerft-das-zukunftsbild-fuer-lerchenfeld\/#organizationLogo","width":2560,"height":1340},"image":{"@id":"https:\/\/www.immo-invest.ch\/it\/st-gallen-schaerft-das-zukunftsbild-fuer-lerchenfeld\/#organizationLogo"},"sameAs":["https:\/\/www.facebook.com\/people\/Immoinvest\/100077962920504\/","https:\/\/x.com\/i\/flow\/login?redirect_after_login=immoinvest_ch","https:\/\/www.instagram.com\/immoinvest_ch\/","https:\/\/www.linkedin.com\/company\/immoinvest-swiss"]},{"@type":"Person","@id":"https:\/\/www.immo-invest.ch\/it\/author\/immovestuser\/#author","url":"https:\/\/www.immo-invest.ch\/it\/author\/immovestuser\/","name":"immovestuser","image":{"@type":"ImageObject","@id":"https:\/\/www.immo-invest.ch\/it\/st-gallen-schaerft-das-zukunftsbild-fuer-lerchenfeld\/#authorImage","url":"https:\/\/secure.gravatar.com\/avatar\/8e01f4d99f2eeea7a362ebb93305e1172a70e9293ba250f897a65c39f54cdd1e?s=96&d=mm&r=g","width":96,"height":96,"caption":"immovestuser"}},{"@type":"WebPage","@id":"https:\/\/www.immo-invest.ch\/it\/st-gallen-schaerft-das-zukunftsbild-fuer-lerchenfeld\/#webpage","url":"https:\/\/www.immo-invest.ch\/it\/st-gallen-schaerft-das-zukunftsbild-fuer-lerchenfeld\/","name":"San Gallo definisce con maggiore precisione la visione futura per Lerchenfeld - immo!nvest - Die Plattform f\u00fcr Standorte und Immobilien","description":"Nella zona occidentale di San Gallo, nei prossimi due decenni Lerchenfeld \u00e8 destinata a diventare pi\u00f9 densamente popolata, pi\u00f9 alta e pi\u00f9 eterogenea. Il nuovo piano di sviluppo prevede la creazione di ulteriori spazi residenziali e lavorativi collegati alla futura stazione doppia di Bruggen-Haggen e a nuovi spazi verdi e percorsi pedonali.","inLanguage":"it-IT","isPartOf":{"@id":"https:\/\/www.immo-invest.ch\/it\/#website"},"breadcrumb":{"@id":"https:\/\/www.immo-invest.ch\/it\/st-gallen-schaerft-das-zukunftsbild-fuer-lerchenfeld\/#breadcrumblist"},"author":{"@id":"https:\/\/www.immo-invest.ch\/it\/author\/immovestuser\/#author"},"creator":{"@id":"https:\/\/www.immo-invest.ch\/it\/author\/immovestuser\/#author"},"image":{"@type":"ImageObject","url":"https:\/\/www.immo-invest.ch\/wp-content\/uploads\/2026\/06\/St.Gallen-schaerft-das-Zukunftsbild-fuer-Lerchenfeld-immo-invest.png","@id":"https:\/\/www.immo-invest.ch\/it\/st-gallen-schaerft-das-zukunftsbild-fuer-lerchenfeld\/#mainImage","width":1536,"height":768},"primaryImageOfPage":{"@id":"https:\/\/www.immo-invest.ch\/it\/st-gallen-schaerft-das-zukunftsbild-fuer-lerchenfeld\/#mainImage"},"datePublished":"2026-06-29T19:00:00+02:00","dateModified":"2026-06-26T16:37:57+02:00"},{"@type":"WebSite","@id":"https:\/\/www.immo-invest.ch\/it\/#website","url":"https:\/\/www.immo-invest.ch\/it\/","name":"immo!nvest - Die Plattform f\u00fcr Standorte und Immobilien","description":"Die\u00a0Plattform f\u00fcr Standorte und Immobilien","inLanguage":"it-IT","publisher":{"@id":"https:\/\/www.immo-invest.ch\/it\/#organization"}}]},"og:locale":"it_IT","og:site_name":"immo!nvest - Die Plattform f\u00fcr Standorte und Immobilien - Die\u00a0Plattform f\u00fcr Standorte und Immobilien","og:type":"article","og:title":"San Gallo definisce con maggiore precisione la visione futura per Lerchenfeld - immo!nvest - Die Plattform f\u00fcr Standorte und Immobilien","og:description":"Nella zona occidentale di San Gallo, nei prossimi due decenni Lerchenfeld \u00e8 destinata a diventare pi\u00f9 densamente popolata, pi\u00f9 alta e pi\u00f9 eterogenea. Il nuovo piano di sviluppo prevede la creazione di ulteriori spazi residenziali e lavorativi collegati alla futura stazione doppia di Bruggen-Haggen e a nuovi spazi verdi e percorsi pedonali.","og:url":"https:\/\/www.immo-invest.ch\/it\/st-gallen-schaerft-das-zukunftsbild-fuer-lerchenfeld\/","og:image":"https:\/\/www.immo-invest.ch\/wp-content\/uploads\/2026\/06\/St.Gallen-schaerft-das-Zukunftsbild-fuer-Lerchenfeld-immo-invest.png","og:image:secure_url":"https:\/\/www.immo-invest.ch\/wp-content\/uploads\/2026\/06\/St.Gallen-schaerft-das-Zukunftsbild-fuer-Lerchenfeld-immo-invest.png","og:image:width":1536,"og:image:height":768,"article:published_time":"2026-06-29T17:00:00+00:00","article:modified_time":"2026-06-26T14:37:57+00:00","article:publisher":"https:\/\/www.facebook.com\/people\/Immoinvest\/100077962920504\/","twitter:card":"summary_large_image","twitter:site":"@i","twitter:title":"San Gallo definisce con maggiore precisione la visione futura per Lerchenfeld - immo!nvest - Die Plattform f\u00fcr Standorte und Immobilien","twitter:description":"Nella zona occidentale di San Gallo, nei prossimi due decenni Lerchenfeld \u00e8 destinata a diventare pi\u00f9 densamente popolata, pi\u00f9 alta e pi\u00f9 eterogenea. Il nuovo piano di sviluppo prevede la creazione di ulteriori spazi residenziali e lavorativi collegati alla futura stazione doppia di Bruggen-Haggen e a nuovi spazi verdi e percorsi pedonali.","twitter:creator":"@i","twitter:image":"https:\/\/www.immo-invest.ch\/wp-content\/uploads\/2026\/06\/St.Gallen-schaerft-das-Zukunftsbild-fuer-Lerchenfeld-immo-invest.png"},"aioseo_meta_data":{"post_id":"159989","title":null,"description":null,"keywords":null,"keyphrases":{"focus":{"keyphrase":"","score":0,"analysis":{"keyphraseInTitle":{"score":0,"maxScore":9,"error":1}}},"additional":[]},"primary_term":null,"canonical_url":null,"og_title":null,"og_description":null,"og_object_type":"default","og_image_type":"default","og_image_url":null,"og_image_width":null,"og_image_height":null,"og_image_custom_url":null,"og_image_custom_fields":null,"og_video":"","og_custom_url":null,"og_article_section":null,"og_article_tags":null,"twitter_use_og":false,"twitter_card":"default","twitter_image_type":"default","twitter_image_url":null,"twitter_image_custom_url":null,"twitter_image_custom_fields":null,"twitter_title":null,"twitter_description":null,"schema":{"blockGraphs":[],"customGraphs":[],"default":{"data":{"Article":[],"Course":[],"Dataset":[],"FAQPage":[],"Movie":[],"Person":[],"Product":[],"ProductReview":[],"Car":[],"Recipe":[],"Service":[],"SoftwareApplication":[],"WebPage":[]},"graphName":"BlogPosting","isEnabled":true},"graphs":[]},"schema_type":"default","schema_type_options":null,"pillar_content":false,"robots_default":true,"robots_noindex":false,"robots_noarchive":false,"robots_nosnippet":false,"robots_nofollow":false,"robots_noimageindex":false,"robots_noodp":false,"robots_notranslate":false,"robots_max_snippet":"-1","robots_max_videopreview":"-1","robots_max_imagepreview":"large","priority":null,"frequency":"default","local_seo":null,"breadcrumb_settings":null,"limit_modified_date":false,"ai":{"faqs":[],"keyPoints":[],"schemas":[],"titles":[],"descriptions":[],"socialPosts":{"email":[],"linkedin":[],"twitter":[],"facebook":[],"instagram":[]}},"created":"2026-06-26 14:37:58","updated":"2026-06-29 19:06:55","seo_analyzer_scan_date":null,"focus_keyword":null,"additional_keywords":null,"truseo_locale":null},"aioseo_breadcrumb":"<div class=\"aioseo-breadcrumbs\"><span class=\"aioseo-breadcrumb\">\n\t\t\t<a href=\"https:\/\/www.immo-invest.ch\/it\/\" title=\"Home\">Home<\/a>\n\t\t<\/span><span class=\"aioseo-breadcrumb-separator\">&raquo;<\/span><span class=\"aioseo-breadcrumb\">\n\t\t\t<a href=\"https:\/\/www.immo-invest.ch\/it\/categoria\/regioni\/\" title=\"Regioni\">Regioni<\/a>\n\t\t<\/span><span class=\"aioseo-breadcrumb-separator\">&raquo;<\/span><span class=\"aioseo-breadcrumb\">\n\t\t\t<a href=\"https:\/\/www.immo-invest.ch\/it\/categoria\/regioni\/svizzera\/\" title=\"Svizzera\">Svizzera<\/a>\n\t\t<\/span><span class=\"aioseo-breadcrumb-separator\">&raquo;<\/span><span class=\"aioseo-breadcrumb\">\n\t\t\t<a href=\"https:\/\/www.immo-invest.ch\/it\/categoria\/regioni\/svizzera\/svizzera-orientale\/\" title=\"Svizzera orientale\">Svizzera orientale<\/a>\n\t\t<\/span><span class=\"aioseo-breadcrumb-separator\">&raquo;<\/span><span class=\"aioseo-breadcrumb\">\n\t\t\t<a href=\"https:\/\/www.immo-invest.ch\/it\/categoria\/regioni\/svizzera\/svizzera-orientale\/regione-san-gallo\/\" title=\"San Gallo\">San Gallo<\/a>\n\t\t<\/span><span class=\"aioseo-breadcrumb-separator\">&raquo;<\/span><span class=\"aioseo-breadcrumb\">\n\t\t\tSan Gallo definisce con maggiore precisione la visione futura per Lerchenfeld\n\t\t<\/span><\/div>","aioseo_breadcrumb_json":[{"label":"Home","link":"https:\/\/www.immo-invest.ch\/it\/"},{"label":"Regioni","link":"https:\/\/www.immo-invest.ch\/it\/categoria\/regioni\/"},{"label":"Svizzera","link":"https:\/\/www.immo-invest.ch\/it\/categoria\/regioni\/svizzera\/"},{"label":"Svizzera orientale","link":"https:\/\/www.immo-invest.ch\/it\/categoria\/regioni\/svizzera\/svizzera-orientale\/"},{"label":"San Gallo","link":"https:\/\/www.immo-invest.ch\/it\/categoria\/regioni\/svizzera\/svizzera-orientale\/regione-san-gallo\/"},{"label":"San Gallo definisce con maggiore precisione la visione futura per Lerchenfeld","link":"https:\/\/www.immo-invest.ch\/it\/st-gallen-schaerft-das-zukunftsbild-fuer-lerchenfeld\/"}],"featured_image_src":"https:\/\/www.immo-invest.ch\/wp-content\/uploads\/2026\/06\/St.Gallen-schaerft-das-Zukunftsbild-fuer-Lerchenfeld-immo-invest-336x168.png","_links":{"self":[{"href":"https:\/\/www.immo-invest.ch\/it\/wp-json\/wp\/v2\/posts\/159989","targetHints":{"allow":["GET"]}}],"collection":[{"href":"https:\/\/www.immo-invest.ch\/it\/wp-json\/wp\/v2\/posts"}],"about":[{"href":"https:\/\/www.immo-invest.ch\/it\/wp-json\/wp\/v2\/types\/post"}],"author":[{"embeddable":true,"href":"https:\/\/www.immo-invest.ch\/it\/wp-json\/wp\/v2\/users\/2"}],"replies":[{"embeddable":true,"href":"https:\/\/www.immo-invest.ch\/it\/wp-json\/wp\/v2\/comments?post=159989"}],"version-history":[{"count":3,"href":"https:\/\/www.immo-invest.ch\/it\/wp-json\/wp\/v2\/posts\/159989\/revisions"}],"predecessor-version":[{"id":159999,"href":"https:\/\/www.immo-invest.ch\/it\/wp-json\/wp\/v2\/posts\/159989\/revisions\/159999"}],"wp:featuredmedia":[{"embeddable":true,"href":"https:\/\/www.immo-invest.ch\/it\/wp-json\/wp\/v2\/media\/159991"}],"wp:attachment":[{"href":"https:\/\/www.immo-invest.ch\/it\/wp-json\/wp\/v2\/media?parent=159989"}],"wp:term":[{"taxonomy":"category","embeddable":true,"href":"https:\/\/www.immo-invest.ch\/it\/wp-json\/wp\/v2\/categories?post=159989"},{"taxonomy":"post_tag","embeddable":true,"href":"https:\/\/www.immo-invest.ch\/it\/wp-json\/wp\/v2\/tags?post=159989"}],"curies":[{"name":"wp","href":"https:\/\/api.w.org\/{rel}","templated":true}]}}