{"id":157775,"date":"2026-05-28T13:30:00","date_gmt":"2026-05-28T11:30:00","guid":{"rendered":"https:\/\/www.immo-invest.ch\/?p=157775"},"modified":"2026-05-27T09:57:01","modified_gmt":"2026-05-27T07:57:01","slug":"ein-neues-raumkonzept-soll-wachstum-gezielter-lenken","status":"publish","type":"post","link":"https:\/\/www.immo-invest.ch\/it\/ein-neues-raumkonzept-soll-wachstum-gezielter-lenken\/","title":{"rendered":"Un nuovo concetto di spazio mira a orientare la crescita in modo pi\u00f9 mirato"},"content":{"rendered":"<p class=\"bodytext\"><a href=\"https:\/\/urbanistica.ch\/\" target=\"_blank\" rel=\"noopener\">Urbanistica<\/a> accoglie con favore la versione aggiornata del <a href=\"https:\/\/raumkonzept-schweiz.ch\/\" target=\"_blank\" rel=\"noopener\">&laquo;Concetto territoriale Svizzera 2050&raquo;<\/a> elaborata dalla Confederazione, dai Cantoni, dalle citt&agrave; e dai Comuni. Rispetto al progetto di consultazione del dicembre 2024, tale documento &egrave; diventato nettamente pi&ugrave; concreto, scrive l&rsquo;Associazione per una buona urbanistica nella sua <a href=\"https:\/\/urbanistica.ch\/fileadmin\/seiteninhalt\/dateien\/stellungnahme_raumkonzept\/stelllungnahme\/urbanistica_stellungnahme_zum_rk26_final.pdf\" target=\"_blank\" rel=\"noopener\">presa di posizione<\/a>. L&rsquo;associazione vi vede anche una risposta alla <a href=\"https:\/\/urbanistica.ch\/fileadmin\/seiteninhalt\/dateien\/raumstrategie_250311_de.pdf\" target=\"_blank\" rel=\"noopener\">&laquo;Strategia territoriale Svizzera 2070&raquo;<\/a> di Urbanistica.<\/p>\n<p class=\"bodytext\">Urbanistica fa riferimento in particolare all&rsquo;impegno dei promotori del Concetto territoriale Svizzera 2050 a favore di una Svizzera policentrica. La crescita futura dovrebbe soprattutto rafforzare i centri pi&ugrave; grandi, grandi, medi e piccoli e renderli pi&ugrave; attraenti. In questo modo si potrebbero utilizzare meglio le infrastrutture di trasporto esistenti. Il Concetto territoriale promuove inoltre il pensiero e la pianificazione in ambiti d&rsquo;azione e il rafforzamento delle regioni di pianificazione.<\/p>\n<p class=\"bodytext\">Tuttavia, Urbanistica non ritiene che il Concetto territoriale Svizzera 2050 <span class=\"glossaryLink\"  aria-describedby=\"tt\"  data-cmtooltip=\"&lt;div class=glossaryItemTitle&gt;SIA&lt;\/div&gt;&lt;div class=glossaryItemBody&gt;Schweizerischer Ingenieur- und Architektenverein; massgebender Berufsverband f&uuml;r qualifizierte Fachleute der Bereiche Bau, Technik und Umwelt mit rund f&uuml;nfzehntausend Mitgliedern&lt;\/div&gt;\"  data-mobile-support=\"0\"  data-gt-translate-attributes='[{\"attribute\":\"data-cmtooltip\", \"format\":\"html\"}]' tabindex='0' role='link'>sia<\/span> ancora sufficientemente concreto. Inoltre, esso eviterebbe compromessi politicamente delicati.<\/p>\n<p class=\"bodytext\">Urbanistica fa quindi nuovamente riferimento alla propria Strategia territoriale 2070. Questa punta sulla densificazione e sull&rsquo;urbanizzazione di localit&agrave; ben collegate, con un sistema di incentivi a tal fine, sulla decentralizzazione e sul rafforzamento delle regioni, sulla pianificazione urbana e sull&rsquo;edilizia anche nell&rsquo;agglomerato, ma anche su aree di sviluppo e su aree speciali flessibili. &Egrave; inoltre necessaria una strategia pragmatica nella gestione delle aree verdi. Gli strumenti di pianificazione devono essere snelliti e resi pi&ugrave; flessibili e consentire la sperimentazione. La pianificazione regionale deve poter andare oltre i confini amministrativi. Urbanistica presenta inoltre dieci raccomandazioni operative per l&rsquo;attuazione.<\/p>\n","protected":false},"excerpt":{"rendered":"<p>Secondo Urbanistica, il \u00abConcetto territoriale Svizzera 2050\u00bb contiene elementi importanti. Tra questi figurano la policentralit\u00e0 della Svizzera, il rafforzamento dei centri interconnessi e l\u2019approccio basato sugli spazi d\u2019azione. Tuttavia, nell\u2019avviso espresso, l\u2019Associazione per una buona urbanistica definisce il concetto troppo vago.<\/p>\n","protected":false},"author":2,"featured_media":157776,"comment_status":"open","ping_status":"open","sticky":false,"template":"","format":"standard","meta":{"pmpro_default_level":"","inline_featured_image":false,"_monsterinsights_skip_tracking":false,"footnotes":""},"categories":[55983,745,56028,22700],"tags":[867,3935,2006,59142,59143,3192],"class_list":["post-157775","post","type-post","status-publish","format-standard","has-post-thumbnail","hentry","category-associazioni","category-immonews-it","category-pianificazione-sviluppo","category-sostenibilita","tag-immoinvest-it","tag-immonews-it","tag-news-it","tag-polyzentrale-entwicklung","tag-raumkonzept-schweiz","tag-raumplanung-it","pmpro-has-access"],"acf":{"bild_mit_ki_erstellt_worden":["Ja"],"lead":"Secondo Urbanistica, il \u00abConcetto territoriale Svizzera 2050\u00bb contiene elementi importanti. Tra questi figurano la policentralit\u00e0 della Svizzera, il rafforzamento dei centri interconnessi e l\u2019approccio basato sugli spazi d\u2019azione. Tuttavia, nell\u2019avviso espresso, l\u2019Associazione per una buona urbanistica definisce il concetto troppo vago.","autor":"ce\/ug \u00a0","ort":"Z\u00fcrich\/Bern ","bildunterschrift":"","bild_im_grid":false,"gallerie":"","newsim":""},"aioseo_notices":[],"aioseo_head":"\n\t\t<!-- All in One SEO 5.0.0.1 - aioseo.com -->\n\t<meta name=\"description\" content=\"Secondo Urbanistica, il \u00abConcetto territoriale Svizzera 2050\u00bb contiene elementi importanti. Tra questi figurano la policentralit\u00e0 della Svizzera, il rafforzamento dei centri interconnessi e l\u2019approccio basato sugli spazi d\u2019azione. Tuttavia, nell\u2019avviso espresso, l\u2019Associazione per una buona urbanistica definisce il concetto troppo vago.\" \/>\n\t<meta name=\"robots\" content=\"max-image-preview:large\" \/>\n\t<meta name=\"author\" content=\"immovestuser\"\/>\n\t<meta name=\"google-site-verification\" content=\"fHJKvgWpZCR2zVBHWfkQeFXC11qieUSff0HGNYfuyLA\" \/>\n\t<link rel=\"canonical\" href=\"https:\/\/www.immo-invest.ch\/it\/ein-neues-raumkonzept-soll-wachstum-gezielter-lenken\/\" \/>\n\t<meta name=\"generator\" content=\"All in One SEO (AIOSEO) 5.0.0.1\" \/>\n\t\t<meta property=\"og:locale\" content=\"it_IT\" \/>\n\t\t<meta property=\"og:site_name\" content=\"immo!nvest - Die Plattform f\u00fcr Standorte und Immobilien - Die\u00a0Plattform f\u00fcr Standorte und Immobilien\" \/>\n\t\t<meta property=\"og:type\" content=\"article\" \/>\n\t\t<meta property=\"og:title\" content=\"Un nuovo concetto di spazio mira a orientare la crescita in modo pi\u00f9 mirato - immo!nvest - Die Plattform f\u00fcr Standorte und Immobilien\" \/>\n\t\t<meta property=\"og:description\" content=\"Secondo Urbanistica, il \u00abConcetto territoriale Svizzera 2050\u00bb contiene elementi importanti. Tra questi figurano la policentralit\u00e0 della Svizzera, il rafforzamento dei centri interconnessi e l\u2019approccio basato sugli spazi d\u2019azione. Tuttavia, nell\u2019avviso espresso, l\u2019Associazione per una buona urbanistica definisce il concetto troppo vago.\" \/>\n\t\t<meta property=\"og:url\" content=\"https:\/\/www.immo-invest.ch\/it\/ein-neues-raumkonzept-soll-wachstum-gezielter-lenken\/\" \/>\n\t\t<meta property=\"og:image\" content=\"https:\/\/www.immo-invest.ch\/wp-content\/uploads\/2026\/05\/banoviag_realistic_Swiss_spatial_planning_landscape_with_inte_2e42d6b6-9099-4d4d-b80d-f907eb8c7874_0.png\" \/>\n\t\t<meta property=\"og:image:secure_url\" content=\"https:\/\/www.immo-invest.ch\/wp-content\/uploads\/2026\/05\/banoviag_realistic_Swiss_spatial_planning_landscape_with_inte_2e42d6b6-9099-4d4d-b80d-f907eb8c7874_0.png\" \/>\n\t\t<meta property=\"og:image:width\" content=\"1536\" \/>\n\t\t<meta property=\"og:image:height\" content=\"768\" \/>\n\t\t<meta property=\"article:published_time\" content=\"2026-05-28T11:30:00+00:00\" \/>\n\t\t<meta property=\"article:modified_time\" content=\"2026-05-27T07:57:01+00:00\" \/>\n\t\t<meta property=\"article:publisher\" content=\"https:\/\/www.facebook.com\/people\/Immoinvest\/100077962920504\/\" \/>\n\t\t<meta name=\"twitter:card\" content=\"summary_large_image\" \/>\n\t\t<meta name=\"twitter:site\" content=\"@i\" \/>\n\t\t<meta name=\"twitter:title\" content=\"Un nuovo concetto di spazio mira a orientare la crescita in modo pi\u00f9 mirato - immo!nvest - Die Plattform f\u00fcr Standorte und Immobilien\" \/>\n\t\t<meta name=\"twitter:description\" content=\"Secondo Urbanistica, il \u00abConcetto territoriale Svizzera 2050\u00bb contiene elementi importanti. Tra questi figurano la policentralit\u00e0 della Svizzera, il rafforzamento dei centri interconnessi e l\u2019approccio basato sugli spazi d\u2019azione. Tuttavia, nell\u2019avviso espresso, l\u2019Associazione per una buona urbanistica definisce il concetto troppo vago.\" \/>\n\t\t<meta name=\"twitter:creator\" content=\"@i\" \/>\n\t\t<meta name=\"twitter:image\" content=\"https:\/\/www.immo-invest.ch\/wp-content\/uploads\/2026\/05\/banoviag_realistic_Swiss_spatial_planning_landscape_with_inte_2e42d6b6-9099-4d4d-b80d-f907eb8c7874_0.png\" \/>\n\t\t<script type=\"application\/ld+json\" class=\"aioseo-schema\">\n\t\t\t{\"@context\":\"https:\\\/\\\/schema.org\",\"@graph\":[{\"@type\":\"BlogPosting\",\"@id\":\"https:\\\/\\\/www.immo-invest.ch\\\/it\\\/ein-neues-raumkonzept-soll-wachstum-gezielter-lenken\\\/#blogposting\",\"name\":\"Un nuovo concetto di spazio mira a orientare la crescita in modo pi\\u00f9 mirato - immo!nvest - Die Plattform f\\u00fcr Standorte und Immobilien\",\"headline\":\"Un nuovo concetto di spazio mira a orientare la crescita in modo pi\\u00f9 mirato\",\"author\":{\"@id\":\"https:\\\/\\\/www.immo-invest.ch\\\/it\\\/author\\\/immovestuser\\\/#author\"},\"publisher\":{\"@id\":\"https:\\\/\\\/www.immo-invest.ch\\\/it\\\/#organization\"},\"image\":{\"@type\":\"ImageObject\",\"url\":\"https:\\\/\\\/www.immo-invest.ch\\\/wp-content\\\/uploads\\\/2026\\\/05\\\/banoviag_realistic_Swiss_spatial_planning_landscape_with_inte_2e42d6b6-9099-4d4d-b80d-f907eb8c7874_0.png\",\"width\":1536,\"height\":768},\"datePublished\":\"2026-05-28T13:30:00+02:00\",\"dateModified\":\"2026-05-27T09:57:01+02:00\",\"inLanguage\":\"it-IT\",\"mainEntityOfPage\":{\"@id\":\"https:\\\/\\\/www.immo-invest.ch\\\/it\\\/ein-neues-raumkonzept-soll-wachstum-gezielter-lenken\\\/#webpage\"},\"isPartOf\":{\"@id\":\"https:\\\/\\\/www.immo-invest.ch\\\/it\\\/ein-neues-raumkonzept-soll-wachstum-gezielter-lenken\\\/#webpage\"},\"articleSection\":\"Associazioni, immoNews, Pianificazione \\\/ Sviluppo, Sostenibilit\\u00e0, Immoinvest, immoNews, News, polyzentrale Entwicklung, Raumkonzept Schweiz, Raumplanung, Optional\"},{\"@type\":\"BreadcrumbList\",\"@id\":\"https:\\\/\\\/www.immo-invest.ch\\\/it\\\/ein-neues-raumkonzept-soll-wachstum-gezielter-lenken\\\/#breadcrumblist\",\"itemListElement\":[{\"@type\":\"ListItem\",\"@id\":\"https:\\\/\\\/www.immo-invest.ch\\\/it\\\/#listItem\",\"position\":1,\"name\":\"Home\",\"item\":\"https:\\\/\\\/www.immo-invest.ch\\\/it\\\/\",\"nextItem\":{\"@type\":\"ListItem\",\"@id\":\"https:\\\/\\\/www.immo-invest.ch\\\/it\\\/categoria\\\/trends-it\\\/#listItem\",\"name\":\"Trends\"}},{\"@type\":\"ListItem\",\"@id\":\"https:\\\/\\\/www.immo-invest.ch\\\/it\\\/categoria\\\/trends-it\\\/#listItem\",\"position\":2,\"name\":\"Trends\",\"item\":\"https:\\\/\\\/www.immo-invest.ch\\\/it\\\/categoria\\\/trends-it\\\/\",\"nextItem\":{\"@type\":\"ListItem\",\"@id\":\"https:\\\/\\\/www.immo-invest.ch\\\/it\\\/categoria\\\/trends-it\\\/sostenibilita\\\/#listItem\",\"name\":\"Sostenibilit\\u00e0\"},\"previousItem\":{\"@type\":\"ListItem\",\"@id\":\"https:\\\/\\\/www.immo-invest.ch\\\/it\\\/#listItem\",\"name\":\"Home\"}},{\"@type\":\"ListItem\",\"@id\":\"https:\\\/\\\/www.immo-invest.ch\\\/it\\\/categoria\\\/trends-it\\\/sostenibilita\\\/#listItem\",\"position\":3,\"name\":\"Sostenibilit\\u00e0\",\"item\":\"https:\\\/\\\/www.immo-invest.ch\\\/it\\\/categoria\\\/trends-it\\\/sostenibilita\\\/\",\"nextItem\":{\"@type\":\"ListItem\",\"@id\":\"https:\\\/\\\/www.immo-invest.ch\\\/it\\\/ein-neues-raumkonzept-soll-wachstum-gezielter-lenken\\\/#listItem\",\"name\":\"Un nuovo concetto di spazio mira a orientare la crescita in modo pi\\u00f9 mirato\"},\"previousItem\":{\"@type\":\"ListItem\",\"@id\":\"https:\\\/\\\/www.immo-invest.ch\\\/it\\\/categoria\\\/trends-it\\\/#listItem\",\"name\":\"Trends\"}},{\"@type\":\"ListItem\",\"@id\":\"https:\\\/\\\/www.immo-invest.ch\\\/it\\\/ein-neues-raumkonzept-soll-wachstum-gezielter-lenken\\\/#listItem\",\"position\":4,\"name\":\"Un nuovo concetto di spazio mira a orientare la crescita in modo pi\\u00f9 mirato\",\"previousItem\":{\"@type\":\"ListItem\",\"@id\":\"https:\\\/\\\/www.immo-invest.ch\\\/it\\\/categoria\\\/trends-it\\\/sostenibilita\\\/#listItem\",\"name\":\"Sostenibilit\\u00e0\"}}]},{\"@type\":\"Organization\",\"@id\":\"https:\\\/\\\/www.immo-invest.ch\\\/it\\\/#organization\",\"name\":\"immo!nvest - Die Plattform f\\u00fcr Standorte und Immobilien\",\"description\":\"Die\\u00a0Plattform f\\u00fcr Standorte und Immobilien\",\"url\":\"https:\\\/\\\/www.immo-invest.ch\\\/it\\\/\",\"email\":\"admin@immomedia.ag\",\"telephone\":\"+41444420002\",\"logo\":{\"@type\":\"ImageObject\",\"url\":\"https:\\\/\\\/www.immo-invest.ch\\\/wp-content\\\/uploads\\\/2024\\\/09\\\/immoinvest_sm-scaled.jpg\",\"@id\":\"https:\\\/\\\/www.immo-invest.ch\\\/it\\\/ein-neues-raumkonzept-soll-wachstum-gezielter-lenken\\\/#organizationLogo\",\"width\":2560,\"height\":1340},\"image\":{\"@id\":\"https:\\\/\\\/www.immo-invest.ch\\\/it\\\/ein-neues-raumkonzept-soll-wachstum-gezielter-lenken\\\/#organizationLogo\"},\"sameAs\":[\"https:\\\/\\\/www.facebook.com\\\/people\\\/Immoinvest\\\/100077962920504\\\/\",\"https:\\\/\\\/x.com\\\/i\\\/flow\\\/login?redirect_after_login=immoinvest_ch\",\"https:\\\/\\\/www.instagram.com\\\/immoinvest_ch\\\/\",\"https:\\\/\\\/www.linkedin.com\\\/company\\\/immoinvest-swiss\"]},{\"@type\":\"Person\",\"@id\":\"https:\\\/\\\/www.immo-invest.ch\\\/it\\\/author\\\/immovestuser\\\/#author\",\"url\":\"https:\\\/\\\/www.immo-invest.ch\\\/it\\\/author\\\/immovestuser\\\/\",\"name\":\"immovestuser\",\"image\":{\"@type\":\"ImageObject\",\"@id\":\"https:\\\/\\\/www.immo-invest.ch\\\/it\\\/ein-neues-raumkonzept-soll-wachstum-gezielter-lenken\\\/#authorImage\",\"url\":\"https:\\\/\\\/secure.gravatar.com\\\/avatar\\\/8e01f4d99f2eeea7a362ebb93305e1172a70e9293ba250f897a65c39f54cdd1e?s=96&d=mm&r=g\",\"width\":96,\"height\":96,\"caption\":\"immovestuser\"}},{\"@type\":\"WebPage\",\"@id\":\"https:\\\/\\\/www.immo-invest.ch\\\/it\\\/ein-neues-raumkonzept-soll-wachstum-gezielter-lenken\\\/#webpage\",\"url\":\"https:\\\/\\\/www.immo-invest.ch\\\/it\\\/ein-neues-raumkonzept-soll-wachstum-gezielter-lenken\\\/\",\"name\":\"Un nuovo concetto di spazio mira a orientare la crescita in modo pi\\u00f9 mirato - immo!nvest - Die Plattform f\\u00fcr Standorte und Immobilien\",\"description\":\"Secondo Urbanistica, il \\u00abConcetto territoriale Svizzera 2050\\u00bb contiene elementi importanti. Tra questi figurano la policentralit\\u00e0 della Svizzera, il rafforzamento dei centri interconnessi e l\\u2019approccio basato sugli spazi d\\u2019azione. Tuttavia, nell\\u2019avviso espresso, l\\u2019Associazione per una buona urbanistica definisce il concetto troppo vago.\",\"inLanguage\":\"it-IT\",\"isPartOf\":{\"@id\":\"https:\\\/\\\/www.immo-invest.ch\\\/it\\\/#website\"},\"breadcrumb\":{\"@id\":\"https:\\\/\\\/www.immo-invest.ch\\\/it\\\/ein-neues-raumkonzept-soll-wachstum-gezielter-lenken\\\/#breadcrumblist\"},\"author\":{\"@id\":\"https:\\\/\\\/www.immo-invest.ch\\\/it\\\/author\\\/immovestuser\\\/#author\"},\"creator\":{\"@id\":\"https:\\\/\\\/www.immo-invest.ch\\\/it\\\/author\\\/immovestuser\\\/#author\"},\"image\":{\"@type\":\"ImageObject\",\"url\":\"https:\\\/\\\/www.immo-invest.ch\\\/wp-content\\\/uploads\\\/2026\\\/05\\\/banoviag_realistic_Swiss_spatial_planning_landscape_with_inte_2e42d6b6-9099-4d4d-b80d-f907eb8c7874_0.png\",\"@id\":\"https:\\\/\\\/www.immo-invest.ch\\\/it\\\/ein-neues-raumkonzept-soll-wachstum-gezielter-lenken\\\/#mainImage\",\"width\":1536,\"height\":768},\"primaryImageOfPage\":{\"@id\":\"https:\\\/\\\/www.immo-invest.ch\\\/it\\\/ein-neues-raumkonzept-soll-wachstum-gezielter-lenken\\\/#mainImage\"},\"datePublished\":\"2026-05-28T13:30:00+02:00\",\"dateModified\":\"2026-05-27T09:57:01+02:00\"},{\"@type\":\"WebSite\",\"@id\":\"https:\\\/\\\/www.immo-invest.ch\\\/it\\\/#website\",\"url\":\"https:\\\/\\\/www.immo-invest.ch\\\/it\\\/\",\"name\":\"immo!nvest - Die Plattform f\\u00fcr Standorte und Immobilien\",\"description\":\"Die\\u00a0Plattform f\\u00fcr Standorte und Immobilien\",\"inLanguage\":\"it-IT\",\"publisher\":{\"@id\":\"https:\\\/\\\/www.immo-invest.ch\\\/it\\\/#organization\"}}]}\n\t\t<\/script>\n\t\t<!-- All in One SEO -->\n\n","aioseo_head_json":{"title":"Un nuovo concetto di spazio mira a orientare la crescita in modo pi\u00f9 mirato - immo!nvest - Die Plattform f\u00fcr Standorte und Immobilien","description":"Secondo Urbanistica, il \u00abConcetto territoriale Svizzera 2050\u00bb contiene elementi importanti. Tra questi figurano la policentralit\u00e0 della Svizzera, il rafforzamento dei centri interconnessi e l\u2019approccio basato sugli spazi d\u2019azione. Tuttavia, nell\u2019avviso espresso, l\u2019Associazione per una buona urbanistica definisce il concetto troppo vago.","canonical_url":"https:\/\/www.immo-invest.ch\/it\/ein-neues-raumkonzept-soll-wachstum-gezielter-lenken\/","robots":"max-image-preview:large","keywords":"","webmasterTools":{"google-site-verification":"fHJKvgWpZCR2zVBHWfkQeFXC11qieUSff0HGNYfuyLA","miscellaneous":""},"schema":{"@context":"https:\/\/schema.org","@graph":[{"@type":"BlogPosting","@id":"https:\/\/www.immo-invest.ch\/it\/ein-neues-raumkonzept-soll-wachstum-gezielter-lenken\/#blogposting","name":"Un nuovo concetto di spazio mira a orientare la crescita in modo pi\u00f9 mirato - immo!nvest - Die Plattform f\u00fcr Standorte und Immobilien","headline":"Un nuovo concetto di spazio mira a orientare la crescita in modo pi\u00f9 mirato","author":{"@id":"https:\/\/www.immo-invest.ch\/it\/author\/immovestuser\/#author"},"publisher":{"@id":"https:\/\/www.immo-invest.ch\/it\/#organization"},"image":{"@type":"ImageObject","url":"https:\/\/www.immo-invest.ch\/wp-content\/uploads\/2026\/05\/banoviag_realistic_Swiss_spatial_planning_landscape_with_inte_2e42d6b6-9099-4d4d-b80d-f907eb8c7874_0.png","width":1536,"height":768},"datePublished":"2026-05-28T13:30:00+02:00","dateModified":"2026-05-27T09:57:01+02:00","inLanguage":"it-IT","mainEntityOfPage":{"@id":"https:\/\/www.immo-invest.ch\/it\/ein-neues-raumkonzept-soll-wachstum-gezielter-lenken\/#webpage"},"isPartOf":{"@id":"https:\/\/www.immo-invest.ch\/it\/ein-neues-raumkonzept-soll-wachstum-gezielter-lenken\/#webpage"},"articleSection":"Associazioni, immoNews, Pianificazione \/ Sviluppo, Sostenibilit\u00e0, Immoinvest, immoNews, News, polyzentrale Entwicklung, Raumkonzept Schweiz, Raumplanung, Optional"},{"@type":"BreadcrumbList","@id":"https:\/\/www.immo-invest.ch\/it\/ein-neues-raumkonzept-soll-wachstum-gezielter-lenken\/#breadcrumblist","itemListElement":[{"@type":"ListItem","@id":"https:\/\/www.immo-invest.ch\/it\/#listItem","position":1,"name":"Home","item":"https:\/\/www.immo-invest.ch\/it\/","nextItem":{"@type":"ListItem","@id":"https:\/\/www.immo-invest.ch\/it\/categoria\/trends-it\/#listItem","name":"Trends"}},{"@type":"ListItem","@id":"https:\/\/www.immo-invest.ch\/it\/categoria\/trends-it\/#listItem","position":2,"name":"Trends","item":"https:\/\/www.immo-invest.ch\/it\/categoria\/trends-it\/","nextItem":{"@type":"ListItem","@id":"https:\/\/www.immo-invest.ch\/it\/categoria\/trends-it\/sostenibilita\/#listItem","name":"Sostenibilit\u00e0"},"previousItem":{"@type":"ListItem","@id":"https:\/\/www.immo-invest.ch\/it\/#listItem","name":"Home"}},{"@type":"ListItem","@id":"https:\/\/www.immo-invest.ch\/it\/categoria\/trends-it\/sostenibilita\/#listItem","position":3,"name":"Sostenibilit\u00e0","item":"https:\/\/www.immo-invest.ch\/it\/categoria\/trends-it\/sostenibilita\/","nextItem":{"@type":"ListItem","@id":"https:\/\/www.immo-invest.ch\/it\/ein-neues-raumkonzept-soll-wachstum-gezielter-lenken\/#listItem","name":"Un nuovo concetto di spazio mira a orientare la crescita in modo pi\u00f9 mirato"},"previousItem":{"@type":"ListItem","@id":"https:\/\/www.immo-invest.ch\/it\/categoria\/trends-it\/#listItem","name":"Trends"}},{"@type":"ListItem","@id":"https:\/\/www.immo-invest.ch\/it\/ein-neues-raumkonzept-soll-wachstum-gezielter-lenken\/#listItem","position":4,"name":"Un nuovo concetto di spazio mira a orientare la crescita in modo pi\u00f9 mirato","previousItem":{"@type":"ListItem","@id":"https:\/\/www.immo-invest.ch\/it\/categoria\/trends-it\/sostenibilita\/#listItem","name":"Sostenibilit\u00e0"}}]},{"@type":"Organization","@id":"https:\/\/www.immo-invest.ch\/it\/#organization","name":"immo!nvest - Die Plattform f\u00fcr Standorte und Immobilien","description":"Die\u00a0Plattform f\u00fcr Standorte und Immobilien","url":"https:\/\/www.immo-invest.ch\/it\/","email":"admin@immomedia.ag","telephone":"+41444420002","logo":{"@type":"ImageObject","url":"https:\/\/www.immo-invest.ch\/wp-content\/uploads\/2024\/09\/immoinvest_sm-scaled.jpg","@id":"https:\/\/www.immo-invest.ch\/it\/ein-neues-raumkonzept-soll-wachstum-gezielter-lenken\/#organizationLogo","width":2560,"height":1340},"image":{"@id":"https:\/\/www.immo-invest.ch\/it\/ein-neues-raumkonzept-soll-wachstum-gezielter-lenken\/#organizationLogo"},"sameAs":["https:\/\/www.facebook.com\/people\/Immoinvest\/100077962920504\/","https:\/\/x.com\/i\/flow\/login?redirect_after_login=immoinvest_ch","https:\/\/www.instagram.com\/immoinvest_ch\/","https:\/\/www.linkedin.com\/company\/immoinvest-swiss"]},{"@type":"Person","@id":"https:\/\/www.immo-invest.ch\/it\/author\/immovestuser\/#author","url":"https:\/\/www.immo-invest.ch\/it\/author\/immovestuser\/","name":"immovestuser","image":{"@type":"ImageObject","@id":"https:\/\/www.immo-invest.ch\/it\/ein-neues-raumkonzept-soll-wachstum-gezielter-lenken\/#authorImage","url":"https:\/\/secure.gravatar.com\/avatar\/8e01f4d99f2eeea7a362ebb93305e1172a70e9293ba250f897a65c39f54cdd1e?s=96&d=mm&r=g","width":96,"height":96,"caption":"immovestuser"}},{"@type":"WebPage","@id":"https:\/\/www.immo-invest.ch\/it\/ein-neues-raumkonzept-soll-wachstum-gezielter-lenken\/#webpage","url":"https:\/\/www.immo-invest.ch\/it\/ein-neues-raumkonzept-soll-wachstum-gezielter-lenken\/","name":"Un nuovo concetto di spazio mira a orientare la crescita in modo pi\u00f9 mirato - immo!nvest - Die Plattform f\u00fcr Standorte und Immobilien","description":"Secondo Urbanistica, il \u00abConcetto territoriale Svizzera 2050\u00bb contiene elementi importanti. Tra questi figurano la policentralit\u00e0 della Svizzera, il rafforzamento dei centri interconnessi e l\u2019approccio basato sugli spazi d\u2019azione. Tuttavia, nell\u2019avviso espresso, l\u2019Associazione per una buona urbanistica definisce il concetto troppo vago.","inLanguage":"it-IT","isPartOf":{"@id":"https:\/\/www.immo-invest.ch\/it\/#website"},"breadcrumb":{"@id":"https:\/\/www.immo-invest.ch\/it\/ein-neues-raumkonzept-soll-wachstum-gezielter-lenken\/#breadcrumblist"},"author":{"@id":"https:\/\/www.immo-invest.ch\/it\/author\/immovestuser\/#author"},"creator":{"@id":"https:\/\/www.immo-invest.ch\/it\/author\/immovestuser\/#author"},"image":{"@type":"ImageObject","url":"https:\/\/www.immo-invest.ch\/wp-content\/uploads\/2026\/05\/banoviag_realistic_Swiss_spatial_planning_landscape_with_inte_2e42d6b6-9099-4d4d-b80d-f907eb8c7874_0.png","@id":"https:\/\/www.immo-invest.ch\/it\/ein-neues-raumkonzept-soll-wachstum-gezielter-lenken\/#mainImage","width":1536,"height":768},"primaryImageOfPage":{"@id":"https:\/\/www.immo-invest.ch\/it\/ein-neues-raumkonzept-soll-wachstum-gezielter-lenken\/#mainImage"},"datePublished":"2026-05-28T13:30:00+02:00","dateModified":"2026-05-27T09:57:01+02:00"},{"@type":"WebSite","@id":"https:\/\/www.immo-invest.ch\/it\/#website","url":"https:\/\/www.immo-invest.ch\/it\/","name":"immo!nvest - Die Plattform f\u00fcr Standorte und Immobilien","description":"Die\u00a0Plattform f\u00fcr Standorte und Immobilien","inLanguage":"it-IT","publisher":{"@id":"https:\/\/www.immo-invest.ch\/it\/#organization"}}]},"og:locale":"it_IT","og:site_name":"immo!nvest - Die Plattform f\u00fcr Standorte und Immobilien - Die\u00a0Plattform f\u00fcr Standorte und Immobilien","og:type":"article","og:title":"Un nuovo concetto di spazio mira a orientare la crescita in modo pi\u00f9 mirato - immo!nvest - Die Plattform f\u00fcr Standorte und Immobilien","og:description":"Secondo Urbanistica, il \u00abConcetto territoriale Svizzera 2050\u00bb contiene elementi importanti. Tra questi figurano la policentralit\u00e0 della Svizzera, il rafforzamento dei centri interconnessi e l\u2019approccio basato sugli spazi d\u2019azione. Tuttavia, nell\u2019avviso espresso, l\u2019Associazione per una buona urbanistica definisce il concetto troppo vago.","og:url":"https:\/\/www.immo-invest.ch\/it\/ein-neues-raumkonzept-soll-wachstum-gezielter-lenken\/","og:image":"https:\/\/www.immo-invest.ch\/wp-content\/uploads\/2026\/05\/banoviag_realistic_Swiss_spatial_planning_landscape_with_inte_2e42d6b6-9099-4d4d-b80d-f907eb8c7874_0.png","og:image:secure_url":"https:\/\/www.immo-invest.ch\/wp-content\/uploads\/2026\/05\/banoviag_realistic_Swiss_spatial_planning_landscape_with_inte_2e42d6b6-9099-4d4d-b80d-f907eb8c7874_0.png","og:image:width":1536,"og:image:height":768,"article:published_time":"2026-05-28T11:30:00+00:00","article:modified_time":"2026-05-27T07:57:01+00:00","article:publisher":"https:\/\/www.facebook.com\/people\/Immoinvest\/100077962920504\/","twitter:card":"summary_large_image","twitter:site":"@i","twitter:title":"Un nuovo concetto di spazio mira a orientare la crescita in modo pi\u00f9 mirato - immo!nvest - Die Plattform f\u00fcr Standorte und Immobilien","twitter:description":"Secondo Urbanistica, il \u00abConcetto territoriale Svizzera 2050\u00bb contiene elementi importanti. Tra questi figurano la policentralit\u00e0 della Svizzera, il rafforzamento dei centri interconnessi e l\u2019approccio basato sugli spazi d\u2019azione. Tuttavia, nell\u2019avviso espresso, l\u2019Associazione per una buona urbanistica definisce il concetto troppo vago.","twitter:creator":"@i","twitter:image":"https:\/\/www.immo-invest.ch\/wp-content\/uploads\/2026\/05\/banoviag_realistic_Swiss_spatial_planning_landscape_with_inte_2e42d6b6-9099-4d4d-b80d-f907eb8c7874_0.png"},"aioseo_meta_data":{"post_id":"157775","title":null,"description":null,"keywords":null,"keyphrases":{"focus":{"keyphrase":"","score":0,"analysis":{"keyphraseInTitle":{"score":0,"maxScore":9,"error":1}}},"additional":[]},"primary_term":null,"canonical_url":null,"og_title":null,"og_description":null,"og_object_type":"default","og_image_type":"default","og_image_url":null,"og_image_width":null,"og_image_height":null,"og_image_custom_url":null,"og_image_custom_fields":null,"og_video":"","og_custom_url":null,"og_article_section":null,"og_article_tags":null,"twitter_use_og":false,"twitter_card":"default","twitter_image_type":"default","twitter_image_url":null,"twitter_image_custom_url":null,"twitter_image_custom_fields":null,"twitter_title":null,"twitter_description":null,"schema":{"blockGraphs":[],"customGraphs":[],"default":{"data":{"Article":[],"Course":[],"Dataset":[],"FAQPage":[],"Movie":[],"Person":[],"Product":[],"ProductReview":[],"Car":[],"Recipe":[],"Service":[],"SoftwareApplication":[],"WebPage":[]},"graphName":"BlogPosting","isEnabled":true},"graphs":[]},"schema_type":"default","schema_type_options":null,"pillar_content":false,"robots_default":true,"robots_noindex":false,"robots_noarchive":false,"robots_nosnippet":false,"robots_nofollow":false,"robots_noimageindex":false,"robots_noodp":false,"robots_notranslate":false,"robots_max_snippet":"-1","robots_max_videopreview":"-1","robots_max_imagepreview":"large","priority":null,"frequency":"default","local_seo":null,"breadcrumb_settings":null,"limit_modified_date":false,"ai":{"faqs":[],"keyPoints":[],"schemas":[],"titles":[],"descriptions":[],"socialPosts":{"email":[],"linkedin":[],"twitter":[],"facebook":[],"instagram":[]}},"created":"2026-05-27 07:57:05","updated":"2026-05-29 00:52:04","seo_analyzer_scan_date":null,"focus_keyword":null,"additional_keywords":null,"truseo_locale":null},"aioseo_breadcrumb":"<div class=\"aioseo-breadcrumbs\"><span class=\"aioseo-breadcrumb\">\n\t\t\t<a href=\"https:\/\/www.immo-invest.ch\/it\/\" title=\"Home\">Home<\/a>\n\t\t<\/span><span class=\"aioseo-breadcrumb-separator\">&raquo;<\/span><span class=\"aioseo-breadcrumb\">\n\t\t\t<a href=\"https:\/\/www.immo-invest.ch\/it\/categoria\/trends-it\/\" title=\"Trends\">Trends<\/a>\n\t\t<\/span><span class=\"aioseo-breadcrumb-separator\">&raquo;<\/span><span class=\"aioseo-breadcrumb\">\n\t\t\t<a href=\"https:\/\/www.immo-invest.ch\/it\/categoria\/trends-it\/sostenibilita\/\" title=\"Sostenibilit\u00e0\">Sostenibilit\u00e0<\/a>\n\t\t<\/span><span class=\"aioseo-breadcrumb-separator\">&raquo;<\/span><span class=\"aioseo-breadcrumb\">\n\t\t\tUn nuovo concetto di spazio mira a orientare la crescita in modo pi\u00f9 mirato\n\t\t<\/span><\/div>","aioseo_breadcrumb_json":[{"label":"Home","link":"https:\/\/www.immo-invest.ch\/it\/"},{"label":"Trends","link":"https:\/\/www.immo-invest.ch\/it\/categoria\/trends-it\/"},{"label":"Sostenibilit\u00e0","link":"https:\/\/www.immo-invest.ch\/it\/categoria\/trends-it\/sostenibilita\/"},{"label":"Un nuovo concetto di spazio mira a orientare la crescita in modo pi\u00f9 mirato","link":"https:\/\/www.immo-invest.ch\/it\/ein-neues-raumkonzept-soll-wachstum-gezielter-lenken\/"}],"featured_image_src":"https:\/\/www.immo-invest.ch\/wp-content\/uploads\/2026\/05\/banoviag_realistic_Swiss_spatial_planning_landscape_with_inte_2e42d6b6-9099-4d4d-b80d-f907eb8c7874_0-336x168.png","_links":{"self":[{"href":"https:\/\/www.immo-invest.ch\/it\/wp-json\/wp\/v2\/posts\/157775","targetHints":{"allow":["GET"]}}],"collection":[{"href":"https:\/\/www.immo-invest.ch\/it\/wp-json\/wp\/v2\/posts"}],"about":[{"href":"https:\/\/www.immo-invest.ch\/it\/wp-json\/wp\/v2\/types\/post"}],"author":[{"embeddable":true,"href":"https:\/\/www.immo-invest.ch\/it\/wp-json\/wp\/v2\/users\/2"}],"replies":[{"embeddable":true,"href":"https:\/\/www.immo-invest.ch\/it\/wp-json\/wp\/v2\/comments?post=157775"}],"version-history":[{"count":2,"href":"https:\/\/www.immo-invest.ch\/it\/wp-json\/wp\/v2\/posts\/157775\/revisions"}],"predecessor-version":[{"id":157783,"href":"https:\/\/www.immo-invest.ch\/it\/wp-json\/wp\/v2\/posts\/157775\/revisions\/157783"}],"wp:featuredmedia":[{"embeddable":true,"href":"https:\/\/www.immo-invest.ch\/it\/wp-json\/wp\/v2\/media\/157776"}],"wp:attachment":[{"href":"https:\/\/www.immo-invest.ch\/it\/wp-json\/wp\/v2\/media?parent=157775"}],"wp:term":[{"taxonomy":"category","embeddable":true,"href":"https:\/\/www.immo-invest.ch\/it\/wp-json\/wp\/v2\/categories?post=157775"},{"taxonomy":"post_tag","embeddable":true,"href":"https:\/\/www.immo-invest.ch\/it\/wp-json\/wp\/v2\/tags?post=157775"}],"curies":[{"name":"wp","href":"https:\/\/api.w.org\/{rel}","templated":true}]}}