{"id":157714,"date":"2026-05-26T11:13:49","date_gmt":"2026-05-26T09:13:49","guid":{"rendered":"https:\/\/www.immo-invest.ch\/verdichten-ja-aber-nicht-um-jeden-preis\/"},"modified":"2026-05-26T11:50:29","modified_gmt":"2026-05-26T09:50:29","slug":"verdichten-ja-aber-nicht-um-jeden-preis","status":"publish","type":"post","link":"https:\/\/www.immo-invest.ch\/it\/verdichten-ja-aber-nicht-um-jeden-preis\/","title":{"rendered":"Densificare s\u00ec, ma non a qualsiasi prezzo"},"content":{"rendered":"<p class=\"wp-block-paragraph\">Nel SonntagsBlick M&auml;der sostiene che i grattacieli sono una forma efficiente di costruire e vivere. La domanda &ldquo;Perch&eacute; non dovrebbero esserci pi&ugrave; grattacieli a Zurigo?&rdquo; suona come pragmatica. Ma efficienza e qualit&agrave; della vita non sono sinonimi. Indicare Hong Kong o Singapore come modelli di riferimento aumenta la popolazione, non la qualit&agrave; della vita.<\/p>\n\n\n\n\n\n<p class=\"wp-block-paragraph\"><strong>Cosa dicono davvero le cifre<br><\/strong>La Z&uuml;rcher Kantonalbank ha riassunto sobriamente la situazione. I grattacieli di oltre sette piani possono risparmiare terreno, ma i loro abitanti occupano in media pi&ugrave; spazio pro capite rispetto agli edifici pi&ugrave; bassi. Con l&rsquo;aumentare del numero di piani, aumenta anche la percentuale di piccoli appartamenti da una a tre stanze, attraenti per i single benestanti e le coppie senza figli, ma difficilmente accessibili per le famiglie o la classe media. Basta dare un&rsquo;occhiata al grattacielo &ldquo;Sphinx&rdquo; di Zurigo. Un appartamento con una sola camera da letto costa 3.000 franchi svizzeri al mese e un quinto delle unit&agrave; sono sfitte.<\/p>\n\n\n\n\n\n<p class=\"wp-block-paragraph\"><strong>Boom di difetti<br><\/strong>Attualmente ci sono pi&ugrave; di 15.500 appartamenti in grattacieli nella citt&agrave; di Zurigo, 13.770 a Ginevra e 6.800 a Berna, dal progetto d&rsquo;insieme con due torri alte 137 metri presso il nuovo stadio di calcio alla torre Ried a Leutschenbach e alla torre cooperativa nel quartiere Koch di Altstetten. Tuttavia, il progetto d&rsquo;insieme &egrave; attualmente sospeso, con un ricorso pendente presso il Tribunale federale. I grattacieli non sono solo costosi, ma anche giuridicamente complessi.<\/p>\n\n\n\n\n\n<p class=\"wp-block-paragraph\"><strong>Densificare non significa costruire grattacieli<br><\/strong>La strategia federale &ldquo;Sviluppo insediativo verso l&rsquo;interno&rdquo; indica la strada giusta da seguire. il 59% di tutti i permessi di costruzione per l&rsquo;edilizia residenziale sono stati recentemente concessi su lotti gi&agrave; sviluppati. Questo funziona anche senza grattacieli. La densificazione situazionale, adattata al carattere del quartiere, al paesaggio e al mix di usi, crea di pi&ugrave; a lungo termine rispetto alle torri di prestigio con vista panoramica. L&rsquo;edilizia sociale non ha bisogno di altezze record, ma di piani intelligenti, affitti accessibili e distanze ridotte.<\/p>\n\n\n\n\n\n<p class=\"wp-block-paragraph\"><strong>Cosa serve ora<br><\/strong>I politici devono stabilire delle linee guida prima che <span class=\"glossaryLink\"  aria-describedby=\"tt\"  data-cmtooltip=\"&lt;div class=glossaryItemTitle&gt;SIA&lt;\/div&gt;&lt;div class=glossaryItemBody&gt;Schweizerischer Ingenieur- und Architektenverein; massgebender Berufsverband f&uuml;r qualifizierte Fachleute der Bereiche Bau, Technik und Umwelt mit rund f&uuml;nfzehntausend Mitgliedern&lt;\/div&gt;\"  data-mobile-support=\"0\"  data-gt-translate-attributes='[{\"attribute\":\"data-cmtooltip\", \"format\":\"html\"}]' tabindex='0' role='link'>sia<\/span> il mercato a decidere. I grattacieli sono legittimi quando hanno senso in termini di sviluppo urbano e creano spazi abitativi socialmente misti. Non sono adatti come risposta generale alla carenza di alloggi. Per inciso, la maggioranza della popolazione svizzera &egrave; di questo parere. Secondo un sondaggio <span class=\"glossaryLink\" aria-describedby=\"tt\" data-cmtooltip=\"&lt;div class=glossaryItemTitle&gt;Comparis&lt;\/div&gt;&lt;div class=glossaryItemBody&gt;Internet-Vergleichsdienst, der unter anderem Vergleichsmieten anbietet&lt;\/div&gt;\" data-mobile-support=\"0\" data-gt-translate-attributes='[{\"attribute\":\"data-cmtooltip\", \"format\":\"html\"}]' tabindex=\"0\" role=\"link\">Comparis<\/span> del 2025, oltre il 50% rifiuta in linea di principio gli edifici pi&ugrave; alti.<\/p>\n\n","protected":false},"excerpt":{"rendered":"<p>La Svizzera sta costruendo verso l&#8217;alto. A Zurigo sono in costruzione o in fase di progettazione pi\u00f9 di dieci grattacieli e anche Ginevra, Berna e Basilea stanno cambiando il loro skyline. Il presidente di Economiesuisse Christoph M\u00e4der chiede pi\u00f9 grattacieli. Ma i nuovi dati dimostrano che costruire in alto non significa necessariamente costruire per tutti.<\/p>\n","protected":false},"author":2,"featured_media":157715,"comment_status":"open","ping_status":"open","sticky":false,"template":"","format":"standard","meta":{"pmpro_default_level":"","inline_featured_image":false,"_monsterinsights_skip_tracking":false,"footnotes":""},"categories":[9650,56028,56004,4817],"tags":[867,3935,2006,59129,41102,36638,2555],"class_list":["post-157714","post","type-post","status-publish","format-standard","has-post-thumbnail","hentry","category-nuove-costruzioni","category-pianificazione-sviluppo","category-residenziale","category-regione-zurigo","tag-immoinvest-it","tag-immonews-it","tag-news-it","tag-siedlungsentwicklung-nach-innen","tag-verdichtung-it","tag-wohnungsnot-it","tag-zurich-it","pmpro-has-access"],"acf":{"bild_mit_ki_erstellt_worden":["Ja"],"lead":"La Svizzera sta costruendo verso l'alto. A Zurigo sono in costruzione o in fase di progettazione pi\u00f9 di dieci grattacieli e anche Ginevra, Berna e Basilea stanno cambiando il loro skyline. Il presidente di Economiesuisse Christoph M\u00e4der chiede pi\u00f9 grattacieli. Ma i nuovi dati dimostrano che costruire in alto non significa necessariamente costruire per tutti.","autor":"","ort":"","bildunterschrift":"","bild_im_grid":false,"gallerie":"","newsim":"2484"},"aioseo_notices":[],"aioseo_head":"\n\t\t<!-- All in One SEO 5.0.0.1 - aioseo.com -->\n\t<meta name=\"description\" content=\"La Svizzera sta costruendo verso l&#039;alto. A Zurigo sono in costruzione o in fase di progettazione pi\u00f9 di dieci grattacieli e anche Ginevra, Berna e Basilea stanno cambiando il loro skyline. Il presidente di Economiesuisse Christoph M\u00e4der chiede pi\u00f9 grattacieli. Ma i nuovi dati dimostrano che costruire in alto non significa necessariamente costruire per tutti.\" \/>\n\t<meta name=\"robots\" content=\"max-image-preview:large\" \/>\n\t<meta name=\"author\" content=\"immovestuser\"\/>\n\t<meta name=\"google-site-verification\" content=\"fHJKvgWpZCR2zVBHWfkQeFXC11qieUSff0HGNYfuyLA\" \/>\n\t<link rel=\"canonical\" href=\"https:\/\/www.immo-invest.ch\/it\/verdichten-ja-aber-nicht-um-jeden-preis\/\" \/>\n\t<meta name=\"generator\" content=\"All in One SEO (AIOSEO) 5.0.0.1\" \/>\n\t\t<meta property=\"og:locale\" content=\"it_IT\" \/>\n\t\t<meta property=\"og:site_name\" content=\"immo!nvest - Die Plattform f\u00fcr Standorte und Immobilien - Die\u00a0Plattform f\u00fcr Standorte und Immobilien\" \/>\n\t\t<meta property=\"og:type\" content=\"article\" \/>\n\t\t<meta property=\"og:title\" content=\"Densificare s\u00ec, ma non a qualsiasi prezzo - immo!nvest - Die Plattform f\u00fcr Standorte und Immobilien\" \/>\n\t\t<meta property=\"og:description\" content=\"La Svizzera sta costruendo verso l&#039;alto. A Zurigo sono in costruzione o in fase di progettazione pi\u00f9 di dieci grattacieli e anche Ginevra, Berna e Basilea stanno cambiando il loro skyline. Il presidente di Economiesuisse Christoph M\u00e4der chiede pi\u00f9 grattacieli. Ma i nuovi dati dimostrano che costruire in alto non significa necessariamente costruire per tutti.\" \/>\n\t\t<meta property=\"og:url\" content=\"https:\/\/www.immo-invest.ch\/it\/verdichten-ja-aber-nicht-um-jeden-preis\/\" \/>\n\t\t<meta property=\"og:image\" content=\"https:\/\/www.immo-invest.ch\/wp-content\/uploads\/2026\/05\/immo-invest-wohnen-planung-entwicklung-bewertungen-marktanalysen-schweiz-hochhausbau-verdichtung-wohnungsmarkt.png\" \/>\n\t\t<meta property=\"og:image:secure_url\" content=\"https:\/\/www.immo-invest.ch\/wp-content\/uploads\/2026\/05\/immo-invest-wohnen-planung-entwicklung-bewertungen-marktanalysen-schweiz-hochhausbau-verdichtung-wohnungsmarkt.png\" \/>\n\t\t<meta property=\"og:image:width\" content=\"1536\" \/>\n\t\t<meta property=\"og:image:height\" content=\"768\" \/>\n\t\t<meta property=\"article:published_time\" content=\"2026-05-26T09:13:49+00:00\" \/>\n\t\t<meta property=\"article:modified_time\" content=\"2026-05-26T09:50:29+00:00\" \/>\n\t\t<meta property=\"article:publisher\" content=\"https:\/\/www.facebook.com\/people\/Immoinvest\/100077962920504\/\" \/>\n\t\t<meta name=\"twitter:card\" content=\"summary_large_image\" \/>\n\t\t<meta name=\"twitter:site\" content=\"@i\" \/>\n\t\t<meta name=\"twitter:title\" content=\"Densificare s\u00ec, ma non a qualsiasi prezzo - immo!nvest - Die Plattform f\u00fcr Standorte und Immobilien\" \/>\n\t\t<meta name=\"twitter:description\" content=\"La Svizzera sta costruendo verso l&#039;alto. A Zurigo sono in costruzione o in fase di progettazione pi\u00f9 di dieci grattacieli e anche Ginevra, Berna e Basilea stanno cambiando il loro skyline. Il presidente di Economiesuisse Christoph M\u00e4der chiede pi\u00f9 grattacieli. Ma i nuovi dati dimostrano che costruire in alto non significa necessariamente costruire per tutti.\" \/>\n\t\t<meta name=\"twitter:creator\" content=\"@i\" \/>\n\t\t<meta name=\"twitter:image\" content=\"https:\/\/www.immo-invest.ch\/wp-content\/uploads\/2026\/05\/immo-invest-wohnen-planung-entwicklung-bewertungen-marktanalysen-schweiz-hochhausbau-verdichtung-wohnungsmarkt.png\" \/>\n\t\t<script type=\"application\/ld+json\" class=\"aioseo-schema\">\n\t\t\t{\"@context\":\"https:\\\/\\\/schema.org\",\"@graph\":[{\"@type\":\"BlogPosting\",\"@id\":\"https:\\\/\\\/www.immo-invest.ch\\\/it\\\/verdichten-ja-aber-nicht-um-jeden-preis\\\/#blogposting\",\"name\":\"Densificare s\\u00ec, ma non a qualsiasi prezzo - immo!nvest - Die Plattform f\\u00fcr Standorte und Immobilien\",\"headline\":\"Densificare s\\u00ec, ma non a qualsiasi prezzo\",\"author\":{\"@id\":\"https:\\\/\\\/www.immo-invest.ch\\\/it\\\/author\\\/immovestuser\\\/#author\"},\"publisher\":{\"@id\":\"https:\\\/\\\/www.immo-invest.ch\\\/it\\\/#organization\"},\"image\":{\"@type\":\"ImageObject\",\"url\":\"https:\\\/\\\/www.immo-invest.ch\\\/wp-content\\\/uploads\\\/2026\\\/05\\\/immo-invest-wohnen-planung-entwicklung-bewertungen-marktanalysen-schweiz-hochhausbau-verdichtung-wohnungsmarkt.png\",\"width\":1536,\"height\":768},\"datePublished\":\"2026-05-26T11:13:49+02:00\",\"dateModified\":\"2026-05-26T11:50:29+02:00\",\"inLanguage\":\"it-IT\",\"mainEntityOfPage\":{\"@id\":\"https:\\\/\\\/www.immo-invest.ch\\\/it\\\/verdichten-ja-aber-nicht-um-jeden-preis\\\/#webpage\"},\"isPartOf\":{\"@id\":\"https:\\\/\\\/www.immo-invest.ch\\\/it\\\/verdichten-ja-aber-nicht-um-jeden-preis\\\/#webpage\"},\"articleSection\":\"Nuove costruzioni, Pianificazione \\\/ Sviluppo, Residenziale, Zurigo, Immoinvest, immoNews, News, Siedlungsentwicklung nach innen, Verdichtung, Wohnungsnot, Zurich, Optional\"},{\"@type\":\"BreadcrumbList\",\"@id\":\"https:\\\/\\\/www.immo-invest.ch\\\/it\\\/verdichten-ja-aber-nicht-um-jeden-preis\\\/#breadcrumblist\",\"itemListElement\":[{\"@type\":\"ListItem\",\"@id\":\"https:\\\/\\\/www.immo-invest.ch\\\/it\\\/#listItem\",\"position\":1,\"name\":\"Home\",\"item\":\"https:\\\/\\\/www.immo-invest.ch\\\/it\\\/\",\"nextItem\":{\"@type\":\"ListItem\",\"@id\":\"https:\\\/\\\/www.immo-invest.ch\\\/it\\\/categoria\\\/regioni\\\/#listItem\",\"name\":\"Regioni\"}},{\"@type\":\"ListItem\",\"@id\":\"https:\\\/\\\/www.immo-invest.ch\\\/it\\\/categoria\\\/regioni\\\/#listItem\",\"position\":2,\"name\":\"Regioni\",\"item\":\"https:\\\/\\\/www.immo-invest.ch\\\/it\\\/categoria\\\/regioni\\\/\",\"nextItem\":{\"@type\":\"ListItem\",\"@id\":\"https:\\\/\\\/www.immo-invest.ch\\\/it\\\/categoria\\\/regioni\\\/svizzera\\\/#listItem\",\"name\":\"Svizzera\"},\"previousItem\":{\"@type\":\"ListItem\",\"@id\":\"https:\\\/\\\/www.immo-invest.ch\\\/it\\\/#listItem\",\"name\":\"Home\"}},{\"@type\":\"ListItem\",\"@id\":\"https:\\\/\\\/www.immo-invest.ch\\\/it\\\/categoria\\\/regioni\\\/svizzera\\\/#listItem\",\"position\":3,\"name\":\"Svizzera\",\"item\":\"https:\\\/\\\/www.immo-invest.ch\\\/it\\\/categoria\\\/regioni\\\/svizzera\\\/\",\"nextItem\":{\"@type\":\"ListItem\",\"@id\":\"https:\\\/\\\/www.immo-invest.ch\\\/it\\\/categoria\\\/regioni\\\/svizzera\\\/regione-zurigo\\\/#listItem\",\"name\":\"Zurigo\"},\"previousItem\":{\"@type\":\"ListItem\",\"@id\":\"https:\\\/\\\/www.immo-invest.ch\\\/it\\\/categoria\\\/regioni\\\/#listItem\",\"name\":\"Regioni\"}},{\"@type\":\"ListItem\",\"@id\":\"https:\\\/\\\/www.immo-invest.ch\\\/it\\\/categoria\\\/regioni\\\/svizzera\\\/regione-zurigo\\\/#listItem\",\"position\":4,\"name\":\"Zurigo\",\"item\":\"https:\\\/\\\/www.immo-invest.ch\\\/it\\\/categoria\\\/regioni\\\/svizzera\\\/regione-zurigo\\\/\",\"nextItem\":{\"@type\":\"ListItem\",\"@id\":\"https:\\\/\\\/www.immo-invest.ch\\\/it\\\/verdichten-ja-aber-nicht-um-jeden-preis\\\/#listItem\",\"name\":\"Densificare s\\u00ec, ma non a qualsiasi prezzo\"},\"previousItem\":{\"@type\":\"ListItem\",\"@id\":\"https:\\\/\\\/www.immo-invest.ch\\\/it\\\/categoria\\\/regioni\\\/svizzera\\\/#listItem\",\"name\":\"Svizzera\"}},{\"@type\":\"ListItem\",\"@id\":\"https:\\\/\\\/www.immo-invest.ch\\\/it\\\/verdichten-ja-aber-nicht-um-jeden-preis\\\/#listItem\",\"position\":5,\"name\":\"Densificare s\\u00ec, ma non a qualsiasi prezzo\",\"previousItem\":{\"@type\":\"ListItem\",\"@id\":\"https:\\\/\\\/www.immo-invest.ch\\\/it\\\/categoria\\\/regioni\\\/svizzera\\\/regione-zurigo\\\/#listItem\",\"name\":\"Zurigo\"}}]},{\"@type\":\"Organization\",\"@id\":\"https:\\\/\\\/www.immo-invest.ch\\\/it\\\/#organization\",\"name\":\"immo!nvest - Die Plattform f\\u00fcr Standorte und Immobilien\",\"description\":\"Die\\u00a0Plattform f\\u00fcr Standorte und Immobilien\",\"url\":\"https:\\\/\\\/www.immo-invest.ch\\\/it\\\/\",\"email\":\"admin@immomedia.ag\",\"telephone\":\"+41444420002\",\"logo\":{\"@type\":\"ImageObject\",\"url\":\"https:\\\/\\\/www.immo-invest.ch\\\/wp-content\\\/uploads\\\/2024\\\/09\\\/immoinvest_sm-scaled.jpg\",\"@id\":\"https:\\\/\\\/www.immo-invest.ch\\\/it\\\/verdichten-ja-aber-nicht-um-jeden-preis\\\/#organizationLogo\",\"width\":2560,\"height\":1340},\"image\":{\"@id\":\"https:\\\/\\\/www.immo-invest.ch\\\/it\\\/verdichten-ja-aber-nicht-um-jeden-preis\\\/#organizationLogo\"},\"sameAs\":[\"https:\\\/\\\/www.facebook.com\\\/people\\\/Immoinvest\\\/100077962920504\\\/\",\"https:\\\/\\\/x.com\\\/i\\\/flow\\\/login?redirect_after_login=immoinvest_ch\",\"https:\\\/\\\/www.instagram.com\\\/immoinvest_ch\\\/\",\"https:\\\/\\\/www.linkedin.com\\\/company\\\/immoinvest-swiss\"]},{\"@type\":\"Person\",\"@id\":\"https:\\\/\\\/www.immo-invest.ch\\\/it\\\/author\\\/immovestuser\\\/#author\",\"url\":\"https:\\\/\\\/www.immo-invest.ch\\\/it\\\/author\\\/immovestuser\\\/\",\"name\":\"immovestuser\",\"image\":{\"@type\":\"ImageObject\",\"@id\":\"https:\\\/\\\/www.immo-invest.ch\\\/it\\\/verdichten-ja-aber-nicht-um-jeden-preis\\\/#authorImage\",\"url\":\"https:\\\/\\\/secure.gravatar.com\\\/avatar\\\/8e01f4d99f2eeea7a362ebb93305e1172a70e9293ba250f897a65c39f54cdd1e?s=96&d=mm&r=g\",\"width\":96,\"height\":96,\"caption\":\"immovestuser\"}},{\"@type\":\"WebPage\",\"@id\":\"https:\\\/\\\/www.immo-invest.ch\\\/it\\\/verdichten-ja-aber-nicht-um-jeden-preis\\\/#webpage\",\"url\":\"https:\\\/\\\/www.immo-invest.ch\\\/it\\\/verdichten-ja-aber-nicht-um-jeden-preis\\\/\",\"name\":\"Densificare s\\u00ec, ma non a qualsiasi prezzo - immo!nvest - Die Plattform f\\u00fcr Standorte und Immobilien\",\"description\":\"La Svizzera sta costruendo verso l'alto. A Zurigo sono in costruzione o in fase di progettazione pi\\u00f9 di dieci grattacieli e anche Ginevra, Berna e Basilea stanno cambiando il loro skyline. Il presidente di Economiesuisse Christoph M\\u00e4der chiede pi\\u00f9 grattacieli. Ma i nuovi dati dimostrano che costruire in alto non significa necessariamente costruire per tutti.\",\"inLanguage\":\"it-IT\",\"isPartOf\":{\"@id\":\"https:\\\/\\\/www.immo-invest.ch\\\/it\\\/#website\"},\"breadcrumb\":{\"@id\":\"https:\\\/\\\/www.immo-invest.ch\\\/it\\\/verdichten-ja-aber-nicht-um-jeden-preis\\\/#breadcrumblist\"},\"author\":{\"@id\":\"https:\\\/\\\/www.immo-invest.ch\\\/it\\\/author\\\/immovestuser\\\/#author\"},\"creator\":{\"@id\":\"https:\\\/\\\/www.immo-invest.ch\\\/it\\\/author\\\/immovestuser\\\/#author\"},\"image\":{\"@type\":\"ImageObject\",\"url\":\"https:\\\/\\\/www.immo-invest.ch\\\/wp-content\\\/uploads\\\/2026\\\/05\\\/immo-invest-wohnen-planung-entwicklung-bewertungen-marktanalysen-schweiz-hochhausbau-verdichtung-wohnungsmarkt.png\",\"@id\":\"https:\\\/\\\/www.immo-invest.ch\\\/it\\\/verdichten-ja-aber-nicht-um-jeden-preis\\\/#mainImage\",\"width\":1536,\"height\":768},\"primaryImageOfPage\":{\"@id\":\"https:\\\/\\\/www.immo-invest.ch\\\/it\\\/verdichten-ja-aber-nicht-um-jeden-preis\\\/#mainImage\"},\"datePublished\":\"2026-05-26T11:13:49+02:00\",\"dateModified\":\"2026-05-26T11:50:29+02:00\"},{\"@type\":\"WebSite\",\"@id\":\"https:\\\/\\\/www.immo-invest.ch\\\/it\\\/#website\",\"url\":\"https:\\\/\\\/www.immo-invest.ch\\\/it\\\/\",\"name\":\"immo!nvest - Die Plattform f\\u00fcr Standorte und Immobilien\",\"description\":\"Die\\u00a0Plattform f\\u00fcr Standorte und Immobilien\",\"inLanguage\":\"it-IT\",\"publisher\":{\"@id\":\"https:\\\/\\\/www.immo-invest.ch\\\/it\\\/#organization\"}}]}\n\t\t<\/script>\n\t\t<!-- All in One SEO -->\n\n","aioseo_head_json":{"title":"Densificare s\u00ec, ma non a qualsiasi prezzo - immo!nvest - Die Plattform f\u00fcr Standorte und Immobilien","description":"La Svizzera sta costruendo verso l'alto. A Zurigo sono in costruzione o in fase di progettazione pi\u00f9 di dieci grattacieli e anche Ginevra, Berna e Basilea stanno cambiando il loro skyline. Il presidente di Economiesuisse Christoph M\u00e4der chiede pi\u00f9 grattacieli. Ma i nuovi dati dimostrano che costruire in alto non significa necessariamente costruire per tutti.","canonical_url":"https:\/\/www.immo-invest.ch\/it\/verdichten-ja-aber-nicht-um-jeden-preis\/","robots":"max-image-preview:large","keywords":"","webmasterTools":{"google-site-verification":"fHJKvgWpZCR2zVBHWfkQeFXC11qieUSff0HGNYfuyLA","miscellaneous":""},"schema":{"@context":"https:\/\/schema.org","@graph":[{"@type":"BlogPosting","@id":"https:\/\/www.immo-invest.ch\/it\/verdichten-ja-aber-nicht-um-jeden-preis\/#blogposting","name":"Densificare s\u00ec, ma non a qualsiasi prezzo - immo!nvest - Die Plattform f\u00fcr Standorte und Immobilien","headline":"Densificare s\u00ec, ma non a qualsiasi prezzo","author":{"@id":"https:\/\/www.immo-invest.ch\/it\/author\/immovestuser\/#author"},"publisher":{"@id":"https:\/\/www.immo-invest.ch\/it\/#organization"},"image":{"@type":"ImageObject","url":"https:\/\/www.immo-invest.ch\/wp-content\/uploads\/2026\/05\/immo-invest-wohnen-planung-entwicklung-bewertungen-marktanalysen-schweiz-hochhausbau-verdichtung-wohnungsmarkt.png","width":1536,"height":768},"datePublished":"2026-05-26T11:13:49+02:00","dateModified":"2026-05-26T11:50:29+02:00","inLanguage":"it-IT","mainEntityOfPage":{"@id":"https:\/\/www.immo-invest.ch\/it\/verdichten-ja-aber-nicht-um-jeden-preis\/#webpage"},"isPartOf":{"@id":"https:\/\/www.immo-invest.ch\/it\/verdichten-ja-aber-nicht-um-jeden-preis\/#webpage"},"articleSection":"Nuove costruzioni, Pianificazione \/ Sviluppo, Residenziale, Zurigo, Immoinvest, immoNews, News, Siedlungsentwicklung nach innen, Verdichtung, Wohnungsnot, Zurich, Optional"},{"@type":"BreadcrumbList","@id":"https:\/\/www.immo-invest.ch\/it\/verdichten-ja-aber-nicht-um-jeden-preis\/#breadcrumblist","itemListElement":[{"@type":"ListItem","@id":"https:\/\/www.immo-invest.ch\/it\/#listItem","position":1,"name":"Home","item":"https:\/\/www.immo-invest.ch\/it\/","nextItem":{"@type":"ListItem","@id":"https:\/\/www.immo-invest.ch\/it\/categoria\/regioni\/#listItem","name":"Regioni"}},{"@type":"ListItem","@id":"https:\/\/www.immo-invest.ch\/it\/categoria\/regioni\/#listItem","position":2,"name":"Regioni","item":"https:\/\/www.immo-invest.ch\/it\/categoria\/regioni\/","nextItem":{"@type":"ListItem","@id":"https:\/\/www.immo-invest.ch\/it\/categoria\/regioni\/svizzera\/#listItem","name":"Svizzera"},"previousItem":{"@type":"ListItem","@id":"https:\/\/www.immo-invest.ch\/it\/#listItem","name":"Home"}},{"@type":"ListItem","@id":"https:\/\/www.immo-invest.ch\/it\/categoria\/regioni\/svizzera\/#listItem","position":3,"name":"Svizzera","item":"https:\/\/www.immo-invest.ch\/it\/categoria\/regioni\/svizzera\/","nextItem":{"@type":"ListItem","@id":"https:\/\/www.immo-invest.ch\/it\/categoria\/regioni\/svizzera\/regione-zurigo\/#listItem","name":"Zurigo"},"previousItem":{"@type":"ListItem","@id":"https:\/\/www.immo-invest.ch\/it\/categoria\/regioni\/#listItem","name":"Regioni"}},{"@type":"ListItem","@id":"https:\/\/www.immo-invest.ch\/it\/categoria\/regioni\/svizzera\/regione-zurigo\/#listItem","position":4,"name":"Zurigo","item":"https:\/\/www.immo-invest.ch\/it\/categoria\/regioni\/svizzera\/regione-zurigo\/","nextItem":{"@type":"ListItem","@id":"https:\/\/www.immo-invest.ch\/it\/verdichten-ja-aber-nicht-um-jeden-preis\/#listItem","name":"Densificare s\u00ec, ma non a qualsiasi prezzo"},"previousItem":{"@type":"ListItem","@id":"https:\/\/www.immo-invest.ch\/it\/categoria\/regioni\/svizzera\/#listItem","name":"Svizzera"}},{"@type":"ListItem","@id":"https:\/\/www.immo-invest.ch\/it\/verdichten-ja-aber-nicht-um-jeden-preis\/#listItem","position":5,"name":"Densificare s\u00ec, ma non a qualsiasi prezzo","previousItem":{"@type":"ListItem","@id":"https:\/\/www.immo-invest.ch\/it\/categoria\/regioni\/svizzera\/regione-zurigo\/#listItem","name":"Zurigo"}}]},{"@type":"Organization","@id":"https:\/\/www.immo-invest.ch\/it\/#organization","name":"immo!nvest - Die Plattform f\u00fcr Standorte und Immobilien","description":"Die\u00a0Plattform f\u00fcr Standorte und Immobilien","url":"https:\/\/www.immo-invest.ch\/it\/","email":"admin@immomedia.ag","telephone":"+41444420002","logo":{"@type":"ImageObject","url":"https:\/\/www.immo-invest.ch\/wp-content\/uploads\/2024\/09\/immoinvest_sm-scaled.jpg","@id":"https:\/\/www.immo-invest.ch\/it\/verdichten-ja-aber-nicht-um-jeden-preis\/#organizationLogo","width":2560,"height":1340},"image":{"@id":"https:\/\/www.immo-invest.ch\/it\/verdichten-ja-aber-nicht-um-jeden-preis\/#organizationLogo"},"sameAs":["https:\/\/www.facebook.com\/people\/Immoinvest\/100077962920504\/","https:\/\/x.com\/i\/flow\/login?redirect_after_login=immoinvest_ch","https:\/\/www.instagram.com\/immoinvest_ch\/","https:\/\/www.linkedin.com\/company\/immoinvest-swiss"]},{"@type":"Person","@id":"https:\/\/www.immo-invest.ch\/it\/author\/immovestuser\/#author","url":"https:\/\/www.immo-invest.ch\/it\/author\/immovestuser\/","name":"immovestuser","image":{"@type":"ImageObject","@id":"https:\/\/www.immo-invest.ch\/it\/verdichten-ja-aber-nicht-um-jeden-preis\/#authorImage","url":"https:\/\/secure.gravatar.com\/avatar\/8e01f4d99f2eeea7a362ebb93305e1172a70e9293ba250f897a65c39f54cdd1e?s=96&d=mm&r=g","width":96,"height":96,"caption":"immovestuser"}},{"@type":"WebPage","@id":"https:\/\/www.immo-invest.ch\/it\/verdichten-ja-aber-nicht-um-jeden-preis\/#webpage","url":"https:\/\/www.immo-invest.ch\/it\/verdichten-ja-aber-nicht-um-jeden-preis\/","name":"Densificare s\u00ec, ma non a qualsiasi prezzo - immo!nvest - Die Plattform f\u00fcr Standorte und Immobilien","description":"La Svizzera sta costruendo verso l'alto. A Zurigo sono in costruzione o in fase di progettazione pi\u00f9 di dieci grattacieli e anche Ginevra, Berna e Basilea stanno cambiando il loro skyline. Il presidente di Economiesuisse Christoph M\u00e4der chiede pi\u00f9 grattacieli. Ma i nuovi dati dimostrano che costruire in alto non significa necessariamente costruire per tutti.","inLanguage":"it-IT","isPartOf":{"@id":"https:\/\/www.immo-invest.ch\/it\/#website"},"breadcrumb":{"@id":"https:\/\/www.immo-invest.ch\/it\/verdichten-ja-aber-nicht-um-jeden-preis\/#breadcrumblist"},"author":{"@id":"https:\/\/www.immo-invest.ch\/it\/author\/immovestuser\/#author"},"creator":{"@id":"https:\/\/www.immo-invest.ch\/it\/author\/immovestuser\/#author"},"image":{"@type":"ImageObject","url":"https:\/\/www.immo-invest.ch\/wp-content\/uploads\/2026\/05\/immo-invest-wohnen-planung-entwicklung-bewertungen-marktanalysen-schweiz-hochhausbau-verdichtung-wohnungsmarkt.png","@id":"https:\/\/www.immo-invest.ch\/it\/verdichten-ja-aber-nicht-um-jeden-preis\/#mainImage","width":1536,"height":768},"primaryImageOfPage":{"@id":"https:\/\/www.immo-invest.ch\/it\/verdichten-ja-aber-nicht-um-jeden-preis\/#mainImage"},"datePublished":"2026-05-26T11:13:49+02:00","dateModified":"2026-05-26T11:50:29+02:00"},{"@type":"WebSite","@id":"https:\/\/www.immo-invest.ch\/it\/#website","url":"https:\/\/www.immo-invest.ch\/it\/","name":"immo!nvest - Die Plattform f\u00fcr Standorte und Immobilien","description":"Die\u00a0Plattform f\u00fcr Standorte und Immobilien","inLanguage":"it-IT","publisher":{"@id":"https:\/\/www.immo-invest.ch\/it\/#organization"}}]},"og:locale":"it_IT","og:site_name":"immo!nvest - Die Plattform f\u00fcr Standorte und Immobilien - Die\u00a0Plattform f\u00fcr Standorte und Immobilien","og:type":"article","og:title":"Densificare s\u00ec, ma non a qualsiasi prezzo - immo!nvest - Die Plattform f\u00fcr Standorte und Immobilien","og:description":"La Svizzera sta costruendo verso l'alto. A Zurigo sono in costruzione o in fase di progettazione pi\u00f9 di dieci grattacieli e anche Ginevra, Berna e Basilea stanno cambiando il loro skyline. Il presidente di Economiesuisse Christoph M\u00e4der chiede pi\u00f9 grattacieli. Ma i nuovi dati dimostrano che costruire in alto non significa necessariamente costruire per tutti.","og:url":"https:\/\/www.immo-invest.ch\/it\/verdichten-ja-aber-nicht-um-jeden-preis\/","og:image":"https:\/\/www.immo-invest.ch\/wp-content\/uploads\/2026\/05\/immo-invest-wohnen-planung-entwicklung-bewertungen-marktanalysen-schweiz-hochhausbau-verdichtung-wohnungsmarkt.png","og:image:secure_url":"https:\/\/www.immo-invest.ch\/wp-content\/uploads\/2026\/05\/immo-invest-wohnen-planung-entwicklung-bewertungen-marktanalysen-schweiz-hochhausbau-verdichtung-wohnungsmarkt.png","og:image:width":1536,"og:image:height":768,"article:published_time":"2026-05-26T09:13:49+00:00","article:modified_time":"2026-05-26T09:50:29+00:00","article:publisher":"https:\/\/www.facebook.com\/people\/Immoinvest\/100077962920504\/","twitter:card":"summary_large_image","twitter:site":"@i","twitter:title":"Densificare s\u00ec, ma non a qualsiasi prezzo - immo!nvest - Die Plattform f\u00fcr Standorte und Immobilien","twitter:description":"La Svizzera sta costruendo verso l'alto. A Zurigo sono in costruzione o in fase di progettazione pi\u00f9 di dieci grattacieli e anche Ginevra, Berna e Basilea stanno cambiando il loro skyline. Il presidente di Economiesuisse Christoph M\u00e4der chiede pi\u00f9 grattacieli. Ma i nuovi dati dimostrano che costruire in alto non significa necessariamente costruire per tutti.","twitter:creator":"@i","twitter:image":"https:\/\/www.immo-invest.ch\/wp-content\/uploads\/2026\/05\/immo-invest-wohnen-planung-entwicklung-bewertungen-marktanalysen-schweiz-hochhausbau-verdichtung-wohnungsmarkt.png"},"aioseo_meta_data":{"post_id":"157714","title":null,"description":null,"keywords":null,"keyphrases":{"focus":{"keyphrase":"","score":0,"analysis":{"keyphraseInTitle":{"score":0,"maxScore":9,"error":1}}},"additional":[]},"primary_term":null,"canonical_url":null,"og_title":null,"og_description":null,"og_object_type":"default","og_image_type":"default","og_image_url":null,"og_image_width":null,"og_image_height":null,"og_image_custom_url":null,"og_image_custom_fields":null,"og_video":"","og_custom_url":null,"og_article_section":null,"og_article_tags":null,"twitter_use_og":false,"twitter_card":"default","twitter_image_type":"default","twitter_image_url":null,"twitter_image_custom_url":null,"twitter_image_custom_fields":null,"twitter_title":null,"twitter_description":null,"schema":{"blockGraphs":[],"customGraphs":[],"default":{"data":{"Article":[],"Course":[],"Dataset":[],"FAQPage":[],"Movie":[],"Person":[],"Product":[],"ProductReview":[],"Car":[],"Recipe":[],"Service":[],"SoftwareApplication":[],"WebPage":[]},"graphName":"BlogPosting","isEnabled":true},"graphs":[]},"schema_type":"default","schema_type_options":null,"pillar_content":false,"robots_default":true,"robots_noindex":false,"robots_noarchive":false,"robots_nosnippet":false,"robots_nofollow":false,"robots_noimageindex":false,"robots_noodp":false,"robots_notranslate":false,"robots_max_snippet":"-1","robots_max_videopreview":"-1","robots_max_imagepreview":"large","priority":null,"frequency":"default","local_seo":null,"breadcrumb_settings":null,"limit_modified_date":false,"ai":{"faqs":[],"keyPoints":[],"schemas":[],"titles":[],"descriptions":[],"socialPosts":{"email":[],"linkedin":[],"twitter":[],"facebook":[],"instagram":[]}},"created":"2026-05-26 09:22:05","updated":"2026-05-26 10:32:26","seo_analyzer_scan_date":null,"focus_keyword":null,"additional_keywords":null,"truseo_locale":null},"aioseo_breadcrumb":"<div class=\"aioseo-breadcrumbs\"><span class=\"aioseo-breadcrumb\">\n\t\t\t<a href=\"https:\/\/www.immo-invest.ch\/it\/\" title=\"Home\">Home<\/a>\n\t\t<\/span><span class=\"aioseo-breadcrumb-separator\">&raquo;<\/span><span class=\"aioseo-breadcrumb\">\n\t\t\t<a href=\"https:\/\/www.immo-invest.ch\/it\/categoria\/regioni\/\" title=\"Regioni\">Regioni<\/a>\n\t\t<\/span><span class=\"aioseo-breadcrumb-separator\">&raquo;<\/span><span class=\"aioseo-breadcrumb\">\n\t\t\t<a href=\"https:\/\/www.immo-invest.ch\/it\/categoria\/regioni\/svizzera\/\" title=\"Svizzera\">Svizzera<\/a>\n\t\t<\/span><span class=\"aioseo-breadcrumb-separator\">&raquo;<\/span><span class=\"aioseo-breadcrumb\">\n\t\t\t<a href=\"https:\/\/www.immo-invest.ch\/it\/categoria\/regioni\/svizzera\/regione-zurigo\/\" title=\"Zurigo\">Zurigo<\/a>\n\t\t<\/span><span class=\"aioseo-breadcrumb-separator\">&raquo;<\/span><span class=\"aioseo-breadcrumb\">\n\t\t\tDensificare s\u00ec, ma non a qualsiasi prezzo\n\t\t<\/span><\/div>","aioseo_breadcrumb_json":[{"label":"Home","link":"https:\/\/www.immo-invest.ch\/it\/"},{"label":"Regioni","link":"https:\/\/www.immo-invest.ch\/it\/categoria\/regioni\/"},{"label":"Svizzera","link":"https:\/\/www.immo-invest.ch\/it\/categoria\/regioni\/svizzera\/"},{"label":"Zurigo","link":"https:\/\/www.immo-invest.ch\/it\/categoria\/regioni\/svizzera\/regione-zurigo\/"},{"label":"Densificare s\u00ec, ma non a qualsiasi prezzo","link":"https:\/\/www.immo-invest.ch\/it\/verdichten-ja-aber-nicht-um-jeden-preis\/"}],"featured_image_src":"https:\/\/www.immo-invest.ch\/wp-content\/uploads\/2026\/05\/immo-invest-wohnen-planung-entwicklung-bewertungen-marktanalysen-schweiz-hochhausbau-verdichtung-wohnungsmarkt-336x168.png","_links":{"self":[{"href":"https:\/\/www.immo-invest.ch\/it\/wp-json\/wp\/v2\/posts\/157714","targetHints":{"allow":["GET"]}}],"collection":[{"href":"https:\/\/www.immo-invest.ch\/it\/wp-json\/wp\/v2\/posts"}],"about":[{"href":"https:\/\/www.immo-invest.ch\/it\/wp-json\/wp\/v2\/types\/post"}],"author":[{"embeddable":true,"href":"https:\/\/www.immo-invest.ch\/it\/wp-json\/wp\/v2\/users\/2"}],"replies":[{"embeddable":true,"href":"https:\/\/www.immo-invest.ch\/it\/wp-json\/wp\/v2\/comments?post=157714"}],"version-history":[{"count":2,"href":"https:\/\/www.immo-invest.ch\/it\/wp-json\/wp\/v2\/posts\/157714\/revisions"}],"predecessor-version":[{"id":157721,"href":"https:\/\/www.immo-invest.ch\/it\/wp-json\/wp\/v2\/posts\/157714\/revisions\/157721"}],"wp:featuredmedia":[{"embeddable":true,"href":"https:\/\/www.immo-invest.ch\/it\/wp-json\/wp\/v2\/media\/157715"}],"wp:attachment":[{"href":"https:\/\/www.immo-invest.ch\/it\/wp-json\/wp\/v2\/media?parent=157714"}],"wp:term":[{"taxonomy":"category","embeddable":true,"href":"https:\/\/www.immo-invest.ch\/it\/wp-json\/wp\/v2\/categories?post=157714"},{"taxonomy":"post_tag","embeddable":true,"href":"https:\/\/www.immo-invest.ch\/it\/wp-json\/wp\/v2\/tags?post=157714"}],"curies":[{"name":"wp","href":"https:\/\/api.w.org\/{rel}","templated":true}]}}