{"id":152863,"date":"2026-04-07T14:41:16","date_gmt":"2026-04-07T12:41:16","guid":{"rendered":"https:\/\/www.immo-invest.ch\/neue-stiftung-soll-kmu-nach-vorne-bringen\/"},"modified":"2026-04-07T15:51:15","modified_gmt":"2026-04-07T13:51:15","slug":"neue-stiftung-soll-kmu-nach-vorne-bringen","status":"publish","type":"post","link":"https:\/\/www.immo-invest.ch\/it\/neue-stiftung-soll-kmu-nach-vorne-bringen\/","title":{"rendered":"Una nuova fondazione per far progredire le PMI"},"content":{"rendered":"<p class=\"wp-block-paragraph\">Lucerna ottiene solidi risultati nelle classifiche nazionali di competitivit&agrave;. In termini di forza innovativa, tuttavia, il cantone si colloca agli ultimi posti. Chi non riesce a colmare questa lacuna rischia di perdere a lungo termine nella competizione tra le localit&agrave;. Questa constatazione &egrave; il punto di partenza per il progetto della Fondazione Lucerna per l&rsquo;Innovazione e per il credito speciale che il governo cantonale sta richiedendo.<\/p>\n\n\n\n\n\n<p class=\"wp-block-paragraph\"><strong>La fondazione come perno<br><\/strong>La nuova fondazione non intende creare una struttura parallela, ma piuttosto coordinare le organizzazioni partner esistenti e mettere in rete le loro offerte. L&rsquo;attenzione &egrave; rivolta alle aziende nelle prime fasi di sviluppo. In altre parole, dove il bisogno &egrave; maggiore e le risorse sono pi&ugrave; scarse. Oltre al coordinamento, la fondazione pu&ograve; anche cofinanziare progetti di implementazione specifici, come gli studi di fattibilit&agrave;. Il consiglio di fondazione dovrebbe essere composto da almeno cinque membri e un accordo di prestazione quadriennale garantisce la sicurezza della pianificazione.<\/p>\n\n\n\n\n\n<p class=\"wp-block-paragraph\"><strong>24 milioni di<\/strong>franchi<strong>con una chiara destinazione<br><\/strong>Un milione dei 24 milioni di franchi proposti confluir&agrave; nel capitale della fondazione. I restanti 23 milioni di franchi sono destinati ai servizi della fondazione negli anni dal 2026 al 2029. Lucerna si posiziona cos&igrave; come un Cantone che non aspetta i finanziamenti federali, ma agisce da solo. Oltre a programmi nazionali come quelli di Innosuisse, che sostengono l&rsquo;innovazione delle PMI in tutta la Svizzera.<\/p>\n\n\n\n\n\n<p class=\"wp-block-paragraph\"><strong>Parte di una riorganizzazione pi&ugrave; ampia<br><\/strong>La fondazione &egrave; inserita nel pi&ugrave; ampio pacchetto di promozione delle localit&agrave; del Cantone. Nel gennaio 2026, il Consiglio cantonale ha approvato un pacchetto di misure per un totale di circa 300 milioni di franchi all&rsquo;anno. Questo in risposta alla tassazione minima dell&rsquo;OCSE, che riduce i precedenti vantaggi fiscali. Il contributo all&rsquo;innovazione di Lucerna comprende da 110 a 160 milioni di franchi all&rsquo;anno per le aziende che investono in ricerca e sviluppo. La Fondazione Lucerna per l&rsquo;Innovazione non &egrave; quindi una misura individuale, ma fa parte di un&rsquo;offensiva coordinata.<\/p>\n\n\n\n\n\n<p class=\"wp-block-paragraph\"><strong>Referendum a settembre<br><\/strong>Il Consiglio cantonale ha gi&agrave; approvato la legge sulla promozione delle localit&agrave;. Tuttavia, l&rsquo;ultima parola spetta agli elettori. La votazione &egrave; prevista per settembre 2026, con entrata in vigore nell&rsquo;ottobre 2026. Tuttavia, la fondazione pu&ograve; gi&agrave; essere istituita sulla base delle attuali basi legali. Per ottenere il via libera non &egrave; necessario attendere il referendum.<\/p>\n\n","protected":false},"excerpt":{"rendered":"<p>Lucerna \u00e8 solo nel terzo superiore dei cantoni in termini di competitivit\u00e0. Ma \u00e8 molto indietro in termini di forza innovativa. La situazione \u00e8 destinata a cambiare. Il governo cantonale sta richiedendo al Consiglio cantonale un credito speciale di 24 milioni di franchi per una nuova fondazione che fornir\u00e0 un sostegno mirato alle PMI in progetti di innovazione. Un progetto di recupero con una coda politica &#8211; e un referendum in autunno.<\/p>\n","protected":false},"author":2,"featured_media":111461,"comment_status":"open","ping_status":"open","sticky":false,"template":"","format":"standard","meta":{"pmpro_default_level":"","inline_featured_image":false,"_monsterinsights_skip_tracking":false,"footnotes":""},"categories":[9447,55980,22695,55965],"tags":[3935,56134,5516],"class_list":["post-152863","post","type-post","status-publish","format-standard","has-post-thumbnail","hentry","category-regione-lucerna","category-promozione-del-territorio","category-societa","category-strategie-di-finanziamento","tag-immonews-it","tag-innovationspolitik","tag-standortentwicklung-it","pmpro-has-access"],"acf":{"bild_mit_ki_erstellt_worden":"","lead":"Lucerna \u00e8 solo nel terzo superiore dei cantoni in termini di competitivit\u00e0. Ma \u00e8 molto indietro in termini di forza innovativa. La situazione \u00e8 destinata a cambiare. Il governo cantonale sta richiedendo al Consiglio cantonale un credito speciale di 24 milioni di franchi per una nuova fondazione che fornir\u00e0 un sostegno mirato alle PMI in progetti di innovazione. Un progetto di recupero con una coda politica - e un referendum in autunno.","autor":"","ort":"","bildunterschrift":"","bild_im_grid":false,"gallerie":"","newsim":""},"aioseo_notices":[],"aioseo_head":"\n\t\t<!-- All in One SEO 5.0.0.1 - aioseo.com -->\n\t<meta name=\"description\" content=\"Lucerna \u00e8 solo nel terzo superiore dei cantoni in termini di competitivit\u00e0. Ma \u00e8 molto indietro in termini di forza innovativa. La situazione \u00e8 destinata a cambiare. Il governo cantonale sta richiedendo al Consiglio cantonale un credito speciale di 24 milioni di franchi per una nuova fondazione che fornir\u00e0 un sostegno mirato alle PMI in progetti di innovazione. Un progetto di recupero con una coda politica - e un referendum in autunno.\" \/>\n\t<meta name=\"robots\" content=\"max-image-preview:large\" \/>\n\t<meta name=\"author\" content=\"immovestuser\"\/>\n\t<meta name=\"google-site-verification\" content=\"fHJKvgWpZCR2zVBHWfkQeFXC11qieUSff0HGNYfuyLA\" \/>\n\t<link rel=\"canonical\" href=\"https:\/\/www.immo-invest.ch\/it\/neue-stiftung-soll-kmu-nach-vorne-bringen\/\" \/>\n\t<meta name=\"generator\" content=\"All in One SEO (AIOSEO) 5.0.0.1\" \/>\n\t\t<meta property=\"og:locale\" content=\"it_IT\" \/>\n\t\t<meta property=\"og:site_name\" content=\"immo!nvest - Die Plattform f\u00fcr Standorte und Immobilien - Die\u00a0Plattform f\u00fcr Standorte und Immobilien\" \/>\n\t\t<meta property=\"og:type\" content=\"article\" \/>\n\t\t<meta property=\"og:title\" content=\"Una nuova fondazione per far progredire le PMI - immo!nvest - Die Plattform f\u00fcr Standorte und Immobilien\" \/>\n\t\t<meta property=\"og:description\" content=\"Lucerna \u00e8 solo nel terzo superiore dei cantoni in termini di competitivit\u00e0. Ma \u00e8 molto indietro in termini di forza innovativa. La situazione \u00e8 destinata a cambiare. Il governo cantonale sta richiedendo al Consiglio cantonale un credito speciale di 24 milioni di franchi per una nuova fondazione che fornir\u00e0 un sostegno mirato alle PMI in progetti di innovazione. Un progetto di recupero con una coda politica - e un referendum in autunno.\" \/>\n\t\t<meta property=\"og:url\" content=\"https:\/\/www.immo-invest.ch\/it\/neue-stiftung-soll-kmu-nach-vorne-bringen\/\" \/>\n\t\t<meta property=\"og:image\" content=\"https:\/\/www.immo-invest.ch\/wp-content\/uploads\/2024\/08\/unsplash_luzern-scaled.jpg\" \/>\n\t\t<meta property=\"og:image:secure_url\" content=\"https:\/\/www.immo-invest.ch\/wp-content\/uploads\/2024\/08\/unsplash_luzern-scaled.jpg\" \/>\n\t\t<meta property=\"og:image:width\" content=\"2560\" \/>\n\t\t<meta property=\"og:image:height\" content=\"1707\" \/>\n\t\t<meta property=\"article:published_time\" content=\"2026-04-07T12:41:16+00:00\" \/>\n\t\t<meta property=\"article:modified_time\" content=\"2026-04-07T13:51:15+00:00\" \/>\n\t\t<meta property=\"article:publisher\" content=\"https:\/\/www.facebook.com\/people\/Immoinvest\/100077962920504\/\" \/>\n\t\t<meta name=\"twitter:card\" content=\"summary_large_image\" \/>\n\t\t<meta name=\"twitter:site\" content=\"@i\" \/>\n\t\t<meta name=\"twitter:title\" content=\"Una nuova fondazione per far progredire le PMI - immo!nvest - Die Plattform f\u00fcr Standorte und Immobilien\" \/>\n\t\t<meta name=\"twitter:description\" content=\"Lucerna \u00e8 solo nel terzo superiore dei cantoni in termini di competitivit\u00e0. Ma \u00e8 molto indietro in termini di forza innovativa. La situazione \u00e8 destinata a cambiare. Il governo cantonale sta richiedendo al Consiglio cantonale un credito speciale di 24 milioni di franchi per una nuova fondazione che fornir\u00e0 un sostegno mirato alle PMI in progetti di innovazione. Un progetto di recupero con una coda politica - e un referendum in autunno.\" \/>\n\t\t<meta name=\"twitter:creator\" content=\"@i\" \/>\n\t\t<meta name=\"twitter:image\" content=\"https:\/\/www.immo-invest.ch\/wp-content\/uploads\/2024\/08\/unsplash_luzern-scaled.jpg\" \/>\n\t\t<script type=\"application\/ld+json\" class=\"aioseo-schema\">\n\t\t\t{\"@context\":\"https:\\\/\\\/schema.org\",\"@graph\":[{\"@type\":\"BlogPosting\",\"@id\":\"https:\\\/\\\/www.immo-invest.ch\\\/it\\\/neue-stiftung-soll-kmu-nach-vorne-bringen\\\/#blogposting\",\"name\":\"Una nuova fondazione per far progredire le PMI - immo!nvest - Die Plattform f\\u00fcr Standorte und Immobilien\",\"headline\":\"Una nuova fondazione per far progredire le PMI\",\"author\":{\"@id\":\"https:\\\/\\\/www.immo-invest.ch\\\/it\\\/author\\\/immovestuser\\\/#author\"},\"publisher\":{\"@id\":\"https:\\\/\\\/www.immo-invest.ch\\\/it\\\/#organization\"},\"image\":{\"@type\":\"ImageObject\",\"url\":\"https:\\\/\\\/www.immo-invest.ch\\\/wp-content\\\/uploads\\\/2024\\\/08\\\/unsplash_luzern-scaled.jpg\",\"width\":2560,\"height\":1707},\"datePublished\":\"2026-04-07T14:41:16+02:00\",\"dateModified\":\"2026-04-07T15:51:15+02:00\",\"inLanguage\":\"it-IT\",\"mainEntityOfPage\":{\"@id\":\"https:\\\/\\\/www.immo-invest.ch\\\/it\\\/neue-stiftung-soll-kmu-nach-vorne-bringen\\\/#webpage\"},\"isPartOf\":{\"@id\":\"https:\\\/\\\/www.immo-invest.ch\\\/it\\\/neue-stiftung-soll-kmu-nach-vorne-bringen\\\/#webpage\"},\"articleSection\":\"Lucerna, Promozione del territorio, Societ\\u00e0, Strategie di finanziamento, immoNews, Innovationspolitik, Standortentwicklung, Optional\"},{\"@type\":\"BreadcrumbList\",\"@id\":\"https:\\\/\\\/www.immo-invest.ch\\\/it\\\/neue-stiftung-soll-kmu-nach-vorne-bringen\\\/#breadcrumblist\",\"itemListElement\":[{\"@type\":\"ListItem\",\"@id\":\"https:\\\/\\\/www.immo-invest.ch\\\/it\\\/#listItem\",\"position\":1,\"name\":\"Home\",\"item\":\"https:\\\/\\\/www.immo-invest.ch\\\/it\\\/\",\"nextItem\":{\"@type\":\"ListItem\",\"@id\":\"https:\\\/\\\/www.immo-invest.ch\\\/it\\\/categoria\\\/regioni\\\/#listItem\",\"name\":\"Regioni\"}},{\"@type\":\"ListItem\",\"@id\":\"https:\\\/\\\/www.immo-invest.ch\\\/it\\\/categoria\\\/regioni\\\/#listItem\",\"position\":2,\"name\":\"Regioni\",\"item\":\"https:\\\/\\\/www.immo-invest.ch\\\/it\\\/categoria\\\/regioni\\\/\",\"nextItem\":{\"@type\":\"ListItem\",\"@id\":\"https:\\\/\\\/www.immo-invest.ch\\\/it\\\/categoria\\\/regioni\\\/svizzera\\\/#listItem\",\"name\":\"Svizzera\"},\"previousItem\":{\"@type\":\"ListItem\",\"@id\":\"https:\\\/\\\/www.immo-invest.ch\\\/it\\\/#listItem\",\"name\":\"Home\"}},{\"@type\":\"ListItem\",\"@id\":\"https:\\\/\\\/www.immo-invest.ch\\\/it\\\/categoria\\\/regioni\\\/svizzera\\\/#listItem\",\"position\":3,\"name\":\"Svizzera\",\"item\":\"https:\\\/\\\/www.immo-invest.ch\\\/it\\\/categoria\\\/regioni\\\/svizzera\\\/\",\"nextItem\":{\"@type\":\"ListItem\",\"@id\":\"https:\\\/\\\/www.immo-invest.ch\\\/it\\\/categoria\\\/regioni\\\/svizzera\\\/zentralschweiz-it\\\/#listItem\",\"name\":\"Zentralschweiz\"},\"previousItem\":{\"@type\":\"ListItem\",\"@id\":\"https:\\\/\\\/www.immo-invest.ch\\\/it\\\/categoria\\\/regioni\\\/#listItem\",\"name\":\"Regioni\"}},{\"@type\":\"ListItem\",\"@id\":\"https:\\\/\\\/www.immo-invest.ch\\\/it\\\/categoria\\\/regioni\\\/svizzera\\\/zentralschweiz-it\\\/#listItem\",\"position\":4,\"name\":\"Zentralschweiz\",\"item\":\"https:\\\/\\\/www.immo-invest.ch\\\/it\\\/categoria\\\/regioni\\\/svizzera\\\/zentralschweiz-it\\\/\",\"nextItem\":{\"@type\":\"ListItem\",\"@id\":\"https:\\\/\\\/www.immo-invest.ch\\\/it\\\/categoria\\\/regioni\\\/svizzera\\\/zentralschweiz-it\\\/regione-lucerna\\\/#listItem\",\"name\":\"Lucerna\"},\"previousItem\":{\"@type\":\"ListItem\",\"@id\":\"https:\\\/\\\/www.immo-invest.ch\\\/it\\\/categoria\\\/regioni\\\/svizzera\\\/#listItem\",\"name\":\"Svizzera\"}},{\"@type\":\"ListItem\",\"@id\":\"https:\\\/\\\/www.immo-invest.ch\\\/it\\\/categoria\\\/regioni\\\/svizzera\\\/zentralschweiz-it\\\/regione-lucerna\\\/#listItem\",\"position\":5,\"name\":\"Lucerna\",\"item\":\"https:\\\/\\\/www.immo-invest.ch\\\/it\\\/categoria\\\/regioni\\\/svizzera\\\/zentralschweiz-it\\\/regione-lucerna\\\/\",\"nextItem\":{\"@type\":\"ListItem\",\"@id\":\"https:\\\/\\\/www.immo-invest.ch\\\/it\\\/neue-stiftung-soll-kmu-nach-vorne-bringen\\\/#listItem\",\"name\":\"Una nuova fondazione per far progredire le PMI\"},\"previousItem\":{\"@type\":\"ListItem\",\"@id\":\"https:\\\/\\\/www.immo-invest.ch\\\/it\\\/categoria\\\/regioni\\\/svizzera\\\/zentralschweiz-it\\\/#listItem\",\"name\":\"Zentralschweiz\"}},{\"@type\":\"ListItem\",\"@id\":\"https:\\\/\\\/www.immo-invest.ch\\\/it\\\/neue-stiftung-soll-kmu-nach-vorne-bringen\\\/#listItem\",\"position\":6,\"name\":\"Una nuova fondazione per far progredire le PMI\",\"previousItem\":{\"@type\":\"ListItem\",\"@id\":\"https:\\\/\\\/www.immo-invest.ch\\\/it\\\/categoria\\\/regioni\\\/svizzera\\\/zentralschweiz-it\\\/regione-lucerna\\\/#listItem\",\"name\":\"Lucerna\"}}]},{\"@type\":\"Organization\",\"@id\":\"https:\\\/\\\/www.immo-invest.ch\\\/it\\\/#organization\",\"name\":\"immo!nvest - Die Plattform f\\u00fcr Standorte und Immobilien\",\"description\":\"Die\\u00a0Plattform f\\u00fcr Standorte und Immobilien\",\"url\":\"https:\\\/\\\/www.immo-invest.ch\\\/it\\\/\",\"email\":\"admin@immomedia.ag\",\"telephone\":\"+41444420002\",\"logo\":{\"@type\":\"ImageObject\",\"url\":\"https:\\\/\\\/www.immo-invest.ch\\\/wp-content\\\/uploads\\\/2024\\\/09\\\/immoinvest_sm-scaled.jpg\",\"@id\":\"https:\\\/\\\/www.immo-invest.ch\\\/it\\\/neue-stiftung-soll-kmu-nach-vorne-bringen\\\/#organizationLogo\",\"width\":2560,\"height\":1340},\"image\":{\"@id\":\"https:\\\/\\\/www.immo-invest.ch\\\/it\\\/neue-stiftung-soll-kmu-nach-vorne-bringen\\\/#organizationLogo\"},\"sameAs\":[\"https:\\\/\\\/www.facebook.com\\\/people\\\/Immoinvest\\\/100077962920504\\\/\",\"https:\\\/\\\/x.com\\\/i\\\/flow\\\/login?redirect_after_login=immoinvest_ch\",\"https:\\\/\\\/www.instagram.com\\\/immoinvest_ch\\\/\",\"https:\\\/\\\/www.linkedin.com\\\/company\\\/immoinvest-swiss\"]},{\"@type\":\"Person\",\"@id\":\"https:\\\/\\\/www.immo-invest.ch\\\/it\\\/author\\\/immovestuser\\\/#author\",\"url\":\"https:\\\/\\\/www.immo-invest.ch\\\/it\\\/author\\\/immovestuser\\\/\",\"name\":\"immovestuser\",\"image\":{\"@type\":\"ImageObject\",\"@id\":\"https:\\\/\\\/www.immo-invest.ch\\\/it\\\/neue-stiftung-soll-kmu-nach-vorne-bringen\\\/#authorImage\",\"url\":\"https:\\\/\\\/secure.gravatar.com\\\/avatar\\\/8e01f4d99f2eeea7a362ebb93305e1172a70e9293ba250f897a65c39f54cdd1e?s=96&d=mm&r=g\",\"width\":96,\"height\":96,\"caption\":\"immovestuser\"}},{\"@type\":\"WebPage\",\"@id\":\"https:\\\/\\\/www.immo-invest.ch\\\/it\\\/neue-stiftung-soll-kmu-nach-vorne-bringen\\\/#webpage\",\"url\":\"https:\\\/\\\/www.immo-invest.ch\\\/it\\\/neue-stiftung-soll-kmu-nach-vorne-bringen\\\/\",\"name\":\"Una nuova fondazione per far progredire le PMI - immo!nvest - Die Plattform f\\u00fcr Standorte und Immobilien\",\"description\":\"Lucerna \\u00e8 solo nel terzo superiore dei cantoni in termini di competitivit\\u00e0. Ma \\u00e8 molto indietro in termini di forza innovativa. La situazione \\u00e8 destinata a cambiare. Il governo cantonale sta richiedendo al Consiglio cantonale un credito speciale di 24 milioni di franchi per una nuova fondazione che fornir\\u00e0 un sostegno mirato alle PMI in progetti di innovazione. Un progetto di recupero con una coda politica - e un referendum in autunno.\",\"inLanguage\":\"it-IT\",\"isPartOf\":{\"@id\":\"https:\\\/\\\/www.immo-invest.ch\\\/it\\\/#website\"},\"breadcrumb\":{\"@id\":\"https:\\\/\\\/www.immo-invest.ch\\\/it\\\/neue-stiftung-soll-kmu-nach-vorne-bringen\\\/#breadcrumblist\"},\"author\":{\"@id\":\"https:\\\/\\\/www.immo-invest.ch\\\/it\\\/author\\\/immovestuser\\\/#author\"},\"creator\":{\"@id\":\"https:\\\/\\\/www.immo-invest.ch\\\/it\\\/author\\\/immovestuser\\\/#author\"},\"image\":{\"@type\":\"ImageObject\",\"url\":\"https:\\\/\\\/www.immo-invest.ch\\\/wp-content\\\/uploads\\\/2024\\\/08\\\/unsplash_luzern-scaled.jpg\",\"@id\":\"https:\\\/\\\/www.immo-invest.ch\\\/it\\\/neue-stiftung-soll-kmu-nach-vorne-bringen\\\/#mainImage\",\"width\":2560,\"height\":1707},\"primaryImageOfPage\":{\"@id\":\"https:\\\/\\\/www.immo-invest.ch\\\/it\\\/neue-stiftung-soll-kmu-nach-vorne-bringen\\\/#mainImage\"},\"datePublished\":\"2026-04-07T14:41:16+02:00\",\"dateModified\":\"2026-04-07T15:51:15+02:00\"},{\"@type\":\"WebSite\",\"@id\":\"https:\\\/\\\/www.immo-invest.ch\\\/it\\\/#website\",\"url\":\"https:\\\/\\\/www.immo-invest.ch\\\/it\\\/\",\"name\":\"immo!nvest - Die Plattform f\\u00fcr Standorte und Immobilien\",\"description\":\"Die\\u00a0Plattform f\\u00fcr Standorte und Immobilien\",\"inLanguage\":\"it-IT\",\"publisher\":{\"@id\":\"https:\\\/\\\/www.immo-invest.ch\\\/it\\\/#organization\"}}]}\n\t\t<\/script>\n\t\t<!-- All in One SEO -->\n\n","aioseo_head_json":{"title":"Una nuova fondazione per far progredire le PMI - immo!nvest - Die Plattform f\u00fcr Standorte und Immobilien","description":"Lucerna \u00e8 solo nel terzo superiore dei cantoni in termini di competitivit\u00e0. Ma \u00e8 molto indietro in termini di forza innovativa. La situazione \u00e8 destinata a cambiare. Il governo cantonale sta richiedendo al Consiglio cantonale un credito speciale di 24 milioni di franchi per una nuova fondazione che fornir\u00e0 un sostegno mirato alle PMI in progetti di innovazione. Un progetto di recupero con una coda politica - e un referendum in autunno.","canonical_url":"https:\/\/www.immo-invest.ch\/it\/neue-stiftung-soll-kmu-nach-vorne-bringen\/","robots":"max-image-preview:large","keywords":"","webmasterTools":{"google-site-verification":"fHJKvgWpZCR2zVBHWfkQeFXC11qieUSff0HGNYfuyLA","miscellaneous":""},"schema":{"@context":"https:\/\/schema.org","@graph":[{"@type":"BlogPosting","@id":"https:\/\/www.immo-invest.ch\/it\/neue-stiftung-soll-kmu-nach-vorne-bringen\/#blogposting","name":"Una nuova fondazione per far progredire le PMI - immo!nvest - Die Plattform f\u00fcr Standorte und Immobilien","headline":"Una nuova fondazione per far progredire le PMI","author":{"@id":"https:\/\/www.immo-invest.ch\/it\/author\/immovestuser\/#author"},"publisher":{"@id":"https:\/\/www.immo-invest.ch\/it\/#organization"},"image":{"@type":"ImageObject","url":"https:\/\/www.immo-invest.ch\/wp-content\/uploads\/2024\/08\/unsplash_luzern-scaled.jpg","width":2560,"height":1707},"datePublished":"2026-04-07T14:41:16+02:00","dateModified":"2026-04-07T15:51:15+02:00","inLanguage":"it-IT","mainEntityOfPage":{"@id":"https:\/\/www.immo-invest.ch\/it\/neue-stiftung-soll-kmu-nach-vorne-bringen\/#webpage"},"isPartOf":{"@id":"https:\/\/www.immo-invest.ch\/it\/neue-stiftung-soll-kmu-nach-vorne-bringen\/#webpage"},"articleSection":"Lucerna, Promozione del territorio, Societ\u00e0, Strategie di finanziamento, immoNews, Innovationspolitik, Standortentwicklung, Optional"},{"@type":"BreadcrumbList","@id":"https:\/\/www.immo-invest.ch\/it\/neue-stiftung-soll-kmu-nach-vorne-bringen\/#breadcrumblist","itemListElement":[{"@type":"ListItem","@id":"https:\/\/www.immo-invest.ch\/it\/#listItem","position":1,"name":"Home","item":"https:\/\/www.immo-invest.ch\/it\/","nextItem":{"@type":"ListItem","@id":"https:\/\/www.immo-invest.ch\/it\/categoria\/regioni\/#listItem","name":"Regioni"}},{"@type":"ListItem","@id":"https:\/\/www.immo-invest.ch\/it\/categoria\/regioni\/#listItem","position":2,"name":"Regioni","item":"https:\/\/www.immo-invest.ch\/it\/categoria\/regioni\/","nextItem":{"@type":"ListItem","@id":"https:\/\/www.immo-invest.ch\/it\/categoria\/regioni\/svizzera\/#listItem","name":"Svizzera"},"previousItem":{"@type":"ListItem","@id":"https:\/\/www.immo-invest.ch\/it\/#listItem","name":"Home"}},{"@type":"ListItem","@id":"https:\/\/www.immo-invest.ch\/it\/categoria\/regioni\/svizzera\/#listItem","position":3,"name":"Svizzera","item":"https:\/\/www.immo-invest.ch\/it\/categoria\/regioni\/svizzera\/","nextItem":{"@type":"ListItem","@id":"https:\/\/www.immo-invest.ch\/it\/categoria\/regioni\/svizzera\/zentralschweiz-it\/#listItem","name":"Zentralschweiz"},"previousItem":{"@type":"ListItem","@id":"https:\/\/www.immo-invest.ch\/it\/categoria\/regioni\/#listItem","name":"Regioni"}},{"@type":"ListItem","@id":"https:\/\/www.immo-invest.ch\/it\/categoria\/regioni\/svizzera\/zentralschweiz-it\/#listItem","position":4,"name":"Zentralschweiz","item":"https:\/\/www.immo-invest.ch\/it\/categoria\/regioni\/svizzera\/zentralschweiz-it\/","nextItem":{"@type":"ListItem","@id":"https:\/\/www.immo-invest.ch\/it\/categoria\/regioni\/svizzera\/zentralschweiz-it\/regione-lucerna\/#listItem","name":"Lucerna"},"previousItem":{"@type":"ListItem","@id":"https:\/\/www.immo-invest.ch\/it\/categoria\/regioni\/svizzera\/#listItem","name":"Svizzera"}},{"@type":"ListItem","@id":"https:\/\/www.immo-invest.ch\/it\/categoria\/regioni\/svizzera\/zentralschweiz-it\/regione-lucerna\/#listItem","position":5,"name":"Lucerna","item":"https:\/\/www.immo-invest.ch\/it\/categoria\/regioni\/svizzera\/zentralschweiz-it\/regione-lucerna\/","nextItem":{"@type":"ListItem","@id":"https:\/\/www.immo-invest.ch\/it\/neue-stiftung-soll-kmu-nach-vorne-bringen\/#listItem","name":"Una nuova fondazione per far progredire le PMI"},"previousItem":{"@type":"ListItem","@id":"https:\/\/www.immo-invest.ch\/it\/categoria\/regioni\/svizzera\/zentralschweiz-it\/#listItem","name":"Zentralschweiz"}},{"@type":"ListItem","@id":"https:\/\/www.immo-invest.ch\/it\/neue-stiftung-soll-kmu-nach-vorne-bringen\/#listItem","position":6,"name":"Una nuova fondazione per far progredire le PMI","previousItem":{"@type":"ListItem","@id":"https:\/\/www.immo-invest.ch\/it\/categoria\/regioni\/svizzera\/zentralschweiz-it\/regione-lucerna\/#listItem","name":"Lucerna"}}]},{"@type":"Organization","@id":"https:\/\/www.immo-invest.ch\/it\/#organization","name":"immo!nvest - Die Plattform f\u00fcr Standorte und Immobilien","description":"Die\u00a0Plattform f\u00fcr Standorte und Immobilien","url":"https:\/\/www.immo-invest.ch\/it\/","email":"admin@immomedia.ag","telephone":"+41444420002","logo":{"@type":"ImageObject","url":"https:\/\/www.immo-invest.ch\/wp-content\/uploads\/2024\/09\/immoinvest_sm-scaled.jpg","@id":"https:\/\/www.immo-invest.ch\/it\/neue-stiftung-soll-kmu-nach-vorne-bringen\/#organizationLogo","width":2560,"height":1340},"image":{"@id":"https:\/\/www.immo-invest.ch\/it\/neue-stiftung-soll-kmu-nach-vorne-bringen\/#organizationLogo"},"sameAs":["https:\/\/www.facebook.com\/people\/Immoinvest\/100077962920504\/","https:\/\/x.com\/i\/flow\/login?redirect_after_login=immoinvest_ch","https:\/\/www.instagram.com\/immoinvest_ch\/","https:\/\/www.linkedin.com\/company\/immoinvest-swiss"]},{"@type":"Person","@id":"https:\/\/www.immo-invest.ch\/it\/author\/immovestuser\/#author","url":"https:\/\/www.immo-invest.ch\/it\/author\/immovestuser\/","name":"immovestuser","image":{"@type":"ImageObject","@id":"https:\/\/www.immo-invest.ch\/it\/neue-stiftung-soll-kmu-nach-vorne-bringen\/#authorImage","url":"https:\/\/secure.gravatar.com\/avatar\/8e01f4d99f2eeea7a362ebb93305e1172a70e9293ba250f897a65c39f54cdd1e?s=96&d=mm&r=g","width":96,"height":96,"caption":"immovestuser"}},{"@type":"WebPage","@id":"https:\/\/www.immo-invest.ch\/it\/neue-stiftung-soll-kmu-nach-vorne-bringen\/#webpage","url":"https:\/\/www.immo-invest.ch\/it\/neue-stiftung-soll-kmu-nach-vorne-bringen\/","name":"Una nuova fondazione per far progredire le PMI - immo!nvest - Die Plattform f\u00fcr Standorte und Immobilien","description":"Lucerna \u00e8 solo nel terzo superiore dei cantoni in termini di competitivit\u00e0. Ma \u00e8 molto indietro in termini di forza innovativa. La situazione \u00e8 destinata a cambiare. Il governo cantonale sta richiedendo al Consiglio cantonale un credito speciale di 24 milioni di franchi per una nuova fondazione che fornir\u00e0 un sostegno mirato alle PMI in progetti di innovazione. Un progetto di recupero con una coda politica - e un referendum in autunno.","inLanguage":"it-IT","isPartOf":{"@id":"https:\/\/www.immo-invest.ch\/it\/#website"},"breadcrumb":{"@id":"https:\/\/www.immo-invest.ch\/it\/neue-stiftung-soll-kmu-nach-vorne-bringen\/#breadcrumblist"},"author":{"@id":"https:\/\/www.immo-invest.ch\/it\/author\/immovestuser\/#author"},"creator":{"@id":"https:\/\/www.immo-invest.ch\/it\/author\/immovestuser\/#author"},"image":{"@type":"ImageObject","url":"https:\/\/www.immo-invest.ch\/wp-content\/uploads\/2024\/08\/unsplash_luzern-scaled.jpg","@id":"https:\/\/www.immo-invest.ch\/it\/neue-stiftung-soll-kmu-nach-vorne-bringen\/#mainImage","width":2560,"height":1707},"primaryImageOfPage":{"@id":"https:\/\/www.immo-invest.ch\/it\/neue-stiftung-soll-kmu-nach-vorne-bringen\/#mainImage"},"datePublished":"2026-04-07T14:41:16+02:00","dateModified":"2026-04-07T15:51:15+02:00"},{"@type":"WebSite","@id":"https:\/\/www.immo-invest.ch\/it\/#website","url":"https:\/\/www.immo-invest.ch\/it\/","name":"immo!nvest - Die Plattform f\u00fcr Standorte und Immobilien","description":"Die\u00a0Plattform f\u00fcr Standorte und Immobilien","inLanguage":"it-IT","publisher":{"@id":"https:\/\/www.immo-invest.ch\/it\/#organization"}}]},"og:locale":"it_IT","og:site_name":"immo!nvest - Die Plattform f\u00fcr Standorte und Immobilien - Die\u00a0Plattform f\u00fcr Standorte und Immobilien","og:type":"article","og:title":"Una nuova fondazione per far progredire le PMI - immo!nvest - Die Plattform f\u00fcr Standorte und Immobilien","og:description":"Lucerna \u00e8 solo nel terzo superiore dei cantoni in termini di competitivit\u00e0. Ma \u00e8 molto indietro in termini di forza innovativa. La situazione \u00e8 destinata a cambiare. Il governo cantonale sta richiedendo al Consiglio cantonale un credito speciale di 24 milioni di franchi per una nuova fondazione che fornir\u00e0 un sostegno mirato alle PMI in progetti di innovazione. Un progetto di recupero con una coda politica - e un referendum in autunno.","og:url":"https:\/\/www.immo-invest.ch\/it\/neue-stiftung-soll-kmu-nach-vorne-bringen\/","og:image":"https:\/\/www.immo-invest.ch\/wp-content\/uploads\/2024\/08\/unsplash_luzern-scaled.jpg","og:image:secure_url":"https:\/\/www.immo-invest.ch\/wp-content\/uploads\/2024\/08\/unsplash_luzern-scaled.jpg","og:image:width":2560,"og:image:height":1707,"article:published_time":"2026-04-07T12:41:16+00:00","article:modified_time":"2026-04-07T13:51:15+00:00","article:publisher":"https:\/\/www.facebook.com\/people\/Immoinvest\/100077962920504\/","twitter:card":"summary_large_image","twitter:site":"@i","twitter:title":"Una nuova fondazione per far progredire le PMI - immo!nvest - Die Plattform f\u00fcr Standorte und Immobilien","twitter:description":"Lucerna \u00e8 solo nel terzo superiore dei cantoni in termini di competitivit\u00e0. Ma \u00e8 molto indietro in termini di forza innovativa. La situazione \u00e8 destinata a cambiare. Il governo cantonale sta richiedendo al Consiglio cantonale un credito speciale di 24 milioni di franchi per una nuova fondazione che fornir\u00e0 un sostegno mirato alle PMI in progetti di innovazione. Un progetto di recupero con una coda politica - e un referendum in autunno.","twitter:creator":"@i","twitter:image":"https:\/\/www.immo-invest.ch\/wp-content\/uploads\/2024\/08\/unsplash_luzern-scaled.jpg"},"aioseo_meta_data":{"post_id":"152863","title":null,"description":null,"keywords":null,"keyphrases":{"focus":{"keyphrase":"","score":0,"analysis":{"keyphraseInTitle":{"score":0,"maxScore":9,"error":1}}},"additional":[]},"primary_term":null,"canonical_url":null,"og_title":null,"og_description":null,"og_object_type":"default","og_image_type":"default","og_image_url":null,"og_image_width":null,"og_image_height":null,"og_image_custom_url":null,"og_image_custom_fields":null,"og_video":"","og_custom_url":null,"og_article_section":null,"og_article_tags":null,"twitter_use_og":false,"twitter_card":"default","twitter_image_type":"default","twitter_image_url":null,"twitter_image_custom_url":null,"twitter_image_custom_fields":null,"twitter_title":null,"twitter_description":null,"schema":{"blockGraphs":[],"customGraphs":[],"default":{"data":{"Article":[],"Course":[],"Dataset":[],"FAQPage":[],"Movie":[],"Person":[],"Product":[],"ProductReview":[],"Car":[],"Recipe":[],"Service":[],"SoftwareApplication":[],"WebPage":[]},"graphName":"BlogPosting","isEnabled":true},"graphs":[]},"schema_type":"default","schema_type_options":null,"pillar_content":false,"robots_default":true,"robots_noindex":false,"robots_noarchive":false,"robots_nosnippet":false,"robots_nofollow":false,"robots_noimageindex":false,"robots_noodp":false,"robots_notranslate":false,"robots_max_snippet":"-1","robots_max_videopreview":"-1","robots_max_imagepreview":"large","priority":null,"frequency":"default","local_seo":null,"breadcrumb_settings":null,"limit_modified_date":false,"ai":{"faqs":[],"keyPoints":[],"titles":[],"descriptions":[],"socialPosts":{"email":[],"linkedin":[],"twitter":[],"facebook":[],"instagram":[]}},"created":"2026-04-07 12:57:50","updated":"2026-04-07 14:01:03","seo_analyzer_scan_date":null,"focus_keyword":null,"additional_keywords":null,"truseo_locale":null},"aioseo_breadcrumb":"<div class=\"aioseo-breadcrumbs\"><span class=\"aioseo-breadcrumb\">\n\t\t\t<a href=\"https:\/\/www.immo-invest.ch\/it\/\" title=\"Home\">Home<\/a>\n\t\t<\/span><span class=\"aioseo-breadcrumb-separator\">&raquo;<\/span><span class=\"aioseo-breadcrumb\">\n\t\t\t<a href=\"https:\/\/www.immo-invest.ch\/it\/categoria\/regioni\/\" title=\"Regioni\">Regioni<\/a>\n\t\t<\/span><span class=\"aioseo-breadcrumb-separator\">&raquo;<\/span><span class=\"aioseo-breadcrumb\">\n\t\t\t<a href=\"https:\/\/www.immo-invest.ch\/it\/categoria\/regioni\/svizzera\/\" title=\"Svizzera\">Svizzera<\/a>\n\t\t<\/span><span class=\"aioseo-breadcrumb-separator\">&raquo;<\/span><span class=\"aioseo-breadcrumb\">\n\t\t\t<a href=\"https:\/\/www.immo-invest.ch\/it\/categoria\/regioni\/svizzera\/zentralschweiz-it\/\" title=\"Zentralschweiz\">Zentralschweiz<\/a>\n\t\t<\/span><span class=\"aioseo-breadcrumb-separator\">&raquo;<\/span><span class=\"aioseo-breadcrumb\">\n\t\t\t<a href=\"https:\/\/www.immo-invest.ch\/it\/categoria\/regioni\/svizzera\/zentralschweiz-it\/regione-lucerna\/\" title=\"Lucerna\">Lucerna<\/a>\n\t\t<\/span><span class=\"aioseo-breadcrumb-separator\">&raquo;<\/span><span class=\"aioseo-breadcrumb\">\n\t\t\tUna nuova fondazione per far progredire le PMI\n\t\t<\/span><\/div>","aioseo_breadcrumb_json":[{"label":"Home","link":"https:\/\/www.immo-invest.ch\/it\/"},{"label":"Regioni","link":"https:\/\/www.immo-invest.ch\/it\/categoria\/regioni\/"},{"label":"Svizzera","link":"https:\/\/www.immo-invest.ch\/it\/categoria\/regioni\/svizzera\/"},{"label":"Zentralschweiz","link":"https:\/\/www.immo-invest.ch\/it\/categoria\/regioni\/svizzera\/zentralschweiz-it\/"},{"label":"Lucerna","link":"https:\/\/www.immo-invest.ch\/it\/categoria\/regioni\/svizzera\/zentralschweiz-it\/regione-lucerna\/"},{"label":"Una nuova fondazione per far progredire le PMI","link":"https:\/\/www.immo-invest.ch\/it\/neue-stiftung-soll-kmu-nach-vorne-bringen\/"}],"featured_image_src":"https:\/\/www.immo-invest.ch\/wp-content\/uploads\/2024\/08\/unsplash_luzern-336x168.jpg","_links":{"self":[{"href":"https:\/\/www.immo-invest.ch\/it\/wp-json\/wp\/v2\/posts\/152863","targetHints":{"allow":["GET"]}}],"collection":[{"href":"https:\/\/www.immo-invest.ch\/it\/wp-json\/wp\/v2\/posts"}],"about":[{"href":"https:\/\/www.immo-invest.ch\/it\/wp-json\/wp\/v2\/types\/post"}],"author":[{"embeddable":true,"href":"https:\/\/www.immo-invest.ch\/it\/wp-json\/wp\/v2\/users\/2"}],"replies":[{"embeddable":true,"href":"https:\/\/www.immo-invest.ch\/it\/wp-json\/wp\/v2\/comments?post=152863"}],"version-history":[{"count":2,"href":"https:\/\/www.immo-invest.ch\/it\/wp-json\/wp\/v2\/posts\/152863\/revisions"}],"predecessor-version":[{"id":152869,"href":"https:\/\/www.immo-invest.ch\/it\/wp-json\/wp\/v2\/posts\/152863\/revisions\/152869"}],"wp:featuredmedia":[{"embeddable":true,"href":"https:\/\/www.immo-invest.ch\/it\/wp-json\/wp\/v2\/media\/111461"}],"wp:attachment":[{"href":"https:\/\/www.immo-invest.ch\/it\/wp-json\/wp\/v2\/media?parent=152863"}],"wp:term":[{"taxonomy":"category","embeddable":true,"href":"https:\/\/www.immo-invest.ch\/it\/wp-json\/wp\/v2\/categories?post=152863"},{"taxonomy":"post_tag","embeddable":true,"href":"https:\/\/www.immo-invest.ch\/it\/wp-json\/wp\/v2\/tags?post=152863"}],"curies":[{"name":"wp","href":"https:\/\/api.w.org\/{rel}","templated":true}]}}