{"id":152173,"date":"2026-03-30T08:20:00","date_gmt":"2026-03-30T06:20:00","guid":{"rendered":"https:\/\/www.immo-invest.ch\/?p=152173"},"modified":"2026-03-27T08:47:40","modified_gmt":"2026-03-27T07:47:40","slug":"grossprojekt-staerkt-bahnkapazitaet-im-raum-zuerich-nachhaltig","status":"publish","type":"post","link":"https:\/\/www.immo-invest.ch\/it\/grossprojekt-staerkt-bahnkapazitaet-im-raum-zuerich-nachhaltig\/","title":{"rendered":"Un grande progetto rafforza in modo sostenibile la capacit\u00e0 ferroviaria nell&#8217;area di Zurigo"},"content":{"rendered":"<p class=\"bodytext\">Secondo un <a href=\"https:\/\/news.sbb.ch\/medien\/artikel\/140220\/mehrspur-zuerich-winterthur-bauarbeiten-fuer-grossprojekt-starten\" target=\"_blank\" rel=\"noopener\">comunicato<\/a>, le <a href=\"https:\/\/company.sbb.ch\" target=\"_blank\" rel=\"noopener\">FFS<\/a> hanno avviato i lavori di ampliamento della linea tra Zurigo e Winterthur a quattro binari su tutto il percorso. Nell&rsquo;ambito del progetto <a href=\"https:\/\/company.sbb.ch\/de\/bahnentwicklung\/projekte\/deutschschweiz\/region-zuerich\/zue%5B%E2%80%A6%5Dnterthur-bruettenertunnel.html?tracking-marketingurl=mehrspur\" target=\"_blank\" rel=\"noopener\">&laquo;MehrSpur Z&uuml;rich-Winterthur&raquo;<\/a>, le FFS stanno realizzando il nuovo tunnel, ampliando diverse stazioni e apportando ulteriori adeguamenti.<\/p>\n<p class=\"bodytext\">Ora le FFS e le imprese edili coinvolte hanno avviato i lavori di ampliamento delle stazioni di Wallisellen, Dietlikon, Bassersdorf e Winterthur T&ouml;ss. Si tratta, tra l&rsquo;altro, dell&rsquo;allargamento dei marciapiedi, di sottopassi nuovi e adeguati, nonch&eacute; di passerelle e ponti. I lavori a Bassersdorf dovrebbero essere completati entro il 2030, quelli a Wallisellen e Dietlikon entro il 2031 e quelli a T&ouml;ss entro il 2034.<\/p>\n<p class=\"bodytext\">Il tunnel di Br&uuml;tten avr&agrave; una lunghezza di 9 chilometri. L&rsquo;inizio dello scavo &egrave; previsto per il 2029, mentre l&rsquo;entrata in servizio &egrave; prevista per il 2037.<\/p>\n<p class=\"bodytext\">L&rsquo;ampliamento dovrebbe costare complessivamente 3,3 miliardi di franchi. Questo grande progetto, insieme ad altri come l&rsquo;ampliamento della stazione di Zurigo Stadelhofen, dovrebbe migliorare notevolmente l&rsquo;offerta ferroviaria nell&rsquo;area metropolitana di Zurigo.<\/p>\n","protected":false},"excerpt":{"rendered":"<p>Le FFS e le imprese edili coinvolte danno il via ai lavori di ampliamento delle stazioni di Wallisellen, Dietlikon, Bassersdorf e Winterthur T\u00f6ss. Per la galleria di Br\u00fctten iniziano i lavori preliminari. Entro il 2037 la linea tra Zurigo e Winterthur dovr\u00e0 essere ampliata a quattro binari su tutto il percorso.<\/p>\n","protected":false},"author":2,"featured_media":152174,"comment_status":"open","ping_status":"open","sticky":false,"template":"","format":"standard","meta":{"pmpro_default_level":"","inline_featured_image":false,"_monsterinsights_skip_tracking":false,"footnotes":""},"categories":[745,22704,9650,55965],"tags":[55051,867,3935,48892,2006,52198],"class_list":["post-152173","post","type-post","status-publish","format-standard","has-post-thumbnail","hentry","category-immonews-it","category-mobilita","category-nuove-costruzioni","category-strategie-di-finanziamento","tag-bahnausbau","tag-immoinvest-it","tag-immonews-it","tag-infrastrukturprojekt-it","tag-news-it","tag-schienenverkehr-it","pmpro-has-access"],"acf":{"bild_mit_ki_erstellt_worden":["Ja"],"lead":"Le FFS e le imprese edili coinvolte danno il via ai lavori di ampliamento delle stazioni di Wallisellen, Dietlikon, Bassersdorf e Winterthur T\u00f6ss. Per la galleria di Br\u00fctten iniziano i lavori preliminari. Entro il 2037 la linea tra Zurigo e Winterthur dovr\u00e0 essere ampliata a quattro binari su tutto il percorso.","autor":"ce\/ug","ort":"Bern\/Winterthur","bildunterschrift":"","bild_im_grid":false,"gallerie":"","newsim":""},"aioseo_notices":[],"aioseo_head":"\n\t\t<!-- All in One SEO 5.0.0.1 - aioseo.com -->\n\t<meta name=\"description\" content=\"Le FFS e le imprese edili coinvolte danno il via ai lavori di ampliamento delle stazioni di Wallisellen, Dietlikon, Bassersdorf e Winterthur T\u00f6ss. Per la galleria di Br\u00fctten iniziano i lavori preliminari. Entro il 2037 la linea tra Zurigo e Winterthur dovr\u00e0 essere ampliata a quattro binari su tutto il percorso.\" \/>\n\t<meta name=\"robots\" content=\"max-image-preview:large\" \/>\n\t<meta name=\"author\" content=\"immovestuser\"\/>\n\t<meta name=\"google-site-verification\" content=\"fHJKvgWpZCR2zVBHWfkQeFXC11qieUSff0HGNYfuyLA\" \/>\n\t<link rel=\"canonical\" href=\"https:\/\/www.immo-invest.ch\/it\/grossprojekt-staerkt-bahnkapazitaet-im-raum-zuerich-nachhaltig\/\" \/>\n\t<meta name=\"generator\" content=\"All in One SEO (AIOSEO) 5.0.0.1\" \/>\n\t\t<meta property=\"og:locale\" content=\"it_IT\" \/>\n\t\t<meta property=\"og:site_name\" content=\"immo!nvest - Die Plattform f\u00fcr Standorte und Immobilien - Die\u00a0Plattform f\u00fcr Standorte und Immobilien\" \/>\n\t\t<meta property=\"og:type\" content=\"article\" \/>\n\t\t<meta property=\"og:title\" content=\"Un grande progetto rafforza in modo sostenibile la capacit\u00e0 ferroviaria nell\u2019area di Zurigo - immo!nvest - Die Plattform f\u00fcr Standorte und Immobilien\" \/>\n\t\t<meta property=\"og:description\" content=\"Le FFS e le imprese edili coinvolte danno il via ai lavori di ampliamento delle stazioni di Wallisellen, Dietlikon, Bassersdorf e Winterthur T\u00f6ss. Per la galleria di Br\u00fctten iniziano i lavori preliminari. Entro il 2037 la linea tra Zurigo e Winterthur dovr\u00e0 essere ampliata a quattro binari su tutto il percorso.\" \/>\n\t\t<meta property=\"og:url\" content=\"https:\/\/www.immo-invest.ch\/it\/grossprojekt-staerkt-bahnkapazitaet-im-raum-zuerich-nachhaltig\/\" \/>\n\t\t<meta property=\"og:image\" content=\"https:\/\/www.immo-invest.ch\/wp-content\/uploads\/2026\/03\/banoviag_major_railway_infrastructure_construction_in_Switzer_f4041c2f-3b47-4e6e-8806-188fd9ba0d17_3.png\" \/>\n\t\t<meta property=\"og:image:secure_url\" content=\"https:\/\/www.immo-invest.ch\/wp-content\/uploads\/2026\/03\/banoviag_major_railway_infrastructure_construction_in_Switzer_f4041c2f-3b47-4e6e-8806-188fd9ba0d17_3.png\" \/>\n\t\t<meta property=\"og:image:width\" content=\"1536\" \/>\n\t\t<meta property=\"og:image:height\" content=\"768\" \/>\n\t\t<meta property=\"article:published_time\" content=\"2026-03-30T06:20:00+00:00\" \/>\n\t\t<meta property=\"article:modified_time\" content=\"2026-03-27T07:47:40+00:00\" \/>\n\t\t<meta property=\"article:publisher\" content=\"https:\/\/www.facebook.com\/people\/Immoinvest\/100077962920504\/\" \/>\n\t\t<meta name=\"twitter:card\" content=\"summary_large_image\" \/>\n\t\t<meta name=\"twitter:site\" content=\"@i\" \/>\n\t\t<meta name=\"twitter:title\" content=\"Un grande progetto rafforza in modo sostenibile la capacit\u00e0 ferroviaria nell\u2019area di Zurigo - immo!nvest - Die Plattform f\u00fcr Standorte und Immobilien\" \/>\n\t\t<meta name=\"twitter:description\" content=\"Le FFS e le imprese edili coinvolte danno il via ai lavori di ampliamento delle stazioni di Wallisellen, Dietlikon, Bassersdorf e Winterthur T\u00f6ss. Per la galleria di Br\u00fctten iniziano i lavori preliminari. Entro il 2037 la linea tra Zurigo e Winterthur dovr\u00e0 essere ampliata a quattro binari su tutto il percorso.\" \/>\n\t\t<meta name=\"twitter:creator\" content=\"@i\" \/>\n\t\t<meta name=\"twitter:image\" content=\"https:\/\/www.immo-invest.ch\/wp-content\/uploads\/2026\/03\/banoviag_major_railway_infrastructure_construction_in_Switzer_f4041c2f-3b47-4e6e-8806-188fd9ba0d17_3.png\" \/>\n\t\t<script type=\"application\/ld+json\" class=\"aioseo-schema\">\n\t\t\t{\"@context\":\"https:\\\/\\\/schema.org\",\"@graph\":[{\"@type\":\"BlogPosting\",\"@id\":\"https:\\\/\\\/www.immo-invest.ch\\\/it\\\/grossprojekt-staerkt-bahnkapazitaet-im-raum-zuerich-nachhaltig\\\/#blogposting\",\"name\":\"Un grande progetto rafforza in modo sostenibile la capacit\\u00e0 ferroviaria nell\\u2019area di Zurigo - immo!nvest - Die Plattform f\\u00fcr Standorte und Immobilien\",\"headline\":\"Un grande progetto rafforza in modo sostenibile la capacit\\u00e0 ferroviaria nell&#8217;area di Zurigo\",\"author\":{\"@id\":\"https:\\\/\\\/www.immo-invest.ch\\\/it\\\/author\\\/immovestuser\\\/#author\"},\"publisher\":{\"@id\":\"https:\\\/\\\/www.immo-invest.ch\\\/it\\\/#organization\"},\"image\":{\"@type\":\"ImageObject\",\"url\":\"https:\\\/\\\/www.immo-invest.ch\\\/wp-content\\\/uploads\\\/2026\\\/03\\\/banoviag_major_railway_infrastructure_construction_in_Switzer_f4041c2f-3b47-4e6e-8806-188fd9ba0d17_3.png\",\"width\":1536,\"height\":768},\"datePublished\":\"2026-03-30T08:20:00+02:00\",\"dateModified\":\"2026-03-27T08:47:40+01:00\",\"inLanguage\":\"it-IT\",\"mainEntityOfPage\":{\"@id\":\"https:\\\/\\\/www.immo-invest.ch\\\/it\\\/grossprojekt-staerkt-bahnkapazitaet-im-raum-zuerich-nachhaltig\\\/#webpage\"},\"isPartOf\":{\"@id\":\"https:\\\/\\\/www.immo-invest.ch\\\/it\\\/grossprojekt-staerkt-bahnkapazitaet-im-raum-zuerich-nachhaltig\\\/#webpage\"},\"articleSection\":\"immoNews, Mobilit\\u00e0, Nuove costruzioni, Strategie di finanziamento, Bahnausbau, Immoinvest, immoNews, Infrastrukturprojekt, News, Schienenverkehr, Optional\"},{\"@type\":\"BreadcrumbList\",\"@id\":\"https:\\\/\\\/www.immo-invest.ch\\\/it\\\/grossprojekt-staerkt-bahnkapazitaet-im-raum-zuerich-nachhaltig\\\/#breadcrumblist\",\"itemListElement\":[{\"@type\":\"ListItem\",\"@id\":\"https:\\\/\\\/www.immo-invest.ch\\\/it\\\/#listItem\",\"position\":1,\"name\":\"Home\",\"item\":\"https:\\\/\\\/www.immo-invest.ch\\\/it\\\/\",\"nextItem\":{\"@type\":\"ListItem\",\"@id\":\"https:\\\/\\\/www.immo-invest.ch\\\/it\\\/categoria\\\/progetti\\\/#listItem\",\"name\":\"Progetti\"}},{\"@type\":\"ListItem\",\"@id\":\"https:\\\/\\\/www.immo-invest.ch\\\/it\\\/categoria\\\/progetti\\\/#listItem\",\"position\":2,\"name\":\"Progetti\",\"item\":\"https:\\\/\\\/www.immo-invest.ch\\\/it\\\/categoria\\\/progetti\\\/\",\"nextItem\":{\"@type\":\"ListItem\",\"@id\":\"https:\\\/\\\/www.immo-invest.ch\\\/it\\\/categoria\\\/progetti\\\/nuove-costruzioni\\\/#listItem\",\"name\":\"Nuove costruzioni\"},\"previousItem\":{\"@type\":\"ListItem\",\"@id\":\"https:\\\/\\\/www.immo-invest.ch\\\/it\\\/#listItem\",\"name\":\"Home\"}},{\"@type\":\"ListItem\",\"@id\":\"https:\\\/\\\/www.immo-invest.ch\\\/it\\\/categoria\\\/progetti\\\/nuove-costruzioni\\\/#listItem\",\"position\":3,\"name\":\"Nuove costruzioni\",\"item\":\"https:\\\/\\\/www.immo-invest.ch\\\/it\\\/categoria\\\/progetti\\\/nuove-costruzioni\\\/\",\"nextItem\":{\"@type\":\"ListItem\",\"@id\":\"https:\\\/\\\/www.immo-invest.ch\\\/it\\\/grossprojekt-staerkt-bahnkapazitaet-im-raum-zuerich-nachhaltig\\\/#listItem\",\"name\":\"Un grande progetto rafforza in modo sostenibile la capacit\\u00e0 ferroviaria nell&#8217;area di Zurigo\"},\"previousItem\":{\"@type\":\"ListItem\",\"@id\":\"https:\\\/\\\/www.immo-invest.ch\\\/it\\\/categoria\\\/progetti\\\/#listItem\",\"name\":\"Progetti\"}},{\"@type\":\"ListItem\",\"@id\":\"https:\\\/\\\/www.immo-invest.ch\\\/it\\\/grossprojekt-staerkt-bahnkapazitaet-im-raum-zuerich-nachhaltig\\\/#listItem\",\"position\":4,\"name\":\"Un grande progetto rafforza in modo sostenibile la capacit\\u00e0 ferroviaria nell&#8217;area di Zurigo\",\"previousItem\":{\"@type\":\"ListItem\",\"@id\":\"https:\\\/\\\/www.immo-invest.ch\\\/it\\\/categoria\\\/progetti\\\/nuove-costruzioni\\\/#listItem\",\"name\":\"Nuove costruzioni\"}}]},{\"@type\":\"Organization\",\"@id\":\"https:\\\/\\\/www.immo-invest.ch\\\/it\\\/#organization\",\"name\":\"immo!nvest - Die Plattform f\\u00fcr Standorte und Immobilien\",\"description\":\"Die\\u00a0Plattform f\\u00fcr Standorte und Immobilien\",\"url\":\"https:\\\/\\\/www.immo-invest.ch\\\/it\\\/\",\"email\":\"admin@immomedia.ag\",\"telephone\":\"+41444420002\",\"logo\":{\"@type\":\"ImageObject\",\"url\":\"https:\\\/\\\/www.immo-invest.ch\\\/wp-content\\\/uploads\\\/2024\\\/09\\\/immoinvest_sm-scaled.jpg\",\"@id\":\"https:\\\/\\\/www.immo-invest.ch\\\/it\\\/grossprojekt-staerkt-bahnkapazitaet-im-raum-zuerich-nachhaltig\\\/#organizationLogo\",\"width\":2560,\"height\":1340},\"image\":{\"@id\":\"https:\\\/\\\/www.immo-invest.ch\\\/it\\\/grossprojekt-staerkt-bahnkapazitaet-im-raum-zuerich-nachhaltig\\\/#organizationLogo\"},\"sameAs\":[\"https:\\\/\\\/www.facebook.com\\\/people\\\/Immoinvest\\\/100077962920504\\\/\",\"https:\\\/\\\/x.com\\\/i\\\/flow\\\/login?redirect_after_login=immoinvest_ch\",\"https:\\\/\\\/www.instagram.com\\\/immoinvest_ch\\\/\",\"https:\\\/\\\/www.linkedin.com\\\/company\\\/immoinvest-swiss\"]},{\"@type\":\"Person\",\"@id\":\"https:\\\/\\\/www.immo-invest.ch\\\/it\\\/author\\\/immovestuser\\\/#author\",\"url\":\"https:\\\/\\\/www.immo-invest.ch\\\/it\\\/author\\\/immovestuser\\\/\",\"name\":\"immovestuser\",\"image\":{\"@type\":\"ImageObject\",\"@id\":\"https:\\\/\\\/www.immo-invest.ch\\\/it\\\/grossprojekt-staerkt-bahnkapazitaet-im-raum-zuerich-nachhaltig\\\/#authorImage\",\"url\":\"https:\\\/\\\/secure.gravatar.com\\\/avatar\\\/8e01f4d99f2eeea7a362ebb93305e1172a70e9293ba250f897a65c39f54cdd1e?s=96&d=mm&r=g\",\"width\":96,\"height\":96,\"caption\":\"immovestuser\"}},{\"@type\":\"WebPage\",\"@id\":\"https:\\\/\\\/www.immo-invest.ch\\\/it\\\/grossprojekt-staerkt-bahnkapazitaet-im-raum-zuerich-nachhaltig\\\/#webpage\",\"url\":\"https:\\\/\\\/www.immo-invest.ch\\\/it\\\/grossprojekt-staerkt-bahnkapazitaet-im-raum-zuerich-nachhaltig\\\/\",\"name\":\"Un grande progetto rafforza in modo sostenibile la capacit\\u00e0 ferroviaria nell\\u2019area di Zurigo - immo!nvest - Die Plattform f\\u00fcr Standorte und Immobilien\",\"description\":\"Le FFS e le imprese edili coinvolte danno il via ai lavori di ampliamento delle stazioni di Wallisellen, Dietlikon, Bassersdorf e Winterthur T\\u00f6ss. Per la galleria di Br\\u00fctten iniziano i lavori preliminari. Entro il 2037 la linea tra Zurigo e Winterthur dovr\\u00e0 essere ampliata a quattro binari su tutto il percorso.\",\"inLanguage\":\"it-IT\",\"isPartOf\":{\"@id\":\"https:\\\/\\\/www.immo-invest.ch\\\/it\\\/#website\"},\"breadcrumb\":{\"@id\":\"https:\\\/\\\/www.immo-invest.ch\\\/it\\\/grossprojekt-staerkt-bahnkapazitaet-im-raum-zuerich-nachhaltig\\\/#breadcrumblist\"},\"author\":{\"@id\":\"https:\\\/\\\/www.immo-invest.ch\\\/it\\\/author\\\/immovestuser\\\/#author\"},\"creator\":{\"@id\":\"https:\\\/\\\/www.immo-invest.ch\\\/it\\\/author\\\/immovestuser\\\/#author\"},\"image\":{\"@type\":\"ImageObject\",\"url\":\"https:\\\/\\\/www.immo-invest.ch\\\/wp-content\\\/uploads\\\/2026\\\/03\\\/banoviag_major_railway_infrastructure_construction_in_Switzer_f4041c2f-3b47-4e6e-8806-188fd9ba0d17_3.png\",\"@id\":\"https:\\\/\\\/www.immo-invest.ch\\\/it\\\/grossprojekt-staerkt-bahnkapazitaet-im-raum-zuerich-nachhaltig\\\/#mainImage\",\"width\":1536,\"height\":768},\"primaryImageOfPage\":{\"@id\":\"https:\\\/\\\/www.immo-invest.ch\\\/it\\\/grossprojekt-staerkt-bahnkapazitaet-im-raum-zuerich-nachhaltig\\\/#mainImage\"},\"datePublished\":\"2026-03-30T08:20:00+02:00\",\"dateModified\":\"2026-03-27T08:47:40+01:00\"},{\"@type\":\"WebSite\",\"@id\":\"https:\\\/\\\/www.immo-invest.ch\\\/it\\\/#website\",\"url\":\"https:\\\/\\\/www.immo-invest.ch\\\/it\\\/\",\"name\":\"immo!nvest - Die Plattform f\\u00fcr Standorte und Immobilien\",\"description\":\"Die\\u00a0Plattform f\\u00fcr Standorte und Immobilien\",\"inLanguage\":\"it-IT\",\"publisher\":{\"@id\":\"https:\\\/\\\/www.immo-invest.ch\\\/it\\\/#organization\"}}]}\n\t\t<\/script>\n\t\t<!-- All in One SEO -->\n\n","aioseo_head_json":{"title":"Un grande progetto rafforza in modo sostenibile la capacit\u00e0 ferroviaria nell\u2019area di Zurigo - immo!nvest - Die Plattform f\u00fcr Standorte und Immobilien","description":"Le FFS e le imprese edili coinvolte danno il via ai lavori di ampliamento delle stazioni di Wallisellen, Dietlikon, Bassersdorf e Winterthur T\u00f6ss. Per la galleria di Br\u00fctten iniziano i lavori preliminari. Entro il 2037 la linea tra Zurigo e Winterthur dovr\u00e0 essere ampliata a quattro binari su tutto il percorso.","canonical_url":"https:\/\/www.immo-invest.ch\/it\/grossprojekt-staerkt-bahnkapazitaet-im-raum-zuerich-nachhaltig\/","robots":"max-image-preview:large","keywords":"","webmasterTools":{"google-site-verification":"fHJKvgWpZCR2zVBHWfkQeFXC11qieUSff0HGNYfuyLA","miscellaneous":""},"schema":{"@context":"https:\/\/schema.org","@graph":[{"@type":"BlogPosting","@id":"https:\/\/www.immo-invest.ch\/it\/grossprojekt-staerkt-bahnkapazitaet-im-raum-zuerich-nachhaltig\/#blogposting","name":"Un grande progetto rafforza in modo sostenibile la capacit\u00e0 ferroviaria nell\u2019area di Zurigo - immo!nvest - Die Plattform f\u00fcr Standorte und Immobilien","headline":"Un grande progetto rafforza in modo sostenibile la capacit\u00e0 ferroviaria nell&#8217;area di Zurigo","author":{"@id":"https:\/\/www.immo-invest.ch\/it\/author\/immovestuser\/#author"},"publisher":{"@id":"https:\/\/www.immo-invest.ch\/it\/#organization"},"image":{"@type":"ImageObject","url":"https:\/\/www.immo-invest.ch\/wp-content\/uploads\/2026\/03\/banoviag_major_railway_infrastructure_construction_in_Switzer_f4041c2f-3b47-4e6e-8806-188fd9ba0d17_3.png","width":1536,"height":768},"datePublished":"2026-03-30T08:20:00+02:00","dateModified":"2026-03-27T08:47:40+01:00","inLanguage":"it-IT","mainEntityOfPage":{"@id":"https:\/\/www.immo-invest.ch\/it\/grossprojekt-staerkt-bahnkapazitaet-im-raum-zuerich-nachhaltig\/#webpage"},"isPartOf":{"@id":"https:\/\/www.immo-invest.ch\/it\/grossprojekt-staerkt-bahnkapazitaet-im-raum-zuerich-nachhaltig\/#webpage"},"articleSection":"immoNews, Mobilit\u00e0, Nuove costruzioni, Strategie di finanziamento, Bahnausbau, Immoinvest, immoNews, Infrastrukturprojekt, News, Schienenverkehr, Optional"},{"@type":"BreadcrumbList","@id":"https:\/\/www.immo-invest.ch\/it\/grossprojekt-staerkt-bahnkapazitaet-im-raum-zuerich-nachhaltig\/#breadcrumblist","itemListElement":[{"@type":"ListItem","@id":"https:\/\/www.immo-invest.ch\/it\/#listItem","position":1,"name":"Home","item":"https:\/\/www.immo-invest.ch\/it\/","nextItem":{"@type":"ListItem","@id":"https:\/\/www.immo-invest.ch\/it\/categoria\/progetti\/#listItem","name":"Progetti"}},{"@type":"ListItem","@id":"https:\/\/www.immo-invest.ch\/it\/categoria\/progetti\/#listItem","position":2,"name":"Progetti","item":"https:\/\/www.immo-invest.ch\/it\/categoria\/progetti\/","nextItem":{"@type":"ListItem","@id":"https:\/\/www.immo-invest.ch\/it\/categoria\/progetti\/nuove-costruzioni\/#listItem","name":"Nuove costruzioni"},"previousItem":{"@type":"ListItem","@id":"https:\/\/www.immo-invest.ch\/it\/#listItem","name":"Home"}},{"@type":"ListItem","@id":"https:\/\/www.immo-invest.ch\/it\/categoria\/progetti\/nuove-costruzioni\/#listItem","position":3,"name":"Nuove costruzioni","item":"https:\/\/www.immo-invest.ch\/it\/categoria\/progetti\/nuove-costruzioni\/","nextItem":{"@type":"ListItem","@id":"https:\/\/www.immo-invest.ch\/it\/grossprojekt-staerkt-bahnkapazitaet-im-raum-zuerich-nachhaltig\/#listItem","name":"Un grande progetto rafforza in modo sostenibile la capacit\u00e0 ferroviaria nell&#8217;area di Zurigo"},"previousItem":{"@type":"ListItem","@id":"https:\/\/www.immo-invest.ch\/it\/categoria\/progetti\/#listItem","name":"Progetti"}},{"@type":"ListItem","@id":"https:\/\/www.immo-invest.ch\/it\/grossprojekt-staerkt-bahnkapazitaet-im-raum-zuerich-nachhaltig\/#listItem","position":4,"name":"Un grande progetto rafforza in modo sostenibile la capacit\u00e0 ferroviaria nell&#8217;area di Zurigo","previousItem":{"@type":"ListItem","@id":"https:\/\/www.immo-invest.ch\/it\/categoria\/progetti\/nuove-costruzioni\/#listItem","name":"Nuove costruzioni"}}]},{"@type":"Organization","@id":"https:\/\/www.immo-invest.ch\/it\/#organization","name":"immo!nvest - Die Plattform f\u00fcr Standorte und Immobilien","description":"Die\u00a0Plattform f\u00fcr Standorte und Immobilien","url":"https:\/\/www.immo-invest.ch\/it\/","email":"admin@immomedia.ag","telephone":"+41444420002","logo":{"@type":"ImageObject","url":"https:\/\/www.immo-invest.ch\/wp-content\/uploads\/2024\/09\/immoinvest_sm-scaled.jpg","@id":"https:\/\/www.immo-invest.ch\/it\/grossprojekt-staerkt-bahnkapazitaet-im-raum-zuerich-nachhaltig\/#organizationLogo","width":2560,"height":1340},"image":{"@id":"https:\/\/www.immo-invest.ch\/it\/grossprojekt-staerkt-bahnkapazitaet-im-raum-zuerich-nachhaltig\/#organizationLogo"},"sameAs":["https:\/\/www.facebook.com\/people\/Immoinvest\/100077962920504\/","https:\/\/x.com\/i\/flow\/login?redirect_after_login=immoinvest_ch","https:\/\/www.instagram.com\/immoinvest_ch\/","https:\/\/www.linkedin.com\/company\/immoinvest-swiss"]},{"@type":"Person","@id":"https:\/\/www.immo-invest.ch\/it\/author\/immovestuser\/#author","url":"https:\/\/www.immo-invest.ch\/it\/author\/immovestuser\/","name":"immovestuser","image":{"@type":"ImageObject","@id":"https:\/\/www.immo-invest.ch\/it\/grossprojekt-staerkt-bahnkapazitaet-im-raum-zuerich-nachhaltig\/#authorImage","url":"https:\/\/secure.gravatar.com\/avatar\/8e01f4d99f2eeea7a362ebb93305e1172a70e9293ba250f897a65c39f54cdd1e?s=96&d=mm&r=g","width":96,"height":96,"caption":"immovestuser"}},{"@type":"WebPage","@id":"https:\/\/www.immo-invest.ch\/it\/grossprojekt-staerkt-bahnkapazitaet-im-raum-zuerich-nachhaltig\/#webpage","url":"https:\/\/www.immo-invest.ch\/it\/grossprojekt-staerkt-bahnkapazitaet-im-raum-zuerich-nachhaltig\/","name":"Un grande progetto rafforza in modo sostenibile la capacit\u00e0 ferroviaria nell\u2019area di Zurigo - immo!nvest - Die Plattform f\u00fcr Standorte und Immobilien","description":"Le FFS e le imprese edili coinvolte danno il via ai lavori di ampliamento delle stazioni di Wallisellen, Dietlikon, Bassersdorf e Winterthur T\u00f6ss. Per la galleria di Br\u00fctten iniziano i lavori preliminari. Entro il 2037 la linea tra Zurigo e Winterthur dovr\u00e0 essere ampliata a quattro binari su tutto il percorso.","inLanguage":"it-IT","isPartOf":{"@id":"https:\/\/www.immo-invest.ch\/it\/#website"},"breadcrumb":{"@id":"https:\/\/www.immo-invest.ch\/it\/grossprojekt-staerkt-bahnkapazitaet-im-raum-zuerich-nachhaltig\/#breadcrumblist"},"author":{"@id":"https:\/\/www.immo-invest.ch\/it\/author\/immovestuser\/#author"},"creator":{"@id":"https:\/\/www.immo-invest.ch\/it\/author\/immovestuser\/#author"},"image":{"@type":"ImageObject","url":"https:\/\/www.immo-invest.ch\/wp-content\/uploads\/2026\/03\/banoviag_major_railway_infrastructure_construction_in_Switzer_f4041c2f-3b47-4e6e-8806-188fd9ba0d17_3.png","@id":"https:\/\/www.immo-invest.ch\/it\/grossprojekt-staerkt-bahnkapazitaet-im-raum-zuerich-nachhaltig\/#mainImage","width":1536,"height":768},"primaryImageOfPage":{"@id":"https:\/\/www.immo-invest.ch\/it\/grossprojekt-staerkt-bahnkapazitaet-im-raum-zuerich-nachhaltig\/#mainImage"},"datePublished":"2026-03-30T08:20:00+02:00","dateModified":"2026-03-27T08:47:40+01:00"},{"@type":"WebSite","@id":"https:\/\/www.immo-invest.ch\/it\/#website","url":"https:\/\/www.immo-invest.ch\/it\/","name":"immo!nvest - Die Plattform f\u00fcr Standorte und Immobilien","description":"Die\u00a0Plattform f\u00fcr Standorte und Immobilien","inLanguage":"it-IT","publisher":{"@id":"https:\/\/www.immo-invest.ch\/it\/#organization"}}]},"og:locale":"it_IT","og:site_name":"immo!nvest - Die Plattform f\u00fcr Standorte und Immobilien - Die\u00a0Plattform f\u00fcr Standorte und Immobilien","og:type":"article","og:title":"Un grande progetto rafforza in modo sostenibile la capacit\u00e0 ferroviaria nell\u2019area di Zurigo - immo!nvest - Die Plattform f\u00fcr Standorte und Immobilien","og:description":"Le FFS e le imprese edili coinvolte danno il via ai lavori di ampliamento delle stazioni di Wallisellen, Dietlikon, Bassersdorf e Winterthur T\u00f6ss. Per la galleria di Br\u00fctten iniziano i lavori preliminari. Entro il 2037 la linea tra Zurigo e Winterthur dovr\u00e0 essere ampliata a quattro binari su tutto il percorso.","og:url":"https:\/\/www.immo-invest.ch\/it\/grossprojekt-staerkt-bahnkapazitaet-im-raum-zuerich-nachhaltig\/","og:image":"https:\/\/www.immo-invest.ch\/wp-content\/uploads\/2026\/03\/banoviag_major_railway_infrastructure_construction_in_Switzer_f4041c2f-3b47-4e6e-8806-188fd9ba0d17_3.png","og:image:secure_url":"https:\/\/www.immo-invest.ch\/wp-content\/uploads\/2026\/03\/banoviag_major_railway_infrastructure_construction_in_Switzer_f4041c2f-3b47-4e6e-8806-188fd9ba0d17_3.png","og:image:width":1536,"og:image:height":768,"article:published_time":"2026-03-30T06:20:00+00:00","article:modified_time":"2026-03-27T07:47:40+00:00","article:publisher":"https:\/\/www.facebook.com\/people\/Immoinvest\/100077962920504\/","twitter:card":"summary_large_image","twitter:site":"@i","twitter:title":"Un grande progetto rafforza in modo sostenibile la capacit\u00e0 ferroviaria nell\u2019area di Zurigo - immo!nvest - Die Plattform f\u00fcr Standorte und Immobilien","twitter:description":"Le FFS e le imprese edili coinvolte danno il via ai lavori di ampliamento delle stazioni di Wallisellen, Dietlikon, Bassersdorf e Winterthur T\u00f6ss. Per la galleria di Br\u00fctten iniziano i lavori preliminari. Entro il 2037 la linea tra Zurigo e Winterthur dovr\u00e0 essere ampliata a quattro binari su tutto il percorso.","twitter:creator":"@i","twitter:image":"https:\/\/www.immo-invest.ch\/wp-content\/uploads\/2026\/03\/banoviag_major_railway_infrastructure_construction_in_Switzer_f4041c2f-3b47-4e6e-8806-188fd9ba0d17_3.png"},"aioseo_meta_data":{"post_id":"152173","title":null,"description":null,"keywords":null,"keyphrases":{"focus":{"keyphrase":"","score":0,"analysis":{"keyphraseInTitle":{"score":0,"maxScore":9,"error":1}}},"additional":[]},"primary_term":null,"canonical_url":null,"og_title":null,"og_description":null,"og_object_type":"default","og_image_type":"default","og_image_url":null,"og_image_width":null,"og_image_height":null,"og_image_custom_url":null,"og_image_custom_fields":null,"og_video":"","og_custom_url":null,"og_article_section":null,"og_article_tags":null,"twitter_use_og":false,"twitter_card":"default","twitter_image_type":"default","twitter_image_url":null,"twitter_image_custom_url":null,"twitter_image_custom_fields":null,"twitter_title":null,"twitter_description":null,"schema":{"blockGraphs":[],"customGraphs":[],"default":{"data":{"Article":[],"Course":[],"Dataset":[],"FAQPage":[],"Movie":[],"Person":[],"Product":[],"ProductReview":[],"Car":[],"Recipe":[],"Service":[],"SoftwareApplication":[],"WebPage":[]},"graphName":"BlogPosting","isEnabled":true},"graphs":[]},"schema_type":"default","schema_type_options":null,"pillar_content":false,"robots_default":true,"robots_noindex":false,"robots_noarchive":false,"robots_nosnippet":false,"robots_nofollow":false,"robots_noimageindex":false,"robots_noodp":false,"robots_notranslate":false,"robots_max_snippet":"-1","robots_max_videopreview":"-1","robots_max_imagepreview":"large","priority":null,"frequency":"default","local_seo":null,"breadcrumb_settings":null,"limit_modified_date":false,"ai":{"faqs":[],"keyPoints":[],"titles":[],"descriptions":[],"socialPosts":{"email":[],"linkedin":[],"twitter":[],"facebook":[],"instagram":[]}},"created":"2026-03-27 07:47:47","updated":"2026-03-30 06:22:22","seo_analyzer_scan_date":null,"focus_keyword":null,"additional_keywords":null,"truseo_locale":null},"aioseo_breadcrumb":"<div class=\"aioseo-breadcrumbs\"><span class=\"aioseo-breadcrumb\">\n\t\t\t<a href=\"https:\/\/www.immo-invest.ch\/it\/\" title=\"Home\">Home<\/a>\n\t\t<\/span><span class=\"aioseo-breadcrumb-separator\">&raquo;<\/span><span class=\"aioseo-breadcrumb\">\n\t\t\t<a href=\"https:\/\/www.immo-invest.ch\/it\/categoria\/progetti\/\" title=\"Progetti\">Progetti<\/a>\n\t\t<\/span><span class=\"aioseo-breadcrumb-separator\">&raquo;<\/span><span class=\"aioseo-breadcrumb\">\n\t\t\t<a href=\"https:\/\/www.immo-invest.ch\/it\/categoria\/progetti\/nuove-costruzioni\/\" title=\"Nuove costruzioni\">Nuove costruzioni<\/a>\n\t\t<\/span><span class=\"aioseo-breadcrumb-separator\">&raquo;<\/span><span class=\"aioseo-breadcrumb\">\n\t\t\tUn grande progetto rafforza in modo sostenibile la capacit\u00e0 ferroviaria nell\u2019area di Zurigo\n\t\t<\/span><\/div>","aioseo_breadcrumb_json":[{"label":"Home","link":"https:\/\/www.immo-invest.ch\/it\/"},{"label":"Progetti","link":"https:\/\/www.immo-invest.ch\/it\/categoria\/progetti\/"},{"label":"Nuove costruzioni","link":"https:\/\/www.immo-invest.ch\/it\/categoria\/progetti\/nuove-costruzioni\/"},{"label":"Un grande progetto rafforza in modo sostenibile la capacit\u00e0 ferroviaria nell&#8217;area di Zurigo","link":"https:\/\/www.immo-invest.ch\/it\/grossprojekt-staerkt-bahnkapazitaet-im-raum-zuerich-nachhaltig\/"}],"featured_image_src":"https:\/\/www.immo-invest.ch\/wp-content\/uploads\/2026\/03\/banoviag_major_railway_infrastructure_construction_in_Switzer_f4041c2f-3b47-4e6e-8806-188fd9ba0d17_3-336x168.png","_links":{"self":[{"href":"https:\/\/www.immo-invest.ch\/it\/wp-json\/wp\/v2\/posts\/152173","targetHints":{"allow":["GET"]}}],"collection":[{"href":"https:\/\/www.immo-invest.ch\/it\/wp-json\/wp\/v2\/posts"}],"about":[{"href":"https:\/\/www.immo-invest.ch\/it\/wp-json\/wp\/v2\/types\/post"}],"author":[{"embeddable":true,"href":"https:\/\/www.immo-invest.ch\/it\/wp-json\/wp\/v2\/users\/2"}],"replies":[{"embeddable":true,"href":"https:\/\/www.immo-invest.ch\/it\/wp-json\/wp\/v2\/comments?post=152173"}],"version-history":[{"count":2,"href":"https:\/\/www.immo-invest.ch\/it\/wp-json\/wp\/v2\/posts\/152173\/revisions"}],"predecessor-version":[{"id":152180,"href":"https:\/\/www.immo-invest.ch\/it\/wp-json\/wp\/v2\/posts\/152173\/revisions\/152180"}],"wp:featuredmedia":[{"embeddable":true,"href":"https:\/\/www.immo-invest.ch\/it\/wp-json\/wp\/v2\/media\/152174"}],"wp:attachment":[{"href":"https:\/\/www.immo-invest.ch\/it\/wp-json\/wp\/v2\/media?parent=152173"}],"wp:term":[{"taxonomy":"category","embeddable":true,"href":"https:\/\/www.immo-invest.ch\/it\/wp-json\/wp\/v2\/categories?post=152173"},{"taxonomy":"post_tag","embeddable":true,"href":"https:\/\/www.immo-invest.ch\/it\/wp-json\/wp\/v2\/tags?post=152173"}],"curies":[{"name":"wp","href":"https:\/\/api.w.org\/{rel}","templated":true}]}}