{"id":151318,"date":"2026-02-24T11:46:37","date_gmt":"2026-02-24T10:46:37","guid":{"rendered":"https:\/\/www.immo-invest.ch\/gaudis-verborgenes-chalet-in-den-pyrenaeen\/"},"modified":"2026-03-12T08:44:57","modified_gmt":"2026-03-12T07:44:57","slug":"gaudis-verborgenes-chalet-in-den-pyrenaeen","status":"publish","type":"post","link":"https:\/\/www.immo-invest.ch\/it\/gaudis-verborgenes-chalet-in-den-pyrenaeen\/","title":{"rendered":"Lo chalet nascosto di Gaud\u00ed nei Pirenei"},"content":{"rendered":"<p class=\"wp-block-paragraph\">Per lo chalet Catllar&agrave;s non esistono n&eacute; progetti originali n&eacute; una firma ufficiale di Gaud&iacute;. Per decenni l&rsquo;attribuzione si &egrave; basata principalmente sulle somiglianze formali con le opere conosciute. L&rsquo;indagine commissionata nel 2023 dalla Cattedra Gaud&iacute; dell&rsquo;Universit&agrave; Politecnica della Catalogna ha quindi optato per una strategia diversa: analisi geometriche e costruttive anzich&eacute; ritrovamenti d&rsquo;archivio all&rsquo;ultimo momento.<\/p>\n\n\n\n\n\n<p class=\"wp-block-paragraph\">Sotto la direzione di Galdric Santana, l&rsquo;edificio &egrave; stato misurato in tre dimensioni, la sua struttura portante &egrave; stata analizzata in dettaglio e confrontata con edifici di Gaud&iacute; confermati. Il team ha anche analizzato le fotografie storiche e la storia edilizia dei progetti per Eusebi G&uuml;ell. Lo studio conclude che il progetto &egrave; di Gaud&iacute;, ma che l&rsquo;esecuzione &egrave; stata responsabilit&agrave; di terzi e si &egrave; discostata dal concetto originale.<\/p>\n\n\n\n\n\n<p class=\"wp-block-paragraph\"><strong>La logica delle volte<br><\/strong>Il fulcro dell&rsquo;argomentazione &egrave; la struttura portante. Lo chalet ha una pianta rettangolare e un tetto a volta a sesto acuto che arriva quasi a terra. Il tetto e la facciata sono strutturalmente un&rsquo;unit&agrave;; le finestre sono situate esclusivamente nelle pareti lunghe e sembrano mansarde tagliate nella volta. Le pareti di fondo rimangono chiuse, staticamente coerenti, formalmente radicali.<\/p>\n\n\n\n\n\n<p class=\"wp-block-paragraph\">Il fattore decisivo &egrave; l&rsquo;asse longitudinale centrale, che funge da spina dorsale portante per sostenere i piani. Santana sottolinea che questa logica costruttiva &egrave; tipica di Gaud&iacute;. La volta non funge solo da soffitto, ma sostiene anche i livelli sovrastanti. Questo si basa su un modello di catena o di cavo. La linea di flessione di una catena carica fornisce la linea di pressione ideale di un arco. Se questo modello viene girato, il risultato &egrave; una forma di volta quasi completamente sotto pressione, un principio che Gaud&iacute; utilizzava sistematicamente.<\/p>\n\n\n\n\n\n<p class=\"wp-block-paragraph\"><strong>Interventi durante la costruzione<br><\/strong>Tuttavia, lo studio mostra anche che la struttura portante &egrave; stata modificata durante la costruzione. Invece di trasferire coerentemente i carichi attraverso la volta e l&rsquo;asse centrale, i costruttori inserirono ulteriori pareti trasversali. Le travi longitudinali si sono fatte carico di parte del trasferimento del carico, indebolendo la chiarezza radicale originale del sistema.<\/p>\n\n\n\n\n\n<p class=\"wp-block-paragraph\">Santana ritiene che questo <span class=\"glossaryLink\"  aria-describedby=\"tt\"  data-cmtooltip=\"&lt;div class=glossaryItemTitle&gt;SIA&lt;\/div&gt;&lt;div class=glossaryItemBody&gt;Schweizerischer Ingenieur- und Architektenverein; massgebender Berufsverband f&uuml;r qualifizierte Fachleute der Bereiche Bau, Technik und Umwelt mit rund f&uuml;nfzehntausend Mitgliedern&lt;\/div&gt;\"  data-mobile-support=\"0\"  data-gt-translate-attributes='[{\"attribute\":\"data-cmtooltip\", \"format\":\"html\"}]' tabindex='0' role='link'>sia<\/span> un possibile motivo per cui Gaud&iacute; non ne ha mai rivendicato apertamente la paternit&agrave;. La &ldquo;funivia&rdquo;, che lavora con una linea di catena ideale, non &egrave; stata implementata in modo coerente nello chalet per il sostegno dei solai. L&rsquo;idea &egrave; visibile nella struttura portante, ma la sua applicazione coerente &egrave; stata realizzata solo in parte.<\/p>\n\n\n\n\n\n<p class=\"wp-block-paragraph\"><strong>Gaud&iacute; e G&uuml;ell<br><\/strong>Lo chalet fu commissionato da Eusebi G&uuml;ell, il principale mecenate di Gaud&iacute;. Egli gestiva una miniera di carbone e la fabbrica di cemento Asland nella regione. L&rsquo;edificio serviva come alloggio per ingegneri e tecnici specializzati e per le loro famiglie. Per questo motivo, la casa non si colloca nel contesto dei prestigiosi palazzi cittadini, ma piuttosto nel campo della tensione tra industria, infrastrutture e l&rsquo;aspro paesaggio montano.<\/p>\n\n\n\n\n\n<p class=\"wp-block-paragraph\">Il progetto coincise con una fase in cui Gaud&iacute; stava lavorando contemporaneamente al Park G&uuml;ell e alla chiesa della Col&ograve;nia G&uuml;ell. In questo contesto, sembra plausibile che non abbia assunto in prima persona la direzione dei lavori di uno chalet sperduto nei Pirenei. Dopo la chiusura della miniera e della fabbrica, la casa fu utilizzata per un certo periodo come scuola di campagna e molti abitanti del luogo ne ricordano l&rsquo;infanzia. Oggi &egrave; stata restaurata, &egrave; aperta al pubblico e costituisce un elemento di identit&agrave; per il comune di La Pobla.<\/p>\n\n\n\n\n\n<p class=\"wp-block-paragraph\"><strong>Tipico della regione e altamente razionale<br><\/strong>Lo chalet occupa un posto speciale nell&rsquo;opera di Gaud&iacute;. &Egrave; molto pi&ugrave; piccolo di icone come la Sagrada Fam&iacute;lia, ma mostra i motivi centrali del suo pensiero. Santana parla di una reinterpretazione su larga scala delle baite gotiche dei Pirenei. Gaud&iacute; riprende le tradizioni costruttive regionali, ma le trasforma strutturalmente e geometricamente.<\/p>\n\n\n\n\n\n<p class=\"wp-block-paragraph\">La forma compatta e autonoma risponde al clima rigido e riduce i costi di costruzione. I materiali provengono in gran parte dall&rsquo;area circostante e l&rsquo;edificio si integra topograficamente nel pendio. Caratteristici sono anche i distributori a 45 gradi della pianta, utilizzati da Gaud&iacute; anche nella Torre Bellesguard. Creano transizioni spaziali fluide e spezzano i rigidi sistemi ortogonali &ndash; un altro elemento di identificazione.<\/p>\n\n\n\n\n\n<p class=\"wp-block-paragraph\"><strong>Come la scienza architettonica esamina la paternit&agrave;<br><\/strong>Lo studio dello chalet Catllar&agrave;s non &egrave; solo un contributo alla ricerca su Gaud&iacute;, ma anche una lezione sui metodi di attribuzione architettonica. A differenza della pittura, gli edifici raramente hanno una &ldquo;firma&rdquo; chiara. Le opere vengono rimodellate, ampliate o trasformate dai dipendenti, i progetti vanno perduti o esistono solo in frammenti. I ricercatori hanno quindi combinato analisi geometriche, indagini sui materiali e modelli 3D digitali con le fonti storiche. Proporzioni, curvature e logica strutturale sono state confrontate con edifici di Gaud&iacute; verificati, mentre le fotografie dell&rsquo;epoca di costruzione hanno completato il quadro. Alla presentazione, il Ministro della Cultura ha sottolineato quanto siano indispensabili tali certificazioni scientifiche per determinare in modo affidabile la paternit&agrave; dell&rsquo;opera. Lo chalet di Catllar&agrave;s si trasforma cos&igrave; da un caso particolare locale in un tassello chiaramente localizzato nell&rsquo;opera di uno dei pi&ugrave; importanti architetti del modernismo.<\/p>\n\n","protected":false},"excerpt":{"rendered":"<p>Per molto tempo lo chalet di Catllar\u00e0s \u00e8 stato considerato un enigma architettonico senza progetti firmati. Uno studio recente attribuisce chiaramente ad Antoni Gaud\u00ed questo edificio remoto nei Pirenei e mostra come egli abbia intrecciato radicalmente la struttura portante, la geometria e la tradizione costruttiva regionale in un progetto industriale. <\/p>\n","protected":false},"author":2,"featured_media":151319,"comment_status":"open","ping_status":"open","sticky":false,"template":"","format":"standard","meta":{"pmpro_default_level":"","inline_featured_image":false,"_monsterinsights_skip_tracking":false,"footnotes":""},"categories":[22359,56028,741,9651,22443],"tags":[57788,57789,867,3935,2006,57790],"class_list":["post-151318","post","type-post","status-publish","format-standard","has-post-thumbnail","hentry","category-costruzione","category-pianificazione-sviluppo","category-progetti","category-ristrutturazione","category-trends-it","tag-gaudi-architektur","tag-historische-bauforschung","tag-immoinvest-it","tag-immonews-it","tag-news-it","tag-tragwerksanalyse","pmpro-has-access"],"acf":{"bild_mit_ki_erstellt_worden":"","lead":"Per molto tempo lo chalet di Catllar\u00e0s \u00e8 stato considerato un enigma architettonico senza progetti firmati. Uno studio recente attribuisce chiaramente ad Antoni Gaud\u00ed questo edificio remoto nei Pirenei e mostra come egli abbia intrecciato radicalmente la struttura portante, la geometria e la tradizione costruttiva regionale in un progetto industriale. ","autor":"Quelle: Ingenieur","ort":"","bildunterschrift":"","bild_im_grid":false,"gallerie":"","newsim":""},"aioseo_notices":[],"aioseo_head":"\n\t\t<!-- All in One SEO 5.0.0.1 - aioseo.com -->\n\t<meta name=\"description\" content=\"Per molto tempo lo chalet di Catllar\u00e0s \u00e8 stato considerato un enigma architettonico senza progetti firmati. Uno studio recente attribuisce chiaramente ad Antoni Gaud\u00ed questo edificio remoto nei Pirenei e mostra come egli abbia intrecciato radicalmente la struttura portante, la geometria e la tradizione costruttiva regionale in un progetto industriale.\" \/>\n\t<meta name=\"robots\" content=\"max-image-preview:large\" \/>\n\t<meta name=\"author\" content=\"immovestuser\"\/>\n\t<meta name=\"google-site-verification\" content=\"fHJKvgWpZCR2zVBHWfkQeFXC11qieUSff0HGNYfuyLA\" \/>\n\t<link rel=\"canonical\" href=\"https:\/\/www.immo-invest.ch\/it\/gaudis-verborgenes-chalet-in-den-pyrenaeen\/\" \/>\n\t<meta name=\"generator\" content=\"All in One SEO (AIOSEO) 5.0.0.1\" \/>\n\t\t<meta property=\"og:locale\" content=\"it_IT\" \/>\n\t\t<meta property=\"og:site_name\" content=\"immo!nvest - Die Plattform f\u00fcr Standorte und Immobilien - Die\u00a0Plattform f\u00fcr Standorte und Immobilien\" \/>\n\t\t<meta property=\"og:type\" content=\"article\" \/>\n\t\t<meta property=\"og:title\" content=\"Lo chalet nascosto di Gaud\u00ed nei Pirenei - immo!nvest - Die Plattform f\u00fcr Standorte und Immobilien\" \/>\n\t\t<meta property=\"og:description\" content=\"Per molto tempo lo chalet di Catllar\u00e0s \u00e8 stato considerato un enigma architettonico senza progetti firmati. Uno studio recente attribuisce chiaramente ad Antoni Gaud\u00ed questo edificio remoto nei Pirenei e mostra come egli abbia intrecciato radicalmente la struttura portante, la geometria e la tradizione costruttiva regionale in un progetto industriale.\" \/>\n\t\t<meta property=\"og:url\" content=\"https:\/\/www.immo-invest.ch\/it\/gaudis-verborgenes-chalet-in-den-pyrenaeen\/\" \/>\n\t\t<meta property=\"og:image\" content=\"https:\/\/www.immo-invest.ch\/wp-content\/uploads\/2026\/02\/stock-image-648372160-XL-scaled-e1771837648896-1200x600-1.jpg\" \/>\n\t\t<meta property=\"og:image:secure_url\" content=\"https:\/\/www.immo-invest.ch\/wp-content\/uploads\/2026\/02\/stock-image-648372160-XL-scaled-e1771837648896-1200x600-1.jpg\" \/>\n\t\t<meta property=\"og:image:width\" content=\"1200\" \/>\n\t\t<meta property=\"og:image:height\" content=\"600\" \/>\n\t\t<meta property=\"article:published_time\" content=\"2026-02-24T10:46:37+00:00\" \/>\n\t\t<meta property=\"article:modified_time\" content=\"2026-03-12T07:44:57+00:00\" \/>\n\t\t<meta property=\"article:publisher\" content=\"https:\/\/www.facebook.com\/people\/Immoinvest\/100077962920504\/\" \/>\n\t\t<meta name=\"twitter:card\" content=\"summary_large_image\" \/>\n\t\t<meta name=\"twitter:site\" content=\"@i\" \/>\n\t\t<meta name=\"twitter:title\" content=\"Lo chalet nascosto di Gaud\u00ed nei Pirenei - immo!nvest - Die Plattform f\u00fcr Standorte und Immobilien\" \/>\n\t\t<meta name=\"twitter:description\" content=\"Per molto tempo lo chalet di Catllar\u00e0s \u00e8 stato considerato un enigma architettonico senza progetti firmati. Uno studio recente attribuisce chiaramente ad Antoni Gaud\u00ed questo edificio remoto nei Pirenei e mostra come egli abbia intrecciato radicalmente la struttura portante, la geometria e la tradizione costruttiva regionale in un progetto industriale.\" \/>\n\t\t<meta name=\"twitter:creator\" content=\"@i\" \/>\n\t\t<meta name=\"twitter:image\" content=\"https:\/\/www.immo-invest.ch\/wp-content\/uploads\/2026\/02\/stock-image-648372160-XL-scaled-e1771837648896-1200x600-1.jpg\" \/>\n\t\t<script type=\"application\/ld+json\" class=\"aioseo-schema\">\n\t\t\t{\"@context\":\"https:\\\/\\\/schema.org\",\"@graph\":[{\"@type\":\"BlogPosting\",\"@id\":\"https:\\\/\\\/www.immo-invest.ch\\\/it\\\/gaudis-verborgenes-chalet-in-den-pyrenaeen\\\/#blogposting\",\"name\":\"Lo chalet nascosto di Gaud\\u00ed nei Pirenei - immo!nvest - Die Plattform f\\u00fcr Standorte und Immobilien\",\"headline\":\"Lo chalet nascosto di Gaud\\u00ed nei Pirenei\",\"author\":{\"@id\":\"https:\\\/\\\/www.immo-invest.ch\\\/it\\\/author\\\/immovestuser\\\/#author\"},\"publisher\":{\"@id\":\"https:\\\/\\\/www.immo-invest.ch\\\/it\\\/#organization\"},\"image\":{\"@type\":\"ImageObject\",\"url\":\"https:\\\/\\\/www.immo-invest.ch\\\/wp-content\\\/uploads\\\/2026\\\/02\\\/stock-image-648372160-XL-scaled-e1771837648896-1200x600-1.jpg\",\"width\":1200,\"height\":600},\"datePublished\":\"2026-02-24T11:46:37+01:00\",\"dateModified\":\"2026-03-12T08:44:57+01:00\",\"inLanguage\":\"it-IT\",\"mainEntityOfPage\":{\"@id\":\"https:\\\/\\\/www.immo-invest.ch\\\/it\\\/gaudis-verborgenes-chalet-in-den-pyrenaeen\\\/#webpage\"},\"isPartOf\":{\"@id\":\"https:\\\/\\\/www.immo-invest.ch\\\/it\\\/gaudis-verborgenes-chalet-in-den-pyrenaeen\\\/#webpage\"},\"articleSection\":\"Costruzione, Pianificazione \\\/ Sviluppo, Progetti, Ristrutturazione, Trends, Gaudi Architektur, historische Bauforschung, Immoinvest, immoNews, News, Tragwerksanalyse, Optional\"},{\"@type\":\"BreadcrumbList\",\"@id\":\"https:\\\/\\\/www.immo-invest.ch\\\/it\\\/gaudis-verborgenes-chalet-in-den-pyrenaeen\\\/#breadcrumblist\",\"itemListElement\":[{\"@type\":\"ListItem\",\"@id\":\"https:\\\/\\\/www.immo-invest.ch\\\/it\\\/#listItem\",\"position\":1,\"name\":\"Home\",\"item\":\"https:\\\/\\\/www.immo-invest.ch\\\/it\\\/\",\"nextItem\":{\"@type\":\"ListItem\",\"@id\":\"https:\\\/\\\/www.immo-invest.ch\\\/it\\\/categoria\\\/progetti\\\/#listItem\",\"name\":\"Progetti\"}},{\"@type\":\"ListItem\",\"@id\":\"https:\\\/\\\/www.immo-invest.ch\\\/it\\\/categoria\\\/progetti\\\/#listItem\",\"position\":2,\"name\":\"Progetti\",\"item\":\"https:\\\/\\\/www.immo-invest.ch\\\/it\\\/categoria\\\/progetti\\\/\",\"nextItem\":{\"@type\":\"ListItem\",\"@id\":\"https:\\\/\\\/www.immo-invest.ch\\\/it\\\/categoria\\\/progetti\\\/ristrutturazione\\\/#listItem\",\"name\":\"Ristrutturazione\"},\"previousItem\":{\"@type\":\"ListItem\",\"@id\":\"https:\\\/\\\/www.immo-invest.ch\\\/it\\\/#listItem\",\"name\":\"Home\"}},{\"@type\":\"ListItem\",\"@id\":\"https:\\\/\\\/www.immo-invest.ch\\\/it\\\/categoria\\\/progetti\\\/ristrutturazione\\\/#listItem\",\"position\":3,\"name\":\"Ristrutturazione\",\"item\":\"https:\\\/\\\/www.immo-invest.ch\\\/it\\\/categoria\\\/progetti\\\/ristrutturazione\\\/\",\"nextItem\":{\"@type\":\"ListItem\",\"@id\":\"https:\\\/\\\/www.immo-invest.ch\\\/it\\\/gaudis-verborgenes-chalet-in-den-pyrenaeen\\\/#listItem\",\"name\":\"Lo chalet nascosto di Gaud\\u00ed nei Pirenei\"},\"previousItem\":{\"@type\":\"ListItem\",\"@id\":\"https:\\\/\\\/www.immo-invest.ch\\\/it\\\/categoria\\\/progetti\\\/#listItem\",\"name\":\"Progetti\"}},{\"@type\":\"ListItem\",\"@id\":\"https:\\\/\\\/www.immo-invest.ch\\\/it\\\/gaudis-verborgenes-chalet-in-den-pyrenaeen\\\/#listItem\",\"position\":4,\"name\":\"Lo chalet nascosto di Gaud\\u00ed nei Pirenei\",\"previousItem\":{\"@type\":\"ListItem\",\"@id\":\"https:\\\/\\\/www.immo-invest.ch\\\/it\\\/categoria\\\/progetti\\\/ristrutturazione\\\/#listItem\",\"name\":\"Ristrutturazione\"}}]},{\"@type\":\"Organization\",\"@id\":\"https:\\\/\\\/www.immo-invest.ch\\\/it\\\/#organization\",\"name\":\"immo!nvest - Die Plattform f\\u00fcr Standorte und Immobilien\",\"description\":\"Die\\u00a0Plattform f\\u00fcr Standorte und Immobilien\",\"url\":\"https:\\\/\\\/www.immo-invest.ch\\\/it\\\/\",\"email\":\"admin@immomedia.ag\",\"telephone\":\"+41444420002\",\"logo\":{\"@type\":\"ImageObject\",\"url\":\"https:\\\/\\\/www.immo-invest.ch\\\/wp-content\\\/uploads\\\/2024\\\/09\\\/immoinvest_sm-scaled.jpg\",\"@id\":\"https:\\\/\\\/www.immo-invest.ch\\\/it\\\/gaudis-verborgenes-chalet-in-den-pyrenaeen\\\/#organizationLogo\",\"width\":2560,\"height\":1340},\"image\":{\"@id\":\"https:\\\/\\\/www.immo-invest.ch\\\/it\\\/gaudis-verborgenes-chalet-in-den-pyrenaeen\\\/#organizationLogo\"},\"sameAs\":[\"https:\\\/\\\/www.facebook.com\\\/people\\\/Immoinvest\\\/100077962920504\\\/\",\"https:\\\/\\\/x.com\\\/i\\\/flow\\\/login?redirect_after_login=immoinvest_ch\",\"https:\\\/\\\/www.instagram.com\\\/immoinvest_ch\\\/\",\"https:\\\/\\\/www.linkedin.com\\\/company\\\/immoinvest-swiss\"]},{\"@type\":\"Person\",\"@id\":\"https:\\\/\\\/www.immo-invest.ch\\\/it\\\/author\\\/immovestuser\\\/#author\",\"url\":\"https:\\\/\\\/www.immo-invest.ch\\\/it\\\/author\\\/immovestuser\\\/\",\"name\":\"immovestuser\",\"image\":{\"@type\":\"ImageObject\",\"@id\":\"https:\\\/\\\/www.immo-invest.ch\\\/it\\\/gaudis-verborgenes-chalet-in-den-pyrenaeen\\\/#authorImage\",\"url\":\"https:\\\/\\\/secure.gravatar.com\\\/avatar\\\/8e01f4d99f2eeea7a362ebb93305e1172a70e9293ba250f897a65c39f54cdd1e?s=96&d=mm&r=g\",\"width\":96,\"height\":96,\"caption\":\"immovestuser\"}},{\"@type\":\"WebPage\",\"@id\":\"https:\\\/\\\/www.immo-invest.ch\\\/it\\\/gaudis-verborgenes-chalet-in-den-pyrenaeen\\\/#webpage\",\"url\":\"https:\\\/\\\/www.immo-invest.ch\\\/it\\\/gaudis-verborgenes-chalet-in-den-pyrenaeen\\\/\",\"name\":\"Lo chalet nascosto di Gaud\\u00ed nei Pirenei - immo!nvest - Die Plattform f\\u00fcr Standorte und Immobilien\",\"description\":\"Per molto tempo lo chalet di Catllar\\u00e0s \\u00e8 stato considerato un enigma architettonico senza progetti firmati. Uno studio recente attribuisce chiaramente ad Antoni Gaud\\u00ed questo edificio remoto nei Pirenei e mostra come egli abbia intrecciato radicalmente la struttura portante, la geometria e la tradizione costruttiva regionale in un progetto industriale.\",\"inLanguage\":\"it-IT\",\"isPartOf\":{\"@id\":\"https:\\\/\\\/www.immo-invest.ch\\\/it\\\/#website\"},\"breadcrumb\":{\"@id\":\"https:\\\/\\\/www.immo-invest.ch\\\/it\\\/gaudis-verborgenes-chalet-in-den-pyrenaeen\\\/#breadcrumblist\"},\"author\":{\"@id\":\"https:\\\/\\\/www.immo-invest.ch\\\/it\\\/author\\\/immovestuser\\\/#author\"},\"creator\":{\"@id\":\"https:\\\/\\\/www.immo-invest.ch\\\/it\\\/author\\\/immovestuser\\\/#author\"},\"image\":{\"@type\":\"ImageObject\",\"url\":\"https:\\\/\\\/www.immo-invest.ch\\\/wp-content\\\/uploads\\\/2026\\\/02\\\/stock-image-648372160-XL-scaled-e1771837648896-1200x600-1.jpg\",\"@id\":\"https:\\\/\\\/www.immo-invest.ch\\\/it\\\/gaudis-verborgenes-chalet-in-den-pyrenaeen\\\/#mainImage\",\"width\":1200,\"height\":600},\"primaryImageOfPage\":{\"@id\":\"https:\\\/\\\/www.immo-invest.ch\\\/it\\\/gaudis-verborgenes-chalet-in-den-pyrenaeen\\\/#mainImage\"},\"datePublished\":\"2026-02-24T11:46:37+01:00\",\"dateModified\":\"2026-03-12T08:44:57+01:00\"},{\"@type\":\"WebSite\",\"@id\":\"https:\\\/\\\/www.immo-invest.ch\\\/it\\\/#website\",\"url\":\"https:\\\/\\\/www.immo-invest.ch\\\/it\\\/\",\"name\":\"immo!nvest - Die Plattform f\\u00fcr Standorte und Immobilien\",\"description\":\"Die\\u00a0Plattform f\\u00fcr Standorte und Immobilien\",\"inLanguage\":\"it-IT\",\"publisher\":{\"@id\":\"https:\\\/\\\/www.immo-invest.ch\\\/it\\\/#organization\"}}]}\n\t\t<\/script>\n\t\t<!-- All in One SEO -->\n\n","aioseo_head_json":{"title":"Lo chalet nascosto di Gaud\u00ed nei Pirenei - immo!nvest - Die Plattform f\u00fcr Standorte und Immobilien","description":"Per molto tempo lo chalet di Catllar\u00e0s \u00e8 stato considerato un enigma architettonico senza progetti firmati. Uno studio recente attribuisce chiaramente ad Antoni Gaud\u00ed questo edificio remoto nei Pirenei e mostra come egli abbia intrecciato radicalmente la struttura portante, la geometria e la tradizione costruttiva regionale in un progetto industriale.","canonical_url":"https:\/\/www.immo-invest.ch\/it\/gaudis-verborgenes-chalet-in-den-pyrenaeen\/","robots":"max-image-preview:large","keywords":"","webmasterTools":{"google-site-verification":"fHJKvgWpZCR2zVBHWfkQeFXC11qieUSff0HGNYfuyLA","miscellaneous":""},"schema":{"@context":"https:\/\/schema.org","@graph":[{"@type":"BlogPosting","@id":"https:\/\/www.immo-invest.ch\/it\/gaudis-verborgenes-chalet-in-den-pyrenaeen\/#blogposting","name":"Lo chalet nascosto di Gaud\u00ed nei Pirenei - immo!nvest - Die Plattform f\u00fcr Standorte und Immobilien","headline":"Lo chalet nascosto di Gaud\u00ed nei Pirenei","author":{"@id":"https:\/\/www.immo-invest.ch\/it\/author\/immovestuser\/#author"},"publisher":{"@id":"https:\/\/www.immo-invest.ch\/it\/#organization"},"image":{"@type":"ImageObject","url":"https:\/\/www.immo-invest.ch\/wp-content\/uploads\/2026\/02\/stock-image-648372160-XL-scaled-e1771837648896-1200x600-1.jpg","width":1200,"height":600},"datePublished":"2026-02-24T11:46:37+01:00","dateModified":"2026-03-12T08:44:57+01:00","inLanguage":"it-IT","mainEntityOfPage":{"@id":"https:\/\/www.immo-invest.ch\/it\/gaudis-verborgenes-chalet-in-den-pyrenaeen\/#webpage"},"isPartOf":{"@id":"https:\/\/www.immo-invest.ch\/it\/gaudis-verborgenes-chalet-in-den-pyrenaeen\/#webpage"},"articleSection":"Costruzione, Pianificazione \/ Sviluppo, Progetti, Ristrutturazione, Trends, Gaudi Architektur, historische Bauforschung, Immoinvest, immoNews, News, Tragwerksanalyse, Optional"},{"@type":"BreadcrumbList","@id":"https:\/\/www.immo-invest.ch\/it\/gaudis-verborgenes-chalet-in-den-pyrenaeen\/#breadcrumblist","itemListElement":[{"@type":"ListItem","@id":"https:\/\/www.immo-invest.ch\/it\/#listItem","position":1,"name":"Home","item":"https:\/\/www.immo-invest.ch\/it\/","nextItem":{"@type":"ListItem","@id":"https:\/\/www.immo-invest.ch\/it\/categoria\/progetti\/#listItem","name":"Progetti"}},{"@type":"ListItem","@id":"https:\/\/www.immo-invest.ch\/it\/categoria\/progetti\/#listItem","position":2,"name":"Progetti","item":"https:\/\/www.immo-invest.ch\/it\/categoria\/progetti\/","nextItem":{"@type":"ListItem","@id":"https:\/\/www.immo-invest.ch\/it\/categoria\/progetti\/ristrutturazione\/#listItem","name":"Ristrutturazione"},"previousItem":{"@type":"ListItem","@id":"https:\/\/www.immo-invest.ch\/it\/#listItem","name":"Home"}},{"@type":"ListItem","@id":"https:\/\/www.immo-invest.ch\/it\/categoria\/progetti\/ristrutturazione\/#listItem","position":3,"name":"Ristrutturazione","item":"https:\/\/www.immo-invest.ch\/it\/categoria\/progetti\/ristrutturazione\/","nextItem":{"@type":"ListItem","@id":"https:\/\/www.immo-invest.ch\/it\/gaudis-verborgenes-chalet-in-den-pyrenaeen\/#listItem","name":"Lo chalet nascosto di Gaud\u00ed nei Pirenei"},"previousItem":{"@type":"ListItem","@id":"https:\/\/www.immo-invest.ch\/it\/categoria\/progetti\/#listItem","name":"Progetti"}},{"@type":"ListItem","@id":"https:\/\/www.immo-invest.ch\/it\/gaudis-verborgenes-chalet-in-den-pyrenaeen\/#listItem","position":4,"name":"Lo chalet nascosto di Gaud\u00ed nei Pirenei","previousItem":{"@type":"ListItem","@id":"https:\/\/www.immo-invest.ch\/it\/categoria\/progetti\/ristrutturazione\/#listItem","name":"Ristrutturazione"}}]},{"@type":"Organization","@id":"https:\/\/www.immo-invest.ch\/it\/#organization","name":"immo!nvest - Die Plattform f\u00fcr Standorte und Immobilien","description":"Die\u00a0Plattform f\u00fcr Standorte und Immobilien","url":"https:\/\/www.immo-invest.ch\/it\/","email":"admin@immomedia.ag","telephone":"+41444420002","logo":{"@type":"ImageObject","url":"https:\/\/www.immo-invest.ch\/wp-content\/uploads\/2024\/09\/immoinvest_sm-scaled.jpg","@id":"https:\/\/www.immo-invest.ch\/it\/gaudis-verborgenes-chalet-in-den-pyrenaeen\/#organizationLogo","width":2560,"height":1340},"image":{"@id":"https:\/\/www.immo-invest.ch\/it\/gaudis-verborgenes-chalet-in-den-pyrenaeen\/#organizationLogo"},"sameAs":["https:\/\/www.facebook.com\/people\/Immoinvest\/100077962920504\/","https:\/\/x.com\/i\/flow\/login?redirect_after_login=immoinvest_ch","https:\/\/www.instagram.com\/immoinvest_ch\/","https:\/\/www.linkedin.com\/company\/immoinvest-swiss"]},{"@type":"Person","@id":"https:\/\/www.immo-invest.ch\/it\/author\/immovestuser\/#author","url":"https:\/\/www.immo-invest.ch\/it\/author\/immovestuser\/","name":"immovestuser","image":{"@type":"ImageObject","@id":"https:\/\/www.immo-invest.ch\/it\/gaudis-verborgenes-chalet-in-den-pyrenaeen\/#authorImage","url":"https:\/\/secure.gravatar.com\/avatar\/8e01f4d99f2eeea7a362ebb93305e1172a70e9293ba250f897a65c39f54cdd1e?s=96&d=mm&r=g","width":96,"height":96,"caption":"immovestuser"}},{"@type":"WebPage","@id":"https:\/\/www.immo-invest.ch\/it\/gaudis-verborgenes-chalet-in-den-pyrenaeen\/#webpage","url":"https:\/\/www.immo-invest.ch\/it\/gaudis-verborgenes-chalet-in-den-pyrenaeen\/","name":"Lo chalet nascosto di Gaud\u00ed nei Pirenei - immo!nvest - Die Plattform f\u00fcr Standorte und Immobilien","description":"Per molto tempo lo chalet di Catllar\u00e0s \u00e8 stato considerato un enigma architettonico senza progetti firmati. Uno studio recente attribuisce chiaramente ad Antoni Gaud\u00ed questo edificio remoto nei Pirenei e mostra come egli abbia intrecciato radicalmente la struttura portante, la geometria e la tradizione costruttiva regionale in un progetto industriale.","inLanguage":"it-IT","isPartOf":{"@id":"https:\/\/www.immo-invest.ch\/it\/#website"},"breadcrumb":{"@id":"https:\/\/www.immo-invest.ch\/it\/gaudis-verborgenes-chalet-in-den-pyrenaeen\/#breadcrumblist"},"author":{"@id":"https:\/\/www.immo-invest.ch\/it\/author\/immovestuser\/#author"},"creator":{"@id":"https:\/\/www.immo-invest.ch\/it\/author\/immovestuser\/#author"},"image":{"@type":"ImageObject","url":"https:\/\/www.immo-invest.ch\/wp-content\/uploads\/2026\/02\/stock-image-648372160-XL-scaled-e1771837648896-1200x600-1.jpg","@id":"https:\/\/www.immo-invest.ch\/it\/gaudis-verborgenes-chalet-in-den-pyrenaeen\/#mainImage","width":1200,"height":600},"primaryImageOfPage":{"@id":"https:\/\/www.immo-invest.ch\/it\/gaudis-verborgenes-chalet-in-den-pyrenaeen\/#mainImage"},"datePublished":"2026-02-24T11:46:37+01:00","dateModified":"2026-03-12T08:44:57+01:00"},{"@type":"WebSite","@id":"https:\/\/www.immo-invest.ch\/it\/#website","url":"https:\/\/www.immo-invest.ch\/it\/","name":"immo!nvest - Die Plattform f\u00fcr Standorte und Immobilien","description":"Die\u00a0Plattform f\u00fcr Standorte und Immobilien","inLanguage":"it-IT","publisher":{"@id":"https:\/\/www.immo-invest.ch\/it\/#organization"}}]},"og:locale":"it_IT","og:site_name":"immo!nvest - Die Plattform f\u00fcr Standorte und Immobilien - Die\u00a0Plattform f\u00fcr Standorte und Immobilien","og:type":"article","og:title":"Lo chalet nascosto di Gaud\u00ed nei Pirenei - immo!nvest - Die Plattform f\u00fcr Standorte und Immobilien","og:description":"Per molto tempo lo chalet di Catllar\u00e0s \u00e8 stato considerato un enigma architettonico senza progetti firmati. Uno studio recente attribuisce chiaramente ad Antoni Gaud\u00ed questo edificio remoto nei Pirenei e mostra come egli abbia intrecciato radicalmente la struttura portante, la geometria e la tradizione costruttiva regionale in un progetto industriale.","og:url":"https:\/\/www.immo-invest.ch\/it\/gaudis-verborgenes-chalet-in-den-pyrenaeen\/","og:image":"https:\/\/www.immo-invest.ch\/wp-content\/uploads\/2026\/02\/stock-image-648372160-XL-scaled-e1771837648896-1200x600-1.jpg","og:image:secure_url":"https:\/\/www.immo-invest.ch\/wp-content\/uploads\/2026\/02\/stock-image-648372160-XL-scaled-e1771837648896-1200x600-1.jpg","og:image:width":1200,"og:image:height":600,"article:published_time":"2026-02-24T10:46:37+00:00","article:modified_time":"2026-03-12T07:44:57+00:00","article:publisher":"https:\/\/www.facebook.com\/people\/Immoinvest\/100077962920504\/","twitter:card":"summary_large_image","twitter:site":"@i","twitter:title":"Lo chalet nascosto di Gaud\u00ed nei Pirenei - immo!nvest - Die Plattform f\u00fcr Standorte und Immobilien","twitter:description":"Per molto tempo lo chalet di Catllar\u00e0s \u00e8 stato considerato un enigma architettonico senza progetti firmati. Uno studio recente attribuisce chiaramente ad Antoni Gaud\u00ed questo edificio remoto nei Pirenei e mostra come egli abbia intrecciato radicalmente la struttura portante, la geometria e la tradizione costruttiva regionale in un progetto industriale.","twitter:creator":"@i","twitter:image":"https:\/\/www.immo-invest.ch\/wp-content\/uploads\/2026\/02\/stock-image-648372160-XL-scaled-e1771837648896-1200x600-1.jpg"},"aioseo_meta_data":{"post_id":"151318","title":null,"description":null,"keywords":null,"keyphrases":{"focus":{"keyphrase":"","score":0,"analysis":{"keyphraseInTitle":{"score":0,"maxScore":9,"error":1}}},"additional":[]},"primary_term":null,"canonical_url":null,"og_title":null,"og_description":null,"og_object_type":"default","og_image_type":"default","og_image_url":null,"og_image_width":null,"og_image_height":null,"og_image_custom_url":null,"og_image_custom_fields":null,"og_video":"","og_custom_url":null,"og_article_section":null,"og_article_tags":null,"twitter_use_og":false,"twitter_card":"default","twitter_image_type":"default","twitter_image_url":null,"twitter_image_custom_url":null,"twitter_image_custom_fields":null,"twitter_title":null,"twitter_description":null,"schema":{"blockGraphs":[],"customGraphs":[],"default":{"data":{"Article":[],"Course":[],"Dataset":[],"FAQPage":[],"Movie":[],"Person":[],"Product":[],"ProductReview":[],"Car":[],"Recipe":[],"Service":[],"SoftwareApplication":[],"WebPage":[]},"graphName":"BlogPosting","isEnabled":true},"graphs":[]},"schema_type":"default","schema_type_options":null,"pillar_content":false,"robots_default":true,"robots_noindex":false,"robots_noarchive":false,"robots_nosnippet":false,"robots_nofollow":false,"robots_noimageindex":false,"robots_noodp":false,"robots_notranslate":false,"robots_max_snippet":"-1","robots_max_videopreview":"-1","robots_max_imagepreview":"large","priority":null,"frequency":"default","local_seo":null,"breadcrumb_settings":null,"limit_modified_date":false,"ai":{"faqs":[],"keyPoints":[],"titles":[],"descriptions":[],"socialPosts":{"email":[],"linkedin":[],"twitter":[],"facebook":[],"instagram":[]}},"created":"2026-03-12 07:45:01","updated":"2026-03-12 07:50:51","seo_analyzer_scan_date":null,"focus_keyword":null,"additional_keywords":null,"truseo_locale":null},"aioseo_breadcrumb":"<div class=\"aioseo-breadcrumbs\"><span class=\"aioseo-breadcrumb\">\n\t\t\t<a href=\"https:\/\/www.immo-invest.ch\/it\/\" title=\"Home\">Home<\/a>\n\t\t<\/span><span class=\"aioseo-breadcrumb-separator\">&raquo;<\/span><span class=\"aioseo-breadcrumb\">\n\t\t\t<a href=\"https:\/\/www.immo-invest.ch\/it\/categoria\/progetti\/\" title=\"Progetti\">Progetti<\/a>\n\t\t<\/span><span class=\"aioseo-breadcrumb-separator\">&raquo;<\/span><span class=\"aioseo-breadcrumb\">\n\t\t\t<a href=\"https:\/\/www.immo-invest.ch\/it\/categoria\/progetti\/ristrutturazione\/\" title=\"Ristrutturazione\">Ristrutturazione<\/a>\n\t\t<\/span><span class=\"aioseo-breadcrumb-separator\">&raquo;<\/span><span class=\"aioseo-breadcrumb\">\n\t\t\tLo chalet nascosto di Gaud\u00ed nei Pirenei\n\t\t<\/span><\/div>","aioseo_breadcrumb_json":[{"label":"Home","link":"https:\/\/www.immo-invest.ch\/it\/"},{"label":"Progetti","link":"https:\/\/www.immo-invest.ch\/it\/categoria\/progetti\/"},{"label":"Ristrutturazione","link":"https:\/\/www.immo-invest.ch\/it\/categoria\/progetti\/ristrutturazione\/"},{"label":"Lo chalet nascosto di Gaud\u00ed nei Pirenei","link":"https:\/\/www.immo-invest.ch\/it\/gaudis-verborgenes-chalet-in-den-pyrenaeen\/"}],"featured_image_src":"https:\/\/www.immo-invest.ch\/wp-content\/uploads\/2026\/02\/stock-image-648372160-XL-scaled-e1771837648896-1200x600-1-336x168.jpg","_links":{"self":[{"href":"https:\/\/www.immo-invest.ch\/it\/wp-json\/wp\/v2\/posts\/151318","targetHints":{"allow":["GET"]}}],"collection":[{"href":"https:\/\/www.immo-invest.ch\/it\/wp-json\/wp\/v2\/posts"}],"about":[{"href":"https:\/\/www.immo-invest.ch\/it\/wp-json\/wp\/v2\/types\/post"}],"author":[{"embeddable":true,"href":"https:\/\/www.immo-invest.ch\/it\/wp-json\/wp\/v2\/users\/2"}],"replies":[{"embeddable":true,"href":"https:\/\/www.immo-invest.ch\/it\/wp-json\/wp\/v2\/comments?post=151318"}],"version-history":[{"count":2,"href":"https:\/\/www.immo-invest.ch\/it\/wp-json\/wp\/v2\/posts\/151318\/revisions"}],"predecessor-version":[{"id":151325,"href":"https:\/\/www.immo-invest.ch\/it\/wp-json\/wp\/v2\/posts\/151318\/revisions\/151325"}],"wp:featuredmedia":[{"embeddable":true,"href":"https:\/\/www.immo-invest.ch\/it\/wp-json\/wp\/v2\/media\/151319"}],"wp:attachment":[{"href":"https:\/\/www.immo-invest.ch\/it\/wp-json\/wp\/v2\/media?parent=151318"}],"wp:term":[{"taxonomy":"category","embeddable":true,"href":"https:\/\/www.immo-invest.ch\/it\/wp-json\/wp\/v2\/categories?post=151318"},{"taxonomy":"post_tag","embeddable":true,"href":"https:\/\/www.immo-invest.ch\/it\/wp-json\/wp\/v2\/tags?post=151318"}],"curies":[{"name":"wp","href":"https:\/\/api.w.org\/{rel}","templated":true}]}}