{"id":151301,"date":"2026-03-18T08:20:00","date_gmt":"2026-03-18T07:20:00","guid":{"rendered":"https:\/\/www.immo-invest.ch\/?p=151301"},"modified":"2026-03-11T16:50:35","modified_gmt":"2026-03-11T15:50:35","slug":"stadt-will-industriebau-fuer-archiv-und-zwischennutzungen-erwerben","status":"publish","type":"post","link":"https:\/\/www.immo-invest.ch\/it\/stadt-will-industriebau-fuer-archiv-und-zwischennutzungen-erwerben\/","title":{"rendered":"La citt\u00e0 intende acquistare un edificio industriale per archivio e usi temporanei"},"content":{"rendered":"<p class=\"bodytext\">Il Consiglio comunale di Bienne propone al Consiglio cittadino l&rsquo;acquisto dell&rsquo;immobile industriale situato in Mattenstrasse 133. Secondo <a href=\"https:\/\/www.biel-bienne.ch\/de\/news.html\/29\/news\/6173\" target=\"_blank\" rel=\"noopener\">quanto comunicato<\/a>, l&rsquo;edificio &egrave; destinato a diventare il nuovo archivio comunale a partire dal 2033. In precedenza sar&agrave; utilizzato come palestra provvisoria e sede temporanea della biblioteca.<\/p>\n<p class=\"bodytext\">L&rsquo;immobile industriale situato in Mattenstrasse 133 &egrave; stato costruito nel 1959 per la Maveg AG, un&rsquo;azienda commerciale che opera nel settore delle macchine edili. L&rsquo;edificio comprende tre grandi capannoni e un edificio amministrativo ed &egrave; considerato degno di essere conservato nell&rsquo;inventario degli edifici.<\/p>\n<p class=\"bodytext\">A partire dall&rsquo;inverno 2026\/27, il grande capannone dell&rsquo;immobile sostituir&agrave; le palestre del Coll&egrave;ge des Platanes. A causa di problemi strutturali, dal 2024 queste possono essere utilizzate solo in modo limitato. Fino alla ristrutturazione delle palestre, la citt&agrave; intende creare una soluzione temporanea con una semplice ristrutturazione del capannone.<\/p>\n<p class=\"bodytext\">Successivamente, durante la ristrutturazione completa della biblioteca comunale in Neumarktplatz prevista a partire dal 2031, l&rsquo;immobile servir&agrave; come sede provvisoria della biblioteca. Per i circa 1700 metri quadrati di superficie utile della biblioteca, nel centro della citt&agrave; non sono disponibili soluzioni di affitto adeguate.<\/p>\n<p class=\"bodytext\">Dopo il trasferimento della biblioteca, a partire dal 2033 l&rsquo;edificio sar&agrave; utilizzato in modo permanente come archivio comunale. Da anni il Comune &egrave; alla ricerca di una nuova soluzione per l&rsquo;archivio, poich&eacute; gli attuali locali non soddisfano pi&ugrave; i requisiti di legge e il patrimonio archivistico &egrave; distribuito in diverse sedi.<\/p>\n<p class=\"bodytext\">Il Consiglio comunale chiede al Consiglio di citt&agrave; due crediti per un totale di 3,890 milioni di franchi per l&rsquo;acquisto dell&rsquo;immobile e la messa a disposizione provvisoria della palestra. Il Consiglio di citt&agrave; decider&agrave; il 19 marzo.<\/p>\n","protected":false},"excerpt":{"rendered":"<p>La citt\u00e0 di Bienne intende acquistare l&#8217;immobile industriale situato in Mattenstrasse 133. L&#8217;edificio industriale sar\u00e0 utilizzato a partire dal 2033 per ospitare l&#8217;archivio comunale. Fino ad allora \u00e8 previsto un utilizzo temporaneo come palestra e biblioteca comunale. Il Consiglio comunale chiede ora al Consiglio municipale 3,89 milioni di franchi a tal fine.<\/p>\n","protected":false},"author":2,"featured_media":151302,"comment_status":"open","ping_status":"open","sticky":false,"template":"","format":"standard","meta":{"pmpro_default_level":"","inline_featured_image":false,"_monsterinsights_skip_tracking":false,"footnotes":""},"categories":[745,55977,56028,9651],"tags":[3935,57732,1988,48402],"class_list":["post-151301","post","type-post","status-publish","format-standard","has-post-thumbnail","hentry","category-immonews-it","category-istituzioni-formazione","category-pianificazione-sviluppo","category-ristrutturazione","tag-immonews-it","tag-industriebau","tag-news","tag-zwischennutzung-it","pmpro-has-access"],"acf":{"bild_mit_ki_erstellt_worden":["Ja"],"lead":"La citt\u00e0 di Bienne intende acquistare l'immobile industriale situato in Mattenstrasse 133. L'edificio industriale sar\u00e0 utilizzato a partire dal 2033 per ospitare l'archivio comunale. Fino ad allora \u00e8 previsto un utilizzo temporaneo come palestra e biblioteca comunale. Il Consiglio comunale chiede ora al Consiglio municipale 3,89 milioni di franchi a tal fine.","autor":"ce\/as","ort":"Biel","bildunterschrift":"","bild_im_grid":false,"gallerie":"","newsim":""},"aioseo_notices":[],"aioseo_head":"\n\t\t<!-- All in One SEO 5.0.0.1 - aioseo.com -->\n\t<meta name=\"description\" content=\"La citt\u00e0 di Bienne intende acquistare l&#039;immobile industriale situato in Mattenstrasse 133. L&#039;edificio industriale sar\u00e0 utilizzato a partire dal 2033 per ospitare l&#039;archivio comunale. Fino ad allora \u00e8 previsto un utilizzo temporaneo come palestra e biblioteca comunale. Il Consiglio comunale chiede ora al Consiglio municipale 3,89 milioni di franchi a tal fine.\" \/>\n\t<meta name=\"robots\" content=\"max-image-preview:large\" \/>\n\t<meta name=\"author\" content=\"immovestuser\"\/>\n\t<meta name=\"google-site-verification\" content=\"fHJKvgWpZCR2zVBHWfkQeFXC11qieUSff0HGNYfuyLA\" \/>\n\t<link rel=\"canonical\" href=\"https:\/\/www.immo-invest.ch\/it\/stadt-will-industriebau-fuer-archiv-und-zwischennutzungen-erwerben\/\" \/>\n\t<meta name=\"generator\" content=\"All in One SEO (AIOSEO) 5.0.0.1\" \/>\n\t\t<meta property=\"og:locale\" content=\"it_IT\" \/>\n\t\t<meta property=\"og:site_name\" content=\"immo!nvest - Die Plattform f\u00fcr Standorte und Immobilien - Die\u00a0Plattform f\u00fcr Standorte und Immobilien\" \/>\n\t\t<meta property=\"og:type\" content=\"article\" \/>\n\t\t<meta property=\"og:title\" content=\"La citt\u00e0 intende acquistare un edificio industriale per archivio e usi temporanei - immo!nvest - Die Plattform f\u00fcr Standorte und Immobilien\" \/>\n\t\t<meta property=\"og:description\" content=\"La citt\u00e0 di Bienne intende acquistare l&#039;immobile industriale situato in Mattenstrasse 133. L&#039;edificio industriale sar\u00e0 utilizzato a partire dal 2033 per ospitare l&#039;archivio comunale. Fino ad allora \u00e8 previsto un utilizzo temporaneo come palestra e biblioteca comunale. Il Consiglio comunale chiede ora al Consiglio municipale 3,89 milioni di franchi a tal fine.\" \/>\n\t\t<meta property=\"og:url\" content=\"https:\/\/www.immo-invest.ch\/it\/stadt-will-industriebau-fuer-archiv-und-zwischennutzungen-erwerben\/\" \/>\n\t\t<meta property=\"og:image\" content=\"https:\/\/www.immo-invest.ch\/wp-content\/uploads\/2026\/03\/banoviag_renovated_industrial_building_with_brick_facade_and__86c75479-b950-4bb0-91d5-7efabe66c427_1.png\" \/>\n\t\t<meta property=\"og:image:secure_url\" content=\"https:\/\/www.immo-invest.ch\/wp-content\/uploads\/2026\/03\/banoviag_renovated_industrial_building_with_brick_facade_and__86c75479-b950-4bb0-91d5-7efabe66c427_1.png\" \/>\n\t\t<meta property=\"og:image:width\" content=\"1536\" \/>\n\t\t<meta property=\"og:image:height\" content=\"768\" \/>\n\t\t<meta property=\"article:published_time\" content=\"2026-03-18T07:20:00+00:00\" \/>\n\t\t<meta property=\"article:modified_time\" content=\"2026-03-11T15:50:35+00:00\" \/>\n\t\t<meta property=\"article:publisher\" content=\"https:\/\/www.facebook.com\/people\/Immoinvest\/100077962920504\/\" \/>\n\t\t<meta name=\"twitter:card\" content=\"summary_large_image\" \/>\n\t\t<meta name=\"twitter:site\" content=\"@i\" \/>\n\t\t<meta name=\"twitter:title\" content=\"La citt\u00e0 intende acquistare un edificio industriale per archivio e usi temporanei - immo!nvest - Die Plattform f\u00fcr Standorte und Immobilien\" \/>\n\t\t<meta name=\"twitter:description\" content=\"La citt\u00e0 di Bienne intende acquistare l&#039;immobile industriale situato in Mattenstrasse 133. L&#039;edificio industriale sar\u00e0 utilizzato a partire dal 2033 per ospitare l&#039;archivio comunale. Fino ad allora \u00e8 previsto un utilizzo temporaneo come palestra e biblioteca comunale. Il Consiglio comunale chiede ora al Consiglio municipale 3,89 milioni di franchi a tal fine.\" \/>\n\t\t<meta name=\"twitter:creator\" content=\"@i\" \/>\n\t\t<meta name=\"twitter:image\" content=\"https:\/\/www.immo-invest.ch\/wp-content\/uploads\/2026\/03\/banoviag_renovated_industrial_building_with_brick_facade_and__86c75479-b950-4bb0-91d5-7efabe66c427_1.png\" \/>\n\t\t<script type=\"application\/ld+json\" class=\"aioseo-schema\">\n\t\t\t{\"@context\":\"https:\\\/\\\/schema.org\",\"@graph\":[{\"@type\":\"BlogPosting\",\"@id\":\"https:\\\/\\\/www.immo-invest.ch\\\/it\\\/stadt-will-industriebau-fuer-archiv-und-zwischennutzungen-erwerben\\\/#blogposting\",\"name\":\"La citt\\u00e0 intende acquistare un edificio industriale per archivio e usi temporanei - immo!nvest - Die Plattform f\\u00fcr Standorte und Immobilien\",\"headline\":\"La citt\\u00e0 intende acquistare un edificio industriale per archivio e usi temporanei\",\"author\":{\"@id\":\"https:\\\/\\\/www.immo-invest.ch\\\/it\\\/author\\\/immovestuser\\\/#author\"},\"publisher\":{\"@id\":\"https:\\\/\\\/www.immo-invest.ch\\\/it\\\/#organization\"},\"image\":{\"@type\":\"ImageObject\",\"url\":\"https:\\\/\\\/www.immo-invest.ch\\\/wp-content\\\/uploads\\\/2026\\\/03\\\/banoviag_renovated_industrial_building_with_brick_facade_and__86c75479-b950-4bb0-91d5-7efabe66c427_1.png\",\"width\":1536,\"height\":768},\"datePublished\":\"2026-03-18T08:20:00+01:00\",\"dateModified\":\"2026-03-11T16:50:35+01:00\",\"inLanguage\":\"it-IT\",\"mainEntityOfPage\":{\"@id\":\"https:\\\/\\\/www.immo-invest.ch\\\/it\\\/stadt-will-industriebau-fuer-archiv-und-zwischennutzungen-erwerben\\\/#webpage\"},\"isPartOf\":{\"@id\":\"https:\\\/\\\/www.immo-invest.ch\\\/it\\\/stadt-will-industriebau-fuer-archiv-und-zwischennutzungen-erwerben\\\/#webpage\"},\"articleSection\":\"immoNews, Istituzioni &amp; Formazione, Pianificazione \\\/ Sviluppo, Ristrutturazione, immoNews, Industriebau, News, Zwischennutzung, Optional\"},{\"@type\":\"BreadcrumbList\",\"@id\":\"https:\\\/\\\/www.immo-invest.ch\\\/it\\\/stadt-will-industriebau-fuer-archiv-und-zwischennutzungen-erwerben\\\/#breadcrumblist\",\"itemListElement\":[{\"@type\":\"ListItem\",\"@id\":\"https:\\\/\\\/www.immo-invest.ch\\\/it\\\/#listItem\",\"position\":1,\"name\":\"Home\",\"item\":\"https:\\\/\\\/www.immo-invest.ch\\\/it\\\/\",\"nextItem\":{\"@type\":\"ListItem\",\"@id\":\"https:\\\/\\\/www.immo-invest.ch\\\/it\\\/categoria\\\/progetti\\\/#listItem\",\"name\":\"Progetti\"}},{\"@type\":\"ListItem\",\"@id\":\"https:\\\/\\\/www.immo-invest.ch\\\/it\\\/categoria\\\/progetti\\\/#listItem\",\"position\":2,\"name\":\"Progetti\",\"item\":\"https:\\\/\\\/www.immo-invest.ch\\\/it\\\/categoria\\\/progetti\\\/\",\"nextItem\":{\"@type\":\"ListItem\",\"@id\":\"https:\\\/\\\/www.immo-invest.ch\\\/it\\\/categoria\\\/progetti\\\/ristrutturazione\\\/#listItem\",\"name\":\"Ristrutturazione\"},\"previousItem\":{\"@type\":\"ListItem\",\"@id\":\"https:\\\/\\\/www.immo-invest.ch\\\/it\\\/#listItem\",\"name\":\"Home\"}},{\"@type\":\"ListItem\",\"@id\":\"https:\\\/\\\/www.immo-invest.ch\\\/it\\\/categoria\\\/progetti\\\/ristrutturazione\\\/#listItem\",\"position\":3,\"name\":\"Ristrutturazione\",\"item\":\"https:\\\/\\\/www.immo-invest.ch\\\/it\\\/categoria\\\/progetti\\\/ristrutturazione\\\/\",\"nextItem\":{\"@type\":\"ListItem\",\"@id\":\"https:\\\/\\\/www.immo-invest.ch\\\/it\\\/stadt-will-industriebau-fuer-archiv-und-zwischennutzungen-erwerben\\\/#listItem\",\"name\":\"La citt\\u00e0 intende acquistare un edificio industriale per archivio e usi temporanei\"},\"previousItem\":{\"@type\":\"ListItem\",\"@id\":\"https:\\\/\\\/www.immo-invest.ch\\\/it\\\/categoria\\\/progetti\\\/#listItem\",\"name\":\"Progetti\"}},{\"@type\":\"ListItem\",\"@id\":\"https:\\\/\\\/www.immo-invest.ch\\\/it\\\/stadt-will-industriebau-fuer-archiv-und-zwischennutzungen-erwerben\\\/#listItem\",\"position\":4,\"name\":\"La citt\\u00e0 intende acquistare un edificio industriale per archivio e usi temporanei\",\"previousItem\":{\"@type\":\"ListItem\",\"@id\":\"https:\\\/\\\/www.immo-invest.ch\\\/it\\\/categoria\\\/progetti\\\/ristrutturazione\\\/#listItem\",\"name\":\"Ristrutturazione\"}}]},{\"@type\":\"Organization\",\"@id\":\"https:\\\/\\\/www.immo-invest.ch\\\/it\\\/#organization\",\"name\":\"immo!nvest - Die Plattform f\\u00fcr Standorte und Immobilien\",\"description\":\"Die\\u00a0Plattform f\\u00fcr Standorte und Immobilien\",\"url\":\"https:\\\/\\\/www.immo-invest.ch\\\/it\\\/\",\"email\":\"admin@immomedia.ag\",\"telephone\":\"+41444420002\",\"logo\":{\"@type\":\"ImageObject\",\"url\":\"https:\\\/\\\/www.immo-invest.ch\\\/wp-content\\\/uploads\\\/2024\\\/09\\\/immoinvest_sm-scaled.jpg\",\"@id\":\"https:\\\/\\\/www.immo-invest.ch\\\/it\\\/stadt-will-industriebau-fuer-archiv-und-zwischennutzungen-erwerben\\\/#organizationLogo\",\"width\":2560,\"height\":1340},\"image\":{\"@id\":\"https:\\\/\\\/www.immo-invest.ch\\\/it\\\/stadt-will-industriebau-fuer-archiv-und-zwischennutzungen-erwerben\\\/#organizationLogo\"},\"sameAs\":[\"https:\\\/\\\/www.facebook.com\\\/people\\\/Immoinvest\\\/100077962920504\\\/\",\"https:\\\/\\\/x.com\\\/i\\\/flow\\\/login?redirect_after_login=immoinvest_ch\",\"https:\\\/\\\/www.instagram.com\\\/immoinvest_ch\\\/\",\"https:\\\/\\\/www.linkedin.com\\\/company\\\/immoinvest-swiss\"]},{\"@type\":\"Person\",\"@id\":\"https:\\\/\\\/www.immo-invest.ch\\\/it\\\/author\\\/immovestuser\\\/#author\",\"url\":\"https:\\\/\\\/www.immo-invest.ch\\\/it\\\/author\\\/immovestuser\\\/\",\"name\":\"immovestuser\",\"image\":{\"@type\":\"ImageObject\",\"@id\":\"https:\\\/\\\/www.immo-invest.ch\\\/it\\\/stadt-will-industriebau-fuer-archiv-und-zwischennutzungen-erwerben\\\/#authorImage\",\"url\":\"https:\\\/\\\/secure.gravatar.com\\\/avatar\\\/8e01f4d99f2eeea7a362ebb93305e1172a70e9293ba250f897a65c39f54cdd1e?s=96&d=mm&r=g\",\"width\":96,\"height\":96,\"caption\":\"immovestuser\"}},{\"@type\":\"WebPage\",\"@id\":\"https:\\\/\\\/www.immo-invest.ch\\\/it\\\/stadt-will-industriebau-fuer-archiv-und-zwischennutzungen-erwerben\\\/#webpage\",\"url\":\"https:\\\/\\\/www.immo-invest.ch\\\/it\\\/stadt-will-industriebau-fuer-archiv-und-zwischennutzungen-erwerben\\\/\",\"name\":\"La citt\\u00e0 intende acquistare un edificio industriale per archivio e usi temporanei - immo!nvest - Die Plattform f\\u00fcr Standorte und Immobilien\",\"description\":\"La citt\\u00e0 di Bienne intende acquistare l'immobile industriale situato in Mattenstrasse 133. L'edificio industriale sar\\u00e0 utilizzato a partire dal 2033 per ospitare l'archivio comunale. Fino ad allora \\u00e8 previsto un utilizzo temporaneo come palestra e biblioteca comunale. Il Consiglio comunale chiede ora al Consiglio municipale 3,89 milioni di franchi a tal fine.\",\"inLanguage\":\"it-IT\",\"isPartOf\":{\"@id\":\"https:\\\/\\\/www.immo-invest.ch\\\/it\\\/#website\"},\"breadcrumb\":{\"@id\":\"https:\\\/\\\/www.immo-invest.ch\\\/it\\\/stadt-will-industriebau-fuer-archiv-und-zwischennutzungen-erwerben\\\/#breadcrumblist\"},\"author\":{\"@id\":\"https:\\\/\\\/www.immo-invest.ch\\\/it\\\/author\\\/immovestuser\\\/#author\"},\"creator\":{\"@id\":\"https:\\\/\\\/www.immo-invest.ch\\\/it\\\/author\\\/immovestuser\\\/#author\"},\"image\":{\"@type\":\"ImageObject\",\"url\":\"https:\\\/\\\/www.immo-invest.ch\\\/wp-content\\\/uploads\\\/2026\\\/03\\\/banoviag_renovated_industrial_building_with_brick_facade_and__86c75479-b950-4bb0-91d5-7efabe66c427_1.png\",\"@id\":\"https:\\\/\\\/www.immo-invest.ch\\\/it\\\/stadt-will-industriebau-fuer-archiv-und-zwischennutzungen-erwerben\\\/#mainImage\",\"width\":1536,\"height\":768},\"primaryImageOfPage\":{\"@id\":\"https:\\\/\\\/www.immo-invest.ch\\\/it\\\/stadt-will-industriebau-fuer-archiv-und-zwischennutzungen-erwerben\\\/#mainImage\"},\"datePublished\":\"2026-03-18T08:20:00+01:00\",\"dateModified\":\"2026-03-11T16:50:35+01:00\"},{\"@type\":\"WebSite\",\"@id\":\"https:\\\/\\\/www.immo-invest.ch\\\/it\\\/#website\",\"url\":\"https:\\\/\\\/www.immo-invest.ch\\\/it\\\/\",\"name\":\"immo!nvest - Die Plattform f\\u00fcr Standorte und Immobilien\",\"description\":\"Die\\u00a0Plattform f\\u00fcr Standorte und Immobilien\",\"inLanguage\":\"it-IT\",\"publisher\":{\"@id\":\"https:\\\/\\\/www.immo-invest.ch\\\/it\\\/#organization\"}}]}\n\t\t<\/script>\n\t\t<!-- All in One SEO -->\n\n","aioseo_head_json":{"title":"La citt\u00e0 intende acquistare un edificio industriale per archivio e usi temporanei - immo!nvest - Die Plattform f\u00fcr Standorte und Immobilien","description":"La citt\u00e0 di Bienne intende acquistare l'immobile industriale situato in Mattenstrasse 133. L'edificio industriale sar\u00e0 utilizzato a partire dal 2033 per ospitare l'archivio comunale. Fino ad allora \u00e8 previsto un utilizzo temporaneo come palestra e biblioteca comunale. Il Consiglio comunale chiede ora al Consiglio municipale 3,89 milioni di franchi a tal fine.","canonical_url":"https:\/\/www.immo-invest.ch\/it\/stadt-will-industriebau-fuer-archiv-und-zwischennutzungen-erwerben\/","robots":"max-image-preview:large","keywords":"","webmasterTools":{"google-site-verification":"fHJKvgWpZCR2zVBHWfkQeFXC11qieUSff0HGNYfuyLA","miscellaneous":""},"schema":{"@context":"https:\/\/schema.org","@graph":[{"@type":"BlogPosting","@id":"https:\/\/www.immo-invest.ch\/it\/stadt-will-industriebau-fuer-archiv-und-zwischennutzungen-erwerben\/#blogposting","name":"La citt\u00e0 intende acquistare un edificio industriale per archivio e usi temporanei - immo!nvest - Die Plattform f\u00fcr Standorte und Immobilien","headline":"La citt\u00e0 intende acquistare un edificio industriale per archivio e usi temporanei","author":{"@id":"https:\/\/www.immo-invest.ch\/it\/author\/immovestuser\/#author"},"publisher":{"@id":"https:\/\/www.immo-invest.ch\/it\/#organization"},"image":{"@type":"ImageObject","url":"https:\/\/www.immo-invest.ch\/wp-content\/uploads\/2026\/03\/banoviag_renovated_industrial_building_with_brick_facade_and__86c75479-b950-4bb0-91d5-7efabe66c427_1.png","width":1536,"height":768},"datePublished":"2026-03-18T08:20:00+01:00","dateModified":"2026-03-11T16:50:35+01:00","inLanguage":"it-IT","mainEntityOfPage":{"@id":"https:\/\/www.immo-invest.ch\/it\/stadt-will-industriebau-fuer-archiv-und-zwischennutzungen-erwerben\/#webpage"},"isPartOf":{"@id":"https:\/\/www.immo-invest.ch\/it\/stadt-will-industriebau-fuer-archiv-und-zwischennutzungen-erwerben\/#webpage"},"articleSection":"immoNews, Istituzioni &amp; Formazione, Pianificazione \/ Sviluppo, Ristrutturazione, immoNews, Industriebau, News, Zwischennutzung, Optional"},{"@type":"BreadcrumbList","@id":"https:\/\/www.immo-invest.ch\/it\/stadt-will-industriebau-fuer-archiv-und-zwischennutzungen-erwerben\/#breadcrumblist","itemListElement":[{"@type":"ListItem","@id":"https:\/\/www.immo-invest.ch\/it\/#listItem","position":1,"name":"Home","item":"https:\/\/www.immo-invest.ch\/it\/","nextItem":{"@type":"ListItem","@id":"https:\/\/www.immo-invest.ch\/it\/categoria\/progetti\/#listItem","name":"Progetti"}},{"@type":"ListItem","@id":"https:\/\/www.immo-invest.ch\/it\/categoria\/progetti\/#listItem","position":2,"name":"Progetti","item":"https:\/\/www.immo-invest.ch\/it\/categoria\/progetti\/","nextItem":{"@type":"ListItem","@id":"https:\/\/www.immo-invest.ch\/it\/categoria\/progetti\/ristrutturazione\/#listItem","name":"Ristrutturazione"},"previousItem":{"@type":"ListItem","@id":"https:\/\/www.immo-invest.ch\/it\/#listItem","name":"Home"}},{"@type":"ListItem","@id":"https:\/\/www.immo-invest.ch\/it\/categoria\/progetti\/ristrutturazione\/#listItem","position":3,"name":"Ristrutturazione","item":"https:\/\/www.immo-invest.ch\/it\/categoria\/progetti\/ristrutturazione\/","nextItem":{"@type":"ListItem","@id":"https:\/\/www.immo-invest.ch\/it\/stadt-will-industriebau-fuer-archiv-und-zwischennutzungen-erwerben\/#listItem","name":"La citt\u00e0 intende acquistare un edificio industriale per archivio e usi temporanei"},"previousItem":{"@type":"ListItem","@id":"https:\/\/www.immo-invest.ch\/it\/categoria\/progetti\/#listItem","name":"Progetti"}},{"@type":"ListItem","@id":"https:\/\/www.immo-invest.ch\/it\/stadt-will-industriebau-fuer-archiv-und-zwischennutzungen-erwerben\/#listItem","position":4,"name":"La citt\u00e0 intende acquistare un edificio industriale per archivio e usi temporanei","previousItem":{"@type":"ListItem","@id":"https:\/\/www.immo-invest.ch\/it\/categoria\/progetti\/ristrutturazione\/#listItem","name":"Ristrutturazione"}}]},{"@type":"Organization","@id":"https:\/\/www.immo-invest.ch\/it\/#organization","name":"immo!nvest - Die Plattform f\u00fcr Standorte und Immobilien","description":"Die\u00a0Plattform f\u00fcr Standorte und Immobilien","url":"https:\/\/www.immo-invest.ch\/it\/","email":"admin@immomedia.ag","telephone":"+41444420002","logo":{"@type":"ImageObject","url":"https:\/\/www.immo-invest.ch\/wp-content\/uploads\/2024\/09\/immoinvest_sm-scaled.jpg","@id":"https:\/\/www.immo-invest.ch\/it\/stadt-will-industriebau-fuer-archiv-und-zwischennutzungen-erwerben\/#organizationLogo","width":2560,"height":1340},"image":{"@id":"https:\/\/www.immo-invest.ch\/it\/stadt-will-industriebau-fuer-archiv-und-zwischennutzungen-erwerben\/#organizationLogo"},"sameAs":["https:\/\/www.facebook.com\/people\/Immoinvest\/100077962920504\/","https:\/\/x.com\/i\/flow\/login?redirect_after_login=immoinvest_ch","https:\/\/www.instagram.com\/immoinvest_ch\/","https:\/\/www.linkedin.com\/company\/immoinvest-swiss"]},{"@type":"Person","@id":"https:\/\/www.immo-invest.ch\/it\/author\/immovestuser\/#author","url":"https:\/\/www.immo-invest.ch\/it\/author\/immovestuser\/","name":"immovestuser","image":{"@type":"ImageObject","@id":"https:\/\/www.immo-invest.ch\/it\/stadt-will-industriebau-fuer-archiv-und-zwischennutzungen-erwerben\/#authorImage","url":"https:\/\/secure.gravatar.com\/avatar\/8e01f4d99f2eeea7a362ebb93305e1172a70e9293ba250f897a65c39f54cdd1e?s=96&d=mm&r=g","width":96,"height":96,"caption":"immovestuser"}},{"@type":"WebPage","@id":"https:\/\/www.immo-invest.ch\/it\/stadt-will-industriebau-fuer-archiv-und-zwischennutzungen-erwerben\/#webpage","url":"https:\/\/www.immo-invest.ch\/it\/stadt-will-industriebau-fuer-archiv-und-zwischennutzungen-erwerben\/","name":"La citt\u00e0 intende acquistare un edificio industriale per archivio e usi temporanei - immo!nvest - Die Plattform f\u00fcr Standorte und Immobilien","description":"La citt\u00e0 di Bienne intende acquistare l'immobile industriale situato in Mattenstrasse 133. L'edificio industriale sar\u00e0 utilizzato a partire dal 2033 per ospitare l'archivio comunale. Fino ad allora \u00e8 previsto un utilizzo temporaneo come palestra e biblioteca comunale. Il Consiglio comunale chiede ora al Consiglio municipale 3,89 milioni di franchi a tal fine.","inLanguage":"it-IT","isPartOf":{"@id":"https:\/\/www.immo-invest.ch\/it\/#website"},"breadcrumb":{"@id":"https:\/\/www.immo-invest.ch\/it\/stadt-will-industriebau-fuer-archiv-und-zwischennutzungen-erwerben\/#breadcrumblist"},"author":{"@id":"https:\/\/www.immo-invest.ch\/it\/author\/immovestuser\/#author"},"creator":{"@id":"https:\/\/www.immo-invest.ch\/it\/author\/immovestuser\/#author"},"image":{"@type":"ImageObject","url":"https:\/\/www.immo-invest.ch\/wp-content\/uploads\/2026\/03\/banoviag_renovated_industrial_building_with_brick_facade_and__86c75479-b950-4bb0-91d5-7efabe66c427_1.png","@id":"https:\/\/www.immo-invest.ch\/it\/stadt-will-industriebau-fuer-archiv-und-zwischennutzungen-erwerben\/#mainImage","width":1536,"height":768},"primaryImageOfPage":{"@id":"https:\/\/www.immo-invest.ch\/it\/stadt-will-industriebau-fuer-archiv-und-zwischennutzungen-erwerben\/#mainImage"},"datePublished":"2026-03-18T08:20:00+01:00","dateModified":"2026-03-11T16:50:35+01:00"},{"@type":"WebSite","@id":"https:\/\/www.immo-invest.ch\/it\/#website","url":"https:\/\/www.immo-invest.ch\/it\/","name":"immo!nvest - Die Plattform f\u00fcr Standorte und Immobilien","description":"Die\u00a0Plattform f\u00fcr Standorte und Immobilien","inLanguage":"it-IT","publisher":{"@id":"https:\/\/www.immo-invest.ch\/it\/#organization"}}]},"og:locale":"it_IT","og:site_name":"immo!nvest - Die Plattform f\u00fcr Standorte und Immobilien - Die\u00a0Plattform f\u00fcr Standorte und Immobilien","og:type":"article","og:title":"La citt\u00e0 intende acquistare un edificio industriale per archivio e usi temporanei - immo!nvest - Die Plattform f\u00fcr Standorte und Immobilien","og:description":"La citt\u00e0 di Bienne intende acquistare l'immobile industriale situato in Mattenstrasse 133. L'edificio industriale sar\u00e0 utilizzato a partire dal 2033 per ospitare l'archivio comunale. Fino ad allora \u00e8 previsto un utilizzo temporaneo come palestra e biblioteca comunale. Il Consiglio comunale chiede ora al Consiglio municipale 3,89 milioni di franchi a tal fine.","og:url":"https:\/\/www.immo-invest.ch\/it\/stadt-will-industriebau-fuer-archiv-und-zwischennutzungen-erwerben\/","og:image":"https:\/\/www.immo-invest.ch\/wp-content\/uploads\/2026\/03\/banoviag_renovated_industrial_building_with_brick_facade_and__86c75479-b950-4bb0-91d5-7efabe66c427_1.png","og:image:secure_url":"https:\/\/www.immo-invest.ch\/wp-content\/uploads\/2026\/03\/banoviag_renovated_industrial_building_with_brick_facade_and__86c75479-b950-4bb0-91d5-7efabe66c427_1.png","og:image:width":1536,"og:image:height":768,"article:published_time":"2026-03-18T07:20:00+00:00","article:modified_time":"2026-03-11T15:50:35+00:00","article:publisher":"https:\/\/www.facebook.com\/people\/Immoinvest\/100077962920504\/","twitter:card":"summary_large_image","twitter:site":"@i","twitter:title":"La citt\u00e0 intende acquistare un edificio industriale per archivio e usi temporanei - immo!nvest - Die Plattform f\u00fcr Standorte und Immobilien","twitter:description":"La citt\u00e0 di Bienne intende acquistare l'immobile industriale situato in Mattenstrasse 133. L'edificio industriale sar\u00e0 utilizzato a partire dal 2033 per ospitare l'archivio comunale. Fino ad allora \u00e8 previsto un utilizzo temporaneo come palestra e biblioteca comunale. Il Consiglio comunale chiede ora al Consiglio municipale 3,89 milioni di franchi a tal fine.","twitter:creator":"@i","twitter:image":"https:\/\/www.immo-invest.ch\/wp-content\/uploads\/2026\/03\/banoviag_renovated_industrial_building_with_brick_facade_and__86c75479-b950-4bb0-91d5-7efabe66c427_1.png"},"aioseo_meta_data":{"post_id":"151301","title":null,"description":null,"keywords":null,"keyphrases":{"focus":{"keyphrase":"","score":0,"analysis":{"keyphraseInTitle":{"score":0,"maxScore":9,"error":1}}},"additional":[]},"primary_term":null,"canonical_url":null,"og_title":null,"og_description":null,"og_object_type":"default","og_image_type":"default","og_image_url":null,"og_image_width":null,"og_image_height":null,"og_image_custom_url":null,"og_image_custom_fields":null,"og_video":"","og_custom_url":null,"og_article_section":null,"og_article_tags":null,"twitter_use_og":false,"twitter_card":"default","twitter_image_type":"default","twitter_image_url":null,"twitter_image_custom_url":null,"twitter_image_custom_fields":null,"twitter_title":null,"twitter_description":null,"schema":{"blockGraphs":[],"customGraphs":[],"default":{"data":{"Article":[],"Course":[],"Dataset":[],"FAQPage":[],"Movie":[],"Person":[],"Product":[],"ProductReview":[],"Car":[],"Recipe":[],"Service":[],"SoftwareApplication":[],"WebPage":[]},"graphName":"BlogPosting","isEnabled":true},"graphs":[]},"schema_type":"default","schema_type_options":null,"pillar_content":false,"robots_default":true,"robots_noindex":false,"robots_noarchive":false,"robots_nosnippet":false,"robots_nofollow":false,"robots_noimageindex":false,"robots_noodp":false,"robots_notranslate":false,"robots_max_snippet":"-1","robots_max_videopreview":"-1","robots_max_imagepreview":"large","priority":null,"frequency":"default","local_seo":null,"breadcrumb_settings":null,"limit_modified_date":false,"ai":{"faqs":[],"keyPoints":[],"titles":[],"descriptions":[],"socialPosts":{"email":[],"linkedin":[],"twitter":[],"facebook":[],"instagram":[]}},"created":"2026-03-11 15:50:44","updated":"2026-03-18 08:09:42","seo_analyzer_scan_date":null,"focus_keyword":null,"additional_keywords":null,"truseo_locale":null},"aioseo_breadcrumb":"<div class=\"aioseo-breadcrumbs\"><span class=\"aioseo-breadcrumb\">\n\t\t\t<a href=\"https:\/\/www.immo-invest.ch\/it\/\" title=\"Home\">Home<\/a>\n\t\t<\/span><span class=\"aioseo-breadcrumb-separator\">&raquo;<\/span><span class=\"aioseo-breadcrumb\">\n\t\t\t<a href=\"https:\/\/www.immo-invest.ch\/it\/categoria\/progetti\/\" title=\"Progetti\">Progetti<\/a>\n\t\t<\/span><span class=\"aioseo-breadcrumb-separator\">&raquo;<\/span><span class=\"aioseo-breadcrumb\">\n\t\t\t<a href=\"https:\/\/www.immo-invest.ch\/it\/categoria\/progetti\/ristrutturazione\/\" title=\"Ristrutturazione\">Ristrutturazione<\/a>\n\t\t<\/span><span class=\"aioseo-breadcrumb-separator\">&raquo;<\/span><span class=\"aioseo-breadcrumb\">\n\t\t\tLa citt\u00e0 intende acquistare un edificio industriale per archivio e usi temporanei\n\t\t<\/span><\/div>","aioseo_breadcrumb_json":[{"label":"Home","link":"https:\/\/www.immo-invest.ch\/it\/"},{"label":"Progetti","link":"https:\/\/www.immo-invest.ch\/it\/categoria\/progetti\/"},{"label":"Ristrutturazione","link":"https:\/\/www.immo-invest.ch\/it\/categoria\/progetti\/ristrutturazione\/"},{"label":"La citt\u00e0 intende acquistare un edificio industriale per archivio e usi temporanei","link":"https:\/\/www.immo-invest.ch\/it\/stadt-will-industriebau-fuer-archiv-und-zwischennutzungen-erwerben\/"}],"featured_image_src":"https:\/\/www.immo-invest.ch\/wp-content\/uploads\/2026\/03\/banoviag_renovated_industrial_building_with_brick_facade_and__86c75479-b950-4bb0-91d5-7efabe66c427_1-336x168.png","_links":{"self":[{"href":"https:\/\/www.immo-invest.ch\/it\/wp-json\/wp\/v2\/posts\/151301","targetHints":{"allow":["GET"]}}],"collection":[{"href":"https:\/\/www.immo-invest.ch\/it\/wp-json\/wp\/v2\/posts"}],"about":[{"href":"https:\/\/www.immo-invest.ch\/it\/wp-json\/wp\/v2\/types\/post"}],"author":[{"embeddable":true,"href":"https:\/\/www.immo-invest.ch\/it\/wp-json\/wp\/v2\/users\/2"}],"replies":[{"embeddable":true,"href":"https:\/\/www.immo-invest.ch\/it\/wp-json\/wp\/v2\/comments?post=151301"}],"version-history":[{"count":2,"href":"https:\/\/www.immo-invest.ch\/it\/wp-json\/wp\/v2\/posts\/151301\/revisions"}],"predecessor-version":[{"id":151307,"href":"https:\/\/www.immo-invest.ch\/it\/wp-json\/wp\/v2\/posts\/151301\/revisions\/151307"}],"wp:featuredmedia":[{"embeddable":true,"href":"https:\/\/www.immo-invest.ch\/it\/wp-json\/wp\/v2\/media\/151302"}],"wp:attachment":[{"href":"https:\/\/www.immo-invest.ch\/it\/wp-json\/wp\/v2\/media?parent=151301"}],"wp:term":[{"taxonomy":"category","embeddable":true,"href":"https:\/\/www.immo-invest.ch\/it\/wp-json\/wp\/v2\/categories?post=151301"},{"taxonomy":"post_tag","embeddable":true,"href":"https:\/\/www.immo-invest.ch\/it\/wp-json\/wp\/v2\/tags?post=151301"}],"curies":[{"name":"wp","href":"https:\/\/api.w.org\/{rel}","templated":true}]}}