{"id":151267,"date":"2026-03-16T13:30:00","date_gmt":"2026-03-16T12:30:00","guid":{"rendered":"https:\/\/www.immo-invest.ch\/?p=151267"},"modified":"2026-03-11T16:10:08","modified_gmt":"2026-03-11T15:10:08","slug":"neuer-leiter-fuer-markt-und-politik-beim-solarverband","status":"publish","type":"post","link":"https:\/\/www.immo-invest.ch\/it\/neuer-leiter-fuer-markt-und-politik-beim-solarverband\/","title":{"rendered":"Nuovo responsabile per il mercato e la politica presso l&#8217;associazione solare"},"content":{"rendered":"<p class=\"bodytext\">Secondo un <a href=\"https:\/\/www.swissolar.ch\/de\/news\/detail\/neue-leitung-markt-und-politik-und-neue-direktorin-westschweiz-bei-swissolar-81908\" target=\"_blank\" rel=\"noopener\">comunicato<\/a>, dal 1&deg; marzo Wieland Hintz &egrave; responsabile del mercato e della politica presso <a href=\"https:\/\/www.swissolar.ch\" target=\"_blank\" rel=\"noopener\">Swissolar<\/a> ed &egrave; anche suo vice direttore generale. Il 45enne <span class=\"glossaryLink\"  aria-describedby=\"tt\"  data-cmtooltip=\"&lt;div class=glossaryItemTitle&gt;ERA&lt;\/div&gt;&lt;div class=glossaryItemBody&gt;Electronic Realty Associates; internationales Maklernetzwerk mit Schweizer Niederlassungen&nbsp;&lt;\/div&gt;\"  data-mobile-support=\"0\"  data-gt-translate-attributes='[{\"attribute\":\"data-cmtooltip\", \"format\":\"html\"}]' tabindex='0' role='link'>era<\/span> precedentemente responsabile dell&rsquo;energia solare presso <a href=\"https:\/\/www.bfe.admin.ch\/\" target=\"_blank\" rel=\"noopener\">l&rsquo;Ufficio federale dell&rsquo;energia<\/a>.<\/p>\n<p class=\"bodytext\">Hintz ha studiato fisica al <a href=\"https:\/\/ethz.ch\/de.html\" target=\"_blank\" rel=\"noopener\">Politecnico federale di Zurigo<\/a> e ha conseguito il dottorato presso il Centro europeo di ricerca nucleare <a href=\"https:\/\/home.cern\/\" target=\"_blank\" rel=\"noopener\">(CERN)<\/a> di Ginevra. Ha lavorato, tra l&rsquo;altro, per Alpiq e per <a href=\"https:\/\/www.strom.ch\/\" target=\"_blank\" rel=\"noopener\">l&rsquo;Associazione delle aziende elettriche svizzere<\/a>. Insieme alla sua famiglia gestisce in Germania sei turbine eoliche e un parco solare con una potenza di 1,2 megawatt.<\/p>\n<p class=\"bodytext\">Hintz sostituisce David Stickelberger. Il 65enne &egrave; stato il primo amministratore delegato di swissolar dal 1998 al 2023. Dal 2023 <span class=\"glossaryLink\"  aria-describedby=\"tt\"  data-cmtooltip=\"&lt;div class=glossaryItemTitle&gt;ERA&lt;\/div&gt;&lt;div class=glossaryItemBody&gt;Electronic Realty Associates; internationales Maklernetzwerk mit Schweizer Niederlassungen&nbsp;&lt;\/div&gt;\"  data-mobile-support=\"0\"  data-gt-translate-attributes='[{\"attribute\":\"data-cmtooltip\", \"format\":\"html\"}]' tabindex='0' role='link'>era<\/span> vice del suo successore Matthias Egli. In futuro accompagner&agrave; l&rsquo;associazione in qualit&agrave; di Senior Advisor Politik.<\/p>\n<p class=\"bodytext\">&laquo;Negli ultimi dieci anni il fotovoltaico &egrave; diventato un pilastro fondamentale dell&rsquo;approvvigionamento energetico svizzero, coprendo ormai oltre il 15% del consumo di elettricit&agrave;&raquo;, ha dichiarato Hintz nel comunicato. &laquo;Nella mia nuova funzione presso Swissolar mi impegner&ograve; con tutta la mia energia affinch&eacute; il fotovoltaico <span class=\"glossaryLink\"  aria-describedby=\"tt\"  data-cmtooltip=\"&lt;div class=glossaryItemTitle&gt;SIA&lt;\/div&gt;&lt;div class=glossaryItemBody&gt;Schweizerischer Ingenieur- und Architektenverein; massgebender Berufsverband f&uuml;r qualifizierte Fachleute der Bereiche Bau, Technik und Umwelt mit rund f&uuml;nfzehntausend Mitgliedern&lt;\/div&gt;\"  data-mobile-support=\"0\"  data-gt-translate-attributes='[{\"attribute\":\"data-cmtooltip\", \"format\":\"html\"}]' tabindex='0' role='link'>sia<\/span> integrato in modo ottimale nel sistema energetico svizzero e promuova la decarbonizzazione degli edifici e dei trasporti&raquo;.<\/p>\n<p class=\"bodytext\">Swissolar ha recentemente creato la posizione di direttore per la Svizzera romanda, che sar&agrave; ricoperta da Anne Plancherel. Plancherel lavora dal 2024 <span class=\"glossaryLink\"  aria-describedby=\"tt\"  data-cmtooltip=\"&lt;div class=glossaryItemTitle&gt;SIA&lt;\/div&gt;&lt;div class=glossaryItemBody&gt;Schweizerischer Ingenieur- und Architektenverein; massgebender Berufsverband f&uuml;r qualifizierte Fachleute der Bereiche Bau, Technik und Umwelt mit rund f&uuml;nfzehntausend Mitgliedern&lt;\/div&gt;\"  data-mobile-support=\"0\"  data-gt-translate-attributes='[{\"attribute\":\"data-cmtooltip\", \"format\":\"html\"}]' tabindex='0' role='link'>sia<\/span> come project manager strategico che nella creazione di programmi di formazione professionale nella Svizzera occidentale. Plancherel rappresenter&agrave; Swissolar nella Svizzera occidentale e continuer&agrave; a espandere la rete regionale.<\/p>\n<p class=\"bodytext\">La 44enne ingegnere ambientale ha studiato al <a href=\"https:\/\/www.epfl.ch\/\" target=\"_blank\" rel=\"noopener\">Politecnico federale di Losanna<\/a> e ha proseguito la sua formazione in gestione di progetti <a href=\"https:\/\/www.unige.ch\/\" target=\"_blank\" rel=\"noopener\">all&rsquo;Universit&agrave; di Ginevra<\/a>. &laquo;Sono molto lieta di poter collaborare con i nostri membri, partner e autorit&agrave; per sviluppare ulteriormente il potenziale dell&rsquo;energia solare nella Svizzera romanda e rafforzare il settore in modo sostenibile&raquo;, ha dichiarato nel comunicato.<\/p>\n","protected":false},"excerpt":{"rendered":"<p>Wieland Hintz \u00e8 il nuovo responsabile Mercato e Politica e vicedirettore generale di Swissolar. Il suo predecessore David Stickelberger continuer\u00e0 ad affiancare l&#8217;associazione in qualit\u00e0 di Senior Advisor Politica. Anna Plancherel sar\u00e0 la prima direttrice della Svizzera romanda dell&#8217;associazione di categoria dell&#8217;energia solare.<\/p>\n","protected":false},"author":2,"featured_media":151268,"comment_status":"open","ping_status":"open","sticky":false,"template":"","format":"standard","meta":{"pmpro_default_level":"","inline_featured_image":false,"_monsterinsights_skip_tracking":false,"footnotes":""},"categories":[55983,8750,745,4465],"tags":[57774,867,3935,2006,54220,57775],"class_list":["post-151267","post","type-post","status-publish","format-standard","has-post-thumbnail","hentry","category-associazioni","category-energia","category-immonews-it","category-persone","tag-energieverband","tag-immoinvest-it","tag-immonews-it","tag-news-it","tag-photovoltaik-schweiz-it","tag-solarenergie-politik","pmpro-has-access"],"acf":{"bild_mit_ki_erstellt_worden":["Ja"],"lead":"Wieland Hintz \u00e8 il nuovo responsabile Mercato e Politica e vicedirettore generale di Swissolar. Il suo predecessore David Stickelberger continuer\u00e0 ad affiancare l'associazione in qualit\u00e0 di Senior Advisor Politica. Anna Plancherel sar\u00e0 la prima direttrice della Svizzera romanda dell'associazione di categoria dell'energia solare.","autor":"ce\/ug","ort":"Z\u00fcrich","bildunterschrift":"","bild_im_grid":false,"gallerie":"","newsim":""},"aioseo_notices":[],"aioseo_head":"\n\t\t<!-- All in One SEO 5.0.0.1 - aioseo.com -->\n\t<meta name=\"description\" content=\"Wieland Hintz \u00e8 il nuovo responsabile Mercato e Politica e vicedirettore generale di Swissolar. Il suo predecessore David Stickelberger continuer\u00e0 ad affiancare l&#039;associazione in qualit\u00e0 di Senior Advisor Politica. Anna Plancherel sar\u00e0 la prima direttrice della Svizzera romanda dell&#039;associazione di categoria dell&#039;energia solare.\" \/>\n\t<meta name=\"robots\" content=\"max-image-preview:large\" \/>\n\t<meta name=\"author\" content=\"immovestuser\"\/>\n\t<meta name=\"google-site-verification\" content=\"fHJKvgWpZCR2zVBHWfkQeFXC11qieUSff0HGNYfuyLA\" \/>\n\t<link rel=\"canonical\" href=\"https:\/\/www.immo-invest.ch\/it\/neuer-leiter-fuer-markt-und-politik-beim-solarverband\/\" \/>\n\t<meta name=\"generator\" content=\"All in One SEO (AIOSEO) 5.0.0.1\" \/>\n\t\t<meta property=\"og:locale\" content=\"it_IT\" \/>\n\t\t<meta property=\"og:site_name\" content=\"immo!nvest - Die Plattform f\u00fcr Standorte und Immobilien - Die\u00a0Plattform f\u00fcr Standorte und Immobilien\" \/>\n\t\t<meta property=\"og:type\" content=\"article\" \/>\n\t\t<meta property=\"og:title\" content=\"Nuovo responsabile per il mercato e la politica presso l\u2019associazione solare - immo!nvest - Die Plattform f\u00fcr Standorte und Immobilien\" \/>\n\t\t<meta property=\"og:description\" content=\"Wieland Hintz \u00e8 il nuovo responsabile Mercato e Politica e vicedirettore generale di Swissolar. Il suo predecessore David Stickelberger continuer\u00e0 ad affiancare l&#039;associazione in qualit\u00e0 di Senior Advisor Politica. Anna Plancherel sar\u00e0 la prima direttrice della Svizzera romanda dell&#039;associazione di categoria dell&#039;energia solare.\" \/>\n\t\t<meta property=\"og:url\" content=\"https:\/\/www.immo-invest.ch\/it\/neuer-leiter-fuer-markt-und-politik-beim-solarverband\/\" \/>\n\t\t<meta property=\"og:image\" content=\"https:\/\/www.immo-invest.ch\/wp-content\/uploads\/2026\/03\/banoviag_modern_solar_power_installation_on_rooftops_and_fiel_3e9b5bf2-7f5c-4feb-9bc7-29cfb75d7b20_0.png\" \/>\n\t\t<meta property=\"og:image:secure_url\" content=\"https:\/\/www.immo-invest.ch\/wp-content\/uploads\/2026\/03\/banoviag_modern_solar_power_installation_on_rooftops_and_fiel_3e9b5bf2-7f5c-4feb-9bc7-29cfb75d7b20_0.png\" \/>\n\t\t<meta property=\"og:image:width\" content=\"1536\" \/>\n\t\t<meta property=\"og:image:height\" content=\"768\" \/>\n\t\t<meta property=\"article:published_time\" content=\"2026-03-16T12:30:00+00:00\" \/>\n\t\t<meta property=\"article:modified_time\" content=\"2026-03-11T15:10:08+00:00\" \/>\n\t\t<meta property=\"article:publisher\" content=\"https:\/\/www.facebook.com\/people\/Immoinvest\/100077962920504\/\" \/>\n\t\t<meta name=\"twitter:card\" content=\"summary_large_image\" \/>\n\t\t<meta name=\"twitter:site\" content=\"@i\" \/>\n\t\t<meta name=\"twitter:title\" content=\"Nuovo responsabile per il mercato e la politica presso l\u2019associazione solare - immo!nvest - Die Plattform f\u00fcr Standorte und Immobilien\" \/>\n\t\t<meta name=\"twitter:description\" content=\"Wieland Hintz \u00e8 il nuovo responsabile Mercato e Politica e vicedirettore generale di Swissolar. Il suo predecessore David Stickelberger continuer\u00e0 ad affiancare l&#039;associazione in qualit\u00e0 di Senior Advisor Politica. Anna Plancherel sar\u00e0 la prima direttrice della Svizzera romanda dell&#039;associazione di categoria dell&#039;energia solare.\" \/>\n\t\t<meta name=\"twitter:creator\" content=\"@i\" \/>\n\t\t<meta name=\"twitter:image\" content=\"https:\/\/www.immo-invest.ch\/wp-content\/uploads\/2026\/03\/banoviag_modern_solar_power_installation_on_rooftops_and_fiel_3e9b5bf2-7f5c-4feb-9bc7-29cfb75d7b20_0.png\" \/>\n\t\t<script type=\"application\/ld+json\" class=\"aioseo-schema\">\n\t\t\t{\"@context\":\"https:\\\/\\\/schema.org\",\"@graph\":[{\"@type\":\"BlogPosting\",\"@id\":\"https:\\\/\\\/www.immo-invest.ch\\\/it\\\/neuer-leiter-fuer-markt-und-politik-beim-solarverband\\\/#blogposting\",\"name\":\"Nuovo responsabile per il mercato e la politica presso l\\u2019associazione solare - immo!nvest - Die Plattform f\\u00fcr Standorte und Immobilien\",\"headline\":\"Nuovo responsabile per il mercato e la politica presso l&#8217;associazione solare\",\"author\":{\"@id\":\"https:\\\/\\\/www.immo-invest.ch\\\/it\\\/author\\\/immovestuser\\\/#author\"},\"publisher\":{\"@id\":\"https:\\\/\\\/www.immo-invest.ch\\\/it\\\/#organization\"},\"image\":{\"@type\":\"ImageObject\",\"url\":\"https:\\\/\\\/www.immo-invest.ch\\\/wp-content\\\/uploads\\\/2026\\\/03\\\/banoviag_modern_solar_power_installation_on_rooftops_and_fiel_3e9b5bf2-7f5c-4feb-9bc7-29cfb75d7b20_0.png\",\"width\":1536,\"height\":768},\"datePublished\":\"2026-03-16T13:30:00+01:00\",\"dateModified\":\"2026-03-11T16:10:08+01:00\",\"inLanguage\":\"it-IT\",\"mainEntityOfPage\":{\"@id\":\"https:\\\/\\\/www.immo-invest.ch\\\/it\\\/neuer-leiter-fuer-markt-und-politik-beim-solarverband\\\/#webpage\"},\"isPartOf\":{\"@id\":\"https:\\\/\\\/www.immo-invest.ch\\\/it\\\/neuer-leiter-fuer-markt-und-politik-beim-solarverband\\\/#webpage\"},\"articleSection\":\"Associazioni, Energia, immoNews, Persone, Energieverband, Immoinvest, immoNews, News, Photovoltaik Schweiz, Solarenergie Politik, Optional\"},{\"@type\":\"BreadcrumbList\",\"@id\":\"https:\\\/\\\/www.immo-invest.ch\\\/it\\\/neuer-leiter-fuer-markt-und-politik-beim-solarverband\\\/#breadcrumblist\",\"itemListElement\":[{\"@type\":\"ListItem\",\"@id\":\"https:\\\/\\\/www.immo-invest.ch\\\/it\\\/#listItem\",\"position\":1,\"name\":\"Home\",\"item\":\"https:\\\/\\\/www.immo-invest.ch\\\/it\\\/\",\"nextItem\":{\"@type\":\"ListItem\",\"@id\":\"https:\\\/\\\/www.immo-invest.ch\\\/it\\\/categoria\\\/persone-2\\\/#listItem\",\"name\":\"Persone\"}},{\"@type\":\"ListItem\",\"@id\":\"https:\\\/\\\/www.immo-invest.ch\\\/it\\\/categoria\\\/persone-2\\\/#listItem\",\"position\":2,\"name\":\"Persone\",\"item\":\"https:\\\/\\\/www.immo-invest.ch\\\/it\\\/categoria\\\/persone-2\\\/\",\"nextItem\":{\"@type\":\"ListItem\",\"@id\":\"https:\\\/\\\/www.immo-invest.ch\\\/it\\\/categoria\\\/persone-2\\\/persone\\\/#listItem\",\"name\":\"Persone\"},\"previousItem\":{\"@type\":\"ListItem\",\"@id\":\"https:\\\/\\\/www.immo-invest.ch\\\/it\\\/#listItem\",\"name\":\"Home\"}},{\"@type\":\"ListItem\",\"@id\":\"https:\\\/\\\/www.immo-invest.ch\\\/it\\\/categoria\\\/persone-2\\\/persone\\\/#listItem\",\"position\":3,\"name\":\"Persone\",\"item\":\"https:\\\/\\\/www.immo-invest.ch\\\/it\\\/categoria\\\/persone-2\\\/persone\\\/\",\"nextItem\":{\"@type\":\"ListItem\",\"@id\":\"https:\\\/\\\/www.immo-invest.ch\\\/it\\\/neuer-leiter-fuer-markt-und-politik-beim-solarverband\\\/#listItem\",\"name\":\"Nuovo responsabile per il mercato e la politica presso l&#8217;associazione solare\"},\"previousItem\":{\"@type\":\"ListItem\",\"@id\":\"https:\\\/\\\/www.immo-invest.ch\\\/it\\\/categoria\\\/persone-2\\\/#listItem\",\"name\":\"Persone\"}},{\"@type\":\"ListItem\",\"@id\":\"https:\\\/\\\/www.immo-invest.ch\\\/it\\\/neuer-leiter-fuer-markt-und-politik-beim-solarverband\\\/#listItem\",\"position\":4,\"name\":\"Nuovo responsabile per il mercato e la politica presso l&#8217;associazione solare\",\"previousItem\":{\"@type\":\"ListItem\",\"@id\":\"https:\\\/\\\/www.immo-invest.ch\\\/it\\\/categoria\\\/persone-2\\\/persone\\\/#listItem\",\"name\":\"Persone\"}}]},{\"@type\":\"Organization\",\"@id\":\"https:\\\/\\\/www.immo-invest.ch\\\/it\\\/#organization\",\"name\":\"immo!nvest - Die Plattform f\\u00fcr Standorte und Immobilien\",\"description\":\"Die\\u00a0Plattform f\\u00fcr Standorte und Immobilien\",\"url\":\"https:\\\/\\\/www.immo-invest.ch\\\/it\\\/\",\"email\":\"admin@immomedia.ag\",\"telephone\":\"+41444420002\",\"logo\":{\"@type\":\"ImageObject\",\"url\":\"https:\\\/\\\/www.immo-invest.ch\\\/wp-content\\\/uploads\\\/2024\\\/09\\\/immoinvest_sm-scaled.jpg\",\"@id\":\"https:\\\/\\\/www.immo-invest.ch\\\/it\\\/neuer-leiter-fuer-markt-und-politik-beim-solarverband\\\/#organizationLogo\",\"width\":2560,\"height\":1340},\"image\":{\"@id\":\"https:\\\/\\\/www.immo-invest.ch\\\/it\\\/neuer-leiter-fuer-markt-und-politik-beim-solarverband\\\/#organizationLogo\"},\"sameAs\":[\"https:\\\/\\\/www.facebook.com\\\/people\\\/Immoinvest\\\/100077962920504\\\/\",\"https:\\\/\\\/x.com\\\/i\\\/flow\\\/login?redirect_after_login=immoinvest_ch\",\"https:\\\/\\\/www.instagram.com\\\/immoinvest_ch\\\/\",\"https:\\\/\\\/www.linkedin.com\\\/company\\\/immoinvest-swiss\"]},{\"@type\":\"Person\",\"@id\":\"https:\\\/\\\/www.immo-invest.ch\\\/it\\\/author\\\/immovestuser\\\/#author\",\"url\":\"https:\\\/\\\/www.immo-invest.ch\\\/it\\\/author\\\/immovestuser\\\/\",\"name\":\"immovestuser\",\"image\":{\"@type\":\"ImageObject\",\"@id\":\"https:\\\/\\\/www.immo-invest.ch\\\/it\\\/neuer-leiter-fuer-markt-und-politik-beim-solarverband\\\/#authorImage\",\"url\":\"https:\\\/\\\/secure.gravatar.com\\\/avatar\\\/8e01f4d99f2eeea7a362ebb93305e1172a70e9293ba250f897a65c39f54cdd1e?s=96&d=mm&r=g\",\"width\":96,\"height\":96,\"caption\":\"immovestuser\"}},{\"@type\":\"WebPage\",\"@id\":\"https:\\\/\\\/www.immo-invest.ch\\\/it\\\/neuer-leiter-fuer-markt-und-politik-beim-solarverband\\\/#webpage\",\"url\":\"https:\\\/\\\/www.immo-invest.ch\\\/it\\\/neuer-leiter-fuer-markt-und-politik-beim-solarverband\\\/\",\"name\":\"Nuovo responsabile per il mercato e la politica presso l\\u2019associazione solare - immo!nvest - Die Plattform f\\u00fcr Standorte und Immobilien\",\"description\":\"Wieland Hintz \\u00e8 il nuovo responsabile Mercato e Politica e vicedirettore generale di Swissolar. Il suo predecessore David Stickelberger continuer\\u00e0 ad affiancare l'associazione in qualit\\u00e0 di Senior Advisor Politica. Anna Plancherel sar\\u00e0 la prima direttrice della Svizzera romanda dell'associazione di categoria dell'energia solare.\",\"inLanguage\":\"it-IT\",\"isPartOf\":{\"@id\":\"https:\\\/\\\/www.immo-invest.ch\\\/it\\\/#website\"},\"breadcrumb\":{\"@id\":\"https:\\\/\\\/www.immo-invest.ch\\\/it\\\/neuer-leiter-fuer-markt-und-politik-beim-solarverband\\\/#breadcrumblist\"},\"author\":{\"@id\":\"https:\\\/\\\/www.immo-invest.ch\\\/it\\\/author\\\/immovestuser\\\/#author\"},\"creator\":{\"@id\":\"https:\\\/\\\/www.immo-invest.ch\\\/it\\\/author\\\/immovestuser\\\/#author\"},\"image\":{\"@type\":\"ImageObject\",\"url\":\"https:\\\/\\\/www.immo-invest.ch\\\/wp-content\\\/uploads\\\/2026\\\/03\\\/banoviag_modern_solar_power_installation_on_rooftops_and_fiel_3e9b5bf2-7f5c-4feb-9bc7-29cfb75d7b20_0.png\",\"@id\":\"https:\\\/\\\/www.immo-invest.ch\\\/it\\\/neuer-leiter-fuer-markt-und-politik-beim-solarverband\\\/#mainImage\",\"width\":1536,\"height\":768},\"primaryImageOfPage\":{\"@id\":\"https:\\\/\\\/www.immo-invest.ch\\\/it\\\/neuer-leiter-fuer-markt-und-politik-beim-solarverband\\\/#mainImage\"},\"datePublished\":\"2026-03-16T13:30:00+01:00\",\"dateModified\":\"2026-03-11T16:10:08+01:00\"},{\"@type\":\"WebSite\",\"@id\":\"https:\\\/\\\/www.immo-invest.ch\\\/it\\\/#website\",\"url\":\"https:\\\/\\\/www.immo-invest.ch\\\/it\\\/\",\"name\":\"immo!nvest - Die Plattform f\\u00fcr Standorte und Immobilien\",\"description\":\"Die\\u00a0Plattform f\\u00fcr Standorte und Immobilien\",\"inLanguage\":\"it-IT\",\"publisher\":{\"@id\":\"https:\\\/\\\/www.immo-invest.ch\\\/it\\\/#organization\"}}]}\n\t\t<\/script>\n\t\t<!-- All in One SEO -->\n\n","aioseo_head_json":{"title":"Nuovo responsabile per il mercato e la politica presso l\u2019associazione solare - immo!nvest - Die Plattform f\u00fcr Standorte und Immobilien","description":"Wieland Hintz \u00e8 il nuovo responsabile Mercato e Politica e vicedirettore generale di Swissolar. Il suo predecessore David Stickelberger continuer\u00e0 ad affiancare l'associazione in qualit\u00e0 di Senior Advisor Politica. Anna Plancherel sar\u00e0 la prima direttrice della Svizzera romanda dell'associazione di categoria dell'energia solare.","canonical_url":"https:\/\/www.immo-invest.ch\/it\/neuer-leiter-fuer-markt-und-politik-beim-solarverband\/","robots":"max-image-preview:large","keywords":"","webmasterTools":{"google-site-verification":"fHJKvgWpZCR2zVBHWfkQeFXC11qieUSff0HGNYfuyLA","miscellaneous":""},"schema":{"@context":"https:\/\/schema.org","@graph":[{"@type":"BlogPosting","@id":"https:\/\/www.immo-invest.ch\/it\/neuer-leiter-fuer-markt-und-politik-beim-solarverband\/#blogposting","name":"Nuovo responsabile per il mercato e la politica presso l\u2019associazione solare - immo!nvest - Die Plattform f\u00fcr Standorte und Immobilien","headline":"Nuovo responsabile per il mercato e la politica presso l&#8217;associazione solare","author":{"@id":"https:\/\/www.immo-invest.ch\/it\/author\/immovestuser\/#author"},"publisher":{"@id":"https:\/\/www.immo-invest.ch\/it\/#organization"},"image":{"@type":"ImageObject","url":"https:\/\/www.immo-invest.ch\/wp-content\/uploads\/2026\/03\/banoviag_modern_solar_power_installation_on_rooftops_and_fiel_3e9b5bf2-7f5c-4feb-9bc7-29cfb75d7b20_0.png","width":1536,"height":768},"datePublished":"2026-03-16T13:30:00+01:00","dateModified":"2026-03-11T16:10:08+01:00","inLanguage":"it-IT","mainEntityOfPage":{"@id":"https:\/\/www.immo-invest.ch\/it\/neuer-leiter-fuer-markt-und-politik-beim-solarverband\/#webpage"},"isPartOf":{"@id":"https:\/\/www.immo-invest.ch\/it\/neuer-leiter-fuer-markt-und-politik-beim-solarverband\/#webpage"},"articleSection":"Associazioni, Energia, immoNews, Persone, Energieverband, Immoinvest, immoNews, News, Photovoltaik Schweiz, Solarenergie Politik, Optional"},{"@type":"BreadcrumbList","@id":"https:\/\/www.immo-invest.ch\/it\/neuer-leiter-fuer-markt-und-politik-beim-solarverband\/#breadcrumblist","itemListElement":[{"@type":"ListItem","@id":"https:\/\/www.immo-invest.ch\/it\/#listItem","position":1,"name":"Home","item":"https:\/\/www.immo-invest.ch\/it\/","nextItem":{"@type":"ListItem","@id":"https:\/\/www.immo-invest.ch\/it\/categoria\/persone-2\/#listItem","name":"Persone"}},{"@type":"ListItem","@id":"https:\/\/www.immo-invest.ch\/it\/categoria\/persone-2\/#listItem","position":2,"name":"Persone","item":"https:\/\/www.immo-invest.ch\/it\/categoria\/persone-2\/","nextItem":{"@type":"ListItem","@id":"https:\/\/www.immo-invest.ch\/it\/categoria\/persone-2\/persone\/#listItem","name":"Persone"},"previousItem":{"@type":"ListItem","@id":"https:\/\/www.immo-invest.ch\/it\/#listItem","name":"Home"}},{"@type":"ListItem","@id":"https:\/\/www.immo-invest.ch\/it\/categoria\/persone-2\/persone\/#listItem","position":3,"name":"Persone","item":"https:\/\/www.immo-invest.ch\/it\/categoria\/persone-2\/persone\/","nextItem":{"@type":"ListItem","@id":"https:\/\/www.immo-invest.ch\/it\/neuer-leiter-fuer-markt-und-politik-beim-solarverband\/#listItem","name":"Nuovo responsabile per il mercato e la politica presso l&#8217;associazione solare"},"previousItem":{"@type":"ListItem","@id":"https:\/\/www.immo-invest.ch\/it\/categoria\/persone-2\/#listItem","name":"Persone"}},{"@type":"ListItem","@id":"https:\/\/www.immo-invest.ch\/it\/neuer-leiter-fuer-markt-und-politik-beim-solarverband\/#listItem","position":4,"name":"Nuovo responsabile per il mercato e la politica presso l&#8217;associazione solare","previousItem":{"@type":"ListItem","@id":"https:\/\/www.immo-invest.ch\/it\/categoria\/persone-2\/persone\/#listItem","name":"Persone"}}]},{"@type":"Organization","@id":"https:\/\/www.immo-invest.ch\/it\/#organization","name":"immo!nvest - Die Plattform f\u00fcr Standorte und Immobilien","description":"Die\u00a0Plattform f\u00fcr Standorte und Immobilien","url":"https:\/\/www.immo-invest.ch\/it\/","email":"admin@immomedia.ag","telephone":"+41444420002","logo":{"@type":"ImageObject","url":"https:\/\/www.immo-invest.ch\/wp-content\/uploads\/2024\/09\/immoinvest_sm-scaled.jpg","@id":"https:\/\/www.immo-invest.ch\/it\/neuer-leiter-fuer-markt-und-politik-beim-solarverband\/#organizationLogo","width":2560,"height":1340},"image":{"@id":"https:\/\/www.immo-invest.ch\/it\/neuer-leiter-fuer-markt-und-politik-beim-solarverband\/#organizationLogo"},"sameAs":["https:\/\/www.facebook.com\/people\/Immoinvest\/100077962920504\/","https:\/\/x.com\/i\/flow\/login?redirect_after_login=immoinvest_ch","https:\/\/www.instagram.com\/immoinvest_ch\/","https:\/\/www.linkedin.com\/company\/immoinvest-swiss"]},{"@type":"Person","@id":"https:\/\/www.immo-invest.ch\/it\/author\/immovestuser\/#author","url":"https:\/\/www.immo-invest.ch\/it\/author\/immovestuser\/","name":"immovestuser","image":{"@type":"ImageObject","@id":"https:\/\/www.immo-invest.ch\/it\/neuer-leiter-fuer-markt-und-politik-beim-solarverband\/#authorImage","url":"https:\/\/secure.gravatar.com\/avatar\/8e01f4d99f2eeea7a362ebb93305e1172a70e9293ba250f897a65c39f54cdd1e?s=96&d=mm&r=g","width":96,"height":96,"caption":"immovestuser"}},{"@type":"WebPage","@id":"https:\/\/www.immo-invest.ch\/it\/neuer-leiter-fuer-markt-und-politik-beim-solarverband\/#webpage","url":"https:\/\/www.immo-invest.ch\/it\/neuer-leiter-fuer-markt-und-politik-beim-solarverband\/","name":"Nuovo responsabile per il mercato e la politica presso l\u2019associazione solare - immo!nvest - Die Plattform f\u00fcr Standorte und Immobilien","description":"Wieland Hintz \u00e8 il nuovo responsabile Mercato e Politica e vicedirettore generale di Swissolar. Il suo predecessore David Stickelberger continuer\u00e0 ad affiancare l'associazione in qualit\u00e0 di Senior Advisor Politica. Anna Plancherel sar\u00e0 la prima direttrice della Svizzera romanda dell'associazione di categoria dell'energia solare.","inLanguage":"it-IT","isPartOf":{"@id":"https:\/\/www.immo-invest.ch\/it\/#website"},"breadcrumb":{"@id":"https:\/\/www.immo-invest.ch\/it\/neuer-leiter-fuer-markt-und-politik-beim-solarverband\/#breadcrumblist"},"author":{"@id":"https:\/\/www.immo-invest.ch\/it\/author\/immovestuser\/#author"},"creator":{"@id":"https:\/\/www.immo-invest.ch\/it\/author\/immovestuser\/#author"},"image":{"@type":"ImageObject","url":"https:\/\/www.immo-invest.ch\/wp-content\/uploads\/2026\/03\/banoviag_modern_solar_power_installation_on_rooftops_and_fiel_3e9b5bf2-7f5c-4feb-9bc7-29cfb75d7b20_0.png","@id":"https:\/\/www.immo-invest.ch\/it\/neuer-leiter-fuer-markt-und-politik-beim-solarverband\/#mainImage","width":1536,"height":768},"primaryImageOfPage":{"@id":"https:\/\/www.immo-invest.ch\/it\/neuer-leiter-fuer-markt-und-politik-beim-solarverband\/#mainImage"},"datePublished":"2026-03-16T13:30:00+01:00","dateModified":"2026-03-11T16:10:08+01:00"},{"@type":"WebSite","@id":"https:\/\/www.immo-invest.ch\/it\/#website","url":"https:\/\/www.immo-invest.ch\/it\/","name":"immo!nvest - Die Plattform f\u00fcr Standorte und Immobilien","description":"Die\u00a0Plattform f\u00fcr Standorte und Immobilien","inLanguage":"it-IT","publisher":{"@id":"https:\/\/www.immo-invest.ch\/it\/#organization"}}]},"og:locale":"it_IT","og:site_name":"immo!nvest - Die Plattform f\u00fcr Standorte und Immobilien - Die\u00a0Plattform f\u00fcr Standorte und Immobilien","og:type":"article","og:title":"Nuovo responsabile per il mercato e la politica presso l\u2019associazione solare - immo!nvest - Die Plattform f\u00fcr Standorte und Immobilien","og:description":"Wieland Hintz \u00e8 il nuovo responsabile Mercato e Politica e vicedirettore generale di Swissolar. Il suo predecessore David Stickelberger continuer\u00e0 ad affiancare l'associazione in qualit\u00e0 di Senior Advisor Politica. Anna Plancherel sar\u00e0 la prima direttrice della Svizzera romanda dell'associazione di categoria dell'energia solare.","og:url":"https:\/\/www.immo-invest.ch\/it\/neuer-leiter-fuer-markt-und-politik-beim-solarverband\/","og:image":"https:\/\/www.immo-invest.ch\/wp-content\/uploads\/2026\/03\/banoviag_modern_solar_power_installation_on_rooftops_and_fiel_3e9b5bf2-7f5c-4feb-9bc7-29cfb75d7b20_0.png","og:image:secure_url":"https:\/\/www.immo-invest.ch\/wp-content\/uploads\/2026\/03\/banoviag_modern_solar_power_installation_on_rooftops_and_fiel_3e9b5bf2-7f5c-4feb-9bc7-29cfb75d7b20_0.png","og:image:width":1536,"og:image:height":768,"article:published_time":"2026-03-16T12:30:00+00:00","article:modified_time":"2026-03-11T15:10:08+00:00","article:publisher":"https:\/\/www.facebook.com\/people\/Immoinvest\/100077962920504\/","twitter:card":"summary_large_image","twitter:site":"@i","twitter:title":"Nuovo responsabile per il mercato e la politica presso l\u2019associazione solare - immo!nvest - Die Plattform f\u00fcr Standorte und Immobilien","twitter:description":"Wieland Hintz \u00e8 il nuovo responsabile Mercato e Politica e vicedirettore generale di Swissolar. Il suo predecessore David Stickelberger continuer\u00e0 ad affiancare l'associazione in qualit\u00e0 di Senior Advisor Politica. Anna Plancherel sar\u00e0 la prima direttrice della Svizzera romanda dell'associazione di categoria dell'energia solare.","twitter:creator":"@i","twitter:image":"https:\/\/www.immo-invest.ch\/wp-content\/uploads\/2026\/03\/banoviag_modern_solar_power_installation_on_rooftops_and_fiel_3e9b5bf2-7f5c-4feb-9bc7-29cfb75d7b20_0.png"},"aioseo_meta_data":{"post_id":"151267","title":null,"description":null,"keywords":null,"keyphrases":{"focus":{"keyphrase":"","score":0,"analysis":{"keyphraseInTitle":{"score":0,"maxScore":9,"error":1}}},"additional":[]},"primary_term":null,"canonical_url":null,"og_title":null,"og_description":null,"og_object_type":"default","og_image_type":"default","og_image_url":null,"og_image_width":null,"og_image_height":null,"og_image_custom_url":null,"og_image_custom_fields":null,"og_video":"","og_custom_url":null,"og_article_section":null,"og_article_tags":null,"twitter_use_og":false,"twitter_card":"default","twitter_image_type":"default","twitter_image_url":null,"twitter_image_custom_url":null,"twitter_image_custom_fields":null,"twitter_title":null,"twitter_description":null,"schema":{"blockGraphs":[],"customGraphs":[],"default":{"data":{"Article":[],"Course":[],"Dataset":[],"FAQPage":[],"Movie":[],"Person":[],"Product":[],"ProductReview":[],"Car":[],"Recipe":[],"Service":[],"SoftwareApplication":[],"WebPage":[]},"graphName":"BlogPosting","isEnabled":true},"graphs":[]},"schema_type":"default","schema_type_options":null,"pillar_content":false,"robots_default":true,"robots_noindex":false,"robots_noarchive":false,"robots_nosnippet":false,"robots_nofollow":false,"robots_noimageindex":false,"robots_noodp":false,"robots_notranslate":false,"robots_max_snippet":"-1","robots_max_videopreview":"-1","robots_max_imagepreview":"large","priority":null,"frequency":"default","local_seo":null,"breadcrumb_settings":null,"limit_modified_date":false,"ai":{"faqs":[],"keyPoints":[],"titles":[],"descriptions":[],"socialPosts":{"email":[],"linkedin":[],"twitter":[],"facebook":[],"instagram":[]}},"created":"2026-03-11 15:10:13","updated":"2026-03-16 12:37:14","seo_analyzer_scan_date":null,"focus_keyword":null,"additional_keywords":null,"truseo_locale":null},"aioseo_breadcrumb":"<div class=\"aioseo-breadcrumbs\"><span class=\"aioseo-breadcrumb\">\n\t\t\t<a href=\"https:\/\/www.immo-invest.ch\/it\/\" title=\"Home\">Home<\/a>\n\t\t<\/span><span class=\"aioseo-breadcrumb-separator\">&raquo;<\/span><span class=\"aioseo-breadcrumb\">\n\t\t\t<a href=\"https:\/\/www.immo-invest.ch\/it\/categoria\/persone-2\/\" title=\"Persone\">Persone<\/a>\n\t\t<\/span><span class=\"aioseo-breadcrumb-separator\">&raquo;<\/span><span class=\"aioseo-breadcrumb\">\n\t\t\t<a href=\"https:\/\/www.immo-invest.ch\/it\/categoria\/persone-2\/persone\/\" title=\"Persone\">Persone<\/a>\n\t\t<\/span><span class=\"aioseo-breadcrumb-separator\">&raquo;<\/span><span class=\"aioseo-breadcrumb\">\n\t\t\tNuovo responsabile per il mercato e la politica presso l\u2019associazione solare\n\t\t<\/span><\/div>","aioseo_breadcrumb_json":[{"label":"Home","link":"https:\/\/www.immo-invest.ch\/it\/"},{"label":"Persone","link":"https:\/\/www.immo-invest.ch\/it\/categoria\/persone-2\/"},{"label":"Persone","link":"https:\/\/www.immo-invest.ch\/it\/categoria\/persone-2\/persone\/"},{"label":"Nuovo responsabile per il mercato e la politica presso l&#8217;associazione solare","link":"https:\/\/www.immo-invest.ch\/it\/neuer-leiter-fuer-markt-und-politik-beim-solarverband\/"}],"featured_image_src":"https:\/\/www.immo-invest.ch\/wp-content\/uploads\/2026\/03\/banoviag_modern_solar_power_installation_on_rooftops_and_fiel_3e9b5bf2-7f5c-4feb-9bc7-29cfb75d7b20_0-336x168.png","_links":{"self":[{"href":"https:\/\/www.immo-invest.ch\/it\/wp-json\/wp\/v2\/posts\/151267","targetHints":{"allow":["GET"]}}],"collection":[{"href":"https:\/\/www.immo-invest.ch\/it\/wp-json\/wp\/v2\/posts"}],"about":[{"href":"https:\/\/www.immo-invest.ch\/it\/wp-json\/wp\/v2\/types\/post"}],"author":[{"embeddable":true,"href":"https:\/\/www.immo-invest.ch\/it\/wp-json\/wp\/v2\/users\/2"}],"replies":[{"embeddable":true,"href":"https:\/\/www.immo-invest.ch\/it\/wp-json\/wp\/v2\/comments?post=151267"}],"version-history":[{"count":2,"href":"https:\/\/www.immo-invest.ch\/it\/wp-json\/wp\/v2\/posts\/151267\/revisions"}],"predecessor-version":[{"id":151274,"href":"https:\/\/www.immo-invest.ch\/it\/wp-json\/wp\/v2\/posts\/151267\/revisions\/151274"}],"wp:featuredmedia":[{"embeddable":true,"href":"https:\/\/www.immo-invest.ch\/it\/wp-json\/wp\/v2\/media\/151268"}],"wp:attachment":[{"href":"https:\/\/www.immo-invest.ch\/it\/wp-json\/wp\/v2\/media?parent=151267"}],"wp:term":[{"taxonomy":"category","embeddable":true,"href":"https:\/\/www.immo-invest.ch\/it\/wp-json\/wp\/v2\/categories?post=151267"},{"taxonomy":"post_tag","embeddable":true,"href":"https:\/\/www.immo-invest.ch\/it\/wp-json\/wp\/v2\/tags?post=151267"}],"curies":[{"name":"wp","href":"https:\/\/api.w.org\/{rel}","templated":true}]}}