{"id":150818,"date":"2026-03-10T07:00:00","date_gmt":"2026-03-10T06:00:00","guid":{"rendered":"https:\/\/www.immo-invest.ch\/?p=150818"},"modified":"2026-03-09T16:00:00","modified_gmt":"2026-03-09T15:00:00","slug":"neuer-ckw-hauptsitz-staerkt-emmen","status":"publish","type":"post","link":"https:\/\/www.immo-invest.ch\/it\/neuer-ckw-hauptsitz-staerkt-emmen\/","title":{"rendered":"La nuova sede di CKW rafforza Emmen"},"content":{"rendered":"<p class=\"wp-block-paragraph\">Con il progetto &ldquo;EnergiePark Emmen&rdquo;, CKW intende sviluppare ulteriormente il sito esistente sulla Reussinsel. Il fulcro &egrave; costituito da un nuovo edificio per le unit&agrave; Grids e Building Technology, che comprende una base per la costruzione, il funzionamento e la manutenzione della rete elettrica nell&rsquo;area di Lucerna. I dipendenti che in precedenza risiedevano a Reussb&uuml;hl avranno cos&igrave; a Emmen un posto di lavoro moderno e i processi saranno raggruppati in termini di spazio e organizzazione.<\/p>\n\n\n\n\n\n<p class=\"wp-block-paragraph\"><strong>Impegno a Emmen e pi&ugrave; posti di lavoro<br><\/strong>La Reussinsel &egrave; il luogo storico di origine di CKW, dove la prima centrale elettrica &egrave; entrata in funzione nel 1894. Con il previsto trasferimento della sede centrale, CKW si basa su queste radici e si impegna a lungo termine per il sito di Emmen. Il numero di dipendenti della Reussinsel passer&agrave; dagli attuali 600 a circa 1.000, generando un ulteriore gettito fiscale e rafforzando lo sviluppo economico del comune.<\/p>\n\n\n\n\n\n<p class=\"wp-block-paragraph\"><strong>Un&rsquo;attenta pianificazione e una densificazione verso l&rsquo;interno<br><\/strong>Il progetto guida &egrave; stato sviluppato in un processo di pianificazione durato diversi anni con il Comune di Emmen e una commissione di studio con cinque gruppi di progettazione. Il progetto &ldquo;Compakt&rdquo; di Penzel Valier AG con Maurus Schifferli Landschaftsarchitekten &egrave; stato scelto per la sua qualit&agrave; urbanistica e la sua sensibile integrazione nel paesaggio. Il progetto favorisce in modo coerente la densificazione verso l&rsquo;interno. Il prezioso spazio naturale sulla Reussinsel rimane intatto e gli edifici aggiuntivi sono previsti solo come riserva a lungo termine.<\/p>\n\n\n\n\n\n<p class=\"wp-block-paragraph\"><strong>Trasporti, accesso e prossimi passi<br><\/strong>Una parte importante del progetto &egrave; la gestione degli accessi e del traffico. Insieme a Emmen ed Ebikon sono previste misure per la mobilit&agrave;, tra cui una nuova fermata dell&rsquo;autobus nell&rsquo;area di Rathausen, adeguamenti dell&rsquo;infrastruttura stradale e una gestione della mobilit&agrave; con tetti di percorrenza e distribuzione equilibrata del traffico. Sulla base del progetto indicativo, il Comune di Emmen sta ora elaborando il piano di sviluppo con il coinvolgimento attivo della popolazione locale. Secondo il calendario attuale, i progetti di costruzione specifici potrebbero essere approvati e realizzati a partire dal 2030.<\/p>\n\n","protected":false},"excerpt":{"rendered":"<p>CKW intende trasferire le sue unit\u00e0 aziendali da Reussb\u00fchl a Emmen e spostare la sede centrale da Lucerna a Reussinsel. Il nuovo &#8220;EnergiePark Emmen&#8221; rafforzer\u00e0 l&#8217;approvvigionamento energetico regionale, porter\u00e0 fino a 1.000 posti di lavoro nel sito e creer\u00e0 ulteriore valore aggiunto per il comune di Emmen.<\/p>\n","protected":false},"author":2,"featured_media":150819,"comment_status":"open","ping_status":"open","sticky":false,"template":"","format":"standard","meta":{"pmpro_default_level":"","inline_featured_image":false,"_monsterinsights_skip_tracking":false,"footnotes":""},"categories":[8750,9447,55980,55995],"tags":[49205,57630,867,3935,2006,52895],"class_list":["post-150818","post","type-post","status-publish","format-standard","has-post-thumbnail","hentry","category-energia","category-regione-lucerna","category-promozione-del-territorio","category-uffici-commerciale","tag-energieinfrastruktur-it","tag-gewerbeentwicklung","tag-immoinvest-it","tag-immonews-it","tag-news-it","tag-unternehmensstandort-it","pmpro-has-access"],"acf":{"bild_mit_ki_erstellt_worden":"","lead":"CKW intende trasferire le sue unit\u00e0 aziendali da Reussb\u00fchl a Emmen e spostare la sede centrale da Lucerna a Reussinsel. Il nuovo \"EnergiePark Emmen\" rafforzer\u00e0 l'approvvigionamento energetico regionale, porter\u00e0 fino a 1.000 posti di lavoro nel sito e creer\u00e0 ulteriore valore aggiunto per il comune di Emmen.","autor":"Quelle CKW","ort":"","bildunterschrift":"Fonte: CKW AG (<a href=\"https:\/\/www.ckw.ch\/ueber-ckw\/medienstelle\/medienmitteilungen\/2026\/ckw-plant-neuen-hauptsitz-in-emmen\" target=\"_blank\">ckw.ch<\/a>)","bild_im_grid":false,"gallerie":"","newsim":""},"aioseo_notices":[],"aioseo_head":"\n\t\t<!-- All in One SEO 5.0.0.1 - aioseo.com -->\n\t<meta name=\"description\" content=\"CKW intende trasferire le sue unit\u00e0 aziendali da Reussb\u00fchl a Emmen e spostare la sede centrale da Lucerna a Reussinsel. Il nuovo &quot;EnergiePark Emmen&quot; rafforzer\u00e0 l&#039;approvvigionamento energetico regionale, porter\u00e0 fino a 1.000 posti di lavoro nel sito e creer\u00e0 ulteriore valore aggiunto per il comune di Emmen.\" \/>\n\t<meta name=\"robots\" content=\"max-image-preview:large\" \/>\n\t<meta name=\"author\" content=\"immovestuser\"\/>\n\t<meta name=\"google-site-verification\" content=\"fHJKvgWpZCR2zVBHWfkQeFXC11qieUSff0HGNYfuyLA\" \/>\n\t<link rel=\"canonical\" href=\"https:\/\/www.immo-invest.ch\/it\/neuer-ckw-hauptsitz-staerkt-emmen\/\" \/>\n\t<meta name=\"generator\" content=\"All in One SEO (AIOSEO) 5.0.0.1\" \/>\n\t\t<meta property=\"og:locale\" content=\"it_IT\" \/>\n\t\t<meta property=\"og:site_name\" content=\"immo!nvest - Die Plattform f\u00fcr Standorte und Immobilien - Die\u00a0Plattform f\u00fcr Standorte und Immobilien\" \/>\n\t\t<meta property=\"og:type\" content=\"article\" \/>\n\t\t<meta property=\"og:title\" content=\"La nuova sede di CKW rafforza Emmen - immo!nvest - Die Plattform f\u00fcr Standorte und Immobilien\" \/>\n\t\t<meta property=\"og:description\" content=\"CKW intende trasferire le sue unit\u00e0 aziendali da Reussb\u00fchl a Emmen e spostare la sede centrale da Lucerna a Reussinsel. Il nuovo &quot;EnergiePark Emmen&quot; rafforzer\u00e0 l&#039;approvvigionamento energetico regionale, porter\u00e0 fino a 1.000 posti di lavoro nel sito e creer\u00e0 ulteriore valore aggiunto per il comune di Emmen.\" \/>\n\t\t<meta property=\"og:url\" content=\"https:\/\/www.immo-invest.ch\/it\/neuer-ckw-hauptsitz-staerkt-emmen\/\" \/>\n\t\t<meta property=\"og:image\" content=\"https:\/\/www.immo-invest.ch\/wp-content\/uploads\/2026\/03\/CKW-Rathausen-Richtprojekt-Reuss.png\" \/>\n\t\t<meta property=\"og:image:secure_url\" content=\"https:\/\/www.immo-invest.ch\/wp-content\/uploads\/2026\/03\/CKW-Rathausen-Richtprojekt-Reuss.png\" \/>\n\t\t<meta property=\"og:image:width\" content=\"890\" \/>\n\t\t<meta property=\"og:image:height\" content=\"508\" \/>\n\t\t<meta property=\"article:published_time\" content=\"2026-03-10T06:00:00+00:00\" \/>\n\t\t<meta property=\"article:modified_time\" content=\"2026-03-09T15:00:00+00:00\" \/>\n\t\t<meta property=\"article:publisher\" content=\"https:\/\/www.facebook.com\/people\/Immoinvest\/100077962920504\/\" \/>\n\t\t<meta name=\"twitter:card\" content=\"summary_large_image\" \/>\n\t\t<meta name=\"twitter:site\" content=\"@i\" \/>\n\t\t<meta name=\"twitter:title\" content=\"La nuova sede di CKW rafforza Emmen - immo!nvest - Die Plattform f\u00fcr Standorte und Immobilien\" \/>\n\t\t<meta name=\"twitter:description\" content=\"CKW intende trasferire le sue unit\u00e0 aziendali da Reussb\u00fchl a Emmen e spostare la sede centrale da Lucerna a Reussinsel. Il nuovo &quot;EnergiePark Emmen&quot; rafforzer\u00e0 l&#039;approvvigionamento energetico regionale, porter\u00e0 fino a 1.000 posti di lavoro nel sito e creer\u00e0 ulteriore valore aggiunto per il comune di Emmen.\" \/>\n\t\t<meta name=\"twitter:creator\" content=\"@i\" \/>\n\t\t<meta name=\"twitter:image\" content=\"https:\/\/www.immo-invest.ch\/wp-content\/uploads\/2026\/03\/CKW-Rathausen-Richtprojekt-Reuss.png\" \/>\n\t\t<script type=\"application\/ld+json\" class=\"aioseo-schema\">\n\t\t\t{\"@context\":\"https:\\\/\\\/schema.org\",\"@graph\":[{\"@type\":\"BlogPosting\",\"@id\":\"https:\\\/\\\/www.immo-invest.ch\\\/it\\\/neuer-ckw-hauptsitz-staerkt-emmen\\\/#blogposting\",\"name\":\"La nuova sede di CKW rafforza Emmen - immo!nvest - Die Plattform f\\u00fcr Standorte und Immobilien\",\"headline\":\"La nuova sede di CKW rafforza Emmen\",\"author\":{\"@id\":\"https:\\\/\\\/www.immo-invest.ch\\\/it\\\/author\\\/immovestuser\\\/#author\"},\"publisher\":{\"@id\":\"https:\\\/\\\/www.immo-invest.ch\\\/it\\\/#organization\"},\"image\":{\"@type\":\"ImageObject\",\"url\":\"https:\\\/\\\/www.immo-invest.ch\\\/wp-content\\\/uploads\\\/2026\\\/03\\\/CKW-Rathausen-Richtprojekt-Reuss.png\",\"width\":890,\"height\":508},\"datePublished\":\"2026-03-10T07:00:00+01:00\",\"dateModified\":\"2026-03-09T16:00:00+01:00\",\"inLanguage\":\"it-IT\",\"mainEntityOfPage\":{\"@id\":\"https:\\\/\\\/www.immo-invest.ch\\\/it\\\/neuer-ckw-hauptsitz-staerkt-emmen\\\/#webpage\"},\"isPartOf\":{\"@id\":\"https:\\\/\\\/www.immo-invest.ch\\\/it\\\/neuer-ckw-hauptsitz-staerkt-emmen\\\/#webpage\"},\"articleSection\":\"Energia, Lucerna, Promozione del territorio, Uffici \\\/ Commerciale, Energieinfrastruktur, Gewerbeentwicklung, Immoinvest, immoNews, News, Unternehmensstandort, Optional\"},{\"@type\":\"BreadcrumbList\",\"@id\":\"https:\\\/\\\/www.immo-invest.ch\\\/it\\\/neuer-ckw-hauptsitz-staerkt-emmen\\\/#breadcrumblist\",\"itemListElement\":[{\"@type\":\"ListItem\",\"@id\":\"https:\\\/\\\/www.immo-invest.ch\\\/it\\\/#listItem\",\"position\":1,\"name\":\"Home\",\"item\":\"https:\\\/\\\/www.immo-invest.ch\\\/it\\\/\",\"nextItem\":{\"@type\":\"ListItem\",\"@id\":\"https:\\\/\\\/www.immo-invest.ch\\\/it\\\/categoria\\\/regioni\\\/#listItem\",\"name\":\"Regioni\"}},{\"@type\":\"ListItem\",\"@id\":\"https:\\\/\\\/www.immo-invest.ch\\\/it\\\/categoria\\\/regioni\\\/#listItem\",\"position\":2,\"name\":\"Regioni\",\"item\":\"https:\\\/\\\/www.immo-invest.ch\\\/it\\\/categoria\\\/regioni\\\/\",\"nextItem\":{\"@type\":\"ListItem\",\"@id\":\"https:\\\/\\\/www.immo-invest.ch\\\/it\\\/categoria\\\/regioni\\\/svizzera\\\/#listItem\",\"name\":\"Svizzera\"},\"previousItem\":{\"@type\":\"ListItem\",\"@id\":\"https:\\\/\\\/www.immo-invest.ch\\\/it\\\/#listItem\",\"name\":\"Home\"}},{\"@type\":\"ListItem\",\"@id\":\"https:\\\/\\\/www.immo-invest.ch\\\/it\\\/categoria\\\/regioni\\\/svizzera\\\/#listItem\",\"position\":3,\"name\":\"Svizzera\",\"item\":\"https:\\\/\\\/www.immo-invest.ch\\\/it\\\/categoria\\\/regioni\\\/svizzera\\\/\",\"nextItem\":{\"@type\":\"ListItem\",\"@id\":\"https:\\\/\\\/www.immo-invest.ch\\\/it\\\/categoria\\\/regioni\\\/svizzera\\\/zentralschweiz-it\\\/#listItem\",\"name\":\"Zentralschweiz\"},\"previousItem\":{\"@type\":\"ListItem\",\"@id\":\"https:\\\/\\\/www.immo-invest.ch\\\/it\\\/categoria\\\/regioni\\\/#listItem\",\"name\":\"Regioni\"}},{\"@type\":\"ListItem\",\"@id\":\"https:\\\/\\\/www.immo-invest.ch\\\/it\\\/categoria\\\/regioni\\\/svizzera\\\/zentralschweiz-it\\\/#listItem\",\"position\":4,\"name\":\"Zentralschweiz\",\"item\":\"https:\\\/\\\/www.immo-invest.ch\\\/it\\\/categoria\\\/regioni\\\/svizzera\\\/zentralschweiz-it\\\/\",\"nextItem\":{\"@type\":\"ListItem\",\"@id\":\"https:\\\/\\\/www.immo-invest.ch\\\/it\\\/categoria\\\/regioni\\\/svizzera\\\/zentralschweiz-it\\\/regione-lucerna\\\/#listItem\",\"name\":\"Lucerna\"},\"previousItem\":{\"@type\":\"ListItem\",\"@id\":\"https:\\\/\\\/www.immo-invest.ch\\\/it\\\/categoria\\\/regioni\\\/svizzera\\\/#listItem\",\"name\":\"Svizzera\"}},{\"@type\":\"ListItem\",\"@id\":\"https:\\\/\\\/www.immo-invest.ch\\\/it\\\/categoria\\\/regioni\\\/svizzera\\\/zentralschweiz-it\\\/regione-lucerna\\\/#listItem\",\"position\":5,\"name\":\"Lucerna\",\"item\":\"https:\\\/\\\/www.immo-invest.ch\\\/it\\\/categoria\\\/regioni\\\/svizzera\\\/zentralschweiz-it\\\/regione-lucerna\\\/\",\"nextItem\":{\"@type\":\"ListItem\",\"@id\":\"https:\\\/\\\/www.immo-invest.ch\\\/it\\\/neuer-ckw-hauptsitz-staerkt-emmen\\\/#listItem\",\"name\":\"La nuova sede di CKW rafforza Emmen\"},\"previousItem\":{\"@type\":\"ListItem\",\"@id\":\"https:\\\/\\\/www.immo-invest.ch\\\/it\\\/categoria\\\/regioni\\\/svizzera\\\/zentralschweiz-it\\\/#listItem\",\"name\":\"Zentralschweiz\"}},{\"@type\":\"ListItem\",\"@id\":\"https:\\\/\\\/www.immo-invest.ch\\\/it\\\/neuer-ckw-hauptsitz-staerkt-emmen\\\/#listItem\",\"position\":6,\"name\":\"La nuova sede di CKW rafforza Emmen\",\"previousItem\":{\"@type\":\"ListItem\",\"@id\":\"https:\\\/\\\/www.immo-invest.ch\\\/it\\\/categoria\\\/regioni\\\/svizzera\\\/zentralschweiz-it\\\/regione-lucerna\\\/#listItem\",\"name\":\"Lucerna\"}}]},{\"@type\":\"Organization\",\"@id\":\"https:\\\/\\\/www.immo-invest.ch\\\/it\\\/#organization\",\"name\":\"immo!nvest - Die Plattform f\\u00fcr Standorte und Immobilien\",\"description\":\"Die\\u00a0Plattform f\\u00fcr Standorte und Immobilien\",\"url\":\"https:\\\/\\\/www.immo-invest.ch\\\/it\\\/\",\"email\":\"admin@immomedia.ag\",\"telephone\":\"+41444420002\",\"logo\":{\"@type\":\"ImageObject\",\"url\":\"https:\\\/\\\/www.immo-invest.ch\\\/wp-content\\\/uploads\\\/2024\\\/09\\\/immoinvest_sm-scaled.jpg\",\"@id\":\"https:\\\/\\\/www.immo-invest.ch\\\/it\\\/neuer-ckw-hauptsitz-staerkt-emmen\\\/#organizationLogo\",\"width\":2560,\"height\":1340},\"image\":{\"@id\":\"https:\\\/\\\/www.immo-invest.ch\\\/it\\\/neuer-ckw-hauptsitz-staerkt-emmen\\\/#organizationLogo\"},\"sameAs\":[\"https:\\\/\\\/www.facebook.com\\\/people\\\/Immoinvest\\\/100077962920504\\\/\",\"https:\\\/\\\/x.com\\\/i\\\/flow\\\/login?redirect_after_login=immoinvest_ch\",\"https:\\\/\\\/www.instagram.com\\\/immoinvest_ch\\\/\",\"https:\\\/\\\/www.linkedin.com\\\/company\\\/immoinvest-swiss\"]},{\"@type\":\"Person\",\"@id\":\"https:\\\/\\\/www.immo-invest.ch\\\/it\\\/author\\\/immovestuser\\\/#author\",\"url\":\"https:\\\/\\\/www.immo-invest.ch\\\/it\\\/author\\\/immovestuser\\\/\",\"name\":\"immovestuser\",\"image\":{\"@type\":\"ImageObject\",\"@id\":\"https:\\\/\\\/www.immo-invest.ch\\\/it\\\/neuer-ckw-hauptsitz-staerkt-emmen\\\/#authorImage\",\"url\":\"https:\\\/\\\/secure.gravatar.com\\\/avatar\\\/8e01f4d99f2eeea7a362ebb93305e1172a70e9293ba250f897a65c39f54cdd1e?s=96&d=mm&r=g\",\"width\":96,\"height\":96,\"caption\":\"immovestuser\"}},{\"@type\":\"WebPage\",\"@id\":\"https:\\\/\\\/www.immo-invest.ch\\\/it\\\/neuer-ckw-hauptsitz-staerkt-emmen\\\/#webpage\",\"url\":\"https:\\\/\\\/www.immo-invest.ch\\\/it\\\/neuer-ckw-hauptsitz-staerkt-emmen\\\/\",\"name\":\"La nuova sede di CKW rafforza Emmen - immo!nvest - Die Plattform f\\u00fcr Standorte und Immobilien\",\"description\":\"CKW intende trasferire le sue unit\\u00e0 aziendali da Reussb\\u00fchl a Emmen e spostare la sede centrale da Lucerna a Reussinsel. Il nuovo \\\"EnergiePark Emmen\\\" rafforzer\\u00e0 l'approvvigionamento energetico regionale, porter\\u00e0 fino a 1.000 posti di lavoro nel sito e creer\\u00e0 ulteriore valore aggiunto per il comune di Emmen.\",\"inLanguage\":\"it-IT\",\"isPartOf\":{\"@id\":\"https:\\\/\\\/www.immo-invest.ch\\\/it\\\/#website\"},\"breadcrumb\":{\"@id\":\"https:\\\/\\\/www.immo-invest.ch\\\/it\\\/neuer-ckw-hauptsitz-staerkt-emmen\\\/#breadcrumblist\"},\"author\":{\"@id\":\"https:\\\/\\\/www.immo-invest.ch\\\/it\\\/author\\\/immovestuser\\\/#author\"},\"creator\":{\"@id\":\"https:\\\/\\\/www.immo-invest.ch\\\/it\\\/author\\\/immovestuser\\\/#author\"},\"image\":{\"@type\":\"ImageObject\",\"url\":\"https:\\\/\\\/www.immo-invest.ch\\\/wp-content\\\/uploads\\\/2026\\\/03\\\/CKW-Rathausen-Richtprojekt-Reuss.png\",\"@id\":\"https:\\\/\\\/www.immo-invest.ch\\\/it\\\/neuer-ckw-hauptsitz-staerkt-emmen\\\/#mainImage\",\"width\":890,\"height\":508},\"primaryImageOfPage\":{\"@id\":\"https:\\\/\\\/www.immo-invest.ch\\\/it\\\/neuer-ckw-hauptsitz-staerkt-emmen\\\/#mainImage\"},\"datePublished\":\"2026-03-10T07:00:00+01:00\",\"dateModified\":\"2026-03-09T16:00:00+01:00\"},{\"@type\":\"WebSite\",\"@id\":\"https:\\\/\\\/www.immo-invest.ch\\\/it\\\/#website\",\"url\":\"https:\\\/\\\/www.immo-invest.ch\\\/it\\\/\",\"name\":\"immo!nvest - Die Plattform f\\u00fcr Standorte und Immobilien\",\"description\":\"Die\\u00a0Plattform f\\u00fcr Standorte und Immobilien\",\"inLanguage\":\"it-IT\",\"publisher\":{\"@id\":\"https:\\\/\\\/www.immo-invest.ch\\\/it\\\/#organization\"}}]}\n\t\t<\/script>\n\t\t<!-- All in One SEO -->\n\n","aioseo_head_json":{"title":"La nuova sede di CKW rafforza Emmen - immo!nvest - Die Plattform f\u00fcr Standorte und Immobilien","description":"CKW intende trasferire le sue unit\u00e0 aziendali da Reussb\u00fchl a Emmen e spostare la sede centrale da Lucerna a Reussinsel. Il nuovo \"EnergiePark Emmen\" rafforzer\u00e0 l'approvvigionamento energetico regionale, porter\u00e0 fino a 1.000 posti di lavoro nel sito e creer\u00e0 ulteriore valore aggiunto per il comune di Emmen.","canonical_url":"https:\/\/www.immo-invest.ch\/it\/neuer-ckw-hauptsitz-staerkt-emmen\/","robots":"max-image-preview:large","keywords":"","webmasterTools":{"google-site-verification":"fHJKvgWpZCR2zVBHWfkQeFXC11qieUSff0HGNYfuyLA","miscellaneous":""},"schema":{"@context":"https:\/\/schema.org","@graph":[{"@type":"BlogPosting","@id":"https:\/\/www.immo-invest.ch\/it\/neuer-ckw-hauptsitz-staerkt-emmen\/#blogposting","name":"La nuova sede di CKW rafforza Emmen - immo!nvest - Die Plattform f\u00fcr Standorte und Immobilien","headline":"La nuova sede di CKW rafforza Emmen","author":{"@id":"https:\/\/www.immo-invest.ch\/it\/author\/immovestuser\/#author"},"publisher":{"@id":"https:\/\/www.immo-invest.ch\/it\/#organization"},"image":{"@type":"ImageObject","url":"https:\/\/www.immo-invest.ch\/wp-content\/uploads\/2026\/03\/CKW-Rathausen-Richtprojekt-Reuss.png","width":890,"height":508},"datePublished":"2026-03-10T07:00:00+01:00","dateModified":"2026-03-09T16:00:00+01:00","inLanguage":"it-IT","mainEntityOfPage":{"@id":"https:\/\/www.immo-invest.ch\/it\/neuer-ckw-hauptsitz-staerkt-emmen\/#webpage"},"isPartOf":{"@id":"https:\/\/www.immo-invest.ch\/it\/neuer-ckw-hauptsitz-staerkt-emmen\/#webpage"},"articleSection":"Energia, Lucerna, Promozione del territorio, Uffici \/ Commerciale, Energieinfrastruktur, Gewerbeentwicklung, Immoinvest, immoNews, News, Unternehmensstandort, Optional"},{"@type":"BreadcrumbList","@id":"https:\/\/www.immo-invest.ch\/it\/neuer-ckw-hauptsitz-staerkt-emmen\/#breadcrumblist","itemListElement":[{"@type":"ListItem","@id":"https:\/\/www.immo-invest.ch\/it\/#listItem","position":1,"name":"Home","item":"https:\/\/www.immo-invest.ch\/it\/","nextItem":{"@type":"ListItem","@id":"https:\/\/www.immo-invest.ch\/it\/categoria\/regioni\/#listItem","name":"Regioni"}},{"@type":"ListItem","@id":"https:\/\/www.immo-invest.ch\/it\/categoria\/regioni\/#listItem","position":2,"name":"Regioni","item":"https:\/\/www.immo-invest.ch\/it\/categoria\/regioni\/","nextItem":{"@type":"ListItem","@id":"https:\/\/www.immo-invest.ch\/it\/categoria\/regioni\/svizzera\/#listItem","name":"Svizzera"},"previousItem":{"@type":"ListItem","@id":"https:\/\/www.immo-invest.ch\/it\/#listItem","name":"Home"}},{"@type":"ListItem","@id":"https:\/\/www.immo-invest.ch\/it\/categoria\/regioni\/svizzera\/#listItem","position":3,"name":"Svizzera","item":"https:\/\/www.immo-invest.ch\/it\/categoria\/regioni\/svizzera\/","nextItem":{"@type":"ListItem","@id":"https:\/\/www.immo-invest.ch\/it\/categoria\/regioni\/svizzera\/zentralschweiz-it\/#listItem","name":"Zentralschweiz"},"previousItem":{"@type":"ListItem","@id":"https:\/\/www.immo-invest.ch\/it\/categoria\/regioni\/#listItem","name":"Regioni"}},{"@type":"ListItem","@id":"https:\/\/www.immo-invest.ch\/it\/categoria\/regioni\/svizzera\/zentralschweiz-it\/#listItem","position":4,"name":"Zentralschweiz","item":"https:\/\/www.immo-invest.ch\/it\/categoria\/regioni\/svizzera\/zentralschweiz-it\/","nextItem":{"@type":"ListItem","@id":"https:\/\/www.immo-invest.ch\/it\/categoria\/regioni\/svizzera\/zentralschweiz-it\/regione-lucerna\/#listItem","name":"Lucerna"},"previousItem":{"@type":"ListItem","@id":"https:\/\/www.immo-invest.ch\/it\/categoria\/regioni\/svizzera\/#listItem","name":"Svizzera"}},{"@type":"ListItem","@id":"https:\/\/www.immo-invest.ch\/it\/categoria\/regioni\/svizzera\/zentralschweiz-it\/regione-lucerna\/#listItem","position":5,"name":"Lucerna","item":"https:\/\/www.immo-invest.ch\/it\/categoria\/regioni\/svizzera\/zentralschweiz-it\/regione-lucerna\/","nextItem":{"@type":"ListItem","@id":"https:\/\/www.immo-invest.ch\/it\/neuer-ckw-hauptsitz-staerkt-emmen\/#listItem","name":"La nuova sede di CKW rafforza Emmen"},"previousItem":{"@type":"ListItem","@id":"https:\/\/www.immo-invest.ch\/it\/categoria\/regioni\/svizzera\/zentralschweiz-it\/#listItem","name":"Zentralschweiz"}},{"@type":"ListItem","@id":"https:\/\/www.immo-invest.ch\/it\/neuer-ckw-hauptsitz-staerkt-emmen\/#listItem","position":6,"name":"La nuova sede di CKW rafforza Emmen","previousItem":{"@type":"ListItem","@id":"https:\/\/www.immo-invest.ch\/it\/categoria\/regioni\/svizzera\/zentralschweiz-it\/regione-lucerna\/#listItem","name":"Lucerna"}}]},{"@type":"Organization","@id":"https:\/\/www.immo-invest.ch\/it\/#organization","name":"immo!nvest - Die Plattform f\u00fcr Standorte und Immobilien","description":"Die\u00a0Plattform f\u00fcr Standorte und Immobilien","url":"https:\/\/www.immo-invest.ch\/it\/","email":"admin@immomedia.ag","telephone":"+41444420002","logo":{"@type":"ImageObject","url":"https:\/\/www.immo-invest.ch\/wp-content\/uploads\/2024\/09\/immoinvest_sm-scaled.jpg","@id":"https:\/\/www.immo-invest.ch\/it\/neuer-ckw-hauptsitz-staerkt-emmen\/#organizationLogo","width":2560,"height":1340},"image":{"@id":"https:\/\/www.immo-invest.ch\/it\/neuer-ckw-hauptsitz-staerkt-emmen\/#organizationLogo"},"sameAs":["https:\/\/www.facebook.com\/people\/Immoinvest\/100077962920504\/","https:\/\/x.com\/i\/flow\/login?redirect_after_login=immoinvest_ch","https:\/\/www.instagram.com\/immoinvest_ch\/","https:\/\/www.linkedin.com\/company\/immoinvest-swiss"]},{"@type":"Person","@id":"https:\/\/www.immo-invest.ch\/it\/author\/immovestuser\/#author","url":"https:\/\/www.immo-invest.ch\/it\/author\/immovestuser\/","name":"immovestuser","image":{"@type":"ImageObject","@id":"https:\/\/www.immo-invest.ch\/it\/neuer-ckw-hauptsitz-staerkt-emmen\/#authorImage","url":"https:\/\/secure.gravatar.com\/avatar\/8e01f4d99f2eeea7a362ebb93305e1172a70e9293ba250f897a65c39f54cdd1e?s=96&d=mm&r=g","width":96,"height":96,"caption":"immovestuser"}},{"@type":"WebPage","@id":"https:\/\/www.immo-invest.ch\/it\/neuer-ckw-hauptsitz-staerkt-emmen\/#webpage","url":"https:\/\/www.immo-invest.ch\/it\/neuer-ckw-hauptsitz-staerkt-emmen\/","name":"La nuova sede di CKW rafforza Emmen - immo!nvest - Die Plattform f\u00fcr Standorte und Immobilien","description":"CKW intende trasferire le sue unit\u00e0 aziendali da Reussb\u00fchl a Emmen e spostare la sede centrale da Lucerna a Reussinsel. Il nuovo \"EnergiePark Emmen\" rafforzer\u00e0 l'approvvigionamento energetico regionale, porter\u00e0 fino a 1.000 posti di lavoro nel sito e creer\u00e0 ulteriore valore aggiunto per il comune di Emmen.","inLanguage":"it-IT","isPartOf":{"@id":"https:\/\/www.immo-invest.ch\/it\/#website"},"breadcrumb":{"@id":"https:\/\/www.immo-invest.ch\/it\/neuer-ckw-hauptsitz-staerkt-emmen\/#breadcrumblist"},"author":{"@id":"https:\/\/www.immo-invest.ch\/it\/author\/immovestuser\/#author"},"creator":{"@id":"https:\/\/www.immo-invest.ch\/it\/author\/immovestuser\/#author"},"image":{"@type":"ImageObject","url":"https:\/\/www.immo-invest.ch\/wp-content\/uploads\/2026\/03\/CKW-Rathausen-Richtprojekt-Reuss.png","@id":"https:\/\/www.immo-invest.ch\/it\/neuer-ckw-hauptsitz-staerkt-emmen\/#mainImage","width":890,"height":508},"primaryImageOfPage":{"@id":"https:\/\/www.immo-invest.ch\/it\/neuer-ckw-hauptsitz-staerkt-emmen\/#mainImage"},"datePublished":"2026-03-10T07:00:00+01:00","dateModified":"2026-03-09T16:00:00+01:00"},{"@type":"WebSite","@id":"https:\/\/www.immo-invest.ch\/it\/#website","url":"https:\/\/www.immo-invest.ch\/it\/","name":"immo!nvest - Die Plattform f\u00fcr Standorte und Immobilien","description":"Die\u00a0Plattform f\u00fcr Standorte und Immobilien","inLanguage":"it-IT","publisher":{"@id":"https:\/\/www.immo-invest.ch\/it\/#organization"}}]},"og:locale":"it_IT","og:site_name":"immo!nvest - Die Plattform f\u00fcr Standorte und Immobilien - Die\u00a0Plattform f\u00fcr Standorte und Immobilien","og:type":"article","og:title":"La nuova sede di CKW rafforza Emmen - immo!nvest - Die Plattform f\u00fcr Standorte und Immobilien","og:description":"CKW intende trasferire le sue unit\u00e0 aziendali da Reussb\u00fchl a Emmen e spostare la sede centrale da Lucerna a Reussinsel. Il nuovo &quot;EnergiePark Emmen&quot; rafforzer\u00e0 l'approvvigionamento energetico regionale, porter\u00e0 fino a 1.000 posti di lavoro nel sito e creer\u00e0 ulteriore valore aggiunto per il comune di Emmen.","og:url":"https:\/\/www.immo-invest.ch\/it\/neuer-ckw-hauptsitz-staerkt-emmen\/","og:image":"https:\/\/www.immo-invest.ch\/wp-content\/uploads\/2026\/03\/CKW-Rathausen-Richtprojekt-Reuss.png","og:image:secure_url":"https:\/\/www.immo-invest.ch\/wp-content\/uploads\/2026\/03\/CKW-Rathausen-Richtprojekt-Reuss.png","og:image:width":890,"og:image:height":508,"article:published_time":"2026-03-10T06:00:00+00:00","article:modified_time":"2026-03-09T15:00:00+00:00","article:publisher":"https:\/\/www.facebook.com\/people\/Immoinvest\/100077962920504\/","twitter:card":"summary_large_image","twitter:site":"@i","twitter:title":"La nuova sede di CKW rafforza Emmen - immo!nvest - Die Plattform f\u00fcr Standorte und Immobilien","twitter:description":"CKW intende trasferire le sue unit\u00e0 aziendali da Reussb\u00fchl a Emmen e spostare la sede centrale da Lucerna a Reussinsel. Il nuovo &quot;EnergiePark Emmen&quot; rafforzer\u00e0 l'approvvigionamento energetico regionale, porter\u00e0 fino a 1.000 posti di lavoro nel sito e creer\u00e0 ulteriore valore aggiunto per il comune di Emmen.","twitter:creator":"@i","twitter:image":"https:\/\/www.immo-invest.ch\/wp-content\/uploads\/2026\/03\/CKW-Rathausen-Richtprojekt-Reuss.png"},"aioseo_meta_data":{"post_id":"150818","title":null,"description":null,"keywords":null,"keyphrases":{"focus":{"keyphrase":"","score":0,"analysis":{"keyphraseInTitle":{"score":0,"maxScore":9,"error":1}}},"additional":[]},"primary_term":null,"canonical_url":null,"og_title":null,"og_description":null,"og_object_type":"default","og_image_type":"default","og_image_url":null,"og_image_width":null,"og_image_height":null,"og_image_custom_url":null,"og_image_custom_fields":null,"og_video":"","og_custom_url":null,"og_article_section":null,"og_article_tags":null,"twitter_use_og":false,"twitter_card":"default","twitter_image_type":"default","twitter_image_url":null,"twitter_image_custom_url":null,"twitter_image_custom_fields":null,"twitter_title":null,"twitter_description":null,"schema":{"blockGraphs":[],"customGraphs":[],"default":{"data":{"Article":[],"Course":[],"Dataset":[],"FAQPage":[],"Movie":[],"Person":[],"Product":[],"ProductReview":[],"Car":[],"Recipe":[],"Service":[],"SoftwareApplication":[],"WebPage":[]},"graphName":"BlogPosting","isEnabled":true},"graphs":[]},"schema_type":"default","schema_type_options":null,"pillar_content":false,"robots_default":true,"robots_noindex":false,"robots_noarchive":false,"robots_nosnippet":false,"robots_nofollow":false,"robots_noimageindex":false,"robots_noodp":false,"robots_notranslate":false,"robots_max_snippet":"-1","robots_max_videopreview":"-1","robots_max_imagepreview":"large","priority":null,"frequency":"default","local_seo":null,"breadcrumb_settings":null,"limit_modified_date":false,"ai":{"faqs":[],"keyPoints":[],"titles":[],"descriptions":[],"socialPosts":{"email":[],"linkedin":[],"twitter":[],"facebook":[],"instagram":[]}},"created":"2026-03-09 15:00:04","updated":"2026-03-10 06:16:58","seo_analyzer_scan_date":null,"focus_keyword":null,"additional_keywords":null,"truseo_locale":null},"aioseo_breadcrumb":"<div class=\"aioseo-breadcrumbs\"><span class=\"aioseo-breadcrumb\">\n\t\t\t<a href=\"https:\/\/www.immo-invest.ch\/it\/\" title=\"Home\">Home<\/a>\n\t\t<\/span><span class=\"aioseo-breadcrumb-separator\">&raquo;<\/span><span class=\"aioseo-breadcrumb\">\n\t\t\t<a href=\"https:\/\/www.immo-invest.ch\/it\/categoria\/regioni\/\" title=\"Regioni\">Regioni<\/a>\n\t\t<\/span><span class=\"aioseo-breadcrumb-separator\">&raquo;<\/span><span class=\"aioseo-breadcrumb\">\n\t\t\t<a href=\"https:\/\/www.immo-invest.ch\/it\/categoria\/regioni\/svizzera\/\" title=\"Svizzera\">Svizzera<\/a>\n\t\t<\/span><span class=\"aioseo-breadcrumb-separator\">&raquo;<\/span><span class=\"aioseo-breadcrumb\">\n\t\t\t<a href=\"https:\/\/www.immo-invest.ch\/it\/categoria\/regioni\/svizzera\/zentralschweiz-it\/\" title=\"Zentralschweiz\">Zentralschweiz<\/a>\n\t\t<\/span><span class=\"aioseo-breadcrumb-separator\">&raquo;<\/span><span class=\"aioseo-breadcrumb\">\n\t\t\t<a href=\"https:\/\/www.immo-invest.ch\/it\/categoria\/regioni\/svizzera\/zentralschweiz-it\/regione-lucerna\/\" title=\"Lucerna\">Lucerna<\/a>\n\t\t<\/span><span class=\"aioseo-breadcrumb-separator\">&raquo;<\/span><span class=\"aioseo-breadcrumb\">\n\t\t\tLa nuova sede di CKW rafforza Emmen\n\t\t<\/span><\/div>","aioseo_breadcrumb_json":[{"label":"Home","link":"https:\/\/www.immo-invest.ch\/it\/"},{"label":"Regioni","link":"https:\/\/www.immo-invest.ch\/it\/categoria\/regioni\/"},{"label":"Svizzera","link":"https:\/\/www.immo-invest.ch\/it\/categoria\/regioni\/svizzera\/"},{"label":"Zentralschweiz","link":"https:\/\/www.immo-invest.ch\/it\/categoria\/regioni\/svizzera\/zentralschweiz-it\/"},{"label":"Lucerna","link":"https:\/\/www.immo-invest.ch\/it\/categoria\/regioni\/svizzera\/zentralschweiz-it\/regione-lucerna\/"},{"label":"La nuova sede di CKW rafforza Emmen","link":"https:\/\/www.immo-invest.ch\/it\/neuer-ckw-hauptsitz-staerkt-emmen\/"}],"featured_image_src":"https:\/\/www.immo-invest.ch\/wp-content\/uploads\/2026\/03\/CKW-Rathausen-Richtprojekt-Reuss-336x168.png","_links":{"self":[{"href":"https:\/\/www.immo-invest.ch\/it\/wp-json\/wp\/v2\/posts\/150818","targetHints":{"allow":["GET"]}}],"collection":[{"href":"https:\/\/www.immo-invest.ch\/it\/wp-json\/wp\/v2\/posts"}],"about":[{"href":"https:\/\/www.immo-invest.ch\/it\/wp-json\/wp\/v2\/types\/post"}],"author":[{"embeddable":true,"href":"https:\/\/www.immo-invest.ch\/it\/wp-json\/wp\/v2\/users\/2"}],"replies":[{"embeddable":true,"href":"https:\/\/www.immo-invest.ch\/it\/wp-json\/wp\/v2\/comments?post=150818"}],"version-history":[{"count":2,"href":"https:\/\/www.immo-invest.ch\/it\/wp-json\/wp\/v2\/posts\/150818\/revisions"}],"predecessor-version":[{"id":150826,"href":"https:\/\/www.immo-invest.ch\/it\/wp-json\/wp\/v2\/posts\/150818\/revisions\/150826"}],"wp:featuredmedia":[{"embeddable":true,"href":"https:\/\/www.immo-invest.ch\/it\/wp-json\/wp\/v2\/media\/150819"}],"wp:attachment":[{"href":"https:\/\/www.immo-invest.ch\/it\/wp-json\/wp\/v2\/media?parent=150818"}],"wp:term":[{"taxonomy":"category","embeddable":true,"href":"https:\/\/www.immo-invest.ch\/it\/wp-json\/wp\/v2\/categories?post=150818"},{"taxonomy":"post_tag","embeddable":true,"href":"https:\/\/www.immo-invest.ch\/it\/wp-json\/wp\/v2\/tags?post=150818"}],"curies":[{"name":"wp","href":"https:\/\/api.w.org\/{rel}","templated":true}]}}