{"id":150508,"date":"2026-03-05T11:30:00","date_gmt":"2026-03-05T10:30:00","guid":{"rendered":"https:\/\/www.immo-invest.ch\/?p=150508"},"modified":"2026-03-04T09:04:50","modified_gmt":"2026-03-04T08:04:50","slug":"baustelle-fuer-alterszentrum-in-schlieren-wird-im-maerz-eingerichtet","status":"publish","type":"post","link":"https:\/\/www.immo-invest.ch\/it\/baustelle-fuer-alterszentrum-in-schlieren-wird-im-maerz-eingerichtet\/","title":{"rendered":"Il cantiere per il centro anziani a Schlieren sar\u00e0 allestito a marzo"},"content":{"rendered":"<p class=\"bodytext\">A partire dall&rsquo;inizio di marzo 2026, il cantiere per il nuovo centro per anziani<a href=\"https:\/\/www.schlieren.ch\/schluesselprojekte\/16712\" target=\"_blank\" rel=\"noopener\">&laquo;Wohnen am Stadtpark&raquo;<\/a>di Schlieren sar&agrave; visibile alla popolazione. A quel punto inizieranno i lavori preparatori. Il ritardo di un anno &egrave; stato causato da due ricorsi, che per&ograve; sono stati ritirati nel dicembre 2025. Ora le procedure legali sono state completate. Pertanto, secondo un <a href=\"https:\/\/m.schlieren.ch\/index.php?ref=search&amp;refid=383514312&amp;apid=1983925452&amp;jsr=1\" target=\"_blank\" rel=\"noopener\">comunicato<\/a> della <a href=\"https:\/\/m.schlieren.ch\/index.php?apid=7126247\" target=\"_blank\" rel=\"noopener\">citt&agrave; di Schlieren<\/a>, il cantiere pu&ograve; ora essere allestito e possono iniziare anche i primi lavori di costruzione e preparazione. Il primo colpo di piccone ufficiale &egrave; previsto per aprile 2026. I lavori di costruzione dovrebbero essere completati alla fine del 2028.<\/p>\n<p class=\"bodytext\">Con l&rsquo;inizio dei lavori, all&rsquo;inizio di marzo verr&agrave; smantellato anche il parco giochi situato all&rsquo;estremit&agrave; occidentale del parco cittadino. Come comunicato dalla citt&agrave;, presso lo St&uuml;rmeierhuus &egrave; gi&agrave; in fase di realizzazione un nuovo parco giochi comunale, che dovrebbe essere completato in aprile.<\/p>\n<p class=\"bodytext\">Nel referendum popolare del 12 marzo 2023, un credito di 44,32 milioni di franchi per la costruzione del nuovo centro per anziani &egrave; stato approvato con una maggioranza del 76,6%. Come sottolinea la citt&agrave;, esso fornisce &laquo;un contributo importante per garantire un&rsquo;assistenza e una cura agli anziani moderne, adeguate alle esigenze e vicine al luogo di residenza&raquo;.<\/p>\n","protected":false},"excerpt":{"rendered":"<p>I lavori preparatori per il nuovo centro per anziani \u00abWohnen am Stadtpark\u00bb a Schlieren inizieranno a marzo. Il ritiro di due ricorsi nel dicembre 2025 ha spianato la strada al progetto. Il primo colpo di piccone \u00e8 previsto per aprile. <\/p>\n","protected":false},"author":2,"featured_media":150509,"comment_status":"open","ping_status":"open","sticky":false,"template":"","format":"standard","meta":{"pmpro_default_level":"","inline_featured_image":false,"_monsterinsights_skip_tracking":false,"footnotes":""},"categories":[745,9650,56028,55980],"tags":[7863,867,3935,22946,2006,57564],"class_list":["post-150508","post","type-post","status-publish","format-standard","has-post-thumbnail","hentry","category-immonews-it","category-nuove-costruzioni","category-pianificazione-sviluppo","category-promozione-del-territorio","tag-alterszentrum-it","tag-immoinvest-it","tag-immonews-it","tag-neubauprojekt-it","tag-news-it","tag-pflegeinfrastruktur","pmpro-has-access"],"acf":{"bild_mit_ki_erstellt_worden":["Ja"],"lead":"I lavori preparatori per il nuovo centro per anziani \u00abWohnen am Stadtpark\u00bb a Schlieren inizieranno a marzo. Il ritiro di due ricorsi nel dicembre 2025 ha spianato la strada al progetto. Il primo colpo di piccone \u00e8 previsto per aprile. ","autor":"ce\/mm","ort":"Schlieren ZH","bildunterschrift":"","bild_im_grid":false,"gallerie":"","newsim":""},"aioseo_notices":[],"aioseo_head":"\n\t\t<!-- All in One SEO 5.0.0.1 - aioseo.com -->\n\t<meta name=\"description\" content=\"I lavori preparatori per il nuovo centro per anziani \u00abWohnen am Stadtpark\u00bb a Schlieren inizieranno a marzo. Il ritiro di due ricorsi nel dicembre 2025 ha spianato la strada al progetto. Il primo colpo di piccone \u00e8 previsto per aprile.\" \/>\n\t<meta name=\"robots\" content=\"max-image-preview:large\" \/>\n\t<meta name=\"author\" content=\"immovestuser\"\/>\n\t<meta name=\"google-site-verification\" content=\"fHJKvgWpZCR2zVBHWfkQeFXC11qieUSff0HGNYfuyLA\" \/>\n\t<link rel=\"canonical\" href=\"https:\/\/www.immo-invest.ch\/it\/baustelle-fuer-alterszentrum-in-schlieren-wird-im-maerz-eingerichtet\/\" \/>\n\t<meta name=\"generator\" content=\"All in One SEO (AIOSEO) 5.0.0.1\" \/>\n\t\t<meta property=\"og:locale\" content=\"it_IT\" \/>\n\t\t<meta property=\"og:site_name\" content=\"immo!nvest - Die Plattform f\u00fcr Standorte und Immobilien - Die\u00a0Plattform f\u00fcr Standorte und Immobilien\" \/>\n\t\t<meta property=\"og:type\" content=\"article\" \/>\n\t\t<meta property=\"og:title\" content=\"Il cantiere per il centro anziani a Schlieren sar\u00e0 allestito a marzo - immo!nvest - Die Plattform f\u00fcr Standorte und Immobilien\" \/>\n\t\t<meta property=\"og:description\" content=\"I lavori preparatori per il nuovo centro per anziani \u00abWohnen am Stadtpark\u00bb a Schlieren inizieranno a marzo. Il ritiro di due ricorsi nel dicembre 2025 ha spianato la strada al progetto. Il primo colpo di piccone \u00e8 previsto per aprile.\" \/>\n\t\t<meta property=\"og:url\" content=\"https:\/\/www.immo-invest.ch\/it\/baustelle-fuer-alterszentrum-in-schlieren-wird-im-maerz-eingerichtet\/\" \/>\n\t\t<meta property=\"og:image\" content=\"https:\/\/www.immo-invest.ch\/wp-content\/uploads\/2026\/03\/banoviag_modern_senior_living_and_care_residence_building_nex_f77cc725-a45d-417f-a2bc-357bb3cc0802_2.png\" \/>\n\t\t<meta property=\"og:image:secure_url\" content=\"https:\/\/www.immo-invest.ch\/wp-content\/uploads\/2026\/03\/banoviag_modern_senior_living_and_care_residence_building_nex_f77cc725-a45d-417f-a2bc-357bb3cc0802_2.png\" \/>\n\t\t<meta property=\"og:image:width\" content=\"1536\" \/>\n\t\t<meta property=\"og:image:height\" content=\"768\" \/>\n\t\t<meta property=\"article:published_time\" content=\"2026-03-05T10:30:00+00:00\" \/>\n\t\t<meta property=\"article:modified_time\" content=\"2026-03-04T08:04:50+00:00\" \/>\n\t\t<meta property=\"article:publisher\" content=\"https:\/\/www.facebook.com\/people\/Immoinvest\/100077962920504\/\" \/>\n\t\t<meta name=\"twitter:card\" content=\"summary_large_image\" \/>\n\t\t<meta name=\"twitter:site\" content=\"@i\" \/>\n\t\t<meta name=\"twitter:title\" content=\"Il cantiere per il centro anziani a Schlieren sar\u00e0 allestito a marzo - immo!nvest - Die Plattform f\u00fcr Standorte und Immobilien\" \/>\n\t\t<meta name=\"twitter:description\" content=\"I lavori preparatori per il nuovo centro per anziani \u00abWohnen am Stadtpark\u00bb a Schlieren inizieranno a marzo. Il ritiro di due ricorsi nel dicembre 2025 ha spianato la strada al progetto. Il primo colpo di piccone \u00e8 previsto per aprile.\" \/>\n\t\t<meta name=\"twitter:creator\" content=\"@i\" \/>\n\t\t<meta name=\"twitter:image\" content=\"https:\/\/www.immo-invest.ch\/wp-content\/uploads\/2026\/03\/banoviag_modern_senior_living_and_care_residence_building_nex_f77cc725-a45d-417f-a2bc-357bb3cc0802_2.png\" \/>\n\t\t<script type=\"application\/ld+json\" class=\"aioseo-schema\">\n\t\t\t{\"@context\":\"https:\\\/\\\/schema.org\",\"@graph\":[{\"@type\":\"BlogPosting\",\"@id\":\"https:\\\/\\\/www.immo-invest.ch\\\/it\\\/baustelle-fuer-alterszentrum-in-schlieren-wird-im-maerz-eingerichtet\\\/#blogposting\",\"name\":\"Il cantiere per il centro anziani a Schlieren sar\\u00e0 allestito a marzo - immo!nvest - Die Plattform f\\u00fcr Standorte und Immobilien\",\"headline\":\"Il cantiere per il centro anziani a Schlieren sar\\u00e0 allestito a marzo\",\"author\":{\"@id\":\"https:\\\/\\\/www.immo-invest.ch\\\/it\\\/author\\\/immovestuser\\\/#author\"},\"publisher\":{\"@id\":\"https:\\\/\\\/www.immo-invest.ch\\\/it\\\/#organization\"},\"image\":{\"@type\":\"ImageObject\",\"url\":\"https:\\\/\\\/www.immo-invest.ch\\\/wp-content\\\/uploads\\\/2026\\\/03\\\/banoviag_modern_senior_living_and_care_residence_building_nex_f77cc725-a45d-417f-a2bc-357bb3cc0802_2.png\",\"width\":1536,\"height\":768},\"datePublished\":\"2026-03-05T11:30:00+01:00\",\"dateModified\":\"2026-03-04T09:04:50+01:00\",\"inLanguage\":\"it-IT\",\"mainEntityOfPage\":{\"@id\":\"https:\\\/\\\/www.immo-invest.ch\\\/it\\\/baustelle-fuer-alterszentrum-in-schlieren-wird-im-maerz-eingerichtet\\\/#webpage\"},\"isPartOf\":{\"@id\":\"https:\\\/\\\/www.immo-invest.ch\\\/it\\\/baustelle-fuer-alterszentrum-in-schlieren-wird-im-maerz-eingerichtet\\\/#webpage\"},\"articleSection\":\"immoNews, Nuove costruzioni, Pianificazione \\\/ Sviluppo, Promozione del territorio, Alterszentrum, Immoinvest, immoNews, Neubauprojekt, News, Pflegeinfrastruktur, Optional\"},{\"@type\":\"BreadcrumbList\",\"@id\":\"https:\\\/\\\/www.immo-invest.ch\\\/it\\\/baustelle-fuer-alterszentrum-in-schlieren-wird-im-maerz-eingerichtet\\\/#breadcrumblist\",\"itemListElement\":[{\"@type\":\"ListItem\",\"@id\":\"https:\\\/\\\/www.immo-invest.ch\\\/it\\\/#listItem\",\"position\":1,\"name\":\"Home\",\"item\":\"https:\\\/\\\/www.immo-invest.ch\\\/it\\\/\",\"nextItem\":{\"@type\":\"ListItem\",\"@id\":\"https:\\\/\\\/www.immo-invest.ch\\\/it\\\/categoria\\\/progetti\\\/#listItem\",\"name\":\"Progetti\"}},{\"@type\":\"ListItem\",\"@id\":\"https:\\\/\\\/www.immo-invest.ch\\\/it\\\/categoria\\\/progetti\\\/#listItem\",\"position\":2,\"name\":\"Progetti\",\"item\":\"https:\\\/\\\/www.immo-invest.ch\\\/it\\\/categoria\\\/progetti\\\/\",\"nextItem\":{\"@type\":\"ListItem\",\"@id\":\"https:\\\/\\\/www.immo-invest.ch\\\/it\\\/categoria\\\/progetti\\\/nuove-costruzioni\\\/#listItem\",\"name\":\"Nuove costruzioni\"},\"previousItem\":{\"@type\":\"ListItem\",\"@id\":\"https:\\\/\\\/www.immo-invest.ch\\\/it\\\/#listItem\",\"name\":\"Home\"}},{\"@type\":\"ListItem\",\"@id\":\"https:\\\/\\\/www.immo-invest.ch\\\/it\\\/categoria\\\/progetti\\\/nuove-costruzioni\\\/#listItem\",\"position\":3,\"name\":\"Nuove costruzioni\",\"item\":\"https:\\\/\\\/www.immo-invest.ch\\\/it\\\/categoria\\\/progetti\\\/nuove-costruzioni\\\/\",\"nextItem\":{\"@type\":\"ListItem\",\"@id\":\"https:\\\/\\\/www.immo-invest.ch\\\/it\\\/baustelle-fuer-alterszentrum-in-schlieren-wird-im-maerz-eingerichtet\\\/#listItem\",\"name\":\"Il cantiere per il centro anziani a Schlieren sar\\u00e0 allestito a marzo\"},\"previousItem\":{\"@type\":\"ListItem\",\"@id\":\"https:\\\/\\\/www.immo-invest.ch\\\/it\\\/categoria\\\/progetti\\\/#listItem\",\"name\":\"Progetti\"}},{\"@type\":\"ListItem\",\"@id\":\"https:\\\/\\\/www.immo-invest.ch\\\/it\\\/baustelle-fuer-alterszentrum-in-schlieren-wird-im-maerz-eingerichtet\\\/#listItem\",\"position\":4,\"name\":\"Il cantiere per il centro anziani a Schlieren sar\\u00e0 allestito a marzo\",\"previousItem\":{\"@type\":\"ListItem\",\"@id\":\"https:\\\/\\\/www.immo-invest.ch\\\/it\\\/categoria\\\/progetti\\\/nuove-costruzioni\\\/#listItem\",\"name\":\"Nuove costruzioni\"}}]},{\"@type\":\"Organization\",\"@id\":\"https:\\\/\\\/www.immo-invest.ch\\\/it\\\/#organization\",\"name\":\"immo!nvest - Die Plattform f\\u00fcr Standorte und Immobilien\",\"description\":\"Die\\u00a0Plattform f\\u00fcr Standorte und Immobilien\",\"url\":\"https:\\\/\\\/www.immo-invest.ch\\\/it\\\/\",\"email\":\"admin@immomedia.ag\",\"telephone\":\"+41444420002\",\"logo\":{\"@type\":\"ImageObject\",\"url\":\"https:\\\/\\\/www.immo-invest.ch\\\/wp-content\\\/uploads\\\/2024\\\/09\\\/immoinvest_sm-scaled.jpg\",\"@id\":\"https:\\\/\\\/www.immo-invest.ch\\\/it\\\/baustelle-fuer-alterszentrum-in-schlieren-wird-im-maerz-eingerichtet\\\/#organizationLogo\",\"width\":2560,\"height\":1340},\"image\":{\"@id\":\"https:\\\/\\\/www.immo-invest.ch\\\/it\\\/baustelle-fuer-alterszentrum-in-schlieren-wird-im-maerz-eingerichtet\\\/#organizationLogo\"},\"sameAs\":[\"https:\\\/\\\/www.facebook.com\\\/people\\\/Immoinvest\\\/100077962920504\\\/\",\"https:\\\/\\\/x.com\\\/i\\\/flow\\\/login?redirect_after_login=immoinvest_ch\",\"https:\\\/\\\/www.instagram.com\\\/immoinvest_ch\\\/\",\"https:\\\/\\\/www.linkedin.com\\\/company\\\/immoinvest-swiss\"]},{\"@type\":\"Person\",\"@id\":\"https:\\\/\\\/www.immo-invest.ch\\\/it\\\/author\\\/immovestuser\\\/#author\",\"url\":\"https:\\\/\\\/www.immo-invest.ch\\\/it\\\/author\\\/immovestuser\\\/\",\"name\":\"immovestuser\",\"image\":{\"@type\":\"ImageObject\",\"@id\":\"https:\\\/\\\/www.immo-invest.ch\\\/it\\\/baustelle-fuer-alterszentrum-in-schlieren-wird-im-maerz-eingerichtet\\\/#authorImage\",\"url\":\"https:\\\/\\\/secure.gravatar.com\\\/avatar\\\/8e01f4d99f2eeea7a362ebb93305e1172a70e9293ba250f897a65c39f54cdd1e?s=96&d=mm&r=g\",\"width\":96,\"height\":96,\"caption\":\"immovestuser\"}},{\"@type\":\"WebPage\",\"@id\":\"https:\\\/\\\/www.immo-invest.ch\\\/it\\\/baustelle-fuer-alterszentrum-in-schlieren-wird-im-maerz-eingerichtet\\\/#webpage\",\"url\":\"https:\\\/\\\/www.immo-invest.ch\\\/it\\\/baustelle-fuer-alterszentrum-in-schlieren-wird-im-maerz-eingerichtet\\\/\",\"name\":\"Il cantiere per il centro anziani a Schlieren sar\\u00e0 allestito a marzo - immo!nvest - Die Plattform f\\u00fcr Standorte und Immobilien\",\"description\":\"I lavori preparatori per il nuovo centro per anziani \\u00abWohnen am Stadtpark\\u00bb a Schlieren inizieranno a marzo. Il ritiro di due ricorsi nel dicembre 2025 ha spianato la strada al progetto. Il primo colpo di piccone \\u00e8 previsto per aprile.\",\"inLanguage\":\"it-IT\",\"isPartOf\":{\"@id\":\"https:\\\/\\\/www.immo-invest.ch\\\/it\\\/#website\"},\"breadcrumb\":{\"@id\":\"https:\\\/\\\/www.immo-invest.ch\\\/it\\\/baustelle-fuer-alterszentrum-in-schlieren-wird-im-maerz-eingerichtet\\\/#breadcrumblist\"},\"author\":{\"@id\":\"https:\\\/\\\/www.immo-invest.ch\\\/it\\\/author\\\/immovestuser\\\/#author\"},\"creator\":{\"@id\":\"https:\\\/\\\/www.immo-invest.ch\\\/it\\\/author\\\/immovestuser\\\/#author\"},\"image\":{\"@type\":\"ImageObject\",\"url\":\"https:\\\/\\\/www.immo-invest.ch\\\/wp-content\\\/uploads\\\/2026\\\/03\\\/banoviag_modern_senior_living_and_care_residence_building_nex_f77cc725-a45d-417f-a2bc-357bb3cc0802_2.png\",\"@id\":\"https:\\\/\\\/www.immo-invest.ch\\\/it\\\/baustelle-fuer-alterszentrum-in-schlieren-wird-im-maerz-eingerichtet\\\/#mainImage\",\"width\":1536,\"height\":768},\"primaryImageOfPage\":{\"@id\":\"https:\\\/\\\/www.immo-invest.ch\\\/it\\\/baustelle-fuer-alterszentrum-in-schlieren-wird-im-maerz-eingerichtet\\\/#mainImage\"},\"datePublished\":\"2026-03-05T11:30:00+01:00\",\"dateModified\":\"2026-03-04T09:04:50+01:00\"},{\"@type\":\"WebSite\",\"@id\":\"https:\\\/\\\/www.immo-invest.ch\\\/it\\\/#website\",\"url\":\"https:\\\/\\\/www.immo-invest.ch\\\/it\\\/\",\"name\":\"immo!nvest - Die Plattform f\\u00fcr Standorte und Immobilien\",\"description\":\"Die\\u00a0Plattform f\\u00fcr Standorte und Immobilien\",\"inLanguage\":\"it-IT\",\"publisher\":{\"@id\":\"https:\\\/\\\/www.immo-invest.ch\\\/it\\\/#organization\"}}]}\n\t\t<\/script>\n\t\t<!-- All in One SEO -->\n\n","aioseo_head_json":{"title":"Il cantiere per il centro anziani a Schlieren sar\u00e0 allestito a marzo - immo!nvest - Die Plattform f\u00fcr Standorte und Immobilien","description":"I lavori preparatori per il nuovo centro per anziani \u00abWohnen am Stadtpark\u00bb a Schlieren inizieranno a marzo. Il ritiro di due ricorsi nel dicembre 2025 ha spianato la strada al progetto. Il primo colpo di piccone \u00e8 previsto per aprile.","canonical_url":"https:\/\/www.immo-invest.ch\/it\/baustelle-fuer-alterszentrum-in-schlieren-wird-im-maerz-eingerichtet\/","robots":"max-image-preview:large","keywords":"","webmasterTools":{"google-site-verification":"fHJKvgWpZCR2zVBHWfkQeFXC11qieUSff0HGNYfuyLA","miscellaneous":""},"schema":{"@context":"https:\/\/schema.org","@graph":[{"@type":"BlogPosting","@id":"https:\/\/www.immo-invest.ch\/it\/baustelle-fuer-alterszentrum-in-schlieren-wird-im-maerz-eingerichtet\/#blogposting","name":"Il cantiere per il centro anziani a Schlieren sar\u00e0 allestito a marzo - immo!nvest - Die Plattform f\u00fcr Standorte und Immobilien","headline":"Il cantiere per il centro anziani a Schlieren sar\u00e0 allestito a marzo","author":{"@id":"https:\/\/www.immo-invest.ch\/it\/author\/immovestuser\/#author"},"publisher":{"@id":"https:\/\/www.immo-invest.ch\/it\/#organization"},"image":{"@type":"ImageObject","url":"https:\/\/www.immo-invest.ch\/wp-content\/uploads\/2026\/03\/banoviag_modern_senior_living_and_care_residence_building_nex_f77cc725-a45d-417f-a2bc-357bb3cc0802_2.png","width":1536,"height":768},"datePublished":"2026-03-05T11:30:00+01:00","dateModified":"2026-03-04T09:04:50+01:00","inLanguage":"it-IT","mainEntityOfPage":{"@id":"https:\/\/www.immo-invest.ch\/it\/baustelle-fuer-alterszentrum-in-schlieren-wird-im-maerz-eingerichtet\/#webpage"},"isPartOf":{"@id":"https:\/\/www.immo-invest.ch\/it\/baustelle-fuer-alterszentrum-in-schlieren-wird-im-maerz-eingerichtet\/#webpage"},"articleSection":"immoNews, Nuove costruzioni, Pianificazione \/ Sviluppo, Promozione del territorio, Alterszentrum, Immoinvest, immoNews, Neubauprojekt, News, Pflegeinfrastruktur, Optional"},{"@type":"BreadcrumbList","@id":"https:\/\/www.immo-invest.ch\/it\/baustelle-fuer-alterszentrum-in-schlieren-wird-im-maerz-eingerichtet\/#breadcrumblist","itemListElement":[{"@type":"ListItem","@id":"https:\/\/www.immo-invest.ch\/it\/#listItem","position":1,"name":"Home","item":"https:\/\/www.immo-invest.ch\/it\/","nextItem":{"@type":"ListItem","@id":"https:\/\/www.immo-invest.ch\/it\/categoria\/progetti\/#listItem","name":"Progetti"}},{"@type":"ListItem","@id":"https:\/\/www.immo-invest.ch\/it\/categoria\/progetti\/#listItem","position":2,"name":"Progetti","item":"https:\/\/www.immo-invest.ch\/it\/categoria\/progetti\/","nextItem":{"@type":"ListItem","@id":"https:\/\/www.immo-invest.ch\/it\/categoria\/progetti\/nuove-costruzioni\/#listItem","name":"Nuove costruzioni"},"previousItem":{"@type":"ListItem","@id":"https:\/\/www.immo-invest.ch\/it\/#listItem","name":"Home"}},{"@type":"ListItem","@id":"https:\/\/www.immo-invest.ch\/it\/categoria\/progetti\/nuove-costruzioni\/#listItem","position":3,"name":"Nuove costruzioni","item":"https:\/\/www.immo-invest.ch\/it\/categoria\/progetti\/nuove-costruzioni\/","nextItem":{"@type":"ListItem","@id":"https:\/\/www.immo-invest.ch\/it\/baustelle-fuer-alterszentrum-in-schlieren-wird-im-maerz-eingerichtet\/#listItem","name":"Il cantiere per il centro anziani a Schlieren sar\u00e0 allestito a marzo"},"previousItem":{"@type":"ListItem","@id":"https:\/\/www.immo-invest.ch\/it\/categoria\/progetti\/#listItem","name":"Progetti"}},{"@type":"ListItem","@id":"https:\/\/www.immo-invest.ch\/it\/baustelle-fuer-alterszentrum-in-schlieren-wird-im-maerz-eingerichtet\/#listItem","position":4,"name":"Il cantiere per il centro anziani a Schlieren sar\u00e0 allestito a marzo","previousItem":{"@type":"ListItem","@id":"https:\/\/www.immo-invest.ch\/it\/categoria\/progetti\/nuove-costruzioni\/#listItem","name":"Nuove costruzioni"}}]},{"@type":"Organization","@id":"https:\/\/www.immo-invest.ch\/it\/#organization","name":"immo!nvest - Die Plattform f\u00fcr Standorte und Immobilien","description":"Die\u00a0Plattform f\u00fcr Standorte und Immobilien","url":"https:\/\/www.immo-invest.ch\/it\/","email":"admin@immomedia.ag","telephone":"+41444420002","logo":{"@type":"ImageObject","url":"https:\/\/www.immo-invest.ch\/wp-content\/uploads\/2024\/09\/immoinvest_sm-scaled.jpg","@id":"https:\/\/www.immo-invest.ch\/it\/baustelle-fuer-alterszentrum-in-schlieren-wird-im-maerz-eingerichtet\/#organizationLogo","width":2560,"height":1340},"image":{"@id":"https:\/\/www.immo-invest.ch\/it\/baustelle-fuer-alterszentrum-in-schlieren-wird-im-maerz-eingerichtet\/#organizationLogo"},"sameAs":["https:\/\/www.facebook.com\/people\/Immoinvest\/100077962920504\/","https:\/\/x.com\/i\/flow\/login?redirect_after_login=immoinvest_ch","https:\/\/www.instagram.com\/immoinvest_ch\/","https:\/\/www.linkedin.com\/company\/immoinvest-swiss"]},{"@type":"Person","@id":"https:\/\/www.immo-invest.ch\/it\/author\/immovestuser\/#author","url":"https:\/\/www.immo-invest.ch\/it\/author\/immovestuser\/","name":"immovestuser","image":{"@type":"ImageObject","@id":"https:\/\/www.immo-invest.ch\/it\/baustelle-fuer-alterszentrum-in-schlieren-wird-im-maerz-eingerichtet\/#authorImage","url":"https:\/\/secure.gravatar.com\/avatar\/8e01f4d99f2eeea7a362ebb93305e1172a70e9293ba250f897a65c39f54cdd1e?s=96&d=mm&r=g","width":96,"height":96,"caption":"immovestuser"}},{"@type":"WebPage","@id":"https:\/\/www.immo-invest.ch\/it\/baustelle-fuer-alterszentrum-in-schlieren-wird-im-maerz-eingerichtet\/#webpage","url":"https:\/\/www.immo-invest.ch\/it\/baustelle-fuer-alterszentrum-in-schlieren-wird-im-maerz-eingerichtet\/","name":"Il cantiere per il centro anziani a Schlieren sar\u00e0 allestito a marzo - immo!nvest - Die Plattform f\u00fcr Standorte und Immobilien","description":"I lavori preparatori per il nuovo centro per anziani \u00abWohnen am Stadtpark\u00bb a Schlieren inizieranno a marzo. Il ritiro di due ricorsi nel dicembre 2025 ha spianato la strada al progetto. Il primo colpo di piccone \u00e8 previsto per aprile.","inLanguage":"it-IT","isPartOf":{"@id":"https:\/\/www.immo-invest.ch\/it\/#website"},"breadcrumb":{"@id":"https:\/\/www.immo-invest.ch\/it\/baustelle-fuer-alterszentrum-in-schlieren-wird-im-maerz-eingerichtet\/#breadcrumblist"},"author":{"@id":"https:\/\/www.immo-invest.ch\/it\/author\/immovestuser\/#author"},"creator":{"@id":"https:\/\/www.immo-invest.ch\/it\/author\/immovestuser\/#author"},"image":{"@type":"ImageObject","url":"https:\/\/www.immo-invest.ch\/wp-content\/uploads\/2026\/03\/banoviag_modern_senior_living_and_care_residence_building_nex_f77cc725-a45d-417f-a2bc-357bb3cc0802_2.png","@id":"https:\/\/www.immo-invest.ch\/it\/baustelle-fuer-alterszentrum-in-schlieren-wird-im-maerz-eingerichtet\/#mainImage","width":1536,"height":768},"primaryImageOfPage":{"@id":"https:\/\/www.immo-invest.ch\/it\/baustelle-fuer-alterszentrum-in-schlieren-wird-im-maerz-eingerichtet\/#mainImage"},"datePublished":"2026-03-05T11:30:00+01:00","dateModified":"2026-03-04T09:04:50+01:00"},{"@type":"WebSite","@id":"https:\/\/www.immo-invest.ch\/it\/#website","url":"https:\/\/www.immo-invest.ch\/it\/","name":"immo!nvest - Die Plattform f\u00fcr Standorte und Immobilien","description":"Die\u00a0Plattform f\u00fcr Standorte und Immobilien","inLanguage":"it-IT","publisher":{"@id":"https:\/\/www.immo-invest.ch\/it\/#organization"}}]},"og:locale":"it_IT","og:site_name":"immo!nvest - Die Plattform f\u00fcr Standorte und Immobilien - Die\u00a0Plattform f\u00fcr Standorte und Immobilien","og:type":"article","og:title":"Il cantiere per il centro anziani a Schlieren sar\u00e0 allestito a marzo - immo!nvest - Die Plattform f\u00fcr Standorte und Immobilien","og:description":"I lavori preparatori per il nuovo centro per anziani \u00abWohnen am Stadtpark\u00bb a Schlieren inizieranno a marzo. Il ritiro di due ricorsi nel dicembre 2025 ha spianato la strada al progetto. Il primo colpo di piccone \u00e8 previsto per aprile.","og:url":"https:\/\/www.immo-invest.ch\/it\/baustelle-fuer-alterszentrum-in-schlieren-wird-im-maerz-eingerichtet\/","og:image":"https:\/\/www.immo-invest.ch\/wp-content\/uploads\/2026\/03\/banoviag_modern_senior_living_and_care_residence_building_nex_f77cc725-a45d-417f-a2bc-357bb3cc0802_2.png","og:image:secure_url":"https:\/\/www.immo-invest.ch\/wp-content\/uploads\/2026\/03\/banoviag_modern_senior_living_and_care_residence_building_nex_f77cc725-a45d-417f-a2bc-357bb3cc0802_2.png","og:image:width":1536,"og:image:height":768,"article:published_time":"2026-03-05T10:30:00+00:00","article:modified_time":"2026-03-04T08:04:50+00:00","article:publisher":"https:\/\/www.facebook.com\/people\/Immoinvest\/100077962920504\/","twitter:card":"summary_large_image","twitter:site":"@i","twitter:title":"Il cantiere per il centro anziani a Schlieren sar\u00e0 allestito a marzo - immo!nvest - Die Plattform f\u00fcr Standorte und Immobilien","twitter:description":"I lavori preparatori per il nuovo centro per anziani \u00abWohnen am Stadtpark\u00bb a Schlieren inizieranno a marzo. Il ritiro di due ricorsi nel dicembre 2025 ha spianato la strada al progetto. Il primo colpo di piccone \u00e8 previsto per aprile.","twitter:creator":"@i","twitter:image":"https:\/\/www.immo-invest.ch\/wp-content\/uploads\/2026\/03\/banoviag_modern_senior_living_and_care_residence_building_nex_f77cc725-a45d-417f-a2bc-357bb3cc0802_2.png"},"aioseo_meta_data":{"post_id":"150508","title":null,"description":null,"keywords":null,"keyphrases":{"focus":{"keyphrase":"","score":0,"analysis":{"keyphraseInTitle":{"score":0,"maxScore":9,"error":1}}},"additional":[]},"primary_term":null,"canonical_url":null,"og_title":null,"og_description":null,"og_object_type":"default","og_image_type":"default","og_image_url":null,"og_image_width":null,"og_image_height":null,"og_image_custom_url":null,"og_image_custom_fields":null,"og_video":"","og_custom_url":null,"og_article_section":null,"og_article_tags":null,"twitter_use_og":false,"twitter_card":"default","twitter_image_type":"default","twitter_image_url":null,"twitter_image_custom_url":null,"twitter_image_custom_fields":null,"twitter_title":null,"twitter_description":null,"schema":{"blockGraphs":[],"customGraphs":[],"default":{"data":{"Article":[],"Course":[],"Dataset":[],"FAQPage":[],"Movie":[],"Person":[],"Product":[],"ProductReview":[],"Car":[],"Recipe":[],"Service":[],"SoftwareApplication":[],"WebPage":[]},"graphName":"BlogPosting","isEnabled":true},"graphs":[]},"schema_type":"default","schema_type_options":null,"pillar_content":false,"robots_default":true,"robots_noindex":false,"robots_noarchive":false,"robots_nosnippet":false,"robots_nofollow":false,"robots_noimageindex":false,"robots_noodp":false,"robots_notranslate":false,"robots_max_snippet":"-1","robots_max_videopreview":"-1","robots_max_imagepreview":"large","priority":null,"frequency":"default","local_seo":null,"breadcrumb_settings":null,"limit_modified_date":false,"ai":{"faqs":[],"keyPoints":[],"titles":[],"descriptions":[],"socialPosts":{"email":[],"linkedin":[],"twitter":[],"facebook":[],"instagram":[]}},"created":"2026-03-04 08:04:51","updated":"2026-03-05 10:36:55","seo_analyzer_scan_date":null,"focus_keyword":null,"additional_keywords":null,"truseo_locale":null},"aioseo_breadcrumb":"<div class=\"aioseo-breadcrumbs\"><span class=\"aioseo-breadcrumb\">\n\t\t\t<a href=\"https:\/\/www.immo-invest.ch\/it\/\" title=\"Home\">Home<\/a>\n\t\t<\/span><span class=\"aioseo-breadcrumb-separator\">&raquo;<\/span><span class=\"aioseo-breadcrumb\">\n\t\t\t<a href=\"https:\/\/www.immo-invest.ch\/it\/categoria\/progetti\/\" title=\"Progetti\">Progetti<\/a>\n\t\t<\/span><span class=\"aioseo-breadcrumb-separator\">&raquo;<\/span><span class=\"aioseo-breadcrumb\">\n\t\t\t<a href=\"https:\/\/www.immo-invest.ch\/it\/categoria\/progetti\/nuove-costruzioni\/\" title=\"Nuove costruzioni\">Nuove costruzioni<\/a>\n\t\t<\/span><span class=\"aioseo-breadcrumb-separator\">&raquo;<\/span><span class=\"aioseo-breadcrumb\">\n\t\t\tIl cantiere per il centro anziani a Schlieren sar\u00e0 allestito a marzo\n\t\t<\/span><\/div>","aioseo_breadcrumb_json":[{"label":"Home","link":"https:\/\/www.immo-invest.ch\/it\/"},{"label":"Progetti","link":"https:\/\/www.immo-invest.ch\/it\/categoria\/progetti\/"},{"label":"Nuove costruzioni","link":"https:\/\/www.immo-invest.ch\/it\/categoria\/progetti\/nuove-costruzioni\/"},{"label":"Il cantiere per il centro anziani a Schlieren sar\u00e0 allestito a marzo","link":"https:\/\/www.immo-invest.ch\/it\/baustelle-fuer-alterszentrum-in-schlieren-wird-im-maerz-eingerichtet\/"}],"featured_image_src":"https:\/\/www.immo-invest.ch\/wp-content\/uploads\/2026\/03\/banoviag_modern_senior_living_and_care_residence_building_nex_f77cc725-a45d-417f-a2bc-357bb3cc0802_2-336x168.png","_links":{"self":[{"href":"https:\/\/www.immo-invest.ch\/it\/wp-json\/wp\/v2\/posts\/150508","targetHints":{"allow":["GET"]}}],"collection":[{"href":"https:\/\/www.immo-invest.ch\/it\/wp-json\/wp\/v2\/posts"}],"about":[{"href":"https:\/\/www.immo-invest.ch\/it\/wp-json\/wp\/v2\/types\/post"}],"author":[{"embeddable":true,"href":"https:\/\/www.immo-invest.ch\/it\/wp-json\/wp\/v2\/users\/2"}],"replies":[{"embeddable":true,"href":"https:\/\/www.immo-invest.ch\/it\/wp-json\/wp\/v2\/comments?post=150508"}],"version-history":[{"count":2,"href":"https:\/\/www.immo-invest.ch\/it\/wp-json\/wp\/v2\/posts\/150508\/revisions"}],"predecessor-version":[{"id":150515,"href":"https:\/\/www.immo-invest.ch\/it\/wp-json\/wp\/v2\/posts\/150508\/revisions\/150515"}],"wp:featuredmedia":[{"embeddable":true,"href":"https:\/\/www.immo-invest.ch\/it\/wp-json\/wp\/v2\/media\/150509"}],"wp:attachment":[{"href":"https:\/\/www.immo-invest.ch\/it\/wp-json\/wp\/v2\/media?parent=150508"}],"wp:term":[{"taxonomy":"category","embeddable":true,"href":"https:\/\/www.immo-invest.ch\/it\/wp-json\/wp\/v2\/categories?post=150508"},{"taxonomy":"post_tag","embeddable":true,"href":"https:\/\/www.immo-invest.ch\/it\/wp-json\/wp\/v2\/tags?post=150508"}],"curies":[{"name":"wp","href":"https:\/\/api.w.org\/{rel}","templated":true}]}}