{"id":148810,"date":"2026-02-06T08:20:00","date_gmt":"2026-02-06T07:20:00","guid":{"rendered":"https:\/\/www.immo-invest.ch\/?p=148810"},"modified":"2026-02-04T09:47:57","modified_gmt":"2026-02-04T08:47:57","slug":"neue-hoteleroeffnung-staerkt-praesenz-in-mitteleuropa","status":"publish","type":"post","link":"https:\/\/www.immo-invest.ch\/it\/neue-hoteleroeffnung-staerkt-praesenz-in-mitteleuropa\/","title":{"rendered":"La nuova apertura dell&#8217;hotel rafforza la presenza nell&#8217;Europa centrale"},"content":{"rendered":"<p class=\"bodytext\">La catena alberghiera <a href=\"https:\/\/www.swissotel.com\/\" target=\"_blank\" rel=\"noopener\">Swiss&ocirc;tel<\/a> ha annunciato a gennaio l&rsquo;apertura di un nuovo hotel nella localit&agrave; termale ceca di Marienbad (Mari&aacute;nsk&eacute; L&aacute;zn&#283;). Secondo l&rsquo;UNESCO, Marienbad &egrave; considerata una delle citt&agrave; termali pi&ugrave; importanti d&rsquo;Europa. Il nuovo hotel, insieme a quelli recentemente inaugurati in Montenegro e Romania, consolider&agrave; la forte presenza di Swiss&ocirc;tel in Europa, si legge in un <a href=\"https:\/\/press.accor.com\/europe-north-africa\/swissotel-enters-the-czech-republic-with-an-elegant-retreat-in-a-historic-spa-destination?lang=eng\" target=\"_blank\" rel=\"noopener\">comunicato<\/a>. Swiss&ocirc;tel fa parte del <a href=\"https:\/\/group.accor.com\/en\" target=\"_blank\" rel=\"noopener\">gruppo<\/a> francese <a href=\"https:\/\/group.accor.com\/en\" target=\"_blank\" rel=\"noopener\">Accor<\/a>.<\/p>\n<p class=\"bodytext\">&laquo;Lo Swiss&ocirc;tel Mari&aacute;nsk&eacute; L&aacute;zn&#283; &egrave; un&rsquo;apertura pionieristica per il nostro marchio nell&rsquo;Europa centrale&raquo;, spiega Jean Wendling, Vice President Operations Management di Accor, nel comunicato. &laquo;Presentiamo un hotel che combina la gioia di vivere svizzera con il carattere unico della citt&agrave; e offre <span class=\"glossaryLink\"  aria-describedby=\"tt\"  data-cmtooltip=\"&lt;div class=glossaryItemTitle&gt;SIA&lt;\/div&gt;&lt;div class=glossaryItemBody&gt;Schweizerischer Ingenieur- und Architektenverein; massgebender Berufsverband f&uuml;r qualifizierte Fachleute der Bereiche Bau, Technik und Umwelt mit rund f&uuml;nfzehntausend Mitgliedern&lt;\/div&gt;\"  data-mobile-support=\"0\"  data-gt-translate-attributes='[{\"attribute\":\"data-cmtooltip\", \"format\":\"html\"}]' tabindex='0' role='link'>sia<\/span> ai turisti che ai viaggiatori d&rsquo;affari un&rsquo;esperienza di prima classe basata sul benessere e sull&rsquo;equilibrio&raquo;.<\/p>\n<p class=\"bodytext\">Lo Swiss&ocirc;tel Mari&aacute;nsk&eacute; L&aacute;zn&#283; dispone di 102 camere, 22 suite e una suite presidenziale. Inoltre, l&rsquo;hotel offre una vasta gamma di proposte culinarie. Tra queste figurano il 105 Dining Lounge, lo Swiss Caf&eacute; e il bar sulla terrazza sul tetto Pod Oblaky. Gli ospiti possono inoltre usufruire dell&rsquo;area spa e sportiva dell&rsquo;hotel. Per i viaggiatori d&rsquo;affari e gli eventi, l&rsquo;hotel dispone di quattro sale versatili, una sala conferenze e un&rsquo;area per cocktail e presentazioni.<\/p>\n","protected":false},"excerpt":{"rendered":"<p>Swiss\u00f4tel ha inaugurato un nuovo hotel nella localit\u00e0 termale ceca di Marienbad. Il nuovo Swiss\u00f4tel segue gli hotel recentemente inaugurati in Montenegro e Romania e mira a consolidare ulteriormente la forte presenza in Europa.<\/p>\n","protected":false},"author":2,"featured_media":148811,"comment_status":"open","ping_status":"open","sticky":false,"template":"","format":"standard","meta":{"pmpro_default_level":"","inline_featured_image":false,"_monsterinsights_skip_tracking":false,"footnotes":""},"categories":[55998,745,22695,39693],"tags":[867,3935,2006,57089,57090],"class_list":["post-148810","post","type-post","status-publish","format-standard","has-post-thumbnail","hentry","category-hotel-turismo","category-immonews-it","category-societa","category-standorte-it","tag-immoinvest-it","tag-immonews-it","tag-news-it","tag-spa-und-wellness","tag-tourismusstandort","pmpro-has-access"],"acf":{"bild_mit_ki_erstellt_worden":["Ja"],"lead":"Swiss\u00f4tel ha inaugurato un nuovo hotel nella localit\u00e0 termale ceca di Marienbad. Il nuovo Swiss\u00f4tel segue gli hotel recentemente inaugurati in Montenegro e Romania e mira a consolidare ulteriormente la forte presenza in Europa.","autor":"ce\/nta","ort":"Kloten ZH\/Marienbad","bildunterschrift":"","bild_im_grid":false,"gallerie":"","newsim":""},"aioseo_notices":[],"aioseo_head":"\n\t\t<!-- All in One SEO 5.0.0.1 - aioseo.com -->\n\t<meta name=\"description\" content=\"Swiss\u00f4tel ha inaugurato un nuovo hotel nella localit\u00e0 termale ceca di Marienbad. Il nuovo Swiss\u00f4tel segue gli hotel recentemente inaugurati in Montenegro e Romania e mira a consolidare ulteriormente la forte presenza in Europa.\" \/>\n\t<meta name=\"robots\" content=\"max-image-preview:large\" \/>\n\t<meta name=\"author\" content=\"immovestuser\"\/>\n\t<meta name=\"google-site-verification\" content=\"fHJKvgWpZCR2zVBHWfkQeFXC11qieUSff0HGNYfuyLA\" \/>\n\t<link rel=\"canonical\" href=\"https:\/\/www.immo-invest.ch\/it\/neue-hoteleroeffnung-staerkt-praesenz-in-mitteleuropa\/\" \/>\n\t<meta name=\"generator\" content=\"All in One SEO (AIOSEO) 5.0.0.1\" \/>\n\t\t<meta property=\"og:locale\" content=\"it_IT\" \/>\n\t\t<meta property=\"og:site_name\" content=\"immo!nvest - Die Plattform f\u00fcr Standorte und Immobilien - Die\u00a0Plattform f\u00fcr Standorte und Immobilien\" \/>\n\t\t<meta property=\"og:type\" content=\"article\" \/>\n\t\t<meta property=\"og:title\" content=\"La nuova apertura dell\u2019hotel rafforza la presenza nell\u2019Europa centrale - immo!nvest - Die Plattform f\u00fcr Standorte und Immobilien\" \/>\n\t\t<meta property=\"og:description\" content=\"Swiss\u00f4tel ha inaugurato un nuovo hotel nella localit\u00e0 termale ceca di Marienbad. Il nuovo Swiss\u00f4tel segue gli hotel recentemente inaugurati in Montenegro e Romania e mira a consolidare ulteriormente la forte presenza in Europa.\" \/>\n\t\t<meta property=\"og:url\" content=\"https:\/\/www.immo-invest.ch\/it\/neue-hoteleroeffnung-staerkt-praesenz-in-mitteleuropa\/\" \/>\n\t\t<meta property=\"og:image\" content=\"https:\/\/www.immo-invest.ch\/wp-content\/uploads\/2026\/01\/banoviag_realistic_elegant_spa_hotel_exterior_in_a_historic_E_1bffa5f3-8b51-4ef6-8c5c-f5b443e64896_3.png\" \/>\n\t\t<meta property=\"og:image:secure_url\" content=\"https:\/\/www.immo-invest.ch\/wp-content\/uploads\/2026\/01\/banoviag_realistic_elegant_spa_hotel_exterior_in_a_historic_E_1bffa5f3-8b51-4ef6-8c5c-f5b443e64896_3.png\" \/>\n\t\t<meta property=\"og:image:width\" content=\"1536\" \/>\n\t\t<meta property=\"og:image:height\" content=\"768\" \/>\n\t\t<meta property=\"article:published_time\" content=\"2026-02-06T07:20:00+00:00\" \/>\n\t\t<meta property=\"article:modified_time\" content=\"2026-02-04T08:47:57+00:00\" \/>\n\t\t<meta property=\"article:publisher\" content=\"https:\/\/www.facebook.com\/people\/Immoinvest\/100077962920504\/\" \/>\n\t\t<meta name=\"twitter:card\" content=\"summary_large_image\" \/>\n\t\t<meta name=\"twitter:site\" content=\"@i\" \/>\n\t\t<meta name=\"twitter:title\" content=\"La nuova apertura dell\u2019hotel rafforza la presenza nell\u2019Europa centrale - immo!nvest - Die Plattform f\u00fcr Standorte und Immobilien\" \/>\n\t\t<meta name=\"twitter:description\" content=\"Swiss\u00f4tel ha inaugurato un nuovo hotel nella localit\u00e0 termale ceca di Marienbad. Il nuovo Swiss\u00f4tel segue gli hotel recentemente inaugurati in Montenegro e Romania e mira a consolidare ulteriormente la forte presenza in Europa.\" \/>\n\t\t<meta name=\"twitter:creator\" content=\"@i\" \/>\n\t\t<meta name=\"twitter:image\" content=\"https:\/\/www.immo-invest.ch\/wp-content\/uploads\/2026\/01\/banoviag_realistic_elegant_spa_hotel_exterior_in_a_historic_E_1bffa5f3-8b51-4ef6-8c5c-f5b443e64896_3.png\" \/>\n\t\t<script type=\"application\/ld+json\" class=\"aioseo-schema\">\n\t\t\t{\"@context\":\"https:\\\/\\\/schema.org\",\"@graph\":[{\"@type\":\"BlogPosting\",\"@id\":\"https:\\\/\\\/www.immo-invest.ch\\\/it\\\/neue-hoteleroeffnung-staerkt-praesenz-in-mitteleuropa\\\/#blogposting\",\"name\":\"La nuova apertura dell\\u2019hotel rafforza la presenza nell\\u2019Europa centrale - immo!nvest - Die Plattform f\\u00fcr Standorte und Immobilien\",\"headline\":\"La nuova apertura dell&#8217;hotel rafforza la presenza nell&#8217;Europa centrale\",\"author\":{\"@id\":\"https:\\\/\\\/www.immo-invest.ch\\\/it\\\/author\\\/immovestuser\\\/#author\"},\"publisher\":{\"@id\":\"https:\\\/\\\/www.immo-invest.ch\\\/it\\\/#organization\"},\"image\":{\"@type\":\"ImageObject\",\"url\":\"https:\\\/\\\/www.immo-invest.ch\\\/wp-content\\\/uploads\\\/2026\\\/01\\\/banoviag_realistic_elegant_spa_hotel_exterior_in_a_historic_E_1bffa5f3-8b51-4ef6-8c5c-f5b443e64896_3.png\",\"width\":1536,\"height\":768},\"datePublished\":\"2026-02-06T08:20:00+01:00\",\"dateModified\":\"2026-02-04T09:47:57+01:00\",\"inLanguage\":\"it-IT\",\"mainEntityOfPage\":{\"@id\":\"https:\\\/\\\/www.immo-invest.ch\\\/it\\\/neue-hoteleroeffnung-staerkt-praesenz-in-mitteleuropa\\\/#webpage\"},\"isPartOf\":{\"@id\":\"https:\\\/\\\/www.immo-invest.ch\\\/it\\\/neue-hoteleroeffnung-staerkt-praesenz-in-mitteleuropa\\\/#webpage\"},\"articleSection\":\"Hotel \\\/ Turismo, immoNews, Societ\\u00e0, Standorte, Immoinvest, immoNews, News, Spa und Wellness, Tourismusstandort, Optional\"},{\"@type\":\"BreadcrumbList\",\"@id\":\"https:\\\/\\\/www.immo-invest.ch\\\/it\\\/neue-hoteleroeffnung-staerkt-praesenz-in-mitteleuropa\\\/#breadcrumblist\",\"itemListElement\":[{\"@type\":\"ListItem\",\"@id\":\"https:\\\/\\\/www.immo-invest.ch\\\/it\\\/#listItem\",\"position\":1,\"name\":\"Home\",\"item\":\"https:\\\/\\\/www.immo-invest.ch\\\/it\\\/\",\"nextItem\":{\"@type\":\"ListItem\",\"@id\":\"https:\\\/\\\/www.immo-invest.ch\\\/it\\\/categoria\\\/trends-it\\\/#listItem\",\"name\":\"Trends\"}},{\"@type\":\"ListItem\",\"@id\":\"https:\\\/\\\/www.immo-invest.ch\\\/it\\\/categoria\\\/trends-it\\\/#listItem\",\"position\":2,\"name\":\"Trends\",\"item\":\"https:\\\/\\\/www.immo-invest.ch\\\/it\\\/categoria\\\/trends-it\\\/\",\"nextItem\":{\"@type\":\"ListItem\",\"@id\":\"https:\\\/\\\/www.immo-invest.ch\\\/it\\\/categoria\\\/trends-it\\\/societa\\\/#listItem\",\"name\":\"Societ\\u00e0\"},\"previousItem\":{\"@type\":\"ListItem\",\"@id\":\"https:\\\/\\\/www.immo-invest.ch\\\/it\\\/#listItem\",\"name\":\"Home\"}},{\"@type\":\"ListItem\",\"@id\":\"https:\\\/\\\/www.immo-invest.ch\\\/it\\\/categoria\\\/trends-it\\\/societa\\\/#listItem\",\"position\":3,\"name\":\"Societ\\u00e0\",\"item\":\"https:\\\/\\\/www.immo-invest.ch\\\/it\\\/categoria\\\/trends-it\\\/societa\\\/\",\"nextItem\":{\"@type\":\"ListItem\",\"@id\":\"https:\\\/\\\/www.immo-invest.ch\\\/it\\\/neue-hoteleroeffnung-staerkt-praesenz-in-mitteleuropa\\\/#listItem\",\"name\":\"La nuova apertura dell&#8217;hotel rafforza la presenza nell&#8217;Europa centrale\"},\"previousItem\":{\"@type\":\"ListItem\",\"@id\":\"https:\\\/\\\/www.immo-invest.ch\\\/it\\\/categoria\\\/trends-it\\\/#listItem\",\"name\":\"Trends\"}},{\"@type\":\"ListItem\",\"@id\":\"https:\\\/\\\/www.immo-invest.ch\\\/it\\\/neue-hoteleroeffnung-staerkt-praesenz-in-mitteleuropa\\\/#listItem\",\"position\":4,\"name\":\"La nuova apertura dell&#8217;hotel rafforza la presenza nell&#8217;Europa centrale\",\"previousItem\":{\"@type\":\"ListItem\",\"@id\":\"https:\\\/\\\/www.immo-invest.ch\\\/it\\\/categoria\\\/trends-it\\\/societa\\\/#listItem\",\"name\":\"Societ\\u00e0\"}}]},{\"@type\":\"Organization\",\"@id\":\"https:\\\/\\\/www.immo-invest.ch\\\/it\\\/#organization\",\"name\":\"immo!nvest - Die Plattform f\\u00fcr Standorte und Immobilien\",\"description\":\"Die\\u00a0Plattform f\\u00fcr Standorte und Immobilien\",\"url\":\"https:\\\/\\\/www.immo-invest.ch\\\/it\\\/\",\"email\":\"admin@immomedia.ag\",\"telephone\":\"+41444420002\",\"logo\":{\"@type\":\"ImageObject\",\"url\":\"https:\\\/\\\/www.immo-invest.ch\\\/wp-content\\\/uploads\\\/2024\\\/09\\\/immoinvest_sm-scaled.jpg\",\"@id\":\"https:\\\/\\\/www.immo-invest.ch\\\/it\\\/neue-hoteleroeffnung-staerkt-praesenz-in-mitteleuropa\\\/#organizationLogo\",\"width\":2560,\"height\":1340},\"image\":{\"@id\":\"https:\\\/\\\/www.immo-invest.ch\\\/it\\\/neue-hoteleroeffnung-staerkt-praesenz-in-mitteleuropa\\\/#organizationLogo\"},\"sameAs\":[\"https:\\\/\\\/www.facebook.com\\\/people\\\/Immoinvest\\\/100077962920504\\\/\",\"https:\\\/\\\/x.com\\\/i\\\/flow\\\/login?redirect_after_login=immoinvest_ch\",\"https:\\\/\\\/www.instagram.com\\\/immoinvest_ch\\\/\",\"https:\\\/\\\/www.linkedin.com\\\/company\\\/immoinvest-swiss\"]},{\"@type\":\"Person\",\"@id\":\"https:\\\/\\\/www.immo-invest.ch\\\/it\\\/author\\\/immovestuser\\\/#author\",\"url\":\"https:\\\/\\\/www.immo-invest.ch\\\/it\\\/author\\\/immovestuser\\\/\",\"name\":\"immovestuser\",\"image\":{\"@type\":\"ImageObject\",\"@id\":\"https:\\\/\\\/www.immo-invest.ch\\\/it\\\/neue-hoteleroeffnung-staerkt-praesenz-in-mitteleuropa\\\/#authorImage\",\"url\":\"https:\\\/\\\/secure.gravatar.com\\\/avatar\\\/8e01f4d99f2eeea7a362ebb93305e1172a70e9293ba250f897a65c39f54cdd1e?s=96&d=mm&r=g\",\"width\":96,\"height\":96,\"caption\":\"immovestuser\"}},{\"@type\":\"WebPage\",\"@id\":\"https:\\\/\\\/www.immo-invest.ch\\\/it\\\/neue-hoteleroeffnung-staerkt-praesenz-in-mitteleuropa\\\/#webpage\",\"url\":\"https:\\\/\\\/www.immo-invest.ch\\\/it\\\/neue-hoteleroeffnung-staerkt-praesenz-in-mitteleuropa\\\/\",\"name\":\"La nuova apertura dell\\u2019hotel rafforza la presenza nell\\u2019Europa centrale - immo!nvest - Die Plattform f\\u00fcr Standorte und Immobilien\",\"description\":\"Swiss\\u00f4tel ha inaugurato un nuovo hotel nella localit\\u00e0 termale ceca di Marienbad. Il nuovo Swiss\\u00f4tel segue gli hotel recentemente inaugurati in Montenegro e Romania e mira a consolidare ulteriormente la forte presenza in Europa.\",\"inLanguage\":\"it-IT\",\"isPartOf\":{\"@id\":\"https:\\\/\\\/www.immo-invest.ch\\\/it\\\/#website\"},\"breadcrumb\":{\"@id\":\"https:\\\/\\\/www.immo-invest.ch\\\/it\\\/neue-hoteleroeffnung-staerkt-praesenz-in-mitteleuropa\\\/#breadcrumblist\"},\"author\":{\"@id\":\"https:\\\/\\\/www.immo-invest.ch\\\/it\\\/author\\\/immovestuser\\\/#author\"},\"creator\":{\"@id\":\"https:\\\/\\\/www.immo-invest.ch\\\/it\\\/author\\\/immovestuser\\\/#author\"},\"image\":{\"@type\":\"ImageObject\",\"url\":\"https:\\\/\\\/www.immo-invest.ch\\\/wp-content\\\/uploads\\\/2026\\\/01\\\/banoviag_realistic_elegant_spa_hotel_exterior_in_a_historic_E_1bffa5f3-8b51-4ef6-8c5c-f5b443e64896_3.png\",\"@id\":\"https:\\\/\\\/www.immo-invest.ch\\\/it\\\/neue-hoteleroeffnung-staerkt-praesenz-in-mitteleuropa\\\/#mainImage\",\"width\":1536,\"height\":768},\"primaryImageOfPage\":{\"@id\":\"https:\\\/\\\/www.immo-invest.ch\\\/it\\\/neue-hoteleroeffnung-staerkt-praesenz-in-mitteleuropa\\\/#mainImage\"},\"datePublished\":\"2026-02-06T08:20:00+01:00\",\"dateModified\":\"2026-02-04T09:47:57+01:00\"},{\"@type\":\"WebSite\",\"@id\":\"https:\\\/\\\/www.immo-invest.ch\\\/it\\\/#website\",\"url\":\"https:\\\/\\\/www.immo-invest.ch\\\/it\\\/\",\"name\":\"immo!nvest - Die Plattform f\\u00fcr Standorte und Immobilien\",\"description\":\"Die\\u00a0Plattform f\\u00fcr Standorte und Immobilien\",\"inLanguage\":\"it-IT\",\"publisher\":{\"@id\":\"https:\\\/\\\/www.immo-invest.ch\\\/it\\\/#organization\"}}]}\n\t\t<\/script>\n\t\t<!-- All in One SEO -->\n\n","aioseo_head_json":{"title":"La nuova apertura dell\u2019hotel rafforza la presenza nell\u2019Europa centrale - immo!nvest - Die Plattform f\u00fcr Standorte und Immobilien","description":"Swiss\u00f4tel ha inaugurato un nuovo hotel nella localit\u00e0 termale ceca di Marienbad. Il nuovo Swiss\u00f4tel segue gli hotel recentemente inaugurati in Montenegro e Romania e mira a consolidare ulteriormente la forte presenza in Europa.","canonical_url":"https:\/\/www.immo-invest.ch\/it\/neue-hoteleroeffnung-staerkt-praesenz-in-mitteleuropa\/","robots":"max-image-preview:large","keywords":"","webmasterTools":{"google-site-verification":"fHJKvgWpZCR2zVBHWfkQeFXC11qieUSff0HGNYfuyLA","miscellaneous":""},"schema":{"@context":"https:\/\/schema.org","@graph":[{"@type":"BlogPosting","@id":"https:\/\/www.immo-invest.ch\/it\/neue-hoteleroeffnung-staerkt-praesenz-in-mitteleuropa\/#blogposting","name":"La nuova apertura dell\u2019hotel rafforza la presenza nell\u2019Europa centrale - immo!nvest - Die Plattform f\u00fcr Standorte und Immobilien","headline":"La nuova apertura dell&#8217;hotel rafforza la presenza nell&#8217;Europa centrale","author":{"@id":"https:\/\/www.immo-invest.ch\/it\/author\/immovestuser\/#author"},"publisher":{"@id":"https:\/\/www.immo-invest.ch\/it\/#organization"},"image":{"@type":"ImageObject","url":"https:\/\/www.immo-invest.ch\/wp-content\/uploads\/2026\/01\/banoviag_realistic_elegant_spa_hotel_exterior_in_a_historic_E_1bffa5f3-8b51-4ef6-8c5c-f5b443e64896_3.png","width":1536,"height":768},"datePublished":"2026-02-06T08:20:00+01:00","dateModified":"2026-02-04T09:47:57+01:00","inLanguage":"it-IT","mainEntityOfPage":{"@id":"https:\/\/www.immo-invest.ch\/it\/neue-hoteleroeffnung-staerkt-praesenz-in-mitteleuropa\/#webpage"},"isPartOf":{"@id":"https:\/\/www.immo-invest.ch\/it\/neue-hoteleroeffnung-staerkt-praesenz-in-mitteleuropa\/#webpage"},"articleSection":"Hotel \/ Turismo, immoNews, Societ\u00e0, Standorte, Immoinvest, immoNews, News, Spa und Wellness, Tourismusstandort, Optional"},{"@type":"BreadcrumbList","@id":"https:\/\/www.immo-invest.ch\/it\/neue-hoteleroeffnung-staerkt-praesenz-in-mitteleuropa\/#breadcrumblist","itemListElement":[{"@type":"ListItem","@id":"https:\/\/www.immo-invest.ch\/it\/#listItem","position":1,"name":"Home","item":"https:\/\/www.immo-invest.ch\/it\/","nextItem":{"@type":"ListItem","@id":"https:\/\/www.immo-invest.ch\/it\/categoria\/trends-it\/#listItem","name":"Trends"}},{"@type":"ListItem","@id":"https:\/\/www.immo-invest.ch\/it\/categoria\/trends-it\/#listItem","position":2,"name":"Trends","item":"https:\/\/www.immo-invest.ch\/it\/categoria\/trends-it\/","nextItem":{"@type":"ListItem","@id":"https:\/\/www.immo-invest.ch\/it\/categoria\/trends-it\/societa\/#listItem","name":"Societ\u00e0"},"previousItem":{"@type":"ListItem","@id":"https:\/\/www.immo-invest.ch\/it\/#listItem","name":"Home"}},{"@type":"ListItem","@id":"https:\/\/www.immo-invest.ch\/it\/categoria\/trends-it\/societa\/#listItem","position":3,"name":"Societ\u00e0","item":"https:\/\/www.immo-invest.ch\/it\/categoria\/trends-it\/societa\/","nextItem":{"@type":"ListItem","@id":"https:\/\/www.immo-invest.ch\/it\/neue-hoteleroeffnung-staerkt-praesenz-in-mitteleuropa\/#listItem","name":"La nuova apertura dell&#8217;hotel rafforza la presenza nell&#8217;Europa centrale"},"previousItem":{"@type":"ListItem","@id":"https:\/\/www.immo-invest.ch\/it\/categoria\/trends-it\/#listItem","name":"Trends"}},{"@type":"ListItem","@id":"https:\/\/www.immo-invest.ch\/it\/neue-hoteleroeffnung-staerkt-praesenz-in-mitteleuropa\/#listItem","position":4,"name":"La nuova apertura dell&#8217;hotel rafforza la presenza nell&#8217;Europa centrale","previousItem":{"@type":"ListItem","@id":"https:\/\/www.immo-invest.ch\/it\/categoria\/trends-it\/societa\/#listItem","name":"Societ\u00e0"}}]},{"@type":"Organization","@id":"https:\/\/www.immo-invest.ch\/it\/#organization","name":"immo!nvest - Die Plattform f\u00fcr Standorte und Immobilien","description":"Die\u00a0Plattform f\u00fcr Standorte und Immobilien","url":"https:\/\/www.immo-invest.ch\/it\/","email":"admin@immomedia.ag","telephone":"+41444420002","logo":{"@type":"ImageObject","url":"https:\/\/www.immo-invest.ch\/wp-content\/uploads\/2024\/09\/immoinvest_sm-scaled.jpg","@id":"https:\/\/www.immo-invest.ch\/it\/neue-hoteleroeffnung-staerkt-praesenz-in-mitteleuropa\/#organizationLogo","width":2560,"height":1340},"image":{"@id":"https:\/\/www.immo-invest.ch\/it\/neue-hoteleroeffnung-staerkt-praesenz-in-mitteleuropa\/#organizationLogo"},"sameAs":["https:\/\/www.facebook.com\/people\/Immoinvest\/100077962920504\/","https:\/\/x.com\/i\/flow\/login?redirect_after_login=immoinvest_ch","https:\/\/www.instagram.com\/immoinvest_ch\/","https:\/\/www.linkedin.com\/company\/immoinvest-swiss"]},{"@type":"Person","@id":"https:\/\/www.immo-invest.ch\/it\/author\/immovestuser\/#author","url":"https:\/\/www.immo-invest.ch\/it\/author\/immovestuser\/","name":"immovestuser","image":{"@type":"ImageObject","@id":"https:\/\/www.immo-invest.ch\/it\/neue-hoteleroeffnung-staerkt-praesenz-in-mitteleuropa\/#authorImage","url":"https:\/\/secure.gravatar.com\/avatar\/8e01f4d99f2eeea7a362ebb93305e1172a70e9293ba250f897a65c39f54cdd1e?s=96&d=mm&r=g","width":96,"height":96,"caption":"immovestuser"}},{"@type":"WebPage","@id":"https:\/\/www.immo-invest.ch\/it\/neue-hoteleroeffnung-staerkt-praesenz-in-mitteleuropa\/#webpage","url":"https:\/\/www.immo-invest.ch\/it\/neue-hoteleroeffnung-staerkt-praesenz-in-mitteleuropa\/","name":"La nuova apertura dell\u2019hotel rafforza la presenza nell\u2019Europa centrale - immo!nvest - Die Plattform f\u00fcr Standorte und Immobilien","description":"Swiss\u00f4tel ha inaugurato un nuovo hotel nella localit\u00e0 termale ceca di Marienbad. Il nuovo Swiss\u00f4tel segue gli hotel recentemente inaugurati in Montenegro e Romania e mira a consolidare ulteriormente la forte presenza in Europa.","inLanguage":"it-IT","isPartOf":{"@id":"https:\/\/www.immo-invest.ch\/it\/#website"},"breadcrumb":{"@id":"https:\/\/www.immo-invest.ch\/it\/neue-hoteleroeffnung-staerkt-praesenz-in-mitteleuropa\/#breadcrumblist"},"author":{"@id":"https:\/\/www.immo-invest.ch\/it\/author\/immovestuser\/#author"},"creator":{"@id":"https:\/\/www.immo-invest.ch\/it\/author\/immovestuser\/#author"},"image":{"@type":"ImageObject","url":"https:\/\/www.immo-invest.ch\/wp-content\/uploads\/2026\/01\/banoviag_realistic_elegant_spa_hotel_exterior_in_a_historic_E_1bffa5f3-8b51-4ef6-8c5c-f5b443e64896_3.png","@id":"https:\/\/www.immo-invest.ch\/it\/neue-hoteleroeffnung-staerkt-praesenz-in-mitteleuropa\/#mainImage","width":1536,"height":768},"primaryImageOfPage":{"@id":"https:\/\/www.immo-invest.ch\/it\/neue-hoteleroeffnung-staerkt-praesenz-in-mitteleuropa\/#mainImage"},"datePublished":"2026-02-06T08:20:00+01:00","dateModified":"2026-02-04T09:47:57+01:00"},{"@type":"WebSite","@id":"https:\/\/www.immo-invest.ch\/it\/#website","url":"https:\/\/www.immo-invest.ch\/it\/","name":"immo!nvest - Die Plattform f\u00fcr Standorte und Immobilien","description":"Die\u00a0Plattform f\u00fcr Standorte und Immobilien","inLanguage":"it-IT","publisher":{"@id":"https:\/\/www.immo-invest.ch\/it\/#organization"}}]},"og:locale":"it_IT","og:site_name":"immo!nvest - Die Plattform f\u00fcr Standorte und Immobilien - Die\u00a0Plattform f\u00fcr Standorte und Immobilien","og:type":"article","og:title":"La nuova apertura dell\u2019hotel rafforza la presenza nell\u2019Europa centrale - immo!nvest - Die Plattform f\u00fcr Standorte und Immobilien","og:description":"Swiss\u00f4tel ha inaugurato un nuovo hotel nella localit\u00e0 termale ceca di Marienbad. Il nuovo Swiss\u00f4tel segue gli hotel recentemente inaugurati in Montenegro e Romania e mira a consolidare ulteriormente la forte presenza in Europa.","og:url":"https:\/\/www.immo-invest.ch\/it\/neue-hoteleroeffnung-staerkt-praesenz-in-mitteleuropa\/","og:image":"https:\/\/www.immo-invest.ch\/wp-content\/uploads\/2026\/01\/banoviag_realistic_elegant_spa_hotel_exterior_in_a_historic_E_1bffa5f3-8b51-4ef6-8c5c-f5b443e64896_3.png","og:image:secure_url":"https:\/\/www.immo-invest.ch\/wp-content\/uploads\/2026\/01\/banoviag_realistic_elegant_spa_hotel_exterior_in_a_historic_E_1bffa5f3-8b51-4ef6-8c5c-f5b443e64896_3.png","og:image:width":1536,"og:image:height":768,"article:published_time":"2026-02-06T07:20:00+00:00","article:modified_time":"2026-02-04T08:47:57+00:00","article:publisher":"https:\/\/www.facebook.com\/people\/Immoinvest\/100077962920504\/","twitter:card":"summary_large_image","twitter:site":"@i","twitter:title":"La nuova apertura dell\u2019hotel rafforza la presenza nell\u2019Europa centrale - immo!nvest - Die Plattform f\u00fcr Standorte und Immobilien","twitter:description":"Swiss\u00f4tel ha inaugurato un nuovo hotel nella localit\u00e0 termale ceca di Marienbad. Il nuovo Swiss\u00f4tel segue gli hotel recentemente inaugurati in Montenegro e Romania e mira a consolidare ulteriormente la forte presenza in Europa.","twitter:creator":"@i","twitter:image":"https:\/\/www.immo-invest.ch\/wp-content\/uploads\/2026\/01\/banoviag_realistic_elegant_spa_hotel_exterior_in_a_historic_E_1bffa5f3-8b51-4ef6-8c5c-f5b443e64896_3.png"},"aioseo_meta_data":{"post_id":"148810","title":null,"description":null,"keywords":null,"keyphrases":{"focus":{"keyphrase":"","score":0,"analysis":{"keyphraseInTitle":{"score":0,"maxScore":9,"error":1}}},"additional":[]},"primary_term":null,"canonical_url":null,"og_title":null,"og_description":null,"og_object_type":"default","og_image_type":"default","og_image_url":null,"og_image_width":null,"og_image_height":null,"og_image_custom_url":null,"og_image_custom_fields":null,"og_video":"","og_custom_url":null,"og_article_section":null,"og_article_tags":null,"twitter_use_og":false,"twitter_card":"default","twitter_image_type":"default","twitter_image_url":null,"twitter_image_custom_url":null,"twitter_image_custom_fields":null,"twitter_title":null,"twitter_description":null,"schema":{"blockGraphs":[],"customGraphs":[],"default":{"data":{"Article":[],"Course":[],"Dataset":[],"FAQPage":[],"Movie":[],"Person":[],"Product":[],"ProductReview":[],"Car":[],"Recipe":[],"Service":[],"SoftwareApplication":[],"WebPage":[]},"graphName":"BlogPosting","isEnabled":true},"graphs":[]},"schema_type":"default","schema_type_options":null,"pillar_content":false,"robots_default":true,"robots_noindex":false,"robots_noarchive":false,"robots_nosnippet":false,"robots_nofollow":false,"robots_noimageindex":false,"robots_noodp":false,"robots_notranslate":false,"robots_max_snippet":"-1","robots_max_videopreview":"-1","robots_max_imagepreview":"large","priority":null,"frequency":"default","local_seo":null,"breadcrumb_settings":null,"limit_modified_date":false,"ai":{"faqs":[],"keyPoints":[],"titles":[],"descriptions":[],"socialPosts":{"email":[],"linkedin":[],"twitter":[],"facebook":[],"instagram":[]}},"created":"2026-02-04 08:47:57","updated":"2026-02-06 07:34:42","seo_analyzer_scan_date":null,"focus_keyword":null,"additional_keywords":null,"truseo_locale":null},"aioseo_breadcrumb":"<div class=\"aioseo-breadcrumbs\"><span class=\"aioseo-breadcrumb\">\n\t\t\t<a href=\"https:\/\/www.immo-invest.ch\/it\/\" title=\"Home\">Home<\/a>\n\t\t<\/span><span class=\"aioseo-breadcrumb-separator\">&raquo;<\/span><span class=\"aioseo-breadcrumb\">\n\t\t\t<a href=\"https:\/\/www.immo-invest.ch\/it\/categoria\/trends-it\/\" title=\"Trends\">Trends<\/a>\n\t\t<\/span><span class=\"aioseo-breadcrumb-separator\">&raquo;<\/span><span class=\"aioseo-breadcrumb\">\n\t\t\t<a href=\"https:\/\/www.immo-invest.ch\/it\/categoria\/trends-it\/societa\/\" title=\"Societ\u00e0\">Societ\u00e0<\/a>\n\t\t<\/span><span class=\"aioseo-breadcrumb-separator\">&raquo;<\/span><span class=\"aioseo-breadcrumb\">\n\t\t\tLa nuova apertura dell\u2019hotel rafforza la presenza nell\u2019Europa centrale\n\t\t<\/span><\/div>","aioseo_breadcrumb_json":[{"label":"Home","link":"https:\/\/www.immo-invest.ch\/it\/"},{"label":"Trends","link":"https:\/\/www.immo-invest.ch\/it\/categoria\/trends-it\/"},{"label":"Societ\u00e0","link":"https:\/\/www.immo-invest.ch\/it\/categoria\/trends-it\/societa\/"},{"label":"La nuova apertura dell&#8217;hotel rafforza la presenza nell&#8217;Europa centrale","link":"https:\/\/www.immo-invest.ch\/it\/neue-hoteleroeffnung-staerkt-praesenz-in-mitteleuropa\/"}],"featured_image_src":"https:\/\/www.immo-invest.ch\/wp-content\/uploads\/2026\/01\/banoviag_realistic_elegant_spa_hotel_exterior_in_a_historic_E_1bffa5f3-8b51-4ef6-8c5c-f5b443e64896_3-336x168.png","_links":{"self":[{"href":"https:\/\/www.immo-invest.ch\/it\/wp-json\/wp\/v2\/posts\/148810","targetHints":{"allow":["GET"]}}],"collection":[{"href":"https:\/\/www.immo-invest.ch\/it\/wp-json\/wp\/v2\/posts"}],"about":[{"href":"https:\/\/www.immo-invest.ch\/it\/wp-json\/wp\/v2\/types\/post"}],"author":[{"embeddable":true,"href":"https:\/\/www.immo-invest.ch\/it\/wp-json\/wp\/v2\/users\/2"}],"replies":[{"embeddable":true,"href":"https:\/\/www.immo-invest.ch\/it\/wp-json\/wp\/v2\/comments?post=148810"}],"version-history":[{"count":2,"href":"https:\/\/www.immo-invest.ch\/it\/wp-json\/wp\/v2\/posts\/148810\/revisions"}],"predecessor-version":[{"id":148817,"href":"https:\/\/www.immo-invest.ch\/it\/wp-json\/wp\/v2\/posts\/148810\/revisions\/148817"}],"wp:featuredmedia":[{"embeddable":true,"href":"https:\/\/www.immo-invest.ch\/it\/wp-json\/wp\/v2\/media\/148811"}],"wp:attachment":[{"href":"https:\/\/www.immo-invest.ch\/it\/wp-json\/wp\/v2\/media?parent=148810"}],"wp:term":[{"taxonomy":"category","embeddable":true,"href":"https:\/\/www.immo-invest.ch\/it\/wp-json\/wp\/v2\/categories?post=148810"},{"taxonomy":"post_tag","embeddable":true,"href":"https:\/\/www.immo-invest.ch\/it\/wp-json\/wp\/v2\/tags?post=148810"}],"curies":[{"name":"wp","href":"https:\/\/api.w.org\/{rel}","templated":true}]}}