{"id":148707,"date":"2026-02-03T15:40:15","date_gmt":"2026-02-03T14:40:15","guid":{"rendered":"https:\/\/www.immo-invest.ch\/luzerner-wirtschaftsfoerderung-wermelinger-uebernimmt\/"},"modified":"2026-02-03T16:03:03","modified_gmt":"2026-02-03T15:03:03","slug":"luzerner-wirtschaftsfoerderung-wermelinger-uebernimmt","status":"publish","type":"post","link":"https:\/\/www.immo-invest.ch\/it\/luzerner-wirtschaftsfoerderung-wermelinger-uebernimmt\/","title":{"rendered":"Lo sviluppo commerciale di Lucerna \u00e8 affidato a Wermelinger"},"content":{"rendered":"<p class=\"wp-block-paragraph\">Il Consiglio di amministrazione dell&rsquo;Agenzia per lo sviluppo economico di Lucerna ha eletto Patrik Wermelinger, 54 anni, di Lucerna, come nuovo direttore. Patrik Wermelinger &egrave; originario del Cantone di Lucerna, vive con la moglie a Meierskappel e conosce da vicino l&rsquo;economia regionale da molti anni. &Egrave; laureato in economia aziendale e ha conseguito un Executive MBA in General Management presso l&rsquo;Universit&agrave; di Scienze Applicate e Arti di Lucerna.<\/p>\n\n\n\n\n\n<p class=\"wp-block-paragraph\">Attualmente Wermelinger &egrave; Chief Investment Promotion Officer e membro del Comitato esecutivo di Switzerland Global Enterprise. In questo ruolo, assiste le imprese internazionali nella creazione di attivit&agrave; in Svizzera e opera all&rsquo;interfaccia tra il marketing della sede, le decisioni di investimento e la concorrenza globale per i progetti. Questo profilo lo predestina a posizionare Lucerna in modo visibile nella competizione tra le sedi commerciali. Con una chiara comprensione delle esigenze degli investitori internazionali.<\/p>\n\n\n\n\n\n<p class=\"wp-block-paragraph\"><strong>Una testa familiare con un bonus di ritorno<br><\/strong>Patrik Wermelinger non &egrave; nuovo a Lucerna. Dal 2006 al 2016 &egrave; stato responsabile della promozione delle sedi e del marketing presso l&rsquo;Agenzia per lo sviluppo economico di Lucerna. In questo periodo ha costruito un&rsquo;ampia rete di aziende, comuni, istituzioni e partner in Svizzera e all&rsquo;estero. Conosce i punti di forza, ma anche le sfide della regione economica grazie all&rsquo;esperienza pratica. Dall&rsquo;industria e dal turismo ai servizi ad alta intensit&agrave; di conoscenza.<\/p>\n\n\n\n\n\n<p class=\"wp-block-paragraph\">Questo ritorno con un&rsquo;ulteriore esperienza internazionale &egrave; un vantaggio strategico per l&rsquo;organizzazione. Wermelinger porta con s&eacute; una profonda esperienza di trasferimento e promozione della Svizzera nel suo complesso, unita a una chiara visione di Lucerna come marchio indipendente nella competizione tra le localit&agrave;. Questo crea buone condizioni per mantenere le relazioni esistenti e attrarre nuove aziende. Soprattutto in un contesto in cui le decisioni sulle sedi sono pi&ugrave; competitive.<\/p>\n\n\n\n\n\n<p class=\"wp-block-paragraph\"><strong>Transizione ordinata ai vertici<br><\/strong>Patrik Wermelinger assumer&agrave; la carica di Direttore il 1&deg; giugno 2026, mentre l&rsquo;attuale Direttore, Ivan Buck, manterr&agrave; la responsabilit&agrave; operativa fino alla fine di febbraio 2026. In seguito, egli avvier&agrave; una propria societ&agrave; nel campo della gestione delle relazioni. Per la fase di transizione tra marzo e fine maggio 2026, il vicedirettore Andreas Zettel assumer&agrave; la direzione ad interim e garantir&agrave; una transizione senza intoppi.<\/p>\n\n\n\n\n\n<p class=\"wp-block-paragraph\">In questo modo, lo Sviluppo economico di Lucerna si concentra sulla continuit&agrave; delle operazioni in corso e su un chiaro passaggio di consegne. La combinazione di sovrapposizione temporale, soluzione provvisoria interna e successione comunicata tempestivamente rafforza la sicurezza della pianificazione per i partner, i comuni e le aziende che collaborano con l&rsquo;organizzazione.<\/p>\n\n\n\n\n\n<p class=\"wp-block-paragraph\"><strong>Fiducia nella competenza e nella personalit&agrave;<br><\/strong>Il Consiglio di fondazione &egrave; convinto di aver fatto la scelta giusta con Patrik Wermelinger. Il Presidente Erwin Steiger sottolinea l&rsquo;alto livello di competenza e l&rsquo;esperienza internazionale del Direttore designato. Allo stesso tempo, sottolinea il suo modo di fare affidabile e vincente. Una combinazione che &egrave; fondamentale per il lavoro all&rsquo;interfaccia tra politica, amministrazione ed economia.<\/p>\n\n\n\n\n\n<p class=\"wp-block-paragraph\">Con questa decisione sul personale, lo Sviluppo Economico di Lucerna si posiziona per i prossimi anni con un radicamento regionale, una rete internazionale e un direttore al timone che gi&agrave; conosce Lucerna come sede d&rsquo;affari.<\/p>\n\n","protected":false},"excerpt":{"rendered":"<p>Patrik Wermelinger assumer\u00e0 la direzione dell&#8217;organizzazione a partire da giugno 2026. Si tratta di un esperto della regione economica di Lucerna che combina le radici regionali con l&#8217;esperienza di insediamento internazionale. Un segnale di continuit\u00e0 e di sviluppo strategico allo stesso tempo.<\/p>\n","protected":false},"author":2,"featured_media":148708,"comment_status":"open","ping_status":"open","sticky":false,"template":"","format":"standard","meta":{"pmpro_default_level":"","inline_featured_image":false,"_monsterinsights_skip_tracking":false,"footnotes":""},"categories":[55977,9447,4465,55980],"tags":[12148,45948,867,3935,2006,1342],"class_list":["post-148707","post","type-post","status-publish","format-standard","has-post-thumbnail","hentry","category-istituzioni-formazione","category-regione-lucerna","category-persone","category-promozione-del-territorio","tag-ansiedlung-it","tag-fuehrung-it","tag-immoinvest-it","tag-immonews-it","tag-news-it","tag-standortfoerderung-it","pmpro-has-access"],"acf":{"bild_mit_ki_erstellt_worden":"","lead":"Patrik Wermelinger assumer\u00e0 la direzione dell'organizzazione a partire da giugno 2026. Si tratta di un esperto della regione economica di Lucerna che combina le radici regionali con l'esperienza di insediamento internazionale. Un segnale di continuit\u00e0 e di sviluppo strategico allo stesso tempo.","autor":"Quelle Luzern","ort":"","bildunterschrift":"","bild_im_grid":false,"gallerie":"","newsim":""},"aioseo_notices":[],"aioseo_head":"\n\t\t<!-- All in One SEO 5.0.0.1 - aioseo.com -->\n\t<meta name=\"description\" content=\"Patrik Wermelinger assumer\u00e0 la direzione dell&#039;organizzazione a partire da giugno 2026. Si tratta di un esperto della regione economica di Lucerna che combina le radici regionali con l&#039;esperienza di insediamento internazionale. Un segnale di continuit\u00e0 e di sviluppo strategico allo stesso tempo.\" \/>\n\t<meta name=\"robots\" content=\"max-image-preview:large\" \/>\n\t<meta name=\"author\" content=\"immovestuser\"\/>\n\t<meta name=\"google-site-verification\" content=\"fHJKvgWpZCR2zVBHWfkQeFXC11qieUSff0HGNYfuyLA\" \/>\n\t<link rel=\"canonical\" href=\"https:\/\/www.immo-invest.ch\/it\/luzerner-wirtschaftsfoerderung-wermelinger-uebernimmt\/\" \/>\n\t<meta name=\"generator\" content=\"All in One SEO (AIOSEO) 5.0.0.1\" \/>\n\t\t<meta property=\"og:locale\" content=\"it_IT\" \/>\n\t\t<meta property=\"og:site_name\" content=\"immo!nvest - Die Plattform f\u00fcr Standorte und Immobilien - Die\u00a0Plattform f\u00fcr Standorte und Immobilien\" \/>\n\t\t<meta property=\"og:type\" content=\"article\" \/>\n\t\t<meta property=\"og:title\" content=\"Lo sviluppo commerciale di Lucerna \u00e8 affidato a Wermelinger - immo!nvest - Die Plattform f\u00fcr Standorte und Immobilien\" \/>\n\t\t<meta property=\"og:description\" content=\"Patrik Wermelinger assumer\u00e0 la direzione dell&#039;organizzazione a partire da giugno 2026. Si tratta di un esperto della regione economica di Lucerna che combina le radici regionali con l&#039;esperienza di insediamento internazionale. Un segnale di continuit\u00e0 e di sviluppo strategico allo stesso tempo.\" \/>\n\t\t<meta property=\"og:url\" content=\"https:\/\/www.immo-invest.ch\/it\/luzerner-wirtschaftsfoerderung-wermelinger-uebernimmt\/\" \/>\n\t\t<meta property=\"og:image\" content=\"https:\/\/www.immo-invest.ch\/wp-content\/uploads\/2026\/02\/20251218_WFLU_Patrik_Wermelinger-vmake-scaled.jpg\" \/>\n\t\t<meta property=\"og:image:secure_url\" content=\"https:\/\/www.immo-invest.ch\/wp-content\/uploads\/2026\/02\/20251218_WFLU_Patrik_Wermelinger-vmake-scaled.jpg\" \/>\n\t\t<meta property=\"og:image:width\" content=\"2560\" \/>\n\t\t<meta property=\"og:image:height\" content=\"1440\" \/>\n\t\t<meta property=\"article:published_time\" content=\"2026-02-03T14:40:15+00:00\" \/>\n\t\t<meta property=\"article:modified_time\" content=\"2026-02-03T15:03:03+00:00\" \/>\n\t\t<meta property=\"article:publisher\" content=\"https:\/\/www.facebook.com\/people\/Immoinvest\/100077962920504\/\" \/>\n\t\t<meta name=\"twitter:card\" content=\"summary_large_image\" \/>\n\t\t<meta name=\"twitter:site\" content=\"@i\" \/>\n\t\t<meta name=\"twitter:title\" content=\"Lo sviluppo commerciale di Lucerna \u00e8 affidato a Wermelinger - immo!nvest - Die Plattform f\u00fcr Standorte und Immobilien\" \/>\n\t\t<meta name=\"twitter:description\" content=\"Patrik Wermelinger assumer\u00e0 la direzione dell&#039;organizzazione a partire da giugno 2026. Si tratta di un esperto della regione economica di Lucerna che combina le radici regionali con l&#039;esperienza di insediamento internazionale. Un segnale di continuit\u00e0 e di sviluppo strategico allo stesso tempo.\" \/>\n\t\t<meta name=\"twitter:creator\" content=\"@i\" \/>\n\t\t<meta name=\"twitter:image\" content=\"https:\/\/www.immo-invest.ch\/wp-content\/uploads\/2026\/02\/20251218_WFLU_Patrik_Wermelinger-vmake-scaled.jpg\" \/>\n\t\t<script type=\"application\/ld+json\" class=\"aioseo-schema\">\n\t\t\t{\"@context\":\"https:\\\/\\\/schema.org\",\"@graph\":[{\"@type\":\"BlogPosting\",\"@id\":\"https:\\\/\\\/www.immo-invest.ch\\\/it\\\/luzerner-wirtschaftsfoerderung-wermelinger-uebernimmt\\\/#blogposting\",\"name\":\"Lo sviluppo commerciale di Lucerna \\u00e8 affidato a Wermelinger - immo!nvest - Die Plattform f\\u00fcr Standorte und Immobilien\",\"headline\":\"Lo sviluppo commerciale di Lucerna \\u00e8 affidato a Wermelinger\",\"author\":{\"@id\":\"https:\\\/\\\/www.immo-invest.ch\\\/it\\\/author\\\/immovestuser\\\/#author\"},\"publisher\":{\"@id\":\"https:\\\/\\\/www.immo-invest.ch\\\/it\\\/#organization\"},\"image\":{\"@type\":\"ImageObject\",\"url\":\"https:\\\/\\\/www.immo-invest.ch\\\/wp-content\\\/uploads\\\/2026\\\/02\\\/20251218_WFLU_Patrik_Wermelinger-vmake-scaled.jpg\",\"width\":2560,\"height\":1440},\"datePublished\":\"2026-02-03T15:40:15+01:00\",\"dateModified\":\"2026-02-03T16:03:03+01:00\",\"inLanguage\":\"it-IT\",\"mainEntityOfPage\":{\"@id\":\"https:\\\/\\\/www.immo-invest.ch\\\/it\\\/luzerner-wirtschaftsfoerderung-wermelinger-uebernimmt\\\/#webpage\"},\"isPartOf\":{\"@id\":\"https:\\\/\\\/www.immo-invest.ch\\\/it\\\/luzerner-wirtschaftsfoerderung-wermelinger-uebernimmt\\\/#webpage\"},\"articleSection\":\"Istituzioni &amp; Formazione, Lucerna, Persone, Promozione del territorio, Ansiedlung, F\\u00fchrung, Immoinvest, immoNews, News, Standortf\\u00f6rderung, Optional\"},{\"@type\":\"BreadcrumbList\",\"@id\":\"https:\\\/\\\/www.immo-invest.ch\\\/it\\\/luzerner-wirtschaftsfoerderung-wermelinger-uebernimmt\\\/#breadcrumblist\",\"itemListElement\":[{\"@type\":\"ListItem\",\"@id\":\"https:\\\/\\\/www.immo-invest.ch\\\/it\\\/#listItem\",\"position\":1,\"name\":\"Home\",\"item\":\"https:\\\/\\\/www.immo-invest.ch\\\/it\\\/\",\"nextItem\":{\"@type\":\"ListItem\",\"@id\":\"https:\\\/\\\/www.immo-invest.ch\\\/it\\\/categoria\\\/regioni\\\/#listItem\",\"name\":\"Regioni\"}},{\"@type\":\"ListItem\",\"@id\":\"https:\\\/\\\/www.immo-invest.ch\\\/it\\\/categoria\\\/regioni\\\/#listItem\",\"position\":2,\"name\":\"Regioni\",\"item\":\"https:\\\/\\\/www.immo-invest.ch\\\/it\\\/categoria\\\/regioni\\\/\",\"nextItem\":{\"@type\":\"ListItem\",\"@id\":\"https:\\\/\\\/www.immo-invest.ch\\\/it\\\/categoria\\\/regioni\\\/svizzera\\\/#listItem\",\"name\":\"Svizzera\"},\"previousItem\":{\"@type\":\"ListItem\",\"@id\":\"https:\\\/\\\/www.immo-invest.ch\\\/it\\\/#listItem\",\"name\":\"Home\"}},{\"@type\":\"ListItem\",\"@id\":\"https:\\\/\\\/www.immo-invest.ch\\\/it\\\/categoria\\\/regioni\\\/svizzera\\\/#listItem\",\"position\":3,\"name\":\"Svizzera\",\"item\":\"https:\\\/\\\/www.immo-invest.ch\\\/it\\\/categoria\\\/regioni\\\/svizzera\\\/\",\"nextItem\":{\"@type\":\"ListItem\",\"@id\":\"https:\\\/\\\/www.immo-invest.ch\\\/it\\\/categoria\\\/regioni\\\/svizzera\\\/zentralschweiz-it\\\/#listItem\",\"name\":\"Zentralschweiz\"},\"previousItem\":{\"@type\":\"ListItem\",\"@id\":\"https:\\\/\\\/www.immo-invest.ch\\\/it\\\/categoria\\\/regioni\\\/#listItem\",\"name\":\"Regioni\"}},{\"@type\":\"ListItem\",\"@id\":\"https:\\\/\\\/www.immo-invest.ch\\\/it\\\/categoria\\\/regioni\\\/svizzera\\\/zentralschweiz-it\\\/#listItem\",\"position\":4,\"name\":\"Zentralschweiz\",\"item\":\"https:\\\/\\\/www.immo-invest.ch\\\/it\\\/categoria\\\/regioni\\\/svizzera\\\/zentralschweiz-it\\\/\",\"nextItem\":{\"@type\":\"ListItem\",\"@id\":\"https:\\\/\\\/www.immo-invest.ch\\\/it\\\/categoria\\\/regioni\\\/svizzera\\\/zentralschweiz-it\\\/regione-lucerna\\\/#listItem\",\"name\":\"Lucerna\"},\"previousItem\":{\"@type\":\"ListItem\",\"@id\":\"https:\\\/\\\/www.immo-invest.ch\\\/it\\\/categoria\\\/regioni\\\/svizzera\\\/#listItem\",\"name\":\"Svizzera\"}},{\"@type\":\"ListItem\",\"@id\":\"https:\\\/\\\/www.immo-invest.ch\\\/it\\\/categoria\\\/regioni\\\/svizzera\\\/zentralschweiz-it\\\/regione-lucerna\\\/#listItem\",\"position\":5,\"name\":\"Lucerna\",\"item\":\"https:\\\/\\\/www.immo-invest.ch\\\/it\\\/categoria\\\/regioni\\\/svizzera\\\/zentralschweiz-it\\\/regione-lucerna\\\/\",\"nextItem\":{\"@type\":\"ListItem\",\"@id\":\"https:\\\/\\\/www.immo-invest.ch\\\/it\\\/luzerner-wirtschaftsfoerderung-wermelinger-uebernimmt\\\/#listItem\",\"name\":\"Lo sviluppo commerciale di Lucerna \\u00e8 affidato a Wermelinger\"},\"previousItem\":{\"@type\":\"ListItem\",\"@id\":\"https:\\\/\\\/www.immo-invest.ch\\\/it\\\/categoria\\\/regioni\\\/svizzera\\\/zentralschweiz-it\\\/#listItem\",\"name\":\"Zentralschweiz\"}},{\"@type\":\"ListItem\",\"@id\":\"https:\\\/\\\/www.immo-invest.ch\\\/it\\\/luzerner-wirtschaftsfoerderung-wermelinger-uebernimmt\\\/#listItem\",\"position\":6,\"name\":\"Lo sviluppo commerciale di Lucerna \\u00e8 affidato a Wermelinger\",\"previousItem\":{\"@type\":\"ListItem\",\"@id\":\"https:\\\/\\\/www.immo-invest.ch\\\/it\\\/categoria\\\/regioni\\\/svizzera\\\/zentralschweiz-it\\\/regione-lucerna\\\/#listItem\",\"name\":\"Lucerna\"}}]},{\"@type\":\"Organization\",\"@id\":\"https:\\\/\\\/www.immo-invest.ch\\\/it\\\/#organization\",\"name\":\"immo!nvest - Die Plattform f\\u00fcr Standorte und Immobilien\",\"description\":\"Die\\u00a0Plattform f\\u00fcr Standorte und Immobilien\",\"url\":\"https:\\\/\\\/www.immo-invest.ch\\\/it\\\/\",\"email\":\"admin@immomedia.ag\",\"telephone\":\"+41444420002\",\"logo\":{\"@type\":\"ImageObject\",\"url\":\"https:\\\/\\\/www.immo-invest.ch\\\/wp-content\\\/uploads\\\/2024\\\/09\\\/immoinvest_sm-scaled.jpg\",\"@id\":\"https:\\\/\\\/www.immo-invest.ch\\\/it\\\/luzerner-wirtschaftsfoerderung-wermelinger-uebernimmt\\\/#organizationLogo\",\"width\":2560,\"height\":1340},\"image\":{\"@id\":\"https:\\\/\\\/www.immo-invest.ch\\\/it\\\/luzerner-wirtschaftsfoerderung-wermelinger-uebernimmt\\\/#organizationLogo\"},\"sameAs\":[\"https:\\\/\\\/www.facebook.com\\\/people\\\/Immoinvest\\\/100077962920504\\\/\",\"https:\\\/\\\/x.com\\\/i\\\/flow\\\/login?redirect_after_login=immoinvest_ch\",\"https:\\\/\\\/www.instagram.com\\\/immoinvest_ch\\\/\",\"https:\\\/\\\/www.linkedin.com\\\/company\\\/immoinvest-swiss\"]},{\"@type\":\"Person\",\"@id\":\"https:\\\/\\\/www.immo-invest.ch\\\/it\\\/author\\\/immovestuser\\\/#author\",\"url\":\"https:\\\/\\\/www.immo-invest.ch\\\/it\\\/author\\\/immovestuser\\\/\",\"name\":\"immovestuser\",\"image\":{\"@type\":\"ImageObject\",\"@id\":\"https:\\\/\\\/www.immo-invest.ch\\\/it\\\/luzerner-wirtschaftsfoerderung-wermelinger-uebernimmt\\\/#authorImage\",\"url\":\"https:\\\/\\\/secure.gravatar.com\\\/avatar\\\/8e01f4d99f2eeea7a362ebb93305e1172a70e9293ba250f897a65c39f54cdd1e?s=96&d=mm&r=g\",\"width\":96,\"height\":96,\"caption\":\"immovestuser\"}},{\"@type\":\"WebPage\",\"@id\":\"https:\\\/\\\/www.immo-invest.ch\\\/it\\\/luzerner-wirtschaftsfoerderung-wermelinger-uebernimmt\\\/#webpage\",\"url\":\"https:\\\/\\\/www.immo-invest.ch\\\/it\\\/luzerner-wirtschaftsfoerderung-wermelinger-uebernimmt\\\/\",\"name\":\"Lo sviluppo commerciale di Lucerna \\u00e8 affidato a Wermelinger - immo!nvest - Die Plattform f\\u00fcr Standorte und Immobilien\",\"description\":\"Patrik Wermelinger assumer\\u00e0 la direzione dell'organizzazione a partire da giugno 2026. Si tratta di un esperto della regione economica di Lucerna che combina le radici regionali con l'esperienza di insediamento internazionale. Un segnale di continuit\\u00e0 e di sviluppo strategico allo stesso tempo.\",\"inLanguage\":\"it-IT\",\"isPartOf\":{\"@id\":\"https:\\\/\\\/www.immo-invest.ch\\\/it\\\/#website\"},\"breadcrumb\":{\"@id\":\"https:\\\/\\\/www.immo-invest.ch\\\/it\\\/luzerner-wirtschaftsfoerderung-wermelinger-uebernimmt\\\/#breadcrumblist\"},\"author\":{\"@id\":\"https:\\\/\\\/www.immo-invest.ch\\\/it\\\/author\\\/immovestuser\\\/#author\"},\"creator\":{\"@id\":\"https:\\\/\\\/www.immo-invest.ch\\\/it\\\/author\\\/immovestuser\\\/#author\"},\"image\":{\"@type\":\"ImageObject\",\"url\":\"https:\\\/\\\/www.immo-invest.ch\\\/wp-content\\\/uploads\\\/2026\\\/02\\\/20251218_WFLU_Patrik_Wermelinger-vmake-scaled.jpg\",\"@id\":\"https:\\\/\\\/www.immo-invest.ch\\\/it\\\/luzerner-wirtschaftsfoerderung-wermelinger-uebernimmt\\\/#mainImage\",\"width\":2560,\"height\":1440},\"primaryImageOfPage\":{\"@id\":\"https:\\\/\\\/www.immo-invest.ch\\\/it\\\/luzerner-wirtschaftsfoerderung-wermelinger-uebernimmt\\\/#mainImage\"},\"datePublished\":\"2026-02-03T15:40:15+01:00\",\"dateModified\":\"2026-02-03T16:03:03+01:00\"},{\"@type\":\"WebSite\",\"@id\":\"https:\\\/\\\/www.immo-invest.ch\\\/it\\\/#website\",\"url\":\"https:\\\/\\\/www.immo-invest.ch\\\/it\\\/\",\"name\":\"immo!nvest - Die Plattform f\\u00fcr Standorte und Immobilien\",\"description\":\"Die\\u00a0Plattform f\\u00fcr Standorte und Immobilien\",\"inLanguage\":\"it-IT\",\"publisher\":{\"@id\":\"https:\\\/\\\/www.immo-invest.ch\\\/it\\\/#organization\"}}]}\n\t\t<\/script>\n\t\t<!-- All in One SEO -->\n\n","aioseo_head_json":{"title":"Lo sviluppo commerciale di Lucerna \u00e8 affidato a Wermelinger - immo!nvest - Die Plattform f\u00fcr Standorte und Immobilien","description":"Patrik Wermelinger assumer\u00e0 la direzione dell'organizzazione a partire da giugno 2026. Si tratta di un esperto della regione economica di Lucerna che combina le radici regionali con l'esperienza di insediamento internazionale. Un segnale di continuit\u00e0 e di sviluppo strategico allo stesso tempo.","canonical_url":"https:\/\/www.immo-invest.ch\/it\/luzerner-wirtschaftsfoerderung-wermelinger-uebernimmt\/","robots":"max-image-preview:large","keywords":"","webmasterTools":{"google-site-verification":"fHJKvgWpZCR2zVBHWfkQeFXC11qieUSff0HGNYfuyLA","miscellaneous":""},"schema":{"@context":"https:\/\/schema.org","@graph":[{"@type":"BlogPosting","@id":"https:\/\/www.immo-invest.ch\/it\/luzerner-wirtschaftsfoerderung-wermelinger-uebernimmt\/#blogposting","name":"Lo sviluppo commerciale di Lucerna \u00e8 affidato a Wermelinger - immo!nvest - Die Plattform f\u00fcr Standorte und Immobilien","headline":"Lo sviluppo commerciale di Lucerna \u00e8 affidato a Wermelinger","author":{"@id":"https:\/\/www.immo-invest.ch\/it\/author\/immovestuser\/#author"},"publisher":{"@id":"https:\/\/www.immo-invest.ch\/it\/#organization"},"image":{"@type":"ImageObject","url":"https:\/\/www.immo-invest.ch\/wp-content\/uploads\/2026\/02\/20251218_WFLU_Patrik_Wermelinger-vmake-scaled.jpg","width":2560,"height":1440},"datePublished":"2026-02-03T15:40:15+01:00","dateModified":"2026-02-03T16:03:03+01:00","inLanguage":"it-IT","mainEntityOfPage":{"@id":"https:\/\/www.immo-invest.ch\/it\/luzerner-wirtschaftsfoerderung-wermelinger-uebernimmt\/#webpage"},"isPartOf":{"@id":"https:\/\/www.immo-invest.ch\/it\/luzerner-wirtschaftsfoerderung-wermelinger-uebernimmt\/#webpage"},"articleSection":"Istituzioni &amp; Formazione, Lucerna, Persone, Promozione del territorio, Ansiedlung, F\u00fchrung, Immoinvest, immoNews, News, Standortf\u00f6rderung, Optional"},{"@type":"BreadcrumbList","@id":"https:\/\/www.immo-invest.ch\/it\/luzerner-wirtschaftsfoerderung-wermelinger-uebernimmt\/#breadcrumblist","itemListElement":[{"@type":"ListItem","@id":"https:\/\/www.immo-invest.ch\/it\/#listItem","position":1,"name":"Home","item":"https:\/\/www.immo-invest.ch\/it\/","nextItem":{"@type":"ListItem","@id":"https:\/\/www.immo-invest.ch\/it\/categoria\/regioni\/#listItem","name":"Regioni"}},{"@type":"ListItem","@id":"https:\/\/www.immo-invest.ch\/it\/categoria\/regioni\/#listItem","position":2,"name":"Regioni","item":"https:\/\/www.immo-invest.ch\/it\/categoria\/regioni\/","nextItem":{"@type":"ListItem","@id":"https:\/\/www.immo-invest.ch\/it\/categoria\/regioni\/svizzera\/#listItem","name":"Svizzera"},"previousItem":{"@type":"ListItem","@id":"https:\/\/www.immo-invest.ch\/it\/#listItem","name":"Home"}},{"@type":"ListItem","@id":"https:\/\/www.immo-invest.ch\/it\/categoria\/regioni\/svizzera\/#listItem","position":3,"name":"Svizzera","item":"https:\/\/www.immo-invest.ch\/it\/categoria\/regioni\/svizzera\/","nextItem":{"@type":"ListItem","@id":"https:\/\/www.immo-invest.ch\/it\/categoria\/regioni\/svizzera\/zentralschweiz-it\/#listItem","name":"Zentralschweiz"},"previousItem":{"@type":"ListItem","@id":"https:\/\/www.immo-invest.ch\/it\/categoria\/regioni\/#listItem","name":"Regioni"}},{"@type":"ListItem","@id":"https:\/\/www.immo-invest.ch\/it\/categoria\/regioni\/svizzera\/zentralschweiz-it\/#listItem","position":4,"name":"Zentralschweiz","item":"https:\/\/www.immo-invest.ch\/it\/categoria\/regioni\/svizzera\/zentralschweiz-it\/","nextItem":{"@type":"ListItem","@id":"https:\/\/www.immo-invest.ch\/it\/categoria\/regioni\/svizzera\/zentralschweiz-it\/regione-lucerna\/#listItem","name":"Lucerna"},"previousItem":{"@type":"ListItem","@id":"https:\/\/www.immo-invest.ch\/it\/categoria\/regioni\/svizzera\/#listItem","name":"Svizzera"}},{"@type":"ListItem","@id":"https:\/\/www.immo-invest.ch\/it\/categoria\/regioni\/svizzera\/zentralschweiz-it\/regione-lucerna\/#listItem","position":5,"name":"Lucerna","item":"https:\/\/www.immo-invest.ch\/it\/categoria\/regioni\/svizzera\/zentralschweiz-it\/regione-lucerna\/","nextItem":{"@type":"ListItem","@id":"https:\/\/www.immo-invest.ch\/it\/luzerner-wirtschaftsfoerderung-wermelinger-uebernimmt\/#listItem","name":"Lo sviluppo commerciale di Lucerna \u00e8 affidato a Wermelinger"},"previousItem":{"@type":"ListItem","@id":"https:\/\/www.immo-invest.ch\/it\/categoria\/regioni\/svizzera\/zentralschweiz-it\/#listItem","name":"Zentralschweiz"}},{"@type":"ListItem","@id":"https:\/\/www.immo-invest.ch\/it\/luzerner-wirtschaftsfoerderung-wermelinger-uebernimmt\/#listItem","position":6,"name":"Lo sviluppo commerciale di Lucerna \u00e8 affidato a Wermelinger","previousItem":{"@type":"ListItem","@id":"https:\/\/www.immo-invest.ch\/it\/categoria\/regioni\/svizzera\/zentralschweiz-it\/regione-lucerna\/#listItem","name":"Lucerna"}}]},{"@type":"Organization","@id":"https:\/\/www.immo-invest.ch\/it\/#organization","name":"immo!nvest - Die Plattform f\u00fcr Standorte und Immobilien","description":"Die\u00a0Plattform f\u00fcr Standorte und Immobilien","url":"https:\/\/www.immo-invest.ch\/it\/","email":"admin@immomedia.ag","telephone":"+41444420002","logo":{"@type":"ImageObject","url":"https:\/\/www.immo-invest.ch\/wp-content\/uploads\/2024\/09\/immoinvest_sm-scaled.jpg","@id":"https:\/\/www.immo-invest.ch\/it\/luzerner-wirtschaftsfoerderung-wermelinger-uebernimmt\/#organizationLogo","width":2560,"height":1340},"image":{"@id":"https:\/\/www.immo-invest.ch\/it\/luzerner-wirtschaftsfoerderung-wermelinger-uebernimmt\/#organizationLogo"},"sameAs":["https:\/\/www.facebook.com\/people\/Immoinvest\/100077962920504\/","https:\/\/x.com\/i\/flow\/login?redirect_after_login=immoinvest_ch","https:\/\/www.instagram.com\/immoinvest_ch\/","https:\/\/www.linkedin.com\/company\/immoinvest-swiss"]},{"@type":"Person","@id":"https:\/\/www.immo-invest.ch\/it\/author\/immovestuser\/#author","url":"https:\/\/www.immo-invest.ch\/it\/author\/immovestuser\/","name":"immovestuser","image":{"@type":"ImageObject","@id":"https:\/\/www.immo-invest.ch\/it\/luzerner-wirtschaftsfoerderung-wermelinger-uebernimmt\/#authorImage","url":"https:\/\/secure.gravatar.com\/avatar\/8e01f4d99f2eeea7a362ebb93305e1172a70e9293ba250f897a65c39f54cdd1e?s=96&d=mm&r=g","width":96,"height":96,"caption":"immovestuser"}},{"@type":"WebPage","@id":"https:\/\/www.immo-invest.ch\/it\/luzerner-wirtschaftsfoerderung-wermelinger-uebernimmt\/#webpage","url":"https:\/\/www.immo-invest.ch\/it\/luzerner-wirtschaftsfoerderung-wermelinger-uebernimmt\/","name":"Lo sviluppo commerciale di Lucerna \u00e8 affidato a Wermelinger - immo!nvest - Die Plattform f\u00fcr Standorte und Immobilien","description":"Patrik Wermelinger assumer\u00e0 la direzione dell'organizzazione a partire da giugno 2026. Si tratta di un esperto della regione economica di Lucerna che combina le radici regionali con l'esperienza di insediamento internazionale. Un segnale di continuit\u00e0 e di sviluppo strategico allo stesso tempo.","inLanguage":"it-IT","isPartOf":{"@id":"https:\/\/www.immo-invest.ch\/it\/#website"},"breadcrumb":{"@id":"https:\/\/www.immo-invest.ch\/it\/luzerner-wirtschaftsfoerderung-wermelinger-uebernimmt\/#breadcrumblist"},"author":{"@id":"https:\/\/www.immo-invest.ch\/it\/author\/immovestuser\/#author"},"creator":{"@id":"https:\/\/www.immo-invest.ch\/it\/author\/immovestuser\/#author"},"image":{"@type":"ImageObject","url":"https:\/\/www.immo-invest.ch\/wp-content\/uploads\/2026\/02\/20251218_WFLU_Patrik_Wermelinger-vmake-scaled.jpg","@id":"https:\/\/www.immo-invest.ch\/it\/luzerner-wirtschaftsfoerderung-wermelinger-uebernimmt\/#mainImage","width":2560,"height":1440},"primaryImageOfPage":{"@id":"https:\/\/www.immo-invest.ch\/it\/luzerner-wirtschaftsfoerderung-wermelinger-uebernimmt\/#mainImage"},"datePublished":"2026-02-03T15:40:15+01:00","dateModified":"2026-02-03T16:03:03+01:00"},{"@type":"WebSite","@id":"https:\/\/www.immo-invest.ch\/it\/#website","url":"https:\/\/www.immo-invest.ch\/it\/","name":"immo!nvest - Die Plattform f\u00fcr Standorte und Immobilien","description":"Die\u00a0Plattform f\u00fcr Standorte und Immobilien","inLanguage":"it-IT","publisher":{"@id":"https:\/\/www.immo-invest.ch\/it\/#organization"}}]},"og:locale":"it_IT","og:site_name":"immo!nvest - Die Plattform f\u00fcr Standorte und Immobilien - Die\u00a0Plattform f\u00fcr Standorte und Immobilien","og:type":"article","og:title":"Lo sviluppo commerciale di Lucerna \u00e8 affidato a Wermelinger - immo!nvest - Die Plattform f\u00fcr Standorte und Immobilien","og:description":"Patrik Wermelinger assumer\u00e0 la direzione dell'organizzazione a partire da giugno 2026. Si tratta di un esperto della regione economica di Lucerna che combina le radici regionali con l'esperienza di insediamento internazionale. Un segnale di continuit\u00e0 e di sviluppo strategico allo stesso tempo.","og:url":"https:\/\/www.immo-invest.ch\/it\/luzerner-wirtschaftsfoerderung-wermelinger-uebernimmt\/","og:image":"https:\/\/www.immo-invest.ch\/wp-content\/uploads\/2026\/02\/20251218_WFLU_Patrik_Wermelinger-vmake-scaled.jpg","og:image:secure_url":"https:\/\/www.immo-invest.ch\/wp-content\/uploads\/2026\/02\/20251218_WFLU_Patrik_Wermelinger-vmake-scaled.jpg","og:image:width":2560,"og:image:height":1440,"article:published_time":"2026-02-03T14:40:15+00:00","article:modified_time":"2026-02-03T15:03:03+00:00","article:publisher":"https:\/\/www.facebook.com\/people\/Immoinvest\/100077962920504\/","twitter:card":"summary_large_image","twitter:site":"@i","twitter:title":"Lo sviluppo commerciale di Lucerna \u00e8 affidato a Wermelinger - immo!nvest - Die Plattform f\u00fcr Standorte und Immobilien","twitter:description":"Patrik Wermelinger assumer\u00e0 la direzione dell'organizzazione a partire da giugno 2026. Si tratta di un esperto della regione economica di Lucerna che combina le radici regionali con l'esperienza di insediamento internazionale. Un segnale di continuit\u00e0 e di sviluppo strategico allo stesso tempo.","twitter:creator":"@i","twitter:image":"https:\/\/www.immo-invest.ch\/wp-content\/uploads\/2026\/02\/20251218_WFLU_Patrik_Wermelinger-vmake-scaled.jpg"},"aioseo_meta_data":{"post_id":"148707","title":null,"description":null,"keywords":null,"keyphrases":{"focus":{"keyphrase":"","score":0,"analysis":{"keyphraseInTitle":{"score":0,"maxScore":9,"error":1}}},"additional":[]},"primary_term":null,"canonical_url":null,"og_title":null,"og_description":null,"og_object_type":"default","og_image_type":"default","og_image_url":null,"og_image_width":null,"og_image_height":null,"og_image_custom_url":null,"og_image_custom_fields":null,"og_video":"","og_custom_url":null,"og_article_section":null,"og_article_tags":null,"twitter_use_og":false,"twitter_card":"default","twitter_image_type":"default","twitter_image_url":null,"twitter_image_custom_url":null,"twitter_image_custom_fields":null,"twitter_title":null,"twitter_description":null,"schema":{"blockGraphs":[],"customGraphs":[],"default":{"data":{"Article":[],"Course":[],"Dataset":[],"FAQPage":[],"Movie":[],"Person":[],"Product":[],"ProductReview":[],"Car":[],"Recipe":[],"Service":[],"SoftwareApplication":[],"WebPage":[]},"graphName":"BlogPosting","isEnabled":true},"graphs":[]},"schema_type":"default","schema_type_options":null,"pillar_content":false,"robots_default":true,"robots_noindex":false,"robots_noarchive":false,"robots_nosnippet":false,"robots_nofollow":false,"robots_noimageindex":false,"robots_noodp":false,"robots_notranslate":false,"robots_max_snippet":"-1","robots_max_videopreview":"-1","robots_max_imagepreview":"large","priority":null,"frequency":"default","local_seo":null,"breadcrumb_settings":null,"limit_modified_date":false,"ai":{"faqs":[],"keyPoints":[],"titles":[],"descriptions":[],"socialPosts":{"email":[],"linkedin":[],"twitter":[],"facebook":[],"instagram":[]}},"created":"2026-02-03 15:00:56","updated":"2026-02-03 15:07:30","seo_analyzer_scan_date":null,"focus_keyword":null,"additional_keywords":null,"truseo_locale":null},"aioseo_breadcrumb":"<div class=\"aioseo-breadcrumbs\"><span class=\"aioseo-breadcrumb\">\n\t\t\t<a href=\"https:\/\/www.immo-invest.ch\/it\/\" title=\"Home\">Home<\/a>\n\t\t<\/span><span class=\"aioseo-breadcrumb-separator\">&raquo;<\/span><span class=\"aioseo-breadcrumb\">\n\t\t\t<a href=\"https:\/\/www.immo-invest.ch\/it\/categoria\/regioni\/\" title=\"Regioni\">Regioni<\/a>\n\t\t<\/span><span class=\"aioseo-breadcrumb-separator\">&raquo;<\/span><span class=\"aioseo-breadcrumb\">\n\t\t\t<a href=\"https:\/\/www.immo-invest.ch\/it\/categoria\/regioni\/svizzera\/\" title=\"Svizzera\">Svizzera<\/a>\n\t\t<\/span><span class=\"aioseo-breadcrumb-separator\">&raquo;<\/span><span class=\"aioseo-breadcrumb\">\n\t\t\t<a href=\"https:\/\/www.immo-invest.ch\/it\/categoria\/regioni\/svizzera\/zentralschweiz-it\/\" title=\"Zentralschweiz\">Zentralschweiz<\/a>\n\t\t<\/span><span class=\"aioseo-breadcrumb-separator\">&raquo;<\/span><span class=\"aioseo-breadcrumb\">\n\t\t\t<a href=\"https:\/\/www.immo-invest.ch\/it\/categoria\/regioni\/svizzera\/zentralschweiz-it\/regione-lucerna\/\" title=\"Lucerna\">Lucerna<\/a>\n\t\t<\/span><span class=\"aioseo-breadcrumb-separator\">&raquo;<\/span><span class=\"aioseo-breadcrumb\">\n\t\t\tLo sviluppo commerciale di Lucerna \u00e8 affidato a Wermelinger\n\t\t<\/span><\/div>","aioseo_breadcrumb_json":[{"label":"Home","link":"https:\/\/www.immo-invest.ch\/it\/"},{"label":"Regioni","link":"https:\/\/www.immo-invest.ch\/it\/categoria\/regioni\/"},{"label":"Svizzera","link":"https:\/\/www.immo-invest.ch\/it\/categoria\/regioni\/svizzera\/"},{"label":"Zentralschweiz","link":"https:\/\/www.immo-invest.ch\/it\/categoria\/regioni\/svizzera\/zentralschweiz-it\/"},{"label":"Lucerna","link":"https:\/\/www.immo-invest.ch\/it\/categoria\/regioni\/svizzera\/zentralschweiz-it\/regione-lucerna\/"},{"label":"Lo sviluppo commerciale di Lucerna \u00e8 affidato a Wermelinger","link":"https:\/\/www.immo-invest.ch\/it\/luzerner-wirtschaftsfoerderung-wermelinger-uebernimmt\/"}],"featured_image_src":"https:\/\/www.immo-invest.ch\/wp-content\/uploads\/2026\/02\/20251218_WFLU_Patrik_Wermelinger-vmake-336x168.jpg","_links":{"self":[{"href":"https:\/\/www.immo-invest.ch\/it\/wp-json\/wp\/v2\/posts\/148707","targetHints":{"allow":["GET"]}}],"collection":[{"href":"https:\/\/www.immo-invest.ch\/it\/wp-json\/wp\/v2\/posts"}],"about":[{"href":"https:\/\/www.immo-invest.ch\/it\/wp-json\/wp\/v2\/types\/post"}],"author":[{"embeddable":true,"href":"https:\/\/www.immo-invest.ch\/it\/wp-json\/wp\/v2\/users\/2"}],"replies":[{"embeddable":true,"href":"https:\/\/www.immo-invest.ch\/it\/wp-json\/wp\/v2\/comments?post=148707"}],"version-history":[{"count":2,"href":"https:\/\/www.immo-invest.ch\/it\/wp-json\/wp\/v2\/posts\/148707\/revisions"}],"predecessor-version":[{"id":148714,"href":"https:\/\/www.immo-invest.ch\/it\/wp-json\/wp\/v2\/posts\/148707\/revisions\/148714"}],"wp:featuredmedia":[{"embeddable":true,"href":"https:\/\/www.immo-invest.ch\/it\/wp-json\/wp\/v2\/media\/148708"}],"wp:attachment":[{"href":"https:\/\/www.immo-invest.ch\/it\/wp-json\/wp\/v2\/media?parent=148707"}],"wp:term":[{"taxonomy":"category","embeddable":true,"href":"https:\/\/www.immo-invest.ch\/it\/wp-json\/wp\/v2\/categories?post=148707"},{"taxonomy":"post_tag","embeddable":true,"href":"https:\/\/www.immo-invest.ch\/it\/wp-json\/wp\/v2\/tags?post=148707"}],"curies":[{"name":"wp","href":"https:\/\/api.w.org\/{rel}","templated":true}]}}