{"id":148254,"date":"2026-01-30T16:20:00","date_gmt":"2026-01-30T15:20:00","guid":{"rendered":"https:\/\/www.immo-invest.ch\/?p=148254"},"modified":"2026-01-28T10:27:53","modified_gmt":"2026-01-28T09:27:53","slug":"neuordnung-der-fuehrung-im-kuechen-und-lueftungsmarkt","status":"publish","type":"post","link":"https:\/\/www.immo-invest.ch\/it\/neuordnung-der-fuehrung-im-kuechen-und-lueftungsmarkt\/","title":{"rendered":"Riorganizzazione della leadership nel mercato delle cucine e dei sistemi di ventilazione"},"content":{"rendered":"<p class=\"bodytext\">L&rsquo;ulteriore integrazione della <a href=\"https:\/\/www.wesco.ch\/\" target=\"_blank\" rel=\"noopener\">WESCO AG<\/a> di Wettingen nel <a href=\"https:\/\/www.franke.com\/\" target=\"_blank\" rel=\"noopener\">Gruppo Franke<\/a> con sede ad Aarburg comporta una riorganizzazione della direzione aziendale: dal 1&deg; febbraio 2026 Gregory Oswald torner&agrave; alla <a href=\"https:\/\/www.franke.com\/de\/de\/home-solutions.html\" target=\"_blank\" rel=\"noopener\">Franke Home Solutions<\/a> in qualit&agrave; di amministratore delegato per il mercato DACH. In qualit&agrave; di responsabile di questa divisione del Gruppo Franke, Oswald sar&agrave; responsabile <span class=\"glossaryLink\"  aria-describedby=\"tt\"  data-cmtooltip=\"&lt;div class=glossaryItemTitle&gt;SIA&lt;\/div&gt;&lt;div class=glossaryItemBody&gt;Schweizerischer Ingenieur- und Architektenverein; massgebender Berufsverband f&uuml;r qualifizierte Fachleute der Bereiche Bau, Technik und Umwelt mit rund f&uuml;nfzehntausend Mitgliedern&lt;\/div&gt;\"  data-mobile-support=\"0\"  data-gt-translate-attributes='[{\"attribute\":\"data-cmtooltip\", \"format\":\"html\"}]' tabindex='0' role='link'>sia<\/span> del marchio Franke che dei marchi <a href=\"https:\/\/www.berbel.de\/\" target=\"_blank\" rel=\"noopener\">WESCO berbel<\/a> e Wesco, &laquo;una base importante per una pi&ugrave; stretta collaborazione, mentre i marchi continueranno ad operare in modo indipendente sul mercato&raquo;, si legge in un <a href=\"https:\/\/www.presseportal.ch\/de\/pm\/100053819\/100937891\" target=\"_blank\" rel=\"noopener\">comunicato<\/a>.<\/p>\n<p class=\"bodytext\">La divisione Home Solutions di Franke &egrave; un fornitore globale di sistemi e soluzioni intelligenti per la cucina domestica. Con 4200 dipendenti in oltre 30 paesi, genera un fatturato netto di 932 milioni di franchi. Il 45enne Oswald ha gi&agrave; guidato questa divisione dal 2022 al 2024. Successivamente ha assunto la guida del gruppo WESCO, <a href=\"https:\/\/www.franke.com\/de\/de\/gruppe\/medien\/2024\/erwerb-wesco.html\" target=\"_blank\" rel=\"noopener\">acquisito<\/a> da Franke nel settembre 2024. Il gruppo WESCO, fondato nel 1962, ha sede a Wettingen. L&rsquo;azienda a conduzione familiare &egrave; specializzata in cappe aspiranti e sistemi di ventilazione.<\/p>\n<p class=\"bodytext\">Corrado Mura, CEO ad interim e presidente di Franke Home Solutions, sottolinea che la &laquo;profonda conoscenza del mercato DACH, della gestione dei prodotti e dei marchi acquisita da Gregory Oswald in posizioni chiave all&rsquo;interno di Franke Home Solutions&raquo; sar&agrave; fondamentale per l&rsquo;ulteriore sviluppo dell&rsquo;azienda. &laquo;La sua pluriennale esperienza ci aiuter&agrave; a combinare in modo ottimale le competenze e a promuovere la nostra crescita in modo sostenibile&raquo;.<\/p>\n","protected":false},"excerpt":{"rendered":"<p>Dal 1\u00b0 febbraio 2026 Gregory Oswald torner\u00e0 a ricoprire la carica di CEO per il mercato DACH di Franke Home Solutions. Ha gi\u00e0 guidato questa divisione del gruppo Franke di Argovia dal 2022 al 2024. Successivamente \u00e8 stato CEO della WESCO AG di Wettingen, acquisita da Franke nel 2024.<\/p>\n","protected":false},"author":2,"featured_media":148255,"comment_status":"open","ping_status":"open","sticky":false,"template":"","format":"standard","meta":{"pmpro_default_level":"","inline_featured_image":false,"_monsterinsights_skip_tracking":false,"footnotes":""},"categories":[745,4465,22695,55971],"tags":[28657,867,3935,56940,56941,56942,2006,56943],"class_list":["post-148254","post","type-post","status-publish","format-standard","has-post-thumbnail","hentry","category-immonews-it","category-persone","category-societa","category-transazioni-deal","tag-geschaeftsfuehrung-it","tag-immoinvest-it","tag-immonews-it","tag-kuechenloesungen","tag-lueftungssysteme","tag-markenstrategie","tag-news-it","tag-unternehmensintegration","pmpro-has-access"],"acf":{"bild_mit_ki_erstellt_worden":["Ja"],"lead":"Dal 1\u00b0 febbraio 2026 Gregory Oswald torner\u00e0 a ricoprire la carica di CEO per il mercato DACH di Franke Home Solutions. Ha gi\u00e0 guidato questa divisione del gruppo Franke di Argovia dal 2022 al 2024. Successivamente \u00e8 stato CEO della WESCO AG di Wettingen, acquisita da Franke nel 2024.","autor":"ce\/mm","ort":"Aarburg\/Wettingen AG","bildunterschrift":"","bild_im_grid":false,"gallerie":"","newsim":""},"aioseo_notices":[],"aioseo_head":"\n\t\t<!-- All in One SEO 5.0.0.1 - aioseo.com -->\n\t<meta name=\"description\" content=\"Dal 1\u00b0 febbraio 2026 Gregory Oswald torner\u00e0 a ricoprire la carica di CEO per il mercato DACH di Franke Home Solutions. Ha gi\u00e0 guidato questa divisione del gruppo Franke di Argovia dal 2022 al 2024. Successivamente \u00e8 stato CEO della WESCO AG di Wettingen, acquisita da Franke nel 2024.\" \/>\n\t<meta name=\"robots\" content=\"max-image-preview:large\" \/>\n\t<meta name=\"author\" content=\"immovestuser\"\/>\n\t<meta name=\"google-site-verification\" content=\"fHJKvgWpZCR2zVBHWfkQeFXC11qieUSff0HGNYfuyLA\" \/>\n\t<link rel=\"canonical\" href=\"https:\/\/www.immo-invest.ch\/it\/neuordnung-der-fuehrung-im-kuechen-und-lueftungsmarkt\/\" \/>\n\t<meta name=\"generator\" content=\"All in One SEO (AIOSEO) 5.0.0.1\" \/>\n\t\t<meta property=\"og:locale\" content=\"it_IT\" \/>\n\t\t<meta property=\"og:site_name\" content=\"immo!nvest - Die Plattform f\u00fcr Standorte und Immobilien - Die\u00a0Plattform f\u00fcr Standorte und Immobilien\" \/>\n\t\t<meta property=\"og:type\" content=\"article\" \/>\n\t\t<meta property=\"og:title\" content=\"Riorganizzazione della leadership nel mercato delle cucine e dei sistemi di ventilazione - immo!nvest - Die Plattform f\u00fcr Standorte und Immobilien\" \/>\n\t\t<meta property=\"og:description\" content=\"Dal 1\u00b0 febbraio 2026 Gregory Oswald torner\u00e0 a ricoprire la carica di CEO per il mercato DACH di Franke Home Solutions. Ha gi\u00e0 guidato questa divisione del gruppo Franke di Argovia dal 2022 al 2024. Successivamente \u00e8 stato CEO della WESCO AG di Wettingen, acquisita da Franke nel 2024.\" \/>\n\t\t<meta property=\"og:url\" content=\"https:\/\/www.immo-invest.ch\/it\/neuordnung-der-fuehrung-im-kuechen-und-lueftungsmarkt\/\" \/>\n\t\t<meta property=\"og:image\" content=\"https:\/\/www.immo-invest.ch\/wp-content\/uploads\/2026\/01\/banoviag_realistic_modern_corporate_office_interior_executive_38d051d9-7041-476b-b1a6-29a22e115f55_1.png\" \/>\n\t\t<meta property=\"og:image:secure_url\" content=\"https:\/\/www.immo-invest.ch\/wp-content\/uploads\/2026\/01\/banoviag_realistic_modern_corporate_office_interior_executive_38d051d9-7041-476b-b1a6-29a22e115f55_1.png\" \/>\n\t\t<meta property=\"og:image:width\" content=\"1536\" \/>\n\t\t<meta property=\"og:image:height\" content=\"768\" \/>\n\t\t<meta property=\"article:published_time\" content=\"2026-01-30T15:20:00+00:00\" \/>\n\t\t<meta property=\"article:modified_time\" content=\"2026-01-28T09:27:53+00:00\" \/>\n\t\t<meta property=\"article:publisher\" content=\"https:\/\/www.facebook.com\/people\/Immoinvest\/100077962920504\/\" \/>\n\t\t<meta name=\"twitter:card\" content=\"summary_large_image\" \/>\n\t\t<meta name=\"twitter:site\" content=\"@i\" \/>\n\t\t<meta name=\"twitter:title\" content=\"Riorganizzazione della leadership nel mercato delle cucine e dei sistemi di ventilazione - immo!nvest - Die Plattform f\u00fcr Standorte und Immobilien\" \/>\n\t\t<meta name=\"twitter:description\" content=\"Dal 1\u00b0 febbraio 2026 Gregory Oswald torner\u00e0 a ricoprire la carica di CEO per il mercato DACH di Franke Home Solutions. Ha gi\u00e0 guidato questa divisione del gruppo Franke di Argovia dal 2022 al 2024. Successivamente \u00e8 stato CEO della WESCO AG di Wettingen, acquisita da Franke nel 2024.\" \/>\n\t\t<meta name=\"twitter:creator\" content=\"@i\" \/>\n\t\t<meta name=\"twitter:image\" content=\"https:\/\/www.immo-invest.ch\/wp-content\/uploads\/2026\/01\/banoviag_realistic_modern_corporate_office_interior_executive_38d051d9-7041-476b-b1a6-29a22e115f55_1.png\" \/>\n\t\t<script type=\"application\/ld+json\" class=\"aioseo-schema\">\n\t\t\t{\"@context\":\"https:\\\/\\\/schema.org\",\"@graph\":[{\"@type\":\"BlogPosting\",\"@id\":\"https:\\\/\\\/www.immo-invest.ch\\\/it\\\/neuordnung-der-fuehrung-im-kuechen-und-lueftungsmarkt\\\/#blogposting\",\"name\":\"Riorganizzazione della leadership nel mercato delle cucine e dei sistemi di ventilazione - immo!nvest - Die Plattform f\\u00fcr Standorte und Immobilien\",\"headline\":\"Riorganizzazione della leadership nel mercato delle cucine e dei sistemi di ventilazione\",\"author\":{\"@id\":\"https:\\\/\\\/www.immo-invest.ch\\\/it\\\/author\\\/immovestuser\\\/#author\"},\"publisher\":{\"@id\":\"https:\\\/\\\/www.immo-invest.ch\\\/it\\\/#organization\"},\"image\":{\"@type\":\"ImageObject\",\"url\":\"https:\\\/\\\/www.immo-invest.ch\\\/wp-content\\\/uploads\\\/2026\\\/01\\\/banoviag_realistic_modern_corporate_office_interior_executive_38d051d9-7041-476b-b1a6-29a22e115f55_1.png\",\"width\":1536,\"height\":768},\"datePublished\":\"2026-01-30T16:20:00+01:00\",\"dateModified\":\"2026-01-28T10:27:53+01:00\",\"inLanguage\":\"it-IT\",\"mainEntityOfPage\":{\"@id\":\"https:\\\/\\\/www.immo-invest.ch\\\/it\\\/neuordnung-der-fuehrung-im-kuechen-und-lueftungsmarkt\\\/#webpage\"},\"isPartOf\":{\"@id\":\"https:\\\/\\\/www.immo-invest.ch\\\/it\\\/neuordnung-der-fuehrung-im-kuechen-und-lueftungsmarkt\\\/#webpage\"},\"articleSection\":\"immoNews, Persone, Societ\\u00e0, Transazioni \\\/ Deal, Gesch\\u00e4ftsf\\u00fchrung, Immoinvest, immoNews, K\\u00fcchenl\\u00f6sungen, L\\u00fcftungssysteme, Markenstrategie, News, Unternehmensintegration, Optional\"},{\"@type\":\"BreadcrumbList\",\"@id\":\"https:\\\/\\\/www.immo-invest.ch\\\/it\\\/neuordnung-der-fuehrung-im-kuechen-und-lueftungsmarkt\\\/#breadcrumblist\",\"itemListElement\":[{\"@type\":\"ListItem\",\"@id\":\"https:\\\/\\\/www.immo-invest.ch\\\/it\\\/#listItem\",\"position\":1,\"name\":\"Home\",\"item\":\"https:\\\/\\\/www.immo-invest.ch\\\/it\\\/\",\"nextItem\":{\"@type\":\"ListItem\",\"@id\":\"https:\\\/\\\/www.immo-invest.ch\\\/it\\\/categoria\\\/persone-2\\\/#listItem\",\"name\":\"Persone\"}},{\"@type\":\"ListItem\",\"@id\":\"https:\\\/\\\/www.immo-invest.ch\\\/it\\\/categoria\\\/persone-2\\\/#listItem\",\"position\":2,\"name\":\"Persone\",\"item\":\"https:\\\/\\\/www.immo-invest.ch\\\/it\\\/categoria\\\/persone-2\\\/\",\"nextItem\":{\"@type\":\"ListItem\",\"@id\":\"https:\\\/\\\/www.immo-invest.ch\\\/it\\\/categoria\\\/persone-2\\\/persone\\\/#listItem\",\"name\":\"Persone\"},\"previousItem\":{\"@type\":\"ListItem\",\"@id\":\"https:\\\/\\\/www.immo-invest.ch\\\/it\\\/#listItem\",\"name\":\"Home\"}},{\"@type\":\"ListItem\",\"@id\":\"https:\\\/\\\/www.immo-invest.ch\\\/it\\\/categoria\\\/persone-2\\\/persone\\\/#listItem\",\"position\":3,\"name\":\"Persone\",\"item\":\"https:\\\/\\\/www.immo-invest.ch\\\/it\\\/categoria\\\/persone-2\\\/persone\\\/\",\"nextItem\":{\"@type\":\"ListItem\",\"@id\":\"https:\\\/\\\/www.immo-invest.ch\\\/it\\\/neuordnung-der-fuehrung-im-kuechen-und-lueftungsmarkt\\\/#listItem\",\"name\":\"Riorganizzazione della leadership nel mercato delle cucine e dei sistemi di ventilazione\"},\"previousItem\":{\"@type\":\"ListItem\",\"@id\":\"https:\\\/\\\/www.immo-invest.ch\\\/it\\\/categoria\\\/persone-2\\\/#listItem\",\"name\":\"Persone\"}},{\"@type\":\"ListItem\",\"@id\":\"https:\\\/\\\/www.immo-invest.ch\\\/it\\\/neuordnung-der-fuehrung-im-kuechen-und-lueftungsmarkt\\\/#listItem\",\"position\":4,\"name\":\"Riorganizzazione della leadership nel mercato delle cucine e dei sistemi di ventilazione\",\"previousItem\":{\"@type\":\"ListItem\",\"@id\":\"https:\\\/\\\/www.immo-invest.ch\\\/it\\\/categoria\\\/persone-2\\\/persone\\\/#listItem\",\"name\":\"Persone\"}}]},{\"@type\":\"Organization\",\"@id\":\"https:\\\/\\\/www.immo-invest.ch\\\/it\\\/#organization\",\"name\":\"immo!nvest - Die Plattform f\\u00fcr Standorte und Immobilien\",\"description\":\"Die\\u00a0Plattform f\\u00fcr Standorte und Immobilien\",\"url\":\"https:\\\/\\\/www.immo-invest.ch\\\/it\\\/\",\"email\":\"admin@immomedia.ag\",\"telephone\":\"+41444420002\",\"logo\":{\"@type\":\"ImageObject\",\"url\":\"https:\\\/\\\/www.immo-invest.ch\\\/wp-content\\\/uploads\\\/2024\\\/09\\\/immoinvest_sm-scaled.jpg\",\"@id\":\"https:\\\/\\\/www.immo-invest.ch\\\/it\\\/neuordnung-der-fuehrung-im-kuechen-und-lueftungsmarkt\\\/#organizationLogo\",\"width\":2560,\"height\":1340},\"image\":{\"@id\":\"https:\\\/\\\/www.immo-invest.ch\\\/it\\\/neuordnung-der-fuehrung-im-kuechen-und-lueftungsmarkt\\\/#organizationLogo\"},\"sameAs\":[\"https:\\\/\\\/www.facebook.com\\\/people\\\/Immoinvest\\\/100077962920504\\\/\",\"https:\\\/\\\/x.com\\\/i\\\/flow\\\/login?redirect_after_login=immoinvest_ch\",\"https:\\\/\\\/www.instagram.com\\\/immoinvest_ch\\\/\",\"https:\\\/\\\/www.linkedin.com\\\/company\\\/immoinvest-swiss\"]},{\"@type\":\"Person\",\"@id\":\"https:\\\/\\\/www.immo-invest.ch\\\/it\\\/author\\\/immovestuser\\\/#author\",\"url\":\"https:\\\/\\\/www.immo-invest.ch\\\/it\\\/author\\\/immovestuser\\\/\",\"name\":\"immovestuser\",\"image\":{\"@type\":\"ImageObject\",\"@id\":\"https:\\\/\\\/www.immo-invest.ch\\\/it\\\/neuordnung-der-fuehrung-im-kuechen-und-lueftungsmarkt\\\/#authorImage\",\"url\":\"https:\\\/\\\/secure.gravatar.com\\\/avatar\\\/8e01f4d99f2eeea7a362ebb93305e1172a70e9293ba250f897a65c39f54cdd1e?s=96&d=mm&r=g\",\"width\":96,\"height\":96,\"caption\":\"immovestuser\"}},{\"@type\":\"WebPage\",\"@id\":\"https:\\\/\\\/www.immo-invest.ch\\\/it\\\/neuordnung-der-fuehrung-im-kuechen-und-lueftungsmarkt\\\/#webpage\",\"url\":\"https:\\\/\\\/www.immo-invest.ch\\\/it\\\/neuordnung-der-fuehrung-im-kuechen-und-lueftungsmarkt\\\/\",\"name\":\"Riorganizzazione della leadership nel mercato delle cucine e dei sistemi di ventilazione - immo!nvest - Die Plattform f\\u00fcr Standorte und Immobilien\",\"description\":\"Dal 1\\u00b0 febbraio 2026 Gregory Oswald torner\\u00e0 a ricoprire la carica di CEO per il mercato DACH di Franke Home Solutions. Ha gi\\u00e0 guidato questa divisione del gruppo Franke di Argovia dal 2022 al 2024. Successivamente \\u00e8 stato CEO della WESCO AG di Wettingen, acquisita da Franke nel 2024.\",\"inLanguage\":\"it-IT\",\"isPartOf\":{\"@id\":\"https:\\\/\\\/www.immo-invest.ch\\\/it\\\/#website\"},\"breadcrumb\":{\"@id\":\"https:\\\/\\\/www.immo-invest.ch\\\/it\\\/neuordnung-der-fuehrung-im-kuechen-und-lueftungsmarkt\\\/#breadcrumblist\"},\"author\":{\"@id\":\"https:\\\/\\\/www.immo-invest.ch\\\/it\\\/author\\\/immovestuser\\\/#author\"},\"creator\":{\"@id\":\"https:\\\/\\\/www.immo-invest.ch\\\/it\\\/author\\\/immovestuser\\\/#author\"},\"image\":{\"@type\":\"ImageObject\",\"url\":\"https:\\\/\\\/www.immo-invest.ch\\\/wp-content\\\/uploads\\\/2026\\\/01\\\/banoviag_realistic_modern_corporate_office_interior_executive_38d051d9-7041-476b-b1a6-29a22e115f55_1.png\",\"@id\":\"https:\\\/\\\/www.immo-invest.ch\\\/it\\\/neuordnung-der-fuehrung-im-kuechen-und-lueftungsmarkt\\\/#mainImage\",\"width\":1536,\"height\":768},\"primaryImageOfPage\":{\"@id\":\"https:\\\/\\\/www.immo-invest.ch\\\/it\\\/neuordnung-der-fuehrung-im-kuechen-und-lueftungsmarkt\\\/#mainImage\"},\"datePublished\":\"2026-01-30T16:20:00+01:00\",\"dateModified\":\"2026-01-28T10:27:53+01:00\"},{\"@type\":\"WebSite\",\"@id\":\"https:\\\/\\\/www.immo-invest.ch\\\/it\\\/#website\",\"url\":\"https:\\\/\\\/www.immo-invest.ch\\\/it\\\/\",\"name\":\"immo!nvest - Die Plattform f\\u00fcr Standorte und Immobilien\",\"description\":\"Die\\u00a0Plattform f\\u00fcr Standorte und Immobilien\",\"inLanguage\":\"it-IT\",\"publisher\":{\"@id\":\"https:\\\/\\\/www.immo-invest.ch\\\/it\\\/#organization\"}}]}\n\t\t<\/script>\n\t\t<!-- All in One SEO -->\n\n","aioseo_head_json":{"title":"Riorganizzazione della leadership nel mercato delle cucine e dei sistemi di ventilazione - immo!nvest - Die Plattform f\u00fcr Standorte und Immobilien","description":"Dal 1\u00b0 febbraio 2026 Gregory Oswald torner\u00e0 a ricoprire la carica di CEO per il mercato DACH di Franke Home Solutions. Ha gi\u00e0 guidato questa divisione del gruppo Franke di Argovia dal 2022 al 2024. Successivamente \u00e8 stato CEO della WESCO AG di Wettingen, acquisita da Franke nel 2024.","canonical_url":"https:\/\/www.immo-invest.ch\/it\/neuordnung-der-fuehrung-im-kuechen-und-lueftungsmarkt\/","robots":"max-image-preview:large","keywords":"","webmasterTools":{"google-site-verification":"fHJKvgWpZCR2zVBHWfkQeFXC11qieUSff0HGNYfuyLA","miscellaneous":""},"schema":{"@context":"https:\/\/schema.org","@graph":[{"@type":"BlogPosting","@id":"https:\/\/www.immo-invest.ch\/it\/neuordnung-der-fuehrung-im-kuechen-und-lueftungsmarkt\/#blogposting","name":"Riorganizzazione della leadership nel mercato delle cucine e dei sistemi di ventilazione - immo!nvest - Die Plattform f\u00fcr Standorte und Immobilien","headline":"Riorganizzazione della leadership nel mercato delle cucine e dei sistemi di ventilazione","author":{"@id":"https:\/\/www.immo-invest.ch\/it\/author\/immovestuser\/#author"},"publisher":{"@id":"https:\/\/www.immo-invest.ch\/it\/#organization"},"image":{"@type":"ImageObject","url":"https:\/\/www.immo-invest.ch\/wp-content\/uploads\/2026\/01\/banoviag_realistic_modern_corporate_office_interior_executive_38d051d9-7041-476b-b1a6-29a22e115f55_1.png","width":1536,"height":768},"datePublished":"2026-01-30T16:20:00+01:00","dateModified":"2026-01-28T10:27:53+01:00","inLanguage":"it-IT","mainEntityOfPage":{"@id":"https:\/\/www.immo-invest.ch\/it\/neuordnung-der-fuehrung-im-kuechen-und-lueftungsmarkt\/#webpage"},"isPartOf":{"@id":"https:\/\/www.immo-invest.ch\/it\/neuordnung-der-fuehrung-im-kuechen-und-lueftungsmarkt\/#webpage"},"articleSection":"immoNews, Persone, Societ\u00e0, Transazioni \/ Deal, Gesch\u00e4ftsf\u00fchrung, Immoinvest, immoNews, K\u00fcchenl\u00f6sungen, L\u00fcftungssysteme, Markenstrategie, News, Unternehmensintegration, Optional"},{"@type":"BreadcrumbList","@id":"https:\/\/www.immo-invest.ch\/it\/neuordnung-der-fuehrung-im-kuechen-und-lueftungsmarkt\/#breadcrumblist","itemListElement":[{"@type":"ListItem","@id":"https:\/\/www.immo-invest.ch\/it\/#listItem","position":1,"name":"Home","item":"https:\/\/www.immo-invest.ch\/it\/","nextItem":{"@type":"ListItem","@id":"https:\/\/www.immo-invest.ch\/it\/categoria\/persone-2\/#listItem","name":"Persone"}},{"@type":"ListItem","@id":"https:\/\/www.immo-invest.ch\/it\/categoria\/persone-2\/#listItem","position":2,"name":"Persone","item":"https:\/\/www.immo-invest.ch\/it\/categoria\/persone-2\/","nextItem":{"@type":"ListItem","@id":"https:\/\/www.immo-invest.ch\/it\/categoria\/persone-2\/persone\/#listItem","name":"Persone"},"previousItem":{"@type":"ListItem","@id":"https:\/\/www.immo-invest.ch\/it\/#listItem","name":"Home"}},{"@type":"ListItem","@id":"https:\/\/www.immo-invest.ch\/it\/categoria\/persone-2\/persone\/#listItem","position":3,"name":"Persone","item":"https:\/\/www.immo-invest.ch\/it\/categoria\/persone-2\/persone\/","nextItem":{"@type":"ListItem","@id":"https:\/\/www.immo-invest.ch\/it\/neuordnung-der-fuehrung-im-kuechen-und-lueftungsmarkt\/#listItem","name":"Riorganizzazione della leadership nel mercato delle cucine e dei sistemi di ventilazione"},"previousItem":{"@type":"ListItem","@id":"https:\/\/www.immo-invest.ch\/it\/categoria\/persone-2\/#listItem","name":"Persone"}},{"@type":"ListItem","@id":"https:\/\/www.immo-invest.ch\/it\/neuordnung-der-fuehrung-im-kuechen-und-lueftungsmarkt\/#listItem","position":4,"name":"Riorganizzazione della leadership nel mercato delle cucine e dei sistemi di ventilazione","previousItem":{"@type":"ListItem","@id":"https:\/\/www.immo-invest.ch\/it\/categoria\/persone-2\/persone\/#listItem","name":"Persone"}}]},{"@type":"Organization","@id":"https:\/\/www.immo-invest.ch\/it\/#organization","name":"immo!nvest - Die Plattform f\u00fcr Standorte und Immobilien","description":"Die\u00a0Plattform f\u00fcr Standorte und Immobilien","url":"https:\/\/www.immo-invest.ch\/it\/","email":"admin@immomedia.ag","telephone":"+41444420002","logo":{"@type":"ImageObject","url":"https:\/\/www.immo-invest.ch\/wp-content\/uploads\/2024\/09\/immoinvest_sm-scaled.jpg","@id":"https:\/\/www.immo-invest.ch\/it\/neuordnung-der-fuehrung-im-kuechen-und-lueftungsmarkt\/#organizationLogo","width":2560,"height":1340},"image":{"@id":"https:\/\/www.immo-invest.ch\/it\/neuordnung-der-fuehrung-im-kuechen-und-lueftungsmarkt\/#organizationLogo"},"sameAs":["https:\/\/www.facebook.com\/people\/Immoinvest\/100077962920504\/","https:\/\/x.com\/i\/flow\/login?redirect_after_login=immoinvest_ch","https:\/\/www.instagram.com\/immoinvest_ch\/","https:\/\/www.linkedin.com\/company\/immoinvest-swiss"]},{"@type":"Person","@id":"https:\/\/www.immo-invest.ch\/it\/author\/immovestuser\/#author","url":"https:\/\/www.immo-invest.ch\/it\/author\/immovestuser\/","name":"immovestuser","image":{"@type":"ImageObject","@id":"https:\/\/www.immo-invest.ch\/it\/neuordnung-der-fuehrung-im-kuechen-und-lueftungsmarkt\/#authorImage","url":"https:\/\/secure.gravatar.com\/avatar\/8e01f4d99f2eeea7a362ebb93305e1172a70e9293ba250f897a65c39f54cdd1e?s=96&d=mm&r=g","width":96,"height":96,"caption":"immovestuser"}},{"@type":"WebPage","@id":"https:\/\/www.immo-invest.ch\/it\/neuordnung-der-fuehrung-im-kuechen-und-lueftungsmarkt\/#webpage","url":"https:\/\/www.immo-invest.ch\/it\/neuordnung-der-fuehrung-im-kuechen-und-lueftungsmarkt\/","name":"Riorganizzazione della leadership nel mercato delle cucine e dei sistemi di ventilazione - immo!nvest - Die Plattform f\u00fcr Standorte und Immobilien","description":"Dal 1\u00b0 febbraio 2026 Gregory Oswald torner\u00e0 a ricoprire la carica di CEO per il mercato DACH di Franke Home Solutions. Ha gi\u00e0 guidato questa divisione del gruppo Franke di Argovia dal 2022 al 2024. Successivamente \u00e8 stato CEO della WESCO AG di Wettingen, acquisita da Franke nel 2024.","inLanguage":"it-IT","isPartOf":{"@id":"https:\/\/www.immo-invest.ch\/it\/#website"},"breadcrumb":{"@id":"https:\/\/www.immo-invest.ch\/it\/neuordnung-der-fuehrung-im-kuechen-und-lueftungsmarkt\/#breadcrumblist"},"author":{"@id":"https:\/\/www.immo-invest.ch\/it\/author\/immovestuser\/#author"},"creator":{"@id":"https:\/\/www.immo-invest.ch\/it\/author\/immovestuser\/#author"},"image":{"@type":"ImageObject","url":"https:\/\/www.immo-invest.ch\/wp-content\/uploads\/2026\/01\/banoviag_realistic_modern_corporate_office_interior_executive_38d051d9-7041-476b-b1a6-29a22e115f55_1.png","@id":"https:\/\/www.immo-invest.ch\/it\/neuordnung-der-fuehrung-im-kuechen-und-lueftungsmarkt\/#mainImage","width":1536,"height":768},"primaryImageOfPage":{"@id":"https:\/\/www.immo-invest.ch\/it\/neuordnung-der-fuehrung-im-kuechen-und-lueftungsmarkt\/#mainImage"},"datePublished":"2026-01-30T16:20:00+01:00","dateModified":"2026-01-28T10:27:53+01:00"},{"@type":"WebSite","@id":"https:\/\/www.immo-invest.ch\/it\/#website","url":"https:\/\/www.immo-invest.ch\/it\/","name":"immo!nvest - Die Plattform f\u00fcr Standorte und Immobilien","description":"Die\u00a0Plattform f\u00fcr Standorte und Immobilien","inLanguage":"it-IT","publisher":{"@id":"https:\/\/www.immo-invest.ch\/it\/#organization"}}]},"og:locale":"it_IT","og:site_name":"immo!nvest - Die Plattform f\u00fcr Standorte und Immobilien - Die\u00a0Plattform f\u00fcr Standorte und Immobilien","og:type":"article","og:title":"Riorganizzazione della leadership nel mercato delle cucine e dei sistemi di ventilazione - immo!nvest - Die Plattform f\u00fcr Standorte und Immobilien","og:description":"Dal 1\u00b0 febbraio 2026 Gregory Oswald torner\u00e0 a ricoprire la carica di CEO per il mercato DACH di Franke Home Solutions. Ha gi\u00e0 guidato questa divisione del gruppo Franke di Argovia dal 2022 al 2024. Successivamente \u00e8 stato CEO della WESCO AG di Wettingen, acquisita da Franke nel 2024.","og:url":"https:\/\/www.immo-invest.ch\/it\/neuordnung-der-fuehrung-im-kuechen-und-lueftungsmarkt\/","og:image":"https:\/\/www.immo-invest.ch\/wp-content\/uploads\/2026\/01\/banoviag_realistic_modern_corporate_office_interior_executive_38d051d9-7041-476b-b1a6-29a22e115f55_1.png","og:image:secure_url":"https:\/\/www.immo-invest.ch\/wp-content\/uploads\/2026\/01\/banoviag_realistic_modern_corporate_office_interior_executive_38d051d9-7041-476b-b1a6-29a22e115f55_1.png","og:image:width":1536,"og:image:height":768,"article:published_time":"2026-01-30T15:20:00+00:00","article:modified_time":"2026-01-28T09:27:53+00:00","article:publisher":"https:\/\/www.facebook.com\/people\/Immoinvest\/100077962920504\/","twitter:card":"summary_large_image","twitter:site":"@i","twitter:title":"Riorganizzazione della leadership nel mercato delle cucine e dei sistemi di ventilazione - immo!nvest - Die Plattform f\u00fcr Standorte und Immobilien","twitter:description":"Dal 1\u00b0 febbraio 2026 Gregory Oswald torner\u00e0 a ricoprire la carica di CEO per il mercato DACH di Franke Home Solutions. Ha gi\u00e0 guidato questa divisione del gruppo Franke di Argovia dal 2022 al 2024. Successivamente \u00e8 stato CEO della WESCO AG di Wettingen, acquisita da Franke nel 2024.","twitter:creator":"@i","twitter:image":"https:\/\/www.immo-invest.ch\/wp-content\/uploads\/2026\/01\/banoviag_realistic_modern_corporate_office_interior_executive_38d051d9-7041-476b-b1a6-29a22e115f55_1.png"},"aioseo_meta_data":{"post_id":"148254","title":null,"description":null,"keywords":null,"keyphrases":{"focus":{"keyphrase":"","score":0,"analysis":{"keyphraseInTitle":{"score":0,"maxScore":9,"error":1}}},"additional":[]},"primary_term":null,"canonical_url":null,"og_title":null,"og_description":null,"og_object_type":"default","og_image_type":"default","og_image_url":null,"og_image_width":null,"og_image_height":null,"og_image_custom_url":null,"og_image_custom_fields":null,"og_video":"","og_custom_url":null,"og_article_section":null,"og_article_tags":null,"twitter_use_og":false,"twitter_card":"default","twitter_image_type":"default","twitter_image_url":null,"twitter_image_custom_url":null,"twitter_image_custom_fields":null,"twitter_title":null,"twitter_description":null,"schema":{"blockGraphs":[],"customGraphs":[],"default":{"data":{"Article":[],"Course":[],"Dataset":[],"FAQPage":[],"Movie":[],"Person":[],"Product":[],"ProductReview":[],"Car":[],"Recipe":[],"Service":[],"SoftwareApplication":[],"WebPage":[]},"graphName":"BlogPosting","isEnabled":true},"graphs":[]},"schema_type":"default","schema_type_options":null,"pillar_content":false,"robots_default":true,"robots_noindex":false,"robots_noarchive":false,"robots_nosnippet":false,"robots_nofollow":false,"robots_noimageindex":false,"robots_noodp":false,"robots_notranslate":false,"robots_max_snippet":"-1","robots_max_videopreview":"-1","robots_max_imagepreview":"large","priority":null,"frequency":"default","local_seo":null,"breadcrumb_settings":null,"limit_modified_date":false,"ai":{"faqs":[],"keyPoints":[],"titles":[],"descriptions":[],"socialPosts":{"email":[],"linkedin":[],"twitter":[],"facebook":[],"instagram":[]}},"created":"2026-01-28 09:27:56","updated":"2026-01-30 15:25:43","seo_analyzer_scan_date":null,"focus_keyword":null,"additional_keywords":null,"truseo_locale":null},"aioseo_breadcrumb":"<div class=\"aioseo-breadcrumbs\"><span class=\"aioseo-breadcrumb\">\n\t\t\t<a href=\"https:\/\/www.immo-invest.ch\/it\/\" title=\"Home\">Home<\/a>\n\t\t<\/span><span class=\"aioseo-breadcrumb-separator\">&raquo;<\/span><span class=\"aioseo-breadcrumb\">\n\t\t\t<a href=\"https:\/\/www.immo-invest.ch\/it\/categoria\/persone-2\/\" title=\"Persone\">Persone<\/a>\n\t\t<\/span><span class=\"aioseo-breadcrumb-separator\">&raquo;<\/span><span class=\"aioseo-breadcrumb\">\n\t\t\t<a href=\"https:\/\/www.immo-invest.ch\/it\/categoria\/persone-2\/persone\/\" title=\"Persone\">Persone<\/a>\n\t\t<\/span><span class=\"aioseo-breadcrumb-separator\">&raquo;<\/span><span class=\"aioseo-breadcrumb\">\n\t\t\tRiorganizzazione della leadership nel mercato delle cucine e dei sistemi di ventilazione\n\t\t<\/span><\/div>","aioseo_breadcrumb_json":[{"label":"Home","link":"https:\/\/www.immo-invest.ch\/it\/"},{"label":"Persone","link":"https:\/\/www.immo-invest.ch\/it\/categoria\/persone-2\/"},{"label":"Persone","link":"https:\/\/www.immo-invest.ch\/it\/categoria\/persone-2\/persone\/"},{"label":"Riorganizzazione della leadership nel mercato delle cucine e dei sistemi di ventilazione","link":"https:\/\/www.immo-invest.ch\/it\/neuordnung-der-fuehrung-im-kuechen-und-lueftungsmarkt\/"}],"featured_image_src":"https:\/\/www.immo-invest.ch\/wp-content\/uploads\/2026\/01\/banoviag_realistic_modern_corporate_office_interior_executive_38d051d9-7041-476b-b1a6-29a22e115f55_1-336x168.png","_links":{"self":[{"href":"https:\/\/www.immo-invest.ch\/it\/wp-json\/wp\/v2\/posts\/148254","targetHints":{"allow":["GET"]}}],"collection":[{"href":"https:\/\/www.immo-invest.ch\/it\/wp-json\/wp\/v2\/posts"}],"about":[{"href":"https:\/\/www.immo-invest.ch\/it\/wp-json\/wp\/v2\/types\/post"}],"author":[{"embeddable":true,"href":"https:\/\/www.immo-invest.ch\/it\/wp-json\/wp\/v2\/users\/2"}],"replies":[{"embeddable":true,"href":"https:\/\/www.immo-invest.ch\/it\/wp-json\/wp\/v2\/comments?post=148254"}],"version-history":[{"count":2,"href":"https:\/\/www.immo-invest.ch\/it\/wp-json\/wp\/v2\/posts\/148254\/revisions"}],"predecessor-version":[{"id":148261,"href":"https:\/\/www.immo-invest.ch\/it\/wp-json\/wp\/v2\/posts\/148254\/revisions\/148261"}],"wp:featuredmedia":[{"embeddable":true,"href":"https:\/\/www.immo-invest.ch\/it\/wp-json\/wp\/v2\/media\/148255"}],"wp:attachment":[{"href":"https:\/\/www.immo-invest.ch\/it\/wp-json\/wp\/v2\/media?parent=148254"}],"wp:term":[{"taxonomy":"category","embeddable":true,"href":"https:\/\/www.immo-invest.ch\/it\/wp-json\/wp\/v2\/categories?post=148254"},{"taxonomy":"post_tag","embeddable":true,"href":"https:\/\/www.immo-invest.ch\/it\/wp-json\/wp\/v2\/tags?post=148254"}],"curies":[{"name":"wp","href":"https:\/\/api.w.org\/{rel}","templated":true}]}}