{"id":146968,"date":"2026-01-13T13:16:36","date_gmt":"2026-01-13T12:16:36","guid":{"rendered":"https:\/\/www.immo-invest.ch\/ausbau-der-strategischen-fuehrung-mit-daniel-kuster\/"},"modified":"2026-01-13T13:47:21","modified_gmt":"2026-01-13T12:47:21","slug":"ausbau-der-strategischen-fuehrung-mit-daniel-kuster","status":"publish","type":"post","link":"https:\/\/www.immo-invest.ch\/it\/ausbau-der-strategischen-fuehrung-mit-daniel-kuster\/","title":{"rendered":"Espansione della gestione strategica con Daniel Kuster"},"content":{"rendered":"<p class=\"wp-block-paragraph\">Con la prevista elezione di Daniel Kuster, Property One rafforza la gestione strategica e l&rsquo;orientamento a lungo termine del Gruppo. Insieme all&rsquo;intero Consiglio di amministrazione, Kuster dar&agrave; forma all&rsquo;ulteriore sviluppo del Gruppo e sosterr&agrave; da vicino l&rsquo;attuazione delle principali iniziative strategiche.<\/p>\n\n\n\n\n\n<p class=\"wp-block-paragraph\">La collaborazione va oltre il tradizionale mandato del Consiglio di amministrazione. In uno scambio diretto con il Comitato esecutivo e l&rsquo;organizzazione, Kuster contribuir&agrave; all&rsquo;affinamento concettuale, allo sviluppo organizzativo e all&rsquo;attuazione dell&rsquo;agenda di crescita. L&rsquo;elezione &egrave; soggetta all&rsquo;approvazione della FINMA.<\/p>\n\n\n\n\n\n<p class=\"wp-block-paragraph\"><strong>Esperienza lungo la catena del valore immobiliare<br><\/strong>Daniel Kuster vanta oltre vent&rsquo;anni di esperienza manageriale in posizioni dirigenziali, nei consigli di amministrazione e nei comitati di investimento, tra cui molti anni come CEO di Fundamenta Group (Schweiz) AG e come amministratore delegato di una fondazione di investimento immobiliare. La sua carriera comprende quindi <span class=\"glossaryLink\"  aria-describedby=\"tt\"  data-cmtooltip=\"&lt;div class=glossaryItemTitle&gt;SIA&lt;\/div&gt;&lt;div class=glossaryItemBody&gt;Schweizerischer Ingenieur- und Architektenverein; massgebender Berufsverband f&uuml;r qualifizierte Fachleute der Bereiche Bau, Technik und Umwelt mit rund f&uuml;nfzehntausend Mitgliedern&lt;\/div&gt;\"  data-mobile-support=\"0\"  data-gt-translate-attributes='[{\"attribute\":\"data-cmtooltip\", \"format\":\"html\"}]' tabindex='0' role='link'>sia<\/span> la gestione operativa che l&rsquo;esperienza nel mercato dei capitali istituzionali nel settore immobiliare.<\/p>\n\n\n\n\n\n<p class=\"wp-block-paragraph\">Oggi &egrave; membro di un consiglio di amministrazione indipendente, membro di un consiglio di fondazione e partner strategico e fornisce consulenza alle aziende su questioni di governance, sviluppo della strategia e strutturazione dei modelli di business. Questa combinazione di conoscenza del mercato, esperienza di governance e prospettiva dell&rsquo;investitore si adatta bene al posizionamento di Property One orientato alla crescita.<\/p>\n\n\n\n\n\n<p class=\"wp-block-paragraph\"><strong>Valore aggiunto per un ulteriore sviluppo<br><\/strong>Il Gruppo non vuole solo espandere ulteriormente le sue piattaforme, i suoi prodotti e i suoi progetti, ma anche portarli al livello successivo di sviluppo in termini di strategia e organizzazione. L&rsquo;esperienza di Kuster nella gestione aziendale, nella governance e nella strutturazione di modelli di business dovrebbe aiutare a bilanciare crescita, professionalit&agrave; e una cultura aziendale basata sui valori.<\/p>\n\n\n\n\n\n<p class=\"wp-block-paragraph\">Lo stretto coinvolgimento nel Consiglio di amministrazione e nelle discussioni operative crea le basi per tradurre le ambizioni strategiche in strutture solide, processi decisionali chiari e modelli aziendali scalabili. Ci&ograve; rafforza la posizione dell&rsquo;azienda come gruppo imprenditoriale e di investimento immobiliare a lungo termine.<\/p>\n\n","protected":false},"excerpt":{"rendered":"<p>Daniel Kuster, personalit\u00e0 di alto profilo con una vasta esperienza nel settore immobiliare e della governance, rafforzer\u00e0 in futuro la gestione strategica del Gruppo. Sar\u00e0 eletto nei Consigli di Amministrazione di Property One Partners AG e Property One Investors AG in occasione delle Assemblee Generali Annuali che si terranno nell&#8217;aprile 2026 e supporter\u00e0 l&#8217;azienda anche come sparring partner strategico.<\/p>\n","protected":false},"author":2,"featured_media":146969,"comment_status":"open","ping_status":"open","sticky":false,"template":"","format":"standard","meta":{"pmpro_default_level":"","inline_featured_image":false,"_monsterinsights_skip_tracking":false,"footnotes":""},"categories":[4465,55986,22695,22302,22443],"tags":[56403,867,3935,2006,56404,56405],"class_list":["post-146968","post","type-post","status-publish","format-standard","has-post-thumbnail","hentry","category-persone","category-persone-2","category-societa","category-svizzera","category-trends-it","tag-governance-und-wachstum","tag-immoinvest-it","tag-immonews-it","tag-news-it","tag-strategische-fuehrung-immobilien","tag-verwaltungsrat-immobiliengruppe","pmpro-has-access"],"acf":{"bild_mit_ki_erstellt_worden":"","lead":"Daniel Kuster, personalit\u00e0 di alto profilo con una vasta esperienza nel settore immobiliare e della governance, rafforzer\u00e0 in futuro la gestione strategica del Gruppo. Sar\u00e0 eletto nei Consigli di Amministrazione di Property One Partners AG e Property One Investors AG in occasione delle Assemblee Generali Annuali che si terranno nell'aprile 2026 e supporter\u00e0 l'azienda anche come sparring partner strategico.","autor":"Quelle Property One","ort":"","bildunterschrift":"","bild_im_grid":false,"gallerie":"","newsim":""},"aioseo_notices":[],"aioseo_head":"\n\t\t<!-- All in One SEO 5.0.0.1 - aioseo.com -->\n\t<meta name=\"description\" content=\"Daniel Kuster, personalit\u00e0 di alto profilo con una vasta esperienza nel settore immobiliare e della governance, rafforzer\u00e0 in futuro la gestione strategica del Gruppo. Sar\u00e0 eletto nei Consigli di Amministrazione di Property One Partners AG e Property One Investors AG in occasione delle Assemblee Generali Annuali che si terranno nell&#039;aprile 2026 e supporter\u00e0 l&#039;azienda anche come sparring partner strategico.\" \/>\n\t<meta name=\"robots\" content=\"max-image-preview:large\" \/>\n\t<meta name=\"author\" content=\"immovestuser\"\/>\n\t<meta name=\"google-site-verification\" content=\"fHJKvgWpZCR2zVBHWfkQeFXC11qieUSff0HGNYfuyLA\" \/>\n\t<link rel=\"canonical\" href=\"https:\/\/www.immo-invest.ch\/it\/ausbau-der-strategischen-fuehrung-mit-daniel-kuster\/\" \/>\n\t<meta name=\"generator\" content=\"All in One SEO (AIOSEO) 5.0.0.1\" \/>\n\t\t<meta property=\"og:locale\" content=\"it_IT\" \/>\n\t\t<meta property=\"og:site_name\" content=\"immo!nvest - Die Plattform f\u00fcr Standorte und Immobilien - Die\u00a0Plattform f\u00fcr Standorte und Immobilien\" \/>\n\t\t<meta property=\"og:type\" content=\"article\" \/>\n\t\t<meta property=\"og:title\" content=\"Espansione della gestione strategica con Daniel Kuster - immo!nvest - Die Plattform f\u00fcr Standorte und Immobilien\" \/>\n\t\t<meta property=\"og:description\" content=\"Daniel Kuster, personalit\u00e0 di alto profilo con una vasta esperienza nel settore immobiliare e della governance, rafforzer\u00e0 in futuro la gestione strategica del Gruppo. Sar\u00e0 eletto nei Consigli di Amministrazione di Property One Partners AG e Property One Investors AG in occasione delle Assemblee Generali Annuali che si terranno nell&#039;aprile 2026 e supporter\u00e0 l&#039;azienda anche come sparring partner strategico.\" \/>\n\t\t<meta property=\"og:url\" content=\"https:\/\/www.immo-invest.ch\/it\/ausbau-der-strategischen-fuehrung-mit-daniel-kuster\/\" \/>\n\t\t<meta property=\"og:image\" content=\"https:\/\/www.immo-invest.ch\/wp-content\/uploads\/2026\/01\/Daniel_Kuster.jpg\" \/>\n\t\t<meta property=\"og:image:secure_url\" content=\"https:\/\/www.immo-invest.ch\/wp-content\/uploads\/2026\/01\/Daniel_Kuster.jpg\" \/>\n\t\t<meta property=\"og:image:width\" content=\"1299\" \/>\n\t\t<meta property=\"og:image:height\" content=\"730\" \/>\n\t\t<meta property=\"article:published_time\" content=\"2026-01-13T12:16:36+00:00\" \/>\n\t\t<meta property=\"article:modified_time\" content=\"2026-01-13T12:47:21+00:00\" \/>\n\t\t<meta property=\"article:publisher\" content=\"https:\/\/www.facebook.com\/people\/Immoinvest\/100077962920504\/\" \/>\n\t\t<meta name=\"twitter:card\" content=\"summary_large_image\" \/>\n\t\t<meta name=\"twitter:site\" content=\"@i\" \/>\n\t\t<meta name=\"twitter:title\" content=\"Espansione della gestione strategica con Daniel Kuster - immo!nvest - Die Plattform f\u00fcr Standorte und Immobilien\" \/>\n\t\t<meta name=\"twitter:description\" content=\"Daniel Kuster, personalit\u00e0 di alto profilo con una vasta esperienza nel settore immobiliare e della governance, rafforzer\u00e0 in futuro la gestione strategica del Gruppo. Sar\u00e0 eletto nei Consigli di Amministrazione di Property One Partners AG e Property One Investors AG in occasione delle Assemblee Generali Annuali che si terranno nell&#039;aprile 2026 e supporter\u00e0 l&#039;azienda anche come sparring partner strategico.\" \/>\n\t\t<meta name=\"twitter:creator\" content=\"@i\" \/>\n\t\t<meta name=\"twitter:image\" content=\"https:\/\/www.immo-invest.ch\/wp-content\/uploads\/2026\/01\/Daniel_Kuster.jpg\" \/>\n\t\t<script type=\"application\/ld+json\" class=\"aioseo-schema\">\n\t\t\t{\"@context\":\"https:\\\/\\\/schema.org\",\"@graph\":[{\"@type\":\"BlogPosting\",\"@id\":\"https:\\\/\\\/www.immo-invest.ch\\\/it\\\/ausbau-der-strategischen-fuehrung-mit-daniel-kuster\\\/#blogposting\",\"name\":\"Espansione della gestione strategica con Daniel Kuster - immo!nvest - Die Plattform f\\u00fcr Standorte und Immobilien\",\"headline\":\"Espansione della gestione strategica con Daniel Kuster\",\"author\":{\"@id\":\"https:\\\/\\\/www.immo-invest.ch\\\/it\\\/author\\\/immovestuser\\\/#author\"},\"publisher\":{\"@id\":\"https:\\\/\\\/www.immo-invest.ch\\\/it\\\/#organization\"},\"image\":{\"@type\":\"ImageObject\",\"url\":\"https:\\\/\\\/www.immo-invest.ch\\\/wp-content\\\/uploads\\\/2026\\\/01\\\/Daniel_Kuster.jpg\",\"width\":1299,\"height\":730},\"datePublished\":\"2026-01-13T13:16:36+01:00\",\"dateModified\":\"2026-01-13T13:47:21+01:00\",\"inLanguage\":\"it-IT\",\"mainEntityOfPage\":{\"@id\":\"https:\\\/\\\/www.immo-invest.ch\\\/it\\\/ausbau-der-strategischen-fuehrung-mit-daniel-kuster\\\/#webpage\"},\"isPartOf\":{\"@id\":\"https:\\\/\\\/www.immo-invest.ch\\\/it\\\/ausbau-der-strategischen-fuehrung-mit-daniel-kuster\\\/#webpage\"},\"articleSection\":\"Persone, Persone, Societ\\u00e0, Svizzera, Trends, Governance und Wachstum, Immoinvest, immoNews, News, Strategische Fuehrung Immobilien, Verwaltungsrat Immobiliengruppe, Optional\"},{\"@type\":\"BreadcrumbList\",\"@id\":\"https:\\\/\\\/www.immo-invest.ch\\\/it\\\/ausbau-der-strategischen-fuehrung-mit-daniel-kuster\\\/#breadcrumblist\",\"itemListElement\":[{\"@type\":\"ListItem\",\"@id\":\"https:\\\/\\\/www.immo-invest.ch\\\/it\\\/#listItem\",\"position\":1,\"name\":\"Home\",\"item\":\"https:\\\/\\\/www.immo-invest.ch\\\/it\\\/\",\"nextItem\":{\"@type\":\"ListItem\",\"@id\":\"https:\\\/\\\/www.immo-invest.ch\\\/it\\\/categoria\\\/persone-2\\\/#listItem\",\"name\":\"Persone\"}},{\"@type\":\"ListItem\",\"@id\":\"https:\\\/\\\/www.immo-invest.ch\\\/it\\\/categoria\\\/persone-2\\\/#listItem\",\"position\":2,\"name\":\"Persone\",\"item\":\"https:\\\/\\\/www.immo-invest.ch\\\/it\\\/categoria\\\/persone-2\\\/\",\"nextItem\":{\"@type\":\"ListItem\",\"@id\":\"https:\\\/\\\/www.immo-invest.ch\\\/it\\\/categoria\\\/persone-2\\\/persone\\\/#listItem\",\"name\":\"Persone\"},\"previousItem\":{\"@type\":\"ListItem\",\"@id\":\"https:\\\/\\\/www.immo-invest.ch\\\/it\\\/#listItem\",\"name\":\"Home\"}},{\"@type\":\"ListItem\",\"@id\":\"https:\\\/\\\/www.immo-invest.ch\\\/it\\\/categoria\\\/persone-2\\\/persone\\\/#listItem\",\"position\":3,\"name\":\"Persone\",\"item\":\"https:\\\/\\\/www.immo-invest.ch\\\/it\\\/categoria\\\/persone-2\\\/persone\\\/\",\"nextItem\":{\"@type\":\"ListItem\",\"@id\":\"https:\\\/\\\/www.immo-invest.ch\\\/it\\\/ausbau-der-strategischen-fuehrung-mit-daniel-kuster\\\/#listItem\",\"name\":\"Espansione della gestione strategica con Daniel Kuster\"},\"previousItem\":{\"@type\":\"ListItem\",\"@id\":\"https:\\\/\\\/www.immo-invest.ch\\\/it\\\/categoria\\\/persone-2\\\/#listItem\",\"name\":\"Persone\"}},{\"@type\":\"ListItem\",\"@id\":\"https:\\\/\\\/www.immo-invest.ch\\\/it\\\/ausbau-der-strategischen-fuehrung-mit-daniel-kuster\\\/#listItem\",\"position\":4,\"name\":\"Espansione della gestione strategica con Daniel Kuster\",\"previousItem\":{\"@type\":\"ListItem\",\"@id\":\"https:\\\/\\\/www.immo-invest.ch\\\/it\\\/categoria\\\/persone-2\\\/persone\\\/#listItem\",\"name\":\"Persone\"}}]},{\"@type\":\"Organization\",\"@id\":\"https:\\\/\\\/www.immo-invest.ch\\\/it\\\/#organization\",\"name\":\"immo!nvest - Die Plattform f\\u00fcr Standorte und Immobilien\",\"description\":\"Die\\u00a0Plattform f\\u00fcr Standorte und Immobilien\",\"url\":\"https:\\\/\\\/www.immo-invest.ch\\\/it\\\/\",\"email\":\"admin@immomedia.ag\",\"telephone\":\"+41444420002\",\"logo\":{\"@type\":\"ImageObject\",\"url\":\"https:\\\/\\\/www.immo-invest.ch\\\/wp-content\\\/uploads\\\/2024\\\/09\\\/immoinvest_sm-scaled.jpg\",\"@id\":\"https:\\\/\\\/www.immo-invest.ch\\\/it\\\/ausbau-der-strategischen-fuehrung-mit-daniel-kuster\\\/#organizationLogo\",\"width\":2560,\"height\":1340},\"image\":{\"@id\":\"https:\\\/\\\/www.immo-invest.ch\\\/it\\\/ausbau-der-strategischen-fuehrung-mit-daniel-kuster\\\/#organizationLogo\"},\"sameAs\":[\"https:\\\/\\\/www.facebook.com\\\/people\\\/Immoinvest\\\/100077962920504\\\/\",\"https:\\\/\\\/x.com\\\/i\\\/flow\\\/login?redirect_after_login=immoinvest_ch\",\"https:\\\/\\\/www.instagram.com\\\/immoinvest_ch\\\/\",\"https:\\\/\\\/www.linkedin.com\\\/company\\\/immoinvest-swiss\"]},{\"@type\":\"Person\",\"@id\":\"https:\\\/\\\/www.immo-invest.ch\\\/it\\\/author\\\/immovestuser\\\/#author\",\"url\":\"https:\\\/\\\/www.immo-invest.ch\\\/it\\\/author\\\/immovestuser\\\/\",\"name\":\"immovestuser\",\"image\":{\"@type\":\"ImageObject\",\"@id\":\"https:\\\/\\\/www.immo-invest.ch\\\/it\\\/ausbau-der-strategischen-fuehrung-mit-daniel-kuster\\\/#authorImage\",\"url\":\"https:\\\/\\\/secure.gravatar.com\\\/avatar\\\/8e01f4d99f2eeea7a362ebb93305e1172a70e9293ba250f897a65c39f54cdd1e?s=96&d=mm&r=g\",\"width\":96,\"height\":96,\"caption\":\"immovestuser\"}},{\"@type\":\"WebPage\",\"@id\":\"https:\\\/\\\/www.immo-invest.ch\\\/it\\\/ausbau-der-strategischen-fuehrung-mit-daniel-kuster\\\/#webpage\",\"url\":\"https:\\\/\\\/www.immo-invest.ch\\\/it\\\/ausbau-der-strategischen-fuehrung-mit-daniel-kuster\\\/\",\"name\":\"Espansione della gestione strategica con Daniel Kuster - immo!nvest - Die Plattform f\\u00fcr Standorte und Immobilien\",\"description\":\"Daniel Kuster, personalit\\u00e0 di alto profilo con una vasta esperienza nel settore immobiliare e della governance, rafforzer\\u00e0 in futuro la gestione strategica del Gruppo. Sar\\u00e0 eletto nei Consigli di Amministrazione di Property One Partners AG e Property One Investors AG in occasione delle Assemblee Generali Annuali che si terranno nell'aprile 2026 e supporter\\u00e0 l'azienda anche come sparring partner strategico.\",\"inLanguage\":\"it-IT\",\"isPartOf\":{\"@id\":\"https:\\\/\\\/www.immo-invest.ch\\\/it\\\/#website\"},\"breadcrumb\":{\"@id\":\"https:\\\/\\\/www.immo-invest.ch\\\/it\\\/ausbau-der-strategischen-fuehrung-mit-daniel-kuster\\\/#breadcrumblist\"},\"author\":{\"@id\":\"https:\\\/\\\/www.immo-invest.ch\\\/it\\\/author\\\/immovestuser\\\/#author\"},\"creator\":{\"@id\":\"https:\\\/\\\/www.immo-invest.ch\\\/it\\\/author\\\/immovestuser\\\/#author\"},\"image\":{\"@type\":\"ImageObject\",\"url\":\"https:\\\/\\\/www.immo-invest.ch\\\/wp-content\\\/uploads\\\/2026\\\/01\\\/Daniel_Kuster.jpg\",\"@id\":\"https:\\\/\\\/www.immo-invest.ch\\\/it\\\/ausbau-der-strategischen-fuehrung-mit-daniel-kuster\\\/#mainImage\",\"width\":1299,\"height\":730},\"primaryImageOfPage\":{\"@id\":\"https:\\\/\\\/www.immo-invest.ch\\\/it\\\/ausbau-der-strategischen-fuehrung-mit-daniel-kuster\\\/#mainImage\"},\"datePublished\":\"2026-01-13T13:16:36+01:00\",\"dateModified\":\"2026-01-13T13:47:21+01:00\"},{\"@type\":\"WebSite\",\"@id\":\"https:\\\/\\\/www.immo-invest.ch\\\/it\\\/#website\",\"url\":\"https:\\\/\\\/www.immo-invest.ch\\\/it\\\/\",\"name\":\"immo!nvest - Die Plattform f\\u00fcr Standorte und Immobilien\",\"description\":\"Die\\u00a0Plattform f\\u00fcr Standorte und Immobilien\",\"inLanguage\":\"it-IT\",\"publisher\":{\"@id\":\"https:\\\/\\\/www.immo-invest.ch\\\/it\\\/#organization\"}}]}\n\t\t<\/script>\n\t\t<!-- All in One SEO -->\n\n","aioseo_head_json":{"title":"Espansione della gestione strategica con Daniel Kuster - immo!nvest - Die Plattform f\u00fcr Standorte und Immobilien","description":"Daniel Kuster, personalit\u00e0 di alto profilo con una vasta esperienza nel settore immobiliare e della governance, rafforzer\u00e0 in futuro la gestione strategica del Gruppo. Sar\u00e0 eletto nei Consigli di Amministrazione di Property One Partners AG e Property One Investors AG in occasione delle Assemblee Generali Annuali che si terranno nell'aprile 2026 e supporter\u00e0 l'azienda anche come sparring partner strategico.","canonical_url":"https:\/\/www.immo-invest.ch\/it\/ausbau-der-strategischen-fuehrung-mit-daniel-kuster\/","robots":"max-image-preview:large","keywords":"","webmasterTools":{"google-site-verification":"fHJKvgWpZCR2zVBHWfkQeFXC11qieUSff0HGNYfuyLA","miscellaneous":""},"schema":{"@context":"https:\/\/schema.org","@graph":[{"@type":"BlogPosting","@id":"https:\/\/www.immo-invest.ch\/it\/ausbau-der-strategischen-fuehrung-mit-daniel-kuster\/#blogposting","name":"Espansione della gestione strategica con Daniel Kuster - immo!nvest - Die Plattform f\u00fcr Standorte und Immobilien","headline":"Espansione della gestione strategica con Daniel Kuster","author":{"@id":"https:\/\/www.immo-invest.ch\/it\/author\/immovestuser\/#author"},"publisher":{"@id":"https:\/\/www.immo-invest.ch\/it\/#organization"},"image":{"@type":"ImageObject","url":"https:\/\/www.immo-invest.ch\/wp-content\/uploads\/2026\/01\/Daniel_Kuster.jpg","width":1299,"height":730},"datePublished":"2026-01-13T13:16:36+01:00","dateModified":"2026-01-13T13:47:21+01:00","inLanguage":"it-IT","mainEntityOfPage":{"@id":"https:\/\/www.immo-invest.ch\/it\/ausbau-der-strategischen-fuehrung-mit-daniel-kuster\/#webpage"},"isPartOf":{"@id":"https:\/\/www.immo-invest.ch\/it\/ausbau-der-strategischen-fuehrung-mit-daniel-kuster\/#webpage"},"articleSection":"Persone, Persone, Societ\u00e0, Svizzera, Trends, Governance und Wachstum, Immoinvest, immoNews, News, Strategische Fuehrung Immobilien, Verwaltungsrat Immobiliengruppe, Optional"},{"@type":"BreadcrumbList","@id":"https:\/\/www.immo-invest.ch\/it\/ausbau-der-strategischen-fuehrung-mit-daniel-kuster\/#breadcrumblist","itemListElement":[{"@type":"ListItem","@id":"https:\/\/www.immo-invest.ch\/it\/#listItem","position":1,"name":"Home","item":"https:\/\/www.immo-invest.ch\/it\/","nextItem":{"@type":"ListItem","@id":"https:\/\/www.immo-invest.ch\/it\/categoria\/persone-2\/#listItem","name":"Persone"}},{"@type":"ListItem","@id":"https:\/\/www.immo-invest.ch\/it\/categoria\/persone-2\/#listItem","position":2,"name":"Persone","item":"https:\/\/www.immo-invest.ch\/it\/categoria\/persone-2\/","nextItem":{"@type":"ListItem","@id":"https:\/\/www.immo-invest.ch\/it\/categoria\/persone-2\/persone\/#listItem","name":"Persone"},"previousItem":{"@type":"ListItem","@id":"https:\/\/www.immo-invest.ch\/it\/#listItem","name":"Home"}},{"@type":"ListItem","@id":"https:\/\/www.immo-invest.ch\/it\/categoria\/persone-2\/persone\/#listItem","position":3,"name":"Persone","item":"https:\/\/www.immo-invest.ch\/it\/categoria\/persone-2\/persone\/","nextItem":{"@type":"ListItem","@id":"https:\/\/www.immo-invest.ch\/it\/ausbau-der-strategischen-fuehrung-mit-daniel-kuster\/#listItem","name":"Espansione della gestione strategica con Daniel Kuster"},"previousItem":{"@type":"ListItem","@id":"https:\/\/www.immo-invest.ch\/it\/categoria\/persone-2\/#listItem","name":"Persone"}},{"@type":"ListItem","@id":"https:\/\/www.immo-invest.ch\/it\/ausbau-der-strategischen-fuehrung-mit-daniel-kuster\/#listItem","position":4,"name":"Espansione della gestione strategica con Daniel Kuster","previousItem":{"@type":"ListItem","@id":"https:\/\/www.immo-invest.ch\/it\/categoria\/persone-2\/persone\/#listItem","name":"Persone"}}]},{"@type":"Organization","@id":"https:\/\/www.immo-invest.ch\/it\/#organization","name":"immo!nvest - Die Plattform f\u00fcr Standorte und Immobilien","description":"Die\u00a0Plattform f\u00fcr Standorte und Immobilien","url":"https:\/\/www.immo-invest.ch\/it\/","email":"admin@immomedia.ag","telephone":"+41444420002","logo":{"@type":"ImageObject","url":"https:\/\/www.immo-invest.ch\/wp-content\/uploads\/2024\/09\/immoinvest_sm-scaled.jpg","@id":"https:\/\/www.immo-invest.ch\/it\/ausbau-der-strategischen-fuehrung-mit-daniel-kuster\/#organizationLogo","width":2560,"height":1340},"image":{"@id":"https:\/\/www.immo-invest.ch\/it\/ausbau-der-strategischen-fuehrung-mit-daniel-kuster\/#organizationLogo"},"sameAs":["https:\/\/www.facebook.com\/people\/Immoinvest\/100077962920504\/","https:\/\/x.com\/i\/flow\/login?redirect_after_login=immoinvest_ch","https:\/\/www.instagram.com\/immoinvest_ch\/","https:\/\/www.linkedin.com\/company\/immoinvest-swiss"]},{"@type":"Person","@id":"https:\/\/www.immo-invest.ch\/it\/author\/immovestuser\/#author","url":"https:\/\/www.immo-invest.ch\/it\/author\/immovestuser\/","name":"immovestuser","image":{"@type":"ImageObject","@id":"https:\/\/www.immo-invest.ch\/it\/ausbau-der-strategischen-fuehrung-mit-daniel-kuster\/#authorImage","url":"https:\/\/secure.gravatar.com\/avatar\/8e01f4d99f2eeea7a362ebb93305e1172a70e9293ba250f897a65c39f54cdd1e?s=96&d=mm&r=g","width":96,"height":96,"caption":"immovestuser"}},{"@type":"WebPage","@id":"https:\/\/www.immo-invest.ch\/it\/ausbau-der-strategischen-fuehrung-mit-daniel-kuster\/#webpage","url":"https:\/\/www.immo-invest.ch\/it\/ausbau-der-strategischen-fuehrung-mit-daniel-kuster\/","name":"Espansione della gestione strategica con Daniel Kuster - immo!nvest - Die Plattform f\u00fcr Standorte und Immobilien","description":"Daniel Kuster, personalit\u00e0 di alto profilo con una vasta esperienza nel settore immobiliare e della governance, rafforzer\u00e0 in futuro la gestione strategica del Gruppo. Sar\u00e0 eletto nei Consigli di Amministrazione di Property One Partners AG e Property One Investors AG in occasione delle Assemblee Generali Annuali che si terranno nell'aprile 2026 e supporter\u00e0 l'azienda anche come sparring partner strategico.","inLanguage":"it-IT","isPartOf":{"@id":"https:\/\/www.immo-invest.ch\/it\/#website"},"breadcrumb":{"@id":"https:\/\/www.immo-invest.ch\/it\/ausbau-der-strategischen-fuehrung-mit-daniel-kuster\/#breadcrumblist"},"author":{"@id":"https:\/\/www.immo-invest.ch\/it\/author\/immovestuser\/#author"},"creator":{"@id":"https:\/\/www.immo-invest.ch\/it\/author\/immovestuser\/#author"},"image":{"@type":"ImageObject","url":"https:\/\/www.immo-invest.ch\/wp-content\/uploads\/2026\/01\/Daniel_Kuster.jpg","@id":"https:\/\/www.immo-invest.ch\/it\/ausbau-der-strategischen-fuehrung-mit-daniel-kuster\/#mainImage","width":1299,"height":730},"primaryImageOfPage":{"@id":"https:\/\/www.immo-invest.ch\/it\/ausbau-der-strategischen-fuehrung-mit-daniel-kuster\/#mainImage"},"datePublished":"2026-01-13T13:16:36+01:00","dateModified":"2026-01-13T13:47:21+01:00"},{"@type":"WebSite","@id":"https:\/\/www.immo-invest.ch\/it\/#website","url":"https:\/\/www.immo-invest.ch\/it\/","name":"immo!nvest - Die Plattform f\u00fcr Standorte und Immobilien","description":"Die\u00a0Plattform f\u00fcr Standorte und Immobilien","inLanguage":"it-IT","publisher":{"@id":"https:\/\/www.immo-invest.ch\/it\/#organization"}}]},"og:locale":"it_IT","og:site_name":"immo!nvest - Die Plattform f\u00fcr Standorte und Immobilien - Die\u00a0Plattform f\u00fcr Standorte und Immobilien","og:type":"article","og:title":"Espansione della gestione strategica con Daniel Kuster - immo!nvest - Die Plattform f\u00fcr Standorte und Immobilien","og:description":"Daniel Kuster, personalit\u00e0 di alto profilo con una vasta esperienza nel settore immobiliare e della governance, rafforzer\u00e0 in futuro la gestione strategica del Gruppo. Sar\u00e0 eletto nei Consigli di Amministrazione di Property One Partners AG e Property One Investors AG in occasione delle Assemblee Generali Annuali che si terranno nell'aprile 2026 e supporter\u00e0 l'azienda anche come sparring partner strategico.","og:url":"https:\/\/www.immo-invest.ch\/it\/ausbau-der-strategischen-fuehrung-mit-daniel-kuster\/","og:image":"https:\/\/www.immo-invest.ch\/wp-content\/uploads\/2026\/01\/Daniel_Kuster.jpg","og:image:secure_url":"https:\/\/www.immo-invest.ch\/wp-content\/uploads\/2026\/01\/Daniel_Kuster.jpg","og:image:width":1299,"og:image:height":730,"article:published_time":"2026-01-13T12:16:36+00:00","article:modified_time":"2026-01-13T12:47:21+00:00","article:publisher":"https:\/\/www.facebook.com\/people\/Immoinvest\/100077962920504\/","twitter:card":"summary_large_image","twitter:site":"@i","twitter:title":"Espansione della gestione strategica con Daniel Kuster - immo!nvest - Die Plattform f\u00fcr Standorte und Immobilien","twitter:description":"Daniel Kuster, personalit\u00e0 di alto profilo con una vasta esperienza nel settore immobiliare e della governance, rafforzer\u00e0 in futuro la gestione strategica del Gruppo. Sar\u00e0 eletto nei Consigli di Amministrazione di Property One Partners AG e Property One Investors AG in occasione delle Assemblee Generali Annuali che si terranno nell'aprile 2026 e supporter\u00e0 l'azienda anche come sparring partner strategico.","twitter:creator":"@i","twitter:image":"https:\/\/www.immo-invest.ch\/wp-content\/uploads\/2026\/01\/Daniel_Kuster.jpg"},"aioseo_meta_data":{"post_id":"146968","title":null,"description":null,"keywords":null,"keyphrases":{"focus":{"keyphrase":"","score":0,"analysis":{"keyphraseInTitle":{"score":0,"maxScore":9,"error":1}}},"additional":[]},"primary_term":null,"canonical_url":null,"og_title":null,"og_description":null,"og_object_type":"default","og_image_type":"default","og_image_url":null,"og_image_width":null,"og_image_height":null,"og_image_custom_url":null,"og_image_custom_fields":null,"og_video":"","og_custom_url":null,"og_article_section":null,"og_article_tags":null,"twitter_use_og":false,"twitter_card":"default","twitter_image_type":"default","twitter_image_url":null,"twitter_image_custom_url":null,"twitter_image_custom_fields":null,"twitter_title":null,"twitter_description":null,"schema":{"blockGraphs":[],"customGraphs":[],"default":{"data":{"Article":[],"Course":[],"Dataset":[],"FAQPage":[],"Movie":[],"Person":[],"Product":[],"ProductReview":[],"Car":[],"Recipe":[],"Service":[],"SoftwareApplication":[],"WebPage":[]},"graphName":"BlogPosting","isEnabled":true},"graphs":[]},"schema_type":"default","schema_type_options":null,"pillar_content":false,"robots_default":true,"robots_noindex":false,"robots_noarchive":false,"robots_nosnippet":false,"robots_nofollow":false,"robots_noimageindex":false,"robots_noodp":false,"robots_notranslate":false,"robots_max_snippet":"-1","robots_max_videopreview":"-1","robots_max_imagepreview":"large","priority":null,"frequency":"default","local_seo":null,"breadcrumb_settings":null,"limit_modified_date":false,"ai":{"faqs":[],"keyPoints":[],"titles":[],"descriptions":[],"socialPosts":{"email":[],"linkedin":[],"twitter":[],"facebook":[],"instagram":[]}},"created":"2026-01-13 12:22:59","updated":"2026-01-13 12:50:58","seo_analyzer_scan_date":null,"focus_keyword":null,"additional_keywords":null,"truseo_locale":null},"aioseo_breadcrumb":"<div class=\"aioseo-breadcrumbs\"><span class=\"aioseo-breadcrumb\">\n\t\t\t<a href=\"https:\/\/www.immo-invest.ch\/it\/\" title=\"Home\">Home<\/a>\n\t\t<\/span><span class=\"aioseo-breadcrumb-separator\">&raquo;<\/span><span class=\"aioseo-breadcrumb\">\n\t\t\t<a href=\"https:\/\/www.immo-invest.ch\/it\/categoria\/persone-2\/\" title=\"Persone\">Persone<\/a>\n\t\t<\/span><span class=\"aioseo-breadcrumb-separator\">&raquo;<\/span><span class=\"aioseo-breadcrumb\">\n\t\t\t<a href=\"https:\/\/www.immo-invest.ch\/it\/categoria\/persone-2\/persone\/\" title=\"Persone\">Persone<\/a>\n\t\t<\/span><span class=\"aioseo-breadcrumb-separator\">&raquo;<\/span><span class=\"aioseo-breadcrumb\">\n\t\t\tEspansione della gestione strategica con Daniel Kuster\n\t\t<\/span><\/div>","aioseo_breadcrumb_json":[{"label":"Home","link":"https:\/\/www.immo-invest.ch\/it\/"},{"label":"Persone","link":"https:\/\/www.immo-invest.ch\/it\/categoria\/persone-2\/"},{"label":"Persone","link":"https:\/\/www.immo-invest.ch\/it\/categoria\/persone-2\/persone\/"},{"label":"Espansione della gestione strategica con Daniel Kuster","link":"https:\/\/www.immo-invest.ch\/it\/ausbau-der-strategischen-fuehrung-mit-daniel-kuster\/"}],"featured_image_src":"https:\/\/www.immo-invest.ch\/wp-content\/uploads\/2026\/01\/Daniel_Kuster-336x168.jpg","_links":{"self":[{"href":"https:\/\/www.immo-invest.ch\/it\/wp-json\/wp\/v2\/posts\/146968","targetHints":{"allow":["GET"]}}],"collection":[{"href":"https:\/\/www.immo-invest.ch\/it\/wp-json\/wp\/v2\/posts"}],"about":[{"href":"https:\/\/www.immo-invest.ch\/it\/wp-json\/wp\/v2\/types\/post"}],"author":[{"embeddable":true,"href":"https:\/\/www.immo-invest.ch\/it\/wp-json\/wp\/v2\/users\/2"}],"replies":[{"embeddable":true,"href":"https:\/\/www.immo-invest.ch\/it\/wp-json\/wp\/v2\/comments?post=146968"}],"version-history":[{"count":2,"href":"https:\/\/www.immo-invest.ch\/it\/wp-json\/wp\/v2\/posts\/146968\/revisions"}],"predecessor-version":[{"id":146977,"href":"https:\/\/www.immo-invest.ch\/it\/wp-json\/wp\/v2\/posts\/146968\/revisions\/146977"}],"wp:featuredmedia":[{"embeddable":true,"href":"https:\/\/www.immo-invest.ch\/it\/wp-json\/wp\/v2\/media\/146969"}],"wp:attachment":[{"href":"https:\/\/www.immo-invest.ch\/it\/wp-json\/wp\/v2\/media?parent=146968"}],"wp:term":[{"taxonomy":"category","embeddable":true,"href":"https:\/\/www.immo-invest.ch\/it\/wp-json\/wp\/v2\/categories?post=146968"},{"taxonomy":"post_tag","embeddable":true,"href":"https:\/\/www.immo-invest.ch\/it\/wp-json\/wp\/v2\/tags?post=146968"}],"curies":[{"name":"wp","href":"https:\/\/api.w.org\/{rel}","templated":true}]}}