{"id":146609,"date":"2026-01-08T16:20:00","date_gmt":"2026-01-08T15:20:00","guid":{"rendered":"https:\/\/www.immo-invest.ch\/?p=146609"},"modified":"2026-01-07T09:28:20","modified_gmt":"2026-01-07T08:28:20","slug":"neuausrichtung-der-fuehrung-staerkt-agilitaet-und-spezialisierung","status":"publish","type":"post","link":"https:\/\/www.immo-invest.ch\/it\/neuausrichtung-der-fuehrung-staerkt-agilitaet-und-spezialisierung\/","title":{"rendered":"Il riallineamento della gestione rafforza l&#8217;agilit\u00e0 e la specializzazione"},"content":{"rendered":"<p class=\"bodytext\">La societ&agrave; immobiliare e fiduciaria <a href=\"https:\/\/www.mueller-schuhmacher.ch\/\" target=\"_blank\" rel=\"noopener\">M&uuml;ller Schuhmacher<\/a>, con sede a Winterthur, sta riorganizzando il proprio management. Secondo un comunicato stampa, la nuova struttura manageriale mira a creare maggiore agilit&agrave; e a rafforzare l&rsquo;attenzione sulle competenze specifiche dell&rsquo;azienda.<\/p>\n<p class=\"bodytext\">Il nuovo direttore generale &egrave; Dominic Schuhmacher. Daniela Steiner assumer&agrave; la direzione della gestione immobiliare. Michael Zeugin &egrave; responsabile delle vendite immobiliari e ora ricopre anche il ruolo di Presidente del Consiglio di Amministrazione. Le finanze, le risorse umane, la comunicazione e i progetti saranno raggruppati nel nuovo Corporate Centre. Questo sar&agrave; gestito da Christine M&uuml;ller. Christian Furrer continuer&agrave; a essere responsabile della divisione Fiduciaria.<\/p>\n<p class=\"bodytext\">&ldquo;La nuova struttura ci rende pi&ugrave; agili, crea responsabilit&agrave; chiare e rafforza la nostra specializzazione&rdquo;, ha dichiarato Michael Zeugin. &ldquo;Questo ci permette di rimanere efficienti e di essere un datore di lavoro interessante&rdquo; In una discussione interna con alcuni dei nuovi dirigenti, Dominic Schuhmacher sottolinea che il turnover del personale &egrave; circa quattro volte inferiore alla media del settore e che la nuova organizzazione crea chiare prospettive di sviluppo all&rsquo;interno dell&rsquo;azienda. &ldquo;Allo stesso tempo, ci offre la flessibilit&agrave; strutturale necessaria per esaminare soluzioni di successione o acquisizioni mirate senza mettere a repentaglio la nostra cultura e i nostri valori&rdquo;<\/p>\n<p class=\"bodytext\">Parallelamente alla riorganizzazione della struttura manageriale, M&uuml;ller Schuhmacher ha anche sviluppato ulteriormente la propria identit&agrave; di marchio. Secondo Christian Furrer nell&rsquo;intervista, il marchio riflette i valori consolidati dell&rsquo;azienda, la sua crescita e la sua realt&agrave; attuale. Inoltre, &ldquo;funziona in modo eccellente nella comunicazione digitale&rdquo;.<\/p>\n","protected":false},"excerpt":{"rendered":"<p>Dominic Schuhmacher diventa CEO della societ\u00e0 immobiliare e fiduciaria M\u00fcller Schuhmacher. Daniela Steiner \u00e8 responsabile della gestione immobiliare, il responsabile delle vendite Michael Zeugin \u00e8 ora anche a capo del Consiglio di amministrazione e Christine M\u00fcller \u00e8 responsabile del nuovo Corporate Centre. Christian Furrer rimane capo fiduciario.<\/p>\n","protected":false},"author":2,"featured_media":146610,"comment_status":"open","ping_status":"open","sticky":false,"template":"","format":"standard","meta":{"pmpro_default_level":"","inline_featured_image":false,"_monsterinsights_skip_tracking":false,"footnotes":""},"categories":[745,4465,55986,22695,22443],"tags":[56229,10297,867,3935,2006],"class_list":["post-146609","post","type-post","status-publish","format-standard","has-post-thumbnail","hentry","category-immonews-it","category-persone","category-persone-2","category-societa","category-trends-it","tag-fuehrungsstruktur-immobilien","tag-immobilienbewirtschaftung-it","tag-immoinvest-it","tag-immonews-it","tag-news-it","pmpro-has-access"],"acf":{"bild_mit_ki_erstellt_worden":["Ja"],"lead":"Dominic Schuhmacher diventa CEO della societ\u00e0 immobiliare e fiduciaria M\u00fcller Schuhmacher. Daniela Steiner \u00e8 responsabile della gestione immobiliare, il responsabile delle vendite Michael Zeugin \u00e8 ora anche a capo del Consiglio di amministrazione e Christine M\u00fcller \u00e8 responsabile del nuovo Corporate Centre. Christian Furrer rimane capo fiduciario.","autor":"ce\/mm","ort":"Winterthur","bildunterschrift":"","bild_im_grid":false,"gallerie":"","newsim":""},"aioseo_notices":[],"aioseo_head":"\n\t\t<!-- All in One SEO 5.0.0.1 - aioseo.com -->\n\t<meta name=\"description\" content=\"Dominic Schuhmacher diventa CEO della societ\u00e0 immobiliare e fiduciaria M\u00fcller Schuhmacher. Daniela Steiner \u00e8 responsabile della gestione immobiliare, il responsabile delle vendite Michael Zeugin \u00e8 ora anche a capo del Consiglio di amministrazione e Christine M\u00fcller \u00e8 responsabile del nuovo Corporate Centre. Christian Furrer rimane capo fiduciario.\" \/>\n\t<meta name=\"robots\" content=\"max-image-preview:large\" \/>\n\t<meta name=\"author\" content=\"immovestuser\"\/>\n\t<meta name=\"google-site-verification\" content=\"fHJKvgWpZCR2zVBHWfkQeFXC11qieUSff0HGNYfuyLA\" \/>\n\t<link rel=\"canonical\" href=\"https:\/\/www.immo-invest.ch\/it\/neuausrichtung-der-fuehrung-staerkt-agilitaet-und-spezialisierung\/\" \/>\n\t<meta name=\"generator\" content=\"All in One SEO (AIOSEO) 5.0.0.1\" \/>\n\t\t<meta property=\"og:locale\" content=\"it_IT\" \/>\n\t\t<meta property=\"og:site_name\" content=\"immo!nvest - Die Plattform f\u00fcr Standorte und Immobilien - Die\u00a0Plattform f\u00fcr Standorte und Immobilien\" \/>\n\t\t<meta property=\"og:type\" content=\"article\" \/>\n\t\t<meta property=\"og:title\" content=\"Il riallineamento della gestione rafforza l\u2019agilit\u00e0 e la specializzazione - immo!nvest - Die Plattform f\u00fcr Standorte und Immobilien\" \/>\n\t\t<meta property=\"og:description\" content=\"Dominic Schuhmacher diventa CEO della societ\u00e0 immobiliare e fiduciaria M\u00fcller Schuhmacher. Daniela Steiner \u00e8 responsabile della gestione immobiliare, il responsabile delle vendite Michael Zeugin \u00e8 ora anche a capo del Consiglio di amministrazione e Christine M\u00fcller \u00e8 responsabile del nuovo Corporate Centre. Christian Furrer rimane capo fiduciario.\" \/>\n\t\t<meta property=\"og:url\" content=\"https:\/\/www.immo-invest.ch\/it\/neuausrichtung-der-fuehrung-staerkt-agilitaet-und-spezialisierung\/\" \/>\n\t\t<meta property=\"og:image\" content=\"https:\/\/www.immo-invest.ch\/wp-content\/uploads\/2025\/12\/banoviag_Realistic_modern_office_environment_of_a_real_estate_e9899a2b-5c9d-4db6-9bc9-7d1d4a17bb87_0.png\" \/>\n\t\t<meta property=\"og:image:secure_url\" content=\"https:\/\/www.immo-invest.ch\/wp-content\/uploads\/2025\/12\/banoviag_Realistic_modern_office_environment_of_a_real_estate_e9899a2b-5c9d-4db6-9bc9-7d1d4a17bb87_0.png\" \/>\n\t\t<meta property=\"og:image:width\" content=\"1536\" \/>\n\t\t<meta property=\"og:image:height\" content=\"768\" \/>\n\t\t<meta property=\"article:published_time\" content=\"2026-01-08T15:20:00+00:00\" \/>\n\t\t<meta property=\"article:modified_time\" content=\"2026-01-07T08:28:20+00:00\" \/>\n\t\t<meta property=\"article:publisher\" content=\"https:\/\/www.facebook.com\/people\/Immoinvest\/100077962920504\/\" \/>\n\t\t<meta name=\"twitter:card\" content=\"summary_large_image\" \/>\n\t\t<meta name=\"twitter:site\" content=\"@i\" \/>\n\t\t<meta name=\"twitter:title\" content=\"Il riallineamento della gestione rafforza l\u2019agilit\u00e0 e la specializzazione - immo!nvest - Die Plattform f\u00fcr Standorte und Immobilien\" \/>\n\t\t<meta name=\"twitter:description\" content=\"Dominic Schuhmacher diventa CEO della societ\u00e0 immobiliare e fiduciaria M\u00fcller Schuhmacher. Daniela Steiner \u00e8 responsabile della gestione immobiliare, il responsabile delle vendite Michael Zeugin \u00e8 ora anche a capo del Consiglio di amministrazione e Christine M\u00fcller \u00e8 responsabile del nuovo Corporate Centre. Christian Furrer rimane capo fiduciario.\" \/>\n\t\t<meta name=\"twitter:creator\" content=\"@i\" \/>\n\t\t<meta name=\"twitter:image\" content=\"https:\/\/www.immo-invest.ch\/wp-content\/uploads\/2025\/12\/banoviag_Realistic_modern_office_environment_of_a_real_estate_e9899a2b-5c9d-4db6-9bc9-7d1d4a17bb87_0.png\" \/>\n\t\t<script type=\"application\/ld+json\" class=\"aioseo-schema\">\n\t\t\t{\"@context\":\"https:\\\/\\\/schema.org\",\"@graph\":[{\"@type\":\"BlogPosting\",\"@id\":\"https:\\\/\\\/www.immo-invest.ch\\\/it\\\/neuausrichtung-der-fuehrung-staerkt-agilitaet-und-spezialisierung\\\/#blogposting\",\"name\":\"Il riallineamento della gestione rafforza l\\u2019agilit\\u00e0 e la specializzazione - immo!nvest - Die Plattform f\\u00fcr Standorte und Immobilien\",\"headline\":\"Il riallineamento della gestione rafforza l&#8217;agilit\\u00e0 e la specializzazione\",\"author\":{\"@id\":\"https:\\\/\\\/www.immo-invest.ch\\\/it\\\/author\\\/immovestuser\\\/#author\"},\"publisher\":{\"@id\":\"https:\\\/\\\/www.immo-invest.ch\\\/it\\\/#organization\"},\"image\":{\"@type\":\"ImageObject\",\"url\":\"https:\\\/\\\/www.immo-invest.ch\\\/wp-content\\\/uploads\\\/2025\\\/12\\\/banoviag_Realistic_modern_office_environment_of_a_real_estate_e9899a2b-5c9d-4db6-9bc9-7d1d4a17bb87_0.png\",\"width\":1536,\"height\":768},\"datePublished\":\"2026-01-08T16:20:00+01:00\",\"dateModified\":\"2026-01-07T09:28:20+01:00\",\"inLanguage\":\"it-IT\",\"mainEntityOfPage\":{\"@id\":\"https:\\\/\\\/www.immo-invest.ch\\\/it\\\/neuausrichtung-der-fuehrung-staerkt-agilitaet-und-spezialisierung\\\/#webpage\"},\"isPartOf\":{\"@id\":\"https:\\\/\\\/www.immo-invest.ch\\\/it\\\/neuausrichtung-der-fuehrung-staerkt-agilitaet-und-spezialisierung\\\/#webpage\"},\"articleSection\":\"immoNews, Persone, Persone, Societ\\u00e0, Trends, Fuehrungsstruktur Immobilien, Immobilienbewirtschaftung, Immoinvest, immoNews, News, Optional\"},{\"@type\":\"BreadcrumbList\",\"@id\":\"https:\\\/\\\/www.immo-invest.ch\\\/it\\\/neuausrichtung-der-fuehrung-staerkt-agilitaet-und-spezialisierung\\\/#breadcrumblist\",\"itemListElement\":[{\"@type\":\"ListItem\",\"@id\":\"https:\\\/\\\/www.immo-invest.ch\\\/it\\\/#listItem\",\"position\":1,\"name\":\"Home\",\"item\":\"https:\\\/\\\/www.immo-invest.ch\\\/it\\\/\",\"nextItem\":{\"@type\":\"ListItem\",\"@id\":\"https:\\\/\\\/www.immo-invest.ch\\\/it\\\/categoria\\\/persone-2\\\/#listItem\",\"name\":\"Persone\"}},{\"@type\":\"ListItem\",\"@id\":\"https:\\\/\\\/www.immo-invest.ch\\\/it\\\/categoria\\\/persone-2\\\/#listItem\",\"position\":2,\"name\":\"Persone\",\"item\":\"https:\\\/\\\/www.immo-invest.ch\\\/it\\\/categoria\\\/persone-2\\\/\",\"nextItem\":{\"@type\":\"ListItem\",\"@id\":\"https:\\\/\\\/www.immo-invest.ch\\\/it\\\/categoria\\\/persone-2\\\/persone\\\/#listItem\",\"name\":\"Persone\"},\"previousItem\":{\"@type\":\"ListItem\",\"@id\":\"https:\\\/\\\/www.immo-invest.ch\\\/it\\\/#listItem\",\"name\":\"Home\"}},{\"@type\":\"ListItem\",\"@id\":\"https:\\\/\\\/www.immo-invest.ch\\\/it\\\/categoria\\\/persone-2\\\/persone\\\/#listItem\",\"position\":3,\"name\":\"Persone\",\"item\":\"https:\\\/\\\/www.immo-invest.ch\\\/it\\\/categoria\\\/persone-2\\\/persone\\\/\",\"nextItem\":{\"@type\":\"ListItem\",\"@id\":\"https:\\\/\\\/www.immo-invest.ch\\\/it\\\/neuausrichtung-der-fuehrung-staerkt-agilitaet-und-spezialisierung\\\/#listItem\",\"name\":\"Il riallineamento della gestione rafforza l&#8217;agilit\\u00e0 e la specializzazione\"},\"previousItem\":{\"@type\":\"ListItem\",\"@id\":\"https:\\\/\\\/www.immo-invest.ch\\\/it\\\/categoria\\\/persone-2\\\/#listItem\",\"name\":\"Persone\"}},{\"@type\":\"ListItem\",\"@id\":\"https:\\\/\\\/www.immo-invest.ch\\\/it\\\/neuausrichtung-der-fuehrung-staerkt-agilitaet-und-spezialisierung\\\/#listItem\",\"position\":4,\"name\":\"Il riallineamento della gestione rafforza l&#8217;agilit\\u00e0 e la specializzazione\",\"previousItem\":{\"@type\":\"ListItem\",\"@id\":\"https:\\\/\\\/www.immo-invest.ch\\\/it\\\/categoria\\\/persone-2\\\/persone\\\/#listItem\",\"name\":\"Persone\"}}]},{\"@type\":\"Organization\",\"@id\":\"https:\\\/\\\/www.immo-invest.ch\\\/it\\\/#organization\",\"name\":\"immo!nvest - Die Plattform f\\u00fcr Standorte und Immobilien\",\"description\":\"Die\\u00a0Plattform f\\u00fcr Standorte und Immobilien\",\"url\":\"https:\\\/\\\/www.immo-invest.ch\\\/it\\\/\",\"email\":\"admin@immomedia.ag\",\"telephone\":\"+41444420002\",\"logo\":{\"@type\":\"ImageObject\",\"url\":\"https:\\\/\\\/www.immo-invest.ch\\\/wp-content\\\/uploads\\\/2024\\\/09\\\/immoinvest_sm-scaled.jpg\",\"@id\":\"https:\\\/\\\/www.immo-invest.ch\\\/it\\\/neuausrichtung-der-fuehrung-staerkt-agilitaet-und-spezialisierung\\\/#organizationLogo\",\"width\":2560,\"height\":1340},\"image\":{\"@id\":\"https:\\\/\\\/www.immo-invest.ch\\\/it\\\/neuausrichtung-der-fuehrung-staerkt-agilitaet-und-spezialisierung\\\/#organizationLogo\"},\"sameAs\":[\"https:\\\/\\\/www.facebook.com\\\/people\\\/Immoinvest\\\/100077962920504\\\/\",\"https:\\\/\\\/x.com\\\/i\\\/flow\\\/login?redirect_after_login=immoinvest_ch\",\"https:\\\/\\\/www.instagram.com\\\/immoinvest_ch\\\/\",\"https:\\\/\\\/www.linkedin.com\\\/company\\\/immoinvest-swiss\"]},{\"@type\":\"Person\",\"@id\":\"https:\\\/\\\/www.immo-invest.ch\\\/it\\\/author\\\/immovestuser\\\/#author\",\"url\":\"https:\\\/\\\/www.immo-invest.ch\\\/it\\\/author\\\/immovestuser\\\/\",\"name\":\"immovestuser\",\"image\":{\"@type\":\"ImageObject\",\"@id\":\"https:\\\/\\\/www.immo-invest.ch\\\/it\\\/neuausrichtung-der-fuehrung-staerkt-agilitaet-und-spezialisierung\\\/#authorImage\",\"url\":\"https:\\\/\\\/secure.gravatar.com\\\/avatar\\\/8e01f4d99f2eeea7a362ebb93305e1172a70e9293ba250f897a65c39f54cdd1e?s=96&d=mm&r=g\",\"width\":96,\"height\":96,\"caption\":\"immovestuser\"}},{\"@type\":\"WebPage\",\"@id\":\"https:\\\/\\\/www.immo-invest.ch\\\/it\\\/neuausrichtung-der-fuehrung-staerkt-agilitaet-und-spezialisierung\\\/#webpage\",\"url\":\"https:\\\/\\\/www.immo-invest.ch\\\/it\\\/neuausrichtung-der-fuehrung-staerkt-agilitaet-und-spezialisierung\\\/\",\"name\":\"Il riallineamento della gestione rafforza l\\u2019agilit\\u00e0 e la specializzazione - immo!nvest - Die Plattform f\\u00fcr Standorte und Immobilien\",\"description\":\"Dominic Schuhmacher diventa CEO della societ\\u00e0 immobiliare e fiduciaria M\\u00fcller Schuhmacher. Daniela Steiner \\u00e8 responsabile della gestione immobiliare, il responsabile delle vendite Michael Zeugin \\u00e8 ora anche a capo del Consiglio di amministrazione e Christine M\\u00fcller \\u00e8 responsabile del nuovo Corporate Centre. Christian Furrer rimane capo fiduciario.\",\"inLanguage\":\"it-IT\",\"isPartOf\":{\"@id\":\"https:\\\/\\\/www.immo-invest.ch\\\/it\\\/#website\"},\"breadcrumb\":{\"@id\":\"https:\\\/\\\/www.immo-invest.ch\\\/it\\\/neuausrichtung-der-fuehrung-staerkt-agilitaet-und-spezialisierung\\\/#breadcrumblist\"},\"author\":{\"@id\":\"https:\\\/\\\/www.immo-invest.ch\\\/it\\\/author\\\/immovestuser\\\/#author\"},\"creator\":{\"@id\":\"https:\\\/\\\/www.immo-invest.ch\\\/it\\\/author\\\/immovestuser\\\/#author\"},\"image\":{\"@type\":\"ImageObject\",\"url\":\"https:\\\/\\\/www.immo-invest.ch\\\/wp-content\\\/uploads\\\/2025\\\/12\\\/banoviag_Realistic_modern_office_environment_of_a_real_estate_e9899a2b-5c9d-4db6-9bc9-7d1d4a17bb87_0.png\",\"@id\":\"https:\\\/\\\/www.immo-invest.ch\\\/it\\\/neuausrichtung-der-fuehrung-staerkt-agilitaet-und-spezialisierung\\\/#mainImage\",\"width\":1536,\"height\":768},\"primaryImageOfPage\":{\"@id\":\"https:\\\/\\\/www.immo-invest.ch\\\/it\\\/neuausrichtung-der-fuehrung-staerkt-agilitaet-und-spezialisierung\\\/#mainImage\"},\"datePublished\":\"2026-01-08T16:20:00+01:00\",\"dateModified\":\"2026-01-07T09:28:20+01:00\"},{\"@type\":\"WebSite\",\"@id\":\"https:\\\/\\\/www.immo-invest.ch\\\/it\\\/#website\",\"url\":\"https:\\\/\\\/www.immo-invest.ch\\\/it\\\/\",\"name\":\"immo!nvest - Die Plattform f\\u00fcr Standorte und Immobilien\",\"description\":\"Die\\u00a0Plattform f\\u00fcr Standorte und Immobilien\",\"inLanguage\":\"it-IT\",\"publisher\":{\"@id\":\"https:\\\/\\\/www.immo-invest.ch\\\/it\\\/#organization\"}}]}\n\t\t<\/script>\n\t\t<!-- All in One SEO -->\n\n","aioseo_head_json":{"title":"Il riallineamento della gestione rafforza l\u2019agilit\u00e0 e la specializzazione - immo!nvest - Die Plattform f\u00fcr Standorte und Immobilien","description":"Dominic Schuhmacher diventa CEO della societ\u00e0 immobiliare e fiduciaria M\u00fcller Schuhmacher. Daniela Steiner \u00e8 responsabile della gestione immobiliare, il responsabile delle vendite Michael Zeugin \u00e8 ora anche a capo del Consiglio di amministrazione e Christine M\u00fcller \u00e8 responsabile del nuovo Corporate Centre. Christian Furrer rimane capo fiduciario.","canonical_url":"https:\/\/www.immo-invest.ch\/it\/neuausrichtung-der-fuehrung-staerkt-agilitaet-und-spezialisierung\/","robots":"max-image-preview:large","keywords":"","webmasterTools":{"google-site-verification":"fHJKvgWpZCR2zVBHWfkQeFXC11qieUSff0HGNYfuyLA","miscellaneous":""},"schema":{"@context":"https:\/\/schema.org","@graph":[{"@type":"BlogPosting","@id":"https:\/\/www.immo-invest.ch\/it\/neuausrichtung-der-fuehrung-staerkt-agilitaet-und-spezialisierung\/#blogposting","name":"Il riallineamento della gestione rafforza l\u2019agilit\u00e0 e la specializzazione - immo!nvest - Die Plattform f\u00fcr Standorte und Immobilien","headline":"Il riallineamento della gestione rafforza l&#8217;agilit\u00e0 e la specializzazione","author":{"@id":"https:\/\/www.immo-invest.ch\/it\/author\/immovestuser\/#author"},"publisher":{"@id":"https:\/\/www.immo-invest.ch\/it\/#organization"},"image":{"@type":"ImageObject","url":"https:\/\/www.immo-invest.ch\/wp-content\/uploads\/2025\/12\/banoviag_Realistic_modern_office_environment_of_a_real_estate_e9899a2b-5c9d-4db6-9bc9-7d1d4a17bb87_0.png","width":1536,"height":768},"datePublished":"2026-01-08T16:20:00+01:00","dateModified":"2026-01-07T09:28:20+01:00","inLanguage":"it-IT","mainEntityOfPage":{"@id":"https:\/\/www.immo-invest.ch\/it\/neuausrichtung-der-fuehrung-staerkt-agilitaet-und-spezialisierung\/#webpage"},"isPartOf":{"@id":"https:\/\/www.immo-invest.ch\/it\/neuausrichtung-der-fuehrung-staerkt-agilitaet-und-spezialisierung\/#webpage"},"articleSection":"immoNews, Persone, Persone, Societ\u00e0, Trends, Fuehrungsstruktur Immobilien, Immobilienbewirtschaftung, Immoinvest, immoNews, News, Optional"},{"@type":"BreadcrumbList","@id":"https:\/\/www.immo-invest.ch\/it\/neuausrichtung-der-fuehrung-staerkt-agilitaet-und-spezialisierung\/#breadcrumblist","itemListElement":[{"@type":"ListItem","@id":"https:\/\/www.immo-invest.ch\/it\/#listItem","position":1,"name":"Home","item":"https:\/\/www.immo-invest.ch\/it\/","nextItem":{"@type":"ListItem","@id":"https:\/\/www.immo-invest.ch\/it\/categoria\/persone-2\/#listItem","name":"Persone"}},{"@type":"ListItem","@id":"https:\/\/www.immo-invest.ch\/it\/categoria\/persone-2\/#listItem","position":2,"name":"Persone","item":"https:\/\/www.immo-invest.ch\/it\/categoria\/persone-2\/","nextItem":{"@type":"ListItem","@id":"https:\/\/www.immo-invest.ch\/it\/categoria\/persone-2\/persone\/#listItem","name":"Persone"},"previousItem":{"@type":"ListItem","@id":"https:\/\/www.immo-invest.ch\/it\/#listItem","name":"Home"}},{"@type":"ListItem","@id":"https:\/\/www.immo-invest.ch\/it\/categoria\/persone-2\/persone\/#listItem","position":3,"name":"Persone","item":"https:\/\/www.immo-invest.ch\/it\/categoria\/persone-2\/persone\/","nextItem":{"@type":"ListItem","@id":"https:\/\/www.immo-invest.ch\/it\/neuausrichtung-der-fuehrung-staerkt-agilitaet-und-spezialisierung\/#listItem","name":"Il riallineamento della gestione rafforza l&#8217;agilit\u00e0 e la specializzazione"},"previousItem":{"@type":"ListItem","@id":"https:\/\/www.immo-invest.ch\/it\/categoria\/persone-2\/#listItem","name":"Persone"}},{"@type":"ListItem","@id":"https:\/\/www.immo-invest.ch\/it\/neuausrichtung-der-fuehrung-staerkt-agilitaet-und-spezialisierung\/#listItem","position":4,"name":"Il riallineamento della gestione rafforza l&#8217;agilit\u00e0 e la specializzazione","previousItem":{"@type":"ListItem","@id":"https:\/\/www.immo-invest.ch\/it\/categoria\/persone-2\/persone\/#listItem","name":"Persone"}}]},{"@type":"Organization","@id":"https:\/\/www.immo-invest.ch\/it\/#organization","name":"immo!nvest - Die Plattform f\u00fcr Standorte und Immobilien","description":"Die\u00a0Plattform f\u00fcr Standorte und Immobilien","url":"https:\/\/www.immo-invest.ch\/it\/","email":"admin@immomedia.ag","telephone":"+41444420002","logo":{"@type":"ImageObject","url":"https:\/\/www.immo-invest.ch\/wp-content\/uploads\/2024\/09\/immoinvest_sm-scaled.jpg","@id":"https:\/\/www.immo-invest.ch\/it\/neuausrichtung-der-fuehrung-staerkt-agilitaet-und-spezialisierung\/#organizationLogo","width":2560,"height":1340},"image":{"@id":"https:\/\/www.immo-invest.ch\/it\/neuausrichtung-der-fuehrung-staerkt-agilitaet-und-spezialisierung\/#organizationLogo"},"sameAs":["https:\/\/www.facebook.com\/people\/Immoinvest\/100077962920504\/","https:\/\/x.com\/i\/flow\/login?redirect_after_login=immoinvest_ch","https:\/\/www.instagram.com\/immoinvest_ch\/","https:\/\/www.linkedin.com\/company\/immoinvest-swiss"]},{"@type":"Person","@id":"https:\/\/www.immo-invest.ch\/it\/author\/immovestuser\/#author","url":"https:\/\/www.immo-invest.ch\/it\/author\/immovestuser\/","name":"immovestuser","image":{"@type":"ImageObject","@id":"https:\/\/www.immo-invest.ch\/it\/neuausrichtung-der-fuehrung-staerkt-agilitaet-und-spezialisierung\/#authorImage","url":"https:\/\/secure.gravatar.com\/avatar\/8e01f4d99f2eeea7a362ebb93305e1172a70e9293ba250f897a65c39f54cdd1e?s=96&d=mm&r=g","width":96,"height":96,"caption":"immovestuser"}},{"@type":"WebPage","@id":"https:\/\/www.immo-invest.ch\/it\/neuausrichtung-der-fuehrung-staerkt-agilitaet-und-spezialisierung\/#webpage","url":"https:\/\/www.immo-invest.ch\/it\/neuausrichtung-der-fuehrung-staerkt-agilitaet-und-spezialisierung\/","name":"Il riallineamento della gestione rafforza l\u2019agilit\u00e0 e la specializzazione - immo!nvest - Die Plattform f\u00fcr Standorte und Immobilien","description":"Dominic Schuhmacher diventa CEO della societ\u00e0 immobiliare e fiduciaria M\u00fcller Schuhmacher. Daniela Steiner \u00e8 responsabile della gestione immobiliare, il responsabile delle vendite Michael Zeugin \u00e8 ora anche a capo del Consiglio di amministrazione e Christine M\u00fcller \u00e8 responsabile del nuovo Corporate Centre. Christian Furrer rimane capo fiduciario.","inLanguage":"it-IT","isPartOf":{"@id":"https:\/\/www.immo-invest.ch\/it\/#website"},"breadcrumb":{"@id":"https:\/\/www.immo-invest.ch\/it\/neuausrichtung-der-fuehrung-staerkt-agilitaet-und-spezialisierung\/#breadcrumblist"},"author":{"@id":"https:\/\/www.immo-invest.ch\/it\/author\/immovestuser\/#author"},"creator":{"@id":"https:\/\/www.immo-invest.ch\/it\/author\/immovestuser\/#author"},"image":{"@type":"ImageObject","url":"https:\/\/www.immo-invest.ch\/wp-content\/uploads\/2025\/12\/banoviag_Realistic_modern_office_environment_of_a_real_estate_e9899a2b-5c9d-4db6-9bc9-7d1d4a17bb87_0.png","@id":"https:\/\/www.immo-invest.ch\/it\/neuausrichtung-der-fuehrung-staerkt-agilitaet-und-spezialisierung\/#mainImage","width":1536,"height":768},"primaryImageOfPage":{"@id":"https:\/\/www.immo-invest.ch\/it\/neuausrichtung-der-fuehrung-staerkt-agilitaet-und-spezialisierung\/#mainImage"},"datePublished":"2026-01-08T16:20:00+01:00","dateModified":"2026-01-07T09:28:20+01:00"},{"@type":"WebSite","@id":"https:\/\/www.immo-invest.ch\/it\/#website","url":"https:\/\/www.immo-invest.ch\/it\/","name":"immo!nvest - Die Plattform f\u00fcr Standorte und Immobilien","description":"Die\u00a0Plattform f\u00fcr Standorte und Immobilien","inLanguage":"it-IT","publisher":{"@id":"https:\/\/www.immo-invest.ch\/it\/#organization"}}]},"og:locale":"it_IT","og:site_name":"immo!nvest - Die Plattform f\u00fcr Standorte und Immobilien - Die\u00a0Plattform f\u00fcr Standorte und Immobilien","og:type":"article","og:title":"Il riallineamento della gestione rafforza l\u2019agilit\u00e0 e la specializzazione - immo!nvest - Die Plattform f\u00fcr Standorte und Immobilien","og:description":"Dominic Schuhmacher diventa CEO della societ\u00e0 immobiliare e fiduciaria M\u00fcller Schuhmacher. Daniela Steiner \u00e8 responsabile della gestione immobiliare, il responsabile delle vendite Michael Zeugin \u00e8 ora anche a capo del Consiglio di amministrazione e Christine M\u00fcller \u00e8 responsabile del nuovo Corporate Centre. Christian Furrer rimane capo fiduciario.","og:url":"https:\/\/www.immo-invest.ch\/it\/neuausrichtung-der-fuehrung-staerkt-agilitaet-und-spezialisierung\/","og:image":"https:\/\/www.immo-invest.ch\/wp-content\/uploads\/2025\/12\/banoviag_Realistic_modern_office_environment_of_a_real_estate_e9899a2b-5c9d-4db6-9bc9-7d1d4a17bb87_0.png","og:image:secure_url":"https:\/\/www.immo-invest.ch\/wp-content\/uploads\/2025\/12\/banoviag_Realistic_modern_office_environment_of_a_real_estate_e9899a2b-5c9d-4db6-9bc9-7d1d4a17bb87_0.png","og:image:width":1536,"og:image:height":768,"article:published_time":"2026-01-08T15:20:00+00:00","article:modified_time":"2026-01-07T08:28:20+00:00","article:publisher":"https:\/\/www.facebook.com\/people\/Immoinvest\/100077962920504\/","twitter:card":"summary_large_image","twitter:site":"@i","twitter:title":"Il riallineamento della gestione rafforza l\u2019agilit\u00e0 e la specializzazione - immo!nvest - Die Plattform f\u00fcr Standorte und Immobilien","twitter:description":"Dominic Schuhmacher diventa CEO della societ\u00e0 immobiliare e fiduciaria M\u00fcller Schuhmacher. Daniela Steiner \u00e8 responsabile della gestione immobiliare, il responsabile delle vendite Michael Zeugin \u00e8 ora anche a capo del Consiglio di amministrazione e Christine M\u00fcller \u00e8 responsabile del nuovo Corporate Centre. Christian Furrer rimane capo fiduciario.","twitter:creator":"@i","twitter:image":"https:\/\/www.immo-invest.ch\/wp-content\/uploads\/2025\/12\/banoviag_Realistic_modern_office_environment_of_a_real_estate_e9899a2b-5c9d-4db6-9bc9-7d1d4a17bb87_0.png"},"aioseo_meta_data":{"post_id":"146609","title":null,"description":null,"keywords":null,"keyphrases":{"focus":{"keyphrase":"","score":0,"analysis":{"keyphraseInTitle":{"score":0,"maxScore":9,"error":1}}},"additional":[]},"primary_term":null,"canonical_url":null,"og_title":null,"og_description":null,"og_object_type":"default","og_image_type":"default","og_image_url":null,"og_image_width":null,"og_image_height":null,"og_image_custom_url":null,"og_image_custom_fields":null,"og_video":"","og_custom_url":null,"og_article_section":null,"og_article_tags":null,"twitter_use_og":false,"twitter_card":"default","twitter_image_type":"default","twitter_image_url":null,"twitter_image_custom_url":null,"twitter_image_custom_fields":null,"twitter_title":null,"twitter_description":null,"schema":{"blockGraphs":[],"customGraphs":[],"default":{"data":{"Article":[],"Course":[],"Dataset":[],"FAQPage":[],"Movie":[],"Person":[],"Product":[],"ProductReview":[],"Car":[],"Recipe":[],"Service":[],"SoftwareApplication":[],"WebPage":[]},"graphName":"BlogPosting","isEnabled":true},"graphs":[]},"schema_type":"default","schema_type_options":null,"pillar_content":false,"robots_default":true,"robots_noindex":false,"robots_noarchive":false,"robots_nosnippet":false,"robots_nofollow":false,"robots_noimageindex":false,"robots_noodp":false,"robots_notranslate":false,"robots_max_snippet":"-1","robots_max_videopreview":"-1","robots_max_imagepreview":"large","priority":null,"frequency":"default","local_seo":null,"breadcrumb_settings":null,"limit_modified_date":false,"ai":{"faqs":[],"keyPoints":[],"titles":[],"descriptions":[],"socialPosts":{"email":[],"linkedin":[],"twitter":[],"facebook":[],"instagram":[]}},"created":"2026-01-07 08:28:24","updated":"2026-01-08 15:34:29","seo_analyzer_scan_date":null,"focus_keyword":null,"additional_keywords":null,"truseo_locale":null},"aioseo_breadcrumb":"<div class=\"aioseo-breadcrumbs\"><span class=\"aioseo-breadcrumb\">\n\t\t\t<a href=\"https:\/\/www.immo-invest.ch\/it\/\" title=\"Home\">Home<\/a>\n\t\t<\/span><span class=\"aioseo-breadcrumb-separator\">&raquo;<\/span><span class=\"aioseo-breadcrumb\">\n\t\t\t<a href=\"https:\/\/www.immo-invest.ch\/it\/categoria\/persone-2\/\" title=\"Persone\">Persone<\/a>\n\t\t<\/span><span class=\"aioseo-breadcrumb-separator\">&raquo;<\/span><span class=\"aioseo-breadcrumb\">\n\t\t\t<a href=\"https:\/\/www.immo-invest.ch\/it\/categoria\/persone-2\/persone\/\" title=\"Persone\">Persone<\/a>\n\t\t<\/span><span class=\"aioseo-breadcrumb-separator\">&raquo;<\/span><span class=\"aioseo-breadcrumb\">\n\t\t\tIl riallineamento della gestione rafforza l\u2019agilit\u00e0 e la specializzazione\n\t\t<\/span><\/div>","aioseo_breadcrumb_json":[{"label":"Home","link":"https:\/\/www.immo-invest.ch\/it\/"},{"label":"Persone","link":"https:\/\/www.immo-invest.ch\/it\/categoria\/persone-2\/"},{"label":"Persone","link":"https:\/\/www.immo-invest.ch\/it\/categoria\/persone-2\/persone\/"},{"label":"Il riallineamento della gestione rafforza l&#8217;agilit\u00e0 e la specializzazione","link":"https:\/\/www.immo-invest.ch\/it\/neuausrichtung-der-fuehrung-staerkt-agilitaet-und-spezialisierung\/"}],"featured_image_src":"https:\/\/www.immo-invest.ch\/wp-content\/uploads\/2025\/12\/banoviag_Realistic_modern_office_environment_of_a_real_estate_e9899a2b-5c9d-4db6-9bc9-7d1d4a17bb87_0-336x168.png","_links":{"self":[{"href":"https:\/\/www.immo-invest.ch\/it\/wp-json\/wp\/v2\/posts\/146609","targetHints":{"allow":["GET"]}}],"collection":[{"href":"https:\/\/www.immo-invest.ch\/it\/wp-json\/wp\/v2\/posts"}],"about":[{"href":"https:\/\/www.immo-invest.ch\/it\/wp-json\/wp\/v2\/types\/post"}],"author":[{"embeddable":true,"href":"https:\/\/www.immo-invest.ch\/it\/wp-json\/wp\/v2\/users\/2"}],"replies":[{"embeddable":true,"href":"https:\/\/www.immo-invest.ch\/it\/wp-json\/wp\/v2\/comments?post=146609"}],"version-history":[{"count":2,"href":"https:\/\/www.immo-invest.ch\/it\/wp-json\/wp\/v2\/posts\/146609\/revisions"}],"predecessor-version":[{"id":146614,"href":"https:\/\/www.immo-invest.ch\/it\/wp-json\/wp\/v2\/posts\/146609\/revisions\/146614"}],"wp:featuredmedia":[{"embeddable":true,"href":"https:\/\/www.immo-invest.ch\/it\/wp-json\/wp\/v2\/media\/146610"}],"wp:attachment":[{"href":"https:\/\/www.immo-invest.ch\/it\/wp-json\/wp\/v2\/media?parent=146609"}],"wp:term":[{"taxonomy":"category","embeddable":true,"href":"https:\/\/www.immo-invest.ch\/it\/wp-json\/wp\/v2\/categories?post=146609"},{"taxonomy":"post_tag","embeddable":true,"href":"https:\/\/www.immo-invest.ch\/it\/wp-json\/wp\/v2\/tags?post=146609"}],"curies":[{"name":"wp","href":"https:\/\/api.w.org\/{rel}","templated":true}]}}