{"id":146439,"date":"2026-01-06T09:58:19","date_gmt":"2026-01-06T08:58:19","guid":{"rendered":"https:\/\/www.immo-invest.ch\/?p=146439"},"modified":"2026-01-06T10:28:42","modified_gmt":"2026-01-06T09:28:42","slug":"polysportives-leuchtturmprojekt-nimmt-gestalt-an","status":"publish","type":"post","link":"https:\/\/www.immo-invest.ch\/it\/polysportives-leuchtturmprojekt-nimmt-gestalt-an\/","title":{"rendered":"Il progetto del faro polisportivo prende forma"},"content":{"rendered":"<p class=\"wp-block-paragraph\">Dopo molti anni di progettazione, la costruzione &egrave; ora iniziata. Sul sito di D&uuml;rrbach si sta costruendo un grande complesso polisportivo per un importo di circa 65 milioni di franchi svizzeri, realizzato da HRS <span class=\"glossaryLink\" aria-describedby=\"tt\" data-cmtooltip=\"&lt;div class=glossaryItemTitle&gt;Real Estate&lt;\/div&gt;&lt;div class=glossaryItemBody&gt;Engl. f&uuml;r Immobilien&lt;\/div&gt;\" data-mobile-support=\"0\" data-gt-translate-attributes='[{\"attribute\":\"data-cmtooltip\", \"format\":\"html\"}]' tabindex=\"0\" role=\"link\">Real Estate<\/span> AG come appaltatore totale. Il nuovo edificio sar&agrave; inaugurato nell&rsquo;autunno del 2026 e rappresenter&agrave; un nuovo punto di riferimento sportivo nella Glattal.<\/p>\n\n\n\n\n\n<p class=\"wp-block-paragraph\"><strong>Oltre 30 sport sotto lo stesso tetto<br><\/strong>Il progetto &egrave; sostenuto da Zurich Tennis e dall&rsquo;Associazione Ginnastica di Zurigo, che insieme riuniscono quasi 100.000 appassionati di sport nella regione. Il progetto prevede sale moderne per il tennis e la ginnastica, aree di allenamento specializzate e spazio per numerosi altri sport indoor. L&rsquo;offerta sar&agrave; completata da infrastrutture sportive, alloggi per la notte e strutture per la medicina sportiva e la rigenerazione. Il centro sportivo &egrave; concepito per l&rsquo;esercizio tutto l&rsquo;anno di sport popolari e d&rsquo;&eacute;lite.<\/p>\n\n\n\n\n\n<p class=\"wp-block-paragraph\"><strong>Campus per lo sport e la formazione<br><\/strong>Il nuovo centro sportivo ospiter&agrave; anche la Scuola d&rsquo;arte e sport dell&rsquo;Oberland zurighese. Si creer&agrave; cos&igrave; un campus che unisce formazione, scuola e sviluppo dei talenti in termini di spazio e contenuti. I giovani atleti troveranno in loco le condizioni ideali per coniugare ambizioni sportive e allenamento.<\/p>\n\n\n\n\n\n<p class=\"wp-block-paragraph\"><strong>Beny Ruhstaller rafforza la gestione strategica<br><\/strong>Beny Ruhstaller &egrave; recentemente entrato a far parte del Consiglio di Amministrazione di Sportzentrum D&uuml;rrbach AG. Non si &egrave; unito a noi principalmente come specialista di costruzioni, ma come esperto del mondo della ginnastica. Grazie al suo precedente lavoro per le associazioni di ginnastica di Zurigo e della Svizzera, porta con s&eacute; molti anni di esperienza associativa, un&rsquo;ampia rete di contatti nella ginnastica e nel tennis e una spiccata sensibilit&agrave; per le esigenze degli atleti. Questo rafforza la sua ambizione di sviluppare il Centro sportivo di Zurigo in una piattaforma lungimirante per lo sport, l&rsquo;allenamento e l&rsquo;esercizio fisico nella regione.<\/p>\n\n","protected":false},"excerpt":{"rendered":"<p>Entro l&#8217;autunno del 2026, tra D\u00fcbendorf e Wangen-Br\u00fcttisellen sorger\u00e0 un nuovo centro sportivo per la regione di Zurigo. Il centro sportivo di Zurigo nell&#8217;area di D\u00fcrrbach riunir\u00e0 oltre 30 tipi di sport sotto lo stesso tetto. Questo progetto unisce sport popolare e di alto livello, formazione e rigenerazione in un centro unico in Svizzera.<\/p>\n","protected":false},"author":2,"featured_media":146446,"comment_status":"open","ping_status":"open","sticky":false,"template":"","format":"standard","meta":{"pmpro_default_level":"","inline_featured_image":false,"_monsterinsights_skip_tracking":false,"footnotes":""},"categories":[55983,9650,4465,56028,4817],"tags":[867,3935,2006,56146,56147,56148],"class_list":["post-146439","post","type-post","status-publish","format-standard","has-post-thumbnail","hentry","category-associazioni","category-nuove-costruzioni","category-persone","category-pianificazione-sviluppo","category-regione-zurigo","tag-immoinvest-it","tag-immonews-it","tag-news-it","tag-polysportive-infrastruktur","tag-sport-und-ausbildung","tag-sportzentrum-neubau","pmpro-has-access"],"acf":{"bild_mit_ki_erstellt_worden":"","lead":"Entro l'autunno del 2026, tra D\u00fcbendorf e Wangen-Br\u00fcttisellen sorger\u00e0 un nuovo centro sportivo per la regione di Zurigo. Il centro sportivo di Zurigo nell'area di D\u00fcrrbach riunir\u00e0 oltre 30 tipi di sport sotto lo stesso tetto. Questo progetto unisce sport popolare e di alto livello, formazione e rigenerazione in un centro unico in Svizzera.","autor":"Quelle immoMedia","ort":"","bildunterschrift":"","bild_im_grid":false,"gallerie":"","newsim":""},"aioseo_notices":[],"aioseo_head":"\n\t\t<!-- All in One SEO 5.0.0.1 - aioseo.com -->\n\t<meta name=\"description\" content=\"Entro l&#039;autunno del 2026, tra D\u00fcbendorf e Wangen-Br\u00fcttisellen sorger\u00e0 un nuovo centro sportivo per la regione di Zurigo. Il centro sportivo di Zurigo nell&#039;area di D\u00fcrrbach riunir\u00e0 oltre 30 tipi di sport sotto lo stesso tetto. Questo progetto unisce sport popolare e di alto livello, formazione e rigenerazione in un centro unico in Svizzera.\" \/>\n\t<meta name=\"robots\" content=\"max-image-preview:large\" \/>\n\t<meta name=\"author\" content=\"immovestuser\"\/>\n\t<meta name=\"google-site-verification\" content=\"fHJKvgWpZCR2zVBHWfkQeFXC11qieUSff0HGNYfuyLA\" \/>\n\t<link rel=\"canonical\" href=\"https:\/\/www.immo-invest.ch\/it\/polysportives-leuchtturmprojekt-nimmt-gestalt-an\/\" \/>\n\t<meta name=\"generator\" content=\"All in One SEO (AIOSEO) 5.0.0.1\" \/>\n\t\t<meta property=\"og:locale\" content=\"it_IT\" \/>\n\t\t<meta property=\"og:site_name\" content=\"immo!nvest - Die Plattform f\u00fcr Standorte und Immobilien - Die\u00a0Plattform f\u00fcr Standorte und Immobilien\" \/>\n\t\t<meta property=\"og:type\" content=\"article\" \/>\n\t\t<meta property=\"og:title\" content=\"Il progetto del faro polisportivo prende forma - immo!nvest - Die Plattform f\u00fcr Standorte und Immobilien\" \/>\n\t\t<meta property=\"og:description\" content=\"Entro l&#039;autunno del 2026, tra D\u00fcbendorf e Wangen-Br\u00fcttisellen sorger\u00e0 un nuovo centro sportivo per la regione di Zurigo. Il centro sportivo di Zurigo nell&#039;area di D\u00fcrrbach riunir\u00e0 oltre 30 tipi di sport sotto lo stesso tetto. Questo progetto unisce sport popolare e di alto livello, formazione e rigenerazione in un centro unico in Svizzera.\" \/>\n\t\t<meta property=\"og:url\" content=\"https:\/\/www.immo-invest.ch\/it\/polysportives-leuchtturmprojekt-nimmt-gestalt-an\/\" \/>\n\t\t<meta property=\"og:image\" content=\"https:\/\/www.immo-invest.ch\/wp-content\/uploads\/2026\/01\/Beny-Ruhstaller-Portrait.jpg\" \/>\n\t\t<meta property=\"og:image:secure_url\" content=\"https:\/\/www.immo-invest.ch\/wp-content\/uploads\/2026\/01\/Beny-Ruhstaller-Portrait.jpg\" \/>\n\t\t<meta property=\"og:image:width\" content=\"2000\" \/>\n\t\t<meta property=\"og:image:height\" content=\"1125\" \/>\n\t\t<meta property=\"article:published_time\" content=\"2026-01-06T08:58:19+00:00\" \/>\n\t\t<meta property=\"article:modified_time\" content=\"2026-01-06T09:28:42+00:00\" \/>\n\t\t<meta property=\"article:publisher\" content=\"https:\/\/www.facebook.com\/people\/Immoinvest\/100077962920504\/\" \/>\n\t\t<meta name=\"twitter:card\" content=\"summary_large_image\" \/>\n\t\t<meta name=\"twitter:site\" content=\"@i\" \/>\n\t\t<meta name=\"twitter:title\" content=\"Il progetto del faro polisportivo prende forma - immo!nvest - Die Plattform f\u00fcr Standorte und Immobilien\" \/>\n\t\t<meta name=\"twitter:description\" content=\"Entro l&#039;autunno del 2026, tra D\u00fcbendorf e Wangen-Br\u00fcttisellen sorger\u00e0 un nuovo centro sportivo per la regione di Zurigo. Il centro sportivo di Zurigo nell&#039;area di D\u00fcrrbach riunir\u00e0 oltre 30 tipi di sport sotto lo stesso tetto. Questo progetto unisce sport popolare e di alto livello, formazione e rigenerazione in un centro unico in Svizzera.\" \/>\n\t\t<meta name=\"twitter:creator\" content=\"@i\" \/>\n\t\t<meta name=\"twitter:image\" content=\"https:\/\/www.immo-invest.ch\/wp-content\/uploads\/2026\/01\/Beny-Ruhstaller-Portrait.jpg\" \/>\n\t\t<script type=\"application\/ld+json\" class=\"aioseo-schema\">\n\t\t\t{\"@context\":\"https:\\\/\\\/schema.org\",\"@graph\":[{\"@type\":\"BlogPosting\",\"@id\":\"https:\\\/\\\/www.immo-invest.ch\\\/it\\\/polysportives-leuchtturmprojekt-nimmt-gestalt-an\\\/#blogposting\",\"name\":\"Il progetto del faro polisportivo prende forma - immo!nvest - Die Plattform f\\u00fcr Standorte und Immobilien\",\"headline\":\"Il progetto del faro polisportivo prende forma\",\"author\":{\"@id\":\"https:\\\/\\\/www.immo-invest.ch\\\/it\\\/author\\\/immovestuser\\\/#author\"},\"publisher\":{\"@id\":\"https:\\\/\\\/www.immo-invest.ch\\\/it\\\/#organization\"},\"image\":{\"@type\":\"ImageObject\",\"url\":\"https:\\\/\\\/www.immo-invest.ch\\\/wp-content\\\/uploads\\\/2026\\\/01\\\/Beny-Ruhstaller-Portrait.jpg\",\"width\":2000,\"height\":1125},\"datePublished\":\"2026-01-06T09:58:19+01:00\",\"dateModified\":\"2026-01-06T10:28:42+01:00\",\"inLanguage\":\"it-IT\",\"mainEntityOfPage\":{\"@id\":\"https:\\\/\\\/www.immo-invest.ch\\\/it\\\/polysportives-leuchtturmprojekt-nimmt-gestalt-an\\\/#webpage\"},\"isPartOf\":{\"@id\":\"https:\\\/\\\/www.immo-invest.ch\\\/it\\\/polysportives-leuchtturmprojekt-nimmt-gestalt-an\\\/#webpage\"},\"articleSection\":\"Associazioni, Nuove costruzioni, Persone, Pianificazione \\\/ Sviluppo, Zurigo, Immoinvest, immoNews, News, polysportive Infrastruktur, Sport und Ausbildung, Sportzentrum Neubau, Optional\"},{\"@type\":\"BreadcrumbList\",\"@id\":\"https:\\\/\\\/www.immo-invest.ch\\\/it\\\/polysportives-leuchtturmprojekt-nimmt-gestalt-an\\\/#breadcrumblist\",\"itemListElement\":[{\"@type\":\"ListItem\",\"@id\":\"https:\\\/\\\/www.immo-invest.ch\\\/it\\\/#listItem\",\"position\":1,\"name\":\"Home\",\"item\":\"https:\\\/\\\/www.immo-invest.ch\\\/it\\\/\",\"nextItem\":{\"@type\":\"ListItem\",\"@id\":\"https:\\\/\\\/www.immo-invest.ch\\\/it\\\/categoria\\\/regioni\\\/#listItem\",\"name\":\"Regioni\"}},{\"@type\":\"ListItem\",\"@id\":\"https:\\\/\\\/www.immo-invest.ch\\\/it\\\/categoria\\\/regioni\\\/#listItem\",\"position\":2,\"name\":\"Regioni\",\"item\":\"https:\\\/\\\/www.immo-invest.ch\\\/it\\\/categoria\\\/regioni\\\/\",\"nextItem\":{\"@type\":\"ListItem\",\"@id\":\"https:\\\/\\\/www.immo-invest.ch\\\/it\\\/categoria\\\/regioni\\\/svizzera\\\/#listItem\",\"name\":\"Svizzera\"},\"previousItem\":{\"@type\":\"ListItem\",\"@id\":\"https:\\\/\\\/www.immo-invest.ch\\\/it\\\/#listItem\",\"name\":\"Home\"}},{\"@type\":\"ListItem\",\"@id\":\"https:\\\/\\\/www.immo-invest.ch\\\/it\\\/categoria\\\/regioni\\\/svizzera\\\/#listItem\",\"position\":3,\"name\":\"Svizzera\",\"item\":\"https:\\\/\\\/www.immo-invest.ch\\\/it\\\/categoria\\\/regioni\\\/svizzera\\\/\",\"nextItem\":{\"@type\":\"ListItem\",\"@id\":\"https:\\\/\\\/www.immo-invest.ch\\\/it\\\/categoria\\\/regioni\\\/svizzera\\\/regione-zurigo\\\/#listItem\",\"name\":\"Zurigo\"},\"previousItem\":{\"@type\":\"ListItem\",\"@id\":\"https:\\\/\\\/www.immo-invest.ch\\\/it\\\/categoria\\\/regioni\\\/#listItem\",\"name\":\"Regioni\"}},{\"@type\":\"ListItem\",\"@id\":\"https:\\\/\\\/www.immo-invest.ch\\\/it\\\/categoria\\\/regioni\\\/svizzera\\\/regione-zurigo\\\/#listItem\",\"position\":4,\"name\":\"Zurigo\",\"item\":\"https:\\\/\\\/www.immo-invest.ch\\\/it\\\/categoria\\\/regioni\\\/svizzera\\\/regione-zurigo\\\/\",\"nextItem\":{\"@type\":\"ListItem\",\"@id\":\"https:\\\/\\\/www.immo-invest.ch\\\/it\\\/polysportives-leuchtturmprojekt-nimmt-gestalt-an\\\/#listItem\",\"name\":\"Il progetto del faro polisportivo prende forma\"},\"previousItem\":{\"@type\":\"ListItem\",\"@id\":\"https:\\\/\\\/www.immo-invest.ch\\\/it\\\/categoria\\\/regioni\\\/svizzera\\\/#listItem\",\"name\":\"Svizzera\"}},{\"@type\":\"ListItem\",\"@id\":\"https:\\\/\\\/www.immo-invest.ch\\\/it\\\/polysportives-leuchtturmprojekt-nimmt-gestalt-an\\\/#listItem\",\"position\":5,\"name\":\"Il progetto del faro polisportivo prende forma\",\"previousItem\":{\"@type\":\"ListItem\",\"@id\":\"https:\\\/\\\/www.immo-invest.ch\\\/it\\\/categoria\\\/regioni\\\/svizzera\\\/regione-zurigo\\\/#listItem\",\"name\":\"Zurigo\"}}]},{\"@type\":\"Organization\",\"@id\":\"https:\\\/\\\/www.immo-invest.ch\\\/it\\\/#organization\",\"name\":\"immo!nvest - Die Plattform f\\u00fcr Standorte und Immobilien\",\"description\":\"Die\\u00a0Plattform f\\u00fcr Standorte und Immobilien\",\"url\":\"https:\\\/\\\/www.immo-invest.ch\\\/it\\\/\",\"email\":\"admin@immomedia.ag\",\"telephone\":\"+41444420002\",\"logo\":{\"@type\":\"ImageObject\",\"url\":\"https:\\\/\\\/www.immo-invest.ch\\\/wp-content\\\/uploads\\\/2024\\\/09\\\/immoinvest_sm-scaled.jpg\",\"@id\":\"https:\\\/\\\/www.immo-invest.ch\\\/it\\\/polysportives-leuchtturmprojekt-nimmt-gestalt-an\\\/#organizationLogo\",\"width\":2560,\"height\":1340},\"image\":{\"@id\":\"https:\\\/\\\/www.immo-invest.ch\\\/it\\\/polysportives-leuchtturmprojekt-nimmt-gestalt-an\\\/#organizationLogo\"},\"sameAs\":[\"https:\\\/\\\/www.facebook.com\\\/people\\\/Immoinvest\\\/100077962920504\\\/\",\"https:\\\/\\\/x.com\\\/i\\\/flow\\\/login?redirect_after_login=immoinvest_ch\",\"https:\\\/\\\/www.instagram.com\\\/immoinvest_ch\\\/\",\"https:\\\/\\\/www.linkedin.com\\\/company\\\/immoinvest-swiss\"]},{\"@type\":\"Person\",\"@id\":\"https:\\\/\\\/www.immo-invest.ch\\\/it\\\/author\\\/immovestuser\\\/#author\",\"url\":\"https:\\\/\\\/www.immo-invest.ch\\\/it\\\/author\\\/immovestuser\\\/\",\"name\":\"immovestuser\",\"image\":{\"@type\":\"ImageObject\",\"@id\":\"https:\\\/\\\/www.immo-invest.ch\\\/it\\\/polysportives-leuchtturmprojekt-nimmt-gestalt-an\\\/#authorImage\",\"url\":\"https:\\\/\\\/secure.gravatar.com\\\/avatar\\\/8e01f4d99f2eeea7a362ebb93305e1172a70e9293ba250f897a65c39f54cdd1e?s=96&d=mm&r=g\",\"width\":96,\"height\":96,\"caption\":\"immovestuser\"}},{\"@type\":\"WebPage\",\"@id\":\"https:\\\/\\\/www.immo-invest.ch\\\/it\\\/polysportives-leuchtturmprojekt-nimmt-gestalt-an\\\/#webpage\",\"url\":\"https:\\\/\\\/www.immo-invest.ch\\\/it\\\/polysportives-leuchtturmprojekt-nimmt-gestalt-an\\\/\",\"name\":\"Il progetto del faro polisportivo prende forma - immo!nvest - Die Plattform f\\u00fcr Standorte und Immobilien\",\"description\":\"Entro l'autunno del 2026, tra D\\u00fcbendorf e Wangen-Br\\u00fcttisellen sorger\\u00e0 un nuovo centro sportivo per la regione di Zurigo. Il centro sportivo di Zurigo nell'area di D\\u00fcrrbach riunir\\u00e0 oltre 30 tipi di sport sotto lo stesso tetto. Questo progetto unisce sport popolare e di alto livello, formazione e rigenerazione in un centro unico in Svizzera.\",\"inLanguage\":\"it-IT\",\"isPartOf\":{\"@id\":\"https:\\\/\\\/www.immo-invest.ch\\\/it\\\/#website\"},\"breadcrumb\":{\"@id\":\"https:\\\/\\\/www.immo-invest.ch\\\/it\\\/polysportives-leuchtturmprojekt-nimmt-gestalt-an\\\/#breadcrumblist\"},\"author\":{\"@id\":\"https:\\\/\\\/www.immo-invest.ch\\\/it\\\/author\\\/immovestuser\\\/#author\"},\"creator\":{\"@id\":\"https:\\\/\\\/www.immo-invest.ch\\\/it\\\/author\\\/immovestuser\\\/#author\"},\"image\":{\"@type\":\"ImageObject\",\"url\":\"https:\\\/\\\/www.immo-invest.ch\\\/wp-content\\\/uploads\\\/2026\\\/01\\\/Beny-Ruhstaller-Portrait.jpg\",\"@id\":\"https:\\\/\\\/www.immo-invest.ch\\\/it\\\/polysportives-leuchtturmprojekt-nimmt-gestalt-an\\\/#mainImage\",\"width\":2000,\"height\":1125},\"primaryImageOfPage\":{\"@id\":\"https:\\\/\\\/www.immo-invest.ch\\\/it\\\/polysportives-leuchtturmprojekt-nimmt-gestalt-an\\\/#mainImage\"},\"datePublished\":\"2026-01-06T09:58:19+01:00\",\"dateModified\":\"2026-01-06T10:28:42+01:00\"},{\"@type\":\"WebSite\",\"@id\":\"https:\\\/\\\/www.immo-invest.ch\\\/it\\\/#website\",\"url\":\"https:\\\/\\\/www.immo-invest.ch\\\/it\\\/\",\"name\":\"immo!nvest - Die Plattform f\\u00fcr Standorte und Immobilien\",\"description\":\"Die\\u00a0Plattform f\\u00fcr Standorte und Immobilien\",\"inLanguage\":\"it-IT\",\"publisher\":{\"@id\":\"https:\\\/\\\/www.immo-invest.ch\\\/it\\\/#organization\"}}]}\n\t\t<\/script>\n\t\t<!-- All in One SEO -->\n\n","aioseo_head_json":{"title":"Il progetto del faro polisportivo prende forma - immo!nvest - Die Plattform f\u00fcr Standorte und Immobilien","description":"Entro l'autunno del 2026, tra D\u00fcbendorf e Wangen-Br\u00fcttisellen sorger\u00e0 un nuovo centro sportivo per la regione di Zurigo. Il centro sportivo di Zurigo nell'area di D\u00fcrrbach riunir\u00e0 oltre 30 tipi di sport sotto lo stesso tetto. Questo progetto unisce sport popolare e di alto livello, formazione e rigenerazione in un centro unico in Svizzera.","canonical_url":"https:\/\/www.immo-invest.ch\/it\/polysportives-leuchtturmprojekt-nimmt-gestalt-an\/","robots":"max-image-preview:large","keywords":"","webmasterTools":{"google-site-verification":"fHJKvgWpZCR2zVBHWfkQeFXC11qieUSff0HGNYfuyLA","miscellaneous":""},"schema":{"@context":"https:\/\/schema.org","@graph":[{"@type":"BlogPosting","@id":"https:\/\/www.immo-invest.ch\/it\/polysportives-leuchtturmprojekt-nimmt-gestalt-an\/#blogposting","name":"Il progetto del faro polisportivo prende forma - immo!nvest - Die Plattform f\u00fcr Standorte und Immobilien","headline":"Il progetto del faro polisportivo prende forma","author":{"@id":"https:\/\/www.immo-invest.ch\/it\/author\/immovestuser\/#author"},"publisher":{"@id":"https:\/\/www.immo-invest.ch\/it\/#organization"},"image":{"@type":"ImageObject","url":"https:\/\/www.immo-invest.ch\/wp-content\/uploads\/2026\/01\/Beny-Ruhstaller-Portrait.jpg","width":2000,"height":1125},"datePublished":"2026-01-06T09:58:19+01:00","dateModified":"2026-01-06T10:28:42+01:00","inLanguage":"it-IT","mainEntityOfPage":{"@id":"https:\/\/www.immo-invest.ch\/it\/polysportives-leuchtturmprojekt-nimmt-gestalt-an\/#webpage"},"isPartOf":{"@id":"https:\/\/www.immo-invest.ch\/it\/polysportives-leuchtturmprojekt-nimmt-gestalt-an\/#webpage"},"articleSection":"Associazioni, Nuove costruzioni, Persone, Pianificazione \/ Sviluppo, Zurigo, Immoinvest, immoNews, News, polysportive Infrastruktur, Sport und Ausbildung, Sportzentrum Neubau, Optional"},{"@type":"BreadcrumbList","@id":"https:\/\/www.immo-invest.ch\/it\/polysportives-leuchtturmprojekt-nimmt-gestalt-an\/#breadcrumblist","itemListElement":[{"@type":"ListItem","@id":"https:\/\/www.immo-invest.ch\/it\/#listItem","position":1,"name":"Home","item":"https:\/\/www.immo-invest.ch\/it\/","nextItem":{"@type":"ListItem","@id":"https:\/\/www.immo-invest.ch\/it\/categoria\/regioni\/#listItem","name":"Regioni"}},{"@type":"ListItem","@id":"https:\/\/www.immo-invest.ch\/it\/categoria\/regioni\/#listItem","position":2,"name":"Regioni","item":"https:\/\/www.immo-invest.ch\/it\/categoria\/regioni\/","nextItem":{"@type":"ListItem","@id":"https:\/\/www.immo-invest.ch\/it\/categoria\/regioni\/svizzera\/#listItem","name":"Svizzera"},"previousItem":{"@type":"ListItem","@id":"https:\/\/www.immo-invest.ch\/it\/#listItem","name":"Home"}},{"@type":"ListItem","@id":"https:\/\/www.immo-invest.ch\/it\/categoria\/regioni\/svizzera\/#listItem","position":3,"name":"Svizzera","item":"https:\/\/www.immo-invest.ch\/it\/categoria\/regioni\/svizzera\/","nextItem":{"@type":"ListItem","@id":"https:\/\/www.immo-invest.ch\/it\/categoria\/regioni\/svizzera\/regione-zurigo\/#listItem","name":"Zurigo"},"previousItem":{"@type":"ListItem","@id":"https:\/\/www.immo-invest.ch\/it\/categoria\/regioni\/#listItem","name":"Regioni"}},{"@type":"ListItem","@id":"https:\/\/www.immo-invest.ch\/it\/categoria\/regioni\/svizzera\/regione-zurigo\/#listItem","position":4,"name":"Zurigo","item":"https:\/\/www.immo-invest.ch\/it\/categoria\/regioni\/svizzera\/regione-zurigo\/","nextItem":{"@type":"ListItem","@id":"https:\/\/www.immo-invest.ch\/it\/polysportives-leuchtturmprojekt-nimmt-gestalt-an\/#listItem","name":"Il progetto del faro polisportivo prende forma"},"previousItem":{"@type":"ListItem","@id":"https:\/\/www.immo-invest.ch\/it\/categoria\/regioni\/svizzera\/#listItem","name":"Svizzera"}},{"@type":"ListItem","@id":"https:\/\/www.immo-invest.ch\/it\/polysportives-leuchtturmprojekt-nimmt-gestalt-an\/#listItem","position":5,"name":"Il progetto del faro polisportivo prende forma","previousItem":{"@type":"ListItem","@id":"https:\/\/www.immo-invest.ch\/it\/categoria\/regioni\/svizzera\/regione-zurigo\/#listItem","name":"Zurigo"}}]},{"@type":"Organization","@id":"https:\/\/www.immo-invest.ch\/it\/#organization","name":"immo!nvest - Die Plattform f\u00fcr Standorte und Immobilien","description":"Die\u00a0Plattform f\u00fcr Standorte und Immobilien","url":"https:\/\/www.immo-invest.ch\/it\/","email":"admin@immomedia.ag","telephone":"+41444420002","logo":{"@type":"ImageObject","url":"https:\/\/www.immo-invest.ch\/wp-content\/uploads\/2024\/09\/immoinvest_sm-scaled.jpg","@id":"https:\/\/www.immo-invest.ch\/it\/polysportives-leuchtturmprojekt-nimmt-gestalt-an\/#organizationLogo","width":2560,"height":1340},"image":{"@id":"https:\/\/www.immo-invest.ch\/it\/polysportives-leuchtturmprojekt-nimmt-gestalt-an\/#organizationLogo"},"sameAs":["https:\/\/www.facebook.com\/people\/Immoinvest\/100077962920504\/","https:\/\/x.com\/i\/flow\/login?redirect_after_login=immoinvest_ch","https:\/\/www.instagram.com\/immoinvest_ch\/","https:\/\/www.linkedin.com\/company\/immoinvest-swiss"]},{"@type":"Person","@id":"https:\/\/www.immo-invest.ch\/it\/author\/immovestuser\/#author","url":"https:\/\/www.immo-invest.ch\/it\/author\/immovestuser\/","name":"immovestuser","image":{"@type":"ImageObject","@id":"https:\/\/www.immo-invest.ch\/it\/polysportives-leuchtturmprojekt-nimmt-gestalt-an\/#authorImage","url":"https:\/\/secure.gravatar.com\/avatar\/8e01f4d99f2eeea7a362ebb93305e1172a70e9293ba250f897a65c39f54cdd1e?s=96&d=mm&r=g","width":96,"height":96,"caption":"immovestuser"}},{"@type":"WebPage","@id":"https:\/\/www.immo-invest.ch\/it\/polysportives-leuchtturmprojekt-nimmt-gestalt-an\/#webpage","url":"https:\/\/www.immo-invest.ch\/it\/polysportives-leuchtturmprojekt-nimmt-gestalt-an\/","name":"Il progetto del faro polisportivo prende forma - immo!nvest - Die Plattform f\u00fcr Standorte und Immobilien","description":"Entro l'autunno del 2026, tra D\u00fcbendorf e Wangen-Br\u00fcttisellen sorger\u00e0 un nuovo centro sportivo per la regione di Zurigo. Il centro sportivo di Zurigo nell'area di D\u00fcrrbach riunir\u00e0 oltre 30 tipi di sport sotto lo stesso tetto. Questo progetto unisce sport popolare e di alto livello, formazione e rigenerazione in un centro unico in Svizzera.","inLanguage":"it-IT","isPartOf":{"@id":"https:\/\/www.immo-invest.ch\/it\/#website"},"breadcrumb":{"@id":"https:\/\/www.immo-invest.ch\/it\/polysportives-leuchtturmprojekt-nimmt-gestalt-an\/#breadcrumblist"},"author":{"@id":"https:\/\/www.immo-invest.ch\/it\/author\/immovestuser\/#author"},"creator":{"@id":"https:\/\/www.immo-invest.ch\/it\/author\/immovestuser\/#author"},"image":{"@type":"ImageObject","url":"https:\/\/www.immo-invest.ch\/wp-content\/uploads\/2026\/01\/Beny-Ruhstaller-Portrait.jpg","@id":"https:\/\/www.immo-invest.ch\/it\/polysportives-leuchtturmprojekt-nimmt-gestalt-an\/#mainImage","width":2000,"height":1125},"primaryImageOfPage":{"@id":"https:\/\/www.immo-invest.ch\/it\/polysportives-leuchtturmprojekt-nimmt-gestalt-an\/#mainImage"},"datePublished":"2026-01-06T09:58:19+01:00","dateModified":"2026-01-06T10:28:42+01:00"},{"@type":"WebSite","@id":"https:\/\/www.immo-invest.ch\/it\/#website","url":"https:\/\/www.immo-invest.ch\/it\/","name":"immo!nvest - Die Plattform f\u00fcr Standorte und Immobilien","description":"Die\u00a0Plattform f\u00fcr Standorte und Immobilien","inLanguage":"it-IT","publisher":{"@id":"https:\/\/www.immo-invest.ch\/it\/#organization"}}]},"og:locale":"it_IT","og:site_name":"immo!nvest - Die Plattform f\u00fcr Standorte und Immobilien - Die\u00a0Plattform f\u00fcr Standorte und Immobilien","og:type":"article","og:title":"Il progetto del faro polisportivo prende forma - immo!nvest - Die Plattform f\u00fcr Standorte und Immobilien","og:description":"Entro l'autunno del 2026, tra D\u00fcbendorf e Wangen-Br\u00fcttisellen sorger\u00e0 un nuovo centro sportivo per la regione di Zurigo. Il centro sportivo di Zurigo nell'area di D\u00fcrrbach riunir\u00e0 oltre 30 tipi di sport sotto lo stesso tetto. Questo progetto unisce sport popolare e di alto livello, formazione e rigenerazione in un centro unico in Svizzera.","og:url":"https:\/\/www.immo-invest.ch\/it\/polysportives-leuchtturmprojekt-nimmt-gestalt-an\/","og:image":"https:\/\/www.immo-invest.ch\/wp-content\/uploads\/2026\/01\/Beny-Ruhstaller-Portrait.jpg","og:image:secure_url":"https:\/\/www.immo-invest.ch\/wp-content\/uploads\/2026\/01\/Beny-Ruhstaller-Portrait.jpg","og:image:width":2000,"og:image:height":1125,"article:published_time":"2026-01-06T08:58:19+00:00","article:modified_time":"2026-01-06T09:28:42+00:00","article:publisher":"https:\/\/www.facebook.com\/people\/Immoinvest\/100077962920504\/","twitter:card":"summary_large_image","twitter:site":"@i","twitter:title":"Il progetto del faro polisportivo prende forma - immo!nvest - Die Plattform f\u00fcr Standorte und Immobilien","twitter:description":"Entro l'autunno del 2026, tra D\u00fcbendorf e Wangen-Br\u00fcttisellen sorger\u00e0 un nuovo centro sportivo per la regione di Zurigo. Il centro sportivo di Zurigo nell'area di D\u00fcrrbach riunir\u00e0 oltre 30 tipi di sport sotto lo stesso tetto. Questo progetto unisce sport popolare e di alto livello, formazione e rigenerazione in un centro unico in Svizzera.","twitter:creator":"@i","twitter:image":"https:\/\/www.immo-invest.ch\/wp-content\/uploads\/2026\/01\/Beny-Ruhstaller-Portrait.jpg"},"aioseo_meta_data":{"post_id":"146439","title":null,"description":null,"keywords":null,"keyphrases":{"focus":{"keyphrase":"","score":0,"analysis":{"keyphraseInTitle":{"score":0,"maxScore":9,"error":1}}},"additional":[]},"primary_term":null,"canonical_url":null,"og_title":null,"og_description":null,"og_object_type":"default","og_image_type":"default","og_image_url":null,"og_image_width":null,"og_image_height":null,"og_image_custom_url":null,"og_image_custom_fields":null,"og_video":"","og_custom_url":null,"og_article_section":null,"og_article_tags":null,"twitter_use_og":false,"twitter_card":"default","twitter_image_type":"default","twitter_image_url":null,"twitter_image_custom_url":null,"twitter_image_custom_fields":null,"twitter_title":null,"twitter_description":null,"schema":{"blockGraphs":[],"customGraphs":[],"default":{"data":{"Article":[],"Course":[],"Dataset":[],"FAQPage":[],"Movie":[],"Person":[],"Product":[],"ProductReview":[],"Car":[],"Recipe":[],"Service":[],"SoftwareApplication":[],"WebPage":[]},"graphName":"BlogPosting","isEnabled":true},"graphs":[]},"schema_type":"default","schema_type_options":null,"pillar_content":false,"robots_default":true,"robots_noindex":false,"robots_noarchive":false,"robots_nosnippet":false,"robots_nofollow":false,"robots_noimageindex":false,"robots_noodp":false,"robots_notranslate":false,"robots_max_snippet":"-1","robots_max_videopreview":"-1","robots_max_imagepreview":"large","priority":null,"frequency":"default","local_seo":null,"breadcrumb_settings":null,"limit_modified_date":false,"ai":{"faqs":[],"keyPoints":[],"titles":[],"descriptions":[],"socialPosts":{"email":[],"linkedin":[],"twitter":[],"facebook":[],"instagram":[]}},"created":"2026-01-06 08:55:16","updated":"2026-01-06 09:31:30","seo_analyzer_scan_date":null,"focus_keyword":null,"additional_keywords":null,"truseo_locale":null},"aioseo_breadcrumb":"<div class=\"aioseo-breadcrumbs\"><span class=\"aioseo-breadcrumb\">\n\t\t\t<a href=\"https:\/\/www.immo-invest.ch\/it\/\" title=\"Home\">Home<\/a>\n\t\t<\/span><span class=\"aioseo-breadcrumb-separator\">&raquo;<\/span><span class=\"aioseo-breadcrumb\">\n\t\t\t<a href=\"https:\/\/www.immo-invest.ch\/it\/categoria\/regioni\/\" title=\"Regioni\">Regioni<\/a>\n\t\t<\/span><span class=\"aioseo-breadcrumb-separator\">&raquo;<\/span><span class=\"aioseo-breadcrumb\">\n\t\t\t<a href=\"https:\/\/www.immo-invest.ch\/it\/categoria\/regioni\/svizzera\/\" title=\"Svizzera\">Svizzera<\/a>\n\t\t<\/span><span class=\"aioseo-breadcrumb-separator\">&raquo;<\/span><span class=\"aioseo-breadcrumb\">\n\t\t\t<a href=\"https:\/\/www.immo-invest.ch\/it\/categoria\/regioni\/svizzera\/regione-zurigo\/\" title=\"Zurigo\">Zurigo<\/a>\n\t\t<\/span><span class=\"aioseo-breadcrumb-separator\">&raquo;<\/span><span class=\"aioseo-breadcrumb\">\n\t\t\tIl progetto del faro polisportivo prende forma\n\t\t<\/span><\/div>","aioseo_breadcrumb_json":[{"label":"Home","link":"https:\/\/www.immo-invest.ch\/it\/"},{"label":"Regioni","link":"https:\/\/www.immo-invest.ch\/it\/categoria\/regioni\/"},{"label":"Svizzera","link":"https:\/\/www.immo-invest.ch\/it\/categoria\/regioni\/svizzera\/"},{"label":"Zurigo","link":"https:\/\/www.immo-invest.ch\/it\/categoria\/regioni\/svizzera\/regione-zurigo\/"},{"label":"Il progetto del faro polisportivo prende forma","link":"https:\/\/www.immo-invest.ch\/it\/polysportives-leuchtturmprojekt-nimmt-gestalt-an\/"}],"featured_image_src":"https:\/\/www.immo-invest.ch\/wp-content\/uploads\/2026\/01\/Beny-Ruhstaller-Portrait-336x168.jpg","_links":{"self":[{"href":"https:\/\/www.immo-invest.ch\/it\/wp-json\/wp\/v2\/posts\/146439","targetHints":{"allow":["GET"]}}],"collection":[{"href":"https:\/\/www.immo-invest.ch\/it\/wp-json\/wp\/v2\/posts"}],"about":[{"href":"https:\/\/www.immo-invest.ch\/it\/wp-json\/wp\/v2\/types\/post"}],"author":[{"embeddable":true,"href":"https:\/\/www.immo-invest.ch\/it\/wp-json\/wp\/v2\/users\/2"}],"replies":[{"embeddable":true,"href":"https:\/\/www.immo-invest.ch\/it\/wp-json\/wp\/v2\/comments?post=146439"}],"version-history":[{"count":4,"href":"https:\/\/www.immo-invest.ch\/it\/wp-json\/wp\/v2\/posts\/146439\/revisions"}],"predecessor-version":[{"id":146457,"href":"https:\/\/www.immo-invest.ch\/it\/wp-json\/wp\/v2\/posts\/146439\/revisions\/146457"}],"wp:featuredmedia":[{"embeddable":true,"href":"https:\/\/www.immo-invest.ch\/it\/wp-json\/wp\/v2\/media\/146446"}],"wp:attachment":[{"href":"https:\/\/www.immo-invest.ch\/it\/wp-json\/wp\/v2\/media?parent=146439"}],"wp:term":[{"taxonomy":"category","embeddable":true,"href":"https:\/\/www.immo-invest.ch\/it\/wp-json\/wp\/v2\/categories?post=146439"},{"taxonomy":"post_tag","embeddable":true,"href":"https:\/\/www.immo-invest.ch\/it\/wp-json\/wp\/v2\/tags?post=146439"}],"curies":[{"name":"wp","href":"https:\/\/api.w.org\/{rel}","templated":true}]}}