{"id":146336,"date":"2026-01-07T16:00:00","date_gmt":"2026-01-07T15:00:00","guid":{"rendered":"https:\/\/www.immo-invest.ch\/?p=146336"},"modified":"2026-01-05T11:51:33","modified_gmt":"2026-01-05T10:51:33","slug":"zusammenschluss-staerkt-pflege-und-wohnen-im-alter","status":"publish","type":"post","link":"https:\/\/www.immo-invest.ch\/it\/zusammenschluss-staerkt-pflege-und-wohnen-im-alter\/","title":{"rendered":"La fusione rafforza l&#8217;assistenza e la vita in et\u00e0 avanzata"},"content":{"rendered":"<p class=\"bodytext wp-block-paragraph\">Il <a href=\"https:\/\/www.tertianum.ch\/\" target=\"_blank\" rel=\"noopener\">Gruppo Tertianum<\/a>, con sede a D&uuml;bendorf, ha acquisito il <a href=\"https:\/\/www.senevita.ch\/de\/\" target=\"_blank\" rel=\"noopener\">Gruppo Senevita<\/a>, che in precedenza apparteneva al gruppo di cura francese <a href=\"https:\/\/www.emeis.com\/en\" target=\"_blank\" rel=\"noopener\">Emeis<\/a> di Puteaux. Secondo un <a href=\"https:\/\/www.tertianum.ch\/news\/senevita-tertianum\" target=\"_blank\" rel=\"noopener\">comunicato stampa<\/a>, la transazione &egrave; gi&agrave; stata approvata dalla Commissione della concorrenza<a href=\"https:\/\/www.weko.admin.ch\/weko\/de\/home.html\" target=\"_blank\" rel=\"noopener\">(COMCO<\/a>). Le parti hanno concordato di non rivelare il prezzo dell&rsquo;acquisizione.<\/p>\n\n\n\n\n\n<p class=\"bodytext wp-block-paragraph\">La fusione dei due gruppi di assistenza &egrave; destinata a migliorare l&rsquo;intero settore dell&rsquo;assistenza infermieristica e residenziale per anziani nella Svizzera tedesca. Secondo il comunicato stampa, le due societ&agrave; combinano elevati standard di qualit&agrave;, radici regionali e un chiaro impegno di responsabilit&agrave; sociale nel settore dell&rsquo;assistenza.<\/p>\n\n\n\n\n\n<p class=\"bodytext wp-block-paragraph\">&ldquo;Vorrei dare un caloroso benvenuto ai dipendenti del Gruppo Senevita nella nostra societ&agrave; comune. Essi completano perfettamente il Gruppo Tertianum, con la loro competenza, il loro impegno e la loro professionalit&agrave;. Siamo orgogliosi di lavorare con loro sotto lo stesso tetto per migliorare ulteriormente&rdquo;, ha dichiarato Luca St&auml;ger, CEO del Gruppo Tertianum, nel comunicato stampa. &ldquo;La fusione completa anche la nostra presenza geografica, consente numerose sinergie nell&rsquo;eccellenza operativa attraverso l&rsquo;apprendimento reciproco e crea nuove prospettive per tutti i dipendenti&rdquo;<\/p>\n\n\n\n\n\n<p class=\"bodytext wp-block-paragraph\">L&rsquo;azienda, ora congiunta, fornir&agrave; assistenza personalizzata a 10.000 ospiti. Il Gruppo Tertianum dispone ora di un totale di 6.400 letti di cura e 4.300 appartamenti adatti all&rsquo;et&agrave; in 140 localit&agrave; in tutta la Svizzera. Per assicurare la prossima generazione di personale infermieristico, si stanno formando 800 apprendisti.<\/p>\n\n","protected":false},"excerpt":{"rendered":"<p>Il Gruppo Tertianum di D\u00fcbendorf ha rilevato il Gruppo Senevita, anch&#8217;esso attivo nel settore dell&#8217;assistenza. La fusione mira a migliorare il settore dell&#8217;assistenza infermieristica e residenziale per gli anziani. L&#8217;acquisizione \u00e8 stata autorizzata dalla Commissione per la concorrenza.<\/p>\n","protected":false},"author":2,"featured_media":146337,"comment_status":"open","ping_status":"open","sticky":false,"template":"","format":"standard","meta":{"pmpro_default_level":"","inline_featured_image":false,"_monsterinsights_skip_tracking":false,"footnotes":""},"categories":[9431,745,22695,55971,22443,4817],"tags":[56089,867,3935,2006,56090,56091],"class_list":["post-146336","post","type-post","status-publish","format-standard","has-post-thumbnail","hentry","category-business-it","category-immonews-it","category-societa","category-transazioni-deal","category-trends-it","category-regione-zurigo","tag-alterswohnen-schweiz","tag-immoinvest-it","tag-immonews-it","tag-news-it","tag-pflegeimmobilien","tag-unternehmensuebernahme-2","pmpro-has-access"],"acf":{"bild_mit_ki_erstellt_worden":["Ja"],"lead":"Il Gruppo Tertianum di D\u00fcbendorf ha rilevato il Gruppo Senevita, anch'esso attivo nel settore dell'assistenza. La fusione mira a migliorare il settore dell'assistenza infermieristica e residenziale per gli anziani. L'acquisizione \u00e8 stata autorizzata dalla Commissione per la concorrenza.","autor":"ce\/ww","ort":"D\u00fcbendorf ZH\/Muri bei Bern\/Puteaux","bildunterschrift":"","bild_im_grid":false,"gallerie":"","newsim":""},"aioseo_notices":[],"aioseo_head":"\n\t\t<!-- All in One SEO 5.0.0.1 - aioseo.com -->\n\t<meta name=\"description\" content=\"Il Gruppo Tertianum di D\u00fcbendorf ha rilevato il Gruppo Senevita, anch&#039;esso attivo nel settore dell&#039;assistenza. La fusione mira a migliorare il settore dell&#039;assistenza infermieristica e residenziale per gli anziani. L&#039;acquisizione \u00e8 stata autorizzata dalla Commissione per la concorrenza.\" \/>\n\t<meta name=\"robots\" content=\"max-image-preview:large\" \/>\n\t<meta name=\"author\" content=\"immovestuser\"\/>\n\t<meta name=\"google-site-verification\" content=\"fHJKvgWpZCR2zVBHWfkQeFXC11qieUSff0HGNYfuyLA\" \/>\n\t<link rel=\"canonical\" href=\"https:\/\/www.immo-invest.ch\/it\/zusammenschluss-staerkt-pflege-und-wohnen-im-alter\/\" \/>\n\t<meta name=\"generator\" content=\"All in One SEO (AIOSEO) 5.0.0.1\" \/>\n\t\t<meta property=\"og:locale\" content=\"it_IT\" \/>\n\t\t<meta property=\"og:site_name\" content=\"immo!nvest - Die Plattform f\u00fcr Standorte und Immobilien - Die\u00a0Plattform f\u00fcr Standorte und Immobilien\" \/>\n\t\t<meta property=\"og:type\" content=\"article\" \/>\n\t\t<meta property=\"og:title\" content=\"La fusione rafforza l\u2019assistenza e la vita in et\u00e0 avanzata - immo!nvest - Die Plattform f\u00fcr Standorte und Immobilien\" \/>\n\t\t<meta property=\"og:description\" content=\"Il Gruppo Tertianum di D\u00fcbendorf ha rilevato il Gruppo Senevita, anch&#039;esso attivo nel settore dell&#039;assistenza. La fusione mira a migliorare il settore dell&#039;assistenza infermieristica e residenziale per gli anziani. L&#039;acquisizione \u00e8 stata autorizzata dalla Commissione per la concorrenza.\" \/>\n\t\t<meta property=\"og:url\" content=\"https:\/\/www.immo-invest.ch\/it\/zusammenschluss-staerkt-pflege-und-wohnen-im-alter\/\" \/>\n\t\t<meta property=\"og:image\" content=\"https:\/\/www.immo-invest.ch\/wp-content\/uploads\/2026\/01\/immo-invest-finanzen-transaktionen-deals-trends-unternehmen-zuerich-pflegeimmobilien.png\" \/>\n\t\t<meta property=\"og:image:secure_url\" content=\"https:\/\/www.immo-invest.ch\/wp-content\/uploads\/2026\/01\/immo-invest-finanzen-transaktionen-deals-trends-unternehmen-zuerich-pflegeimmobilien.png\" \/>\n\t\t<meta property=\"og:image:width\" content=\"1536\" \/>\n\t\t<meta property=\"og:image:height\" content=\"768\" \/>\n\t\t<meta property=\"article:published_time\" content=\"2026-01-07T15:00:00+00:00\" \/>\n\t\t<meta property=\"article:modified_time\" content=\"2026-01-05T10:51:33+00:00\" \/>\n\t\t<meta property=\"article:publisher\" content=\"https:\/\/www.facebook.com\/people\/Immoinvest\/100077962920504\/\" \/>\n\t\t<meta name=\"twitter:card\" content=\"summary_large_image\" \/>\n\t\t<meta name=\"twitter:site\" content=\"@i\" \/>\n\t\t<meta name=\"twitter:title\" content=\"La fusione rafforza l\u2019assistenza e la vita in et\u00e0 avanzata - immo!nvest - Die Plattform f\u00fcr Standorte und Immobilien\" \/>\n\t\t<meta name=\"twitter:description\" content=\"Il Gruppo Tertianum di D\u00fcbendorf ha rilevato il Gruppo Senevita, anch&#039;esso attivo nel settore dell&#039;assistenza. La fusione mira a migliorare il settore dell&#039;assistenza infermieristica e residenziale per gli anziani. L&#039;acquisizione \u00e8 stata autorizzata dalla Commissione per la concorrenza.\" \/>\n\t\t<meta name=\"twitter:creator\" content=\"@i\" \/>\n\t\t<meta name=\"twitter:image\" content=\"https:\/\/www.immo-invest.ch\/wp-content\/uploads\/2026\/01\/immo-invest-finanzen-transaktionen-deals-trends-unternehmen-zuerich-pflegeimmobilien.png\" \/>\n\t\t<script type=\"application\/ld+json\" class=\"aioseo-schema\">\n\t\t\t{\"@context\":\"https:\\\/\\\/schema.org\",\"@graph\":[{\"@type\":\"BlogPosting\",\"@id\":\"https:\\\/\\\/www.immo-invest.ch\\\/it\\\/zusammenschluss-staerkt-pflege-und-wohnen-im-alter\\\/#blogposting\",\"name\":\"La fusione rafforza l\\u2019assistenza e la vita in et\\u00e0 avanzata - immo!nvest - Die Plattform f\\u00fcr Standorte und Immobilien\",\"headline\":\"La fusione rafforza l&#8217;assistenza e la vita in et\\u00e0 avanzata\",\"author\":{\"@id\":\"https:\\\/\\\/www.immo-invest.ch\\\/it\\\/author\\\/immovestuser\\\/#author\"},\"publisher\":{\"@id\":\"https:\\\/\\\/www.immo-invest.ch\\\/it\\\/#organization\"},\"image\":{\"@type\":\"ImageObject\",\"url\":\"https:\\\/\\\/www.immo-invest.ch\\\/wp-content\\\/uploads\\\/2026\\\/01\\\/immo-invest-finanzen-transaktionen-deals-trends-unternehmen-zuerich-pflegeimmobilien.png\",\"width\":1536,\"height\":768},\"datePublished\":\"2026-01-07T16:00:00+01:00\",\"dateModified\":\"2026-01-05T11:51:33+01:00\",\"inLanguage\":\"it-IT\",\"mainEntityOfPage\":{\"@id\":\"https:\\\/\\\/www.immo-invest.ch\\\/it\\\/zusammenschluss-staerkt-pflege-und-wohnen-im-alter\\\/#webpage\"},\"isPartOf\":{\"@id\":\"https:\\\/\\\/www.immo-invest.ch\\\/it\\\/zusammenschluss-staerkt-pflege-und-wohnen-im-alter\\\/#webpage\"},\"articleSection\":\"Business, immoNews, Societ\\u00e0, Transazioni \\\/ Deal, Trends, Zurigo, Alterswohnen Schweiz, Immoinvest, immoNews, News, Pflegeimmobilien, Unternehmensuebernahme, Optional\"},{\"@type\":\"BreadcrumbList\",\"@id\":\"https:\\\/\\\/www.immo-invest.ch\\\/it\\\/zusammenschluss-staerkt-pflege-und-wohnen-im-alter\\\/#breadcrumblist\",\"itemListElement\":[{\"@type\":\"ListItem\",\"@id\":\"https:\\\/\\\/www.immo-invest.ch\\\/it\\\/#listItem\",\"position\":1,\"name\":\"Home\",\"item\":\"https:\\\/\\\/www.immo-invest.ch\\\/it\\\/\",\"nextItem\":{\"@type\":\"ListItem\",\"@id\":\"https:\\\/\\\/www.immo-invest.ch\\\/it\\\/categoria\\\/regioni\\\/#listItem\",\"name\":\"Regioni\"}},{\"@type\":\"ListItem\",\"@id\":\"https:\\\/\\\/www.immo-invest.ch\\\/it\\\/categoria\\\/regioni\\\/#listItem\",\"position\":2,\"name\":\"Regioni\",\"item\":\"https:\\\/\\\/www.immo-invest.ch\\\/it\\\/categoria\\\/regioni\\\/\",\"nextItem\":{\"@type\":\"ListItem\",\"@id\":\"https:\\\/\\\/www.immo-invest.ch\\\/it\\\/categoria\\\/regioni\\\/svizzera\\\/#listItem\",\"name\":\"Svizzera\"},\"previousItem\":{\"@type\":\"ListItem\",\"@id\":\"https:\\\/\\\/www.immo-invest.ch\\\/it\\\/#listItem\",\"name\":\"Home\"}},{\"@type\":\"ListItem\",\"@id\":\"https:\\\/\\\/www.immo-invest.ch\\\/it\\\/categoria\\\/regioni\\\/svizzera\\\/#listItem\",\"position\":3,\"name\":\"Svizzera\",\"item\":\"https:\\\/\\\/www.immo-invest.ch\\\/it\\\/categoria\\\/regioni\\\/svizzera\\\/\",\"nextItem\":{\"@type\":\"ListItem\",\"@id\":\"https:\\\/\\\/www.immo-invest.ch\\\/it\\\/categoria\\\/regioni\\\/svizzera\\\/regione-zurigo\\\/#listItem\",\"name\":\"Zurigo\"},\"previousItem\":{\"@type\":\"ListItem\",\"@id\":\"https:\\\/\\\/www.immo-invest.ch\\\/it\\\/categoria\\\/regioni\\\/#listItem\",\"name\":\"Regioni\"}},{\"@type\":\"ListItem\",\"@id\":\"https:\\\/\\\/www.immo-invest.ch\\\/it\\\/categoria\\\/regioni\\\/svizzera\\\/regione-zurigo\\\/#listItem\",\"position\":4,\"name\":\"Zurigo\",\"item\":\"https:\\\/\\\/www.immo-invest.ch\\\/it\\\/categoria\\\/regioni\\\/svizzera\\\/regione-zurigo\\\/\",\"nextItem\":{\"@type\":\"ListItem\",\"@id\":\"https:\\\/\\\/www.immo-invest.ch\\\/it\\\/zusammenschluss-staerkt-pflege-und-wohnen-im-alter\\\/#listItem\",\"name\":\"La fusione rafforza l&#8217;assistenza e la vita in et\\u00e0 avanzata\"},\"previousItem\":{\"@type\":\"ListItem\",\"@id\":\"https:\\\/\\\/www.immo-invest.ch\\\/it\\\/categoria\\\/regioni\\\/svizzera\\\/#listItem\",\"name\":\"Svizzera\"}},{\"@type\":\"ListItem\",\"@id\":\"https:\\\/\\\/www.immo-invest.ch\\\/it\\\/zusammenschluss-staerkt-pflege-und-wohnen-im-alter\\\/#listItem\",\"position\":5,\"name\":\"La fusione rafforza l&#8217;assistenza e la vita in et\\u00e0 avanzata\",\"previousItem\":{\"@type\":\"ListItem\",\"@id\":\"https:\\\/\\\/www.immo-invest.ch\\\/it\\\/categoria\\\/regioni\\\/svizzera\\\/regione-zurigo\\\/#listItem\",\"name\":\"Zurigo\"}}]},{\"@type\":\"Organization\",\"@id\":\"https:\\\/\\\/www.immo-invest.ch\\\/it\\\/#organization\",\"name\":\"immo!nvest - Die Plattform f\\u00fcr Standorte und Immobilien\",\"description\":\"Die\\u00a0Plattform f\\u00fcr Standorte und Immobilien\",\"url\":\"https:\\\/\\\/www.immo-invest.ch\\\/it\\\/\",\"email\":\"admin@immomedia.ag\",\"telephone\":\"+41444420002\",\"logo\":{\"@type\":\"ImageObject\",\"url\":\"https:\\\/\\\/www.immo-invest.ch\\\/wp-content\\\/uploads\\\/2024\\\/09\\\/immoinvest_sm-scaled.jpg\",\"@id\":\"https:\\\/\\\/www.immo-invest.ch\\\/it\\\/zusammenschluss-staerkt-pflege-und-wohnen-im-alter\\\/#organizationLogo\",\"width\":2560,\"height\":1340},\"image\":{\"@id\":\"https:\\\/\\\/www.immo-invest.ch\\\/it\\\/zusammenschluss-staerkt-pflege-und-wohnen-im-alter\\\/#organizationLogo\"},\"sameAs\":[\"https:\\\/\\\/www.facebook.com\\\/people\\\/Immoinvest\\\/100077962920504\\\/\",\"https:\\\/\\\/x.com\\\/i\\\/flow\\\/login?redirect_after_login=immoinvest_ch\",\"https:\\\/\\\/www.instagram.com\\\/immoinvest_ch\\\/\",\"https:\\\/\\\/www.linkedin.com\\\/company\\\/immoinvest-swiss\"]},{\"@type\":\"Person\",\"@id\":\"https:\\\/\\\/www.immo-invest.ch\\\/it\\\/author\\\/immovestuser\\\/#author\",\"url\":\"https:\\\/\\\/www.immo-invest.ch\\\/it\\\/author\\\/immovestuser\\\/\",\"name\":\"immovestuser\",\"image\":{\"@type\":\"ImageObject\",\"@id\":\"https:\\\/\\\/www.immo-invest.ch\\\/it\\\/zusammenschluss-staerkt-pflege-und-wohnen-im-alter\\\/#authorImage\",\"url\":\"https:\\\/\\\/secure.gravatar.com\\\/avatar\\\/8e01f4d99f2eeea7a362ebb93305e1172a70e9293ba250f897a65c39f54cdd1e?s=96&d=mm&r=g\",\"width\":96,\"height\":96,\"caption\":\"immovestuser\"}},{\"@type\":\"WebPage\",\"@id\":\"https:\\\/\\\/www.immo-invest.ch\\\/it\\\/zusammenschluss-staerkt-pflege-und-wohnen-im-alter\\\/#webpage\",\"url\":\"https:\\\/\\\/www.immo-invest.ch\\\/it\\\/zusammenschluss-staerkt-pflege-und-wohnen-im-alter\\\/\",\"name\":\"La fusione rafforza l\\u2019assistenza e la vita in et\\u00e0 avanzata - immo!nvest - Die Plattform f\\u00fcr Standorte und Immobilien\",\"description\":\"Il Gruppo Tertianum di D\\u00fcbendorf ha rilevato il Gruppo Senevita, anch'esso attivo nel settore dell'assistenza. La fusione mira a migliorare il settore dell'assistenza infermieristica e residenziale per gli anziani. L'acquisizione \\u00e8 stata autorizzata dalla Commissione per la concorrenza.\",\"inLanguage\":\"it-IT\",\"isPartOf\":{\"@id\":\"https:\\\/\\\/www.immo-invest.ch\\\/it\\\/#website\"},\"breadcrumb\":{\"@id\":\"https:\\\/\\\/www.immo-invest.ch\\\/it\\\/zusammenschluss-staerkt-pflege-und-wohnen-im-alter\\\/#breadcrumblist\"},\"author\":{\"@id\":\"https:\\\/\\\/www.immo-invest.ch\\\/it\\\/author\\\/immovestuser\\\/#author\"},\"creator\":{\"@id\":\"https:\\\/\\\/www.immo-invest.ch\\\/it\\\/author\\\/immovestuser\\\/#author\"},\"image\":{\"@type\":\"ImageObject\",\"url\":\"https:\\\/\\\/www.immo-invest.ch\\\/wp-content\\\/uploads\\\/2026\\\/01\\\/immo-invest-finanzen-transaktionen-deals-trends-unternehmen-zuerich-pflegeimmobilien.png\",\"@id\":\"https:\\\/\\\/www.immo-invest.ch\\\/it\\\/zusammenschluss-staerkt-pflege-und-wohnen-im-alter\\\/#mainImage\",\"width\":1536,\"height\":768},\"primaryImageOfPage\":{\"@id\":\"https:\\\/\\\/www.immo-invest.ch\\\/it\\\/zusammenschluss-staerkt-pflege-und-wohnen-im-alter\\\/#mainImage\"},\"datePublished\":\"2026-01-07T16:00:00+01:00\",\"dateModified\":\"2026-01-05T11:51:33+01:00\"},{\"@type\":\"WebSite\",\"@id\":\"https:\\\/\\\/www.immo-invest.ch\\\/it\\\/#website\",\"url\":\"https:\\\/\\\/www.immo-invest.ch\\\/it\\\/\",\"name\":\"immo!nvest - Die Plattform f\\u00fcr Standorte und Immobilien\",\"description\":\"Die\\u00a0Plattform f\\u00fcr Standorte und Immobilien\",\"inLanguage\":\"it-IT\",\"publisher\":{\"@id\":\"https:\\\/\\\/www.immo-invest.ch\\\/it\\\/#organization\"}}]}\n\t\t<\/script>\n\t\t<!-- All in One SEO -->\n\n","aioseo_head_json":{"title":"La fusione rafforza l\u2019assistenza e la vita in et\u00e0 avanzata - immo!nvest - Die Plattform f\u00fcr Standorte und Immobilien","description":"Il Gruppo Tertianum di D\u00fcbendorf ha rilevato il Gruppo Senevita, anch'esso attivo nel settore dell'assistenza. La fusione mira a migliorare il settore dell'assistenza infermieristica e residenziale per gli anziani. L'acquisizione \u00e8 stata autorizzata dalla Commissione per la concorrenza.","canonical_url":"https:\/\/www.immo-invest.ch\/it\/zusammenschluss-staerkt-pflege-und-wohnen-im-alter\/","robots":"max-image-preview:large","keywords":"","webmasterTools":{"google-site-verification":"fHJKvgWpZCR2zVBHWfkQeFXC11qieUSff0HGNYfuyLA","miscellaneous":""},"schema":{"@context":"https:\/\/schema.org","@graph":[{"@type":"BlogPosting","@id":"https:\/\/www.immo-invest.ch\/it\/zusammenschluss-staerkt-pflege-und-wohnen-im-alter\/#blogposting","name":"La fusione rafforza l\u2019assistenza e la vita in et\u00e0 avanzata - immo!nvest - Die Plattform f\u00fcr Standorte und Immobilien","headline":"La fusione rafforza l&#8217;assistenza e la vita in et\u00e0 avanzata","author":{"@id":"https:\/\/www.immo-invest.ch\/it\/author\/immovestuser\/#author"},"publisher":{"@id":"https:\/\/www.immo-invest.ch\/it\/#organization"},"image":{"@type":"ImageObject","url":"https:\/\/www.immo-invest.ch\/wp-content\/uploads\/2026\/01\/immo-invest-finanzen-transaktionen-deals-trends-unternehmen-zuerich-pflegeimmobilien.png","width":1536,"height":768},"datePublished":"2026-01-07T16:00:00+01:00","dateModified":"2026-01-05T11:51:33+01:00","inLanguage":"it-IT","mainEntityOfPage":{"@id":"https:\/\/www.immo-invest.ch\/it\/zusammenschluss-staerkt-pflege-und-wohnen-im-alter\/#webpage"},"isPartOf":{"@id":"https:\/\/www.immo-invest.ch\/it\/zusammenschluss-staerkt-pflege-und-wohnen-im-alter\/#webpage"},"articleSection":"Business, immoNews, Societ\u00e0, Transazioni \/ Deal, Trends, Zurigo, Alterswohnen Schweiz, Immoinvest, immoNews, News, Pflegeimmobilien, Unternehmensuebernahme, Optional"},{"@type":"BreadcrumbList","@id":"https:\/\/www.immo-invest.ch\/it\/zusammenschluss-staerkt-pflege-und-wohnen-im-alter\/#breadcrumblist","itemListElement":[{"@type":"ListItem","@id":"https:\/\/www.immo-invest.ch\/it\/#listItem","position":1,"name":"Home","item":"https:\/\/www.immo-invest.ch\/it\/","nextItem":{"@type":"ListItem","@id":"https:\/\/www.immo-invest.ch\/it\/categoria\/regioni\/#listItem","name":"Regioni"}},{"@type":"ListItem","@id":"https:\/\/www.immo-invest.ch\/it\/categoria\/regioni\/#listItem","position":2,"name":"Regioni","item":"https:\/\/www.immo-invest.ch\/it\/categoria\/regioni\/","nextItem":{"@type":"ListItem","@id":"https:\/\/www.immo-invest.ch\/it\/categoria\/regioni\/svizzera\/#listItem","name":"Svizzera"},"previousItem":{"@type":"ListItem","@id":"https:\/\/www.immo-invest.ch\/it\/#listItem","name":"Home"}},{"@type":"ListItem","@id":"https:\/\/www.immo-invest.ch\/it\/categoria\/regioni\/svizzera\/#listItem","position":3,"name":"Svizzera","item":"https:\/\/www.immo-invest.ch\/it\/categoria\/regioni\/svizzera\/","nextItem":{"@type":"ListItem","@id":"https:\/\/www.immo-invest.ch\/it\/categoria\/regioni\/svizzera\/regione-zurigo\/#listItem","name":"Zurigo"},"previousItem":{"@type":"ListItem","@id":"https:\/\/www.immo-invest.ch\/it\/categoria\/regioni\/#listItem","name":"Regioni"}},{"@type":"ListItem","@id":"https:\/\/www.immo-invest.ch\/it\/categoria\/regioni\/svizzera\/regione-zurigo\/#listItem","position":4,"name":"Zurigo","item":"https:\/\/www.immo-invest.ch\/it\/categoria\/regioni\/svizzera\/regione-zurigo\/","nextItem":{"@type":"ListItem","@id":"https:\/\/www.immo-invest.ch\/it\/zusammenschluss-staerkt-pflege-und-wohnen-im-alter\/#listItem","name":"La fusione rafforza l&#8217;assistenza e la vita in et\u00e0 avanzata"},"previousItem":{"@type":"ListItem","@id":"https:\/\/www.immo-invest.ch\/it\/categoria\/regioni\/svizzera\/#listItem","name":"Svizzera"}},{"@type":"ListItem","@id":"https:\/\/www.immo-invest.ch\/it\/zusammenschluss-staerkt-pflege-und-wohnen-im-alter\/#listItem","position":5,"name":"La fusione rafforza l&#8217;assistenza e la vita in et\u00e0 avanzata","previousItem":{"@type":"ListItem","@id":"https:\/\/www.immo-invest.ch\/it\/categoria\/regioni\/svizzera\/regione-zurigo\/#listItem","name":"Zurigo"}}]},{"@type":"Organization","@id":"https:\/\/www.immo-invest.ch\/it\/#organization","name":"immo!nvest - Die Plattform f\u00fcr Standorte und Immobilien","description":"Die\u00a0Plattform f\u00fcr Standorte und Immobilien","url":"https:\/\/www.immo-invest.ch\/it\/","email":"admin@immomedia.ag","telephone":"+41444420002","logo":{"@type":"ImageObject","url":"https:\/\/www.immo-invest.ch\/wp-content\/uploads\/2024\/09\/immoinvest_sm-scaled.jpg","@id":"https:\/\/www.immo-invest.ch\/it\/zusammenschluss-staerkt-pflege-und-wohnen-im-alter\/#organizationLogo","width":2560,"height":1340},"image":{"@id":"https:\/\/www.immo-invest.ch\/it\/zusammenschluss-staerkt-pflege-und-wohnen-im-alter\/#organizationLogo"},"sameAs":["https:\/\/www.facebook.com\/people\/Immoinvest\/100077962920504\/","https:\/\/x.com\/i\/flow\/login?redirect_after_login=immoinvest_ch","https:\/\/www.instagram.com\/immoinvest_ch\/","https:\/\/www.linkedin.com\/company\/immoinvest-swiss"]},{"@type":"Person","@id":"https:\/\/www.immo-invest.ch\/it\/author\/immovestuser\/#author","url":"https:\/\/www.immo-invest.ch\/it\/author\/immovestuser\/","name":"immovestuser","image":{"@type":"ImageObject","@id":"https:\/\/www.immo-invest.ch\/it\/zusammenschluss-staerkt-pflege-und-wohnen-im-alter\/#authorImage","url":"https:\/\/secure.gravatar.com\/avatar\/8e01f4d99f2eeea7a362ebb93305e1172a70e9293ba250f897a65c39f54cdd1e?s=96&d=mm&r=g","width":96,"height":96,"caption":"immovestuser"}},{"@type":"WebPage","@id":"https:\/\/www.immo-invest.ch\/it\/zusammenschluss-staerkt-pflege-und-wohnen-im-alter\/#webpage","url":"https:\/\/www.immo-invest.ch\/it\/zusammenschluss-staerkt-pflege-und-wohnen-im-alter\/","name":"La fusione rafforza l\u2019assistenza e la vita in et\u00e0 avanzata - immo!nvest - Die Plattform f\u00fcr Standorte und Immobilien","description":"Il Gruppo Tertianum di D\u00fcbendorf ha rilevato il Gruppo Senevita, anch'esso attivo nel settore dell'assistenza. La fusione mira a migliorare il settore dell'assistenza infermieristica e residenziale per gli anziani. L'acquisizione \u00e8 stata autorizzata dalla Commissione per la concorrenza.","inLanguage":"it-IT","isPartOf":{"@id":"https:\/\/www.immo-invest.ch\/it\/#website"},"breadcrumb":{"@id":"https:\/\/www.immo-invest.ch\/it\/zusammenschluss-staerkt-pflege-und-wohnen-im-alter\/#breadcrumblist"},"author":{"@id":"https:\/\/www.immo-invest.ch\/it\/author\/immovestuser\/#author"},"creator":{"@id":"https:\/\/www.immo-invest.ch\/it\/author\/immovestuser\/#author"},"image":{"@type":"ImageObject","url":"https:\/\/www.immo-invest.ch\/wp-content\/uploads\/2026\/01\/immo-invest-finanzen-transaktionen-deals-trends-unternehmen-zuerich-pflegeimmobilien.png","@id":"https:\/\/www.immo-invest.ch\/it\/zusammenschluss-staerkt-pflege-und-wohnen-im-alter\/#mainImage","width":1536,"height":768},"primaryImageOfPage":{"@id":"https:\/\/www.immo-invest.ch\/it\/zusammenschluss-staerkt-pflege-und-wohnen-im-alter\/#mainImage"},"datePublished":"2026-01-07T16:00:00+01:00","dateModified":"2026-01-05T11:51:33+01:00"},{"@type":"WebSite","@id":"https:\/\/www.immo-invest.ch\/it\/#website","url":"https:\/\/www.immo-invest.ch\/it\/","name":"immo!nvest - Die Plattform f\u00fcr Standorte und Immobilien","description":"Die\u00a0Plattform f\u00fcr Standorte und Immobilien","inLanguage":"it-IT","publisher":{"@id":"https:\/\/www.immo-invest.ch\/it\/#organization"}}]},"og:locale":"it_IT","og:site_name":"immo!nvest - Die Plattform f\u00fcr Standorte und Immobilien - Die\u00a0Plattform f\u00fcr Standorte und Immobilien","og:type":"article","og:title":"La fusione rafforza l\u2019assistenza e la vita in et\u00e0 avanzata - immo!nvest - Die Plattform f\u00fcr Standorte und Immobilien","og:description":"Il Gruppo Tertianum di D\u00fcbendorf ha rilevato il Gruppo Senevita, anch'esso attivo nel settore dell'assistenza. La fusione mira a migliorare il settore dell'assistenza infermieristica e residenziale per gli anziani. L'acquisizione \u00e8 stata autorizzata dalla Commissione per la concorrenza.","og:url":"https:\/\/www.immo-invest.ch\/it\/zusammenschluss-staerkt-pflege-und-wohnen-im-alter\/","og:image":"https:\/\/www.immo-invest.ch\/wp-content\/uploads\/2026\/01\/immo-invest-finanzen-transaktionen-deals-trends-unternehmen-zuerich-pflegeimmobilien.png","og:image:secure_url":"https:\/\/www.immo-invest.ch\/wp-content\/uploads\/2026\/01\/immo-invest-finanzen-transaktionen-deals-trends-unternehmen-zuerich-pflegeimmobilien.png","og:image:width":1536,"og:image:height":768,"article:published_time":"2026-01-07T15:00:00+00:00","article:modified_time":"2026-01-05T10:51:33+00:00","article:publisher":"https:\/\/www.facebook.com\/people\/Immoinvest\/100077962920504\/","twitter:card":"summary_large_image","twitter:site":"@i","twitter:title":"La fusione rafforza l\u2019assistenza e la vita in et\u00e0 avanzata - immo!nvest - Die Plattform f\u00fcr Standorte und Immobilien","twitter:description":"Il Gruppo Tertianum di D\u00fcbendorf ha rilevato il Gruppo Senevita, anch'esso attivo nel settore dell'assistenza. La fusione mira a migliorare il settore dell'assistenza infermieristica e residenziale per gli anziani. L'acquisizione \u00e8 stata autorizzata dalla Commissione per la concorrenza.","twitter:creator":"@i","twitter:image":"https:\/\/www.immo-invest.ch\/wp-content\/uploads\/2026\/01\/immo-invest-finanzen-transaktionen-deals-trends-unternehmen-zuerich-pflegeimmobilien.png"},"aioseo_meta_data":{"post_id":"146336","title":null,"description":null,"keywords":null,"keyphrases":{"focus":{"keyphrase":"","score":0,"analysis":{"keyphraseInTitle":{"score":0,"maxScore":9,"error":1}}},"additional":[]},"primary_term":null,"canonical_url":null,"og_title":null,"og_description":null,"og_object_type":"default","og_image_type":"default","og_image_url":null,"og_image_width":null,"og_image_height":null,"og_image_custom_url":null,"og_image_custom_fields":null,"og_video":"","og_custom_url":null,"og_article_section":null,"og_article_tags":null,"twitter_use_og":false,"twitter_card":"default","twitter_image_type":"default","twitter_image_url":null,"twitter_image_custom_url":null,"twitter_image_custom_fields":null,"twitter_title":null,"twitter_description":null,"schema":{"blockGraphs":[],"customGraphs":[],"default":{"data":{"Article":[],"Course":[],"Dataset":[],"FAQPage":[],"Movie":[],"Person":[],"Product":[],"ProductReview":[],"Car":[],"Recipe":[],"Service":[],"SoftwareApplication":[],"WebPage":[]},"graphName":"BlogPosting","isEnabled":true},"graphs":[]},"schema_type":"default","schema_type_options":null,"pillar_content":false,"robots_default":true,"robots_noindex":false,"robots_noarchive":false,"robots_nosnippet":false,"robots_nofollow":false,"robots_noimageindex":false,"robots_noodp":false,"robots_notranslate":false,"robots_max_snippet":"-1","robots_max_videopreview":"-1","robots_max_imagepreview":"large","priority":null,"frequency":"default","local_seo":null,"breadcrumb_settings":null,"limit_modified_date":false,"ai":{"faqs":[],"keyPoints":[],"titles":[],"descriptions":[],"socialPosts":{"email":[],"linkedin":[],"twitter":[],"facebook":[],"instagram":[]}},"created":"2026-01-05 10:51:33","updated":"2026-01-07 15:08:16","seo_analyzer_scan_date":null,"focus_keyword":null,"additional_keywords":null,"truseo_locale":null},"aioseo_breadcrumb":"<div class=\"aioseo-breadcrumbs\"><span class=\"aioseo-breadcrumb\">\n\t\t\t<a href=\"https:\/\/www.immo-invest.ch\/it\/\" title=\"Home\">Home<\/a>\n\t\t<\/span><span class=\"aioseo-breadcrumb-separator\">&raquo;<\/span><span class=\"aioseo-breadcrumb\">\n\t\t\t<a href=\"https:\/\/www.immo-invest.ch\/it\/categoria\/regioni\/\" title=\"Regioni\">Regioni<\/a>\n\t\t<\/span><span class=\"aioseo-breadcrumb-separator\">&raquo;<\/span><span class=\"aioseo-breadcrumb\">\n\t\t\t<a href=\"https:\/\/www.immo-invest.ch\/it\/categoria\/regioni\/svizzera\/\" title=\"Svizzera\">Svizzera<\/a>\n\t\t<\/span><span class=\"aioseo-breadcrumb-separator\">&raquo;<\/span><span class=\"aioseo-breadcrumb\">\n\t\t\t<a href=\"https:\/\/www.immo-invest.ch\/it\/categoria\/regioni\/svizzera\/regione-zurigo\/\" title=\"Zurigo\">Zurigo<\/a>\n\t\t<\/span><span class=\"aioseo-breadcrumb-separator\">&raquo;<\/span><span class=\"aioseo-breadcrumb\">\n\t\t\tLa fusione rafforza l\u2019assistenza e la vita in et\u00e0 avanzata\n\t\t<\/span><\/div>","aioseo_breadcrumb_json":[{"label":"Home","link":"https:\/\/www.immo-invest.ch\/it\/"},{"label":"Regioni","link":"https:\/\/www.immo-invest.ch\/it\/categoria\/regioni\/"},{"label":"Svizzera","link":"https:\/\/www.immo-invest.ch\/it\/categoria\/regioni\/svizzera\/"},{"label":"Zurigo","link":"https:\/\/www.immo-invest.ch\/it\/categoria\/regioni\/svizzera\/regione-zurigo\/"},{"label":"La fusione rafforza l&#8217;assistenza e la vita in et\u00e0 avanzata","link":"https:\/\/www.immo-invest.ch\/it\/zusammenschluss-staerkt-pflege-und-wohnen-im-alter\/"}],"featured_image_src":"https:\/\/www.immo-invest.ch\/wp-content\/uploads\/2026\/01\/immo-invest-finanzen-transaktionen-deals-trends-unternehmen-zuerich-pflegeimmobilien-336x168.png","_links":{"self":[{"href":"https:\/\/www.immo-invest.ch\/it\/wp-json\/wp\/v2\/posts\/146336","targetHints":{"allow":["GET"]}}],"collection":[{"href":"https:\/\/www.immo-invest.ch\/it\/wp-json\/wp\/v2\/posts"}],"about":[{"href":"https:\/\/www.immo-invest.ch\/it\/wp-json\/wp\/v2\/types\/post"}],"author":[{"embeddable":true,"href":"https:\/\/www.immo-invest.ch\/it\/wp-json\/wp\/v2\/users\/2"}],"replies":[{"embeddable":true,"href":"https:\/\/www.immo-invest.ch\/it\/wp-json\/wp\/v2\/comments?post=146336"}],"version-history":[{"count":1,"href":"https:\/\/www.immo-invest.ch\/it\/wp-json\/wp\/v2\/posts\/146336\/revisions"}],"predecessor-version":[{"id":146681,"href":"https:\/\/www.immo-invest.ch\/it\/wp-json\/wp\/v2\/posts\/146336\/revisions\/146681"}],"wp:featuredmedia":[{"embeddable":true,"href":"https:\/\/www.immo-invest.ch\/it\/wp-json\/wp\/v2\/media\/146337"}],"wp:attachment":[{"href":"https:\/\/www.immo-invest.ch\/it\/wp-json\/wp\/v2\/media?parent=146336"}],"wp:term":[{"taxonomy":"category","embeddable":true,"href":"https:\/\/www.immo-invest.ch\/it\/wp-json\/wp\/v2\/categories?post=146336"},{"taxonomy":"post_tag","embeddable":true,"href":"https:\/\/www.immo-invest.ch\/it\/wp-json\/wp\/v2\/tags?post=146336"}],"curies":[{"name":"wp","href":"https:\/\/api.w.org\/{rel}","templated":true}]}}