{"id":144892,"date":"2025-12-02T08:15:00","date_gmt":"2025-12-02T07:15:00","guid":{"rendered":"https:\/\/www.immo-invest.ch\/?p=144892"},"modified":"2025-12-01T13:20:38","modified_gmt":"2025-12-01T12:20:38","slug":"warum-2026-zum-bau-streikjahr-werden-koennte","status":"publish","type":"post","link":"https:\/\/www.immo-invest.ch\/it\/warum-2026-zum-bau-streikjahr-werden-koennte\/","title":{"rendered":"Perch\u00e9 il 2026 potrebbe essere l&#8217;anno degli scioperi nell&#8217;edilizia"},"content":{"rendered":"<p class=\"wp-block-paragraph\">Il contratto collettivo nazionale per circa 80.000 dipendenti della principale industria edile regola i salari, gli orari di lavoro e di viaggio, i bonus e la protezione contro il licenziamento e scade alla fine del 2025. Dopo diversi cicli di trattative inconcludenti, Unia e Syna avvertono che senza un accordo, non ci sar&agrave; alcun contratto ed &egrave; probabile un&rsquo;azione sindacale a livello nazionale<\/p>\n\n\n\n\n\n<p class=\"wp-block-paragraph\">Allo stesso tempo, le giornate di protesta, pi&ugrave; recenti in diverse citt&agrave; del Ticino, stanno aumentando la pressione sul datore di lavoro e segnalano un&rsquo;elevata disponibilit&agrave; allo sciopero a livello di base. In un sondaggio importante, circa il 90% di 20.000 lavoratori edili si &egrave; detto favorevole all&rsquo;azione di sciopero se non fosse possibile raggiungere un compromesso valido<\/p>\n\n\n\n\n\n<p class=\"wp-block-paragraph\"><strong>Richieste sindacali<br><\/strong>I sindacati si stanno concentrando su tre questioni: orari di lavoro pi&ugrave; favorevoli alle famiglie, tempi di viaggio legalmente sicuri e salvaguardia del potere d&rsquo;acquisto. Tra le altre cose, chiedono un massimo di otto ore al giorno, una pausa merenda retribuita, il pieno riconoscimento dei tempi di viaggio verso il cantiere, una compensazione garantita per l&rsquo;inflazione e aumenti salariali reali dopo anni di calo dei salari reali<\/p>\n\n\n\n\n\n<p class=\"wp-block-paragraph\">La prassi precedente, in base alla quale il tempo di viaggio viene spesso pagato solo parzialmente o non viene pagato affatto, &egrave; stata criticata dalla Seco in quanto non conforme alla legge sul lavoro obbligatoria, il che aumenta la pressione per chiarire questo punto nel nuovo contratto in modo vincolante. Dal punto di vista dei sindacati, il miglioramento delle condizioni &egrave; anche una risposta alla carenza di manodopera qualificata che da anni affligge l&rsquo;industria edile<\/p>\n\n\n\n\n\n<p class=\"wp-block-paragraph\"><strong>Posizione dei capomastri<br><\/strong>L&rsquo;Associazione svizzera dei capomastri sottolinea i salari minimi gi&agrave; elevati in tutta Europa e propone adeguamenti automatici all&rsquo;inflazione dei salari minimi, nonch&eacute; ulteriori aumenti salariali tramite bonus nei prossimi anni. Allo stesso tempo, insiste su una maggiore flessibilit&agrave;, sull&rsquo;orario di lavoro giornaliero e annuale, su una maggiore flessibilit&agrave; dell&rsquo;orario di lavoro, sul lavoro in alcuni sabati senza supplemento e sull&rsquo;adeguamento delle norme sul maltempo<\/p>\n\n\n\n\n\n<p class=\"wp-block-paragraph\">L&rsquo;associazione ritiene che le richieste dei sindacati faranno aumentare i costi salariali del 12-15% e metteranno a rischio la competitivit&agrave; del settore, soprattutto in vista dell&rsquo;aumento dei costi di costruzione e dell&rsquo;incertezza degli ordini. L&rsquo;associazione sta segnalando un certo grado di concessione per quanto riguarda la protezione dei dipendenti pi&ugrave; anziani dal licenziamento, ma lo sta collegando ad un accordo sul pacchetto salariale<\/p>\n\n\n\n\n\n<p class=\"wp-block-paragraph\"><strong>Escalation o compromesso?<br><\/strong>I sindacati avvertono che il modello di flessibilit&agrave; dei datori di lavoro comporter&agrave; un allungamento dei tempi di presenza fino a 50 ore settimanali, un aumento degli straordinari senza bonus e una maggiore insicurezza in caso di crollo degli ordini, con rischi particolari per i lavoratori edili pi&ugrave; anziani. Al contrario, l&rsquo;Associazione dei costruttori master critica le giornate di protesta come una violazione dell&rsquo;obbligo contrattuale di mantenere la pace e accusa i sindacati di bloccare un contratto collettivo di lavoro sostenibile con richieste massime<\/p>\n\n\n\n\n\n<p class=\"wp-block-paragraph\">Se il 2026 inizier&agrave; effettivamente con uno sciopero dell&rsquo;edilizia a livello nazionale, sar&agrave; deciso al tavolo delle trattative nelle prossime settimane. &Egrave; qui che le posizioni dure devono essere trasformate in un compromesso fattibile per un settore che &egrave; sotto pressione <span class=\"glossaryLink\"  aria-describedby=\"tt\"  data-cmtooltip=\"&lt;div class=glossaryItemTitle&gt;SIA&lt;\/div&gt;&lt;div class=glossaryItemBody&gt;Schweizerischer Ingenieur- und Architektenverein; massgebender Berufsverband f&uuml;r qualifizierte Fachleute der Bereiche Bau, Technik und Umwelt mit rund f&uuml;nfzehntausend Mitgliedern&lt;\/div&gt;\"  data-mobile-support=\"0\"  data-gt-translate-attributes='[{\"attribute\":\"data-cmtooltip\", \"format\":\"html\"}]' tabindex='0' role='link'>sia<\/span> per i costi che per la manodopera qualificata.<\/p>\n\n","protected":false},"excerpt":{"rendered":"<p>Due mondi si scontrano nel settore edile. I lavoratori edili, che chiedono orari di lavoro favorevoli alle famiglie e una retribuzione completa dopo anni di calo dei salari reali, e i capomastri, che chiedono maggiore flessibilit\u00e0 e stabilit\u00e0 dei costi. Se non si raggiunge un nuovo accordo nazionale sul lavoro entro la fine dell&#8217;anno, c&#8217;\u00e8 la minaccia di una situazione di assenza di contratti per la prima volta in oltre un decennio e con essa uno sciopero nazionale del settore proprio all&#8217;inizio del 2026.<\/p>\n","protected":false},"author":2,"featured_media":144893,"comment_status":"open","ping_status":"open","sticky":false,"template":"","format":"standard","meta":{"pmpro_default_level":"","inline_featured_image":false,"_monsterinsights_skip_tracking":false,"footnotes":""},"categories":[22359,745,4465,22302,22443],"tags":[55606,41805,867,3935,55004,2006],"class_list":["post-144892","post","type-post","status-publish","format-standard","has-post-thumbnail","hentry","category-costruzione","category-immonews-it","category-persone","category-svizzera","category-trends-it","tag-arbeitskonflikt","tag-bauhauptgewerbe-it","tag-immoinvest-it","tag-immonews-it","tag-landesmantelvertrag","tag-news-it","pmpro-has-access"],"acf":{"bild_mit_ki_erstellt_worden":["Ja"],"lead":"Due mondi si scontrano nel settore edile. I lavoratori edili, che chiedono orari di lavoro favorevoli alle famiglie e una retribuzione completa dopo anni di calo dei salari reali, e i capomastri, che chiedono maggiore flessibilit\u00e0 e stabilit\u00e0 dei costi. Se non si raggiunge un nuovo accordo nazionale sul lavoro entro la fine dell'anno, c'\u00e8 la minaccia di una situazione di assenza di contratti per la prima volta in oltre un decennio e con essa uno sciopero nazionale del settore proprio all'inizio del 2026.","autor":"Quelle SBV","ort":"","bildunterschrift":"","bild_im_grid":false,"gallerie":"","newsim":""},"aioseo_notices":[],"aioseo_head":"\n\t\t<!-- All in One SEO 5.0.0.1 - aioseo.com -->\n\t<meta name=\"description\" content=\"Due mondi si scontrano nel settore edile. I lavoratori edili, che chiedono orari di lavoro favorevoli alle famiglie e una retribuzione completa dopo anni di calo dei salari reali, e i capomastri, che chiedono maggiore flessibilit\u00e0 e stabilit\u00e0 dei costi. Se non si raggiunge un nuovo accordo nazionale sul lavoro entro la fine dell&#039;anno, c&#039;\u00e8 la minaccia di una situazione di assenza di contratti per la prima volta in oltre un decennio e con essa uno sciopero nazionale del settore proprio all&#039;inizio del 2026.\" \/>\n\t<meta name=\"robots\" content=\"max-image-preview:large\" \/>\n\t<meta name=\"author\" content=\"immovestuser\"\/>\n\t<meta name=\"google-site-verification\" content=\"fHJKvgWpZCR2zVBHWfkQeFXC11qieUSff0HGNYfuyLA\" \/>\n\t<link rel=\"canonical\" href=\"https:\/\/www.immo-invest.ch\/it\/warum-2026-zum-bau-streikjahr-werden-koennte\/\" \/>\n\t<meta name=\"generator\" content=\"All in One SEO (AIOSEO) 5.0.0.1\" \/>\n\t\t<meta property=\"og:locale\" content=\"it_IT\" \/>\n\t\t<meta property=\"og:site_name\" content=\"immo!nvest - Die Plattform f\u00fcr Standorte und Immobilien - Die\u00a0Plattform f\u00fcr Standorte und Immobilien\" \/>\n\t\t<meta property=\"og:type\" content=\"article\" \/>\n\t\t<meta property=\"og:title\" content=\"Perch\u00e9 il 2026 potrebbe essere l\u2019anno degli scioperi nell\u2019edilizia - immo!nvest - Die Plattform f\u00fcr Standorte und Immobilien\" \/>\n\t\t<meta property=\"og:description\" content=\"Due mondi si scontrano nel settore edile. I lavoratori edili, che chiedono orari di lavoro favorevoli alle famiglie e una retribuzione completa dopo anni di calo dei salari reali, e i capomastri, che chiedono maggiore flessibilit\u00e0 e stabilit\u00e0 dei costi. Se non si raggiunge un nuovo accordo nazionale sul lavoro entro la fine dell&#039;anno, c&#039;\u00e8 la minaccia di una situazione di assenza di contratti per la prima volta in oltre un decennio e con essa uno sciopero nazionale del settore proprio all&#039;inizio del 2026.\" \/>\n\t\t<meta property=\"og:url\" content=\"https:\/\/www.immo-invest.ch\/it\/warum-2026-zum-bau-streikjahr-werden-koennte\/\" \/>\n\t\t<meta property=\"og:image\" content=\"https:\/\/www.immo-invest.ch\/wp-content\/uploads\/2025\/12\/immo-invest-bauwirtschaft-trends-personen-schweiz-landesmantelvertrag-arbeitskonflikt-bauhauptgewerbe.png\" \/>\n\t\t<meta property=\"og:image:secure_url\" content=\"https:\/\/www.immo-invest.ch\/wp-content\/uploads\/2025\/12\/immo-invest-bauwirtschaft-trends-personen-schweiz-landesmantelvertrag-arbeitskonflikt-bauhauptgewerbe.png\" \/>\n\t\t<meta property=\"og:image:width\" content=\"1536\" \/>\n\t\t<meta property=\"og:image:height\" content=\"768\" \/>\n\t\t<meta property=\"article:published_time\" content=\"2025-12-02T07:15:00+00:00\" \/>\n\t\t<meta property=\"article:modified_time\" content=\"2025-12-01T12:20:38+00:00\" \/>\n\t\t<meta property=\"article:publisher\" content=\"https:\/\/www.facebook.com\/people\/Immoinvest\/100077962920504\/\" \/>\n\t\t<meta name=\"twitter:card\" content=\"summary_large_image\" \/>\n\t\t<meta name=\"twitter:site\" content=\"@i\" \/>\n\t\t<meta name=\"twitter:title\" content=\"Perch\u00e9 il 2026 potrebbe essere l\u2019anno degli scioperi nell\u2019edilizia - immo!nvest - Die Plattform f\u00fcr Standorte und Immobilien\" \/>\n\t\t<meta name=\"twitter:description\" content=\"Due mondi si scontrano nel settore edile. I lavoratori edili, che chiedono orari di lavoro favorevoli alle famiglie e una retribuzione completa dopo anni di calo dei salari reali, e i capomastri, che chiedono maggiore flessibilit\u00e0 e stabilit\u00e0 dei costi. Se non si raggiunge un nuovo accordo nazionale sul lavoro entro la fine dell&#039;anno, c&#039;\u00e8 la minaccia di una situazione di assenza di contratti per la prima volta in oltre un decennio e con essa uno sciopero nazionale del settore proprio all&#039;inizio del 2026.\" \/>\n\t\t<meta name=\"twitter:creator\" content=\"@i\" \/>\n\t\t<meta name=\"twitter:image\" content=\"https:\/\/www.immo-invest.ch\/wp-content\/uploads\/2025\/12\/immo-invest-bauwirtschaft-trends-personen-schweiz-landesmantelvertrag-arbeitskonflikt-bauhauptgewerbe.png\" \/>\n\t\t<script type=\"application\/ld+json\" class=\"aioseo-schema\">\n\t\t\t{\"@context\":\"https:\\\/\\\/schema.org\",\"@graph\":[{\"@type\":\"BlogPosting\",\"@id\":\"https:\\\/\\\/www.immo-invest.ch\\\/it\\\/warum-2026-zum-bau-streikjahr-werden-koennte\\\/#blogposting\",\"name\":\"Perch\\u00e9 il 2026 potrebbe essere l\\u2019anno degli scioperi nell\\u2019edilizia - immo!nvest - Die Plattform f\\u00fcr Standorte und Immobilien\",\"headline\":\"Perch\\u00e9 il 2026 potrebbe essere l&#8217;anno degli scioperi nell&#8217;edilizia\",\"author\":{\"@id\":\"https:\\\/\\\/www.immo-invest.ch\\\/it\\\/author\\\/immovestuser\\\/#author\"},\"publisher\":{\"@id\":\"https:\\\/\\\/www.immo-invest.ch\\\/it\\\/#organization\"},\"image\":{\"@type\":\"ImageObject\",\"url\":\"https:\\\/\\\/www.immo-invest.ch\\\/wp-content\\\/uploads\\\/2025\\\/12\\\/immo-invest-bauwirtschaft-trends-personen-schweiz-landesmantelvertrag-arbeitskonflikt-bauhauptgewerbe.png\",\"width\":1536,\"height\":768},\"datePublished\":\"2025-12-02T08:15:00+01:00\",\"dateModified\":\"2025-12-01T13:20:38+01:00\",\"inLanguage\":\"it-IT\",\"mainEntityOfPage\":{\"@id\":\"https:\\\/\\\/www.immo-invest.ch\\\/it\\\/warum-2026-zum-bau-streikjahr-werden-koennte\\\/#webpage\"},\"isPartOf\":{\"@id\":\"https:\\\/\\\/www.immo-invest.ch\\\/it\\\/warum-2026-zum-bau-streikjahr-werden-koennte\\\/#webpage\"},\"articleSection\":\"Costruzione, immoNews, Persone, Svizzera, Trends, Arbeitskonflikt, Bauhauptgewerbe, Immoinvest, immoNews, Landesmantelvertrag, News, Optional\"},{\"@type\":\"BreadcrumbList\",\"@id\":\"https:\\\/\\\/www.immo-invest.ch\\\/it\\\/warum-2026-zum-bau-streikjahr-werden-koennte\\\/#breadcrumblist\",\"itemListElement\":[{\"@type\":\"ListItem\",\"@id\":\"https:\\\/\\\/www.immo-invest.ch\\\/it\\\/#listItem\",\"position\":1,\"name\":\"Home\",\"item\":\"https:\\\/\\\/www.immo-invest.ch\\\/it\\\/\",\"nextItem\":{\"@type\":\"ListItem\",\"@id\":\"https:\\\/\\\/www.immo-invest.ch\\\/it\\\/categoria\\\/persone-2\\\/#listItem\",\"name\":\"Persone\"}},{\"@type\":\"ListItem\",\"@id\":\"https:\\\/\\\/www.immo-invest.ch\\\/it\\\/categoria\\\/persone-2\\\/#listItem\",\"position\":2,\"name\":\"Persone\",\"item\":\"https:\\\/\\\/www.immo-invest.ch\\\/it\\\/categoria\\\/persone-2\\\/\",\"nextItem\":{\"@type\":\"ListItem\",\"@id\":\"https:\\\/\\\/www.immo-invest.ch\\\/it\\\/categoria\\\/persone-2\\\/persone\\\/#listItem\",\"name\":\"Persone\"},\"previousItem\":{\"@type\":\"ListItem\",\"@id\":\"https:\\\/\\\/www.immo-invest.ch\\\/it\\\/#listItem\",\"name\":\"Home\"}},{\"@type\":\"ListItem\",\"@id\":\"https:\\\/\\\/www.immo-invest.ch\\\/it\\\/categoria\\\/persone-2\\\/persone\\\/#listItem\",\"position\":3,\"name\":\"Persone\",\"item\":\"https:\\\/\\\/www.immo-invest.ch\\\/it\\\/categoria\\\/persone-2\\\/persone\\\/\",\"nextItem\":{\"@type\":\"ListItem\",\"@id\":\"https:\\\/\\\/www.immo-invest.ch\\\/it\\\/warum-2026-zum-bau-streikjahr-werden-koennte\\\/#listItem\",\"name\":\"Perch\\u00e9 il 2026 potrebbe essere l&#8217;anno degli scioperi nell&#8217;edilizia\"},\"previousItem\":{\"@type\":\"ListItem\",\"@id\":\"https:\\\/\\\/www.immo-invest.ch\\\/it\\\/categoria\\\/persone-2\\\/#listItem\",\"name\":\"Persone\"}},{\"@type\":\"ListItem\",\"@id\":\"https:\\\/\\\/www.immo-invest.ch\\\/it\\\/warum-2026-zum-bau-streikjahr-werden-koennte\\\/#listItem\",\"position\":4,\"name\":\"Perch\\u00e9 il 2026 potrebbe essere l&#8217;anno degli scioperi nell&#8217;edilizia\",\"previousItem\":{\"@type\":\"ListItem\",\"@id\":\"https:\\\/\\\/www.immo-invest.ch\\\/it\\\/categoria\\\/persone-2\\\/persone\\\/#listItem\",\"name\":\"Persone\"}}]},{\"@type\":\"Organization\",\"@id\":\"https:\\\/\\\/www.immo-invest.ch\\\/it\\\/#organization\",\"name\":\"immo!nvest - Die Plattform f\\u00fcr Standorte und Immobilien\",\"description\":\"Die\\u00a0Plattform f\\u00fcr Standorte und Immobilien\",\"url\":\"https:\\\/\\\/www.immo-invest.ch\\\/it\\\/\",\"email\":\"admin@immomedia.ag\",\"telephone\":\"+41444420002\",\"logo\":{\"@type\":\"ImageObject\",\"url\":\"https:\\\/\\\/www.immo-invest.ch\\\/wp-content\\\/uploads\\\/2024\\\/09\\\/immoinvest_sm-scaled.jpg\",\"@id\":\"https:\\\/\\\/www.immo-invest.ch\\\/it\\\/warum-2026-zum-bau-streikjahr-werden-koennte\\\/#organizationLogo\",\"width\":2560,\"height\":1340},\"image\":{\"@id\":\"https:\\\/\\\/www.immo-invest.ch\\\/it\\\/warum-2026-zum-bau-streikjahr-werden-koennte\\\/#organizationLogo\"},\"sameAs\":[\"https:\\\/\\\/www.facebook.com\\\/people\\\/Immoinvest\\\/100077962920504\\\/\",\"https:\\\/\\\/x.com\\\/i\\\/flow\\\/login?redirect_after_login=immoinvest_ch\",\"https:\\\/\\\/www.instagram.com\\\/immoinvest_ch\\\/\",\"https:\\\/\\\/www.linkedin.com\\\/company\\\/immoinvest-swiss\"]},{\"@type\":\"Person\",\"@id\":\"https:\\\/\\\/www.immo-invest.ch\\\/it\\\/author\\\/immovestuser\\\/#author\",\"url\":\"https:\\\/\\\/www.immo-invest.ch\\\/it\\\/author\\\/immovestuser\\\/\",\"name\":\"immovestuser\",\"image\":{\"@type\":\"ImageObject\",\"@id\":\"https:\\\/\\\/www.immo-invest.ch\\\/it\\\/warum-2026-zum-bau-streikjahr-werden-koennte\\\/#authorImage\",\"url\":\"https:\\\/\\\/secure.gravatar.com\\\/avatar\\\/8e01f4d99f2eeea7a362ebb93305e1172a70e9293ba250f897a65c39f54cdd1e?s=96&d=mm&r=g\",\"width\":96,\"height\":96,\"caption\":\"immovestuser\"}},{\"@type\":\"WebPage\",\"@id\":\"https:\\\/\\\/www.immo-invest.ch\\\/it\\\/warum-2026-zum-bau-streikjahr-werden-koennte\\\/#webpage\",\"url\":\"https:\\\/\\\/www.immo-invest.ch\\\/it\\\/warum-2026-zum-bau-streikjahr-werden-koennte\\\/\",\"name\":\"Perch\\u00e9 il 2026 potrebbe essere l\\u2019anno degli scioperi nell\\u2019edilizia - immo!nvest - Die Plattform f\\u00fcr Standorte und Immobilien\",\"description\":\"Due mondi si scontrano nel settore edile. I lavoratori edili, che chiedono orari di lavoro favorevoli alle famiglie e una retribuzione completa dopo anni di calo dei salari reali, e i capomastri, che chiedono maggiore flessibilit\\u00e0 e stabilit\\u00e0 dei costi. Se non si raggiunge un nuovo accordo nazionale sul lavoro entro la fine dell'anno, c'\\u00e8 la minaccia di una situazione di assenza di contratti per la prima volta in oltre un decennio e con essa uno sciopero nazionale del settore proprio all'inizio del 2026.\",\"inLanguage\":\"it-IT\",\"isPartOf\":{\"@id\":\"https:\\\/\\\/www.immo-invest.ch\\\/it\\\/#website\"},\"breadcrumb\":{\"@id\":\"https:\\\/\\\/www.immo-invest.ch\\\/it\\\/warum-2026-zum-bau-streikjahr-werden-koennte\\\/#breadcrumblist\"},\"author\":{\"@id\":\"https:\\\/\\\/www.immo-invest.ch\\\/it\\\/author\\\/immovestuser\\\/#author\"},\"creator\":{\"@id\":\"https:\\\/\\\/www.immo-invest.ch\\\/it\\\/author\\\/immovestuser\\\/#author\"},\"image\":{\"@type\":\"ImageObject\",\"url\":\"https:\\\/\\\/www.immo-invest.ch\\\/wp-content\\\/uploads\\\/2025\\\/12\\\/immo-invest-bauwirtschaft-trends-personen-schweiz-landesmantelvertrag-arbeitskonflikt-bauhauptgewerbe.png\",\"@id\":\"https:\\\/\\\/www.immo-invest.ch\\\/it\\\/warum-2026-zum-bau-streikjahr-werden-koennte\\\/#mainImage\",\"width\":1536,\"height\":768},\"primaryImageOfPage\":{\"@id\":\"https:\\\/\\\/www.immo-invest.ch\\\/it\\\/warum-2026-zum-bau-streikjahr-werden-koennte\\\/#mainImage\"},\"datePublished\":\"2025-12-02T08:15:00+01:00\",\"dateModified\":\"2025-12-01T13:20:38+01:00\"},{\"@type\":\"WebSite\",\"@id\":\"https:\\\/\\\/www.immo-invest.ch\\\/it\\\/#website\",\"url\":\"https:\\\/\\\/www.immo-invest.ch\\\/it\\\/\",\"name\":\"immo!nvest - Die Plattform f\\u00fcr Standorte und Immobilien\",\"description\":\"Die\\u00a0Plattform f\\u00fcr Standorte und Immobilien\",\"inLanguage\":\"it-IT\",\"publisher\":{\"@id\":\"https:\\\/\\\/www.immo-invest.ch\\\/it\\\/#organization\"}}]}\n\t\t<\/script>\n\t\t<!-- All in One SEO -->\n\n","aioseo_head_json":{"title":"Perch\u00e9 il 2026 potrebbe essere l\u2019anno degli scioperi nell\u2019edilizia - immo!nvest - Die Plattform f\u00fcr Standorte und Immobilien","description":"Due mondi si scontrano nel settore edile. I lavoratori edili, che chiedono orari di lavoro favorevoli alle famiglie e una retribuzione completa dopo anni di calo dei salari reali, e i capomastri, che chiedono maggiore flessibilit\u00e0 e stabilit\u00e0 dei costi. Se non si raggiunge un nuovo accordo nazionale sul lavoro entro la fine dell'anno, c'\u00e8 la minaccia di una situazione di assenza di contratti per la prima volta in oltre un decennio e con essa uno sciopero nazionale del settore proprio all'inizio del 2026.","canonical_url":"https:\/\/www.immo-invest.ch\/it\/warum-2026-zum-bau-streikjahr-werden-koennte\/","robots":"max-image-preview:large","keywords":"","webmasterTools":{"google-site-verification":"fHJKvgWpZCR2zVBHWfkQeFXC11qieUSff0HGNYfuyLA","miscellaneous":""},"schema":{"@context":"https:\/\/schema.org","@graph":[{"@type":"BlogPosting","@id":"https:\/\/www.immo-invest.ch\/it\/warum-2026-zum-bau-streikjahr-werden-koennte\/#blogposting","name":"Perch\u00e9 il 2026 potrebbe essere l\u2019anno degli scioperi nell\u2019edilizia - immo!nvest - Die Plattform f\u00fcr Standorte und Immobilien","headline":"Perch\u00e9 il 2026 potrebbe essere l&#8217;anno degli scioperi nell&#8217;edilizia","author":{"@id":"https:\/\/www.immo-invest.ch\/it\/author\/immovestuser\/#author"},"publisher":{"@id":"https:\/\/www.immo-invest.ch\/it\/#organization"},"image":{"@type":"ImageObject","url":"https:\/\/www.immo-invest.ch\/wp-content\/uploads\/2025\/12\/immo-invest-bauwirtschaft-trends-personen-schweiz-landesmantelvertrag-arbeitskonflikt-bauhauptgewerbe.png","width":1536,"height":768},"datePublished":"2025-12-02T08:15:00+01:00","dateModified":"2025-12-01T13:20:38+01:00","inLanguage":"it-IT","mainEntityOfPage":{"@id":"https:\/\/www.immo-invest.ch\/it\/warum-2026-zum-bau-streikjahr-werden-koennte\/#webpage"},"isPartOf":{"@id":"https:\/\/www.immo-invest.ch\/it\/warum-2026-zum-bau-streikjahr-werden-koennte\/#webpage"},"articleSection":"Costruzione, immoNews, Persone, Svizzera, Trends, Arbeitskonflikt, Bauhauptgewerbe, Immoinvest, immoNews, Landesmantelvertrag, News, Optional"},{"@type":"BreadcrumbList","@id":"https:\/\/www.immo-invest.ch\/it\/warum-2026-zum-bau-streikjahr-werden-koennte\/#breadcrumblist","itemListElement":[{"@type":"ListItem","@id":"https:\/\/www.immo-invest.ch\/it\/#listItem","position":1,"name":"Home","item":"https:\/\/www.immo-invest.ch\/it\/","nextItem":{"@type":"ListItem","@id":"https:\/\/www.immo-invest.ch\/it\/categoria\/persone-2\/#listItem","name":"Persone"}},{"@type":"ListItem","@id":"https:\/\/www.immo-invest.ch\/it\/categoria\/persone-2\/#listItem","position":2,"name":"Persone","item":"https:\/\/www.immo-invest.ch\/it\/categoria\/persone-2\/","nextItem":{"@type":"ListItem","@id":"https:\/\/www.immo-invest.ch\/it\/categoria\/persone-2\/persone\/#listItem","name":"Persone"},"previousItem":{"@type":"ListItem","@id":"https:\/\/www.immo-invest.ch\/it\/#listItem","name":"Home"}},{"@type":"ListItem","@id":"https:\/\/www.immo-invest.ch\/it\/categoria\/persone-2\/persone\/#listItem","position":3,"name":"Persone","item":"https:\/\/www.immo-invest.ch\/it\/categoria\/persone-2\/persone\/","nextItem":{"@type":"ListItem","@id":"https:\/\/www.immo-invest.ch\/it\/warum-2026-zum-bau-streikjahr-werden-koennte\/#listItem","name":"Perch\u00e9 il 2026 potrebbe essere l&#8217;anno degli scioperi nell&#8217;edilizia"},"previousItem":{"@type":"ListItem","@id":"https:\/\/www.immo-invest.ch\/it\/categoria\/persone-2\/#listItem","name":"Persone"}},{"@type":"ListItem","@id":"https:\/\/www.immo-invest.ch\/it\/warum-2026-zum-bau-streikjahr-werden-koennte\/#listItem","position":4,"name":"Perch\u00e9 il 2026 potrebbe essere l&#8217;anno degli scioperi nell&#8217;edilizia","previousItem":{"@type":"ListItem","@id":"https:\/\/www.immo-invest.ch\/it\/categoria\/persone-2\/persone\/#listItem","name":"Persone"}}]},{"@type":"Organization","@id":"https:\/\/www.immo-invest.ch\/it\/#organization","name":"immo!nvest - Die Plattform f\u00fcr Standorte und Immobilien","description":"Die\u00a0Plattform f\u00fcr Standorte und Immobilien","url":"https:\/\/www.immo-invest.ch\/it\/","email":"admin@immomedia.ag","telephone":"+41444420002","logo":{"@type":"ImageObject","url":"https:\/\/www.immo-invest.ch\/wp-content\/uploads\/2024\/09\/immoinvest_sm-scaled.jpg","@id":"https:\/\/www.immo-invest.ch\/it\/warum-2026-zum-bau-streikjahr-werden-koennte\/#organizationLogo","width":2560,"height":1340},"image":{"@id":"https:\/\/www.immo-invest.ch\/it\/warum-2026-zum-bau-streikjahr-werden-koennte\/#organizationLogo"},"sameAs":["https:\/\/www.facebook.com\/people\/Immoinvest\/100077962920504\/","https:\/\/x.com\/i\/flow\/login?redirect_after_login=immoinvest_ch","https:\/\/www.instagram.com\/immoinvest_ch\/","https:\/\/www.linkedin.com\/company\/immoinvest-swiss"]},{"@type":"Person","@id":"https:\/\/www.immo-invest.ch\/it\/author\/immovestuser\/#author","url":"https:\/\/www.immo-invest.ch\/it\/author\/immovestuser\/","name":"immovestuser","image":{"@type":"ImageObject","@id":"https:\/\/www.immo-invest.ch\/it\/warum-2026-zum-bau-streikjahr-werden-koennte\/#authorImage","url":"https:\/\/secure.gravatar.com\/avatar\/8e01f4d99f2eeea7a362ebb93305e1172a70e9293ba250f897a65c39f54cdd1e?s=96&d=mm&r=g","width":96,"height":96,"caption":"immovestuser"}},{"@type":"WebPage","@id":"https:\/\/www.immo-invest.ch\/it\/warum-2026-zum-bau-streikjahr-werden-koennte\/#webpage","url":"https:\/\/www.immo-invest.ch\/it\/warum-2026-zum-bau-streikjahr-werden-koennte\/","name":"Perch\u00e9 il 2026 potrebbe essere l\u2019anno degli scioperi nell\u2019edilizia - immo!nvest - Die Plattform f\u00fcr Standorte und Immobilien","description":"Due mondi si scontrano nel settore edile. I lavoratori edili, che chiedono orari di lavoro favorevoli alle famiglie e una retribuzione completa dopo anni di calo dei salari reali, e i capomastri, che chiedono maggiore flessibilit\u00e0 e stabilit\u00e0 dei costi. Se non si raggiunge un nuovo accordo nazionale sul lavoro entro la fine dell'anno, c'\u00e8 la minaccia di una situazione di assenza di contratti per la prima volta in oltre un decennio e con essa uno sciopero nazionale del settore proprio all'inizio del 2026.","inLanguage":"it-IT","isPartOf":{"@id":"https:\/\/www.immo-invest.ch\/it\/#website"},"breadcrumb":{"@id":"https:\/\/www.immo-invest.ch\/it\/warum-2026-zum-bau-streikjahr-werden-koennte\/#breadcrumblist"},"author":{"@id":"https:\/\/www.immo-invest.ch\/it\/author\/immovestuser\/#author"},"creator":{"@id":"https:\/\/www.immo-invest.ch\/it\/author\/immovestuser\/#author"},"image":{"@type":"ImageObject","url":"https:\/\/www.immo-invest.ch\/wp-content\/uploads\/2025\/12\/immo-invest-bauwirtschaft-trends-personen-schweiz-landesmantelvertrag-arbeitskonflikt-bauhauptgewerbe.png","@id":"https:\/\/www.immo-invest.ch\/it\/warum-2026-zum-bau-streikjahr-werden-koennte\/#mainImage","width":1536,"height":768},"primaryImageOfPage":{"@id":"https:\/\/www.immo-invest.ch\/it\/warum-2026-zum-bau-streikjahr-werden-koennte\/#mainImage"},"datePublished":"2025-12-02T08:15:00+01:00","dateModified":"2025-12-01T13:20:38+01:00"},{"@type":"WebSite","@id":"https:\/\/www.immo-invest.ch\/it\/#website","url":"https:\/\/www.immo-invest.ch\/it\/","name":"immo!nvest - Die Plattform f\u00fcr Standorte und Immobilien","description":"Die\u00a0Plattform f\u00fcr Standorte und Immobilien","inLanguage":"it-IT","publisher":{"@id":"https:\/\/www.immo-invest.ch\/it\/#organization"}}]},"og:locale":"it_IT","og:site_name":"immo!nvest - Die Plattform f\u00fcr Standorte und Immobilien - Die\u00a0Plattform f\u00fcr Standorte und Immobilien","og:type":"article","og:title":"Perch\u00e9 il 2026 potrebbe essere l\u2019anno degli scioperi nell\u2019edilizia - immo!nvest - Die Plattform f\u00fcr Standorte und Immobilien","og:description":"Due mondi si scontrano nel settore edile. I lavoratori edili, che chiedono orari di lavoro favorevoli alle famiglie e una retribuzione completa dopo anni di calo dei salari reali, e i capomastri, che chiedono maggiore flessibilit\u00e0 e stabilit\u00e0 dei costi. Se non si raggiunge un nuovo accordo nazionale sul lavoro entro la fine dell'anno, c'\u00e8 la minaccia di una situazione di assenza di contratti per la prima volta in oltre un decennio e con essa uno sciopero nazionale del settore proprio all'inizio del 2026.","og:url":"https:\/\/www.immo-invest.ch\/it\/warum-2026-zum-bau-streikjahr-werden-koennte\/","og:image":"https:\/\/www.immo-invest.ch\/wp-content\/uploads\/2025\/12\/immo-invest-bauwirtschaft-trends-personen-schweiz-landesmantelvertrag-arbeitskonflikt-bauhauptgewerbe.png","og:image:secure_url":"https:\/\/www.immo-invest.ch\/wp-content\/uploads\/2025\/12\/immo-invest-bauwirtschaft-trends-personen-schweiz-landesmantelvertrag-arbeitskonflikt-bauhauptgewerbe.png","og:image:width":1536,"og:image:height":768,"article:published_time":"2025-12-02T07:15:00+00:00","article:modified_time":"2025-12-01T12:20:38+00:00","article:publisher":"https:\/\/www.facebook.com\/people\/Immoinvest\/100077962920504\/","twitter:card":"summary_large_image","twitter:site":"@i","twitter:title":"Perch\u00e9 il 2026 potrebbe essere l\u2019anno degli scioperi nell\u2019edilizia - immo!nvest - Die Plattform f\u00fcr Standorte und Immobilien","twitter:description":"Due mondi si scontrano nel settore edile. I lavoratori edili, che chiedono orari di lavoro favorevoli alle famiglie e una retribuzione completa dopo anni di calo dei salari reali, e i capomastri, che chiedono maggiore flessibilit\u00e0 e stabilit\u00e0 dei costi. Se non si raggiunge un nuovo accordo nazionale sul lavoro entro la fine dell'anno, c'\u00e8 la minaccia di una situazione di assenza di contratti per la prima volta in oltre un decennio e con essa uno sciopero nazionale del settore proprio all'inizio del 2026.","twitter:creator":"@i","twitter:image":"https:\/\/www.immo-invest.ch\/wp-content\/uploads\/2025\/12\/immo-invest-bauwirtschaft-trends-personen-schweiz-landesmantelvertrag-arbeitskonflikt-bauhauptgewerbe.png"},"aioseo_meta_data":{"post_id":"144892","title":null,"description":null,"keywords":null,"keyphrases":{"focus":{"keyphrase":"","score":0,"analysis":{"keyphraseInTitle":{"score":0,"maxScore":9,"error":1}}},"additional":[]},"primary_term":null,"canonical_url":null,"og_title":null,"og_description":null,"og_object_type":"default","og_image_type":"default","og_image_url":null,"og_image_width":null,"og_image_height":null,"og_image_custom_url":null,"og_image_custom_fields":null,"og_video":"","og_custom_url":null,"og_article_section":null,"og_article_tags":null,"twitter_use_og":false,"twitter_card":"default","twitter_image_type":"default","twitter_image_url":null,"twitter_image_custom_url":null,"twitter_image_custom_fields":null,"twitter_title":null,"twitter_description":null,"schema":{"blockGraphs":[],"customGraphs":[],"default":{"data":{"Article":[],"Course":[],"Dataset":[],"FAQPage":[],"Movie":[],"Person":[],"Product":[],"ProductReview":[],"Car":[],"Recipe":[],"Service":[],"SoftwareApplication":[],"WebPage":[]},"graphName":"BlogPosting","isEnabled":true},"graphs":[]},"schema_type":"default","schema_type_options":null,"pillar_content":false,"robots_default":true,"robots_noindex":false,"robots_noarchive":false,"robots_nosnippet":false,"robots_nofollow":false,"robots_noimageindex":false,"robots_noodp":false,"robots_notranslate":false,"robots_max_snippet":"-1","robots_max_videopreview":"-1","robots_max_imagepreview":"large","priority":null,"frequency":"default","local_seo":null,"breadcrumb_settings":null,"limit_modified_date":false,"ai":{"faqs":[],"keyPoints":[],"titles":[],"descriptions":[],"socialPosts":{"email":[],"linkedin":[],"twitter":[],"facebook":[],"instagram":[]}},"created":"2025-12-01 12:20:38","updated":"2025-12-02 07:15:24","seo_analyzer_scan_date":null,"focus_keyword":null,"additional_keywords":null,"truseo_locale":null},"aioseo_breadcrumb":"<div class=\"aioseo-breadcrumbs\"><span class=\"aioseo-breadcrumb\">\n\t\t\t<a href=\"https:\/\/www.immo-invest.ch\/it\/\" title=\"Home\">Home<\/a>\n\t\t<\/span><span class=\"aioseo-breadcrumb-separator\">&raquo;<\/span><span class=\"aioseo-breadcrumb\">\n\t\t\t<a href=\"https:\/\/www.immo-invest.ch\/it\/categoria\/persone-2\/\" title=\"Persone\">Persone<\/a>\n\t\t<\/span><span class=\"aioseo-breadcrumb-separator\">&raquo;<\/span><span class=\"aioseo-breadcrumb\">\n\t\t\t<a href=\"https:\/\/www.immo-invest.ch\/it\/categoria\/persone-2\/persone\/\" title=\"Persone\">Persone<\/a>\n\t\t<\/span><span class=\"aioseo-breadcrumb-separator\">&raquo;<\/span><span class=\"aioseo-breadcrumb\">\n\t\t\tPerch\u00e9 il 2026 potrebbe essere l\u2019anno degli scioperi nell\u2019edilizia\n\t\t<\/span><\/div>","aioseo_breadcrumb_json":[{"label":"Home","link":"https:\/\/www.immo-invest.ch\/it\/"},{"label":"Persone","link":"https:\/\/www.immo-invest.ch\/it\/categoria\/persone-2\/"},{"label":"Persone","link":"https:\/\/www.immo-invest.ch\/it\/categoria\/persone-2\/persone\/"},{"label":"Perch\u00e9 il 2026 potrebbe essere l&#8217;anno degli scioperi nell&#8217;edilizia","link":"https:\/\/www.immo-invest.ch\/it\/warum-2026-zum-bau-streikjahr-werden-koennte\/"}],"featured_image_src":"https:\/\/www.immo-invest.ch\/wp-content\/uploads\/2025\/12\/immo-invest-bauwirtschaft-trends-personen-schweiz-landesmantelvertrag-arbeitskonflikt-bauhauptgewerbe-336x168.png","_links":{"self":[{"href":"https:\/\/www.immo-invest.ch\/it\/wp-json\/wp\/v2\/posts\/144892","targetHints":{"allow":["GET"]}}],"collection":[{"href":"https:\/\/www.immo-invest.ch\/it\/wp-json\/wp\/v2\/posts"}],"about":[{"href":"https:\/\/www.immo-invest.ch\/it\/wp-json\/wp\/v2\/types\/post"}],"author":[{"embeddable":true,"href":"https:\/\/www.immo-invest.ch\/it\/wp-json\/wp\/v2\/users\/2"}],"replies":[{"embeddable":true,"href":"https:\/\/www.immo-invest.ch\/it\/wp-json\/wp\/v2\/comments?post=144892"}],"version-history":[{"count":0,"href":"https:\/\/www.immo-invest.ch\/it\/wp-json\/wp\/v2\/posts\/144892\/revisions"}],"wp:featuredmedia":[{"embeddable":true,"href":"https:\/\/www.immo-invest.ch\/it\/wp-json\/wp\/v2\/media\/144893"}],"wp:attachment":[{"href":"https:\/\/www.immo-invest.ch\/it\/wp-json\/wp\/v2\/media?parent=144892"}],"wp:term":[{"taxonomy":"category","embeddable":true,"href":"https:\/\/www.immo-invest.ch\/it\/wp-json\/wp\/v2\/categories?post=144892"},{"taxonomy":"post_tag","embeddable":true,"href":"https:\/\/www.immo-invest.ch\/it\/wp-json\/wp\/v2\/tags?post=144892"}],"curies":[{"name":"wp","href":"https:\/\/api.w.org\/{rel}","templated":true}]}}